{"id":35430,"date":"2020-07-20T14:07:17","date_gmt":"2020-07-20T18:07:17","guid":{"rendered":"https:\/\/martinluther.ca\/?p=35430"},"modified":"2020-11-28T15:23:00","modified_gmt":"2020-11-28T20:23:00","slug":"pilot-projekt-gottesdienst-live-online-sonntags","status":"publish","type":"post","link":"https:\/\/martinluther.ca\/de\/2020\/07\/pilot-projekt-gottesdienst-live-online-sonntags\/","title":{"rendered":"Pilot Projekt: Gottesdienst Live online, Sonntags"},"content":{"rendered":"<p><a href=\"https:\/\/martinluther.ca\/wp-content\/uploads\/2020\/07\/Live-Streaming-at-Redeemer.jpg\"><img loading=\"lazy\" decoding=\"async\" class=\"alignright size-medium wp-image-35428\" src=\"https:\/\/martinluther.ca\/wp-content\/uploads\/2020\/07\/Live-Streaming-at-Redeemer-300x225.jpg\" alt=\"\" width=\"300\" height=\"225\" srcset=\"https:\/\/martinluther.ca\/wp-content\/uploads\/2020\/07\/Live-Streaming-at-Redeemer-300x225.jpg 300w, https:\/\/martinluther.ca\/wp-content\/uploads\/2020\/07\/Live-Streaming-at-Redeemer-1024x768.jpg 1024w, https:\/\/martinluther.ca\/wp-content\/uploads\/2020\/07\/Live-Streaming-at-Redeemer-768x576.jpg 768w, https:\/\/martinluther.ca\/wp-content\/uploads\/2020\/07\/Live-Streaming-at-Redeemer.jpg 1200w\" sizes=\"auto, (max-width: 300px) 100vw, 300px\" \/><\/a>Unser Gottesdienst- und Videoteam werden unsere Sonntagsvideoandachten im August anders pr\u00e4sentieren. Wir werden von nur aufgezeichneten Videos zu Live-Streaming-Gottesdiensten \u00fcbergehen. Diese werden dann auch aufgezeichnet, sodass Sie sie sp\u00e4ter auf unserer Website und auf dem YouTube-Kanal angesehen werden k\u00f6nnen, wann immer Sie m\u00f6chten. Bitte erlauben Sie etwas Zeit, damit sie hochgeladen werden k\u00f6nnen: <a href=\"https:\/\/www.youtube.com\/channel\/UCzngK_Gp6u0gL_7sRu7bwlQ\/\" target=\"_blank\" rel=\"noopener noreferrer\">https:\/\/www.youtube.com\/channel\/UCzngK_Gp6u0gL_7sRu7bwlQ\/\u00a0<\/a><\/p>\n<p>Diese Gottesdienste werden bei Redeemer Lutheran stattfinden, w\u00e4hrend wir uns bem\u00fchen, die Martin Luther Kirche mit der Technologie auszustatten, um dann bei Bedarf in der Zukunft eingesetzt werden kann. Bitte schlie\u00dfen Sie sich vorerst unseren bekannten Vikare, Pr\u00e4dikantinnen und Freund*innen bei Redeemer &#8222;live&#8220;\u00a0 Sonntag, 2. bis 23. August, an (siehe vollst\u00e4ndigen Zeitplan unten).<\/p>\n<p>Sie k\u00f6nnen sich per <strong>Zoom<\/strong> anmelden, um die Live \u00dcbertragung in der virtuellen Gesellschaft anderer zu sehen. F\u00fcr eine bessere Erfahrung in Gemeinschaft lassen Sie Ihre Kamera eingeschaltet. Um dem Gottesdienst zuzuh\u00f6ren k\u00f6nnen Sie auch anrufen. F\u00fcr die Besprechungs-ID und das Kennwort, bitte rufen Sie im Gemeindeb\u00fcro an.<\/p>\n<p>Bitte rufen Sie im Gemeindeb\u00fcro an wenn Sie im live Gottesdienst mithelfen wollen.<\/p>\n<p>Sie k\u00f6nnen auch auf Facebook sehen <a href=\"https:\/\/www.facebook.com\/martinlutherchurchtoronto\/live\" target=\"_blank\" rel=\"noopener noreferrer\">https:\/\/www.facebook.com\/martinlutherchurchtoronto\/live\u00a0<\/a><\/p>\n<p>Wir werden unsere aufgezeichneten Andachten bis zum 26. Juli anbieten. Sie k\u00f6nnen\u00a0 bereits in der Woche vor unserem Pilotprojekt mit Redeemer feiern. Pastor Steve Hoffard wird am 26. Juli mit der Heiligen Abendmahl den Live-Stream-Dienst leiten.<\/p>\n<p><strong>Sonntag, den 26. Juli 2020<\/strong>&#8211; Predigttext: R\u00f6mer 8,26-39<br \/>\n9.30 Uhr <strong>Deutsche Radioandacht<\/strong> live auf AM 530, Vikarin Silke Fahl &amp; Iris Schweiger<br \/>\n10.00 Uhr Englischer Gottesdienst live auf Facebook und Zoom, geleitet von Pastor Steve Hoffard in der Redeemer Kirche<br \/>\n10.30 Uhr Facebook Watch Party f\u00fcr die aufgezeichnete <strong>Andacht in Englisch und in Deutsch<\/strong> geleitet von Pr\u00e4dikantin Iris Schweiger in der Martin Luther Kirche<br \/>\n11.00 Uhr MLK Zoom Kaffeestunde<\/p>\n<p><strong>Sonntag, den 2. August\u00a0 2020 <\/strong>&#8211; Predigttext: R\u00f6mer 9,1-5<br \/>\n9.30 Uhr <strong>Deutsche Radioandacht<\/strong> live auf AM 530, Vikarin Silke Fahl &amp;\u00a0Tanya Zielke<br \/>\n10.00 Uhr <strong>Englischer Gottesdienst<\/strong> <strong>live auf Zoom<\/strong> &amp; Facebook, geleitet von Vikar Jordan Smith und Pr\u00e4dikanntin Tanya Zielke in der Redeemer Kirche, anschl. MLK <strong>Zoom Kaffeestunde<\/strong><\/p>\n<p><strong>Sonntag, den 9. August 2020<\/strong>&#8211; Predigttext: R\u00f6mer 10,5-15<br \/>\n9.30 Uhr Deutsche Radioandacht live auf AM 530, Vikarin Silke Fahl<br \/>\n10.00 Uhr <strong>Englischer Gottesdienst live auf\u00a0 Zoom<\/strong> &amp; Facebook, geleitet von Vikar Jordan Smith in der Redeemer Kirche, anschl. MLK <strong>Zoom Kaffeestunde<\/strong><br \/>\n11.00 Uhr <strong>Deutscher Gottesidenst live auf\u00a0 Zoom<\/strong> &amp; Facebook, geleitet von Vikarin Silke Fahl, anschl. MLK <strong>Zoom Kaffeestunde\u00a0<\/strong><\/p>\n<p><strong>Sonntag, den 16.<\/strong> <strong>August 2020- <\/strong> Predigttext: R\u00f6mer 11,1-2a, 29-32<br \/>\n9.30 Uhr <strong>Deutsche Radioandacht<\/strong> live auf AM 530, Vikarin Silke Fahl<br \/>\n10.00 Uhr <strong>Englischer Gottesdienst live auf Zoom<\/strong> &amp; Facebook, geleitet von Vikar Adam McComb in der Redeemer Kirche<br \/>\n11.00 Uhr MLK Zoom Kaffeestunde<\/p>\n<p><strong>Sonntag, den 23. August 2020<\/strong> Predigttext: R\u00f6mer 12,1-8<br \/>\n9.30 Uhr <strong>Deutsche Radioandacht<\/strong> live auf AM 530, Vikarin Silke Fahl<br \/>\n10.00 Uhr <strong>Englischer Gottesdienst live auf Zoom<\/strong> &amp; Facebook, geleitet von Vikar Jordan Smith in der Redeemer Kirche<br \/>\n11.00 Uhr MLK Zoom Kaffeestunde<\/p>\n","protected":false},"excerpt":{"rendered":"<p>Unser Gottesdienst- und Videoteam werden unsere Sonntagsvideoandachten im August anders pr\u00e4sentieren. Wir werden von nur aufgezeichneten Videos zu Live-Streaming-Gottesdiensten \u00fcbergehen. Diese werden dann auch aufgezeichnet, sodass Sie sie sp\u00e4ter auf unserer Website und auf dem YouTube-Kanal angesehen werden k\u00f6nnen, wann immer Sie m\u00f6chten. Bitte erlauben Sie etwas Zeit, damit sie hochgeladen werden k\u00f6nnen: https:\/\/www.youtube.com\/channel\/UCzngK_Gp6u0gL_7sRu7bwlQ\/\u00a0 Diese&hellip;<\/p>\n","protected":false},"author":8,"featured_media":35428,"comment_status":"closed","ping_status":"closed","sticky":false,"template":"","format":"standard","meta":{"footnotes":""},"categories":[69],"tags":[],"post_series":[],"class_list":["post-35430","post","type-post","status-publish","format-standard","has-post-thumbnail","hentry","category-news-blog-german","entry","has-media"],"yoast_head":"<!-- This site is optimized with the Yoast SEO plugin v27.5 - https:\/\/yoast.com\/product\/yoast-seo-wordpress\/ -->\n<title>Pilot Projekt: Gottesdienst Live online, Sonntags - Martin Luther Evangelische Kirche Toronto<\/title>\n<meta name=\"robots\" content=\"index, follow, max-snippet:-1, max-image-preview:large, max-video-preview:-1\" \/>\n<link rel=\"canonical\" href=\"https:\/\/martinluther.ca\/de\/2020\/07\/pilot-projekt-gottesdienst-live-online-sonntags\/\" \/>\n<meta property=\"og:locale\" content=\"de_DE\" \/>\n<meta property=\"og:type\" content=\"article\" \/>\n<meta property=\"og:title\" content=\"Pilot Projekt: Gottesdienst Live online, Sonntags - Martin Luther Evangelische Kirche Toronto\" \/>\n<meta property=\"og:description\" content=\"Unser Gottesdienst- und Videoteam werden unsere Sonntagsvideoandachten im August anders pr\u00e4sentieren. Wir werden von nur aufgezeichneten Videos zu Live-Streaming-Gottesdiensten \u00fcbergehen. Diese werden dann auch aufgezeichnet, sodass Sie sie sp\u00e4ter auf unserer Website und auf dem YouTube-Kanal angesehen werden k\u00f6nnen, wann immer Sie m\u00f6chten. Bitte erlauben Sie etwas Zeit, damit sie hochgeladen werden k\u00f6nnen: https:\/\/www.youtube.com\/channel\/UCzngK_Gp6u0gL_7sRu7bwlQ\/\u00a0 Diese&hellip;\" \/>\n<meta property=\"og:url\" content=\"https:\/\/martinluther.ca\/de\/2020\/07\/pilot-projekt-gottesdienst-live-online-sonntags\/\" \/>\n<meta property=\"og:site_name\" content=\"Martin Luther Evangelische Kirche Toronto\" \/>\n<meta property=\"article:publisher\" content=\"https:\/\/www.facebook.com\/martinlutherchurchtoronto\" \/>\n<meta property=\"article:published_time\" content=\"2020-07-20T18:07:17+00:00\" \/>\n<meta property=\"article:modified_time\" content=\"2020-11-28T20:23:00+00:00\" \/>\n<meta property=\"og:image\" content=\"https:\/\/martinluther.ca\/wp-content\/uploads\/2020\/07\/Live-Streaming-at-Redeemer.jpg\" \/>\n\t<meta property=\"og:image:width\" content=\"1200\" \/>\n\t<meta property=\"og:image:height\" content=\"900\" \/>\n\t<meta property=\"og:image:type\" content=\"image\/jpeg\" \/>\n<meta name=\"author\" content=\"Marlena Muller\" \/>\n<meta name=\"twitter:card\" content=\"summary_large_image\" \/>\n<meta name=\"twitter:label1\" content=\"Verfasst von\" \/>\n\t<meta name=\"twitter:data1\" content=\"Marlena Muller\" \/>\n\t<meta name=\"twitter:label2\" content=\"Gesch\u00e4tzte Lesezeit\" \/>\n\t<meta name=\"twitter:data2\" content=\"2\u00a0Minuten\" \/>\n<script type=\"application\/ld+json\" class=\"yoast-schema-graph\">{\"@context\":\"https:\\\/\\\/schema.org\",\"@graph\":[{\"@type\":\"Article\",\"@id\":\"https:\\\/\\\/martinluther.ca\\\/de\\\/2020\\\/07\\\/pilot-projekt-gottesdienst-live-online-sonntags\\\/#article\",\"isPartOf\":{\"@id\":\"https:\\\/\\\/martinluther.ca\\\/de\\\/2020\\\/07\\\/pilot-projekt-gottesdienst-live-online-sonntags\\\/\"},\"author\":{\"name\":\"Marlena Muller\",\"@id\":\"https:\\\/\\\/martinluther.ca\\\/de\\\/#\\\/schema\\\/person\\\/ef4e825f5d9d6fd740bbd7813710e15d\"},\"headline\":\"Pilot Projekt: Gottesdienst Live online, Sonntags\",\"datePublished\":\"2020-07-20T18:07:17+00:00\",\"dateModified\":\"2020-11-28T20:23:00+00:00\",\"mainEntityOfPage\":{\"@id\":\"https:\\\/\\\/martinluther.ca\\\/de\\\/2020\\\/07\\\/pilot-projekt-gottesdienst-live-online-sonntags\\\/\"},\"wordCount\":492,\"publisher\":{\"@id\":\"https:\\\/\\\/martinluther.ca\\\/de\\\/#organization\"},\"image\":{\"@id\":\"https:\\\/\\\/martinluther.ca\\\/de\\\/2020\\\/07\\\/pilot-projekt-gottesdienst-live-online-sonntags\\\/#primaryimage\"},\"thumbnailUrl\":\"https:\\\/\\\/martinluther.ca\\\/wp-content\\\/uploads\\\/2020\\\/07\\\/Live-Streaming-at-Redeemer.jpg\",\"articleSection\":[\"News Blog - German\"],\"inLanguage\":\"de\"},{\"@type\":\"WebPage\",\"@id\":\"https:\\\/\\\/martinluther.ca\\\/de\\\/2020\\\/07\\\/pilot-projekt-gottesdienst-live-online-sonntags\\\/\",\"url\":\"https:\\\/\\\/martinluther.ca\\\/de\\\/2020\\\/07\\\/pilot-projekt-gottesdienst-live-online-sonntags\\\/\",\"name\":\"Pilot Projekt: Gottesdienst Live online, Sonntags - Martin Luther Evangelische Kirche Toronto\",\"isPartOf\":{\"@id\":\"https:\\\/\\\/martinluther.ca\\\/de\\\/#website\"},\"primaryImageOfPage\":{\"@id\":\"https:\\\/\\\/martinluther.ca\\\/de\\\/2020\\\/07\\\/pilot-projekt-gottesdienst-live-online-sonntags\\\/#primaryimage\"},\"image\":{\"@id\":\"https:\\\/\\\/martinluther.ca\\\/de\\\/2020\\\/07\\\/pilot-projekt-gottesdienst-live-online-sonntags\\\/#primaryimage\"},\"thumbnailUrl\":\"https:\\\/\\\/martinluther.ca\\\/wp-content\\\/uploads\\\/2020\\\/07\\\/Live-Streaming-at-Redeemer.jpg\",\"datePublished\":\"2020-07-20T18:07:17+00:00\",\"dateModified\":\"2020-11-28T20:23:00+00:00\",\"breadcrumb\":{\"@id\":\"https:\\\/\\\/martinluther.ca\\\/de\\\/2020\\\/07\\\/pilot-projekt-gottesdienst-live-online-sonntags\\\/#breadcrumb\"},\"inLanguage\":\"de\",\"potentialAction\":[{\"@type\":\"ReadAction\",\"target\":[\"https:\\\/\\\/martinluther.ca\\\/de\\\/2020\\\/07\\\/pilot-projekt-gottesdienst-live-online-sonntags\\\/\"]}]},{\"@type\":\"ImageObject\",\"inLanguage\":\"de\",\"@id\":\"https:\\\/\\\/martinluther.ca\\\/de\\\/2020\\\/07\\\/pilot-projekt-gottesdienst-live-online-sonntags\\\/#primaryimage\",\"url\":\"https:\\\/\\\/martinluther.ca\\\/wp-content\\\/uploads\\\/2020\\\/07\\\/Live-Streaming-at-Redeemer.jpg\",\"contentUrl\":\"https:\\\/\\\/martinluther.ca\\\/wp-content\\\/uploads\\\/2020\\\/07\\\/Live-Streaming-at-Redeemer.jpg\",\"width\":1200,\"height\":900},{\"@type\":\"BreadcrumbList\",\"@id\":\"https:\\\/\\\/martinluther.ca\\\/de\\\/2020\\\/07\\\/pilot-projekt-gottesdienst-live-online-sonntags\\\/#breadcrumb\",\"itemListElement\":[{\"@type\":\"ListItem\",\"position\":1,\"name\":\"Home\",\"item\":\"https:\\\/\\\/martinluther.ca\\\/de\\\/\"},{\"@type\":\"ListItem\",\"position\":2,\"name\":\"Pilot Projekt: Gottesdienst Live online, Sonntags\"}]},{\"@type\":\"WebSite\",\"@id\":\"https:\\\/\\\/martinluther.ca\\\/de\\\/#website\",\"url\":\"https:\\\/\\\/martinluther.ca\\\/de\\\/\",\"name\":\"Martin Luther Evangelical Church Toronto\",\"description\":\"Deutsch &amp; Englisch\",\"publisher\":{\"@id\":\"https:\\\/\\\/martinluther.ca\\\/de\\\/#organization\"},\"potentialAction\":[{\"@type\":\"SearchAction\",\"target\":{\"@type\":\"EntryPoint\",\"urlTemplate\":\"https:\\\/\\\/martinluther.ca\\\/de\\\/?s={search_term_string}\"},\"query-input\":{\"@type\":\"PropertyValueSpecification\",\"valueRequired\":true,\"valueName\":\"search_term_string\"}}],\"inLanguage\":\"de\"},{\"@type\":\"Organization\",\"@id\":\"https:\\\/\\\/martinluther.ca\\\/de\\\/#organization\",\"name\":\"Martin Luther Evangelical Church Toronto\",\"url\":\"https:\\\/\\\/martinluther.ca\\\/de\\\/\",\"logo\":{\"@type\":\"ImageObject\",\"inLanguage\":\"de\",\"@id\":\"https:\\\/\\\/martinluther.ca\\\/de\\\/#\\\/schema\\\/logo\\\/image\\\/\",\"url\":\"https:\\\/\\\/martinluther.ca\\\/wp-content\\\/uploads\\\/2016\\\/12\\\/ml-logo-300.png\",\"contentUrl\":\"https:\\\/\\\/martinluther.ca\\\/wp-content\\\/uploads\\\/2016\\\/12\\\/ml-logo-300.png\",\"width\":300,\"height\":150,\"caption\":\"Martin Luther Evangelical Church Toronto\"},\"image\":{\"@id\":\"https:\\\/\\\/martinluther.ca\\\/de\\\/#\\\/schema\\\/logo\\\/image\\\/\"},\"sameAs\":[\"https:\\\/\\\/www.facebook.com\\\/martinlutherchurchtoronto\",\"https:\\\/\\\/www.instagram.com\\\/lutheransbythelake\\\/\",\"https:\\\/\\\/www.youtube.com\\\/MartinLutherChurchToronto\"]},{\"@type\":\"Person\",\"@id\":\"https:\\\/\\\/martinluther.ca\\\/de\\\/#\\\/schema\\\/person\\\/ef4e825f5d9d6fd740bbd7813710e15d\",\"name\":\"Marlena Muller\",\"image\":{\"@type\":\"ImageObject\",\"inLanguage\":\"de\",\"@id\":\"https:\\\/\\\/secure.gravatar.com\\\/avatar\\\/fe840ff753768b839caa2dd522d4797f19f7e22fa2da83388e0fbfc570b65a37?s=96&d=mm&r=g\",\"url\":\"https:\\\/\\\/secure.gravatar.com\\\/avatar\\\/fe840ff753768b839caa2dd522d4797f19f7e22fa2da83388e0fbfc570b65a37?s=96&d=mm&r=g\",\"contentUrl\":\"https:\\\/\\\/secure.gravatar.com\\\/avatar\\\/fe840ff753768b839caa2dd522d4797f19f7e22fa2da83388e0fbfc570b65a37?s=96&d=mm&r=g\",\"caption\":\"Marlena Muller\"},\"url\":false}]}<\/script>\n<!-- \/ Yoast SEO plugin. -->","yoast_head_json":{"title":"Pilot Projekt: Gottesdienst Live online, Sonntags - Martin Luther Evangelische Kirche Toronto","robots":{"index":"index","follow":"follow","max-snippet":"max-snippet:-1","max-image-preview":"max-image-preview:large","max-video-preview":"max-video-preview:-1"},"canonical":"https:\/\/martinluther.ca\/de\/2020\/07\/pilot-projekt-gottesdienst-live-online-sonntags\/","og_locale":"de_DE","og_type":"article","og_title":"Pilot Projekt: Gottesdienst Live online, Sonntags - Martin Luther Evangelische Kirche Toronto","og_description":"Unser Gottesdienst- und Videoteam werden unsere Sonntagsvideoandachten im August anders pr\u00e4sentieren. Wir werden von nur aufgezeichneten Videos zu Live-Streaming-Gottesdiensten \u00fcbergehen. Diese werden dann auch aufgezeichnet, sodass Sie sie sp\u00e4ter auf unserer Website und auf dem YouTube-Kanal angesehen werden k\u00f6nnen, wann immer Sie m\u00f6chten. Bitte erlauben Sie etwas Zeit, damit sie hochgeladen werden k\u00f6nnen: https:\/\/www.youtube.com\/channel\/UCzngK_Gp6u0gL_7sRu7bwlQ\/\u00a0 Diese&hellip;","og_url":"https:\/\/martinluther.ca\/de\/2020\/07\/pilot-projekt-gottesdienst-live-online-sonntags\/","og_site_name":"Martin Luther Evangelische Kirche Toronto","article_publisher":"https:\/\/www.facebook.com\/martinlutherchurchtoronto","article_published_time":"2020-07-20T18:07:17+00:00","article_modified_time":"2020-11-28T20:23:00+00:00","og_image":[{"width":1200,"height":900,"url":"https:\/\/martinluther.ca\/wp-content\/uploads\/2020\/07\/Live-Streaming-at-Redeemer.jpg","type":"image\/jpeg"}],"author":"Marlena Muller","twitter_card":"summary_large_image","twitter_misc":{"Verfasst von":"Marlena Muller","Gesch\u00e4tzte Lesezeit":"2\u00a0Minuten"},"schema":{"@context":"https:\/\/schema.org","@graph":[{"@type":"Article","@id":"https:\/\/martinluther.ca\/de\/2020\/07\/pilot-projekt-gottesdienst-live-online-sonntags\/#article","isPartOf":{"@id":"https:\/\/martinluther.ca\/de\/2020\/07\/pilot-projekt-gottesdienst-live-online-sonntags\/"},"author":{"name":"Marlena Muller","@id":"https:\/\/martinluther.ca\/de\/#\/schema\/person\/ef4e825f5d9d6fd740bbd7813710e15d"},"headline":"Pilot Projekt: Gottesdienst Live online, Sonntags","datePublished":"2020-07-20T18:07:17+00:00","dateModified":"2020-11-28T20:23:00+00:00","mainEntityOfPage":{"@id":"https:\/\/martinluther.ca\/de\/2020\/07\/pilot-projekt-gottesdienst-live-online-sonntags\/"},"wordCount":492,"publisher":{"@id":"https:\/\/martinluther.ca\/de\/#organization"},"image":{"@id":"https:\/\/martinluther.ca\/de\/2020\/07\/pilot-projekt-gottesdienst-live-online-sonntags\/#primaryimage"},"thumbnailUrl":"https:\/\/martinluther.ca\/wp-content\/uploads\/2020\/07\/Live-Streaming-at-Redeemer.jpg","articleSection":["News Blog - German"],"inLanguage":"de"},{"@type":"WebPage","@id":"https:\/\/martinluther.ca\/de\/2020\/07\/pilot-projekt-gottesdienst-live-online-sonntags\/","url":"https:\/\/martinluther.ca\/de\/2020\/07\/pilot-projekt-gottesdienst-live-online-sonntags\/","name":"Pilot Projekt: Gottesdienst Live online, Sonntags - Martin Luther Evangelische Kirche Toronto","isPartOf":{"@id":"https:\/\/martinluther.ca\/de\/#website"},"primaryImageOfPage":{"@id":"https:\/\/martinluther.ca\/de\/2020\/07\/pilot-projekt-gottesdienst-live-online-sonntags\/#primaryimage"},"image":{"@id":"https:\/\/martinluther.ca\/de\/2020\/07\/pilot-projekt-gottesdienst-live-online-sonntags\/#primaryimage"},"thumbnailUrl":"https:\/\/martinluther.ca\/wp-content\/uploads\/2020\/07\/Live-Streaming-at-Redeemer.jpg","datePublished":"2020-07-20T18:07:17+00:00","dateModified":"2020-11-28T20:23:00+00:00","breadcrumb":{"@id":"https:\/\/martinluther.ca\/de\/2020\/07\/pilot-projekt-gottesdienst-live-online-sonntags\/#breadcrumb"},"inLanguage":"de","potentialAction":[{"@type":"ReadAction","target":["https:\/\/martinluther.ca\/de\/2020\/07\/pilot-projekt-gottesdienst-live-online-sonntags\/"]}]},{"@type":"ImageObject","inLanguage":"de","@id":"https:\/\/martinluther.ca\/de\/2020\/07\/pilot-projekt-gottesdienst-live-online-sonntags\/#primaryimage","url":"https:\/\/martinluther.ca\/wp-content\/uploads\/2020\/07\/Live-Streaming-at-Redeemer.jpg","contentUrl":"https:\/\/martinluther.ca\/wp-content\/uploads\/2020\/07\/Live-Streaming-at-Redeemer.jpg","width":1200,"height":900},{"@type":"BreadcrumbList","@id":"https:\/\/martinluther.ca\/de\/2020\/07\/pilot-projekt-gottesdienst-live-online-sonntags\/#breadcrumb","itemListElement":[{"@type":"ListItem","position":1,"name":"Home","item":"https:\/\/martinluther.ca\/de\/"},{"@type":"ListItem","position":2,"name":"Pilot Projekt: Gottesdienst Live online, Sonntags"}]},{"@type":"WebSite","@id":"https:\/\/martinluther.ca\/de\/#website","url":"https:\/\/martinluther.ca\/de\/","name":"Martin Luther Evangelical Church Toronto","description":"Deutsch &amp; Englisch","publisher":{"@id":"https:\/\/martinluther.ca\/de\/#organization"},"potentialAction":[{"@type":"SearchAction","target":{"@type":"EntryPoint","urlTemplate":"https:\/\/martinluther.ca\/de\/?s={search_term_string}"},"query-input":{"@type":"PropertyValueSpecification","valueRequired":true,"valueName":"search_term_string"}}],"inLanguage":"de"},{"@type":"Organization","@id":"https:\/\/martinluther.ca\/de\/#organization","name":"Martin Luther Evangelical Church Toronto","url":"https:\/\/martinluther.ca\/de\/","logo":{"@type":"ImageObject","inLanguage":"de","@id":"https:\/\/martinluther.ca\/de\/#\/schema\/logo\/image\/","url":"https:\/\/martinluther.ca\/wp-content\/uploads\/2016\/12\/ml-logo-300.png","contentUrl":"https:\/\/martinluther.ca\/wp-content\/uploads\/2016\/12\/ml-logo-300.png","width":300,"height":150,"caption":"Martin Luther Evangelical Church Toronto"},"image":{"@id":"https:\/\/martinluther.ca\/de\/#\/schema\/logo\/image\/"},"sameAs":["https:\/\/www.facebook.com\/martinlutherchurchtoronto","https:\/\/www.instagram.com\/lutheransbythelake\/","https:\/\/www.youtube.com\/MartinLutherChurchToronto"]},{"@type":"Person","@id":"https:\/\/martinluther.ca\/de\/#\/schema\/person\/ef4e825f5d9d6fd740bbd7813710e15d","name":"Marlena Muller","image":{"@type":"ImageObject","inLanguage":"de","@id":"https:\/\/secure.gravatar.com\/avatar\/fe840ff753768b839caa2dd522d4797f19f7e22fa2da83388e0fbfc570b65a37?s=96&d=mm&r=g","url":"https:\/\/secure.gravatar.com\/avatar\/fe840ff753768b839caa2dd522d4797f19f7e22fa2da83388e0fbfc570b65a37?s=96&d=mm&r=g","contentUrl":"https:\/\/secure.gravatar.com\/avatar\/fe840ff753768b839caa2dd522d4797f19f7e22fa2da83388e0fbfc570b65a37?s=96&d=mm&r=g","caption":"Marlena Muller"},"url":false}]}},"_links":{"self":[{"href":"https:\/\/martinluther.ca\/de\/wp-json\/wp\/v2\/posts\/35430","targetHints":{"allow":["GET"]}}],"collection":[{"href":"https:\/\/martinluther.ca\/de\/wp-json\/wp\/v2\/posts"}],"about":[{"href":"https:\/\/martinluther.ca\/de\/wp-json\/wp\/v2\/types\/post"}],"author":[{"embeddable":true,"href":"https:\/\/martinluther.ca\/de\/wp-json\/wp\/v2\/users\/8"}],"replies":[{"embeddable":true,"href":"https:\/\/martinluther.ca\/de\/wp-json\/wp\/v2\/comments?post=35430"}],"version-history":[{"count":10,"href":"https:\/\/martinluther.ca\/de\/wp-json\/wp\/v2\/posts\/35430\/revisions"}],"predecessor-version":[{"id":36816,"href":"https:\/\/martinluther.ca\/de\/wp-json\/wp\/v2\/posts\/35430\/revisions\/36816"}],"wp:featuredmedia":[{"embeddable":true,"href":"https:\/\/martinluther.ca\/de\/wp-json\/wp\/v2\/media\/35428"}],"wp:attachment":[{"href":"https:\/\/martinluther.ca\/de\/wp-json\/wp\/v2\/media?parent=35430"}],"wp:term":[{"taxonomy":"category","embeddable":true,"href":"https:\/\/martinluther.ca\/de\/wp-json\/wp\/v2\/categories?post=35430"},{"taxonomy":"post_tag","embeddable":true,"href":"https:\/\/martinluther.ca\/de\/wp-json\/wp\/v2\/tags?post=35430"},{"taxonomy":"post_series","embeddable":true,"href":"https:\/\/martinluther.ca\/de\/wp-json\/wp\/v2\/post_series?post=35430"}],"curies":[{"name":"wp","href":"https:\/\/api.w.org\/{rel}","templated":true}]}}