{"id":35455,"date":"2020-12-18T16:40:08","date_gmt":"2020-12-18T21:40:08","guid":{"rendered":"https:\/\/martinluther.ca\/?p=35455"},"modified":"2023-12-08T14:04:29","modified_gmt":"2023-12-08T19:04:29","slug":"wir-blicken-zurueck-und-streben-die-gelbe-phase-an","status":"publish","type":"post","link":"https:\/\/martinluther.ca\/de\/2020\/12\/wir-blicken-zurueck-und-streben-die-gelbe-phase-an\/","title":{"rendered":"Wir blicken zur\u00fcck und streben die gelbe Phase an"},"content":{"rendered":"<p><strong>Update:\u00a0<\/strong>Seit <strong>Sonntag dem 15. November 2020<\/strong>\u00a0halten wir wieder, gem\u00e4\u00df der Empfehlung des \u00f6ffentlichen Gesundheitswesens und unseres Bischofsb\u00fcros, bis auf weiteres unsere <strong>Gottesdienste online <\/strong>auf unseren YouTube channel. Der Kirchenvorstand wird die Situation im Auge behalten und neu bewerten, sobald weitere Informationen verf\u00fcgbar sind.<\/p>\n<p>Wir feiern <strong>Advent<\/strong> ab Sonntag den 29. November 2020. Unser Adventskranz wird wie immer \u00fcber den Altar beleuchtet.<\/p>\n<p><strong><a href=\"https:\/\/martinluther.ca\/wp-content\/uploads\/2020\/11\/Birthday-Cake-by-Richard-Burlton-on-Unsplash-1.jpg\"><img loading=\"lazy\" decoding=\"async\" class=\"alignright size-medium wp-image-36733\" src=\"https:\/\/martinluther.ca\/wp-content\/uploads\/2020\/11\/Birthday-Cake-by-Richard-Burlton-on-Unsplash-1-300x225.jpg\" alt=\"\" width=\"300\" height=\"225\" srcset=\"https:\/\/martinluther.ca\/wp-content\/uploads\/2020\/11\/Birthday-Cake-by-Richard-Burlton-on-Unsplash-1-300x225.jpg 300w, https:\/\/martinluther.ca\/wp-content\/uploads\/2020\/11\/Birthday-Cake-by-Richard-Burlton-on-Unsplash-1-1024x768.jpg 1024w, https:\/\/martinluther.ca\/wp-content\/uploads\/2020\/11\/Birthday-Cake-by-Richard-Burlton-on-Unsplash-1-768x576.jpg 768w, https:\/\/martinluther.ca\/wp-content\/uploads\/2020\/11\/Birthday-Cake-by-Richard-Burlton-on-Unsplash-1.jpg 1331w\" sizes=\"auto, (max-width: 300px) 100vw, 300px\" \/><\/a>29. November 2020 \u2013 1. Adventssonntag:<\/strong> 11:00 Uhr Englisch-Deutscher Gottesdienst online<br \/>\nWir feiern 65 Jahre Martin-Luther-Kirche (27. November 1955) und segnen unsere Freiwillige.<\/p>\n<p>Wir danken auch unserem Tech-Team \u2014Alex, Andy, Augustine, Ida, Peter u. Sonja\u2014 f\u00fcr seine Arbeit, jeden Sonntag den jeweiligen Gottesdienst aufzuzeichnen und online zur Verf\u00fcgung zu stellen.<\/p>\n<p>Gelegentlich gibt es jedoch mal eine Panne \u2014wie ausgerechnet an dem 65. Jubil\u00e4um der Martin Luther Kirche \u2014 als das Live-Streaming nicht geklappt hat.<\/p>\n<p>Provisorisch wurden Video-Botschaften von Vikarin Silke Fahl und Kirchenvorstandsvorsitzende Iris Schweiger sowie Ehepaar Brittain hochgeladen; ebenfalls eine Entpflichtung und Danksagung an vier freiwillige Mitarbeiterinnen: Jocelyn, Patricia, Solveig u. Tanya! Und auch noch die Predigt von Vikarin Fahl bei unseren <a href=\"https:\/\/www.youtube.com\/playlist?list=PLIjEQnirqCMM2QnkMyEtUTpEOiYUrFmlL\" target=\"_blank\" rel=\"noopener noreferrer\">YouTube-Kanal<\/a>.<\/p>\n<p><iframe loading=\"lazy\" src=\"https:\/\/www.youtube.com\/embed\/playlist?list=PLIjEQnirqCMM2QnkMyEtUTpEOiYUrFmlL\" width=\"300\" height=\"169\" frameborder=\" allowfullscreen=\" allowfullscreen=\"allowfullscreen\"><span data-mce-type=\"bookmark\" style=\"display: inline-block; width: 0px; overflow: hidden; line-height: 0;\" class=\"mce_SELRES_start\">\ufeff<\/span><span data-mce-type=\"bookmark\" style=\"display: inline-block; width: 0px; overflow: hidden; line-height: 0;\" class=\"mce_SELRES_start\">\ufeff<\/span><\/iframe><\/p>\n<p>Wir bitten nochmals um Ihr Verst\u00e4ndnis und danken dem TechTeam f\u00fcr seine M\u00fche. Wir gehen davon aus dass zum 2. Advent, am kommenden Sonntag die technischen Probleme behoben sein werden, sodass der Gottesdienst ab 11.00 Uhr live \u00fcbertragen werden kann.<\/p>\n<p><strong><img loading=\"lazy\" decoding=\"async\" class=\"alignright size-medium wp-image-36765\" src=\"https:\/\/martinluther.ca\/wp-content\/uploads\/2020\/11\/2020-Advent-Wreath-Hanging-in-Altar-website-225x300.jpg\" alt=\"2020 Advent Wreath Hanging in Altar room\" width=\"225\" height=\"300\" srcset=\"https:\/\/martinluther.ca\/wp-content\/uploads\/2020\/11\/2020-Advent-Wreath-Hanging-in-Altar-website-225x300.jpg 225w, https:\/\/martinluther.ca\/wp-content\/uploads\/2020\/11\/2020-Advent-Wreath-Hanging-in-Altar-website-768x1023.jpg 768w, https:\/\/martinluther.ca\/wp-content\/uploads\/2020\/11\/2020-Advent-Wreath-Hanging-in-Altar-website.jpg 971w\" sizes=\"auto, (max-width: 225px) 100vw, 225px\" \/>6. Dezember 2020 \u2013 2. Adventssonntag:<\/strong> 11:00 Uhr englischer Gottesdienst online geleitet von Vicar Adam McComb.<\/p>\n<p><strong>13. Dezember 2020 \u2013 3. Adventssonntag:<\/strong> 11:00 Uhr Englisch-Deutscher Gottesdienst online geleitet von Vikarin Silke Fahl.<\/p>\n<p><strong>20. Dezember 2020 \u2013 4. Adventssonntag:<\/strong> 11:00 Uhr Deutscher Gottesdienst online, letzer Gottesdienst geleitet von Vikarin Silke Fahl<br \/>\n19:00 Uhr Englischer Candlelight-Service im Freien mit Abschied von Vikarin Silke Fahl (nur f\u00fcr geladene G\u00e4ste)<\/p>\n<p><strong>24. Dezember 2020 &#8211; Heiligabend:<br \/>\n<\/strong>16.30 Uhr Deutscher Gottesdienst online<br \/>\n18.00 Uhr Englischer Gottesdienst online<\/p>\n<p><strong>25. Dezember 2020 &#8211; Christfest:\u00a0<\/strong>11.00 Uhr English-Deutscher Gottesdienst online<\/p>\n<p><img loading=\"lazy\" decoding=\"async\" class=\"alignright size-medium wp-image-34338\" src=\"https:\/\/martinluther.ca\/wp-content\/uploads\/2020\/04\/2020-04-19_SundayZoomCoffeeTime-300x175.jpg\" alt=\"Zoom coffee hour\" width=\"300\" height=\"175\" srcset=\"https:\/\/martinluther.ca\/wp-content\/uploads\/2020\/04\/2020-04-19_SundayZoomCoffeeTime-300x175.jpg 300w, https:\/\/martinluther.ca\/wp-content\/uploads\/2020\/04\/2020-04-19_SundayZoomCoffeeTime-1024x598.jpg 1024w, https:\/\/martinluther.ca\/wp-content\/uploads\/2020\/04\/2020-04-19_SundayZoomCoffeeTime-768x448.jpg 768w, https:\/\/martinluther.ca\/wp-content\/uploads\/2020\/04\/2020-04-19_SundayZoomCoffeeTime.jpg 1155w\" sizes=\"auto, (max-width: 300px) 100vw, 300px\" \/>Bitte besuchen Sie uns zu unserer virtuellen Kaffeestunde am Zoom, <strong>sonntags gegen 11:30 Uhr direkt nach dem Gottesdienst<\/strong>. Verbringen Sie Zeit miteinander unter Freunden der Martin Luther Church in Toronto. Alles, was Sie zum Verbinden ben\u00f6tigen, ist ein Mobiltelefon oder ein Tablet \/ Laptop \/ Computer \/ iPad.<\/p>\n<p>Sie k\u00f6nnen sich f\u00fcr Online-Meetings auf Eventbrite unter <a href=\"http:\/\/www.tiny.cc\/MartinLutherRegister\" target=\"_blank\" rel=\"noopener noreferrer\">www.tiny.cc\/MartinLutherRegister<\/a> anmelden. Sobald Sie sich registriert haben, erhalten Sie per E-Mail einen Zoom-Link. Sie k\u00f6nnen die Zoom Links auch erhalten, indem Sie eine E-Mail an unser Kirchenb\u00fcro senden und die Aufnahme in unsere w\u00f6chentliche E-Mail-Verteilungs-Mailingliste beantragen.<\/p>\n<p>Unsere Zoom Sunday Coffee Hour wurde am 19. April 2020 gestartet, aber im Sommer \/ Herbst vor\u00fcbergehend geschlossen. Wir bieten es gerne wieder an!<\/p>\n<p>Die Martin-Luther-Kirche sch\u00e4tzt die Sicherheit unserer virtuellen Besprechungsteilnehmer. Ihr Sound und Video werden bei der Eingabe ausgeschaltet. Bitte halten Sie Ihren Sound stumm, bis der Gastgeber Sie zur Teilnahme einl\u00e4dt. \u00dcberpr\u00fcfen Sie den Chat-Bereich auf Besprechungsanweisungen und Hilfe bei technischen Problemen.<\/p>\n<p>***********************************<\/p>\n<p><strong>Neuigkeiten vom 29. Oktober 2020<\/strong><br \/>\n<strong><a href=\"https:\/\/martinluther.ca\/wp-content\/uploads\/2020\/08\/Service-in-the-Sanctuary.jpg\"><img loading=\"lazy\" decoding=\"async\" class=\"alignright size-medium wp-image-36060\" src=\"https:\/\/martinluther.ca\/wp-content\/uploads\/2020\/08\/Service-in-the-Sanctuary-300x225.jpg\" alt=\"\" width=\"300\" height=\"225\" srcset=\"https:\/\/martinluther.ca\/wp-content\/uploads\/2020\/08\/Service-in-the-Sanctuary-300x225.jpg 300w, https:\/\/martinluther.ca\/wp-content\/uploads\/2020\/08\/Service-in-the-Sanctuary-1024x768.jpg 1024w, https:\/\/martinluther.ca\/wp-content\/uploads\/2020\/08\/Service-in-the-Sanctuary-768x576.jpg 768w, https:\/\/martinluther.ca\/wp-content\/uploads\/2020\/08\/Service-in-the-Sanctuary.jpg 1440w\" sizes=\"auto, (max-width: 300px) 100vw, 300px\" \/><\/a><\/strong><br \/>\nWir haben uns entschlossen wie in den letzten zwei Monaten, <strong>sonntags um 11:00 Uhr einen pers\u00f6nlichen und online Gottesdienst<\/strong> anzubieten, sofern sich die Vorschriften nicht \u00e4ndern und solange wir \u00fcber die Freiwilligen und Ressourcen verf\u00fcgen. Wir sind dankbar f\u00fcr die Arbeit der MLC-Task Force zur Wiederer\u00f6ffnung (Ariane, Andrea, Andrew, Tanya, Marlena, Vikar Silke) und entbinden sie von ihrer Rolle.<\/p>\n<p>Wir konzentrieren uns jetzt darauf, Gottesdienste trotz der anhaltenden Pandemie sinnvoll zu gestalten. Bitte geben Sie uns weiterhin Ihr Feedback. <strong>Wie, wann und wo feirern Sie, feierst du Gottesdienst und betest als Teil der Martin Luther Kirche?<\/strong><\/p>\n<p><strong>8. November 2020, 24. Sonntag nach Pfingsten: <\/strong>11.00 Uhr Englischer Gottesdienst<\/p>\n<p><strong>15. November 2020, 25. Sonntag nach Pfingsten: <\/strong>11.00 Uhr Gemeinsamer Gottesdienst mit Segen f\u00fcr unsere Freilige<\/p>\n<p><strong>22. November 2020, Christk\u00f6nigssonntag : <\/strong>11.00 Uhr Deutscher Gottesdienst<\/p>\n<p><strong>29. November 2020, 1. Advent: <\/strong>11.00 Gemeinsamer Gottesdienst mit 65. Jubil\u00e4um der Martin Luther Kirche<\/p>\n<p>In Zusammenarbeit mit unseren Vikaren, Pastor Hille, Marlena und unseren Partnerkirchen und -organisationen haben wir vorl\u00e4ufige Ideen entwickelt, wie die <strong>Advents- und Weihnachtszeit<\/strong> w\u00e4hrend dieser Pandemie festlich und besonders gestaltet werden kann.<\/p>\n<p>**********************************<\/p>\n<p><strong>Neuigkeiten vom 25. September:<\/strong><\/p>\n<p><img loading=\"lazy\" decoding=\"async\" class=\"alignright size-medium wp-image-36066\" src=\"https:\/\/martinluther.ca\/wp-content\/uploads\/2020\/08\/Reopening-Team-homepage-300x232.jpg\" alt=\"\" width=\"300\" height=\"232\" srcset=\"https:\/\/martinluther.ca\/wp-content\/uploads\/2020\/08\/Reopening-Team-homepage-300x232.jpg 300w, https:\/\/martinluther.ca\/wp-content\/uploads\/2020\/08\/Reopening-Team-homepage-1024x793.jpg 1024w, https:\/\/martinluther.ca\/wp-content\/uploads\/2020\/08\/Reopening-Team-homepage-768x595.jpg 768w, https:\/\/martinluther.ca\/wp-content\/uploads\/2020\/08\/Reopening-Team-homepage.jpg 1065w\" sizes=\"auto, (max-width: 300px) 100vw, 300px\" \/><\/p>\n<p>Wir freuen uns Ihnen mitteilen zu k\u00f6nnen, dass wir unsere Martin Luther Kirche wieder f\u00fcr Gottesdienste \u00f6ffnen werden. Um alle Gottesdienstbesuchenden und Ehrenamtlichen zu sch\u00fctzen, \u00f6ffnen wir mit weniger Gottesdiensten, einer begrenzten Zahl an Personen im Kirchengeb\u00e4ude, so wie einem ver\u00e4nderte<\/p>\n<p>n Gottesdienstraum und Ablauf. Das bedeutet das wir vorerst nur <strong>einen Gottesdienst pro Sonntag<\/strong> anbieten werden. Dieser Gottesdienst wird jeweils <strong>um 11.00 Uhr<\/strong> stattfinden. Sie k\u00f6nnen auch die Sonntagsvideogottesdienste als live stream und dann als Aufnahme auf <a href=\"https:\/\/www.youtube.com\/MartinLutherChurchToronto\" target=\"_blank\" rel=\"noopener\">https:\/\/www.youtube.com\/MartinLutherChurchToronto<\/a>\u00a0sehen.<\/p>\n<p>Jetzt wo wir unsere T\u00fcren wieder \u00f6ffnen, werden wir daran erin<\/p>\n<p>nert, dass Gottesdienste das Herz unseres Handelns sind. Wir sind sehr gesegnet, dass die Martin Luther Kirche \u00fcber unsere Mauern hinausgeht. Wenn Sie in der Lage sind, die Kirche zu besuchen, sch\u00e4tzen wir Ihre Offenheit, zu lernen und sich an die Ver\u00e4nderungen in unserem Gottesdienstraum und -prozess anzupassen. Wenn Sie weiterhin<\/p>\n<p>von zu Hause aus an Gottesdiensten und Programmen teilnehmen, wissen Sie bitte, dass Sie Teil einer voll funktionsf\u00e4higen Kirche sind.<\/p>\n<p>Wir haben die folgende Informationen f\u00fcr Sie zusammengestellt, um Ihnen bei der Vorbereitung auf die Wiederaufnahme von Gottesdiensten im Kirchengeb\u00e4ude zu helfen.<\/p>\n<p><strong>\u201eDie R\u00fcckkehr zur Kirche\u201c Flyer<\/strong> (im Bild\/ <a href=\"https:\/\/martinluther.ca\/wp-content\/uploads\/2020\/08\/MLC-Reopening-for-Worship-Flyer-German.pdf\" target=\"_blank\" rel=\"noopener noreferrer\">PDF<\/a>)<\/p>\n<p><strong>Anmeldung f\u00fcr Gottesdienste w\u00e4hrend COVID-19<\/strong><br \/>\nDa die Anzahl der Teilnehmende an Gottesdiensten im Kirchengeb\u00e4ude begrenzt ist, bitten wir Sie darum sich <strong>bis 17:00Uhr (5pm) am Donnerstag vor dem jeweiligen Gottesdienst<\/strong> anzumelden. Dies k\u00f6nnen Sie entweder \u00fcber Eventbrite tun oder indem Sie sich im Kirchenb\u00fcro melden.<br \/>\n<strong>Eventbrite Anmeldung: <a href=\"http:\/\/tiny.cc\/MartinLutherRegister\" target=\"_blank\" rel=\"noopener noreferrer\">http:\/\/tiny.cc\/MartinLutherRegister<\/a> <\/strong><\/p>\n<p><strong>Ehrenamtlichen Mitarbeit w\u00e4hrend der Gottesdienste<\/strong><br \/>\nK\u00f6nnen Sie uns mit den zus\u00e4tzlichen Aufgaben in der Martin Luther Kirche helfen, um die Gottesdienstbesuche w\u00e4hrend COVID-19 sicher zu machen? Gottesdienstbesuchende begr\u00fc\u00dfen und screenen, um sicherzustellen, dass sie das Geb\u00e4ude sicher betreten k\u00f6nnen; Gottesdienstbesuchende zu ihren Pl\u00e4tzen bringen; mit dem Video helfen, damit andere den Gottesdienst zu Hause anschauen k\u00f6nnen; die Waschr\u00e4ume im Blick behalten; oder Online-Unterrichtseinheiten f\u00fcr Kindergottesdienst vorbereiten<br \/>\nBitte melden Sie sich im Kirchenb\u00fcro wenn Sie helfen wollen und k\u00f6nnen.<\/p>\n<p><strong>COVID Verzichtserkl\u00e4rung<\/strong> [waiver] (<strong>einmalig<\/strong> pro Person\/Familie auszuf\u00fcllen) <a href=\"https:\/\/martinluther.ca\/wp-content\/uploads\/2020\/08\/A1-MLC-COVID-Waiver-1-page.pdf\" target=\"_blank\" rel=\"noopener noreferrer\">[PDF]<\/a>)<br \/>\nBitte f\u00fcllen Sie die Verzichtserkl\u00e4rung aus, scannen sie und schicken sie per E-Mail ins Kirchenb\u00fcro oder bringen Sie die Verzichtserkl\u00e4rung bei Ihrem ersten Gottesdienstbesuch mit.<\/p>\n<p><strong>Fragebogen zum COVID-19 Selbst-Screening von Toronto Public Health<\/strong> <a href=\"https:\/\/martinluther.ca\/wp-content\/uploads\/2020\/07\/Toronto-Public-Health-Screening-poster-retail-entrance.pdf\" target=\"_blank\" rel=\"noopener noreferrer\">[PDF]<\/a>)<br \/>\nBitte sehen Sie diesen Fragebogen vor <strong>jedem<\/strong> Kirchgang durch und best\u00e4tigen Sie unseren ehrenamtlichen Mitarbeitenden, dass Sie das Geb\u00e4ude betreten d\u00fcrfen.<\/p>\n<p><a href=\"https:\/\/martinluther.ca\/wp-content\/uploads\/2020\/08\/MLC-Physical-Distance-Poster_4MartinLuthers_German-1.jpg\"><img loading=\"lazy\" decoding=\"async\" class=\"alignright size-medium wp-image-35811\" src=\"https:\/\/martinluther.ca\/wp-content\/uploads\/2020\/08\/MLC-Physical-Distance-Poster_4MartinLuthers_German-1-232x300.jpg\" alt=\"\" width=\"232\" height=\"300\" srcset=\"https:\/\/martinluther.ca\/wp-content\/uploads\/2020\/08\/MLC-Physical-Distance-Poster_4MartinLuthers_German-1-232x300.jpg 232w, https:\/\/martinluther.ca\/wp-content\/uploads\/2020\/08\/MLC-Physical-Distance-Poster_4MartinLuthers_German-1-791x1024.jpg 791w, https:\/\/martinluther.ca\/wp-content\/uploads\/2020\/08\/MLC-Physical-Distance-Poster_4MartinLuthers_German-1-768x994.jpg 768w, https:\/\/martinluther.ca\/wp-content\/uploads\/2020\/08\/MLC-Physical-Distance-Poster_4MartinLuthers_German-1-1187x1536.jpg 1187w, https:\/\/martinluther.ca\/wp-content\/uploads\/2020\/08\/MLC-Physical-Distance-Poster_4MartinLuthers_German-1-1583x2048.jpg 1583w, https:\/\/martinluther.ca\/wp-content\/uploads\/2020\/08\/MLC-Physical-Distance-Poster_4MartinLuthers_German-1.jpg 1700w\" sizes=\"auto, (max-width: 232px) 100vw, 232px\" \/><\/a>Da gesellschaftliche [social] Treffen sowie food services auf Anraten von Ontarios Chief Medical Officer of Health noch nicht stattfinden d\u00fcrfen, werden wir mit unseren virtuellen Treffen fortfahren. Bitte nehmen Sie zur Kenntnis, dass unsere Kaffeestunde nicht mehr am Sonntag stattfinden wird. Stattdessen werden wir Sie mit dem bereits existierenden Coffee Talk, montagsabends von 7:00-9:00 Uhr, verbinden. Das gibt allen die m\u00f6glich nach der Teilnahme am Gottesdienst, virtuell oder in-person, zusammen zu kommen und sich zu unterhalten.<\/p>\n<p>Dies sind die geplanten Gottesdienste. Die geplanten Zeiten k\u00f6nnen sich unter Umst\u00e4nden \u00e4ndern.<\/p>\n<p><strong>13. September, 2020 -15. Sonntag nach Pfingsten:<\/strong> 11.00 Uhr Englischer Gottesdienst<br \/>\n<em>(14 Leute- 3 Gottesidenstbesucher, 8 Gottesdiensthelfer, 3 Mitarbeiter)<\/em><\/p>\n<p><strong>20. September, 2020 -16. Sonntag nach Pfingsten:<\/strong> 11.00 Uhr Deutscher Gottesdienst<br \/>\n<em>(21 Leute- 11 Gottesdienstbesucher, 8 Gottesdiensthelfer, 2 Mitarbeiter)<\/em><\/p>\n<p><strong>27. September, 2020<\/strong> &#8211;<strong>17. Sonntag nach Pfingsten<\/strong>: 11.00 Uhr Gemeinsamer Gottesdienst<\/p>\n<p><strong>04. Oktober, 2020 -Erntedank:<\/strong> 11.00 Uhr Deutscher Gottesdienst<\/p>\n<p><strong>11. Oktober, 2020 -Kanadisches Erntedank: <\/strong>11.00 Uhr Englischer Gottesdienst<\/p>\n<p><strong>18. Oktober, 2020 -20. Sonntag nach Pfingsten: <\/strong>11.00 Uhr Gemeinsamer Gottesdienst mit Konfirmation<\/p>\n<p><strong>25. Oktober, 2020 -Reformationssonntag: <\/strong>11.00 Uhr Deutscher Gottesdienst<\/p>\n<p><strong>1. November, 2020 -Allerheiligen: <\/strong>11.00 Gemeinsamer Gottesdienst mit Totengedenken<\/p>\n<p>Sie werden weitere Informationen \u00fcber zuk\u00fcnftige Gottesdienste erhalten, sobald wir ausgewertet haben, ob die uns vorgeschriebenen Abl\u00e4ufe und Bestimmungen w\u00e4hrend der ersten Gottesdienste funktioniert haben.<\/p>\n<p>Herzlichst,<br \/>\nReopening Taskforce der Martin Luther Kirche: Ariane, Silke, Andrea, Tanya, Andrew &amp; Marlena<\/p>\n<p><strong>Excerpts from Eastern Synod Bishop, Rev. Dr. Michael Pryse\u2019s Message (August 21, 2020): Entering the Amber Stage<\/strong><\/p>\n<p>I am grateful that our congregations have followed my recommendation to refrain from in-person worship experience until September 2020 at the earliest and delighted that our congregations are now in a position to consider moving from the red stage to the amber stage of the Eastern Synod\u2019s Staged Approach for the Resumption of In-Person Worship.<\/p>\n<p>I feel confident that in-person worship can now take place within synodical congregations in accordance with regional and local public health recommendations and with due consideration of the resources that have been provided by my office to help you assess your readiness to resume in-person worship\u2026<\/p>\n<p>The [Eastern Synod Task Force on the Resumption of In-Person Worship] anticipates that synodical congregations will remain in the \u201camber\u201d phase of the re-opening process for an indefinite period of time and will continue to be available to me and the synod\u2019s leadership for consultation and guidance should circumstance lead us to consider altering our recommendations concerning in-person worship in the future.<\/p>\n<p>Peace be with you!<\/p>\n<p>Bishop Michael Pryse also shares words of encouragement in a video as many congregations prepare for a fall resumption of in-person worship. The life and work of Christ\u2019s church didn\u2019t stop during this time of pandemic. <a href=\"https:\/\/youtu.be\/DUy-fUmdQWM\" target=\"_blank\" rel=\"noopener noreferrer\">https:\/\/youtu.be\/DUy-fUmdQWM<\/a><\/p>\n<p>*****************************<\/p>\n<p><strong>Neuigkeiten von 20. Juli 2020: <\/strong><\/p>\n<p><strong>Wir blicken zur\u00fcck und streben die gelbe Phase an<\/strong><\/p>\n<p>Unter normalen Umst\u00e4nden bietet die Martin-Luther-Kirche sonntags und gelegentlich unter der Woche einen Pr\u00e4senz-Gottesdienst auf Englisch und Deutsch an. Der Gottesdienst wird vom Pastor, den Vikaren oder den Laienpredigern geleitet, mit der Unterst\u00fctzung durch Linda and der Orgel \/ am Klavier, durch den Kirchenvorstand, die Altar-Gilde sowie durch Konfirmanden, Jugendliche und andere Freiwillige (z. B. Schriftleser und Chors\u00e4nger). Im Jahr 2019 betrug die durchschnittliche Teilnehmerzahl 30 in englischen Gottesdiensten, 51 in deutschen Gottesdiensten und 66 in englisch-deutschen Gottesdiensten. Wir bieten auch deutsche Radio-Andachten live auf AM 530 und auf unserer Webseite an, um ein breites Publikum zu erreichen.<\/p>\n<p><a href=\"https:\/\/martinluther.ca\/wp-content\/uploads\/2020\/07\/2020-06-14-Vicar-Silke-Behind-the-Scenes.jpg\"><img loading=\"lazy\" decoding=\"async\" class=\"alignright size-medium wp-image-35444\" src=\"https:\/\/martinluther.ca\/wp-content\/uploads\/2020\/07\/2020-06-14-Vicar-Silke-Behind-the-Scenes-300x225.jpg\" alt=\"\" width=\"300\" height=\"225\" srcset=\"https:\/\/martinluther.ca\/wp-content\/uploads\/2020\/07\/2020-06-14-Vicar-Silke-Behind-the-Scenes-300x225.jpg 300w, https:\/\/martinluther.ca\/wp-content\/uploads\/2020\/07\/2020-06-14-Vicar-Silke-Behind-the-Scenes-1024x769.jpg 1024w, https:\/\/martinluther.ca\/wp-content\/uploads\/2020\/07\/2020-06-14-Vicar-Silke-Behind-the-Scenes-768x577.jpg 768w, https:\/\/martinluther.ca\/wp-content\/uploads\/2020\/07\/2020-06-14-Vicar-Silke-Behind-the-Scenes.jpg 1292w\" sizes=\"auto, (max-width: 300px) 100vw, 300px\" \/><\/a>Seit der Schlie\u00dfung unserer Kirche f\u00fcr die \u00d6ffentlichkeit im M\u00e4rz 2020 aufgrund von COVID-19 hat die Martin-Luther-Kirche verschiedene Kommunikationswege eingesetzt, um unsere Mission, Menschen zu dienen und sie zu inspirieren, fortzusetzen. Erste Informationen \u00fcber unsere Schlie\u00dfung durch unsere Pr\u00e4sidentin gingen in englischer und deutscher Sprache per Post und Telefon an alle Mitglieder und Freunde. Das Kirchenb\u00fcro sendet regelm\u00e4\u00dfig E-Mail-Updates an ca. 300 Personen. Diese Updates sind dank unserer Web- und \u00dcbersetzungsteams auch auf unserer Webseite verf\u00fcgbar. Unser bestehendes Besuchs-Team und unser neues Corona Care Call-Team sorgen f\u00fcr eine kontinuierliche pers\u00f6nliche Note, insbesondere f\u00fcr diejenigen, die nicht auf unsere Online-Dienste zugreifen k\u00f6nnen.<\/p>\n<p>Wir bieten eine sonnt\u00e4gliche Video-Andacht auf unserer Webseite \u00fcber Youtube und Facebook an. Auf diese Weise ist es m\u00f6glich, gleichzeitig oder an einem Zeitpunkt Ihrer Wahl teilzunehmen. Die Video-Andachten werden mit Hilfe von Gemeindemitgliedern auf Englisch aufgezeichnet. Einmal im Monat gibt es eine zweisprachige Andacht. Gelegentlich nehmen wir neben der deutschen Radioandacht auch eine deutsche Predigt auf. Der YouTube-Kanal der Martin-Luther-Kirche hatte am 20. Juli 79 Abonnenten. Die letzte Predigt von Pastor Ceconi am 22. M\u00e4rz hat fast 500 Aufrufe, unser Ostergottesdienst \u00fcber 200 Aufrufe und unser Pfingstgottesdienst 135 Aufrufe. Dies entspricht der pers\u00f6nlichen Teilnahme an Gottesdiensten oder \u00fcbertrifft sie sogar.<\/p>\n<p>Wir haben unsere Andachten f\u00fcr Menschen mit H\u00f6rbehinderungen zug\u00e4nglich gemacht, indem wir Abschriften der Video- und Radio-Andachten zur Verf\u00fcgung stellen. Diese werden alle zwei Wochen an die Mitglieder der Kirche verschickt, die kein Internet haben (ca. 80 Personen). Auf diese Weise bieten wir viele M\u00f6glichkeiten zur Teilnahme an unseren Andachten w\u00e4hrend der Pandemie. Wir verwenden weiterhin verschiedene Technologien wie Zoom-Meetings und Livestreaming, um das spirituelle Leben und die Gemeinschaft in dieser Zeit der Isolation zu verbessern. Auch wenn wir die Kirche wieder \u00f6ffnen, werden wir die Dinge nicht mehr so tun wie fr\u00fcher &#8211; und einiges davon hat sich zum Besseren ver\u00e4ndert.<\/p>\n<p><strong>Warum wurde die Martin-Luther-Kirche noch nicht wieder f\u00fcr den pers\u00f6nlichen Gottesdienst ge\u00f6ffnet?<\/strong><\/p>\n<p>Es ist die starke Empfehlung des Bischofs, dass alle Gemeinden unserer Synode bis September 2020 in der ROTEN PHASE verbleiben.<\/p>\n<p><a href=\"https:\/\/martinluther.ca\/wp-content\/uploads\/2020\/07\/Eastern-Synod-Red-Stage.png\"><img loading=\"lazy\" decoding=\"async\" class=\"wp-image-35439 alignnone\" src=\"https:\/\/martinluther.ca\/wp-content\/uploads\/2020\/07\/Eastern-Synod-Red-Stage.png\" alt=\"\" width=\"600\" height=\"257\" srcset=\"https:\/\/martinluther.ca\/wp-content\/uploads\/2020\/07\/Eastern-Synod-Red-Stage.png 856w, https:\/\/martinluther.ca\/wp-content\/uploads\/2020\/07\/Eastern-Synod-Red-Stage-300x129.png 300w, https:\/\/martinluther.ca\/wp-content\/uploads\/2020\/07\/Eastern-Synod-Red-Stage-768x329.png 768w\" sizes=\"auto, (max-width: 600px) 100vw, 600px\" \/><\/a><\/p>\n<p>Unsere Synode hat erkl\u00e4rt, dass es in der Verantwortung jeder Gemeinde liegt, die Richtlinien ihrer Provinzregierungen und der \u00f6rtlichen Gesundheitsbeh\u00f6rden zu konsultieren und einzuhalten. Unser Kirchenvorstand hat sich regelm\u00e4\u00dfig getroffen, um fundierte Entscheidungen auf der Grundlage der Richtlinien unserer Synode sowie der Provinz- und Kommunalregierung zu treffen. Wir haben jetzt eine eigene Arbeitsgruppe zur Wiederer\u00f6ffnung, die sich aus Freiwilligen zusammensetzt, um die Anforderungen zu \u00fcberpr\u00fcfen und Empfehlungen f\u00fcr Praktiken und Protokolle in unserem eigenen Kontext abzugeben.<\/p>\n<p>Die Arbeitsgruppe unserer Synode zur Wiederaufnahme des pers\u00f6nlichen Gottesdienstes stellt zwei Dokumente zur Verf\u00fcgung, die den Gemeindevorstehern helfen sollen, ihre Geb\u00e4ude auf eine m\u00f6gliche Wiederer\u00f6ffnung im Herbst 2020 vorzubereiten. Weitere Informationen finden Sie hier:<br \/>\n<a href=\"https:\/\/easternsynod.org\/preliminary-considerations-for-the-resumption-of-in-person-worship\/\" target=\"_blank\" rel=\"noopener noreferrer\">https:\/\/easternsynod.org\/preliminary-considerations-for-the-resumption-of-in-person-worship\/<\/a>.<\/p>\n<p>Das erste Dokument <strong>\u201cStaged Approach &amp; Preliminary Considerations \u201c<\/strong>, ist nun verf\u00fcgbar.<br \/>\nWir streben die GELBE PHASE unserer Synode an.<\/p>\n<p><a href=\"https:\/\/martinluther.ca\/wp-content\/uploads\/2020\/07\/Eastern-Synod-Amber-Stage.png\"><img loading=\"lazy\" decoding=\"async\" class=\"wp-image-35441 alignnone\" src=\"https:\/\/martinluther.ca\/wp-content\/uploads\/2020\/07\/Eastern-Synod-Amber-Stage.png\" alt=\"\" width=\"600\" height=\"236\" srcset=\"https:\/\/martinluther.ca\/wp-content\/uploads\/2020\/07\/Eastern-Synod-Amber-Stage.png 851w, https:\/\/martinluther.ca\/wp-content\/uploads\/2020\/07\/Eastern-Synod-Amber-Stage-300x118.png 300w, https:\/\/martinluther.ca\/wp-content\/uploads\/2020\/07\/Eastern-Synod-Amber-Stage-768x302.png 768w\" sizes=\"auto, (max-width: 600px) 100vw, 600px\" \/><\/a><\/p>\n<p>Wir bedanken uns f\u00fcr Ihre Geduld und Ihr Verst\u00e4ndnis, w\u00e4hrend wir daran arbeiten, Sie auf dem Laufenden zu halten, zu inspirieren und Sicherheit zu gew\u00e4hrleisten.<br \/>\nWenden Sie sich bitte an das Kirchenb\u00fcro, wenn Sie in unserer Arbeitsgruppe zur Wiederer\u00f6ffnung mitwirken m\u00f6chten. Wir ben\u00f6tigen auch Freiwillige bei der Wiederer\u00f6ffnung.<\/p>\n<p>Arbeitsgruppe zur Wiederer\u00f6ffnung: Ariane Oelkrug (Leitung), Andrea Dannecker &amp; Tanya Zielke (Kirchenvorstand), Vikarin Silke Fahl, Marlena Muller und Andrew Schultz<\/p>\n","protected":false},"excerpt":{"rendered":"<p>Update:\u00a0Seit Sonntag dem 15. November 2020\u00a0halten wir wieder, gem\u00e4\u00df der Empfehlung des \u00f6ffentlichen Gesundheitswesens und unseres Bischofsb\u00fcros, bis auf weiteres unsere Gottesdienste online auf unseren YouTube channel. Der Kirchenvorstand wird die Situation im Auge behalten und neu bewerten, sobald weitere Informationen verf\u00fcgbar sind. Wir feiern Advent ab Sonntag den 29. November 2020. Unser Adventskranz wird&hellip;<\/p>\n","protected":false},"author":8,"featured_media":35463,"comment_status":"closed","ping_status":"closed","sticky":false,"template":"","format":"standard","meta":{"footnotes":""},"categories":[69],"tags":[],"post_series":[],"class_list":["post-35455","post","type-post","status-publish","format-standard","has-post-thumbnail","hentry","category-news-blog-german","entry","has-media"],"yoast_head":"<!-- This site is optimized with the Yoast SEO plugin v27.5 - https:\/\/yoast.com\/product\/yoast-seo-wordpress\/ -->\n<title>Wir blicken zur\u00fcck und streben die gelbe Phase an - Martin Luther Evangelische Kirche Toronto<\/title>\n<meta name=\"robots\" content=\"index, follow, max-snippet:-1, max-image-preview:large, max-video-preview:-1\" \/>\n<link rel=\"canonical\" href=\"https:\/\/martinluther.ca\/de\/2020\/12\/wir-blicken-zurueck-und-streben-die-gelbe-phase-an\/\" \/>\n<meta property=\"og:locale\" content=\"de_DE\" \/>\n<meta property=\"og:type\" content=\"article\" \/>\n<meta property=\"og:title\" content=\"Wir blicken zur\u00fcck und streben die gelbe Phase an - Martin Luther Evangelische Kirche Toronto\" \/>\n<meta property=\"og:description\" content=\"Update:\u00a0Seit Sonntag dem 15. November 2020\u00a0halten wir wieder, gem\u00e4\u00df der Empfehlung des \u00f6ffentlichen Gesundheitswesens und unseres Bischofsb\u00fcros, bis auf weiteres unsere Gottesdienste online auf unseren YouTube channel. Der Kirchenvorstand wird die Situation im Auge behalten und neu bewerten, sobald weitere Informationen verf\u00fcgbar sind. Wir feiern Advent ab Sonntag den 29. November 2020. Unser Adventskranz wird&hellip;\" \/>\n<meta property=\"og:url\" content=\"https:\/\/martinluther.ca\/de\/2020\/12\/wir-blicken-zurueck-und-streben-die-gelbe-phase-an\/\" \/>\n<meta property=\"og:site_name\" content=\"Martin Luther Evangelische Kirche Toronto\" \/>\n<meta property=\"article:publisher\" content=\"https:\/\/www.facebook.com\/martinlutherchurchtoronto\" \/>\n<meta property=\"article:published_time\" content=\"2020-12-18T21:40:08+00:00\" \/>\n<meta property=\"article:modified_time\" content=\"2023-12-08T19:04:29+00:00\" \/>\n<meta property=\"og:image\" content=\"https:\/\/martinluther.ca\/wp-content\/uploads\/2020\/07\/Aiming-for-amber-scaled.jpg\" \/>\n\t<meta property=\"og:image:width\" content=\"2560\" \/>\n\t<meta property=\"og:image:height\" content=\"1920\" \/>\n\t<meta property=\"og:image:type\" content=\"image\/jpeg\" \/>\n<meta name=\"author\" content=\"Marlena Muller\" \/>\n<meta name=\"twitter:card\" content=\"summary_large_image\" \/>\n<meta name=\"twitter:label1\" content=\"Verfasst von\" \/>\n\t<meta name=\"twitter:data1\" content=\"Marlena Muller\" \/>\n\t<meta name=\"twitter:label2\" content=\"Gesch\u00e4tzte Lesezeit\" \/>\n\t<meta name=\"twitter:data2\" content=\"12\u00a0Minuten\" \/>\n<script type=\"application\/ld+json\" class=\"yoast-schema-graph\">{\"@context\":\"https:\\\/\\\/schema.org\",\"@graph\":[{\"@type\":\"Article\",\"@id\":\"https:\\\/\\\/martinluther.ca\\\/de\\\/2020\\\/12\\\/wir-blicken-zurueck-und-streben-die-gelbe-phase-an\\\/#article\",\"isPartOf\":{\"@id\":\"https:\\\/\\\/martinluther.ca\\\/de\\\/2020\\\/12\\\/wir-blicken-zurueck-und-streben-die-gelbe-phase-an\\\/\"},\"author\":{\"name\":\"Marlena Muller\",\"@id\":\"https:\\\/\\\/martinluther.ca\\\/de\\\/#\\\/schema\\\/person\\\/ef4e825f5d9d6fd740bbd7813710e15d\"},\"headline\":\"Wir blicken zur\u00fcck und streben die gelbe Phase an\",\"datePublished\":\"2020-12-18T21:40:08+00:00\",\"dateModified\":\"2023-12-08T19:04:29+00:00\",\"mainEntityOfPage\":{\"@id\":\"https:\\\/\\\/martinluther.ca\\\/de\\\/2020\\\/12\\\/wir-blicken-zurueck-und-streben-die-gelbe-phase-an\\\/\"},\"wordCount\":2165,\"publisher\":{\"@id\":\"https:\\\/\\\/martinluther.ca\\\/de\\\/#organization\"},\"image\":{\"@id\":\"https:\\\/\\\/martinluther.ca\\\/de\\\/2020\\\/12\\\/wir-blicken-zurueck-und-streben-die-gelbe-phase-an\\\/#primaryimage\"},\"thumbnailUrl\":\"https:\\\/\\\/martinluther.ca\\\/wp-content\\\/uploads\\\/2020\\\/07\\\/Aiming-for-amber-scaled.jpg\",\"articleSection\":[\"News Blog - German\"],\"inLanguage\":\"de\"},{\"@type\":\"WebPage\",\"@id\":\"https:\\\/\\\/martinluther.ca\\\/de\\\/2020\\\/12\\\/wir-blicken-zurueck-und-streben-die-gelbe-phase-an\\\/\",\"url\":\"https:\\\/\\\/martinluther.ca\\\/de\\\/2020\\\/12\\\/wir-blicken-zurueck-und-streben-die-gelbe-phase-an\\\/\",\"name\":\"Wir blicken zur\u00fcck und streben die gelbe Phase an - Martin Luther Evangelische Kirche Toronto\",\"isPartOf\":{\"@id\":\"https:\\\/\\\/martinluther.ca\\\/de\\\/#website\"},\"primaryImageOfPage\":{\"@id\":\"https:\\\/\\\/martinluther.ca\\\/de\\\/2020\\\/12\\\/wir-blicken-zurueck-und-streben-die-gelbe-phase-an\\\/#primaryimage\"},\"image\":{\"@id\":\"https:\\\/\\\/martinluther.ca\\\/de\\\/2020\\\/12\\\/wir-blicken-zurueck-und-streben-die-gelbe-phase-an\\\/#primaryimage\"},\"thumbnailUrl\":\"https:\\\/\\\/martinluther.ca\\\/wp-content\\\/uploads\\\/2020\\\/07\\\/Aiming-for-amber-scaled.jpg\",\"datePublished\":\"2020-12-18T21:40:08+00:00\",\"dateModified\":\"2023-12-08T19:04:29+00:00\",\"breadcrumb\":{\"@id\":\"https:\\\/\\\/martinluther.ca\\\/de\\\/2020\\\/12\\\/wir-blicken-zurueck-und-streben-die-gelbe-phase-an\\\/#breadcrumb\"},\"inLanguage\":\"de\",\"potentialAction\":[{\"@type\":\"ReadAction\",\"target\":[\"https:\\\/\\\/martinluther.ca\\\/de\\\/2020\\\/12\\\/wir-blicken-zurueck-und-streben-die-gelbe-phase-an\\\/\"]}]},{\"@type\":\"ImageObject\",\"inLanguage\":\"de\",\"@id\":\"https:\\\/\\\/martinluther.ca\\\/de\\\/2020\\\/12\\\/wir-blicken-zurueck-und-streben-die-gelbe-phase-an\\\/#primaryimage\",\"url\":\"https:\\\/\\\/martinluther.ca\\\/wp-content\\\/uploads\\\/2020\\\/07\\\/Aiming-for-amber-scaled.jpg\",\"contentUrl\":\"https:\\\/\\\/martinluther.ca\\\/wp-content\\\/uploads\\\/2020\\\/07\\\/Aiming-for-amber-scaled.jpg\",\"width\":2560,\"height\":1920,\"caption\":\"Aiming for amber\"},{\"@type\":\"BreadcrumbList\",\"@id\":\"https:\\\/\\\/martinluther.ca\\\/de\\\/2020\\\/12\\\/wir-blicken-zurueck-und-streben-die-gelbe-phase-an\\\/#breadcrumb\",\"itemListElement\":[{\"@type\":\"ListItem\",\"position\":1,\"name\":\"Home\",\"item\":\"https:\\\/\\\/martinluther.ca\\\/de\\\/\"},{\"@type\":\"ListItem\",\"position\":2,\"name\":\"Wir blicken zur\u00fcck und streben die gelbe Phase an\"}]},{\"@type\":\"WebSite\",\"@id\":\"https:\\\/\\\/martinluther.ca\\\/de\\\/#website\",\"url\":\"https:\\\/\\\/martinluther.ca\\\/de\\\/\",\"name\":\"Martin Luther Evangelical Church Toronto\",\"description\":\"Deutsch &amp; Englisch\",\"publisher\":{\"@id\":\"https:\\\/\\\/martinluther.ca\\\/de\\\/#organization\"},\"potentialAction\":[{\"@type\":\"SearchAction\",\"target\":{\"@type\":\"EntryPoint\",\"urlTemplate\":\"https:\\\/\\\/martinluther.ca\\\/de\\\/?s={search_term_string}\"},\"query-input\":{\"@type\":\"PropertyValueSpecification\",\"valueRequired\":true,\"valueName\":\"search_term_string\"}}],\"inLanguage\":\"de\"},{\"@type\":\"Organization\",\"@id\":\"https:\\\/\\\/martinluther.ca\\\/de\\\/#organization\",\"name\":\"Martin Luther Evangelical Church Toronto\",\"url\":\"https:\\\/\\\/martinluther.ca\\\/de\\\/\",\"logo\":{\"@type\":\"ImageObject\",\"inLanguage\":\"de\",\"@id\":\"https:\\\/\\\/martinluther.ca\\\/de\\\/#\\\/schema\\\/logo\\\/image\\\/\",\"url\":\"https:\\\/\\\/martinluther.ca\\\/wp-content\\\/uploads\\\/2016\\\/12\\\/ml-logo-300.png\",\"contentUrl\":\"https:\\\/\\\/martinluther.ca\\\/wp-content\\\/uploads\\\/2016\\\/12\\\/ml-logo-300.png\",\"width\":300,\"height\":150,\"caption\":\"Martin Luther Evangelical Church Toronto\"},\"image\":{\"@id\":\"https:\\\/\\\/martinluther.ca\\\/de\\\/#\\\/schema\\\/logo\\\/image\\\/\"},\"sameAs\":[\"https:\\\/\\\/www.facebook.com\\\/martinlutherchurchtoronto\",\"https:\\\/\\\/www.instagram.com\\\/lutheransbythelake\\\/\",\"https:\\\/\\\/www.youtube.com\\\/MartinLutherChurchToronto\"]},{\"@type\":\"Person\",\"@id\":\"https:\\\/\\\/martinluther.ca\\\/de\\\/#\\\/schema\\\/person\\\/ef4e825f5d9d6fd740bbd7813710e15d\",\"name\":\"Marlena Muller\",\"image\":{\"@type\":\"ImageObject\",\"inLanguage\":\"de\",\"@id\":\"https:\\\/\\\/secure.gravatar.com\\\/avatar\\\/fe840ff753768b839caa2dd522d4797f19f7e22fa2da83388e0fbfc570b65a37?s=96&d=mm&r=g\",\"url\":\"https:\\\/\\\/secure.gravatar.com\\\/avatar\\\/fe840ff753768b839caa2dd522d4797f19f7e22fa2da83388e0fbfc570b65a37?s=96&d=mm&r=g\",\"contentUrl\":\"https:\\\/\\\/secure.gravatar.com\\\/avatar\\\/fe840ff753768b839caa2dd522d4797f19f7e22fa2da83388e0fbfc570b65a37?s=96&d=mm&r=g\",\"caption\":\"Marlena Muller\"},\"url\":false}]}<\/script>\n<!-- \/ Yoast SEO plugin. -->","yoast_head_json":{"title":"Wir blicken zur\u00fcck und streben die gelbe Phase an - Martin Luther Evangelische Kirche Toronto","robots":{"index":"index","follow":"follow","max-snippet":"max-snippet:-1","max-image-preview":"max-image-preview:large","max-video-preview":"max-video-preview:-1"},"canonical":"https:\/\/martinluther.ca\/de\/2020\/12\/wir-blicken-zurueck-und-streben-die-gelbe-phase-an\/","og_locale":"de_DE","og_type":"article","og_title":"Wir blicken zur\u00fcck und streben die gelbe Phase an - Martin Luther Evangelische Kirche Toronto","og_description":"Update:\u00a0Seit Sonntag dem 15. November 2020\u00a0halten wir wieder, gem\u00e4\u00df der Empfehlung des \u00f6ffentlichen Gesundheitswesens und unseres Bischofsb\u00fcros, bis auf weiteres unsere Gottesdienste online auf unseren YouTube channel. Der Kirchenvorstand wird die Situation im Auge behalten und neu bewerten, sobald weitere Informationen verf\u00fcgbar sind. Wir feiern Advent ab Sonntag den 29. November 2020. Unser Adventskranz wird&hellip;","og_url":"https:\/\/martinluther.ca\/de\/2020\/12\/wir-blicken-zurueck-und-streben-die-gelbe-phase-an\/","og_site_name":"Martin Luther Evangelische Kirche Toronto","article_publisher":"https:\/\/www.facebook.com\/martinlutherchurchtoronto","article_published_time":"2020-12-18T21:40:08+00:00","article_modified_time":"2023-12-08T19:04:29+00:00","og_image":[{"width":2560,"height":1920,"url":"https:\/\/martinluther.ca\/wp-content\/uploads\/2020\/07\/Aiming-for-amber-scaled.jpg","type":"image\/jpeg"}],"author":"Marlena Muller","twitter_card":"summary_large_image","twitter_misc":{"Verfasst von":"Marlena Muller","Gesch\u00e4tzte Lesezeit":"12\u00a0Minuten"},"schema":{"@context":"https:\/\/schema.org","@graph":[{"@type":"Article","@id":"https:\/\/martinluther.ca\/de\/2020\/12\/wir-blicken-zurueck-und-streben-die-gelbe-phase-an\/#article","isPartOf":{"@id":"https:\/\/martinluther.ca\/de\/2020\/12\/wir-blicken-zurueck-und-streben-die-gelbe-phase-an\/"},"author":{"name":"Marlena Muller","@id":"https:\/\/martinluther.ca\/de\/#\/schema\/person\/ef4e825f5d9d6fd740bbd7813710e15d"},"headline":"Wir blicken zur\u00fcck und streben die gelbe Phase an","datePublished":"2020-12-18T21:40:08+00:00","dateModified":"2023-12-08T19:04:29+00:00","mainEntityOfPage":{"@id":"https:\/\/martinluther.ca\/de\/2020\/12\/wir-blicken-zurueck-und-streben-die-gelbe-phase-an\/"},"wordCount":2165,"publisher":{"@id":"https:\/\/martinluther.ca\/de\/#organization"},"image":{"@id":"https:\/\/martinluther.ca\/de\/2020\/12\/wir-blicken-zurueck-und-streben-die-gelbe-phase-an\/#primaryimage"},"thumbnailUrl":"https:\/\/martinluther.ca\/wp-content\/uploads\/2020\/07\/Aiming-for-amber-scaled.jpg","articleSection":["News Blog - German"],"inLanguage":"de"},{"@type":"WebPage","@id":"https:\/\/martinluther.ca\/de\/2020\/12\/wir-blicken-zurueck-und-streben-die-gelbe-phase-an\/","url":"https:\/\/martinluther.ca\/de\/2020\/12\/wir-blicken-zurueck-und-streben-die-gelbe-phase-an\/","name":"Wir blicken zur\u00fcck und streben die gelbe Phase an - Martin Luther Evangelische Kirche Toronto","isPartOf":{"@id":"https:\/\/martinluther.ca\/de\/#website"},"primaryImageOfPage":{"@id":"https:\/\/martinluther.ca\/de\/2020\/12\/wir-blicken-zurueck-und-streben-die-gelbe-phase-an\/#primaryimage"},"image":{"@id":"https:\/\/martinluther.ca\/de\/2020\/12\/wir-blicken-zurueck-und-streben-die-gelbe-phase-an\/#primaryimage"},"thumbnailUrl":"https:\/\/martinluther.ca\/wp-content\/uploads\/2020\/07\/Aiming-for-amber-scaled.jpg","datePublished":"2020-12-18T21:40:08+00:00","dateModified":"2023-12-08T19:04:29+00:00","breadcrumb":{"@id":"https:\/\/martinluther.ca\/de\/2020\/12\/wir-blicken-zurueck-und-streben-die-gelbe-phase-an\/#breadcrumb"},"inLanguage":"de","potentialAction":[{"@type":"ReadAction","target":["https:\/\/martinluther.ca\/de\/2020\/12\/wir-blicken-zurueck-und-streben-die-gelbe-phase-an\/"]}]},{"@type":"ImageObject","inLanguage":"de","@id":"https:\/\/martinluther.ca\/de\/2020\/12\/wir-blicken-zurueck-und-streben-die-gelbe-phase-an\/#primaryimage","url":"https:\/\/martinluther.ca\/wp-content\/uploads\/2020\/07\/Aiming-for-amber-scaled.jpg","contentUrl":"https:\/\/martinluther.ca\/wp-content\/uploads\/2020\/07\/Aiming-for-amber-scaled.jpg","width":2560,"height":1920,"caption":"Aiming for amber"},{"@type":"BreadcrumbList","@id":"https:\/\/martinluther.ca\/de\/2020\/12\/wir-blicken-zurueck-und-streben-die-gelbe-phase-an\/#breadcrumb","itemListElement":[{"@type":"ListItem","position":1,"name":"Home","item":"https:\/\/martinluther.ca\/de\/"},{"@type":"ListItem","position":2,"name":"Wir blicken zur\u00fcck und streben die gelbe Phase an"}]},{"@type":"WebSite","@id":"https:\/\/martinluther.ca\/de\/#website","url":"https:\/\/martinluther.ca\/de\/","name":"Martin Luther Evangelical Church Toronto","description":"Deutsch &amp; Englisch","publisher":{"@id":"https:\/\/martinluther.ca\/de\/#organization"},"potentialAction":[{"@type":"SearchAction","target":{"@type":"EntryPoint","urlTemplate":"https:\/\/martinluther.ca\/de\/?s={search_term_string}"},"query-input":{"@type":"PropertyValueSpecification","valueRequired":true,"valueName":"search_term_string"}}],"inLanguage":"de"},{"@type":"Organization","@id":"https:\/\/martinluther.ca\/de\/#organization","name":"Martin Luther Evangelical Church Toronto","url":"https:\/\/martinluther.ca\/de\/","logo":{"@type":"ImageObject","inLanguage":"de","@id":"https:\/\/martinluther.ca\/de\/#\/schema\/logo\/image\/","url":"https:\/\/martinluther.ca\/wp-content\/uploads\/2016\/12\/ml-logo-300.png","contentUrl":"https:\/\/martinluther.ca\/wp-content\/uploads\/2016\/12\/ml-logo-300.png","width":300,"height":150,"caption":"Martin Luther Evangelical Church Toronto"},"image":{"@id":"https:\/\/martinluther.ca\/de\/#\/schema\/logo\/image\/"},"sameAs":["https:\/\/www.facebook.com\/martinlutherchurchtoronto","https:\/\/www.instagram.com\/lutheransbythelake\/","https:\/\/www.youtube.com\/MartinLutherChurchToronto"]},{"@type":"Person","@id":"https:\/\/martinluther.ca\/de\/#\/schema\/person\/ef4e825f5d9d6fd740bbd7813710e15d","name":"Marlena Muller","image":{"@type":"ImageObject","inLanguage":"de","@id":"https:\/\/secure.gravatar.com\/avatar\/fe840ff753768b839caa2dd522d4797f19f7e22fa2da83388e0fbfc570b65a37?s=96&d=mm&r=g","url":"https:\/\/secure.gravatar.com\/avatar\/fe840ff753768b839caa2dd522d4797f19f7e22fa2da83388e0fbfc570b65a37?s=96&d=mm&r=g","contentUrl":"https:\/\/secure.gravatar.com\/avatar\/fe840ff753768b839caa2dd522d4797f19f7e22fa2da83388e0fbfc570b65a37?s=96&d=mm&r=g","caption":"Marlena Muller"},"url":false}]}},"_links":{"self":[{"href":"https:\/\/martinluther.ca\/de\/wp-json\/wp\/v2\/posts\/35455","targetHints":{"allow":["GET"]}}],"collection":[{"href":"https:\/\/martinluther.ca\/de\/wp-json\/wp\/v2\/posts"}],"about":[{"href":"https:\/\/martinluther.ca\/de\/wp-json\/wp\/v2\/types\/post"}],"author":[{"embeddable":true,"href":"https:\/\/martinluther.ca\/de\/wp-json\/wp\/v2\/users\/8"}],"replies":[{"embeddable":true,"href":"https:\/\/martinluther.ca\/de\/wp-json\/wp\/v2\/comments?post=35455"}],"version-history":[{"count":30,"href":"https:\/\/martinluther.ca\/de\/wp-json\/wp\/v2\/posts\/35455\/revisions"}],"predecessor-version":[{"id":47178,"href":"https:\/\/martinluther.ca\/de\/wp-json\/wp\/v2\/posts\/35455\/revisions\/47178"}],"wp:featuredmedia":[{"embeddable":true,"href":"https:\/\/martinluther.ca\/de\/wp-json\/wp\/v2\/media\/35463"}],"wp:attachment":[{"href":"https:\/\/martinluther.ca\/de\/wp-json\/wp\/v2\/media?parent=35455"}],"wp:term":[{"taxonomy":"category","embeddable":true,"href":"https:\/\/martinluther.ca\/de\/wp-json\/wp\/v2\/categories?post=35455"},{"taxonomy":"post_tag","embeddable":true,"href":"https:\/\/martinluther.ca\/de\/wp-json\/wp\/v2\/tags?post=35455"},{"taxonomy":"post_series","embeddable":true,"href":"https:\/\/martinluther.ca\/de\/wp-json\/wp\/v2\/post_series?post=35455"}],"curies":[{"name":"wp","href":"https:\/\/api.w.org\/{rel}","templated":true}]}}