{"id":35594,"date":"2021-03-18T12:02:15","date_gmt":"2021-03-18T16:02:15","guid":{"rendered":"https:\/\/martinluther.ca\/?p=35594"},"modified":"2021-03-18T12:37:42","modified_gmt":"2021-03-18T16:37:42","slug":"der-hintergrund-der-pfarrwahl","status":"publish","type":"post","link":"https:\/\/martinluther.ca\/de\/2021\/03\/der-hintergrund-der-pfarrwahl\/","title":{"rendered":"Der Hintergrund der Pfarrwahl"},"content":{"rendered":"<div id=\"electionbuddy-AS53SX8N78GF\"><\/div>\n<p><script src=\"https:\/\/secure.electionbuddy.com\/widget\/AS53SX8N78GF.js\"><\/script><\/p>\n<p>&nbsp;<\/p>\n<p><img loading=\"lazy\" decoding=\"async\" class=\"alignright size-medium wp-image-35592\" src=\"https:\/\/martinluther.ca\/wp-content\/uploads\/2020\/08\/Empty-Pulpit-website-300x225.jpg\" alt=\"Empty Pulpit\" width=\"300\" height=\"225\" srcset=\"https:\/\/martinluther.ca\/wp-content\/uploads\/2020\/08\/Empty-Pulpit-website-300x225.jpg 300w, https:\/\/martinluther.ca\/wp-content\/uploads\/2020\/08\/Empty-Pulpit-website-1024x768.jpg 1024w, https:\/\/martinluther.ca\/wp-content\/uploads\/2020\/08\/Empty-Pulpit-website-768x576.jpg 768w, https:\/\/martinluther.ca\/wp-content\/uploads\/2020\/08\/Empty-Pulpit-website.jpg 1292w\" sizes=\"auto, (max-width: 300px) 100vw, 300px\" \/>Unsere Gemeinde hatte die Wiederbesetzung unserer Pfarrstelle bei der Evangelischen Kirche in Deutschland (EKD) beantragt. Der Rat der EKD hat diesem Antrag stattgegeben und beschlossen, dass ab dem 1. August 2021 hier eine neue Pfarrerin oder Pfarrer den Dienst in der Nachfolge von Pastor Christian Ceconi antreten kann.<\/p>\n<p>Die Stellenausschreibung f\u00fcr den neuen Pastor wurde am 22. Juli 2020 in verschiedenen kirchlichen Presseorganen in Deutschland ver\u00f6ffentlicht. Alle Interessierten mussten sich bis zum 15. Oktober 2020 bewerben. Danach wurden die eingegangenen Bewerbungen vom einer Fachgruppe im Au\u00dfenamt der EKD gepr\u00fcft, vorsortiert und eine Entscheidung f\u00fcr eine Pr\u00e4sentation an unsere Gemeinde getroffen.<\/p>\n<p>Gem\u00e4\u00df der Ordnung f\u00fcr Pfarrwahlen und der Planung der EKD sollte die erste Runde der Interviews im November 2020 pers\u00f6nlich in Hannover durchgef\u00fchrt werden. Wegen des Corona-Lockdowns in Deutschland wurden diese Interviews auf Januar 2021 verschoben und online durchgef\u00fchrt.<\/p>\n<p>Am 21. und am 28. Februar 2021 fand die zweite Runde der Interviews in unserer Gemeinde (online) statt. Es waren zwei Parteien, ein Pastorenehepaar und eine Pastorin. Sie gestalteten jeweils einen Gottesdienst und die deutsche Radioandacht. Die Gemeinde konnte dann im Rahmen unserer \u201eCoffee-Hour\u201c, also in einem Zoom-Meeting, sonntags Fragen stellen und Kontakt haben. Zuvor hatten samstags der Nominierungsausschuss und das Council Gelegenheit, die Bewerber kennenzulernen und ausf\u00fchrlich zu inhaltlichen Fragen \u00fcber unser Gemeindeleben zu sprechen.<\/p>\n<p>Am 8. M\u00e4rz 2021 hat der Nominierungsausschuss nach mehrst\u00fcndigen Beratungen und sehr sorgf\u00e4ltigem Abw\u00e4gen eine einstimmige Entscheidung zu Gunsten der Pastorin getroffen und dem Council begr\u00fcndet zur Wahl vorgelegt. Dieses hat sich am 9. M\u00e4rz 2021 ebenfalls einstimmig dem Votum des Nominierungsausschusses angeschlossen und entschieden, die Gemeinde um Zustimmung zu bitten, sie als neue Pfarrerin in unsere Gemeinde zu berufen. So begannen der Abstimmungsprozess, der bis Ende M\u00e4rz 2021 abgeschlossen sein muss. Gem\u00e4\u00df den ELCIC-Bestimmungen sollte die Abstimmung per Briefwahl erfolgen, w\u00e4hrend dieser Pandemiezeit wurde jedoch auch eine E-Mail-Abstimmung erm\u00f6glicht.<\/p>\n<p>&nbsp;<\/p>\n<p>Blog: Wir w\u00fcnschen Pastor Ceconi alles Gute mit der Berliner Stadtmission, 8. Oktober 2020<br \/>\n<a href=\"https:\/\/martinluther.ca\/de\/2020\/10\/wir-wuenschen-pastor-ceconi-alles-gute-mit-der-berliner-stadtmission\/\" target=\"_blank\" rel=\"noopener\">https:\/\/martinluther.ca\/de\/2020\/10\/wir-wuenschen-pastor-ceconi-alles-gute-mit-der-berliner-stadtmission\/<\/a><\/p>\n","protected":false},"excerpt":{"rendered":"<p>&nbsp; Unsere Gemeinde hatte die Wiederbesetzung unserer Pfarrstelle bei der Evangelischen Kirche in Deutschland (EKD) beantragt. Der Rat der EKD hat diesem Antrag stattgegeben und beschlossen, dass ab dem 1. August 2021 hier eine neue Pfarrerin oder Pfarrer den Dienst in der Nachfolge von Pastor Christian Ceconi antreten kann. Die Stellenausschreibung f\u00fcr den neuen Pastor&hellip;<\/p>\n","protected":false},"author":8,"featured_media":35592,"comment_status":"closed","ping_status":"closed","sticky":false,"template":"","format":"standard","meta":{"footnotes":""},"categories":[69],"tags":[],"post_series":[],"class_list":["post-35594","post","type-post","status-publish","format-standard","has-post-thumbnail","hentry","category-news-blog-german","entry","has-media"],"yoast_head":"<!-- This site is optimized with the Yoast SEO plugin v27.5 - https:\/\/yoast.com\/product\/yoast-seo-wordpress\/ -->\n<title>Der Hintergrund der Pfarrwahl - Martin Luther Evangelische Kirche Toronto<\/title>\n<meta name=\"robots\" content=\"index, follow, max-snippet:-1, max-image-preview:large, max-video-preview:-1\" \/>\n<link rel=\"canonical\" href=\"https:\/\/martinluther.ca\/2021\/03\/search-for-a-pastor-background-information\/\" \/>\n<meta property=\"og:locale\" content=\"de_DE\" \/>\n<meta property=\"og:type\" content=\"article\" \/>\n<meta property=\"og:title\" content=\"Der Hintergrund der Pfarrwahl - Martin Luther Evangelische Kirche Toronto\" \/>\n<meta property=\"og:description\" content=\"&nbsp; Unsere Gemeinde hatte die Wiederbesetzung unserer Pfarrstelle bei der Evangelischen Kirche in Deutschland (EKD) beantragt. Der Rat der EKD hat diesem Antrag stattgegeben und beschlossen, dass ab dem 1. August 2021 hier eine neue Pfarrerin oder Pfarrer den Dienst in der Nachfolge von Pastor Christian Ceconi antreten kann. Die Stellenausschreibung f\u00fcr den neuen Pastor&hellip;\" \/>\n<meta property=\"og:url\" content=\"https:\/\/martinluther.ca\/2021\/03\/search-for-a-pastor-background-information\/\" \/>\n<meta property=\"og:site_name\" content=\"Martin Luther Evangelische Kirche Toronto\" \/>\n<meta property=\"article:publisher\" content=\"https:\/\/www.facebook.com\/martinlutherchurchtoronto\" \/>\n<meta property=\"article:published_time\" content=\"2021-03-18T16:02:15+00:00\" \/>\n<meta property=\"article:modified_time\" content=\"2021-03-18T16:37:42+00:00\" \/>\n<meta property=\"og:image\" content=\"https:\/\/martinluther.ca\/wp-content\/uploads\/2020\/08\/Empty-Pulpit-website.jpg\" \/>\n\t<meta property=\"og:image:width\" content=\"1292\" \/>\n\t<meta property=\"og:image:height\" content=\"969\" \/>\n\t<meta property=\"og:image:type\" content=\"image\/jpeg\" \/>\n<meta name=\"author\" content=\"Marlena Muller\" \/>\n<meta name=\"twitter:card\" content=\"summary_large_image\" \/>\n<meta name=\"twitter:label1\" content=\"Verfasst von\" \/>\n\t<meta name=\"twitter:data1\" content=\"Marlena Muller\" \/>\n\t<meta name=\"twitter:label2\" content=\"Gesch\u00e4tzte Lesezeit\" \/>\n\t<meta name=\"twitter:data2\" content=\"2\u00a0Minuten\" \/>\n<script type=\"application\/ld+json\" class=\"yoast-schema-graph\">{\"@context\":\"https:\\\/\\\/schema.org\",\"@graph\":[{\"@type\":\"Article\",\"@id\":\"https:\\\/\\\/martinluther.ca\\\/2021\\\/03\\\/search-for-a-pastor-background-information\\\/#article\",\"isPartOf\":{\"@id\":\"https:\\\/\\\/martinluther.ca\\\/2021\\\/03\\\/search-for-a-pastor-background-information\\\/\"},\"author\":{\"name\":\"Marlena Muller\",\"@id\":\"https:\\\/\\\/martinluther.ca\\\/de\\\/#\\\/schema\\\/person\\\/ef4e825f5d9d6fd740bbd7813710e15d\"},\"headline\":\"Der Hintergrund der Pfarrwahl\",\"datePublished\":\"2021-03-18T16:02:15+00:00\",\"dateModified\":\"2021-03-18T16:37:42+00:00\",\"mainEntityOfPage\":{\"@id\":\"https:\\\/\\\/martinluther.ca\\\/2021\\\/03\\\/search-for-a-pastor-background-information\\\/\"},\"wordCount\":333,\"publisher\":{\"@id\":\"https:\\\/\\\/martinluther.ca\\\/de\\\/#organization\"},\"image\":{\"@id\":\"https:\\\/\\\/martinluther.ca\\\/2021\\\/03\\\/search-for-a-pastor-background-information\\\/#primaryimage\"},\"thumbnailUrl\":\"https:\\\/\\\/martinluther.ca\\\/wp-content\\\/uploads\\\/2020\\\/08\\\/Empty-Pulpit-website.jpg\",\"articleSection\":[\"News Blog - German\"],\"inLanguage\":\"de\"},{\"@type\":\"WebPage\",\"@id\":\"https:\\\/\\\/martinluther.ca\\\/2021\\\/03\\\/search-for-a-pastor-background-information\\\/\",\"url\":\"https:\\\/\\\/martinluther.ca\\\/2021\\\/03\\\/search-for-a-pastor-background-information\\\/\",\"name\":\"Der Hintergrund der Pfarrwahl - Martin Luther Evangelische Kirche Toronto\",\"isPartOf\":{\"@id\":\"https:\\\/\\\/martinluther.ca\\\/de\\\/#website\"},\"primaryImageOfPage\":{\"@id\":\"https:\\\/\\\/martinluther.ca\\\/2021\\\/03\\\/search-for-a-pastor-background-information\\\/#primaryimage\"},\"image\":{\"@id\":\"https:\\\/\\\/martinluther.ca\\\/2021\\\/03\\\/search-for-a-pastor-background-information\\\/#primaryimage\"},\"thumbnailUrl\":\"https:\\\/\\\/martinluther.ca\\\/wp-content\\\/uploads\\\/2020\\\/08\\\/Empty-Pulpit-website.jpg\",\"datePublished\":\"2021-03-18T16:02:15+00:00\",\"dateModified\":\"2021-03-18T16:37:42+00:00\",\"breadcrumb\":{\"@id\":\"https:\\\/\\\/martinluther.ca\\\/2021\\\/03\\\/search-for-a-pastor-background-information\\\/#breadcrumb\"},\"inLanguage\":\"de\",\"potentialAction\":[{\"@type\":\"ReadAction\",\"target\":[\"https:\\\/\\\/martinluther.ca\\\/2021\\\/03\\\/search-for-a-pastor-background-information\\\/\"]}]},{\"@type\":\"ImageObject\",\"inLanguage\":\"de\",\"@id\":\"https:\\\/\\\/martinluther.ca\\\/2021\\\/03\\\/search-for-a-pastor-background-information\\\/#primaryimage\",\"url\":\"https:\\\/\\\/martinluther.ca\\\/wp-content\\\/uploads\\\/2020\\\/08\\\/Empty-Pulpit-website.jpg\",\"contentUrl\":\"https:\\\/\\\/martinluther.ca\\\/wp-content\\\/uploads\\\/2020\\\/08\\\/Empty-Pulpit-website.jpg\",\"width\":1292,\"height\":969,\"caption\":\"Empty Pulpit\"},{\"@type\":\"BreadcrumbList\",\"@id\":\"https:\\\/\\\/martinluther.ca\\\/2021\\\/03\\\/search-for-a-pastor-background-information\\\/#breadcrumb\",\"itemListElement\":[{\"@type\":\"ListItem\",\"position\":1,\"name\":\"Home\",\"item\":\"https:\\\/\\\/martinluther.ca\\\/de\\\/\"},{\"@type\":\"ListItem\",\"position\":2,\"name\":\"Der Hintergrund der Pfarrwahl\"}]},{\"@type\":\"WebSite\",\"@id\":\"https:\\\/\\\/martinluther.ca\\\/de\\\/#website\",\"url\":\"https:\\\/\\\/martinluther.ca\\\/de\\\/\",\"name\":\"Martin Luther Evangelical Church Toronto\",\"description\":\"Deutsch &amp; Englisch\",\"publisher\":{\"@id\":\"https:\\\/\\\/martinluther.ca\\\/de\\\/#organization\"},\"potentialAction\":[{\"@type\":\"SearchAction\",\"target\":{\"@type\":\"EntryPoint\",\"urlTemplate\":\"https:\\\/\\\/martinluther.ca\\\/de\\\/?s={search_term_string}\"},\"query-input\":{\"@type\":\"PropertyValueSpecification\",\"valueRequired\":true,\"valueName\":\"search_term_string\"}}],\"inLanguage\":\"de\"},{\"@type\":\"Organization\",\"@id\":\"https:\\\/\\\/martinluther.ca\\\/de\\\/#organization\",\"name\":\"Martin Luther Evangelical Church Toronto\",\"url\":\"https:\\\/\\\/martinluther.ca\\\/de\\\/\",\"logo\":{\"@type\":\"ImageObject\",\"inLanguage\":\"de\",\"@id\":\"https:\\\/\\\/martinluther.ca\\\/de\\\/#\\\/schema\\\/logo\\\/image\\\/\",\"url\":\"https:\\\/\\\/martinluther.ca\\\/wp-content\\\/uploads\\\/2016\\\/12\\\/ml-logo-300.png\",\"contentUrl\":\"https:\\\/\\\/martinluther.ca\\\/wp-content\\\/uploads\\\/2016\\\/12\\\/ml-logo-300.png\",\"width\":300,\"height\":150,\"caption\":\"Martin Luther Evangelical Church Toronto\"},\"image\":{\"@id\":\"https:\\\/\\\/martinluther.ca\\\/de\\\/#\\\/schema\\\/logo\\\/image\\\/\"},\"sameAs\":[\"https:\\\/\\\/www.facebook.com\\\/martinlutherchurchtoronto\",\"https:\\\/\\\/www.instagram.com\\\/lutheransbythelake\\\/\",\"https:\\\/\\\/www.youtube.com\\\/MartinLutherChurchToronto\"]},{\"@type\":\"Person\",\"@id\":\"https:\\\/\\\/martinluther.ca\\\/de\\\/#\\\/schema\\\/person\\\/ef4e825f5d9d6fd740bbd7813710e15d\",\"name\":\"Marlena Muller\",\"image\":{\"@type\":\"ImageObject\",\"inLanguage\":\"de\",\"@id\":\"https:\\\/\\\/secure.gravatar.com\\\/avatar\\\/fe840ff753768b839caa2dd522d4797f19f7e22fa2da83388e0fbfc570b65a37?s=96&d=mm&r=g\",\"url\":\"https:\\\/\\\/secure.gravatar.com\\\/avatar\\\/fe840ff753768b839caa2dd522d4797f19f7e22fa2da83388e0fbfc570b65a37?s=96&d=mm&r=g\",\"contentUrl\":\"https:\\\/\\\/secure.gravatar.com\\\/avatar\\\/fe840ff753768b839caa2dd522d4797f19f7e22fa2da83388e0fbfc570b65a37?s=96&d=mm&r=g\",\"caption\":\"Marlena Muller\"},\"url\":false}]}<\/script>\n<!-- \/ Yoast SEO plugin. -->","yoast_head_json":{"title":"Der Hintergrund der Pfarrwahl - Martin Luther Evangelische Kirche Toronto","robots":{"index":"index","follow":"follow","max-snippet":"max-snippet:-1","max-image-preview":"max-image-preview:large","max-video-preview":"max-video-preview:-1"},"canonical":"https:\/\/martinluther.ca\/2021\/03\/search-for-a-pastor-background-information\/","og_locale":"de_DE","og_type":"article","og_title":"Der Hintergrund der Pfarrwahl - Martin Luther Evangelische Kirche Toronto","og_description":"&nbsp; Unsere Gemeinde hatte die Wiederbesetzung unserer Pfarrstelle bei der Evangelischen Kirche in Deutschland (EKD) beantragt. Der Rat der EKD hat diesem Antrag stattgegeben und beschlossen, dass ab dem 1. August 2021 hier eine neue Pfarrerin oder Pfarrer den Dienst in der Nachfolge von Pastor Christian Ceconi antreten kann. Die Stellenausschreibung f\u00fcr den neuen Pastor&hellip;","og_url":"https:\/\/martinluther.ca\/2021\/03\/search-for-a-pastor-background-information\/","og_site_name":"Martin Luther Evangelische Kirche Toronto","article_publisher":"https:\/\/www.facebook.com\/martinlutherchurchtoronto","article_published_time":"2021-03-18T16:02:15+00:00","article_modified_time":"2021-03-18T16:37:42+00:00","og_image":[{"width":1292,"height":969,"url":"https:\/\/martinluther.ca\/wp-content\/uploads\/2020\/08\/Empty-Pulpit-website.jpg","type":"image\/jpeg"}],"author":"Marlena Muller","twitter_card":"summary_large_image","twitter_misc":{"Verfasst von":"Marlena Muller","Gesch\u00e4tzte Lesezeit":"2\u00a0Minuten"},"schema":{"@context":"https:\/\/schema.org","@graph":[{"@type":"Article","@id":"https:\/\/martinluther.ca\/2021\/03\/search-for-a-pastor-background-information\/#article","isPartOf":{"@id":"https:\/\/martinluther.ca\/2021\/03\/search-for-a-pastor-background-information\/"},"author":{"name":"Marlena Muller","@id":"https:\/\/martinluther.ca\/de\/#\/schema\/person\/ef4e825f5d9d6fd740bbd7813710e15d"},"headline":"Der Hintergrund der Pfarrwahl","datePublished":"2021-03-18T16:02:15+00:00","dateModified":"2021-03-18T16:37:42+00:00","mainEntityOfPage":{"@id":"https:\/\/martinluther.ca\/2021\/03\/search-for-a-pastor-background-information\/"},"wordCount":333,"publisher":{"@id":"https:\/\/martinluther.ca\/de\/#organization"},"image":{"@id":"https:\/\/martinluther.ca\/2021\/03\/search-for-a-pastor-background-information\/#primaryimage"},"thumbnailUrl":"https:\/\/martinluther.ca\/wp-content\/uploads\/2020\/08\/Empty-Pulpit-website.jpg","articleSection":["News Blog - German"],"inLanguage":"de"},{"@type":"WebPage","@id":"https:\/\/martinluther.ca\/2021\/03\/search-for-a-pastor-background-information\/","url":"https:\/\/martinluther.ca\/2021\/03\/search-for-a-pastor-background-information\/","name":"Der Hintergrund der Pfarrwahl - Martin Luther Evangelische Kirche Toronto","isPartOf":{"@id":"https:\/\/martinluther.ca\/de\/#website"},"primaryImageOfPage":{"@id":"https:\/\/martinluther.ca\/2021\/03\/search-for-a-pastor-background-information\/#primaryimage"},"image":{"@id":"https:\/\/martinluther.ca\/2021\/03\/search-for-a-pastor-background-information\/#primaryimage"},"thumbnailUrl":"https:\/\/martinluther.ca\/wp-content\/uploads\/2020\/08\/Empty-Pulpit-website.jpg","datePublished":"2021-03-18T16:02:15+00:00","dateModified":"2021-03-18T16:37:42+00:00","breadcrumb":{"@id":"https:\/\/martinluther.ca\/2021\/03\/search-for-a-pastor-background-information\/#breadcrumb"},"inLanguage":"de","potentialAction":[{"@type":"ReadAction","target":["https:\/\/martinluther.ca\/2021\/03\/search-for-a-pastor-background-information\/"]}]},{"@type":"ImageObject","inLanguage":"de","@id":"https:\/\/martinluther.ca\/2021\/03\/search-for-a-pastor-background-information\/#primaryimage","url":"https:\/\/martinluther.ca\/wp-content\/uploads\/2020\/08\/Empty-Pulpit-website.jpg","contentUrl":"https:\/\/martinluther.ca\/wp-content\/uploads\/2020\/08\/Empty-Pulpit-website.jpg","width":1292,"height":969,"caption":"Empty Pulpit"},{"@type":"BreadcrumbList","@id":"https:\/\/martinluther.ca\/2021\/03\/search-for-a-pastor-background-information\/#breadcrumb","itemListElement":[{"@type":"ListItem","position":1,"name":"Home","item":"https:\/\/martinluther.ca\/de\/"},{"@type":"ListItem","position":2,"name":"Der Hintergrund der Pfarrwahl"}]},{"@type":"WebSite","@id":"https:\/\/martinluther.ca\/de\/#website","url":"https:\/\/martinluther.ca\/de\/","name":"Martin Luther Evangelical Church Toronto","description":"Deutsch &amp; Englisch","publisher":{"@id":"https:\/\/martinluther.ca\/de\/#organization"},"potentialAction":[{"@type":"SearchAction","target":{"@type":"EntryPoint","urlTemplate":"https:\/\/martinluther.ca\/de\/?s={search_term_string}"},"query-input":{"@type":"PropertyValueSpecification","valueRequired":true,"valueName":"search_term_string"}}],"inLanguage":"de"},{"@type":"Organization","@id":"https:\/\/martinluther.ca\/de\/#organization","name":"Martin Luther Evangelical Church Toronto","url":"https:\/\/martinluther.ca\/de\/","logo":{"@type":"ImageObject","inLanguage":"de","@id":"https:\/\/martinluther.ca\/de\/#\/schema\/logo\/image\/","url":"https:\/\/martinluther.ca\/wp-content\/uploads\/2016\/12\/ml-logo-300.png","contentUrl":"https:\/\/martinluther.ca\/wp-content\/uploads\/2016\/12\/ml-logo-300.png","width":300,"height":150,"caption":"Martin Luther Evangelical Church Toronto"},"image":{"@id":"https:\/\/martinluther.ca\/de\/#\/schema\/logo\/image\/"},"sameAs":["https:\/\/www.facebook.com\/martinlutherchurchtoronto","https:\/\/www.instagram.com\/lutheransbythelake\/","https:\/\/www.youtube.com\/MartinLutherChurchToronto"]},{"@type":"Person","@id":"https:\/\/martinluther.ca\/de\/#\/schema\/person\/ef4e825f5d9d6fd740bbd7813710e15d","name":"Marlena Muller","image":{"@type":"ImageObject","inLanguage":"de","@id":"https:\/\/secure.gravatar.com\/avatar\/fe840ff753768b839caa2dd522d4797f19f7e22fa2da83388e0fbfc570b65a37?s=96&d=mm&r=g","url":"https:\/\/secure.gravatar.com\/avatar\/fe840ff753768b839caa2dd522d4797f19f7e22fa2da83388e0fbfc570b65a37?s=96&d=mm&r=g","contentUrl":"https:\/\/secure.gravatar.com\/avatar\/fe840ff753768b839caa2dd522d4797f19f7e22fa2da83388e0fbfc570b65a37?s=96&d=mm&r=g","caption":"Marlena Muller"},"url":false}]}},"_links":{"self":[{"href":"https:\/\/martinluther.ca\/de\/wp-json\/wp\/v2\/posts\/35594","targetHints":{"allow":["GET"]}}],"collection":[{"href":"https:\/\/martinluther.ca\/de\/wp-json\/wp\/v2\/posts"}],"about":[{"href":"https:\/\/martinluther.ca\/de\/wp-json\/wp\/v2\/types\/post"}],"author":[{"embeddable":true,"href":"https:\/\/martinluther.ca\/de\/wp-json\/wp\/v2\/users\/8"}],"replies":[{"embeddable":true,"href":"https:\/\/martinluther.ca\/de\/wp-json\/wp\/v2\/comments?post=35594"}],"version-history":[{"count":15,"href":"https:\/\/martinluther.ca\/de\/wp-json\/wp\/v2\/posts\/35594\/revisions"}],"predecessor-version":[{"id":37803,"href":"https:\/\/martinluther.ca\/de\/wp-json\/wp\/v2\/posts\/35594\/revisions\/37803"}],"wp:featuredmedia":[{"embeddable":true,"href":"https:\/\/martinluther.ca\/de\/wp-json\/wp\/v2\/media\/35592"}],"wp:attachment":[{"href":"https:\/\/martinluther.ca\/de\/wp-json\/wp\/v2\/media?parent=35594"}],"wp:term":[{"taxonomy":"category","embeddable":true,"href":"https:\/\/martinluther.ca\/de\/wp-json\/wp\/v2\/categories?post=35594"},{"taxonomy":"post_tag","embeddable":true,"href":"https:\/\/martinluther.ca\/de\/wp-json\/wp\/v2\/tags?post=35594"},{"taxonomy":"post_series","embeddable":true,"href":"https:\/\/martinluther.ca\/de\/wp-json\/wp\/v2\/post_series?post=35594"}],"curies":[{"name":"wp","href":"https:\/\/api.w.org\/{rel}","templated":true}]}}