{"id":35702,"date":"2020-08-20T12:46:00","date_gmt":"2020-08-20T16:46:00","guid":{"rendered":"https:\/\/martinluther.ca\/?p=35702"},"modified":"2020-12-23T12:48:59","modified_gmt":"2020-12-23T17:48:59","slug":"die-familie-barsoum-ist-in-toronto-angekommen","status":"publish","type":"post","link":"https:\/\/martinluther.ca\/de\/2020\/08\/die-familie-barsoum-ist-in-toronto-angekommen\/","title":{"rendered":"Die Familie Barsoum ist in Toronto angekommen!"},"content":{"rendered":"<p class=\"p1\"><span class=\"s1\" style=\"font-family: helvetica;\"><img loading=\"lazy\" decoding=\"async\" class=\"alignright size-medium wp-image-35707\" src=\"https:\/\/martinluther.ca\/wp-content\/uploads\/2020\/08\/2020-08-11-Refugee-Family-Barsoums-arrive-in-Canada-4x3resized-300x225.jpg\" alt=\"2020-08-11 Refugee Family arrive in Canada\" width=\"300\" height=\"225\" srcset=\"https:\/\/martinluther.ca\/wp-content\/uploads\/2020\/08\/2020-08-11-Refugee-Family-Barsoums-arrive-in-Canada-4x3resized-300x225.jpg 300w, https:\/\/martinluther.ca\/wp-content\/uploads\/2020\/08\/2020-08-11-Refugee-Family-Barsoums-arrive-in-Canada-4x3resized-1024x768.jpg 1024w, https:\/\/martinluther.ca\/wp-content\/uploads\/2020\/08\/2020-08-11-Refugee-Family-Barsoums-arrive-in-Canada-4x3resized-768x576.jpg 768w, https:\/\/martinluther.ca\/wp-content\/uploads\/2020\/08\/2020-08-11-Refugee-Family-Barsoums-arrive-in-Canada-4x3resized-1536x1152.jpg 1536w, https:\/\/martinluther.ca\/wp-content\/uploads\/2020\/08\/2020-08-11-Refugee-Family-Barsoums-arrive-in-Canada-4x3resized.jpg 1632w\" sizes=\"auto, (max-width: 300px) 100vw, 300px\" \/>Am Dienstag, den 11. August 2020, konnte die Fl\u00fcchtlingsfamilie Barsoum (Lahdo, Naila und Fadi)\u00a0\u00a0nunmehr von ihren Sponsoren &#8211; ihre Verwandten Rita und Fayes Nissan, sowie Mitglieder des MLK Fl\u00fcchtlingshilfe-Teams &#8211; in Toronto begr\u00fc\u00dft werden. Die Barsoums flohen 2013 aus Syrien in den Libanon. Dort \u00fcberlebten sie die verheerende Explosion in Beirut am 4. August 2020 und sind nun endlich wieder mit Rita und ihrer Familie vereint. Die Barsoums werden vorerst mit den Nissans in ihrer 2-Zimmer-Wohnung leben, bis sie Arbeit gefunden haben und sich eigenen Wohnraum leisten k\u00f6nnen.<\/span><\/p>\n<p>Bitte spenden Sie an den MLC Refugee Support Fund unter: <a href=\"https:\/\/martinluther.ca\/de\/spenden\/\">https:\/\/martinluther.ca\/make-a-donation\/<\/a><\/p>\n","protected":false},"excerpt":{"rendered":"<p>Am Dienstag, den 11. August 2020, konnte die Fl\u00fcchtlingsfamilie Barsoum (Lahdo, Naila und Fadi)\u00a0\u00a0nunmehr von ihren Sponsoren &#8211; ihre Verwandten Rita und Fayes Nissan, sowie Mitglieder des MLK Fl\u00fcchtlingshilfe-Teams &#8211; in Toronto begr\u00fc\u00dft werden. Die Barsoums flohen 2013 aus Syrien in den Libanon. Dort \u00fcberlebten sie die verheerende Explosion in Beirut am 4. August 2020&hellip;<\/p>\n","protected":false},"author":9,"featured_media":35707,"comment_status":"closed","ping_status":"closed","sticky":false,"template":"","format":"standard","meta":{"footnotes":""},"categories":[69],"tags":[],"post_series":[],"class_list":["post-35702","post","type-post","status-publish","format-standard","has-post-thumbnail","hentry","category-news-blog-german","entry","has-media"],"yoast_head":"<!-- This site is optimized with the Yoast SEO plugin v27.5 - https:\/\/yoast.com\/product\/yoast-seo-wordpress\/ -->\n<title>Die Familie Barsoum ist in Toronto angekommen! - Martin Luther Evangelische Kirche Toronto<\/title>\n<meta name=\"robots\" content=\"index, follow, max-snippet:-1, max-image-preview:large, max-video-preview:-1\" \/>\n<link rel=\"canonical\" href=\"https:\/\/martinluther.ca\/de\/2020\/08\/die-familie-barsoum-ist-in-toronto-angekommen\/\" \/>\n<meta property=\"og:locale\" content=\"de_DE\" \/>\n<meta property=\"og:type\" content=\"article\" \/>\n<meta property=\"og:title\" content=\"Die Familie Barsoum ist in Toronto angekommen! - Martin Luther Evangelische Kirche Toronto\" \/>\n<meta property=\"og:description\" content=\"Am Dienstag, den 11. August 2020, konnte die Fl\u00fcchtlingsfamilie Barsoum (Lahdo, Naila und Fadi)\u00a0\u00a0nunmehr von ihren Sponsoren &#8211; ihre Verwandten Rita und Fayes Nissan, sowie Mitglieder des MLK Fl\u00fcchtlingshilfe-Teams &#8211; in Toronto begr\u00fc\u00dft werden. Die Barsoums flohen 2013 aus Syrien in den Libanon. Dort \u00fcberlebten sie die verheerende Explosion in Beirut am 4. August 2020&hellip;\" \/>\n<meta property=\"og:url\" content=\"https:\/\/martinluther.ca\/de\/2020\/08\/die-familie-barsoum-ist-in-toronto-angekommen\/\" \/>\n<meta property=\"og:site_name\" content=\"Martin Luther Evangelische Kirche Toronto\" \/>\n<meta property=\"article:publisher\" content=\"https:\/\/www.facebook.com\/martinlutherchurchtoronto\" \/>\n<meta property=\"article:published_time\" content=\"2020-08-20T16:46:00+00:00\" \/>\n<meta property=\"article:modified_time\" content=\"2020-12-23T17:48:59+00:00\" \/>\n<meta property=\"og:image\" content=\"https:\/\/martinluther.ca\/wp-content\/uploads\/2020\/08\/2020-08-11-Refugee-Family-Barsoums-arrive-in-Canada-4x3resized.jpg\" \/>\n\t<meta property=\"og:image:width\" content=\"1632\" \/>\n\t<meta property=\"og:image:height\" content=\"1224\" \/>\n\t<meta property=\"og:image:type\" content=\"image\/jpeg\" \/>\n<meta name=\"author\" content=\"Mona Kakoschke Frantzke\" \/>\n<meta name=\"twitter:card\" content=\"summary_large_image\" \/>\n<meta name=\"twitter:label1\" content=\"Verfasst von\" \/>\n\t<meta name=\"twitter:data1\" content=\"Mona Kakoschke Frantzke\" \/>\n\t<meta name=\"twitter:label2\" content=\"Gesch\u00e4tzte Lesezeit\" \/>\n\t<meta name=\"twitter:data2\" content=\"1\u00a0Minute\" \/>\n<script type=\"application\/ld+json\" class=\"yoast-schema-graph\">{\"@context\":\"https:\\\/\\\/schema.org\",\"@graph\":[{\"@type\":\"Article\",\"@id\":\"https:\\\/\\\/martinluther.ca\\\/de\\\/2020\\\/08\\\/die-familie-barsoum-ist-in-toronto-angekommen\\\/#article\",\"isPartOf\":{\"@id\":\"https:\\\/\\\/martinluther.ca\\\/de\\\/2020\\\/08\\\/die-familie-barsoum-ist-in-toronto-angekommen\\\/\"},\"author\":{\"name\":\"Mona Kakoschke Frantzke\",\"@id\":\"https:\\\/\\\/martinluther.ca\\\/de\\\/#\\\/schema\\\/person\\\/815c51710f70b050f0476f18da6b0c8f\"},\"headline\":\"Die Familie Barsoum ist in Toronto angekommen!\",\"datePublished\":\"2020-08-20T16:46:00+00:00\",\"dateModified\":\"2020-12-23T17:48:59+00:00\",\"mainEntityOfPage\":{\"@id\":\"https:\\\/\\\/martinluther.ca\\\/de\\\/2020\\\/08\\\/die-familie-barsoum-ist-in-toronto-angekommen\\\/\"},\"wordCount\":109,\"publisher\":{\"@id\":\"https:\\\/\\\/martinluther.ca\\\/de\\\/#organization\"},\"image\":{\"@id\":\"https:\\\/\\\/martinluther.ca\\\/de\\\/2020\\\/08\\\/die-familie-barsoum-ist-in-toronto-angekommen\\\/#primaryimage\"},\"thumbnailUrl\":\"https:\\\/\\\/martinluther.ca\\\/wp-content\\\/uploads\\\/2020\\\/08\\\/2020-08-11-Refugee-Family-Barsoums-arrive-in-Canada-4x3resized.jpg\",\"articleSection\":[\"News Blog - German\"],\"inLanguage\":\"de\"},{\"@type\":\"WebPage\",\"@id\":\"https:\\\/\\\/martinluther.ca\\\/de\\\/2020\\\/08\\\/die-familie-barsoum-ist-in-toronto-angekommen\\\/\",\"url\":\"https:\\\/\\\/martinluther.ca\\\/de\\\/2020\\\/08\\\/die-familie-barsoum-ist-in-toronto-angekommen\\\/\",\"name\":\"Die Familie Barsoum ist in Toronto angekommen! - Martin Luther Evangelische Kirche Toronto\",\"isPartOf\":{\"@id\":\"https:\\\/\\\/martinluther.ca\\\/de\\\/#website\"},\"primaryImageOfPage\":{\"@id\":\"https:\\\/\\\/martinluther.ca\\\/de\\\/2020\\\/08\\\/die-familie-barsoum-ist-in-toronto-angekommen\\\/#primaryimage\"},\"image\":{\"@id\":\"https:\\\/\\\/martinluther.ca\\\/de\\\/2020\\\/08\\\/die-familie-barsoum-ist-in-toronto-angekommen\\\/#primaryimage\"},\"thumbnailUrl\":\"https:\\\/\\\/martinluther.ca\\\/wp-content\\\/uploads\\\/2020\\\/08\\\/2020-08-11-Refugee-Family-Barsoums-arrive-in-Canada-4x3resized.jpg\",\"datePublished\":\"2020-08-20T16:46:00+00:00\",\"dateModified\":\"2020-12-23T17:48:59+00:00\",\"breadcrumb\":{\"@id\":\"https:\\\/\\\/martinluther.ca\\\/de\\\/2020\\\/08\\\/die-familie-barsoum-ist-in-toronto-angekommen\\\/#breadcrumb\"},\"inLanguage\":\"de\",\"potentialAction\":[{\"@type\":\"ReadAction\",\"target\":[\"https:\\\/\\\/martinluther.ca\\\/de\\\/2020\\\/08\\\/die-familie-barsoum-ist-in-toronto-angekommen\\\/\"]}]},{\"@type\":\"ImageObject\",\"inLanguage\":\"de\",\"@id\":\"https:\\\/\\\/martinluther.ca\\\/de\\\/2020\\\/08\\\/die-familie-barsoum-ist-in-toronto-angekommen\\\/#primaryimage\",\"url\":\"https:\\\/\\\/martinluther.ca\\\/wp-content\\\/uploads\\\/2020\\\/08\\\/2020-08-11-Refugee-Family-Barsoums-arrive-in-Canada-4x3resized.jpg\",\"contentUrl\":\"https:\\\/\\\/martinluther.ca\\\/wp-content\\\/uploads\\\/2020\\\/08\\\/2020-08-11-Refugee-Family-Barsoums-arrive-in-Canada-4x3resized.jpg\",\"width\":1632,\"height\":1224,\"caption\":\"2020-08-11 Refugee Family arrive in Canada\"},{\"@type\":\"BreadcrumbList\",\"@id\":\"https:\\\/\\\/martinluther.ca\\\/de\\\/2020\\\/08\\\/die-familie-barsoum-ist-in-toronto-angekommen\\\/#breadcrumb\",\"itemListElement\":[{\"@type\":\"ListItem\",\"position\":1,\"name\":\"Home\",\"item\":\"https:\\\/\\\/martinluther.ca\\\/de\\\/\"},{\"@type\":\"ListItem\",\"position\":2,\"name\":\"Die Familie Barsoum ist in Toronto angekommen!\"}]},{\"@type\":\"WebSite\",\"@id\":\"https:\\\/\\\/martinluther.ca\\\/de\\\/#website\",\"url\":\"https:\\\/\\\/martinluther.ca\\\/de\\\/\",\"name\":\"Martin Luther Evangelical Church Toronto\",\"description\":\"Deutsch &amp; Englisch\",\"publisher\":{\"@id\":\"https:\\\/\\\/martinluther.ca\\\/de\\\/#organization\"},\"potentialAction\":[{\"@type\":\"SearchAction\",\"target\":{\"@type\":\"EntryPoint\",\"urlTemplate\":\"https:\\\/\\\/martinluther.ca\\\/de\\\/?s={search_term_string}\"},\"query-input\":{\"@type\":\"PropertyValueSpecification\",\"valueRequired\":true,\"valueName\":\"search_term_string\"}}],\"inLanguage\":\"de\"},{\"@type\":\"Organization\",\"@id\":\"https:\\\/\\\/martinluther.ca\\\/de\\\/#organization\",\"name\":\"Martin Luther Evangelical Church Toronto\",\"url\":\"https:\\\/\\\/martinluther.ca\\\/de\\\/\",\"logo\":{\"@type\":\"ImageObject\",\"inLanguage\":\"de\",\"@id\":\"https:\\\/\\\/martinluther.ca\\\/de\\\/#\\\/schema\\\/logo\\\/image\\\/\",\"url\":\"https:\\\/\\\/martinluther.ca\\\/wp-content\\\/uploads\\\/2016\\\/12\\\/ml-logo-300.png\",\"contentUrl\":\"https:\\\/\\\/martinluther.ca\\\/wp-content\\\/uploads\\\/2016\\\/12\\\/ml-logo-300.png\",\"width\":300,\"height\":150,\"caption\":\"Martin Luther Evangelical Church Toronto\"},\"image\":{\"@id\":\"https:\\\/\\\/martinluther.ca\\\/de\\\/#\\\/schema\\\/logo\\\/image\\\/\"},\"sameAs\":[\"https:\\\/\\\/www.facebook.com\\\/martinlutherchurchtoronto\",\"https:\\\/\\\/www.instagram.com\\\/lutheransbythelake\\\/\",\"https:\\\/\\\/www.youtube.com\\\/MartinLutherChurchToronto\"]},{\"@type\":\"Person\",\"@id\":\"https:\\\/\\\/martinluther.ca\\\/de\\\/#\\\/schema\\\/person\\\/815c51710f70b050f0476f18da6b0c8f\",\"name\":\"Mona Kakoschke Frantzke\",\"image\":{\"@type\":\"ImageObject\",\"inLanguage\":\"de\",\"@id\":\"https:\\\/\\\/secure.gravatar.com\\\/avatar\\\/0deb16854ca545cd2e9fc8001ca110d262b80d5c8317b38dc542265fbea0ed19?s=96&d=mm&r=g\",\"url\":\"https:\\\/\\\/secure.gravatar.com\\\/avatar\\\/0deb16854ca545cd2e9fc8001ca110d262b80d5c8317b38dc542265fbea0ed19?s=96&d=mm&r=g\",\"contentUrl\":\"https:\\\/\\\/secure.gravatar.com\\\/avatar\\\/0deb16854ca545cd2e9fc8001ca110d262b80d5c8317b38dc542265fbea0ed19?s=96&d=mm&r=g\",\"caption\":\"Mona Kakoschke Frantzke\"},\"url\":false}]}<\/script>\n<!-- \/ Yoast SEO plugin. -->","yoast_head_json":{"title":"Die Familie Barsoum ist in Toronto angekommen! - Martin Luther Evangelische Kirche Toronto","robots":{"index":"index","follow":"follow","max-snippet":"max-snippet:-1","max-image-preview":"max-image-preview:large","max-video-preview":"max-video-preview:-1"},"canonical":"https:\/\/martinluther.ca\/de\/2020\/08\/die-familie-barsoum-ist-in-toronto-angekommen\/","og_locale":"de_DE","og_type":"article","og_title":"Die Familie Barsoum ist in Toronto angekommen! - Martin Luther Evangelische Kirche Toronto","og_description":"Am Dienstag, den 11. August 2020, konnte die Fl\u00fcchtlingsfamilie Barsoum (Lahdo, Naila und Fadi)\u00a0\u00a0nunmehr von ihren Sponsoren &#8211; ihre Verwandten Rita und Fayes Nissan, sowie Mitglieder des MLK Fl\u00fcchtlingshilfe-Teams &#8211; in Toronto begr\u00fc\u00dft werden. Die Barsoums flohen 2013 aus Syrien in den Libanon. Dort \u00fcberlebten sie die verheerende Explosion in Beirut am 4. August 2020&hellip;","og_url":"https:\/\/martinluther.ca\/de\/2020\/08\/die-familie-barsoum-ist-in-toronto-angekommen\/","og_site_name":"Martin Luther Evangelische Kirche Toronto","article_publisher":"https:\/\/www.facebook.com\/martinlutherchurchtoronto","article_published_time":"2020-08-20T16:46:00+00:00","article_modified_time":"2020-12-23T17:48:59+00:00","og_image":[{"width":1632,"height":1224,"url":"https:\/\/martinluther.ca\/wp-content\/uploads\/2020\/08\/2020-08-11-Refugee-Family-Barsoums-arrive-in-Canada-4x3resized.jpg","type":"image\/jpeg"}],"author":"Mona Kakoschke Frantzke","twitter_card":"summary_large_image","twitter_misc":{"Verfasst von":"Mona Kakoschke Frantzke","Gesch\u00e4tzte Lesezeit":"1\u00a0Minute"},"schema":{"@context":"https:\/\/schema.org","@graph":[{"@type":"Article","@id":"https:\/\/martinluther.ca\/de\/2020\/08\/die-familie-barsoum-ist-in-toronto-angekommen\/#article","isPartOf":{"@id":"https:\/\/martinluther.ca\/de\/2020\/08\/die-familie-barsoum-ist-in-toronto-angekommen\/"},"author":{"name":"Mona Kakoschke Frantzke","@id":"https:\/\/martinluther.ca\/de\/#\/schema\/person\/815c51710f70b050f0476f18da6b0c8f"},"headline":"Die Familie Barsoum ist in Toronto angekommen!","datePublished":"2020-08-20T16:46:00+00:00","dateModified":"2020-12-23T17:48:59+00:00","mainEntityOfPage":{"@id":"https:\/\/martinluther.ca\/de\/2020\/08\/die-familie-barsoum-ist-in-toronto-angekommen\/"},"wordCount":109,"publisher":{"@id":"https:\/\/martinluther.ca\/de\/#organization"},"image":{"@id":"https:\/\/martinluther.ca\/de\/2020\/08\/die-familie-barsoum-ist-in-toronto-angekommen\/#primaryimage"},"thumbnailUrl":"https:\/\/martinluther.ca\/wp-content\/uploads\/2020\/08\/2020-08-11-Refugee-Family-Barsoums-arrive-in-Canada-4x3resized.jpg","articleSection":["News Blog - German"],"inLanguage":"de"},{"@type":"WebPage","@id":"https:\/\/martinluther.ca\/de\/2020\/08\/die-familie-barsoum-ist-in-toronto-angekommen\/","url":"https:\/\/martinluther.ca\/de\/2020\/08\/die-familie-barsoum-ist-in-toronto-angekommen\/","name":"Die Familie Barsoum ist in Toronto angekommen! - Martin Luther Evangelische Kirche Toronto","isPartOf":{"@id":"https:\/\/martinluther.ca\/de\/#website"},"primaryImageOfPage":{"@id":"https:\/\/martinluther.ca\/de\/2020\/08\/die-familie-barsoum-ist-in-toronto-angekommen\/#primaryimage"},"image":{"@id":"https:\/\/martinluther.ca\/de\/2020\/08\/die-familie-barsoum-ist-in-toronto-angekommen\/#primaryimage"},"thumbnailUrl":"https:\/\/martinluther.ca\/wp-content\/uploads\/2020\/08\/2020-08-11-Refugee-Family-Barsoums-arrive-in-Canada-4x3resized.jpg","datePublished":"2020-08-20T16:46:00+00:00","dateModified":"2020-12-23T17:48:59+00:00","breadcrumb":{"@id":"https:\/\/martinluther.ca\/de\/2020\/08\/die-familie-barsoum-ist-in-toronto-angekommen\/#breadcrumb"},"inLanguage":"de","potentialAction":[{"@type":"ReadAction","target":["https:\/\/martinluther.ca\/de\/2020\/08\/die-familie-barsoum-ist-in-toronto-angekommen\/"]}]},{"@type":"ImageObject","inLanguage":"de","@id":"https:\/\/martinluther.ca\/de\/2020\/08\/die-familie-barsoum-ist-in-toronto-angekommen\/#primaryimage","url":"https:\/\/martinluther.ca\/wp-content\/uploads\/2020\/08\/2020-08-11-Refugee-Family-Barsoums-arrive-in-Canada-4x3resized.jpg","contentUrl":"https:\/\/martinluther.ca\/wp-content\/uploads\/2020\/08\/2020-08-11-Refugee-Family-Barsoums-arrive-in-Canada-4x3resized.jpg","width":1632,"height":1224,"caption":"2020-08-11 Refugee Family arrive in Canada"},{"@type":"BreadcrumbList","@id":"https:\/\/martinluther.ca\/de\/2020\/08\/die-familie-barsoum-ist-in-toronto-angekommen\/#breadcrumb","itemListElement":[{"@type":"ListItem","position":1,"name":"Home","item":"https:\/\/martinluther.ca\/de\/"},{"@type":"ListItem","position":2,"name":"Die Familie Barsoum ist in Toronto angekommen!"}]},{"@type":"WebSite","@id":"https:\/\/martinluther.ca\/de\/#website","url":"https:\/\/martinluther.ca\/de\/","name":"Martin Luther Evangelical Church Toronto","description":"Deutsch &amp; Englisch","publisher":{"@id":"https:\/\/martinluther.ca\/de\/#organization"},"potentialAction":[{"@type":"SearchAction","target":{"@type":"EntryPoint","urlTemplate":"https:\/\/martinluther.ca\/de\/?s={search_term_string}"},"query-input":{"@type":"PropertyValueSpecification","valueRequired":true,"valueName":"search_term_string"}}],"inLanguage":"de"},{"@type":"Organization","@id":"https:\/\/martinluther.ca\/de\/#organization","name":"Martin Luther Evangelical Church Toronto","url":"https:\/\/martinluther.ca\/de\/","logo":{"@type":"ImageObject","inLanguage":"de","@id":"https:\/\/martinluther.ca\/de\/#\/schema\/logo\/image\/","url":"https:\/\/martinluther.ca\/wp-content\/uploads\/2016\/12\/ml-logo-300.png","contentUrl":"https:\/\/martinluther.ca\/wp-content\/uploads\/2016\/12\/ml-logo-300.png","width":300,"height":150,"caption":"Martin Luther Evangelical Church Toronto"},"image":{"@id":"https:\/\/martinluther.ca\/de\/#\/schema\/logo\/image\/"},"sameAs":["https:\/\/www.facebook.com\/martinlutherchurchtoronto","https:\/\/www.instagram.com\/lutheransbythelake\/","https:\/\/www.youtube.com\/MartinLutherChurchToronto"]},{"@type":"Person","@id":"https:\/\/martinluther.ca\/de\/#\/schema\/person\/815c51710f70b050f0476f18da6b0c8f","name":"Mona Kakoschke Frantzke","image":{"@type":"ImageObject","inLanguage":"de","@id":"https:\/\/secure.gravatar.com\/avatar\/0deb16854ca545cd2e9fc8001ca110d262b80d5c8317b38dc542265fbea0ed19?s=96&d=mm&r=g","url":"https:\/\/secure.gravatar.com\/avatar\/0deb16854ca545cd2e9fc8001ca110d262b80d5c8317b38dc542265fbea0ed19?s=96&d=mm&r=g","contentUrl":"https:\/\/secure.gravatar.com\/avatar\/0deb16854ca545cd2e9fc8001ca110d262b80d5c8317b38dc542265fbea0ed19?s=96&d=mm&r=g","caption":"Mona Kakoschke Frantzke"},"url":false}]}},"_links":{"self":[{"href":"https:\/\/martinluther.ca\/de\/wp-json\/wp\/v2\/posts\/35702","targetHints":{"allow":["GET"]}}],"collection":[{"href":"https:\/\/martinluther.ca\/de\/wp-json\/wp\/v2\/posts"}],"about":[{"href":"https:\/\/martinluther.ca\/de\/wp-json\/wp\/v2\/types\/post"}],"author":[{"embeddable":true,"href":"https:\/\/martinluther.ca\/de\/wp-json\/wp\/v2\/users\/9"}],"replies":[{"embeddable":true,"href":"https:\/\/martinluther.ca\/de\/wp-json\/wp\/v2\/comments?post=35702"}],"version-history":[{"count":12,"href":"https:\/\/martinluther.ca\/de\/wp-json\/wp\/v2\/posts\/35702\/revisions"}],"predecessor-version":[{"id":36475,"href":"https:\/\/martinluther.ca\/de\/wp-json\/wp\/v2\/posts\/35702\/revisions\/36475"}],"wp:featuredmedia":[{"embeddable":true,"href":"https:\/\/martinluther.ca\/de\/wp-json\/wp\/v2\/media\/35707"}],"wp:attachment":[{"href":"https:\/\/martinluther.ca\/de\/wp-json\/wp\/v2\/media?parent=35702"}],"wp:term":[{"taxonomy":"category","embeddable":true,"href":"https:\/\/martinluther.ca\/de\/wp-json\/wp\/v2\/categories?post=35702"},{"taxonomy":"post_tag","embeddable":true,"href":"https:\/\/martinluther.ca\/de\/wp-json\/wp\/v2\/tags?post=35702"},{"taxonomy":"post_series","embeddable":true,"href":"https:\/\/martinluther.ca\/de\/wp-json\/wp\/v2\/post_series?post=35702"}],"curies":[{"name":"wp","href":"https:\/\/api.w.org\/{rel}","templated":true}]}}