{"id":35834,"date":"2020-08-27T17:44:57","date_gmt":"2020-08-27T21:44:57","guid":{"rendered":"https:\/\/martinluther.ca\/?p=35834"},"modified":"2020-09-14T21:15:27","modified_gmt":"2020-09-15T01:15:27","slug":"wir-danken-unserem-oekumenischen-vikariats-team","status":"publish","type":"post","link":"https:\/\/martinluther.ca\/de\/2020\/08\/wir-danken-unserem-oekumenischen-vikariats-team\/","title":{"rendered":"R\u00fcckblick und n\u00e4chste Schritte mit unserem \u00f6kumenischen Vikariats-Team"},"content":{"rendered":"<p>Letztes Jahr haben wir zusammen mit der Redeemer Lutheran Church das \u00f6kumenische Praktikumsprogramm gestartet, um mutig mit neuen Gottesdienstformen zu experimentieren und mehr Menschen in unserer Nachbarschaft zu erreichen. (Mehr lesen:\u00a0<a href=\"https:\/\/martinluther.ca\/de\/2019\/08\/vorstellung-unserer-vier-vikare\/\">Vorstellung unserer vier Vikare<\/a>)<\/p>\n<p><a href=\"https:\/\/martinluther.ca\/wp-content\/uploads\/2020\/08\/Four-Vicars-on-the-2019-2020-Ecumenical-Internship-Team-homepage.jpg\"><img loading=\"lazy\" decoding=\"async\" class=\"alignright size-medium wp-image-35830\" src=\"https:\/\/martinluther.ca\/wp-content\/uploads\/2020\/08\/Four-Vicars-on-the-2019-2020-Ecumenical-Internship-Team-homepage-300x225.jpg\" alt=\"\" width=\"300\" height=\"225\" srcset=\"https:\/\/martinluther.ca\/wp-content\/uploads\/2020\/08\/Four-Vicars-on-the-2019-2020-Ecumenical-Internship-Team-homepage-300x225.jpg 300w, https:\/\/martinluther.ca\/wp-content\/uploads\/2020\/08\/Four-Vicars-on-the-2019-2020-Ecumenical-Internship-Team-homepage-1024x768.jpg 1024w, https:\/\/martinluther.ca\/wp-content\/uploads\/2020\/08\/Four-Vicars-on-the-2019-2020-Ecumenical-Internship-Team-homepage-768x576.jpg 768w, https:\/\/martinluther.ca\/wp-content\/uploads\/2020\/08\/Four-Vicars-on-the-2019-2020-Ecumenical-Internship-Team-homepage.jpg 1132w\" sizes=\"auto, (max-width: 300px) 100vw, 300px\" \/><\/a>Unsere vier Vikar*innen Silke Fahl, Jordan Smith, Adam McComb und Caroline Raddatz haben sich genau das trotz der COVID-19- Pandemie vorgenommen. Die Zeit f\u00fcr Vikarin Raddatz wurde leider verk\u00fcrzt, da sie im M\u00e4rz wegen der Reisewarnung nicht nach Kanada zur\u00fcckkehren konnte.<\/p>\n<p>Unser Dank gilt auch dem aus Mitgliedern der MLK und der Redeemer-Kirche bestehenden Praktikumskomitee f\u00fcr seine Unterst\u00fctzung der Vikar*innen.<\/p>\n<p>Am Sonntag, dem 30. August, haben wir das Praktikumsprogramm w\u00e4hrend des virtuellen 10-Uhr-Gottesdienstes offiziell zu Ende gebracht. Dies ist kein endg\u00fcltiger Abschied von unseren Vikar*innen , sondern hat uns erlaubt, unsere Dankbarkeit f\u00fcr ihre Arbeit als Teil dieses Teams zum Ausdruck zu bringen.<\/p>\n<p>Lesen Sie mehr \u00fcber die Erfahrungen unserer Vikar*innen und ihre n\u00e4chsten Schritte:<\/p>\n<figure id=\"attachment_35946\" aria-describedby=\"caption-attachment-35946\" style=\"width: 225px\" class=\"wp-caption alignright\"><a href=\"https:\/\/martinluther.ca\/wp-content\/uploads\/2020\/08\/Vicar-Jordan-rotated.jpg\"><img loading=\"lazy\" decoding=\"async\" class=\"size-medium wp-image-35946\" src=\"https:\/\/martinluther.ca\/wp-content\/uploads\/2020\/08\/Vicar-Jordan-225x300.jpg\" alt=\"\" width=\"225\" height=\"300\" srcset=\"https:\/\/martinluther.ca\/wp-content\/uploads\/2020\/08\/Vicar-Jordan-225x300.jpg 225w, https:\/\/martinluther.ca\/wp-content\/uploads\/2020\/08\/Vicar-Jordan-768x1024.jpg 768w, https:\/\/martinluther.ca\/wp-content\/uploads\/2020\/08\/Vicar-Jordan-1152x1536.jpg 1152w, https:\/\/martinluther.ca\/wp-content\/uploads\/2020\/08\/Vicar-Jordan-rotated.jpg 1512w\" sizes=\"auto, (max-width: 225px) 100vw, 225px\" \/><\/a><figcaption id=\"caption-attachment-35946\" class=\"wp-caption-text\">Vikar Jordan Smith<\/figcaption><\/figure>\n<p>Als ich die Martin-Luther-Kirche am ersten Tag meines Vikariats betrat, wusste ich nicht, was mich erwarten w\u00fcrde. Mehrere Studienkolleg*innen hatten gerade ihr Vikariat in verschiedenen Gemeinden beendet, aber hier handelte es sich um eine ganz andere Erfahrung:\u00a0 vier Praktikant*innen, zwei Gemeinden, zwei Pastoren und jemand\u00a0 mit Englisch als Muttersprache, der in einer mehrheitlich deutschsprachigen Gemeinde arbeiten w\u00fcrde.\u00a0 Schon am ersten Tag war die die positive Energie im B\u00fcro gro\u00df, Pastor Christian und Iris ermutigten mich, Neues auszuprobieren, und ich hatte die Erlaubnis zu experimentieren.<\/p>\n<p>Eine meiner sch\u00f6nsten Erinnerungen dieses Jahr werden die Zeiten sein, in denen wir unsere T\u00fcren in neuer Weise \u00f6ffneten.\u00a0 Das geschah zweimal, als\u00a0 wir an schulfreien Tagen Kinder zu verschiedenen Aktivit\u00e4ten einluden.\u00a0 Wir hie\u00dfen eine Anzahl Kinder aus der Nachbarschaft in unserem Geb\u00e4ude willkommen und boten in Zusammenarbeit mit der Kindertagesst\u00e4tte Bastelarbeiten, Geschichten, Imbisse und sogar ein Modellorgel-Bauprojekt an.\u00a0 Wir machten die Bekanntschaft von Menschen aus der Nachbarschaft, indem wir jeden Tag im Advent unsere T\u00fcren f\u00fcr Abendgebete und einen ruhigen Ort in der Kirche offen hielten. W\u00e4hrend dieser vierundzwanzig Tage hatten wir das Gef\u00fchl, als k\u00f6nne sich das geistige Leben der Gemeinde von Sonntagmorgen her ausweiten und auf neue Menschen im weiteren Verlauf der Woche auswirken.<\/p>\n<figure id=\"attachment_35948\" aria-describedby=\"caption-attachment-35948\" style=\"width: 225px\" class=\"wp-caption alignright\"><a href=\"https:\/\/martinluther.ca\/wp-content\/uploads\/2020\/08\/Vicar-Jordan-and-family2-rotated.jpg\"><img loading=\"lazy\" decoding=\"async\" class=\"wp-image-35948 size-medium\" src=\"https:\/\/martinluther.ca\/wp-content\/uploads\/2020\/08\/Vicar-Jordan-and-family2-225x300.jpg\" alt=\"\" width=\"225\" height=\"300\" srcset=\"https:\/\/martinluther.ca\/wp-content\/uploads\/2020\/08\/Vicar-Jordan-and-family2-225x300.jpg 225w, https:\/\/martinluther.ca\/wp-content\/uploads\/2020\/08\/Vicar-Jordan-and-family2-768x1024.jpg 768w, https:\/\/martinluther.ca\/wp-content\/uploads\/2020\/08\/Vicar-Jordan-and-family2-1152x1536.jpg 1152w, https:\/\/martinluther.ca\/wp-content\/uploads\/2020\/08\/Vicar-Jordan-and-family2-rotated.jpg 1512w\" sizes=\"auto, (max-width: 225px) 100vw, 225px\" \/><\/a><figcaption id=\"caption-attachment-35948\" class=\"wp-caption-text\">Vikar Jordan Smith mit seiner Familie<\/figcaption><\/figure>\n<p>Am 30. August beende ich meine Vikariat, und allm\u00e4hlich kristallisieren sich meine n\u00e4chsten Schritte.\u00a0 Mit diesem Praktikum habe ich den Abschluss meiner akademischen Voraussetzungen erreicht und damit meinen Master der Theologie geschafft.\u00a0 Im Fr\u00fchherbst werde ich dann\u00a0 mit dem Komitee zusammentreffen, das die Ordinierungskandidat*innen \u00fcberwacht, und danach\u00a0 mit dem bisch\u00f6flichen\u00a0 Pr\u00fcfungskomitee, das hoffentlich meinen Ordinierungsantrag genehmigt.\u00a0 Ab diesem Zeitpunkt kann ich dem Ruf einer Gemeinde folgen,\u00a0 die einen neuen Pfarrer sucht. Bis dahin werde ich Teilzeit in der Martin Luther und Redeember Kirche arbeiten und bei der Wiederer\u00f6ffnung und der Live\u00fcbertragung helfen.<\/p>\n<p>Zwar w\u00fcrden meine Familie und ich gerne im Gro\u00dfraum Toronto bleiben, trotzdem wollen wir in den n\u00e4chsten Monaten ergr\u00fcnden, wohin uns Gott in den Dienst ruft.\u00a0 Ich habe die Unterst\u00fctzung sehr gesch\u00e4tzt, die mir im vergangenen Jahr von allen Seiten\u00a0 in der Redeemer Lutheran und der Martin-Luther-Kirche zuteil geworden ist, und sch\u00e4tze Ihre Gebete auf meinem weiteren Weg Pastor zu werden.<\/p>\n<p>&#8211; Vikar Jordan Smith<\/p>\n<figure id=\"attachment_35164\" aria-describedby=\"caption-attachment-35164\" style=\"width: 300px\" class=\"wp-caption alignright\"><a href=\"https:\/\/martinluther.ca\/wp-content\/uploads\/2020\/06\/Silke-Fahl-scaled.jpg\"><img loading=\"lazy\" decoding=\"async\" class=\"wp-image-35164 size-medium\" src=\"https:\/\/martinluther.ca\/wp-content\/uploads\/2020\/06\/Silke-Fahl-300x295.jpg\" alt=\"\" width=\"300\" height=\"295\" srcset=\"https:\/\/martinluther.ca\/wp-content\/uploads\/2020\/06\/Silke-Fahl-300x295.jpg 300w, https:\/\/martinluther.ca\/wp-content\/uploads\/2020\/06\/Silke-Fahl-1024x1009.jpg 1024w, https:\/\/martinluther.ca\/wp-content\/uploads\/2020\/06\/Silke-Fahl-768x756.jpg 768w, https:\/\/martinluther.ca\/wp-content\/uploads\/2020\/06\/Silke-Fahl-1536x1513.jpg 1536w, https:\/\/martinluther.ca\/wp-content\/uploads\/2020\/06\/Silke-Fahl-2048x2017.jpg 2048w\" sizes=\"auto, (max-width: 300px) 100vw, 300px\" \/><\/a><figcaption id=\"caption-attachment-35164\" class=\"wp-caption-text\">Vikarin Silke Fahl<\/figcaption><\/figure>\n<p>Wenn ich auf die vergangenen 15 Monate zur\u00fcckblicke, sehe ich was ich alles erlebt und gelernt habe und alle Menschen und Ereignisse, die mich in positiver Weise beeinflusst haben. Bevor ich hierhergekommen bin, habe ich oft geh\u00f6rt, dass es oft stressig und anstrengend ist mit anderen Pastor*innen in einem Team zu arbeiten. Doch die Arbeit mit meinen Mit-Vikar*innen und Pastor Christian und Steve hat mir gezeigt, dass es nicht so sein muss. Lief immer alles reibungslos? Nein. Aber ich habe das Gef\u00fchl, dass wir immer konstruktiv diskutiert haben.<br \/>\nEine andere Sache an die ich mich immer gerne erinnern werde, sind all die Tage, die ich im Gemeindeb\u00fcro verbracht habe; die Zusammenarbeit mit all unseren wunderbaren ehrenamtlichen Mitarbeitenden; und die unz\u00e4hligen gro\u00dfartigen Gespr\u00e4che, die ich mit Gemeindegliedern gef\u00fchrt habe.<br \/>\nDie Mischung von klassischer Gemeindearbeit und der M\u00f6glichkeit Neues auszuprobieren war und ist f\u00fcr mich unglaublich inspirierend und ich hoffe, dass ich das auf die ein oder andere Weise fortsetzen kann. Es gab keinen Moment, in dem ich mich nicht unterst\u00fctzt gef\u00fchlt habe (vielen, vielen Dank daf\u00fcr!) und ich bin immer noch so froh und dankbar, dass die Gemeinde mein Angebot, einen Teil der Vakanzvertretung zu \u00fcbernehmen, angenommen hat und das meine Landeskirche und die EKD ebenfalls ja gesagt haben.<\/p>\n<p>Ich werde noch f\u00fcr beinahe 4 Monate hier in MLC bleiben bevor es f\u00fcr mich zur\u00fcck nach Deutschland geht. Irgendwann vor Mitte Oktober werde ich allerdings bereits erfahren, wo ich meine Probedienststelle im Januar antreten werde. Die Gemeinde wird irgendwo im \u00f6stlichen Teil Niedersachsens liegen und hoffentlich in einer Stadt oder in der N\u00e4he einer Stadt sein. Anfang Januar werde ich dann in der Gemeinde ordiniert werden und werde dort f\u00fcr mindesten drei Jahre bleiben. Ich freue mich schon sehr darauf und auch endlich meine Familie wiederzusehen. Gleichzeitig will ich aber gar nicht daran denken MLC und Toronto verlassen zu m\u00fcssen. Aber ich wage zu behaupten, dass das oftmals der Fall ist, wenn etwas zu Ende geht und etwas Neues anf\u00e4ngt. Und wenn es nach mir geht wird dies nicht mein letzter Aufenthalt in Kanada sein.<\/p>\n<p>&#8211; Vikarin Silke Fahl<\/p>\n<p>&nbsp;<\/p>\n<figure id=\"attachment_36003\" aria-describedby=\"caption-attachment-36003\" style=\"width: 205px\" class=\"wp-caption alignright\"><img loading=\"lazy\" decoding=\"async\" class=\"size-medium wp-image-36003\" src=\"https:\/\/martinluther.ca\/wp-content\/uploads\/2020\/09\/2020-Camp-Lutherlyn-Vicar-Adam-McComb-light-205x300.jpg\" alt=\"2019 Camp Lutherlyn Vicar Adam McComb\" width=\"205\" height=\"300\" srcset=\"https:\/\/martinluther.ca\/wp-content\/uploads\/2020\/09\/2020-Camp-Lutherlyn-Vicar-Adam-McComb-light-205x300.jpg 205w, https:\/\/martinluther.ca\/wp-content\/uploads\/2020\/09\/2020-Camp-Lutherlyn-Vicar-Adam-McComb-light.jpg 700w\" sizes=\"auto, (max-width: 205px) 100vw, 205px\" \/><figcaption id=\"caption-attachment-36003\" class=\"wp-caption-text\">2019 Camp Lutherlyn Vicar Adam McComb<\/figcaption><\/figure>\n<p>Ich wurde zum ersten Mal durch eine E-Mail von Rev. Dr. Christopher C. Brittain, Dean of Divinity, und Margaret E. Fleck Chair in Anglican Studies, der an der MLK einfach als der Chris von Katja und Chris bekannt ist, auf das \u00f6kumenische Praktikum aufmerksam gemacht. Damals wusste ich so gut wie nichts \u00fcber Praktika und Praxisstellen bei Trinity. Allerdings war ich sicher, dass diese Stellen auf 12 Wochen befristet w\u00e4ren, nur mit einer einzigen Gemeinde zu tun h\u00e4tten und selbstverst\u00e4ndlich in einer anglikanischen Kirche stattf\u00e4nden. Ich wusste durch den Betreff dieser E-Mail auch, dass ich so eine Praktikumsstelle wollte! Nach einem Treffen mit Iris und beiden Pastoren war ich begeistert und nach einem weiteren Treffen mit Iris und Pastor Christian irgendwie voll engagiert. Obwohl ich mich gar nicht daran erinnern kann, jemals \u201eja\u201c zu diesem Experiment gesagt zu haben, fand ich mich an meinem Schreibtisch wieder, wo ich einen Vertrag einscannte und abschickte, meine Lernziele formulierte, und mich aufs Camp und das neue Jahr vorbereitete.<\/p>\n<p>Was f\u00fcr ein Jahr das war! Ich habe die Geschichte meiner Einf\u00fchrung in das Praktikum und die Lutherische Kirche schon sehr oft freudig erz\u00e4hlt. Der Trip gen Norden ins Camp Lutherlyn war der Beginn dieser Erfahrung, ein neuer Ort mit neuen Gesichtern, zwei Kirchen dienend. Das hatte alle Elemente eines Albtraums f\u00fcr einen vern\u00fcnftigen Menschen, aber ich war begeistert. Ich rollte nach sechseinhalb Stunden langer Fahrt in minem Jeep, Joleen, an, obgleich der Pastor von drei Stunden gesprochen hatte, alle neuen Gesichter waren auf mich gerichtet, ich sch\u00e4lte mich aus dem Sitz und betete, dass meine Beine mich noch tragen w\u00fcrden, und war dann ganz schnell mittendrin. Jedes einzelne Gesicht war offen, freundlich, fasziniert und heiter, so dass es sich wie eine Heimkehr anf\u00fchlte.<\/p>\n<p>Die Tage, Wochen und Monate gingen in einander \u00fcber in einem Wirbelsturm von Erfahrungen. Gespr\u00e4chen, Erfolgen, Misserfolgen, Lektionen und offenen Gesichtern mit offenen Herzen. Einige Momente waren wirklich einzigartig und lie\u00dfen mich sagen: \u201eMan sollte nicht ordiniert werden d\u00fcrfen, ohne diese Erfahrung gemacht zu haben!\u201c<\/p>\n<p>Eines der tiefgr\u00fcndigsten Elemente waren unsere Freitagsgespr\u00e4che. Sie wurden von Pastor Christian geleitet, auch wenn er versuchte, in den Hintergrund zu treten. Diese Abenteuer beinhalteten einen angef\u00fcllten Morgen, Lunch, eine Andacht und pastorale Seelsorge, die am Ende des Tages oft gebraucht wurde, wenn wir uns mit den ganz gro\u00dfen Fragen befassten.<\/p>\n<p>Was ist die Aufgabe des\/eines Pastors; der\/einer Pastorin?<br \/>\nWas umfasst\/verlangt\/ben\u00f6tigt\/bietet diese Rolle?<br \/>\nWas ist ein\/e PastorIn der Zukunft?<br \/>\nWas ist die Rolle der Kirche, einer Kirche?<br \/>\nWenn Sie Ihre Antworten betrachten, was sind Unterschiede zwischen dem kanadischen und dem deutschen Kontext?<br \/>\nHat Ihre Ausbildung\/das Seminar Sie auf diese Rolle vorbereitet?<\/p>\n<p>Wir gr\u00fcbelten stundenlang \u00fcber diese Fragen und suchten bei gemeinsamen Mahlzeiten weiter nach Antworten, waren uns einig, erlaubten einander Uneinigkeiten, und lernten viel \u00fcber uns selbst und die anderen. Diese Freitagsgespr\u00e4che fanden mit Chris Brittain, Michael Pryse, Laurie Knott, Martin H\u00e4fele und anderen statt. Ihre Beitr\u00e4ge waren aufschlussreich \u2013 sie sagten, was ich h\u00f6ren sollte, sie sprachen voller Hoffnung, wenn ich mich niedergeschlagen f\u00fchlte, sie gaben mir Best\u00e4tigung, wenn ich mich \u00fcberfl\u00fcssig f\u00fchlte. Diese Menschen, die sich Zeit nahmen, unsere Mentoren zu sein, werden die bodenst\u00e4ndigen, hoffnungsvollen Anf\u00fchrer mit dienenden Herzen sein, die uns durch den Sturm vor uns f\u00fchren. Als Kirche sind wir gesegnet, sie zu haben. Diese Freitagsgespr\u00e4che waren eine unglaubliche M\u00f6glichkeit f\u00fcr die Gruppe von Vikaren, zu begreifen, dass wir Gro\u00dfes tr\u00e4umen, uns gewaltig anstrengen und sogar gewaltig versagen d\u00fcrfen.<\/p>\n<p>Eine von Vikar Jordans Ideen war es, die Kirche zu \u00f6ffnen \u2013 sie einfach zu \u00f6ffnen und zu sehen, was dann passiert. Er plante ein Abendgebet, Thementage f\u00fcr Kinder, Jugendliche und Familien, und war ein treuer Gastgeber f\u00fcr diese Veranstaltungen. Zu sehen, dass seine harte Arbeit und sein Herzblut sich auszahlten, war ein pers\u00f6nliches Highlight f\u00fcr mich.<\/p>\n<p>Sunday Funday ist eine phantastische E-Mail \/Liturgie, die w\u00e4hrend des Schuljahres w\u00f6chentlich an Familien mit schulpflichtigen Kindern geschickt wird; es ist die Covid-Version der Sonntagschule, aber besser! Marlena, Solveig, Pedro und Jocelyn sind engagierte Seelen, die mehr Zeit, Energie und M\u00fche in einen Sunday Funday investieren als die meisten Mega-Kirchen. Wenn ich an diese E-Mails und die bewegenden Geschichten und Erfahrungsberichte zur\u00fcckdenke, bin ich tief beeindruckt von diesem Team. Diese E-Mails mit anderen Kirchen und Freunden zu teilen war mir eine riesige Freude.<\/p>\n<p>Das kommende Jahr wird auf sch\u00f6ne Weise arbeitsreich sein. Ich werde mein Studium am Trinity College und meine Arbeit f\u00fcr Redeemer Lutheran und die Martin Luther Kirche fortsetzen. Ich bin hoffnungsvoll und bete, dass im kommenden Jahr beide Gemeinde Gott weiterhin wagemutig dienen werden. Es bleiben noch genug Kurse und Anh\u00f6rungen bei der Di\u00f6zese\/Synode, um mich f\u00fcr die n\u00e4chsten drei Semester besch\u00e4ftigt zu halten. Nicht ausschlie\u00dflich mit dem Studium, denn ich hoffe, diesen Gemeinden weiter dienen zu k\u00f6nnen und meine Aufgabe als Betreuer des Pfarrhauses weiterzuf\u00fchren. Es scheint, als h\u00e4tte ich Teile von Pastor Christians Leben \u00fcbernommen, was ich liebe und nicht vorhabe, in absehbarer Zeit zur\u00fcckzugeben. Meine Zeit mit so vielen Deutschen hat mich ermutigt, ehrlicher und direkter zu sein. Ich kann ehrlich sagen, dass ich mich vor dem Lernen online f\u00fcrchte. Dennoch kann ich auch ganz ehrlich sagen, dass ich zuversichtlich und gewiss bin, dass der Geist, der unter uns wohnt, uns f\u00fchren wird, dass die offenen Herzen h\u00f6ren werden und dass Gottes Liebe in diesen und durch diese fr\u00fcher neuen Gesichter kundgemacht wird.<\/p>\n<p>-Vikar Adam McComb<\/p>\n","protected":false},"excerpt":{"rendered":"<p>Letztes Jahr haben wir zusammen mit der Redeemer Lutheran Church das \u00f6kumenische Praktikumsprogramm gestartet, um mutig mit neuen Gottesdienstformen zu experimentieren und mehr Menschen in unserer Nachbarschaft zu erreichen. (Mehr lesen:\u00a0Vorstellung unserer vier Vikare) Unsere vier Vikar*innen Silke Fahl, Jordan Smith, Adam McComb und Caroline Raddatz haben sich genau das trotz der COVID-19- Pandemie vorgenommen.&hellip;<\/p>\n","protected":false},"author":8,"featured_media":35830,"comment_status":"closed","ping_status":"closed","sticky":false,"template":"","format":"standard","meta":{"footnotes":""},"categories":[69],"tags":[],"post_series":[],"class_list":["post-35834","post","type-post","status-publish","format-standard","has-post-thumbnail","hentry","category-news-blog-german","entry","has-media"],"yoast_head":"<!-- This site is optimized with the Yoast SEO plugin v27.5 - https:\/\/yoast.com\/product\/yoast-seo-wordpress\/ -->\n<title>R\u00fcckblick und n\u00e4chste Schritte mit unserem \u00f6kumenischen Vikariats-Team - Martin Luther Evangelische Kirche Toronto<\/title>\n<meta name=\"robots\" content=\"index, follow, max-snippet:-1, max-image-preview:large, max-video-preview:-1\" \/>\n<link rel=\"canonical\" href=\"https:\/\/martinluther.ca\/de\/2020\/08\/wir-danken-unserem-oekumenischen-vikariats-team\/\" \/>\n<meta property=\"og:locale\" content=\"de_DE\" \/>\n<meta property=\"og:type\" content=\"article\" \/>\n<meta property=\"og:title\" content=\"R\u00fcckblick und n\u00e4chste Schritte mit unserem \u00f6kumenischen Vikariats-Team - Martin Luther Evangelische Kirche Toronto\" \/>\n<meta property=\"og:description\" content=\"Letztes Jahr haben wir zusammen mit der Redeemer Lutheran Church das \u00f6kumenische Praktikumsprogramm gestartet, um mutig mit neuen Gottesdienstformen zu experimentieren und mehr Menschen in unserer Nachbarschaft zu erreichen. (Mehr lesen:\u00a0Vorstellung unserer vier Vikare) Unsere vier Vikar*innen Silke Fahl, Jordan Smith, Adam McComb und Caroline Raddatz haben sich genau das trotz der COVID-19- Pandemie vorgenommen.&hellip;\" \/>\n<meta property=\"og:url\" content=\"https:\/\/martinluther.ca\/de\/2020\/08\/wir-danken-unserem-oekumenischen-vikariats-team\/\" \/>\n<meta property=\"og:site_name\" content=\"Martin Luther Evangelische Kirche Toronto\" \/>\n<meta property=\"article:publisher\" content=\"https:\/\/www.facebook.com\/martinlutherchurchtoronto\" \/>\n<meta property=\"article:published_time\" content=\"2020-08-27T21:44:57+00:00\" \/>\n<meta property=\"article:modified_time\" content=\"2020-09-15T01:15:27+00:00\" \/>\n<meta property=\"og:image\" content=\"https:\/\/martinluther.ca\/wp-content\/uploads\/2020\/08\/Four-Vicars-on-the-2019-2020-Ecumenical-Internship-Team-homepage.jpg\" \/>\n\t<meta property=\"og:image:width\" content=\"1132\" \/>\n\t<meta property=\"og:image:height\" content=\"849\" \/>\n\t<meta property=\"og:image:type\" content=\"image\/jpeg\" \/>\n<meta name=\"author\" content=\"Marlena Muller\" \/>\n<meta name=\"twitter:card\" content=\"summary_large_image\" \/>\n<meta name=\"twitter:label1\" content=\"Verfasst von\" \/>\n\t<meta name=\"twitter:data1\" content=\"Marlena Muller\" \/>\n\t<meta name=\"twitter:label2\" content=\"Gesch\u00e4tzte Lesezeit\" \/>\n\t<meta name=\"twitter:data2\" content=\"10\u00a0Minuten\" \/>\n<script type=\"application\/ld+json\" class=\"yoast-schema-graph\">{\"@context\":\"https:\\\/\\\/schema.org\",\"@graph\":[{\"@type\":\"Article\",\"@id\":\"https:\\\/\\\/martinluther.ca\\\/de\\\/2020\\\/08\\\/wir-danken-unserem-oekumenischen-vikariats-team\\\/#article\",\"isPartOf\":{\"@id\":\"https:\\\/\\\/martinluther.ca\\\/de\\\/2020\\\/08\\\/wir-danken-unserem-oekumenischen-vikariats-team\\\/\"},\"author\":{\"name\":\"Marlena Muller\",\"@id\":\"https:\\\/\\\/martinluther.ca\\\/de\\\/#\\\/schema\\\/person\\\/ef4e825f5d9d6fd740bbd7813710e15d\"},\"headline\":\"R\u00fcckblick und n\u00e4chste Schritte mit unserem \u00f6kumenischen Vikariats-Team\",\"datePublished\":\"2020-08-27T21:44:57+00:00\",\"dateModified\":\"2020-09-15T01:15:27+00:00\",\"mainEntityOfPage\":{\"@id\":\"https:\\\/\\\/martinluther.ca\\\/de\\\/2020\\\/08\\\/wir-danken-unserem-oekumenischen-vikariats-team\\\/\"},\"wordCount\":1929,\"publisher\":{\"@id\":\"https:\\\/\\\/martinluther.ca\\\/de\\\/#organization\"},\"image\":{\"@id\":\"https:\\\/\\\/martinluther.ca\\\/de\\\/2020\\\/08\\\/wir-danken-unserem-oekumenischen-vikariats-team\\\/#primaryimage\"},\"thumbnailUrl\":\"https:\\\/\\\/martinluther.ca\\\/wp-content\\\/uploads\\\/2020\\\/08\\\/Four-Vicars-on-the-2019-2020-Ecumenical-Internship-Team-homepage.jpg\",\"articleSection\":[\"News Blog - German\"],\"inLanguage\":\"de\"},{\"@type\":\"WebPage\",\"@id\":\"https:\\\/\\\/martinluther.ca\\\/de\\\/2020\\\/08\\\/wir-danken-unserem-oekumenischen-vikariats-team\\\/\",\"url\":\"https:\\\/\\\/martinluther.ca\\\/de\\\/2020\\\/08\\\/wir-danken-unserem-oekumenischen-vikariats-team\\\/\",\"name\":\"R\u00fcckblick und n\u00e4chste Schritte mit unserem \u00f6kumenischen Vikariats-Team - Martin Luther Evangelische Kirche Toronto\",\"isPartOf\":{\"@id\":\"https:\\\/\\\/martinluther.ca\\\/de\\\/#website\"},\"primaryImageOfPage\":{\"@id\":\"https:\\\/\\\/martinluther.ca\\\/de\\\/2020\\\/08\\\/wir-danken-unserem-oekumenischen-vikariats-team\\\/#primaryimage\"},\"image\":{\"@id\":\"https:\\\/\\\/martinluther.ca\\\/de\\\/2020\\\/08\\\/wir-danken-unserem-oekumenischen-vikariats-team\\\/#primaryimage\"},\"thumbnailUrl\":\"https:\\\/\\\/martinluther.ca\\\/wp-content\\\/uploads\\\/2020\\\/08\\\/Four-Vicars-on-the-2019-2020-Ecumenical-Internship-Team-homepage.jpg\",\"datePublished\":\"2020-08-27T21:44:57+00:00\",\"dateModified\":\"2020-09-15T01:15:27+00:00\",\"breadcrumb\":{\"@id\":\"https:\\\/\\\/martinluther.ca\\\/de\\\/2020\\\/08\\\/wir-danken-unserem-oekumenischen-vikariats-team\\\/#breadcrumb\"},\"inLanguage\":\"de\",\"potentialAction\":[{\"@type\":\"ReadAction\",\"target\":[\"https:\\\/\\\/martinluther.ca\\\/de\\\/2020\\\/08\\\/wir-danken-unserem-oekumenischen-vikariats-team\\\/\"]}]},{\"@type\":\"ImageObject\",\"inLanguage\":\"de\",\"@id\":\"https:\\\/\\\/martinluther.ca\\\/de\\\/2020\\\/08\\\/wir-danken-unserem-oekumenischen-vikariats-team\\\/#primaryimage\",\"url\":\"https:\\\/\\\/martinluther.ca\\\/wp-content\\\/uploads\\\/2020\\\/08\\\/Four-Vicars-on-the-2019-2020-Ecumenical-Internship-Team-homepage.jpg\",\"contentUrl\":\"https:\\\/\\\/martinluther.ca\\\/wp-content\\\/uploads\\\/2020\\\/08\\\/Four-Vicars-on-the-2019-2020-Ecumenical-Internship-Team-homepage.jpg\",\"width\":1132,\"height\":849},{\"@type\":\"BreadcrumbList\",\"@id\":\"https:\\\/\\\/martinluther.ca\\\/de\\\/2020\\\/08\\\/wir-danken-unserem-oekumenischen-vikariats-team\\\/#breadcrumb\",\"itemListElement\":[{\"@type\":\"ListItem\",\"position\":1,\"name\":\"Home\",\"item\":\"https:\\\/\\\/martinluther.ca\\\/de\\\/\"},{\"@type\":\"ListItem\",\"position\":2,\"name\":\"R\u00fcckblick und n\u00e4chste Schritte mit unserem \u00f6kumenischen Vikariats-Team\"}]},{\"@type\":\"WebSite\",\"@id\":\"https:\\\/\\\/martinluther.ca\\\/de\\\/#website\",\"url\":\"https:\\\/\\\/martinluther.ca\\\/de\\\/\",\"name\":\"Martin Luther Evangelical Church Toronto\",\"description\":\"Deutsch &amp; Englisch\",\"publisher\":{\"@id\":\"https:\\\/\\\/martinluther.ca\\\/de\\\/#organization\"},\"potentialAction\":[{\"@type\":\"SearchAction\",\"target\":{\"@type\":\"EntryPoint\",\"urlTemplate\":\"https:\\\/\\\/martinluther.ca\\\/de\\\/?s={search_term_string}\"},\"query-input\":{\"@type\":\"PropertyValueSpecification\",\"valueRequired\":true,\"valueName\":\"search_term_string\"}}],\"inLanguage\":\"de\"},{\"@type\":\"Organization\",\"@id\":\"https:\\\/\\\/martinluther.ca\\\/de\\\/#organization\",\"name\":\"Martin Luther Evangelical Church Toronto\",\"url\":\"https:\\\/\\\/martinluther.ca\\\/de\\\/\",\"logo\":{\"@type\":\"ImageObject\",\"inLanguage\":\"de\",\"@id\":\"https:\\\/\\\/martinluther.ca\\\/de\\\/#\\\/schema\\\/logo\\\/image\\\/\",\"url\":\"https:\\\/\\\/martinluther.ca\\\/wp-content\\\/uploads\\\/2016\\\/12\\\/ml-logo-300.png\",\"contentUrl\":\"https:\\\/\\\/martinluther.ca\\\/wp-content\\\/uploads\\\/2016\\\/12\\\/ml-logo-300.png\",\"width\":300,\"height\":150,\"caption\":\"Martin Luther Evangelical Church Toronto\"},\"image\":{\"@id\":\"https:\\\/\\\/martinluther.ca\\\/de\\\/#\\\/schema\\\/logo\\\/image\\\/\"},\"sameAs\":[\"https:\\\/\\\/www.facebook.com\\\/martinlutherchurchtoronto\",\"https:\\\/\\\/www.instagram.com\\\/lutheransbythelake\\\/\",\"https:\\\/\\\/www.youtube.com\\\/MartinLutherChurchToronto\"]},{\"@type\":\"Person\",\"@id\":\"https:\\\/\\\/martinluther.ca\\\/de\\\/#\\\/schema\\\/person\\\/ef4e825f5d9d6fd740bbd7813710e15d\",\"name\":\"Marlena Muller\",\"image\":{\"@type\":\"ImageObject\",\"inLanguage\":\"de\",\"@id\":\"https:\\\/\\\/secure.gravatar.com\\\/avatar\\\/fe840ff753768b839caa2dd522d4797f19f7e22fa2da83388e0fbfc570b65a37?s=96&d=mm&r=g\",\"url\":\"https:\\\/\\\/secure.gravatar.com\\\/avatar\\\/fe840ff753768b839caa2dd522d4797f19f7e22fa2da83388e0fbfc570b65a37?s=96&d=mm&r=g\",\"contentUrl\":\"https:\\\/\\\/secure.gravatar.com\\\/avatar\\\/fe840ff753768b839caa2dd522d4797f19f7e22fa2da83388e0fbfc570b65a37?s=96&d=mm&r=g\",\"caption\":\"Marlena Muller\"},\"url\":false}]}<\/script>\n<!-- \/ Yoast SEO plugin. -->","yoast_head_json":{"title":"R\u00fcckblick und n\u00e4chste Schritte mit unserem \u00f6kumenischen Vikariats-Team - Martin Luther Evangelische Kirche Toronto","robots":{"index":"index","follow":"follow","max-snippet":"max-snippet:-1","max-image-preview":"max-image-preview:large","max-video-preview":"max-video-preview:-1"},"canonical":"https:\/\/martinluther.ca\/de\/2020\/08\/wir-danken-unserem-oekumenischen-vikariats-team\/","og_locale":"de_DE","og_type":"article","og_title":"R\u00fcckblick und n\u00e4chste Schritte mit unserem \u00f6kumenischen Vikariats-Team - Martin Luther Evangelische Kirche Toronto","og_description":"Letztes Jahr haben wir zusammen mit der Redeemer Lutheran Church das \u00f6kumenische Praktikumsprogramm gestartet, um mutig mit neuen Gottesdienstformen zu experimentieren und mehr Menschen in unserer Nachbarschaft zu erreichen. (Mehr lesen:\u00a0Vorstellung unserer vier Vikare) Unsere vier Vikar*innen Silke Fahl, Jordan Smith, Adam McComb und Caroline Raddatz haben sich genau das trotz der COVID-19- Pandemie vorgenommen.&hellip;","og_url":"https:\/\/martinluther.ca\/de\/2020\/08\/wir-danken-unserem-oekumenischen-vikariats-team\/","og_site_name":"Martin Luther Evangelische Kirche Toronto","article_publisher":"https:\/\/www.facebook.com\/martinlutherchurchtoronto","article_published_time":"2020-08-27T21:44:57+00:00","article_modified_time":"2020-09-15T01:15:27+00:00","og_image":[{"width":1132,"height":849,"url":"https:\/\/martinluther.ca\/wp-content\/uploads\/2020\/08\/Four-Vicars-on-the-2019-2020-Ecumenical-Internship-Team-homepage.jpg","type":"image\/jpeg"}],"author":"Marlena Muller","twitter_card":"summary_large_image","twitter_misc":{"Verfasst von":"Marlena Muller","Gesch\u00e4tzte Lesezeit":"10\u00a0Minuten"},"schema":{"@context":"https:\/\/schema.org","@graph":[{"@type":"Article","@id":"https:\/\/martinluther.ca\/de\/2020\/08\/wir-danken-unserem-oekumenischen-vikariats-team\/#article","isPartOf":{"@id":"https:\/\/martinluther.ca\/de\/2020\/08\/wir-danken-unserem-oekumenischen-vikariats-team\/"},"author":{"name":"Marlena Muller","@id":"https:\/\/martinluther.ca\/de\/#\/schema\/person\/ef4e825f5d9d6fd740bbd7813710e15d"},"headline":"R\u00fcckblick und n\u00e4chste Schritte mit unserem \u00f6kumenischen Vikariats-Team","datePublished":"2020-08-27T21:44:57+00:00","dateModified":"2020-09-15T01:15:27+00:00","mainEntityOfPage":{"@id":"https:\/\/martinluther.ca\/de\/2020\/08\/wir-danken-unserem-oekumenischen-vikariats-team\/"},"wordCount":1929,"publisher":{"@id":"https:\/\/martinluther.ca\/de\/#organization"},"image":{"@id":"https:\/\/martinluther.ca\/de\/2020\/08\/wir-danken-unserem-oekumenischen-vikariats-team\/#primaryimage"},"thumbnailUrl":"https:\/\/martinluther.ca\/wp-content\/uploads\/2020\/08\/Four-Vicars-on-the-2019-2020-Ecumenical-Internship-Team-homepage.jpg","articleSection":["News Blog - German"],"inLanguage":"de"},{"@type":"WebPage","@id":"https:\/\/martinluther.ca\/de\/2020\/08\/wir-danken-unserem-oekumenischen-vikariats-team\/","url":"https:\/\/martinluther.ca\/de\/2020\/08\/wir-danken-unserem-oekumenischen-vikariats-team\/","name":"R\u00fcckblick und n\u00e4chste Schritte mit unserem \u00f6kumenischen Vikariats-Team - Martin Luther Evangelische Kirche Toronto","isPartOf":{"@id":"https:\/\/martinluther.ca\/de\/#website"},"primaryImageOfPage":{"@id":"https:\/\/martinluther.ca\/de\/2020\/08\/wir-danken-unserem-oekumenischen-vikariats-team\/#primaryimage"},"image":{"@id":"https:\/\/martinluther.ca\/de\/2020\/08\/wir-danken-unserem-oekumenischen-vikariats-team\/#primaryimage"},"thumbnailUrl":"https:\/\/martinluther.ca\/wp-content\/uploads\/2020\/08\/Four-Vicars-on-the-2019-2020-Ecumenical-Internship-Team-homepage.jpg","datePublished":"2020-08-27T21:44:57+00:00","dateModified":"2020-09-15T01:15:27+00:00","breadcrumb":{"@id":"https:\/\/martinluther.ca\/de\/2020\/08\/wir-danken-unserem-oekumenischen-vikariats-team\/#breadcrumb"},"inLanguage":"de","potentialAction":[{"@type":"ReadAction","target":["https:\/\/martinluther.ca\/de\/2020\/08\/wir-danken-unserem-oekumenischen-vikariats-team\/"]}]},{"@type":"ImageObject","inLanguage":"de","@id":"https:\/\/martinluther.ca\/de\/2020\/08\/wir-danken-unserem-oekumenischen-vikariats-team\/#primaryimage","url":"https:\/\/martinluther.ca\/wp-content\/uploads\/2020\/08\/Four-Vicars-on-the-2019-2020-Ecumenical-Internship-Team-homepage.jpg","contentUrl":"https:\/\/martinluther.ca\/wp-content\/uploads\/2020\/08\/Four-Vicars-on-the-2019-2020-Ecumenical-Internship-Team-homepage.jpg","width":1132,"height":849},{"@type":"BreadcrumbList","@id":"https:\/\/martinluther.ca\/de\/2020\/08\/wir-danken-unserem-oekumenischen-vikariats-team\/#breadcrumb","itemListElement":[{"@type":"ListItem","position":1,"name":"Home","item":"https:\/\/martinluther.ca\/de\/"},{"@type":"ListItem","position":2,"name":"R\u00fcckblick und n\u00e4chste Schritte mit unserem \u00f6kumenischen Vikariats-Team"}]},{"@type":"WebSite","@id":"https:\/\/martinluther.ca\/de\/#website","url":"https:\/\/martinluther.ca\/de\/","name":"Martin Luther Evangelical Church Toronto","description":"Deutsch &amp; Englisch","publisher":{"@id":"https:\/\/martinluther.ca\/de\/#organization"},"potentialAction":[{"@type":"SearchAction","target":{"@type":"EntryPoint","urlTemplate":"https:\/\/martinluther.ca\/de\/?s={search_term_string}"},"query-input":{"@type":"PropertyValueSpecification","valueRequired":true,"valueName":"search_term_string"}}],"inLanguage":"de"},{"@type":"Organization","@id":"https:\/\/martinluther.ca\/de\/#organization","name":"Martin Luther Evangelical Church Toronto","url":"https:\/\/martinluther.ca\/de\/","logo":{"@type":"ImageObject","inLanguage":"de","@id":"https:\/\/martinluther.ca\/de\/#\/schema\/logo\/image\/","url":"https:\/\/martinluther.ca\/wp-content\/uploads\/2016\/12\/ml-logo-300.png","contentUrl":"https:\/\/martinluther.ca\/wp-content\/uploads\/2016\/12\/ml-logo-300.png","width":300,"height":150,"caption":"Martin Luther Evangelical Church Toronto"},"image":{"@id":"https:\/\/martinluther.ca\/de\/#\/schema\/logo\/image\/"},"sameAs":["https:\/\/www.facebook.com\/martinlutherchurchtoronto","https:\/\/www.instagram.com\/lutheransbythelake\/","https:\/\/www.youtube.com\/MartinLutherChurchToronto"]},{"@type":"Person","@id":"https:\/\/martinluther.ca\/de\/#\/schema\/person\/ef4e825f5d9d6fd740bbd7813710e15d","name":"Marlena Muller","image":{"@type":"ImageObject","inLanguage":"de","@id":"https:\/\/secure.gravatar.com\/avatar\/fe840ff753768b839caa2dd522d4797f19f7e22fa2da83388e0fbfc570b65a37?s=96&d=mm&r=g","url":"https:\/\/secure.gravatar.com\/avatar\/fe840ff753768b839caa2dd522d4797f19f7e22fa2da83388e0fbfc570b65a37?s=96&d=mm&r=g","contentUrl":"https:\/\/secure.gravatar.com\/avatar\/fe840ff753768b839caa2dd522d4797f19f7e22fa2da83388e0fbfc570b65a37?s=96&d=mm&r=g","caption":"Marlena Muller"},"url":false}]}},"_links":{"self":[{"href":"https:\/\/martinluther.ca\/de\/wp-json\/wp\/v2\/posts\/35834","targetHints":{"allow":["GET"]}}],"collection":[{"href":"https:\/\/martinluther.ca\/de\/wp-json\/wp\/v2\/posts"}],"about":[{"href":"https:\/\/martinluther.ca\/de\/wp-json\/wp\/v2\/types\/post"}],"author":[{"embeddable":true,"href":"https:\/\/martinluther.ca\/de\/wp-json\/wp\/v2\/users\/8"}],"replies":[{"embeddable":true,"href":"https:\/\/martinluther.ca\/de\/wp-json\/wp\/v2\/comments?post=35834"}],"version-history":[{"count":4,"href":"https:\/\/martinluther.ca\/de\/wp-json\/wp\/v2\/posts\/35834\/revisions"}],"predecessor-version":[{"id":36006,"href":"https:\/\/martinluther.ca\/de\/wp-json\/wp\/v2\/posts\/35834\/revisions\/36006"}],"wp:featuredmedia":[{"embeddable":true,"href":"https:\/\/martinluther.ca\/de\/wp-json\/wp\/v2\/media\/35830"}],"wp:attachment":[{"href":"https:\/\/martinluther.ca\/de\/wp-json\/wp\/v2\/media?parent=35834"}],"wp:term":[{"taxonomy":"category","embeddable":true,"href":"https:\/\/martinluther.ca\/de\/wp-json\/wp\/v2\/categories?post=35834"},{"taxonomy":"post_tag","embeddable":true,"href":"https:\/\/martinluther.ca\/de\/wp-json\/wp\/v2\/tags?post=35834"},{"taxonomy":"post_series","embeddable":true,"href":"https:\/\/martinluther.ca\/de\/wp-json\/wp\/v2\/post_series?post=35834"}],"curies":[{"name":"wp","href":"https:\/\/api.w.org\/{rel}","templated":true}]}}