{"id":35899,"date":"2020-08-27T14:55:02","date_gmt":"2020-08-27T18:55:02","guid":{"rendered":"https:\/\/martinluther.ca\/?p=35899"},"modified":"2020-09-01T17:58:17","modified_gmt":"2020-09-01T21:58:17","slug":"oktober-neuer-konfirmandenkurs-beginnt-und-konfirmationsgottesdienst-fuer-die-2019-2020-konfirmanden-findet-statt","status":"publish","type":"post","link":"https:\/\/martinluther.ca\/de\/2020\/08\/oktober-neuer-konfirmandenkurs-beginnt-und-konfirmationsgottesdienst-fuer-die-2019-2020-konfirmanden-findet-statt\/","title":{"rendered":"Oktober: Neuer Konfirmandenkurs beginnt und Konfirmationsgottesdienst f\u00fcr die 2019-2020 Konfirmanden findet statt"},"content":{"rendered":"<p><a href=\"https:\/\/martinluther.ca\/wp-content\/uploads\/2020\/08\/2020-Confirmation-Poster.jpg\"><img loading=\"lazy\" decoding=\"async\" class=\"alignright wp-image-35902\" src=\"https:\/\/martinluther.ca\/wp-content\/uploads\/2020\/08\/2020-Confirmation-Poster-232x300.jpg\" alt=\"\" width=\"500\" height=\"647\" srcset=\"https:\/\/martinluther.ca\/wp-content\/uploads\/2020\/08\/2020-Confirmation-Poster-232x300.jpg 232w, https:\/\/martinluther.ca\/wp-content\/uploads\/2020\/08\/2020-Confirmation-Poster-791x1024.jpg 791w, https:\/\/martinluther.ca\/wp-content\/uploads\/2020\/08\/2020-Confirmation-Poster-768x994.jpg 768w, https:\/\/martinluther.ca\/wp-content\/uploads\/2020\/08\/2020-Confirmation-Poster-1187x1536.jpg 1187w, https:\/\/martinluther.ca\/wp-content\/uploads\/2020\/08\/2020-Confirmation-Poster-1583x2048.jpg 1583w, https:\/\/martinluther.ca\/wp-content\/uploads\/2020\/08\/2020-Confirmation-Poster.jpg 1700w\" sizes=\"auto, (max-width: 500px) 100vw, 500px\" \/><\/a>Anmeldung f\u00fcr den neuen Konfirmandenkurs ist ab sofort m\u00f6glich! <a href=\"https:\/\/martinluther.ca\/wp-content\/uploads\/2020\/08\/2020-2021-Confirmation-Registration-Form.pdf\" target=\"_blank\" rel=\"noopener noreferrer\">[PDF]<\/a><\/p>\n<p>Unsere neuen Konfirmanden sind zum Gottesdienst am 27. September 2020 um 11.00 Uhr eingeladen um von der Gemeinde begr\u00fc\u00dft zu werden.<\/p>\n<p>Kurstermine: Die erste Termin sind den 17. Oktober und 14. November.<\/p>\n<p>Weitere Informationen finden Sie auf unserer Website \u201e<a href=\"https:\/\/martinluther.ca\/de\/programme-und-dienste\/konfirmation\/\" target=\"_blank\" rel=\"noopener noreferrer\">Konfirmation<\/a>\u201e.<\/p>\n<p>Der Kurs dauert ein Jahr und endet mit der Konfirmation an Pfingsten 2021. Gedacht ist der Kurs f\u00fcr Jugendliche, die nach den Sommerferien die siebte Klasse besuchen oder zwischen 12 und 15 Jahre alt sind (Ausnahmen sind nach R\u00fccksprache m\u00f6glich). Der Unterricht findet je nach Sprachkenntnis der Teilnehmenden auf Deutsch und Englisch statt.<\/p>\n<p>Normalerweise treffen sich die Konfirmand*innen\u00a0 einmal im Monat in der Martin Luther Kirche von Samstagnachmittag bis Sonntagmittag. Au\u00dferdem finden zwei dreit\u00e4gige Wochenendfreizeiten statt; eine im Herbst und eine im Winter.<\/p>\n<p><em>Due to public health restrictions during the pandemic we will be meeting on Saturday afternoons, sleeping at home, and then attending worship on Sunday. Depending on current public health advisories, we may try to have weekend retreats again in the spring.<\/em><\/p>\n<p>Melden Sie sich bitte bei Vikarin Silke Fahl, vicarfahl@martinluther.ca, 905-717-5937, oder Marlena im B\u00fcro.<\/p>\n<p>&nbsp;<\/p>\n<figure id=\"attachment_35818\" aria-describedby=\"caption-attachment-35818\" style=\"width: 300px\" class=\"wp-caption alignright\"><a href=\"https:\/\/martinluther.ca\/wp-content\/uploads\/2020\/08\/IMG_4799.jpeg\"><img loading=\"lazy\" decoding=\"async\" class=\"size-medium wp-image-35818\" src=\"https:\/\/martinluther.ca\/wp-content\/uploads\/2020\/08\/IMG_4799-300x175.jpeg\" alt=\"\" width=\"300\" height=\"175\" srcset=\"https:\/\/martinluther.ca\/wp-content\/uploads\/2020\/08\/IMG_4799-300x175.jpeg 300w, https:\/\/martinluther.ca\/wp-content\/uploads\/2020\/08\/IMG_4799-1024x598.jpeg 1024w, https:\/\/martinluther.ca\/wp-content\/uploads\/2020\/08\/IMG_4799-768x449.jpeg 768w, https:\/\/martinluther.ca\/wp-content\/uploads\/2020\/08\/IMG_4799.jpeg 1280w\" sizes=\"auto, (max-width: 300px) 100vw, 300px\" \/><\/a><figcaption id=\"caption-attachment-35818\" class=\"wp-caption-text\">The 2019-2020 Confirmands get ice cream!<\/figcaption><\/figure>\n<p><em>Our 2019-2020 Confirmands have been patiently waiting for their Confirmation. It is finally scheduled to take place in October. Closer to the date, we will share whether the worship service will be open to the public.\u00a0<\/em><\/p>\n<p>Einer unserer Konfirmanden beschreibt seine Erfahrung in dieser Zeit:<\/p>\n<p>Konfirmation ist ein wichtiges Ereignis in unserm Leben. Das ist wenn man seinen Glauben an Gott in der Kirche konfirmiert (d.h. best\u00e4tigt). F\u00fcr was so bedeutendes w\u00fcnschte ich dass es anders w\u00e4re. Die erste H\u00e4lfte war viel Spa\u00df weil wir noch in die Kirche gehen und einander sehen konnten. Und wir konnten sogar gemeinsam Ausfl\u00fcge machen. Aber als die Pandemie ausbrach, ging das leider nicht mehr. Wir hatten zwar Klassen auf Zoom die auch Spa\u00df machten aber ich mag die echte Klassen besser. Die Zoom-Klassen waren andererseits auch sch\u00f6n weil sie uns etwas zu tun gaben w\u00e4hrend der Corona-Pandemie. Da nun die Klassen jetzt fertig sind bleibt nur noch die Abschlusspr\u00fcfung und die Konfirmation selber. Ich hoffe wir k\u00f6nnen es sofort &#8212;nach Ende der Pandemie&#8212; machen wenn Vikar Jordan noch bei uns ist! Bis dann, k\u00f6nnen wir nur beten dass es hoffentlich so kommen wird&#8230;<\/p>\n<p>-Alex Boettcher<\/p>\n<p>&nbsp;<\/p>\n<p>&nbsp;<\/p>\n","protected":false},"excerpt":{"rendered":"<p>Anmeldung f\u00fcr den neuen Konfirmandenkurs ist ab sofort m\u00f6glich! [PDF] Unsere neuen Konfirmanden sind zum Gottesdienst am 27. September 2020 um 11.00 Uhr eingeladen um von der Gemeinde begr\u00fc\u00dft zu werden. Kurstermine: Die erste Termin sind den 17. Oktober und 14. November. Weitere Informationen finden Sie auf unserer Website \u201eKonfirmation\u201e. Der Kurs dauert ein Jahr&hellip;<\/p>\n","protected":false},"author":8,"featured_media":35898,"comment_status":"closed","ping_status":"closed","sticky":false,"template":"","format":"standard","meta":{"footnotes":""},"categories":[69],"tags":[],"post_series":[],"class_list":["post-35899","post","type-post","status-publish","format-standard","has-post-thumbnail","hentry","category-news-blog-german","entry","has-media"],"yoast_head":"<!-- This site is optimized with the Yoast SEO plugin v27.5 - https:\/\/yoast.com\/product\/yoast-seo-wordpress\/ -->\n<title>Oktober: Neuer Konfirmandenkurs beginnt und Konfirmationsgottesdienst f\u00fcr die 2019-2020 Konfirmanden findet statt - Martin Luther Evangelische Kirche Toronto<\/title>\n<meta name=\"robots\" content=\"index, follow, max-snippet:-1, max-image-preview:large, max-video-preview:-1\" \/>\n<link rel=\"canonical\" href=\"https:\/\/martinluther.ca\/de\/2020\/08\/oktober-neuer-konfirmandenkurs-beginnt-und-konfirmationsgottesdienst-fuer-die-2019-2020-konfirmanden-findet-statt\/\" \/>\n<meta property=\"og:locale\" content=\"de_DE\" \/>\n<meta property=\"og:type\" content=\"article\" \/>\n<meta property=\"og:title\" content=\"Oktober: Neuer Konfirmandenkurs beginnt und Konfirmationsgottesdienst f\u00fcr die 2019-2020 Konfirmanden findet statt - Martin Luther Evangelische Kirche Toronto\" \/>\n<meta property=\"og:description\" content=\"Anmeldung f\u00fcr den neuen Konfirmandenkurs ist ab sofort m\u00f6glich! [PDF] Unsere neuen Konfirmanden sind zum Gottesdienst am 27. September 2020 um 11.00 Uhr eingeladen um von der Gemeinde begr\u00fc\u00dft zu werden. Kurstermine: Die erste Termin sind den 17. Oktober und 14. November. Weitere Informationen finden Sie auf unserer Website \u201eKonfirmation\u201e. Der Kurs dauert ein Jahr&hellip;\" \/>\n<meta property=\"og:url\" content=\"https:\/\/martinluther.ca\/de\/2020\/08\/oktober-neuer-konfirmandenkurs-beginnt-und-konfirmationsgottesdienst-fuer-die-2019-2020-konfirmanden-findet-statt\/\" \/>\n<meta property=\"og:site_name\" content=\"Martin Luther Evangelische Kirche Toronto\" \/>\n<meta property=\"article:publisher\" content=\"https:\/\/www.facebook.com\/martinlutherchurchtoronto\" \/>\n<meta property=\"article:published_time\" content=\"2020-08-27T18:55:02+00:00\" \/>\n<meta property=\"article:modified_time\" content=\"2020-09-01T21:58:17+00:00\" \/>\n<meta property=\"og:image\" content=\"https:\/\/martinluther.ca\/wp-content\/uploads\/2020\/09\/Confirmation-Class-2020-2021-homepage.jpeg\" \/>\n\t<meta property=\"og:image:width\" content=\"994\" \/>\n\t<meta property=\"og:image:height\" content=\"745\" \/>\n\t<meta property=\"og:image:type\" content=\"image\/jpeg\" \/>\n<meta name=\"author\" content=\"Marlena Muller\" \/>\n<meta name=\"twitter:card\" content=\"summary_large_image\" \/>\n<meta name=\"twitter:label1\" content=\"Verfasst von\" \/>\n\t<meta name=\"twitter:data1\" content=\"Marlena Muller\" \/>\n\t<meta name=\"twitter:label2\" content=\"Gesch\u00e4tzte Lesezeit\" \/>\n\t<meta name=\"twitter:data2\" content=\"2\u00a0Minuten\" \/>\n<script type=\"application\/ld+json\" class=\"yoast-schema-graph\">{\"@context\":\"https:\\\/\\\/schema.org\",\"@graph\":[{\"@type\":\"Article\",\"@id\":\"https:\\\/\\\/martinluther.ca\\\/de\\\/2020\\\/08\\\/oktober-neuer-konfirmandenkurs-beginnt-und-konfirmationsgottesdienst-fuer-die-2019-2020-konfirmanden-findet-statt\\\/#article\",\"isPartOf\":{\"@id\":\"https:\\\/\\\/martinluther.ca\\\/de\\\/2020\\\/08\\\/oktober-neuer-konfirmandenkurs-beginnt-und-konfirmationsgottesdienst-fuer-die-2019-2020-konfirmanden-findet-statt\\\/\"},\"author\":{\"name\":\"Marlena Muller\",\"@id\":\"https:\\\/\\\/martinluther.ca\\\/de\\\/#\\\/schema\\\/person\\\/ef4e825f5d9d6fd740bbd7813710e15d\"},\"headline\":\"Oktober: Neuer Konfirmandenkurs beginnt und Konfirmationsgottesdienst f\u00fcr die 2019-2020 Konfirmanden findet statt\",\"datePublished\":\"2020-08-27T18:55:02+00:00\",\"dateModified\":\"2020-09-01T21:58:17+00:00\",\"mainEntityOfPage\":{\"@id\":\"https:\\\/\\\/martinluther.ca\\\/de\\\/2020\\\/08\\\/oktober-neuer-konfirmandenkurs-beginnt-und-konfirmationsgottesdienst-fuer-die-2019-2020-konfirmanden-findet-statt\\\/\"},\"wordCount\":426,\"publisher\":{\"@id\":\"https:\\\/\\\/martinluther.ca\\\/de\\\/#organization\"},\"image\":{\"@id\":\"https:\\\/\\\/martinluther.ca\\\/de\\\/2020\\\/08\\\/oktober-neuer-konfirmandenkurs-beginnt-und-konfirmationsgottesdienst-fuer-die-2019-2020-konfirmanden-findet-statt\\\/#primaryimage\"},\"thumbnailUrl\":\"https:\\\/\\\/martinluther.ca\\\/wp-content\\\/uploads\\\/2020\\\/09\\\/Confirmation-Class-2020-2021-homepage.jpeg\",\"articleSection\":[\"News Blog - German\"],\"inLanguage\":\"de\"},{\"@type\":\"WebPage\",\"@id\":\"https:\\\/\\\/martinluther.ca\\\/de\\\/2020\\\/08\\\/oktober-neuer-konfirmandenkurs-beginnt-und-konfirmationsgottesdienst-fuer-die-2019-2020-konfirmanden-findet-statt\\\/\",\"url\":\"https:\\\/\\\/martinluther.ca\\\/de\\\/2020\\\/08\\\/oktober-neuer-konfirmandenkurs-beginnt-und-konfirmationsgottesdienst-fuer-die-2019-2020-konfirmanden-findet-statt\\\/\",\"name\":\"Oktober: Neuer Konfirmandenkurs beginnt und Konfirmationsgottesdienst f\u00fcr die 2019-2020 Konfirmanden findet statt - Martin Luther Evangelische Kirche Toronto\",\"isPartOf\":{\"@id\":\"https:\\\/\\\/martinluther.ca\\\/de\\\/#website\"},\"primaryImageOfPage\":{\"@id\":\"https:\\\/\\\/martinluther.ca\\\/de\\\/2020\\\/08\\\/oktober-neuer-konfirmandenkurs-beginnt-und-konfirmationsgottesdienst-fuer-die-2019-2020-konfirmanden-findet-statt\\\/#primaryimage\"},\"image\":{\"@id\":\"https:\\\/\\\/martinluther.ca\\\/de\\\/2020\\\/08\\\/oktober-neuer-konfirmandenkurs-beginnt-und-konfirmationsgottesdienst-fuer-die-2019-2020-konfirmanden-findet-statt\\\/#primaryimage\"},\"thumbnailUrl\":\"https:\\\/\\\/martinluther.ca\\\/wp-content\\\/uploads\\\/2020\\\/09\\\/Confirmation-Class-2020-2021-homepage.jpeg\",\"datePublished\":\"2020-08-27T18:55:02+00:00\",\"dateModified\":\"2020-09-01T21:58:17+00:00\",\"breadcrumb\":{\"@id\":\"https:\\\/\\\/martinluther.ca\\\/de\\\/2020\\\/08\\\/oktober-neuer-konfirmandenkurs-beginnt-und-konfirmationsgottesdienst-fuer-die-2019-2020-konfirmanden-findet-statt\\\/#breadcrumb\"},\"inLanguage\":\"de\",\"potentialAction\":[{\"@type\":\"ReadAction\",\"target\":[\"https:\\\/\\\/martinluther.ca\\\/de\\\/2020\\\/08\\\/oktober-neuer-konfirmandenkurs-beginnt-und-konfirmationsgottesdienst-fuer-die-2019-2020-konfirmanden-findet-statt\\\/\"]}]},{\"@type\":\"ImageObject\",\"inLanguage\":\"de\",\"@id\":\"https:\\\/\\\/martinluther.ca\\\/de\\\/2020\\\/08\\\/oktober-neuer-konfirmandenkurs-beginnt-und-konfirmationsgottesdienst-fuer-die-2019-2020-konfirmanden-findet-statt\\\/#primaryimage\",\"url\":\"https:\\\/\\\/martinluther.ca\\\/wp-content\\\/uploads\\\/2020\\\/09\\\/Confirmation-Class-2020-2021-homepage.jpeg\",\"contentUrl\":\"https:\\\/\\\/martinluther.ca\\\/wp-content\\\/uploads\\\/2020\\\/09\\\/Confirmation-Class-2020-2021-homepage.jpeg\",\"width\":994,\"height\":745},{\"@type\":\"BreadcrumbList\",\"@id\":\"https:\\\/\\\/martinluther.ca\\\/de\\\/2020\\\/08\\\/oktober-neuer-konfirmandenkurs-beginnt-und-konfirmationsgottesdienst-fuer-die-2019-2020-konfirmanden-findet-statt\\\/#breadcrumb\",\"itemListElement\":[{\"@type\":\"ListItem\",\"position\":1,\"name\":\"Home\",\"item\":\"https:\\\/\\\/martinluther.ca\\\/de\\\/\"},{\"@type\":\"ListItem\",\"position\":2,\"name\":\"Oktober: Neuer Konfirmandenkurs beginnt und Konfirmationsgottesdienst f\u00fcr die 2019-2020 Konfirmanden findet statt\"}]},{\"@type\":\"WebSite\",\"@id\":\"https:\\\/\\\/martinluther.ca\\\/de\\\/#website\",\"url\":\"https:\\\/\\\/martinluther.ca\\\/de\\\/\",\"name\":\"Martin Luther Evangelical Church Toronto\",\"description\":\"Deutsch &amp; Englisch\",\"publisher\":{\"@id\":\"https:\\\/\\\/martinluther.ca\\\/de\\\/#organization\"},\"potentialAction\":[{\"@type\":\"SearchAction\",\"target\":{\"@type\":\"EntryPoint\",\"urlTemplate\":\"https:\\\/\\\/martinluther.ca\\\/de\\\/?s={search_term_string}\"},\"query-input\":{\"@type\":\"PropertyValueSpecification\",\"valueRequired\":true,\"valueName\":\"search_term_string\"}}],\"inLanguage\":\"de\"},{\"@type\":\"Organization\",\"@id\":\"https:\\\/\\\/martinluther.ca\\\/de\\\/#organization\",\"name\":\"Martin Luther Evangelical Church Toronto\",\"url\":\"https:\\\/\\\/martinluther.ca\\\/de\\\/\",\"logo\":{\"@type\":\"ImageObject\",\"inLanguage\":\"de\",\"@id\":\"https:\\\/\\\/martinluther.ca\\\/de\\\/#\\\/schema\\\/logo\\\/image\\\/\",\"url\":\"https:\\\/\\\/martinluther.ca\\\/wp-content\\\/uploads\\\/2016\\\/12\\\/ml-logo-300.png\",\"contentUrl\":\"https:\\\/\\\/martinluther.ca\\\/wp-content\\\/uploads\\\/2016\\\/12\\\/ml-logo-300.png\",\"width\":300,\"height\":150,\"caption\":\"Martin Luther Evangelical Church Toronto\"},\"image\":{\"@id\":\"https:\\\/\\\/martinluther.ca\\\/de\\\/#\\\/schema\\\/logo\\\/image\\\/\"},\"sameAs\":[\"https:\\\/\\\/www.facebook.com\\\/martinlutherchurchtoronto\",\"https:\\\/\\\/www.instagram.com\\\/lutheransbythelake\\\/\",\"https:\\\/\\\/www.youtube.com\\\/MartinLutherChurchToronto\"]},{\"@type\":\"Person\",\"@id\":\"https:\\\/\\\/martinluther.ca\\\/de\\\/#\\\/schema\\\/person\\\/ef4e825f5d9d6fd740bbd7813710e15d\",\"name\":\"Marlena Muller\",\"image\":{\"@type\":\"ImageObject\",\"inLanguage\":\"de\",\"@id\":\"https:\\\/\\\/secure.gravatar.com\\\/avatar\\\/fe840ff753768b839caa2dd522d4797f19f7e22fa2da83388e0fbfc570b65a37?s=96&d=mm&r=g\",\"url\":\"https:\\\/\\\/secure.gravatar.com\\\/avatar\\\/fe840ff753768b839caa2dd522d4797f19f7e22fa2da83388e0fbfc570b65a37?s=96&d=mm&r=g\",\"contentUrl\":\"https:\\\/\\\/secure.gravatar.com\\\/avatar\\\/fe840ff753768b839caa2dd522d4797f19f7e22fa2da83388e0fbfc570b65a37?s=96&d=mm&r=g\",\"caption\":\"Marlena Muller\"},\"url\":false}]}<\/script>\n<!-- \/ Yoast SEO plugin. -->","yoast_head_json":{"title":"Oktober: Neuer Konfirmandenkurs beginnt und Konfirmationsgottesdienst f\u00fcr die 2019-2020 Konfirmanden findet statt - Martin Luther Evangelische Kirche Toronto","robots":{"index":"index","follow":"follow","max-snippet":"max-snippet:-1","max-image-preview":"max-image-preview:large","max-video-preview":"max-video-preview:-1"},"canonical":"https:\/\/martinluther.ca\/de\/2020\/08\/oktober-neuer-konfirmandenkurs-beginnt-und-konfirmationsgottesdienst-fuer-die-2019-2020-konfirmanden-findet-statt\/","og_locale":"de_DE","og_type":"article","og_title":"Oktober: Neuer Konfirmandenkurs beginnt und Konfirmationsgottesdienst f\u00fcr die 2019-2020 Konfirmanden findet statt - Martin Luther Evangelische Kirche Toronto","og_description":"Anmeldung f\u00fcr den neuen Konfirmandenkurs ist ab sofort m\u00f6glich! [PDF] Unsere neuen Konfirmanden sind zum Gottesdienst am 27. September 2020 um 11.00 Uhr eingeladen um von der Gemeinde begr\u00fc\u00dft zu werden. Kurstermine: Die erste Termin sind den 17. Oktober und 14. November. Weitere Informationen finden Sie auf unserer Website \u201eKonfirmation\u201e. Der Kurs dauert ein Jahr&hellip;","og_url":"https:\/\/martinluther.ca\/de\/2020\/08\/oktober-neuer-konfirmandenkurs-beginnt-und-konfirmationsgottesdienst-fuer-die-2019-2020-konfirmanden-findet-statt\/","og_site_name":"Martin Luther Evangelische Kirche Toronto","article_publisher":"https:\/\/www.facebook.com\/martinlutherchurchtoronto","article_published_time":"2020-08-27T18:55:02+00:00","article_modified_time":"2020-09-01T21:58:17+00:00","og_image":[{"width":994,"height":745,"url":"https:\/\/martinluther.ca\/wp-content\/uploads\/2020\/09\/Confirmation-Class-2020-2021-homepage.jpeg","type":"image\/jpeg"}],"author":"Marlena Muller","twitter_card":"summary_large_image","twitter_misc":{"Verfasst von":"Marlena Muller","Gesch\u00e4tzte Lesezeit":"2\u00a0Minuten"},"schema":{"@context":"https:\/\/schema.org","@graph":[{"@type":"Article","@id":"https:\/\/martinluther.ca\/de\/2020\/08\/oktober-neuer-konfirmandenkurs-beginnt-und-konfirmationsgottesdienst-fuer-die-2019-2020-konfirmanden-findet-statt\/#article","isPartOf":{"@id":"https:\/\/martinluther.ca\/de\/2020\/08\/oktober-neuer-konfirmandenkurs-beginnt-und-konfirmationsgottesdienst-fuer-die-2019-2020-konfirmanden-findet-statt\/"},"author":{"name":"Marlena Muller","@id":"https:\/\/martinluther.ca\/de\/#\/schema\/person\/ef4e825f5d9d6fd740bbd7813710e15d"},"headline":"Oktober: Neuer Konfirmandenkurs beginnt und Konfirmationsgottesdienst f\u00fcr die 2019-2020 Konfirmanden findet statt","datePublished":"2020-08-27T18:55:02+00:00","dateModified":"2020-09-01T21:58:17+00:00","mainEntityOfPage":{"@id":"https:\/\/martinluther.ca\/de\/2020\/08\/oktober-neuer-konfirmandenkurs-beginnt-und-konfirmationsgottesdienst-fuer-die-2019-2020-konfirmanden-findet-statt\/"},"wordCount":426,"publisher":{"@id":"https:\/\/martinluther.ca\/de\/#organization"},"image":{"@id":"https:\/\/martinluther.ca\/de\/2020\/08\/oktober-neuer-konfirmandenkurs-beginnt-und-konfirmationsgottesdienst-fuer-die-2019-2020-konfirmanden-findet-statt\/#primaryimage"},"thumbnailUrl":"https:\/\/martinluther.ca\/wp-content\/uploads\/2020\/09\/Confirmation-Class-2020-2021-homepage.jpeg","articleSection":["News Blog - German"],"inLanguage":"de"},{"@type":"WebPage","@id":"https:\/\/martinluther.ca\/de\/2020\/08\/oktober-neuer-konfirmandenkurs-beginnt-und-konfirmationsgottesdienst-fuer-die-2019-2020-konfirmanden-findet-statt\/","url":"https:\/\/martinluther.ca\/de\/2020\/08\/oktober-neuer-konfirmandenkurs-beginnt-und-konfirmationsgottesdienst-fuer-die-2019-2020-konfirmanden-findet-statt\/","name":"Oktober: Neuer Konfirmandenkurs beginnt und Konfirmationsgottesdienst f\u00fcr die 2019-2020 Konfirmanden findet statt - Martin Luther Evangelische Kirche Toronto","isPartOf":{"@id":"https:\/\/martinluther.ca\/de\/#website"},"primaryImageOfPage":{"@id":"https:\/\/martinluther.ca\/de\/2020\/08\/oktober-neuer-konfirmandenkurs-beginnt-und-konfirmationsgottesdienst-fuer-die-2019-2020-konfirmanden-findet-statt\/#primaryimage"},"image":{"@id":"https:\/\/martinluther.ca\/de\/2020\/08\/oktober-neuer-konfirmandenkurs-beginnt-und-konfirmationsgottesdienst-fuer-die-2019-2020-konfirmanden-findet-statt\/#primaryimage"},"thumbnailUrl":"https:\/\/martinluther.ca\/wp-content\/uploads\/2020\/09\/Confirmation-Class-2020-2021-homepage.jpeg","datePublished":"2020-08-27T18:55:02+00:00","dateModified":"2020-09-01T21:58:17+00:00","breadcrumb":{"@id":"https:\/\/martinluther.ca\/de\/2020\/08\/oktober-neuer-konfirmandenkurs-beginnt-und-konfirmationsgottesdienst-fuer-die-2019-2020-konfirmanden-findet-statt\/#breadcrumb"},"inLanguage":"de","potentialAction":[{"@type":"ReadAction","target":["https:\/\/martinluther.ca\/de\/2020\/08\/oktober-neuer-konfirmandenkurs-beginnt-und-konfirmationsgottesdienst-fuer-die-2019-2020-konfirmanden-findet-statt\/"]}]},{"@type":"ImageObject","inLanguage":"de","@id":"https:\/\/martinluther.ca\/de\/2020\/08\/oktober-neuer-konfirmandenkurs-beginnt-und-konfirmationsgottesdienst-fuer-die-2019-2020-konfirmanden-findet-statt\/#primaryimage","url":"https:\/\/martinluther.ca\/wp-content\/uploads\/2020\/09\/Confirmation-Class-2020-2021-homepage.jpeg","contentUrl":"https:\/\/martinluther.ca\/wp-content\/uploads\/2020\/09\/Confirmation-Class-2020-2021-homepage.jpeg","width":994,"height":745},{"@type":"BreadcrumbList","@id":"https:\/\/martinluther.ca\/de\/2020\/08\/oktober-neuer-konfirmandenkurs-beginnt-und-konfirmationsgottesdienst-fuer-die-2019-2020-konfirmanden-findet-statt\/#breadcrumb","itemListElement":[{"@type":"ListItem","position":1,"name":"Home","item":"https:\/\/martinluther.ca\/de\/"},{"@type":"ListItem","position":2,"name":"Oktober: Neuer Konfirmandenkurs beginnt und Konfirmationsgottesdienst f\u00fcr die 2019-2020 Konfirmanden findet statt"}]},{"@type":"WebSite","@id":"https:\/\/martinluther.ca\/de\/#website","url":"https:\/\/martinluther.ca\/de\/","name":"Martin Luther Evangelical Church Toronto","description":"Deutsch &amp; Englisch","publisher":{"@id":"https:\/\/martinluther.ca\/de\/#organization"},"potentialAction":[{"@type":"SearchAction","target":{"@type":"EntryPoint","urlTemplate":"https:\/\/martinluther.ca\/de\/?s={search_term_string}"},"query-input":{"@type":"PropertyValueSpecification","valueRequired":true,"valueName":"search_term_string"}}],"inLanguage":"de"},{"@type":"Organization","@id":"https:\/\/martinluther.ca\/de\/#organization","name":"Martin Luther Evangelical Church Toronto","url":"https:\/\/martinluther.ca\/de\/","logo":{"@type":"ImageObject","inLanguage":"de","@id":"https:\/\/martinluther.ca\/de\/#\/schema\/logo\/image\/","url":"https:\/\/martinluther.ca\/wp-content\/uploads\/2016\/12\/ml-logo-300.png","contentUrl":"https:\/\/martinluther.ca\/wp-content\/uploads\/2016\/12\/ml-logo-300.png","width":300,"height":150,"caption":"Martin Luther Evangelical Church Toronto"},"image":{"@id":"https:\/\/martinluther.ca\/de\/#\/schema\/logo\/image\/"},"sameAs":["https:\/\/www.facebook.com\/martinlutherchurchtoronto","https:\/\/www.instagram.com\/lutheransbythelake\/","https:\/\/www.youtube.com\/MartinLutherChurchToronto"]},{"@type":"Person","@id":"https:\/\/martinluther.ca\/de\/#\/schema\/person\/ef4e825f5d9d6fd740bbd7813710e15d","name":"Marlena Muller","image":{"@type":"ImageObject","inLanguage":"de","@id":"https:\/\/secure.gravatar.com\/avatar\/fe840ff753768b839caa2dd522d4797f19f7e22fa2da83388e0fbfc570b65a37?s=96&d=mm&r=g","url":"https:\/\/secure.gravatar.com\/avatar\/fe840ff753768b839caa2dd522d4797f19f7e22fa2da83388e0fbfc570b65a37?s=96&d=mm&r=g","contentUrl":"https:\/\/secure.gravatar.com\/avatar\/fe840ff753768b839caa2dd522d4797f19f7e22fa2da83388e0fbfc570b65a37?s=96&d=mm&r=g","caption":"Marlena Muller"},"url":false}]}},"_links":{"self":[{"href":"https:\/\/martinluther.ca\/de\/wp-json\/wp\/v2\/posts\/35899","targetHints":{"allow":["GET"]}}],"collection":[{"href":"https:\/\/martinluther.ca\/de\/wp-json\/wp\/v2\/posts"}],"about":[{"href":"https:\/\/martinluther.ca\/de\/wp-json\/wp\/v2\/types\/post"}],"author":[{"embeddable":true,"href":"https:\/\/martinluther.ca\/de\/wp-json\/wp\/v2\/users\/8"}],"replies":[{"embeddable":true,"href":"https:\/\/martinluther.ca\/de\/wp-json\/wp\/v2\/comments?post=35899"}],"version-history":[{"count":4,"href":"https:\/\/martinluther.ca\/de\/wp-json\/wp\/v2\/posts\/35899\/revisions"}],"predecessor-version":[{"id":35908,"href":"https:\/\/martinluther.ca\/de\/wp-json\/wp\/v2\/posts\/35899\/revisions\/35908"}],"wp:featuredmedia":[{"embeddable":true,"href":"https:\/\/martinluther.ca\/de\/wp-json\/wp\/v2\/media\/35898"}],"wp:attachment":[{"href":"https:\/\/martinluther.ca\/de\/wp-json\/wp\/v2\/media?parent=35899"}],"wp:term":[{"taxonomy":"category","embeddable":true,"href":"https:\/\/martinluther.ca\/de\/wp-json\/wp\/v2\/categories?post=35899"},{"taxonomy":"post_tag","embeddable":true,"href":"https:\/\/martinluther.ca\/de\/wp-json\/wp\/v2\/tags?post=35899"},{"taxonomy":"post_series","embeddable":true,"href":"https:\/\/martinluther.ca\/de\/wp-json\/wp\/v2\/post_series?post=35899"}],"curies":[{"name":"wp","href":"https:\/\/api.w.org\/{rel}","templated":true}]}}