{"id":36222,"date":"2020-10-08T15:41:08","date_gmt":"2020-10-08T19:41:08","guid":{"rendered":"https:\/\/martinluther.ca\/?p=36222"},"modified":"2020-10-08T16:33:17","modified_gmt":"2020-10-08T20:33:17","slug":"wir-wuenschen-pastor-ceconi-alles-gute-mit-der-berliner-stadtmission","status":"publish","type":"post","link":"https:\/\/martinluther.ca\/de\/2020\/10\/wir-wuenschen-pastor-ceconi-alles-gute-mit-der-berliner-stadtmission\/","title":{"rendered":"Wir w\u00fcnschen Pastor Ceconi alles Gute mit der Berliner Stadtmission"},"content":{"rendered":"<p><a href=\"https:\/\/martinluther.ca\/wp-content\/uploads\/2020\/10\/PASTOR4.jpe\"><img loading=\"lazy\" decoding=\"async\" class=\"alignright size-medium wp-image-36226\" src=\"https:\/\/martinluther.ca\/wp-content\/uploads\/2020\/10\/PASTOR4-300x225.jpe\" alt=\"\" width=\"300\" height=\"225\" srcset=\"https:\/\/martinluther.ca\/wp-content\/uploads\/2020\/10\/PASTOR4-300x225.jpe 300w, https:\/\/martinluther.ca\/wp-content\/uploads\/2020\/10\/PASTOR4-1024x768.jpe 1024w, https:\/\/martinluther.ca\/wp-content\/uploads\/2020\/10\/PASTOR4-768x576.jpe 768w, https:\/\/martinluther.ca\/wp-content\/uploads\/2020\/10\/PASTOR4.jpe 1198w\" sizes=\"auto, (max-width: 300px) 100vw, 300px\" \/><\/a>Am Samstag, dem 12. September 2020, wurde <strong>Pastor Christian Ceconi<\/strong> an seinem neuen Wirkungsort Berlin formell in sein Amt als <strong>Direktor und Theologischer Vorstand<\/strong> der 1873 gegr\u00fcndeten Stadtmission von <strong>Bischof Christian St\u00e4blein<\/strong> eingefu\u0308hrt.<\/p>\n<p>Inmitten der Pandemie-Sicherheitsma\u00dfnahmen fand der Gottesdienst auf der Festwiese der Stadtmission mit Picknick und musikalischer Begleitung einer Band aus Berlin-Kreuzberg statt. Anwesend waren auch drei ehemalige Vikarinnen der Martin Luther Kirche: die Pastorinnen <strong>Catharina Klein, Caroline Raddatz<\/strong>, und <strong>Mirjam Steinebach<\/strong>.<\/p>\n<p><a href=\"https:\/\/martinluther.ca\/wp-content\/uploads\/2020\/10\/Pastors-Thara-Mirjam-and-Caroline.jpeg\"><img loading=\"lazy\" decoding=\"async\" class=\"alignright size-medium wp-image-36217\" src=\"https:\/\/martinluther.ca\/wp-content\/uploads\/2020\/10\/Pastors-Thara-Mirjam-and-Caroline-300x237.jpeg\" alt=\"\" width=\"300\" height=\"237\" srcset=\"https:\/\/martinluther.ca\/wp-content\/uploads\/2020\/10\/Pastors-Thara-Mirjam-and-Caroline-300x237.jpeg 300w, https:\/\/martinluther.ca\/wp-content\/uploads\/2020\/10\/Pastors-Thara-Mirjam-and-Caroline-1024x810.jpeg 1024w, https:\/\/martinluther.ca\/wp-content\/uploads\/2020\/10\/Pastors-Thara-Mirjam-and-Caroline-768x608.jpeg 768w, https:\/\/martinluther.ca\/wp-content\/uploads\/2020\/10\/Pastors-Thara-Mirjam-and-Caroline-1536x1215.jpeg 1536w, https:\/\/martinluther.ca\/wp-content\/uploads\/2020\/10\/Pastors-Thara-Mirjam-and-Caroline.jpeg 1600w\" sizes=\"auto, (max-width: 300px) 100vw, 300px\" \/><\/a>Bei der Berliner Stadtmission ist Pastor Ceconi, als Chef von 1000 festen und ca. 1500 ehrenamtlichen Mitarbeitern, mit Herz und Seele dabei. Unteranderem arbeitet er in der Bildungsarbeit, sowie der Jugend- und Altenhilfe, die dort zu den Schwerpunkten seiner Arbeit geh\u00f6ren.<\/p>\n<p>Auch das Problem der Obdachlosigkeit liegt Pastor Ceconi sehr am Herzen. Daher macht er sich dar\u00fcber Gedanken,wie man am besten diejenigen erreichen kann, die \u201eaus dem sozialen System gefallen\u201c sind (z.B. die Obdachlosen), aber auch die Menschen, denen Kirche zu abgehoben oder zu weit weg erscheint.<\/p>\n<p>Auch deshalb f\u00e4hrt er bei jeder Gelegenheit in Berlin Rad,damit er den Menschen n\u00e4her ist und auf Augenh\u00f6he auf sie zugehen kann. Dass es ihm dabei ernst ist, sieht man daran, dass er sich bewusst entschlossen hat kein eigenes Auto anzuschaffen.<\/p>\n<p>Inzwischen sind auch seine Frau <strong>Corinna<\/strong> und die drei T\u00f6chter (<strong>Emilia, Anabell<\/strong>, u. <strong>Cosima<\/strong>) in die bequem gelegene Wohnung in Berlin-Sch\u00f6neberg gezogen, wo auch die Schule der T\u00f6chter ist.<\/p>\n<p>Wir, als Martin Luther Gemeinde, w\u00fcnschen der Familie Ceconi sowie unserer weitreichenden Kirchenfamilie in Deutschland weiterhin alles Gute im beruflichen und privaten Leben!<\/p>\n<p>Sie k\u00f6nnen mehr \u00fcber Pastor Ceconi in der <em>Berliner Morgenpost<\/em> lesen: <a href=\"https:\/\/www.morgenpost.de\/berlin\/spaziergang\/article230399446\/Kirche-ist-ueberall-da-wo-Menschen-sind.html\" target=\"_blank\" rel=\"noopener noreferrer\">https:\/\/www.morgenpost.de\/berlin\/spaziergang\/article230399446\/Kirche-ist-ueberall-da-wo-Menschen-sind.html<\/a><\/p>\n","protected":false},"excerpt":{"rendered":"<p>Am Samstag, dem 12. September 2020, wurde Pastor Christian Ceconi an seinem neuen Wirkungsort Berlin formell in sein Amt als Direktor und Theologischer Vorstand der 1873 gegr\u00fcndeten Stadtmission von Bischof Christian St\u00e4blein eingefu\u0308hrt. Inmitten der Pandemie-Sicherheitsma\u00dfnahmen fand der Gottesdienst auf der Festwiese der Stadtmission mit Picknick und musikalischer Begleitung einer Band aus Berlin-Kreuzberg statt. Anwesend&hellip;<\/p>\n","protected":false},"author":8,"featured_media":36226,"comment_status":"closed","ping_status":"closed","sticky":false,"template":"","format":"standard","meta":{"footnotes":""},"categories":[69],"tags":[],"post_series":[],"class_list":["post-36222","post","type-post","status-publish","format-standard","has-post-thumbnail","hentry","category-news-blog-german","entry","has-media"],"yoast_head":"<!-- This site is optimized with the Yoast SEO plugin v27.5 - https:\/\/yoast.com\/product\/yoast-seo-wordpress\/ -->\n<title>Wir w\u00fcnschen Pastor Ceconi alles Gute mit der Berliner Stadtmission - Martin Luther Evangelische Kirche Toronto<\/title>\n<meta name=\"robots\" content=\"index, follow, max-snippet:-1, max-image-preview:large, max-video-preview:-1\" \/>\n<link rel=\"canonical\" href=\"https:\/\/martinluther.ca\/de\/2020\/10\/wir-wuenschen-pastor-ceconi-alles-gute-mit-der-berliner-stadtmission\/\" \/>\n<meta property=\"og:locale\" content=\"de_DE\" \/>\n<meta property=\"og:type\" content=\"article\" \/>\n<meta property=\"og:title\" content=\"Wir w\u00fcnschen Pastor Ceconi alles Gute mit der Berliner Stadtmission - Martin Luther Evangelische Kirche Toronto\" \/>\n<meta property=\"og:description\" content=\"Am Samstag, dem 12. September 2020, wurde Pastor Christian Ceconi an seinem neuen Wirkungsort Berlin formell in sein Amt als Direktor und Theologischer Vorstand der 1873 gegr\u00fcndeten Stadtmission von Bischof Christian St\u00e4blein eingefu\u0308hrt. Inmitten der Pandemie-Sicherheitsma\u00dfnahmen fand der Gottesdienst auf der Festwiese der Stadtmission mit Picknick und musikalischer Begleitung einer Band aus Berlin-Kreuzberg statt. Anwesend&hellip;\" \/>\n<meta property=\"og:url\" content=\"https:\/\/martinluther.ca\/de\/2020\/10\/wir-wuenschen-pastor-ceconi-alles-gute-mit-der-berliner-stadtmission\/\" \/>\n<meta property=\"og:site_name\" content=\"Martin Luther Evangelische Kirche Toronto\" \/>\n<meta property=\"article:publisher\" content=\"https:\/\/www.facebook.com\/martinlutherchurchtoronto\" \/>\n<meta property=\"article:published_time\" content=\"2020-10-08T19:41:08+00:00\" \/>\n<meta property=\"article:modified_time\" content=\"2020-10-08T20:33:17+00:00\" \/>\n<meta property=\"og:image\" content=\"https:\/\/martinluther.ca\/wp-content\/uploads\/2020\/10\/PASTOR4.jpe\" \/>\n\t<meta property=\"og:image:width\" content=\"1198\" \/>\n\t<meta property=\"og:image:height\" content=\"899\" \/>\n\t<meta property=\"og:image:type\" content=\"image\/jpeg\" \/>\n<meta name=\"author\" content=\"Marlena Muller\" \/>\n<meta name=\"twitter:card\" content=\"summary_large_image\" \/>\n<meta name=\"twitter:label1\" content=\"Verfasst von\" \/>\n\t<meta name=\"twitter:data1\" content=\"Marlena Muller\" \/>\n\t<meta name=\"twitter:label2\" content=\"Gesch\u00e4tzte Lesezeit\" \/>\n\t<meta name=\"twitter:data2\" content=\"1\u00a0Minute\" \/>\n<script type=\"application\/ld+json\" class=\"yoast-schema-graph\">{\"@context\":\"https:\\\/\\\/schema.org\",\"@graph\":[{\"@type\":\"Article\",\"@id\":\"https:\\\/\\\/martinluther.ca\\\/de\\\/2020\\\/10\\\/wir-wuenschen-pastor-ceconi-alles-gute-mit-der-berliner-stadtmission\\\/#article\",\"isPartOf\":{\"@id\":\"https:\\\/\\\/martinluther.ca\\\/de\\\/2020\\\/10\\\/wir-wuenschen-pastor-ceconi-alles-gute-mit-der-berliner-stadtmission\\\/\"},\"author\":{\"name\":\"Marlena Muller\",\"@id\":\"https:\\\/\\\/martinluther.ca\\\/de\\\/#\\\/schema\\\/person\\\/ef4e825f5d9d6fd740bbd7813710e15d\"},\"headline\":\"Wir w\u00fcnschen Pastor Ceconi alles Gute mit der Berliner Stadtmission\",\"datePublished\":\"2020-10-08T19:41:08+00:00\",\"dateModified\":\"2020-10-08T20:33:17+00:00\",\"mainEntityOfPage\":{\"@id\":\"https:\\\/\\\/martinluther.ca\\\/de\\\/2020\\\/10\\\/wir-wuenschen-pastor-ceconi-alles-gute-mit-der-berliner-stadtmission\\\/\"},\"wordCount\":296,\"publisher\":{\"@id\":\"https:\\\/\\\/martinluther.ca\\\/de\\\/#organization\"},\"image\":{\"@id\":\"https:\\\/\\\/martinluther.ca\\\/de\\\/2020\\\/10\\\/wir-wuenschen-pastor-ceconi-alles-gute-mit-der-berliner-stadtmission\\\/#primaryimage\"},\"thumbnailUrl\":\"https:\\\/\\\/martinluther.ca\\\/wp-content\\\/uploads\\\/2020\\\/10\\\/PASTOR4.jpe\",\"articleSection\":[\"News Blog - German\"],\"inLanguage\":\"de\"},{\"@type\":\"WebPage\",\"@id\":\"https:\\\/\\\/martinluther.ca\\\/de\\\/2020\\\/10\\\/wir-wuenschen-pastor-ceconi-alles-gute-mit-der-berliner-stadtmission\\\/\",\"url\":\"https:\\\/\\\/martinluther.ca\\\/de\\\/2020\\\/10\\\/wir-wuenschen-pastor-ceconi-alles-gute-mit-der-berliner-stadtmission\\\/\",\"name\":\"Wir w\u00fcnschen Pastor Ceconi alles Gute mit der Berliner Stadtmission - Martin Luther Evangelische Kirche Toronto\",\"isPartOf\":{\"@id\":\"https:\\\/\\\/martinluther.ca\\\/de\\\/#website\"},\"primaryImageOfPage\":{\"@id\":\"https:\\\/\\\/martinluther.ca\\\/de\\\/2020\\\/10\\\/wir-wuenschen-pastor-ceconi-alles-gute-mit-der-berliner-stadtmission\\\/#primaryimage\"},\"image\":{\"@id\":\"https:\\\/\\\/martinluther.ca\\\/de\\\/2020\\\/10\\\/wir-wuenschen-pastor-ceconi-alles-gute-mit-der-berliner-stadtmission\\\/#primaryimage\"},\"thumbnailUrl\":\"https:\\\/\\\/martinluther.ca\\\/wp-content\\\/uploads\\\/2020\\\/10\\\/PASTOR4.jpe\",\"datePublished\":\"2020-10-08T19:41:08+00:00\",\"dateModified\":\"2020-10-08T20:33:17+00:00\",\"breadcrumb\":{\"@id\":\"https:\\\/\\\/martinluther.ca\\\/de\\\/2020\\\/10\\\/wir-wuenschen-pastor-ceconi-alles-gute-mit-der-berliner-stadtmission\\\/#breadcrumb\"},\"inLanguage\":\"de\",\"potentialAction\":[{\"@type\":\"ReadAction\",\"target\":[\"https:\\\/\\\/martinluther.ca\\\/de\\\/2020\\\/10\\\/wir-wuenschen-pastor-ceconi-alles-gute-mit-der-berliner-stadtmission\\\/\"]}]},{\"@type\":\"ImageObject\",\"inLanguage\":\"de\",\"@id\":\"https:\\\/\\\/martinluther.ca\\\/de\\\/2020\\\/10\\\/wir-wuenschen-pastor-ceconi-alles-gute-mit-der-berliner-stadtmission\\\/#primaryimage\",\"url\":\"https:\\\/\\\/martinluther.ca\\\/wp-content\\\/uploads\\\/2020\\\/10\\\/PASTOR4.jpe\",\"contentUrl\":\"https:\\\/\\\/martinluther.ca\\\/wp-content\\\/uploads\\\/2020\\\/10\\\/PASTOR4.jpe\",\"width\":1198,\"height\":899},{\"@type\":\"BreadcrumbList\",\"@id\":\"https:\\\/\\\/martinluther.ca\\\/de\\\/2020\\\/10\\\/wir-wuenschen-pastor-ceconi-alles-gute-mit-der-berliner-stadtmission\\\/#breadcrumb\",\"itemListElement\":[{\"@type\":\"ListItem\",\"position\":1,\"name\":\"Home\",\"item\":\"https:\\\/\\\/martinluther.ca\\\/de\\\/\"},{\"@type\":\"ListItem\",\"position\":2,\"name\":\"Wir w\u00fcnschen Pastor Ceconi alles Gute mit der Berliner Stadtmission\"}]},{\"@type\":\"WebSite\",\"@id\":\"https:\\\/\\\/martinluther.ca\\\/de\\\/#website\",\"url\":\"https:\\\/\\\/martinluther.ca\\\/de\\\/\",\"name\":\"Martin Luther Evangelical Church Toronto\",\"description\":\"Deutsch &amp; Englisch\",\"publisher\":{\"@id\":\"https:\\\/\\\/martinluther.ca\\\/de\\\/#organization\"},\"potentialAction\":[{\"@type\":\"SearchAction\",\"target\":{\"@type\":\"EntryPoint\",\"urlTemplate\":\"https:\\\/\\\/martinluther.ca\\\/de\\\/?s={search_term_string}\"},\"query-input\":{\"@type\":\"PropertyValueSpecification\",\"valueRequired\":true,\"valueName\":\"search_term_string\"}}],\"inLanguage\":\"de\"},{\"@type\":\"Organization\",\"@id\":\"https:\\\/\\\/martinluther.ca\\\/de\\\/#organization\",\"name\":\"Martin Luther Evangelical Church Toronto\",\"url\":\"https:\\\/\\\/martinluther.ca\\\/de\\\/\",\"logo\":{\"@type\":\"ImageObject\",\"inLanguage\":\"de\",\"@id\":\"https:\\\/\\\/martinluther.ca\\\/de\\\/#\\\/schema\\\/logo\\\/image\\\/\",\"url\":\"https:\\\/\\\/martinluther.ca\\\/wp-content\\\/uploads\\\/2016\\\/12\\\/ml-logo-300.png\",\"contentUrl\":\"https:\\\/\\\/martinluther.ca\\\/wp-content\\\/uploads\\\/2016\\\/12\\\/ml-logo-300.png\",\"width\":300,\"height\":150,\"caption\":\"Martin Luther Evangelical Church Toronto\"},\"image\":{\"@id\":\"https:\\\/\\\/martinluther.ca\\\/de\\\/#\\\/schema\\\/logo\\\/image\\\/\"},\"sameAs\":[\"https:\\\/\\\/www.facebook.com\\\/martinlutherchurchtoronto\",\"https:\\\/\\\/www.instagram.com\\\/lutheransbythelake\\\/\",\"https:\\\/\\\/www.youtube.com\\\/MartinLutherChurchToronto\"]},{\"@type\":\"Person\",\"@id\":\"https:\\\/\\\/martinluther.ca\\\/de\\\/#\\\/schema\\\/person\\\/ef4e825f5d9d6fd740bbd7813710e15d\",\"name\":\"Marlena Muller\",\"image\":{\"@type\":\"ImageObject\",\"inLanguage\":\"de\",\"@id\":\"https:\\\/\\\/secure.gravatar.com\\\/avatar\\\/fe840ff753768b839caa2dd522d4797f19f7e22fa2da83388e0fbfc570b65a37?s=96&d=mm&r=g\",\"url\":\"https:\\\/\\\/secure.gravatar.com\\\/avatar\\\/fe840ff753768b839caa2dd522d4797f19f7e22fa2da83388e0fbfc570b65a37?s=96&d=mm&r=g\",\"contentUrl\":\"https:\\\/\\\/secure.gravatar.com\\\/avatar\\\/fe840ff753768b839caa2dd522d4797f19f7e22fa2da83388e0fbfc570b65a37?s=96&d=mm&r=g\",\"caption\":\"Marlena Muller\"},\"url\":false}]}<\/script>\n<!-- \/ Yoast SEO plugin. -->","yoast_head_json":{"title":"Wir w\u00fcnschen Pastor Ceconi alles Gute mit der Berliner Stadtmission - Martin Luther Evangelische Kirche Toronto","robots":{"index":"index","follow":"follow","max-snippet":"max-snippet:-1","max-image-preview":"max-image-preview:large","max-video-preview":"max-video-preview:-1"},"canonical":"https:\/\/martinluther.ca\/de\/2020\/10\/wir-wuenschen-pastor-ceconi-alles-gute-mit-der-berliner-stadtmission\/","og_locale":"de_DE","og_type":"article","og_title":"Wir w\u00fcnschen Pastor Ceconi alles Gute mit der Berliner Stadtmission - Martin Luther Evangelische Kirche Toronto","og_description":"Am Samstag, dem 12. September 2020, wurde Pastor Christian Ceconi an seinem neuen Wirkungsort Berlin formell in sein Amt als Direktor und Theologischer Vorstand der 1873 gegr\u00fcndeten Stadtmission von Bischof Christian St\u00e4blein eingefu\u0308hrt. Inmitten der Pandemie-Sicherheitsma\u00dfnahmen fand der Gottesdienst auf der Festwiese der Stadtmission mit Picknick und musikalischer Begleitung einer Band aus Berlin-Kreuzberg statt. Anwesend&hellip;","og_url":"https:\/\/martinluther.ca\/de\/2020\/10\/wir-wuenschen-pastor-ceconi-alles-gute-mit-der-berliner-stadtmission\/","og_site_name":"Martin Luther Evangelische Kirche Toronto","article_publisher":"https:\/\/www.facebook.com\/martinlutherchurchtoronto","article_published_time":"2020-10-08T19:41:08+00:00","article_modified_time":"2020-10-08T20:33:17+00:00","og_image":[{"width":1198,"height":899,"url":"https:\/\/martinluther.ca\/wp-content\/uploads\/2020\/10\/PASTOR4.jpe","type":"image\/jpeg"}],"author":"Marlena Muller","twitter_card":"summary_large_image","twitter_misc":{"Verfasst von":"Marlena Muller","Gesch\u00e4tzte Lesezeit":"1\u00a0Minute"},"schema":{"@context":"https:\/\/schema.org","@graph":[{"@type":"Article","@id":"https:\/\/martinluther.ca\/de\/2020\/10\/wir-wuenschen-pastor-ceconi-alles-gute-mit-der-berliner-stadtmission\/#article","isPartOf":{"@id":"https:\/\/martinluther.ca\/de\/2020\/10\/wir-wuenschen-pastor-ceconi-alles-gute-mit-der-berliner-stadtmission\/"},"author":{"name":"Marlena Muller","@id":"https:\/\/martinluther.ca\/de\/#\/schema\/person\/ef4e825f5d9d6fd740bbd7813710e15d"},"headline":"Wir w\u00fcnschen Pastor Ceconi alles Gute mit der Berliner Stadtmission","datePublished":"2020-10-08T19:41:08+00:00","dateModified":"2020-10-08T20:33:17+00:00","mainEntityOfPage":{"@id":"https:\/\/martinluther.ca\/de\/2020\/10\/wir-wuenschen-pastor-ceconi-alles-gute-mit-der-berliner-stadtmission\/"},"wordCount":296,"publisher":{"@id":"https:\/\/martinluther.ca\/de\/#organization"},"image":{"@id":"https:\/\/martinluther.ca\/de\/2020\/10\/wir-wuenschen-pastor-ceconi-alles-gute-mit-der-berliner-stadtmission\/#primaryimage"},"thumbnailUrl":"https:\/\/martinluther.ca\/wp-content\/uploads\/2020\/10\/PASTOR4.jpe","articleSection":["News Blog - German"],"inLanguage":"de"},{"@type":"WebPage","@id":"https:\/\/martinluther.ca\/de\/2020\/10\/wir-wuenschen-pastor-ceconi-alles-gute-mit-der-berliner-stadtmission\/","url":"https:\/\/martinluther.ca\/de\/2020\/10\/wir-wuenschen-pastor-ceconi-alles-gute-mit-der-berliner-stadtmission\/","name":"Wir w\u00fcnschen Pastor Ceconi alles Gute mit der Berliner Stadtmission - Martin Luther Evangelische Kirche Toronto","isPartOf":{"@id":"https:\/\/martinluther.ca\/de\/#website"},"primaryImageOfPage":{"@id":"https:\/\/martinluther.ca\/de\/2020\/10\/wir-wuenschen-pastor-ceconi-alles-gute-mit-der-berliner-stadtmission\/#primaryimage"},"image":{"@id":"https:\/\/martinluther.ca\/de\/2020\/10\/wir-wuenschen-pastor-ceconi-alles-gute-mit-der-berliner-stadtmission\/#primaryimage"},"thumbnailUrl":"https:\/\/martinluther.ca\/wp-content\/uploads\/2020\/10\/PASTOR4.jpe","datePublished":"2020-10-08T19:41:08+00:00","dateModified":"2020-10-08T20:33:17+00:00","breadcrumb":{"@id":"https:\/\/martinluther.ca\/de\/2020\/10\/wir-wuenschen-pastor-ceconi-alles-gute-mit-der-berliner-stadtmission\/#breadcrumb"},"inLanguage":"de","potentialAction":[{"@type":"ReadAction","target":["https:\/\/martinluther.ca\/de\/2020\/10\/wir-wuenschen-pastor-ceconi-alles-gute-mit-der-berliner-stadtmission\/"]}]},{"@type":"ImageObject","inLanguage":"de","@id":"https:\/\/martinluther.ca\/de\/2020\/10\/wir-wuenschen-pastor-ceconi-alles-gute-mit-der-berliner-stadtmission\/#primaryimage","url":"https:\/\/martinluther.ca\/wp-content\/uploads\/2020\/10\/PASTOR4.jpe","contentUrl":"https:\/\/martinluther.ca\/wp-content\/uploads\/2020\/10\/PASTOR4.jpe","width":1198,"height":899},{"@type":"BreadcrumbList","@id":"https:\/\/martinluther.ca\/de\/2020\/10\/wir-wuenschen-pastor-ceconi-alles-gute-mit-der-berliner-stadtmission\/#breadcrumb","itemListElement":[{"@type":"ListItem","position":1,"name":"Home","item":"https:\/\/martinluther.ca\/de\/"},{"@type":"ListItem","position":2,"name":"Wir w\u00fcnschen Pastor Ceconi alles Gute mit der Berliner Stadtmission"}]},{"@type":"WebSite","@id":"https:\/\/martinluther.ca\/de\/#website","url":"https:\/\/martinluther.ca\/de\/","name":"Martin Luther Evangelical Church Toronto","description":"Deutsch &amp; Englisch","publisher":{"@id":"https:\/\/martinluther.ca\/de\/#organization"},"potentialAction":[{"@type":"SearchAction","target":{"@type":"EntryPoint","urlTemplate":"https:\/\/martinluther.ca\/de\/?s={search_term_string}"},"query-input":{"@type":"PropertyValueSpecification","valueRequired":true,"valueName":"search_term_string"}}],"inLanguage":"de"},{"@type":"Organization","@id":"https:\/\/martinluther.ca\/de\/#organization","name":"Martin Luther Evangelical Church Toronto","url":"https:\/\/martinluther.ca\/de\/","logo":{"@type":"ImageObject","inLanguage":"de","@id":"https:\/\/martinluther.ca\/de\/#\/schema\/logo\/image\/","url":"https:\/\/martinluther.ca\/wp-content\/uploads\/2016\/12\/ml-logo-300.png","contentUrl":"https:\/\/martinluther.ca\/wp-content\/uploads\/2016\/12\/ml-logo-300.png","width":300,"height":150,"caption":"Martin Luther Evangelical Church Toronto"},"image":{"@id":"https:\/\/martinluther.ca\/de\/#\/schema\/logo\/image\/"},"sameAs":["https:\/\/www.facebook.com\/martinlutherchurchtoronto","https:\/\/www.instagram.com\/lutheransbythelake\/","https:\/\/www.youtube.com\/MartinLutherChurchToronto"]},{"@type":"Person","@id":"https:\/\/martinluther.ca\/de\/#\/schema\/person\/ef4e825f5d9d6fd740bbd7813710e15d","name":"Marlena Muller","image":{"@type":"ImageObject","inLanguage":"de","@id":"https:\/\/secure.gravatar.com\/avatar\/fe840ff753768b839caa2dd522d4797f19f7e22fa2da83388e0fbfc570b65a37?s=96&d=mm&r=g","url":"https:\/\/secure.gravatar.com\/avatar\/fe840ff753768b839caa2dd522d4797f19f7e22fa2da83388e0fbfc570b65a37?s=96&d=mm&r=g","contentUrl":"https:\/\/secure.gravatar.com\/avatar\/fe840ff753768b839caa2dd522d4797f19f7e22fa2da83388e0fbfc570b65a37?s=96&d=mm&r=g","caption":"Marlena Muller"},"url":false}]}},"_links":{"self":[{"href":"https:\/\/martinluther.ca\/de\/wp-json\/wp\/v2\/posts\/36222","targetHints":{"allow":["GET"]}}],"collection":[{"href":"https:\/\/martinluther.ca\/de\/wp-json\/wp\/v2\/posts"}],"about":[{"href":"https:\/\/martinluther.ca\/de\/wp-json\/wp\/v2\/types\/post"}],"author":[{"embeddable":true,"href":"https:\/\/martinluther.ca\/de\/wp-json\/wp\/v2\/users\/8"}],"replies":[{"embeddable":true,"href":"https:\/\/martinluther.ca\/de\/wp-json\/wp\/v2\/comments?post=36222"}],"version-history":[{"count":3,"href":"https:\/\/martinluther.ca\/de\/wp-json\/wp\/v2\/posts\/36222\/revisions"}],"predecessor-version":[{"id":36229,"href":"https:\/\/martinluther.ca\/de\/wp-json\/wp\/v2\/posts\/36222\/revisions\/36229"}],"wp:featuredmedia":[{"embeddable":true,"href":"https:\/\/martinluther.ca\/de\/wp-json\/wp\/v2\/media\/36226"}],"wp:attachment":[{"href":"https:\/\/martinluther.ca\/de\/wp-json\/wp\/v2\/media?parent=36222"}],"wp:term":[{"taxonomy":"category","embeddable":true,"href":"https:\/\/martinluther.ca\/de\/wp-json\/wp\/v2\/categories?post=36222"},{"taxonomy":"post_tag","embeddable":true,"href":"https:\/\/martinluther.ca\/de\/wp-json\/wp\/v2\/tags?post=36222"},{"taxonomy":"post_series","embeddable":true,"href":"https:\/\/martinluther.ca\/de\/wp-json\/wp\/v2\/post_series?post=36222"}],"curies":[{"name":"wp","href":"https:\/\/api.w.org\/{rel}","templated":true}]}}