{"id":36240,"date":"2020-10-08T16:45:52","date_gmt":"2020-10-08T20:45:52","guid":{"rendered":"https:\/\/martinluther.ca\/?p=36240"},"modified":"2020-10-08T16:46:38","modified_gmt":"2020-10-08T20:46:38","slug":"thanksgiving-nachricht-von-vikarin-silke-fahl","status":"publish","type":"post","link":"https:\/\/martinluther.ca\/de\/2020\/10\/thanksgiving-nachricht-von-vikarin-silke-fahl\/","title":{"rendered":"Thanksgiving-Nachricht von Vikarin Silke Fahl"},"content":{"rendered":"<p>Liebe Gemeinde,<\/p>\n<p>wieder einmal ist es soweit: Wir feiern Thanksgiving. Allerdings in diesem Jahr vermutlich f\u00fcr viele von uns anders als wir es sonst gefeiert haben. Es wird geraten nur mit den Menschen zu feiern, mit denen wir zusammenleben. Das kann f\u00fcr viele von uns schwer sein. Vielleicht weil wir es gewohnt sind mit ganz vielen Freund*innen und Familienmitgliedern Thanksgiving zu feiern und dieses Jahr deutlich weniger Menschen da sein werden oder weil wir alleine leben und deswegen Thanksgiving alleine verbringen werden. Da Thanksgiving, bzw. Erntedank in Deutschland kein gro\u00dfes Fest und schon gar kein Familienfest ist \u2013 zumindest nicht dort wo ich herkommen \u2013 f\u00e4llt es mir nicht schwer, dass Thanksgiving anders sein wird als im letzten Jahr. Aber ich wei\u00df genau wie schwer es ist solche Feiertage, vor allem Weihnachten und den Altjahresabend, ohne meine Familie zu verbringen.<a href=\"https:\/\/martinluther.ca\/wp-content\/uploads\/2020\/10\/Thanksgiving-Blessing-1.png\"><img loading=\"lazy\" decoding=\"async\" class=\"alignright size-medium wp-image-36235\" src=\"https:\/\/martinluther.ca\/wp-content\/uploads\/2020\/10\/Thanksgiving-Blessing-1-300x225.png\" alt=\"\" width=\"300\" height=\"225\" srcset=\"https:\/\/martinluther.ca\/wp-content\/uploads\/2020\/10\/Thanksgiving-Blessing-1-300x225.png 300w, https:\/\/martinluther.ca\/wp-content\/uploads\/2020\/10\/Thanksgiving-Blessing-1.png 529w\" sizes=\"auto, (max-width: 300px) 100vw, 300px\" \/><\/a><\/p>\n<p>Doch an Thanksgiving geht es ja nicht nur darum Zeit mit unseren Liebsten zu verbringen. Es geht auch darum, uns an das zu erinnern wof\u00fcr wir dankbar sind und uns f\u00fcr all das zu bedanken. Am 04. Oktober habe ich am Ende der Radioandacht und der Predigt gefragt, wof\u00fcr Sie dankbar sind und dazu eingeladen dar\u00fcber nachzudenken und es vielleicht sogar aufzuschreiben. Ich habe auch ein paar Dinge erw\u00e4hnt, f\u00fcr die ich dankbar bin: \u201emeine Familie\u201c, meine Freund*innen\u201c, hier in Toronto sein zu k\u00f6nnen\u201c all die Unterst\u00fctzung, die ich immer wieder erfahre\u201c, um nur ein paar Dinge zu nennen. Es gibt noch viel mehr, was ich aufz\u00e4hlen k\u00f6nnte, doch statt das zu tun m\u00f6chte ich Ihnen erz\u00e4hlen, wof\u00fcr ich jetzt in diesem Moment besonders dankbar bin:<\/p>\n<figure id=\"attachment_35166\" aria-describedby=\"caption-attachment-35166\" style=\"width: 245px\" class=\"wp-caption alignright\"><a href=\"https:\/\/martinluther.ca\/wp-content\/uploads\/2020\/06\/Silke-Fahl-2.jpg\"><img loading=\"lazy\" decoding=\"async\" class=\"size-medium wp-image-35166\" src=\"https:\/\/martinluther.ca\/wp-content\/uploads\/2020\/06\/Silke-Fahl-2-245x300.jpg\" alt=\"Vicar Silke Fahl 2020\" width=\"245\" height=\"300\" srcset=\"https:\/\/martinluther.ca\/wp-content\/uploads\/2020\/06\/Silke-Fahl-2-245x300.jpg 245w, https:\/\/martinluther.ca\/wp-content\/uploads\/2020\/06\/Silke-Fahl-2-835x1024.jpg 835w, https:\/\/martinluther.ca\/wp-content\/uploads\/2020\/06\/Silke-Fahl-2-768x942.jpg 768w, https:\/\/martinluther.ca\/wp-content\/uploads\/2020\/06\/Silke-Fahl-2.jpg 1124w\" sizes=\"auto, (max-width: 245px) 100vw, 245px\" \/><\/a><figcaption id=\"caption-attachment-35166\" class=\"wp-caption-text\">Vicar Silke Fahl<\/figcaption><\/figure>\n<p>Ich habe in der vergangen Woche erfahren (und seit heute ist es offiziell) wo es f\u00fcr mich im n\u00e4chsten Jahr f\u00fcr meinen Probedienst hingehen wird: Ich werde in der Kirchenregion Holle die 2. Pfarrstelle antreten und somit f\u00fcr die Gemeinden Hackenstedt-Sottrum (<a href=\"https:\/\/www.kirchenregion-holle.de\/gemeinde_new\/hackenstedt_sottrum\" target=\"_blank\" rel=\"noopener noreferrer\">https:\/\/www.kirchenregion-holle.de\/gemeinde_new\/hackenstedt_sottrum<\/a>), Heersum (<a href=\"https:\/\/www.kirchenregion-holle.de\/gemeinde_new\/heersum\" target=\"_blank\" rel=\"noopener noreferrer\">https:\/\/www.kirchenregion-holle.de\/gemeinde_new\/heersum<\/a>) und Sillium (<a href=\"https:\/\/www.kirchenregion-holle.de\/gemeinde_new\/sillium\" target=\"_blank\" rel=\"noopener noreferrer\">https:\/\/www.kirchenregion-holle.de\/gemeinde_new\/sillium<\/a>) verantwortlich sein. Diese vier Orte liegen in Niedersachsen im Hildesheimer Land und geh\u00f6ren zur Gemeinde Holle; etwa 40 Minuten s\u00fcd-\u00f6stlich von Hannover und ca. 20 Minuten s\u00fcd-\u00f6stlich von Hildesheim. Ich vermute, dass es eine ziemliche Umstellung sein wird von Toronto nach Hackenstedt zu ziehen, einem Dorf mit ungef\u00e4hr 462 Einwohner*innen. Ich bin sicher, dass ich Toronto, MLC und all die wunderbaren Menschen, die ich hier kennengelernt habe, vermissen werde. Doch gleichzeitig freue ich mich auch ungemein auf diesen neuen Lebensabschnitt. Ich bin unendlich dankbar zu wissen, wo es f\u00fcr mich hingehen wird und wo ich f\u00fcr mindestens die n\u00e4chsten drei Jahre als Pastorin arbeiten werde. Ich habe schon mit meiner zuk\u00fcnftigen Superintendentin Kathrin Henking und dem Kirchenvorstandsvorsitzenden in Hackenstedt gesprochen und bin von beiden sehr herzlich willkommen gehei\u00dfen worden. Ich schaue mit einem lachenden und einem weinenden Auge auf das was kommen wird und freue mich noch fast drei Monate mit Ihnen hier in MLC zu haben.<\/p>\n<p>Ich w\u00fcnsche Ihnen Gottes Segen,<br \/>\nVikarin Silke Fahl<\/p>\n","protected":false},"excerpt":{"rendered":"<p>Liebe Gemeinde, wieder einmal ist es soweit: Wir feiern Thanksgiving. Allerdings in diesem Jahr vermutlich f\u00fcr viele von uns anders als wir es sonst gefeiert haben. Es wird geraten nur mit den Menschen zu feiern, mit denen wir zusammenleben. Das kann f\u00fcr viele von uns schwer sein. Vielleicht weil wir es gewohnt sind mit ganz&hellip;<\/p>\n","protected":false},"author":8,"featured_media":36235,"comment_status":"closed","ping_status":"closed","sticky":false,"template":"","format":"standard","meta":{"footnotes":""},"categories":[69],"tags":[],"post_series":[],"class_list":["post-36240","post","type-post","status-publish","format-standard","has-post-thumbnail","hentry","category-news-blog-german","entry","has-media"],"yoast_head":"<!-- This site is optimized with the Yoast SEO plugin v27.5 - https:\/\/yoast.com\/product\/yoast-seo-wordpress\/ -->\n<title>Thanksgiving-Nachricht von Vikarin Silke Fahl - Martin Luther Evangelische Kirche Toronto<\/title>\n<meta name=\"robots\" content=\"index, follow, max-snippet:-1, max-image-preview:large, max-video-preview:-1\" \/>\n<link rel=\"canonical\" href=\"https:\/\/martinluther.ca\/de\/2020\/10\/thanksgiving-nachricht-von-vikarin-silke-fahl\/\" \/>\n<meta property=\"og:locale\" content=\"de_DE\" \/>\n<meta property=\"og:type\" content=\"article\" \/>\n<meta property=\"og:title\" content=\"Thanksgiving-Nachricht von Vikarin Silke Fahl - Martin Luther Evangelische Kirche Toronto\" \/>\n<meta property=\"og:description\" content=\"Liebe Gemeinde, wieder einmal ist es soweit: Wir feiern Thanksgiving. Allerdings in diesem Jahr vermutlich f\u00fcr viele von uns anders als wir es sonst gefeiert haben. Es wird geraten nur mit den Menschen zu feiern, mit denen wir zusammenleben. Das kann f\u00fcr viele von uns schwer sein. Vielleicht weil wir es gewohnt sind mit ganz&hellip;\" \/>\n<meta property=\"og:url\" content=\"https:\/\/martinluther.ca\/de\/2020\/10\/thanksgiving-nachricht-von-vikarin-silke-fahl\/\" \/>\n<meta property=\"og:site_name\" content=\"Martin Luther Evangelische Kirche Toronto\" \/>\n<meta property=\"article:publisher\" content=\"https:\/\/www.facebook.com\/martinlutherchurchtoronto\" \/>\n<meta property=\"article:published_time\" content=\"2020-10-08T20:45:52+00:00\" \/>\n<meta property=\"article:modified_time\" content=\"2020-10-08T20:46:38+00:00\" \/>\n<meta property=\"og:image\" content=\"https:\/\/martinluther.ca\/wp-content\/uploads\/2020\/10\/Thanksgiving-Blessing-1.png\" \/>\n\t<meta property=\"og:image:width\" content=\"529\" \/>\n\t<meta property=\"og:image:height\" content=\"396\" \/>\n\t<meta property=\"og:image:type\" content=\"image\/png\" \/>\n<meta name=\"author\" content=\"Marlena Muller\" \/>\n<meta name=\"twitter:card\" content=\"summary_large_image\" \/>\n<meta name=\"twitter:label1\" content=\"Verfasst von\" \/>\n\t<meta name=\"twitter:data1\" content=\"Marlena Muller\" \/>\n\t<meta name=\"twitter:label2\" content=\"Gesch\u00e4tzte Lesezeit\" \/>\n\t<meta name=\"twitter:data2\" content=\"3\u00a0Minuten\" \/>\n<script type=\"application\/ld+json\" class=\"yoast-schema-graph\">{\"@context\":\"https:\\\/\\\/schema.org\",\"@graph\":[{\"@type\":\"Article\",\"@id\":\"https:\\\/\\\/martinluther.ca\\\/de\\\/2020\\\/10\\\/thanksgiving-nachricht-von-vikarin-silke-fahl\\\/#article\",\"isPartOf\":{\"@id\":\"https:\\\/\\\/martinluther.ca\\\/de\\\/2020\\\/10\\\/thanksgiving-nachricht-von-vikarin-silke-fahl\\\/\"},\"author\":{\"name\":\"Marlena Muller\",\"@id\":\"https:\\\/\\\/martinluther.ca\\\/de\\\/#\\\/schema\\\/person\\\/ef4e825f5d9d6fd740bbd7813710e15d\"},\"headline\":\"Thanksgiving-Nachricht von Vikarin Silke Fahl\",\"datePublished\":\"2020-10-08T20:45:52+00:00\",\"dateModified\":\"2020-10-08T20:46:38+00:00\",\"mainEntityOfPage\":{\"@id\":\"https:\\\/\\\/martinluther.ca\\\/de\\\/2020\\\/10\\\/thanksgiving-nachricht-von-vikarin-silke-fahl\\\/\"},\"wordCount\":541,\"publisher\":{\"@id\":\"https:\\\/\\\/martinluther.ca\\\/de\\\/#organization\"},\"image\":{\"@id\":\"https:\\\/\\\/martinluther.ca\\\/de\\\/2020\\\/10\\\/thanksgiving-nachricht-von-vikarin-silke-fahl\\\/#primaryimage\"},\"thumbnailUrl\":\"https:\\\/\\\/martinluther.ca\\\/wp-content\\\/uploads\\\/2020\\\/10\\\/Thanksgiving-Blessing-1.png\",\"articleSection\":[\"News Blog - German\"],\"inLanguage\":\"de\"},{\"@type\":\"WebPage\",\"@id\":\"https:\\\/\\\/martinluther.ca\\\/de\\\/2020\\\/10\\\/thanksgiving-nachricht-von-vikarin-silke-fahl\\\/\",\"url\":\"https:\\\/\\\/martinluther.ca\\\/de\\\/2020\\\/10\\\/thanksgiving-nachricht-von-vikarin-silke-fahl\\\/\",\"name\":\"Thanksgiving-Nachricht von Vikarin Silke Fahl - Martin Luther Evangelische Kirche Toronto\",\"isPartOf\":{\"@id\":\"https:\\\/\\\/martinluther.ca\\\/de\\\/#website\"},\"primaryImageOfPage\":{\"@id\":\"https:\\\/\\\/martinluther.ca\\\/de\\\/2020\\\/10\\\/thanksgiving-nachricht-von-vikarin-silke-fahl\\\/#primaryimage\"},\"image\":{\"@id\":\"https:\\\/\\\/martinluther.ca\\\/de\\\/2020\\\/10\\\/thanksgiving-nachricht-von-vikarin-silke-fahl\\\/#primaryimage\"},\"thumbnailUrl\":\"https:\\\/\\\/martinluther.ca\\\/wp-content\\\/uploads\\\/2020\\\/10\\\/Thanksgiving-Blessing-1.png\",\"datePublished\":\"2020-10-08T20:45:52+00:00\",\"dateModified\":\"2020-10-08T20:46:38+00:00\",\"breadcrumb\":{\"@id\":\"https:\\\/\\\/martinluther.ca\\\/de\\\/2020\\\/10\\\/thanksgiving-nachricht-von-vikarin-silke-fahl\\\/#breadcrumb\"},\"inLanguage\":\"de\",\"potentialAction\":[{\"@type\":\"ReadAction\",\"target\":[\"https:\\\/\\\/martinluther.ca\\\/de\\\/2020\\\/10\\\/thanksgiving-nachricht-von-vikarin-silke-fahl\\\/\"]}]},{\"@type\":\"ImageObject\",\"inLanguage\":\"de\",\"@id\":\"https:\\\/\\\/martinluther.ca\\\/de\\\/2020\\\/10\\\/thanksgiving-nachricht-von-vikarin-silke-fahl\\\/#primaryimage\",\"url\":\"https:\\\/\\\/martinluther.ca\\\/wp-content\\\/uploads\\\/2020\\\/10\\\/Thanksgiving-Blessing-1.png\",\"contentUrl\":\"https:\\\/\\\/martinluther.ca\\\/wp-content\\\/uploads\\\/2020\\\/10\\\/Thanksgiving-Blessing-1.png\",\"width\":529,\"height\":396},{\"@type\":\"BreadcrumbList\",\"@id\":\"https:\\\/\\\/martinluther.ca\\\/de\\\/2020\\\/10\\\/thanksgiving-nachricht-von-vikarin-silke-fahl\\\/#breadcrumb\",\"itemListElement\":[{\"@type\":\"ListItem\",\"position\":1,\"name\":\"Home\",\"item\":\"https:\\\/\\\/martinluther.ca\\\/de\\\/\"},{\"@type\":\"ListItem\",\"position\":2,\"name\":\"Thanksgiving-Nachricht von Vikarin Silke Fahl\"}]},{\"@type\":\"WebSite\",\"@id\":\"https:\\\/\\\/martinluther.ca\\\/de\\\/#website\",\"url\":\"https:\\\/\\\/martinluther.ca\\\/de\\\/\",\"name\":\"Martin Luther Evangelical Church Toronto\",\"description\":\"Deutsch &amp; Englisch\",\"publisher\":{\"@id\":\"https:\\\/\\\/martinluther.ca\\\/de\\\/#organization\"},\"potentialAction\":[{\"@type\":\"SearchAction\",\"target\":{\"@type\":\"EntryPoint\",\"urlTemplate\":\"https:\\\/\\\/martinluther.ca\\\/de\\\/?s={search_term_string}\"},\"query-input\":{\"@type\":\"PropertyValueSpecification\",\"valueRequired\":true,\"valueName\":\"search_term_string\"}}],\"inLanguage\":\"de\"},{\"@type\":\"Organization\",\"@id\":\"https:\\\/\\\/martinluther.ca\\\/de\\\/#organization\",\"name\":\"Martin Luther Evangelical Church Toronto\",\"url\":\"https:\\\/\\\/martinluther.ca\\\/de\\\/\",\"logo\":{\"@type\":\"ImageObject\",\"inLanguage\":\"de\",\"@id\":\"https:\\\/\\\/martinluther.ca\\\/de\\\/#\\\/schema\\\/logo\\\/image\\\/\",\"url\":\"https:\\\/\\\/martinluther.ca\\\/wp-content\\\/uploads\\\/2016\\\/12\\\/ml-logo-300.png\",\"contentUrl\":\"https:\\\/\\\/martinluther.ca\\\/wp-content\\\/uploads\\\/2016\\\/12\\\/ml-logo-300.png\",\"width\":300,\"height\":150,\"caption\":\"Martin Luther Evangelical Church Toronto\"},\"image\":{\"@id\":\"https:\\\/\\\/martinluther.ca\\\/de\\\/#\\\/schema\\\/logo\\\/image\\\/\"},\"sameAs\":[\"https:\\\/\\\/www.facebook.com\\\/martinlutherchurchtoronto\",\"https:\\\/\\\/www.instagram.com\\\/lutheransbythelake\\\/\",\"https:\\\/\\\/www.youtube.com\\\/MartinLutherChurchToronto\"]},{\"@type\":\"Person\",\"@id\":\"https:\\\/\\\/martinluther.ca\\\/de\\\/#\\\/schema\\\/person\\\/ef4e825f5d9d6fd740bbd7813710e15d\",\"name\":\"Marlena Muller\",\"image\":{\"@type\":\"ImageObject\",\"inLanguage\":\"de\",\"@id\":\"https:\\\/\\\/secure.gravatar.com\\\/avatar\\\/fe840ff753768b839caa2dd522d4797f19f7e22fa2da83388e0fbfc570b65a37?s=96&d=mm&r=g\",\"url\":\"https:\\\/\\\/secure.gravatar.com\\\/avatar\\\/fe840ff753768b839caa2dd522d4797f19f7e22fa2da83388e0fbfc570b65a37?s=96&d=mm&r=g\",\"contentUrl\":\"https:\\\/\\\/secure.gravatar.com\\\/avatar\\\/fe840ff753768b839caa2dd522d4797f19f7e22fa2da83388e0fbfc570b65a37?s=96&d=mm&r=g\",\"caption\":\"Marlena Muller\"},\"url\":false}]}<\/script>\n<!-- \/ Yoast SEO plugin. -->","yoast_head_json":{"title":"Thanksgiving-Nachricht von Vikarin Silke Fahl - Martin Luther Evangelische Kirche Toronto","robots":{"index":"index","follow":"follow","max-snippet":"max-snippet:-1","max-image-preview":"max-image-preview:large","max-video-preview":"max-video-preview:-1"},"canonical":"https:\/\/martinluther.ca\/de\/2020\/10\/thanksgiving-nachricht-von-vikarin-silke-fahl\/","og_locale":"de_DE","og_type":"article","og_title":"Thanksgiving-Nachricht von Vikarin Silke Fahl - Martin Luther Evangelische Kirche Toronto","og_description":"Liebe Gemeinde, wieder einmal ist es soweit: Wir feiern Thanksgiving. Allerdings in diesem Jahr vermutlich f\u00fcr viele von uns anders als wir es sonst gefeiert haben. Es wird geraten nur mit den Menschen zu feiern, mit denen wir zusammenleben. Das kann f\u00fcr viele von uns schwer sein. Vielleicht weil wir es gewohnt sind mit ganz&hellip;","og_url":"https:\/\/martinluther.ca\/de\/2020\/10\/thanksgiving-nachricht-von-vikarin-silke-fahl\/","og_site_name":"Martin Luther Evangelische Kirche Toronto","article_publisher":"https:\/\/www.facebook.com\/martinlutherchurchtoronto","article_published_time":"2020-10-08T20:45:52+00:00","article_modified_time":"2020-10-08T20:46:38+00:00","og_image":[{"width":529,"height":396,"url":"https:\/\/martinluther.ca\/wp-content\/uploads\/2020\/10\/Thanksgiving-Blessing-1.png","type":"image\/png"}],"author":"Marlena Muller","twitter_card":"summary_large_image","twitter_misc":{"Verfasst von":"Marlena Muller","Gesch\u00e4tzte Lesezeit":"3\u00a0Minuten"},"schema":{"@context":"https:\/\/schema.org","@graph":[{"@type":"Article","@id":"https:\/\/martinluther.ca\/de\/2020\/10\/thanksgiving-nachricht-von-vikarin-silke-fahl\/#article","isPartOf":{"@id":"https:\/\/martinluther.ca\/de\/2020\/10\/thanksgiving-nachricht-von-vikarin-silke-fahl\/"},"author":{"name":"Marlena Muller","@id":"https:\/\/martinluther.ca\/de\/#\/schema\/person\/ef4e825f5d9d6fd740bbd7813710e15d"},"headline":"Thanksgiving-Nachricht von Vikarin Silke Fahl","datePublished":"2020-10-08T20:45:52+00:00","dateModified":"2020-10-08T20:46:38+00:00","mainEntityOfPage":{"@id":"https:\/\/martinluther.ca\/de\/2020\/10\/thanksgiving-nachricht-von-vikarin-silke-fahl\/"},"wordCount":541,"publisher":{"@id":"https:\/\/martinluther.ca\/de\/#organization"},"image":{"@id":"https:\/\/martinluther.ca\/de\/2020\/10\/thanksgiving-nachricht-von-vikarin-silke-fahl\/#primaryimage"},"thumbnailUrl":"https:\/\/martinluther.ca\/wp-content\/uploads\/2020\/10\/Thanksgiving-Blessing-1.png","articleSection":["News Blog - German"],"inLanguage":"de"},{"@type":"WebPage","@id":"https:\/\/martinluther.ca\/de\/2020\/10\/thanksgiving-nachricht-von-vikarin-silke-fahl\/","url":"https:\/\/martinluther.ca\/de\/2020\/10\/thanksgiving-nachricht-von-vikarin-silke-fahl\/","name":"Thanksgiving-Nachricht von Vikarin Silke Fahl - Martin Luther Evangelische Kirche Toronto","isPartOf":{"@id":"https:\/\/martinluther.ca\/de\/#website"},"primaryImageOfPage":{"@id":"https:\/\/martinluther.ca\/de\/2020\/10\/thanksgiving-nachricht-von-vikarin-silke-fahl\/#primaryimage"},"image":{"@id":"https:\/\/martinluther.ca\/de\/2020\/10\/thanksgiving-nachricht-von-vikarin-silke-fahl\/#primaryimage"},"thumbnailUrl":"https:\/\/martinluther.ca\/wp-content\/uploads\/2020\/10\/Thanksgiving-Blessing-1.png","datePublished":"2020-10-08T20:45:52+00:00","dateModified":"2020-10-08T20:46:38+00:00","breadcrumb":{"@id":"https:\/\/martinluther.ca\/de\/2020\/10\/thanksgiving-nachricht-von-vikarin-silke-fahl\/#breadcrumb"},"inLanguage":"de","potentialAction":[{"@type":"ReadAction","target":["https:\/\/martinluther.ca\/de\/2020\/10\/thanksgiving-nachricht-von-vikarin-silke-fahl\/"]}]},{"@type":"ImageObject","inLanguage":"de","@id":"https:\/\/martinluther.ca\/de\/2020\/10\/thanksgiving-nachricht-von-vikarin-silke-fahl\/#primaryimage","url":"https:\/\/martinluther.ca\/wp-content\/uploads\/2020\/10\/Thanksgiving-Blessing-1.png","contentUrl":"https:\/\/martinluther.ca\/wp-content\/uploads\/2020\/10\/Thanksgiving-Blessing-1.png","width":529,"height":396},{"@type":"BreadcrumbList","@id":"https:\/\/martinluther.ca\/de\/2020\/10\/thanksgiving-nachricht-von-vikarin-silke-fahl\/#breadcrumb","itemListElement":[{"@type":"ListItem","position":1,"name":"Home","item":"https:\/\/martinluther.ca\/de\/"},{"@type":"ListItem","position":2,"name":"Thanksgiving-Nachricht von Vikarin Silke Fahl"}]},{"@type":"WebSite","@id":"https:\/\/martinluther.ca\/de\/#website","url":"https:\/\/martinluther.ca\/de\/","name":"Martin Luther Evangelical Church Toronto","description":"Deutsch &amp; Englisch","publisher":{"@id":"https:\/\/martinluther.ca\/de\/#organization"},"potentialAction":[{"@type":"SearchAction","target":{"@type":"EntryPoint","urlTemplate":"https:\/\/martinluther.ca\/de\/?s={search_term_string}"},"query-input":{"@type":"PropertyValueSpecification","valueRequired":true,"valueName":"search_term_string"}}],"inLanguage":"de"},{"@type":"Organization","@id":"https:\/\/martinluther.ca\/de\/#organization","name":"Martin Luther Evangelical Church Toronto","url":"https:\/\/martinluther.ca\/de\/","logo":{"@type":"ImageObject","inLanguage":"de","@id":"https:\/\/martinluther.ca\/de\/#\/schema\/logo\/image\/","url":"https:\/\/martinluther.ca\/wp-content\/uploads\/2016\/12\/ml-logo-300.png","contentUrl":"https:\/\/martinluther.ca\/wp-content\/uploads\/2016\/12\/ml-logo-300.png","width":300,"height":150,"caption":"Martin Luther Evangelical Church Toronto"},"image":{"@id":"https:\/\/martinluther.ca\/de\/#\/schema\/logo\/image\/"},"sameAs":["https:\/\/www.facebook.com\/martinlutherchurchtoronto","https:\/\/www.instagram.com\/lutheransbythelake\/","https:\/\/www.youtube.com\/MartinLutherChurchToronto"]},{"@type":"Person","@id":"https:\/\/martinluther.ca\/de\/#\/schema\/person\/ef4e825f5d9d6fd740bbd7813710e15d","name":"Marlena Muller","image":{"@type":"ImageObject","inLanguage":"de","@id":"https:\/\/secure.gravatar.com\/avatar\/fe840ff753768b839caa2dd522d4797f19f7e22fa2da83388e0fbfc570b65a37?s=96&d=mm&r=g","url":"https:\/\/secure.gravatar.com\/avatar\/fe840ff753768b839caa2dd522d4797f19f7e22fa2da83388e0fbfc570b65a37?s=96&d=mm&r=g","contentUrl":"https:\/\/secure.gravatar.com\/avatar\/fe840ff753768b839caa2dd522d4797f19f7e22fa2da83388e0fbfc570b65a37?s=96&d=mm&r=g","caption":"Marlena Muller"},"url":false}]}},"_links":{"self":[{"href":"https:\/\/martinluther.ca\/de\/wp-json\/wp\/v2\/posts\/36240","targetHints":{"allow":["GET"]}}],"collection":[{"href":"https:\/\/martinluther.ca\/de\/wp-json\/wp\/v2\/posts"}],"about":[{"href":"https:\/\/martinluther.ca\/de\/wp-json\/wp\/v2\/types\/post"}],"author":[{"embeddable":true,"href":"https:\/\/martinluther.ca\/de\/wp-json\/wp\/v2\/users\/8"}],"replies":[{"embeddable":true,"href":"https:\/\/martinluther.ca\/de\/wp-json\/wp\/v2\/comments?post=36240"}],"version-history":[{"count":1,"href":"https:\/\/martinluther.ca\/de\/wp-json\/wp\/v2\/posts\/36240\/revisions"}],"predecessor-version":[{"id":36241,"href":"https:\/\/martinluther.ca\/de\/wp-json\/wp\/v2\/posts\/36240\/revisions\/36241"}],"wp:featuredmedia":[{"embeddable":true,"href":"https:\/\/martinluther.ca\/de\/wp-json\/wp\/v2\/media\/36235"}],"wp:attachment":[{"href":"https:\/\/martinluther.ca\/de\/wp-json\/wp\/v2\/media?parent=36240"}],"wp:term":[{"taxonomy":"category","embeddable":true,"href":"https:\/\/martinluther.ca\/de\/wp-json\/wp\/v2\/categories?post=36240"},{"taxonomy":"post_tag","embeddable":true,"href":"https:\/\/martinluther.ca\/de\/wp-json\/wp\/v2\/tags?post=36240"},{"taxonomy":"post_series","embeddable":true,"href":"https:\/\/martinluther.ca\/de\/wp-json\/wp\/v2\/post_series?post=36240"}],"curies":[{"name":"wp","href":"https:\/\/api.w.org\/{rel}","templated":true}]}}