{"id":36252,"date":"2020-10-09T12:01:24","date_gmt":"2020-10-09T16:01:24","guid":{"rendered":"https:\/\/martinluther.ca\/?p=36252"},"modified":"2020-12-23T12:48:36","modified_gmt":"2020-12-23T17:48:36","slug":"bibelkreis-im-hebst-coffee-lunch-dinner-with-ruth","status":"publish","type":"post","link":"https:\/\/martinluther.ca\/de\/2020\/10\/bibelkreis-im-hebst-coffee-lunch-dinner-with-ruth\/","title":{"rendered":"Bibelkreis im Herbst: Coffee, Lunch &#038; Dinner with Ruth"},"content":{"rendered":"<p>Wie in den vergangenen Jahren wird es auch in diesem Herbst wieder einen <strong>Bibelkreis<\/strong> (in Englisch) geben. Dieses Jahr werden wir gemeinsam das Buch \u201eRuth\u201c im Alten Testament lesen. Auf Grund der COVID -Einschr\u00e4nkungen werden wir uns lediglich auf Zoom treffen. Dort k\u00f6nnen Sie entweder online mit Ihrem Computer\/Smartphone\/Tablet teilnehmen, oder in dem Sie sich mit Ihrem Telefon einw\u00e4hlen. Im Vergleich zu Vorjahren, wird der Bibelkreis dieses Jahr zu verschiedenen Zeiten und in unterschiedlicher L\u00e4nge stattfinden, so dass Sie dann teilnehmen k\u00f6nnen, wenn es Ihnen am besten passt.<\/p>\n<p>Die Termine sind wie folgt geplant:<\/p>\n<p><strong><img loading=\"lazy\" decoding=\"async\" class=\"alignright size-medium wp-image-36246\" src=\"https:\/\/martinluther.ca\/wp-content\/uploads\/2020\/10\/Fall-Bible-Study_all-website-300x225.jpg\" alt=\"Bible Study with Ruth poster image Fall 2020\" width=\"300\" height=\"225\" srcset=\"https:\/\/martinluther.ca\/wp-content\/uploads\/2020\/10\/Fall-Bible-Study_all-website-300x225.jpg 300w, https:\/\/martinluther.ca\/wp-content\/uploads\/2020\/10\/Fall-Bible-Study_all-website-768x576.jpg 768w, https:\/\/martinluther.ca\/wp-content\/uploads\/2020\/10\/Fall-Bible-Study_all-website.jpg 1024w\" sizes=\"auto, (max-width: 300px) 100vw, 300px\" \/>Dinner with Ruth: Herbst 2020 Jeden zweiten Dienstag, 17.00 -18.30 Uhr<\/strong><br \/>\n13. Oktober: Einleitung und Kapitel 1<br \/>\n27. Oktober: Kapitel 2<br \/>\n10. November: Kapitel 3<br \/>\n24. November: Kapitel 4<br \/>\n08. Dezember: Wrap-Up<\/p>\n<p><strong>Coffee with Ruth: Herbst 2020 Mittwochs, 08.30-9.00 Uhr:<\/strong><br \/>\n14. Oktober: Einleitung<br \/>\n21. Oktober: Kapitel 1, Verse 1-14<br \/>\n28. Oktober: Kapitel 1, Verse 15-22<br \/>\n04. November: Kapitel 2, Verse 1-13<br \/>\n11. November: Kapitel 2, Verse 14-23<br \/>\n18. November: Kapitel 3, Verse 1-7<br \/>\n<img loading=\"lazy\" decoding=\"async\" class=\"alignright size-medium wp-image-36467\" src=\"https:\/\/martinluther.ca\/wp-content\/uploads\/2020\/11\/2020-Vicar-Silke-Fahl-Oct18-at-MLC-4x3-1-220x300.jpg\" alt=\"Vicar Silke Fahl Oct 18 2020 at Martin Luther Church during pandemic\" width=\"220\" height=\"300\" srcset=\"https:\/\/martinluther.ca\/wp-content\/uploads\/2020\/11\/2020-Vicar-Silke-Fahl-Oct18-at-MLC-4x3-1-220x300.jpg 220w, https:\/\/martinluther.ca\/wp-content\/uploads\/2020\/11\/2020-Vicar-Silke-Fahl-Oct18-at-MLC-4x3-1-750x1024.jpg 750w, https:\/\/martinluther.ca\/wp-content\/uploads\/2020\/11\/2020-Vicar-Silke-Fahl-Oct18-at-MLC-4x3-1-768x1049.jpg 768w, https:\/\/martinluther.ca\/wp-content\/uploads\/2020\/11\/2020-Vicar-Silke-Fahl-Oct18-at-MLC-4x3-1-1125x1536.jpg 1125w, https:\/\/martinluther.ca\/wp-content\/uploads\/2020\/11\/2020-Vicar-Silke-Fahl-Oct18-at-MLC-4x3-1-1499x2048.jpg 1499w, https:\/\/martinluther.ca\/wp-content\/uploads\/2020\/11\/2020-Vicar-Silke-Fahl-Oct18-at-MLC-4x3-1.jpg 1711w\" sizes=\"auto, (max-width: 220px) 100vw, 220px\" \/>28. November: Kapitel 3, Verse 8-18<br \/>\n02. Dezember: Kapitel 4, Verse 1-9<br \/>\n09. Dezember: Kapitel 4, Verse 10-18<br \/>\n16. Dezember: Wrap-Up<\/p>\n<p><strong>Lunch with Ruth: Herbst 2020 Mittwochs, 12.15-12.45 Uhr<\/strong><br \/>\n14. Oktober: Einleitung<br \/>\n21. Oktober: Kapitel 1, Verse 1-14<br \/>\n28. Oktober: Kapitel 1, Verse 15-22<br \/>\n04. November: Kapitel 2, Verse 1-13<br \/>\n11. November: Kapitel 2, Verse 14-23<br \/>\n18. November: Kapitel 3, Verse 1-7<br \/>\n28. November: Kapitel 3, Verse 8-18<br \/>\n02. Dezember: Kapitel 4, Verse 1-9<br \/>\n09. Dezember: Kapitel 4, Verse 10-18<br \/>\n16. Dezember: Wrap-Up<\/p>\n","protected":false},"excerpt":{"rendered":"<p>Wie in den vergangenen Jahren wird es auch in diesem Herbst wieder einen Bibelkreis (in Englisch) geben. Dieses Jahr werden wir gemeinsam das Buch \u201eRuth\u201c im Alten Testament lesen. Auf Grund der COVID -Einschr\u00e4nkungen werden wir uns lediglich auf Zoom treffen. Dort k\u00f6nnen Sie entweder online mit Ihrem Computer\/Smartphone\/Tablet teilnehmen, oder in dem Sie sich&hellip;<\/p>\n","protected":false},"author":8,"featured_media":36246,"comment_status":"closed","ping_status":"closed","sticky":false,"template":"","format":"standard","meta":{"footnotes":""},"categories":[69],"tags":[],"post_series":[],"class_list":["post-36252","post","type-post","status-publish","format-standard","has-post-thumbnail","hentry","category-news-blog-german","entry","has-media"],"yoast_head":"<!-- This site is optimized with the Yoast SEO plugin v27.5 - https:\/\/yoast.com\/product\/yoast-seo-wordpress\/ -->\n<title>Bibelkreis im Herbst: Coffee, Lunch &amp; Dinner with Ruth - Martin Luther Evangelische Kirche Toronto<\/title>\n<meta name=\"robots\" content=\"index, follow, max-snippet:-1, max-image-preview:large, max-video-preview:-1\" \/>\n<link rel=\"canonical\" href=\"https:\/\/martinluther.ca\/de\/2020\/10\/bibelkreis-im-hebst-coffee-lunch-dinner-with-ruth\/\" \/>\n<meta property=\"og:locale\" content=\"de_DE\" \/>\n<meta property=\"og:type\" content=\"article\" \/>\n<meta property=\"og:title\" content=\"Bibelkreis im Herbst: Coffee, Lunch &amp; Dinner with Ruth - Martin Luther Evangelische Kirche Toronto\" \/>\n<meta property=\"og:description\" content=\"Wie in den vergangenen Jahren wird es auch in diesem Herbst wieder einen Bibelkreis (in Englisch) geben. Dieses Jahr werden wir gemeinsam das Buch \u201eRuth\u201c im Alten Testament lesen. Auf Grund der COVID -Einschr\u00e4nkungen werden wir uns lediglich auf Zoom treffen. Dort k\u00f6nnen Sie entweder online mit Ihrem Computer\/Smartphone\/Tablet teilnehmen, oder in dem Sie sich&hellip;\" \/>\n<meta property=\"og:url\" content=\"https:\/\/martinluther.ca\/de\/2020\/10\/bibelkreis-im-hebst-coffee-lunch-dinner-with-ruth\/\" \/>\n<meta property=\"og:site_name\" content=\"Martin Luther Evangelische Kirche Toronto\" \/>\n<meta property=\"article:publisher\" content=\"https:\/\/www.facebook.com\/martinlutherchurchtoronto\" \/>\n<meta property=\"article:published_time\" content=\"2020-10-09T16:01:24+00:00\" \/>\n<meta property=\"article:modified_time\" content=\"2020-12-23T17:48:36+00:00\" \/>\n<meta property=\"og:image\" content=\"https:\/\/martinluther.ca\/wp-content\/uploads\/2020\/10\/Fall-Bible-Study_all-website.jpg\" \/>\n\t<meta property=\"og:image:width\" content=\"1024\" \/>\n\t<meta property=\"og:image:height\" content=\"768\" \/>\n\t<meta property=\"og:image:type\" content=\"image\/jpeg\" \/>\n<meta name=\"author\" content=\"Marlena Muller\" \/>\n<meta name=\"twitter:card\" content=\"summary_large_image\" \/>\n<meta name=\"twitter:label1\" content=\"Verfasst von\" \/>\n\t<meta name=\"twitter:data1\" content=\"Marlena Muller\" \/>\n\t<meta name=\"twitter:label2\" content=\"Gesch\u00e4tzte Lesezeit\" \/>\n\t<meta name=\"twitter:data2\" content=\"1\u00a0Minute\" \/>\n<script type=\"application\/ld+json\" class=\"yoast-schema-graph\">{\"@context\":\"https:\\\/\\\/schema.org\",\"@graph\":[{\"@type\":\"Article\",\"@id\":\"https:\\\/\\\/martinluther.ca\\\/de\\\/2020\\\/10\\\/bibelkreis-im-hebst-coffee-lunch-dinner-with-ruth\\\/#article\",\"isPartOf\":{\"@id\":\"https:\\\/\\\/martinluther.ca\\\/de\\\/2020\\\/10\\\/bibelkreis-im-hebst-coffee-lunch-dinner-with-ruth\\\/\"},\"author\":{\"name\":\"Marlena Muller\",\"@id\":\"https:\\\/\\\/martinluther.ca\\\/de\\\/#\\\/schema\\\/person\\\/ef4e825f5d9d6fd740bbd7813710e15d\"},\"headline\":\"Bibelkreis im Herbst: Coffee, Lunch &#038; Dinner with Ruth\",\"datePublished\":\"2020-10-09T16:01:24+00:00\",\"dateModified\":\"2020-12-23T17:48:36+00:00\",\"mainEntityOfPage\":{\"@id\":\"https:\\\/\\\/martinluther.ca\\\/de\\\/2020\\\/10\\\/bibelkreis-im-hebst-coffee-lunch-dinner-with-ruth\\\/\"},\"wordCount\":216,\"publisher\":{\"@id\":\"https:\\\/\\\/martinluther.ca\\\/de\\\/#organization\"},\"image\":{\"@id\":\"https:\\\/\\\/martinluther.ca\\\/de\\\/2020\\\/10\\\/bibelkreis-im-hebst-coffee-lunch-dinner-with-ruth\\\/#primaryimage\"},\"thumbnailUrl\":\"https:\\\/\\\/martinluther.ca\\\/wp-content\\\/uploads\\\/2020\\\/10\\\/Fall-Bible-Study_all-website.jpg\",\"articleSection\":[\"News Blog - German\"],\"inLanguage\":\"de\"},{\"@type\":\"WebPage\",\"@id\":\"https:\\\/\\\/martinluther.ca\\\/de\\\/2020\\\/10\\\/bibelkreis-im-hebst-coffee-lunch-dinner-with-ruth\\\/\",\"url\":\"https:\\\/\\\/martinluther.ca\\\/de\\\/2020\\\/10\\\/bibelkreis-im-hebst-coffee-lunch-dinner-with-ruth\\\/\",\"name\":\"Bibelkreis im Herbst: Coffee, Lunch & Dinner with Ruth - Martin Luther Evangelische Kirche Toronto\",\"isPartOf\":{\"@id\":\"https:\\\/\\\/martinluther.ca\\\/de\\\/#website\"},\"primaryImageOfPage\":{\"@id\":\"https:\\\/\\\/martinluther.ca\\\/de\\\/2020\\\/10\\\/bibelkreis-im-hebst-coffee-lunch-dinner-with-ruth\\\/#primaryimage\"},\"image\":{\"@id\":\"https:\\\/\\\/martinluther.ca\\\/de\\\/2020\\\/10\\\/bibelkreis-im-hebst-coffee-lunch-dinner-with-ruth\\\/#primaryimage\"},\"thumbnailUrl\":\"https:\\\/\\\/martinluther.ca\\\/wp-content\\\/uploads\\\/2020\\\/10\\\/Fall-Bible-Study_all-website.jpg\",\"datePublished\":\"2020-10-09T16:01:24+00:00\",\"dateModified\":\"2020-12-23T17:48:36+00:00\",\"breadcrumb\":{\"@id\":\"https:\\\/\\\/martinluther.ca\\\/de\\\/2020\\\/10\\\/bibelkreis-im-hebst-coffee-lunch-dinner-with-ruth\\\/#breadcrumb\"},\"inLanguage\":\"de\",\"potentialAction\":[{\"@type\":\"ReadAction\",\"target\":[\"https:\\\/\\\/martinluther.ca\\\/de\\\/2020\\\/10\\\/bibelkreis-im-hebst-coffee-lunch-dinner-with-ruth\\\/\"]}]},{\"@type\":\"ImageObject\",\"inLanguage\":\"de\",\"@id\":\"https:\\\/\\\/martinluther.ca\\\/de\\\/2020\\\/10\\\/bibelkreis-im-hebst-coffee-lunch-dinner-with-ruth\\\/#primaryimage\",\"url\":\"https:\\\/\\\/martinluther.ca\\\/wp-content\\\/uploads\\\/2020\\\/10\\\/Fall-Bible-Study_all-website.jpg\",\"contentUrl\":\"https:\\\/\\\/martinluther.ca\\\/wp-content\\\/uploads\\\/2020\\\/10\\\/Fall-Bible-Study_all-website.jpg\",\"width\":1024,\"height\":768,\"caption\":\"Bible Study with Ruth poster image Fall 2020\"},{\"@type\":\"BreadcrumbList\",\"@id\":\"https:\\\/\\\/martinluther.ca\\\/de\\\/2020\\\/10\\\/bibelkreis-im-hebst-coffee-lunch-dinner-with-ruth\\\/#breadcrumb\",\"itemListElement\":[{\"@type\":\"ListItem\",\"position\":1,\"name\":\"Home\",\"item\":\"https:\\\/\\\/martinluther.ca\\\/de\\\/\"},{\"@type\":\"ListItem\",\"position\":2,\"name\":\"Bibelkreis im Herbst: Coffee, Lunch &#038; Dinner with Ruth\"}]},{\"@type\":\"WebSite\",\"@id\":\"https:\\\/\\\/martinluther.ca\\\/de\\\/#website\",\"url\":\"https:\\\/\\\/martinluther.ca\\\/de\\\/\",\"name\":\"Martin Luther Evangelical Church Toronto\",\"description\":\"Deutsch &amp; Englisch\",\"publisher\":{\"@id\":\"https:\\\/\\\/martinluther.ca\\\/de\\\/#organization\"},\"potentialAction\":[{\"@type\":\"SearchAction\",\"target\":{\"@type\":\"EntryPoint\",\"urlTemplate\":\"https:\\\/\\\/martinluther.ca\\\/de\\\/?s={search_term_string}\"},\"query-input\":{\"@type\":\"PropertyValueSpecification\",\"valueRequired\":true,\"valueName\":\"search_term_string\"}}],\"inLanguage\":\"de\"},{\"@type\":\"Organization\",\"@id\":\"https:\\\/\\\/martinluther.ca\\\/de\\\/#organization\",\"name\":\"Martin Luther Evangelical Church Toronto\",\"url\":\"https:\\\/\\\/martinluther.ca\\\/de\\\/\",\"logo\":{\"@type\":\"ImageObject\",\"inLanguage\":\"de\",\"@id\":\"https:\\\/\\\/martinluther.ca\\\/de\\\/#\\\/schema\\\/logo\\\/image\\\/\",\"url\":\"https:\\\/\\\/martinluther.ca\\\/wp-content\\\/uploads\\\/2016\\\/12\\\/ml-logo-300.png\",\"contentUrl\":\"https:\\\/\\\/martinluther.ca\\\/wp-content\\\/uploads\\\/2016\\\/12\\\/ml-logo-300.png\",\"width\":300,\"height\":150,\"caption\":\"Martin Luther Evangelical Church Toronto\"},\"image\":{\"@id\":\"https:\\\/\\\/martinluther.ca\\\/de\\\/#\\\/schema\\\/logo\\\/image\\\/\"},\"sameAs\":[\"https:\\\/\\\/www.facebook.com\\\/martinlutherchurchtoronto\",\"https:\\\/\\\/www.instagram.com\\\/lutheransbythelake\\\/\",\"https:\\\/\\\/www.youtube.com\\\/MartinLutherChurchToronto\"]},{\"@type\":\"Person\",\"@id\":\"https:\\\/\\\/martinluther.ca\\\/de\\\/#\\\/schema\\\/person\\\/ef4e825f5d9d6fd740bbd7813710e15d\",\"name\":\"Marlena Muller\",\"image\":{\"@type\":\"ImageObject\",\"inLanguage\":\"de\",\"@id\":\"https:\\\/\\\/secure.gravatar.com\\\/avatar\\\/fe840ff753768b839caa2dd522d4797f19f7e22fa2da83388e0fbfc570b65a37?s=96&d=mm&r=g\",\"url\":\"https:\\\/\\\/secure.gravatar.com\\\/avatar\\\/fe840ff753768b839caa2dd522d4797f19f7e22fa2da83388e0fbfc570b65a37?s=96&d=mm&r=g\",\"contentUrl\":\"https:\\\/\\\/secure.gravatar.com\\\/avatar\\\/fe840ff753768b839caa2dd522d4797f19f7e22fa2da83388e0fbfc570b65a37?s=96&d=mm&r=g\",\"caption\":\"Marlena Muller\"},\"url\":false}]}<\/script>\n<!-- \/ Yoast SEO plugin. -->","yoast_head_json":{"title":"Bibelkreis im Herbst: Coffee, Lunch & Dinner with Ruth - Martin Luther Evangelische Kirche Toronto","robots":{"index":"index","follow":"follow","max-snippet":"max-snippet:-1","max-image-preview":"max-image-preview:large","max-video-preview":"max-video-preview:-1"},"canonical":"https:\/\/martinluther.ca\/de\/2020\/10\/bibelkreis-im-hebst-coffee-lunch-dinner-with-ruth\/","og_locale":"de_DE","og_type":"article","og_title":"Bibelkreis im Herbst: Coffee, Lunch & Dinner with Ruth - Martin Luther Evangelische Kirche Toronto","og_description":"Wie in den vergangenen Jahren wird es auch in diesem Herbst wieder einen Bibelkreis (in Englisch) geben. Dieses Jahr werden wir gemeinsam das Buch \u201eRuth\u201c im Alten Testament lesen. Auf Grund der COVID -Einschr\u00e4nkungen werden wir uns lediglich auf Zoom treffen. Dort k\u00f6nnen Sie entweder online mit Ihrem Computer\/Smartphone\/Tablet teilnehmen, oder in dem Sie sich&hellip;","og_url":"https:\/\/martinluther.ca\/de\/2020\/10\/bibelkreis-im-hebst-coffee-lunch-dinner-with-ruth\/","og_site_name":"Martin Luther Evangelische Kirche Toronto","article_publisher":"https:\/\/www.facebook.com\/martinlutherchurchtoronto","article_published_time":"2020-10-09T16:01:24+00:00","article_modified_time":"2020-12-23T17:48:36+00:00","og_image":[{"width":1024,"height":768,"url":"https:\/\/martinluther.ca\/wp-content\/uploads\/2020\/10\/Fall-Bible-Study_all-website.jpg","type":"image\/jpeg"}],"author":"Marlena Muller","twitter_card":"summary_large_image","twitter_misc":{"Verfasst von":"Marlena Muller","Gesch\u00e4tzte Lesezeit":"1\u00a0Minute"},"schema":{"@context":"https:\/\/schema.org","@graph":[{"@type":"Article","@id":"https:\/\/martinluther.ca\/de\/2020\/10\/bibelkreis-im-hebst-coffee-lunch-dinner-with-ruth\/#article","isPartOf":{"@id":"https:\/\/martinluther.ca\/de\/2020\/10\/bibelkreis-im-hebst-coffee-lunch-dinner-with-ruth\/"},"author":{"name":"Marlena Muller","@id":"https:\/\/martinluther.ca\/de\/#\/schema\/person\/ef4e825f5d9d6fd740bbd7813710e15d"},"headline":"Bibelkreis im Herbst: Coffee, Lunch &#038; Dinner with Ruth","datePublished":"2020-10-09T16:01:24+00:00","dateModified":"2020-12-23T17:48:36+00:00","mainEntityOfPage":{"@id":"https:\/\/martinluther.ca\/de\/2020\/10\/bibelkreis-im-hebst-coffee-lunch-dinner-with-ruth\/"},"wordCount":216,"publisher":{"@id":"https:\/\/martinluther.ca\/de\/#organization"},"image":{"@id":"https:\/\/martinluther.ca\/de\/2020\/10\/bibelkreis-im-hebst-coffee-lunch-dinner-with-ruth\/#primaryimage"},"thumbnailUrl":"https:\/\/martinluther.ca\/wp-content\/uploads\/2020\/10\/Fall-Bible-Study_all-website.jpg","articleSection":["News Blog - German"],"inLanguage":"de"},{"@type":"WebPage","@id":"https:\/\/martinluther.ca\/de\/2020\/10\/bibelkreis-im-hebst-coffee-lunch-dinner-with-ruth\/","url":"https:\/\/martinluther.ca\/de\/2020\/10\/bibelkreis-im-hebst-coffee-lunch-dinner-with-ruth\/","name":"Bibelkreis im Herbst: Coffee, Lunch & Dinner with Ruth - Martin Luther Evangelische Kirche Toronto","isPartOf":{"@id":"https:\/\/martinluther.ca\/de\/#website"},"primaryImageOfPage":{"@id":"https:\/\/martinluther.ca\/de\/2020\/10\/bibelkreis-im-hebst-coffee-lunch-dinner-with-ruth\/#primaryimage"},"image":{"@id":"https:\/\/martinluther.ca\/de\/2020\/10\/bibelkreis-im-hebst-coffee-lunch-dinner-with-ruth\/#primaryimage"},"thumbnailUrl":"https:\/\/martinluther.ca\/wp-content\/uploads\/2020\/10\/Fall-Bible-Study_all-website.jpg","datePublished":"2020-10-09T16:01:24+00:00","dateModified":"2020-12-23T17:48:36+00:00","breadcrumb":{"@id":"https:\/\/martinluther.ca\/de\/2020\/10\/bibelkreis-im-hebst-coffee-lunch-dinner-with-ruth\/#breadcrumb"},"inLanguage":"de","potentialAction":[{"@type":"ReadAction","target":["https:\/\/martinluther.ca\/de\/2020\/10\/bibelkreis-im-hebst-coffee-lunch-dinner-with-ruth\/"]}]},{"@type":"ImageObject","inLanguage":"de","@id":"https:\/\/martinluther.ca\/de\/2020\/10\/bibelkreis-im-hebst-coffee-lunch-dinner-with-ruth\/#primaryimage","url":"https:\/\/martinluther.ca\/wp-content\/uploads\/2020\/10\/Fall-Bible-Study_all-website.jpg","contentUrl":"https:\/\/martinluther.ca\/wp-content\/uploads\/2020\/10\/Fall-Bible-Study_all-website.jpg","width":1024,"height":768,"caption":"Bible Study with Ruth poster image Fall 2020"},{"@type":"BreadcrumbList","@id":"https:\/\/martinluther.ca\/de\/2020\/10\/bibelkreis-im-hebst-coffee-lunch-dinner-with-ruth\/#breadcrumb","itemListElement":[{"@type":"ListItem","position":1,"name":"Home","item":"https:\/\/martinluther.ca\/de\/"},{"@type":"ListItem","position":2,"name":"Bibelkreis im Herbst: Coffee, Lunch &#038; Dinner with Ruth"}]},{"@type":"WebSite","@id":"https:\/\/martinluther.ca\/de\/#website","url":"https:\/\/martinluther.ca\/de\/","name":"Martin Luther Evangelical Church Toronto","description":"Deutsch &amp; Englisch","publisher":{"@id":"https:\/\/martinluther.ca\/de\/#organization"},"potentialAction":[{"@type":"SearchAction","target":{"@type":"EntryPoint","urlTemplate":"https:\/\/martinluther.ca\/de\/?s={search_term_string}"},"query-input":{"@type":"PropertyValueSpecification","valueRequired":true,"valueName":"search_term_string"}}],"inLanguage":"de"},{"@type":"Organization","@id":"https:\/\/martinluther.ca\/de\/#organization","name":"Martin Luther Evangelical Church Toronto","url":"https:\/\/martinluther.ca\/de\/","logo":{"@type":"ImageObject","inLanguage":"de","@id":"https:\/\/martinluther.ca\/de\/#\/schema\/logo\/image\/","url":"https:\/\/martinluther.ca\/wp-content\/uploads\/2016\/12\/ml-logo-300.png","contentUrl":"https:\/\/martinluther.ca\/wp-content\/uploads\/2016\/12\/ml-logo-300.png","width":300,"height":150,"caption":"Martin Luther Evangelical Church Toronto"},"image":{"@id":"https:\/\/martinluther.ca\/de\/#\/schema\/logo\/image\/"},"sameAs":["https:\/\/www.facebook.com\/martinlutherchurchtoronto","https:\/\/www.instagram.com\/lutheransbythelake\/","https:\/\/www.youtube.com\/MartinLutherChurchToronto"]},{"@type":"Person","@id":"https:\/\/martinluther.ca\/de\/#\/schema\/person\/ef4e825f5d9d6fd740bbd7813710e15d","name":"Marlena Muller","image":{"@type":"ImageObject","inLanguage":"de","@id":"https:\/\/secure.gravatar.com\/avatar\/fe840ff753768b839caa2dd522d4797f19f7e22fa2da83388e0fbfc570b65a37?s=96&d=mm&r=g","url":"https:\/\/secure.gravatar.com\/avatar\/fe840ff753768b839caa2dd522d4797f19f7e22fa2da83388e0fbfc570b65a37?s=96&d=mm&r=g","contentUrl":"https:\/\/secure.gravatar.com\/avatar\/fe840ff753768b839caa2dd522d4797f19f7e22fa2da83388e0fbfc570b65a37?s=96&d=mm&r=g","caption":"Marlena Muller"},"url":false}]}},"_links":{"self":[{"href":"https:\/\/martinluther.ca\/de\/wp-json\/wp\/v2\/posts\/36252","targetHints":{"allow":["GET"]}}],"collection":[{"href":"https:\/\/martinluther.ca\/de\/wp-json\/wp\/v2\/posts"}],"about":[{"href":"https:\/\/martinluther.ca\/de\/wp-json\/wp\/v2\/types\/post"}],"author":[{"embeddable":true,"href":"https:\/\/martinluther.ca\/de\/wp-json\/wp\/v2\/users\/8"}],"replies":[{"embeddable":true,"href":"https:\/\/martinluther.ca\/de\/wp-json\/wp\/v2\/comments?post=36252"}],"version-history":[{"count":4,"href":"https:\/\/martinluther.ca\/de\/wp-json\/wp\/v2\/posts\/36252\/revisions"}],"predecessor-version":[{"id":36482,"href":"https:\/\/martinluther.ca\/de\/wp-json\/wp\/v2\/posts\/36252\/revisions\/36482"}],"wp:featuredmedia":[{"embeddable":true,"href":"https:\/\/martinluther.ca\/de\/wp-json\/wp\/v2\/media\/36246"}],"wp:attachment":[{"href":"https:\/\/martinluther.ca\/de\/wp-json\/wp\/v2\/media?parent=36252"}],"wp:term":[{"taxonomy":"category","embeddable":true,"href":"https:\/\/martinluther.ca\/de\/wp-json\/wp\/v2\/categories?post=36252"},{"taxonomy":"post_tag","embeddable":true,"href":"https:\/\/martinluther.ca\/de\/wp-json\/wp\/v2\/tags?post=36252"},{"taxonomy":"post_series","embeddable":true,"href":"https:\/\/martinluther.ca\/de\/wp-json\/wp\/v2\/post_series?post=36252"}],"curies":[{"name":"wp","href":"https:\/\/api.w.org\/{rel}","templated":true}]}}