{"id":36473,"date":"2020-11-02T09:21:36","date_gmt":"2020-11-02T14:21:36","guid":{"rendered":"https:\/\/martinluther.ca\/?p=36473"},"modified":"2020-11-17T14:58:35","modified_gmt":"2020-11-17T19:58:35","slug":"inspiration-in-der-pandemie-familie-younes-in-kanada-willkommen","status":"publish","type":"post","link":"https:\/\/martinluther.ca\/de\/2020\/11\/inspiration-in-der-pandemie-familie-younes-in-kanada-willkommen\/","title":{"rendered":"Winter Clothing Drive &#038; Fundraiser als Zeichen der Inspiration in der Pandemie &#8211; Familie Younes in Kanada willkommen"},"content":{"rendered":"<p>We are now collecting gently used <strong>winter clothing &amp; boots<\/strong> for our newcomer families. Please contact Marlena in the office for ages and sizes. Anyone with suitable items can drop them off by appointment at the church until the <strong>end of November<\/strong>. As an alternative Value Village gift certificates would also be greatly appreciated.<\/p>\n<p>Wenn Ihr wunderbare Ideen habt, wie wir als oder anstelle unseres Weihnachtsbasars <strong>Spenden <\/strong>f\u00fcr Fl\u00fcchtlinge sammeln k\u00f6nnen, teilt diese bitte mit, plant und stellt ein Team f\u00fcr Online-Freude zusammen.<\/p>\n<p>Bitte sagt uns Bescheid, wenn Ihr interesse an <strong>MLK Gesichtsmasken oder Einkaufstaschen<\/strong> habt. Wir w\u00fcrden diese gerne als Fundraiser bestellen.<\/p>\n<p>Die sechsk\u00f6pfige Familie Younes kam am 28. Oktober 2020 sicher aus Kuwait in Toronto an, wo sie von ihren wunderbaren Sponsoren Mason Hatahet und Riyad Younes empfangen wurden. Sie werden zun\u00e4chst w\u00e4hrend der Quarant\u00e4nezeit bei Riyad Younes bleiben und bis sie eine bezahlbare Unterkunft gefunden haben.<\/p>\n<p>Einige Mitglieder des MLC Refugee Support Teams (Karen, Iris, Greg, Anneli) versammelten sich bei Riyad Younes&#8216; Familie um mit Geschenken in Kanada willkommen zu hei\u00dfen. Sie spielten des folgenden inspirierenden Videos &#8222;Willkommen in Kanada &#8211; Lied f\u00fcr syrische Fl\u00fcchtlinge&#8220; &#8211; <a href=\"https:\/\/youtu.be\/zuDlhBpTVsg\" target=\"_blank\" rel=\"noopener noreferrer\">https:\/\/youtu.be\/zuDlhBpTVsg<\/a>.<\/p>\n<p>Die Familie Younes lebte fr\u00fcher in einer kleinen Stadt namens \u201eJableh\u201c im Nordwesten Syriens. Der Vater wurde von den Geheimkr\u00e4ften des Regimes verfolgt. Das Regime hatte bereits viele seiner Familienmitglieder (Cousins, Onkel und Geschwister) ins Visier genommen. 2008 floh die Familie Younes aus Syrien nach Kuwait.<\/p>\n<p>Mason Hatahet und Riyad Younes mussten ungef\u00e4hr $50,000 zur Verf\u00fcgung stellen, um die Younes-Familie f\u00fcr 12 Monate zu sponsern. Das MLK\u00a0Fl\u00fcchtlingsunterst\u00fctzungsteam wird nicht finanzielle Unterst\u00fctzung sondern bei der Neuansiedlung leisten, beispielsweise in den Bereichen Bildung, Sprache, Berufsausbildung \/ Jagd, M\u00f6bel, Kleidung usw. Wie wir es in der Vergangenheit getan haben wird MLC auch versuchen, die Einwanderungsfl\u00fcge von Younes zu bezahlen ungef\u00e4hr $ 7.000.<\/p>\n<p>Bitte spenden Sie an den MLC Refugee Support Fund unter: <a href=\"https:\/\/martinluther.ca\/de\/spenden\/\" target=\"_blank\" rel=\"noopener noreferrer\">https:\/\/martinluther.ca\/make-a-donation\/<\/a><\/p>\n","protected":false},"excerpt":{"rendered":"<p>We are now collecting gently used winter clothing &amp; boots for our newcomer families. Please contact Marlena in the office for ages and sizes. Anyone with suitable items can drop them off by appointment at the church until the end of November. As an alternative Value Village gift certificates would also be greatly appreciated. Wenn&hellip;<\/p>\n","protected":false},"author":9,"featured_media":36469,"comment_status":"closed","ping_status":"closed","sticky":false,"template":"","format":"standard","meta":{"footnotes":""},"categories":[69],"tags":[],"post_series":[],"class_list":["post-36473","post","type-post","status-publish","format-standard","has-post-thumbnail","hentry","category-news-blog-german","entry","has-media"],"yoast_head":"<!-- This site is optimized with the Yoast SEO plugin v27.5 - https:\/\/yoast.com\/product\/yoast-seo-wordpress\/ -->\n<title>Winter Clothing Drive &amp; Fundraiser als Zeichen der Inspiration in der Pandemie - Familie Younes in Kanada willkommen - Martin Luther Evangelische Kirche Toronto<\/title>\n<meta name=\"robots\" content=\"index, follow, max-snippet:-1, max-image-preview:large, max-video-preview:-1\" \/>\n<link rel=\"canonical\" href=\"https:\/\/martinluther.ca\/de\/2020\/11\/inspiration-in-der-pandemie-familie-younes-in-kanada-willkommen\/\" \/>\n<meta property=\"og:locale\" content=\"de_DE\" \/>\n<meta property=\"og:type\" content=\"article\" \/>\n<meta property=\"og:title\" content=\"Winter Clothing Drive &amp; Fundraiser als Zeichen der Inspiration in der Pandemie - Familie Younes in Kanada willkommen - Martin Luther Evangelische Kirche Toronto\" \/>\n<meta property=\"og:description\" content=\"We are now collecting gently used winter clothing &amp; boots for our newcomer families. Please contact Marlena in the office for ages and sizes. Anyone with suitable items can drop them off by appointment at the church until the end of November. As an alternative Value Village gift certificates would also be greatly appreciated. Wenn&hellip;\" \/>\n<meta property=\"og:url\" content=\"https:\/\/martinluther.ca\/de\/2020\/11\/inspiration-in-der-pandemie-familie-younes-in-kanada-willkommen\/\" \/>\n<meta property=\"og:site_name\" content=\"Martin Luther Evangelische Kirche Toronto\" \/>\n<meta property=\"article:publisher\" content=\"https:\/\/www.facebook.com\/martinlutherchurchtoronto\" \/>\n<meta property=\"article:published_time\" content=\"2020-11-02T14:21:36+00:00\" \/>\n<meta property=\"article:modified_time\" content=\"2020-11-17T19:58:35+00:00\" \/>\n<meta property=\"og:image\" content=\"https:\/\/martinluther.ca\/wp-content\/uploads\/2020\/11\/Welcome-to-canada-2020-image-for-RefugeeTeam.png\" \/>\n\t<meta property=\"og:image:width\" content=\"918\" \/>\n\t<meta property=\"og:image:height\" content=\"530\" \/>\n\t<meta property=\"og:image:type\" content=\"image\/png\" \/>\n<meta name=\"author\" content=\"Mona Kakoschke Frantzke\" \/>\n<meta name=\"twitter:card\" content=\"summary_large_image\" \/>\n<meta name=\"twitter:label1\" content=\"Verfasst von\" \/>\n\t<meta name=\"twitter:data1\" content=\"Mona Kakoschke Frantzke\" \/>\n\t<meta name=\"twitter:label2\" content=\"Gesch\u00e4tzte Lesezeit\" \/>\n\t<meta name=\"twitter:data2\" content=\"2\u00a0Minuten\" \/>\n<script type=\"application\/ld+json\" class=\"yoast-schema-graph\">{\"@context\":\"https:\\\/\\\/schema.org\",\"@graph\":[{\"@type\":\"Article\",\"@id\":\"https:\\\/\\\/martinluther.ca\\\/de\\\/2020\\\/11\\\/inspiration-in-der-pandemie-familie-younes-in-kanada-willkommen\\\/#article\",\"isPartOf\":{\"@id\":\"https:\\\/\\\/martinluther.ca\\\/de\\\/2020\\\/11\\\/inspiration-in-der-pandemie-familie-younes-in-kanada-willkommen\\\/\"},\"author\":{\"name\":\"Mona Kakoschke Frantzke\",\"@id\":\"https:\\\/\\\/martinluther.ca\\\/de\\\/#\\\/schema\\\/person\\\/815c51710f70b050f0476f18da6b0c8f\"},\"headline\":\"Winter Clothing Drive &#038; Fundraiser als Zeichen der Inspiration in der Pandemie &#8211; Familie Younes in Kanada willkommen\",\"datePublished\":\"2020-11-02T14:21:36+00:00\",\"dateModified\":\"2020-11-17T19:58:35+00:00\",\"mainEntityOfPage\":{\"@id\":\"https:\\\/\\\/martinluther.ca\\\/de\\\/2020\\\/11\\\/inspiration-in-der-pandemie-familie-younes-in-kanada-willkommen\\\/\"},\"wordCount\":349,\"publisher\":{\"@id\":\"https:\\\/\\\/martinluther.ca\\\/de\\\/#organization\"},\"image\":{\"@id\":\"https:\\\/\\\/martinluther.ca\\\/de\\\/2020\\\/11\\\/inspiration-in-der-pandemie-familie-younes-in-kanada-willkommen\\\/#primaryimage\"},\"thumbnailUrl\":\"https:\\\/\\\/martinluther.ca\\\/wp-content\\\/uploads\\\/2020\\\/11\\\/Welcome-to-canada-2020-image-for-RefugeeTeam.png\",\"articleSection\":[\"News Blog - German\"],\"inLanguage\":\"de\"},{\"@type\":\"WebPage\",\"@id\":\"https:\\\/\\\/martinluther.ca\\\/de\\\/2020\\\/11\\\/inspiration-in-der-pandemie-familie-younes-in-kanada-willkommen\\\/\",\"url\":\"https:\\\/\\\/martinluther.ca\\\/de\\\/2020\\\/11\\\/inspiration-in-der-pandemie-familie-younes-in-kanada-willkommen\\\/\",\"name\":\"Winter Clothing Drive & Fundraiser als Zeichen der Inspiration in der Pandemie - Familie Younes in Kanada willkommen - Martin Luther Evangelische Kirche Toronto\",\"isPartOf\":{\"@id\":\"https:\\\/\\\/martinluther.ca\\\/de\\\/#website\"},\"primaryImageOfPage\":{\"@id\":\"https:\\\/\\\/martinluther.ca\\\/de\\\/2020\\\/11\\\/inspiration-in-der-pandemie-familie-younes-in-kanada-willkommen\\\/#primaryimage\"},\"image\":{\"@id\":\"https:\\\/\\\/martinluther.ca\\\/de\\\/2020\\\/11\\\/inspiration-in-der-pandemie-familie-younes-in-kanada-willkommen\\\/#primaryimage\"},\"thumbnailUrl\":\"https:\\\/\\\/martinluther.ca\\\/wp-content\\\/uploads\\\/2020\\\/11\\\/Welcome-to-canada-2020-image-for-RefugeeTeam.png\",\"datePublished\":\"2020-11-02T14:21:36+00:00\",\"dateModified\":\"2020-11-17T19:58:35+00:00\",\"breadcrumb\":{\"@id\":\"https:\\\/\\\/martinluther.ca\\\/de\\\/2020\\\/11\\\/inspiration-in-der-pandemie-familie-younes-in-kanada-willkommen\\\/#breadcrumb\"},\"inLanguage\":\"de\",\"potentialAction\":[{\"@type\":\"ReadAction\",\"target\":[\"https:\\\/\\\/martinluther.ca\\\/de\\\/2020\\\/11\\\/inspiration-in-der-pandemie-familie-younes-in-kanada-willkommen\\\/\"]}]},{\"@type\":\"ImageObject\",\"inLanguage\":\"de\",\"@id\":\"https:\\\/\\\/martinluther.ca\\\/de\\\/2020\\\/11\\\/inspiration-in-der-pandemie-familie-younes-in-kanada-willkommen\\\/#primaryimage\",\"url\":\"https:\\\/\\\/martinluther.ca\\\/wp-content\\\/uploads\\\/2020\\\/11\\\/Welcome-to-canada-2020-image-for-RefugeeTeam.png\",\"contentUrl\":\"https:\\\/\\\/martinluther.ca\\\/wp-content\\\/uploads\\\/2020\\\/11\\\/Welcome-to-canada-2020-image-for-RefugeeTeam.png\",\"width\":918,\"height\":530,\"caption\":\"Welcome-to-Canada image\"},{\"@type\":\"BreadcrumbList\",\"@id\":\"https:\\\/\\\/martinluther.ca\\\/de\\\/2020\\\/11\\\/inspiration-in-der-pandemie-familie-younes-in-kanada-willkommen\\\/#breadcrumb\",\"itemListElement\":[{\"@type\":\"ListItem\",\"position\":1,\"name\":\"Home\",\"item\":\"https:\\\/\\\/martinluther.ca\\\/de\\\/\"},{\"@type\":\"ListItem\",\"position\":2,\"name\":\"Winter Clothing Drive &#038; Fundraiser als Zeichen der Inspiration in der Pandemie &#8211; Familie Younes in Kanada willkommen\"}]},{\"@type\":\"WebSite\",\"@id\":\"https:\\\/\\\/martinluther.ca\\\/de\\\/#website\",\"url\":\"https:\\\/\\\/martinluther.ca\\\/de\\\/\",\"name\":\"Martin Luther Evangelical Church Toronto\",\"description\":\"Deutsch &amp; Englisch\",\"publisher\":{\"@id\":\"https:\\\/\\\/martinluther.ca\\\/de\\\/#organization\"},\"potentialAction\":[{\"@type\":\"SearchAction\",\"target\":{\"@type\":\"EntryPoint\",\"urlTemplate\":\"https:\\\/\\\/martinluther.ca\\\/de\\\/?s={search_term_string}\"},\"query-input\":{\"@type\":\"PropertyValueSpecification\",\"valueRequired\":true,\"valueName\":\"search_term_string\"}}],\"inLanguage\":\"de\"},{\"@type\":\"Organization\",\"@id\":\"https:\\\/\\\/martinluther.ca\\\/de\\\/#organization\",\"name\":\"Martin Luther Evangelical Church Toronto\",\"url\":\"https:\\\/\\\/martinluther.ca\\\/de\\\/\",\"logo\":{\"@type\":\"ImageObject\",\"inLanguage\":\"de\",\"@id\":\"https:\\\/\\\/martinluther.ca\\\/de\\\/#\\\/schema\\\/logo\\\/image\\\/\",\"url\":\"https:\\\/\\\/martinluther.ca\\\/wp-content\\\/uploads\\\/2016\\\/12\\\/ml-logo-300.png\",\"contentUrl\":\"https:\\\/\\\/martinluther.ca\\\/wp-content\\\/uploads\\\/2016\\\/12\\\/ml-logo-300.png\",\"width\":300,\"height\":150,\"caption\":\"Martin Luther Evangelical Church Toronto\"},\"image\":{\"@id\":\"https:\\\/\\\/martinluther.ca\\\/de\\\/#\\\/schema\\\/logo\\\/image\\\/\"},\"sameAs\":[\"https:\\\/\\\/www.facebook.com\\\/martinlutherchurchtoronto\",\"https:\\\/\\\/www.instagram.com\\\/lutheransbythelake\\\/\",\"https:\\\/\\\/www.youtube.com\\\/MartinLutherChurchToronto\"]},{\"@type\":\"Person\",\"@id\":\"https:\\\/\\\/martinluther.ca\\\/de\\\/#\\\/schema\\\/person\\\/815c51710f70b050f0476f18da6b0c8f\",\"name\":\"Mona Kakoschke Frantzke\",\"image\":{\"@type\":\"ImageObject\",\"inLanguage\":\"de\",\"@id\":\"https:\\\/\\\/secure.gravatar.com\\\/avatar\\\/0deb16854ca545cd2e9fc8001ca110d262b80d5c8317b38dc542265fbea0ed19?s=96&d=mm&r=g\",\"url\":\"https:\\\/\\\/secure.gravatar.com\\\/avatar\\\/0deb16854ca545cd2e9fc8001ca110d262b80d5c8317b38dc542265fbea0ed19?s=96&d=mm&r=g\",\"contentUrl\":\"https:\\\/\\\/secure.gravatar.com\\\/avatar\\\/0deb16854ca545cd2e9fc8001ca110d262b80d5c8317b38dc542265fbea0ed19?s=96&d=mm&r=g\",\"caption\":\"Mona Kakoschke Frantzke\"},\"url\":false}]}<\/script>\n<!-- \/ Yoast SEO plugin. -->","yoast_head_json":{"title":"Winter Clothing Drive & Fundraiser als Zeichen der Inspiration in der Pandemie - Familie Younes in Kanada willkommen - Martin Luther Evangelische Kirche Toronto","robots":{"index":"index","follow":"follow","max-snippet":"max-snippet:-1","max-image-preview":"max-image-preview:large","max-video-preview":"max-video-preview:-1"},"canonical":"https:\/\/martinluther.ca\/de\/2020\/11\/inspiration-in-der-pandemie-familie-younes-in-kanada-willkommen\/","og_locale":"de_DE","og_type":"article","og_title":"Winter Clothing Drive & Fundraiser als Zeichen der Inspiration in der Pandemie - Familie Younes in Kanada willkommen - Martin Luther Evangelische Kirche Toronto","og_description":"We are now collecting gently used winter clothing &amp; boots for our newcomer families. Please contact Marlena in the office for ages and sizes. Anyone with suitable items can drop them off by appointment at the church until the end of November. As an alternative Value Village gift certificates would also be greatly appreciated. Wenn&hellip;","og_url":"https:\/\/martinluther.ca\/de\/2020\/11\/inspiration-in-der-pandemie-familie-younes-in-kanada-willkommen\/","og_site_name":"Martin Luther Evangelische Kirche Toronto","article_publisher":"https:\/\/www.facebook.com\/martinlutherchurchtoronto","article_published_time":"2020-11-02T14:21:36+00:00","article_modified_time":"2020-11-17T19:58:35+00:00","og_image":[{"width":918,"height":530,"url":"https:\/\/martinluther.ca\/wp-content\/uploads\/2020\/11\/Welcome-to-canada-2020-image-for-RefugeeTeam.png","type":"image\/png"}],"author":"Mona Kakoschke Frantzke","twitter_card":"summary_large_image","twitter_misc":{"Verfasst von":"Mona Kakoschke Frantzke","Gesch\u00e4tzte Lesezeit":"2\u00a0Minuten"},"schema":{"@context":"https:\/\/schema.org","@graph":[{"@type":"Article","@id":"https:\/\/martinluther.ca\/de\/2020\/11\/inspiration-in-der-pandemie-familie-younes-in-kanada-willkommen\/#article","isPartOf":{"@id":"https:\/\/martinluther.ca\/de\/2020\/11\/inspiration-in-der-pandemie-familie-younes-in-kanada-willkommen\/"},"author":{"name":"Mona Kakoschke Frantzke","@id":"https:\/\/martinluther.ca\/de\/#\/schema\/person\/815c51710f70b050f0476f18da6b0c8f"},"headline":"Winter Clothing Drive &#038; Fundraiser als Zeichen der Inspiration in der Pandemie &#8211; Familie Younes in Kanada willkommen","datePublished":"2020-11-02T14:21:36+00:00","dateModified":"2020-11-17T19:58:35+00:00","mainEntityOfPage":{"@id":"https:\/\/martinluther.ca\/de\/2020\/11\/inspiration-in-der-pandemie-familie-younes-in-kanada-willkommen\/"},"wordCount":349,"publisher":{"@id":"https:\/\/martinluther.ca\/de\/#organization"},"image":{"@id":"https:\/\/martinluther.ca\/de\/2020\/11\/inspiration-in-der-pandemie-familie-younes-in-kanada-willkommen\/#primaryimage"},"thumbnailUrl":"https:\/\/martinluther.ca\/wp-content\/uploads\/2020\/11\/Welcome-to-canada-2020-image-for-RefugeeTeam.png","articleSection":["News Blog - German"],"inLanguage":"de"},{"@type":"WebPage","@id":"https:\/\/martinluther.ca\/de\/2020\/11\/inspiration-in-der-pandemie-familie-younes-in-kanada-willkommen\/","url":"https:\/\/martinluther.ca\/de\/2020\/11\/inspiration-in-der-pandemie-familie-younes-in-kanada-willkommen\/","name":"Winter Clothing Drive & Fundraiser als Zeichen der Inspiration in der Pandemie - Familie Younes in Kanada willkommen - Martin Luther Evangelische Kirche Toronto","isPartOf":{"@id":"https:\/\/martinluther.ca\/de\/#website"},"primaryImageOfPage":{"@id":"https:\/\/martinluther.ca\/de\/2020\/11\/inspiration-in-der-pandemie-familie-younes-in-kanada-willkommen\/#primaryimage"},"image":{"@id":"https:\/\/martinluther.ca\/de\/2020\/11\/inspiration-in-der-pandemie-familie-younes-in-kanada-willkommen\/#primaryimage"},"thumbnailUrl":"https:\/\/martinluther.ca\/wp-content\/uploads\/2020\/11\/Welcome-to-canada-2020-image-for-RefugeeTeam.png","datePublished":"2020-11-02T14:21:36+00:00","dateModified":"2020-11-17T19:58:35+00:00","breadcrumb":{"@id":"https:\/\/martinluther.ca\/de\/2020\/11\/inspiration-in-der-pandemie-familie-younes-in-kanada-willkommen\/#breadcrumb"},"inLanguage":"de","potentialAction":[{"@type":"ReadAction","target":["https:\/\/martinluther.ca\/de\/2020\/11\/inspiration-in-der-pandemie-familie-younes-in-kanada-willkommen\/"]}]},{"@type":"ImageObject","inLanguage":"de","@id":"https:\/\/martinluther.ca\/de\/2020\/11\/inspiration-in-der-pandemie-familie-younes-in-kanada-willkommen\/#primaryimage","url":"https:\/\/martinluther.ca\/wp-content\/uploads\/2020\/11\/Welcome-to-canada-2020-image-for-RefugeeTeam.png","contentUrl":"https:\/\/martinluther.ca\/wp-content\/uploads\/2020\/11\/Welcome-to-canada-2020-image-for-RefugeeTeam.png","width":918,"height":530,"caption":"Welcome-to-Canada image"},{"@type":"BreadcrumbList","@id":"https:\/\/martinluther.ca\/de\/2020\/11\/inspiration-in-der-pandemie-familie-younes-in-kanada-willkommen\/#breadcrumb","itemListElement":[{"@type":"ListItem","position":1,"name":"Home","item":"https:\/\/martinluther.ca\/de\/"},{"@type":"ListItem","position":2,"name":"Winter Clothing Drive &#038; Fundraiser als Zeichen der Inspiration in der Pandemie &#8211; Familie Younes in Kanada willkommen"}]},{"@type":"WebSite","@id":"https:\/\/martinluther.ca\/de\/#website","url":"https:\/\/martinluther.ca\/de\/","name":"Martin Luther Evangelical Church Toronto","description":"Deutsch &amp; Englisch","publisher":{"@id":"https:\/\/martinluther.ca\/de\/#organization"},"potentialAction":[{"@type":"SearchAction","target":{"@type":"EntryPoint","urlTemplate":"https:\/\/martinluther.ca\/de\/?s={search_term_string}"},"query-input":{"@type":"PropertyValueSpecification","valueRequired":true,"valueName":"search_term_string"}}],"inLanguage":"de"},{"@type":"Organization","@id":"https:\/\/martinluther.ca\/de\/#organization","name":"Martin Luther Evangelical Church Toronto","url":"https:\/\/martinluther.ca\/de\/","logo":{"@type":"ImageObject","inLanguage":"de","@id":"https:\/\/martinluther.ca\/de\/#\/schema\/logo\/image\/","url":"https:\/\/martinluther.ca\/wp-content\/uploads\/2016\/12\/ml-logo-300.png","contentUrl":"https:\/\/martinluther.ca\/wp-content\/uploads\/2016\/12\/ml-logo-300.png","width":300,"height":150,"caption":"Martin Luther Evangelical Church Toronto"},"image":{"@id":"https:\/\/martinluther.ca\/de\/#\/schema\/logo\/image\/"},"sameAs":["https:\/\/www.facebook.com\/martinlutherchurchtoronto","https:\/\/www.instagram.com\/lutheransbythelake\/","https:\/\/www.youtube.com\/MartinLutherChurchToronto"]},{"@type":"Person","@id":"https:\/\/martinluther.ca\/de\/#\/schema\/person\/815c51710f70b050f0476f18da6b0c8f","name":"Mona Kakoschke Frantzke","image":{"@type":"ImageObject","inLanguage":"de","@id":"https:\/\/secure.gravatar.com\/avatar\/0deb16854ca545cd2e9fc8001ca110d262b80d5c8317b38dc542265fbea0ed19?s=96&d=mm&r=g","url":"https:\/\/secure.gravatar.com\/avatar\/0deb16854ca545cd2e9fc8001ca110d262b80d5c8317b38dc542265fbea0ed19?s=96&d=mm&r=g","contentUrl":"https:\/\/secure.gravatar.com\/avatar\/0deb16854ca545cd2e9fc8001ca110d262b80d5c8317b38dc542265fbea0ed19?s=96&d=mm&r=g","caption":"Mona Kakoschke Frantzke"},"url":false}]}},"_links":{"self":[{"href":"https:\/\/martinluther.ca\/de\/wp-json\/wp\/v2\/posts\/36473","targetHints":{"allow":["GET"]}}],"collection":[{"href":"https:\/\/martinluther.ca\/de\/wp-json\/wp\/v2\/posts"}],"about":[{"href":"https:\/\/martinluther.ca\/de\/wp-json\/wp\/v2\/types\/post"}],"author":[{"embeddable":true,"href":"https:\/\/martinluther.ca\/de\/wp-json\/wp\/v2\/users\/9"}],"replies":[{"embeddable":true,"href":"https:\/\/martinluther.ca\/de\/wp-json\/wp\/v2\/comments?post=36473"}],"version-history":[{"count":3,"href":"https:\/\/martinluther.ca\/de\/wp-json\/wp\/v2\/posts\/36473\/revisions"}],"predecessor-version":[{"id":36634,"href":"https:\/\/martinluther.ca\/de\/wp-json\/wp\/v2\/posts\/36473\/revisions\/36634"}],"wp:featuredmedia":[{"embeddable":true,"href":"https:\/\/martinluther.ca\/de\/wp-json\/wp\/v2\/media\/36469"}],"wp:attachment":[{"href":"https:\/\/martinluther.ca\/de\/wp-json\/wp\/v2\/media?parent=36473"}],"wp:term":[{"taxonomy":"category","embeddable":true,"href":"https:\/\/martinluther.ca\/de\/wp-json\/wp\/v2\/categories?post=36473"},{"taxonomy":"post_tag","embeddable":true,"href":"https:\/\/martinluther.ca\/de\/wp-json\/wp\/v2\/tags?post=36473"},{"taxonomy":"post_series","embeddable":true,"href":"https:\/\/martinluther.ca\/de\/wp-json\/wp\/v2\/post_series?post=36473"}],"curies":[{"name":"wp","href":"https:\/\/api.w.org\/{rel}","templated":true}]}}