{"id":36530,"date":"2020-11-06T19:00:22","date_gmt":"2020-11-07T00:00:22","guid":{"rendered":"https:\/\/martinluther.ca\/?p=36530"},"modified":"2020-11-06T19:09:16","modified_gmt":"2020-11-07T00:09:16","slug":"reformations-andacht-fuer-mich-beginnt-veraenderungen-damit-zu-traeumen","status":"publish","type":"post","link":"https:\/\/martinluther.ca\/de\/2020\/11\/reformations-andacht-fuer-mich-beginnt-veraenderungen-damit-zu-traeumen\/","title":{"rendered":"Reformations-Andacht: &#8222;F\u00fcr mich beginnt Ver\u00e4nderungen damit zu tr\u00e4umen&#8220;"},"content":{"rendered":"<p>Es ist etwas mehr als 500 Jahre her, dass mit dem Thesenanschlag Martin Luthers an der Stadtkirche zu Wittenberg die Reformation begann. Und wenn ich so auf die Lutherische Kirche schaue, frage ich mich manchmal, was Martin Luther wohl sagen w\u00fcrde? W\u00fcrde ihm gefallen was er sieht? Oder w\u00fcrde er, wie man so sch\u00f6n sagt, die H\u00e4nde \u00fcber dem Kopf zusammenschlagen und sich die Frage stellen, wie die Kirche hier gelandet sein konnte? Oder vielleicht ein bisschen von beidem. Beantworten werden wir diese Fragen nie k\u00f6nnen. Wir k\u00f6nnen h\u00f6chstens auf Grund von Luthers Schriften, und dazu z\u00e4hle ich auch all seine Lieder und \u00e4hnliches, Vermutungen anstellen.<\/p>\n<p>Aber lassen Sie uns noch mal einen Schritt zur\u00fccktreten und erstmal die Frage beantworten was eigentlich hinter dem Wort \u201eReformation\u201c steckt. \u201eReformation\u201c kommt von dem lateinischen Wort \u201ereformatio\u201c, das \u00fcbersetzt \u201eUmgestaltung\u201c oder \u201eErneuerung\u201c bedeutet. Gleichzeitig h\u00e4ngt es mit Verb \u201ereformare\u201c \u2013 \u201eumgestalten\u201c, \u201eumbilden\u201c \u201eneu gestalten\u201c zusammen. Bei einer Reformation geht es also um Ver\u00e4nderungen, um das Umgestalten des Status quo, des aktuellen Zustandes.<\/p>\n<p>Doch was bedeutet all das f\u00fcr uns heute im 21. Jahrhundert? War die Reformation irgendwann abgeschlossen und wir sind an ihrem Ziel angekommen? Ich wage zu behaupten, dass das nicht der Fall ist. So wichtig Traditionen und Rituale als Anker in unserem Leben sind, ohne Ver\u00e4nderungen gibt es kein Wachstum und ohne Wachstum laufen wir zwangsl\u00e4ufig auf ein Ende zu.<\/p>\n<p>Gleichzeitig bedeutet das nat\u00fcrlich nicht, dass wir alles \u00fcber Bord werfen und komplett neu anfangen sollten. Damit w\u00e4re auch niemandem geholfen. Zumindest nicht in unseren bestehenden Gemeinden. Vielmehr geht es meiner Meinung nach um ein Gleichgewicht von Tradition und Innovation. Wie k\u00f6nnen wir f\u00fcr Menschen da sein, denen traditionelle Gottesdienst- und Gemeindeformen wichtig sind? Wie k\u00f6nnen wir Menschen erreichen, die damit nichts oder wenig anfangen k\u00f6nnen? Und wo m\u00fcssen wir sagen: Das ist uns so wichtig, dass wir es in Kauf nehmen, dass nicht alle Menschen in unserer Gemeinde gut finden was wir vorhaben?<\/p>\n<p>Nat\u00fcrlich ist mir auch klar, dass wir Sachen nicht blo\u00df ver\u00e4ndern sollten, weil wir irgendwas ver\u00e4ndern wollen. Wir m\u00fcssen schon wissen was und warum, selbst wenn wir manchmal die Abrissbirne rausholen und ganz neu beginnen wollen. Aber in der Regel geht es ja um Ver\u00e4nderungen in bestimmten Bereichen. Und f\u00fcr mich beginnt Ver\u00e4nderungen damit zu tr\u00e4umen. Gerne auch gr\u00f6\u00dfer als wir es erstmal f\u00fcr m\u00f6glich halten. Und deshalb meine Frage an Sie und euch:<\/p>\n<p>Haben Sie, habt ihr euch schon einmal Gedanken dar\u00fcber gemacht, wie Sie sich Kirche und Gemeinde w\u00fcnschen? Was w\u00fcrden Sie aufschreiben, zeichnen oder nennen? Ich finde es immer wieder faszinierend, was alles zu Papier gebracht wird, wenn wir diese Frage stellen. Und obwohl ich diese Gedanken\u00fcbung nun schon zweimal gemacht habe, habe ich mich diese Woche wieder einmal hingesetzt und alles aufgeschrieben und gezeichnet, was mir spontan in den Sinn gekommen ist.<\/p>\n<p>Mein Traum von Kirche\u2026<\/p>\n<figure id=\"attachment_36523\" aria-describedby=\"caption-attachment-36523\" style=\"width: 800px\" class=\"wp-caption aligncenter\"><a href=\"https:\/\/martinluther.ca\/wp-content\/uploads\/2020\/11\/2020-10-25-Dream-of-Church-Traum-von-Kirche-scaled.jpg\"><img loading=\"lazy\" decoding=\"async\" class=\"wp-image-36523\" src=\"https:\/\/martinluther.ca\/wp-content\/uploads\/2020\/11\/2020-10-25-Dream-of-Church-Traum-von-Kirche-300x225.jpg\" alt=\"Mein Traum von Kirche... Bibelkreis; Hoffnung; Mut Dinge loszulassen; Kreativit\u00e4t; stay positive; Vielfalt (an Gruppen und Kreisen); qualitative \u00d6ffentlichkeitsarbeit; St\u00e4rkung von Ehrenamtlichen; you got this; Glaube; gottesdienstliche Vielfalt; authentisch; \u201eI have a dream today\u2026\u201c; Musik; regionale Zusammenarbeit; Aufgeschlossenheit; auf Augenh\u00f6he; Mut f\u00fcr Neues; Besuchsdienstkreis; Ehrenamtliche; dynamisch; Kirchencaf\u00e9; Sehnsuchtsort; digital; Interreligiosit\u00e4t; \u00d6kumene; Teamarbeit; stay brave; bunt; wertsch\u00e4tzend; Fresh X; Liebe; Offenheit; Seelsorge; \u201echurch in the round\u201c; Wurzeln, die uns Fl\u00fcgel geben; dare to dream; shine bright\" width=\"800\" height=\"600\" srcset=\"https:\/\/martinluther.ca\/wp-content\/uploads\/2020\/11\/2020-10-25-Dream-of-Church-Traum-von-Kirche-300x225.jpg 300w, https:\/\/martinluther.ca\/wp-content\/uploads\/2020\/11\/2020-10-25-Dream-of-Church-Traum-von-Kirche-1024x768.jpg 1024w, https:\/\/martinluther.ca\/wp-content\/uploads\/2020\/11\/2020-10-25-Dream-of-Church-Traum-von-Kirche-768x576.jpg 768w, https:\/\/martinluther.ca\/wp-content\/uploads\/2020\/11\/2020-10-25-Dream-of-Church-Traum-von-Kirche-1536x1152.jpg 1536w, https:\/\/martinluther.ca\/wp-content\/uploads\/2020\/11\/2020-10-25-Dream-of-Church-Traum-von-Kirche-2048x1536.jpg 2048w\" sizes=\"auto, (max-width: 800px) 100vw, 800px\" \/><\/a><figcaption id=\"caption-attachment-36523\" class=\"wp-caption-text\">Vikarin Silke Fahls Traum von Kirche<\/figcaption><\/figure>\n<p>Bibelkreis; Hoffnung; Mut Dinge loszulassen; Kreativit\u00e4t; stay positive; Vielfalt (an Gruppen und Kreisen); qualitative \u00d6ffentlichkeitsarbeit; St\u00e4rkung von Ehrenamtlichen; you got this; Glaube; gottesdienstliche Vielfalt; authentisch; \u201eI have a dream today\u2026\u201c; Musik; regionale Zusammenarbeit; Aufgeschlossenheit; auf Augenh\u00f6he; Mut f\u00fcr Neues; Besuchsdienstkreis; Ehrenamtliche; dynamisch; Kirchencaf\u00e9; Sehnsuchtsort; digital; Interreligiosit\u00e4t; \u00d6kumene; Teamarbeit; stay brave; bunt; wertsch\u00e4tzend; Fresh X; Liebe; Offenheit; Seelsorge; \u201echurch in the round\u201c; Wurzeln, die uns Fl\u00fcgel geben; dare to dream; shine bright]\n<p>Vielleicht m\u00f6gen Sie, m\u00f6gt ihr ja mit uns teilen, wie Ihr Traum von Kirche und Gemeinde aussieht?<\/p>\n<p>Ihre<br \/>\nVikarin Silke Fahl<\/p>\n","protected":false},"excerpt":{"rendered":"<p>Es ist etwas mehr als 500 Jahre her, dass mit dem Thesenanschlag Martin Luthers an der Stadtkirche zu Wittenberg die Reformation begann. Und wenn ich so auf die Lutherische Kirche schaue, frage ich mich manchmal, was Martin Luther wohl sagen w\u00fcrde? W\u00fcrde ihm gefallen was er sieht? Oder w\u00fcrde er, wie man so sch\u00f6n sagt,&hellip;<\/p>\n","protected":false},"author":8,"featured_media":36538,"comment_status":"closed","ping_status":"closed","sticky":false,"template":"","format":"standard","meta":{"footnotes":""},"categories":[69],"tags":[],"post_series":[],"class_list":["post-36530","post","type-post","status-publish","format-standard","has-post-thumbnail","hentry","category-news-blog-german","entry","has-media"],"yoast_head":"<!-- This site is optimized with the Yoast SEO plugin v27.5 - https:\/\/yoast.com\/product\/yoast-seo-wordpress\/ -->\n<title>Reformations-Andacht: &quot;F\u00fcr mich beginnt Ver\u00e4nderungen damit zu tr\u00e4umen&quot; - Martin Luther Evangelische Kirche Toronto<\/title>\n<meta name=\"robots\" content=\"index, follow, max-snippet:-1, max-image-preview:large, max-video-preview:-1\" \/>\n<link rel=\"canonical\" href=\"https:\/\/martinluther.ca\/de\/2020\/11\/reformations-andacht-fuer-mich-beginnt-veraenderungen-damit-zu-traeumen\/\" \/>\n<meta property=\"og:locale\" content=\"de_DE\" \/>\n<meta property=\"og:type\" content=\"article\" \/>\n<meta property=\"og:title\" content=\"Reformations-Andacht: &quot;F\u00fcr mich beginnt Ver\u00e4nderungen damit zu tr\u00e4umen&quot; - Martin Luther Evangelische Kirche Toronto\" \/>\n<meta property=\"og:description\" content=\"Es ist etwas mehr als 500 Jahre her, dass mit dem Thesenanschlag Martin Luthers an der Stadtkirche zu Wittenberg die Reformation begann. Und wenn ich so auf die Lutherische Kirche schaue, frage ich mich manchmal, was Martin Luther wohl sagen w\u00fcrde? W\u00fcrde ihm gefallen was er sieht? Oder w\u00fcrde er, wie man so sch\u00f6n sagt,&hellip;\" \/>\n<meta property=\"og:url\" content=\"https:\/\/martinluther.ca\/de\/2020\/11\/reformations-andacht-fuer-mich-beginnt-veraenderungen-damit-zu-traeumen\/\" \/>\n<meta property=\"og:site_name\" content=\"Martin Luther Evangelische Kirche Toronto\" \/>\n<meta property=\"article:publisher\" content=\"https:\/\/www.facebook.com\/martinlutherchurchtoronto\" \/>\n<meta property=\"article:published_time\" content=\"2020-11-07T00:00:22+00:00\" \/>\n<meta property=\"article:modified_time\" content=\"2020-11-07T00:09:16+00:00\" \/>\n<meta property=\"og:image\" content=\"https:\/\/martinluther.ca\/wp-content\/uploads\/2020\/11\/2020-10-25-Dream-of-Church-Traum-von-Kirche-1.jpg\" \/>\n\t<meta property=\"og:image:width\" content=\"992\" \/>\n\t<meta property=\"og:image:height\" content=\"744\" \/>\n\t<meta property=\"og:image:type\" content=\"image\/jpeg\" \/>\n<meta name=\"author\" content=\"Marlena Muller\" \/>\n<meta name=\"twitter:card\" content=\"summary_large_image\" \/>\n<meta name=\"twitter:label1\" content=\"Verfasst von\" \/>\n\t<meta name=\"twitter:data1\" content=\"Marlena Muller\" \/>\n\t<meta name=\"twitter:label2\" content=\"Gesch\u00e4tzte Lesezeit\" \/>\n\t<meta name=\"twitter:data2\" content=\"3\u00a0Minuten\" \/>\n<script type=\"application\/ld+json\" class=\"yoast-schema-graph\">{\"@context\":\"https:\\\/\\\/schema.org\",\"@graph\":[{\"@type\":\"Article\",\"@id\":\"https:\\\/\\\/martinluther.ca\\\/de\\\/2020\\\/11\\\/reformations-andacht-fuer-mich-beginnt-veraenderungen-damit-zu-traeumen\\\/#article\",\"isPartOf\":{\"@id\":\"https:\\\/\\\/martinluther.ca\\\/de\\\/2020\\\/11\\\/reformations-andacht-fuer-mich-beginnt-veraenderungen-damit-zu-traeumen\\\/\"},\"author\":{\"name\":\"Marlena Muller\",\"@id\":\"https:\\\/\\\/martinluther.ca\\\/de\\\/#\\\/schema\\\/person\\\/ef4e825f5d9d6fd740bbd7813710e15d\"},\"headline\":\"Reformations-Andacht: &#8222;F\u00fcr mich beginnt Ver\u00e4nderungen damit zu tr\u00e4umen&#8220;\",\"datePublished\":\"2020-11-07T00:00:22+00:00\",\"dateModified\":\"2020-11-07T00:09:16+00:00\",\"mainEntityOfPage\":{\"@id\":\"https:\\\/\\\/martinluther.ca\\\/de\\\/2020\\\/11\\\/reformations-andacht-fuer-mich-beginnt-veraenderungen-damit-zu-traeumen\\\/\"},\"wordCount\":632,\"publisher\":{\"@id\":\"https:\\\/\\\/martinluther.ca\\\/de\\\/#organization\"},\"image\":{\"@id\":\"https:\\\/\\\/martinluther.ca\\\/de\\\/2020\\\/11\\\/reformations-andacht-fuer-mich-beginnt-veraenderungen-damit-zu-traeumen\\\/#primaryimage\"},\"thumbnailUrl\":\"https:\\\/\\\/martinluther.ca\\\/wp-content\\\/uploads\\\/2020\\\/11\\\/2020-10-25-Dream-of-Church-Traum-von-Kirche-1.jpg\",\"articleSection\":[\"News Blog - German\"],\"inLanguage\":\"de\"},{\"@type\":\"WebPage\",\"@id\":\"https:\\\/\\\/martinluther.ca\\\/de\\\/2020\\\/11\\\/reformations-andacht-fuer-mich-beginnt-veraenderungen-damit-zu-traeumen\\\/\",\"url\":\"https:\\\/\\\/martinluther.ca\\\/de\\\/2020\\\/11\\\/reformations-andacht-fuer-mich-beginnt-veraenderungen-damit-zu-traeumen\\\/\",\"name\":\"Reformations-Andacht: \\\"F\u00fcr mich beginnt Ver\u00e4nderungen damit zu tr\u00e4umen\\\" - Martin Luther Evangelische Kirche Toronto\",\"isPartOf\":{\"@id\":\"https:\\\/\\\/martinluther.ca\\\/de\\\/#website\"},\"primaryImageOfPage\":{\"@id\":\"https:\\\/\\\/martinluther.ca\\\/de\\\/2020\\\/11\\\/reformations-andacht-fuer-mich-beginnt-veraenderungen-damit-zu-traeumen\\\/#primaryimage\"},\"image\":{\"@id\":\"https:\\\/\\\/martinluther.ca\\\/de\\\/2020\\\/11\\\/reformations-andacht-fuer-mich-beginnt-veraenderungen-damit-zu-traeumen\\\/#primaryimage\"},\"thumbnailUrl\":\"https:\\\/\\\/martinluther.ca\\\/wp-content\\\/uploads\\\/2020\\\/11\\\/2020-10-25-Dream-of-Church-Traum-von-Kirche-1.jpg\",\"datePublished\":\"2020-11-07T00:00:22+00:00\",\"dateModified\":\"2020-11-07T00:09:16+00:00\",\"breadcrumb\":{\"@id\":\"https:\\\/\\\/martinluther.ca\\\/de\\\/2020\\\/11\\\/reformations-andacht-fuer-mich-beginnt-veraenderungen-damit-zu-traeumen\\\/#breadcrumb\"},\"inLanguage\":\"de\",\"potentialAction\":[{\"@type\":\"ReadAction\",\"target\":[\"https:\\\/\\\/martinluther.ca\\\/de\\\/2020\\\/11\\\/reformations-andacht-fuer-mich-beginnt-veraenderungen-damit-zu-traeumen\\\/\"]}]},{\"@type\":\"ImageObject\",\"inLanguage\":\"de\",\"@id\":\"https:\\\/\\\/martinluther.ca\\\/de\\\/2020\\\/11\\\/reformations-andacht-fuer-mich-beginnt-veraenderungen-damit-zu-traeumen\\\/#primaryimage\",\"url\":\"https:\\\/\\\/martinluther.ca\\\/wp-content\\\/uploads\\\/2020\\\/11\\\/2020-10-25-Dream-of-Church-Traum-von-Kirche-1.jpg\",\"contentUrl\":\"https:\\\/\\\/martinluther.ca\\\/wp-content\\\/uploads\\\/2020\\\/11\\\/2020-10-25-Dream-of-Church-Traum-von-Kirche-1.jpg\",\"width\":992,\"height\":744,\"caption\":\"cof\"},{\"@type\":\"BreadcrumbList\",\"@id\":\"https:\\\/\\\/martinluther.ca\\\/de\\\/2020\\\/11\\\/reformations-andacht-fuer-mich-beginnt-veraenderungen-damit-zu-traeumen\\\/#breadcrumb\",\"itemListElement\":[{\"@type\":\"ListItem\",\"position\":1,\"name\":\"Home\",\"item\":\"https:\\\/\\\/martinluther.ca\\\/de\\\/\"},{\"@type\":\"ListItem\",\"position\":2,\"name\":\"Reformations-Andacht: &#8222;F\u00fcr mich beginnt Ver\u00e4nderungen damit zu tr\u00e4umen&#8220;\"}]},{\"@type\":\"WebSite\",\"@id\":\"https:\\\/\\\/martinluther.ca\\\/de\\\/#website\",\"url\":\"https:\\\/\\\/martinluther.ca\\\/de\\\/\",\"name\":\"Martin Luther Evangelical Church Toronto\",\"description\":\"Deutsch &amp; Englisch\",\"publisher\":{\"@id\":\"https:\\\/\\\/martinluther.ca\\\/de\\\/#organization\"},\"potentialAction\":[{\"@type\":\"SearchAction\",\"target\":{\"@type\":\"EntryPoint\",\"urlTemplate\":\"https:\\\/\\\/martinluther.ca\\\/de\\\/?s={search_term_string}\"},\"query-input\":{\"@type\":\"PropertyValueSpecification\",\"valueRequired\":true,\"valueName\":\"search_term_string\"}}],\"inLanguage\":\"de\"},{\"@type\":\"Organization\",\"@id\":\"https:\\\/\\\/martinluther.ca\\\/de\\\/#organization\",\"name\":\"Martin Luther Evangelical Church Toronto\",\"url\":\"https:\\\/\\\/martinluther.ca\\\/de\\\/\",\"logo\":{\"@type\":\"ImageObject\",\"inLanguage\":\"de\",\"@id\":\"https:\\\/\\\/martinluther.ca\\\/de\\\/#\\\/schema\\\/logo\\\/image\\\/\",\"url\":\"https:\\\/\\\/martinluther.ca\\\/wp-content\\\/uploads\\\/2016\\\/12\\\/ml-logo-300.png\",\"contentUrl\":\"https:\\\/\\\/martinluther.ca\\\/wp-content\\\/uploads\\\/2016\\\/12\\\/ml-logo-300.png\",\"width\":300,\"height\":150,\"caption\":\"Martin Luther Evangelical Church Toronto\"},\"image\":{\"@id\":\"https:\\\/\\\/martinluther.ca\\\/de\\\/#\\\/schema\\\/logo\\\/image\\\/\"},\"sameAs\":[\"https:\\\/\\\/www.facebook.com\\\/martinlutherchurchtoronto\",\"https:\\\/\\\/www.instagram.com\\\/lutheransbythelake\\\/\",\"https:\\\/\\\/www.youtube.com\\\/MartinLutherChurchToronto\"]},{\"@type\":\"Person\",\"@id\":\"https:\\\/\\\/martinluther.ca\\\/de\\\/#\\\/schema\\\/person\\\/ef4e825f5d9d6fd740bbd7813710e15d\",\"name\":\"Marlena Muller\",\"image\":{\"@type\":\"ImageObject\",\"inLanguage\":\"de\",\"@id\":\"https:\\\/\\\/secure.gravatar.com\\\/avatar\\\/fe840ff753768b839caa2dd522d4797f19f7e22fa2da83388e0fbfc570b65a37?s=96&d=mm&r=g\",\"url\":\"https:\\\/\\\/secure.gravatar.com\\\/avatar\\\/fe840ff753768b839caa2dd522d4797f19f7e22fa2da83388e0fbfc570b65a37?s=96&d=mm&r=g\",\"contentUrl\":\"https:\\\/\\\/secure.gravatar.com\\\/avatar\\\/fe840ff753768b839caa2dd522d4797f19f7e22fa2da83388e0fbfc570b65a37?s=96&d=mm&r=g\",\"caption\":\"Marlena Muller\"},\"url\":false}]}<\/script>\n<!-- \/ Yoast SEO plugin. -->","yoast_head_json":{"title":"Reformations-Andacht: \"F\u00fcr mich beginnt Ver\u00e4nderungen damit zu tr\u00e4umen\" - Martin Luther Evangelische Kirche Toronto","robots":{"index":"index","follow":"follow","max-snippet":"max-snippet:-1","max-image-preview":"max-image-preview:large","max-video-preview":"max-video-preview:-1"},"canonical":"https:\/\/martinluther.ca\/de\/2020\/11\/reformations-andacht-fuer-mich-beginnt-veraenderungen-damit-zu-traeumen\/","og_locale":"de_DE","og_type":"article","og_title":"Reformations-Andacht: \"F\u00fcr mich beginnt Ver\u00e4nderungen damit zu tr\u00e4umen\" - Martin Luther Evangelische Kirche Toronto","og_description":"Es ist etwas mehr als 500 Jahre her, dass mit dem Thesenanschlag Martin Luthers an der Stadtkirche zu Wittenberg die Reformation begann. Und wenn ich so auf die Lutherische Kirche schaue, frage ich mich manchmal, was Martin Luther wohl sagen w\u00fcrde? W\u00fcrde ihm gefallen was er sieht? Oder w\u00fcrde er, wie man so sch\u00f6n sagt,&hellip;","og_url":"https:\/\/martinluther.ca\/de\/2020\/11\/reformations-andacht-fuer-mich-beginnt-veraenderungen-damit-zu-traeumen\/","og_site_name":"Martin Luther Evangelische Kirche Toronto","article_publisher":"https:\/\/www.facebook.com\/martinlutherchurchtoronto","article_published_time":"2020-11-07T00:00:22+00:00","article_modified_time":"2020-11-07T00:09:16+00:00","og_image":[{"width":992,"height":744,"url":"https:\/\/martinluther.ca\/wp-content\/uploads\/2020\/11\/2020-10-25-Dream-of-Church-Traum-von-Kirche-1.jpg","type":"image\/jpeg"}],"author":"Marlena Muller","twitter_card":"summary_large_image","twitter_misc":{"Verfasst von":"Marlena Muller","Gesch\u00e4tzte Lesezeit":"3\u00a0Minuten"},"schema":{"@context":"https:\/\/schema.org","@graph":[{"@type":"Article","@id":"https:\/\/martinluther.ca\/de\/2020\/11\/reformations-andacht-fuer-mich-beginnt-veraenderungen-damit-zu-traeumen\/#article","isPartOf":{"@id":"https:\/\/martinluther.ca\/de\/2020\/11\/reformations-andacht-fuer-mich-beginnt-veraenderungen-damit-zu-traeumen\/"},"author":{"name":"Marlena Muller","@id":"https:\/\/martinluther.ca\/de\/#\/schema\/person\/ef4e825f5d9d6fd740bbd7813710e15d"},"headline":"Reformations-Andacht: &#8222;F\u00fcr mich beginnt Ver\u00e4nderungen damit zu tr\u00e4umen&#8220;","datePublished":"2020-11-07T00:00:22+00:00","dateModified":"2020-11-07T00:09:16+00:00","mainEntityOfPage":{"@id":"https:\/\/martinluther.ca\/de\/2020\/11\/reformations-andacht-fuer-mich-beginnt-veraenderungen-damit-zu-traeumen\/"},"wordCount":632,"publisher":{"@id":"https:\/\/martinluther.ca\/de\/#organization"},"image":{"@id":"https:\/\/martinluther.ca\/de\/2020\/11\/reformations-andacht-fuer-mich-beginnt-veraenderungen-damit-zu-traeumen\/#primaryimage"},"thumbnailUrl":"https:\/\/martinluther.ca\/wp-content\/uploads\/2020\/11\/2020-10-25-Dream-of-Church-Traum-von-Kirche-1.jpg","articleSection":["News Blog - German"],"inLanguage":"de"},{"@type":"WebPage","@id":"https:\/\/martinluther.ca\/de\/2020\/11\/reformations-andacht-fuer-mich-beginnt-veraenderungen-damit-zu-traeumen\/","url":"https:\/\/martinluther.ca\/de\/2020\/11\/reformations-andacht-fuer-mich-beginnt-veraenderungen-damit-zu-traeumen\/","name":"Reformations-Andacht: \"F\u00fcr mich beginnt Ver\u00e4nderungen damit zu tr\u00e4umen\" - Martin Luther Evangelische Kirche Toronto","isPartOf":{"@id":"https:\/\/martinluther.ca\/de\/#website"},"primaryImageOfPage":{"@id":"https:\/\/martinluther.ca\/de\/2020\/11\/reformations-andacht-fuer-mich-beginnt-veraenderungen-damit-zu-traeumen\/#primaryimage"},"image":{"@id":"https:\/\/martinluther.ca\/de\/2020\/11\/reformations-andacht-fuer-mich-beginnt-veraenderungen-damit-zu-traeumen\/#primaryimage"},"thumbnailUrl":"https:\/\/martinluther.ca\/wp-content\/uploads\/2020\/11\/2020-10-25-Dream-of-Church-Traum-von-Kirche-1.jpg","datePublished":"2020-11-07T00:00:22+00:00","dateModified":"2020-11-07T00:09:16+00:00","breadcrumb":{"@id":"https:\/\/martinluther.ca\/de\/2020\/11\/reformations-andacht-fuer-mich-beginnt-veraenderungen-damit-zu-traeumen\/#breadcrumb"},"inLanguage":"de","potentialAction":[{"@type":"ReadAction","target":["https:\/\/martinluther.ca\/de\/2020\/11\/reformations-andacht-fuer-mich-beginnt-veraenderungen-damit-zu-traeumen\/"]}]},{"@type":"ImageObject","inLanguage":"de","@id":"https:\/\/martinluther.ca\/de\/2020\/11\/reformations-andacht-fuer-mich-beginnt-veraenderungen-damit-zu-traeumen\/#primaryimage","url":"https:\/\/martinluther.ca\/wp-content\/uploads\/2020\/11\/2020-10-25-Dream-of-Church-Traum-von-Kirche-1.jpg","contentUrl":"https:\/\/martinluther.ca\/wp-content\/uploads\/2020\/11\/2020-10-25-Dream-of-Church-Traum-von-Kirche-1.jpg","width":992,"height":744,"caption":"cof"},{"@type":"BreadcrumbList","@id":"https:\/\/martinluther.ca\/de\/2020\/11\/reformations-andacht-fuer-mich-beginnt-veraenderungen-damit-zu-traeumen\/#breadcrumb","itemListElement":[{"@type":"ListItem","position":1,"name":"Home","item":"https:\/\/martinluther.ca\/de\/"},{"@type":"ListItem","position":2,"name":"Reformations-Andacht: &#8222;F\u00fcr mich beginnt Ver\u00e4nderungen damit zu tr\u00e4umen&#8220;"}]},{"@type":"WebSite","@id":"https:\/\/martinluther.ca\/de\/#website","url":"https:\/\/martinluther.ca\/de\/","name":"Martin Luther Evangelical Church Toronto","description":"Deutsch &amp; Englisch","publisher":{"@id":"https:\/\/martinluther.ca\/de\/#organization"},"potentialAction":[{"@type":"SearchAction","target":{"@type":"EntryPoint","urlTemplate":"https:\/\/martinluther.ca\/de\/?s={search_term_string}"},"query-input":{"@type":"PropertyValueSpecification","valueRequired":true,"valueName":"search_term_string"}}],"inLanguage":"de"},{"@type":"Organization","@id":"https:\/\/martinluther.ca\/de\/#organization","name":"Martin Luther Evangelical Church Toronto","url":"https:\/\/martinluther.ca\/de\/","logo":{"@type":"ImageObject","inLanguage":"de","@id":"https:\/\/martinluther.ca\/de\/#\/schema\/logo\/image\/","url":"https:\/\/martinluther.ca\/wp-content\/uploads\/2016\/12\/ml-logo-300.png","contentUrl":"https:\/\/martinluther.ca\/wp-content\/uploads\/2016\/12\/ml-logo-300.png","width":300,"height":150,"caption":"Martin Luther Evangelical Church Toronto"},"image":{"@id":"https:\/\/martinluther.ca\/de\/#\/schema\/logo\/image\/"},"sameAs":["https:\/\/www.facebook.com\/martinlutherchurchtoronto","https:\/\/www.instagram.com\/lutheransbythelake\/","https:\/\/www.youtube.com\/MartinLutherChurchToronto"]},{"@type":"Person","@id":"https:\/\/martinluther.ca\/de\/#\/schema\/person\/ef4e825f5d9d6fd740bbd7813710e15d","name":"Marlena Muller","image":{"@type":"ImageObject","inLanguage":"de","@id":"https:\/\/secure.gravatar.com\/avatar\/fe840ff753768b839caa2dd522d4797f19f7e22fa2da83388e0fbfc570b65a37?s=96&d=mm&r=g","url":"https:\/\/secure.gravatar.com\/avatar\/fe840ff753768b839caa2dd522d4797f19f7e22fa2da83388e0fbfc570b65a37?s=96&d=mm&r=g","contentUrl":"https:\/\/secure.gravatar.com\/avatar\/fe840ff753768b839caa2dd522d4797f19f7e22fa2da83388e0fbfc570b65a37?s=96&d=mm&r=g","caption":"Marlena Muller"},"url":false}]}},"_links":{"self":[{"href":"https:\/\/martinluther.ca\/de\/wp-json\/wp\/v2\/posts\/36530","targetHints":{"allow":["GET"]}}],"collection":[{"href":"https:\/\/martinluther.ca\/de\/wp-json\/wp\/v2\/posts"}],"about":[{"href":"https:\/\/martinluther.ca\/de\/wp-json\/wp\/v2\/types\/post"}],"author":[{"embeddable":true,"href":"https:\/\/martinluther.ca\/de\/wp-json\/wp\/v2\/users\/8"}],"replies":[{"embeddable":true,"href":"https:\/\/martinluther.ca\/de\/wp-json\/wp\/v2\/comments?post=36530"}],"version-history":[{"count":2,"href":"https:\/\/martinluther.ca\/de\/wp-json\/wp\/v2\/posts\/36530\/revisions"}],"predecessor-version":[{"id":36535,"href":"https:\/\/martinluther.ca\/de\/wp-json\/wp\/v2\/posts\/36530\/revisions\/36535"}],"wp:featuredmedia":[{"embeddable":true,"href":"https:\/\/martinluther.ca\/de\/wp-json\/wp\/v2\/media\/36538"}],"wp:attachment":[{"href":"https:\/\/martinluther.ca\/de\/wp-json\/wp\/v2\/media?parent=36530"}],"wp:term":[{"taxonomy":"category","embeddable":true,"href":"https:\/\/martinluther.ca\/de\/wp-json\/wp\/v2\/categories?post=36530"},{"taxonomy":"post_tag","embeddable":true,"href":"https:\/\/martinluther.ca\/de\/wp-json\/wp\/v2\/tags?post=36530"},{"taxonomy":"post_series","embeddable":true,"href":"https:\/\/martinluther.ca\/de\/wp-json\/wp\/v2\/post_series?post=36530"}],"curies":[{"name":"wp","href":"https:\/\/api.w.org\/{rel}","templated":true}]}}