{"id":36796,"date":"2020-12-04T11:57:26","date_gmt":"2020-12-04T16:57:26","guid":{"rendered":"https:\/\/martinluther.ca\/?p=36796"},"modified":"2021-01-10T09:46:10","modified_gmt":"2021-01-10T14:46:10","slug":"begruessung-von-pastor-dr-gerhard-hille","status":"publish","type":"post","link":"https:\/\/martinluther.ca\/de\/2020\/12\/begruessung-von-pastor-dr-gerhard-hille\/","title":{"rendered":"Pastor Dr. Gerhard Hille: Eine Stimme aus der Quarant\u00e4ne &#038; Begr\u00fc\u00dfung"},"content":{"rendered":"<figure id=\"attachment_36911\" aria-describedby=\"caption-attachment-36911\" style=\"width: 300px\" class=\"wp-caption alignright\"><img loading=\"lazy\" decoding=\"async\" class=\"wp-image-36911 size-medium\" src=\"https:\/\/martinluther.ca\/wp-content\/uploads\/2020\/12\/Pastor-Gerhard-Hille-2020-4x3-1-300x225.jpg\" alt=\"Pastor Gerhard Hille 2020 \" width=\"300\" height=\"225\" srcset=\"https:\/\/martinluther.ca\/wp-content\/uploads\/2020\/12\/Pastor-Gerhard-Hille-2020-4x3-1-300x225.jpg 300w, https:\/\/martinluther.ca\/wp-content\/uploads\/2020\/12\/Pastor-Gerhard-Hille-2020-4x3-1-1024x768.jpg 1024w, https:\/\/martinluther.ca\/wp-content\/uploads\/2020\/12\/Pastor-Gerhard-Hille-2020-4x3-1-768x576.jpg 768w, https:\/\/martinluther.ca\/wp-content\/uploads\/2020\/12\/Pastor-Gerhard-Hille-2020-4x3-1-1536x1152.jpg 1536w, https:\/\/martinluther.ca\/wp-content\/uploads\/2020\/12\/Pastor-Gerhard-Hille-2020-4x3-1-2048x1536.jpg 2048w\" sizes=\"auto, (max-width: 300px) 100vw, 300px\" \/><figcaption id=\"caption-attachment-36911\" class=\"wp-caption-text\">2020 Pastor Gerhard Hille<\/figcaption><\/figure>\n<p>Wir freuen uns, Pastor Hille und seine Frau zu Weihnachten und bis zur Ankunft unseres neuen Pastors im Sommer 2021 endlich wieder in unserer Gemeinde zu begr\u00fc\u00dfen. &#8211; <strong>Iris Schweiger, Pr\u00e4sidentin des Kirchenvorstands<\/strong><\/p>\n<p>*****************************<\/p>\n<p><strong>Eine Stimme aus der Quarant\u00e4ne, 16. Dezember 2020<\/strong><\/p>\n<p>Liebe Mitglieder und Freunde der Martin Luther Church!<\/p>\n<p>Seit einer Woche lebe ich mit meiner Frau in Quarant\u00e4ne. Das ist wirklich eine sehr spezielle Vorbereitung auf meinen Dienst in der Gemeinde, den ich \u201eoutdoor\u201c am 22. Dezember aufnehme. Aber ich bin schon jetzt in meiner Quarant\u00e4ne-Wohnung bei vielen Onlinemeetings der verschiedensten Teams und Gruppen der Gemeinde dabei. Was ist das f\u00fcr eine Freude zu sehen, mit welch einer Motivation, mit welchem Engagement, welcher Begeisterung und ernsthaftem Bem\u00fchen die Leute an der Arbeit sind! Die Gemeinde lebt! Sie pulsiert. Sie erhebt ihre Stimme und setzt Zeichen diakonischer Pr\u00e4senz. Es gelingt viel, einiges gl\u00e4nzend und souver\u00e4n, manches aber auch m\u00fchevoll und manchmal mit frustrierendem Erfolg. Ich freue mich darauf, mich sozusagen in dieses Wechselspiel gemeindlicher Arbeit schon bald \u201eeinschleichen\u201c zu k\u00f6nnen.<br \/>\nIn der Vorbereitung darauf ist mir aufgefallen und wichtig geworden, dass wir in dieser wirren und nerv\u00f6sen Zeit miteinander viel Geduld und ganz besonders viel gegenseitige Wertsch\u00e4tzung aufbringen m\u00fcssen. F\u00fcreinander zu beten, hei\u00dft auch, einander zu achten. Wir erleben, wie die Gaben und Talente in dieser Zeit unterschiedlich verteilt sind. Wir erfahren aber auch, dass wir jedes kleine Bisschen davon brauchen. Das ist der riesige Schatz ehrenamtlicher Arbeit, f\u00fcr den wir unendlich dankbar sind. Wir m\u00fcssen viel versuchen, wir m\u00fcssen die Ergebnisse der Arbeit offen kritisch pr\u00fcfen, vielleicht einiges verwerfen und dann nach neuen Anf\u00e4ngen suchen.<br \/>\nSo werden wir z.B. ab Weihnachten zun\u00e4chst die Gottesdienste in unserer Kirche als Videofilme aufzeichnen, dann im Internet speichern und allen bekanntgeben, wann und wie man sie sich anschauen kann. Es ist wichtig und lohnend, an dieser Stelle ganz viel zu lernen, weil ja nicht nur mit Worten, sondern auch in der Wahrheit gelten soll: Die Mitte unseres Gemeindelebens ist die Feier unseres Gottesdienstes. Hier treffen wir uns, um das zu h\u00f6ren, was wir uns selber nicht sagen k\u00f6nnen. Hier lassen wir uns von Gott dienen, und wir antworten ihm mit unseren Dienst f\u00fcr ihn. Das ist die Tiefe und die Weite in der wir gemeinsam stehen und verankert sind. Das ist der Sinn unseres Tuns. Auf denn! Machen wir das!<\/p>\n<p>Herzliche Gr\u00fc\u00dfe aus der Quarant\u00e4ne!<br \/>\nPastor Dr. Gerhard Hille<\/p>\n<p>&nbsp;<\/p>\n<p><strong>Pastor Dr. Gerhard Hille stellt sich wieder vor<\/strong><\/p>\n<p>Liebe Gemeindeglieder und Freunde der Martin-Luther-Kirche!<\/p>\n<p>Vor einigen Tagen habe ich einmal die Jahre gez\u00e4hlt, seit ich Kontakt zur Martin Luther Kirche habe. Es sind 18 Jahre und 3 Monate. Meine erste Predigt habe ich im Neujahrsgottesdienst 2002 gehalten. Ich war bei Pastor Stefan Wolf zu Besuch. Am Tag nach Weihnachten war ich angekommen. Als wir ein bisschen f\u00fcr meine Zeit in Toronto und Umgebung planten, stellte sich heraus, dass es f\u00fcr Pastor Wolf ein wenig eng wurde, denn er hatte noch zwei Gottesdienste f\u00fcr den Jahreswechsel vorzubereiten. Spontan sagte ich: \u201eDas ist doch ganz einfach. Du machst einen, den anderen nehme ich dir ab.\u201c Gesagt, getan. Beide sa\u00dfen wir in seinem Arbeitszimmer \u00fcber der Predigtvorbereitung f\u00fcr den Jahreswechsel, und wir hatten f\u00fcreinander Zeit gewonnen. Das war der Anfang.<\/p>\n<p>Inzwischen habe ich \u201eviel Zeit gewonnen\u201c, um in der MLC bei Gottesdiensten und Beerdigungen, Kranken- und Altenbesuchen zuhause, im Krankenhaus und im Altenheim zu helfen. F\u00fcr mich war das eine sehr wertvolle Zeit. Der Kontakt zu Menschen in einer christlichen Gemeinde, war f\u00fcr mich immer der wichtigste Schwerpunkt meiner pastoralen Arbeit, und das immerhin seit inzwischen 45 Jahren. Dieses m\u00f6chte ich gerne als Interimspastor fortsetzen.<\/p>\n<p>Ich freue mich auf die gemeinsamen Gottesdiensterfahrungen, auf das Zusammentreffen mit Ihnen bei den unterschiedlichsten Gelegenheiten. Gerne stehe ich zu Gespr\u00e4chen zur Verf\u00fcgung, sei es in der Kirche, zu Hause, im Krankenhaus oder im Altenheim. Selbst wenn COVID-19 uns dazu zwingt all das \u00fcbers Telefon tun zu m\u00fcssen.<\/p>\n<p>So freue ich mich auf diese Zeit mit Ihnen, nicht nur am Lakeshore Boulevard, sondern wo immer wir uns begegnen m\u00f6gen!<\/p>\n<p>Herzliche Gr\u00fc\u00dfe,<br \/>\nPastor Dr. Gerhard Hille<\/p>\n<p>&nbsp;<\/p>\n<p><strong>Interview mit Andy Boettcher per E-Mail am 15.12.2020 gef\u00fchrt<\/strong><\/p>\n<p><strong>1. Wie kam Ihr erster Kontakt zur MLK zustande?<\/strong><\/p>\n<p>Zum Jahreswechsel 2002\/2003 war ich das erste Mal in der Martin Luther Kirche. Ich war eingeladen von Pastor Stefan Wolf und von meiner Tochter Anna Lisa, die zu dieser Zeit f\u00fcr ein halbes Jahr bei der Familie Wienecke zu Gast war. Pastor Wolf kenne ich schon seit sehr langer Zeit. Seine Kindheit verbrachte er in der Nachbarschaft meines Elternhauses. Sp\u00e4ter war er in Bad Meinberg, wo ich Gemeindepfarrer war, mein Vikar. Eigentlich war er derjenige, der mir die T\u00fcr in die Gemeinde ge\u00f6ffnet hat.<\/p>\n<p><strong>2. Was gef\u00e4llt Ihnen an der MLK am besten?<\/strong><\/p>\n<p>Mir gef\u00e4llt die Offenheit vieler Gemeindeglieder, mit der sie Menschen, gerade auch Fremden begegnen. Das habe ich selbst erfahren, gerade auch als ich dann in der Folgezeit Vertretungsdienste als Pastor in der Gemeinde \u00fcbernommen habe.<\/p>\n<p><strong>3. Was hat Sie urspr\u00fcnglich veranlasst Pastor zu werden bzw. wie lange hat es gedauert sich dazu zu entscheiden?<\/strong><\/p>\n<p>Eigentlich wollte ich Lehrer werden. Aber in meiner Sch\u00fclerzeit bekam ich einen sehr engen Kontakt zu dem Gemeindepfarrer in meiner Heimatgemeinde, der mich auch konfirmiert hatte. Ich fand, dass er sein Amt sehr gut ausf\u00fchrte. Da wuchs in mir der Gedanke, dass ich solch eine Arbeit auch gerne tun w\u00fcrde. So fasste ich den Entschluss, Theologie zu studieren.<\/p>\n<p><strong>4. Was war die gr\u00f6sste Herrausforderung (was hat Ihnen am meisten zu schaffen gemacht) w\u00e4hrend Ihrer Ausbildung? Haben Sie auch mal daran gedacht alles hinzuschmeissen; wenn ja was hat Ihnen Kraft bzw. Mut gegeben weiterzumachen?<\/strong><\/p>\n<p>Den Gedanken, alles hinzuschmeissen, hatte eigentlich nicht. In meinem Studium haben mich insbesondere theologische Lehrer beeinflusst und gepr\u00e4gt, die biblisch theologisch ausgerichtet waren. Bis heute bedeutet das mir sehr viel. So ist es immer wieder eine grosse Herausforderung und eine richtige Anstrengung, die biblische Botschaft in unsere Zeit zu \u00fcbersetzen und auch umgekehrt die Fragen unserer Zeit im Lichte dieser biblischen Botschaft zu begreifen. Dabei hat mir das Gespr\u00e4ch und manchmal auch das Ringen mit meinen Mitchristen geholfen.<\/p>\n<p><strong>5. H\u00e4tten Sie sich vor 10 Jahren denken koennen heute als Interimspastor der MLK t\u00e4tig zu sein?<\/strong><\/p>\n<p>Vor 10 Jahren bestimmt, dann da hatte ich bereits Pastor Alexander Mielke w\u00e4hrend seines Urlaubs f\u00fcr etwas l\u00e4ngere Zeit vertreten. Die Zeit in dieser Funktion hier zu sein, bedeutet ja f\u00fcr mich neben der Freude am pastoralen Dienst in der Gemeinde ja auch die N\u00e4he zum kanadischen Teil meiner Familie. Und so freue ich mich mit meiner Frau auf diese Zeit bis Ende Juli 2021.<\/p>\n<p><strong>6. Was fiel Ihnen bei Ihrer 1. Predigt am schwersten?<\/strong><\/p>\n<p>Ich kann heute noch die Last der Verantwortung spueren, die mich \u00fcberkam, als ich als Student in einem Dorf in der N\u00e4he von Bielefeld meine erste Predigt gehalten habe. Die Last habe ich verloren, aber die Verantwortung ist mir bis heute sehr bewusst geblieben.<\/p>\n<p><strong>7. Was ist Ihr Lieblingsbibelvers u. Warum?<\/strong><br \/>\nEigentlich sind es zwei:<br \/>\n1. Ps. 43,3: \u201cHerr sende dein Licht und deine Wahrheit, dass sie mich leiten.\u201d Das ist mein Konfirmationsspruch, den mir mein Grossvater ausgesucht hat. Ich glaube, dass sich diese Bitte vielfach in meinem Leben erf\u00fcllt hat.<br \/>\n2. Jos 1,9: \u201cHabe ich dir nicht gesagt: Sei getrost und unverzagt? Lass dir nicht grauen und entsetze dich nicht, denn der Herr, dein Gott, ist mit dir in allem, was du tun wirst.\u201d<br \/>\nMit diesem Spruch wurde ich in meine erste Gemeindepfarrstelle in einem kleinen Dorf in der N\u00e4he von Bad Salzuflen eingef\u00fchrt. Ich glaube, dass in diesem Bibelvers das Wichtigste angesprochen wird, was ein Gemeindepfarrer in seinem Dienst braucht. Und das habe ich in \u00fcber 40 Jahren Gemeindedienst auch so erfahren.<\/p>\n<p><strong>8. Was ist Ihr gr\u00f6<\/strong><strong>sste Wunsch f\u00fcr die MLK Gemeinde in diesem 65. Jubil\u00e4umsjahr ihrer Gr\u00fcndung?<\/strong><\/p>\n<p>Ich w\u00fcnsche uns allen, dass wir gemeinam durch diese schwierige Zeit heil und gesund durchkommen und dass wir zusammen entdecken und erfahren, dass der manchmal auch verborgene Gott immer seine sch\u00fctzende Hand \u00fcber uns h\u00e4lt.<\/p>\n<figure id=\"attachment_36807\" aria-describedby=\"caption-attachment-36807\" style=\"width: 2560px\" class=\"wp-caption alignnone\"><img loading=\"lazy\" decoding=\"async\" class=\"size-full wp-image-36807\" src=\"https:\/\/martinluther.ca\/wp-content\/uploads\/2020\/11\/2013-Pastor-Gerhard-Hill-at-Installation-Service-Ceconi-Sep22-4x3RedCircle-scaled.jpg\" alt=\"2013 Pastor Gerhard Hill at Installation Service Ceconi Sep22\" width=\"2560\" height=\"1920\" srcset=\"https:\/\/martinluther.ca\/wp-content\/uploads\/2020\/11\/2013-Pastor-Gerhard-Hill-at-Installation-Service-Ceconi-Sep22-4x3RedCircle-scaled.jpg 2560w, https:\/\/martinluther.ca\/wp-content\/uploads\/2020\/11\/2013-Pastor-Gerhard-Hill-at-Installation-Service-Ceconi-Sep22-4x3RedCircle-300x225.jpg 300w, https:\/\/martinluther.ca\/wp-content\/uploads\/2020\/11\/2013-Pastor-Gerhard-Hill-at-Installation-Service-Ceconi-Sep22-4x3RedCircle-1024x768.jpg 1024w, https:\/\/martinluther.ca\/wp-content\/uploads\/2020\/11\/2013-Pastor-Gerhard-Hill-at-Installation-Service-Ceconi-Sep22-4x3RedCircle-768x576.jpg 768w, https:\/\/martinluther.ca\/wp-content\/uploads\/2020\/11\/2013-Pastor-Gerhard-Hill-at-Installation-Service-Ceconi-Sep22-4x3RedCircle-1536x1152.jpg 1536w, https:\/\/martinluther.ca\/wp-content\/uploads\/2020\/11\/2013-Pastor-Gerhard-Hill-at-Installation-Service-Ceconi-Sep22-4x3RedCircle-2048x1536.jpg 2048w\" sizes=\"auto, (max-width: 2560px) 100vw, 2560px\" \/><figcaption id=\"caption-attachment-36807\" class=\"wp-caption-text\">Pastor Gerhard Hille at Installation Service Ceconi Sep 22, 2013. (Auch im Bild: Pastor Sebastian Meadows-Helmer, Rev. Doug Reble, Rev. Paul Shepherd, Pastorin Katharina Moeller)<\/figcaption><\/figure>\n","protected":false},"excerpt":{"rendered":"<p>Wir freuen uns, Pastor Hille und seine Frau zu Weihnachten und bis zur Ankunft unseres neuen Pastors im Sommer 2021 endlich wieder in unserer Gemeinde zu begr\u00fc\u00dfen. &#8211; Iris Schweiger, Pr\u00e4sidentin des Kirchenvorstands ***************************** Eine Stimme aus der Quarant\u00e4ne, 16. Dezember 2020 Liebe Mitglieder und Freunde der Martin Luther Church! Seit einer Woche lebe ich&hellip;<\/p>\n","protected":false},"author":9,"featured_media":36803,"comment_status":"closed","ping_status":"closed","sticky":false,"template":"","format":"standard","meta":{"footnotes":""},"categories":[69],"tags":[],"post_series":[],"class_list":["post-36796","post","type-post","status-publish","format-standard","has-post-thumbnail","hentry","category-news-blog-german","entry","has-media"],"yoast_head":"<!-- This site is optimized with the Yoast SEO plugin v27.5 - https:\/\/yoast.com\/product\/yoast-seo-wordpress\/ -->\n<title>Pastor Dr. Gerhard Hille: Eine Stimme aus der Quarant\u00e4ne &amp; Begr\u00fc\u00dfung - Martin Luther Evangelische Kirche Toronto<\/title>\n<meta name=\"robots\" content=\"index, follow, max-snippet:-1, max-image-preview:large, max-video-preview:-1\" \/>\n<link rel=\"canonical\" href=\"https:\/\/martinluther.ca\/de\/2020\/12\/begruessung-von-pastor-dr-gerhard-hille\/\" \/>\n<meta property=\"og:locale\" content=\"de_DE\" \/>\n<meta property=\"og:type\" content=\"article\" \/>\n<meta property=\"og:title\" content=\"Pastor Dr. Gerhard Hille: Eine Stimme aus der Quarant\u00e4ne &amp; Begr\u00fc\u00dfung - Martin Luther Evangelische Kirche Toronto\" \/>\n<meta property=\"og:description\" content=\"Wir freuen uns, Pastor Hille und seine Frau zu Weihnachten und bis zur Ankunft unseres neuen Pastors im Sommer 2021 endlich wieder in unserer Gemeinde zu begr\u00fc\u00dfen. &#8211; Iris Schweiger, Pr\u00e4sidentin des Kirchenvorstands ***************************** Eine Stimme aus der Quarant\u00e4ne, 16. Dezember 2020 Liebe Mitglieder und Freunde der Martin Luther Church! Seit einer Woche lebe ich&hellip;\" \/>\n<meta property=\"og:url\" content=\"https:\/\/martinluther.ca\/de\/2020\/12\/begruessung-von-pastor-dr-gerhard-hille\/\" \/>\n<meta property=\"og:site_name\" content=\"Martin Luther Evangelische Kirche Toronto\" \/>\n<meta property=\"article:publisher\" content=\"https:\/\/www.facebook.com\/martinlutherchurchtoronto\" \/>\n<meta property=\"article:published_time\" content=\"2020-12-04T16:57:26+00:00\" \/>\n<meta property=\"article:modified_time\" content=\"2021-01-10T14:46:10+00:00\" \/>\n<meta property=\"og:image\" content=\"https:\/\/martinluther.ca\/wp-content\/uploads\/2020\/11\/2020-Pastor-Gerhard-Hille-4x3-1.jpg\" \/>\n\t<meta property=\"og:image:width\" content=\"418\" \/>\n\t<meta property=\"og:image:height\" content=\"314\" \/>\n\t<meta property=\"og:image:type\" content=\"image\/jpeg\" \/>\n<meta name=\"author\" content=\"Mona Kakoschke Frantzke\" \/>\n<meta name=\"twitter:card\" content=\"summary_large_image\" \/>\n<meta name=\"twitter:label1\" content=\"Verfasst von\" \/>\n\t<meta name=\"twitter:data1\" content=\"Mona Kakoschke Frantzke\" \/>\n\t<meta name=\"twitter:label2\" content=\"Gesch\u00e4tzte Lesezeit\" \/>\n\t<meta name=\"twitter:data2\" content=\"7\u00a0Minuten\" \/>\n<script type=\"application\/ld+json\" class=\"yoast-schema-graph\">{\"@context\":\"https:\\\/\\\/schema.org\",\"@graph\":[{\"@type\":\"Article\",\"@id\":\"https:\\\/\\\/martinluther.ca\\\/de\\\/2020\\\/12\\\/begruessung-von-pastor-dr-gerhard-hille\\\/#article\",\"isPartOf\":{\"@id\":\"https:\\\/\\\/martinluther.ca\\\/de\\\/2020\\\/12\\\/begruessung-von-pastor-dr-gerhard-hille\\\/\"},\"author\":{\"name\":\"Mona Kakoschke Frantzke\",\"@id\":\"https:\\\/\\\/martinluther.ca\\\/de\\\/#\\\/schema\\\/person\\\/815c51710f70b050f0476f18da6b0c8f\"},\"headline\":\"Pastor Dr. Gerhard Hille: Eine Stimme aus der Quarant\u00e4ne &#038; Begr\u00fc\u00dfung\",\"datePublished\":\"2020-12-04T16:57:26+00:00\",\"dateModified\":\"2021-01-10T14:46:10+00:00\",\"mainEntityOfPage\":{\"@id\":\"https:\\\/\\\/martinluther.ca\\\/de\\\/2020\\\/12\\\/begruessung-von-pastor-dr-gerhard-hille\\\/\"},\"wordCount\":1429,\"publisher\":{\"@id\":\"https:\\\/\\\/martinluther.ca\\\/de\\\/#organization\"},\"image\":{\"@id\":\"https:\\\/\\\/martinluther.ca\\\/de\\\/2020\\\/12\\\/begruessung-von-pastor-dr-gerhard-hille\\\/#primaryimage\"},\"thumbnailUrl\":\"https:\\\/\\\/martinluther.ca\\\/wp-content\\\/uploads\\\/2020\\\/11\\\/2020-Pastor-Gerhard-Hille-4x3-1.jpg\",\"articleSection\":[\"News Blog - German\"],\"inLanguage\":\"de\"},{\"@type\":\"WebPage\",\"@id\":\"https:\\\/\\\/martinluther.ca\\\/de\\\/2020\\\/12\\\/begruessung-von-pastor-dr-gerhard-hille\\\/\",\"url\":\"https:\\\/\\\/martinluther.ca\\\/de\\\/2020\\\/12\\\/begruessung-von-pastor-dr-gerhard-hille\\\/\",\"name\":\"Pastor Dr. Gerhard Hille: Eine Stimme aus der Quarant\u00e4ne & Begr\u00fc\u00dfung - Martin Luther Evangelische Kirche Toronto\",\"isPartOf\":{\"@id\":\"https:\\\/\\\/martinluther.ca\\\/de\\\/#website\"},\"primaryImageOfPage\":{\"@id\":\"https:\\\/\\\/martinluther.ca\\\/de\\\/2020\\\/12\\\/begruessung-von-pastor-dr-gerhard-hille\\\/#primaryimage\"},\"image\":{\"@id\":\"https:\\\/\\\/martinluther.ca\\\/de\\\/2020\\\/12\\\/begruessung-von-pastor-dr-gerhard-hille\\\/#primaryimage\"},\"thumbnailUrl\":\"https:\\\/\\\/martinluther.ca\\\/wp-content\\\/uploads\\\/2020\\\/11\\\/2020-Pastor-Gerhard-Hille-4x3-1.jpg\",\"datePublished\":\"2020-12-04T16:57:26+00:00\",\"dateModified\":\"2021-01-10T14:46:10+00:00\",\"breadcrumb\":{\"@id\":\"https:\\\/\\\/martinluther.ca\\\/de\\\/2020\\\/12\\\/begruessung-von-pastor-dr-gerhard-hille\\\/#breadcrumb\"},\"inLanguage\":\"de\",\"potentialAction\":[{\"@type\":\"ReadAction\",\"target\":[\"https:\\\/\\\/martinluther.ca\\\/de\\\/2020\\\/12\\\/begruessung-von-pastor-dr-gerhard-hille\\\/\"]}]},{\"@type\":\"ImageObject\",\"inLanguage\":\"de\",\"@id\":\"https:\\\/\\\/martinluther.ca\\\/de\\\/2020\\\/12\\\/begruessung-von-pastor-dr-gerhard-hille\\\/#primaryimage\",\"url\":\"https:\\\/\\\/martinluther.ca\\\/wp-content\\\/uploads\\\/2020\\\/11\\\/2020-Pastor-Gerhard-Hille-4x3-1.jpg\",\"contentUrl\":\"https:\\\/\\\/martinluther.ca\\\/wp-content\\\/uploads\\\/2020\\\/11\\\/2020-Pastor-Gerhard-Hille-4x3-1.jpg\",\"width\":418,\"height\":314,\"caption\":\"2020 Pastor Gerhard Hille (4x3)\"},{\"@type\":\"BreadcrumbList\",\"@id\":\"https:\\\/\\\/martinluther.ca\\\/de\\\/2020\\\/12\\\/begruessung-von-pastor-dr-gerhard-hille\\\/#breadcrumb\",\"itemListElement\":[{\"@type\":\"ListItem\",\"position\":1,\"name\":\"Home\",\"item\":\"https:\\\/\\\/martinluther.ca\\\/de\\\/\"},{\"@type\":\"ListItem\",\"position\":2,\"name\":\"Pastor Dr. Gerhard Hille: Eine Stimme aus der Quarant\u00e4ne &#038; Begr\u00fc\u00dfung\"}]},{\"@type\":\"WebSite\",\"@id\":\"https:\\\/\\\/martinluther.ca\\\/de\\\/#website\",\"url\":\"https:\\\/\\\/martinluther.ca\\\/de\\\/\",\"name\":\"Martin Luther Evangelical Church Toronto\",\"description\":\"Deutsch &amp; Englisch\",\"publisher\":{\"@id\":\"https:\\\/\\\/martinluther.ca\\\/de\\\/#organization\"},\"potentialAction\":[{\"@type\":\"SearchAction\",\"target\":{\"@type\":\"EntryPoint\",\"urlTemplate\":\"https:\\\/\\\/martinluther.ca\\\/de\\\/?s={search_term_string}\"},\"query-input\":{\"@type\":\"PropertyValueSpecification\",\"valueRequired\":true,\"valueName\":\"search_term_string\"}}],\"inLanguage\":\"de\"},{\"@type\":\"Organization\",\"@id\":\"https:\\\/\\\/martinluther.ca\\\/de\\\/#organization\",\"name\":\"Martin Luther Evangelical Church Toronto\",\"url\":\"https:\\\/\\\/martinluther.ca\\\/de\\\/\",\"logo\":{\"@type\":\"ImageObject\",\"inLanguage\":\"de\",\"@id\":\"https:\\\/\\\/martinluther.ca\\\/de\\\/#\\\/schema\\\/logo\\\/image\\\/\",\"url\":\"https:\\\/\\\/martinluther.ca\\\/wp-content\\\/uploads\\\/2016\\\/12\\\/ml-logo-300.png\",\"contentUrl\":\"https:\\\/\\\/martinluther.ca\\\/wp-content\\\/uploads\\\/2016\\\/12\\\/ml-logo-300.png\",\"width\":300,\"height\":150,\"caption\":\"Martin Luther Evangelical Church Toronto\"},\"image\":{\"@id\":\"https:\\\/\\\/martinluther.ca\\\/de\\\/#\\\/schema\\\/logo\\\/image\\\/\"},\"sameAs\":[\"https:\\\/\\\/www.facebook.com\\\/martinlutherchurchtoronto\",\"https:\\\/\\\/www.instagram.com\\\/lutheransbythelake\\\/\",\"https:\\\/\\\/www.youtube.com\\\/MartinLutherChurchToronto\"]},{\"@type\":\"Person\",\"@id\":\"https:\\\/\\\/martinluther.ca\\\/de\\\/#\\\/schema\\\/person\\\/815c51710f70b050f0476f18da6b0c8f\",\"name\":\"Mona Kakoschke Frantzke\",\"image\":{\"@type\":\"ImageObject\",\"inLanguage\":\"de\",\"@id\":\"https:\\\/\\\/secure.gravatar.com\\\/avatar\\\/0deb16854ca545cd2e9fc8001ca110d262b80d5c8317b38dc542265fbea0ed19?s=96&d=mm&r=g\",\"url\":\"https:\\\/\\\/secure.gravatar.com\\\/avatar\\\/0deb16854ca545cd2e9fc8001ca110d262b80d5c8317b38dc542265fbea0ed19?s=96&d=mm&r=g\",\"contentUrl\":\"https:\\\/\\\/secure.gravatar.com\\\/avatar\\\/0deb16854ca545cd2e9fc8001ca110d262b80d5c8317b38dc542265fbea0ed19?s=96&d=mm&r=g\",\"caption\":\"Mona Kakoschke Frantzke\"},\"url\":false}]}<\/script>\n<!-- \/ Yoast SEO plugin. -->","yoast_head_json":{"title":"Pastor Dr. Gerhard Hille: Eine Stimme aus der Quarant\u00e4ne & Begr\u00fc\u00dfung - Martin Luther Evangelische Kirche Toronto","robots":{"index":"index","follow":"follow","max-snippet":"max-snippet:-1","max-image-preview":"max-image-preview:large","max-video-preview":"max-video-preview:-1"},"canonical":"https:\/\/martinluther.ca\/de\/2020\/12\/begruessung-von-pastor-dr-gerhard-hille\/","og_locale":"de_DE","og_type":"article","og_title":"Pastor Dr. Gerhard Hille: Eine Stimme aus der Quarant\u00e4ne & Begr\u00fc\u00dfung - Martin Luther Evangelische Kirche Toronto","og_description":"Wir freuen uns, Pastor Hille und seine Frau zu Weihnachten und bis zur Ankunft unseres neuen Pastors im Sommer 2021 endlich wieder in unserer Gemeinde zu begr\u00fc\u00dfen. &#8211; Iris Schweiger, Pr\u00e4sidentin des Kirchenvorstands ***************************** Eine Stimme aus der Quarant\u00e4ne, 16. Dezember 2020 Liebe Mitglieder und Freunde der Martin Luther Church! Seit einer Woche lebe ich&hellip;","og_url":"https:\/\/martinluther.ca\/de\/2020\/12\/begruessung-von-pastor-dr-gerhard-hille\/","og_site_name":"Martin Luther Evangelische Kirche Toronto","article_publisher":"https:\/\/www.facebook.com\/martinlutherchurchtoronto","article_published_time":"2020-12-04T16:57:26+00:00","article_modified_time":"2021-01-10T14:46:10+00:00","og_image":[{"width":418,"height":314,"url":"https:\/\/martinluther.ca\/wp-content\/uploads\/2020\/11\/2020-Pastor-Gerhard-Hille-4x3-1.jpg","type":"image\/jpeg"}],"author":"Mona Kakoschke Frantzke","twitter_card":"summary_large_image","twitter_misc":{"Verfasst von":"Mona Kakoschke Frantzke","Gesch\u00e4tzte Lesezeit":"7\u00a0Minuten"},"schema":{"@context":"https:\/\/schema.org","@graph":[{"@type":"Article","@id":"https:\/\/martinluther.ca\/de\/2020\/12\/begruessung-von-pastor-dr-gerhard-hille\/#article","isPartOf":{"@id":"https:\/\/martinluther.ca\/de\/2020\/12\/begruessung-von-pastor-dr-gerhard-hille\/"},"author":{"name":"Mona Kakoschke Frantzke","@id":"https:\/\/martinluther.ca\/de\/#\/schema\/person\/815c51710f70b050f0476f18da6b0c8f"},"headline":"Pastor Dr. Gerhard Hille: Eine Stimme aus der Quarant\u00e4ne &#038; Begr\u00fc\u00dfung","datePublished":"2020-12-04T16:57:26+00:00","dateModified":"2021-01-10T14:46:10+00:00","mainEntityOfPage":{"@id":"https:\/\/martinluther.ca\/de\/2020\/12\/begruessung-von-pastor-dr-gerhard-hille\/"},"wordCount":1429,"publisher":{"@id":"https:\/\/martinluther.ca\/de\/#organization"},"image":{"@id":"https:\/\/martinluther.ca\/de\/2020\/12\/begruessung-von-pastor-dr-gerhard-hille\/#primaryimage"},"thumbnailUrl":"https:\/\/martinluther.ca\/wp-content\/uploads\/2020\/11\/2020-Pastor-Gerhard-Hille-4x3-1.jpg","articleSection":["News Blog - German"],"inLanguage":"de"},{"@type":"WebPage","@id":"https:\/\/martinluther.ca\/de\/2020\/12\/begruessung-von-pastor-dr-gerhard-hille\/","url":"https:\/\/martinluther.ca\/de\/2020\/12\/begruessung-von-pastor-dr-gerhard-hille\/","name":"Pastor Dr. Gerhard Hille: Eine Stimme aus der Quarant\u00e4ne & Begr\u00fc\u00dfung - Martin Luther Evangelische Kirche Toronto","isPartOf":{"@id":"https:\/\/martinluther.ca\/de\/#website"},"primaryImageOfPage":{"@id":"https:\/\/martinluther.ca\/de\/2020\/12\/begruessung-von-pastor-dr-gerhard-hille\/#primaryimage"},"image":{"@id":"https:\/\/martinluther.ca\/de\/2020\/12\/begruessung-von-pastor-dr-gerhard-hille\/#primaryimage"},"thumbnailUrl":"https:\/\/martinluther.ca\/wp-content\/uploads\/2020\/11\/2020-Pastor-Gerhard-Hille-4x3-1.jpg","datePublished":"2020-12-04T16:57:26+00:00","dateModified":"2021-01-10T14:46:10+00:00","breadcrumb":{"@id":"https:\/\/martinluther.ca\/de\/2020\/12\/begruessung-von-pastor-dr-gerhard-hille\/#breadcrumb"},"inLanguage":"de","potentialAction":[{"@type":"ReadAction","target":["https:\/\/martinluther.ca\/de\/2020\/12\/begruessung-von-pastor-dr-gerhard-hille\/"]}]},{"@type":"ImageObject","inLanguage":"de","@id":"https:\/\/martinluther.ca\/de\/2020\/12\/begruessung-von-pastor-dr-gerhard-hille\/#primaryimage","url":"https:\/\/martinluther.ca\/wp-content\/uploads\/2020\/11\/2020-Pastor-Gerhard-Hille-4x3-1.jpg","contentUrl":"https:\/\/martinluther.ca\/wp-content\/uploads\/2020\/11\/2020-Pastor-Gerhard-Hille-4x3-1.jpg","width":418,"height":314,"caption":"2020 Pastor Gerhard Hille (4x3)"},{"@type":"BreadcrumbList","@id":"https:\/\/martinluther.ca\/de\/2020\/12\/begruessung-von-pastor-dr-gerhard-hille\/#breadcrumb","itemListElement":[{"@type":"ListItem","position":1,"name":"Home","item":"https:\/\/martinluther.ca\/de\/"},{"@type":"ListItem","position":2,"name":"Pastor Dr. Gerhard Hille: Eine Stimme aus der Quarant\u00e4ne &#038; Begr\u00fc\u00dfung"}]},{"@type":"WebSite","@id":"https:\/\/martinluther.ca\/de\/#website","url":"https:\/\/martinluther.ca\/de\/","name":"Martin Luther Evangelical Church Toronto","description":"Deutsch &amp; Englisch","publisher":{"@id":"https:\/\/martinluther.ca\/de\/#organization"},"potentialAction":[{"@type":"SearchAction","target":{"@type":"EntryPoint","urlTemplate":"https:\/\/martinluther.ca\/de\/?s={search_term_string}"},"query-input":{"@type":"PropertyValueSpecification","valueRequired":true,"valueName":"search_term_string"}}],"inLanguage":"de"},{"@type":"Organization","@id":"https:\/\/martinluther.ca\/de\/#organization","name":"Martin Luther Evangelical Church Toronto","url":"https:\/\/martinluther.ca\/de\/","logo":{"@type":"ImageObject","inLanguage":"de","@id":"https:\/\/martinluther.ca\/de\/#\/schema\/logo\/image\/","url":"https:\/\/martinluther.ca\/wp-content\/uploads\/2016\/12\/ml-logo-300.png","contentUrl":"https:\/\/martinluther.ca\/wp-content\/uploads\/2016\/12\/ml-logo-300.png","width":300,"height":150,"caption":"Martin Luther Evangelical Church Toronto"},"image":{"@id":"https:\/\/martinluther.ca\/de\/#\/schema\/logo\/image\/"},"sameAs":["https:\/\/www.facebook.com\/martinlutherchurchtoronto","https:\/\/www.instagram.com\/lutheransbythelake\/","https:\/\/www.youtube.com\/MartinLutherChurchToronto"]},{"@type":"Person","@id":"https:\/\/martinluther.ca\/de\/#\/schema\/person\/815c51710f70b050f0476f18da6b0c8f","name":"Mona Kakoschke Frantzke","image":{"@type":"ImageObject","inLanguage":"de","@id":"https:\/\/secure.gravatar.com\/avatar\/0deb16854ca545cd2e9fc8001ca110d262b80d5c8317b38dc542265fbea0ed19?s=96&d=mm&r=g","url":"https:\/\/secure.gravatar.com\/avatar\/0deb16854ca545cd2e9fc8001ca110d262b80d5c8317b38dc542265fbea0ed19?s=96&d=mm&r=g","contentUrl":"https:\/\/secure.gravatar.com\/avatar\/0deb16854ca545cd2e9fc8001ca110d262b80d5c8317b38dc542265fbea0ed19?s=96&d=mm&r=g","caption":"Mona Kakoschke Frantzke"},"url":false}]}},"_links":{"self":[{"href":"https:\/\/martinluther.ca\/de\/wp-json\/wp\/v2\/posts\/36796","targetHints":{"allow":["GET"]}}],"collection":[{"href":"https:\/\/martinluther.ca\/de\/wp-json\/wp\/v2\/posts"}],"about":[{"href":"https:\/\/martinluther.ca\/de\/wp-json\/wp\/v2\/types\/post"}],"author":[{"embeddable":true,"href":"https:\/\/martinluther.ca\/de\/wp-json\/wp\/v2\/users\/9"}],"replies":[{"embeddable":true,"href":"https:\/\/martinluther.ca\/de\/wp-json\/wp\/v2\/comments?post=36796"}],"version-history":[{"count":15,"href":"https:\/\/martinluther.ca\/de\/wp-json\/wp\/v2\/posts\/36796\/revisions"}],"predecessor-version":[{"id":37274,"href":"https:\/\/martinluther.ca\/de\/wp-json\/wp\/v2\/posts\/36796\/revisions\/37274"}],"wp:featuredmedia":[{"embeddable":true,"href":"https:\/\/martinluther.ca\/de\/wp-json\/wp\/v2\/media\/36803"}],"wp:attachment":[{"href":"https:\/\/martinluther.ca\/de\/wp-json\/wp\/v2\/media?parent=36796"}],"wp:term":[{"taxonomy":"category","embeddable":true,"href":"https:\/\/martinluther.ca\/de\/wp-json\/wp\/v2\/categories?post=36796"},{"taxonomy":"post_tag","embeddable":true,"href":"https:\/\/martinluther.ca\/de\/wp-json\/wp\/v2\/tags?post=36796"},{"taxonomy":"post_series","embeddable":true,"href":"https:\/\/martinluther.ca\/de\/wp-json\/wp\/v2\/post_series?post=36796"}],"curies":[{"name":"wp","href":"https:\/\/api.w.org\/{rel}","templated":true}]}}