{"id":36972,"date":"2020-12-18T16:50:13","date_gmt":"2020-12-18T21:50:13","guid":{"rendered":"https:\/\/martinluther.ca\/?p=36972"},"modified":"2021-01-23T18:28:33","modified_gmt":"2021-01-23T23:28:33","slug":"auf-wiedersehen-vikarin-silke-fahl","status":"publish","type":"post","link":"https:\/\/martinluther.ca\/de\/2020\/12\/auf-wiedersehen-vikarin-silke-fahl\/","title":{"rendered":"Auf Wiedersehen Vikarin Silke Fahl"},"content":{"rendered":"<figure id=\"attachment_36466\" aria-describedby=\"caption-attachment-36466\" style=\"width: 220px\" class=\"wp-caption alignright\"><a href=\"https:\/\/martinluther.ca\/wp-content\/uploads\/2020\/11\/2020-Vicar-Silke-Fahl-Oct18-at-MLC-4x3-1.jpg\"><img loading=\"lazy\" decoding=\"async\" class=\"size-medium wp-image-36466\" src=\"https:\/\/martinluther.ca\/wp-content\/uploads\/2020\/11\/2020-Vicar-Silke-Fahl-Oct18-at-MLC-4x3-1-220x300.jpg\" alt=\"Vicar Silke Fahl Oct 18 2020 at Martin Luther Church during pandemic\" width=\"220\" height=\"300\" srcset=\"https:\/\/martinluther.ca\/wp-content\/uploads\/2020\/11\/2020-Vicar-Silke-Fahl-Oct18-at-MLC-4x3-1-220x300.jpg 220w, https:\/\/martinluther.ca\/wp-content\/uploads\/2020\/11\/2020-Vicar-Silke-Fahl-Oct18-at-MLC-4x3-1-750x1024.jpg 750w, https:\/\/martinluther.ca\/wp-content\/uploads\/2020\/11\/2020-Vicar-Silke-Fahl-Oct18-at-MLC-4x3-1-768x1049.jpg 768w, https:\/\/martinluther.ca\/wp-content\/uploads\/2020\/11\/2020-Vicar-Silke-Fahl-Oct18-at-MLC-4x3-1-1125x1536.jpg 1125w, https:\/\/martinluther.ca\/wp-content\/uploads\/2020\/11\/2020-Vicar-Silke-Fahl-Oct18-at-MLC-4x3-1-1499x2048.jpg 1499w, https:\/\/martinluther.ca\/wp-content\/uploads\/2020\/11\/2020-Vicar-Silke-Fahl-Oct18-at-MLC-4x3-1.jpg 1711w\" sizes=\"auto, (max-width: 220px) 100vw, 220px\" \/><\/a><figcaption id=\"caption-attachment-36466\" class=\"wp-caption-text\">2020 Vicar Silke Fahl<\/figcaption><\/figure>\n<p><strong>Sehen Sie sich Silke Fahls Ordination in der Urbanikirche zu Heersum am Samstag, den 16. Januar 2020\u00a0 an.<\/strong><\/p>\n<p>&#8230;<a href=\"https:\/\/youtu.be\/_jPwRpZetRk\" target=\"_blank\" rel=\"noopener\">https:\/\/youtu.be\/_jPwRpZetRk<\/a>&#8230;<\/p>\n<p>Ordinationsgottesdienst von Silke Fahl 16. Januar 2021 in der Urbanikirche zu Heersum, Deutschland <a href=\"https:\/\/martinluther.ca\/wp-content\/uploads\/2021\/01\/2021-01-16-Ordinationsgottesdienst-von-Silke-Fahl.pdf\" target=\"_blank\" rel=\"noopener\">[PDF]<\/a><\/p>\n<p><strong>18.Dez 2020<\/strong> &#8211; Am <strong>4. Advent (20. Dezember 2020)<\/strong> verabschieden wir uns von Vikarin Silke . H\u00f6ren Sie sich ihre letzte Radioandacht um 9.30 Uhr auf CHLO Radio AM 530 an. Sie wird ihren letzten Gottesdienst um 11.00 Uhr auf Deutsch halten. Nehmen Sie um 11:30 Uhr an der Zoom-Kaffeestunde teil und w\u00fcnschen Sie ihr viel Gl\u00fcck.<\/p>\n<p>Liebe Vikarin Silke,<\/p>\n<p>Zun\u00e4chst hattest du dich f\u00fcr ein 12 Monate langes experimentierfreudiges internationales \u00f6kumenisches Vikarsteam von vier Personen bei der Martin Luther und der Redeemer Lutherischen Kirche eingeschrieben. Die unterstrichenen kursiven W\u00f6rter allein zeigen, dass dieses keine Herausforderung f\u00fcr schwache Nerven war. Als dann bekannt wurde, dass Pastor Christian im M\u00e4rz endg\u00fcltig gehen w\u00fcrde, hast Du dich erneut entschieden, als leitende Pastorin unserer Kirche, Neuland zu betreten. Dies h\u00e4tte ausreichen k\u00f6nnen und sollen, doch COVID-19 f\u00fcgte dem Wort experimentell eine ganz neue Ebene hinzu. Wir, die Menschen der Martin Luther Kirche, sind unermesslich dankbar f\u00fcr Dein Engagement f\u00fcr uns als Einzelpersonen und als Gemeinschaft. M\u00f6ge Gott Dich in Deinem zuk\u00fcnftigen Dienst segnen und m\u00f6gest du gl\u00fccklich sein zu wissen, dass unsere Gebete bei Dir sind und unsere T\u00fcren weit offen stehen, wenn es wieder sicher ist, uns zu besuchen.<\/p>\n<p>&#8211; Iris Schweiger, Kirchenvorstandsvorsitzende<\/p>\n<p>&nbsp;<\/p>\n<figure id=\"attachment_35165\" aria-describedby=\"caption-attachment-35165\" style=\"width: 245px\" class=\"wp-caption alignright\"><a href=\"https:\/\/martinluther.ca\/wp-content\/uploads\/2020\/06\/Silke-Fahl-2.jpg\"><img loading=\"lazy\" decoding=\"async\" class=\"size-medium wp-image-35165\" src=\"https:\/\/martinluther.ca\/wp-content\/uploads\/2020\/06\/Silke-Fahl-2-245x300.jpg\" alt=\"Vicar Silke Fahl in 2020\" width=\"245\" height=\"300\" srcset=\"https:\/\/martinluther.ca\/wp-content\/uploads\/2020\/06\/Silke-Fahl-2-245x300.jpg 245w, https:\/\/martinluther.ca\/wp-content\/uploads\/2020\/06\/Silke-Fahl-2-835x1024.jpg 835w, https:\/\/martinluther.ca\/wp-content\/uploads\/2020\/06\/Silke-Fahl-2-768x942.jpg 768w, https:\/\/martinluther.ca\/wp-content\/uploads\/2020\/06\/Silke-Fahl-2.jpg 1124w\" sizes=\"auto, (max-width: 245px) 100vw, 245px\" \/><\/a><figcaption id=\"caption-attachment-35165\" class=\"wp-caption-text\">Vicar Silke Fahl<\/figcaption><\/figure>\n<p>Ich bin immer noch so froh und dankbar, dass die Gemeinde mein Angebot, einen Teil der Vakanzvertretung zu \u00fcbernehmen, angenommen hat und das meine Landeskirche und die EKD ebenfalls ja gesagt haben. Ich werde im n\u00e4chsten Jahr f\u00fcr meinen Probedienst in der Kirchenregion Holle die 2. Pfarrstelle antreten und somit f\u00fcr die Gemeinden Hackenstedt-Sottrum (<a href=\"https:\/\/www.kirchenregion-holle.de\/gemeinde_new\/hackenstedt_sottrum\" target=\"_blank\" rel=\"noopener\">https:\/\/www.kirchenregion-holle.de\/gemeinde_new\/hackenstedt_sottrum<\/a>), Heersum (<a href=\"https:\/\/www.kirchenregion-holle.de\/gemeinde_new\/heersum\" target=\"_blank\" rel=\"noopener\">https:\/\/www.kirchenregion-holle.de\/gemeinde_new\/heersum<\/a>) und Sillium (<a href=\"https:\/\/www.kirchenregion-holle.de\/gemeinde_new\/sillium\" target=\"_blank\" rel=\"noopener\">https:\/\/www.kirchenregion-holle.de\/gemeinde_new\/sillium<\/a>) verantwortlich sein. Diese vier Orte liegen in Niedersachsen im Hildesheimer Land und geh\u00f6ren zur Gemeinde Holle; etwa 40 Minuten s\u00fcd-\u00f6stlich von Hannover und ca. 20 Minuten s\u00fcd-\u00f6stlich von Hildesheim. Ich vermute, dass es eine ziemliche Umstellung sein wird von Toronto nach Hackenstedt zu ziehen, einem Dorf mit ungef\u00e4hr 462 Einwohner*innen.<\/p>\n<p>Ich bin sicher, dass ich Toronto, MLC und all die wunderbaren Menschen, die ich hier kennengelernt habe, vermissen werde. Doch gleichzeitig freue ich mich auch ungemein auf diesen neuen Lebensabschnitt. Ich bin unendlich dankbar zu wissen, wo es f\u00fcr mich hingehen wird und wo ich f\u00fcr mindestens die n\u00e4chsten drei Jahre als Pastorin arbeiten werde. Ich habe schon mit meiner zuk\u00fcnftigen Superintendentin Kathrin Henking und dem Kirchenvorstandsvorsitzenden in Hackenstedt gesprochen und bin von beiden sehr herzlich willkommen gehei\u00dfen worden.<\/p>\n<p>Am<strong> 16. Januar 2021 <\/strong>werde ich in der Kirche in Heersum von Regionalbischof Eckard Gorka ordiniert. Der Ordinationsspruch, den ich mir ausgesucht habe, steht in der Apostelgeschichte 18, 9b-10a: &#8222;F\u00fcrchte dich nicht, sondern rede und schweige nicht! Denn ich bin mit dir.&#8220; Ich hoffe, dass ich einen Link teilen kann, damit Sie den Gottesdienst online schauen k\u00f6nnen, wenn Sie m\u00f6gen. Ich freue mich schon sehr auf meine Ordination und auch darauf meine Familie endlich wiederzusehen.<\/p>\n<p>&#8211; Vikarin Silke Fahl<\/p>\n","protected":false},"excerpt":{"rendered":"<p>Sehen Sie sich Silke Fahls Ordination in der Urbanikirche zu Heersum am Samstag, den 16. Januar 2020\u00a0 an. &#8230;https:\/\/youtu.be\/_jPwRpZetRk&#8230; Ordinationsgottesdienst von Silke Fahl 16. Januar 2021 in der Urbanikirche zu Heersum, Deutschland [PDF] 18.Dez 2020 &#8211; Am 4. Advent (20. Dezember 2020) verabschieden wir uns von Vikarin Silke . H\u00f6ren Sie sich ihre letzte Radioandacht&hellip;<\/p>\n","protected":false},"author":8,"featured_media":36974,"comment_status":"closed","ping_status":"closed","sticky":false,"template":"","format":"standard","meta":{"footnotes":""},"categories":[69],"tags":[],"post_series":[],"class_list":["post-36972","post","type-post","status-publish","format-standard","has-post-thumbnail","hentry","category-news-blog-german","entry","has-media"],"yoast_head":"<!-- This site is optimized with the Yoast SEO plugin v27.5 - https:\/\/yoast.com\/product\/yoast-seo-wordpress\/ -->\n<title>Auf Wiedersehen Vikarin Silke Fahl - Martin Luther Evangelische Kirche Toronto<\/title>\n<meta name=\"robots\" content=\"index, follow, max-snippet:-1, max-image-preview:large, max-video-preview:-1\" \/>\n<link rel=\"canonical\" href=\"https:\/\/martinluther.ca\/de\/2020\/12\/auf-wiedersehen-vikarin-silke-fahl\/\" \/>\n<meta property=\"og:locale\" content=\"de_DE\" \/>\n<meta property=\"og:type\" content=\"article\" \/>\n<meta property=\"og:title\" content=\"Auf Wiedersehen Vikarin Silke Fahl - Martin Luther Evangelische Kirche Toronto\" \/>\n<meta property=\"og:description\" content=\"Sehen Sie sich Silke Fahls Ordination in der Urbanikirche zu Heersum am Samstag, den 16. Januar 2020\u00a0 an. &#8230;https:\/\/youtu.be\/_jPwRpZetRk&#8230; Ordinationsgottesdienst von Silke Fahl 16. Januar 2021 in der Urbanikirche zu Heersum, Deutschland [PDF] 18.Dez 2020 &#8211; Am 4. Advent (20. Dezember 2020) verabschieden wir uns von Vikarin Silke . H\u00f6ren Sie sich ihre letzte Radioandacht&hellip;\" \/>\n<meta property=\"og:url\" content=\"https:\/\/martinluther.ca\/de\/2020\/12\/auf-wiedersehen-vikarin-silke-fahl\/\" \/>\n<meta property=\"og:site_name\" content=\"Martin Luther Evangelische Kirche Toronto\" \/>\n<meta property=\"article:publisher\" content=\"https:\/\/www.facebook.com\/martinlutherchurchtoronto\" \/>\n<meta property=\"article:published_time\" content=\"2020-12-18T21:50:13+00:00\" \/>\n<meta property=\"article:modified_time\" content=\"2021-01-23T23:28:33+00:00\" \/>\n<meta property=\"og:image\" content=\"https:\/\/martinluther.ca\/wp-content\/uploads\/2020\/12\/2020-Confirmation-15-4x3-Vicar-Silke-Fahl-scaled.jpg\" \/>\n\t<meta property=\"og:image:width\" content=\"2560\" \/>\n\t<meta property=\"og:image:height\" content=\"1921\" \/>\n\t<meta property=\"og:image:type\" content=\"image\/jpeg\" \/>\n<meta name=\"author\" content=\"Marlena Muller\" \/>\n<meta name=\"twitter:card\" content=\"summary_large_image\" \/>\n<meta name=\"twitter:label1\" content=\"Verfasst von\" \/>\n\t<meta name=\"twitter:data1\" content=\"Marlena Muller\" \/>\n\t<meta name=\"twitter:label2\" content=\"Gesch\u00e4tzte Lesezeit\" \/>\n\t<meta name=\"twitter:data2\" content=\"3\u00a0Minuten\" \/>\n<script type=\"application\/ld+json\" class=\"yoast-schema-graph\">{\"@context\":\"https:\\\/\\\/schema.org\",\"@graph\":[{\"@type\":\"Article\",\"@id\":\"https:\\\/\\\/martinluther.ca\\\/de\\\/2020\\\/12\\\/auf-wiedersehen-vikarin-silke-fahl\\\/#article\",\"isPartOf\":{\"@id\":\"https:\\\/\\\/martinluther.ca\\\/de\\\/2020\\\/12\\\/auf-wiedersehen-vikarin-silke-fahl\\\/\"},\"author\":{\"name\":\"Marlena Muller\",\"@id\":\"https:\\\/\\\/martinluther.ca\\\/de\\\/#\\\/schema\\\/person\\\/ef4e825f5d9d6fd740bbd7813710e15d\"},\"headline\":\"Auf Wiedersehen Vikarin Silke Fahl\",\"datePublished\":\"2020-12-18T21:50:13+00:00\",\"dateModified\":\"2021-01-23T23:28:33+00:00\",\"mainEntityOfPage\":{\"@id\":\"https:\\\/\\\/martinluther.ca\\\/de\\\/2020\\\/12\\\/auf-wiedersehen-vikarin-silke-fahl\\\/\"},\"wordCount\":568,\"publisher\":{\"@id\":\"https:\\\/\\\/martinluther.ca\\\/de\\\/#organization\"},\"image\":{\"@id\":\"https:\\\/\\\/martinluther.ca\\\/de\\\/2020\\\/12\\\/auf-wiedersehen-vikarin-silke-fahl\\\/#primaryimage\"},\"thumbnailUrl\":\"https:\\\/\\\/martinluther.ca\\\/wp-content\\\/uploads\\\/2020\\\/12\\\/2020-Confirmation-15-4x3-Vicar-Silke-Fahl-scaled.jpg\",\"articleSection\":[\"News Blog - German\"],\"inLanguage\":\"de\"},{\"@type\":\"WebPage\",\"@id\":\"https:\\\/\\\/martinluther.ca\\\/de\\\/2020\\\/12\\\/auf-wiedersehen-vikarin-silke-fahl\\\/\",\"url\":\"https:\\\/\\\/martinluther.ca\\\/de\\\/2020\\\/12\\\/auf-wiedersehen-vikarin-silke-fahl\\\/\",\"name\":\"Auf Wiedersehen Vikarin Silke Fahl - Martin Luther Evangelische Kirche Toronto\",\"isPartOf\":{\"@id\":\"https:\\\/\\\/martinluther.ca\\\/de\\\/#website\"},\"primaryImageOfPage\":{\"@id\":\"https:\\\/\\\/martinluther.ca\\\/de\\\/2020\\\/12\\\/auf-wiedersehen-vikarin-silke-fahl\\\/#primaryimage\"},\"image\":{\"@id\":\"https:\\\/\\\/martinluther.ca\\\/de\\\/2020\\\/12\\\/auf-wiedersehen-vikarin-silke-fahl\\\/#primaryimage\"},\"thumbnailUrl\":\"https:\\\/\\\/martinluther.ca\\\/wp-content\\\/uploads\\\/2020\\\/12\\\/2020-Confirmation-15-4x3-Vicar-Silke-Fahl-scaled.jpg\",\"datePublished\":\"2020-12-18T21:50:13+00:00\",\"dateModified\":\"2021-01-23T23:28:33+00:00\",\"breadcrumb\":{\"@id\":\"https:\\\/\\\/martinluther.ca\\\/de\\\/2020\\\/12\\\/auf-wiedersehen-vikarin-silke-fahl\\\/#breadcrumb\"},\"inLanguage\":\"de\",\"potentialAction\":[{\"@type\":\"ReadAction\",\"target\":[\"https:\\\/\\\/martinluther.ca\\\/de\\\/2020\\\/12\\\/auf-wiedersehen-vikarin-silke-fahl\\\/\"]}]},{\"@type\":\"ImageObject\",\"inLanguage\":\"de\",\"@id\":\"https:\\\/\\\/martinluther.ca\\\/de\\\/2020\\\/12\\\/auf-wiedersehen-vikarin-silke-fahl\\\/#primaryimage\",\"url\":\"https:\\\/\\\/martinluther.ca\\\/wp-content\\\/uploads\\\/2020\\\/12\\\/2020-Confirmation-15-4x3-Vicar-Silke-Fahl-scaled.jpg\",\"contentUrl\":\"https:\\\/\\\/martinluther.ca\\\/wp-content\\\/uploads\\\/2020\\\/12\\\/2020-Confirmation-15-4x3-Vicar-Silke-Fahl-scaled.jpg\",\"width\":2560,\"height\":1921},{\"@type\":\"BreadcrumbList\",\"@id\":\"https:\\\/\\\/martinluther.ca\\\/de\\\/2020\\\/12\\\/auf-wiedersehen-vikarin-silke-fahl\\\/#breadcrumb\",\"itemListElement\":[{\"@type\":\"ListItem\",\"position\":1,\"name\":\"Home\",\"item\":\"https:\\\/\\\/martinluther.ca\\\/de\\\/\"},{\"@type\":\"ListItem\",\"position\":2,\"name\":\"Auf Wiedersehen Vikarin Silke Fahl\"}]},{\"@type\":\"WebSite\",\"@id\":\"https:\\\/\\\/martinluther.ca\\\/de\\\/#website\",\"url\":\"https:\\\/\\\/martinluther.ca\\\/de\\\/\",\"name\":\"Martin Luther Evangelical Church Toronto\",\"description\":\"Deutsch &amp; Englisch\",\"publisher\":{\"@id\":\"https:\\\/\\\/martinluther.ca\\\/de\\\/#organization\"},\"potentialAction\":[{\"@type\":\"SearchAction\",\"target\":{\"@type\":\"EntryPoint\",\"urlTemplate\":\"https:\\\/\\\/martinluther.ca\\\/de\\\/?s={search_term_string}\"},\"query-input\":{\"@type\":\"PropertyValueSpecification\",\"valueRequired\":true,\"valueName\":\"search_term_string\"}}],\"inLanguage\":\"de\"},{\"@type\":\"Organization\",\"@id\":\"https:\\\/\\\/martinluther.ca\\\/de\\\/#organization\",\"name\":\"Martin Luther Evangelical Church Toronto\",\"url\":\"https:\\\/\\\/martinluther.ca\\\/de\\\/\",\"logo\":{\"@type\":\"ImageObject\",\"inLanguage\":\"de\",\"@id\":\"https:\\\/\\\/martinluther.ca\\\/de\\\/#\\\/schema\\\/logo\\\/image\\\/\",\"url\":\"https:\\\/\\\/martinluther.ca\\\/wp-content\\\/uploads\\\/2016\\\/12\\\/ml-logo-300.png\",\"contentUrl\":\"https:\\\/\\\/martinluther.ca\\\/wp-content\\\/uploads\\\/2016\\\/12\\\/ml-logo-300.png\",\"width\":300,\"height\":150,\"caption\":\"Martin Luther Evangelical Church Toronto\"},\"image\":{\"@id\":\"https:\\\/\\\/martinluther.ca\\\/de\\\/#\\\/schema\\\/logo\\\/image\\\/\"},\"sameAs\":[\"https:\\\/\\\/www.facebook.com\\\/martinlutherchurchtoronto\",\"https:\\\/\\\/www.instagram.com\\\/lutheransbythelake\\\/\",\"https:\\\/\\\/www.youtube.com\\\/MartinLutherChurchToronto\"]},{\"@type\":\"Person\",\"@id\":\"https:\\\/\\\/martinluther.ca\\\/de\\\/#\\\/schema\\\/person\\\/ef4e825f5d9d6fd740bbd7813710e15d\",\"name\":\"Marlena Muller\",\"image\":{\"@type\":\"ImageObject\",\"inLanguage\":\"de\",\"@id\":\"https:\\\/\\\/secure.gravatar.com\\\/avatar\\\/fe840ff753768b839caa2dd522d4797f19f7e22fa2da83388e0fbfc570b65a37?s=96&d=mm&r=g\",\"url\":\"https:\\\/\\\/secure.gravatar.com\\\/avatar\\\/fe840ff753768b839caa2dd522d4797f19f7e22fa2da83388e0fbfc570b65a37?s=96&d=mm&r=g\",\"contentUrl\":\"https:\\\/\\\/secure.gravatar.com\\\/avatar\\\/fe840ff753768b839caa2dd522d4797f19f7e22fa2da83388e0fbfc570b65a37?s=96&d=mm&r=g\",\"caption\":\"Marlena Muller\"},\"url\":false}]}<\/script>\n<!-- \/ Yoast SEO plugin. -->","yoast_head_json":{"title":"Auf Wiedersehen Vikarin Silke Fahl - Martin Luther Evangelische Kirche Toronto","robots":{"index":"index","follow":"follow","max-snippet":"max-snippet:-1","max-image-preview":"max-image-preview:large","max-video-preview":"max-video-preview:-1"},"canonical":"https:\/\/martinluther.ca\/de\/2020\/12\/auf-wiedersehen-vikarin-silke-fahl\/","og_locale":"de_DE","og_type":"article","og_title":"Auf Wiedersehen Vikarin Silke Fahl - Martin Luther Evangelische Kirche Toronto","og_description":"Sehen Sie sich Silke Fahls Ordination in der Urbanikirche zu Heersum am Samstag, den 16. Januar 2020\u00a0 an. &#8230;https:\/\/youtu.be\/_jPwRpZetRk&#8230; Ordinationsgottesdienst von Silke Fahl 16. Januar 2021 in der Urbanikirche zu Heersum, Deutschland [PDF] 18.Dez 2020 &#8211; Am 4. Advent (20. Dezember 2020) verabschieden wir uns von Vikarin Silke . H\u00f6ren Sie sich ihre letzte Radioandacht&hellip;","og_url":"https:\/\/martinluther.ca\/de\/2020\/12\/auf-wiedersehen-vikarin-silke-fahl\/","og_site_name":"Martin Luther Evangelische Kirche Toronto","article_publisher":"https:\/\/www.facebook.com\/martinlutherchurchtoronto","article_published_time":"2020-12-18T21:50:13+00:00","article_modified_time":"2021-01-23T23:28:33+00:00","og_image":[{"width":2560,"height":1921,"url":"https:\/\/martinluther.ca\/wp-content\/uploads\/2020\/12\/2020-Confirmation-15-4x3-Vicar-Silke-Fahl-scaled.jpg","type":"image\/jpeg"}],"author":"Marlena Muller","twitter_card":"summary_large_image","twitter_misc":{"Verfasst von":"Marlena Muller","Gesch\u00e4tzte Lesezeit":"3\u00a0Minuten"},"schema":{"@context":"https:\/\/schema.org","@graph":[{"@type":"Article","@id":"https:\/\/martinluther.ca\/de\/2020\/12\/auf-wiedersehen-vikarin-silke-fahl\/#article","isPartOf":{"@id":"https:\/\/martinluther.ca\/de\/2020\/12\/auf-wiedersehen-vikarin-silke-fahl\/"},"author":{"name":"Marlena Muller","@id":"https:\/\/martinluther.ca\/de\/#\/schema\/person\/ef4e825f5d9d6fd740bbd7813710e15d"},"headline":"Auf Wiedersehen Vikarin Silke Fahl","datePublished":"2020-12-18T21:50:13+00:00","dateModified":"2021-01-23T23:28:33+00:00","mainEntityOfPage":{"@id":"https:\/\/martinluther.ca\/de\/2020\/12\/auf-wiedersehen-vikarin-silke-fahl\/"},"wordCount":568,"publisher":{"@id":"https:\/\/martinluther.ca\/de\/#organization"},"image":{"@id":"https:\/\/martinluther.ca\/de\/2020\/12\/auf-wiedersehen-vikarin-silke-fahl\/#primaryimage"},"thumbnailUrl":"https:\/\/martinluther.ca\/wp-content\/uploads\/2020\/12\/2020-Confirmation-15-4x3-Vicar-Silke-Fahl-scaled.jpg","articleSection":["News Blog - German"],"inLanguage":"de"},{"@type":"WebPage","@id":"https:\/\/martinluther.ca\/de\/2020\/12\/auf-wiedersehen-vikarin-silke-fahl\/","url":"https:\/\/martinluther.ca\/de\/2020\/12\/auf-wiedersehen-vikarin-silke-fahl\/","name":"Auf Wiedersehen Vikarin Silke Fahl - Martin Luther Evangelische Kirche Toronto","isPartOf":{"@id":"https:\/\/martinluther.ca\/de\/#website"},"primaryImageOfPage":{"@id":"https:\/\/martinluther.ca\/de\/2020\/12\/auf-wiedersehen-vikarin-silke-fahl\/#primaryimage"},"image":{"@id":"https:\/\/martinluther.ca\/de\/2020\/12\/auf-wiedersehen-vikarin-silke-fahl\/#primaryimage"},"thumbnailUrl":"https:\/\/martinluther.ca\/wp-content\/uploads\/2020\/12\/2020-Confirmation-15-4x3-Vicar-Silke-Fahl-scaled.jpg","datePublished":"2020-12-18T21:50:13+00:00","dateModified":"2021-01-23T23:28:33+00:00","breadcrumb":{"@id":"https:\/\/martinluther.ca\/de\/2020\/12\/auf-wiedersehen-vikarin-silke-fahl\/#breadcrumb"},"inLanguage":"de","potentialAction":[{"@type":"ReadAction","target":["https:\/\/martinluther.ca\/de\/2020\/12\/auf-wiedersehen-vikarin-silke-fahl\/"]}]},{"@type":"ImageObject","inLanguage":"de","@id":"https:\/\/martinluther.ca\/de\/2020\/12\/auf-wiedersehen-vikarin-silke-fahl\/#primaryimage","url":"https:\/\/martinluther.ca\/wp-content\/uploads\/2020\/12\/2020-Confirmation-15-4x3-Vicar-Silke-Fahl-scaled.jpg","contentUrl":"https:\/\/martinluther.ca\/wp-content\/uploads\/2020\/12\/2020-Confirmation-15-4x3-Vicar-Silke-Fahl-scaled.jpg","width":2560,"height":1921},{"@type":"BreadcrumbList","@id":"https:\/\/martinluther.ca\/de\/2020\/12\/auf-wiedersehen-vikarin-silke-fahl\/#breadcrumb","itemListElement":[{"@type":"ListItem","position":1,"name":"Home","item":"https:\/\/martinluther.ca\/de\/"},{"@type":"ListItem","position":2,"name":"Auf Wiedersehen Vikarin Silke Fahl"}]},{"@type":"WebSite","@id":"https:\/\/martinluther.ca\/de\/#website","url":"https:\/\/martinluther.ca\/de\/","name":"Martin Luther Evangelical Church Toronto","description":"Deutsch &amp; Englisch","publisher":{"@id":"https:\/\/martinluther.ca\/de\/#organization"},"potentialAction":[{"@type":"SearchAction","target":{"@type":"EntryPoint","urlTemplate":"https:\/\/martinluther.ca\/de\/?s={search_term_string}"},"query-input":{"@type":"PropertyValueSpecification","valueRequired":true,"valueName":"search_term_string"}}],"inLanguage":"de"},{"@type":"Organization","@id":"https:\/\/martinluther.ca\/de\/#organization","name":"Martin Luther Evangelical Church Toronto","url":"https:\/\/martinluther.ca\/de\/","logo":{"@type":"ImageObject","inLanguage":"de","@id":"https:\/\/martinluther.ca\/de\/#\/schema\/logo\/image\/","url":"https:\/\/martinluther.ca\/wp-content\/uploads\/2016\/12\/ml-logo-300.png","contentUrl":"https:\/\/martinluther.ca\/wp-content\/uploads\/2016\/12\/ml-logo-300.png","width":300,"height":150,"caption":"Martin Luther Evangelical Church Toronto"},"image":{"@id":"https:\/\/martinluther.ca\/de\/#\/schema\/logo\/image\/"},"sameAs":["https:\/\/www.facebook.com\/martinlutherchurchtoronto","https:\/\/www.instagram.com\/lutheransbythelake\/","https:\/\/www.youtube.com\/MartinLutherChurchToronto"]},{"@type":"Person","@id":"https:\/\/martinluther.ca\/de\/#\/schema\/person\/ef4e825f5d9d6fd740bbd7813710e15d","name":"Marlena Muller","image":{"@type":"ImageObject","inLanguage":"de","@id":"https:\/\/secure.gravatar.com\/avatar\/fe840ff753768b839caa2dd522d4797f19f7e22fa2da83388e0fbfc570b65a37?s=96&d=mm&r=g","url":"https:\/\/secure.gravatar.com\/avatar\/fe840ff753768b839caa2dd522d4797f19f7e22fa2da83388e0fbfc570b65a37?s=96&d=mm&r=g","contentUrl":"https:\/\/secure.gravatar.com\/avatar\/fe840ff753768b839caa2dd522d4797f19f7e22fa2da83388e0fbfc570b65a37?s=96&d=mm&r=g","caption":"Marlena Muller"},"url":false}]}},"_links":{"self":[{"href":"https:\/\/martinluther.ca\/de\/wp-json\/wp\/v2\/posts\/36972","targetHints":{"allow":["GET"]}}],"collection":[{"href":"https:\/\/martinluther.ca\/de\/wp-json\/wp\/v2\/posts"}],"about":[{"href":"https:\/\/martinluther.ca\/de\/wp-json\/wp\/v2\/types\/post"}],"author":[{"embeddable":true,"href":"https:\/\/martinluther.ca\/de\/wp-json\/wp\/v2\/users\/8"}],"replies":[{"embeddable":true,"href":"https:\/\/martinluther.ca\/de\/wp-json\/wp\/v2\/comments?post=36972"}],"version-history":[{"count":11,"href":"https:\/\/martinluther.ca\/de\/wp-json\/wp\/v2\/posts\/36972\/revisions"}],"predecessor-version":[{"id":37402,"href":"https:\/\/martinluther.ca\/de\/wp-json\/wp\/v2\/posts\/36972\/revisions\/37402"}],"wp:featuredmedia":[{"embeddable":true,"href":"https:\/\/martinluther.ca\/de\/wp-json\/wp\/v2\/media\/36974"}],"wp:attachment":[{"href":"https:\/\/martinluther.ca\/de\/wp-json\/wp\/v2\/media?parent=36972"}],"wp:term":[{"taxonomy":"category","embeddable":true,"href":"https:\/\/martinluther.ca\/de\/wp-json\/wp\/v2\/categories?post=36972"},{"taxonomy":"post_tag","embeddable":true,"href":"https:\/\/martinluther.ca\/de\/wp-json\/wp\/v2\/tags?post=36972"},{"taxonomy":"post_series","embeddable":true,"href":"https:\/\/martinluther.ca\/de\/wp-json\/wp\/v2\/post_series?post=36972"}],"curies":[{"name":"wp","href":"https:\/\/api.w.org\/{rel}","templated":true}]}}