{"id":37414,"date":"2021-01-28T15:31:27","date_gmt":"2021-01-28T20:31:27","guid":{"rendered":"https:\/\/martinluther.ca\/?p=37414"},"modified":"2021-01-28T15:33:09","modified_gmt":"2021-01-28T20:33:09","slug":"andacht-und-umleitung-mit-pastor-dr-hille","status":"publish","type":"post","link":"https:\/\/martinluther.ca\/de\/2021\/01\/andacht-und-umleitung-mit-pastor-dr-hille\/","title":{"rendered":"Andacht und Umleitung mit Pastor Dr. Hille"},"content":{"rendered":"<p>Liebe Mitglieder und Freunde der Martin-Luther-Kirche,<\/p>\n<p>Sie erinnern sich: Am Ende des Gottesdienstes werden wir mit dem Segen entlassen.<\/p>\n<p style=\"padding-left: 40px;\"><em>\u201eDer Herr segne dich und beh\u00fcte dich. Er lasse sein Angesicht leuchten \u00fcber dir und sei dir gn\u00e4dig. Der Herr erhebe sein Angesicht auf dich und gebe dir Frieden.\u201c<\/em><\/p>\n<p><a href=\"https:\/\/martinluther.ca\/wp-content\/uploads\/2021\/01\/Detour_icon.jpg\"><img loading=\"lazy\" decoding=\"async\" class=\"alignright size-medium wp-image-37412\" src=\"https:\/\/martinluther.ca\/wp-content\/uploads\/2021\/01\/Detour_icon-300x300.jpg\" alt=\"\" width=\"300\" height=\"300\" srcset=\"https:\/\/martinluther.ca\/wp-content\/uploads\/2021\/01\/Detour_icon-300x300.jpg 300w, https:\/\/martinluther.ca\/wp-content\/uploads\/2021\/01\/Detour_icon-1024x1024.jpg 1024w, https:\/\/martinluther.ca\/wp-content\/uploads\/2021\/01\/Detour_icon-150x150.jpg 150w, https:\/\/martinluther.ca\/wp-content\/uploads\/2021\/01\/Detour_icon-768x768.jpg 768w, https:\/\/martinluther.ca\/wp-content\/uploads\/2021\/01\/Detour_icon-125x125.jpg 125w, https:\/\/martinluther.ca\/wp-content\/uploads\/2021\/01\/Detour_icon.jpg 1280w\" sizes=\"auto, (max-width: 300px) 100vw, 300px\" \/><\/a>Das muss man sich vielleicht mal richtig vor Augen f\u00fchren: Auf der Reise unseres Lebens sind wir unterwegs im Angesicht unseres Gottes. Er sieht auf uns und begleitet uns. Das ist etwas, was sich \u2013 im Gegensatz zu vielen anderen Lebensumst\u00e4nden in diesen Zeiten &#8211; nicht ge\u00e4ndert hat. Wir sind begleitete Menschen durch die Obacht und Obhut unseres Gottes. Darauf vertrauen wir, und daran glauben wir &#8211; gerade in diesen Zeiten. Ich w\u00fcnsche mir und Ihnen, dass uns dieses Vertrauen Halt und Mut gibt.<\/p>\n<p>Und ich erhoffe mir noch ein bisschen mehr: In den kleinen und gro\u00dfen Ereignissen unseres Sonntags und Alltags, in der Freude und im traurig Sein m\u00f6chte ich seine N\u00e4he sp\u00fcren, sie entdecken in dem freundlichen Wort, das an meine Ohren kommt, an der Hand, die sich mir helfend entgegenstreckt, an dem Mut und der Tapferkeit, mit der Menschen dieser Pandemie trotzen und die mich ansteckt. Vielleicht k\u00f6nnen wir dieses zusammen entdecken in den vielf\u00e4ltigen Bem\u00fchungen auch unserer Gemeinde, in diesen ver\u00e4nderten Zeiten als Gemeinschaft, als Kirche zusammen zu halten. Obwohl wir uns nicht in unserer Martin-Luther-Kirche treffen und versammeln k\u00f6nnen, feiern wir Gottesdienst, findet geistliches und kirchliches Leben statt. Auch dieser Brief ist daf\u00fcr ein kleines Zeichen. In der Tat: Wir sind und bleiben Kirche Jesu Christi \u2013 auch wenn wir auf einer Umleitung unterwegs sind.<\/p>\n<p>So gr\u00fc\u00dft Sie alle Ihr<\/p>\n<p>Pastor Gerhard Hille<\/p>\n","protected":false},"excerpt":{"rendered":"<p>Liebe Mitglieder und Freunde der Martin-Luther-Kirche, Sie erinnern sich: Am Ende des Gottesdienstes werden wir mit dem Segen entlassen. \u201eDer Herr segne dich und beh\u00fcte dich. Er lasse sein Angesicht leuchten \u00fcber dir und sei dir gn\u00e4dig. Der Herr erhebe sein Angesicht auf dich und gebe dir Frieden.\u201c Das muss man sich vielleicht mal richtig&hellip;<\/p>\n","protected":false},"author":8,"featured_media":37412,"comment_status":"closed","ping_status":"closed","sticky":false,"template":"","format":"standard","meta":{"footnotes":""},"categories":[69],"tags":[],"post_series":[],"class_list":["post-37414","post","type-post","status-publish","format-standard","has-post-thumbnail","hentry","category-news-blog-german","entry","has-media"],"yoast_head":"<!-- This site is optimized with the Yoast SEO plugin v27.5 - https:\/\/yoast.com\/product\/yoast-seo-wordpress\/ -->\n<title>Andacht und Umleitung mit Pastor Dr. Hille - Martin Luther Evangelische Kirche Toronto<\/title>\n<meta name=\"robots\" content=\"index, follow, max-snippet:-1, max-image-preview:large, max-video-preview:-1\" \/>\n<link rel=\"canonical\" href=\"https:\/\/martinluther.ca\/de\/2021\/01\/andacht-und-umleitung-mit-pastor-dr-hille\/\" \/>\n<meta property=\"og:locale\" content=\"de_DE\" \/>\n<meta property=\"og:type\" content=\"article\" \/>\n<meta property=\"og:title\" content=\"Andacht und Umleitung mit Pastor Dr. Hille - Martin Luther Evangelische Kirche Toronto\" \/>\n<meta property=\"og:description\" content=\"Liebe Mitglieder und Freunde der Martin-Luther-Kirche, Sie erinnern sich: Am Ende des Gottesdienstes werden wir mit dem Segen entlassen. \u201eDer Herr segne dich und beh\u00fcte dich. Er lasse sein Angesicht leuchten \u00fcber dir und sei dir gn\u00e4dig. Der Herr erhebe sein Angesicht auf dich und gebe dir Frieden.\u201c Das muss man sich vielleicht mal richtig&hellip;\" \/>\n<meta property=\"og:url\" content=\"https:\/\/martinluther.ca\/de\/2021\/01\/andacht-und-umleitung-mit-pastor-dr-hille\/\" \/>\n<meta property=\"og:site_name\" content=\"Martin Luther Evangelische Kirche Toronto\" \/>\n<meta property=\"article:publisher\" content=\"https:\/\/www.facebook.com\/martinlutherchurchtoronto\" \/>\n<meta property=\"article:published_time\" content=\"2021-01-28T20:31:27+00:00\" \/>\n<meta property=\"article:modified_time\" content=\"2021-01-28T20:33:09+00:00\" \/>\n<meta property=\"og:image\" content=\"https:\/\/martinluther.ca\/wp-content\/uploads\/2021\/01\/Detour_icon.jpg\" \/>\n\t<meta property=\"og:image:width\" content=\"1280\" \/>\n\t<meta property=\"og:image:height\" content=\"1280\" \/>\n\t<meta property=\"og:image:type\" content=\"image\/jpeg\" \/>\n<meta name=\"author\" content=\"Marlena Muller\" \/>\n<meta name=\"twitter:card\" content=\"summary_large_image\" \/>\n<meta name=\"twitter:label1\" content=\"Verfasst von\" \/>\n\t<meta name=\"twitter:data1\" content=\"Marlena Muller\" \/>\n\t<meta name=\"twitter:label2\" content=\"Gesch\u00e4tzte Lesezeit\" \/>\n\t<meta name=\"twitter:data2\" content=\"2\u00a0Minuten\" \/>\n<script type=\"application\/ld+json\" class=\"yoast-schema-graph\">{\"@context\":\"https:\\\/\\\/schema.org\",\"@graph\":[{\"@type\":\"Article\",\"@id\":\"https:\\\/\\\/martinluther.ca\\\/de\\\/2021\\\/01\\\/andacht-und-umleitung-mit-pastor-dr-hille\\\/#article\",\"isPartOf\":{\"@id\":\"https:\\\/\\\/martinluther.ca\\\/de\\\/2021\\\/01\\\/andacht-und-umleitung-mit-pastor-dr-hille\\\/\"},\"author\":{\"name\":\"Marlena Muller\",\"@id\":\"https:\\\/\\\/martinluther.ca\\\/de\\\/#\\\/schema\\\/person\\\/ef4e825f5d9d6fd740bbd7813710e15d\"},\"headline\":\"Andacht und Umleitung mit Pastor Dr. Hille\",\"datePublished\":\"2021-01-28T20:31:27+00:00\",\"dateModified\":\"2021-01-28T20:33:09+00:00\",\"mainEntityOfPage\":{\"@id\":\"https:\\\/\\\/martinluther.ca\\\/de\\\/2021\\\/01\\\/andacht-und-umleitung-mit-pastor-dr-hille\\\/\"},\"wordCount\":298,\"publisher\":{\"@id\":\"https:\\\/\\\/martinluther.ca\\\/de\\\/#organization\"},\"image\":{\"@id\":\"https:\\\/\\\/martinluther.ca\\\/de\\\/2021\\\/01\\\/andacht-und-umleitung-mit-pastor-dr-hille\\\/#primaryimage\"},\"thumbnailUrl\":\"https:\\\/\\\/martinluther.ca\\\/wp-content\\\/uploads\\\/2021\\\/01\\\/Detour_icon.jpg\",\"articleSection\":[\"News Blog - German\"],\"inLanguage\":\"de\"},{\"@type\":\"WebPage\",\"@id\":\"https:\\\/\\\/martinluther.ca\\\/de\\\/2021\\\/01\\\/andacht-und-umleitung-mit-pastor-dr-hille\\\/\",\"url\":\"https:\\\/\\\/martinluther.ca\\\/de\\\/2021\\\/01\\\/andacht-und-umleitung-mit-pastor-dr-hille\\\/\",\"name\":\"Andacht und Umleitung mit Pastor Dr. Hille - Martin Luther Evangelische Kirche Toronto\",\"isPartOf\":{\"@id\":\"https:\\\/\\\/martinluther.ca\\\/de\\\/#website\"},\"primaryImageOfPage\":{\"@id\":\"https:\\\/\\\/martinluther.ca\\\/de\\\/2021\\\/01\\\/andacht-und-umleitung-mit-pastor-dr-hille\\\/#primaryimage\"},\"image\":{\"@id\":\"https:\\\/\\\/martinluther.ca\\\/de\\\/2021\\\/01\\\/andacht-und-umleitung-mit-pastor-dr-hille\\\/#primaryimage\"},\"thumbnailUrl\":\"https:\\\/\\\/martinluther.ca\\\/wp-content\\\/uploads\\\/2021\\\/01\\\/Detour_icon.jpg\",\"datePublished\":\"2021-01-28T20:31:27+00:00\",\"dateModified\":\"2021-01-28T20:33:09+00:00\",\"breadcrumb\":{\"@id\":\"https:\\\/\\\/martinluther.ca\\\/de\\\/2021\\\/01\\\/andacht-und-umleitung-mit-pastor-dr-hille\\\/#breadcrumb\"},\"inLanguage\":\"de\",\"potentialAction\":[{\"@type\":\"ReadAction\",\"target\":[\"https:\\\/\\\/martinluther.ca\\\/de\\\/2021\\\/01\\\/andacht-und-umleitung-mit-pastor-dr-hille\\\/\"]}]},{\"@type\":\"ImageObject\",\"inLanguage\":\"de\",\"@id\":\"https:\\\/\\\/martinluther.ca\\\/de\\\/2021\\\/01\\\/andacht-und-umleitung-mit-pastor-dr-hille\\\/#primaryimage\",\"url\":\"https:\\\/\\\/martinluther.ca\\\/wp-content\\\/uploads\\\/2021\\\/01\\\/Detour_icon.jpg\",\"contentUrl\":\"https:\\\/\\\/martinluther.ca\\\/wp-content\\\/uploads\\\/2021\\\/01\\\/Detour_icon.jpg\",\"width\":1280,\"height\":1280},{\"@type\":\"BreadcrumbList\",\"@id\":\"https:\\\/\\\/martinluther.ca\\\/de\\\/2021\\\/01\\\/andacht-und-umleitung-mit-pastor-dr-hille\\\/#breadcrumb\",\"itemListElement\":[{\"@type\":\"ListItem\",\"position\":1,\"name\":\"Home\",\"item\":\"https:\\\/\\\/martinluther.ca\\\/de\\\/\"},{\"@type\":\"ListItem\",\"position\":2,\"name\":\"Andacht und Umleitung mit Pastor Dr. Hille\"}]},{\"@type\":\"WebSite\",\"@id\":\"https:\\\/\\\/martinluther.ca\\\/de\\\/#website\",\"url\":\"https:\\\/\\\/martinluther.ca\\\/de\\\/\",\"name\":\"Martin Luther Evangelical Church Toronto\",\"description\":\"Deutsch &amp; Englisch\",\"publisher\":{\"@id\":\"https:\\\/\\\/martinluther.ca\\\/de\\\/#organization\"},\"potentialAction\":[{\"@type\":\"SearchAction\",\"target\":{\"@type\":\"EntryPoint\",\"urlTemplate\":\"https:\\\/\\\/martinluther.ca\\\/de\\\/?s={search_term_string}\"},\"query-input\":{\"@type\":\"PropertyValueSpecification\",\"valueRequired\":true,\"valueName\":\"search_term_string\"}}],\"inLanguage\":\"de\"},{\"@type\":\"Organization\",\"@id\":\"https:\\\/\\\/martinluther.ca\\\/de\\\/#organization\",\"name\":\"Martin Luther Evangelical Church Toronto\",\"url\":\"https:\\\/\\\/martinluther.ca\\\/de\\\/\",\"logo\":{\"@type\":\"ImageObject\",\"inLanguage\":\"de\",\"@id\":\"https:\\\/\\\/martinluther.ca\\\/de\\\/#\\\/schema\\\/logo\\\/image\\\/\",\"url\":\"https:\\\/\\\/martinluther.ca\\\/wp-content\\\/uploads\\\/2016\\\/12\\\/ml-logo-300.png\",\"contentUrl\":\"https:\\\/\\\/martinluther.ca\\\/wp-content\\\/uploads\\\/2016\\\/12\\\/ml-logo-300.png\",\"width\":300,\"height\":150,\"caption\":\"Martin Luther Evangelical Church Toronto\"},\"image\":{\"@id\":\"https:\\\/\\\/martinluther.ca\\\/de\\\/#\\\/schema\\\/logo\\\/image\\\/\"},\"sameAs\":[\"https:\\\/\\\/www.facebook.com\\\/martinlutherchurchtoronto\",\"https:\\\/\\\/www.instagram.com\\\/lutheransbythelake\\\/\",\"https:\\\/\\\/www.youtube.com\\\/MartinLutherChurchToronto\"]},{\"@type\":\"Person\",\"@id\":\"https:\\\/\\\/martinluther.ca\\\/de\\\/#\\\/schema\\\/person\\\/ef4e825f5d9d6fd740bbd7813710e15d\",\"name\":\"Marlena Muller\",\"image\":{\"@type\":\"ImageObject\",\"inLanguage\":\"de\",\"@id\":\"https:\\\/\\\/secure.gravatar.com\\\/avatar\\\/fe840ff753768b839caa2dd522d4797f19f7e22fa2da83388e0fbfc570b65a37?s=96&d=mm&r=g\",\"url\":\"https:\\\/\\\/secure.gravatar.com\\\/avatar\\\/fe840ff753768b839caa2dd522d4797f19f7e22fa2da83388e0fbfc570b65a37?s=96&d=mm&r=g\",\"contentUrl\":\"https:\\\/\\\/secure.gravatar.com\\\/avatar\\\/fe840ff753768b839caa2dd522d4797f19f7e22fa2da83388e0fbfc570b65a37?s=96&d=mm&r=g\",\"caption\":\"Marlena Muller\"},\"url\":false}]}<\/script>\n<!-- \/ Yoast SEO plugin. -->","yoast_head_json":{"title":"Andacht und Umleitung mit Pastor Dr. Hille - Martin Luther Evangelische Kirche Toronto","robots":{"index":"index","follow":"follow","max-snippet":"max-snippet:-1","max-image-preview":"max-image-preview:large","max-video-preview":"max-video-preview:-1"},"canonical":"https:\/\/martinluther.ca\/de\/2021\/01\/andacht-und-umleitung-mit-pastor-dr-hille\/","og_locale":"de_DE","og_type":"article","og_title":"Andacht und Umleitung mit Pastor Dr. Hille - Martin Luther Evangelische Kirche Toronto","og_description":"Liebe Mitglieder und Freunde der Martin-Luther-Kirche, Sie erinnern sich: Am Ende des Gottesdienstes werden wir mit dem Segen entlassen. \u201eDer Herr segne dich und beh\u00fcte dich. Er lasse sein Angesicht leuchten \u00fcber dir und sei dir gn\u00e4dig. Der Herr erhebe sein Angesicht auf dich und gebe dir Frieden.\u201c Das muss man sich vielleicht mal richtig&hellip;","og_url":"https:\/\/martinluther.ca\/de\/2021\/01\/andacht-und-umleitung-mit-pastor-dr-hille\/","og_site_name":"Martin Luther Evangelische Kirche Toronto","article_publisher":"https:\/\/www.facebook.com\/martinlutherchurchtoronto","article_published_time":"2021-01-28T20:31:27+00:00","article_modified_time":"2021-01-28T20:33:09+00:00","og_image":[{"width":1280,"height":1280,"url":"https:\/\/martinluther.ca\/wp-content\/uploads\/2021\/01\/Detour_icon.jpg","type":"image\/jpeg"}],"author":"Marlena Muller","twitter_card":"summary_large_image","twitter_misc":{"Verfasst von":"Marlena Muller","Gesch\u00e4tzte Lesezeit":"2\u00a0Minuten"},"schema":{"@context":"https:\/\/schema.org","@graph":[{"@type":"Article","@id":"https:\/\/martinluther.ca\/de\/2021\/01\/andacht-und-umleitung-mit-pastor-dr-hille\/#article","isPartOf":{"@id":"https:\/\/martinluther.ca\/de\/2021\/01\/andacht-und-umleitung-mit-pastor-dr-hille\/"},"author":{"name":"Marlena Muller","@id":"https:\/\/martinluther.ca\/de\/#\/schema\/person\/ef4e825f5d9d6fd740bbd7813710e15d"},"headline":"Andacht und Umleitung mit Pastor Dr. Hille","datePublished":"2021-01-28T20:31:27+00:00","dateModified":"2021-01-28T20:33:09+00:00","mainEntityOfPage":{"@id":"https:\/\/martinluther.ca\/de\/2021\/01\/andacht-und-umleitung-mit-pastor-dr-hille\/"},"wordCount":298,"publisher":{"@id":"https:\/\/martinluther.ca\/de\/#organization"},"image":{"@id":"https:\/\/martinluther.ca\/de\/2021\/01\/andacht-und-umleitung-mit-pastor-dr-hille\/#primaryimage"},"thumbnailUrl":"https:\/\/martinluther.ca\/wp-content\/uploads\/2021\/01\/Detour_icon.jpg","articleSection":["News Blog - German"],"inLanguage":"de"},{"@type":"WebPage","@id":"https:\/\/martinluther.ca\/de\/2021\/01\/andacht-und-umleitung-mit-pastor-dr-hille\/","url":"https:\/\/martinluther.ca\/de\/2021\/01\/andacht-und-umleitung-mit-pastor-dr-hille\/","name":"Andacht und Umleitung mit Pastor Dr. Hille - Martin Luther Evangelische Kirche Toronto","isPartOf":{"@id":"https:\/\/martinluther.ca\/de\/#website"},"primaryImageOfPage":{"@id":"https:\/\/martinluther.ca\/de\/2021\/01\/andacht-und-umleitung-mit-pastor-dr-hille\/#primaryimage"},"image":{"@id":"https:\/\/martinluther.ca\/de\/2021\/01\/andacht-und-umleitung-mit-pastor-dr-hille\/#primaryimage"},"thumbnailUrl":"https:\/\/martinluther.ca\/wp-content\/uploads\/2021\/01\/Detour_icon.jpg","datePublished":"2021-01-28T20:31:27+00:00","dateModified":"2021-01-28T20:33:09+00:00","breadcrumb":{"@id":"https:\/\/martinluther.ca\/de\/2021\/01\/andacht-und-umleitung-mit-pastor-dr-hille\/#breadcrumb"},"inLanguage":"de","potentialAction":[{"@type":"ReadAction","target":["https:\/\/martinluther.ca\/de\/2021\/01\/andacht-und-umleitung-mit-pastor-dr-hille\/"]}]},{"@type":"ImageObject","inLanguage":"de","@id":"https:\/\/martinluther.ca\/de\/2021\/01\/andacht-und-umleitung-mit-pastor-dr-hille\/#primaryimage","url":"https:\/\/martinluther.ca\/wp-content\/uploads\/2021\/01\/Detour_icon.jpg","contentUrl":"https:\/\/martinluther.ca\/wp-content\/uploads\/2021\/01\/Detour_icon.jpg","width":1280,"height":1280},{"@type":"BreadcrumbList","@id":"https:\/\/martinluther.ca\/de\/2021\/01\/andacht-und-umleitung-mit-pastor-dr-hille\/#breadcrumb","itemListElement":[{"@type":"ListItem","position":1,"name":"Home","item":"https:\/\/martinluther.ca\/de\/"},{"@type":"ListItem","position":2,"name":"Andacht und Umleitung mit Pastor Dr. Hille"}]},{"@type":"WebSite","@id":"https:\/\/martinluther.ca\/de\/#website","url":"https:\/\/martinluther.ca\/de\/","name":"Martin Luther Evangelical Church Toronto","description":"Deutsch &amp; Englisch","publisher":{"@id":"https:\/\/martinluther.ca\/de\/#organization"},"potentialAction":[{"@type":"SearchAction","target":{"@type":"EntryPoint","urlTemplate":"https:\/\/martinluther.ca\/de\/?s={search_term_string}"},"query-input":{"@type":"PropertyValueSpecification","valueRequired":true,"valueName":"search_term_string"}}],"inLanguage":"de"},{"@type":"Organization","@id":"https:\/\/martinluther.ca\/de\/#organization","name":"Martin Luther Evangelical Church Toronto","url":"https:\/\/martinluther.ca\/de\/","logo":{"@type":"ImageObject","inLanguage":"de","@id":"https:\/\/martinluther.ca\/de\/#\/schema\/logo\/image\/","url":"https:\/\/martinluther.ca\/wp-content\/uploads\/2016\/12\/ml-logo-300.png","contentUrl":"https:\/\/martinluther.ca\/wp-content\/uploads\/2016\/12\/ml-logo-300.png","width":300,"height":150,"caption":"Martin Luther Evangelical Church Toronto"},"image":{"@id":"https:\/\/martinluther.ca\/de\/#\/schema\/logo\/image\/"},"sameAs":["https:\/\/www.facebook.com\/martinlutherchurchtoronto","https:\/\/www.instagram.com\/lutheransbythelake\/","https:\/\/www.youtube.com\/MartinLutherChurchToronto"]},{"@type":"Person","@id":"https:\/\/martinluther.ca\/de\/#\/schema\/person\/ef4e825f5d9d6fd740bbd7813710e15d","name":"Marlena Muller","image":{"@type":"ImageObject","inLanguage":"de","@id":"https:\/\/secure.gravatar.com\/avatar\/fe840ff753768b839caa2dd522d4797f19f7e22fa2da83388e0fbfc570b65a37?s=96&d=mm&r=g","url":"https:\/\/secure.gravatar.com\/avatar\/fe840ff753768b839caa2dd522d4797f19f7e22fa2da83388e0fbfc570b65a37?s=96&d=mm&r=g","contentUrl":"https:\/\/secure.gravatar.com\/avatar\/fe840ff753768b839caa2dd522d4797f19f7e22fa2da83388e0fbfc570b65a37?s=96&d=mm&r=g","caption":"Marlena Muller"},"url":false}]}},"_links":{"self":[{"href":"https:\/\/martinluther.ca\/de\/wp-json\/wp\/v2\/posts\/37414","targetHints":{"allow":["GET"]}}],"collection":[{"href":"https:\/\/martinluther.ca\/de\/wp-json\/wp\/v2\/posts"}],"about":[{"href":"https:\/\/martinluther.ca\/de\/wp-json\/wp\/v2\/types\/post"}],"author":[{"embeddable":true,"href":"https:\/\/martinluther.ca\/de\/wp-json\/wp\/v2\/users\/8"}],"replies":[{"embeddable":true,"href":"https:\/\/martinluther.ca\/de\/wp-json\/wp\/v2\/comments?post=37414"}],"version-history":[{"count":1,"href":"https:\/\/martinluther.ca\/de\/wp-json\/wp\/v2\/posts\/37414\/revisions"}],"predecessor-version":[{"id":37415,"href":"https:\/\/martinluther.ca\/de\/wp-json\/wp\/v2\/posts\/37414\/revisions\/37415"}],"wp:featuredmedia":[{"embeddable":true,"href":"https:\/\/martinluther.ca\/de\/wp-json\/wp\/v2\/media\/37412"}],"wp:attachment":[{"href":"https:\/\/martinluther.ca\/de\/wp-json\/wp\/v2\/media?parent=37414"}],"wp:term":[{"taxonomy":"category","embeddable":true,"href":"https:\/\/martinluther.ca\/de\/wp-json\/wp\/v2\/categories?post=37414"},{"taxonomy":"post_tag","embeddable":true,"href":"https:\/\/martinluther.ca\/de\/wp-json\/wp\/v2\/tags?post=37414"},{"taxonomy":"post_series","embeddable":true,"href":"https:\/\/martinluther.ca\/de\/wp-json\/wp\/v2\/post_series?post=37414"}],"curies":[{"name":"wp","href":"https:\/\/api.w.org\/{rel}","templated":true}]}}