{"id":37483,"date":"2021-02-12T12:52:38","date_gmt":"2021-02-12T17:52:38","guid":{"rendered":"https:\/\/martinluther.ca\/?p=37483"},"modified":"2021-02-13T17:10:14","modified_gmt":"2021-02-13T22:10:14","slug":"synodenweiter-gottesdienst-am-aschermittwoch","status":"publish","type":"post","link":"https:\/\/martinluther.ca\/de\/2021\/02\/synodenweiter-gottesdienst-am-aschermittwoch\/","title":{"rendered":"Synodenweiter Gottesdienst am Aschermittwoch"},"content":{"rendered":"<p><img loading=\"lazy\" decoding=\"async\" class=\"alignright size-medium wp-image-37481\" src=\"https:\/\/martinluther.ca\/wp-content\/uploads\/2021\/02\/Eastern-Synod-Ash-Wednesday-300x252.png\" alt=\"Eastern Synod 2021 Ash Wednesday poster\" width=\"300\" height=\"252\" srcset=\"https:\/\/martinluther.ca\/wp-content\/uploads\/2021\/02\/Eastern-Synod-Ash-Wednesday-300x252.png 300w, https:\/\/martinluther.ca\/wp-content\/uploads\/2021\/02\/Eastern-Synod-Ash-Wednesday.png 768w\" sizes=\"auto, (max-width: 300px) 100vw, 300px\" \/>Liebe FreundInnen,<\/p>\n<p>Am Aschermittwoch l\u00e4dt Bischoff Michael J. Pryse (und seine AssistentInnen) zur <strong>&#8222;Eastern Synod Ash Wednesday&#8220; \u00dcbertragung<\/strong> ein. Diese synodenweite Live-Streaming \u00dcbertragung beginnt am <strong>17. Februar 2021 um 18.30 ET <\/strong>auf der <a href=\"https:\/\/www.facebook.com\/ESynodELCIC\" target=\"_blank\" rel=\"noopener\">Facebook-Seite der &#8222;Eastern Synod&#8220;<\/a>.<\/p>\n<p>Alle Gottesdienstunterlagen wurden bereits auf die <a href=\"https:\/\/easternsynod.org\/ash-wednesday\/\" target=\"_blank\" rel=\"noopener\">Webseite der Eastern Synod<\/a>\u00a0hochgeladen. Dazu geh\u00f6ren ein <a href=\"https:\/\/easternsynod.org\/wp-content\/uploads\/Ash-Wednesday-2021-Worship-Guide-Sermon.pdf\" target=\"_blank\" rel=\"noopener\">Gottesdienstf\u00fchrer und eine Druckversion der Predigt von\u00a0Bischof Michael P. Pryse<\/a>.<\/p>\n<p>Diejenigen, die an diesem einzigartigen synodenweiten Gottesdienst (virtuell) teilnehmen, werden aufgefordert, ihre eigene\u00a0<em>Asche<\/em>\u00a0vorzubereiten oder ein Zeichen des Kreuzes mit Wasser oder einfach mit dem Finger zu machen.<\/p>\n<p>Der Livestream startet 15 Minuten vor dem Gottesdienstbeginn. Eine Aufzeichnung wird auch auf der <a href=\"https:\/\/www.facebook.com\/ESynodELCIC\" target=\"_blank\" rel=\"noopener\">Facebook-Seite der &#8222;Eastern Synod&#8220;<\/a>. f\u00fcr alle verf\u00fcgbar sein, die ihn auch nach dem Ende des Livestreams sehen m\u00f6chten. Unser Dank an die Trinity Lutheran Church, in New Hamburg, dass sie Ihre R\u00e4umlichkeiten, Technik und Expertise zur Verf\u00fcgung gestellt haben, um diese synodenweite Gelegenheit zu erm\u00f6glichen!<\/p>\n","protected":false},"excerpt":{"rendered":"<p>Liebe FreundInnen, Am Aschermittwoch l\u00e4dt Bischoff Michael J. Pryse (und seine AssistentInnen) zur &#8222;Eastern Synod Ash Wednesday&#8220; \u00dcbertragung ein. Diese synodenweite Live-Streaming \u00dcbertragung beginnt am 17. Februar 2021 um 18.30 ET auf der Facebook-Seite der &#8222;Eastern Synod&#8220;. Alle Gottesdienstunterlagen wurden bereits auf die Webseite der Eastern Synod\u00a0hochgeladen. Dazu geh\u00f6ren ein Gottesdienstf\u00fchrer und eine Druckversion der&hellip;<\/p>\n","protected":false},"author":8,"featured_media":37481,"comment_status":"closed","ping_status":"closed","sticky":false,"template":"","format":"standard","meta":{"footnotes":""},"categories":[69],"tags":[],"post_series":[],"class_list":["post-37483","post","type-post","status-publish","format-standard","has-post-thumbnail","hentry","category-news-blog-german","entry","has-media"],"yoast_head":"<!-- This site is optimized with the Yoast SEO plugin v27.5 - https:\/\/yoast.com\/product\/yoast-seo-wordpress\/ -->\n<title>Synodenweiter Gottesdienst am Aschermittwoch - Martin Luther Evangelische Kirche Toronto<\/title>\n<meta name=\"robots\" content=\"index, follow, max-snippet:-1, max-image-preview:large, max-video-preview:-1\" \/>\n<link rel=\"canonical\" href=\"https:\/\/martinluther.ca\/2021\/02\/eastern-synod-wide-ash-wednesday-worship\/\" \/>\n<meta property=\"og:locale\" content=\"de_DE\" \/>\n<meta property=\"og:type\" content=\"article\" \/>\n<meta property=\"og:title\" content=\"Synodenweiter Gottesdienst am Aschermittwoch - Martin Luther Evangelische Kirche Toronto\" \/>\n<meta property=\"og:description\" content=\"Liebe FreundInnen, Am Aschermittwoch l\u00e4dt Bischoff Michael J. Pryse (und seine AssistentInnen) zur &#8222;Eastern Synod Ash Wednesday&#8220; \u00dcbertragung ein. Diese synodenweite Live-Streaming \u00dcbertragung beginnt am 17. Februar 2021 um 18.30 ET auf der Facebook-Seite der &#8222;Eastern Synod&#8220;. Alle Gottesdienstunterlagen wurden bereits auf die Webseite der Eastern Synod\u00a0hochgeladen. Dazu geh\u00f6ren ein Gottesdienstf\u00fchrer und eine Druckversion der&hellip;\" \/>\n<meta property=\"og:url\" content=\"https:\/\/martinluther.ca\/2021\/02\/eastern-synod-wide-ash-wednesday-worship\/\" \/>\n<meta property=\"og:site_name\" content=\"Martin Luther Evangelische Kirche Toronto\" \/>\n<meta property=\"article:publisher\" content=\"https:\/\/www.facebook.com\/martinlutherchurchtoronto\" \/>\n<meta property=\"article:published_time\" content=\"2021-02-12T17:52:38+00:00\" \/>\n<meta property=\"article:modified_time\" content=\"2021-02-13T22:10:14+00:00\" \/>\n<meta property=\"og:image\" content=\"https:\/\/martinluther.ca\/wp-content\/uploads\/2021\/02\/Eastern-Synod-Ash-Wednesday.png\" \/>\n\t<meta property=\"og:image:width\" content=\"768\" \/>\n\t<meta property=\"og:image:height\" content=\"644\" \/>\n\t<meta property=\"og:image:type\" content=\"image\/png\" \/>\n<meta name=\"author\" content=\"Marlena Muller\" \/>\n<meta name=\"twitter:card\" content=\"summary_large_image\" \/>\n<meta name=\"twitter:label1\" content=\"Verfasst von\" \/>\n\t<meta name=\"twitter:data1\" content=\"Marlena Muller\" \/>\n\t<meta name=\"twitter:label2\" content=\"Gesch\u00e4tzte Lesezeit\" \/>\n\t<meta name=\"twitter:data2\" content=\"1\u00a0Minute\" \/>\n<script type=\"application\/ld+json\" class=\"yoast-schema-graph\">{\"@context\":\"https:\\\/\\\/schema.org\",\"@graph\":[{\"@type\":\"Article\",\"@id\":\"https:\\\/\\\/martinluther.ca\\\/2021\\\/02\\\/eastern-synod-wide-ash-wednesday-worship\\\/#article\",\"isPartOf\":{\"@id\":\"https:\\\/\\\/martinluther.ca\\\/2021\\\/02\\\/eastern-synod-wide-ash-wednesday-worship\\\/\"},\"author\":{\"name\":\"Marlena Muller\",\"@id\":\"https:\\\/\\\/martinluther.ca\\\/de\\\/#\\\/schema\\\/person\\\/ef4e825f5d9d6fd740bbd7813710e15d\"},\"headline\":\"Synodenweiter Gottesdienst am Aschermittwoch\",\"datePublished\":\"2021-02-12T17:52:38+00:00\",\"dateModified\":\"2021-02-13T22:10:14+00:00\",\"mainEntityOfPage\":{\"@id\":\"https:\\\/\\\/martinluther.ca\\\/2021\\\/02\\\/eastern-synod-wide-ash-wednesday-worship\\\/\"},\"wordCount\":159,\"publisher\":{\"@id\":\"https:\\\/\\\/martinluther.ca\\\/de\\\/#organization\"},\"image\":{\"@id\":\"https:\\\/\\\/martinluther.ca\\\/2021\\\/02\\\/eastern-synod-wide-ash-wednesday-worship\\\/#primaryimage\"},\"thumbnailUrl\":\"https:\\\/\\\/martinluther.ca\\\/wp-content\\\/uploads\\\/2021\\\/02\\\/Eastern-Synod-Ash-Wednesday.png\",\"articleSection\":[\"News Blog - German\"],\"inLanguage\":\"de\"},{\"@type\":\"WebPage\",\"@id\":\"https:\\\/\\\/martinluther.ca\\\/2021\\\/02\\\/eastern-synod-wide-ash-wednesday-worship\\\/\",\"url\":\"https:\\\/\\\/martinluther.ca\\\/2021\\\/02\\\/eastern-synod-wide-ash-wednesday-worship\\\/\",\"name\":\"Synodenweiter Gottesdienst am Aschermittwoch - Martin Luther Evangelische Kirche Toronto\",\"isPartOf\":{\"@id\":\"https:\\\/\\\/martinluther.ca\\\/de\\\/#website\"},\"primaryImageOfPage\":{\"@id\":\"https:\\\/\\\/martinluther.ca\\\/2021\\\/02\\\/eastern-synod-wide-ash-wednesday-worship\\\/#primaryimage\"},\"image\":{\"@id\":\"https:\\\/\\\/martinluther.ca\\\/2021\\\/02\\\/eastern-synod-wide-ash-wednesday-worship\\\/#primaryimage\"},\"thumbnailUrl\":\"https:\\\/\\\/martinluther.ca\\\/wp-content\\\/uploads\\\/2021\\\/02\\\/Eastern-Synod-Ash-Wednesday.png\",\"datePublished\":\"2021-02-12T17:52:38+00:00\",\"dateModified\":\"2021-02-13T22:10:14+00:00\",\"breadcrumb\":{\"@id\":\"https:\\\/\\\/martinluther.ca\\\/2021\\\/02\\\/eastern-synod-wide-ash-wednesday-worship\\\/#breadcrumb\"},\"inLanguage\":\"de\",\"potentialAction\":[{\"@type\":\"ReadAction\",\"target\":[\"https:\\\/\\\/martinluther.ca\\\/2021\\\/02\\\/eastern-synod-wide-ash-wednesday-worship\\\/\"]}]},{\"@type\":\"ImageObject\",\"inLanguage\":\"de\",\"@id\":\"https:\\\/\\\/martinluther.ca\\\/2021\\\/02\\\/eastern-synod-wide-ash-wednesday-worship\\\/#primaryimage\",\"url\":\"https:\\\/\\\/martinluther.ca\\\/wp-content\\\/uploads\\\/2021\\\/02\\\/Eastern-Synod-Ash-Wednesday.png\",\"contentUrl\":\"https:\\\/\\\/martinluther.ca\\\/wp-content\\\/uploads\\\/2021\\\/02\\\/Eastern-Synod-Ash-Wednesday.png\",\"width\":768,\"height\":644,\"caption\":\"Eastern Synod 2021 Ash Wednesday poster\"},{\"@type\":\"BreadcrumbList\",\"@id\":\"https:\\\/\\\/martinluther.ca\\\/2021\\\/02\\\/eastern-synod-wide-ash-wednesday-worship\\\/#breadcrumb\",\"itemListElement\":[{\"@type\":\"ListItem\",\"position\":1,\"name\":\"Home\",\"item\":\"https:\\\/\\\/martinluther.ca\\\/de\\\/\"},{\"@type\":\"ListItem\",\"position\":2,\"name\":\"Synodenweiter Gottesdienst am Aschermittwoch\"}]},{\"@type\":\"WebSite\",\"@id\":\"https:\\\/\\\/martinluther.ca\\\/de\\\/#website\",\"url\":\"https:\\\/\\\/martinluther.ca\\\/de\\\/\",\"name\":\"Martin Luther Evangelical Church Toronto\",\"description\":\"Deutsch &amp; Englisch\",\"publisher\":{\"@id\":\"https:\\\/\\\/martinluther.ca\\\/de\\\/#organization\"},\"potentialAction\":[{\"@type\":\"SearchAction\",\"target\":{\"@type\":\"EntryPoint\",\"urlTemplate\":\"https:\\\/\\\/martinluther.ca\\\/de\\\/?s={search_term_string}\"},\"query-input\":{\"@type\":\"PropertyValueSpecification\",\"valueRequired\":true,\"valueName\":\"search_term_string\"}}],\"inLanguage\":\"de\"},{\"@type\":\"Organization\",\"@id\":\"https:\\\/\\\/martinluther.ca\\\/de\\\/#organization\",\"name\":\"Martin Luther Evangelical Church Toronto\",\"url\":\"https:\\\/\\\/martinluther.ca\\\/de\\\/\",\"logo\":{\"@type\":\"ImageObject\",\"inLanguage\":\"de\",\"@id\":\"https:\\\/\\\/martinluther.ca\\\/de\\\/#\\\/schema\\\/logo\\\/image\\\/\",\"url\":\"https:\\\/\\\/martinluther.ca\\\/wp-content\\\/uploads\\\/2016\\\/12\\\/ml-logo-300.png\",\"contentUrl\":\"https:\\\/\\\/martinluther.ca\\\/wp-content\\\/uploads\\\/2016\\\/12\\\/ml-logo-300.png\",\"width\":300,\"height\":150,\"caption\":\"Martin Luther Evangelical Church Toronto\"},\"image\":{\"@id\":\"https:\\\/\\\/martinluther.ca\\\/de\\\/#\\\/schema\\\/logo\\\/image\\\/\"},\"sameAs\":[\"https:\\\/\\\/www.facebook.com\\\/martinlutherchurchtoronto\",\"https:\\\/\\\/www.instagram.com\\\/lutheransbythelake\\\/\",\"https:\\\/\\\/www.youtube.com\\\/MartinLutherChurchToronto\"]},{\"@type\":\"Person\",\"@id\":\"https:\\\/\\\/martinluther.ca\\\/de\\\/#\\\/schema\\\/person\\\/ef4e825f5d9d6fd740bbd7813710e15d\",\"name\":\"Marlena Muller\",\"image\":{\"@type\":\"ImageObject\",\"inLanguage\":\"de\",\"@id\":\"https:\\\/\\\/secure.gravatar.com\\\/avatar\\\/fe840ff753768b839caa2dd522d4797f19f7e22fa2da83388e0fbfc570b65a37?s=96&d=mm&r=g\",\"url\":\"https:\\\/\\\/secure.gravatar.com\\\/avatar\\\/fe840ff753768b839caa2dd522d4797f19f7e22fa2da83388e0fbfc570b65a37?s=96&d=mm&r=g\",\"contentUrl\":\"https:\\\/\\\/secure.gravatar.com\\\/avatar\\\/fe840ff753768b839caa2dd522d4797f19f7e22fa2da83388e0fbfc570b65a37?s=96&d=mm&r=g\",\"caption\":\"Marlena Muller\"},\"url\":false}]}<\/script>\n<!-- \/ Yoast SEO plugin. -->","yoast_head_json":{"title":"Synodenweiter Gottesdienst am Aschermittwoch - Martin Luther Evangelische Kirche Toronto","robots":{"index":"index","follow":"follow","max-snippet":"max-snippet:-1","max-image-preview":"max-image-preview:large","max-video-preview":"max-video-preview:-1"},"canonical":"https:\/\/martinluther.ca\/2021\/02\/eastern-synod-wide-ash-wednesday-worship\/","og_locale":"de_DE","og_type":"article","og_title":"Synodenweiter Gottesdienst am Aschermittwoch - Martin Luther Evangelische Kirche Toronto","og_description":"Liebe FreundInnen, Am Aschermittwoch l\u00e4dt Bischoff Michael J. Pryse (und seine AssistentInnen) zur &#8222;Eastern Synod Ash Wednesday&#8220; \u00dcbertragung ein. Diese synodenweite Live-Streaming \u00dcbertragung beginnt am 17. Februar 2021 um 18.30 ET auf der Facebook-Seite der &#8222;Eastern Synod&#8220;. Alle Gottesdienstunterlagen wurden bereits auf die Webseite der Eastern Synod\u00a0hochgeladen. Dazu geh\u00f6ren ein Gottesdienstf\u00fchrer und eine Druckversion der&hellip;","og_url":"https:\/\/martinluther.ca\/2021\/02\/eastern-synod-wide-ash-wednesday-worship\/","og_site_name":"Martin Luther Evangelische Kirche Toronto","article_publisher":"https:\/\/www.facebook.com\/martinlutherchurchtoronto","article_published_time":"2021-02-12T17:52:38+00:00","article_modified_time":"2021-02-13T22:10:14+00:00","og_image":[{"width":768,"height":644,"url":"https:\/\/martinluther.ca\/wp-content\/uploads\/2021\/02\/Eastern-Synod-Ash-Wednesday.png","type":"image\/png"}],"author":"Marlena Muller","twitter_card":"summary_large_image","twitter_misc":{"Verfasst von":"Marlena Muller","Gesch\u00e4tzte Lesezeit":"1\u00a0Minute"},"schema":{"@context":"https:\/\/schema.org","@graph":[{"@type":"Article","@id":"https:\/\/martinluther.ca\/2021\/02\/eastern-synod-wide-ash-wednesday-worship\/#article","isPartOf":{"@id":"https:\/\/martinluther.ca\/2021\/02\/eastern-synod-wide-ash-wednesday-worship\/"},"author":{"name":"Marlena Muller","@id":"https:\/\/martinluther.ca\/de\/#\/schema\/person\/ef4e825f5d9d6fd740bbd7813710e15d"},"headline":"Synodenweiter Gottesdienst am Aschermittwoch","datePublished":"2021-02-12T17:52:38+00:00","dateModified":"2021-02-13T22:10:14+00:00","mainEntityOfPage":{"@id":"https:\/\/martinluther.ca\/2021\/02\/eastern-synod-wide-ash-wednesday-worship\/"},"wordCount":159,"publisher":{"@id":"https:\/\/martinluther.ca\/de\/#organization"},"image":{"@id":"https:\/\/martinluther.ca\/2021\/02\/eastern-synod-wide-ash-wednesday-worship\/#primaryimage"},"thumbnailUrl":"https:\/\/martinluther.ca\/wp-content\/uploads\/2021\/02\/Eastern-Synod-Ash-Wednesday.png","articleSection":["News Blog - German"],"inLanguage":"de"},{"@type":"WebPage","@id":"https:\/\/martinluther.ca\/2021\/02\/eastern-synod-wide-ash-wednesday-worship\/","url":"https:\/\/martinluther.ca\/2021\/02\/eastern-synod-wide-ash-wednesday-worship\/","name":"Synodenweiter Gottesdienst am Aschermittwoch - Martin Luther Evangelische Kirche Toronto","isPartOf":{"@id":"https:\/\/martinluther.ca\/de\/#website"},"primaryImageOfPage":{"@id":"https:\/\/martinluther.ca\/2021\/02\/eastern-synod-wide-ash-wednesday-worship\/#primaryimage"},"image":{"@id":"https:\/\/martinluther.ca\/2021\/02\/eastern-synod-wide-ash-wednesday-worship\/#primaryimage"},"thumbnailUrl":"https:\/\/martinluther.ca\/wp-content\/uploads\/2021\/02\/Eastern-Synod-Ash-Wednesday.png","datePublished":"2021-02-12T17:52:38+00:00","dateModified":"2021-02-13T22:10:14+00:00","breadcrumb":{"@id":"https:\/\/martinluther.ca\/2021\/02\/eastern-synod-wide-ash-wednesday-worship\/#breadcrumb"},"inLanguage":"de","potentialAction":[{"@type":"ReadAction","target":["https:\/\/martinluther.ca\/2021\/02\/eastern-synod-wide-ash-wednesday-worship\/"]}]},{"@type":"ImageObject","inLanguage":"de","@id":"https:\/\/martinluther.ca\/2021\/02\/eastern-synod-wide-ash-wednesday-worship\/#primaryimage","url":"https:\/\/martinluther.ca\/wp-content\/uploads\/2021\/02\/Eastern-Synod-Ash-Wednesday.png","contentUrl":"https:\/\/martinluther.ca\/wp-content\/uploads\/2021\/02\/Eastern-Synod-Ash-Wednesday.png","width":768,"height":644,"caption":"Eastern Synod 2021 Ash Wednesday poster"},{"@type":"BreadcrumbList","@id":"https:\/\/martinluther.ca\/2021\/02\/eastern-synod-wide-ash-wednesday-worship\/#breadcrumb","itemListElement":[{"@type":"ListItem","position":1,"name":"Home","item":"https:\/\/martinluther.ca\/de\/"},{"@type":"ListItem","position":2,"name":"Synodenweiter Gottesdienst am Aschermittwoch"}]},{"@type":"WebSite","@id":"https:\/\/martinluther.ca\/de\/#website","url":"https:\/\/martinluther.ca\/de\/","name":"Martin Luther Evangelical Church Toronto","description":"Deutsch &amp; Englisch","publisher":{"@id":"https:\/\/martinluther.ca\/de\/#organization"},"potentialAction":[{"@type":"SearchAction","target":{"@type":"EntryPoint","urlTemplate":"https:\/\/martinluther.ca\/de\/?s={search_term_string}"},"query-input":{"@type":"PropertyValueSpecification","valueRequired":true,"valueName":"search_term_string"}}],"inLanguage":"de"},{"@type":"Organization","@id":"https:\/\/martinluther.ca\/de\/#organization","name":"Martin Luther Evangelical Church Toronto","url":"https:\/\/martinluther.ca\/de\/","logo":{"@type":"ImageObject","inLanguage":"de","@id":"https:\/\/martinluther.ca\/de\/#\/schema\/logo\/image\/","url":"https:\/\/martinluther.ca\/wp-content\/uploads\/2016\/12\/ml-logo-300.png","contentUrl":"https:\/\/martinluther.ca\/wp-content\/uploads\/2016\/12\/ml-logo-300.png","width":300,"height":150,"caption":"Martin Luther Evangelical Church Toronto"},"image":{"@id":"https:\/\/martinluther.ca\/de\/#\/schema\/logo\/image\/"},"sameAs":["https:\/\/www.facebook.com\/martinlutherchurchtoronto","https:\/\/www.instagram.com\/lutheransbythelake\/","https:\/\/www.youtube.com\/MartinLutherChurchToronto"]},{"@type":"Person","@id":"https:\/\/martinluther.ca\/de\/#\/schema\/person\/ef4e825f5d9d6fd740bbd7813710e15d","name":"Marlena Muller","image":{"@type":"ImageObject","inLanguage":"de","@id":"https:\/\/secure.gravatar.com\/avatar\/fe840ff753768b839caa2dd522d4797f19f7e22fa2da83388e0fbfc570b65a37?s=96&d=mm&r=g","url":"https:\/\/secure.gravatar.com\/avatar\/fe840ff753768b839caa2dd522d4797f19f7e22fa2da83388e0fbfc570b65a37?s=96&d=mm&r=g","contentUrl":"https:\/\/secure.gravatar.com\/avatar\/fe840ff753768b839caa2dd522d4797f19f7e22fa2da83388e0fbfc570b65a37?s=96&d=mm&r=g","caption":"Marlena Muller"},"url":false}]}},"_links":{"self":[{"href":"https:\/\/martinluther.ca\/de\/wp-json\/wp\/v2\/posts\/37483","targetHints":{"allow":["GET"]}}],"collection":[{"href":"https:\/\/martinluther.ca\/de\/wp-json\/wp\/v2\/posts"}],"about":[{"href":"https:\/\/martinluther.ca\/de\/wp-json\/wp\/v2\/types\/post"}],"author":[{"embeddable":true,"href":"https:\/\/martinluther.ca\/de\/wp-json\/wp\/v2\/users\/8"}],"replies":[{"embeddable":true,"href":"https:\/\/martinluther.ca\/de\/wp-json\/wp\/v2\/comments?post=37483"}],"version-history":[{"count":6,"href":"https:\/\/martinluther.ca\/de\/wp-json\/wp\/v2\/posts\/37483\/revisions"}],"predecessor-version":[{"id":37505,"href":"https:\/\/martinluther.ca\/de\/wp-json\/wp\/v2\/posts\/37483\/revisions\/37505"}],"wp:featuredmedia":[{"embeddable":true,"href":"https:\/\/martinluther.ca\/de\/wp-json\/wp\/v2\/media\/37481"}],"wp:attachment":[{"href":"https:\/\/martinluther.ca\/de\/wp-json\/wp\/v2\/media?parent=37483"}],"wp:term":[{"taxonomy":"category","embeddable":true,"href":"https:\/\/martinluther.ca\/de\/wp-json\/wp\/v2\/categories?post=37483"},{"taxonomy":"post_tag","embeddable":true,"href":"https:\/\/martinluther.ca\/de\/wp-json\/wp\/v2\/tags?post=37483"},{"taxonomy":"post_series","embeddable":true,"href":"https:\/\/martinluther.ca\/de\/wp-json\/wp\/v2\/post_series?post=37483"}],"curies":[{"name":"wp","href":"https:\/\/api.w.org\/{rel}","templated":true}]}}