{"id":37587,"date":"2021-02-25T20:36:25","date_gmt":"2021-02-26T01:36:25","guid":{"rendered":"https:\/\/martinluther.ca\/?p=37587"},"modified":"2021-03-04T20:28:45","modified_gmt":"2021-03-05T01:28:45","slug":"weltgebetstaggottesdienst-5-maerz-2021-um-11-00-uhr-auf-zoom","status":"publish","type":"post","link":"https:\/\/martinluther.ca\/de\/2021\/02\/weltgebetstaggottesdienst-5-maerz-2021-um-11-00-uhr-auf-zoom\/","title":{"rendered":"Weltgebetstaggottesdienst 5. M\u00e4rz 2021 um 11.00 Uhr auf Zoom"},"content":{"rendered":"<figure id=\"attachment_37625\" aria-describedby=\"caption-attachment-37625\" style=\"width: 207px\" class=\"wp-caption alignright\"><img loading=\"lazy\" decoding=\"async\" class=\"wp-image-37625 size-medium\" src=\"https:\/\/martinluther.ca\/wp-content\/uploads\/2021\/03\/Vanuatu-Artist-2021-207x300.jpg\" alt=\"Vanuatu Artist 2021\" width=\"207\" height=\"300\" srcset=\"https:\/\/martinluther.ca\/wp-content\/uploads\/2021\/03\/Vanuatu-Artist-2021-207x300.jpg 207w, https:\/\/martinluther.ca\/wp-content\/uploads\/2021\/03\/Vanuatu-Artist-2021.jpg 380w\" sizes=\"auto, (max-width: 207px) 100vw, 207px\" \/><figcaption id=\"caption-attachment-37625\" class=\"wp-caption-text\">This artwork by Juliette Pita depicts a mother praying and sheltering her child under a tree with strong roots during a cyclone.<\/figcaption><\/figure>\n<p>In diesem Jahr feiern wir das Land Vanuatu und das Thema lautet \u201eAuf einem starken Fundament aufbauen\u201c.<\/p>\n<p>Herzliche Einladung zum deutschen <strong>Zoom-Weltgebetstagsgottesdienst am Freitag, den 5. M\u00e4rz 2021 um 11.00 Uhr.<\/strong>\u00a0Mitglieder der deutschen Gemeinden in Toronto haben diesen Gottesdienst vorbereitet und wir freuen uns, wenn Ihr teilnehmen k\u00f6nnt.<\/p>\n<p>Weltgebetstaggottesdienst um 11.00 Uhr auf Zoom, geleitet von First Lutheran und St. Georges Kirchen. Wenden Sie sich an Marlena im Kirchenb\u00fcro, um den Link zu erhalten:\u00a0 (416) 251-8293, <a href=\"mailto:churchoffice@martinluther.ca\">churchoffice@martinluther.ca<\/a><\/p>\n<p>Bitte spenden Sie an den <strong>Women&#8217;s Inter-Church Council of Canada<\/strong> (WICC), indem Sie Schecks an 47 Queen&#8217;s Park Crescent East, Toronto, ON M5S 2C3 senden oder den Spenden-Button auf der Website <a href=\"https:\/\/wicc.org\" target=\"_blank\" rel=\"noopener\">https:\/\/wicc.org<\/a> verwenden.<\/p>\n<p>Das englische Treffen am <strong>Freitag, dem 5. M\u00e4rz 2021, um 11:00 Uhr, das von Wesley Mimico United Church veranstaltet<\/strong> wird, wird eine einst\u00fcndige Videopr\u00e4sentation beinhalten, die vom Women\u2019s Inter-Church Council (WICC) vorbereitet wird, gefolgt von einer halbst\u00fcndigen Gemeinschaft und Diskussion.<\/p>\n<p>******************************<\/p>\n<p><strong>Vanuatu<\/strong> liegt weit drau\u00dfen im Pazifik. Es besteht aus 83 Inseln. Viele sind vom steigenden Meeresspiegel bedroht. Die Korallenriffe vor der K\u00fcste bleichen, die Zyklone, die dort saisonal auftreten, werden heftiger, an den Str\u00e4nden wird Plastikm\u00fcll aus dem Meer angeschwemmt.<\/p>\n<p>Das Gleichnis vom Hausbau auf festem Grund (Matth\u00e4us 7, 24-27) steht im Mittelpunkt des Gottesdienstes.<\/p>\n<p>Das wirkt auf den ersten Blick verbl\u00fcffend in diesem Land, wo der vulkanische Untergrund sich sowieso st\u00e4ndig bewegt \u2013 und wo die St\u00fcrme nun wahrhaftig nicht aufgrund des Lebensstils der Ni-Vanuatu heftiger werden. Das Gleichnis h\u00e4lt uns hier in der \u201ewestlichen Welt\u201c den Spiegel vor \u2013 den Frauen dort gleichsam in den Mund gelegt, die uns fragen: Worauf baut ihr? Wie k\u00f6nnt ihr nachhaltiger leben? Was seid ihr bereit, in eurem Leben zu \u00e4ndern, damit wir leben k\u00f6nnen?<\/p>\n","protected":false},"excerpt":{"rendered":"<p>In diesem Jahr feiern wir das Land Vanuatu und das Thema lautet \u201eAuf einem starken Fundament aufbauen\u201c. Herzliche Einladung zum deutschen Zoom-Weltgebetstagsgottesdienst am Freitag, den 5. M\u00e4rz 2021 um 11.00 Uhr.\u00a0Mitglieder der deutschen Gemeinden in Toronto haben diesen Gottesdienst vorbereitet und wir freuen uns, wenn Ihr teilnehmen k\u00f6nnt. Weltgebetstaggottesdienst um 11.00 Uhr auf Zoom, geleitet&hellip;<\/p>\n","protected":false},"author":9,"featured_media":37594,"comment_status":"closed","ping_status":"closed","sticky":false,"template":"","format":"standard","meta":{"footnotes":""},"categories":[69],"tags":[],"post_series":[],"class_list":["post-37587","post","type-post","status-publish","format-standard","has-post-thumbnail","hentry","category-news-blog-german","entry","has-media"],"yoast_head":"<!-- This site is optimized with the Yoast SEO plugin v27.5 - https:\/\/yoast.com\/product\/yoast-seo-wordpress\/ -->\n<title>Weltgebetstaggottesdienst 5. M\u00e4rz 2021 um 11.00 Uhr auf Zoom - Martin Luther Evangelische Kirche Toronto<\/title>\n<meta name=\"robots\" content=\"index, follow, max-snippet:-1, max-image-preview:large, max-video-preview:-1\" \/>\n<link rel=\"canonical\" href=\"https:\/\/martinluther.ca\/de\/2021\/02\/weltgebetstaggottesdienst-5-maerz-2021-um-11-00-uhr-auf-zoom\/\" \/>\n<meta property=\"og:locale\" content=\"de_DE\" \/>\n<meta property=\"og:type\" content=\"article\" \/>\n<meta property=\"og:title\" content=\"Weltgebetstaggottesdienst 5. M\u00e4rz 2021 um 11.00 Uhr auf Zoom - Martin Luther Evangelische Kirche Toronto\" \/>\n<meta property=\"og:description\" content=\"In diesem Jahr feiern wir das Land Vanuatu und das Thema lautet \u201eAuf einem starken Fundament aufbauen\u201c. Herzliche Einladung zum deutschen Zoom-Weltgebetstagsgottesdienst am Freitag, den 5. M\u00e4rz 2021 um 11.00 Uhr.\u00a0Mitglieder der deutschen Gemeinden in Toronto haben diesen Gottesdienst vorbereitet und wir freuen uns, wenn Ihr teilnehmen k\u00f6nnt. Weltgebetstaggottesdienst um 11.00 Uhr auf Zoom, geleitet&hellip;\" \/>\n<meta property=\"og:url\" content=\"https:\/\/martinluther.ca\/de\/2021\/02\/weltgebetstaggottesdienst-5-maerz-2021-um-11-00-uhr-auf-zoom\/\" \/>\n<meta property=\"og:site_name\" content=\"Martin Luther Evangelische Kirche Toronto\" \/>\n<meta property=\"article:publisher\" content=\"https:\/\/www.facebook.com\/martinlutherchurchtoronto\" \/>\n<meta property=\"article:published_time\" content=\"2021-02-26T01:36:25+00:00\" \/>\n<meta property=\"article:modified_time\" content=\"2021-03-05T01:28:45+00:00\" \/>\n<meta property=\"og:image\" content=\"https:\/\/martinluther.ca\/wp-content\/uploads\/2021\/02\/2021-Weltgebetstag-posterG.jpg\" \/>\n\t<meta property=\"og:image:width\" content=\"1280\" \/>\n\t<meta property=\"og:image:height\" content=\"720\" \/>\n\t<meta property=\"og:image:type\" content=\"image\/jpeg\" \/>\n<meta name=\"author\" content=\"Mona Kakoschke Frantzke\" \/>\n<meta name=\"twitter:card\" content=\"summary_large_image\" \/>\n<meta name=\"twitter:label1\" content=\"Verfasst von\" \/>\n\t<meta name=\"twitter:data1\" content=\"Mona Kakoschke Frantzke\" \/>\n\t<meta name=\"twitter:label2\" content=\"Gesch\u00e4tzte Lesezeit\" \/>\n\t<meta name=\"twitter:data2\" content=\"2\u00a0Minuten\" \/>\n<script type=\"application\/ld+json\" class=\"yoast-schema-graph\">{\"@context\":\"https:\\\/\\\/schema.org\",\"@graph\":[{\"@type\":\"Article\",\"@id\":\"https:\\\/\\\/martinluther.ca\\\/de\\\/2021\\\/02\\\/weltgebetstaggottesdienst-5-maerz-2021-um-11-00-uhr-auf-zoom\\\/#article\",\"isPartOf\":{\"@id\":\"https:\\\/\\\/martinluther.ca\\\/de\\\/2021\\\/02\\\/weltgebetstaggottesdienst-5-maerz-2021-um-11-00-uhr-auf-zoom\\\/\"},\"author\":{\"name\":\"Mona Kakoschke Frantzke\",\"@id\":\"https:\\\/\\\/martinluther.ca\\\/de\\\/#\\\/schema\\\/person\\\/815c51710f70b050f0476f18da6b0c8f\"},\"headline\":\"Weltgebetstaggottesdienst 5. M\u00e4rz 2021 um 11.00 Uhr auf Zoom\",\"datePublished\":\"2021-02-26T01:36:25+00:00\",\"dateModified\":\"2021-03-05T01:28:45+00:00\",\"mainEntityOfPage\":{\"@id\":\"https:\\\/\\\/martinluther.ca\\\/de\\\/2021\\\/02\\\/weltgebetstaggottesdienst-5-maerz-2021-um-11-00-uhr-auf-zoom\\\/\"},\"wordCount\":333,\"publisher\":{\"@id\":\"https:\\\/\\\/martinluther.ca\\\/de\\\/#organization\"},\"image\":{\"@id\":\"https:\\\/\\\/martinluther.ca\\\/de\\\/2021\\\/02\\\/weltgebetstaggottesdienst-5-maerz-2021-um-11-00-uhr-auf-zoom\\\/#primaryimage\"},\"thumbnailUrl\":\"https:\\\/\\\/martinluther.ca\\\/wp-content\\\/uploads\\\/2021\\\/02\\\/2021-Weltgebetstag-posterG.jpg\",\"articleSection\":[\"News Blog - German\"],\"inLanguage\":\"de\"},{\"@type\":\"WebPage\",\"@id\":\"https:\\\/\\\/martinluther.ca\\\/de\\\/2021\\\/02\\\/weltgebetstaggottesdienst-5-maerz-2021-um-11-00-uhr-auf-zoom\\\/\",\"url\":\"https:\\\/\\\/martinluther.ca\\\/de\\\/2021\\\/02\\\/weltgebetstaggottesdienst-5-maerz-2021-um-11-00-uhr-auf-zoom\\\/\",\"name\":\"Weltgebetstaggottesdienst 5. M\u00e4rz 2021 um 11.00 Uhr auf Zoom - Martin Luther Evangelische Kirche Toronto\",\"isPartOf\":{\"@id\":\"https:\\\/\\\/martinluther.ca\\\/de\\\/#website\"},\"primaryImageOfPage\":{\"@id\":\"https:\\\/\\\/martinluther.ca\\\/de\\\/2021\\\/02\\\/weltgebetstaggottesdienst-5-maerz-2021-um-11-00-uhr-auf-zoom\\\/#primaryimage\"},\"image\":{\"@id\":\"https:\\\/\\\/martinluther.ca\\\/de\\\/2021\\\/02\\\/weltgebetstaggottesdienst-5-maerz-2021-um-11-00-uhr-auf-zoom\\\/#primaryimage\"},\"thumbnailUrl\":\"https:\\\/\\\/martinluther.ca\\\/wp-content\\\/uploads\\\/2021\\\/02\\\/2021-Weltgebetstag-posterG.jpg\",\"datePublished\":\"2021-02-26T01:36:25+00:00\",\"dateModified\":\"2021-03-05T01:28:45+00:00\",\"breadcrumb\":{\"@id\":\"https:\\\/\\\/martinluther.ca\\\/de\\\/2021\\\/02\\\/weltgebetstaggottesdienst-5-maerz-2021-um-11-00-uhr-auf-zoom\\\/#breadcrumb\"},\"inLanguage\":\"de\",\"potentialAction\":[{\"@type\":\"ReadAction\",\"target\":[\"https:\\\/\\\/martinluther.ca\\\/de\\\/2021\\\/02\\\/weltgebetstaggottesdienst-5-maerz-2021-um-11-00-uhr-auf-zoom\\\/\"]}]},{\"@type\":\"ImageObject\",\"inLanguage\":\"de\",\"@id\":\"https:\\\/\\\/martinluther.ca\\\/de\\\/2021\\\/02\\\/weltgebetstaggottesdienst-5-maerz-2021-um-11-00-uhr-auf-zoom\\\/#primaryimage\",\"url\":\"https:\\\/\\\/martinluther.ca\\\/wp-content\\\/uploads\\\/2021\\\/02\\\/2021-Weltgebetstag-posterG.jpg\",\"contentUrl\":\"https:\\\/\\\/martinluther.ca\\\/wp-content\\\/uploads\\\/2021\\\/02\\\/2021-Weltgebetstag-posterG.jpg\",\"width\":1280,\"height\":720,\"caption\":\"2021 Weltgebetstag - posterG\"},{\"@type\":\"BreadcrumbList\",\"@id\":\"https:\\\/\\\/martinluther.ca\\\/de\\\/2021\\\/02\\\/weltgebetstaggottesdienst-5-maerz-2021-um-11-00-uhr-auf-zoom\\\/#breadcrumb\",\"itemListElement\":[{\"@type\":\"ListItem\",\"position\":1,\"name\":\"Home\",\"item\":\"https:\\\/\\\/martinluther.ca\\\/de\\\/\"},{\"@type\":\"ListItem\",\"position\":2,\"name\":\"Weltgebetstaggottesdienst 5. M\u00e4rz 2021 um 11.00 Uhr auf Zoom\"}]},{\"@type\":\"WebSite\",\"@id\":\"https:\\\/\\\/martinluther.ca\\\/de\\\/#website\",\"url\":\"https:\\\/\\\/martinluther.ca\\\/de\\\/\",\"name\":\"Martin Luther Evangelical Church Toronto\",\"description\":\"Deutsch &amp; Englisch\",\"publisher\":{\"@id\":\"https:\\\/\\\/martinluther.ca\\\/de\\\/#organization\"},\"potentialAction\":[{\"@type\":\"SearchAction\",\"target\":{\"@type\":\"EntryPoint\",\"urlTemplate\":\"https:\\\/\\\/martinluther.ca\\\/de\\\/?s={search_term_string}\"},\"query-input\":{\"@type\":\"PropertyValueSpecification\",\"valueRequired\":true,\"valueName\":\"search_term_string\"}}],\"inLanguage\":\"de\"},{\"@type\":\"Organization\",\"@id\":\"https:\\\/\\\/martinluther.ca\\\/de\\\/#organization\",\"name\":\"Martin Luther Evangelical Church Toronto\",\"url\":\"https:\\\/\\\/martinluther.ca\\\/de\\\/\",\"logo\":{\"@type\":\"ImageObject\",\"inLanguage\":\"de\",\"@id\":\"https:\\\/\\\/martinluther.ca\\\/de\\\/#\\\/schema\\\/logo\\\/image\\\/\",\"url\":\"https:\\\/\\\/martinluther.ca\\\/wp-content\\\/uploads\\\/2016\\\/12\\\/ml-logo-300.png\",\"contentUrl\":\"https:\\\/\\\/martinluther.ca\\\/wp-content\\\/uploads\\\/2016\\\/12\\\/ml-logo-300.png\",\"width\":300,\"height\":150,\"caption\":\"Martin Luther Evangelical Church Toronto\"},\"image\":{\"@id\":\"https:\\\/\\\/martinluther.ca\\\/de\\\/#\\\/schema\\\/logo\\\/image\\\/\"},\"sameAs\":[\"https:\\\/\\\/www.facebook.com\\\/martinlutherchurchtoronto\",\"https:\\\/\\\/www.instagram.com\\\/lutheransbythelake\\\/\",\"https:\\\/\\\/www.youtube.com\\\/MartinLutherChurchToronto\"]},{\"@type\":\"Person\",\"@id\":\"https:\\\/\\\/martinluther.ca\\\/de\\\/#\\\/schema\\\/person\\\/815c51710f70b050f0476f18da6b0c8f\",\"name\":\"Mona Kakoschke Frantzke\",\"image\":{\"@type\":\"ImageObject\",\"inLanguage\":\"de\",\"@id\":\"https:\\\/\\\/secure.gravatar.com\\\/avatar\\\/0deb16854ca545cd2e9fc8001ca110d262b80d5c8317b38dc542265fbea0ed19?s=96&d=mm&r=g\",\"url\":\"https:\\\/\\\/secure.gravatar.com\\\/avatar\\\/0deb16854ca545cd2e9fc8001ca110d262b80d5c8317b38dc542265fbea0ed19?s=96&d=mm&r=g\",\"contentUrl\":\"https:\\\/\\\/secure.gravatar.com\\\/avatar\\\/0deb16854ca545cd2e9fc8001ca110d262b80d5c8317b38dc542265fbea0ed19?s=96&d=mm&r=g\",\"caption\":\"Mona Kakoschke Frantzke\"},\"url\":false}]}<\/script>\n<!-- \/ Yoast SEO plugin. -->","yoast_head_json":{"title":"Weltgebetstaggottesdienst 5. M\u00e4rz 2021 um 11.00 Uhr auf Zoom - Martin Luther Evangelische Kirche Toronto","robots":{"index":"index","follow":"follow","max-snippet":"max-snippet:-1","max-image-preview":"max-image-preview:large","max-video-preview":"max-video-preview:-1"},"canonical":"https:\/\/martinluther.ca\/de\/2021\/02\/weltgebetstaggottesdienst-5-maerz-2021-um-11-00-uhr-auf-zoom\/","og_locale":"de_DE","og_type":"article","og_title":"Weltgebetstaggottesdienst 5. M\u00e4rz 2021 um 11.00 Uhr auf Zoom - Martin Luther Evangelische Kirche Toronto","og_description":"In diesem Jahr feiern wir das Land Vanuatu und das Thema lautet \u201eAuf einem starken Fundament aufbauen\u201c. Herzliche Einladung zum deutschen Zoom-Weltgebetstagsgottesdienst am Freitag, den 5. M\u00e4rz 2021 um 11.00 Uhr.\u00a0Mitglieder der deutschen Gemeinden in Toronto haben diesen Gottesdienst vorbereitet und wir freuen uns, wenn Ihr teilnehmen k\u00f6nnt. Weltgebetstaggottesdienst um 11.00 Uhr auf Zoom, geleitet&hellip;","og_url":"https:\/\/martinluther.ca\/de\/2021\/02\/weltgebetstaggottesdienst-5-maerz-2021-um-11-00-uhr-auf-zoom\/","og_site_name":"Martin Luther Evangelische Kirche Toronto","article_publisher":"https:\/\/www.facebook.com\/martinlutherchurchtoronto","article_published_time":"2021-02-26T01:36:25+00:00","article_modified_time":"2021-03-05T01:28:45+00:00","og_image":[{"width":1280,"height":720,"url":"https:\/\/martinluther.ca\/wp-content\/uploads\/2021\/02\/2021-Weltgebetstag-posterG.jpg","type":"image\/jpeg"}],"author":"Mona Kakoschke Frantzke","twitter_card":"summary_large_image","twitter_misc":{"Verfasst von":"Mona Kakoschke Frantzke","Gesch\u00e4tzte Lesezeit":"2\u00a0Minuten"},"schema":{"@context":"https:\/\/schema.org","@graph":[{"@type":"Article","@id":"https:\/\/martinluther.ca\/de\/2021\/02\/weltgebetstaggottesdienst-5-maerz-2021-um-11-00-uhr-auf-zoom\/#article","isPartOf":{"@id":"https:\/\/martinluther.ca\/de\/2021\/02\/weltgebetstaggottesdienst-5-maerz-2021-um-11-00-uhr-auf-zoom\/"},"author":{"name":"Mona Kakoschke Frantzke","@id":"https:\/\/martinluther.ca\/de\/#\/schema\/person\/815c51710f70b050f0476f18da6b0c8f"},"headline":"Weltgebetstaggottesdienst 5. M\u00e4rz 2021 um 11.00 Uhr auf Zoom","datePublished":"2021-02-26T01:36:25+00:00","dateModified":"2021-03-05T01:28:45+00:00","mainEntityOfPage":{"@id":"https:\/\/martinluther.ca\/de\/2021\/02\/weltgebetstaggottesdienst-5-maerz-2021-um-11-00-uhr-auf-zoom\/"},"wordCount":333,"publisher":{"@id":"https:\/\/martinluther.ca\/de\/#organization"},"image":{"@id":"https:\/\/martinluther.ca\/de\/2021\/02\/weltgebetstaggottesdienst-5-maerz-2021-um-11-00-uhr-auf-zoom\/#primaryimage"},"thumbnailUrl":"https:\/\/martinluther.ca\/wp-content\/uploads\/2021\/02\/2021-Weltgebetstag-posterG.jpg","articleSection":["News Blog - German"],"inLanguage":"de"},{"@type":"WebPage","@id":"https:\/\/martinluther.ca\/de\/2021\/02\/weltgebetstaggottesdienst-5-maerz-2021-um-11-00-uhr-auf-zoom\/","url":"https:\/\/martinluther.ca\/de\/2021\/02\/weltgebetstaggottesdienst-5-maerz-2021-um-11-00-uhr-auf-zoom\/","name":"Weltgebetstaggottesdienst 5. M\u00e4rz 2021 um 11.00 Uhr auf Zoom - Martin Luther Evangelische Kirche Toronto","isPartOf":{"@id":"https:\/\/martinluther.ca\/de\/#website"},"primaryImageOfPage":{"@id":"https:\/\/martinluther.ca\/de\/2021\/02\/weltgebetstaggottesdienst-5-maerz-2021-um-11-00-uhr-auf-zoom\/#primaryimage"},"image":{"@id":"https:\/\/martinluther.ca\/de\/2021\/02\/weltgebetstaggottesdienst-5-maerz-2021-um-11-00-uhr-auf-zoom\/#primaryimage"},"thumbnailUrl":"https:\/\/martinluther.ca\/wp-content\/uploads\/2021\/02\/2021-Weltgebetstag-posterG.jpg","datePublished":"2021-02-26T01:36:25+00:00","dateModified":"2021-03-05T01:28:45+00:00","breadcrumb":{"@id":"https:\/\/martinluther.ca\/de\/2021\/02\/weltgebetstaggottesdienst-5-maerz-2021-um-11-00-uhr-auf-zoom\/#breadcrumb"},"inLanguage":"de","potentialAction":[{"@type":"ReadAction","target":["https:\/\/martinluther.ca\/de\/2021\/02\/weltgebetstaggottesdienst-5-maerz-2021-um-11-00-uhr-auf-zoom\/"]}]},{"@type":"ImageObject","inLanguage":"de","@id":"https:\/\/martinluther.ca\/de\/2021\/02\/weltgebetstaggottesdienst-5-maerz-2021-um-11-00-uhr-auf-zoom\/#primaryimage","url":"https:\/\/martinluther.ca\/wp-content\/uploads\/2021\/02\/2021-Weltgebetstag-posterG.jpg","contentUrl":"https:\/\/martinluther.ca\/wp-content\/uploads\/2021\/02\/2021-Weltgebetstag-posterG.jpg","width":1280,"height":720,"caption":"2021 Weltgebetstag - posterG"},{"@type":"BreadcrumbList","@id":"https:\/\/martinluther.ca\/de\/2021\/02\/weltgebetstaggottesdienst-5-maerz-2021-um-11-00-uhr-auf-zoom\/#breadcrumb","itemListElement":[{"@type":"ListItem","position":1,"name":"Home","item":"https:\/\/martinluther.ca\/de\/"},{"@type":"ListItem","position":2,"name":"Weltgebetstaggottesdienst 5. M\u00e4rz 2021 um 11.00 Uhr auf Zoom"}]},{"@type":"WebSite","@id":"https:\/\/martinluther.ca\/de\/#website","url":"https:\/\/martinluther.ca\/de\/","name":"Martin Luther Evangelical Church Toronto","description":"Deutsch &amp; Englisch","publisher":{"@id":"https:\/\/martinluther.ca\/de\/#organization"},"potentialAction":[{"@type":"SearchAction","target":{"@type":"EntryPoint","urlTemplate":"https:\/\/martinluther.ca\/de\/?s={search_term_string}"},"query-input":{"@type":"PropertyValueSpecification","valueRequired":true,"valueName":"search_term_string"}}],"inLanguage":"de"},{"@type":"Organization","@id":"https:\/\/martinluther.ca\/de\/#organization","name":"Martin Luther Evangelical Church Toronto","url":"https:\/\/martinluther.ca\/de\/","logo":{"@type":"ImageObject","inLanguage":"de","@id":"https:\/\/martinluther.ca\/de\/#\/schema\/logo\/image\/","url":"https:\/\/martinluther.ca\/wp-content\/uploads\/2016\/12\/ml-logo-300.png","contentUrl":"https:\/\/martinluther.ca\/wp-content\/uploads\/2016\/12\/ml-logo-300.png","width":300,"height":150,"caption":"Martin Luther Evangelical Church Toronto"},"image":{"@id":"https:\/\/martinluther.ca\/de\/#\/schema\/logo\/image\/"},"sameAs":["https:\/\/www.facebook.com\/martinlutherchurchtoronto","https:\/\/www.instagram.com\/lutheransbythelake\/","https:\/\/www.youtube.com\/MartinLutherChurchToronto"]},{"@type":"Person","@id":"https:\/\/martinluther.ca\/de\/#\/schema\/person\/815c51710f70b050f0476f18da6b0c8f","name":"Mona Kakoschke Frantzke","image":{"@type":"ImageObject","inLanguage":"de","@id":"https:\/\/secure.gravatar.com\/avatar\/0deb16854ca545cd2e9fc8001ca110d262b80d5c8317b38dc542265fbea0ed19?s=96&d=mm&r=g","url":"https:\/\/secure.gravatar.com\/avatar\/0deb16854ca545cd2e9fc8001ca110d262b80d5c8317b38dc542265fbea0ed19?s=96&d=mm&r=g","contentUrl":"https:\/\/secure.gravatar.com\/avatar\/0deb16854ca545cd2e9fc8001ca110d262b80d5c8317b38dc542265fbea0ed19?s=96&d=mm&r=g","caption":"Mona Kakoschke Frantzke"},"url":false}]}},"_links":{"self":[{"href":"https:\/\/martinluther.ca\/de\/wp-json\/wp\/v2\/posts\/37587","targetHints":{"allow":["GET"]}}],"collection":[{"href":"https:\/\/martinluther.ca\/de\/wp-json\/wp\/v2\/posts"}],"about":[{"href":"https:\/\/martinluther.ca\/de\/wp-json\/wp\/v2\/types\/post"}],"author":[{"embeddable":true,"href":"https:\/\/martinluther.ca\/de\/wp-json\/wp\/v2\/users\/9"}],"replies":[{"embeddable":true,"href":"https:\/\/martinluther.ca\/de\/wp-json\/wp\/v2\/comments?post=37587"}],"version-history":[{"count":7,"href":"https:\/\/martinluther.ca\/de\/wp-json\/wp\/v2\/posts\/37587\/revisions"}],"predecessor-version":[{"id":37630,"href":"https:\/\/martinluther.ca\/de\/wp-json\/wp\/v2\/posts\/37587\/revisions\/37630"}],"wp:featuredmedia":[{"embeddable":true,"href":"https:\/\/martinluther.ca\/de\/wp-json\/wp\/v2\/media\/37594"}],"wp:attachment":[{"href":"https:\/\/martinluther.ca\/de\/wp-json\/wp\/v2\/media?parent=37587"}],"wp:term":[{"taxonomy":"category","embeddable":true,"href":"https:\/\/martinluther.ca\/de\/wp-json\/wp\/v2\/categories?post=37587"},{"taxonomy":"post_tag","embeddable":true,"href":"https:\/\/martinluther.ca\/de\/wp-json\/wp\/v2\/tags?post=37587"},{"taxonomy":"post_series","embeddable":true,"href":"https:\/\/martinluther.ca\/de\/wp-json\/wp\/v2\/post_series?post=37587"}],"curies":[{"name":"wp","href":"https:\/\/api.w.org\/{rel}","templated":true}]}}