{"id":37869,"date":"2021-03-27T14:06:28","date_gmt":"2021-03-27T18:06:28","guid":{"rendered":"https:\/\/martinluther.ca\/?p=37869"},"modified":"2021-04-12T18:39:33","modified_gmt":"2021-04-12T22:39:33","slug":"karwoche-und-ostern-2021-gottesdienstplan","status":"publish","type":"post","link":"https:\/\/martinluther.ca\/de\/2021\/03\/karwoche-und-ostern-2021-gottesdienstplan\/","title":{"rendered":"Karwoche und Ostern 2021 Gottesdienstplan"},"content":{"rendered":"<p><img loading=\"lazy\" decoding=\"async\" class=\"alignleft size-full wp-image-37860\" src=\"https:\/\/martinluther.ca\/wp-content\/uploads\/2021\/03\/Gemeindebrief-Schedule-fuer-Ostern-2021.jpg\" alt=\"Gemeindebrief Schedule fuer Ostern 2021\" width=\"1027\" height=\"771\" srcset=\"https:\/\/martinluther.ca\/wp-content\/uploads\/2021\/03\/Gemeindebrief-Schedule-fuer-Ostern-2021.jpg 1027w, https:\/\/martinluther.ca\/wp-content\/uploads\/2021\/03\/Gemeindebrief-Schedule-fuer-Ostern-2021-300x225.jpg 300w, https:\/\/martinluther.ca\/wp-content\/uploads\/2021\/03\/Gemeindebrief-Schedule-fuer-Ostern-2021-1024x769.jpg 1024w, https:\/\/martinluther.ca\/wp-content\/uploads\/2021\/03\/Gemeindebrief-Schedule-fuer-Ostern-2021-768x577.jpg 768w\" sizes=\"auto, (max-width: 1027px) 100vw, 1027px\" \/><\/p>\n<p>&nbsp;<\/p>\n<p>&nbsp;<\/p>\n<p>&nbsp;<\/p>\n<p>&nbsp;<\/p>\n<p>&nbsp;<\/p>\n<p>&nbsp;<\/p>\n<p>&nbsp;<\/p>\n<p>&nbsp;<\/p>\n<p><strong>\u00a0<\/strong>Map to Humber Bay Park West &#8211; Etobicoke Point<\/p>\n<figure id=\"attachment_31268\" aria-describedby=\"caption-attachment-31268\" style=\"width: 300px\" class=\"wp-caption alignleft\"><img loading=\"lazy\" decoding=\"async\" class=\"size-medium wp-image-31268\" src=\"https:\/\/martinluther.ca\/wp-content\/uploads\/2019\/04\/2019-Easter-Sunrise-map-300x249.jpg\" alt=\"map to Easter Sunrise Humber Bay Park West\" width=\"300\" height=\"249\" srcset=\"https:\/\/martinluther.ca\/wp-content\/uploads\/2019\/04\/2019-Easter-Sunrise-map-300x249.jpg 300w, https:\/\/martinluther.ca\/wp-content\/uploads\/2019\/04\/2019-Easter-Sunrise-map.jpg 548w\" sizes=\"auto, (max-width: 300px) 100vw, 300px\" \/><figcaption id=\"caption-attachment-31268\" class=\"wp-caption-text\">Map to Easter Sunrise Service at Humber Bay Park West<\/figcaption><\/figure>\n<p>Ostersontag<br \/>\n4. April 2021<br \/>\n6.30 Uhr &#8222;Easter Sunrise Celebration&#8220; und 7.30 Uhr\u00a0 &#8222;Easter Celebration&#8220; und<br \/>\nOstereiersuche mit Vicar Adam McComb.<\/p>\n<p>Zwei Ostergottesdienste auf English werden draussen am See bei Etobicoke Point im <strong>Humber Bay Park West<\/strong> stattfinden. Registrieren Sie sich im Kirchenb\u00fcro oder<br \/>\nauf Eventbrite: <a href=\"http:\/\/www.tiny.cc\/MartinLutherRegister\" target=\"_blank\" rel=\"noopener\">www.tiny.cc\/MartinLutherRegister<\/a>.<\/p>\n<p>11.00 Uhr deutscher Ostergottesdienst mit Pastor Dr. Gerhard Hille<br \/>\nAuf Youtube und unserer Webseite verf\u00fcgbar sein &#8211; mit Zoom Watch Party!<\/p>\n<p><strong>Ein Wort von Pastor Dr. Gerhard Hille<\/strong><br \/>\nEigentlich mag ich es viel lieber, gute Nachrichten zu verbreiten, und es widerstrebt mir insbesondere Menschen zu entt\u00e4uschen. Heute f\u00fcrchte ich, dass das leider mal sein muss. Denn wir alle hatten uns darauf gefreut, zu Ostern wieder in unserer Kirche Gottesdienst feiern zu k\u00f6nnen. Leider geht das nicht, weil keiner von uns, als bevollm\u00e4chtigte Entscheidungstr\u00e4gern der Gemeinde, die Verantwortung daf\u00fcr auf sich nehmen will, dass Menschen sich in den R\u00e4umen unserer Kirche mit dem Corona-Virus anstecken und m\u00f6glicher Weise daran sterben k\u00f6nnten. Das w\u00e4re so grauenvoll, dass eine solche Last niemand auf die Schulter auch niemanden auf die Schulter gelegt werden darf. Etobicoke ist nach wie vor in der \u201egrauen Zone\u201c (Lockdown) und die Zahlen der Neuinfektionen steigen. Hinzu kommt, dass auch die Virus-Mutationen in unserer Region ihren Anteil an den Ansteckungen erh\u00f6hen und so die Gefahr rasant anschwillt. Deswegen gehe ich davon aus, dass wir gut beraten sind, unsere Gottesdienste weiterhin wie bisher online zu halten.<\/p>\n<p>Seien Sie sicher, dass Gott uns in seiner Absicht, uns zu erreichen und anzusprechen, auch auf diesem Weg weiterhin erreichen wird. Ich erinnere daran, dass \u201eGottesdienst\u201c zuerst bedeutet, dass Gott uns dienen will. Daf\u00fcr wollen wir uns \u00f6ffnen, uns ihm zuwenden. Und das geht auch in einem Onlineservice mit gewissen Einschr\u00e4nkungen und Verzicht auf Erwartungen, die uns eigentlich sehr wichtig sind.<\/p>\n<p>Das ist jetzt tats\u00e4chlich eine besondere Situation, um aus Gr\u00fcnden der N\u00e4chstenliebe Opfer zu bringen. Darauf hat uns Bischof Michael Price in seinem Rundbrief zu dieser Thematik besonders hingewiesen. Trotz allem w\u00fcnsche ich Ihnen eine gesegnete Osterzeit, in der wir den Sieg des Lebens feiern, weil f\u00fcr uns gilt: \u201eER lebt!\u201c<\/p>\n<p>*******************<br \/>\n<strong>Easter Fun! 2021<\/strong><\/p>\n[vc_video link=&#8220;https:\/\/youtube.com\/playlist?list=PLIjEQnirqCMNtZEAgXwulDIpI1iO47tHh&#8220; css=&#8220;.vc_custom_1481568760686{padding-bottom: 25px !important;}&#8220;]\n*******************<\/p>\n<p><strong>Stations of The Cross, A Journey Together 2021<\/strong><\/p>\n[vc_video link=&#8220;https:\/\/youtube.com\/playlist?list=PLIjEQnirqCMMRWv9URuVboUJCHuNsRE1M&#8220; css=&#8220;.vc_custom_1481568760686{padding-bottom: 25px !important;}&#8220;]\n","protected":false},"excerpt":{"rendered":"<p>&nbsp; &nbsp; &nbsp; &nbsp; &nbsp; &nbsp; &nbsp; &nbsp; \u00a0Map to Humber Bay Park West &#8211; Etobicoke Point Ostersontag 4. April 2021 6.30 Uhr &#8222;Easter Sunrise Celebration&#8220; und 7.30 Uhr\u00a0 &#8222;Easter Celebration&#8220; und Ostereiersuche mit Vicar Adam McComb. Zwei Ostergottesdienste auf English werden draussen am See bei Etobicoke Point im Humber Bay Park West stattfinden. Registrieren&hellip;<\/p>\n","protected":false},"author":9,"featured_media":37860,"comment_status":"closed","ping_status":"closed","sticky":false,"template":"","format":"standard","meta":{"footnotes":""},"categories":[69],"tags":[],"post_series":[],"class_list":["post-37869","post","type-post","status-publish","format-standard","has-post-thumbnail","hentry","category-news-blog-german","entry","has-media"],"yoast_head":"<!-- This site is optimized with the Yoast SEO plugin v27.5 - https:\/\/yoast.com\/product\/yoast-seo-wordpress\/ -->\n<title>Karwoche und Ostern 2021 Gottesdienstplan - Martin Luther Evangelische Kirche Toronto<\/title>\n<meta name=\"robots\" content=\"index, follow, max-snippet:-1, max-image-preview:large, max-video-preview:-1\" \/>\n<link rel=\"canonical\" href=\"https:\/\/martinluther.ca\/de\/2021\/03\/karwoche-und-ostern-2021-gottesdienstplan\/\" \/>\n<meta property=\"og:locale\" content=\"de_DE\" \/>\n<meta property=\"og:type\" content=\"article\" \/>\n<meta property=\"og:title\" content=\"Karwoche und Ostern 2021 Gottesdienstplan - Martin Luther Evangelische Kirche Toronto\" \/>\n<meta property=\"og:description\" content=\"&nbsp; &nbsp; &nbsp; &nbsp; &nbsp; &nbsp; &nbsp; &nbsp; \u00a0Map to Humber Bay Park West &#8211; Etobicoke Point Ostersontag 4. April 2021 6.30 Uhr &#8222;Easter Sunrise Celebration&#8220; und 7.30 Uhr\u00a0 &#8222;Easter Celebration&#8220; und Ostereiersuche mit Vicar Adam McComb. Zwei Ostergottesdienste auf English werden draussen am See bei Etobicoke Point im Humber Bay Park West stattfinden. Registrieren&hellip;\" \/>\n<meta property=\"og:url\" content=\"https:\/\/martinluther.ca\/de\/2021\/03\/karwoche-und-ostern-2021-gottesdienstplan\/\" \/>\n<meta property=\"og:site_name\" content=\"Martin Luther Evangelische Kirche Toronto\" \/>\n<meta property=\"article:publisher\" content=\"https:\/\/www.facebook.com\/martinlutherchurchtoronto\" \/>\n<meta property=\"article:published_time\" content=\"2021-03-27T18:06:28+00:00\" \/>\n<meta property=\"article:modified_time\" content=\"2021-04-12T22:39:33+00:00\" \/>\n<meta property=\"og:image\" content=\"https:\/\/martinluther.ca\/wp-content\/uploads\/2021\/03\/Gemeindebrief-Schedule-fuer-Ostern-2021.jpg\" \/>\n\t<meta property=\"og:image:width\" content=\"1027\" \/>\n\t<meta property=\"og:image:height\" content=\"771\" \/>\n\t<meta property=\"og:image:type\" content=\"image\/jpeg\" \/>\n<meta name=\"author\" content=\"Mona Kakoschke Frantzke\" \/>\n<meta name=\"twitter:card\" content=\"summary_large_image\" \/>\n<meta name=\"twitter:label1\" content=\"Verfasst von\" \/>\n\t<meta name=\"twitter:data1\" content=\"Mona Kakoschke Frantzke\" \/>\n\t<meta name=\"twitter:label2\" content=\"Gesch\u00e4tzte Lesezeit\" \/>\n\t<meta name=\"twitter:data2\" content=\"3\u00a0Minuten\" \/>\n<script type=\"application\/ld+json\" class=\"yoast-schema-graph\">{\"@context\":\"https:\\\/\\\/schema.org\",\"@graph\":[{\"@type\":\"Article\",\"@id\":\"https:\\\/\\\/martinluther.ca\\\/de\\\/2021\\\/03\\\/karwoche-und-ostern-2021-gottesdienstplan\\\/#article\",\"isPartOf\":{\"@id\":\"https:\\\/\\\/martinluther.ca\\\/de\\\/2021\\\/03\\\/karwoche-und-ostern-2021-gottesdienstplan\\\/\"},\"author\":{\"name\":\"Mona Kakoschke Frantzke\",\"@id\":\"https:\\\/\\\/martinluther.ca\\\/de\\\/#\\\/schema\\\/person\\\/815c51710f70b050f0476f18da6b0c8f\"},\"headline\":\"Karwoche und Ostern 2021 Gottesdienstplan\",\"datePublished\":\"2021-03-27T18:06:28+00:00\",\"dateModified\":\"2021-04-12T22:39:33+00:00\",\"mainEntityOfPage\":{\"@id\":\"https:\\\/\\\/martinluther.ca\\\/de\\\/2021\\\/03\\\/karwoche-und-ostern-2021-gottesdienstplan\\\/\"},\"wordCount\":442,\"publisher\":{\"@id\":\"https:\\\/\\\/martinluther.ca\\\/de\\\/#organization\"},\"image\":{\"@id\":\"https:\\\/\\\/martinluther.ca\\\/de\\\/2021\\\/03\\\/karwoche-und-ostern-2021-gottesdienstplan\\\/#primaryimage\"},\"thumbnailUrl\":\"https:\\\/\\\/martinluther.ca\\\/wp-content\\\/uploads\\\/2021\\\/03\\\/Gemeindebrief-Schedule-fuer-Ostern-2021.jpg\",\"articleSection\":[\"News Blog - German\"],\"inLanguage\":\"de\"},{\"@type\":\"WebPage\",\"@id\":\"https:\\\/\\\/martinluther.ca\\\/de\\\/2021\\\/03\\\/karwoche-und-ostern-2021-gottesdienstplan\\\/\",\"url\":\"https:\\\/\\\/martinluther.ca\\\/de\\\/2021\\\/03\\\/karwoche-und-ostern-2021-gottesdienstplan\\\/\",\"name\":\"Karwoche und Ostern 2021 Gottesdienstplan - Martin Luther Evangelische Kirche Toronto\",\"isPartOf\":{\"@id\":\"https:\\\/\\\/martinluther.ca\\\/de\\\/#website\"},\"primaryImageOfPage\":{\"@id\":\"https:\\\/\\\/martinluther.ca\\\/de\\\/2021\\\/03\\\/karwoche-und-ostern-2021-gottesdienstplan\\\/#primaryimage\"},\"image\":{\"@id\":\"https:\\\/\\\/martinluther.ca\\\/de\\\/2021\\\/03\\\/karwoche-und-ostern-2021-gottesdienstplan\\\/#primaryimage\"},\"thumbnailUrl\":\"https:\\\/\\\/martinluther.ca\\\/wp-content\\\/uploads\\\/2021\\\/03\\\/Gemeindebrief-Schedule-fuer-Ostern-2021.jpg\",\"datePublished\":\"2021-03-27T18:06:28+00:00\",\"dateModified\":\"2021-04-12T22:39:33+00:00\",\"breadcrumb\":{\"@id\":\"https:\\\/\\\/martinluther.ca\\\/de\\\/2021\\\/03\\\/karwoche-und-ostern-2021-gottesdienstplan\\\/#breadcrumb\"},\"inLanguage\":\"de\",\"potentialAction\":[{\"@type\":\"ReadAction\",\"target\":[\"https:\\\/\\\/martinluther.ca\\\/de\\\/2021\\\/03\\\/karwoche-und-ostern-2021-gottesdienstplan\\\/\"]}]},{\"@type\":\"ImageObject\",\"inLanguage\":\"de\",\"@id\":\"https:\\\/\\\/martinluther.ca\\\/de\\\/2021\\\/03\\\/karwoche-und-ostern-2021-gottesdienstplan\\\/#primaryimage\",\"url\":\"https:\\\/\\\/martinluther.ca\\\/wp-content\\\/uploads\\\/2021\\\/03\\\/Gemeindebrief-Schedule-fuer-Ostern-2021.jpg\",\"contentUrl\":\"https:\\\/\\\/martinluther.ca\\\/wp-content\\\/uploads\\\/2021\\\/03\\\/Gemeindebrief-Schedule-fuer-Ostern-2021.jpg\",\"width\":1027,\"height\":771,\"caption\":\"Gemeindebrief Schedule fuer Ostern 2021\"},{\"@type\":\"BreadcrumbList\",\"@id\":\"https:\\\/\\\/martinluther.ca\\\/de\\\/2021\\\/03\\\/karwoche-und-ostern-2021-gottesdienstplan\\\/#breadcrumb\",\"itemListElement\":[{\"@type\":\"ListItem\",\"position\":1,\"name\":\"Home\",\"item\":\"https:\\\/\\\/martinluther.ca\\\/de\\\/\"},{\"@type\":\"ListItem\",\"position\":2,\"name\":\"Karwoche und Ostern 2021 Gottesdienstplan\"}]},{\"@type\":\"WebSite\",\"@id\":\"https:\\\/\\\/martinluther.ca\\\/de\\\/#website\",\"url\":\"https:\\\/\\\/martinluther.ca\\\/de\\\/\",\"name\":\"Martin Luther Evangelical Church Toronto\",\"description\":\"Deutsch &amp; Englisch\",\"publisher\":{\"@id\":\"https:\\\/\\\/martinluther.ca\\\/de\\\/#organization\"},\"potentialAction\":[{\"@type\":\"SearchAction\",\"target\":{\"@type\":\"EntryPoint\",\"urlTemplate\":\"https:\\\/\\\/martinluther.ca\\\/de\\\/?s={search_term_string}\"},\"query-input\":{\"@type\":\"PropertyValueSpecification\",\"valueRequired\":true,\"valueName\":\"search_term_string\"}}],\"inLanguage\":\"de\"},{\"@type\":\"Organization\",\"@id\":\"https:\\\/\\\/martinluther.ca\\\/de\\\/#organization\",\"name\":\"Martin Luther Evangelical Church Toronto\",\"url\":\"https:\\\/\\\/martinluther.ca\\\/de\\\/\",\"logo\":{\"@type\":\"ImageObject\",\"inLanguage\":\"de\",\"@id\":\"https:\\\/\\\/martinluther.ca\\\/de\\\/#\\\/schema\\\/logo\\\/image\\\/\",\"url\":\"https:\\\/\\\/martinluther.ca\\\/wp-content\\\/uploads\\\/2016\\\/12\\\/ml-logo-300.png\",\"contentUrl\":\"https:\\\/\\\/martinluther.ca\\\/wp-content\\\/uploads\\\/2016\\\/12\\\/ml-logo-300.png\",\"width\":300,\"height\":150,\"caption\":\"Martin Luther Evangelical Church Toronto\"},\"image\":{\"@id\":\"https:\\\/\\\/martinluther.ca\\\/de\\\/#\\\/schema\\\/logo\\\/image\\\/\"},\"sameAs\":[\"https:\\\/\\\/www.facebook.com\\\/martinlutherchurchtoronto\",\"https:\\\/\\\/www.instagram.com\\\/lutheransbythelake\\\/\",\"https:\\\/\\\/www.youtube.com\\\/MartinLutherChurchToronto\"]},{\"@type\":\"Person\",\"@id\":\"https:\\\/\\\/martinluther.ca\\\/de\\\/#\\\/schema\\\/person\\\/815c51710f70b050f0476f18da6b0c8f\",\"name\":\"Mona Kakoschke Frantzke\",\"image\":{\"@type\":\"ImageObject\",\"inLanguage\":\"de\",\"@id\":\"https:\\\/\\\/secure.gravatar.com\\\/avatar\\\/0deb16854ca545cd2e9fc8001ca110d262b80d5c8317b38dc542265fbea0ed19?s=96&d=mm&r=g\",\"url\":\"https:\\\/\\\/secure.gravatar.com\\\/avatar\\\/0deb16854ca545cd2e9fc8001ca110d262b80d5c8317b38dc542265fbea0ed19?s=96&d=mm&r=g\",\"contentUrl\":\"https:\\\/\\\/secure.gravatar.com\\\/avatar\\\/0deb16854ca545cd2e9fc8001ca110d262b80d5c8317b38dc542265fbea0ed19?s=96&d=mm&r=g\",\"caption\":\"Mona Kakoschke Frantzke\"},\"url\":false}]}<\/script>\n<!-- \/ Yoast SEO plugin. -->","yoast_head_json":{"title":"Karwoche und Ostern 2021 Gottesdienstplan - Martin Luther Evangelische Kirche Toronto","robots":{"index":"index","follow":"follow","max-snippet":"max-snippet:-1","max-image-preview":"max-image-preview:large","max-video-preview":"max-video-preview:-1"},"canonical":"https:\/\/martinluther.ca\/de\/2021\/03\/karwoche-und-ostern-2021-gottesdienstplan\/","og_locale":"de_DE","og_type":"article","og_title":"Karwoche und Ostern 2021 Gottesdienstplan - Martin Luther Evangelische Kirche Toronto","og_description":"&nbsp; &nbsp; &nbsp; &nbsp; &nbsp; &nbsp; &nbsp; &nbsp; \u00a0Map to Humber Bay Park West &#8211; Etobicoke Point Ostersontag 4. April 2021 6.30 Uhr &#8222;Easter Sunrise Celebration&#8220; und 7.30 Uhr\u00a0 &#8222;Easter Celebration&#8220; und Ostereiersuche mit Vicar Adam McComb. Zwei Ostergottesdienste auf English werden draussen am See bei Etobicoke Point im Humber Bay Park West stattfinden. Registrieren&hellip;","og_url":"https:\/\/martinluther.ca\/de\/2021\/03\/karwoche-und-ostern-2021-gottesdienstplan\/","og_site_name":"Martin Luther Evangelische Kirche Toronto","article_publisher":"https:\/\/www.facebook.com\/martinlutherchurchtoronto","article_published_time":"2021-03-27T18:06:28+00:00","article_modified_time":"2021-04-12T22:39:33+00:00","og_image":[{"width":1027,"height":771,"url":"https:\/\/martinluther.ca\/wp-content\/uploads\/2021\/03\/Gemeindebrief-Schedule-fuer-Ostern-2021.jpg","type":"image\/jpeg"}],"author":"Mona Kakoschke Frantzke","twitter_card":"summary_large_image","twitter_misc":{"Verfasst von":"Mona Kakoschke Frantzke","Gesch\u00e4tzte Lesezeit":"3\u00a0Minuten"},"schema":{"@context":"https:\/\/schema.org","@graph":[{"@type":"Article","@id":"https:\/\/martinluther.ca\/de\/2021\/03\/karwoche-und-ostern-2021-gottesdienstplan\/#article","isPartOf":{"@id":"https:\/\/martinluther.ca\/de\/2021\/03\/karwoche-und-ostern-2021-gottesdienstplan\/"},"author":{"name":"Mona Kakoschke Frantzke","@id":"https:\/\/martinluther.ca\/de\/#\/schema\/person\/815c51710f70b050f0476f18da6b0c8f"},"headline":"Karwoche und Ostern 2021 Gottesdienstplan","datePublished":"2021-03-27T18:06:28+00:00","dateModified":"2021-04-12T22:39:33+00:00","mainEntityOfPage":{"@id":"https:\/\/martinluther.ca\/de\/2021\/03\/karwoche-und-ostern-2021-gottesdienstplan\/"},"wordCount":442,"publisher":{"@id":"https:\/\/martinluther.ca\/de\/#organization"},"image":{"@id":"https:\/\/martinluther.ca\/de\/2021\/03\/karwoche-und-ostern-2021-gottesdienstplan\/#primaryimage"},"thumbnailUrl":"https:\/\/martinluther.ca\/wp-content\/uploads\/2021\/03\/Gemeindebrief-Schedule-fuer-Ostern-2021.jpg","articleSection":["News Blog - German"],"inLanguage":"de"},{"@type":"WebPage","@id":"https:\/\/martinluther.ca\/de\/2021\/03\/karwoche-und-ostern-2021-gottesdienstplan\/","url":"https:\/\/martinluther.ca\/de\/2021\/03\/karwoche-und-ostern-2021-gottesdienstplan\/","name":"Karwoche und Ostern 2021 Gottesdienstplan - Martin Luther Evangelische Kirche Toronto","isPartOf":{"@id":"https:\/\/martinluther.ca\/de\/#website"},"primaryImageOfPage":{"@id":"https:\/\/martinluther.ca\/de\/2021\/03\/karwoche-und-ostern-2021-gottesdienstplan\/#primaryimage"},"image":{"@id":"https:\/\/martinluther.ca\/de\/2021\/03\/karwoche-und-ostern-2021-gottesdienstplan\/#primaryimage"},"thumbnailUrl":"https:\/\/martinluther.ca\/wp-content\/uploads\/2021\/03\/Gemeindebrief-Schedule-fuer-Ostern-2021.jpg","datePublished":"2021-03-27T18:06:28+00:00","dateModified":"2021-04-12T22:39:33+00:00","breadcrumb":{"@id":"https:\/\/martinluther.ca\/de\/2021\/03\/karwoche-und-ostern-2021-gottesdienstplan\/#breadcrumb"},"inLanguage":"de","potentialAction":[{"@type":"ReadAction","target":["https:\/\/martinluther.ca\/de\/2021\/03\/karwoche-und-ostern-2021-gottesdienstplan\/"]}]},{"@type":"ImageObject","inLanguage":"de","@id":"https:\/\/martinluther.ca\/de\/2021\/03\/karwoche-und-ostern-2021-gottesdienstplan\/#primaryimage","url":"https:\/\/martinluther.ca\/wp-content\/uploads\/2021\/03\/Gemeindebrief-Schedule-fuer-Ostern-2021.jpg","contentUrl":"https:\/\/martinluther.ca\/wp-content\/uploads\/2021\/03\/Gemeindebrief-Schedule-fuer-Ostern-2021.jpg","width":1027,"height":771,"caption":"Gemeindebrief Schedule fuer Ostern 2021"},{"@type":"BreadcrumbList","@id":"https:\/\/martinluther.ca\/de\/2021\/03\/karwoche-und-ostern-2021-gottesdienstplan\/#breadcrumb","itemListElement":[{"@type":"ListItem","position":1,"name":"Home","item":"https:\/\/martinluther.ca\/de\/"},{"@type":"ListItem","position":2,"name":"Karwoche und Ostern 2021 Gottesdienstplan"}]},{"@type":"WebSite","@id":"https:\/\/martinluther.ca\/de\/#website","url":"https:\/\/martinluther.ca\/de\/","name":"Martin Luther Evangelical Church Toronto","description":"Deutsch &amp; Englisch","publisher":{"@id":"https:\/\/martinluther.ca\/de\/#organization"},"potentialAction":[{"@type":"SearchAction","target":{"@type":"EntryPoint","urlTemplate":"https:\/\/martinluther.ca\/de\/?s={search_term_string}"},"query-input":{"@type":"PropertyValueSpecification","valueRequired":true,"valueName":"search_term_string"}}],"inLanguage":"de"},{"@type":"Organization","@id":"https:\/\/martinluther.ca\/de\/#organization","name":"Martin Luther Evangelical Church Toronto","url":"https:\/\/martinluther.ca\/de\/","logo":{"@type":"ImageObject","inLanguage":"de","@id":"https:\/\/martinluther.ca\/de\/#\/schema\/logo\/image\/","url":"https:\/\/martinluther.ca\/wp-content\/uploads\/2016\/12\/ml-logo-300.png","contentUrl":"https:\/\/martinluther.ca\/wp-content\/uploads\/2016\/12\/ml-logo-300.png","width":300,"height":150,"caption":"Martin Luther Evangelical Church Toronto"},"image":{"@id":"https:\/\/martinluther.ca\/de\/#\/schema\/logo\/image\/"},"sameAs":["https:\/\/www.facebook.com\/martinlutherchurchtoronto","https:\/\/www.instagram.com\/lutheransbythelake\/","https:\/\/www.youtube.com\/MartinLutherChurchToronto"]},{"@type":"Person","@id":"https:\/\/martinluther.ca\/de\/#\/schema\/person\/815c51710f70b050f0476f18da6b0c8f","name":"Mona Kakoschke Frantzke","image":{"@type":"ImageObject","inLanguage":"de","@id":"https:\/\/secure.gravatar.com\/avatar\/0deb16854ca545cd2e9fc8001ca110d262b80d5c8317b38dc542265fbea0ed19?s=96&d=mm&r=g","url":"https:\/\/secure.gravatar.com\/avatar\/0deb16854ca545cd2e9fc8001ca110d262b80d5c8317b38dc542265fbea0ed19?s=96&d=mm&r=g","contentUrl":"https:\/\/secure.gravatar.com\/avatar\/0deb16854ca545cd2e9fc8001ca110d262b80d5c8317b38dc542265fbea0ed19?s=96&d=mm&r=g","caption":"Mona Kakoschke Frantzke"},"url":false}]}},"_links":{"self":[{"href":"https:\/\/martinluther.ca\/de\/wp-json\/wp\/v2\/posts\/37869","targetHints":{"allow":["GET"]}}],"collection":[{"href":"https:\/\/martinluther.ca\/de\/wp-json\/wp\/v2\/posts"}],"about":[{"href":"https:\/\/martinluther.ca\/de\/wp-json\/wp\/v2\/types\/post"}],"author":[{"embeddable":true,"href":"https:\/\/martinluther.ca\/de\/wp-json\/wp\/v2\/users\/9"}],"replies":[{"embeddable":true,"href":"https:\/\/martinluther.ca\/de\/wp-json\/wp\/v2\/comments?post=37869"}],"version-history":[{"count":10,"href":"https:\/\/martinluther.ca\/de\/wp-json\/wp\/v2\/posts\/37869\/revisions"}],"predecessor-version":[{"id":37920,"href":"https:\/\/martinluther.ca\/de\/wp-json\/wp\/v2\/posts\/37869\/revisions\/37920"}],"wp:featuredmedia":[{"embeddable":true,"href":"https:\/\/martinluther.ca\/de\/wp-json\/wp\/v2\/media\/37860"}],"wp:attachment":[{"href":"https:\/\/martinluther.ca\/de\/wp-json\/wp\/v2\/media?parent=37869"}],"wp:term":[{"taxonomy":"category","embeddable":true,"href":"https:\/\/martinluther.ca\/de\/wp-json\/wp\/v2\/categories?post=37869"},{"taxonomy":"post_tag","embeddable":true,"href":"https:\/\/martinluther.ca\/de\/wp-json\/wp\/v2\/tags?post=37869"},{"taxonomy":"post_series","embeddable":true,"href":"https:\/\/martinluther.ca\/de\/wp-json\/wp\/v2\/post_series?post=37869"}],"curies":[{"name":"wp","href":"https:\/\/api.w.org\/{rel}","templated":true}]}}