{"id":37990,"date":"2021-04-13T16:39:19","date_gmt":"2021-04-13T20:39:19","guid":{"rendered":"https:\/\/martinluther.ca\/?p=37990"},"modified":"2021-05-20T18:49:20","modified_gmt":"2021-05-20T22:49:20","slug":"ein-update-von-unseren-konfirmandinnen","status":"publish","type":"post","link":"https:\/\/martinluther.ca\/de\/2021\/04\/ein-update-von-unseren-konfirmandinnen\/","title":{"rendered":"Ein Update von unseren Konfirmandinnen"},"content":{"rendered":"<p><a href=\"https:\/\/martinluther.ca\/wp-content\/uploads\/2021\/04\/Confirmands-Kristine-and-Michelle-web.jpg\"><img loading=\"lazy\" decoding=\"async\" class=\"alignright size-medium wp-image-37969\" src=\"https:\/\/martinluther.ca\/wp-content\/uploads\/2021\/04\/Confirmands-Kristine-and-Michelle-web-300x225.jpg\" alt=\"\" width=\"300\" height=\"225\" srcset=\"https:\/\/martinluther.ca\/wp-content\/uploads\/2021\/04\/Confirmands-Kristine-and-Michelle-web-300x225.jpg 300w, https:\/\/martinluther.ca\/wp-content\/uploads\/2021\/04\/Confirmands-Kristine-and-Michelle-web-768x576.jpg 768w, https:\/\/martinluther.ca\/wp-content\/uploads\/2021\/04\/Confirmands-Kristine-and-Michelle-web.jpg 862w\" sizes=\"auto, (max-width: 300px) 100vw, 300px\" \/><\/a>Der Konfirmandenunterricht ist eine wunderbare Reise. Wir haben \u00fcber Gottes Gnade, Advent, die sieben Gaben des Heiligen Geistes, geistliche Gaben, Fr\u00fcchte des Geistes, das Glaubensbekenntnis, und die Sakramente gelernt. Jetzt haben auch wir die Passionszeit und das t\u00e4gliche Gebet besprochen. Wir haben nicht nur diese Themen er\u00f6rtert, sondern konnten auch Fragen stellen und sie im Unterricht in Einzelheiten diskutieren. Es ist ein Segen, unsere Herkunft und unsere Lebenswege in einem sicheren, urteilsfreien Bildungsumfeld besprechen zu k\u00f6nnen. Daraus sind Freundschaften und eine st\u00e4rkere Verbindung zu Gott entstanden. W\u00e4hrend wir auf unserer Entdeckungsreise wachsen, erstarken wir weiter auf Gottes Weg, um bessere Menschen zu werden.<\/p>\n<p>&#8211; Kristine and Michelle, Konfirmanden 2021<\/p>\n","protected":false},"excerpt":{"rendered":"<p>Der Konfirmandenunterricht ist eine wunderbare Reise. Wir haben \u00fcber Gottes Gnade, Advent, die sieben Gaben des Heiligen Geistes, geistliche Gaben, Fr\u00fcchte des Geistes, das Glaubensbekenntnis, und die Sakramente gelernt. Jetzt haben auch wir die Passionszeit und das t\u00e4gliche Gebet besprochen. Wir haben nicht nur diese Themen er\u00f6rtert, sondern konnten auch Fragen stellen und sie im&hellip;<\/p>\n","protected":false},"author":8,"featured_media":37969,"comment_status":"closed","ping_status":"closed","sticky":false,"template":"","format":"standard","meta":{"footnotes":""},"categories":[69],"tags":[],"post_series":[],"class_list":["post-37990","post","type-post","status-publish","format-standard","has-post-thumbnail","hentry","category-news-blog-german","entry","has-media"],"yoast_head":"<!-- This site is optimized with the Yoast SEO plugin v27.5 - https:\/\/yoast.com\/product\/yoast-seo-wordpress\/ -->\n<title>Ein Update von unseren Konfirmandinnen - Martin Luther Evangelische Kirche Toronto<\/title>\n<meta name=\"robots\" content=\"index, follow, max-snippet:-1, max-image-preview:large, max-video-preview:-1\" \/>\n<link rel=\"canonical\" href=\"https:\/\/martinluther.ca\/de\/2021\/04\/ein-update-von-unseren-konfirmandinnen\/\" \/>\n<meta property=\"og:locale\" content=\"de_DE\" \/>\n<meta property=\"og:type\" content=\"article\" \/>\n<meta property=\"og:title\" content=\"Ein Update von unseren Konfirmandinnen - Martin Luther Evangelische Kirche Toronto\" \/>\n<meta property=\"og:description\" content=\"Der Konfirmandenunterricht ist eine wunderbare Reise. Wir haben \u00fcber Gottes Gnade, Advent, die sieben Gaben des Heiligen Geistes, geistliche Gaben, Fr\u00fcchte des Geistes, das Glaubensbekenntnis, und die Sakramente gelernt. Jetzt haben auch wir die Passionszeit und das t\u00e4gliche Gebet besprochen. Wir haben nicht nur diese Themen er\u00f6rtert, sondern konnten auch Fragen stellen und sie im&hellip;\" \/>\n<meta property=\"og:url\" content=\"https:\/\/martinluther.ca\/de\/2021\/04\/ein-update-von-unseren-konfirmandinnen\/\" \/>\n<meta property=\"og:site_name\" content=\"Martin Luther Evangelische Kirche Toronto\" \/>\n<meta property=\"article:publisher\" content=\"https:\/\/www.facebook.com\/martinlutherchurchtoronto\" \/>\n<meta property=\"article:published_time\" content=\"2021-04-13T20:39:19+00:00\" \/>\n<meta property=\"article:modified_time\" content=\"2021-05-20T22:49:20+00:00\" \/>\n<meta property=\"og:image\" content=\"https:\/\/martinluther.ca\/wp-content\/uploads\/2021\/04\/Confirmands-Kristine-and-Michelle-web.jpg\" \/>\n\t<meta property=\"og:image:width\" content=\"862\" \/>\n\t<meta property=\"og:image:height\" content=\"647\" \/>\n\t<meta property=\"og:image:type\" content=\"image\/jpeg\" \/>\n<meta name=\"author\" content=\"Marlena Muller\" \/>\n<meta name=\"twitter:card\" content=\"summary_large_image\" \/>\n<meta name=\"twitter:label1\" content=\"Verfasst von\" \/>\n\t<meta name=\"twitter:data1\" content=\"Marlena Muller\" \/>\n\t<meta name=\"twitter:label2\" content=\"Gesch\u00e4tzte Lesezeit\" \/>\n\t<meta name=\"twitter:data2\" content=\"1\u00a0Minute\" \/>\n<script type=\"application\/ld+json\" class=\"yoast-schema-graph\">{\"@context\":\"https:\\\/\\\/schema.org\",\"@graph\":[{\"@type\":\"Article\",\"@id\":\"https:\\\/\\\/martinluther.ca\\\/de\\\/2021\\\/04\\\/ein-update-von-unseren-konfirmandinnen\\\/#article\",\"isPartOf\":{\"@id\":\"https:\\\/\\\/martinluther.ca\\\/de\\\/2021\\\/04\\\/ein-update-von-unseren-konfirmandinnen\\\/\"},\"author\":{\"name\":\"Marlena Muller\",\"@id\":\"https:\\\/\\\/martinluther.ca\\\/de\\\/#\\\/schema\\\/person\\\/ef4e825f5d9d6fd740bbd7813710e15d\"},\"headline\":\"Ein Update von unseren Konfirmandinnen\",\"datePublished\":\"2021-04-13T20:39:19+00:00\",\"dateModified\":\"2021-05-20T22:49:20+00:00\",\"mainEntityOfPage\":{\"@id\":\"https:\\\/\\\/martinluther.ca\\\/de\\\/2021\\\/04\\\/ein-update-von-unseren-konfirmandinnen\\\/\"},\"wordCount\":119,\"publisher\":{\"@id\":\"https:\\\/\\\/martinluther.ca\\\/de\\\/#organization\"},\"image\":{\"@id\":\"https:\\\/\\\/martinluther.ca\\\/de\\\/2021\\\/04\\\/ein-update-von-unseren-konfirmandinnen\\\/#primaryimage\"},\"thumbnailUrl\":\"https:\\\/\\\/martinluther.ca\\\/wp-content\\\/uploads\\\/2021\\\/04\\\/Confirmands-Kristine-and-Michelle-web.jpg\",\"articleSection\":[\"News Blog - German\"],\"inLanguage\":\"de\"},{\"@type\":\"WebPage\",\"@id\":\"https:\\\/\\\/martinluther.ca\\\/de\\\/2021\\\/04\\\/ein-update-von-unseren-konfirmandinnen\\\/\",\"url\":\"https:\\\/\\\/martinluther.ca\\\/de\\\/2021\\\/04\\\/ein-update-von-unseren-konfirmandinnen\\\/\",\"name\":\"Ein Update von unseren Konfirmandinnen - Martin Luther Evangelische Kirche Toronto\",\"isPartOf\":{\"@id\":\"https:\\\/\\\/martinluther.ca\\\/de\\\/#website\"},\"primaryImageOfPage\":{\"@id\":\"https:\\\/\\\/martinluther.ca\\\/de\\\/2021\\\/04\\\/ein-update-von-unseren-konfirmandinnen\\\/#primaryimage\"},\"image\":{\"@id\":\"https:\\\/\\\/martinluther.ca\\\/de\\\/2021\\\/04\\\/ein-update-von-unseren-konfirmandinnen\\\/#primaryimage\"},\"thumbnailUrl\":\"https:\\\/\\\/martinluther.ca\\\/wp-content\\\/uploads\\\/2021\\\/04\\\/Confirmands-Kristine-and-Michelle-web.jpg\",\"datePublished\":\"2021-04-13T20:39:19+00:00\",\"dateModified\":\"2021-05-20T22:49:20+00:00\",\"breadcrumb\":{\"@id\":\"https:\\\/\\\/martinluther.ca\\\/de\\\/2021\\\/04\\\/ein-update-von-unseren-konfirmandinnen\\\/#breadcrumb\"},\"inLanguage\":\"de\",\"potentialAction\":[{\"@type\":\"ReadAction\",\"target\":[\"https:\\\/\\\/martinluther.ca\\\/de\\\/2021\\\/04\\\/ein-update-von-unseren-konfirmandinnen\\\/\"]}]},{\"@type\":\"ImageObject\",\"inLanguage\":\"de\",\"@id\":\"https:\\\/\\\/martinluther.ca\\\/de\\\/2021\\\/04\\\/ein-update-von-unseren-konfirmandinnen\\\/#primaryimage\",\"url\":\"https:\\\/\\\/martinluther.ca\\\/wp-content\\\/uploads\\\/2021\\\/04\\\/Confirmands-Kristine-and-Michelle-web.jpg\",\"contentUrl\":\"https:\\\/\\\/martinluther.ca\\\/wp-content\\\/uploads\\\/2021\\\/04\\\/Confirmands-Kristine-and-Michelle-web.jpg\",\"width\":862,\"height\":647},{\"@type\":\"BreadcrumbList\",\"@id\":\"https:\\\/\\\/martinluther.ca\\\/de\\\/2021\\\/04\\\/ein-update-von-unseren-konfirmandinnen\\\/#breadcrumb\",\"itemListElement\":[{\"@type\":\"ListItem\",\"position\":1,\"name\":\"Home\",\"item\":\"https:\\\/\\\/martinluther.ca\\\/de\\\/\"},{\"@type\":\"ListItem\",\"position\":2,\"name\":\"Ein Update von unseren Konfirmandinnen\"}]},{\"@type\":\"WebSite\",\"@id\":\"https:\\\/\\\/martinluther.ca\\\/de\\\/#website\",\"url\":\"https:\\\/\\\/martinluther.ca\\\/de\\\/\",\"name\":\"Martin Luther Evangelical Church Toronto\",\"description\":\"Deutsch &amp; Englisch\",\"publisher\":{\"@id\":\"https:\\\/\\\/martinluther.ca\\\/de\\\/#organization\"},\"potentialAction\":[{\"@type\":\"SearchAction\",\"target\":{\"@type\":\"EntryPoint\",\"urlTemplate\":\"https:\\\/\\\/martinluther.ca\\\/de\\\/?s={search_term_string}\"},\"query-input\":{\"@type\":\"PropertyValueSpecification\",\"valueRequired\":true,\"valueName\":\"search_term_string\"}}],\"inLanguage\":\"de\"},{\"@type\":\"Organization\",\"@id\":\"https:\\\/\\\/martinluther.ca\\\/de\\\/#organization\",\"name\":\"Martin Luther Evangelical Church Toronto\",\"url\":\"https:\\\/\\\/martinluther.ca\\\/de\\\/\",\"logo\":{\"@type\":\"ImageObject\",\"inLanguage\":\"de\",\"@id\":\"https:\\\/\\\/martinluther.ca\\\/de\\\/#\\\/schema\\\/logo\\\/image\\\/\",\"url\":\"https:\\\/\\\/martinluther.ca\\\/wp-content\\\/uploads\\\/2016\\\/12\\\/ml-logo-300.png\",\"contentUrl\":\"https:\\\/\\\/martinluther.ca\\\/wp-content\\\/uploads\\\/2016\\\/12\\\/ml-logo-300.png\",\"width\":300,\"height\":150,\"caption\":\"Martin Luther Evangelical Church Toronto\"},\"image\":{\"@id\":\"https:\\\/\\\/martinluther.ca\\\/de\\\/#\\\/schema\\\/logo\\\/image\\\/\"},\"sameAs\":[\"https:\\\/\\\/www.facebook.com\\\/martinlutherchurchtoronto\",\"https:\\\/\\\/www.instagram.com\\\/lutheransbythelake\\\/\",\"https:\\\/\\\/www.youtube.com\\\/MartinLutherChurchToronto\"]},{\"@type\":\"Person\",\"@id\":\"https:\\\/\\\/martinluther.ca\\\/de\\\/#\\\/schema\\\/person\\\/ef4e825f5d9d6fd740bbd7813710e15d\",\"name\":\"Marlena Muller\",\"image\":{\"@type\":\"ImageObject\",\"inLanguage\":\"de\",\"@id\":\"https:\\\/\\\/secure.gravatar.com\\\/avatar\\\/fe840ff753768b839caa2dd522d4797f19f7e22fa2da83388e0fbfc570b65a37?s=96&d=mm&r=g\",\"url\":\"https:\\\/\\\/secure.gravatar.com\\\/avatar\\\/fe840ff753768b839caa2dd522d4797f19f7e22fa2da83388e0fbfc570b65a37?s=96&d=mm&r=g\",\"contentUrl\":\"https:\\\/\\\/secure.gravatar.com\\\/avatar\\\/fe840ff753768b839caa2dd522d4797f19f7e22fa2da83388e0fbfc570b65a37?s=96&d=mm&r=g\",\"caption\":\"Marlena Muller\"},\"url\":false}]}<\/script>\n<!-- \/ Yoast SEO plugin. -->","yoast_head_json":{"title":"Ein Update von unseren Konfirmandinnen - Martin Luther Evangelische Kirche Toronto","robots":{"index":"index","follow":"follow","max-snippet":"max-snippet:-1","max-image-preview":"max-image-preview:large","max-video-preview":"max-video-preview:-1"},"canonical":"https:\/\/martinluther.ca\/de\/2021\/04\/ein-update-von-unseren-konfirmandinnen\/","og_locale":"de_DE","og_type":"article","og_title":"Ein Update von unseren Konfirmandinnen - Martin Luther Evangelische Kirche Toronto","og_description":"Der Konfirmandenunterricht ist eine wunderbare Reise. Wir haben \u00fcber Gottes Gnade, Advent, die sieben Gaben des Heiligen Geistes, geistliche Gaben, Fr\u00fcchte des Geistes, das Glaubensbekenntnis, und die Sakramente gelernt. Jetzt haben auch wir die Passionszeit und das t\u00e4gliche Gebet besprochen. Wir haben nicht nur diese Themen er\u00f6rtert, sondern konnten auch Fragen stellen und sie im&hellip;","og_url":"https:\/\/martinluther.ca\/de\/2021\/04\/ein-update-von-unseren-konfirmandinnen\/","og_site_name":"Martin Luther Evangelische Kirche Toronto","article_publisher":"https:\/\/www.facebook.com\/martinlutherchurchtoronto","article_published_time":"2021-04-13T20:39:19+00:00","article_modified_time":"2021-05-20T22:49:20+00:00","og_image":[{"width":862,"height":647,"url":"https:\/\/martinluther.ca\/wp-content\/uploads\/2021\/04\/Confirmands-Kristine-and-Michelle-web.jpg","type":"image\/jpeg"}],"author":"Marlena Muller","twitter_card":"summary_large_image","twitter_misc":{"Verfasst von":"Marlena Muller","Gesch\u00e4tzte Lesezeit":"1\u00a0Minute"},"schema":{"@context":"https:\/\/schema.org","@graph":[{"@type":"Article","@id":"https:\/\/martinluther.ca\/de\/2021\/04\/ein-update-von-unseren-konfirmandinnen\/#article","isPartOf":{"@id":"https:\/\/martinluther.ca\/de\/2021\/04\/ein-update-von-unseren-konfirmandinnen\/"},"author":{"name":"Marlena Muller","@id":"https:\/\/martinluther.ca\/de\/#\/schema\/person\/ef4e825f5d9d6fd740bbd7813710e15d"},"headline":"Ein Update von unseren Konfirmandinnen","datePublished":"2021-04-13T20:39:19+00:00","dateModified":"2021-05-20T22:49:20+00:00","mainEntityOfPage":{"@id":"https:\/\/martinluther.ca\/de\/2021\/04\/ein-update-von-unseren-konfirmandinnen\/"},"wordCount":119,"publisher":{"@id":"https:\/\/martinluther.ca\/de\/#organization"},"image":{"@id":"https:\/\/martinluther.ca\/de\/2021\/04\/ein-update-von-unseren-konfirmandinnen\/#primaryimage"},"thumbnailUrl":"https:\/\/martinluther.ca\/wp-content\/uploads\/2021\/04\/Confirmands-Kristine-and-Michelle-web.jpg","articleSection":["News Blog - German"],"inLanguage":"de"},{"@type":"WebPage","@id":"https:\/\/martinluther.ca\/de\/2021\/04\/ein-update-von-unseren-konfirmandinnen\/","url":"https:\/\/martinluther.ca\/de\/2021\/04\/ein-update-von-unseren-konfirmandinnen\/","name":"Ein Update von unseren Konfirmandinnen - Martin Luther Evangelische Kirche Toronto","isPartOf":{"@id":"https:\/\/martinluther.ca\/de\/#website"},"primaryImageOfPage":{"@id":"https:\/\/martinluther.ca\/de\/2021\/04\/ein-update-von-unseren-konfirmandinnen\/#primaryimage"},"image":{"@id":"https:\/\/martinluther.ca\/de\/2021\/04\/ein-update-von-unseren-konfirmandinnen\/#primaryimage"},"thumbnailUrl":"https:\/\/martinluther.ca\/wp-content\/uploads\/2021\/04\/Confirmands-Kristine-and-Michelle-web.jpg","datePublished":"2021-04-13T20:39:19+00:00","dateModified":"2021-05-20T22:49:20+00:00","breadcrumb":{"@id":"https:\/\/martinluther.ca\/de\/2021\/04\/ein-update-von-unseren-konfirmandinnen\/#breadcrumb"},"inLanguage":"de","potentialAction":[{"@type":"ReadAction","target":["https:\/\/martinluther.ca\/de\/2021\/04\/ein-update-von-unseren-konfirmandinnen\/"]}]},{"@type":"ImageObject","inLanguage":"de","@id":"https:\/\/martinluther.ca\/de\/2021\/04\/ein-update-von-unseren-konfirmandinnen\/#primaryimage","url":"https:\/\/martinluther.ca\/wp-content\/uploads\/2021\/04\/Confirmands-Kristine-and-Michelle-web.jpg","contentUrl":"https:\/\/martinluther.ca\/wp-content\/uploads\/2021\/04\/Confirmands-Kristine-and-Michelle-web.jpg","width":862,"height":647},{"@type":"BreadcrumbList","@id":"https:\/\/martinluther.ca\/de\/2021\/04\/ein-update-von-unseren-konfirmandinnen\/#breadcrumb","itemListElement":[{"@type":"ListItem","position":1,"name":"Home","item":"https:\/\/martinluther.ca\/de\/"},{"@type":"ListItem","position":2,"name":"Ein Update von unseren Konfirmandinnen"}]},{"@type":"WebSite","@id":"https:\/\/martinluther.ca\/de\/#website","url":"https:\/\/martinluther.ca\/de\/","name":"Martin Luther Evangelical Church Toronto","description":"Deutsch &amp; Englisch","publisher":{"@id":"https:\/\/martinluther.ca\/de\/#organization"},"potentialAction":[{"@type":"SearchAction","target":{"@type":"EntryPoint","urlTemplate":"https:\/\/martinluther.ca\/de\/?s={search_term_string}"},"query-input":{"@type":"PropertyValueSpecification","valueRequired":true,"valueName":"search_term_string"}}],"inLanguage":"de"},{"@type":"Organization","@id":"https:\/\/martinluther.ca\/de\/#organization","name":"Martin Luther Evangelical Church Toronto","url":"https:\/\/martinluther.ca\/de\/","logo":{"@type":"ImageObject","inLanguage":"de","@id":"https:\/\/martinluther.ca\/de\/#\/schema\/logo\/image\/","url":"https:\/\/martinluther.ca\/wp-content\/uploads\/2016\/12\/ml-logo-300.png","contentUrl":"https:\/\/martinluther.ca\/wp-content\/uploads\/2016\/12\/ml-logo-300.png","width":300,"height":150,"caption":"Martin Luther Evangelical Church Toronto"},"image":{"@id":"https:\/\/martinluther.ca\/de\/#\/schema\/logo\/image\/"},"sameAs":["https:\/\/www.facebook.com\/martinlutherchurchtoronto","https:\/\/www.instagram.com\/lutheransbythelake\/","https:\/\/www.youtube.com\/MartinLutherChurchToronto"]},{"@type":"Person","@id":"https:\/\/martinluther.ca\/de\/#\/schema\/person\/ef4e825f5d9d6fd740bbd7813710e15d","name":"Marlena Muller","image":{"@type":"ImageObject","inLanguage":"de","@id":"https:\/\/secure.gravatar.com\/avatar\/fe840ff753768b839caa2dd522d4797f19f7e22fa2da83388e0fbfc570b65a37?s=96&d=mm&r=g","url":"https:\/\/secure.gravatar.com\/avatar\/fe840ff753768b839caa2dd522d4797f19f7e22fa2da83388e0fbfc570b65a37?s=96&d=mm&r=g","contentUrl":"https:\/\/secure.gravatar.com\/avatar\/fe840ff753768b839caa2dd522d4797f19f7e22fa2da83388e0fbfc570b65a37?s=96&d=mm&r=g","caption":"Marlena Muller"},"url":false}]}},"_links":{"self":[{"href":"https:\/\/martinluther.ca\/de\/wp-json\/wp\/v2\/posts\/37990","targetHints":{"allow":["GET"]}}],"collection":[{"href":"https:\/\/martinluther.ca\/de\/wp-json\/wp\/v2\/posts"}],"about":[{"href":"https:\/\/martinluther.ca\/de\/wp-json\/wp\/v2\/types\/post"}],"author":[{"embeddable":true,"href":"https:\/\/martinluther.ca\/de\/wp-json\/wp\/v2\/users\/8"}],"replies":[{"embeddable":true,"href":"https:\/\/martinluther.ca\/de\/wp-json\/wp\/v2\/comments?post=37990"}],"version-history":[{"count":2,"href":"https:\/\/martinluther.ca\/de\/wp-json\/wp\/v2\/posts\/37990\/revisions"}],"predecessor-version":[{"id":38207,"href":"https:\/\/martinluther.ca\/de\/wp-json\/wp\/v2\/posts\/37990\/revisions\/38207"}],"wp:featuredmedia":[{"embeddable":true,"href":"https:\/\/martinluther.ca\/de\/wp-json\/wp\/v2\/media\/37969"}],"wp:attachment":[{"href":"https:\/\/martinluther.ca\/de\/wp-json\/wp\/v2\/media?parent=37990"}],"wp:term":[{"taxonomy":"category","embeddable":true,"href":"https:\/\/martinluther.ca\/de\/wp-json\/wp\/v2\/categories?post=37990"},{"taxonomy":"post_tag","embeddable":true,"href":"https:\/\/martinluther.ca\/de\/wp-json\/wp\/v2\/tags?post=37990"},{"taxonomy":"post_series","embeddable":true,"href":"https:\/\/martinluther.ca\/de\/wp-json\/wp\/v2\/post_series?post=37990"}],"curies":[{"name":"wp","href":"https:\/\/api.w.org\/{rel}","templated":true}]}}