{"id":37995,"date":"2021-04-15T18:08:46","date_gmt":"2021-04-15T22:08:46","guid":{"rendered":"https:\/\/martinluther.ca\/?p=37995"},"modified":"2021-04-15T18:11:03","modified_gmt":"2021-04-15T22:11:03","slug":"wahlergebnis-pastorin-klappert-beginnt-august-2021-in-der-mlk","status":"publish","type":"post","link":"https:\/\/martinluther.ca\/de\/2021\/04\/wahlergebnis-pastorin-klappert-beginnt-august-2021-in-der-mlk\/","title":{"rendered":"Wahlergebnis: Pastorin Klappert beginnt August 2021 in der MLK"},"content":{"rendered":"<figure id=\"attachment_37987\" aria-describedby=\"caption-attachment-37987\" style=\"width: 225px\" class=\"wp-caption alignright\"><a href=\"https:\/\/martinluther.ca\/wp-content\/uploads\/2021\/04\/Pastorin-Annika-Klappert-web.jpg\"><img loading=\"lazy\" decoding=\"async\" class=\"wp-image-37987 size-medium\" src=\"https:\/\/martinluther.ca\/wp-content\/uploads\/2021\/04\/Pastorin-Annika-Klappert-web-225x300.jpg\" alt=\"\" width=\"225\" height=\"300\" srcset=\"https:\/\/martinluther.ca\/wp-content\/uploads\/2021\/04\/Pastorin-Annika-Klappert-web-225x300.jpg 225w, https:\/\/martinluther.ca\/wp-content\/uploads\/2021\/04\/Pastorin-Annika-Klappert-web-768x1024.jpg 768w, https:\/\/martinluther.ca\/wp-content\/uploads\/2021\/04\/Pastorin-Annika-Klappert-web.jpg 864w\" sizes=\"auto, (max-width: 225px) 100vw, 225px\" \/><\/a><figcaption id=\"caption-attachment-37987\" class=\"wp-caption-text\">Pastorin Annika Klappert<\/figcaption><\/figure>\n<p>Der Prozess der Wahl einer neuen Pfarrerin f\u00fcr unsere Gemeinde ist mit einem klaren und eindeutigen Ergebnis zu ihrem Ende gekommen. Wir freuen uns Ihnen und Euch mitteilen zu k\u00f6nnen, dass Pastorin Annika Klappert mit einer Stimmenmehrheit von 82,8% als unsere neue Pastorin best\u00e4tigt wurde. Somit wird ihre Amtszeit am 1. August, 2021 beginnen. Wir danken f\u00fcr Ihre rege Teilnahme an der Abstimmung mit 145 abgegebenen Stimmen von denen 20 Briefwahlstimmen und 125 Emailstimmen waren.<\/p>\n<p>Wir alle sind aufgerufen dem Achtung zu erweisen. Bei allen Beratungen und Entscheidungen haben wir Gott um sein Geleit und seine F\u00fchrung gebeten. F\u00fcr alle Beteiligten war das ein Akt des Vertrauens und der Demut. Jetzt nehmen wir dieses Ergebnis aus seiner Hand und bitten ihn, dass er all die weiteren Bem\u00fchungen segnen m\u00f6ge, die angestellt werden m\u00fcssen, damit Frau Pastorin Annika Klappert im August 2021 hier in unserer Gemeinde ihren Dienst antreten kann.<\/p>\n<p>Wenn Sie Fragen haben, wenden Sie sich bitte wie immer an Mitglieder des Vorstands, um genaue Informationen zu erhalten.<\/p>\n<hr \/>\n<p><strong>Vorstellung Pastorin Annika Klappert \u2013 Interview mit Pastor Dr. Gerhard Hille<\/strong><\/p>\n<p><em>Pastor Dr. Gerhard Hille (G.H.): <\/em><strong>Erz\u00e4hlen Sie doch mal ein bisschen \u00fcber sich! Wo sind Sie aufgewachsen? Wie sieht Ihr famili\u00e4res Umfeld aus, in dem Sie gro\u00df geworden sind?<\/strong><\/p>\n<p><em>Pastorin Annika Klappert (A.K.):<\/em> Geb\u00fcrtig komme ich aus dem sch\u00f6nen Freudenberg im Siegerland S\u00fcdwestfalens. Mein Vater ist Elektroingenieur und meine Mutter Erzieherin. Ich bin das Mittlere von drei Geschwistern (gro\u00dfer Bruder, kleine Schwester) und habe das Leben in einer Kirchengemeinde von klein auf miterlebt: Meinen Eltern war es wichtig, dass ich an den w\u00f6chentlichen Kindergottesdiensten teilnahm, sp\u00e4ter war ich dann im M\u00e4dchenkreis aktiv und habe an Jugendfreizeiten teilgenommen. Nach meiner Konfirmation war ich selbst bei der Gestaltung von Gottesdiensten beteiligt, zum Beispiel beim Schreiben und Auff\u00fchrungen von kleinen Theaterszenen oder der musikalischen Begleitung in der Gemeindeband am Klavier. Auch in der offenen Jugendarbeit war ich eine Zeitlang Mitarbeiterin. Meine Eltern sind beide in hohem Ma\u00dfe ehrenamtlich engagiert, mein Vater im Vorsitz des Presbyteriums und in der technischen Aufr\u00fcstung der Kirche, meine Mutter im Musikteam und bei den Auff\u00fchrungen des Kindergartens.<\/p>\n<p><em>G.H.: <\/em><strong>Was hat Sie als Jugendliche und Heranwachsende besonders interessiert? Was hat Sie in dieser Zeit gepr\u00e4gt?<\/strong><\/p>\n<p><em>A.K.:<\/em> Nach jahrelangem klassischem Klavierunterricht habe ich mir in dieser Lebensphase autodidaktisch die Liedbegleitung mit Akkorden beigebracht und durch meine Mutter die Grundlage des Gitarre Spielens erlernt. Ganze Nachmittage verbrachte ich damit, Popsongs immer wieder anzuh\u00f6ren und herauszufinden, wie die Harmonik funktioniert. Au\u00dferdem war ich jahrelang Mitglied im Volleyballverein, obwohl meine motorischen F\u00e4higkeiten au\u00dferhalb der Musik eher mittelm\u00e4\u00dfig ausgepr\u00e4gt sind. In dieser Phase waren nat\u00fcrlich auch meine Jugendfreundschaften sehr pr\u00e4gend f\u00fcr mich und der Erwerbs des F\u00fchrerscheins mit 18 brachte die gro\u00dfe Freiheit, meine Freizeit auch jenseits der heimatlichen d\u00f6rflichen Strukturen zu verbringen!<\/p>\n<p><em>G.H.: <\/em><strong>Was hat Sie dazu gebracht Theologie zu studieren?<\/strong><\/p>\n<p><em>A.K.:<\/em> In den Jahren nach der Konfirmation erlebte ich immer mehr, dass mich die spezielle Fr\u00f6mmigkeitstradition im Umfeld meiner Heimatkirchengemeinde in meinem Fragen nach Gott eher einengte als befl\u00fcgelte. Ich wollte gerne mehr \u00fcber die Wurzeln und die Geschichte der christlichen Religion herausfinden und wissen, ob es auch noch andere Wege gibt, meinen Glauben zu leben. Gott sei Dank er\u00f6ffnete mir das Theologiestudium genau diese Weite, die ich brauchte, um eigene Standpunkte zu finden und diese auch begr\u00fcnden zu k\u00f6nnen.<\/p>\n<p><em>G.H.: <\/em><strong>Was reizt Sie in Ihrem Beruf als Pfarrerin besonders?<\/strong><\/p>\n<p><em>A.K.:<\/em> Dass ich st\u00e4ndig interessante Menschen kennenlerne, die sich in verschiedenen Lebenssituationen befinden! Es bewegt mich wenn ich in einem Gespr\u00e4ch erlebe, wie sich mein Gegen\u00fcber \u00f6ffnet, mich teilhaben l\u00e4sst an ihrer oder seiner Geschichte, den Gedanken und Gef\u00fchlen, die gerade da sind. Andere Menschen ein St\u00fcck weit begleiten zu d\u00fcrfen, sei es in freudigen Momenten wie anl\u00e4sslich einer Hochzeit oder Taufe oder auch in einer Phase der Trauer oder Krankheit empfinde ich als unfassbar wertvoll und bin froh, wenn ich durch Zuh\u00f6ren, Schweigen, Beten oder einen Segen als Pfarrerin Beistand geben kann.<\/p>\n<p><em>G.H.: <\/em><strong>Was hat Sie bewogen, sich auf die Ausschreibung unserer Pfarrstelle zu bewerben?<\/strong><\/p>\n<p><em>A.K.:<\/em> Die Martin Luther Kirchengemeinde machte schon auf dem Papier auf mich einen unfassbar diversen und lebendigen Eindruck &#8211; es gibt hier so viele verschiedene interessante Gruppen und Projekte! Au\u00dferdem reizt mich der starke sozialdiakonische Anspruch, der die MLC pr\u00e4gt. Ich glaube, dass zum christlichen Glauben, neben dem gemeinsamen Beten, Singen und Bibelstudium auch der Blick auf den N\u00e4chsten au\u00df\u00e9rhalb der eigenen Kirchenmauern geh\u00f6rt. Da w\u00fcrde ich gerne mittun und von Ihnen lernen.<\/p>\n<p><em>G.H.: <\/em><strong>Welche Perspektiven bringen Sie mit und welche Schwerpunkte pastoraler Arbeit m\u00f6chten Sie gerne setzen?<\/strong><\/p>\n<p><em>A.K.:<\/em> Ich habe in meiner Ausbildungs- und Probedienstphase alle Felder pastoraler Arbeit in insgesamt drei verschiedenen Kirchengemeinden intensiv kennen gelernt. Dabei konnte ich selbst eigene Schwerpunkte setzen, einerseits in der Kinder- und Jugendarbeit, unter anderem mit der Organisation und Gestaltung von Kinderbibelwochen und erlebnisp\u00e4dagogischer Konfirmandenarbeit. Andererseits hat mir auch die Begleitung von Seniorinnen und Senioren viel Freude bereitet, zum Beispiel das regelm\u00e4\u00dfiges Gestalten von Nachmittagen in Frauenhilfe und Seniorenkreisen sowie besondere Projekte wie das Rolatorpilgern. Durch meine Arbeit mit jungen Erwachsenen zwischen 20-35 Jahren in der Studierendengemeinde M\u00fcnster bringe ich zudem die Perspektive der nachwachsenden Generation von Kirchenmitgliedern mit ein, die wir schon jetzt in unseren Gemeinden in den Blick nehmen m\u00fcssen, damit Kirche als Ort von Gemeinschaft und Glauben Zukunft hat.<\/p>\n<p><em>G.H.: <\/em><strong>Was hatten Sie f\u00fcr einen ersten Eindruck von unserer Gemeinde nach dem \u201eBewerbungsmarathon\u201c am Wochenende des 27. u d 28. Februars?<\/strong><\/p>\n<p><em>A.K.:<\/em> Ich habe mich trotz der etwas skurrilen digitalen Situation sehr schnell wohl gef\u00fchlt in Ihrer Runde und hatte durch die gro\u00dfe Offenheit und das entspannte Miteinander das Gef\u00fchl: Hier kann ich ganz ich selbst sein! Es hat mich beeindruckt, wie in der MLC Gemeindemitglieder verschiedenster Altersgruppen und mit unterschiedlicher kultureller oder ethnischer Herkunft ganz offensichtlich ihr geistliches Zuhause gefunden haben und sich selbstst\u00e4ndig, humorvoll und konkret in die Gemeinde einbringen.<\/p>\n<p><em>G.H.: <\/em><strong>Was machen Sie, wenn Sie nicht in Sachen \u201eKirche\u201c unterwegs sind? Welchen Interessen gehen Sie nach?<\/strong><\/p>\n<p><em>A.K.:<\/em> In meiner Freizeit verbringe viel Zeit damit, mit Freunden und meiner Familie auf dem Laufenden zu bleiben. Wenn mich die Mu\u00dfe packt, tobe ich mich an meinen Instrumenten aus und in den Lockdownzeiten habe ich auch l\u00e4ngere Spazierg\u00e4nge im nahegelegenen Wald zu sch\u00e4tzen gelernt. Um der in meinem Beruf oftmals sitzenden T\u00e4tigkeit entgegenzusteuern versuche ich mich zudem mit Yoga und Pilates fit zu halten. Und ich probiere gern mit meinem Partner neue Kochrezepte aus!<\/p>\n","protected":false},"excerpt":{"rendered":"<p>Der Prozess der Wahl einer neuen Pfarrerin f\u00fcr unsere Gemeinde ist mit einem klaren und eindeutigen Ergebnis zu ihrem Ende gekommen. Wir freuen uns Ihnen und Euch mitteilen zu k\u00f6nnen, dass Pastorin Annika Klappert mit einer Stimmenmehrheit von 82,8% als unsere neue Pastorin best\u00e4tigt wurde. Somit wird ihre Amtszeit am 1. August, 2021 beginnen. Wir&hellip;<\/p>\n","protected":false},"author":8,"featured_media":37985,"comment_status":"closed","ping_status":"closed","sticky":false,"template":"","format":"standard","meta":{"footnotes":""},"categories":[69],"tags":[],"post_series":[],"class_list":["post-37995","post","type-post","status-publish","format-standard","has-post-thumbnail","hentry","category-news-blog-german","entry","has-media"],"yoast_head":"<!-- This site is optimized with the Yoast SEO plugin v27.5 - https:\/\/yoast.com\/product\/yoast-seo-wordpress\/ -->\n<title>Wahlergebnis: Pastorin Klappert beginnt August 2021 in der MLK - Martin Luther Evangelische Kirche Toronto<\/title>\n<meta name=\"robots\" content=\"index, follow, max-snippet:-1, max-image-preview:large, max-video-preview:-1\" \/>\n<link rel=\"canonical\" href=\"https:\/\/martinluther.ca\/de\/2021\/04\/wahlergebnis-pastorin-klappert-beginnt-august-2021-in-der-mlk\/\" \/>\n<meta property=\"og:locale\" content=\"de_DE\" \/>\n<meta property=\"og:type\" content=\"article\" \/>\n<meta property=\"og:title\" content=\"Wahlergebnis: Pastorin Klappert beginnt August 2021 in der MLK - Martin Luther Evangelische Kirche Toronto\" \/>\n<meta property=\"og:description\" content=\"Der Prozess der Wahl einer neuen Pfarrerin f\u00fcr unsere Gemeinde ist mit einem klaren und eindeutigen Ergebnis zu ihrem Ende gekommen. Wir freuen uns Ihnen und Euch mitteilen zu k\u00f6nnen, dass Pastorin Annika Klappert mit einer Stimmenmehrheit von 82,8% als unsere neue Pastorin best\u00e4tigt wurde. Somit wird ihre Amtszeit am 1. August, 2021 beginnen. Wir&hellip;\" \/>\n<meta property=\"og:url\" content=\"https:\/\/martinluther.ca\/de\/2021\/04\/wahlergebnis-pastorin-klappert-beginnt-august-2021-in-der-mlk\/\" \/>\n<meta property=\"og:site_name\" content=\"Martin Luther Evangelische Kirche Toronto\" \/>\n<meta property=\"article:publisher\" content=\"https:\/\/www.facebook.com\/martinlutherchurchtoronto\" \/>\n<meta property=\"article:published_time\" content=\"2021-04-15T22:08:46+00:00\" \/>\n<meta property=\"article:modified_time\" content=\"2021-04-15T22:11:03+00:00\" \/>\n<meta property=\"og:image\" content=\"https:\/\/martinluther.ca\/wp-content\/uploads\/2021\/04\/Pastorin-Annika-Klappert-homepage.jpg\" \/>\n\t<meta property=\"og:image:width\" content=\"1296\" \/>\n\t<meta property=\"og:image:height\" content=\"972\" \/>\n\t<meta property=\"og:image:type\" content=\"image\/jpeg\" \/>\n<meta name=\"author\" content=\"Marlena Muller\" \/>\n<meta name=\"twitter:card\" content=\"summary_large_image\" \/>\n<meta name=\"twitter:label1\" content=\"Verfasst von\" \/>\n\t<meta name=\"twitter:data1\" content=\"Marlena Muller\" \/>\n\t<meta name=\"twitter:label2\" content=\"Gesch\u00e4tzte Lesezeit\" \/>\n\t<meta name=\"twitter:data2\" content=\"5\u00a0Minuten\" \/>\n<script type=\"application\/ld+json\" class=\"yoast-schema-graph\">{\"@context\":\"https:\\\/\\\/schema.org\",\"@graph\":[{\"@type\":\"Article\",\"@id\":\"https:\\\/\\\/martinluther.ca\\\/de\\\/2021\\\/04\\\/wahlergebnis-pastorin-klappert-beginnt-august-2021-in-der-mlk\\\/#article\",\"isPartOf\":{\"@id\":\"https:\\\/\\\/martinluther.ca\\\/de\\\/2021\\\/04\\\/wahlergebnis-pastorin-klappert-beginnt-august-2021-in-der-mlk\\\/\"},\"author\":{\"name\":\"Marlena Muller\",\"@id\":\"https:\\\/\\\/martinluther.ca\\\/de\\\/#\\\/schema\\\/person\\\/ef4e825f5d9d6fd740bbd7813710e15d\"},\"headline\":\"Wahlergebnis: Pastorin Klappert beginnt August 2021 in der MLK\",\"datePublished\":\"2021-04-15T22:08:46+00:00\",\"dateModified\":\"2021-04-15T22:11:03+00:00\",\"mainEntityOfPage\":{\"@id\":\"https:\\\/\\\/martinluther.ca\\\/de\\\/2021\\\/04\\\/wahlergebnis-pastorin-klappert-beginnt-august-2021-in-der-mlk\\\/\"},\"wordCount\":1151,\"publisher\":{\"@id\":\"https:\\\/\\\/martinluther.ca\\\/de\\\/#organization\"},\"image\":{\"@id\":\"https:\\\/\\\/martinluther.ca\\\/de\\\/2021\\\/04\\\/wahlergebnis-pastorin-klappert-beginnt-august-2021-in-der-mlk\\\/#primaryimage\"},\"thumbnailUrl\":\"https:\\\/\\\/martinluther.ca\\\/wp-content\\\/uploads\\\/2021\\\/04\\\/Pastorin-Annika-Klappert-homepage.jpg\",\"articleSection\":[\"News Blog - German\"],\"inLanguage\":\"de\"},{\"@type\":\"WebPage\",\"@id\":\"https:\\\/\\\/martinluther.ca\\\/de\\\/2021\\\/04\\\/wahlergebnis-pastorin-klappert-beginnt-august-2021-in-der-mlk\\\/\",\"url\":\"https:\\\/\\\/martinluther.ca\\\/de\\\/2021\\\/04\\\/wahlergebnis-pastorin-klappert-beginnt-august-2021-in-der-mlk\\\/\",\"name\":\"Wahlergebnis: Pastorin Klappert beginnt August 2021 in der MLK - Martin Luther Evangelische Kirche Toronto\",\"isPartOf\":{\"@id\":\"https:\\\/\\\/martinluther.ca\\\/de\\\/#website\"},\"primaryImageOfPage\":{\"@id\":\"https:\\\/\\\/martinluther.ca\\\/de\\\/2021\\\/04\\\/wahlergebnis-pastorin-klappert-beginnt-august-2021-in-der-mlk\\\/#primaryimage\"},\"image\":{\"@id\":\"https:\\\/\\\/martinluther.ca\\\/de\\\/2021\\\/04\\\/wahlergebnis-pastorin-klappert-beginnt-august-2021-in-der-mlk\\\/#primaryimage\"},\"thumbnailUrl\":\"https:\\\/\\\/martinluther.ca\\\/wp-content\\\/uploads\\\/2021\\\/04\\\/Pastorin-Annika-Klappert-homepage.jpg\",\"datePublished\":\"2021-04-15T22:08:46+00:00\",\"dateModified\":\"2021-04-15T22:11:03+00:00\",\"breadcrumb\":{\"@id\":\"https:\\\/\\\/martinluther.ca\\\/de\\\/2021\\\/04\\\/wahlergebnis-pastorin-klappert-beginnt-august-2021-in-der-mlk\\\/#breadcrumb\"},\"inLanguage\":\"de\",\"potentialAction\":[{\"@type\":\"ReadAction\",\"target\":[\"https:\\\/\\\/martinluther.ca\\\/de\\\/2021\\\/04\\\/wahlergebnis-pastorin-klappert-beginnt-august-2021-in-der-mlk\\\/\"]}]},{\"@type\":\"ImageObject\",\"inLanguage\":\"de\",\"@id\":\"https:\\\/\\\/martinluther.ca\\\/de\\\/2021\\\/04\\\/wahlergebnis-pastorin-klappert-beginnt-august-2021-in-der-mlk\\\/#primaryimage\",\"url\":\"https:\\\/\\\/martinluther.ca\\\/wp-content\\\/uploads\\\/2021\\\/04\\\/Pastorin-Annika-Klappert-homepage.jpg\",\"contentUrl\":\"https:\\\/\\\/martinluther.ca\\\/wp-content\\\/uploads\\\/2021\\\/04\\\/Pastorin-Annika-Klappert-homepage.jpg\",\"width\":1296,\"height\":972,\"caption\":\"OLYMPUS DIGITAL CAMERA Processed with VSCO with c1 preset\"},{\"@type\":\"BreadcrumbList\",\"@id\":\"https:\\\/\\\/martinluther.ca\\\/de\\\/2021\\\/04\\\/wahlergebnis-pastorin-klappert-beginnt-august-2021-in-der-mlk\\\/#breadcrumb\",\"itemListElement\":[{\"@type\":\"ListItem\",\"position\":1,\"name\":\"Home\",\"item\":\"https:\\\/\\\/martinluther.ca\\\/de\\\/\"},{\"@type\":\"ListItem\",\"position\":2,\"name\":\"Wahlergebnis: Pastorin Klappert beginnt August 2021 in der MLK\"}]},{\"@type\":\"WebSite\",\"@id\":\"https:\\\/\\\/martinluther.ca\\\/de\\\/#website\",\"url\":\"https:\\\/\\\/martinluther.ca\\\/de\\\/\",\"name\":\"Martin Luther Evangelical Church Toronto\",\"description\":\"Deutsch &amp; Englisch\",\"publisher\":{\"@id\":\"https:\\\/\\\/martinluther.ca\\\/de\\\/#organization\"},\"potentialAction\":[{\"@type\":\"SearchAction\",\"target\":{\"@type\":\"EntryPoint\",\"urlTemplate\":\"https:\\\/\\\/martinluther.ca\\\/de\\\/?s={search_term_string}\"},\"query-input\":{\"@type\":\"PropertyValueSpecification\",\"valueRequired\":true,\"valueName\":\"search_term_string\"}}],\"inLanguage\":\"de\"},{\"@type\":\"Organization\",\"@id\":\"https:\\\/\\\/martinluther.ca\\\/de\\\/#organization\",\"name\":\"Martin Luther Evangelical Church Toronto\",\"url\":\"https:\\\/\\\/martinluther.ca\\\/de\\\/\",\"logo\":{\"@type\":\"ImageObject\",\"inLanguage\":\"de\",\"@id\":\"https:\\\/\\\/martinluther.ca\\\/de\\\/#\\\/schema\\\/logo\\\/image\\\/\",\"url\":\"https:\\\/\\\/martinluther.ca\\\/wp-content\\\/uploads\\\/2016\\\/12\\\/ml-logo-300.png\",\"contentUrl\":\"https:\\\/\\\/martinluther.ca\\\/wp-content\\\/uploads\\\/2016\\\/12\\\/ml-logo-300.png\",\"width\":300,\"height\":150,\"caption\":\"Martin Luther Evangelical Church Toronto\"},\"image\":{\"@id\":\"https:\\\/\\\/martinluther.ca\\\/de\\\/#\\\/schema\\\/logo\\\/image\\\/\"},\"sameAs\":[\"https:\\\/\\\/www.facebook.com\\\/martinlutherchurchtoronto\",\"https:\\\/\\\/www.instagram.com\\\/lutheransbythelake\\\/\",\"https:\\\/\\\/www.youtube.com\\\/MartinLutherChurchToronto\"]},{\"@type\":\"Person\",\"@id\":\"https:\\\/\\\/martinluther.ca\\\/de\\\/#\\\/schema\\\/person\\\/ef4e825f5d9d6fd740bbd7813710e15d\",\"name\":\"Marlena Muller\",\"image\":{\"@type\":\"ImageObject\",\"inLanguage\":\"de\",\"@id\":\"https:\\\/\\\/secure.gravatar.com\\\/avatar\\\/fe840ff753768b839caa2dd522d4797f19f7e22fa2da83388e0fbfc570b65a37?s=96&d=mm&r=g\",\"url\":\"https:\\\/\\\/secure.gravatar.com\\\/avatar\\\/fe840ff753768b839caa2dd522d4797f19f7e22fa2da83388e0fbfc570b65a37?s=96&d=mm&r=g\",\"contentUrl\":\"https:\\\/\\\/secure.gravatar.com\\\/avatar\\\/fe840ff753768b839caa2dd522d4797f19f7e22fa2da83388e0fbfc570b65a37?s=96&d=mm&r=g\",\"caption\":\"Marlena Muller\"},\"url\":false}]}<\/script>\n<!-- \/ Yoast SEO plugin. -->","yoast_head_json":{"title":"Wahlergebnis: Pastorin Klappert beginnt August 2021 in der MLK - Martin Luther Evangelische Kirche Toronto","robots":{"index":"index","follow":"follow","max-snippet":"max-snippet:-1","max-image-preview":"max-image-preview:large","max-video-preview":"max-video-preview:-1"},"canonical":"https:\/\/martinluther.ca\/de\/2021\/04\/wahlergebnis-pastorin-klappert-beginnt-august-2021-in-der-mlk\/","og_locale":"de_DE","og_type":"article","og_title":"Wahlergebnis: Pastorin Klappert beginnt August 2021 in der MLK - Martin Luther Evangelische Kirche Toronto","og_description":"Der Prozess der Wahl einer neuen Pfarrerin f\u00fcr unsere Gemeinde ist mit einem klaren und eindeutigen Ergebnis zu ihrem Ende gekommen. Wir freuen uns Ihnen und Euch mitteilen zu k\u00f6nnen, dass Pastorin Annika Klappert mit einer Stimmenmehrheit von 82,8% als unsere neue Pastorin best\u00e4tigt wurde. Somit wird ihre Amtszeit am 1. August, 2021 beginnen. Wir&hellip;","og_url":"https:\/\/martinluther.ca\/de\/2021\/04\/wahlergebnis-pastorin-klappert-beginnt-august-2021-in-der-mlk\/","og_site_name":"Martin Luther Evangelische Kirche Toronto","article_publisher":"https:\/\/www.facebook.com\/martinlutherchurchtoronto","article_published_time":"2021-04-15T22:08:46+00:00","article_modified_time":"2021-04-15T22:11:03+00:00","og_image":[{"width":1296,"height":972,"url":"https:\/\/martinluther.ca\/wp-content\/uploads\/2021\/04\/Pastorin-Annika-Klappert-homepage.jpg","type":"image\/jpeg"}],"author":"Marlena Muller","twitter_card":"summary_large_image","twitter_misc":{"Verfasst von":"Marlena Muller","Gesch\u00e4tzte Lesezeit":"5\u00a0Minuten"},"schema":{"@context":"https:\/\/schema.org","@graph":[{"@type":"Article","@id":"https:\/\/martinluther.ca\/de\/2021\/04\/wahlergebnis-pastorin-klappert-beginnt-august-2021-in-der-mlk\/#article","isPartOf":{"@id":"https:\/\/martinluther.ca\/de\/2021\/04\/wahlergebnis-pastorin-klappert-beginnt-august-2021-in-der-mlk\/"},"author":{"name":"Marlena Muller","@id":"https:\/\/martinluther.ca\/de\/#\/schema\/person\/ef4e825f5d9d6fd740bbd7813710e15d"},"headline":"Wahlergebnis: Pastorin Klappert beginnt August 2021 in der MLK","datePublished":"2021-04-15T22:08:46+00:00","dateModified":"2021-04-15T22:11:03+00:00","mainEntityOfPage":{"@id":"https:\/\/martinluther.ca\/de\/2021\/04\/wahlergebnis-pastorin-klappert-beginnt-august-2021-in-der-mlk\/"},"wordCount":1151,"publisher":{"@id":"https:\/\/martinluther.ca\/de\/#organization"},"image":{"@id":"https:\/\/martinluther.ca\/de\/2021\/04\/wahlergebnis-pastorin-klappert-beginnt-august-2021-in-der-mlk\/#primaryimage"},"thumbnailUrl":"https:\/\/martinluther.ca\/wp-content\/uploads\/2021\/04\/Pastorin-Annika-Klappert-homepage.jpg","articleSection":["News Blog - German"],"inLanguage":"de"},{"@type":"WebPage","@id":"https:\/\/martinluther.ca\/de\/2021\/04\/wahlergebnis-pastorin-klappert-beginnt-august-2021-in-der-mlk\/","url":"https:\/\/martinluther.ca\/de\/2021\/04\/wahlergebnis-pastorin-klappert-beginnt-august-2021-in-der-mlk\/","name":"Wahlergebnis: Pastorin Klappert beginnt August 2021 in der MLK - Martin Luther Evangelische Kirche Toronto","isPartOf":{"@id":"https:\/\/martinluther.ca\/de\/#website"},"primaryImageOfPage":{"@id":"https:\/\/martinluther.ca\/de\/2021\/04\/wahlergebnis-pastorin-klappert-beginnt-august-2021-in-der-mlk\/#primaryimage"},"image":{"@id":"https:\/\/martinluther.ca\/de\/2021\/04\/wahlergebnis-pastorin-klappert-beginnt-august-2021-in-der-mlk\/#primaryimage"},"thumbnailUrl":"https:\/\/martinluther.ca\/wp-content\/uploads\/2021\/04\/Pastorin-Annika-Klappert-homepage.jpg","datePublished":"2021-04-15T22:08:46+00:00","dateModified":"2021-04-15T22:11:03+00:00","breadcrumb":{"@id":"https:\/\/martinluther.ca\/de\/2021\/04\/wahlergebnis-pastorin-klappert-beginnt-august-2021-in-der-mlk\/#breadcrumb"},"inLanguage":"de","potentialAction":[{"@type":"ReadAction","target":["https:\/\/martinluther.ca\/de\/2021\/04\/wahlergebnis-pastorin-klappert-beginnt-august-2021-in-der-mlk\/"]}]},{"@type":"ImageObject","inLanguage":"de","@id":"https:\/\/martinluther.ca\/de\/2021\/04\/wahlergebnis-pastorin-klappert-beginnt-august-2021-in-der-mlk\/#primaryimage","url":"https:\/\/martinluther.ca\/wp-content\/uploads\/2021\/04\/Pastorin-Annika-Klappert-homepage.jpg","contentUrl":"https:\/\/martinluther.ca\/wp-content\/uploads\/2021\/04\/Pastorin-Annika-Klappert-homepage.jpg","width":1296,"height":972,"caption":"OLYMPUS DIGITAL CAMERA Processed with VSCO with c1 preset"},{"@type":"BreadcrumbList","@id":"https:\/\/martinluther.ca\/de\/2021\/04\/wahlergebnis-pastorin-klappert-beginnt-august-2021-in-der-mlk\/#breadcrumb","itemListElement":[{"@type":"ListItem","position":1,"name":"Home","item":"https:\/\/martinluther.ca\/de\/"},{"@type":"ListItem","position":2,"name":"Wahlergebnis: Pastorin Klappert beginnt August 2021 in der MLK"}]},{"@type":"WebSite","@id":"https:\/\/martinluther.ca\/de\/#website","url":"https:\/\/martinluther.ca\/de\/","name":"Martin Luther Evangelical Church Toronto","description":"Deutsch &amp; Englisch","publisher":{"@id":"https:\/\/martinluther.ca\/de\/#organization"},"potentialAction":[{"@type":"SearchAction","target":{"@type":"EntryPoint","urlTemplate":"https:\/\/martinluther.ca\/de\/?s={search_term_string}"},"query-input":{"@type":"PropertyValueSpecification","valueRequired":true,"valueName":"search_term_string"}}],"inLanguage":"de"},{"@type":"Organization","@id":"https:\/\/martinluther.ca\/de\/#organization","name":"Martin Luther Evangelical Church Toronto","url":"https:\/\/martinluther.ca\/de\/","logo":{"@type":"ImageObject","inLanguage":"de","@id":"https:\/\/martinluther.ca\/de\/#\/schema\/logo\/image\/","url":"https:\/\/martinluther.ca\/wp-content\/uploads\/2016\/12\/ml-logo-300.png","contentUrl":"https:\/\/martinluther.ca\/wp-content\/uploads\/2016\/12\/ml-logo-300.png","width":300,"height":150,"caption":"Martin Luther Evangelical Church Toronto"},"image":{"@id":"https:\/\/martinluther.ca\/de\/#\/schema\/logo\/image\/"},"sameAs":["https:\/\/www.facebook.com\/martinlutherchurchtoronto","https:\/\/www.instagram.com\/lutheransbythelake\/","https:\/\/www.youtube.com\/MartinLutherChurchToronto"]},{"@type":"Person","@id":"https:\/\/martinluther.ca\/de\/#\/schema\/person\/ef4e825f5d9d6fd740bbd7813710e15d","name":"Marlena Muller","image":{"@type":"ImageObject","inLanguage":"de","@id":"https:\/\/secure.gravatar.com\/avatar\/fe840ff753768b839caa2dd522d4797f19f7e22fa2da83388e0fbfc570b65a37?s=96&d=mm&r=g","url":"https:\/\/secure.gravatar.com\/avatar\/fe840ff753768b839caa2dd522d4797f19f7e22fa2da83388e0fbfc570b65a37?s=96&d=mm&r=g","contentUrl":"https:\/\/secure.gravatar.com\/avatar\/fe840ff753768b839caa2dd522d4797f19f7e22fa2da83388e0fbfc570b65a37?s=96&d=mm&r=g","caption":"Marlena Muller"},"url":false}]}},"_links":{"self":[{"href":"https:\/\/martinluther.ca\/de\/wp-json\/wp\/v2\/posts\/37995","targetHints":{"allow":["GET"]}}],"collection":[{"href":"https:\/\/martinluther.ca\/de\/wp-json\/wp\/v2\/posts"}],"about":[{"href":"https:\/\/martinluther.ca\/de\/wp-json\/wp\/v2\/types\/post"}],"author":[{"embeddable":true,"href":"https:\/\/martinluther.ca\/de\/wp-json\/wp\/v2\/users\/8"}],"replies":[{"embeddable":true,"href":"https:\/\/martinluther.ca\/de\/wp-json\/wp\/v2\/comments?post=37995"}],"version-history":[{"count":4,"href":"https:\/\/martinluther.ca\/de\/wp-json\/wp\/v2\/posts\/37995\/revisions"}],"predecessor-version":[{"id":38014,"href":"https:\/\/martinluther.ca\/de\/wp-json\/wp\/v2\/posts\/37995\/revisions\/38014"}],"wp:featuredmedia":[{"embeddable":true,"href":"https:\/\/martinluther.ca\/de\/wp-json\/wp\/v2\/media\/37985"}],"wp:attachment":[{"href":"https:\/\/martinluther.ca\/de\/wp-json\/wp\/v2\/media?parent=37995"}],"wp:term":[{"taxonomy":"category","embeddable":true,"href":"https:\/\/martinluther.ca\/de\/wp-json\/wp\/v2\/categories?post=37995"},{"taxonomy":"post_tag","embeddable":true,"href":"https:\/\/martinluther.ca\/de\/wp-json\/wp\/v2\/tags?post=37995"},{"taxonomy":"post_series","embeddable":true,"href":"https:\/\/martinluther.ca\/de\/wp-json\/wp\/v2\/post_series?post=37995"}],"curies":[{"name":"wp","href":"https:\/\/api.w.org\/{rel}","templated":true}]}}