{"id":38055,"date":"2021-04-26T17:35:46","date_gmt":"2021-04-26T21:35:46","guid":{"rendered":"https:\/\/martinluther.ca\/?p=38055"},"modified":"2021-05-11T14:40:13","modified_gmt":"2021-05-11T18:40:13","slug":"andacht-von-pastor-hille-wir-zeigen-dass-wir-uns-umeinander-kuemmern","status":"publish","type":"post","link":"https:\/\/martinluther.ca\/de\/2021\/04\/andacht-von-pastor-hille-wir-zeigen-dass-wir-uns-umeinander-kuemmern\/","title":{"rendered":"Andacht von Pastor Hille- Wir zeigen, dass wir uns umeinander k\u00fcmmern"},"content":{"rendered":"<p><em><strong>\u00d6ffne deinen Mund f\u00fcr den Stummen, f\u00fcr das Recht aller Schwachen! (Spr\u00fcche 31, 8)<\/strong><\/em><\/p>\n<p>Liebe Mitglieder und Freunde der Martin Luther Kirche!<\/p>\n<p>Es ist eine lange kirchliche Tradition, jedem Monat einen so genannten Monatsspruch hinzuzuf\u00fcgen. Den f\u00fcr Mai 2021 habe ich Ihnen oben aufgeschrieben.<\/p>\n<p>Neben der Aufgabe zu predigen, Gottesdienst zu feiern, ist es die wichtigste und vornehmste Aufgabe einer Gemeinde, sich um die Schwachen und Sprachlosen zu k\u00fcmmern. Warum das so ist? Weil Gott selber die Sache dieser Menschen zu seiner eigenen Sache gemacht hat und wir seine Arme zur Umsetzung sind. Gottes Erbarmen \u00fcber die Menschen soll sich in der Seelsorge und der Diakonie der Gemeinde zeigen. Die \u201eSchwachen und Sprachlosen\u201c sollen darin begreifen, dass Gott f\u00fcr sie da ist, sie nicht vergessen hat in der Not ihrer Gegenwart. Dieses Wissen, diese Erkenntnis hat die gro\u00dfen Vorbilder in der Geschichte der Kirche vorangetrieben. Dabei denke ich z.B. an Friedrich von Bodelschwingh (Bethel), Alber Schweitzer (Lambarene), Mutter Teresa (Colombo, Madras und Kalkutta) und viele andere.<\/p>\n<p><a href=\"https:\/\/martinluther.ca\/wp-content\/uploads\/2021\/04\/Easter-Celebration14.jpg\"><img loading=\"lazy\" decoding=\"async\" class=\"alignright size-medium wp-image-38053\" src=\"https:\/\/martinluther.ca\/wp-content\/uploads\/2021\/04\/Easter-Celebration14-300x225.jpg\" alt=\"\" width=\"300\" height=\"225\" srcset=\"https:\/\/martinluther.ca\/wp-content\/uploads\/2021\/04\/Easter-Celebration14-300x225.jpg 300w, https:\/\/martinluther.ca\/wp-content\/uploads\/2021\/04\/Easter-Celebration14.jpg 638w\" sizes=\"auto, (max-width: 300px) 100vw, 300px\" \/><\/a>Nat\u00fcrlich wissen wir auch, wie schwierig es gerade in dieser Zeit des Lockdowns ist, diese H\u00e4nde Gottes in unserem direkten und unmittelbaren Umfeld unserer Gemeinde zu sein. Begegnungen zu organisieren, ist fast unm\u00f6glich, Hausbesuche fast unm\u00f6glich und pers\u00f6nliche Begleitung ein zu oft unerf\u00fcllter Wunsch. Trotzdem bewundere ich die Phantasie vieler Menschen in unserer Gemeinde, in Treue und Zuverl\u00e4ssigkeit f\u00fcr andere einfach nur da zu sein und Zeichen f\u00fcr unser gemeindliches Miteinander zu setzen. Immer wieder kommen bei mir Telefonate an, in denen ich h\u00f6re, wie dieses mit Nachdruck und Engagement geschieht. Mich erf\u00fcllt das mit Freude und Dankbarkeit.<\/p>\n<p>Auch die Briefe [und Emails die wir schicken] sollen in dieser Richtung ein kleines Zeichen f\u00fcr Sie alle sein, und ich bitte Sie, dieses genau so zu verstehen: Die Martin Luther Kirche ist pr\u00e4sent, stellt sich den Herausforderungen der Gegenwart, und alle Aktiven tun ihr Bestes, um den Mund f\u00fcr den Stummen zu \u00f6ffnen und f\u00fcr das Recht aller Schwachen einzustehen.<\/p>\n<p>In diesem Sinne gr\u00fc\u00dfe ich Sie alle ganz herzlich!<\/p>\n<p>Ihr Pastor Gerhard Hille<\/p>\n<p>P.S. Please share the name of a family member or friend in case we can&#8217;t reach you, as well as someone you keep in touch with in the congregation so that we can support you.<\/p>\n<p><a href=\"https:\/\/martinluther.ca\/wp-content\/uploads\/2021\/04\/Return-Contact-Info-Digital.jpg\"><img loading=\"lazy\" decoding=\"async\" class=\"aligncenter wp-image-38061\" src=\"https:\/\/martinluther.ca\/wp-content\/uploads\/2021\/04\/Return-Contact-Info-Digital.jpg\" alt=\"\" width=\"500\" height=\"386\" srcset=\"https:\/\/martinluther.ca\/wp-content\/uploads\/2021\/04\/Return-Contact-Info-Digital.jpg 825w, https:\/\/martinluther.ca\/wp-content\/uploads\/2021\/04\/Return-Contact-Info-Digital-300x232.jpg 300w, https:\/\/martinluther.ca\/wp-content\/uploads\/2021\/04\/Return-Contact-Info-Digital-768x593.jpg 768w\" sizes=\"auto, (max-width: 500px) 100vw, 500px\" \/><\/a><\/p>\n","protected":false},"excerpt":{"rendered":"<p>\u00d6ffne deinen Mund f\u00fcr den Stummen, f\u00fcr das Recht aller Schwachen! (Spr\u00fcche 31, 8) Liebe Mitglieder und Freunde der Martin Luther Kirche! Es ist eine lange kirchliche Tradition, jedem Monat einen so genannten Monatsspruch hinzuzuf\u00fcgen. Den f\u00fcr Mai 2021 habe ich Ihnen oben aufgeschrieben. Neben der Aufgabe zu predigen, Gottesdienst zu feiern, ist es die&hellip;<\/p>\n","protected":false},"author":8,"featured_media":38053,"comment_status":"closed","ping_status":"closed","sticky":false,"template":"","format":"standard","meta":{"footnotes":""},"categories":[69],"tags":[],"post_series":[],"class_list":["post-38055","post","type-post","status-publish","format-standard","has-post-thumbnail","hentry","category-news-blog-german","entry","has-media"],"yoast_head":"<!-- This site is optimized with the Yoast SEO plugin v27.5 - https:\/\/yoast.com\/product\/yoast-seo-wordpress\/ -->\n<title>Andacht von Pastor Hille- Wir zeigen, dass wir uns umeinander k\u00fcmmern - Martin Luther Evangelische Kirche Toronto<\/title>\n<meta name=\"robots\" content=\"index, follow, max-snippet:-1, max-image-preview:large, max-video-preview:-1\" \/>\n<link rel=\"canonical\" href=\"https:\/\/martinluther.ca\/de\/2021\/04\/andacht-von-pastor-hille-wir-zeigen-dass-wir-uns-umeinander-kuemmern\/\" \/>\n<meta property=\"og:locale\" content=\"de_DE\" \/>\n<meta property=\"og:type\" content=\"article\" \/>\n<meta property=\"og:title\" content=\"Andacht von Pastor Hille- Wir zeigen, dass wir uns umeinander k\u00fcmmern - Martin Luther Evangelische Kirche Toronto\" \/>\n<meta property=\"og:description\" content=\"\u00d6ffne deinen Mund f\u00fcr den Stummen, f\u00fcr das Recht aller Schwachen! (Spr\u00fcche 31, 8) Liebe Mitglieder und Freunde der Martin Luther Kirche! Es ist eine lange kirchliche Tradition, jedem Monat einen so genannten Monatsspruch hinzuzuf\u00fcgen. Den f\u00fcr Mai 2021 habe ich Ihnen oben aufgeschrieben. Neben der Aufgabe zu predigen, Gottesdienst zu feiern, ist es die&hellip;\" \/>\n<meta property=\"og:url\" content=\"https:\/\/martinluther.ca\/de\/2021\/04\/andacht-von-pastor-hille-wir-zeigen-dass-wir-uns-umeinander-kuemmern\/\" \/>\n<meta property=\"og:site_name\" content=\"Martin Luther Evangelische Kirche Toronto\" \/>\n<meta property=\"article:publisher\" content=\"https:\/\/www.facebook.com\/martinlutherchurchtoronto\" \/>\n<meta property=\"article:published_time\" content=\"2021-04-26T21:35:46+00:00\" \/>\n<meta property=\"article:modified_time\" content=\"2021-05-11T18:40:13+00:00\" \/>\n<meta property=\"og:image\" content=\"https:\/\/martinluther.ca\/wp-content\/uploads\/2021\/04\/Easter-Celebration14.jpg\" \/>\n\t<meta property=\"og:image:width\" content=\"638\" \/>\n\t<meta property=\"og:image:height\" content=\"479\" \/>\n\t<meta property=\"og:image:type\" content=\"image\/jpeg\" \/>\n<meta name=\"author\" content=\"Marlena Muller\" \/>\n<meta name=\"twitter:card\" content=\"summary_large_image\" \/>\n<meta name=\"twitter:label1\" content=\"Verfasst von\" \/>\n\t<meta name=\"twitter:data1\" content=\"Marlena Muller\" \/>\n\t<meta name=\"twitter:label2\" content=\"Gesch\u00e4tzte Lesezeit\" \/>\n\t<meta name=\"twitter:data2\" content=\"3\u00a0Minuten\" \/>\n<script type=\"application\/ld+json\" class=\"yoast-schema-graph\">{\"@context\":\"https:\\\/\\\/schema.org\",\"@graph\":[{\"@type\":\"Article\",\"@id\":\"https:\\\/\\\/martinluther.ca\\\/de\\\/2021\\\/04\\\/andacht-von-pastor-hille-wir-zeigen-dass-wir-uns-umeinander-kuemmern\\\/#article\",\"isPartOf\":{\"@id\":\"https:\\\/\\\/martinluther.ca\\\/de\\\/2021\\\/04\\\/andacht-von-pastor-hille-wir-zeigen-dass-wir-uns-umeinander-kuemmern\\\/\"},\"author\":{\"name\":\"Marlena Muller\",\"@id\":\"https:\\\/\\\/martinluther.ca\\\/de\\\/#\\\/schema\\\/person\\\/ef4e825f5d9d6fd740bbd7813710e15d\"},\"headline\":\"Andacht von Pastor Hille- Wir zeigen, dass wir uns umeinander k\u00fcmmern\",\"datePublished\":\"2021-04-26T21:35:46+00:00\",\"dateModified\":\"2021-05-11T18:40:13+00:00\",\"mainEntityOfPage\":{\"@id\":\"https:\\\/\\\/martinluther.ca\\\/de\\\/2021\\\/04\\\/andacht-von-pastor-hille-wir-zeigen-dass-wir-uns-umeinander-kuemmern\\\/\"},\"wordCount\":409,\"publisher\":{\"@id\":\"https:\\\/\\\/martinluther.ca\\\/de\\\/#organization\"},\"image\":{\"@id\":\"https:\\\/\\\/martinluther.ca\\\/de\\\/2021\\\/04\\\/andacht-von-pastor-hille-wir-zeigen-dass-wir-uns-umeinander-kuemmern\\\/#primaryimage\"},\"thumbnailUrl\":\"https:\\\/\\\/martinluther.ca\\\/wp-content\\\/uploads\\\/2021\\\/04\\\/Easter-Celebration14.jpg\",\"articleSection\":[\"News Blog - German\"],\"inLanguage\":\"de\"},{\"@type\":\"WebPage\",\"@id\":\"https:\\\/\\\/martinluther.ca\\\/de\\\/2021\\\/04\\\/andacht-von-pastor-hille-wir-zeigen-dass-wir-uns-umeinander-kuemmern\\\/\",\"url\":\"https:\\\/\\\/martinluther.ca\\\/de\\\/2021\\\/04\\\/andacht-von-pastor-hille-wir-zeigen-dass-wir-uns-umeinander-kuemmern\\\/\",\"name\":\"Andacht von Pastor Hille- Wir zeigen, dass wir uns umeinander k\u00fcmmern - Martin Luther Evangelische Kirche Toronto\",\"isPartOf\":{\"@id\":\"https:\\\/\\\/martinluther.ca\\\/de\\\/#website\"},\"primaryImageOfPage\":{\"@id\":\"https:\\\/\\\/martinluther.ca\\\/de\\\/2021\\\/04\\\/andacht-von-pastor-hille-wir-zeigen-dass-wir-uns-umeinander-kuemmern\\\/#primaryimage\"},\"image\":{\"@id\":\"https:\\\/\\\/martinluther.ca\\\/de\\\/2021\\\/04\\\/andacht-von-pastor-hille-wir-zeigen-dass-wir-uns-umeinander-kuemmern\\\/#primaryimage\"},\"thumbnailUrl\":\"https:\\\/\\\/martinluther.ca\\\/wp-content\\\/uploads\\\/2021\\\/04\\\/Easter-Celebration14.jpg\",\"datePublished\":\"2021-04-26T21:35:46+00:00\",\"dateModified\":\"2021-05-11T18:40:13+00:00\",\"breadcrumb\":{\"@id\":\"https:\\\/\\\/martinluther.ca\\\/de\\\/2021\\\/04\\\/andacht-von-pastor-hille-wir-zeigen-dass-wir-uns-umeinander-kuemmern\\\/#breadcrumb\"},\"inLanguage\":\"de\",\"potentialAction\":[{\"@type\":\"ReadAction\",\"target\":[\"https:\\\/\\\/martinluther.ca\\\/de\\\/2021\\\/04\\\/andacht-von-pastor-hille-wir-zeigen-dass-wir-uns-umeinander-kuemmern\\\/\"]}]},{\"@type\":\"ImageObject\",\"inLanguage\":\"de\",\"@id\":\"https:\\\/\\\/martinluther.ca\\\/de\\\/2021\\\/04\\\/andacht-von-pastor-hille-wir-zeigen-dass-wir-uns-umeinander-kuemmern\\\/#primaryimage\",\"url\":\"https:\\\/\\\/martinluther.ca\\\/wp-content\\\/uploads\\\/2021\\\/04\\\/Easter-Celebration14.jpg\",\"contentUrl\":\"https:\\\/\\\/martinluther.ca\\\/wp-content\\\/uploads\\\/2021\\\/04\\\/Easter-Celebration14.jpg\",\"width\":638,\"height\":479},{\"@type\":\"BreadcrumbList\",\"@id\":\"https:\\\/\\\/martinluther.ca\\\/de\\\/2021\\\/04\\\/andacht-von-pastor-hille-wir-zeigen-dass-wir-uns-umeinander-kuemmern\\\/#breadcrumb\",\"itemListElement\":[{\"@type\":\"ListItem\",\"position\":1,\"name\":\"Home\",\"item\":\"https:\\\/\\\/martinluther.ca\\\/de\\\/\"},{\"@type\":\"ListItem\",\"position\":2,\"name\":\"Andacht von Pastor Hille- Wir zeigen, dass wir uns umeinander k\u00fcmmern\"}]},{\"@type\":\"WebSite\",\"@id\":\"https:\\\/\\\/martinluther.ca\\\/de\\\/#website\",\"url\":\"https:\\\/\\\/martinluther.ca\\\/de\\\/\",\"name\":\"Martin Luther Evangelical Church Toronto\",\"description\":\"Deutsch &amp; Englisch\",\"publisher\":{\"@id\":\"https:\\\/\\\/martinluther.ca\\\/de\\\/#organization\"},\"potentialAction\":[{\"@type\":\"SearchAction\",\"target\":{\"@type\":\"EntryPoint\",\"urlTemplate\":\"https:\\\/\\\/martinluther.ca\\\/de\\\/?s={search_term_string}\"},\"query-input\":{\"@type\":\"PropertyValueSpecification\",\"valueRequired\":true,\"valueName\":\"search_term_string\"}}],\"inLanguage\":\"de\"},{\"@type\":\"Organization\",\"@id\":\"https:\\\/\\\/martinluther.ca\\\/de\\\/#organization\",\"name\":\"Martin Luther Evangelical Church Toronto\",\"url\":\"https:\\\/\\\/martinluther.ca\\\/de\\\/\",\"logo\":{\"@type\":\"ImageObject\",\"inLanguage\":\"de\",\"@id\":\"https:\\\/\\\/martinluther.ca\\\/de\\\/#\\\/schema\\\/logo\\\/image\\\/\",\"url\":\"https:\\\/\\\/martinluther.ca\\\/wp-content\\\/uploads\\\/2016\\\/12\\\/ml-logo-300.png\",\"contentUrl\":\"https:\\\/\\\/martinluther.ca\\\/wp-content\\\/uploads\\\/2016\\\/12\\\/ml-logo-300.png\",\"width\":300,\"height\":150,\"caption\":\"Martin Luther Evangelical Church Toronto\"},\"image\":{\"@id\":\"https:\\\/\\\/martinluther.ca\\\/de\\\/#\\\/schema\\\/logo\\\/image\\\/\"},\"sameAs\":[\"https:\\\/\\\/www.facebook.com\\\/martinlutherchurchtoronto\",\"https:\\\/\\\/www.instagram.com\\\/lutheransbythelake\\\/\",\"https:\\\/\\\/www.youtube.com\\\/MartinLutherChurchToronto\"]},{\"@type\":\"Person\",\"@id\":\"https:\\\/\\\/martinluther.ca\\\/de\\\/#\\\/schema\\\/person\\\/ef4e825f5d9d6fd740bbd7813710e15d\",\"name\":\"Marlena Muller\",\"image\":{\"@type\":\"ImageObject\",\"inLanguage\":\"de\",\"@id\":\"https:\\\/\\\/secure.gravatar.com\\\/avatar\\\/fe840ff753768b839caa2dd522d4797f19f7e22fa2da83388e0fbfc570b65a37?s=96&d=mm&r=g\",\"url\":\"https:\\\/\\\/secure.gravatar.com\\\/avatar\\\/fe840ff753768b839caa2dd522d4797f19f7e22fa2da83388e0fbfc570b65a37?s=96&d=mm&r=g\",\"contentUrl\":\"https:\\\/\\\/secure.gravatar.com\\\/avatar\\\/fe840ff753768b839caa2dd522d4797f19f7e22fa2da83388e0fbfc570b65a37?s=96&d=mm&r=g\",\"caption\":\"Marlena Muller\"},\"url\":false}]}<\/script>\n<!-- \/ Yoast SEO plugin. -->","yoast_head_json":{"title":"Andacht von Pastor Hille- Wir zeigen, dass wir uns umeinander k\u00fcmmern - Martin Luther Evangelische Kirche Toronto","robots":{"index":"index","follow":"follow","max-snippet":"max-snippet:-1","max-image-preview":"max-image-preview:large","max-video-preview":"max-video-preview:-1"},"canonical":"https:\/\/martinluther.ca\/de\/2021\/04\/andacht-von-pastor-hille-wir-zeigen-dass-wir-uns-umeinander-kuemmern\/","og_locale":"de_DE","og_type":"article","og_title":"Andacht von Pastor Hille- Wir zeigen, dass wir uns umeinander k\u00fcmmern - Martin Luther Evangelische Kirche Toronto","og_description":"\u00d6ffne deinen Mund f\u00fcr den Stummen, f\u00fcr das Recht aller Schwachen! (Spr\u00fcche 31, 8) Liebe Mitglieder und Freunde der Martin Luther Kirche! Es ist eine lange kirchliche Tradition, jedem Monat einen so genannten Monatsspruch hinzuzuf\u00fcgen. Den f\u00fcr Mai 2021 habe ich Ihnen oben aufgeschrieben. Neben der Aufgabe zu predigen, Gottesdienst zu feiern, ist es die&hellip;","og_url":"https:\/\/martinluther.ca\/de\/2021\/04\/andacht-von-pastor-hille-wir-zeigen-dass-wir-uns-umeinander-kuemmern\/","og_site_name":"Martin Luther Evangelische Kirche Toronto","article_publisher":"https:\/\/www.facebook.com\/martinlutherchurchtoronto","article_published_time":"2021-04-26T21:35:46+00:00","article_modified_time":"2021-05-11T18:40:13+00:00","og_image":[{"width":638,"height":479,"url":"https:\/\/martinluther.ca\/wp-content\/uploads\/2021\/04\/Easter-Celebration14.jpg","type":"image\/jpeg"}],"author":"Marlena Muller","twitter_card":"summary_large_image","twitter_misc":{"Verfasst von":"Marlena Muller","Gesch\u00e4tzte Lesezeit":"3\u00a0Minuten"},"schema":{"@context":"https:\/\/schema.org","@graph":[{"@type":"Article","@id":"https:\/\/martinluther.ca\/de\/2021\/04\/andacht-von-pastor-hille-wir-zeigen-dass-wir-uns-umeinander-kuemmern\/#article","isPartOf":{"@id":"https:\/\/martinluther.ca\/de\/2021\/04\/andacht-von-pastor-hille-wir-zeigen-dass-wir-uns-umeinander-kuemmern\/"},"author":{"name":"Marlena Muller","@id":"https:\/\/martinluther.ca\/de\/#\/schema\/person\/ef4e825f5d9d6fd740bbd7813710e15d"},"headline":"Andacht von Pastor Hille- Wir zeigen, dass wir uns umeinander k\u00fcmmern","datePublished":"2021-04-26T21:35:46+00:00","dateModified":"2021-05-11T18:40:13+00:00","mainEntityOfPage":{"@id":"https:\/\/martinluther.ca\/de\/2021\/04\/andacht-von-pastor-hille-wir-zeigen-dass-wir-uns-umeinander-kuemmern\/"},"wordCount":409,"publisher":{"@id":"https:\/\/martinluther.ca\/de\/#organization"},"image":{"@id":"https:\/\/martinluther.ca\/de\/2021\/04\/andacht-von-pastor-hille-wir-zeigen-dass-wir-uns-umeinander-kuemmern\/#primaryimage"},"thumbnailUrl":"https:\/\/martinluther.ca\/wp-content\/uploads\/2021\/04\/Easter-Celebration14.jpg","articleSection":["News Blog - German"],"inLanguage":"de"},{"@type":"WebPage","@id":"https:\/\/martinluther.ca\/de\/2021\/04\/andacht-von-pastor-hille-wir-zeigen-dass-wir-uns-umeinander-kuemmern\/","url":"https:\/\/martinluther.ca\/de\/2021\/04\/andacht-von-pastor-hille-wir-zeigen-dass-wir-uns-umeinander-kuemmern\/","name":"Andacht von Pastor Hille- Wir zeigen, dass wir uns umeinander k\u00fcmmern - Martin Luther Evangelische Kirche Toronto","isPartOf":{"@id":"https:\/\/martinluther.ca\/de\/#website"},"primaryImageOfPage":{"@id":"https:\/\/martinluther.ca\/de\/2021\/04\/andacht-von-pastor-hille-wir-zeigen-dass-wir-uns-umeinander-kuemmern\/#primaryimage"},"image":{"@id":"https:\/\/martinluther.ca\/de\/2021\/04\/andacht-von-pastor-hille-wir-zeigen-dass-wir-uns-umeinander-kuemmern\/#primaryimage"},"thumbnailUrl":"https:\/\/martinluther.ca\/wp-content\/uploads\/2021\/04\/Easter-Celebration14.jpg","datePublished":"2021-04-26T21:35:46+00:00","dateModified":"2021-05-11T18:40:13+00:00","breadcrumb":{"@id":"https:\/\/martinluther.ca\/de\/2021\/04\/andacht-von-pastor-hille-wir-zeigen-dass-wir-uns-umeinander-kuemmern\/#breadcrumb"},"inLanguage":"de","potentialAction":[{"@type":"ReadAction","target":["https:\/\/martinluther.ca\/de\/2021\/04\/andacht-von-pastor-hille-wir-zeigen-dass-wir-uns-umeinander-kuemmern\/"]}]},{"@type":"ImageObject","inLanguage":"de","@id":"https:\/\/martinluther.ca\/de\/2021\/04\/andacht-von-pastor-hille-wir-zeigen-dass-wir-uns-umeinander-kuemmern\/#primaryimage","url":"https:\/\/martinluther.ca\/wp-content\/uploads\/2021\/04\/Easter-Celebration14.jpg","contentUrl":"https:\/\/martinluther.ca\/wp-content\/uploads\/2021\/04\/Easter-Celebration14.jpg","width":638,"height":479},{"@type":"BreadcrumbList","@id":"https:\/\/martinluther.ca\/de\/2021\/04\/andacht-von-pastor-hille-wir-zeigen-dass-wir-uns-umeinander-kuemmern\/#breadcrumb","itemListElement":[{"@type":"ListItem","position":1,"name":"Home","item":"https:\/\/martinluther.ca\/de\/"},{"@type":"ListItem","position":2,"name":"Andacht von Pastor Hille- Wir zeigen, dass wir uns umeinander k\u00fcmmern"}]},{"@type":"WebSite","@id":"https:\/\/martinluther.ca\/de\/#website","url":"https:\/\/martinluther.ca\/de\/","name":"Martin Luther Evangelical Church Toronto","description":"Deutsch &amp; Englisch","publisher":{"@id":"https:\/\/martinluther.ca\/de\/#organization"},"potentialAction":[{"@type":"SearchAction","target":{"@type":"EntryPoint","urlTemplate":"https:\/\/martinluther.ca\/de\/?s={search_term_string}"},"query-input":{"@type":"PropertyValueSpecification","valueRequired":true,"valueName":"search_term_string"}}],"inLanguage":"de"},{"@type":"Organization","@id":"https:\/\/martinluther.ca\/de\/#organization","name":"Martin Luther Evangelical Church Toronto","url":"https:\/\/martinluther.ca\/de\/","logo":{"@type":"ImageObject","inLanguage":"de","@id":"https:\/\/martinluther.ca\/de\/#\/schema\/logo\/image\/","url":"https:\/\/martinluther.ca\/wp-content\/uploads\/2016\/12\/ml-logo-300.png","contentUrl":"https:\/\/martinluther.ca\/wp-content\/uploads\/2016\/12\/ml-logo-300.png","width":300,"height":150,"caption":"Martin Luther Evangelical Church Toronto"},"image":{"@id":"https:\/\/martinluther.ca\/de\/#\/schema\/logo\/image\/"},"sameAs":["https:\/\/www.facebook.com\/martinlutherchurchtoronto","https:\/\/www.instagram.com\/lutheransbythelake\/","https:\/\/www.youtube.com\/MartinLutherChurchToronto"]},{"@type":"Person","@id":"https:\/\/martinluther.ca\/de\/#\/schema\/person\/ef4e825f5d9d6fd740bbd7813710e15d","name":"Marlena Muller","image":{"@type":"ImageObject","inLanguage":"de","@id":"https:\/\/secure.gravatar.com\/avatar\/fe840ff753768b839caa2dd522d4797f19f7e22fa2da83388e0fbfc570b65a37?s=96&d=mm&r=g","url":"https:\/\/secure.gravatar.com\/avatar\/fe840ff753768b839caa2dd522d4797f19f7e22fa2da83388e0fbfc570b65a37?s=96&d=mm&r=g","contentUrl":"https:\/\/secure.gravatar.com\/avatar\/fe840ff753768b839caa2dd522d4797f19f7e22fa2da83388e0fbfc570b65a37?s=96&d=mm&r=g","caption":"Marlena Muller"},"url":false}]}},"_links":{"self":[{"href":"https:\/\/martinluther.ca\/de\/wp-json\/wp\/v2\/posts\/38055","targetHints":{"allow":["GET"]}}],"collection":[{"href":"https:\/\/martinluther.ca\/de\/wp-json\/wp\/v2\/posts"}],"about":[{"href":"https:\/\/martinluther.ca\/de\/wp-json\/wp\/v2\/types\/post"}],"author":[{"embeddable":true,"href":"https:\/\/martinluther.ca\/de\/wp-json\/wp\/v2\/users\/8"}],"replies":[{"embeddable":true,"href":"https:\/\/martinluther.ca\/de\/wp-json\/wp\/v2\/comments?post=38055"}],"version-history":[{"count":4,"href":"https:\/\/martinluther.ca\/de\/wp-json\/wp\/v2\/posts\/38055\/revisions"}],"predecessor-version":[{"id":38064,"href":"https:\/\/martinluther.ca\/de\/wp-json\/wp\/v2\/posts\/38055\/revisions\/38064"}],"wp:featuredmedia":[{"embeddable":true,"href":"https:\/\/martinluther.ca\/de\/wp-json\/wp\/v2\/media\/38053"}],"wp:attachment":[{"href":"https:\/\/martinluther.ca\/de\/wp-json\/wp\/v2\/media?parent=38055"}],"wp:term":[{"taxonomy":"category","embeddable":true,"href":"https:\/\/martinluther.ca\/de\/wp-json\/wp\/v2\/categories?post=38055"},{"taxonomy":"post_tag","embeddable":true,"href":"https:\/\/martinluther.ca\/de\/wp-json\/wp\/v2\/tags?post=38055"},{"taxonomy":"post_series","embeddable":true,"href":"https:\/\/martinluther.ca\/de\/wp-json\/wp\/v2\/post_series?post=38055"}],"curies":[{"name":"wp","href":"https:\/\/api.w.org\/{rel}","templated":true}]}}