{"id":38298,"date":"2021-06-13T02:09:38","date_gmt":"2021-06-13T06:09:38","guid":{"rendered":"https:\/\/martinluther.ca\/?p=38298"},"modified":"2021-07-04T08:44:10","modified_gmt":"2021-07-04T12:44:10","slug":"gottesdienstreihe-kirchenfenster","status":"publish","type":"post","link":"https:\/\/martinluther.ca\/de\/2021\/06\/gottesdienstreihe-kirchenfenster\/","title":{"rendered":"Gottesdienstreihe Kirchenfenster"},"content":{"rendered":"<p><img loading=\"lazy\" decoding=\"async\" class=\"alignright size-medium wp-image-30606\" src=\"https:\/\/martinluther.ca\/wp-content\/uploads\/2017\/03\/2017-Fenster-for-Website-22-1200-300x225.jpg\" alt=\"2017 Fenster\" width=\"300\" height=\"225\" srcset=\"https:\/\/martinluther.ca\/wp-content\/uploads\/2017\/03\/2017-Fenster-for-Website-22-1200-300x225.jpg 300w, https:\/\/martinluther.ca\/wp-content\/uploads\/2017\/03\/2017-Fenster-for-Website-22-1200-768x576.jpg 768w, https:\/\/martinluther.ca\/wp-content\/uploads\/2017\/03\/2017-Fenster-for-Website-22-1200.jpg 1200w\" sizes=\"auto, (max-width: 300px) 100vw, 300px\" \/>Auch diess geh\u00f6rt zu unseren Erfahrungen mit COVID-19 auf unser Detour: Die Kirche ist f\u00fcr viele weit weg. Diesmal meine ich damit nicht die Kirche als geistliche Institution, sondern ganz einfach das Geb\u00e4ude. Vikar Adam McComb und ich hatten deswegen die Idee, Ihnen unser Sanctuary ein bisschen vor Augen zu f\u00fchren, genauer gesagt, m\u00f6chten wir Ihnen <strong>unsere 20 Buntglasfenster<\/strong> in Erinnerung rufen.<\/p>\n<p>Dazu m\u00f6chten wir Ihnen vom 6. Juni bis 11. Juli 2021 sechs Gottesdienste vorbereiten und \u00fcber unseren Web Dienst ins Haus liefern. Wir werden die biblischen Bez\u00fcge der Fenster herausarbeiten und auslegen. Weil Vikar Adam einerseits an diesem Projekt gerne mitarbeiten m\u00f6chte, aber andererseits der deutschen Sprache nicht m\u00e4chig ist, werden wir diese Gottesdienste in dem bew\u00e4hrten Deutsch-Englisch\u00a0 \u201cJoint-Format\u201d durchf\u00fchren. Wir hoffen, dass auf diese Weise etwas Vertrautes in ihre Wohnungen kommt und dass diese Gottesdienstreihe zugleich so etwas wie eine Vorbereitung auf unser Reopening bedeutet.<br \/>\n&#8211; Pastor Dr. Gerhard Hille<\/p>\n<p>Mehreres zu \u201c<a href=\"https:\/\/martinluther.ca\/de\/unsere-fenster\/\" target=\"_blank\" rel=\"noopener\">Unser Fenster<\/a>\u201d Webseite.<\/p>\n<p>1. Sonntag 06. Juni 2021 &#8222;Einleitung, die Buntglasfenster der Kirchenhaust\u00fcr. Das Frontscheibenkreuz&#8220;<\/p>\n<p><iframe loading=\"lazy\" src=\"https:\/\/www.youtube.com\/embed\/8BHmZiK3qhU?rel=0\" width=\"300\" height=\"169\" frameborder=\" allowfullscreen=\" allowfullscreen=\"allowfullscreen\"><\/iframe><\/p>\n<p>2. Sonntag 13. Juni 2021 &#8222;Arche Noah &#8211; Gotteshand &#8211; Die Schriftrolle &#8211; Die Krippe&#8220;<\/p>\n<p><iframe loading=\"lazy\" src=\"https:\/\/www.youtube.com\/embed\/fclduFr55VY?rel=0\" width=\"300\" height=\"169\" frameborder=\" allowfullscreen=\" allowfullscreen=\"allowfullscreen\"><\/iframe><\/p>\n<p>3. Sonntag 20. June 21, 2021 &#8222;Muschel &#8211; Alpha und Omega &#8211; Epiphanias &#8211; Festfreie Zeit&#8220;<\/p>\n<p><iframe loading=\"lazy\" src=\"https:\/\/www.youtube.com\/embed\/X8FZdDWsqZU?rel=0\" width=\"300\" height=\"169\" frameborder=\" allowfullscreen=\" allowfullscreen=\"allowfullscreen\"><\/iframe><\/p>\n<p>4. 27. Juni, 2021 &#8222;Palmenzweig &#8211; Monogramm Christi \/ Chi-Ro &#8211; Palmsonntag &#8211; Gr\u00fcndonnerstag&#8220;<\/p>\n<p><iframe loading=\"lazy\" src=\"https:\/\/www.youtube.com\/embed\/UbxTdY1HsGA?rel=0\" width=\"300\" height=\"169\" frameborder=\" allowfullscreen=\" allowfullscreen=\"allowfullscreen\"><\/iframe><\/p>\n<p>5. 4. Juli, 2021 &#8222;Wasser und Taube &#8211; Kelch und Brot &#8211; Karfreitag &#8211; Ostern&#8220;<\/p>\n<p><iframe loading=\"lazy\" src=\"https:\/\/www.youtube.com\/embed\/7D_bWkEWBF0?rel=0\" width=\"300\" height=\"169\" frameborder=\" allowfullscreen=\" allowfullscreen=\"allowfullscreen\"><\/iframe><\/p>\n<p>6. 11. Juli 11, 2021 &#8222;Segelboat &#8211; Betende H\u00e4nde &#8211; Pfingsten &#8211; Trinit\u00e4t&#8220;<\/p>\n","protected":false},"excerpt":{"rendered":"<p>Auch diess geh\u00f6rt zu unseren Erfahrungen mit COVID-19 auf unser Detour: Die Kirche ist f\u00fcr viele weit weg. Diesmal meine ich damit nicht die Kirche als geistliche Institution, sondern ganz einfach das Geb\u00e4ude. Vikar Adam McComb und ich hatten deswegen die Idee, Ihnen unser Sanctuary ein bisschen vor Augen zu f\u00fchren, genauer gesagt, m\u00f6chten wir&hellip;<\/p>\n","protected":false},"author":9,"featured_media":29883,"comment_status":"closed","ping_status":"closed","sticky":false,"template":"","format":"standard","meta":{"footnotes":""},"categories":[69],"tags":[],"post_series":[],"class_list":["post-38298","post","type-post","status-publish","format-standard","has-post-thumbnail","hentry","category-news-blog-german","entry","has-media"],"yoast_head":"<!-- This site is optimized with the Yoast SEO plugin v27.5 - https:\/\/yoast.com\/product\/yoast-seo-wordpress\/ -->\n<title>Gottesdienstreihe Kirchenfenster - Martin Luther Evangelische Kirche Toronto<\/title>\n<meta name=\"robots\" content=\"index, follow, max-snippet:-1, max-image-preview:large, max-video-preview:-1\" \/>\n<link rel=\"canonical\" href=\"https:\/\/martinluther.ca\/de\/2021\/06\/gottesdienstreihe-kirchenfenster\/\" \/>\n<meta property=\"og:locale\" content=\"de_DE\" \/>\n<meta property=\"og:type\" content=\"article\" \/>\n<meta property=\"og:title\" content=\"Gottesdienstreihe Kirchenfenster - Martin Luther Evangelische Kirche Toronto\" \/>\n<meta property=\"og:description\" content=\"Auch diess geh\u00f6rt zu unseren Erfahrungen mit COVID-19 auf unser Detour: Die Kirche ist f\u00fcr viele weit weg. Diesmal meine ich damit nicht die Kirche als geistliche Institution, sondern ganz einfach das Geb\u00e4ude. Vikar Adam McComb und ich hatten deswegen die Idee, Ihnen unser Sanctuary ein bisschen vor Augen zu f\u00fchren, genauer gesagt, m\u00f6chten wir&hellip;\" \/>\n<meta property=\"og:url\" content=\"https:\/\/martinluther.ca\/de\/2021\/06\/gottesdienstreihe-kirchenfenster\/\" \/>\n<meta property=\"og:site_name\" content=\"Martin Luther Evangelische Kirche Toronto\" \/>\n<meta property=\"article:publisher\" content=\"https:\/\/www.facebook.com\/martinlutherchurchtoronto\" \/>\n<meta property=\"article:published_time\" content=\"2021-06-13T06:09:38+00:00\" \/>\n<meta property=\"article:modified_time\" content=\"2021-07-04T12:44:10+00:00\" \/>\n<meta property=\"og:image\" content=\"https:\/\/martinluther.ca\/wp-content\/uploads\/2014\/11\/2013-Martin-Luther-Lutheran-Church-foyer-window.jpg\" \/>\n\t<meta property=\"og:image:width\" content=\"1943\" \/>\n\t<meta property=\"og:image:height\" content=\"1323\" \/>\n\t<meta property=\"og:image:type\" content=\"image\/jpeg\" \/>\n<meta name=\"author\" content=\"Mona Kakoschke Frantzke\" \/>\n<meta name=\"twitter:card\" content=\"summary_large_image\" \/>\n<meta name=\"twitter:label1\" content=\"Verfasst von\" \/>\n\t<meta name=\"twitter:data1\" content=\"Mona Kakoschke Frantzke\" \/>\n\t<meta name=\"twitter:label2\" content=\"Gesch\u00e4tzte Lesezeit\" \/>\n\t<meta name=\"twitter:data2\" content=\"2\u00a0Minuten\" \/>\n<script type=\"application\/ld+json\" class=\"yoast-schema-graph\">{\"@context\":\"https:\\\/\\\/schema.org\",\"@graph\":[{\"@type\":\"Article\",\"@id\":\"https:\\\/\\\/martinluther.ca\\\/de\\\/2021\\\/06\\\/gottesdienstreihe-kirchenfenster\\\/#article\",\"isPartOf\":{\"@id\":\"https:\\\/\\\/martinluther.ca\\\/de\\\/2021\\\/06\\\/gottesdienstreihe-kirchenfenster\\\/\"},\"author\":{\"name\":\"Mona Kakoschke Frantzke\",\"@id\":\"https:\\\/\\\/martinluther.ca\\\/de\\\/#\\\/schema\\\/person\\\/815c51710f70b050f0476f18da6b0c8f\"},\"headline\":\"Gottesdienstreihe Kirchenfenster\",\"datePublished\":\"2021-06-13T06:09:38+00:00\",\"dateModified\":\"2021-07-04T12:44:10+00:00\",\"mainEntityOfPage\":{\"@id\":\"https:\\\/\\\/martinluther.ca\\\/de\\\/2021\\\/06\\\/gottesdienstreihe-kirchenfenster\\\/\"},\"wordCount\":235,\"publisher\":{\"@id\":\"https:\\\/\\\/martinluther.ca\\\/de\\\/#organization\"},\"image\":{\"@id\":\"https:\\\/\\\/martinluther.ca\\\/de\\\/2021\\\/06\\\/gottesdienstreihe-kirchenfenster\\\/#primaryimage\"},\"thumbnailUrl\":\"https:\\\/\\\/martinluther.ca\\\/wp-content\\\/uploads\\\/2014\\\/11\\\/2013-Martin-Luther-Lutheran-Church-foyer-window.jpg\",\"articleSection\":[\"News Blog - German\"],\"inLanguage\":\"de\"},{\"@type\":\"WebPage\",\"@id\":\"https:\\\/\\\/martinluther.ca\\\/de\\\/2021\\\/06\\\/gottesdienstreihe-kirchenfenster\\\/\",\"url\":\"https:\\\/\\\/martinluther.ca\\\/de\\\/2021\\\/06\\\/gottesdienstreihe-kirchenfenster\\\/\",\"name\":\"Gottesdienstreihe Kirchenfenster - Martin Luther Evangelische Kirche Toronto\",\"isPartOf\":{\"@id\":\"https:\\\/\\\/martinluther.ca\\\/de\\\/#website\"},\"primaryImageOfPage\":{\"@id\":\"https:\\\/\\\/martinluther.ca\\\/de\\\/2021\\\/06\\\/gottesdienstreihe-kirchenfenster\\\/#primaryimage\"},\"image\":{\"@id\":\"https:\\\/\\\/martinluther.ca\\\/de\\\/2021\\\/06\\\/gottesdienstreihe-kirchenfenster\\\/#primaryimage\"},\"thumbnailUrl\":\"https:\\\/\\\/martinluther.ca\\\/wp-content\\\/uploads\\\/2014\\\/11\\\/2013-Martin-Luther-Lutheran-Church-foyer-window.jpg\",\"datePublished\":\"2021-06-13T06:09:38+00:00\",\"dateModified\":\"2021-07-04T12:44:10+00:00\",\"breadcrumb\":{\"@id\":\"https:\\\/\\\/martinluther.ca\\\/de\\\/2021\\\/06\\\/gottesdienstreihe-kirchenfenster\\\/#breadcrumb\"},\"inLanguage\":\"de\",\"potentialAction\":[{\"@type\":\"ReadAction\",\"target\":[\"https:\\\/\\\/martinluther.ca\\\/de\\\/2021\\\/06\\\/gottesdienstreihe-kirchenfenster\\\/\"]}]},{\"@type\":\"ImageObject\",\"inLanguage\":\"de\",\"@id\":\"https:\\\/\\\/martinluther.ca\\\/de\\\/2021\\\/06\\\/gottesdienstreihe-kirchenfenster\\\/#primaryimage\",\"url\":\"https:\\\/\\\/martinluther.ca\\\/wp-content\\\/uploads\\\/2014\\\/11\\\/2013-Martin-Luther-Lutheran-Church-foyer-window.jpg\",\"contentUrl\":\"https:\\\/\\\/martinluther.ca\\\/wp-content\\\/uploads\\\/2014\\\/11\\\/2013-Martin-Luther-Lutheran-Church-foyer-window.jpg\",\"width\":1943,\"height\":1323,\"caption\":\"WIndow front entrance\"},{\"@type\":\"BreadcrumbList\",\"@id\":\"https:\\\/\\\/martinluther.ca\\\/de\\\/2021\\\/06\\\/gottesdienstreihe-kirchenfenster\\\/#breadcrumb\",\"itemListElement\":[{\"@type\":\"ListItem\",\"position\":1,\"name\":\"Home\",\"item\":\"https:\\\/\\\/martinluther.ca\\\/de\\\/\"},{\"@type\":\"ListItem\",\"position\":2,\"name\":\"Gottesdienstreihe Kirchenfenster\"}]},{\"@type\":\"WebSite\",\"@id\":\"https:\\\/\\\/martinluther.ca\\\/de\\\/#website\",\"url\":\"https:\\\/\\\/martinluther.ca\\\/de\\\/\",\"name\":\"Martin Luther Evangelical Church Toronto\",\"description\":\"Deutsch &amp; Englisch\",\"publisher\":{\"@id\":\"https:\\\/\\\/martinluther.ca\\\/de\\\/#organization\"},\"potentialAction\":[{\"@type\":\"SearchAction\",\"target\":{\"@type\":\"EntryPoint\",\"urlTemplate\":\"https:\\\/\\\/martinluther.ca\\\/de\\\/?s={search_term_string}\"},\"query-input\":{\"@type\":\"PropertyValueSpecification\",\"valueRequired\":true,\"valueName\":\"search_term_string\"}}],\"inLanguage\":\"de\"},{\"@type\":\"Organization\",\"@id\":\"https:\\\/\\\/martinluther.ca\\\/de\\\/#organization\",\"name\":\"Martin Luther Evangelical Church Toronto\",\"url\":\"https:\\\/\\\/martinluther.ca\\\/de\\\/\",\"logo\":{\"@type\":\"ImageObject\",\"inLanguage\":\"de\",\"@id\":\"https:\\\/\\\/martinluther.ca\\\/de\\\/#\\\/schema\\\/logo\\\/image\\\/\",\"url\":\"https:\\\/\\\/martinluther.ca\\\/wp-content\\\/uploads\\\/2016\\\/12\\\/ml-logo-300.png\",\"contentUrl\":\"https:\\\/\\\/martinluther.ca\\\/wp-content\\\/uploads\\\/2016\\\/12\\\/ml-logo-300.png\",\"width\":300,\"height\":150,\"caption\":\"Martin Luther Evangelical Church Toronto\"},\"image\":{\"@id\":\"https:\\\/\\\/martinluther.ca\\\/de\\\/#\\\/schema\\\/logo\\\/image\\\/\"},\"sameAs\":[\"https:\\\/\\\/www.facebook.com\\\/martinlutherchurchtoronto\",\"https:\\\/\\\/www.instagram.com\\\/lutheransbythelake\\\/\",\"https:\\\/\\\/www.youtube.com\\\/MartinLutherChurchToronto\"]},{\"@type\":\"Person\",\"@id\":\"https:\\\/\\\/martinluther.ca\\\/de\\\/#\\\/schema\\\/person\\\/815c51710f70b050f0476f18da6b0c8f\",\"name\":\"Mona Kakoschke Frantzke\",\"image\":{\"@type\":\"ImageObject\",\"inLanguage\":\"de\",\"@id\":\"https:\\\/\\\/secure.gravatar.com\\\/avatar\\\/0deb16854ca545cd2e9fc8001ca110d262b80d5c8317b38dc542265fbea0ed19?s=96&d=mm&r=g\",\"url\":\"https:\\\/\\\/secure.gravatar.com\\\/avatar\\\/0deb16854ca545cd2e9fc8001ca110d262b80d5c8317b38dc542265fbea0ed19?s=96&d=mm&r=g\",\"contentUrl\":\"https:\\\/\\\/secure.gravatar.com\\\/avatar\\\/0deb16854ca545cd2e9fc8001ca110d262b80d5c8317b38dc542265fbea0ed19?s=96&d=mm&r=g\",\"caption\":\"Mona Kakoschke Frantzke\"},\"url\":false}]}<\/script>\n<!-- \/ Yoast SEO plugin. -->","yoast_head_json":{"title":"Gottesdienstreihe Kirchenfenster - Martin Luther Evangelische Kirche Toronto","robots":{"index":"index","follow":"follow","max-snippet":"max-snippet:-1","max-image-preview":"max-image-preview:large","max-video-preview":"max-video-preview:-1"},"canonical":"https:\/\/martinluther.ca\/de\/2021\/06\/gottesdienstreihe-kirchenfenster\/","og_locale":"de_DE","og_type":"article","og_title":"Gottesdienstreihe Kirchenfenster - Martin Luther Evangelische Kirche Toronto","og_description":"Auch diess geh\u00f6rt zu unseren Erfahrungen mit COVID-19 auf unser Detour: Die Kirche ist f\u00fcr viele weit weg. Diesmal meine ich damit nicht die Kirche als geistliche Institution, sondern ganz einfach das Geb\u00e4ude. Vikar Adam McComb und ich hatten deswegen die Idee, Ihnen unser Sanctuary ein bisschen vor Augen zu f\u00fchren, genauer gesagt, m\u00f6chten wir&hellip;","og_url":"https:\/\/martinluther.ca\/de\/2021\/06\/gottesdienstreihe-kirchenfenster\/","og_site_name":"Martin Luther Evangelische Kirche Toronto","article_publisher":"https:\/\/www.facebook.com\/martinlutherchurchtoronto","article_published_time":"2021-06-13T06:09:38+00:00","article_modified_time":"2021-07-04T12:44:10+00:00","og_image":[{"width":1943,"height":1323,"url":"https:\/\/martinluther.ca\/wp-content\/uploads\/2014\/11\/2013-Martin-Luther-Lutheran-Church-foyer-window.jpg","type":"image\/jpeg"}],"author":"Mona Kakoschke Frantzke","twitter_card":"summary_large_image","twitter_misc":{"Verfasst von":"Mona Kakoschke Frantzke","Gesch\u00e4tzte Lesezeit":"2\u00a0Minuten"},"schema":{"@context":"https:\/\/schema.org","@graph":[{"@type":"Article","@id":"https:\/\/martinluther.ca\/de\/2021\/06\/gottesdienstreihe-kirchenfenster\/#article","isPartOf":{"@id":"https:\/\/martinluther.ca\/de\/2021\/06\/gottesdienstreihe-kirchenfenster\/"},"author":{"name":"Mona Kakoschke Frantzke","@id":"https:\/\/martinluther.ca\/de\/#\/schema\/person\/815c51710f70b050f0476f18da6b0c8f"},"headline":"Gottesdienstreihe Kirchenfenster","datePublished":"2021-06-13T06:09:38+00:00","dateModified":"2021-07-04T12:44:10+00:00","mainEntityOfPage":{"@id":"https:\/\/martinluther.ca\/de\/2021\/06\/gottesdienstreihe-kirchenfenster\/"},"wordCount":235,"publisher":{"@id":"https:\/\/martinluther.ca\/de\/#organization"},"image":{"@id":"https:\/\/martinluther.ca\/de\/2021\/06\/gottesdienstreihe-kirchenfenster\/#primaryimage"},"thumbnailUrl":"https:\/\/martinluther.ca\/wp-content\/uploads\/2014\/11\/2013-Martin-Luther-Lutheran-Church-foyer-window.jpg","articleSection":["News Blog - German"],"inLanguage":"de"},{"@type":"WebPage","@id":"https:\/\/martinluther.ca\/de\/2021\/06\/gottesdienstreihe-kirchenfenster\/","url":"https:\/\/martinluther.ca\/de\/2021\/06\/gottesdienstreihe-kirchenfenster\/","name":"Gottesdienstreihe Kirchenfenster - Martin Luther Evangelische Kirche Toronto","isPartOf":{"@id":"https:\/\/martinluther.ca\/de\/#website"},"primaryImageOfPage":{"@id":"https:\/\/martinluther.ca\/de\/2021\/06\/gottesdienstreihe-kirchenfenster\/#primaryimage"},"image":{"@id":"https:\/\/martinluther.ca\/de\/2021\/06\/gottesdienstreihe-kirchenfenster\/#primaryimage"},"thumbnailUrl":"https:\/\/martinluther.ca\/wp-content\/uploads\/2014\/11\/2013-Martin-Luther-Lutheran-Church-foyer-window.jpg","datePublished":"2021-06-13T06:09:38+00:00","dateModified":"2021-07-04T12:44:10+00:00","breadcrumb":{"@id":"https:\/\/martinluther.ca\/de\/2021\/06\/gottesdienstreihe-kirchenfenster\/#breadcrumb"},"inLanguage":"de","potentialAction":[{"@type":"ReadAction","target":["https:\/\/martinluther.ca\/de\/2021\/06\/gottesdienstreihe-kirchenfenster\/"]}]},{"@type":"ImageObject","inLanguage":"de","@id":"https:\/\/martinluther.ca\/de\/2021\/06\/gottesdienstreihe-kirchenfenster\/#primaryimage","url":"https:\/\/martinluther.ca\/wp-content\/uploads\/2014\/11\/2013-Martin-Luther-Lutheran-Church-foyer-window.jpg","contentUrl":"https:\/\/martinluther.ca\/wp-content\/uploads\/2014\/11\/2013-Martin-Luther-Lutheran-Church-foyer-window.jpg","width":1943,"height":1323,"caption":"WIndow front entrance"},{"@type":"BreadcrumbList","@id":"https:\/\/martinluther.ca\/de\/2021\/06\/gottesdienstreihe-kirchenfenster\/#breadcrumb","itemListElement":[{"@type":"ListItem","position":1,"name":"Home","item":"https:\/\/martinluther.ca\/de\/"},{"@type":"ListItem","position":2,"name":"Gottesdienstreihe Kirchenfenster"}]},{"@type":"WebSite","@id":"https:\/\/martinluther.ca\/de\/#website","url":"https:\/\/martinluther.ca\/de\/","name":"Martin Luther Evangelical Church Toronto","description":"Deutsch &amp; Englisch","publisher":{"@id":"https:\/\/martinluther.ca\/de\/#organization"},"potentialAction":[{"@type":"SearchAction","target":{"@type":"EntryPoint","urlTemplate":"https:\/\/martinluther.ca\/de\/?s={search_term_string}"},"query-input":{"@type":"PropertyValueSpecification","valueRequired":true,"valueName":"search_term_string"}}],"inLanguage":"de"},{"@type":"Organization","@id":"https:\/\/martinluther.ca\/de\/#organization","name":"Martin Luther Evangelical Church Toronto","url":"https:\/\/martinluther.ca\/de\/","logo":{"@type":"ImageObject","inLanguage":"de","@id":"https:\/\/martinluther.ca\/de\/#\/schema\/logo\/image\/","url":"https:\/\/martinluther.ca\/wp-content\/uploads\/2016\/12\/ml-logo-300.png","contentUrl":"https:\/\/martinluther.ca\/wp-content\/uploads\/2016\/12\/ml-logo-300.png","width":300,"height":150,"caption":"Martin Luther Evangelical Church Toronto"},"image":{"@id":"https:\/\/martinluther.ca\/de\/#\/schema\/logo\/image\/"},"sameAs":["https:\/\/www.facebook.com\/martinlutherchurchtoronto","https:\/\/www.instagram.com\/lutheransbythelake\/","https:\/\/www.youtube.com\/MartinLutherChurchToronto"]},{"@type":"Person","@id":"https:\/\/martinluther.ca\/de\/#\/schema\/person\/815c51710f70b050f0476f18da6b0c8f","name":"Mona Kakoschke Frantzke","image":{"@type":"ImageObject","inLanguage":"de","@id":"https:\/\/secure.gravatar.com\/avatar\/0deb16854ca545cd2e9fc8001ca110d262b80d5c8317b38dc542265fbea0ed19?s=96&d=mm&r=g","url":"https:\/\/secure.gravatar.com\/avatar\/0deb16854ca545cd2e9fc8001ca110d262b80d5c8317b38dc542265fbea0ed19?s=96&d=mm&r=g","contentUrl":"https:\/\/secure.gravatar.com\/avatar\/0deb16854ca545cd2e9fc8001ca110d262b80d5c8317b38dc542265fbea0ed19?s=96&d=mm&r=g","caption":"Mona Kakoschke Frantzke"},"url":false}]}},"_links":{"self":[{"href":"https:\/\/martinluther.ca\/de\/wp-json\/wp\/v2\/posts\/38298","targetHints":{"allow":["GET"]}}],"collection":[{"href":"https:\/\/martinluther.ca\/de\/wp-json\/wp\/v2\/posts"}],"about":[{"href":"https:\/\/martinluther.ca\/de\/wp-json\/wp\/v2\/types\/post"}],"author":[{"embeddable":true,"href":"https:\/\/martinluther.ca\/de\/wp-json\/wp\/v2\/users\/9"}],"replies":[{"embeddable":true,"href":"https:\/\/martinluther.ca\/de\/wp-json\/wp\/v2\/comments?post=38298"}],"version-history":[{"count":5,"href":"https:\/\/martinluther.ca\/de\/wp-json\/wp\/v2\/posts\/38298\/revisions"}],"predecessor-version":[{"id":38391,"href":"https:\/\/martinluther.ca\/de\/wp-json\/wp\/v2\/posts\/38298\/revisions\/38391"}],"wp:featuredmedia":[{"embeddable":true,"href":"https:\/\/martinluther.ca\/de\/wp-json\/wp\/v2\/media\/29883"}],"wp:attachment":[{"href":"https:\/\/martinluther.ca\/de\/wp-json\/wp\/v2\/media?parent=38298"}],"wp:term":[{"taxonomy":"category","embeddable":true,"href":"https:\/\/martinluther.ca\/de\/wp-json\/wp\/v2\/categories?post=38298"},{"taxonomy":"post_tag","embeddable":true,"href":"https:\/\/martinluther.ca\/de\/wp-json\/wp\/v2\/tags?post=38298"},{"taxonomy":"post_series","embeddable":true,"href":"https:\/\/martinluther.ca\/de\/wp-json\/wp\/v2\/post_series?post=38298"}],"curies":[{"name":"wp","href":"https:\/\/api.w.org\/{rel}","templated":true}]}}