{"id":38322,"date":"2021-06-15T17:22:10","date_gmt":"2021-06-15T21:22:10","guid":{"rendered":"https:\/\/martinluther.ca\/?p=38322"},"modified":"2021-06-16T18:01:33","modified_gmt":"2021-06-16T22:01:33","slug":"begruessen-sie-unsere-sommerstudenten-johnny-und-maliha","status":"publish","type":"post","link":"https:\/\/martinluther.ca\/de\/2021\/06\/begruessen-sie-unsere-sommerstudenten-johnny-und-maliha\/","title":{"rendered":"Begr\u00fc\u00dfen Sie unsere Sommerstudenten Johnny und Maliha"},"content":{"rendered":"<p>Liebe MLK-Gemeinde!<\/p>\n<p><a href=\"https:\/\/martinluther.ca\/wp-content\/uploads\/2021\/06\/Johnny-Summer-Students.jpg\"><img loading=\"lazy\" decoding=\"async\" class=\"alignright size-medium wp-image-38314\" src=\"https:\/\/martinluther.ca\/wp-content\/uploads\/2021\/06\/Johnny-Summer-Students-169x300.jpg\" alt=\"\" width=\"169\" height=\"300\" srcset=\"https:\/\/martinluther.ca\/wp-content\/uploads\/2021\/06\/Johnny-Summer-Students-169x300.jpg 169w, https:\/\/martinluther.ca\/wp-content\/uploads\/2021\/06\/Johnny-Summer-Students.jpg 576w\" sizes=\"auto, (max-width: 169px) 100vw, 169px\" \/><\/a>Mein Name ist Johnny. Ich geh\u00f6re zu den Sommerstudenten des Jahres 2021, die sich mit der Martin-Luther-Kirche im Rahmen der Gemeindenachbarschaftsarbeit daf\u00fcr einsetzen Fragen der Ern\u00e4hrungssicherheit zu bew\u00e4ltigen. Ich bin 20 Jahre alt, und im Bezirk Etobicoke geboren. Zur Zeit bin ich als Studentenpraktikant (engl. Co-op student) im Begriff, mein drittes Jahr des Informatikstudiums an der Carleton Universit\u00e4t in Ottawa zu beginnen.<br \/>\nAu\u00dfer an Informatik bin ich auch sehr daran interessiert, etwas \u00fcber die Psyche zu lernen, insbesondere Psychologie; z.B. wie und warum Menschen so denken, wie sie denken. Ich hoffe, meine Kommunikationsf\u00e4higkeiten zu verbessern, um eine Verbindung mit den Menschen in unserer Nachbarschaft aufzubauen und gemeinn\u00fctzige Projekte entsprechend ihrer Bed\u00fcrfnisse zu planen und zu verwirklichen. Ich bin immer f\u00fcr Ihre Vorschl\u00e4ge offen.<\/p>\n<hr \/>\n<p><a href=\"https:\/\/martinluther.ca\/wp-content\/uploads\/2021\/06\/Maliha-Summer-Students.jpg\"><img loading=\"lazy\" decoding=\"async\" class=\"alignright size-medium wp-image-38316\" src=\"https:\/\/martinluther.ca\/wp-content\/uploads\/2021\/06\/Maliha-Summer-Students-256x300.jpg\" alt=\"\" width=\"256\" height=\"300\" srcset=\"https:\/\/martinluther.ca\/wp-content\/uploads\/2021\/06\/Maliha-Summer-Students-256x300.jpg 256w, https:\/\/martinluther.ca\/wp-content\/uploads\/2021\/06\/Maliha-Summer-Students-874x1024.jpg 874w, https:\/\/martinluther.ca\/wp-content\/uploads\/2021\/06\/Maliha-Summer-Students-768x900.jpg 768w, https:\/\/martinluther.ca\/wp-content\/uploads\/2021\/06\/Maliha-Summer-Students.jpg 968w\" sizes=\"auto, (max-width: 256px) 100vw, 256px\" \/><\/a>Mein Name ist Maliha. Im Juni dieses Jahres begann ich meinen Sommerjob an der Martin-Luther-Kirche. Ich bin 15 Jahre alt und lebe im Bezirk Mimico in Toronto. Ich gehe am Lakeshore Collegiate Institute, wo ich in der 9. Klasse bin, zur Schule. Ich beabsichtige, in der MLK zu arbeiten, da dieser Job es mir erm\u00f6glicht, mich durch meine Arbeit zu verwirklichen, da er lustige und interessante Projekte beinhaltet, auf die ich mich sehr freue. Das ist kein typischer Job, er macht richtig Spa\u00df!<br \/>\nDas erste, was mir auffiel, war die Gartenarbeit, da ich mich schon immer f\u00fcrs G\u00e4rtnern interessierte. Ich hoffe, viel Wissen und Erfahrung zu sammeln, w\u00e4hrend ich in der Martin-Luther-Kirche mit einigen tollen Leuten arbeite! In meiner Freizeit interessiere ich mich f\u00fcr Sport, Zeichnen, Malen, Lesen, Schreiben, extreme Abenteuer, Trekking, Wandern, sowie Garten- bzw. Gemeinschaftsarbeit. Ich bin mehr als begeistert, hier zu arbeiten und meinen Sommer damit zu verbringen, das zu genie\u00dfen, was ich gerne tue, und dabei noch etwas zu lernen!<\/p>\n<hr \/>\n<p><strong>1. Woche<\/strong><\/p>\n<p><a href=\"https:\/\/martinluther.ca\/wp-content\/uploads\/2021\/06\/2021-06-11-Beverages-and-Blessings3.jpeg\"><img loading=\"lazy\" decoding=\"async\" class=\"alignright size-medium wp-image-38312\" src=\"https:\/\/martinluther.ca\/wp-content\/uploads\/2021\/06\/2021-06-11-Beverages-and-Blessings3-300x225.jpeg\" alt=\"\" width=\"300\" height=\"225\" srcset=\"https:\/\/martinluther.ca\/wp-content\/uploads\/2021\/06\/2021-06-11-Beverages-and-Blessings3-300x225.jpeg 300w, https:\/\/martinluther.ca\/wp-content\/uploads\/2021\/06\/2021-06-11-Beverages-and-Blessings3-1024x766.jpeg 1024w, https:\/\/martinluther.ca\/wp-content\/uploads\/2021\/06\/2021-06-11-Beverages-and-Blessings3-768x575.jpeg 768w, https:\/\/martinluther.ca\/wp-content\/uploads\/2021\/06\/2021-06-11-Beverages-and-Blessings3.jpeg 1280w\" sizes=\"auto, (max-width: 300px) 100vw, 300px\" \/><\/a>Wir gr\u00fc\u00dfen unsere Freunde, Nachbarn und Gemeindemitglieder! Unsere (Johnnys und Malihas) erste Woche der Zusammenarbeit mit der Martin-Luther-Kirche neigt sich dem Ende zu, und da ist es immer gut, Bilanz zu ziehen \u00fcber alles, was wir gemacht haben, wem wir dabei begegnet sind, und was der Rest des Sommers noch zu bieten hat. Unsere erste Woche begr\u00fc\u00dfte uns mit B\u00fcroarbeiten und Training, aber wir begegneten auch einigen phantastischen Leuten, die uns dabei halfen, die Natur um uns herum besser zu verstehen, und wie wir unsere zuk\u00fcnftigen Projekte pflegen und weiterentwickeln k\u00f6nnen, die Ern\u00e4hrungssicherheit in unserer Nachbarschaft angehen werden &#8211; bald mehr dazu. Jetzt erst einmal zu den Leuten, die wir getroffen haben.<\/p>\n<p><strong><br \/>\nMarlena, Iris und Adam<\/strong><\/p>\n<p>Die Ersten, denen wir begegnen durften, waren Iris, Marlena und Vikar Adam. Sie gaben uns einen n\u00fctzlichen \u00dcberblick \u00fcber die ganze Kirche, ihre Ziele in der Nachbarschaft, und ihre jetzigen Projekte wie Suppe und Segen und Fabelhafte Freitage. Sie alle spielten eine wichtige Rolle dabei, uns einen Einblick in die Projekte zu geben, die wir mit \u00fcbernehmen und umsetzen werden, und daf\u00fcr sind wir dankbar.<\/p>\n<p><strong><br \/>\nG\u00e4rtnern mit Catherine<\/strong><\/p>\n<p><a href=\"https:\/\/martinluther.ca\/wp-content\/uploads\/2021\/06\/2021_06_10_garden_broccoli-web.jpg\"><img loading=\"lazy\" decoding=\"async\" class=\"alignright size-medium wp-image-38330\" src=\"https:\/\/martinluther.ca\/wp-content\/uploads\/2021\/06\/2021_06_10_garden_broccoli-web-225x300.jpg\" alt=\"\" width=\"225\" height=\"300\" srcset=\"https:\/\/martinluther.ca\/wp-content\/uploads\/2021\/06\/2021_06_10_garden_broccoli-web-225x300.jpg 225w, https:\/\/martinluther.ca\/wp-content\/uploads\/2021\/06\/2021_06_10_garden_broccoli-web.jpg 486w\" sizes=\"auto, (max-width: 225px) 100vw, 225px\" \/><\/a>Am Mittwoch lernten wir \u2018Garten-Guru\u2019 Catherine kennen, die wir zum ersten Mal an unseren Hochbeeten vor 5 Superior Avenue treffen durften. Sie zeigte uns das Wurzelwerk des Obst- und Gem\u00fcseanbaus. Das ist der Anfang des Nachbarschafts-Garten-Projekts, das Maliha leitet, mit dem Ziel, sowohl Bed\u00fcrftigen in der Nachbarschaft mit frischem Gem\u00fcse zu helfen, als auch unseren Nachbarn zu zeigen, wie jede einzelne Pflanze angebaut und individuell verwendet werden kann. Sie zeigte uns auch, dass einige Pflanzen sich mit bestimmten anderen Arten mischen und zusammen wachsen, was man Pflanzgemeinschaft oder Mischkultur nennt, w\u00e4hrend andere \u00fcberhaupt nicht gut zusammen gedeihen. Tomaten beispielsweise wachsen sehr gut zusammen mit Karotten, Schnittlauch und Ringelblumen . \u2013 und all diese Pflanzen wachsen im selben Nachbarschafts-Garten! Wir lernten au\u00dferdem, dass nicht nur unsere Nachbarn sich hoffentlich f\u00fcr das frische Gem\u00fcse und die frischen Kr\u00e4uter interessieren werden, sondern auch die Eichh\u00f6rnchen. (Besonders f\u00fcr die Kirschtomaten, aus denen eins einen kr\u00e4ftigen Biss genommen hatte). Der Garten wird hoffentlich zu etwas Wundervollem wachsen.<\/p>\n<p><strong>Erkunden der Pflanzenwelt vor der Kirche mit Alfred und Linda<\/strong><\/p>\n<p><a href=\"https:\/\/martinluther.ca\/wp-content\/uploads\/2021\/06\/2021_06_10_garden_peony-scaled.jpg\"><img loading=\"lazy\" decoding=\"async\" class=\"alignright size-medium wp-image-38332\" src=\"https:\/\/martinluther.ca\/wp-content\/uploads\/2021\/06\/2021_06_10_garden_peony-225x300.jpg\" alt=\"\" width=\"225\" height=\"300\" srcset=\"https:\/\/martinluther.ca\/wp-content\/uploads\/2021\/06\/2021_06_10_garden_peony-225x300.jpg 225w, https:\/\/martinluther.ca\/wp-content\/uploads\/2021\/06\/2021_06_10_garden_peony-768x1024.jpg 768w, https:\/\/martinluther.ca\/wp-content\/uploads\/2021\/06\/2021_06_10_garden_peony-1152x1536.jpg 1152w, https:\/\/martinluther.ca\/wp-content\/uploads\/2021\/06\/2021_06_10_garden_peony-1536x2048.jpg 1536w, https:\/\/martinluther.ca\/wp-content\/uploads\/2021\/06\/2021_06_10_garden_peony-scaled.jpg 1920w\" sizes=\"auto, (max-width: 225px) 100vw, 225px\" \/><\/a>Am Donnerstag trafen wir uns mit Alfred und Linda. Alfred ist professioneller Landschaftsg\u00e4rtner. Er arbeitet seit langer Zeit ehrenamtlich an der Kirche und k\u00fcmmert sich leidenschaftlich gern um die Pflanzen. Au\u00dferdem sammelt er den M\u00fcll ein, m\u00e4ht den Rasen, und gie\u00dft die Blumen und ist stolz auf sein Werk. Sie f\u00fchrten uns durch den Garten vor der Kirche und erkl\u00e4rten uns die verschiedenen Pflanzenarten und die Namen der Pflanzen und Blumen. Wir betrachteten jede einzelne Pflanze und Blume dort und schrieben ihre Namen auf Schilder (Eisstiele). Es hat gro\u00dfen Spa\u00df gemacht, beide kennenzulernen und mehr \u00fcber die Pflanzen und Blumen herauszufinden. Wir sahen einige koreanische Pflanzen, Taglilien, Eisenhut, Flieder, Nachtkerzen, Kornblumen, Tulpen, Iris, Glockenblumen und vieles andere. Alfred scheint, was er macht, mit Leidenschaft zu tun. Er liebt alles, was mit Pflanzen zu tun hat und es war toll, Alfred und Linda kennenzulernen. Alfred wei\u00df sehr viel \u00fcber die Pflanzen, um die er sich k\u00fcmmert, und es ist prima, jemanden dabei zu haben, der so sachkundig ist. Wir hoffen, seine Arbeit in seinem Sinn fortzuf\u00fchren und uns weiter um die Pflanzen zu k\u00fcmmern, sollte er jemals aus seinem Gartenamt scheiden wollen.<\/p>\n<p><strong><br \/>\nDie Zukunft<\/strong><\/p>\n<p><a href=\"https:\/\/martinluther.ca\/wp-content\/uploads\/2021\/06\/2021-06-13-Wood-for-Good-poster-1.0.jpg\"><img loading=\"lazy\" decoding=\"async\" class=\"alignright wp-image-38337\" src=\"https:\/\/martinluther.ca\/wp-content\/uploads\/2021\/06\/2021-06-13-Wood-for-Good-poster-1.0-225x300.jpg\" alt=\"\" width=\"400\" height=\"533\" srcset=\"https:\/\/martinluther.ca\/wp-content\/uploads\/2021\/06\/2021-06-13-Wood-for-Good-poster-1.0-225x300.jpg 225w, https:\/\/martinluther.ca\/wp-content\/uploads\/2021\/06\/2021-06-13-Wood-for-Good-poster-1.0-768x1024.jpg 768w, https:\/\/martinluther.ca\/wp-content\/uploads\/2021\/06\/2021-06-13-Wood-for-Good-poster-1.0-1152x1536.jpg 1152w, https:\/\/martinluther.ca\/wp-content\/uploads\/2021\/06\/2021-06-13-Wood-for-Good-poster-1.0-1536x2048.jpg 1536w, https:\/\/martinluther.ca\/wp-content\/uploads\/2021\/06\/2021-06-13-Wood-for-Good-poster-1.0.jpg 1728w\" sizes=\"auto, (max-width: 400px) 100vw, 400px\" \/><\/a>F\u00fcr die kommenden Wochen haben wir Vieles geplant. Das Projekt, an dem Johnny arbeitet, ist eine Art kleine Nachbarschafts-Vorratskammer als Zentrum, wohin Leute Lebensmittel wie Reis, Haferflocken, Obst- und Gem\u00fcsekonserven, Erdnussbutter, Pasta und Pastasauce bringen k\u00f6nnen, damit Bed\u00fcrftige sich aussuchen k\u00f6nnen, was sie ben\u00f6tigen. Damit gehen wir das Problem der Ern\u00e4hrungssicherheit an und f\u00f6rdern gleichzeitig die Botschaft vom Geben und Nehmen, \u00e4hnlich dem Konzept des Nachbarschaftsgartens. Zur Zeit hat Johnny schon eine Vorstellung vom Aussehen dieser Vorratskammer, nachdem er sich vorangegangene, erfolgreiche Nachbarschafts-Vorratskammern des ,,Toronto Little Free Pantries Project\u201d angesehen hat, das bereits mehr als 45 Nachbarschafts-Vorratskammern auf der interaktiven Karte seiner Internetseite eingezeichnet hat. Der n\u00e4chste Schritt w\u00e4re, ben\u00f6tigtes Material zu besorgen, um eine Vorratskammer zu bauen, m\u00f6glicherweise durch die Umfunktionierung eines Regalsystems, und auch die Erlaubnis zu erhalten, sie auf dem Kirchengrundst\u00fcck aufzustellen.<br \/>\nDer n\u00e4chste Schritt bei Malihas Gartenbeeten wird sein, sie zu d\u00fcngen und die Pflanzen weiter zu pflegen, damit sie gedeihen. Wir haben auch daran gedacht, die Hochbeete zu dekorieren und h\u00fcbschere Namensetiketts f\u00fcr die dort wachsenden Pflanzen herzustellen, damit die Menschen auch mehr \u00fcber jede Pflanze erfahren k\u00f6nnen.<\/p>\n<p>Das w\u00e4r\u2019s f\u00fcr jetzt, liebe Leute.<\/p>\n","protected":false},"excerpt":{"rendered":"<p>Liebe MLK-Gemeinde! Mein Name ist Johnny. Ich geh\u00f6re zu den Sommerstudenten des Jahres 2021, die sich mit der Martin-Luther-Kirche im Rahmen der Gemeindenachbarschaftsarbeit daf\u00fcr einsetzen Fragen der Ern\u00e4hrungssicherheit zu bew\u00e4ltigen. Ich bin 20 Jahre alt, und im Bezirk Etobicoke geboren. Zur Zeit bin ich als Studentenpraktikant (engl. Co-op student) im Begriff, mein drittes Jahr des&hellip;<\/p>\n","protected":false},"author":8,"featured_media":38312,"comment_status":"closed","ping_status":"closed","sticky":false,"template":"","format":"standard","meta":{"footnotes":""},"categories":[69],"tags":[],"post_series":[],"class_list":["post-38322","post","type-post","status-publish","format-standard","has-post-thumbnail","hentry","category-news-blog-german","entry","has-media"],"yoast_head":"<!-- This site is optimized with the Yoast SEO plugin v27.5 - https:\/\/yoast.com\/product\/yoast-seo-wordpress\/ -->\n<title>Begr\u00fc\u00dfen Sie unsere Sommerstudenten Johnny und Maliha - Martin Luther Evangelische Kirche Toronto<\/title>\n<meta name=\"robots\" content=\"index, follow, max-snippet:-1, max-image-preview:large, max-video-preview:-1\" \/>\n<link rel=\"canonical\" href=\"https:\/\/martinluther.ca\/de\/2021\/06\/begruessen-sie-unsere-sommerstudenten-johnny-und-maliha\/\" \/>\n<meta property=\"og:locale\" content=\"de_DE\" \/>\n<meta property=\"og:type\" content=\"article\" \/>\n<meta property=\"og:title\" content=\"Begr\u00fc\u00dfen Sie unsere Sommerstudenten Johnny und Maliha - Martin Luther Evangelische Kirche Toronto\" \/>\n<meta property=\"og:description\" content=\"Liebe MLK-Gemeinde! Mein Name ist Johnny. Ich geh\u00f6re zu den Sommerstudenten des Jahres 2021, die sich mit der Martin-Luther-Kirche im Rahmen der Gemeindenachbarschaftsarbeit daf\u00fcr einsetzen Fragen der Ern\u00e4hrungssicherheit zu bew\u00e4ltigen. Ich bin 20 Jahre alt, und im Bezirk Etobicoke geboren. Zur Zeit bin ich als Studentenpraktikant (engl. Co-op student) im Begriff, mein drittes Jahr des&hellip;\" \/>\n<meta property=\"og:url\" content=\"https:\/\/martinluther.ca\/de\/2021\/06\/begruessen-sie-unsere-sommerstudenten-johnny-und-maliha\/\" \/>\n<meta property=\"og:site_name\" content=\"Martin Luther Evangelische Kirche Toronto\" \/>\n<meta property=\"article:publisher\" content=\"https:\/\/www.facebook.com\/martinlutherchurchtoronto\" \/>\n<meta property=\"article:published_time\" content=\"2021-06-15T21:22:10+00:00\" \/>\n<meta property=\"article:modified_time\" content=\"2021-06-16T22:01:33+00:00\" \/>\n<meta property=\"og:image\" content=\"https:\/\/martinluther.ca\/wp-content\/uploads\/2021\/06\/2021-06-11-Beverages-and-Blessings3.jpeg\" \/>\n\t<meta property=\"og:image:width\" content=\"1280\" \/>\n\t<meta property=\"og:image:height\" content=\"958\" \/>\n\t<meta property=\"og:image:type\" content=\"image\/jpeg\" \/>\n<meta name=\"author\" content=\"Marlena Muller\" \/>\n<meta name=\"twitter:card\" content=\"summary_large_image\" \/>\n<meta name=\"twitter:label1\" content=\"Verfasst von\" \/>\n\t<meta name=\"twitter:data1\" content=\"Marlena Muller\" \/>\n\t<meta name=\"twitter:label2\" content=\"Gesch\u00e4tzte Lesezeit\" \/>\n\t<meta name=\"twitter:data2\" content=\"6\u00a0Minuten\" \/>\n<script type=\"application\/ld+json\" class=\"yoast-schema-graph\">{\"@context\":\"https:\\\/\\\/schema.org\",\"@graph\":[{\"@type\":\"Article\",\"@id\":\"https:\\\/\\\/martinluther.ca\\\/de\\\/2021\\\/06\\\/begruessen-sie-unsere-sommerstudenten-johnny-und-maliha\\\/#article\",\"isPartOf\":{\"@id\":\"https:\\\/\\\/martinluther.ca\\\/de\\\/2021\\\/06\\\/begruessen-sie-unsere-sommerstudenten-johnny-und-maliha\\\/\"},\"author\":{\"name\":\"Marlena Muller\",\"@id\":\"https:\\\/\\\/martinluther.ca\\\/de\\\/#\\\/schema\\\/person\\\/ef4e825f5d9d6fd740bbd7813710e15d\"},\"headline\":\"Begr\u00fc\u00dfen Sie unsere Sommerstudenten Johnny und Maliha\",\"datePublished\":\"2021-06-15T21:22:10+00:00\",\"dateModified\":\"2021-06-16T22:01:33+00:00\",\"mainEntityOfPage\":{\"@id\":\"https:\\\/\\\/martinluther.ca\\\/de\\\/2021\\\/06\\\/begruessen-sie-unsere-sommerstudenten-johnny-und-maliha\\\/\"},\"wordCount\":1099,\"publisher\":{\"@id\":\"https:\\\/\\\/martinluther.ca\\\/de\\\/#organization\"},\"image\":{\"@id\":\"https:\\\/\\\/martinluther.ca\\\/de\\\/2021\\\/06\\\/begruessen-sie-unsere-sommerstudenten-johnny-und-maliha\\\/#primaryimage\"},\"thumbnailUrl\":\"https:\\\/\\\/martinluther.ca\\\/wp-content\\\/uploads\\\/2021\\\/06\\\/2021-06-11-Beverages-and-Blessings3.jpeg\",\"articleSection\":[\"News Blog - German\"],\"inLanguage\":\"de\"},{\"@type\":\"WebPage\",\"@id\":\"https:\\\/\\\/martinluther.ca\\\/de\\\/2021\\\/06\\\/begruessen-sie-unsere-sommerstudenten-johnny-und-maliha\\\/\",\"url\":\"https:\\\/\\\/martinluther.ca\\\/de\\\/2021\\\/06\\\/begruessen-sie-unsere-sommerstudenten-johnny-und-maliha\\\/\",\"name\":\"Begr\u00fc\u00dfen Sie unsere Sommerstudenten Johnny und Maliha - Martin Luther Evangelische Kirche Toronto\",\"isPartOf\":{\"@id\":\"https:\\\/\\\/martinluther.ca\\\/de\\\/#website\"},\"primaryImageOfPage\":{\"@id\":\"https:\\\/\\\/martinluther.ca\\\/de\\\/2021\\\/06\\\/begruessen-sie-unsere-sommerstudenten-johnny-und-maliha\\\/#primaryimage\"},\"image\":{\"@id\":\"https:\\\/\\\/martinluther.ca\\\/de\\\/2021\\\/06\\\/begruessen-sie-unsere-sommerstudenten-johnny-und-maliha\\\/#primaryimage\"},\"thumbnailUrl\":\"https:\\\/\\\/martinluther.ca\\\/wp-content\\\/uploads\\\/2021\\\/06\\\/2021-06-11-Beverages-and-Blessings3.jpeg\",\"datePublished\":\"2021-06-15T21:22:10+00:00\",\"dateModified\":\"2021-06-16T22:01:33+00:00\",\"breadcrumb\":{\"@id\":\"https:\\\/\\\/martinluther.ca\\\/de\\\/2021\\\/06\\\/begruessen-sie-unsere-sommerstudenten-johnny-und-maliha\\\/#breadcrumb\"},\"inLanguage\":\"de\",\"potentialAction\":[{\"@type\":\"ReadAction\",\"target\":[\"https:\\\/\\\/martinluther.ca\\\/de\\\/2021\\\/06\\\/begruessen-sie-unsere-sommerstudenten-johnny-und-maliha\\\/\"]}]},{\"@type\":\"ImageObject\",\"inLanguage\":\"de\",\"@id\":\"https:\\\/\\\/martinluther.ca\\\/de\\\/2021\\\/06\\\/begruessen-sie-unsere-sommerstudenten-johnny-und-maliha\\\/#primaryimage\",\"url\":\"https:\\\/\\\/martinluther.ca\\\/wp-content\\\/uploads\\\/2021\\\/06\\\/2021-06-11-Beverages-and-Blessings3.jpeg\",\"contentUrl\":\"https:\\\/\\\/martinluther.ca\\\/wp-content\\\/uploads\\\/2021\\\/06\\\/2021-06-11-Beverages-and-Blessings3.jpeg\",\"width\":1280,\"height\":958},{\"@type\":\"BreadcrumbList\",\"@id\":\"https:\\\/\\\/martinluther.ca\\\/de\\\/2021\\\/06\\\/begruessen-sie-unsere-sommerstudenten-johnny-und-maliha\\\/#breadcrumb\",\"itemListElement\":[{\"@type\":\"ListItem\",\"position\":1,\"name\":\"Home\",\"item\":\"https:\\\/\\\/martinluther.ca\\\/de\\\/\"},{\"@type\":\"ListItem\",\"position\":2,\"name\":\"Begr\u00fc\u00dfen Sie unsere Sommerstudenten Johnny und Maliha\"}]},{\"@type\":\"WebSite\",\"@id\":\"https:\\\/\\\/martinluther.ca\\\/de\\\/#website\",\"url\":\"https:\\\/\\\/martinluther.ca\\\/de\\\/\",\"name\":\"Martin Luther Evangelical Church Toronto\",\"description\":\"Deutsch &amp; Englisch\",\"publisher\":{\"@id\":\"https:\\\/\\\/martinluther.ca\\\/de\\\/#organization\"},\"potentialAction\":[{\"@type\":\"SearchAction\",\"target\":{\"@type\":\"EntryPoint\",\"urlTemplate\":\"https:\\\/\\\/martinluther.ca\\\/de\\\/?s={search_term_string}\"},\"query-input\":{\"@type\":\"PropertyValueSpecification\",\"valueRequired\":true,\"valueName\":\"search_term_string\"}}],\"inLanguage\":\"de\"},{\"@type\":\"Organization\",\"@id\":\"https:\\\/\\\/martinluther.ca\\\/de\\\/#organization\",\"name\":\"Martin Luther Evangelical Church Toronto\",\"url\":\"https:\\\/\\\/martinluther.ca\\\/de\\\/\",\"logo\":{\"@type\":\"ImageObject\",\"inLanguage\":\"de\",\"@id\":\"https:\\\/\\\/martinluther.ca\\\/de\\\/#\\\/schema\\\/logo\\\/image\\\/\",\"url\":\"https:\\\/\\\/martinluther.ca\\\/wp-content\\\/uploads\\\/2016\\\/12\\\/ml-logo-300.png\",\"contentUrl\":\"https:\\\/\\\/martinluther.ca\\\/wp-content\\\/uploads\\\/2016\\\/12\\\/ml-logo-300.png\",\"width\":300,\"height\":150,\"caption\":\"Martin Luther Evangelical Church Toronto\"},\"image\":{\"@id\":\"https:\\\/\\\/martinluther.ca\\\/de\\\/#\\\/schema\\\/logo\\\/image\\\/\"},\"sameAs\":[\"https:\\\/\\\/www.facebook.com\\\/martinlutherchurchtoronto\",\"https:\\\/\\\/www.instagram.com\\\/lutheransbythelake\\\/\",\"https:\\\/\\\/www.youtube.com\\\/MartinLutherChurchToronto\"]},{\"@type\":\"Person\",\"@id\":\"https:\\\/\\\/martinluther.ca\\\/de\\\/#\\\/schema\\\/person\\\/ef4e825f5d9d6fd740bbd7813710e15d\",\"name\":\"Marlena Muller\",\"image\":{\"@type\":\"ImageObject\",\"inLanguage\":\"de\",\"@id\":\"https:\\\/\\\/secure.gravatar.com\\\/avatar\\\/fe840ff753768b839caa2dd522d4797f19f7e22fa2da83388e0fbfc570b65a37?s=96&d=mm&r=g\",\"url\":\"https:\\\/\\\/secure.gravatar.com\\\/avatar\\\/fe840ff753768b839caa2dd522d4797f19f7e22fa2da83388e0fbfc570b65a37?s=96&d=mm&r=g\",\"contentUrl\":\"https:\\\/\\\/secure.gravatar.com\\\/avatar\\\/fe840ff753768b839caa2dd522d4797f19f7e22fa2da83388e0fbfc570b65a37?s=96&d=mm&r=g\",\"caption\":\"Marlena Muller\"},\"url\":false}]}<\/script>\n<!-- \/ Yoast SEO plugin. -->","yoast_head_json":{"title":"Begr\u00fc\u00dfen Sie unsere Sommerstudenten Johnny und Maliha - Martin Luther Evangelische Kirche Toronto","robots":{"index":"index","follow":"follow","max-snippet":"max-snippet:-1","max-image-preview":"max-image-preview:large","max-video-preview":"max-video-preview:-1"},"canonical":"https:\/\/martinluther.ca\/de\/2021\/06\/begruessen-sie-unsere-sommerstudenten-johnny-und-maliha\/","og_locale":"de_DE","og_type":"article","og_title":"Begr\u00fc\u00dfen Sie unsere Sommerstudenten Johnny und Maliha - Martin Luther Evangelische Kirche Toronto","og_description":"Liebe MLK-Gemeinde! Mein Name ist Johnny. Ich geh\u00f6re zu den Sommerstudenten des Jahres 2021, die sich mit der Martin-Luther-Kirche im Rahmen der Gemeindenachbarschaftsarbeit daf\u00fcr einsetzen Fragen der Ern\u00e4hrungssicherheit zu bew\u00e4ltigen. Ich bin 20 Jahre alt, und im Bezirk Etobicoke geboren. Zur Zeit bin ich als Studentenpraktikant (engl. Co-op student) im Begriff, mein drittes Jahr des&hellip;","og_url":"https:\/\/martinluther.ca\/de\/2021\/06\/begruessen-sie-unsere-sommerstudenten-johnny-und-maliha\/","og_site_name":"Martin Luther Evangelische Kirche Toronto","article_publisher":"https:\/\/www.facebook.com\/martinlutherchurchtoronto","article_published_time":"2021-06-15T21:22:10+00:00","article_modified_time":"2021-06-16T22:01:33+00:00","og_image":[{"width":1280,"height":958,"url":"https:\/\/martinluther.ca\/wp-content\/uploads\/2021\/06\/2021-06-11-Beverages-and-Blessings3.jpeg","type":"image\/jpeg"}],"author":"Marlena Muller","twitter_card":"summary_large_image","twitter_misc":{"Verfasst von":"Marlena Muller","Gesch\u00e4tzte Lesezeit":"6\u00a0Minuten"},"schema":{"@context":"https:\/\/schema.org","@graph":[{"@type":"Article","@id":"https:\/\/martinluther.ca\/de\/2021\/06\/begruessen-sie-unsere-sommerstudenten-johnny-und-maliha\/#article","isPartOf":{"@id":"https:\/\/martinluther.ca\/de\/2021\/06\/begruessen-sie-unsere-sommerstudenten-johnny-und-maliha\/"},"author":{"name":"Marlena Muller","@id":"https:\/\/martinluther.ca\/de\/#\/schema\/person\/ef4e825f5d9d6fd740bbd7813710e15d"},"headline":"Begr\u00fc\u00dfen Sie unsere Sommerstudenten Johnny und Maliha","datePublished":"2021-06-15T21:22:10+00:00","dateModified":"2021-06-16T22:01:33+00:00","mainEntityOfPage":{"@id":"https:\/\/martinluther.ca\/de\/2021\/06\/begruessen-sie-unsere-sommerstudenten-johnny-und-maliha\/"},"wordCount":1099,"publisher":{"@id":"https:\/\/martinluther.ca\/de\/#organization"},"image":{"@id":"https:\/\/martinluther.ca\/de\/2021\/06\/begruessen-sie-unsere-sommerstudenten-johnny-und-maliha\/#primaryimage"},"thumbnailUrl":"https:\/\/martinluther.ca\/wp-content\/uploads\/2021\/06\/2021-06-11-Beverages-and-Blessings3.jpeg","articleSection":["News Blog - German"],"inLanguage":"de"},{"@type":"WebPage","@id":"https:\/\/martinluther.ca\/de\/2021\/06\/begruessen-sie-unsere-sommerstudenten-johnny-und-maliha\/","url":"https:\/\/martinluther.ca\/de\/2021\/06\/begruessen-sie-unsere-sommerstudenten-johnny-und-maliha\/","name":"Begr\u00fc\u00dfen Sie unsere Sommerstudenten Johnny und Maliha - Martin Luther Evangelische Kirche Toronto","isPartOf":{"@id":"https:\/\/martinluther.ca\/de\/#website"},"primaryImageOfPage":{"@id":"https:\/\/martinluther.ca\/de\/2021\/06\/begruessen-sie-unsere-sommerstudenten-johnny-und-maliha\/#primaryimage"},"image":{"@id":"https:\/\/martinluther.ca\/de\/2021\/06\/begruessen-sie-unsere-sommerstudenten-johnny-und-maliha\/#primaryimage"},"thumbnailUrl":"https:\/\/martinluther.ca\/wp-content\/uploads\/2021\/06\/2021-06-11-Beverages-and-Blessings3.jpeg","datePublished":"2021-06-15T21:22:10+00:00","dateModified":"2021-06-16T22:01:33+00:00","breadcrumb":{"@id":"https:\/\/martinluther.ca\/de\/2021\/06\/begruessen-sie-unsere-sommerstudenten-johnny-und-maliha\/#breadcrumb"},"inLanguage":"de","potentialAction":[{"@type":"ReadAction","target":["https:\/\/martinluther.ca\/de\/2021\/06\/begruessen-sie-unsere-sommerstudenten-johnny-und-maliha\/"]}]},{"@type":"ImageObject","inLanguage":"de","@id":"https:\/\/martinluther.ca\/de\/2021\/06\/begruessen-sie-unsere-sommerstudenten-johnny-und-maliha\/#primaryimage","url":"https:\/\/martinluther.ca\/wp-content\/uploads\/2021\/06\/2021-06-11-Beverages-and-Blessings3.jpeg","contentUrl":"https:\/\/martinluther.ca\/wp-content\/uploads\/2021\/06\/2021-06-11-Beverages-and-Blessings3.jpeg","width":1280,"height":958},{"@type":"BreadcrumbList","@id":"https:\/\/martinluther.ca\/de\/2021\/06\/begruessen-sie-unsere-sommerstudenten-johnny-und-maliha\/#breadcrumb","itemListElement":[{"@type":"ListItem","position":1,"name":"Home","item":"https:\/\/martinluther.ca\/de\/"},{"@type":"ListItem","position":2,"name":"Begr\u00fc\u00dfen Sie unsere Sommerstudenten Johnny und Maliha"}]},{"@type":"WebSite","@id":"https:\/\/martinluther.ca\/de\/#website","url":"https:\/\/martinluther.ca\/de\/","name":"Martin Luther Evangelical Church Toronto","description":"Deutsch &amp; Englisch","publisher":{"@id":"https:\/\/martinluther.ca\/de\/#organization"},"potentialAction":[{"@type":"SearchAction","target":{"@type":"EntryPoint","urlTemplate":"https:\/\/martinluther.ca\/de\/?s={search_term_string}"},"query-input":{"@type":"PropertyValueSpecification","valueRequired":true,"valueName":"search_term_string"}}],"inLanguage":"de"},{"@type":"Organization","@id":"https:\/\/martinluther.ca\/de\/#organization","name":"Martin Luther Evangelical Church Toronto","url":"https:\/\/martinluther.ca\/de\/","logo":{"@type":"ImageObject","inLanguage":"de","@id":"https:\/\/martinluther.ca\/de\/#\/schema\/logo\/image\/","url":"https:\/\/martinluther.ca\/wp-content\/uploads\/2016\/12\/ml-logo-300.png","contentUrl":"https:\/\/martinluther.ca\/wp-content\/uploads\/2016\/12\/ml-logo-300.png","width":300,"height":150,"caption":"Martin Luther Evangelical Church Toronto"},"image":{"@id":"https:\/\/martinluther.ca\/de\/#\/schema\/logo\/image\/"},"sameAs":["https:\/\/www.facebook.com\/martinlutherchurchtoronto","https:\/\/www.instagram.com\/lutheransbythelake\/","https:\/\/www.youtube.com\/MartinLutherChurchToronto"]},{"@type":"Person","@id":"https:\/\/martinluther.ca\/de\/#\/schema\/person\/ef4e825f5d9d6fd740bbd7813710e15d","name":"Marlena Muller","image":{"@type":"ImageObject","inLanguage":"de","@id":"https:\/\/secure.gravatar.com\/avatar\/fe840ff753768b839caa2dd522d4797f19f7e22fa2da83388e0fbfc570b65a37?s=96&d=mm&r=g","url":"https:\/\/secure.gravatar.com\/avatar\/fe840ff753768b839caa2dd522d4797f19f7e22fa2da83388e0fbfc570b65a37?s=96&d=mm&r=g","contentUrl":"https:\/\/secure.gravatar.com\/avatar\/fe840ff753768b839caa2dd522d4797f19f7e22fa2da83388e0fbfc570b65a37?s=96&d=mm&r=g","caption":"Marlena Muller"},"url":false}]}},"_links":{"self":[{"href":"https:\/\/martinluther.ca\/de\/wp-json\/wp\/v2\/posts\/38322","targetHints":{"allow":["GET"]}}],"collection":[{"href":"https:\/\/martinluther.ca\/de\/wp-json\/wp\/v2\/posts"}],"about":[{"href":"https:\/\/martinluther.ca\/de\/wp-json\/wp\/v2\/types\/post"}],"author":[{"embeddable":true,"href":"https:\/\/martinluther.ca\/de\/wp-json\/wp\/v2\/users\/8"}],"replies":[{"embeddable":true,"href":"https:\/\/martinluther.ca\/de\/wp-json\/wp\/v2\/comments?post=38322"}],"version-history":[{"count":4,"href":"https:\/\/martinluther.ca\/de\/wp-json\/wp\/v2\/posts\/38322\/revisions"}],"predecessor-version":[{"id":38339,"href":"https:\/\/martinluther.ca\/de\/wp-json\/wp\/v2\/posts\/38322\/revisions\/38339"}],"wp:featuredmedia":[{"embeddable":true,"href":"https:\/\/martinluther.ca\/de\/wp-json\/wp\/v2\/media\/38312"}],"wp:attachment":[{"href":"https:\/\/martinluther.ca\/de\/wp-json\/wp\/v2\/media?parent=38322"}],"wp:term":[{"taxonomy":"category","embeddable":true,"href":"https:\/\/martinluther.ca\/de\/wp-json\/wp\/v2\/categories?post=38322"},{"taxonomy":"post_tag","embeddable":true,"href":"https:\/\/martinluther.ca\/de\/wp-json\/wp\/v2\/tags?post=38322"},{"taxonomy":"post_series","embeddable":true,"href":"https:\/\/martinluther.ca\/de\/wp-json\/wp\/v2\/post_series?post=38322"}],"curies":[{"name":"wp","href":"https:\/\/api.w.org\/{rel}","templated":true}]}}