{"id":38347,"date":"2021-06-17T15:36:31","date_gmt":"2021-06-17T19:36:31","guid":{"rendered":"https:\/\/martinluther.ca\/?p=38347"},"modified":"2025-11-22T12:36:09","modified_gmt":"2025-11-22T17:36:09","slug":"sie-sind-zur-dinner-church-am-23-juni-herzlich-eingeladen-thema-spiritualitaet-trotz-demenz","status":"publish","type":"post","link":"https:\/\/martinluther.ca\/de\/2021\/06\/sie-sind-zur-dinner-church-am-23-juni-herzlich-eingeladen-thema-spiritualitaet-trotz-demenz\/","title":{"rendered":"Sie sind zur Dinner-Church am 23. Juni herzlich eingeladen. Thema: Spiritualit\u00e4t trotz Demenz"},"content":{"rendered":"<p><a href=\"https:\/\/martinluther.ca\/wp-content\/uploads\/2021\/06\/2021-06-23-Dinner-Church-Invitation-43.jpg\"><img loading=\"lazy\" decoding=\"async\" class=\"alignright wp-image-38340\" src=\"https:\/\/martinluther.ca\/wp-content\/uploads\/2021\/06\/2021-06-23-Dinner-Church-Invitation-43-300x225.jpg\" alt=\"\" width=\"400\" height=\"300\" srcset=\"https:\/\/martinluther.ca\/wp-content\/uploads\/2021\/06\/2021-06-23-Dinner-Church-Invitation-43-300x225.jpg 300w, https:\/\/martinluther.ca\/wp-content\/uploads\/2021\/06\/2021-06-23-Dinner-Church-Invitation-43-768x576.jpg 768w, https:\/\/martinluther.ca\/wp-content\/uploads\/2021\/06\/2021-06-23-Dinner-Church-Invitation-43.jpg 1024w\" sizes=\"auto, (max-width: 400px) 100vw, 400px\" \/><\/a>Dinner Church beinhaltet eine einfache Mahlzeit und einen Gottesdienst, der auf den Gemeinschaftsmahlzeiten der fr\u00fchen Christen basiert. W\u00e4hrend dieser Zeit der physischen Distanzierung halten wir eine englische Andacht Dinner Church online \u00fcber Zoom.<\/p>\n<p><strong>Am Mittwoch, den 23. Juni 2021, um 19.00 Uhr<\/strong>, treffen wir uns, um mit Pastor Dr. Gerhard Hille Wort, Gebet und Besinnung zu sprechen.<\/p>\n<p>Nehmen Sie am Zoom Meeting teil, indem Sie sich auf Eventbrite anmelden, <a href=\"http:\/\/www.MLCDinnerChurchOnlineJune23.eventbrite.ca\" target=\"_blank\" rel=\"noopener\">www.MLCDinnerChurchOnlineJune23.eventbrite.ca<\/a>, oder ein E-Mail am Kirchenb\u00fcro <a href=\"mailto:churchoffice@martinluther.ca\">churchoffice@martinluther.ca<\/a> senden.<\/p>\n<p>Bitte halten Sie ein Getr\u00e4nk, Brot und eine Kerze f\u00fcr unser Treffen bereit. Sie k\u00f6nnen auch gerne w\u00e4hrend der Gespr\u00e4chszeit Abendessen. Unser Pastor Hille hat den folgenden Rezepte geteilet: <a href=\"https:\/\/martinluther.ca\/wp-content\/uploads\/2021\/06\/Pastor-Hilles-Bread-Recipe-Brot-ohne-Kneten.pdf\">Brot ohne Kneten<\/a>.<\/p>\n<p>Bitte spenden Sie an lokale Partner, die unseren Nachbarn Lebensmittel anbieten.<\/p>\n","protected":false},"excerpt":{"rendered":"<p>Dinner Church beinhaltet eine einfache Mahlzeit und einen Gottesdienst, der auf den Gemeinschaftsmahlzeiten der fr\u00fchen Christen basiert. W\u00e4hrend dieser Zeit der physischen Distanzierung halten wir eine englische Andacht Dinner Church online \u00fcber Zoom. Am Mittwoch, den 23. Juni 2021, um 19.00 Uhr, treffen wir uns, um mit Pastor Dr. Gerhard Hille Wort, Gebet und Besinnung&hellip;<\/p>\n","protected":false},"author":8,"featured_media":38340,"comment_status":"closed","ping_status":"closed","sticky":false,"template":"","format":"standard","meta":{"footnotes":""},"categories":[69],"tags":[],"post_series":[],"class_list":["post-38347","post","type-post","status-publish","format-standard","has-post-thumbnail","hentry","category-news-blog-german","entry","has-media"],"yoast_head":"<!-- This site is optimized with the Yoast SEO plugin v27.5 - https:\/\/yoast.com\/product\/yoast-seo-wordpress\/ -->\n<title>Sie sind zur Dinner-Church am 23. Juni herzlich eingeladen. Thema: Spiritualit\u00e4t trotz Demenz - Martin Luther Evangelische Kirche Toronto<\/title>\n<meta name=\"robots\" content=\"index, follow, max-snippet:-1, max-image-preview:large, max-video-preview:-1\" \/>\n<link rel=\"canonical\" href=\"https:\/\/martinluther.ca\/de\/2021\/06\/sie-sind-zur-dinner-church-am-23-juni-herzlich-eingeladen-thema-spiritualitaet-trotz-demenz\/\" \/>\n<meta property=\"og:locale\" content=\"de_DE\" \/>\n<meta property=\"og:type\" content=\"article\" \/>\n<meta property=\"og:title\" content=\"Sie sind zur Dinner-Church am 23. Juni herzlich eingeladen. Thema: Spiritualit\u00e4t trotz Demenz - Martin Luther Evangelische Kirche Toronto\" \/>\n<meta property=\"og:description\" content=\"Dinner Church beinhaltet eine einfache Mahlzeit und einen Gottesdienst, der auf den Gemeinschaftsmahlzeiten der fr\u00fchen Christen basiert. W\u00e4hrend dieser Zeit der physischen Distanzierung halten wir eine englische Andacht Dinner Church online \u00fcber Zoom. Am Mittwoch, den 23. Juni 2021, um 19.00 Uhr, treffen wir uns, um mit Pastor Dr. Gerhard Hille Wort, Gebet und Besinnung&hellip;\" \/>\n<meta property=\"og:url\" content=\"https:\/\/martinluther.ca\/de\/2021\/06\/sie-sind-zur-dinner-church-am-23-juni-herzlich-eingeladen-thema-spiritualitaet-trotz-demenz\/\" \/>\n<meta property=\"og:site_name\" content=\"Martin Luther Evangelische Kirche Toronto\" \/>\n<meta property=\"article:publisher\" content=\"https:\/\/www.facebook.com\/martinlutherchurchtoronto\" \/>\n<meta property=\"article:published_time\" content=\"2021-06-17T19:36:31+00:00\" \/>\n<meta property=\"article:modified_time\" content=\"2025-11-22T17:36:09+00:00\" \/>\n<meta property=\"og:image\" content=\"https:\/\/martinluther.ca\/wp-content\/uploads\/2021\/06\/2021-06-23-Dinner-Church-Invitation-43.jpg\" \/>\n\t<meta property=\"og:image:width\" content=\"1024\" \/>\n\t<meta property=\"og:image:height\" content=\"768\" \/>\n\t<meta property=\"og:image:type\" content=\"image\/jpeg\" \/>\n<meta name=\"author\" content=\"Marlena Muller\" \/>\n<meta name=\"twitter:card\" content=\"summary_large_image\" \/>\n<meta name=\"twitter:label1\" content=\"Verfasst von\" \/>\n\t<meta name=\"twitter:data1\" content=\"Marlena Muller\" \/>\n\t<meta name=\"twitter:label2\" content=\"Gesch\u00e4tzte Lesezeit\" \/>\n\t<meta name=\"twitter:data2\" content=\"1\u00a0Minute\" \/>\n<script type=\"application\/ld+json\" class=\"yoast-schema-graph\">{\"@context\":\"https:\\\/\\\/schema.org\",\"@graph\":[{\"@type\":\"Article\",\"@id\":\"https:\\\/\\\/martinluther.ca\\\/de\\\/2021\\\/06\\\/sie-sind-zur-dinner-church-am-23-juni-herzlich-eingeladen-thema-spiritualitaet-trotz-demenz\\\/#article\",\"isPartOf\":{\"@id\":\"https:\\\/\\\/martinluther.ca\\\/de\\\/2021\\\/06\\\/sie-sind-zur-dinner-church-am-23-juni-herzlich-eingeladen-thema-spiritualitaet-trotz-demenz\\\/\"},\"author\":{\"name\":\"Marlena Muller\",\"@id\":\"https:\\\/\\\/martinluther.ca\\\/de\\\/#\\\/schema\\\/person\\\/ef4e825f5d9d6fd740bbd7813710e15d\"},\"headline\":\"Sie sind zur Dinner-Church am 23. Juni herzlich eingeladen. Thema: Spiritualit\u00e4t trotz Demenz\",\"datePublished\":\"2021-06-17T19:36:31+00:00\",\"dateModified\":\"2025-11-22T17:36:09+00:00\",\"mainEntityOfPage\":{\"@id\":\"https:\\\/\\\/martinluther.ca\\\/de\\\/2021\\\/06\\\/sie-sind-zur-dinner-church-am-23-juni-herzlich-eingeladen-thema-spiritualitaet-trotz-demenz\\\/\"},\"wordCount\":143,\"publisher\":{\"@id\":\"https:\\\/\\\/martinluther.ca\\\/de\\\/#organization\"},\"image\":{\"@id\":\"https:\\\/\\\/martinluther.ca\\\/de\\\/2021\\\/06\\\/sie-sind-zur-dinner-church-am-23-juni-herzlich-eingeladen-thema-spiritualitaet-trotz-demenz\\\/#primaryimage\"},\"thumbnailUrl\":\"https:\\\/\\\/martinluther.ca\\\/wp-content\\\/uploads\\\/2021\\\/06\\\/2021-06-23-Dinner-Church-Invitation-43.jpg\",\"articleSection\":[\"News Blog - German\"],\"inLanguage\":\"de\"},{\"@type\":\"WebPage\",\"@id\":\"https:\\\/\\\/martinluther.ca\\\/de\\\/2021\\\/06\\\/sie-sind-zur-dinner-church-am-23-juni-herzlich-eingeladen-thema-spiritualitaet-trotz-demenz\\\/\",\"url\":\"https:\\\/\\\/martinluther.ca\\\/de\\\/2021\\\/06\\\/sie-sind-zur-dinner-church-am-23-juni-herzlich-eingeladen-thema-spiritualitaet-trotz-demenz\\\/\",\"name\":\"Sie sind zur Dinner-Church am 23. Juni herzlich eingeladen. Thema: Spiritualit\u00e4t trotz Demenz - Martin Luther Evangelische Kirche Toronto\",\"isPartOf\":{\"@id\":\"https:\\\/\\\/martinluther.ca\\\/de\\\/#website\"},\"primaryImageOfPage\":{\"@id\":\"https:\\\/\\\/martinluther.ca\\\/de\\\/2021\\\/06\\\/sie-sind-zur-dinner-church-am-23-juni-herzlich-eingeladen-thema-spiritualitaet-trotz-demenz\\\/#primaryimage\"},\"image\":{\"@id\":\"https:\\\/\\\/martinluther.ca\\\/de\\\/2021\\\/06\\\/sie-sind-zur-dinner-church-am-23-juni-herzlich-eingeladen-thema-spiritualitaet-trotz-demenz\\\/#primaryimage\"},\"thumbnailUrl\":\"https:\\\/\\\/martinluther.ca\\\/wp-content\\\/uploads\\\/2021\\\/06\\\/2021-06-23-Dinner-Church-Invitation-43.jpg\",\"datePublished\":\"2021-06-17T19:36:31+00:00\",\"dateModified\":\"2025-11-22T17:36:09+00:00\",\"breadcrumb\":{\"@id\":\"https:\\\/\\\/martinluther.ca\\\/de\\\/2021\\\/06\\\/sie-sind-zur-dinner-church-am-23-juni-herzlich-eingeladen-thema-spiritualitaet-trotz-demenz\\\/#breadcrumb\"},\"inLanguage\":\"de\",\"potentialAction\":[{\"@type\":\"ReadAction\",\"target\":[\"https:\\\/\\\/martinluther.ca\\\/de\\\/2021\\\/06\\\/sie-sind-zur-dinner-church-am-23-juni-herzlich-eingeladen-thema-spiritualitaet-trotz-demenz\\\/\"]}]},{\"@type\":\"ImageObject\",\"inLanguage\":\"de\",\"@id\":\"https:\\\/\\\/martinluther.ca\\\/de\\\/2021\\\/06\\\/sie-sind-zur-dinner-church-am-23-juni-herzlich-eingeladen-thema-spiritualitaet-trotz-demenz\\\/#primaryimage\",\"url\":\"https:\\\/\\\/martinluther.ca\\\/wp-content\\\/uploads\\\/2021\\\/06\\\/2021-06-23-Dinner-Church-Invitation-43.jpg\",\"contentUrl\":\"https:\\\/\\\/martinluther.ca\\\/wp-content\\\/uploads\\\/2021\\\/06\\\/2021-06-23-Dinner-Church-Invitation-43.jpg\",\"width\":1024,\"height\":768},{\"@type\":\"BreadcrumbList\",\"@id\":\"https:\\\/\\\/martinluther.ca\\\/de\\\/2021\\\/06\\\/sie-sind-zur-dinner-church-am-23-juni-herzlich-eingeladen-thema-spiritualitaet-trotz-demenz\\\/#breadcrumb\",\"itemListElement\":[{\"@type\":\"ListItem\",\"position\":1,\"name\":\"Home\",\"item\":\"https:\\\/\\\/martinluther.ca\\\/de\\\/\"},{\"@type\":\"ListItem\",\"position\":2,\"name\":\"Sie sind zur Dinner-Church am 23. Juni herzlich eingeladen. Thema: Spiritualit\u00e4t trotz Demenz\"}]},{\"@type\":\"WebSite\",\"@id\":\"https:\\\/\\\/martinluther.ca\\\/de\\\/#website\",\"url\":\"https:\\\/\\\/martinluther.ca\\\/de\\\/\",\"name\":\"Martin Luther Evangelical Church Toronto\",\"description\":\"Deutsch &amp; Englisch\",\"publisher\":{\"@id\":\"https:\\\/\\\/martinluther.ca\\\/de\\\/#organization\"},\"potentialAction\":[{\"@type\":\"SearchAction\",\"target\":{\"@type\":\"EntryPoint\",\"urlTemplate\":\"https:\\\/\\\/martinluther.ca\\\/de\\\/?s={search_term_string}\"},\"query-input\":{\"@type\":\"PropertyValueSpecification\",\"valueRequired\":true,\"valueName\":\"search_term_string\"}}],\"inLanguage\":\"de\"},{\"@type\":\"Organization\",\"@id\":\"https:\\\/\\\/martinluther.ca\\\/de\\\/#organization\",\"name\":\"Martin Luther Evangelical Church Toronto\",\"url\":\"https:\\\/\\\/martinluther.ca\\\/de\\\/\",\"logo\":{\"@type\":\"ImageObject\",\"inLanguage\":\"de\",\"@id\":\"https:\\\/\\\/martinluther.ca\\\/de\\\/#\\\/schema\\\/logo\\\/image\\\/\",\"url\":\"https:\\\/\\\/martinluther.ca\\\/wp-content\\\/uploads\\\/2016\\\/12\\\/ml-logo-300.png\",\"contentUrl\":\"https:\\\/\\\/martinluther.ca\\\/wp-content\\\/uploads\\\/2016\\\/12\\\/ml-logo-300.png\",\"width\":300,\"height\":150,\"caption\":\"Martin Luther Evangelical Church Toronto\"},\"image\":{\"@id\":\"https:\\\/\\\/martinluther.ca\\\/de\\\/#\\\/schema\\\/logo\\\/image\\\/\"},\"sameAs\":[\"https:\\\/\\\/www.facebook.com\\\/martinlutherchurchtoronto\",\"https:\\\/\\\/www.instagram.com\\\/lutheransbythelake\\\/\",\"https:\\\/\\\/www.youtube.com\\\/MartinLutherChurchToronto\"]},{\"@type\":\"Person\",\"@id\":\"https:\\\/\\\/martinluther.ca\\\/de\\\/#\\\/schema\\\/person\\\/ef4e825f5d9d6fd740bbd7813710e15d\",\"name\":\"Marlena Muller\",\"image\":{\"@type\":\"ImageObject\",\"inLanguage\":\"de\",\"@id\":\"https:\\\/\\\/secure.gravatar.com\\\/avatar\\\/fe840ff753768b839caa2dd522d4797f19f7e22fa2da83388e0fbfc570b65a37?s=96&d=mm&r=g\",\"url\":\"https:\\\/\\\/secure.gravatar.com\\\/avatar\\\/fe840ff753768b839caa2dd522d4797f19f7e22fa2da83388e0fbfc570b65a37?s=96&d=mm&r=g\",\"contentUrl\":\"https:\\\/\\\/secure.gravatar.com\\\/avatar\\\/fe840ff753768b839caa2dd522d4797f19f7e22fa2da83388e0fbfc570b65a37?s=96&d=mm&r=g\",\"caption\":\"Marlena Muller\"},\"url\":false}]}<\/script>\n<!-- \/ Yoast SEO plugin. -->","yoast_head_json":{"title":"Sie sind zur Dinner-Church am 23. Juni herzlich eingeladen. Thema: Spiritualit\u00e4t trotz Demenz - Martin Luther Evangelische Kirche Toronto","robots":{"index":"index","follow":"follow","max-snippet":"max-snippet:-1","max-image-preview":"max-image-preview:large","max-video-preview":"max-video-preview:-1"},"canonical":"https:\/\/martinluther.ca\/de\/2021\/06\/sie-sind-zur-dinner-church-am-23-juni-herzlich-eingeladen-thema-spiritualitaet-trotz-demenz\/","og_locale":"de_DE","og_type":"article","og_title":"Sie sind zur Dinner-Church am 23. Juni herzlich eingeladen. Thema: Spiritualit\u00e4t trotz Demenz - Martin Luther Evangelische Kirche Toronto","og_description":"Dinner Church beinhaltet eine einfache Mahlzeit und einen Gottesdienst, der auf den Gemeinschaftsmahlzeiten der fr\u00fchen Christen basiert. W\u00e4hrend dieser Zeit der physischen Distanzierung halten wir eine englische Andacht Dinner Church online \u00fcber Zoom. Am Mittwoch, den 23. Juni 2021, um 19.00 Uhr, treffen wir uns, um mit Pastor Dr. Gerhard Hille Wort, Gebet und Besinnung&hellip;","og_url":"https:\/\/martinluther.ca\/de\/2021\/06\/sie-sind-zur-dinner-church-am-23-juni-herzlich-eingeladen-thema-spiritualitaet-trotz-demenz\/","og_site_name":"Martin Luther Evangelische Kirche Toronto","article_publisher":"https:\/\/www.facebook.com\/martinlutherchurchtoronto","article_published_time":"2021-06-17T19:36:31+00:00","article_modified_time":"2025-11-22T17:36:09+00:00","og_image":[{"width":1024,"height":768,"url":"https:\/\/martinluther.ca\/wp-content\/uploads\/2021\/06\/2021-06-23-Dinner-Church-Invitation-43.jpg","type":"image\/jpeg"}],"author":"Marlena Muller","twitter_card":"summary_large_image","twitter_misc":{"Verfasst von":"Marlena Muller","Gesch\u00e4tzte Lesezeit":"1\u00a0Minute"},"schema":{"@context":"https:\/\/schema.org","@graph":[{"@type":"Article","@id":"https:\/\/martinluther.ca\/de\/2021\/06\/sie-sind-zur-dinner-church-am-23-juni-herzlich-eingeladen-thema-spiritualitaet-trotz-demenz\/#article","isPartOf":{"@id":"https:\/\/martinluther.ca\/de\/2021\/06\/sie-sind-zur-dinner-church-am-23-juni-herzlich-eingeladen-thema-spiritualitaet-trotz-demenz\/"},"author":{"name":"Marlena Muller","@id":"https:\/\/martinluther.ca\/de\/#\/schema\/person\/ef4e825f5d9d6fd740bbd7813710e15d"},"headline":"Sie sind zur Dinner-Church am 23. Juni herzlich eingeladen. Thema: Spiritualit\u00e4t trotz Demenz","datePublished":"2021-06-17T19:36:31+00:00","dateModified":"2025-11-22T17:36:09+00:00","mainEntityOfPage":{"@id":"https:\/\/martinluther.ca\/de\/2021\/06\/sie-sind-zur-dinner-church-am-23-juni-herzlich-eingeladen-thema-spiritualitaet-trotz-demenz\/"},"wordCount":143,"publisher":{"@id":"https:\/\/martinluther.ca\/de\/#organization"},"image":{"@id":"https:\/\/martinluther.ca\/de\/2021\/06\/sie-sind-zur-dinner-church-am-23-juni-herzlich-eingeladen-thema-spiritualitaet-trotz-demenz\/#primaryimage"},"thumbnailUrl":"https:\/\/martinluther.ca\/wp-content\/uploads\/2021\/06\/2021-06-23-Dinner-Church-Invitation-43.jpg","articleSection":["News Blog - German"],"inLanguage":"de"},{"@type":"WebPage","@id":"https:\/\/martinluther.ca\/de\/2021\/06\/sie-sind-zur-dinner-church-am-23-juni-herzlich-eingeladen-thema-spiritualitaet-trotz-demenz\/","url":"https:\/\/martinluther.ca\/de\/2021\/06\/sie-sind-zur-dinner-church-am-23-juni-herzlich-eingeladen-thema-spiritualitaet-trotz-demenz\/","name":"Sie sind zur Dinner-Church am 23. Juni herzlich eingeladen. Thema: Spiritualit\u00e4t trotz Demenz - Martin Luther Evangelische Kirche Toronto","isPartOf":{"@id":"https:\/\/martinluther.ca\/de\/#website"},"primaryImageOfPage":{"@id":"https:\/\/martinluther.ca\/de\/2021\/06\/sie-sind-zur-dinner-church-am-23-juni-herzlich-eingeladen-thema-spiritualitaet-trotz-demenz\/#primaryimage"},"image":{"@id":"https:\/\/martinluther.ca\/de\/2021\/06\/sie-sind-zur-dinner-church-am-23-juni-herzlich-eingeladen-thema-spiritualitaet-trotz-demenz\/#primaryimage"},"thumbnailUrl":"https:\/\/martinluther.ca\/wp-content\/uploads\/2021\/06\/2021-06-23-Dinner-Church-Invitation-43.jpg","datePublished":"2021-06-17T19:36:31+00:00","dateModified":"2025-11-22T17:36:09+00:00","breadcrumb":{"@id":"https:\/\/martinluther.ca\/de\/2021\/06\/sie-sind-zur-dinner-church-am-23-juni-herzlich-eingeladen-thema-spiritualitaet-trotz-demenz\/#breadcrumb"},"inLanguage":"de","potentialAction":[{"@type":"ReadAction","target":["https:\/\/martinluther.ca\/de\/2021\/06\/sie-sind-zur-dinner-church-am-23-juni-herzlich-eingeladen-thema-spiritualitaet-trotz-demenz\/"]}]},{"@type":"ImageObject","inLanguage":"de","@id":"https:\/\/martinluther.ca\/de\/2021\/06\/sie-sind-zur-dinner-church-am-23-juni-herzlich-eingeladen-thema-spiritualitaet-trotz-demenz\/#primaryimage","url":"https:\/\/martinluther.ca\/wp-content\/uploads\/2021\/06\/2021-06-23-Dinner-Church-Invitation-43.jpg","contentUrl":"https:\/\/martinluther.ca\/wp-content\/uploads\/2021\/06\/2021-06-23-Dinner-Church-Invitation-43.jpg","width":1024,"height":768},{"@type":"BreadcrumbList","@id":"https:\/\/martinluther.ca\/de\/2021\/06\/sie-sind-zur-dinner-church-am-23-juni-herzlich-eingeladen-thema-spiritualitaet-trotz-demenz\/#breadcrumb","itemListElement":[{"@type":"ListItem","position":1,"name":"Home","item":"https:\/\/martinluther.ca\/de\/"},{"@type":"ListItem","position":2,"name":"Sie sind zur Dinner-Church am 23. Juni herzlich eingeladen. Thema: Spiritualit\u00e4t trotz Demenz"}]},{"@type":"WebSite","@id":"https:\/\/martinluther.ca\/de\/#website","url":"https:\/\/martinluther.ca\/de\/","name":"Martin Luther Evangelical Church Toronto","description":"Deutsch &amp; Englisch","publisher":{"@id":"https:\/\/martinluther.ca\/de\/#organization"},"potentialAction":[{"@type":"SearchAction","target":{"@type":"EntryPoint","urlTemplate":"https:\/\/martinluther.ca\/de\/?s={search_term_string}"},"query-input":{"@type":"PropertyValueSpecification","valueRequired":true,"valueName":"search_term_string"}}],"inLanguage":"de"},{"@type":"Organization","@id":"https:\/\/martinluther.ca\/de\/#organization","name":"Martin Luther Evangelical Church Toronto","url":"https:\/\/martinluther.ca\/de\/","logo":{"@type":"ImageObject","inLanguage":"de","@id":"https:\/\/martinluther.ca\/de\/#\/schema\/logo\/image\/","url":"https:\/\/martinluther.ca\/wp-content\/uploads\/2016\/12\/ml-logo-300.png","contentUrl":"https:\/\/martinluther.ca\/wp-content\/uploads\/2016\/12\/ml-logo-300.png","width":300,"height":150,"caption":"Martin Luther Evangelical Church Toronto"},"image":{"@id":"https:\/\/martinluther.ca\/de\/#\/schema\/logo\/image\/"},"sameAs":["https:\/\/www.facebook.com\/martinlutherchurchtoronto","https:\/\/www.instagram.com\/lutheransbythelake\/","https:\/\/www.youtube.com\/MartinLutherChurchToronto"]},{"@type":"Person","@id":"https:\/\/martinluther.ca\/de\/#\/schema\/person\/ef4e825f5d9d6fd740bbd7813710e15d","name":"Marlena Muller","image":{"@type":"ImageObject","inLanguage":"de","@id":"https:\/\/secure.gravatar.com\/avatar\/fe840ff753768b839caa2dd522d4797f19f7e22fa2da83388e0fbfc570b65a37?s=96&d=mm&r=g","url":"https:\/\/secure.gravatar.com\/avatar\/fe840ff753768b839caa2dd522d4797f19f7e22fa2da83388e0fbfc570b65a37?s=96&d=mm&r=g","contentUrl":"https:\/\/secure.gravatar.com\/avatar\/fe840ff753768b839caa2dd522d4797f19f7e22fa2da83388e0fbfc570b65a37?s=96&d=mm&r=g","caption":"Marlena Muller"},"url":false}]}},"_links":{"self":[{"href":"https:\/\/martinluther.ca\/de\/wp-json\/wp\/v2\/posts\/38347","targetHints":{"allow":["GET"]}}],"collection":[{"href":"https:\/\/martinluther.ca\/de\/wp-json\/wp\/v2\/posts"}],"about":[{"href":"https:\/\/martinluther.ca\/de\/wp-json\/wp\/v2\/types\/post"}],"author":[{"embeddable":true,"href":"https:\/\/martinluther.ca\/de\/wp-json\/wp\/v2\/users\/8"}],"replies":[{"embeddable":true,"href":"https:\/\/martinluther.ca\/de\/wp-json\/wp\/v2\/comments?post=38347"}],"version-history":[{"count":2,"href":"https:\/\/martinluther.ca\/de\/wp-json\/wp\/v2\/posts\/38347\/revisions"}],"predecessor-version":[{"id":38349,"href":"https:\/\/martinluther.ca\/de\/wp-json\/wp\/v2\/posts\/38347\/revisions\/38349"}],"wp:featuredmedia":[{"embeddable":true,"href":"https:\/\/martinluther.ca\/de\/wp-json\/wp\/v2\/media\/38340"}],"wp:attachment":[{"href":"https:\/\/martinluther.ca\/de\/wp-json\/wp\/v2\/media?parent=38347"}],"wp:term":[{"taxonomy":"category","embeddable":true,"href":"https:\/\/martinluther.ca\/de\/wp-json\/wp\/v2\/categories?post=38347"},{"taxonomy":"post_tag","embeddable":true,"href":"https:\/\/martinluther.ca\/de\/wp-json\/wp\/v2\/tags?post=38347"},{"taxonomy":"post_series","embeddable":true,"href":"https:\/\/martinluther.ca\/de\/wp-json\/wp\/v2\/post_series?post=38347"}],"curies":[{"name":"wp","href":"https:\/\/api.w.org\/{rel}","templated":true}]}}