{"id":38466,"date":"2021-07-09T09:42:04","date_gmt":"2021-07-09T13:42:04","guid":{"rendered":"https:\/\/martinluther.ca\/?p=38466"},"modified":"2021-08-07T12:14:05","modified_gmt":"2021-08-07T16:14:05","slug":"8-august-online-gottesdienst-begruessung-von-pastorin-annika-klappert-und-dank-pastor-dr-gerhard-hille","status":"publish","type":"post","link":"https:\/\/martinluther.ca\/de\/2021\/07\/8-august-online-gottesdienst-begruessung-von-pastorin-annika-klappert-und-dank-pastor-dr-gerhard-hille\/","title":{"rendered":"8. August ONLINE-Gottesdienst Begr\u00fc\u00dfung von Pastorin Annika Klappert und Dank Pastor Dr. Gerhard Hille"},"content":{"rendered":"<figure id=\"attachment_38468\" aria-describedby=\"caption-attachment-38468\" style=\"width: 225px\" class=\"wp-caption alignright\"><img loading=\"lazy\" decoding=\"async\" class=\"wp-image-38468 size-medium\" src=\"https:\/\/martinluther.ca\/wp-content\/uploads\/2021\/07\/2021-Pastorin-Annika-Klappert-IMG-20180715-WA0021-225x300.jpg\" alt=\"2021 Pastorin Annika Klappert and TIm\" width=\"225\" height=\"300\" srcset=\"https:\/\/martinluther.ca\/wp-content\/uploads\/2021\/07\/2021-Pastorin-Annika-Klappert-IMG-20180715-WA0021-225x300.jpg 225w, https:\/\/martinluther.ca\/wp-content\/uploads\/2021\/07\/2021-Pastorin-Annika-Klappert-IMG-20180715-WA0021-768x1024.jpg 768w, https:\/\/martinluther.ca\/wp-content\/uploads\/2021\/07\/2021-Pastorin-Annika-Klappert-IMG-20180715-WA0021-1152x1536.jpg 1152w, https:\/\/martinluther.ca\/wp-content\/uploads\/2021\/07\/2021-Pastorin-Annika-Klappert-IMG-20180715-WA0021.jpg 1200w\" sizes=\"auto, (max-width: 225px) 100vw, 225px\" \/><figcaption id=\"caption-attachment-38468\" class=\"wp-caption-text\">2021 Pastorin Annika Klappert and Tim B\u00fcchner<\/figcaption><\/figure>\n<p>UPDATE: wie bereits in den F\u00fcrbitten am letzten Sonntag geh\u00f6rt, wurde unserer Pastorin Annika Klappert und ihrem Mann auf Grund von COVID Einreise-Beschr\u00e4nkungen am letzten Dienstag, den 27. Juli 2021 die Abreise aus Deutschland verweigert. Am Donnerstag, den 5. August 2021, tagte der Vorstand. Wir sind zu dem folgenden Ergebnis gekommen: Sp\u00e4testens am 7. September 2021 werden die kanadischen Einreisebeschr\u00e4nkungen f\u00fcr Doppeltgeimpfte aufgehoben. Falls wir mit Hilfe unseres Parlaments-Abgeordneten und der Deutschen Botschaft in Ottawa bis dahin keine vorzeitige Einreise erwirken k\u00f6nnen, gehen wir von einer <strong>Wiederer\u00f6ffnung der Kirche in Person am 12. September 2021<\/strong> aus, anstatt wie bisher geplant am 15. August 2021. Wir f\u00fchlen uns von Ihren unterst\u00fctzenden Gebeten getragen.<br \/>\nHerzlichst,<br \/>\nIhr Kirchenvorstand<\/p>\n<p>*****************<\/p>\n<p>9. July 2021: Mit gro\u00dfer Vorfreude werden wir am Sonntag, den 8. August 2021 im Online-Gottesdienst Pastorin Annika Klappert und ihren Mann Tim B\u00fcchner in unserer Gemeinde willkommen hei\u00dfen.<\/p>\n<p>Zum <strong>1. August 2021<\/strong> \u00fcbernimmt Pastorin Annika Klappert die Pfarrstelle in der MLK und es gilt Abschied zu nehmen von Interims Pastor Dr. Gerhard Hille.<\/p>\n<p>Sie werden sie zum ersten Mal hoffentlich pers\u00f6nlich am <strong>Sonntag, den 15. August 2021<\/strong> sehen k\u00f6nnen.<\/p>\n<p>Ihr offizieller Einf\u00fchrungsgottesdienst ist f\u00fcr <strong>Oktober 2021<\/strong> geplant, geleitet von Pastor David Tin (Dekan f\u00fcr den Gro\u00dfraum Toronto) und hoffentlich mit Teilnahme vom Oberkirchenrat Marcus Garras, unserer Kontaktperson bei der Evangelische Kirche Deutschland (EKD).<\/p>\n<p>Ver\u00e4nderungen in unserem pers\u00f6nlichen Leben und im Leben einer Gemeinde sind immer Zeiten der Vorfreude und Begeisterung. Deshalb ist es gut, sich an die Worte Johann Wolfgang von Goethes zu erinnern: \u201eWenn wir die Menschen nur so nehmen, wie sie sind, so machen wir sie schlechter; wenn wir sie behandeln, als w\u00e4ren sie, was sie sein sollten, so bringen wir sie dahin, wohin sie zu bringen sind.\u201c<\/p>\n<p>Wir wissen, dass Pastorin Annika unsere Potentiale weiterentwickeln und uns inspirieren wird, weiter dorthin zu kommen, wohin wir zu bringen sind, und dass wir, wenn wir diesem gro\u00dfartigen Rat folgen, bestimmt miteinander und voneinander viel lernen werden.<\/p>\n","protected":false},"excerpt":{"rendered":"<p>UPDATE: wie bereits in den F\u00fcrbitten am letzten Sonntag geh\u00f6rt, wurde unserer Pastorin Annika Klappert und ihrem Mann auf Grund von COVID Einreise-Beschr\u00e4nkungen am letzten Dienstag, den 27. Juli 2021 die Abreise aus Deutschland verweigert. Am Donnerstag, den 5. August 2021, tagte der Vorstand. Wir sind zu dem folgenden Ergebnis gekommen: Sp\u00e4testens am 7. September&hellip;<\/p>\n","protected":false},"author":9,"featured_media":38502,"comment_status":"closed","ping_status":"closed","sticky":false,"template":"","format":"standard","meta":{"footnotes":""},"categories":[69],"tags":[],"post_series":[],"class_list":["post-38466","post","type-post","status-publish","format-standard","has-post-thumbnail","hentry","category-news-blog-german","entry","has-media"],"yoast_head":"<!-- This site is optimized with the Yoast SEO plugin v27.5 - https:\/\/yoast.com\/product\/yoast-seo-wordpress\/ -->\n<title>8. August ONLINE-Gottesdienst Begr\u00fc\u00dfung von Pastorin Annika Klappert und Dank Pastor Dr. Gerhard Hille - Martin Luther Evangelische Kirche Toronto<\/title>\n<meta name=\"robots\" content=\"index, follow, max-snippet:-1, max-image-preview:large, max-video-preview:-1\" \/>\n<link rel=\"canonical\" href=\"https:\/\/martinluther.ca\/de\/2021\/07\/8-august-online-gottesdienst-begruessung-von-pastorin-annika-klappert-und-dank-pastor-dr-gerhard-hille\/\" \/>\n<meta property=\"og:locale\" content=\"de_DE\" \/>\n<meta property=\"og:type\" content=\"article\" \/>\n<meta property=\"og:title\" content=\"8. August ONLINE-Gottesdienst Begr\u00fc\u00dfung von Pastorin Annika Klappert und Dank Pastor Dr. Gerhard Hille - Martin Luther Evangelische Kirche Toronto\" \/>\n<meta property=\"og:description\" content=\"UPDATE: wie bereits in den F\u00fcrbitten am letzten Sonntag geh\u00f6rt, wurde unserer Pastorin Annika Klappert und ihrem Mann auf Grund von COVID Einreise-Beschr\u00e4nkungen am letzten Dienstag, den 27. Juli 2021 die Abreise aus Deutschland verweigert. Am Donnerstag, den 5. August 2021, tagte der Vorstand. Wir sind zu dem folgenden Ergebnis gekommen: Sp\u00e4testens am 7. September&hellip;\" \/>\n<meta property=\"og:url\" content=\"https:\/\/martinluther.ca\/de\/2021\/07\/8-august-online-gottesdienst-begruessung-von-pastorin-annika-klappert-und-dank-pastor-dr-gerhard-hille\/\" \/>\n<meta property=\"og:site_name\" content=\"Martin Luther Evangelische Kirche Toronto\" \/>\n<meta property=\"article:publisher\" content=\"https:\/\/www.facebook.com\/martinlutherchurchtoronto\" \/>\n<meta property=\"article:published_time\" content=\"2021-07-09T13:42:04+00:00\" \/>\n<meta property=\"article:modified_time\" content=\"2021-08-07T16:14:05+00:00\" \/>\n<meta property=\"og:image\" content=\"https:\/\/martinluther.ca\/wp-content\/uploads\/2021\/07\/2021-Pastorin-Annika-Klappert-4x3-1.jpg\" \/>\n\t<meta property=\"og:image:width\" content=\"1189\" \/>\n\t<meta property=\"og:image:height\" content=\"892\" \/>\n\t<meta property=\"og:image:type\" content=\"image\/jpeg\" \/>\n<meta name=\"author\" content=\"Mona Kakoschke Frantzke\" \/>\n<meta name=\"twitter:card\" content=\"summary_large_image\" \/>\n<meta name=\"twitter:label1\" content=\"Verfasst von\" \/>\n\t<meta name=\"twitter:data1\" content=\"Mona Kakoschke Frantzke\" \/>\n\t<meta name=\"twitter:label2\" content=\"Gesch\u00e4tzte Lesezeit\" \/>\n\t<meta name=\"twitter:data2\" content=\"2\u00a0Minuten\" \/>\n<script type=\"application\/ld+json\" class=\"yoast-schema-graph\">{\"@context\":\"https:\\\/\\\/schema.org\",\"@graph\":[{\"@type\":\"Article\",\"@id\":\"https:\\\/\\\/martinluther.ca\\\/de\\\/2021\\\/07\\\/8-august-online-gottesdienst-begruessung-von-pastorin-annika-klappert-und-dank-pastor-dr-gerhard-hille\\\/#article\",\"isPartOf\":{\"@id\":\"https:\\\/\\\/martinluther.ca\\\/de\\\/2021\\\/07\\\/8-august-online-gottesdienst-begruessung-von-pastorin-annika-klappert-und-dank-pastor-dr-gerhard-hille\\\/\"},\"author\":{\"name\":\"Mona Kakoschke Frantzke\",\"@id\":\"https:\\\/\\\/martinluther.ca\\\/de\\\/#\\\/schema\\\/person\\\/815c51710f70b050f0476f18da6b0c8f\"},\"headline\":\"8. August ONLINE-Gottesdienst Begr\u00fc\u00dfung von Pastorin Annika Klappert und Dank Pastor Dr. Gerhard Hille\",\"datePublished\":\"2021-07-09T13:42:04+00:00\",\"dateModified\":\"2021-08-07T16:14:05+00:00\",\"mainEntityOfPage\":{\"@id\":\"https:\\\/\\\/martinluther.ca\\\/de\\\/2021\\\/07\\\/8-august-online-gottesdienst-begruessung-von-pastorin-annika-klappert-und-dank-pastor-dr-gerhard-hille\\\/\"},\"wordCount\":355,\"publisher\":{\"@id\":\"https:\\\/\\\/martinluther.ca\\\/de\\\/#organization\"},\"image\":{\"@id\":\"https:\\\/\\\/martinluther.ca\\\/de\\\/2021\\\/07\\\/8-august-online-gottesdienst-begruessung-von-pastorin-annika-klappert-und-dank-pastor-dr-gerhard-hille\\\/#primaryimage\"},\"thumbnailUrl\":\"https:\\\/\\\/martinluther.ca\\\/wp-content\\\/uploads\\\/2021\\\/07\\\/2021-Pastorin-Annika-Klappert-4x3-1.jpg\",\"articleSection\":[\"News Blog - German\"],\"inLanguage\":\"de\"},{\"@type\":\"WebPage\",\"@id\":\"https:\\\/\\\/martinluther.ca\\\/de\\\/2021\\\/07\\\/8-august-online-gottesdienst-begruessung-von-pastorin-annika-klappert-und-dank-pastor-dr-gerhard-hille\\\/\",\"url\":\"https:\\\/\\\/martinluther.ca\\\/de\\\/2021\\\/07\\\/8-august-online-gottesdienst-begruessung-von-pastorin-annika-klappert-und-dank-pastor-dr-gerhard-hille\\\/\",\"name\":\"8. August ONLINE-Gottesdienst Begr\u00fc\u00dfung von Pastorin Annika Klappert und Dank Pastor Dr. Gerhard Hille - Martin Luther Evangelische Kirche Toronto\",\"isPartOf\":{\"@id\":\"https:\\\/\\\/martinluther.ca\\\/de\\\/#website\"},\"primaryImageOfPage\":{\"@id\":\"https:\\\/\\\/martinluther.ca\\\/de\\\/2021\\\/07\\\/8-august-online-gottesdienst-begruessung-von-pastorin-annika-klappert-und-dank-pastor-dr-gerhard-hille\\\/#primaryimage\"},\"image\":{\"@id\":\"https:\\\/\\\/martinluther.ca\\\/de\\\/2021\\\/07\\\/8-august-online-gottesdienst-begruessung-von-pastorin-annika-klappert-und-dank-pastor-dr-gerhard-hille\\\/#primaryimage\"},\"thumbnailUrl\":\"https:\\\/\\\/martinluther.ca\\\/wp-content\\\/uploads\\\/2021\\\/07\\\/2021-Pastorin-Annika-Klappert-4x3-1.jpg\",\"datePublished\":\"2021-07-09T13:42:04+00:00\",\"dateModified\":\"2021-08-07T16:14:05+00:00\",\"breadcrumb\":{\"@id\":\"https:\\\/\\\/martinluther.ca\\\/de\\\/2021\\\/07\\\/8-august-online-gottesdienst-begruessung-von-pastorin-annika-klappert-und-dank-pastor-dr-gerhard-hille\\\/#breadcrumb\"},\"inLanguage\":\"de\",\"potentialAction\":[{\"@type\":\"ReadAction\",\"target\":[\"https:\\\/\\\/martinluther.ca\\\/de\\\/2021\\\/07\\\/8-august-online-gottesdienst-begruessung-von-pastorin-annika-klappert-und-dank-pastor-dr-gerhard-hille\\\/\"]}]},{\"@type\":\"ImageObject\",\"inLanguage\":\"de\",\"@id\":\"https:\\\/\\\/martinluther.ca\\\/de\\\/2021\\\/07\\\/8-august-online-gottesdienst-begruessung-von-pastorin-annika-klappert-und-dank-pastor-dr-gerhard-hille\\\/#primaryimage\",\"url\":\"https:\\\/\\\/martinluther.ca\\\/wp-content\\\/uploads\\\/2021\\\/07\\\/2021-Pastorin-Annika-Klappert-4x3-1.jpg\",\"contentUrl\":\"https:\\\/\\\/martinluther.ca\\\/wp-content\\\/uploads\\\/2021\\\/07\\\/2021-Pastorin-Annika-Klappert-4x3-1.jpg\",\"width\":1189,\"height\":892,\"caption\":\"2021 Pastorin Annika Klappert and TIm\"},{\"@type\":\"BreadcrumbList\",\"@id\":\"https:\\\/\\\/martinluther.ca\\\/de\\\/2021\\\/07\\\/8-august-online-gottesdienst-begruessung-von-pastorin-annika-klappert-und-dank-pastor-dr-gerhard-hille\\\/#breadcrumb\",\"itemListElement\":[{\"@type\":\"ListItem\",\"position\":1,\"name\":\"Home\",\"item\":\"https:\\\/\\\/martinluther.ca\\\/de\\\/\"},{\"@type\":\"ListItem\",\"position\":2,\"name\":\"8. August ONLINE-Gottesdienst Begr\u00fc\u00dfung von Pastorin Annika Klappert und Dank Pastor Dr. Gerhard Hille\"}]},{\"@type\":\"WebSite\",\"@id\":\"https:\\\/\\\/martinluther.ca\\\/de\\\/#website\",\"url\":\"https:\\\/\\\/martinluther.ca\\\/de\\\/\",\"name\":\"Martin Luther Evangelical Church Toronto\",\"description\":\"Deutsch &amp; Englisch\",\"publisher\":{\"@id\":\"https:\\\/\\\/martinluther.ca\\\/de\\\/#organization\"},\"potentialAction\":[{\"@type\":\"SearchAction\",\"target\":{\"@type\":\"EntryPoint\",\"urlTemplate\":\"https:\\\/\\\/martinluther.ca\\\/de\\\/?s={search_term_string}\"},\"query-input\":{\"@type\":\"PropertyValueSpecification\",\"valueRequired\":true,\"valueName\":\"search_term_string\"}}],\"inLanguage\":\"de\"},{\"@type\":\"Organization\",\"@id\":\"https:\\\/\\\/martinluther.ca\\\/de\\\/#organization\",\"name\":\"Martin Luther Evangelical Church Toronto\",\"url\":\"https:\\\/\\\/martinluther.ca\\\/de\\\/\",\"logo\":{\"@type\":\"ImageObject\",\"inLanguage\":\"de\",\"@id\":\"https:\\\/\\\/martinluther.ca\\\/de\\\/#\\\/schema\\\/logo\\\/image\\\/\",\"url\":\"https:\\\/\\\/martinluther.ca\\\/wp-content\\\/uploads\\\/2016\\\/12\\\/ml-logo-300.png\",\"contentUrl\":\"https:\\\/\\\/martinluther.ca\\\/wp-content\\\/uploads\\\/2016\\\/12\\\/ml-logo-300.png\",\"width\":300,\"height\":150,\"caption\":\"Martin Luther Evangelical Church Toronto\"},\"image\":{\"@id\":\"https:\\\/\\\/martinluther.ca\\\/de\\\/#\\\/schema\\\/logo\\\/image\\\/\"},\"sameAs\":[\"https:\\\/\\\/www.facebook.com\\\/martinlutherchurchtoronto\",\"https:\\\/\\\/www.instagram.com\\\/lutheransbythelake\\\/\",\"https:\\\/\\\/www.youtube.com\\\/MartinLutherChurchToronto\"]},{\"@type\":\"Person\",\"@id\":\"https:\\\/\\\/martinluther.ca\\\/de\\\/#\\\/schema\\\/person\\\/815c51710f70b050f0476f18da6b0c8f\",\"name\":\"Mona Kakoschke Frantzke\",\"image\":{\"@type\":\"ImageObject\",\"inLanguage\":\"de\",\"@id\":\"https:\\\/\\\/secure.gravatar.com\\\/avatar\\\/0deb16854ca545cd2e9fc8001ca110d262b80d5c8317b38dc542265fbea0ed19?s=96&d=mm&r=g\",\"url\":\"https:\\\/\\\/secure.gravatar.com\\\/avatar\\\/0deb16854ca545cd2e9fc8001ca110d262b80d5c8317b38dc542265fbea0ed19?s=96&d=mm&r=g\",\"contentUrl\":\"https:\\\/\\\/secure.gravatar.com\\\/avatar\\\/0deb16854ca545cd2e9fc8001ca110d262b80d5c8317b38dc542265fbea0ed19?s=96&d=mm&r=g\",\"caption\":\"Mona Kakoschke Frantzke\"},\"url\":false}]}<\/script>\n<!-- \/ Yoast SEO plugin. -->","yoast_head_json":{"title":"8. August ONLINE-Gottesdienst Begr\u00fc\u00dfung von Pastorin Annika Klappert und Dank Pastor Dr. Gerhard Hille - Martin Luther Evangelische Kirche Toronto","robots":{"index":"index","follow":"follow","max-snippet":"max-snippet:-1","max-image-preview":"max-image-preview:large","max-video-preview":"max-video-preview:-1"},"canonical":"https:\/\/martinluther.ca\/de\/2021\/07\/8-august-online-gottesdienst-begruessung-von-pastorin-annika-klappert-und-dank-pastor-dr-gerhard-hille\/","og_locale":"de_DE","og_type":"article","og_title":"8. August ONLINE-Gottesdienst Begr\u00fc\u00dfung von Pastorin Annika Klappert und Dank Pastor Dr. Gerhard Hille - Martin Luther Evangelische Kirche Toronto","og_description":"UPDATE: wie bereits in den F\u00fcrbitten am letzten Sonntag geh\u00f6rt, wurde unserer Pastorin Annika Klappert und ihrem Mann auf Grund von COVID Einreise-Beschr\u00e4nkungen am letzten Dienstag, den 27. Juli 2021 die Abreise aus Deutschland verweigert. Am Donnerstag, den 5. August 2021, tagte der Vorstand. Wir sind zu dem folgenden Ergebnis gekommen: Sp\u00e4testens am 7. September&hellip;","og_url":"https:\/\/martinluther.ca\/de\/2021\/07\/8-august-online-gottesdienst-begruessung-von-pastorin-annika-klappert-und-dank-pastor-dr-gerhard-hille\/","og_site_name":"Martin Luther Evangelische Kirche Toronto","article_publisher":"https:\/\/www.facebook.com\/martinlutherchurchtoronto","article_published_time":"2021-07-09T13:42:04+00:00","article_modified_time":"2021-08-07T16:14:05+00:00","og_image":[{"width":1189,"height":892,"url":"https:\/\/martinluther.ca\/wp-content\/uploads\/2021\/07\/2021-Pastorin-Annika-Klappert-4x3-1.jpg","type":"image\/jpeg"}],"author":"Mona Kakoschke Frantzke","twitter_card":"summary_large_image","twitter_misc":{"Verfasst von":"Mona Kakoschke Frantzke","Gesch\u00e4tzte Lesezeit":"2\u00a0Minuten"},"schema":{"@context":"https:\/\/schema.org","@graph":[{"@type":"Article","@id":"https:\/\/martinluther.ca\/de\/2021\/07\/8-august-online-gottesdienst-begruessung-von-pastorin-annika-klappert-und-dank-pastor-dr-gerhard-hille\/#article","isPartOf":{"@id":"https:\/\/martinluther.ca\/de\/2021\/07\/8-august-online-gottesdienst-begruessung-von-pastorin-annika-klappert-und-dank-pastor-dr-gerhard-hille\/"},"author":{"name":"Mona Kakoschke Frantzke","@id":"https:\/\/martinluther.ca\/de\/#\/schema\/person\/815c51710f70b050f0476f18da6b0c8f"},"headline":"8. August ONLINE-Gottesdienst Begr\u00fc\u00dfung von Pastorin Annika Klappert und Dank Pastor Dr. Gerhard Hille","datePublished":"2021-07-09T13:42:04+00:00","dateModified":"2021-08-07T16:14:05+00:00","mainEntityOfPage":{"@id":"https:\/\/martinluther.ca\/de\/2021\/07\/8-august-online-gottesdienst-begruessung-von-pastorin-annika-klappert-und-dank-pastor-dr-gerhard-hille\/"},"wordCount":355,"publisher":{"@id":"https:\/\/martinluther.ca\/de\/#organization"},"image":{"@id":"https:\/\/martinluther.ca\/de\/2021\/07\/8-august-online-gottesdienst-begruessung-von-pastorin-annika-klappert-und-dank-pastor-dr-gerhard-hille\/#primaryimage"},"thumbnailUrl":"https:\/\/martinluther.ca\/wp-content\/uploads\/2021\/07\/2021-Pastorin-Annika-Klappert-4x3-1.jpg","articleSection":["News Blog - German"],"inLanguage":"de"},{"@type":"WebPage","@id":"https:\/\/martinluther.ca\/de\/2021\/07\/8-august-online-gottesdienst-begruessung-von-pastorin-annika-klappert-und-dank-pastor-dr-gerhard-hille\/","url":"https:\/\/martinluther.ca\/de\/2021\/07\/8-august-online-gottesdienst-begruessung-von-pastorin-annika-klappert-und-dank-pastor-dr-gerhard-hille\/","name":"8. August ONLINE-Gottesdienst Begr\u00fc\u00dfung von Pastorin Annika Klappert und Dank Pastor Dr. Gerhard Hille - Martin Luther Evangelische Kirche Toronto","isPartOf":{"@id":"https:\/\/martinluther.ca\/de\/#website"},"primaryImageOfPage":{"@id":"https:\/\/martinluther.ca\/de\/2021\/07\/8-august-online-gottesdienst-begruessung-von-pastorin-annika-klappert-und-dank-pastor-dr-gerhard-hille\/#primaryimage"},"image":{"@id":"https:\/\/martinluther.ca\/de\/2021\/07\/8-august-online-gottesdienst-begruessung-von-pastorin-annika-klappert-und-dank-pastor-dr-gerhard-hille\/#primaryimage"},"thumbnailUrl":"https:\/\/martinluther.ca\/wp-content\/uploads\/2021\/07\/2021-Pastorin-Annika-Klappert-4x3-1.jpg","datePublished":"2021-07-09T13:42:04+00:00","dateModified":"2021-08-07T16:14:05+00:00","breadcrumb":{"@id":"https:\/\/martinluther.ca\/de\/2021\/07\/8-august-online-gottesdienst-begruessung-von-pastorin-annika-klappert-und-dank-pastor-dr-gerhard-hille\/#breadcrumb"},"inLanguage":"de","potentialAction":[{"@type":"ReadAction","target":["https:\/\/martinluther.ca\/de\/2021\/07\/8-august-online-gottesdienst-begruessung-von-pastorin-annika-klappert-und-dank-pastor-dr-gerhard-hille\/"]}]},{"@type":"ImageObject","inLanguage":"de","@id":"https:\/\/martinluther.ca\/de\/2021\/07\/8-august-online-gottesdienst-begruessung-von-pastorin-annika-klappert-und-dank-pastor-dr-gerhard-hille\/#primaryimage","url":"https:\/\/martinluther.ca\/wp-content\/uploads\/2021\/07\/2021-Pastorin-Annika-Klappert-4x3-1.jpg","contentUrl":"https:\/\/martinluther.ca\/wp-content\/uploads\/2021\/07\/2021-Pastorin-Annika-Klappert-4x3-1.jpg","width":1189,"height":892,"caption":"2021 Pastorin Annika Klappert and TIm"},{"@type":"BreadcrumbList","@id":"https:\/\/martinluther.ca\/de\/2021\/07\/8-august-online-gottesdienst-begruessung-von-pastorin-annika-klappert-und-dank-pastor-dr-gerhard-hille\/#breadcrumb","itemListElement":[{"@type":"ListItem","position":1,"name":"Home","item":"https:\/\/martinluther.ca\/de\/"},{"@type":"ListItem","position":2,"name":"8. August ONLINE-Gottesdienst Begr\u00fc\u00dfung von Pastorin Annika Klappert und Dank Pastor Dr. Gerhard Hille"}]},{"@type":"WebSite","@id":"https:\/\/martinluther.ca\/de\/#website","url":"https:\/\/martinluther.ca\/de\/","name":"Martin Luther Evangelical Church Toronto","description":"Deutsch &amp; Englisch","publisher":{"@id":"https:\/\/martinluther.ca\/de\/#organization"},"potentialAction":[{"@type":"SearchAction","target":{"@type":"EntryPoint","urlTemplate":"https:\/\/martinluther.ca\/de\/?s={search_term_string}"},"query-input":{"@type":"PropertyValueSpecification","valueRequired":true,"valueName":"search_term_string"}}],"inLanguage":"de"},{"@type":"Organization","@id":"https:\/\/martinluther.ca\/de\/#organization","name":"Martin Luther Evangelical Church Toronto","url":"https:\/\/martinluther.ca\/de\/","logo":{"@type":"ImageObject","inLanguage":"de","@id":"https:\/\/martinluther.ca\/de\/#\/schema\/logo\/image\/","url":"https:\/\/martinluther.ca\/wp-content\/uploads\/2016\/12\/ml-logo-300.png","contentUrl":"https:\/\/martinluther.ca\/wp-content\/uploads\/2016\/12\/ml-logo-300.png","width":300,"height":150,"caption":"Martin Luther Evangelical Church Toronto"},"image":{"@id":"https:\/\/martinluther.ca\/de\/#\/schema\/logo\/image\/"},"sameAs":["https:\/\/www.facebook.com\/martinlutherchurchtoronto","https:\/\/www.instagram.com\/lutheransbythelake\/","https:\/\/www.youtube.com\/MartinLutherChurchToronto"]},{"@type":"Person","@id":"https:\/\/martinluther.ca\/de\/#\/schema\/person\/815c51710f70b050f0476f18da6b0c8f","name":"Mona Kakoschke Frantzke","image":{"@type":"ImageObject","inLanguage":"de","@id":"https:\/\/secure.gravatar.com\/avatar\/0deb16854ca545cd2e9fc8001ca110d262b80d5c8317b38dc542265fbea0ed19?s=96&d=mm&r=g","url":"https:\/\/secure.gravatar.com\/avatar\/0deb16854ca545cd2e9fc8001ca110d262b80d5c8317b38dc542265fbea0ed19?s=96&d=mm&r=g","contentUrl":"https:\/\/secure.gravatar.com\/avatar\/0deb16854ca545cd2e9fc8001ca110d262b80d5c8317b38dc542265fbea0ed19?s=96&d=mm&r=g","caption":"Mona Kakoschke Frantzke"},"url":false}]}},"_links":{"self":[{"href":"https:\/\/martinluther.ca\/de\/wp-json\/wp\/v2\/posts\/38466","targetHints":{"allow":["GET"]}}],"collection":[{"href":"https:\/\/martinluther.ca\/de\/wp-json\/wp\/v2\/posts"}],"about":[{"href":"https:\/\/martinluther.ca\/de\/wp-json\/wp\/v2\/types\/post"}],"author":[{"embeddable":true,"href":"https:\/\/martinluther.ca\/de\/wp-json\/wp\/v2\/users\/9"}],"replies":[{"embeddable":true,"href":"https:\/\/martinluther.ca\/de\/wp-json\/wp\/v2\/comments?post=38466"}],"version-history":[{"count":9,"href":"https:\/\/martinluther.ca\/de\/wp-json\/wp\/v2\/posts\/38466\/revisions"}],"predecessor-version":[{"id":38646,"href":"https:\/\/martinluther.ca\/de\/wp-json\/wp\/v2\/posts\/38466\/revisions\/38646"}],"wp:featuredmedia":[{"embeddable":true,"href":"https:\/\/martinluther.ca\/de\/wp-json\/wp\/v2\/media\/38502"}],"wp:attachment":[{"href":"https:\/\/martinluther.ca\/de\/wp-json\/wp\/v2\/media?parent=38466"}],"wp:term":[{"taxonomy":"category","embeddable":true,"href":"https:\/\/martinluther.ca\/de\/wp-json\/wp\/v2\/categories?post=38466"},{"taxonomy":"post_tag","embeddable":true,"href":"https:\/\/martinluther.ca\/de\/wp-json\/wp\/v2\/tags?post=38466"},{"taxonomy":"post_series","embeddable":true,"href":"https:\/\/martinluther.ca\/de\/wp-json\/wp\/v2\/post_series?post=38466"}],"curies":[{"name":"wp","href":"https:\/\/api.w.org\/{rel}","templated":true}]}}