{"id":38478,"date":"2021-07-08T21:23:16","date_gmt":"2021-07-09T01:23:16","guid":{"rendered":"https:\/\/martinluther.ca\/?p=38478"},"modified":"2021-08-07T13:25:02","modified_gmt":"2021-08-07T17:25:02","slug":"mit-freundlichen-gruessen-und-dank-aus-dem-pfarrhaus","status":"publish","type":"post","link":"https:\/\/martinluther.ca\/de\/2021\/07\/mit-freundlichen-gruessen-und-dank-aus-dem-pfarrhaus\/","title":{"rendered":"Mit freundlichen Gr\u00fc\u00dfen und Dank aus dem Pfarrhaus &#8230; Vikar Adam"},"content":{"rendered":"<p><img loading=\"lazy\" decoding=\"async\" class=\"alignright size-medium wp-image-38470\" src=\"https:\/\/martinluther.ca\/wp-content\/uploads\/2021\/07\/2021-Parsonage-backyard-01-300x225.jpg\" alt=\"2021 Parsonage backyard\" width=\"300\" height=\"225\" srcset=\"https:\/\/martinluther.ca\/wp-content\/uploads\/2021\/07\/2021-Parsonage-backyard-01-300x225.jpg 300w, https:\/\/martinluther.ca\/wp-content\/uploads\/2021\/07\/2021-Parsonage-backyard-01.jpg 624w\" sizes=\"auto, (max-width: 300px) 100vw, 300px\" \/><\/p>\n<div class=\"dePhmb\">\n<div class=\"eyKpYb\" data-language=\"de\" data-original-language=\"en\" data-result-index=\"0\">\n<div class=\"J0lOec\">\n<div class=\"DNFg3e\">\n<div class=\"oJweqc KKjvXb\" data-alternative-index=\"0\">\n<div class=\"PrVWEc\">&#8230; eine Reflexion von Vikar Adam McComb &#8230;<\/div>\n<\/div>\n<\/div>\n<\/div>\n<\/div>\n<\/div>\n<p>Meine Zuflucht, meine Arche war das Pfarrhaus. Der Regen h\u00f6rte auf, der Himmel klarte auf, und ein Regenbogen bildete sich. Dieses Regenbogenb\u00fcndnis verlangte eine Antwort. Der Sch\u00f6pfer streckt seine Hand partnerschaftlich aus und ruft uns auf f\u00fcr die Sch\u00f6pfung zu sorgen. Dankbar bin ich, dass ich dank unserer Gemeinde und des Pfarrhauses darauf antworten kann.<\/p>\n<p>Dieses Haus ist ein Zufluchtsort und die B\u00fchne f\u00fcr so viele gro\u00dfartige Projekte gewesen, die mir helfen, meine H\u00e4nde in Partnerschaft mit Gott im Garten schmutzig zu machen. Geschenkte Pflanzen und Samen f\u00fcr &#8222;Give Peas a Chance&#8220; brachten eine F\u00fclle von Ertr\u00e4gen, die wir mit Karten mit der Aufschrift &#8222;From the Parsonage With Love&#8220; geteilt haben. Unser Projekt &#8222;Masks for Good&#8220; hat Hunderte von Masken, unglaubliche Geschichten und Tonnen von gespendeten Ressourcen durch dieses Haus gehen sehen. Etwas Gutes wachsen zu lassen, das Bewusstsein f\u00fcr Ern\u00e4hrungsunsicherheit zu sch\u00e4rfen, unsere Nachbarn zu treffen, Masken anzubieten, Suppe, Geschichten und Hoffnung zu teilen &#8211; das ist die Sorge um die Sch\u00f6pfung, und so haben wir in der Martin Luther Kirche auf Gottes Ruf geantwortet.<\/p>\n<p><img loading=\"lazy\" decoding=\"async\" class=\"size-medium wp-image-38472 alignleft\" src=\"https:\/\/martinluther.ca\/wp-content\/uploads\/2021\/07\/2021-Parsonage-backyard-02-225x300.jpg\" alt=\"2021 Parsonage sideyard\" width=\"225\" height=\"300\" srcset=\"https:\/\/martinluther.ca\/wp-content\/uploads\/2021\/07\/2021-Parsonage-backyard-02-225x300.jpg 225w, https:\/\/martinluther.ca\/wp-content\/uploads\/2021\/07\/2021-Parsonage-backyard-02.jpg 624w\" sizes=\"auto, (max-width: 225px) 100vw, 225px\" \/>Das Pfarrhaus ist weiterhin ein Segen und ein Zufluchtsort. Ein Teil der Wertsch\u00e4tzung f\u00fcr das Haus sind die erstaunlichen Projekte im und um das Haus herum. Freiwillige wie Kai, Dan und andere haben uns F\u00e4higkeiten beigebracht und uns bef\u00e4higt, dem Haus zu dienen, das so vielen dient. Das Teilen von Zeit, F\u00e4higkeiten und Ressourcen innerhalb der Martin-Luther-Gemeinde beeindruckt und pr\u00e4gt mich weiterhin.<\/p>\n<p>Dieses Haus hat Freunde zu Feiertagen und Geburtstagen zusammengebracht, hat Gottesdienste veranstaltet und Zuflucht geboten. Wir haben Fliesen gewechselt, W\u00e4nde und Decken gestrichen, G\u00e4rten angelegt und unseren \u00dcberfluss geteilt.<\/p>\n<p>Dies konnte nur mit so viel Hilfe und Unterst\u00fctzung der Martin-Luther-Gemeinde, einem gro\u00dfz\u00fcgigen polnischen Nachbarn und einem strengen, aber freundlichen Italiener geschehen.<\/p>\n<p>Gemeinsam versuchen wir, etwas Gutes wachsen zu lassen und das Pfarrhaus f\u00fcr unsere neue Pastorin und ihren Mann bereit zu machen, damit sie es betreten und die Liebe und Begeisterung dieser Gemeinschaft sp\u00fcren k\u00f6nnen.<\/p>\n<p>&#8211; Vikar Adam McComb, Juli 2021<\/p>\n<div id=\"gallery-1\" class=\"wpex-gallery wpex-grid wpex-grid-cols-4 wpex-gap-20 wpex-lightbox-group wpex-mb-20\"><figure class=\"gallery-item\"><a href=\"https:\/\/martinluther.ca\/wp-content\/uploads\/2021\/08\/2021-Parsonage-masks-for-good-packages-05.jpg\" class=\"wpex-lightbox-group-item\"><img loading=\"lazy\" decoding=\"async\" src=\"https:\/\/martinluther.ca\/wp-content\/uploads\/2021\/08\/2021-Parsonage-masks-for-good-packages-05.jpg\" alt=\"\" srcset=\"https:\/\/martinluther.ca\/wp-content\/uploads\/2021\/08\/2021-Parsonage-masks-for-good-packages-05.jpg 624w, https:\/\/martinluther.ca\/wp-content\/uploads\/2021\/08\/2021-Parsonage-masks-for-good-packages-05-225x300.jpg 225w\" width=\"624\" height=\"832\"><\/a><\/figure><figure class=\"gallery-item\"><a href=\"https:\/\/martinluther.ca\/wp-content\/uploads\/2021\/08\/2021-Parsonage-frontyard-06.jpg\" class=\"wpex-lightbox-group-item\"><img loading=\"lazy\" decoding=\"async\" src=\"https:\/\/martinluther.ca\/wp-content\/uploads\/2021\/08\/2021-Parsonage-frontyard-06.jpg\" alt=\"\" srcset=\"https:\/\/martinluther.ca\/wp-content\/uploads\/2021\/08\/2021-Parsonage-frontyard-06.jpg 624w, https:\/\/martinluther.ca\/wp-content\/uploads\/2021\/08\/2021-Parsonage-frontyard-06-225x300.jpg 225w\" width=\"624\" height=\"832\"><\/a><\/figure><figure class=\"gallery-item\"><a href=\"https:\/\/martinluther.ca\/wp-content\/uploads\/2021\/08\/2021-Parsonage-backyard-planting-seeds-04.jpg\" class=\"wpex-lightbox-group-item\"><img loading=\"lazy\" decoding=\"async\" src=\"https:\/\/martinluther.ca\/wp-content\/uploads\/2021\/08\/2021-Parsonage-backyard-planting-seeds-04-576x1024.jpg\" alt=\"\" srcset=\"https:\/\/martinluther.ca\/wp-content\/uploads\/2021\/08\/2021-Parsonage-backyard-planting-seeds-04-576x1024.jpg 576w, https:\/\/martinluther.ca\/wp-content\/uploads\/2021\/08\/2021-Parsonage-backyard-planting-seeds-04-169x300.jpg 169w, https:\/\/martinluther.ca\/wp-content\/uploads\/2021\/08\/2021-Parsonage-backyard-planting-seeds-04.jpg 624w\" width=\"576\" height=\"1024\"><\/a><\/figure><figure class=\"gallery-item\"><a href=\"https:\/\/martinluther.ca\/wp-content\/uploads\/2021\/08\/2021-Parsonage-backyard-03.jpg\" class=\"wpex-lightbox-group-item\"><img loading=\"lazy\" decoding=\"async\" src=\"https:\/\/martinluther.ca\/wp-content\/uploads\/2021\/08\/2021-Parsonage-backyard-03.jpg\" alt=\"\" srcset=\"https:\/\/martinluther.ca\/wp-content\/uploads\/2021\/08\/2021-Parsonage-backyard-03.jpg 624w, https:\/\/martinluther.ca\/wp-content\/uploads\/2021\/08\/2021-Parsonage-backyard-03-225x300.jpg 225w\" width=\"624\" height=\"832\"><\/a><\/figure><\/div>\n\n","protected":false},"excerpt":{"rendered":"<p>&#8230; eine Reflexion von Vikar Adam McComb &#8230; Meine Zuflucht, meine Arche war das Pfarrhaus. Der Regen h\u00f6rte auf, der Himmel klarte auf, und ein Regenbogen bildete sich. Dieses Regenbogenb\u00fcndnis verlangte eine Antwort. Der Sch\u00f6pfer streckt seine Hand partnerschaftlich aus und ruft uns auf f\u00fcr die Sch\u00f6pfung zu sorgen. Dankbar bin ich, dass ich dank&hellip;<\/p>\n","protected":false},"author":9,"featured_media":38470,"comment_status":"closed","ping_status":"closed","sticky":false,"template":"","format":"standard","meta":{"footnotes":""},"categories":[69],"tags":[],"post_series":[],"class_list":["post-38478","post","type-post","status-publish","format-standard","has-post-thumbnail","hentry","category-news-blog-german","entry","has-media"],"yoast_head":"<!-- This site is optimized with the Yoast SEO plugin v27.5 - https:\/\/yoast.com\/product\/yoast-seo-wordpress\/ -->\n<title>Mit freundlichen Gr\u00fc\u00dfen und Dank aus dem Pfarrhaus ... Vikar Adam - Martin Luther Evangelische Kirche Toronto<\/title>\n<meta name=\"robots\" content=\"index, follow, max-snippet:-1, max-image-preview:large, max-video-preview:-1\" \/>\n<link rel=\"canonical\" href=\"https:\/\/martinluther.ca\/de\/2021\/07\/mit-freundlichen-gruessen-und-dank-aus-dem-pfarrhaus\/\" \/>\n<meta property=\"og:locale\" content=\"de_DE\" \/>\n<meta property=\"og:type\" content=\"article\" \/>\n<meta property=\"og:title\" content=\"Mit freundlichen Gr\u00fc\u00dfen und Dank aus dem Pfarrhaus ... Vikar Adam - Martin Luther Evangelische Kirche Toronto\" \/>\n<meta property=\"og:description\" content=\"&#8230; eine Reflexion von Vikar Adam McComb &#8230; Meine Zuflucht, meine Arche war das Pfarrhaus. Der Regen h\u00f6rte auf, der Himmel klarte auf, und ein Regenbogen bildete sich. Dieses Regenbogenb\u00fcndnis verlangte eine Antwort. Der Sch\u00f6pfer streckt seine Hand partnerschaftlich aus und ruft uns auf f\u00fcr die Sch\u00f6pfung zu sorgen. Dankbar bin ich, dass ich dank&hellip;\" \/>\n<meta property=\"og:url\" content=\"https:\/\/martinluther.ca\/de\/2021\/07\/mit-freundlichen-gruessen-und-dank-aus-dem-pfarrhaus\/\" \/>\n<meta property=\"og:site_name\" content=\"Martin Luther Evangelische Kirche Toronto\" \/>\n<meta property=\"article:publisher\" content=\"https:\/\/www.facebook.com\/martinlutherchurchtoronto\" \/>\n<meta property=\"article:published_time\" content=\"2021-07-09T01:23:16+00:00\" \/>\n<meta property=\"article:modified_time\" content=\"2021-08-07T17:25:02+00:00\" \/>\n<meta property=\"og:image\" content=\"https:\/\/martinluther.ca\/wp-content\/uploads\/2021\/07\/2021-Parsonage-backyard-01.jpg\" \/>\n\t<meta property=\"og:image:width\" content=\"624\" \/>\n\t<meta property=\"og:image:height\" content=\"468\" \/>\n\t<meta property=\"og:image:type\" content=\"image\/jpeg\" \/>\n<meta name=\"author\" content=\"Mona Kakoschke Frantzke\" \/>\n<meta name=\"twitter:card\" content=\"summary_large_image\" \/>\n<meta name=\"twitter:label1\" content=\"Verfasst von\" \/>\n\t<meta name=\"twitter:data1\" content=\"Mona Kakoschke Frantzke\" \/>\n\t<meta name=\"twitter:label2\" content=\"Gesch\u00e4tzte Lesezeit\" \/>\n\t<meta name=\"twitter:data2\" content=\"2\u00a0Minuten\" \/>\n<script type=\"application\/ld+json\" class=\"yoast-schema-graph\">{\"@context\":\"https:\\\/\\\/schema.org\",\"@graph\":[{\"@type\":\"Article\",\"@id\":\"https:\\\/\\\/martinluther.ca\\\/de\\\/2021\\\/07\\\/mit-freundlichen-gruessen-und-dank-aus-dem-pfarrhaus\\\/#article\",\"isPartOf\":{\"@id\":\"https:\\\/\\\/martinluther.ca\\\/de\\\/2021\\\/07\\\/mit-freundlichen-gruessen-und-dank-aus-dem-pfarrhaus\\\/\"},\"author\":{\"name\":\"Mona Kakoschke Frantzke\",\"@id\":\"https:\\\/\\\/martinluther.ca\\\/de\\\/#\\\/schema\\\/person\\\/815c51710f70b050f0476f18da6b0c8f\"},\"headline\":\"Mit freundlichen Gr\u00fc\u00dfen und Dank aus dem Pfarrhaus &#8230; Vikar Adam\",\"datePublished\":\"2021-07-09T01:23:16+00:00\",\"dateModified\":\"2021-08-07T17:25:02+00:00\",\"mainEntityOfPage\":{\"@id\":\"https:\\\/\\\/martinluther.ca\\\/de\\\/2021\\\/07\\\/mit-freundlichen-gruessen-und-dank-aus-dem-pfarrhaus\\\/\"},\"wordCount\":378,\"publisher\":{\"@id\":\"https:\\\/\\\/martinluther.ca\\\/de\\\/#organization\"},\"image\":{\"@id\":\"https:\\\/\\\/martinluther.ca\\\/de\\\/2021\\\/07\\\/mit-freundlichen-gruessen-und-dank-aus-dem-pfarrhaus\\\/#primaryimage\"},\"thumbnailUrl\":\"https:\\\/\\\/martinluther.ca\\\/wp-content\\\/uploads\\\/2021\\\/07\\\/2021-Parsonage-backyard-01.jpg\",\"articleSection\":[\"News Blog - German\"],\"inLanguage\":\"de\"},{\"@type\":\"WebPage\",\"@id\":\"https:\\\/\\\/martinluther.ca\\\/de\\\/2021\\\/07\\\/mit-freundlichen-gruessen-und-dank-aus-dem-pfarrhaus\\\/\",\"url\":\"https:\\\/\\\/martinluther.ca\\\/de\\\/2021\\\/07\\\/mit-freundlichen-gruessen-und-dank-aus-dem-pfarrhaus\\\/\",\"name\":\"Mit freundlichen Gr\u00fc\u00dfen und Dank aus dem Pfarrhaus ... Vikar Adam - Martin Luther Evangelische Kirche Toronto\",\"isPartOf\":{\"@id\":\"https:\\\/\\\/martinluther.ca\\\/de\\\/#website\"},\"primaryImageOfPage\":{\"@id\":\"https:\\\/\\\/martinluther.ca\\\/de\\\/2021\\\/07\\\/mit-freundlichen-gruessen-und-dank-aus-dem-pfarrhaus\\\/#primaryimage\"},\"image\":{\"@id\":\"https:\\\/\\\/martinluther.ca\\\/de\\\/2021\\\/07\\\/mit-freundlichen-gruessen-und-dank-aus-dem-pfarrhaus\\\/#primaryimage\"},\"thumbnailUrl\":\"https:\\\/\\\/martinluther.ca\\\/wp-content\\\/uploads\\\/2021\\\/07\\\/2021-Parsonage-backyard-01.jpg\",\"datePublished\":\"2021-07-09T01:23:16+00:00\",\"dateModified\":\"2021-08-07T17:25:02+00:00\",\"breadcrumb\":{\"@id\":\"https:\\\/\\\/martinluther.ca\\\/de\\\/2021\\\/07\\\/mit-freundlichen-gruessen-und-dank-aus-dem-pfarrhaus\\\/#breadcrumb\"},\"inLanguage\":\"de\",\"potentialAction\":[{\"@type\":\"ReadAction\",\"target\":[\"https:\\\/\\\/martinluther.ca\\\/de\\\/2021\\\/07\\\/mit-freundlichen-gruessen-und-dank-aus-dem-pfarrhaus\\\/\"]}]},{\"@type\":\"ImageObject\",\"inLanguage\":\"de\",\"@id\":\"https:\\\/\\\/martinluther.ca\\\/de\\\/2021\\\/07\\\/mit-freundlichen-gruessen-und-dank-aus-dem-pfarrhaus\\\/#primaryimage\",\"url\":\"https:\\\/\\\/martinluther.ca\\\/wp-content\\\/uploads\\\/2021\\\/07\\\/2021-Parsonage-backyard-01.jpg\",\"contentUrl\":\"https:\\\/\\\/martinluther.ca\\\/wp-content\\\/uploads\\\/2021\\\/07\\\/2021-Parsonage-backyard-01.jpg\",\"width\":624,\"height\":468,\"caption\":\"2021 Parsonage backyard\"},{\"@type\":\"BreadcrumbList\",\"@id\":\"https:\\\/\\\/martinluther.ca\\\/de\\\/2021\\\/07\\\/mit-freundlichen-gruessen-und-dank-aus-dem-pfarrhaus\\\/#breadcrumb\",\"itemListElement\":[{\"@type\":\"ListItem\",\"position\":1,\"name\":\"Home\",\"item\":\"https:\\\/\\\/martinluther.ca\\\/de\\\/\"},{\"@type\":\"ListItem\",\"position\":2,\"name\":\"Mit freundlichen Gr\u00fc\u00dfen und Dank aus dem Pfarrhaus &#8230; Vikar Adam\"}]},{\"@type\":\"WebSite\",\"@id\":\"https:\\\/\\\/martinluther.ca\\\/de\\\/#website\",\"url\":\"https:\\\/\\\/martinluther.ca\\\/de\\\/\",\"name\":\"Martin Luther Evangelical Church Toronto\",\"description\":\"Deutsch &amp; Englisch\",\"publisher\":{\"@id\":\"https:\\\/\\\/martinluther.ca\\\/de\\\/#organization\"},\"potentialAction\":[{\"@type\":\"SearchAction\",\"target\":{\"@type\":\"EntryPoint\",\"urlTemplate\":\"https:\\\/\\\/martinluther.ca\\\/de\\\/?s={search_term_string}\"},\"query-input\":{\"@type\":\"PropertyValueSpecification\",\"valueRequired\":true,\"valueName\":\"search_term_string\"}}],\"inLanguage\":\"de\"},{\"@type\":\"Organization\",\"@id\":\"https:\\\/\\\/martinluther.ca\\\/de\\\/#organization\",\"name\":\"Martin Luther Evangelical Church Toronto\",\"url\":\"https:\\\/\\\/martinluther.ca\\\/de\\\/\",\"logo\":{\"@type\":\"ImageObject\",\"inLanguage\":\"de\",\"@id\":\"https:\\\/\\\/martinluther.ca\\\/de\\\/#\\\/schema\\\/logo\\\/image\\\/\",\"url\":\"https:\\\/\\\/martinluther.ca\\\/wp-content\\\/uploads\\\/2016\\\/12\\\/ml-logo-300.png\",\"contentUrl\":\"https:\\\/\\\/martinluther.ca\\\/wp-content\\\/uploads\\\/2016\\\/12\\\/ml-logo-300.png\",\"width\":300,\"height\":150,\"caption\":\"Martin Luther Evangelical Church Toronto\"},\"image\":{\"@id\":\"https:\\\/\\\/martinluther.ca\\\/de\\\/#\\\/schema\\\/logo\\\/image\\\/\"},\"sameAs\":[\"https:\\\/\\\/www.facebook.com\\\/martinlutherchurchtoronto\",\"https:\\\/\\\/www.instagram.com\\\/lutheransbythelake\\\/\",\"https:\\\/\\\/www.youtube.com\\\/MartinLutherChurchToronto\"]},{\"@type\":\"Person\",\"@id\":\"https:\\\/\\\/martinluther.ca\\\/de\\\/#\\\/schema\\\/person\\\/815c51710f70b050f0476f18da6b0c8f\",\"name\":\"Mona Kakoschke Frantzke\",\"image\":{\"@type\":\"ImageObject\",\"inLanguage\":\"de\",\"@id\":\"https:\\\/\\\/secure.gravatar.com\\\/avatar\\\/0deb16854ca545cd2e9fc8001ca110d262b80d5c8317b38dc542265fbea0ed19?s=96&d=mm&r=g\",\"url\":\"https:\\\/\\\/secure.gravatar.com\\\/avatar\\\/0deb16854ca545cd2e9fc8001ca110d262b80d5c8317b38dc542265fbea0ed19?s=96&d=mm&r=g\",\"contentUrl\":\"https:\\\/\\\/secure.gravatar.com\\\/avatar\\\/0deb16854ca545cd2e9fc8001ca110d262b80d5c8317b38dc542265fbea0ed19?s=96&d=mm&r=g\",\"caption\":\"Mona Kakoschke Frantzke\"},\"url\":false}]}<\/script>\n<!-- \/ Yoast SEO plugin. -->","yoast_head_json":{"title":"Mit freundlichen Gr\u00fc\u00dfen und Dank aus dem Pfarrhaus ... Vikar Adam - Martin Luther Evangelische Kirche Toronto","robots":{"index":"index","follow":"follow","max-snippet":"max-snippet:-1","max-image-preview":"max-image-preview:large","max-video-preview":"max-video-preview:-1"},"canonical":"https:\/\/martinluther.ca\/de\/2021\/07\/mit-freundlichen-gruessen-und-dank-aus-dem-pfarrhaus\/","og_locale":"de_DE","og_type":"article","og_title":"Mit freundlichen Gr\u00fc\u00dfen und Dank aus dem Pfarrhaus ... Vikar Adam - Martin Luther Evangelische Kirche Toronto","og_description":"&#8230; eine Reflexion von Vikar Adam McComb &#8230; Meine Zuflucht, meine Arche war das Pfarrhaus. Der Regen h\u00f6rte auf, der Himmel klarte auf, und ein Regenbogen bildete sich. Dieses Regenbogenb\u00fcndnis verlangte eine Antwort. Der Sch\u00f6pfer streckt seine Hand partnerschaftlich aus und ruft uns auf f\u00fcr die Sch\u00f6pfung zu sorgen. Dankbar bin ich, dass ich dank&hellip;","og_url":"https:\/\/martinluther.ca\/de\/2021\/07\/mit-freundlichen-gruessen-und-dank-aus-dem-pfarrhaus\/","og_site_name":"Martin Luther Evangelische Kirche Toronto","article_publisher":"https:\/\/www.facebook.com\/martinlutherchurchtoronto","article_published_time":"2021-07-09T01:23:16+00:00","article_modified_time":"2021-08-07T17:25:02+00:00","og_image":[{"width":624,"height":468,"url":"https:\/\/martinluther.ca\/wp-content\/uploads\/2021\/07\/2021-Parsonage-backyard-01.jpg","type":"image\/jpeg"}],"author":"Mona Kakoschke Frantzke","twitter_card":"summary_large_image","twitter_misc":{"Verfasst von":"Mona Kakoschke Frantzke","Gesch\u00e4tzte Lesezeit":"2\u00a0Minuten"},"schema":{"@context":"https:\/\/schema.org","@graph":[{"@type":"Article","@id":"https:\/\/martinluther.ca\/de\/2021\/07\/mit-freundlichen-gruessen-und-dank-aus-dem-pfarrhaus\/#article","isPartOf":{"@id":"https:\/\/martinluther.ca\/de\/2021\/07\/mit-freundlichen-gruessen-und-dank-aus-dem-pfarrhaus\/"},"author":{"name":"Mona Kakoschke Frantzke","@id":"https:\/\/martinluther.ca\/de\/#\/schema\/person\/815c51710f70b050f0476f18da6b0c8f"},"headline":"Mit freundlichen Gr\u00fc\u00dfen und Dank aus dem Pfarrhaus &#8230; Vikar Adam","datePublished":"2021-07-09T01:23:16+00:00","dateModified":"2021-08-07T17:25:02+00:00","mainEntityOfPage":{"@id":"https:\/\/martinluther.ca\/de\/2021\/07\/mit-freundlichen-gruessen-und-dank-aus-dem-pfarrhaus\/"},"wordCount":378,"publisher":{"@id":"https:\/\/martinluther.ca\/de\/#organization"},"image":{"@id":"https:\/\/martinluther.ca\/de\/2021\/07\/mit-freundlichen-gruessen-und-dank-aus-dem-pfarrhaus\/#primaryimage"},"thumbnailUrl":"https:\/\/martinluther.ca\/wp-content\/uploads\/2021\/07\/2021-Parsonage-backyard-01.jpg","articleSection":["News Blog - German"],"inLanguage":"de"},{"@type":"WebPage","@id":"https:\/\/martinluther.ca\/de\/2021\/07\/mit-freundlichen-gruessen-und-dank-aus-dem-pfarrhaus\/","url":"https:\/\/martinluther.ca\/de\/2021\/07\/mit-freundlichen-gruessen-und-dank-aus-dem-pfarrhaus\/","name":"Mit freundlichen Gr\u00fc\u00dfen und Dank aus dem Pfarrhaus ... Vikar Adam - Martin Luther Evangelische Kirche Toronto","isPartOf":{"@id":"https:\/\/martinluther.ca\/de\/#website"},"primaryImageOfPage":{"@id":"https:\/\/martinluther.ca\/de\/2021\/07\/mit-freundlichen-gruessen-und-dank-aus-dem-pfarrhaus\/#primaryimage"},"image":{"@id":"https:\/\/martinluther.ca\/de\/2021\/07\/mit-freundlichen-gruessen-und-dank-aus-dem-pfarrhaus\/#primaryimage"},"thumbnailUrl":"https:\/\/martinluther.ca\/wp-content\/uploads\/2021\/07\/2021-Parsonage-backyard-01.jpg","datePublished":"2021-07-09T01:23:16+00:00","dateModified":"2021-08-07T17:25:02+00:00","breadcrumb":{"@id":"https:\/\/martinluther.ca\/de\/2021\/07\/mit-freundlichen-gruessen-und-dank-aus-dem-pfarrhaus\/#breadcrumb"},"inLanguage":"de","potentialAction":[{"@type":"ReadAction","target":["https:\/\/martinluther.ca\/de\/2021\/07\/mit-freundlichen-gruessen-und-dank-aus-dem-pfarrhaus\/"]}]},{"@type":"ImageObject","inLanguage":"de","@id":"https:\/\/martinluther.ca\/de\/2021\/07\/mit-freundlichen-gruessen-und-dank-aus-dem-pfarrhaus\/#primaryimage","url":"https:\/\/martinluther.ca\/wp-content\/uploads\/2021\/07\/2021-Parsonage-backyard-01.jpg","contentUrl":"https:\/\/martinluther.ca\/wp-content\/uploads\/2021\/07\/2021-Parsonage-backyard-01.jpg","width":624,"height":468,"caption":"2021 Parsonage backyard"},{"@type":"BreadcrumbList","@id":"https:\/\/martinluther.ca\/de\/2021\/07\/mit-freundlichen-gruessen-und-dank-aus-dem-pfarrhaus\/#breadcrumb","itemListElement":[{"@type":"ListItem","position":1,"name":"Home","item":"https:\/\/martinluther.ca\/de\/"},{"@type":"ListItem","position":2,"name":"Mit freundlichen Gr\u00fc\u00dfen und Dank aus dem Pfarrhaus &#8230; Vikar Adam"}]},{"@type":"WebSite","@id":"https:\/\/martinluther.ca\/de\/#website","url":"https:\/\/martinluther.ca\/de\/","name":"Martin Luther Evangelical Church Toronto","description":"Deutsch &amp; Englisch","publisher":{"@id":"https:\/\/martinluther.ca\/de\/#organization"},"potentialAction":[{"@type":"SearchAction","target":{"@type":"EntryPoint","urlTemplate":"https:\/\/martinluther.ca\/de\/?s={search_term_string}"},"query-input":{"@type":"PropertyValueSpecification","valueRequired":true,"valueName":"search_term_string"}}],"inLanguage":"de"},{"@type":"Organization","@id":"https:\/\/martinluther.ca\/de\/#organization","name":"Martin Luther Evangelical Church Toronto","url":"https:\/\/martinluther.ca\/de\/","logo":{"@type":"ImageObject","inLanguage":"de","@id":"https:\/\/martinluther.ca\/de\/#\/schema\/logo\/image\/","url":"https:\/\/martinluther.ca\/wp-content\/uploads\/2016\/12\/ml-logo-300.png","contentUrl":"https:\/\/martinluther.ca\/wp-content\/uploads\/2016\/12\/ml-logo-300.png","width":300,"height":150,"caption":"Martin Luther Evangelical Church Toronto"},"image":{"@id":"https:\/\/martinluther.ca\/de\/#\/schema\/logo\/image\/"},"sameAs":["https:\/\/www.facebook.com\/martinlutherchurchtoronto","https:\/\/www.instagram.com\/lutheransbythelake\/","https:\/\/www.youtube.com\/MartinLutherChurchToronto"]},{"@type":"Person","@id":"https:\/\/martinluther.ca\/de\/#\/schema\/person\/815c51710f70b050f0476f18da6b0c8f","name":"Mona Kakoschke Frantzke","image":{"@type":"ImageObject","inLanguage":"de","@id":"https:\/\/secure.gravatar.com\/avatar\/0deb16854ca545cd2e9fc8001ca110d262b80d5c8317b38dc542265fbea0ed19?s=96&d=mm&r=g","url":"https:\/\/secure.gravatar.com\/avatar\/0deb16854ca545cd2e9fc8001ca110d262b80d5c8317b38dc542265fbea0ed19?s=96&d=mm&r=g","contentUrl":"https:\/\/secure.gravatar.com\/avatar\/0deb16854ca545cd2e9fc8001ca110d262b80d5c8317b38dc542265fbea0ed19?s=96&d=mm&r=g","caption":"Mona Kakoschke Frantzke"},"url":false}]}},"_links":{"self":[{"href":"https:\/\/martinluther.ca\/de\/wp-json\/wp\/v2\/posts\/38478","targetHints":{"allow":["GET"]}}],"collection":[{"href":"https:\/\/martinluther.ca\/de\/wp-json\/wp\/v2\/posts"}],"about":[{"href":"https:\/\/martinluther.ca\/de\/wp-json\/wp\/v2\/types\/post"}],"author":[{"embeddable":true,"href":"https:\/\/martinluther.ca\/de\/wp-json\/wp\/v2\/users\/9"}],"replies":[{"embeddable":true,"href":"https:\/\/martinluther.ca\/de\/wp-json\/wp\/v2\/comments?post=38478"}],"version-history":[{"count":4,"href":"https:\/\/martinluther.ca\/de\/wp-json\/wp\/v2\/posts\/38478\/revisions"}],"predecessor-version":[{"id":38658,"href":"https:\/\/martinluther.ca\/de\/wp-json\/wp\/v2\/posts\/38478\/revisions\/38658"}],"wp:featuredmedia":[{"embeddable":true,"href":"https:\/\/martinluther.ca\/de\/wp-json\/wp\/v2\/media\/38470"}],"wp:attachment":[{"href":"https:\/\/martinluther.ca\/de\/wp-json\/wp\/v2\/media?parent=38478"}],"wp:term":[{"taxonomy":"category","embeddable":true,"href":"https:\/\/martinluther.ca\/de\/wp-json\/wp\/v2\/categories?post=38478"},{"taxonomy":"post_tag","embeddable":true,"href":"https:\/\/martinluther.ca\/de\/wp-json\/wp\/v2\/tags?post=38478"},{"taxonomy":"post_series","embeddable":true,"href":"https:\/\/martinluther.ca\/de\/wp-json\/wp\/v2\/post_series?post=38478"}],"curies":[{"name":"wp","href":"https:\/\/api.w.org\/{rel}","templated":true}]}}