{"id":38739,"date":"2021-08-22T08:14:18","date_gmt":"2021-08-22T12:14:18","guid":{"rendered":"https:\/\/martinluther.ca\/?p=38739"},"modified":"2024-01-04T17:39:38","modified_gmt":"2024-01-04T22:39:38","slug":"unser-community-pantry-steht-jetzt-links-neben-dem-kircheneingang-zur-verfuegung","status":"publish","type":"post","link":"https:\/\/martinluther.ca\/de\/2021\/08\/unser-community-pantry-steht-jetzt-links-neben-dem-kircheneingang-zur-verfuegung\/","title":{"rendered":"Unser &#8222;Community Pantry&#8220; steht jetzt links neben dem Kircheneingang zur Verf\u00fcgung"},"content":{"rendered":"<p><img loading=\"lazy\" decoding=\"async\" class=\"alignright size-medium wp-image-38724\" src=\"https:\/\/martinluther.ca\/wp-content\/uploads\/2021\/08\/2021-07-21-Community-Pantry-Coming-Soon2-4x3-1-225x300.jpeg\" alt=\"2021-07-21 Community Pantry building\" width=\"225\" height=\"300\" srcset=\"https:\/\/martinluther.ca\/wp-content\/uploads\/2021\/08\/2021-07-21-Community-Pantry-Coming-Soon2-4x3-1-225x300.jpeg 225w, https:\/\/martinluther.ca\/wp-content\/uploads\/2021\/08\/2021-07-21-Community-Pantry-Coming-Soon2-4x3-1-768x1024.jpeg 768w, https:\/\/martinluther.ca\/wp-content\/uploads\/2021\/08\/2021-07-21-Community-Pantry-Coming-Soon2-4x3-1.jpeg 977w\" sizes=\"auto, (max-width: 225px) 100vw, 225px\" \/>Das Motto \u201cTake Some, Share Some\u201d (\u201cNimm etwas, gib etwas\u201d) des Sommers 2021 war die gemeinsame, universelle Botschaft unserer beiden Initiativen: &#8222;Grow Some Good&#8220; (\u201cLasset gutes gedeihen\u201d) und &#8222;Your Community Pantry\u201d (\u201cIhr Selbstbedienungs-Speiseschrank\u201d). Es bedeutet, zu geben, was Sie k\u00f6nnen; und zu nehmen, was Sie brauchen. Alle in der Gemeinde sind herzlich eingeladen, haltbare Nahrungsmittel \u2014die Sie entbehren k\u00f6nnen\u2014 zu spenden. Alle aus der Nachbarschaft der MLK sind willkommen, sich zu nehmen, was sie brauchen. Der Gedanke ist, dass Nahrungsmittel in den Selbstbedienungs-Speiseschrank \u2014so wie eine Seebrise\u2014 ein- und aus str\u00f6men.<\/p>\n<p>Vielen Dank an alle, die am 13. August 2021 zur Enth\u00fcllung des Selbstbedienungs-Speiseschrankes dabei waren. Es war ein ziemlich hektischer Nachmittag. Wir verteilten \u00fcber vierzig Kit Kat Eisriegel und alle unsere Eiersalat Sandwiches sowie einige Speiseartikel, die von G\u00f6nnern gespendet wurden. Gute Stimmung rundherum!<\/p>\n<p><strong>Der Weg zum Ziel<\/strong><\/p>\n<p><img loading=\"lazy\" decoding=\"async\" class=\"alignleft wp-image-38732 size-medium\" src=\"https:\/\/martinluther.ca\/wp-content\/uploads\/2021\/08\/2021-Pantry-Backboard-Installed-Coming-Soon-Sign-Johnny-4x3-1-225x300.jpg\" alt=\"2021 Pantry - Backboard Installed &amp; Coming Soon Sign Johnny\" width=\"225\" height=\"300\" srcset=\"https:\/\/martinluther.ca\/wp-content\/uploads\/2021\/08\/2021-Pantry-Backboard-Installed-Coming-Soon-Sign-Johnny-4x3-1-225x300.jpg 225w, https:\/\/martinluther.ca\/wp-content\/uploads\/2021\/08\/2021-Pantry-Backboard-Installed-Coming-Soon-Sign-Johnny-4x3-1-768x1024.jpg 768w, https:\/\/martinluther.ca\/wp-content\/uploads\/2021\/08\/2021-Pantry-Backboard-Installed-Coming-Soon-Sign-Johnny-4x3-1.jpg 1149w\" sizes=\"auto, (max-width: 225px) 100vw, 225px\" \/>Als das Selbstbedienungs-Speiseschrankprojekt zum ersten Mal erw\u00e4hnt wurde, wusste ich sofort, dass es etwas war, wo ich unbedingt dabei sein wollte. Ich hatte mich zuvor w\u00e4hrend ich noch auf das Gymnasium ging etwas mit Tischlerei befasst, also hatte ich eine gewisse Vorstellung was man dazu brauchte um sowas zu basteln. Es kam gleich \u2014wie ein Segen auf diesem Weg zu unserm Ziel\u2014 Dan Sommerfeldt kennenzulernen und zu erfahren dass er ein geeignetes Regal hatte, was als Basis des Bastelprojekts dienen k\u00f6nne. Der Bastelprozess begann mit dem Regal was erstmal zweckentfremdet werden sollte und ich begann einen Entwurf (mit Materialliste) zu machen: Sperrholz, lebensmittelechte Materialien, Farben, Dachmaterial, Scharniere, usw. sowie die Festlegung der geeigneten Ma\u00dfe.Dann gab es da noch Planung zur Standortbestimmung des Speiseschrankes bzw. statische Berechnungen zwecks Installierung des Schrankes ohne die Kirchenfassade zu besch\u00e4digen.Dan war uns immer zehn Schritte voraus, ein echter Meistertechniker auf den wir uns in allen Lagen verlassen k\u00f6nnen. Es stand bald fest: wir messen, schneiden und befestigen Sperrholz f\u00fcr die Innenw\u00e4nde, s\u00e4gen und positionieren Bretter als Seitenverkleidung, befestigen darauf ein Schr\u00e4gdach mit Schindeln, und befestigen wunderbar zusammen. Wir fanden sogar eine geeignete Schrankt\u00fcr im ReStore zum die T\u00fcr. Es kam alles Schn\u00e4ppchenpreis und bekamen auch einige tolle, wasserdichte Abdeckbretter, die von einer unserer Nachbarn, Katja, gespendet wurden.<\/p>\n<p><img loading=\"lazy\" decoding=\"async\" class=\"alignright size-medium wp-image-38763\" src=\"https:\/\/martinluther.ca\/wp-content\/uploads\/2021\/08\/2021-08-23-Community-Pantry-Donation-by-Koo-Tze-Mews-225x300.jpeg\" alt=\"2021-08-23 Community Pantry Donation by Koo Tze Mews\" width=\"225\" height=\"300\" srcset=\"https:\/\/martinluther.ca\/wp-content\/uploads\/2021\/08\/2021-08-23-Community-Pantry-Donation-by-Koo-Tze-Mews-225x300.jpeg 225w, https:\/\/martinluther.ca\/wp-content\/uploads\/2021\/08\/2021-08-23-Community-Pantry-Donation-by-Koo-Tze-Mews-768x1024.jpeg 768w, https:\/\/martinluther.ca\/wp-content\/uploads\/2021\/08\/2021-08-23-Community-Pantry-Donation-by-Koo-Tze-Mews-1152x1536.jpeg 1152w, https:\/\/martinluther.ca\/wp-content\/uploads\/2021\/08\/2021-08-23-Community-Pantry-Donation-by-Koo-Tze-Mews.jpeg 1200w\" sizes=\"auto, (max-width: 225px) 100vw, 225px\" \/>F\u00fcr die Montierarbeit ben\u00f6tigten wir etwa f\u00fcnfundzwanzig Stunden plus diejenigen, die Dan Sommerfeldt sang und klanglos zwischen den sechs Samstagen, die wir f\u00fcr das Projekt ab Mitte Mai 2021 vorgesehen hatten, investierte. Ohne Dan h\u00e4tten wir die vorgegebene Frist (Ende Juli\/Anfang August 2021) definitiv nicht einhalten k\u00f6nnen. wir wissen ihn sehr zu sch\u00e4tzen. Der schwierigste Teil des Projekts war ohne Zweifel das Installieren des Speiseschrankes, wegen seiner H\u00f6he bzw. Gewichtes sowie seines seitlich abstehenden Daches. Es hat geholfen, viele H\u00e4nde zu haben, um es zu realisieren.<\/p>\n<p><strong>Danksagungen<\/strong><\/p>\n<p>Wir danken insbesondere Dan Sommerfeldt f\u00fcr die freundliche Unterst\u00fctzung beim Zuschneiden des Holzes sowie seine rundum n\u00fctzlichen Ratschl\u00e4ge zum Projekt, bzw. Katja f\u00fcr genau die richtige Menge gespendetes Holz in einer Zeit, in der der Holzpreis st\u00e4ndig ansteigt. Auch danken wir ReStore f\u00fcr die T\u00fcr, die gr\u00f6ssenm\u00e4ssig perfekt passt, Marlena f\u00fcr die Unterst\u00fctzung bei der Beschilderung und dem Design des Speiseschrankes; Vikar Adam McComb und Maliha f\u00fcr die Unterst\u00fctzung bei der Einweihung am 13. August 2021 mit Social-Media-Aufnahmen \/ Photos; Sarah f\u00fcr die erste Lebensmittelspende; Barb f\u00fcr die KitKat-Eiskremriegel bei der Enth\u00fcllung, Larry und Patricia f\u00fcr die Eiersalat-Sandwiches und den Finanzausschuss f\u00fcr die Finanzierung. Ich hoffe, dass der Selbstbedienungs-Speiseschrank jetzt und in Zukunft vor der Kirche rege genutzt wird.<\/p>\n<p>Danke f\u00fcr das Interesse<br \/>\nJohnny, MLK Sommerstudent 2021<\/p>\n<div id=\"gallery-1\" class=\"wpex-gallery wpex-grid wpex-grid-cols-4 wpex-gap-20 wpex-lightbox-group wpex-mb-20\"><figure class=\"gallery-item\"><a href=\"https:\/\/martinluther.ca\/wp-content\/uploads\/2021\/08\/2021-8-19-Pantry-Sign-4x3-1-scaled.jpg\" class=\"wpex-lightbox-group-item\" data-title=\"2021-8-19 Pantry Sign\"><img loading=\"lazy\" alt=\"2021-8-19 Pantry Sign\" decoding=\"async\" src=\"https:\/\/martinluther.ca\/wp-content\/uploads\/2021\/08\/2021-8-19-Pantry-Sign-4x3-1-scaled-768x1024.jpg\" srcset=\"https:\/\/martinluther.ca\/wp-content\/uploads\/2021\/08\/2021-8-19-Pantry-Sign-4x3-1-768x1024.jpg 768w, https:\/\/martinluther.ca\/wp-content\/uploads\/2021\/08\/2021-8-19-Pantry-Sign-4x3-1-225x300.jpg 225w, https:\/\/martinluther.ca\/wp-content\/uploads\/2021\/08\/2021-8-19-Pantry-Sign-4x3-1-1152x1536.jpg 1152w, https:\/\/martinluther.ca\/wp-content\/uploads\/2021\/08\/2021-8-19-Pantry-Sign-4x3-1-1536x2048.jpg 1536w, https:\/\/martinluther.ca\/wp-content\/uploads\/2021\/08\/2021-8-19-Pantry-Sign-4x3-1-scaled.jpg 1920w\" width=\"768\" height=\"1024\"><\/a><\/figure><figure class=\"gallery-item\"><a href=\"https:\/\/martinluther.ca\/wp-content\/uploads\/2021\/08\/2021-Pantry-Backboard-Installed-Coming-Soon-Sign-Johnny-4x3-1.jpg\" class=\"wpex-lightbox-group-item\" data-title=\"2021 Pantry - Backboard Installed &amp; Coming Soon Sign Johnny\"><img loading=\"lazy\" alt=\"2021 Pantry - Backboard Installed &amp; Coming Soon Sign Johnny\" decoding=\"async\" src=\"https:\/\/martinluther.ca\/wp-content\/uploads\/2021\/08\/2021-Pantry-Backboard-Installed-Coming-Soon-Sign-Johnny-4x3-1-768x1024.jpg\" srcset=\"https:\/\/martinluther.ca\/wp-content\/uploads\/2021\/08\/2021-Pantry-Backboard-Installed-Coming-Soon-Sign-Johnny-4x3-1-768x1024.jpg 768w, https:\/\/martinluther.ca\/wp-content\/uploads\/2021\/08\/2021-Pantry-Backboard-Installed-Coming-Soon-Sign-Johnny-4x3-1-225x300.jpg 225w, https:\/\/martinluther.ca\/wp-content\/uploads\/2021\/08\/2021-Pantry-Backboard-Installed-Coming-Soon-Sign-Johnny-4x3-1.jpg 1149w\" width=\"768\" height=\"1024\"><\/a><\/figure><figure class=\"gallery-item\"><a href=\"https:\/\/martinluther.ca\/wp-content\/uploads\/2021\/08\/2021_07_17-Pantry-Build-at-Dan-driveway-Side.jpg\" class=\"wpex-lightbox-group-item\"><img loading=\"lazy\" decoding=\"async\" src=\"https:\/\/martinluther.ca\/wp-content\/uploads\/2021\/08\/2021_07_17-Pantry-Build-at-Dan-driveway-Side.jpg\" alt=\"\" srcset=\"https:\/\/martinluther.ca\/wp-content\/uploads\/2021\/08\/2021_07_17-Pantry-Build-at-Dan-driveway-Side.jpg 576w, https:\/\/martinluther.ca\/wp-content\/uploads\/2021\/08\/2021_07_17-Pantry-Build-at-Dan-driveway-Side-169x300.jpg 169w\" width=\"576\" height=\"1024\"><\/a><\/figure><figure class=\"gallery-item\"><a href=\"https:\/\/martinluther.ca\/wp-content\/uploads\/2021\/08\/2021-07-21-Community-Pantry-Coming-Soon2-4x3-1.jpeg\" class=\"wpex-lightbox-group-item\" data-title=\"2021-07-21 Community Pantry building\"><img loading=\"lazy\" alt=\"2021-07-21 Community Pantry Building\" decoding=\"async\" src=\"https:\/\/martinluther.ca\/wp-content\/uploads\/2021\/08\/2021-07-21-Community-Pantry-Coming-Soon2-4x3-1-768x1024.jpeg\" srcset=\"https:\/\/martinluther.ca\/wp-content\/uploads\/2021\/08\/2021-07-21-Community-Pantry-Coming-Soon2-4x3-1-768x1024.jpeg 768w, https:\/\/martinluther.ca\/wp-content\/uploads\/2021\/08\/2021-07-21-Community-Pantry-Coming-Soon2-4x3-1-225x300.jpeg 225w, https:\/\/martinluther.ca\/wp-content\/uploads\/2021\/08\/2021-07-21-Community-Pantry-Coming-Soon2-4x3-1.jpeg 977w\" width=\"768\" height=\"1024\"><\/a><\/figure><figure class=\"gallery-item\"><a href=\"https:\/\/martinluther.ca\/wp-content\/uploads\/2021\/08\/2021-08-13-Pantry-Summer-Students-Johnny-and-Maliha-4x3-1.jpeg\" class=\"wpex-lightbox-group-item\" data-title=\"2021-08-13 Pantry -Summer Students Johnny and Maliha \"><img loading=\"lazy\" alt=\"2021-08-13 Pantry -Summer Students Johnny And Maliha\" decoding=\"async\" src=\"https:\/\/martinluther.ca\/wp-content\/uploads\/2021\/08\/2021-08-13-Pantry-Summer-Students-Johnny-and-Maliha-4x3-1-768x1024.jpeg\" srcset=\"https:\/\/martinluther.ca\/wp-content\/uploads\/2021\/08\/2021-08-13-Pantry-Summer-Students-Johnny-and-Maliha-4x3-1-768x1024.jpeg 768w, https:\/\/martinluther.ca\/wp-content\/uploads\/2021\/08\/2021-08-13-Pantry-Summer-Students-Johnny-and-Maliha-4x3-1-225x300.jpeg 225w, https:\/\/martinluther.ca\/wp-content\/uploads\/2021\/08\/2021-08-13-Pantry-Summer-Students-Johnny-and-Maliha-4x3-1.jpeg 897w\" width=\"768\" height=\"1024\"><\/a><\/figure><figure class=\"gallery-item\"><a href=\"https:\/\/martinluther.ca\/wp-content\/uploads\/2021\/08\/2021-Pantry-Build-at-Dan-driveway-Frame-Door-rotated.jpg\" class=\"wpex-lightbox-group-item\"><img loading=\"lazy\" decoding=\"async\" src=\"https:\/\/martinluther.ca\/wp-content\/uploads\/2021\/08\/2021-Pantry-Build-at-Dan-driveway-Frame-Door-rotated-768x1024.jpg\" alt=\"\" srcset=\"https:\/\/martinluther.ca\/wp-content\/uploads\/2021\/08\/2021-Pantry-Build-at-Dan-driveway-Frame-Door-768x1024.jpg 768w, https:\/\/martinluther.ca\/wp-content\/uploads\/2021\/08\/2021-Pantry-Build-at-Dan-driveway-Frame-Door-225x300.jpg 225w, https:\/\/martinluther.ca\/wp-content\/uploads\/2021\/08\/2021-Pantry-Build-at-Dan-driveway-Frame-Door-1152x1536.jpg 1152w, https:\/\/martinluther.ca\/wp-content\/uploads\/2021\/08\/2021-Pantry-Build-at-Dan-driveway-Frame-Door-rotated.jpg 1254w\" width=\"768\" height=\"1024\"><\/a><\/figure><figure class=\"gallery-item\"><a href=\"https:\/\/martinluther.ca\/wp-content\/uploads\/2021\/08\/2021-Pantry-Installed-Johnny-and-Dan-4x3-1.jpg\" class=\"wpex-lightbox-group-item\" data-title=\"2021 Pantry - Installed Johnny and Dan\"><img loading=\"lazy\" alt=\"2021 Pantry - Installed Johnny And Dan\" decoding=\"async\" src=\"https:\/\/martinluther.ca\/wp-content\/uploads\/2021\/08\/2021-Pantry-Installed-Johnny-and-Dan-4x3-1-768x1024.jpg\" srcset=\"https:\/\/martinluther.ca\/wp-content\/uploads\/2021\/08\/2021-Pantry-Installed-Johnny-and-Dan-4x3-1-768x1024.jpg 768w, https:\/\/martinluther.ca\/wp-content\/uploads\/2021\/08\/2021-Pantry-Installed-Johnny-and-Dan-4x3-1-225x300.jpg 225w, https:\/\/martinluther.ca\/wp-content\/uploads\/2021\/08\/2021-Pantry-Installed-Johnny-and-Dan-4x3-1.jpg 897w\" width=\"768\" height=\"1024\"><\/a><\/figure><figure class=\"gallery-item\"><a href=\"https:\/\/martinluther.ca\/wp-content\/uploads\/2021\/08\/2021-08-23-Community-Pantry-Donation-by-Koo-Tze-Mews2.jpeg\" class=\"wpex-lightbox-group-item\" data-title=\"2021-08-23 Community Pantry Donation by Koo Tze Mews2\"><img loading=\"lazy\" alt=\"2021-08-23 Community Pantry Donation By Koo Tze Mews2\" decoding=\"async\" src=\"https:\/\/martinluther.ca\/wp-content\/uploads\/2021\/08\/2021-08-23-Community-Pantry-Donation-by-Koo-Tze-Mews2-768x1024.jpeg\" srcset=\"https:\/\/martinluther.ca\/wp-content\/uploads\/2021\/08\/2021-08-23-Community-Pantry-Donation-by-Koo-Tze-Mews2-768x1024.jpeg 768w, https:\/\/martinluther.ca\/wp-content\/uploads\/2021\/08\/2021-08-23-Community-Pantry-Donation-by-Koo-Tze-Mews2-225x300.jpeg 225w, https:\/\/martinluther.ca\/wp-content\/uploads\/2021\/08\/2021-08-23-Community-Pantry-Donation-by-Koo-Tze-Mews2-1152x1536.jpeg 1152w, https:\/\/martinluther.ca\/wp-content\/uploads\/2021\/08\/2021-08-23-Community-Pantry-Donation-by-Koo-Tze-Mews2.jpeg 1200w\" width=\"768\" height=\"1024\"><\/a><\/figure><\/div>\n\n<p><img loading=\"lazy\" decoding=\"async\" class=\"alignleft size-full wp-image-38735\" src=\"https:\/\/martinluther.ca\/wp-content\/uploads\/2021\/08\/2021-8-19-Pantry-in-Front-of-Church-panorama-scaled.jpg\" alt=\"2021-8-19 Pantry in Front of Church (panorama)\" width=\"2560\" height=\"1023\" srcset=\"https:\/\/martinluther.ca\/wp-content\/uploads\/2021\/08\/2021-8-19-Pantry-in-Front-of-Church-panorama-scaled.jpg 2560w, https:\/\/martinluther.ca\/wp-content\/uploads\/2021\/08\/2021-8-19-Pantry-in-Front-of-Church-panorama-scaled-300x120.jpg 300w, https:\/\/martinluther.ca\/wp-content\/uploads\/2021\/08\/2021-8-19-Pantry-in-Front-of-Church-panorama-scaled-1024x409.jpg 1024w, https:\/\/martinluther.ca\/wp-content\/uploads\/2021\/08\/2021-8-19-Pantry-in-Front-of-Church-panorama-768x307.jpg 768w, https:\/\/martinluther.ca\/wp-content\/uploads\/2021\/08\/2021-8-19-Pantry-in-Front-of-Church-panorama-1536x614.jpg 1536w, https:\/\/martinluther.ca\/wp-content\/uploads\/2021\/08\/2021-8-19-Pantry-in-Front-of-Church-panorama-2048x818.jpg 2048w\" sizes=\"auto, (max-width: 2560px) 100vw, 2560px\" \/><\/p>\n","protected":false},"excerpt":{"rendered":"<p>Das Motto \u201cTake Some, Share Some\u201d (\u201cNimm etwas, gib etwas\u201d) des Sommers 2021 war die gemeinsame, universelle Botschaft unserer beiden Initiativen: &#8222;Grow Some Good&#8220; (\u201cLasset gutes gedeihen\u201d) und &#8222;Your Community Pantry\u201d (\u201cIhr Selbstbedienungs-Speiseschrank\u201d). Es bedeutet, zu geben, was Sie k\u00f6nnen; und zu nehmen, was Sie brauchen. Alle in der Gemeinde sind herzlich eingeladen, haltbare Nahrungsmittel&hellip;<\/p>\n","protected":false},"author":9,"featured_media":38722,"comment_status":"closed","ping_status":"closed","sticky":false,"template":"","format":"standard","meta":{"footnotes":""},"categories":[69],"tags":[],"post_series":[],"class_list":["post-38739","post","type-post","status-publish","format-standard","has-post-thumbnail","hentry","category-news-blog-german","entry","has-media"],"yoast_head":"<!-- This site is optimized with the Yoast SEO plugin v27.5 - https:\/\/yoast.com\/product\/yoast-seo-wordpress\/ -->\n<title>Unser &quot;Community Pantry&quot; steht jetzt links neben dem Kircheneingang zur Verf\u00fcgung - Martin Luther Evangelische Kirche Toronto<\/title>\n<meta name=\"robots\" content=\"index, follow, max-snippet:-1, max-image-preview:large, max-video-preview:-1\" \/>\n<link rel=\"canonical\" href=\"https:\/\/martinluther.ca\/de\/2021\/08\/unser-community-pantry-steht-jetzt-links-neben-dem-kircheneingang-zur-verfuegung\/\" \/>\n<meta property=\"og:locale\" content=\"de_DE\" \/>\n<meta property=\"og:type\" content=\"article\" \/>\n<meta property=\"og:title\" content=\"Unser &quot;Community Pantry&quot; steht jetzt links neben dem Kircheneingang zur Verf\u00fcgung - Martin Luther Evangelische Kirche Toronto\" \/>\n<meta property=\"og:description\" content=\"Das Motto \u201cTake Some, Share Some\u201d (\u201cNimm etwas, gib etwas\u201d) des Sommers 2021 war die gemeinsame, universelle Botschaft unserer beiden Initiativen: &#8222;Grow Some Good&#8220; (\u201cLasset gutes gedeihen\u201d) und &#8222;Your Community Pantry\u201d (\u201cIhr Selbstbedienungs-Speiseschrank\u201d). Es bedeutet, zu geben, was Sie k\u00f6nnen; und zu nehmen, was Sie brauchen. Alle in der Gemeinde sind herzlich eingeladen, haltbare Nahrungsmittel&hellip;\" \/>\n<meta property=\"og:url\" content=\"https:\/\/martinluther.ca\/de\/2021\/08\/unser-community-pantry-steht-jetzt-links-neben-dem-kircheneingang-zur-verfuegung\/\" \/>\n<meta property=\"og:site_name\" content=\"Martin Luther Evangelische Kirche Toronto\" \/>\n<meta property=\"article:publisher\" content=\"https:\/\/www.facebook.com\/martinlutherchurchtoronto\" \/>\n<meta property=\"article:published_time\" content=\"2021-08-22T12:14:18+00:00\" \/>\n<meta property=\"article:modified_time\" content=\"2024-01-04T22:39:38+00:00\" \/>\n<meta property=\"og:image\" content=\"https:\/\/martinluther.ca\/wp-content\/uploads\/2021\/08\/2021-Pantry-Open-on-Reveal-Day-putting-in-new-items-4x3-1.jpg\" \/>\n\t<meta property=\"og:image:width\" content=\"1196\" \/>\n\t<meta property=\"og:image:height\" content=\"898\" \/>\n\t<meta property=\"og:image:type\" content=\"image\/jpeg\" \/>\n<meta name=\"author\" content=\"Mona Kakoschke Frantzke\" \/>\n<meta name=\"twitter:card\" content=\"summary_large_image\" \/>\n<meta name=\"twitter:label1\" content=\"Verfasst von\" \/>\n\t<meta name=\"twitter:data1\" content=\"Mona Kakoschke Frantzke\" \/>\n\t<meta name=\"twitter:label2\" content=\"Gesch\u00e4tzte Lesezeit\" \/>\n\t<meta name=\"twitter:data2\" content=\"4\u00a0Minuten\" \/>\n<script type=\"application\/ld+json\" class=\"yoast-schema-graph\">{\"@context\":\"https:\\\/\\\/schema.org\",\"@graph\":[{\"@type\":\"Article\",\"@id\":\"https:\\\/\\\/martinluther.ca\\\/de\\\/2021\\\/08\\\/unser-community-pantry-steht-jetzt-links-neben-dem-kircheneingang-zur-verfuegung\\\/#article\",\"isPartOf\":{\"@id\":\"https:\\\/\\\/martinluther.ca\\\/de\\\/2021\\\/08\\\/unser-community-pantry-steht-jetzt-links-neben-dem-kircheneingang-zur-verfuegung\\\/\"},\"author\":{\"name\":\"Mona Kakoschke Frantzke\",\"@id\":\"https:\\\/\\\/martinluther.ca\\\/de\\\/#\\\/schema\\\/person\\\/815c51710f70b050f0476f18da6b0c8f\"},\"headline\":\"Unser &#8222;Community Pantry&#8220; steht jetzt links neben dem Kircheneingang zur Verf\u00fcgung\",\"datePublished\":\"2021-08-22T12:14:18+00:00\",\"dateModified\":\"2024-01-04T22:39:38+00:00\",\"mainEntityOfPage\":{\"@id\":\"https:\\\/\\\/martinluther.ca\\\/de\\\/2021\\\/08\\\/unser-community-pantry-steht-jetzt-links-neben-dem-kircheneingang-zur-verfuegung\\\/\"},\"wordCount\":621,\"publisher\":{\"@id\":\"https:\\\/\\\/martinluther.ca\\\/de\\\/#organization\"},\"image\":{\"@id\":\"https:\\\/\\\/martinluther.ca\\\/de\\\/2021\\\/08\\\/unser-community-pantry-steht-jetzt-links-neben-dem-kircheneingang-zur-verfuegung\\\/#primaryimage\"},\"thumbnailUrl\":\"https:\\\/\\\/martinluther.ca\\\/wp-content\\\/uploads\\\/2021\\\/08\\\/2021-Pantry-Open-on-Reveal-Day-putting-in-new-items-4x3-1.jpg\",\"articleSection\":[\"News Blog - German\"],\"inLanguage\":\"de\"},{\"@type\":\"WebPage\",\"@id\":\"https:\\\/\\\/martinluther.ca\\\/de\\\/2021\\\/08\\\/unser-community-pantry-steht-jetzt-links-neben-dem-kircheneingang-zur-verfuegung\\\/\",\"url\":\"https:\\\/\\\/martinluther.ca\\\/de\\\/2021\\\/08\\\/unser-community-pantry-steht-jetzt-links-neben-dem-kircheneingang-zur-verfuegung\\\/\",\"name\":\"Unser \\\"Community Pantry\\\" steht jetzt links neben dem Kircheneingang zur Verf\u00fcgung - Martin Luther Evangelische Kirche Toronto\",\"isPartOf\":{\"@id\":\"https:\\\/\\\/martinluther.ca\\\/de\\\/#website\"},\"primaryImageOfPage\":{\"@id\":\"https:\\\/\\\/martinluther.ca\\\/de\\\/2021\\\/08\\\/unser-community-pantry-steht-jetzt-links-neben-dem-kircheneingang-zur-verfuegung\\\/#primaryimage\"},\"image\":{\"@id\":\"https:\\\/\\\/martinluther.ca\\\/de\\\/2021\\\/08\\\/unser-community-pantry-steht-jetzt-links-neben-dem-kircheneingang-zur-verfuegung\\\/#primaryimage\"},\"thumbnailUrl\":\"https:\\\/\\\/martinluther.ca\\\/wp-content\\\/uploads\\\/2021\\\/08\\\/2021-Pantry-Open-on-Reveal-Day-putting-in-new-items-4x3-1.jpg\",\"datePublished\":\"2021-08-22T12:14:18+00:00\",\"dateModified\":\"2024-01-04T22:39:38+00:00\",\"breadcrumb\":{\"@id\":\"https:\\\/\\\/martinluther.ca\\\/de\\\/2021\\\/08\\\/unser-community-pantry-steht-jetzt-links-neben-dem-kircheneingang-zur-verfuegung\\\/#breadcrumb\"},\"inLanguage\":\"de\",\"potentialAction\":[{\"@type\":\"ReadAction\",\"target\":[\"https:\\\/\\\/martinluther.ca\\\/de\\\/2021\\\/08\\\/unser-community-pantry-steht-jetzt-links-neben-dem-kircheneingang-zur-verfuegung\\\/\"]}]},{\"@type\":\"ImageObject\",\"inLanguage\":\"de\",\"@id\":\"https:\\\/\\\/martinluther.ca\\\/de\\\/2021\\\/08\\\/unser-community-pantry-steht-jetzt-links-neben-dem-kircheneingang-zur-verfuegung\\\/#primaryimage\",\"url\":\"https:\\\/\\\/martinluther.ca\\\/wp-content\\\/uploads\\\/2021\\\/08\\\/2021-Pantry-Open-on-Reveal-Day-putting-in-new-items-4x3-1.jpg\",\"contentUrl\":\"https:\\\/\\\/martinluther.ca\\\/wp-content\\\/uploads\\\/2021\\\/08\\\/2021-Pantry-Open-on-Reveal-Day-putting-in-new-items-4x3-1.jpg\",\"width\":1196,\"height\":898,\"caption\":\"2021 Pantry - Open on Reveal Day -putting in new items\"},{\"@type\":\"BreadcrumbList\",\"@id\":\"https:\\\/\\\/martinluther.ca\\\/de\\\/2021\\\/08\\\/unser-community-pantry-steht-jetzt-links-neben-dem-kircheneingang-zur-verfuegung\\\/#breadcrumb\",\"itemListElement\":[{\"@type\":\"ListItem\",\"position\":1,\"name\":\"Home\",\"item\":\"https:\\\/\\\/martinluther.ca\\\/de\\\/\"},{\"@type\":\"ListItem\",\"position\":2,\"name\":\"Unser &#8222;Community Pantry&#8220; steht jetzt links neben dem Kircheneingang zur Verf\u00fcgung\"}]},{\"@type\":\"WebSite\",\"@id\":\"https:\\\/\\\/martinluther.ca\\\/de\\\/#website\",\"url\":\"https:\\\/\\\/martinluther.ca\\\/de\\\/\",\"name\":\"Martin Luther Evangelical Church Toronto\",\"description\":\"Deutsch &amp; Englisch\",\"publisher\":{\"@id\":\"https:\\\/\\\/martinluther.ca\\\/de\\\/#organization\"},\"potentialAction\":[{\"@type\":\"SearchAction\",\"target\":{\"@type\":\"EntryPoint\",\"urlTemplate\":\"https:\\\/\\\/martinluther.ca\\\/de\\\/?s={search_term_string}\"},\"query-input\":{\"@type\":\"PropertyValueSpecification\",\"valueRequired\":true,\"valueName\":\"search_term_string\"}}],\"inLanguage\":\"de\"},{\"@type\":\"Organization\",\"@id\":\"https:\\\/\\\/martinluther.ca\\\/de\\\/#organization\",\"name\":\"Martin Luther Evangelical Church Toronto\",\"url\":\"https:\\\/\\\/martinluther.ca\\\/de\\\/\",\"logo\":{\"@type\":\"ImageObject\",\"inLanguage\":\"de\",\"@id\":\"https:\\\/\\\/martinluther.ca\\\/de\\\/#\\\/schema\\\/logo\\\/image\\\/\",\"url\":\"https:\\\/\\\/martinluther.ca\\\/wp-content\\\/uploads\\\/2016\\\/12\\\/ml-logo-300.png\",\"contentUrl\":\"https:\\\/\\\/martinluther.ca\\\/wp-content\\\/uploads\\\/2016\\\/12\\\/ml-logo-300.png\",\"width\":300,\"height\":150,\"caption\":\"Martin Luther Evangelical Church Toronto\"},\"image\":{\"@id\":\"https:\\\/\\\/martinluther.ca\\\/de\\\/#\\\/schema\\\/logo\\\/image\\\/\"},\"sameAs\":[\"https:\\\/\\\/www.facebook.com\\\/martinlutherchurchtoronto\",\"https:\\\/\\\/www.instagram.com\\\/lutheransbythelake\\\/\",\"https:\\\/\\\/www.youtube.com\\\/MartinLutherChurchToronto\"]},{\"@type\":\"Person\",\"@id\":\"https:\\\/\\\/martinluther.ca\\\/de\\\/#\\\/schema\\\/person\\\/815c51710f70b050f0476f18da6b0c8f\",\"name\":\"Mona Kakoschke Frantzke\",\"image\":{\"@type\":\"ImageObject\",\"inLanguage\":\"de\",\"@id\":\"https:\\\/\\\/secure.gravatar.com\\\/avatar\\\/0deb16854ca545cd2e9fc8001ca110d262b80d5c8317b38dc542265fbea0ed19?s=96&d=mm&r=g\",\"url\":\"https:\\\/\\\/secure.gravatar.com\\\/avatar\\\/0deb16854ca545cd2e9fc8001ca110d262b80d5c8317b38dc542265fbea0ed19?s=96&d=mm&r=g\",\"contentUrl\":\"https:\\\/\\\/secure.gravatar.com\\\/avatar\\\/0deb16854ca545cd2e9fc8001ca110d262b80d5c8317b38dc542265fbea0ed19?s=96&d=mm&r=g\",\"caption\":\"Mona Kakoschke Frantzke\"},\"url\":false}]}<\/script>\n<!-- \/ Yoast SEO plugin. -->","yoast_head_json":{"title":"Unser \"Community Pantry\" steht jetzt links neben dem Kircheneingang zur Verf\u00fcgung - Martin Luther Evangelische Kirche Toronto","robots":{"index":"index","follow":"follow","max-snippet":"max-snippet:-1","max-image-preview":"max-image-preview:large","max-video-preview":"max-video-preview:-1"},"canonical":"https:\/\/martinluther.ca\/de\/2021\/08\/unser-community-pantry-steht-jetzt-links-neben-dem-kircheneingang-zur-verfuegung\/","og_locale":"de_DE","og_type":"article","og_title":"Unser \"Community Pantry\" steht jetzt links neben dem Kircheneingang zur Verf\u00fcgung - Martin Luther Evangelische Kirche Toronto","og_description":"Das Motto \u201cTake Some, Share Some\u201d (\u201cNimm etwas, gib etwas\u201d) des Sommers 2021 war die gemeinsame, universelle Botschaft unserer beiden Initiativen: &#8222;Grow Some Good&#8220; (\u201cLasset gutes gedeihen\u201d) und &#8222;Your Community Pantry\u201d (\u201cIhr Selbstbedienungs-Speiseschrank\u201d). Es bedeutet, zu geben, was Sie k\u00f6nnen; und zu nehmen, was Sie brauchen. Alle in der Gemeinde sind herzlich eingeladen, haltbare Nahrungsmittel&hellip;","og_url":"https:\/\/martinluther.ca\/de\/2021\/08\/unser-community-pantry-steht-jetzt-links-neben-dem-kircheneingang-zur-verfuegung\/","og_site_name":"Martin Luther Evangelische Kirche Toronto","article_publisher":"https:\/\/www.facebook.com\/martinlutherchurchtoronto","article_published_time":"2021-08-22T12:14:18+00:00","article_modified_time":"2024-01-04T22:39:38+00:00","og_image":[{"width":1196,"height":898,"url":"https:\/\/martinluther.ca\/wp-content\/uploads\/2021\/08\/2021-Pantry-Open-on-Reveal-Day-putting-in-new-items-4x3-1.jpg","type":"image\/jpeg"}],"author":"Mona Kakoschke Frantzke","twitter_card":"summary_large_image","twitter_misc":{"Verfasst von":"Mona Kakoschke Frantzke","Gesch\u00e4tzte Lesezeit":"4\u00a0Minuten"},"schema":{"@context":"https:\/\/schema.org","@graph":[{"@type":"Article","@id":"https:\/\/martinluther.ca\/de\/2021\/08\/unser-community-pantry-steht-jetzt-links-neben-dem-kircheneingang-zur-verfuegung\/#article","isPartOf":{"@id":"https:\/\/martinluther.ca\/de\/2021\/08\/unser-community-pantry-steht-jetzt-links-neben-dem-kircheneingang-zur-verfuegung\/"},"author":{"name":"Mona Kakoschke Frantzke","@id":"https:\/\/martinluther.ca\/de\/#\/schema\/person\/815c51710f70b050f0476f18da6b0c8f"},"headline":"Unser &#8222;Community Pantry&#8220; steht jetzt links neben dem Kircheneingang zur Verf\u00fcgung","datePublished":"2021-08-22T12:14:18+00:00","dateModified":"2024-01-04T22:39:38+00:00","mainEntityOfPage":{"@id":"https:\/\/martinluther.ca\/de\/2021\/08\/unser-community-pantry-steht-jetzt-links-neben-dem-kircheneingang-zur-verfuegung\/"},"wordCount":621,"publisher":{"@id":"https:\/\/martinluther.ca\/de\/#organization"},"image":{"@id":"https:\/\/martinluther.ca\/de\/2021\/08\/unser-community-pantry-steht-jetzt-links-neben-dem-kircheneingang-zur-verfuegung\/#primaryimage"},"thumbnailUrl":"https:\/\/martinluther.ca\/wp-content\/uploads\/2021\/08\/2021-Pantry-Open-on-Reveal-Day-putting-in-new-items-4x3-1.jpg","articleSection":["News Blog - German"],"inLanguage":"de"},{"@type":"WebPage","@id":"https:\/\/martinluther.ca\/de\/2021\/08\/unser-community-pantry-steht-jetzt-links-neben-dem-kircheneingang-zur-verfuegung\/","url":"https:\/\/martinluther.ca\/de\/2021\/08\/unser-community-pantry-steht-jetzt-links-neben-dem-kircheneingang-zur-verfuegung\/","name":"Unser \"Community Pantry\" steht jetzt links neben dem Kircheneingang zur Verf\u00fcgung - Martin Luther Evangelische Kirche Toronto","isPartOf":{"@id":"https:\/\/martinluther.ca\/de\/#website"},"primaryImageOfPage":{"@id":"https:\/\/martinluther.ca\/de\/2021\/08\/unser-community-pantry-steht-jetzt-links-neben-dem-kircheneingang-zur-verfuegung\/#primaryimage"},"image":{"@id":"https:\/\/martinluther.ca\/de\/2021\/08\/unser-community-pantry-steht-jetzt-links-neben-dem-kircheneingang-zur-verfuegung\/#primaryimage"},"thumbnailUrl":"https:\/\/martinluther.ca\/wp-content\/uploads\/2021\/08\/2021-Pantry-Open-on-Reveal-Day-putting-in-new-items-4x3-1.jpg","datePublished":"2021-08-22T12:14:18+00:00","dateModified":"2024-01-04T22:39:38+00:00","breadcrumb":{"@id":"https:\/\/martinluther.ca\/de\/2021\/08\/unser-community-pantry-steht-jetzt-links-neben-dem-kircheneingang-zur-verfuegung\/#breadcrumb"},"inLanguage":"de","potentialAction":[{"@type":"ReadAction","target":["https:\/\/martinluther.ca\/de\/2021\/08\/unser-community-pantry-steht-jetzt-links-neben-dem-kircheneingang-zur-verfuegung\/"]}]},{"@type":"ImageObject","inLanguage":"de","@id":"https:\/\/martinluther.ca\/de\/2021\/08\/unser-community-pantry-steht-jetzt-links-neben-dem-kircheneingang-zur-verfuegung\/#primaryimage","url":"https:\/\/martinluther.ca\/wp-content\/uploads\/2021\/08\/2021-Pantry-Open-on-Reveal-Day-putting-in-new-items-4x3-1.jpg","contentUrl":"https:\/\/martinluther.ca\/wp-content\/uploads\/2021\/08\/2021-Pantry-Open-on-Reveal-Day-putting-in-new-items-4x3-1.jpg","width":1196,"height":898,"caption":"2021 Pantry - Open on Reveal Day -putting in new items"},{"@type":"BreadcrumbList","@id":"https:\/\/martinluther.ca\/de\/2021\/08\/unser-community-pantry-steht-jetzt-links-neben-dem-kircheneingang-zur-verfuegung\/#breadcrumb","itemListElement":[{"@type":"ListItem","position":1,"name":"Home","item":"https:\/\/martinluther.ca\/de\/"},{"@type":"ListItem","position":2,"name":"Unser &#8222;Community Pantry&#8220; steht jetzt links neben dem Kircheneingang zur Verf\u00fcgung"}]},{"@type":"WebSite","@id":"https:\/\/martinluther.ca\/de\/#website","url":"https:\/\/martinluther.ca\/de\/","name":"Martin Luther Evangelical Church Toronto","description":"Deutsch &amp; Englisch","publisher":{"@id":"https:\/\/martinluther.ca\/de\/#organization"},"potentialAction":[{"@type":"SearchAction","target":{"@type":"EntryPoint","urlTemplate":"https:\/\/martinluther.ca\/de\/?s={search_term_string}"},"query-input":{"@type":"PropertyValueSpecification","valueRequired":true,"valueName":"search_term_string"}}],"inLanguage":"de"},{"@type":"Organization","@id":"https:\/\/martinluther.ca\/de\/#organization","name":"Martin Luther Evangelical Church Toronto","url":"https:\/\/martinluther.ca\/de\/","logo":{"@type":"ImageObject","inLanguage":"de","@id":"https:\/\/martinluther.ca\/de\/#\/schema\/logo\/image\/","url":"https:\/\/martinluther.ca\/wp-content\/uploads\/2016\/12\/ml-logo-300.png","contentUrl":"https:\/\/martinluther.ca\/wp-content\/uploads\/2016\/12\/ml-logo-300.png","width":300,"height":150,"caption":"Martin Luther Evangelical Church Toronto"},"image":{"@id":"https:\/\/martinluther.ca\/de\/#\/schema\/logo\/image\/"},"sameAs":["https:\/\/www.facebook.com\/martinlutherchurchtoronto","https:\/\/www.instagram.com\/lutheransbythelake\/","https:\/\/www.youtube.com\/MartinLutherChurchToronto"]},{"@type":"Person","@id":"https:\/\/martinluther.ca\/de\/#\/schema\/person\/815c51710f70b050f0476f18da6b0c8f","name":"Mona Kakoschke Frantzke","image":{"@type":"ImageObject","inLanguage":"de","@id":"https:\/\/secure.gravatar.com\/avatar\/0deb16854ca545cd2e9fc8001ca110d262b80d5c8317b38dc542265fbea0ed19?s=96&d=mm&r=g","url":"https:\/\/secure.gravatar.com\/avatar\/0deb16854ca545cd2e9fc8001ca110d262b80d5c8317b38dc542265fbea0ed19?s=96&d=mm&r=g","contentUrl":"https:\/\/secure.gravatar.com\/avatar\/0deb16854ca545cd2e9fc8001ca110d262b80d5c8317b38dc542265fbea0ed19?s=96&d=mm&r=g","caption":"Mona Kakoschke Frantzke"},"url":false}]}},"_links":{"self":[{"href":"https:\/\/martinluther.ca\/de\/wp-json\/wp\/v2\/posts\/38739","targetHints":{"allow":["GET"]}}],"collection":[{"href":"https:\/\/martinluther.ca\/de\/wp-json\/wp\/v2\/posts"}],"about":[{"href":"https:\/\/martinluther.ca\/de\/wp-json\/wp\/v2\/types\/post"}],"author":[{"embeddable":true,"href":"https:\/\/martinluther.ca\/de\/wp-json\/wp\/v2\/users\/9"}],"replies":[{"embeddable":true,"href":"https:\/\/martinluther.ca\/de\/wp-json\/wp\/v2\/comments?post=38739"}],"version-history":[{"count":7,"href":"https:\/\/martinluther.ca\/de\/wp-json\/wp\/v2\/posts\/38739\/revisions"}],"predecessor-version":[{"id":38865,"href":"https:\/\/martinluther.ca\/de\/wp-json\/wp\/v2\/posts\/38739\/revisions\/38865"}],"wp:featuredmedia":[{"embeddable":true,"href":"https:\/\/martinluther.ca\/de\/wp-json\/wp\/v2\/media\/38722"}],"wp:attachment":[{"href":"https:\/\/martinluther.ca\/de\/wp-json\/wp\/v2\/media?parent=38739"}],"wp:term":[{"taxonomy":"category","embeddable":true,"href":"https:\/\/martinluther.ca\/de\/wp-json\/wp\/v2\/categories?post=38739"},{"taxonomy":"post_tag","embeddable":true,"href":"https:\/\/martinluther.ca\/de\/wp-json\/wp\/v2\/tags?post=38739"},{"taxonomy":"post_series","embeddable":true,"href":"https:\/\/martinluther.ca\/de\/wp-json\/wp\/v2\/post_series?post=38739"}],"curies":[{"name":"wp","href":"https:\/\/api.w.org\/{rel}","templated":true}]}}