{"id":38753,"date":"2021-08-25T17:15:01","date_gmt":"2021-08-25T21:15:01","guid":{"rendered":"https:\/\/martinluther.ca\/?p=38753"},"modified":"2021-08-25T17:15:46","modified_gmt":"2021-08-25T21:15:46","slug":"wir-danken-pastor-gerhard-und-margret-hille","status":"publish","type":"post","link":"https:\/\/martinluther.ca\/de\/2021\/08\/wir-danken-pastor-gerhard-und-margret-hille\/","title":{"rendered":"Wir danken Pastor Gerhard und Margret Hille"},"content":{"rendered":"<p><a href=\"https:\/\/martinluther.ca\/wp-content\/uploads\/2021\/08\/2021-08-Pastor-Hille-scaled.jpg\"><img loading=\"lazy\" decoding=\"async\" class=\"alignright size-medium wp-image-38751\" src=\"https:\/\/martinluther.ca\/wp-content\/uploads\/2021\/08\/2021-08-Pastor-Hille-225x300.jpg\" alt=\"\" width=\"225\" height=\"300\" srcset=\"https:\/\/martinluther.ca\/wp-content\/uploads\/2021\/08\/2021-08-Pastor-Hille-225x300.jpg 225w, https:\/\/martinluther.ca\/wp-content\/uploads\/2021\/08\/2021-08-Pastor-Hille-768x1024.jpg 768w, https:\/\/martinluther.ca\/wp-content\/uploads\/2021\/08\/2021-08-Pastor-Hille-1152x1536.jpg 1152w, https:\/\/martinluther.ca\/wp-content\/uploads\/2021\/08\/2021-08-Pastor-Hille-1536x2048.jpg 1536w, https:\/\/martinluther.ca\/wp-content\/uploads\/2021\/08\/2021-08-Pastor-Hille-scaled.jpg 1921w\" sizes=\"auto, (max-width: 225px) 100vw, 225px\" \/><\/a>Woodrow Wilson sagte w\u00e4hrend seiner ersten Amtszeit im Jahr 1913 Folgendes: \u201cWir sind nicht hier, um blo\u00df unseren Lebensunterhalt zu bestreiten. Wir sind hier, um das Leben auf der Welt reichhaltiger zu machen, mit einer gr\u00f6\u00dferen Perspektive, mit einem feineren Geist von Hoffnung und Errungenschaften. Wir sind hier, um die Welt zu bereichern.\u201d<\/p>\n<p>Wir hatten die Gelegenheit, von Dezember 2020 an einen Mann und eine Frau zu erleben, die nach diesem Grundsatz leben. Sie sind im Ruhestand, aber trotzdem haben sie sich nach besten Wissen und Gewissen bem\u00fcht, um uns zu erm\u00f6glichen, erf\u00fcllt zu leben. Pastor Hilles gr\u00f6\u00dfere Perspektive unserer pandemischen Umleitung ber\u00fchrte unsere Seelen und f\u00fcllte unsere Kelche mit Hoffnung, und seine hoffnungsvolle Perspektive, die er in seinen durchdachten Predigten und seiner besonnenen Leitung der Gottesdienste ausdr\u00fcckte, kam uns zugute. Margret Hille wiederum spendete ihre phantastischen Kochk\u00fcnste oft f\u00fcr \u201eSuppe und Segen\u201c. Beide nutzten ihre Zeit und ihre Talente, um unsere Welt zu bereichern, trotz und gerade auch wegen der Pandemie.<\/p>\n<p>Pastor Gerhard und Margret, wir sind so sehr dankbar, dass Ihr diesen Auftrag mit so gro\u00dfem Erfolg ausgef\u00fchrt habt!<\/p>\n<p><a href=\"https:\/\/martinluther.ca\/wp-content\/uploads\/2021\/08\/2021-Pastor-Dr-Gerhard-Hille-and-Margaret-02-lighter.jpg\"><img loading=\"lazy\" decoding=\"async\" class=\"size-medium wp-image-38669 alignleft\" src=\"https:\/\/martinluther.ca\/wp-content\/uploads\/2021\/08\/2021-Pastor-Dr-Gerhard-Hille-and-Margaret-02-lighter-300x225.jpg\" alt=\"\" width=\"300\" height=\"225\" srcset=\"https:\/\/martinluther.ca\/wp-content\/uploads\/2021\/08\/2021-Pastor-Dr-Gerhard-Hille-and-Margaret-02-lighter-300x225.jpg 300w, https:\/\/martinluther.ca\/wp-content\/uploads\/2021\/08\/2021-Pastor-Dr-Gerhard-Hille-and-Margaret-02-lighter-1024x768.jpg 1024w, https:\/\/martinluther.ca\/wp-content\/uploads\/2021\/08\/2021-Pastor-Dr-Gerhard-Hille-and-Margaret-02-lighter-768x576.jpg 768w, https:\/\/martinluther.ca\/wp-content\/uploads\/2021\/08\/2021-Pastor-Dr-Gerhard-Hille-and-Margaret-02-lighter.jpg 1280w\" sizes=\"auto, (max-width: 300px) 100vw, 300px\" \/><\/a><\/p>\n","protected":false},"excerpt":{"rendered":"<p>Woodrow Wilson sagte w\u00e4hrend seiner ersten Amtszeit im Jahr 1913 Folgendes: \u201cWir sind nicht hier, um blo\u00df unseren Lebensunterhalt zu bestreiten. Wir sind hier, um das Leben auf der Welt reichhaltiger zu machen, mit einer gr\u00f6\u00dferen Perspektive, mit einem feineren Geist von Hoffnung und Errungenschaften. Wir sind hier, um die Welt zu bereichern.\u201d Wir hatten&hellip;<\/p>\n","protected":false},"author":8,"featured_media":38667,"comment_status":"closed","ping_status":"closed","sticky":false,"template":"","format":"standard","meta":{"footnotes":""},"categories":[69],"tags":[],"post_series":[],"class_list":["post-38753","post","type-post","status-publish","format-standard","has-post-thumbnail","hentry","category-news-blog-german","entry","has-media"],"yoast_head":"<!-- This site is optimized with the Yoast SEO plugin v27.5 - https:\/\/yoast.com\/product\/yoast-seo-wordpress\/ -->\n<title>Wir danken Pastor Gerhard und Margret Hille - Martin Luther Evangelische Kirche Toronto<\/title>\n<meta name=\"robots\" content=\"index, follow, max-snippet:-1, max-image-preview:large, max-video-preview:-1\" \/>\n<link rel=\"canonical\" href=\"https:\/\/martinluther.ca\/2021\/08\/we-thank-pastor-gerhard-and-margret-hille\/\" \/>\n<meta property=\"og:locale\" content=\"de_DE\" \/>\n<meta property=\"og:type\" content=\"article\" \/>\n<meta property=\"og:title\" content=\"Wir danken Pastor Gerhard und Margret Hille - Martin Luther Evangelische Kirche Toronto\" \/>\n<meta property=\"og:description\" content=\"Woodrow Wilson sagte w\u00e4hrend seiner ersten Amtszeit im Jahr 1913 Folgendes: \u201cWir sind nicht hier, um blo\u00df unseren Lebensunterhalt zu bestreiten. Wir sind hier, um das Leben auf der Welt reichhaltiger zu machen, mit einer gr\u00f6\u00dferen Perspektive, mit einem feineren Geist von Hoffnung und Errungenschaften. Wir sind hier, um die Welt zu bereichern.\u201d Wir hatten&hellip;\" \/>\n<meta property=\"og:url\" content=\"https:\/\/martinluther.ca\/2021\/08\/we-thank-pastor-gerhard-and-margret-hille\/\" \/>\n<meta property=\"og:site_name\" content=\"Martin Luther Evangelische Kirche Toronto\" \/>\n<meta property=\"article:publisher\" content=\"https:\/\/www.facebook.com\/martinlutherchurchtoronto\" \/>\n<meta property=\"article:published_time\" content=\"2021-08-25T21:15:01+00:00\" \/>\n<meta property=\"article:modified_time\" content=\"2021-08-25T21:15:46+00:00\" \/>\n<meta property=\"og:image\" content=\"https:\/\/martinluther.ca\/wp-content\/uploads\/2021\/08\/2021-Pastor-Dr-Gerhard-Hille-and-Margaret-01-lighter.jpg\" \/>\n\t<meta property=\"og:image:width\" content=\"1280\" \/>\n\t<meta property=\"og:image:height\" content=\"960\" \/>\n\t<meta property=\"og:image:type\" content=\"image\/jpeg\" \/>\n<meta name=\"author\" content=\"Marlena Muller\" \/>\n<meta name=\"twitter:card\" content=\"summary_large_image\" \/>\n<meta name=\"twitter:label1\" content=\"Verfasst von\" \/>\n\t<meta name=\"twitter:data1\" content=\"Marlena Muller\" \/>\n\t<meta name=\"twitter:label2\" content=\"Gesch\u00e4tzte Lesezeit\" \/>\n\t<meta name=\"twitter:data2\" content=\"2\u00a0Minuten\" \/>\n<script type=\"application\/ld+json\" class=\"yoast-schema-graph\">{\"@context\":\"https:\\\/\\\/schema.org\",\"@graph\":[{\"@type\":\"Article\",\"@id\":\"https:\\\/\\\/martinluther.ca\\\/2021\\\/08\\\/we-thank-pastor-gerhard-and-margret-hille\\\/#article\",\"isPartOf\":{\"@id\":\"https:\\\/\\\/martinluther.ca\\\/2021\\\/08\\\/we-thank-pastor-gerhard-and-margret-hille\\\/\"},\"author\":{\"name\":\"Marlena Muller\",\"@id\":\"https:\\\/\\\/martinluther.ca\\\/de\\\/#\\\/schema\\\/person\\\/ef4e825f5d9d6fd740bbd7813710e15d\"},\"headline\":\"Wir danken Pastor Gerhard und Margret Hille\",\"datePublished\":\"2021-08-25T21:15:01+00:00\",\"dateModified\":\"2021-08-25T21:15:46+00:00\",\"mainEntityOfPage\":{\"@id\":\"https:\\\/\\\/martinluther.ca\\\/2021\\\/08\\\/we-thank-pastor-gerhard-and-margret-hille\\\/\"},\"wordCount\":199,\"publisher\":{\"@id\":\"https:\\\/\\\/martinluther.ca\\\/de\\\/#organization\"},\"image\":{\"@id\":\"https:\\\/\\\/martinluther.ca\\\/2021\\\/08\\\/we-thank-pastor-gerhard-and-margret-hille\\\/#primaryimage\"},\"thumbnailUrl\":\"https:\\\/\\\/martinluther.ca\\\/wp-content\\\/uploads\\\/2021\\\/08\\\/2021-Pastor-Dr-Gerhard-Hille-and-Margaret-01-lighter.jpg\",\"articleSection\":[\"News Blog - German\"],\"inLanguage\":\"de\"},{\"@type\":\"WebPage\",\"@id\":\"https:\\\/\\\/martinluther.ca\\\/2021\\\/08\\\/we-thank-pastor-gerhard-and-margret-hille\\\/\",\"url\":\"https:\\\/\\\/martinluther.ca\\\/2021\\\/08\\\/we-thank-pastor-gerhard-and-margret-hille\\\/\",\"name\":\"Wir danken Pastor Gerhard und Margret Hille - Martin Luther Evangelische Kirche Toronto\",\"isPartOf\":{\"@id\":\"https:\\\/\\\/martinluther.ca\\\/de\\\/#website\"},\"primaryImageOfPage\":{\"@id\":\"https:\\\/\\\/martinluther.ca\\\/2021\\\/08\\\/we-thank-pastor-gerhard-and-margret-hille\\\/#primaryimage\"},\"image\":{\"@id\":\"https:\\\/\\\/martinluther.ca\\\/2021\\\/08\\\/we-thank-pastor-gerhard-and-margret-hille\\\/#primaryimage\"},\"thumbnailUrl\":\"https:\\\/\\\/martinluther.ca\\\/wp-content\\\/uploads\\\/2021\\\/08\\\/2021-Pastor-Dr-Gerhard-Hille-and-Margaret-01-lighter.jpg\",\"datePublished\":\"2021-08-25T21:15:01+00:00\",\"dateModified\":\"2021-08-25T21:15:46+00:00\",\"breadcrumb\":{\"@id\":\"https:\\\/\\\/martinluther.ca\\\/2021\\\/08\\\/we-thank-pastor-gerhard-and-margret-hille\\\/#breadcrumb\"},\"inLanguage\":\"de\",\"potentialAction\":[{\"@type\":\"ReadAction\",\"target\":[\"https:\\\/\\\/martinluther.ca\\\/2021\\\/08\\\/we-thank-pastor-gerhard-and-margret-hille\\\/\"]}]},{\"@type\":\"ImageObject\",\"inLanguage\":\"de\",\"@id\":\"https:\\\/\\\/martinluther.ca\\\/2021\\\/08\\\/we-thank-pastor-gerhard-and-margret-hille\\\/#primaryimage\",\"url\":\"https:\\\/\\\/martinluther.ca\\\/wp-content\\\/uploads\\\/2021\\\/08\\\/2021-Pastor-Dr-Gerhard-Hille-and-Margaret-01-lighter.jpg\",\"contentUrl\":\"https:\\\/\\\/martinluther.ca\\\/wp-content\\\/uploads\\\/2021\\\/08\\\/2021-Pastor-Dr-Gerhard-Hille-and-Margaret-01-lighter.jpg\",\"width\":1280,\"height\":960},{\"@type\":\"BreadcrumbList\",\"@id\":\"https:\\\/\\\/martinluther.ca\\\/2021\\\/08\\\/we-thank-pastor-gerhard-and-margret-hille\\\/#breadcrumb\",\"itemListElement\":[{\"@type\":\"ListItem\",\"position\":1,\"name\":\"Home\",\"item\":\"https:\\\/\\\/martinluther.ca\\\/de\\\/\"},{\"@type\":\"ListItem\",\"position\":2,\"name\":\"Wir danken Pastor Gerhard und Margret Hille\"}]},{\"@type\":\"WebSite\",\"@id\":\"https:\\\/\\\/martinluther.ca\\\/de\\\/#website\",\"url\":\"https:\\\/\\\/martinluther.ca\\\/de\\\/\",\"name\":\"Martin Luther Evangelical Church Toronto\",\"description\":\"Deutsch &amp; Englisch\",\"publisher\":{\"@id\":\"https:\\\/\\\/martinluther.ca\\\/de\\\/#organization\"},\"potentialAction\":[{\"@type\":\"SearchAction\",\"target\":{\"@type\":\"EntryPoint\",\"urlTemplate\":\"https:\\\/\\\/martinluther.ca\\\/de\\\/?s={search_term_string}\"},\"query-input\":{\"@type\":\"PropertyValueSpecification\",\"valueRequired\":true,\"valueName\":\"search_term_string\"}}],\"inLanguage\":\"de\"},{\"@type\":\"Organization\",\"@id\":\"https:\\\/\\\/martinluther.ca\\\/de\\\/#organization\",\"name\":\"Martin Luther Evangelical Church Toronto\",\"url\":\"https:\\\/\\\/martinluther.ca\\\/de\\\/\",\"logo\":{\"@type\":\"ImageObject\",\"inLanguage\":\"de\",\"@id\":\"https:\\\/\\\/martinluther.ca\\\/de\\\/#\\\/schema\\\/logo\\\/image\\\/\",\"url\":\"https:\\\/\\\/martinluther.ca\\\/wp-content\\\/uploads\\\/2016\\\/12\\\/ml-logo-300.png\",\"contentUrl\":\"https:\\\/\\\/martinluther.ca\\\/wp-content\\\/uploads\\\/2016\\\/12\\\/ml-logo-300.png\",\"width\":300,\"height\":150,\"caption\":\"Martin Luther Evangelical Church Toronto\"},\"image\":{\"@id\":\"https:\\\/\\\/martinluther.ca\\\/de\\\/#\\\/schema\\\/logo\\\/image\\\/\"},\"sameAs\":[\"https:\\\/\\\/www.facebook.com\\\/martinlutherchurchtoronto\",\"https:\\\/\\\/www.instagram.com\\\/lutheransbythelake\\\/\",\"https:\\\/\\\/www.youtube.com\\\/MartinLutherChurchToronto\"]},{\"@type\":\"Person\",\"@id\":\"https:\\\/\\\/martinluther.ca\\\/de\\\/#\\\/schema\\\/person\\\/ef4e825f5d9d6fd740bbd7813710e15d\",\"name\":\"Marlena Muller\",\"image\":{\"@type\":\"ImageObject\",\"inLanguage\":\"de\",\"@id\":\"https:\\\/\\\/secure.gravatar.com\\\/avatar\\\/fe840ff753768b839caa2dd522d4797f19f7e22fa2da83388e0fbfc570b65a37?s=96&d=mm&r=g\",\"url\":\"https:\\\/\\\/secure.gravatar.com\\\/avatar\\\/fe840ff753768b839caa2dd522d4797f19f7e22fa2da83388e0fbfc570b65a37?s=96&d=mm&r=g\",\"contentUrl\":\"https:\\\/\\\/secure.gravatar.com\\\/avatar\\\/fe840ff753768b839caa2dd522d4797f19f7e22fa2da83388e0fbfc570b65a37?s=96&d=mm&r=g\",\"caption\":\"Marlena Muller\"},\"url\":false}]}<\/script>\n<!-- \/ Yoast SEO plugin. -->","yoast_head_json":{"title":"Wir danken Pastor Gerhard und Margret Hille - Martin Luther Evangelische Kirche Toronto","robots":{"index":"index","follow":"follow","max-snippet":"max-snippet:-1","max-image-preview":"max-image-preview:large","max-video-preview":"max-video-preview:-1"},"canonical":"https:\/\/martinluther.ca\/2021\/08\/we-thank-pastor-gerhard-and-margret-hille\/","og_locale":"de_DE","og_type":"article","og_title":"Wir danken Pastor Gerhard und Margret Hille - Martin Luther Evangelische Kirche Toronto","og_description":"Woodrow Wilson sagte w\u00e4hrend seiner ersten Amtszeit im Jahr 1913 Folgendes: \u201cWir sind nicht hier, um blo\u00df unseren Lebensunterhalt zu bestreiten. Wir sind hier, um das Leben auf der Welt reichhaltiger zu machen, mit einer gr\u00f6\u00dferen Perspektive, mit einem feineren Geist von Hoffnung und Errungenschaften. Wir sind hier, um die Welt zu bereichern.\u201d Wir hatten&hellip;","og_url":"https:\/\/martinluther.ca\/2021\/08\/we-thank-pastor-gerhard-and-margret-hille\/","og_site_name":"Martin Luther Evangelische Kirche Toronto","article_publisher":"https:\/\/www.facebook.com\/martinlutherchurchtoronto","article_published_time":"2021-08-25T21:15:01+00:00","article_modified_time":"2021-08-25T21:15:46+00:00","og_image":[{"width":1280,"height":960,"url":"https:\/\/martinluther.ca\/wp-content\/uploads\/2021\/08\/2021-Pastor-Dr-Gerhard-Hille-and-Margaret-01-lighter.jpg","type":"image\/jpeg"}],"author":"Marlena Muller","twitter_card":"summary_large_image","twitter_misc":{"Verfasst von":"Marlena Muller","Gesch\u00e4tzte Lesezeit":"2\u00a0Minuten"},"schema":{"@context":"https:\/\/schema.org","@graph":[{"@type":"Article","@id":"https:\/\/martinluther.ca\/2021\/08\/we-thank-pastor-gerhard-and-margret-hille\/#article","isPartOf":{"@id":"https:\/\/martinluther.ca\/2021\/08\/we-thank-pastor-gerhard-and-margret-hille\/"},"author":{"name":"Marlena Muller","@id":"https:\/\/martinluther.ca\/de\/#\/schema\/person\/ef4e825f5d9d6fd740bbd7813710e15d"},"headline":"Wir danken Pastor Gerhard und Margret Hille","datePublished":"2021-08-25T21:15:01+00:00","dateModified":"2021-08-25T21:15:46+00:00","mainEntityOfPage":{"@id":"https:\/\/martinluther.ca\/2021\/08\/we-thank-pastor-gerhard-and-margret-hille\/"},"wordCount":199,"publisher":{"@id":"https:\/\/martinluther.ca\/de\/#organization"},"image":{"@id":"https:\/\/martinluther.ca\/2021\/08\/we-thank-pastor-gerhard-and-margret-hille\/#primaryimage"},"thumbnailUrl":"https:\/\/martinluther.ca\/wp-content\/uploads\/2021\/08\/2021-Pastor-Dr-Gerhard-Hille-and-Margaret-01-lighter.jpg","articleSection":["News Blog - German"],"inLanguage":"de"},{"@type":"WebPage","@id":"https:\/\/martinluther.ca\/2021\/08\/we-thank-pastor-gerhard-and-margret-hille\/","url":"https:\/\/martinluther.ca\/2021\/08\/we-thank-pastor-gerhard-and-margret-hille\/","name":"Wir danken Pastor Gerhard und Margret Hille - Martin Luther Evangelische Kirche Toronto","isPartOf":{"@id":"https:\/\/martinluther.ca\/de\/#website"},"primaryImageOfPage":{"@id":"https:\/\/martinluther.ca\/2021\/08\/we-thank-pastor-gerhard-and-margret-hille\/#primaryimage"},"image":{"@id":"https:\/\/martinluther.ca\/2021\/08\/we-thank-pastor-gerhard-and-margret-hille\/#primaryimage"},"thumbnailUrl":"https:\/\/martinluther.ca\/wp-content\/uploads\/2021\/08\/2021-Pastor-Dr-Gerhard-Hille-and-Margaret-01-lighter.jpg","datePublished":"2021-08-25T21:15:01+00:00","dateModified":"2021-08-25T21:15:46+00:00","breadcrumb":{"@id":"https:\/\/martinluther.ca\/2021\/08\/we-thank-pastor-gerhard-and-margret-hille\/#breadcrumb"},"inLanguage":"de","potentialAction":[{"@type":"ReadAction","target":["https:\/\/martinluther.ca\/2021\/08\/we-thank-pastor-gerhard-and-margret-hille\/"]}]},{"@type":"ImageObject","inLanguage":"de","@id":"https:\/\/martinluther.ca\/2021\/08\/we-thank-pastor-gerhard-and-margret-hille\/#primaryimage","url":"https:\/\/martinluther.ca\/wp-content\/uploads\/2021\/08\/2021-Pastor-Dr-Gerhard-Hille-and-Margaret-01-lighter.jpg","contentUrl":"https:\/\/martinluther.ca\/wp-content\/uploads\/2021\/08\/2021-Pastor-Dr-Gerhard-Hille-and-Margaret-01-lighter.jpg","width":1280,"height":960},{"@type":"BreadcrumbList","@id":"https:\/\/martinluther.ca\/2021\/08\/we-thank-pastor-gerhard-and-margret-hille\/#breadcrumb","itemListElement":[{"@type":"ListItem","position":1,"name":"Home","item":"https:\/\/martinluther.ca\/de\/"},{"@type":"ListItem","position":2,"name":"Wir danken Pastor Gerhard und Margret Hille"}]},{"@type":"WebSite","@id":"https:\/\/martinluther.ca\/de\/#website","url":"https:\/\/martinluther.ca\/de\/","name":"Martin Luther Evangelical Church Toronto","description":"Deutsch &amp; Englisch","publisher":{"@id":"https:\/\/martinluther.ca\/de\/#organization"},"potentialAction":[{"@type":"SearchAction","target":{"@type":"EntryPoint","urlTemplate":"https:\/\/martinluther.ca\/de\/?s={search_term_string}"},"query-input":{"@type":"PropertyValueSpecification","valueRequired":true,"valueName":"search_term_string"}}],"inLanguage":"de"},{"@type":"Organization","@id":"https:\/\/martinluther.ca\/de\/#organization","name":"Martin Luther Evangelical Church Toronto","url":"https:\/\/martinluther.ca\/de\/","logo":{"@type":"ImageObject","inLanguage":"de","@id":"https:\/\/martinluther.ca\/de\/#\/schema\/logo\/image\/","url":"https:\/\/martinluther.ca\/wp-content\/uploads\/2016\/12\/ml-logo-300.png","contentUrl":"https:\/\/martinluther.ca\/wp-content\/uploads\/2016\/12\/ml-logo-300.png","width":300,"height":150,"caption":"Martin Luther Evangelical Church Toronto"},"image":{"@id":"https:\/\/martinluther.ca\/de\/#\/schema\/logo\/image\/"},"sameAs":["https:\/\/www.facebook.com\/martinlutherchurchtoronto","https:\/\/www.instagram.com\/lutheransbythelake\/","https:\/\/www.youtube.com\/MartinLutherChurchToronto"]},{"@type":"Person","@id":"https:\/\/martinluther.ca\/de\/#\/schema\/person\/ef4e825f5d9d6fd740bbd7813710e15d","name":"Marlena Muller","image":{"@type":"ImageObject","inLanguage":"de","@id":"https:\/\/secure.gravatar.com\/avatar\/fe840ff753768b839caa2dd522d4797f19f7e22fa2da83388e0fbfc570b65a37?s=96&d=mm&r=g","url":"https:\/\/secure.gravatar.com\/avatar\/fe840ff753768b839caa2dd522d4797f19f7e22fa2da83388e0fbfc570b65a37?s=96&d=mm&r=g","contentUrl":"https:\/\/secure.gravatar.com\/avatar\/fe840ff753768b839caa2dd522d4797f19f7e22fa2da83388e0fbfc570b65a37?s=96&d=mm&r=g","caption":"Marlena Muller"},"url":false}]}},"_links":{"self":[{"href":"https:\/\/martinluther.ca\/de\/wp-json\/wp\/v2\/posts\/38753","targetHints":{"allow":["GET"]}}],"collection":[{"href":"https:\/\/martinluther.ca\/de\/wp-json\/wp\/v2\/posts"}],"about":[{"href":"https:\/\/martinluther.ca\/de\/wp-json\/wp\/v2\/types\/post"}],"author":[{"embeddable":true,"href":"https:\/\/martinluther.ca\/de\/wp-json\/wp\/v2\/users\/8"}],"replies":[{"embeddable":true,"href":"https:\/\/martinluther.ca\/de\/wp-json\/wp\/v2\/comments?post=38753"}],"version-history":[{"count":1,"href":"https:\/\/martinluther.ca\/de\/wp-json\/wp\/v2\/posts\/38753\/revisions"}],"predecessor-version":[{"id":38754,"href":"https:\/\/martinluther.ca\/de\/wp-json\/wp\/v2\/posts\/38753\/revisions\/38754"}],"wp:featuredmedia":[{"embeddable":true,"href":"https:\/\/martinluther.ca\/de\/wp-json\/wp\/v2\/media\/38667"}],"wp:attachment":[{"href":"https:\/\/martinluther.ca\/de\/wp-json\/wp\/v2\/media?parent=38753"}],"wp:term":[{"taxonomy":"category","embeddable":true,"href":"https:\/\/martinluther.ca\/de\/wp-json\/wp\/v2\/categories?post=38753"},{"taxonomy":"post_tag","embeddable":true,"href":"https:\/\/martinluther.ca\/de\/wp-json\/wp\/v2\/tags?post=38753"},{"taxonomy":"post_series","embeddable":true,"href":"https:\/\/martinluther.ca\/de\/wp-json\/wp\/v2\/post_series?post=38753"}],"curies":[{"name":"wp","href":"https:\/\/api.w.org\/{rel}","templated":true}]}}