{"id":38818,"date":"2021-09-07T18:36:38","date_gmt":"2021-09-07T22:36:38","guid":{"rendered":"https:\/\/martinluther.ca\/?p=38818"},"modified":"2021-09-09T17:22:59","modified_gmt":"2021-09-09T21:22:59","slug":"growing-some-good-ihr-gemeinschaftsgarten-auf-unseren-superior-av-hochbeeten-nehmen-sie-frisches-gemuese-mit","status":"publish","type":"post","link":"https:\/\/martinluther.ca\/de\/2021\/09\/growing-some-good-ihr-gemeinschaftsgarten-auf-unseren-superior-av-hochbeeten-nehmen-sie-frisches-gemuese-mit\/","title":{"rendered":"&#8222;Growing Some Good&#8220; Ihr Gemeinschaftsgarten auf unseren Superior Av Hochbeeten &#8211; nehmen Sie frisches Gem\u00fcse mit"},"content":{"rendered":"<p><img loading=\"lazy\" decoding=\"async\" class=\"alignright size-medium wp-image-38803\" src=\"https:\/\/martinluther.ca\/wp-content\/uploads\/2021\/08\/Community-Garden-Labels-169x300.jpeg\" alt=\"Community Garden Labels\" width=\"169\" height=\"300\" srcset=\"https:\/\/martinluther.ca\/wp-content\/uploads\/2021\/08\/Community-Garden-Labels-169x300.jpeg 169w, https:\/\/martinluther.ca\/wp-content\/uploads\/2021\/08\/Community-Garden-Labels-576x1024.jpeg 576w, https:\/\/martinluther.ca\/wp-content\/uploads\/2021\/08\/Community-Garden-Labels-768x1365.jpeg 768w, https:\/\/martinluther.ca\/wp-content\/uploads\/2021\/08\/Community-Garden-Labels-864x1536.jpeg 864w, https:\/\/martinluther.ca\/wp-content\/uploads\/2021\/08\/Community-Garden-Labels.jpeg 900w\" sizes=\"auto, (max-width: 169px) 100vw, 169px\" \/>In Ihrem ,,Nachbarschaftsgarten\u201d bei Superior Av Hochbeeten finden Sie eine Anzahl Kr\u00e4uter und Gem\u00fcse. Es gibt dort allerlei Pflanzen wie zum Beispiel rote Beete, Tomaten, Mangold, Rucola, Kamille, Gr\u00fcnkohl, Schnittlauch, Minze, Zitronenkraut, Mohrr\u00fcben, Studentenblumen und Pfefferschoten. Wir haben auch Brokkoli und Spinat gepflanzt, aber ohne Erfolg. Der Nachbarschaftsgarten wurde im Juli 2021 angefangen.<\/p>\n<p>Den Samen daf\u00fcr erhielten wir von der Compost Council of Canada (<a href=\"http:\/\/www.compost.org\/\" target=\"_blank\" rel=\"noopener\">http:\/\/www.compost.org\/<\/a>). Johnny und ich bekamen Rat und Hilfe von einigen sehr erfahrenen G\u00e4rtnerinnen, n\u00e4mlich Catherine von LEGS- Lakeshore Environmental Gardening Society, <a href=\"http:\/\/legsetobicoke.ca\/\" target=\"_blank\" rel=\"noopener\">http:\/\/legsetobicoke.ca\/<\/a> und von Iris. Sie sind bis heute unsere Mentorinnen.<\/p>\n<p><a href=\"https:\/\/martinluther.ca\/wp-content\/uploads\/2021\/08\/2021-08-05-Kale-and-Slugs.jpeg\"><img loading=\"lazy\" decoding=\"async\" class=\"alignright size-medium wp-image-38795\" src=\"https:\/\/martinluther.ca\/wp-content\/uploads\/2021\/08\/2021-08-05-Kale-and-Slugs-169x300.jpeg\" alt=\"\" width=\"169\" height=\"300\" srcset=\"https:\/\/martinluther.ca\/wp-content\/uploads\/2021\/08\/2021-08-05-Kale-and-Slugs-169x300.jpeg 169w, https:\/\/martinluther.ca\/wp-content\/uploads\/2021\/08\/2021-08-05-Kale-and-Slugs-576x1024.jpeg 576w, https:\/\/martinluther.ca\/wp-content\/uploads\/2021\/08\/2021-08-05-Kale-and-Slugs-768x1366.jpeg 768w, https:\/\/martinluther.ca\/wp-content\/uploads\/2021\/08\/2021-08-05-Kale-and-Slugs-864x1536.jpeg 864w, https:\/\/martinluther.ca\/wp-content\/uploads\/2021\/08\/2021-08-05-Kale-and-Slugs.jpeg 899w\" sizes=\"auto, (max-width: 169px) 100vw, 169px\" \/><\/a>Von Anfang an gedeiht unser Garten. Johnny gie\u00dft die Pflanzen jeden Morgen, und ich \u00fcberpr\u00fcfe sie auf K\u00e4fer und Ungeziefer (Schnecken lieben tats\u00e4chlich Gr\u00fcnkohl. Siehe Foto). Wir haben auch Poster entworfen und angebracht. Adam hat uns dabei geholfen, sie an den Beetk\u00e4sten zu befestigen .<\/p>\n<p>Die Poster sehen toll aus und erregen die Aufmerksamkeit der Vor\u00fcbergehenden. Ich habe bemerkt, dass die Leute sich aus dem Garten bedienen.<\/p>\n<p>F\u00fcr ,,Beverages and Blessings\u201d benutzen wir Kamille, Zitronenkraut und Minze, um einen leckeren, erfrischenden Eistee herzustellen. Wir haben auch das Gem\u00fcse gepfl\u00fcckt, wenn es erntereif war, und es bei B&amp;B verteilt. Ich fordere Sie auf, beim Nachbarschaftsgarten vorbeizuschauen und sich zu nehmen, was Ihnen beliebt!<\/p>\n<p>Sep 1, 2021 The community garden has been going well, vegetables are growing and people are taking them. The garden has been flourishing and you should come by the community garden to take some fresh organic vegetables!<\/p>\n<p>&#8222;Grow some Good&#8220; seed packets are also being taken by people. One person told me that she planted the seeds and they are growing really well and she had come back to take more seed packets. I planted seeds too and they are growing really well, especially the spinach! I posted my update about my plants on Instagram. Go check out our Instagram pages for updates and interesting posts @yoursundayfundaycyfm and @FabulousFridaysMimico. Share with us your updates and make sure to ask us your questions if you have any. We are always glad to help out.<br \/>\n&#8211; Maliha<\/p>\n<div id=\"gallery-1\" class=\"wpex-gallery wpex-grid wpex-grid-cols-4 wpex-gap-20 wpex-lightbox-group wpex-mb-20\"><figure class=\"gallery-item\"><a href=\"https:\/\/martinluther.ca\/wp-content\/uploads\/2021\/08\/2021-08-13-Summer-Students-at-Community-Garden3-scaled.jpg\" class=\"wpex-lightbox-group-item\" data-caption=\"2021\"><img loading=\"lazy\" decoding=\"async\" src=\"https:\/\/martinluther.ca\/wp-content\/uploads\/2021\/08\/2021-08-13-Summer-Students-at-Community-Garden3-scaled-576x1024.jpg\" alt=\"\" srcset=\"https:\/\/martinluther.ca\/wp-content\/uploads\/2021\/08\/2021-08-13-Summer-Students-at-Community-Garden3-scaled-576x1024.jpg 576w, https:\/\/martinluther.ca\/wp-content\/uploads\/2021\/08\/2021-08-13-Summer-Students-at-Community-Garden3-169x300.jpg 169w, https:\/\/martinluther.ca\/wp-content\/uploads\/2021\/08\/2021-08-13-Summer-Students-at-Community-Garden3-768x1365.jpg 768w, https:\/\/martinluther.ca\/wp-content\/uploads\/2021\/08\/2021-08-13-Summer-Students-at-Community-Garden3-864x1536.jpg 864w, https:\/\/martinluther.ca\/wp-content\/uploads\/2021\/08\/2021-08-13-Summer-Students-at-Community-Garden3-1152x2048.jpg 1152w, https:\/\/martinluther.ca\/wp-content\/uploads\/2021\/08\/2021-08-13-Summer-Students-at-Community-Garden3-scaled.jpg 1440w\" width=\"576\" height=\"1024\"><\/a><figcaption class=\"gallery-caption wpex-last-mb-0\">2021<\/figcaption><\/figure><figure class=\"gallery-item\"><a href=\"https:\/\/martinluther.ca\/wp-content\/uploads\/2021\/08\/Community-Garden-Sign-Installation.jpeg\" class=\"wpex-lightbox-group-item\" data-caption=\"2021\"><img loading=\"lazy\" decoding=\"async\" src=\"https:\/\/martinluther.ca\/wp-content\/uploads\/2021\/08\/Community-Garden-Sign-Installation-1024x1009.jpeg\" alt=\"\" srcset=\"https:\/\/martinluther.ca\/wp-content\/uploads\/2021\/08\/Community-Garden-Sign-Installation-1024x1009.jpeg 1024w, https:\/\/martinluther.ca\/wp-content\/uploads\/2021\/08\/Community-Garden-Sign-Installation-300x295.jpeg 300w, https:\/\/martinluther.ca\/wp-content\/uploads\/2021\/08\/Community-Garden-Sign-Installation-768x756.jpeg 768w, https:\/\/martinluther.ca\/wp-content\/uploads\/2021\/08\/Community-Garden-Sign-Installation.jpeg 1125w\" width=\"1024\" height=\"1009\"><\/a><figcaption class=\"gallery-caption wpex-last-mb-0\">2021<\/figcaption><\/figure><figure class=\"gallery-item\"><a href=\"https:\/\/martinluther.ca\/wp-content\/uploads\/2021\/08\/Community-Garden-Labels.jpeg\" class=\"wpex-lightbox-group-item\" data-caption=\"2021\" data-title=\"Community Garden Labels\"><img loading=\"lazy\" alt=\"Community Garden Labels\" decoding=\"async\" src=\"https:\/\/martinluther.ca\/wp-content\/uploads\/2021\/08\/Community-Garden-Labels-576x1024.jpeg\" srcset=\"https:\/\/martinluther.ca\/wp-content\/uploads\/2021\/08\/Community-Garden-Labels-576x1024.jpeg 576w, https:\/\/martinluther.ca\/wp-content\/uploads\/2021\/08\/Community-Garden-Labels-169x300.jpeg 169w, https:\/\/martinluther.ca\/wp-content\/uploads\/2021\/08\/Community-Garden-Labels-768x1365.jpeg 768w, https:\/\/martinluther.ca\/wp-content\/uploads\/2021\/08\/Community-Garden-Labels-864x1536.jpeg 864w, https:\/\/martinluther.ca\/wp-content\/uploads\/2021\/08\/Community-Garden-Labels.jpeg 900w\" width=\"576\" height=\"1024\"><\/a><figcaption class=\"gallery-caption wpex-last-mb-0\">2021<\/figcaption><\/figure><figure class=\"gallery-item\"><a href=\"https:\/\/martinluther.ca\/wp-content\/uploads\/2021\/08\/2021-08-17-Ripening-Tomato.jpeg\" class=\"wpex-lightbox-group-item\"><img loading=\"lazy\" decoding=\"async\" src=\"https:\/\/martinluther.ca\/wp-content\/uploads\/2021\/08\/2021-08-17-Ripening-Tomato-576x1024.jpeg\" alt=\"\" srcset=\"https:\/\/martinluther.ca\/wp-content\/uploads\/2021\/08\/2021-08-17-Ripening-Tomato-576x1024.jpeg 576w, https:\/\/martinluther.ca\/wp-content\/uploads\/2021\/08\/2021-08-17-Ripening-Tomato-169x300.jpeg 169w, https:\/\/martinluther.ca\/wp-content\/uploads\/2021\/08\/2021-08-17-Ripening-Tomato-768x1366.jpeg 768w, https:\/\/martinluther.ca\/wp-content\/uploads\/2021\/08\/2021-08-17-Ripening-Tomato-864x1536.jpeg 864w, https:\/\/martinluther.ca\/wp-content\/uploads\/2021\/08\/2021-08-17-Ripening-Tomato.jpeg 899w\" width=\"576\" height=\"1024\"><\/a><\/figure><figure class=\"gallery-item\"><a href=\"https:\/\/martinluther.ca\/wp-content\/uploads\/2021\/08\/2021-08-13-Summer-Students-at-Community-Garden2.jpeg\" class=\"wpex-lightbox-group-item\" data-caption=\"2021\"><img loading=\"lazy\" decoding=\"async\" src=\"https:\/\/martinluther.ca\/wp-content\/uploads\/2021\/08\/2021-08-13-Summer-Students-at-Community-Garden2-576x1024.jpeg\" alt=\"\" srcset=\"https:\/\/martinluther.ca\/wp-content\/uploads\/2021\/08\/2021-08-13-Summer-Students-at-Community-Garden2-576x1024.jpeg 576w, https:\/\/martinluther.ca\/wp-content\/uploads\/2021\/08\/2021-08-13-Summer-Students-at-Community-Garden2-169x300.jpeg 169w, https:\/\/martinluther.ca\/wp-content\/uploads\/2021\/08\/2021-08-13-Summer-Students-at-Community-Garden2-768x1366.jpeg 768w, https:\/\/martinluther.ca\/wp-content\/uploads\/2021\/08\/2021-08-13-Summer-Students-at-Community-Garden2-864x1536.jpeg 864w, https:\/\/martinluther.ca\/wp-content\/uploads\/2021\/08\/2021-08-13-Summer-Students-at-Community-Garden2.jpeg 899w\" width=\"576\" height=\"1024\"><\/a><figcaption class=\"gallery-caption wpex-last-mb-0\">2021<\/figcaption><\/figure><figure class=\"gallery-item\"><a href=\"https:\/\/martinluther.ca\/wp-content\/uploads\/2021\/08\/2021_07_19_Raised-Beds_Tomato_Big_Green.jpg\" class=\"wpex-lightbox-group-item\"><img loading=\"lazy\" decoding=\"async\" src=\"https:\/\/martinluther.ca\/wp-content\/uploads\/2021\/08\/2021_07_19_Raised-Beds_Tomato_Big_Green-766x1024.jpg\" alt=\"\" srcset=\"https:\/\/martinluther.ca\/wp-content\/uploads\/2021\/08\/2021_07_19_Raised-Beds_Tomato_Big_Green-766x1024.jpg 766w, https:\/\/martinluther.ca\/wp-content\/uploads\/2021\/08\/2021_07_19_Raised-Beds_Tomato_Big_Green-225x300.jpg 225w, https:\/\/martinluther.ca\/wp-content\/uploads\/2021\/08\/2021_07_19_Raised-Beds_Tomato_Big_Green-768x1026.jpg 768w, https:\/\/martinluther.ca\/wp-content\/uploads\/2021\/08\/2021_07_19_Raised-Beds_Tomato_Big_Green.jpg 958w\" width=\"766\" height=\"1024\"><\/a><\/figure><figure class=\"gallery-item\"><a href=\"https:\/\/martinluther.ca\/wp-content\/uploads\/2021\/08\/2021_07_19_Raised-Beds_Beets.jpg\" class=\"wpex-lightbox-group-item\"><img loading=\"lazy\" decoding=\"async\" src=\"https:\/\/martinluther.ca\/wp-content\/uploads\/2021\/08\/2021_07_19_Raised-Beds_Beets-766x1024.jpg\" alt=\"\" srcset=\"https:\/\/martinluther.ca\/wp-content\/uploads\/2021\/08\/2021_07_19_Raised-Beds_Beets-766x1024.jpg 766w, https:\/\/martinluther.ca\/wp-content\/uploads\/2021\/08\/2021_07_19_Raised-Beds_Beets-225x300.jpg 225w, https:\/\/martinluther.ca\/wp-content\/uploads\/2021\/08\/2021_07_19_Raised-Beds_Beets-768x1026.jpg 768w, https:\/\/martinluther.ca\/wp-content\/uploads\/2021\/08\/2021_07_19_Raised-Beds_Beets.jpg 958w\" width=\"766\" height=\"1024\"><\/a><\/figure><figure class=\"gallery-item\"><a href=\"https:\/\/martinluther.ca\/wp-content\/uploads\/2021\/08\/2021_08_06_garden_north_side_right-scaled.jpg\" class=\"wpex-lightbox-group-item\" data-caption=\"2021\"><img loading=\"lazy\" decoding=\"async\" src=\"https:\/\/martinluther.ca\/wp-content\/uploads\/2021\/08\/2021_08_06_garden_north_side_right-scaled-1024x576.jpg\" alt=\"\" srcset=\"https:\/\/martinluther.ca\/wp-content\/uploads\/2021\/08\/2021_08_06_garden_north_side_right-scaled-1024x576.jpg 1024w, https:\/\/martinluther.ca\/wp-content\/uploads\/2021\/08\/2021_08_06_garden_north_side_right-300x169.jpg 300w, https:\/\/martinluther.ca\/wp-content\/uploads\/2021\/08\/2021_08_06_garden_north_side_right-768x432.jpg 768w, https:\/\/martinluther.ca\/wp-content\/uploads\/2021\/08\/2021_08_06_garden_north_side_right-1536x864.jpg 1536w, https:\/\/martinluther.ca\/wp-content\/uploads\/2021\/08\/2021_08_06_garden_north_side_right-2048x1152.jpg 2048w\" width=\"1024\" height=\"576\"><\/a><figcaption class=\"gallery-caption wpex-last-mb-0\">2021<\/figcaption><\/figure><\/div>\n\n<p><a href=\"https:\/\/martinluther.ca\/wp-content\/uploads\/2021\/08\/Raised-Beds-Poster-Landscape.png\"><img loading=\"lazy\" decoding=\"async\" class=\"alignleft wp-image-38805 size-full\" src=\"https:\/\/martinluther.ca\/wp-content\/uploads\/2021\/08\/Raised-Beds-Poster-Landscape.png\" alt=\"\" width=\"2352\" height=\"1776\" srcset=\"https:\/\/martinluther.ca\/wp-content\/uploads\/2021\/08\/Raised-Beds-Poster-Landscape.png 2352w, https:\/\/martinluther.ca\/wp-content\/uploads\/2021\/08\/Raised-Beds-Poster-Landscape-300x227.png 300w, https:\/\/martinluther.ca\/wp-content\/uploads\/2021\/08\/Raised-Beds-Poster-Landscape-1024x773.png 1024w, https:\/\/martinluther.ca\/wp-content\/uploads\/2021\/08\/Raised-Beds-Poster-Landscape-768x580.png 768w, https:\/\/martinluther.ca\/wp-content\/uploads\/2021\/08\/Raised-Beds-Poster-Landscape-1536x1160.png 1536w, https:\/\/martinluther.ca\/wp-content\/uploads\/2021\/08\/Raised-Beds-Poster-Landscape-2048x1546.png 2048w\" sizes=\"auto, (max-width: 2352px) 100vw, 2352px\" \/><\/a><\/p>\n","protected":false},"excerpt":{"rendered":"<p>In Ihrem ,,Nachbarschaftsgarten\u201d bei Superior Av Hochbeeten finden Sie eine Anzahl Kr\u00e4uter und Gem\u00fcse. Es gibt dort allerlei Pflanzen wie zum Beispiel rote Beete, Tomaten, Mangold, Rucola, Kamille, Gr\u00fcnkohl, Schnittlauch, Minze, Zitronenkraut, Mohrr\u00fcben, Studentenblumen und Pfefferschoten. Wir haben auch Brokkoli und Spinat gepflanzt, aber ohne Erfolg. Der Nachbarschaftsgarten wurde im Juli 2021 angefangen. Den Samen&hellip;<\/p>\n","protected":false},"author":8,"featured_media":38809,"comment_status":"closed","ping_status":"closed","sticky":false,"template":"","format":"standard","meta":{"footnotes":""},"categories":[69],"tags":[],"post_series":[],"class_list":["post-38818","post","type-post","status-publish","format-standard","has-post-thumbnail","hentry","category-news-blog-german","entry","has-media"],"yoast_head":"<!-- This site is optimized with the Yoast SEO plugin v27.5 - https:\/\/yoast.com\/product\/yoast-seo-wordpress\/ -->\n<title>&quot;Growing Some Good&quot; Ihr Gemeinschaftsgarten auf unseren Superior Av Hochbeeten - nehmen Sie frisches Gem\u00fcse mit - Martin Luther Evangelische Kirche Toronto<\/title>\n<meta name=\"robots\" content=\"index, follow, max-snippet:-1, max-image-preview:large, max-video-preview:-1\" \/>\n<link rel=\"canonical\" href=\"https:\/\/martinluther.ca\/de\/2021\/09\/growing-some-good-ihr-gemeinschaftsgarten-auf-unseren-superior-av-hochbeeten-nehmen-sie-frisches-gemuese-mit\/\" \/>\n<meta property=\"og:locale\" content=\"de_DE\" \/>\n<meta property=\"og:type\" content=\"article\" \/>\n<meta property=\"og:title\" content=\"&quot;Growing Some Good&quot; Ihr Gemeinschaftsgarten auf unseren Superior Av Hochbeeten - nehmen Sie frisches Gem\u00fcse mit - Martin Luther Evangelische Kirche Toronto\" \/>\n<meta property=\"og:description\" content=\"In Ihrem ,,Nachbarschaftsgarten\u201d bei Superior Av Hochbeeten finden Sie eine Anzahl Kr\u00e4uter und Gem\u00fcse. Es gibt dort allerlei Pflanzen wie zum Beispiel rote Beete, Tomaten, Mangold, Rucola, Kamille, Gr\u00fcnkohl, Schnittlauch, Minze, Zitronenkraut, Mohrr\u00fcben, Studentenblumen und Pfefferschoten. Wir haben auch Brokkoli und Spinat gepflanzt, aber ohne Erfolg. Der Nachbarschaftsgarten wurde im Juli 2021 angefangen. Den Samen&hellip;\" \/>\n<meta property=\"og:url\" content=\"https:\/\/martinluther.ca\/de\/2021\/09\/growing-some-good-ihr-gemeinschaftsgarten-auf-unseren-superior-av-hochbeeten-nehmen-sie-frisches-gemuese-mit\/\" \/>\n<meta property=\"og:site_name\" content=\"Martin Luther Evangelische Kirche Toronto\" \/>\n<meta property=\"article:publisher\" content=\"https:\/\/www.facebook.com\/martinlutherchurchtoronto\" \/>\n<meta property=\"article:published_time\" content=\"2021-09-07T22:36:38+00:00\" \/>\n<meta property=\"article:modified_time\" content=\"2021-09-09T21:22:59+00:00\" \/>\n<meta property=\"og:image\" content=\"https:\/\/martinluther.ca\/wp-content\/uploads\/2021\/08\/2021-08-13-Summer-Students-at-Community-Garden-website.jpeg\" \/>\n\t<meta property=\"og:image:width\" content=\"897\" \/>\n\t<meta property=\"og:image:height\" content=\"673\" \/>\n\t<meta property=\"og:image:type\" content=\"image\/jpeg\" \/>\n<meta name=\"author\" content=\"Marlena Muller\" \/>\n<meta name=\"twitter:card\" content=\"summary_large_image\" \/>\n<meta name=\"twitter:label1\" content=\"Verfasst von\" \/>\n\t<meta name=\"twitter:data1\" content=\"Marlena Muller\" \/>\n\t<meta name=\"twitter:label2\" content=\"Gesch\u00e4tzte Lesezeit\" \/>\n\t<meta name=\"twitter:data2\" content=\"3\u00a0Minuten\" \/>\n<script type=\"application\/ld+json\" class=\"yoast-schema-graph\">{\"@context\":\"https:\\\/\\\/schema.org\",\"@graph\":[{\"@type\":\"Article\",\"@id\":\"https:\\\/\\\/martinluther.ca\\\/de\\\/2021\\\/09\\\/growing-some-good-ihr-gemeinschaftsgarten-auf-unseren-superior-av-hochbeeten-nehmen-sie-frisches-gemuese-mit\\\/#article\",\"isPartOf\":{\"@id\":\"https:\\\/\\\/martinluther.ca\\\/de\\\/2021\\\/09\\\/growing-some-good-ihr-gemeinschaftsgarten-auf-unseren-superior-av-hochbeeten-nehmen-sie-frisches-gemuese-mit\\\/\"},\"author\":{\"name\":\"Marlena Muller\",\"@id\":\"https:\\\/\\\/martinluther.ca\\\/de\\\/#\\\/schema\\\/person\\\/ef4e825f5d9d6fd740bbd7813710e15d\"},\"headline\":\"&#8222;Growing Some Good&#8220; Ihr Gemeinschaftsgarten auf unseren Superior Av Hochbeeten &#8211; nehmen Sie frisches Gem\u00fcse mit\",\"datePublished\":\"2021-09-07T22:36:38+00:00\",\"dateModified\":\"2021-09-09T21:22:59+00:00\",\"mainEntityOfPage\":{\"@id\":\"https:\\\/\\\/martinluther.ca\\\/de\\\/2021\\\/09\\\/growing-some-good-ihr-gemeinschaftsgarten-auf-unseren-superior-av-hochbeeten-nehmen-sie-frisches-gemuese-mit\\\/\"},\"wordCount\":382,\"publisher\":{\"@id\":\"https:\\\/\\\/martinluther.ca\\\/de\\\/#organization\"},\"image\":{\"@id\":\"https:\\\/\\\/martinluther.ca\\\/de\\\/2021\\\/09\\\/growing-some-good-ihr-gemeinschaftsgarten-auf-unseren-superior-av-hochbeeten-nehmen-sie-frisches-gemuese-mit\\\/#primaryimage\"},\"thumbnailUrl\":\"https:\\\/\\\/martinluther.ca\\\/wp-content\\\/uploads\\\/2021\\\/08\\\/2021-08-13-Summer-Students-at-Community-Garden-website.jpeg\",\"articleSection\":[\"News Blog - German\"],\"inLanguage\":\"de\"},{\"@type\":\"WebPage\",\"@id\":\"https:\\\/\\\/martinluther.ca\\\/de\\\/2021\\\/09\\\/growing-some-good-ihr-gemeinschaftsgarten-auf-unseren-superior-av-hochbeeten-nehmen-sie-frisches-gemuese-mit\\\/\",\"url\":\"https:\\\/\\\/martinluther.ca\\\/de\\\/2021\\\/09\\\/growing-some-good-ihr-gemeinschaftsgarten-auf-unseren-superior-av-hochbeeten-nehmen-sie-frisches-gemuese-mit\\\/\",\"name\":\"\\\"Growing Some Good\\\" Ihr Gemeinschaftsgarten auf unseren Superior Av Hochbeeten - nehmen Sie frisches Gem\u00fcse mit - Martin Luther Evangelische Kirche Toronto\",\"isPartOf\":{\"@id\":\"https:\\\/\\\/martinluther.ca\\\/de\\\/#website\"},\"primaryImageOfPage\":{\"@id\":\"https:\\\/\\\/martinluther.ca\\\/de\\\/2021\\\/09\\\/growing-some-good-ihr-gemeinschaftsgarten-auf-unseren-superior-av-hochbeeten-nehmen-sie-frisches-gemuese-mit\\\/#primaryimage\"},\"image\":{\"@id\":\"https:\\\/\\\/martinluther.ca\\\/de\\\/2021\\\/09\\\/growing-some-good-ihr-gemeinschaftsgarten-auf-unseren-superior-av-hochbeeten-nehmen-sie-frisches-gemuese-mit\\\/#primaryimage\"},\"thumbnailUrl\":\"https:\\\/\\\/martinluther.ca\\\/wp-content\\\/uploads\\\/2021\\\/08\\\/2021-08-13-Summer-Students-at-Community-Garden-website.jpeg\",\"datePublished\":\"2021-09-07T22:36:38+00:00\",\"dateModified\":\"2021-09-09T21:22:59+00:00\",\"breadcrumb\":{\"@id\":\"https:\\\/\\\/martinluther.ca\\\/de\\\/2021\\\/09\\\/growing-some-good-ihr-gemeinschaftsgarten-auf-unseren-superior-av-hochbeeten-nehmen-sie-frisches-gemuese-mit\\\/#breadcrumb\"},\"inLanguage\":\"de\",\"potentialAction\":[{\"@type\":\"ReadAction\",\"target\":[\"https:\\\/\\\/martinluther.ca\\\/de\\\/2021\\\/09\\\/growing-some-good-ihr-gemeinschaftsgarten-auf-unseren-superior-av-hochbeeten-nehmen-sie-frisches-gemuese-mit\\\/\"]}]},{\"@type\":\"ImageObject\",\"inLanguage\":\"de\",\"@id\":\"https:\\\/\\\/martinluther.ca\\\/de\\\/2021\\\/09\\\/growing-some-good-ihr-gemeinschaftsgarten-auf-unseren-superior-av-hochbeeten-nehmen-sie-frisches-gemuese-mit\\\/#primaryimage\",\"url\":\"https:\\\/\\\/martinluther.ca\\\/wp-content\\\/uploads\\\/2021\\\/08\\\/2021-08-13-Summer-Students-at-Community-Garden-website.jpeg\",\"contentUrl\":\"https:\\\/\\\/martinluther.ca\\\/wp-content\\\/uploads\\\/2021\\\/08\\\/2021-08-13-Summer-Students-at-Community-Garden-website.jpeg\",\"width\":897,\"height\":673},{\"@type\":\"BreadcrumbList\",\"@id\":\"https:\\\/\\\/martinluther.ca\\\/de\\\/2021\\\/09\\\/growing-some-good-ihr-gemeinschaftsgarten-auf-unseren-superior-av-hochbeeten-nehmen-sie-frisches-gemuese-mit\\\/#breadcrumb\",\"itemListElement\":[{\"@type\":\"ListItem\",\"position\":1,\"name\":\"Home\",\"item\":\"https:\\\/\\\/martinluther.ca\\\/de\\\/\"},{\"@type\":\"ListItem\",\"position\":2,\"name\":\"&#8222;Growing Some Good&#8220; Ihr Gemeinschaftsgarten auf unseren Superior Av Hochbeeten &#8211; nehmen Sie frisches Gem\u00fcse mit\"}]},{\"@type\":\"WebSite\",\"@id\":\"https:\\\/\\\/martinluther.ca\\\/de\\\/#website\",\"url\":\"https:\\\/\\\/martinluther.ca\\\/de\\\/\",\"name\":\"Martin Luther Evangelical Church Toronto\",\"description\":\"Deutsch &amp; Englisch\",\"publisher\":{\"@id\":\"https:\\\/\\\/martinluther.ca\\\/de\\\/#organization\"},\"potentialAction\":[{\"@type\":\"SearchAction\",\"target\":{\"@type\":\"EntryPoint\",\"urlTemplate\":\"https:\\\/\\\/martinluther.ca\\\/de\\\/?s={search_term_string}\"},\"query-input\":{\"@type\":\"PropertyValueSpecification\",\"valueRequired\":true,\"valueName\":\"search_term_string\"}}],\"inLanguage\":\"de\"},{\"@type\":\"Organization\",\"@id\":\"https:\\\/\\\/martinluther.ca\\\/de\\\/#organization\",\"name\":\"Martin Luther Evangelical Church Toronto\",\"url\":\"https:\\\/\\\/martinluther.ca\\\/de\\\/\",\"logo\":{\"@type\":\"ImageObject\",\"inLanguage\":\"de\",\"@id\":\"https:\\\/\\\/martinluther.ca\\\/de\\\/#\\\/schema\\\/logo\\\/image\\\/\",\"url\":\"https:\\\/\\\/martinluther.ca\\\/wp-content\\\/uploads\\\/2016\\\/12\\\/ml-logo-300.png\",\"contentUrl\":\"https:\\\/\\\/martinluther.ca\\\/wp-content\\\/uploads\\\/2016\\\/12\\\/ml-logo-300.png\",\"width\":300,\"height\":150,\"caption\":\"Martin Luther Evangelical Church Toronto\"},\"image\":{\"@id\":\"https:\\\/\\\/martinluther.ca\\\/de\\\/#\\\/schema\\\/logo\\\/image\\\/\"},\"sameAs\":[\"https:\\\/\\\/www.facebook.com\\\/martinlutherchurchtoronto\",\"https:\\\/\\\/www.instagram.com\\\/lutheransbythelake\\\/\",\"https:\\\/\\\/www.youtube.com\\\/MartinLutherChurchToronto\"]},{\"@type\":\"Person\",\"@id\":\"https:\\\/\\\/martinluther.ca\\\/de\\\/#\\\/schema\\\/person\\\/ef4e825f5d9d6fd740bbd7813710e15d\",\"name\":\"Marlena Muller\",\"image\":{\"@type\":\"ImageObject\",\"inLanguage\":\"de\",\"@id\":\"https:\\\/\\\/secure.gravatar.com\\\/avatar\\\/fe840ff753768b839caa2dd522d4797f19f7e22fa2da83388e0fbfc570b65a37?s=96&d=mm&r=g\",\"url\":\"https:\\\/\\\/secure.gravatar.com\\\/avatar\\\/fe840ff753768b839caa2dd522d4797f19f7e22fa2da83388e0fbfc570b65a37?s=96&d=mm&r=g\",\"contentUrl\":\"https:\\\/\\\/secure.gravatar.com\\\/avatar\\\/fe840ff753768b839caa2dd522d4797f19f7e22fa2da83388e0fbfc570b65a37?s=96&d=mm&r=g\",\"caption\":\"Marlena Muller\"},\"url\":false}]}<\/script>\n<!-- \/ Yoast SEO plugin. -->","yoast_head_json":{"title":"\"Growing Some Good\" Ihr Gemeinschaftsgarten auf unseren Superior Av Hochbeeten - nehmen Sie frisches Gem\u00fcse mit - Martin Luther Evangelische Kirche Toronto","robots":{"index":"index","follow":"follow","max-snippet":"max-snippet:-1","max-image-preview":"max-image-preview:large","max-video-preview":"max-video-preview:-1"},"canonical":"https:\/\/martinluther.ca\/de\/2021\/09\/growing-some-good-ihr-gemeinschaftsgarten-auf-unseren-superior-av-hochbeeten-nehmen-sie-frisches-gemuese-mit\/","og_locale":"de_DE","og_type":"article","og_title":"\"Growing Some Good\" Ihr Gemeinschaftsgarten auf unseren Superior Av Hochbeeten - nehmen Sie frisches Gem\u00fcse mit - Martin Luther Evangelische Kirche Toronto","og_description":"In Ihrem ,,Nachbarschaftsgarten\u201d bei Superior Av Hochbeeten finden Sie eine Anzahl Kr\u00e4uter und Gem\u00fcse. Es gibt dort allerlei Pflanzen wie zum Beispiel rote Beete, Tomaten, Mangold, Rucola, Kamille, Gr\u00fcnkohl, Schnittlauch, Minze, Zitronenkraut, Mohrr\u00fcben, Studentenblumen und Pfefferschoten. Wir haben auch Brokkoli und Spinat gepflanzt, aber ohne Erfolg. Der Nachbarschaftsgarten wurde im Juli 2021 angefangen. Den Samen&hellip;","og_url":"https:\/\/martinluther.ca\/de\/2021\/09\/growing-some-good-ihr-gemeinschaftsgarten-auf-unseren-superior-av-hochbeeten-nehmen-sie-frisches-gemuese-mit\/","og_site_name":"Martin Luther Evangelische Kirche Toronto","article_publisher":"https:\/\/www.facebook.com\/martinlutherchurchtoronto","article_published_time":"2021-09-07T22:36:38+00:00","article_modified_time":"2021-09-09T21:22:59+00:00","og_image":[{"width":897,"height":673,"url":"https:\/\/martinluther.ca\/wp-content\/uploads\/2021\/08\/2021-08-13-Summer-Students-at-Community-Garden-website.jpeg","type":"image\/jpeg"}],"author":"Marlena Muller","twitter_card":"summary_large_image","twitter_misc":{"Verfasst von":"Marlena Muller","Gesch\u00e4tzte Lesezeit":"3\u00a0Minuten"},"schema":{"@context":"https:\/\/schema.org","@graph":[{"@type":"Article","@id":"https:\/\/martinluther.ca\/de\/2021\/09\/growing-some-good-ihr-gemeinschaftsgarten-auf-unseren-superior-av-hochbeeten-nehmen-sie-frisches-gemuese-mit\/#article","isPartOf":{"@id":"https:\/\/martinluther.ca\/de\/2021\/09\/growing-some-good-ihr-gemeinschaftsgarten-auf-unseren-superior-av-hochbeeten-nehmen-sie-frisches-gemuese-mit\/"},"author":{"name":"Marlena Muller","@id":"https:\/\/martinluther.ca\/de\/#\/schema\/person\/ef4e825f5d9d6fd740bbd7813710e15d"},"headline":"&#8222;Growing Some Good&#8220; Ihr Gemeinschaftsgarten auf unseren Superior Av Hochbeeten &#8211; nehmen Sie frisches Gem\u00fcse mit","datePublished":"2021-09-07T22:36:38+00:00","dateModified":"2021-09-09T21:22:59+00:00","mainEntityOfPage":{"@id":"https:\/\/martinluther.ca\/de\/2021\/09\/growing-some-good-ihr-gemeinschaftsgarten-auf-unseren-superior-av-hochbeeten-nehmen-sie-frisches-gemuese-mit\/"},"wordCount":382,"publisher":{"@id":"https:\/\/martinluther.ca\/de\/#organization"},"image":{"@id":"https:\/\/martinluther.ca\/de\/2021\/09\/growing-some-good-ihr-gemeinschaftsgarten-auf-unseren-superior-av-hochbeeten-nehmen-sie-frisches-gemuese-mit\/#primaryimage"},"thumbnailUrl":"https:\/\/martinluther.ca\/wp-content\/uploads\/2021\/08\/2021-08-13-Summer-Students-at-Community-Garden-website.jpeg","articleSection":["News Blog - German"],"inLanguage":"de"},{"@type":"WebPage","@id":"https:\/\/martinluther.ca\/de\/2021\/09\/growing-some-good-ihr-gemeinschaftsgarten-auf-unseren-superior-av-hochbeeten-nehmen-sie-frisches-gemuese-mit\/","url":"https:\/\/martinluther.ca\/de\/2021\/09\/growing-some-good-ihr-gemeinschaftsgarten-auf-unseren-superior-av-hochbeeten-nehmen-sie-frisches-gemuese-mit\/","name":"\"Growing Some Good\" Ihr Gemeinschaftsgarten auf unseren Superior Av Hochbeeten - nehmen Sie frisches Gem\u00fcse mit - Martin Luther Evangelische Kirche Toronto","isPartOf":{"@id":"https:\/\/martinluther.ca\/de\/#website"},"primaryImageOfPage":{"@id":"https:\/\/martinluther.ca\/de\/2021\/09\/growing-some-good-ihr-gemeinschaftsgarten-auf-unseren-superior-av-hochbeeten-nehmen-sie-frisches-gemuese-mit\/#primaryimage"},"image":{"@id":"https:\/\/martinluther.ca\/de\/2021\/09\/growing-some-good-ihr-gemeinschaftsgarten-auf-unseren-superior-av-hochbeeten-nehmen-sie-frisches-gemuese-mit\/#primaryimage"},"thumbnailUrl":"https:\/\/martinluther.ca\/wp-content\/uploads\/2021\/08\/2021-08-13-Summer-Students-at-Community-Garden-website.jpeg","datePublished":"2021-09-07T22:36:38+00:00","dateModified":"2021-09-09T21:22:59+00:00","breadcrumb":{"@id":"https:\/\/martinluther.ca\/de\/2021\/09\/growing-some-good-ihr-gemeinschaftsgarten-auf-unseren-superior-av-hochbeeten-nehmen-sie-frisches-gemuese-mit\/#breadcrumb"},"inLanguage":"de","potentialAction":[{"@type":"ReadAction","target":["https:\/\/martinluther.ca\/de\/2021\/09\/growing-some-good-ihr-gemeinschaftsgarten-auf-unseren-superior-av-hochbeeten-nehmen-sie-frisches-gemuese-mit\/"]}]},{"@type":"ImageObject","inLanguage":"de","@id":"https:\/\/martinluther.ca\/de\/2021\/09\/growing-some-good-ihr-gemeinschaftsgarten-auf-unseren-superior-av-hochbeeten-nehmen-sie-frisches-gemuese-mit\/#primaryimage","url":"https:\/\/martinluther.ca\/wp-content\/uploads\/2021\/08\/2021-08-13-Summer-Students-at-Community-Garden-website.jpeg","contentUrl":"https:\/\/martinluther.ca\/wp-content\/uploads\/2021\/08\/2021-08-13-Summer-Students-at-Community-Garden-website.jpeg","width":897,"height":673},{"@type":"BreadcrumbList","@id":"https:\/\/martinluther.ca\/de\/2021\/09\/growing-some-good-ihr-gemeinschaftsgarten-auf-unseren-superior-av-hochbeeten-nehmen-sie-frisches-gemuese-mit\/#breadcrumb","itemListElement":[{"@type":"ListItem","position":1,"name":"Home","item":"https:\/\/martinluther.ca\/de\/"},{"@type":"ListItem","position":2,"name":"&#8222;Growing Some Good&#8220; Ihr Gemeinschaftsgarten auf unseren Superior Av Hochbeeten &#8211; nehmen Sie frisches Gem\u00fcse mit"}]},{"@type":"WebSite","@id":"https:\/\/martinluther.ca\/de\/#website","url":"https:\/\/martinluther.ca\/de\/","name":"Martin Luther Evangelical Church Toronto","description":"Deutsch &amp; Englisch","publisher":{"@id":"https:\/\/martinluther.ca\/de\/#organization"},"potentialAction":[{"@type":"SearchAction","target":{"@type":"EntryPoint","urlTemplate":"https:\/\/martinluther.ca\/de\/?s={search_term_string}"},"query-input":{"@type":"PropertyValueSpecification","valueRequired":true,"valueName":"search_term_string"}}],"inLanguage":"de"},{"@type":"Organization","@id":"https:\/\/martinluther.ca\/de\/#organization","name":"Martin Luther Evangelical Church Toronto","url":"https:\/\/martinluther.ca\/de\/","logo":{"@type":"ImageObject","inLanguage":"de","@id":"https:\/\/martinluther.ca\/de\/#\/schema\/logo\/image\/","url":"https:\/\/martinluther.ca\/wp-content\/uploads\/2016\/12\/ml-logo-300.png","contentUrl":"https:\/\/martinluther.ca\/wp-content\/uploads\/2016\/12\/ml-logo-300.png","width":300,"height":150,"caption":"Martin Luther Evangelical Church Toronto"},"image":{"@id":"https:\/\/martinluther.ca\/de\/#\/schema\/logo\/image\/"},"sameAs":["https:\/\/www.facebook.com\/martinlutherchurchtoronto","https:\/\/www.instagram.com\/lutheransbythelake\/","https:\/\/www.youtube.com\/MartinLutherChurchToronto"]},{"@type":"Person","@id":"https:\/\/martinluther.ca\/de\/#\/schema\/person\/ef4e825f5d9d6fd740bbd7813710e15d","name":"Marlena Muller","image":{"@type":"ImageObject","inLanguage":"de","@id":"https:\/\/secure.gravatar.com\/avatar\/fe840ff753768b839caa2dd522d4797f19f7e22fa2da83388e0fbfc570b65a37?s=96&d=mm&r=g","url":"https:\/\/secure.gravatar.com\/avatar\/fe840ff753768b839caa2dd522d4797f19f7e22fa2da83388e0fbfc570b65a37?s=96&d=mm&r=g","contentUrl":"https:\/\/secure.gravatar.com\/avatar\/fe840ff753768b839caa2dd522d4797f19f7e22fa2da83388e0fbfc570b65a37?s=96&d=mm&r=g","caption":"Marlena Muller"},"url":false}]}},"_links":{"self":[{"href":"https:\/\/martinluther.ca\/de\/wp-json\/wp\/v2\/posts\/38818","targetHints":{"allow":["GET"]}}],"collection":[{"href":"https:\/\/martinluther.ca\/de\/wp-json\/wp\/v2\/posts"}],"about":[{"href":"https:\/\/martinluther.ca\/de\/wp-json\/wp\/v2\/types\/post"}],"author":[{"embeddable":true,"href":"https:\/\/martinluther.ca\/de\/wp-json\/wp\/v2\/users\/8"}],"replies":[{"embeddable":true,"href":"https:\/\/martinluther.ca\/de\/wp-json\/wp\/v2\/comments?post=38818"}],"version-history":[{"count":7,"href":"https:\/\/martinluther.ca\/de\/wp-json\/wp\/v2\/posts\/38818\/revisions"}],"predecessor-version":[{"id":38976,"href":"https:\/\/martinluther.ca\/de\/wp-json\/wp\/v2\/posts\/38818\/revisions\/38976"}],"wp:featuredmedia":[{"embeddable":true,"href":"https:\/\/martinluther.ca\/de\/wp-json\/wp\/v2\/media\/38809"}],"wp:attachment":[{"href":"https:\/\/martinluther.ca\/de\/wp-json\/wp\/v2\/media?parent=38818"}],"wp:term":[{"taxonomy":"category","embeddable":true,"href":"https:\/\/martinluther.ca\/de\/wp-json\/wp\/v2\/categories?post=38818"},{"taxonomy":"post_tag","embeddable":true,"href":"https:\/\/martinluther.ca\/de\/wp-json\/wp\/v2\/tags?post=38818"},{"taxonomy":"post_series","embeddable":true,"href":"https:\/\/martinluther.ca\/de\/wp-json\/wp\/v2\/post_series?post=38818"}],"curies":[{"name":"wp","href":"https:\/\/api.w.org\/{rel}","templated":true}]}}