{"id":38898,"date":"2021-09-07T03:10:30","date_gmt":"2021-09-07T07:10:30","guid":{"rendered":"https:\/\/martinluther.ca\/?p=38898"},"modified":"2021-11-25T10:26:08","modified_gmt":"2021-11-25T15:26:08","slug":"september-andacht-weiter-am-haus-gottes-bauen","status":"publish","type":"post","link":"https:\/\/martinluther.ca\/de\/2021\/09\/september-andacht-weiter-am-haus-gottes-bauen\/","title":{"rendered":"Pastorin Klappert&#8217;s September Andacht &#8211; weiter am Haus Gottes bauen"},"content":{"rendered":"<figure id=\"attachment_39901\" aria-describedby=\"caption-attachment-39901\" style=\"width: 300px\" class=\"wp-caption alignright\"><img loading=\"lazy\" decoding=\"async\" class=\"wp-image-39901 size-medium\" src=\"https:\/\/martinluther.ca\/wp-content\/uploads\/2021\/11\/2021-09-08-Pastor-Annika-and-Tims-Arrival-at-the-Parsonage-300x225.jpeg\" alt=\"2021-09-08 Pastor Annika and Tim's Arrival at the Parsonage\" width=\"300\" height=\"225\" srcset=\"https:\/\/martinluther.ca\/wp-content\/uploads\/2021\/11\/2021-09-08-Pastor-Annika-and-Tims-Arrival-at-the-Parsonage-300x225.jpeg 300w, https:\/\/martinluther.ca\/wp-content\/uploads\/2021\/11\/2021-09-08-Pastor-Annika-and-Tims-Arrival-at-the-Parsonage-768x576.jpeg 768w, https:\/\/martinluther.ca\/wp-content\/uploads\/2021\/11\/2021-09-08-Pastor-Annika-and-Tims-Arrival-at-the-Parsonage.jpeg 1024w\" sizes=\"auto, (max-width: 300px) 100vw, 300px\" \/><figcaption id=\"caption-attachment-39901\" class=\"wp-caption-text\">Pastor Annika and Tim&#8217;s Arrival at the Parsonage on Sep 8, 2021<\/figcaption><\/figure>\n<p>Ich denke daran, wie ich gut vorbereitet mit einer dicken Mappe voller Dokumente vor einem Monat erwartungsvoll am Schalter in Frankfurt am Flughafen stand \u2013 und wie frustrierend es dann war, unverrichteter Dinge wieder abziehen zu m\u00fcssen. Aufgrund der aktuellen Coronaregeln war der \u00fcbliche Weg als Pastorin einzureisen zu Canada nicht m\u00f6glich.<\/p>\n<p>\u201eIhr s\u00e4t viel und bringt wenig ein; ihr esst und werdet doch nicht satt; ihr trinkt und bleibt doch durstig; ihr kleidet euch, und keinem wird warm; und wer Geld verdient, der legt&#8217;s in einen l\u00f6chrigen Beutel. Besinnt euch auf eure Wege!\u201c Haggai 1,6<\/p>\n<p>Wie gewonnen, so zerronnen. Wenig erbaulich scheinen diese Worte des Propheten Haggai auf den ersten Blick. Aber jede*r von uns kennt wohl Situationen, in denen genau das passiert. Wenn alles menschliche Planen und Bem\u00fchen, alle Vorsorge und weitsichtige Strategie am Ende nicht belohnt wird. Ungleich dramatischer und grausamer stehen mir die Bilder rund um den Abzug der internationalen Truppen aus Afghanistan vor Augen und die Diskussion, wie sinnvoll der immense Einsatz von Ressourcen jeglicher Art der internationalen Gemeinschaft dort letztendlich gewesen ist.<\/p>\n<p><img loading=\"lazy\" decoding=\"async\" class=\"alignright size-medium wp-image-39438\" src=\"https:\/\/martinluther.ca\/wp-content\/uploads\/2021\/10\/2021-Installation-day-COmmunity-Pantry-panorama-lighter-300x157.jpg\" alt=\"2021 Installation day COmmunity Pantry panorama\" width=\"300\" height=\"157\" srcset=\"https:\/\/martinluther.ca\/wp-content\/uploads\/2021\/10\/2021-Installation-day-COmmunity-Pantry-panorama-lighter-300x157.jpg 300w, https:\/\/martinluther.ca\/wp-content\/uploads\/2021\/10\/2021-Installation-day-COmmunity-Pantry-panorama-lighter-1024x534.jpg 1024w, https:\/\/martinluther.ca\/wp-content\/uploads\/2021\/10\/2021-Installation-day-COmmunity-Pantry-panorama-lighter-768x401.jpg 768w, https:\/\/martinluther.ca\/wp-content\/uploads\/2021\/10\/2021-Installation-day-COmmunity-Pantry-panorama-lighter-1536x801.jpg 1536w, https:\/\/martinluther.ca\/wp-content\/uploads\/2021\/10\/2021-Installation-day-COmmunity-Pantry-panorama-lighter-2048x1068.jpg 2048w\" sizes=\"auto, (max-width: 300px) 100vw, 300px\" \/>Haggai zieht sein ern\u00fcchterndes Fazit im Zusammenhang mit der Wiedererrichtung des Tempels in Jerusalem. Das Volk Israel durfte nach dem Exil wieder ins Heimatland zur\u00fcckkommen und hatte sogar die Erlaubnis des Perserk\u00f6nigs bekommen, sein Heiligtum wieder aufzubauen. Aber die Menschen k\u00fcmmern sich nur um das N\u00e4chstliegende, um die Ernte, um Essen und Trinken, Kleidung und Einkommen \u2013 auch 20 Jahre nach der R\u00fcckkehr noch! So kommt es, dass der Tempel in Tr\u00fcmmern liegt.<\/p>\n<p>Deshalb sagt Haggai zu seinen Leuten: Beim N\u00e4chstliegenden d\u00fcrfen wir nicht stehen bleiben. All das ist umsonst, solange nicht auch an Gottes Haus gebaut wird. Manchmal gibt es eben Wichtigeres als den eigenen Lebensfortschritt, das K\u00fcmmern um das eigene Wohlergehen: Ein gemeinsames Ziel, f\u00fcr das es sich lohnt, einzutreten. Das erleben wir ja gerade auch in der hei\u00dfen Phase des Wahlkampfs in Deutschland und Kanada: Es geht um die Zukunft unserer Gesellschaft, unserer Welt und unserer Kinder. Da wird die Mahnung von Haggai auf einmal ganz aktuell! \u201eBesinnt euch auf eure Wege!\u201c So r\u00e4t er seinen Landsleuten.<\/p>\n<p>Und ich finde, das ist auch ein gutes Motto f\u00fcr uns in der Martin Luther Kirche, damit wir bei all unserem Planen, Tun und Lassen nicht vergessen, nach Gottes Willen zu fragen. M\u00f6ge sein Segen uns dabei leiten und helfen, einander im Blick zu behalten. Ich freue mich darauf, zusammen mit Ihnen und euch weiter am Haus Gottes zu bauen \u2013 das so viel mehr ist als ein Geb\u00e4ude! \u2013 und seine lebendigen Steine zu sein.<\/p>\n<p>Bleiben Sie gesund und Gott befohlen!<\/p>\n<p>Pastorin Annika Klappert, 3. September 2021<\/p>\n","protected":false},"excerpt":{"rendered":"<p>Ich denke daran, wie ich gut vorbereitet mit einer dicken Mappe voller Dokumente vor einem Monat erwartungsvoll am Schalter in Frankfurt am Flughafen stand \u2013 und wie frustrierend es dann war, unverrichteter Dinge wieder abziehen zu m\u00fcssen. Aufgrund der aktuellen Coronaregeln war der \u00fcbliche Weg als Pastorin einzureisen zu Canada nicht m\u00f6glich. \u201eIhr s\u00e4t viel&hellip;<\/p>\n","protected":false},"author":9,"featured_media":38980,"comment_status":"closed","ping_status":"closed","sticky":false,"template":"","format":"standard","meta":{"footnotes":""},"categories":[69],"tags":[],"post_series":[],"class_list":["post-38898","post","type-post","status-publish","format-standard","has-post-thumbnail","hentry","category-news-blog-german","entry","has-media"],"yoast_head":"<!-- This site is optimized with the Yoast SEO plugin v27.5 - https:\/\/yoast.com\/product\/yoast-seo-wordpress\/ -->\n<title>Pastorin Klappert&#039;s September Andacht - weiter am Haus Gottes bauen - Martin Luther Evangelische Kirche Toronto<\/title>\n<meta name=\"robots\" content=\"index, follow, max-snippet:-1, max-image-preview:large, max-video-preview:-1\" \/>\n<link rel=\"canonical\" href=\"https:\/\/martinluther.ca\/de\/2021\/09\/september-andacht-weiter-am-haus-gottes-bauen\/\" \/>\n<meta property=\"og:locale\" content=\"de_DE\" \/>\n<meta property=\"og:type\" content=\"article\" \/>\n<meta property=\"og:title\" content=\"Pastorin Klappert&#039;s September Andacht - weiter am Haus Gottes bauen - Martin Luther Evangelische Kirche Toronto\" \/>\n<meta property=\"og:description\" content=\"Ich denke daran, wie ich gut vorbereitet mit einer dicken Mappe voller Dokumente vor einem Monat erwartungsvoll am Schalter in Frankfurt am Flughafen stand \u2013 und wie frustrierend es dann war, unverrichteter Dinge wieder abziehen zu m\u00fcssen. Aufgrund der aktuellen Coronaregeln war der \u00fcbliche Weg als Pastorin einzureisen zu Canada nicht m\u00f6glich. \u201eIhr s\u00e4t viel&hellip;\" \/>\n<meta property=\"og:url\" content=\"https:\/\/martinluther.ca\/de\/2021\/09\/september-andacht-weiter-am-haus-gottes-bauen\/\" \/>\n<meta property=\"og:site_name\" content=\"Martin Luther Evangelische Kirche Toronto\" \/>\n<meta property=\"article:publisher\" content=\"https:\/\/www.facebook.com\/martinlutherchurchtoronto\" \/>\n<meta property=\"article:published_time\" content=\"2021-09-07T07:10:30+00:00\" \/>\n<meta property=\"article:modified_time\" content=\"2021-11-25T15:26:08+00:00\" \/>\n<meta property=\"og:image\" content=\"https:\/\/martinluther.ca\/wp-content\/uploads\/2021\/09\/IMG_0330.jpg\" \/>\n\t<meta property=\"og:image:width\" content=\"1809\" \/>\n\t<meta property=\"og:image:height\" content=\"1419\" \/>\n\t<meta property=\"og:image:type\" content=\"image\/jpeg\" \/>\n<meta name=\"author\" content=\"Mona Kakoschke Frantzke\" \/>\n<meta name=\"twitter:card\" content=\"summary_large_image\" \/>\n<meta name=\"twitter:label1\" content=\"Verfasst von\" \/>\n\t<meta name=\"twitter:data1\" content=\"Mona Kakoschke Frantzke\" \/>\n\t<meta name=\"twitter:label2\" content=\"Gesch\u00e4tzte Lesezeit\" \/>\n\t<meta name=\"twitter:data2\" content=\"3\u00a0Minuten\" \/>\n<script type=\"application\/ld+json\" class=\"yoast-schema-graph\">{\"@context\":\"https:\\\/\\\/schema.org\",\"@graph\":[{\"@type\":\"Article\",\"@id\":\"https:\\\/\\\/martinluther.ca\\\/de\\\/2021\\\/09\\\/september-andacht-weiter-am-haus-gottes-bauen\\\/#article\",\"isPartOf\":{\"@id\":\"https:\\\/\\\/martinluther.ca\\\/de\\\/2021\\\/09\\\/september-andacht-weiter-am-haus-gottes-bauen\\\/\"},\"author\":{\"name\":\"Mona Kakoschke Frantzke\",\"@id\":\"https:\\\/\\\/martinluther.ca\\\/de\\\/#\\\/schema\\\/person\\\/815c51710f70b050f0476f18da6b0c8f\"},\"headline\":\"Pastorin Klappert&#8217;s September Andacht &#8211; weiter am Haus Gottes bauen\",\"datePublished\":\"2021-09-07T07:10:30+00:00\",\"dateModified\":\"2021-11-25T15:26:08+00:00\",\"mainEntityOfPage\":{\"@id\":\"https:\\\/\\\/martinluther.ca\\\/de\\\/2021\\\/09\\\/september-andacht-weiter-am-haus-gottes-bauen\\\/\"},\"wordCount\":480,\"publisher\":{\"@id\":\"https:\\\/\\\/martinluther.ca\\\/de\\\/#organization\"},\"image\":{\"@id\":\"https:\\\/\\\/martinluther.ca\\\/de\\\/2021\\\/09\\\/september-andacht-weiter-am-haus-gottes-bauen\\\/#primaryimage\"},\"thumbnailUrl\":\"https:\\\/\\\/martinluther.ca\\\/wp-content\\\/uploads\\\/2021\\\/09\\\/IMG_0330.jpg\",\"articleSection\":[\"News Blog - German\"],\"inLanguage\":\"de\"},{\"@type\":\"WebPage\",\"@id\":\"https:\\\/\\\/martinluther.ca\\\/de\\\/2021\\\/09\\\/september-andacht-weiter-am-haus-gottes-bauen\\\/\",\"url\":\"https:\\\/\\\/martinluther.ca\\\/de\\\/2021\\\/09\\\/september-andacht-weiter-am-haus-gottes-bauen\\\/\",\"name\":\"Pastorin Klappert's September Andacht - weiter am Haus Gottes bauen - Martin Luther Evangelische Kirche Toronto\",\"isPartOf\":{\"@id\":\"https:\\\/\\\/martinluther.ca\\\/de\\\/#website\"},\"primaryImageOfPage\":{\"@id\":\"https:\\\/\\\/martinluther.ca\\\/de\\\/2021\\\/09\\\/september-andacht-weiter-am-haus-gottes-bauen\\\/#primaryimage\"},\"image\":{\"@id\":\"https:\\\/\\\/martinluther.ca\\\/de\\\/2021\\\/09\\\/september-andacht-weiter-am-haus-gottes-bauen\\\/#primaryimage\"},\"thumbnailUrl\":\"https:\\\/\\\/martinluther.ca\\\/wp-content\\\/uploads\\\/2021\\\/09\\\/IMG_0330.jpg\",\"datePublished\":\"2021-09-07T07:10:30+00:00\",\"dateModified\":\"2021-11-25T15:26:08+00:00\",\"breadcrumb\":{\"@id\":\"https:\\\/\\\/martinluther.ca\\\/de\\\/2021\\\/09\\\/september-andacht-weiter-am-haus-gottes-bauen\\\/#breadcrumb\"},\"inLanguage\":\"de\",\"potentialAction\":[{\"@type\":\"ReadAction\",\"target\":[\"https:\\\/\\\/martinluther.ca\\\/de\\\/2021\\\/09\\\/september-andacht-weiter-am-haus-gottes-bauen\\\/\"]}]},{\"@type\":\"ImageObject\",\"inLanguage\":\"de\",\"@id\":\"https:\\\/\\\/martinluther.ca\\\/de\\\/2021\\\/09\\\/september-andacht-weiter-am-haus-gottes-bauen\\\/#primaryimage\",\"url\":\"https:\\\/\\\/martinluther.ca\\\/wp-content\\\/uploads\\\/2021\\\/09\\\/IMG_0330.jpg\",\"contentUrl\":\"https:\\\/\\\/martinluther.ca\\\/wp-content\\\/uploads\\\/2021\\\/09\\\/IMG_0330.jpg\",\"width\":1809,\"height\":1419,\"caption\":\"2021 Lego Church photo for blog\"},{\"@type\":\"BreadcrumbList\",\"@id\":\"https:\\\/\\\/martinluther.ca\\\/de\\\/2021\\\/09\\\/september-andacht-weiter-am-haus-gottes-bauen\\\/#breadcrumb\",\"itemListElement\":[{\"@type\":\"ListItem\",\"position\":1,\"name\":\"Home\",\"item\":\"https:\\\/\\\/martinluther.ca\\\/de\\\/\"},{\"@type\":\"ListItem\",\"position\":2,\"name\":\"Pastorin Klappert&#8217;s September Andacht &#8211; weiter am Haus Gottes bauen\"}]},{\"@type\":\"WebSite\",\"@id\":\"https:\\\/\\\/martinluther.ca\\\/de\\\/#website\",\"url\":\"https:\\\/\\\/martinluther.ca\\\/de\\\/\",\"name\":\"Martin Luther Evangelical Church Toronto\",\"description\":\"Deutsch &amp; Englisch\",\"publisher\":{\"@id\":\"https:\\\/\\\/martinluther.ca\\\/de\\\/#organization\"},\"potentialAction\":[{\"@type\":\"SearchAction\",\"target\":{\"@type\":\"EntryPoint\",\"urlTemplate\":\"https:\\\/\\\/martinluther.ca\\\/de\\\/?s={search_term_string}\"},\"query-input\":{\"@type\":\"PropertyValueSpecification\",\"valueRequired\":true,\"valueName\":\"search_term_string\"}}],\"inLanguage\":\"de\"},{\"@type\":\"Organization\",\"@id\":\"https:\\\/\\\/martinluther.ca\\\/de\\\/#organization\",\"name\":\"Martin Luther Evangelical Church Toronto\",\"url\":\"https:\\\/\\\/martinluther.ca\\\/de\\\/\",\"logo\":{\"@type\":\"ImageObject\",\"inLanguage\":\"de\",\"@id\":\"https:\\\/\\\/martinluther.ca\\\/de\\\/#\\\/schema\\\/logo\\\/image\\\/\",\"url\":\"https:\\\/\\\/martinluther.ca\\\/wp-content\\\/uploads\\\/2016\\\/12\\\/ml-logo-300.png\",\"contentUrl\":\"https:\\\/\\\/martinluther.ca\\\/wp-content\\\/uploads\\\/2016\\\/12\\\/ml-logo-300.png\",\"width\":300,\"height\":150,\"caption\":\"Martin Luther Evangelical Church Toronto\"},\"image\":{\"@id\":\"https:\\\/\\\/martinluther.ca\\\/de\\\/#\\\/schema\\\/logo\\\/image\\\/\"},\"sameAs\":[\"https:\\\/\\\/www.facebook.com\\\/martinlutherchurchtoronto\",\"https:\\\/\\\/www.instagram.com\\\/lutheransbythelake\\\/\",\"https:\\\/\\\/www.youtube.com\\\/MartinLutherChurchToronto\"]},{\"@type\":\"Person\",\"@id\":\"https:\\\/\\\/martinluther.ca\\\/de\\\/#\\\/schema\\\/person\\\/815c51710f70b050f0476f18da6b0c8f\",\"name\":\"Mona Kakoschke Frantzke\",\"image\":{\"@type\":\"ImageObject\",\"inLanguage\":\"de\",\"@id\":\"https:\\\/\\\/secure.gravatar.com\\\/avatar\\\/0deb16854ca545cd2e9fc8001ca110d262b80d5c8317b38dc542265fbea0ed19?s=96&d=mm&r=g\",\"url\":\"https:\\\/\\\/secure.gravatar.com\\\/avatar\\\/0deb16854ca545cd2e9fc8001ca110d262b80d5c8317b38dc542265fbea0ed19?s=96&d=mm&r=g\",\"contentUrl\":\"https:\\\/\\\/secure.gravatar.com\\\/avatar\\\/0deb16854ca545cd2e9fc8001ca110d262b80d5c8317b38dc542265fbea0ed19?s=96&d=mm&r=g\",\"caption\":\"Mona Kakoschke Frantzke\"},\"url\":false}]}<\/script>\n<!-- \/ Yoast SEO plugin. -->","yoast_head_json":{"title":"Pastorin Klappert's September Andacht - weiter am Haus Gottes bauen - Martin Luther Evangelische Kirche Toronto","robots":{"index":"index","follow":"follow","max-snippet":"max-snippet:-1","max-image-preview":"max-image-preview:large","max-video-preview":"max-video-preview:-1"},"canonical":"https:\/\/martinluther.ca\/de\/2021\/09\/september-andacht-weiter-am-haus-gottes-bauen\/","og_locale":"de_DE","og_type":"article","og_title":"Pastorin Klappert's September Andacht - weiter am Haus Gottes bauen - Martin Luther Evangelische Kirche Toronto","og_description":"Ich denke daran, wie ich gut vorbereitet mit einer dicken Mappe voller Dokumente vor einem Monat erwartungsvoll am Schalter in Frankfurt am Flughafen stand \u2013 und wie frustrierend es dann war, unverrichteter Dinge wieder abziehen zu m\u00fcssen. Aufgrund der aktuellen Coronaregeln war der \u00fcbliche Weg als Pastorin einzureisen zu Canada nicht m\u00f6glich. \u201eIhr s\u00e4t viel&hellip;","og_url":"https:\/\/martinluther.ca\/de\/2021\/09\/september-andacht-weiter-am-haus-gottes-bauen\/","og_site_name":"Martin Luther Evangelische Kirche Toronto","article_publisher":"https:\/\/www.facebook.com\/martinlutherchurchtoronto","article_published_time":"2021-09-07T07:10:30+00:00","article_modified_time":"2021-11-25T15:26:08+00:00","og_image":[{"width":1809,"height":1419,"url":"https:\/\/martinluther.ca\/wp-content\/uploads\/2021\/09\/IMG_0330.jpg","type":"image\/jpeg"}],"author":"Mona Kakoschke Frantzke","twitter_card":"summary_large_image","twitter_misc":{"Verfasst von":"Mona Kakoschke Frantzke","Gesch\u00e4tzte Lesezeit":"3\u00a0Minuten"},"schema":{"@context":"https:\/\/schema.org","@graph":[{"@type":"Article","@id":"https:\/\/martinluther.ca\/de\/2021\/09\/september-andacht-weiter-am-haus-gottes-bauen\/#article","isPartOf":{"@id":"https:\/\/martinluther.ca\/de\/2021\/09\/september-andacht-weiter-am-haus-gottes-bauen\/"},"author":{"name":"Mona Kakoschke Frantzke","@id":"https:\/\/martinluther.ca\/de\/#\/schema\/person\/815c51710f70b050f0476f18da6b0c8f"},"headline":"Pastorin Klappert&#8217;s September Andacht &#8211; weiter am Haus Gottes bauen","datePublished":"2021-09-07T07:10:30+00:00","dateModified":"2021-11-25T15:26:08+00:00","mainEntityOfPage":{"@id":"https:\/\/martinluther.ca\/de\/2021\/09\/september-andacht-weiter-am-haus-gottes-bauen\/"},"wordCount":480,"publisher":{"@id":"https:\/\/martinluther.ca\/de\/#organization"},"image":{"@id":"https:\/\/martinluther.ca\/de\/2021\/09\/september-andacht-weiter-am-haus-gottes-bauen\/#primaryimage"},"thumbnailUrl":"https:\/\/martinluther.ca\/wp-content\/uploads\/2021\/09\/IMG_0330.jpg","articleSection":["News Blog - German"],"inLanguage":"de"},{"@type":"WebPage","@id":"https:\/\/martinluther.ca\/de\/2021\/09\/september-andacht-weiter-am-haus-gottes-bauen\/","url":"https:\/\/martinluther.ca\/de\/2021\/09\/september-andacht-weiter-am-haus-gottes-bauen\/","name":"Pastorin Klappert's September Andacht - weiter am Haus Gottes bauen - Martin Luther Evangelische Kirche Toronto","isPartOf":{"@id":"https:\/\/martinluther.ca\/de\/#website"},"primaryImageOfPage":{"@id":"https:\/\/martinluther.ca\/de\/2021\/09\/september-andacht-weiter-am-haus-gottes-bauen\/#primaryimage"},"image":{"@id":"https:\/\/martinluther.ca\/de\/2021\/09\/september-andacht-weiter-am-haus-gottes-bauen\/#primaryimage"},"thumbnailUrl":"https:\/\/martinluther.ca\/wp-content\/uploads\/2021\/09\/IMG_0330.jpg","datePublished":"2021-09-07T07:10:30+00:00","dateModified":"2021-11-25T15:26:08+00:00","breadcrumb":{"@id":"https:\/\/martinluther.ca\/de\/2021\/09\/september-andacht-weiter-am-haus-gottes-bauen\/#breadcrumb"},"inLanguage":"de","potentialAction":[{"@type":"ReadAction","target":["https:\/\/martinluther.ca\/de\/2021\/09\/september-andacht-weiter-am-haus-gottes-bauen\/"]}]},{"@type":"ImageObject","inLanguage":"de","@id":"https:\/\/martinluther.ca\/de\/2021\/09\/september-andacht-weiter-am-haus-gottes-bauen\/#primaryimage","url":"https:\/\/martinluther.ca\/wp-content\/uploads\/2021\/09\/IMG_0330.jpg","contentUrl":"https:\/\/martinluther.ca\/wp-content\/uploads\/2021\/09\/IMG_0330.jpg","width":1809,"height":1419,"caption":"2021 Lego Church photo for blog"},{"@type":"BreadcrumbList","@id":"https:\/\/martinluther.ca\/de\/2021\/09\/september-andacht-weiter-am-haus-gottes-bauen\/#breadcrumb","itemListElement":[{"@type":"ListItem","position":1,"name":"Home","item":"https:\/\/martinluther.ca\/de\/"},{"@type":"ListItem","position":2,"name":"Pastorin Klappert&#8217;s September Andacht &#8211; weiter am Haus Gottes bauen"}]},{"@type":"WebSite","@id":"https:\/\/martinluther.ca\/de\/#website","url":"https:\/\/martinluther.ca\/de\/","name":"Martin Luther Evangelical Church Toronto","description":"Deutsch &amp; Englisch","publisher":{"@id":"https:\/\/martinluther.ca\/de\/#organization"},"potentialAction":[{"@type":"SearchAction","target":{"@type":"EntryPoint","urlTemplate":"https:\/\/martinluther.ca\/de\/?s={search_term_string}"},"query-input":{"@type":"PropertyValueSpecification","valueRequired":true,"valueName":"search_term_string"}}],"inLanguage":"de"},{"@type":"Organization","@id":"https:\/\/martinluther.ca\/de\/#organization","name":"Martin Luther Evangelical Church Toronto","url":"https:\/\/martinluther.ca\/de\/","logo":{"@type":"ImageObject","inLanguage":"de","@id":"https:\/\/martinluther.ca\/de\/#\/schema\/logo\/image\/","url":"https:\/\/martinluther.ca\/wp-content\/uploads\/2016\/12\/ml-logo-300.png","contentUrl":"https:\/\/martinluther.ca\/wp-content\/uploads\/2016\/12\/ml-logo-300.png","width":300,"height":150,"caption":"Martin Luther Evangelical Church Toronto"},"image":{"@id":"https:\/\/martinluther.ca\/de\/#\/schema\/logo\/image\/"},"sameAs":["https:\/\/www.facebook.com\/martinlutherchurchtoronto","https:\/\/www.instagram.com\/lutheransbythelake\/","https:\/\/www.youtube.com\/MartinLutherChurchToronto"]},{"@type":"Person","@id":"https:\/\/martinluther.ca\/de\/#\/schema\/person\/815c51710f70b050f0476f18da6b0c8f","name":"Mona Kakoschke Frantzke","image":{"@type":"ImageObject","inLanguage":"de","@id":"https:\/\/secure.gravatar.com\/avatar\/0deb16854ca545cd2e9fc8001ca110d262b80d5c8317b38dc542265fbea0ed19?s=96&d=mm&r=g","url":"https:\/\/secure.gravatar.com\/avatar\/0deb16854ca545cd2e9fc8001ca110d262b80d5c8317b38dc542265fbea0ed19?s=96&d=mm&r=g","contentUrl":"https:\/\/secure.gravatar.com\/avatar\/0deb16854ca545cd2e9fc8001ca110d262b80d5c8317b38dc542265fbea0ed19?s=96&d=mm&r=g","caption":"Mona Kakoschke Frantzke"},"url":false}]}},"_links":{"self":[{"href":"https:\/\/martinluther.ca\/de\/wp-json\/wp\/v2\/posts\/38898","targetHints":{"allow":["GET"]}}],"collection":[{"href":"https:\/\/martinluther.ca\/de\/wp-json\/wp\/v2\/posts"}],"about":[{"href":"https:\/\/martinluther.ca\/de\/wp-json\/wp\/v2\/types\/post"}],"author":[{"embeddable":true,"href":"https:\/\/martinluther.ca\/de\/wp-json\/wp\/v2\/users\/9"}],"replies":[{"embeddable":true,"href":"https:\/\/martinluther.ca\/de\/wp-json\/wp\/v2\/comments?post=38898"}],"version-history":[{"count":9,"href":"https:\/\/martinluther.ca\/de\/wp-json\/wp\/v2\/posts\/38898\/revisions"}],"predecessor-version":[{"id":39904,"href":"https:\/\/martinluther.ca\/de\/wp-json\/wp\/v2\/posts\/38898\/revisions\/39904"}],"wp:featuredmedia":[{"embeddable":true,"href":"https:\/\/martinluther.ca\/de\/wp-json\/wp\/v2\/media\/38980"}],"wp:attachment":[{"href":"https:\/\/martinluther.ca\/de\/wp-json\/wp\/v2\/media?parent=38898"}],"wp:term":[{"taxonomy":"category","embeddable":true,"href":"https:\/\/martinluther.ca\/de\/wp-json\/wp\/v2\/categories?post=38898"},{"taxonomy":"post_tag","embeddable":true,"href":"https:\/\/martinluther.ca\/de\/wp-json\/wp\/v2\/tags?post=38898"},{"taxonomy":"post_series","embeddable":true,"href":"https:\/\/martinluther.ca\/de\/wp-json\/wp\/v2\/post_series?post=38898"}],"curies":[{"name":"wp","href":"https:\/\/api.w.org\/{rel}","templated":true}]}}