{"id":38905,"date":"2021-09-07T02:21:57","date_gmt":"2021-09-07T06:21:57","guid":{"rendered":"https:\/\/martinluther.ca\/?p=38905"},"modified":"2021-09-18T13:02:02","modified_gmt":"2021-09-18T17:02:02","slug":"wir-beten-fuer-die-wiederer%d3%a7ffnung-und-pastorin-klapperts-sichere-ankunft","status":"publish","type":"post","link":"https:\/\/martinluther.ca\/de\/2021\/09\/wir-beten-fuer-die-wiederer%d3%a7ffnung-und-pastorin-klapperts-sichere-ankunft\/","title":{"rendered":"Wir beten f\u00fcr die Wiederer\u04e7ffnung und Pastorin Klapperts sichere Ankunft -Nachricht von Iris, Pr\u00e4sidentin des Kirchenvorstands"},"content":{"rendered":"<p><img loading=\"lazy\" decoding=\"async\" class=\"alignright size-medium wp-image-38902\" src=\"https:\/\/martinluther.ca\/wp-content\/uploads\/2021\/09\/2021-Pray-for-open-doors-and-arrival-02-300x169.jpg\" alt=\"2021 Sept church open doors \" width=\"300\" height=\"169\" srcset=\"https:\/\/martinluther.ca\/wp-content\/uploads\/2021\/09\/2021-Pray-for-open-doors-and-arrival-02-300x169.jpg 300w, https:\/\/martinluther.ca\/wp-content\/uploads\/2021\/09\/2021-Pray-for-open-doors-and-arrival-02-1024x576.jpg 1024w, https:\/\/martinluther.ca\/wp-content\/uploads\/2021\/09\/2021-Pray-for-open-doors-and-arrival-02-768x432.jpg 768w, https:\/\/martinluther.ca\/wp-content\/uploads\/2021\/09\/2021-Pray-for-open-doors-and-arrival-02.jpg 1280w\" sizes=\"auto, (max-width: 300px) 100vw, 300px\" \/>Halleluja! Ein wahrhaftiges Halleluja! &#8230; wir haben Grund zum Feiern! Der Visumsantrag f\u00fcr Pastorin Annika Klappert und ihren Ehemann Tim war erfolgreich. Sie werden mit dem ersten verf\u00fcgbaren Flug ankommen, am 8. September 2021.<\/p>\n<p>Dies ist das gro\u00dfe H\u00e4kchen auf unserer To-do-Liste. Wir k\u00e4mpfen uns immer noch durch unsere Umleitung, und das nicht wegen der Komplexit\u00e4t der f\u00fcr den 12. September 2021 geplanten Wiederer\u00f6ffnung in Covid-Zeiten. Es geht vielmehr um die Unsicherheit bei jedem Versuch der Normalit\u00e4t. Normalit\u00e4t, wie in unsere Kirche f\u00fcr einen wunderbar vorbereiteten Gottesdienst zu kommen, hinterher Zeit bei sch\u00f6n pr\u00e4sentiertem Kaffee und Kuchen zu verbringen und dann nach Hause zu gehen, erf\u00fcllt mit dem Geist Gottes, um Gottes Werk in dieser Welt tun zu k\u00f6nnen \u2013 all das ist jetzt so kompliziert geworden. Jeder Schritt muss genau \u00fcberlegt und dann wieder neu bedacht werden, und sogar, nachdem wir klare Richtlinien bestimmt haben, leben wir noch immer in der Unsicherheit der Covid-Zeit. Alles kann sich von einem Augenblick zum andern \u00e4ndern, und alle Pl\u00e4ne m\u00fcssen dann f\u00fcr eine weitere Umleitung ge\u00e4ndert werden.<\/p>\n<p>Es hat sich so ergeben, dass das Leben f\u00fcr meine Familie in den letzten Tagen auch unsicherer geworden ist, weil wir Normalit\u00e4t betrieben haben. Ein sehr guter Freund hatte einen Unfall, kam ins Krankenhaus und wurde operiert. Als wir ihm aushalfen, wurden wir Covid-19 ausgesetzt und aufgefordert, uns in Quarant\u00e4ne zu begeben. Punkt! Alle Pl\u00e4ne sind abgesagt und der Situation entsprechend ge\u00e4ndert. Und dennoch planen wir getreu innerhalb unserer Unsicherheit.<\/p>\n<p>Wir wollen uns darauf vorbereiten, unsere T\u00fcren mit Geduld und Liebe zu \u00f6ffnen, und uns gegenseitig in der Unsicherheit dieser Covid-Zeiten zu unterst\u00fctzen. Wir werden vertrauten und unvertrauten Elementen begegnen, w\u00e4hrend wir an den Sonntagsgottesdiensten teilnehmen.<\/p>\n<p>Die Eingangst\u00fcren werden weit ge\u00f6ffnet sein \u2013 und im Eingang wird sich ein Tisch befinden, an dem Sie Screening-Fragen beantworten.<\/p>\n<p>Sie werden bekannte Gesichter sehen \u2013 die Masken tragen.<\/p>\n<p>Sie werden Orgelmusik h\u00f6ren \u2013 aber es wird keinen gemeinsamen Gesang geben.<\/p>\n<p>Was unver\u00e4ndert bleibt, ist unser Vertrauen in Gott, den Sch\u00f6pfer, und unser Glaube, wenn wir ,,singen\u201d, beten, und Gott loben, wie David es im 69. Psalm mitten in seiner Verzweiflung tat: ,,Ich aber bete zu dir, Herr, zur Zeit der Gnade; Gott, nach deiner gro\u00dfen G\u00fcte erh\u00f6re mich mit deiner treuen Hilfe. Errette mich aus dem Schlamm, dass ich nicht versinke.\u201d<\/p>\n<p>Genauso, wie Davids Klage sich von Trauer und Verzweiflung zu Dankbarkeit und Lob verwandelt, werden auch wir handeln.<\/p>\n<p>Ich lade Sie ein, die Ankunft unserer neuen Pastorin, das \u00d6ffnen der Kirchent\u00fcren, und das gegenseitige Helfen in der Unsicherheit von Covid miteinander zu feiern.<\/p>\n<p>Iris Schweiger, Pr\u00e4sidentin des Kirchenvorstands, 3. September 2021<\/p>\n<p><strong>Vorl\u00e4ufiger Wiederer\u00f6ffnungsplan<\/strong><\/p>\n<p>Sonntag, 12. September 2021, 16. Sonntag nach Pfingsten:<br \/>\n11:00 Uhr zweisprachiger Gottesdienst in der Kirche<\/p>\n<p>Sonntag, 19. September 2021, 17. Sonntag nach Pfingsten:<br \/>\n11:00 Uhr deutscher Gottesdienst in der Kirche<\/p>\n<p>Sonntag, 26. September 2021, 18. Sonntag nach Pfingsten:<br \/>\n11:00 Uhr zweisprachiger Gottesdienst in der Kirche mit Begr\u00fc\u00dfung der Konfirmanden<\/p>\n<p>Sie sind eingeladen, die Gottesdienste zu besuchen, wenn Sie sich gesund f\u00fchlen und f\u00fcr den Gottesdienstbesuch bereit sind. Eine Anmeldung ist nicht Pflicht, aber wir wissen sie zu sch\u00e4tzen, weil sie die Kontaktverfolgungen erleichtert. Bitte rufen Sie dazu das Kirchenb\u00fcro an oder melden Sie sich online \u00fcber Eventbrite an. Wir werden weiterhin Predigten auf YouTube ausstrahlen, um jederzeit und \u00fcberall Menschen zu erreichen. Wir werden die sonnt\u00e4glichen Zoom-Kaffeestunden nicht l\u00e4nger anbieten.<\/p>\n","protected":false},"excerpt":{"rendered":"<p>Halleluja! Ein wahrhaftiges Halleluja! &#8230; wir haben Grund zum Feiern! Der Visumsantrag f\u00fcr Pastorin Annika Klappert und ihren Ehemann Tim war erfolgreich. Sie werden mit dem ersten verf\u00fcgbaren Flug ankommen, am 8. September 2021. Dies ist das gro\u00dfe H\u00e4kchen auf unserer To-do-Liste. Wir k\u00e4mpfen uns immer noch durch unsere Umleitung, und das nicht wegen der&hellip;<\/p>\n","protected":false},"author":9,"featured_media":38902,"comment_status":"closed","ping_status":"closed","sticky":false,"template":"","format":"standard","meta":{"footnotes":""},"categories":[69],"tags":[],"post_series":[],"class_list":["post-38905","post","type-post","status-publish","format-standard","has-post-thumbnail","hentry","category-news-blog-german","entry","has-media"],"yoast_head":"<!-- This site is optimized with the Yoast SEO plugin v27.5 - https:\/\/yoast.com\/product\/yoast-seo-wordpress\/ -->\n<title>Wir beten f\u00fcr die Wiederer\u04e7ffnung und Pastorin Klapperts sichere Ankunft -Nachricht von Iris, Pr\u00e4sidentin des Kirchenvorstands - Martin Luther Evangelische Kirche Toronto<\/title>\n<meta name=\"robots\" content=\"index, follow, max-snippet:-1, max-image-preview:large, max-video-preview:-1\" \/>\n<link rel=\"canonical\" href=\"https:\/\/martinluther.ca\/de\/2021\/09\/wir-beten-fuer-die-wiederer\u04e7ffnung-und-pastorin-klapperts-sichere-ankunft\/\" \/>\n<meta property=\"og:locale\" content=\"de_DE\" \/>\n<meta property=\"og:type\" content=\"article\" \/>\n<meta property=\"og:title\" content=\"Wir beten f\u00fcr die Wiederer\u04e7ffnung und Pastorin Klapperts sichere Ankunft -Nachricht von Iris, Pr\u00e4sidentin des Kirchenvorstands - Martin Luther Evangelische Kirche Toronto\" \/>\n<meta property=\"og:description\" content=\"Halleluja! Ein wahrhaftiges Halleluja! &#8230; wir haben Grund zum Feiern! Der Visumsantrag f\u00fcr Pastorin Annika Klappert und ihren Ehemann Tim war erfolgreich. Sie werden mit dem ersten verf\u00fcgbaren Flug ankommen, am 8. September 2021. Dies ist das gro\u00dfe H\u00e4kchen auf unserer To-do-Liste. Wir k\u00e4mpfen uns immer noch durch unsere Umleitung, und das nicht wegen der&hellip;\" \/>\n<meta property=\"og:url\" content=\"https:\/\/martinluther.ca\/de\/2021\/09\/wir-beten-fuer-die-wiederer\u04e7ffnung-und-pastorin-klapperts-sichere-ankunft\/\" \/>\n<meta property=\"og:site_name\" content=\"Martin Luther Evangelische Kirche Toronto\" \/>\n<meta property=\"article:publisher\" content=\"https:\/\/www.facebook.com\/martinlutherchurchtoronto\" \/>\n<meta property=\"article:published_time\" content=\"2021-09-07T06:21:57+00:00\" \/>\n<meta property=\"article:modified_time\" content=\"2021-09-18T17:02:02+00:00\" \/>\n<meta property=\"og:image\" content=\"https:\/\/martinluther.ca\/wp-content\/uploads\/2021\/09\/2021-Pray-for-open-doors-and-arrival-02.jpg\" \/>\n\t<meta property=\"og:image:width\" content=\"1280\" \/>\n\t<meta property=\"og:image:height\" content=\"720\" \/>\n\t<meta property=\"og:image:type\" content=\"image\/jpeg\" \/>\n<meta name=\"author\" content=\"Mona Kakoschke Frantzke\" \/>\n<meta name=\"twitter:card\" content=\"summary_large_image\" \/>\n<meta name=\"twitter:label1\" content=\"Verfasst von\" \/>\n\t<meta name=\"twitter:data1\" content=\"Mona Kakoschke Frantzke\" \/>\n\t<meta name=\"twitter:label2\" content=\"Gesch\u00e4tzte Lesezeit\" \/>\n\t<meta name=\"twitter:data2\" content=\"3\u00a0Minuten\" \/>\n<script type=\"application\/ld+json\" class=\"yoast-schema-graph\">{\"@context\":\"https:\\\/\\\/schema.org\",\"@graph\":[{\"@type\":\"Article\",\"@id\":\"https:\\\/\\\/martinluther.ca\\\/de\\\/2021\\\/09\\\/wir-beten-fuer-die-wiederer%d3%a7ffnung-und-pastorin-klapperts-sichere-ankunft\\\/#article\",\"isPartOf\":{\"@id\":\"https:\\\/\\\/martinluther.ca\\\/de\\\/2021\\\/09\\\/wir-beten-fuer-die-wiederer%d3%a7ffnung-und-pastorin-klapperts-sichere-ankunft\\\/\"},\"author\":{\"name\":\"Mona Kakoschke Frantzke\",\"@id\":\"https:\\\/\\\/martinluther.ca\\\/de\\\/#\\\/schema\\\/person\\\/815c51710f70b050f0476f18da6b0c8f\"},\"headline\":\"Wir beten f\u00fcr die Wiederer\u04e7ffnung und Pastorin Klapperts sichere Ankunft -Nachricht von Iris, Pr\u00e4sidentin des Kirchenvorstands\",\"datePublished\":\"2021-09-07T06:21:57+00:00\",\"dateModified\":\"2021-09-18T17:02:02+00:00\",\"mainEntityOfPage\":{\"@id\":\"https:\\\/\\\/martinluther.ca\\\/de\\\/2021\\\/09\\\/wir-beten-fuer-die-wiederer%d3%a7ffnung-und-pastorin-klapperts-sichere-ankunft\\\/\"},\"wordCount\":597,\"publisher\":{\"@id\":\"https:\\\/\\\/martinluther.ca\\\/de\\\/#organization\"},\"image\":{\"@id\":\"https:\\\/\\\/martinluther.ca\\\/de\\\/2021\\\/09\\\/wir-beten-fuer-die-wiederer%d3%a7ffnung-und-pastorin-klapperts-sichere-ankunft\\\/#primaryimage\"},\"thumbnailUrl\":\"https:\\\/\\\/martinluther.ca\\\/wp-content\\\/uploads\\\/2021\\\/09\\\/2021-Pray-for-open-doors-and-arrival-02.jpg\",\"articleSection\":[\"News Blog - German\"],\"inLanguage\":\"de\"},{\"@type\":\"WebPage\",\"@id\":\"https:\\\/\\\/martinluther.ca\\\/de\\\/2021\\\/09\\\/wir-beten-fuer-die-wiederer%d3%a7ffnung-und-pastorin-klapperts-sichere-ankunft\\\/\",\"url\":\"https:\\\/\\\/martinluther.ca\\\/de\\\/2021\\\/09\\\/wir-beten-fuer-die-wiederer%d3%a7ffnung-und-pastorin-klapperts-sichere-ankunft\\\/\",\"name\":\"Wir beten f\u00fcr die Wiederer\u04e7ffnung und Pastorin Klapperts sichere Ankunft -Nachricht von Iris, Pr\u00e4sidentin des Kirchenvorstands - Martin Luther Evangelische Kirche Toronto\",\"isPartOf\":{\"@id\":\"https:\\\/\\\/martinluther.ca\\\/de\\\/#website\"},\"primaryImageOfPage\":{\"@id\":\"https:\\\/\\\/martinluther.ca\\\/de\\\/2021\\\/09\\\/wir-beten-fuer-die-wiederer%d3%a7ffnung-und-pastorin-klapperts-sichere-ankunft\\\/#primaryimage\"},\"image\":{\"@id\":\"https:\\\/\\\/martinluther.ca\\\/de\\\/2021\\\/09\\\/wir-beten-fuer-die-wiederer%d3%a7ffnung-und-pastorin-klapperts-sichere-ankunft\\\/#primaryimage\"},\"thumbnailUrl\":\"https:\\\/\\\/martinluther.ca\\\/wp-content\\\/uploads\\\/2021\\\/09\\\/2021-Pray-for-open-doors-and-arrival-02.jpg\",\"datePublished\":\"2021-09-07T06:21:57+00:00\",\"dateModified\":\"2021-09-18T17:02:02+00:00\",\"breadcrumb\":{\"@id\":\"https:\\\/\\\/martinluther.ca\\\/de\\\/2021\\\/09\\\/wir-beten-fuer-die-wiederer%d3%a7ffnung-und-pastorin-klapperts-sichere-ankunft\\\/#breadcrumb\"},\"inLanguage\":\"de\",\"potentialAction\":[{\"@type\":\"ReadAction\",\"target\":[\"https:\\\/\\\/martinluther.ca\\\/de\\\/2021\\\/09\\\/wir-beten-fuer-die-wiederer%d3%a7ffnung-und-pastorin-klapperts-sichere-ankunft\\\/\"]}]},{\"@type\":\"ImageObject\",\"inLanguage\":\"de\",\"@id\":\"https:\\\/\\\/martinluther.ca\\\/de\\\/2021\\\/09\\\/wir-beten-fuer-die-wiederer%d3%a7ffnung-und-pastorin-klapperts-sichere-ankunft\\\/#primaryimage\",\"url\":\"https:\\\/\\\/martinluther.ca\\\/wp-content\\\/uploads\\\/2021\\\/09\\\/2021-Pray-for-open-doors-and-arrival-02.jpg\",\"contentUrl\":\"https:\\\/\\\/martinluther.ca\\\/wp-content\\\/uploads\\\/2021\\\/09\\\/2021-Pray-for-open-doors-and-arrival-02.jpg\",\"width\":1280,\"height\":720,\"caption\":\"2021 Sept church open doors\"},{\"@type\":\"BreadcrumbList\",\"@id\":\"https:\\\/\\\/martinluther.ca\\\/de\\\/2021\\\/09\\\/wir-beten-fuer-die-wiederer%d3%a7ffnung-und-pastorin-klapperts-sichere-ankunft\\\/#breadcrumb\",\"itemListElement\":[{\"@type\":\"ListItem\",\"position\":1,\"name\":\"Home\",\"item\":\"https:\\\/\\\/martinluther.ca\\\/de\\\/\"},{\"@type\":\"ListItem\",\"position\":2,\"name\":\"Wir beten f\u00fcr die Wiederer\u04e7ffnung und Pastorin Klapperts sichere Ankunft -Nachricht von Iris, Pr\u00e4sidentin des Kirchenvorstands\"}]},{\"@type\":\"WebSite\",\"@id\":\"https:\\\/\\\/martinluther.ca\\\/de\\\/#website\",\"url\":\"https:\\\/\\\/martinluther.ca\\\/de\\\/\",\"name\":\"Martin Luther Evangelical Church Toronto\",\"description\":\"Deutsch &amp; Englisch\",\"publisher\":{\"@id\":\"https:\\\/\\\/martinluther.ca\\\/de\\\/#organization\"},\"potentialAction\":[{\"@type\":\"SearchAction\",\"target\":{\"@type\":\"EntryPoint\",\"urlTemplate\":\"https:\\\/\\\/martinluther.ca\\\/de\\\/?s={search_term_string}\"},\"query-input\":{\"@type\":\"PropertyValueSpecification\",\"valueRequired\":true,\"valueName\":\"search_term_string\"}}],\"inLanguage\":\"de\"},{\"@type\":\"Organization\",\"@id\":\"https:\\\/\\\/martinluther.ca\\\/de\\\/#organization\",\"name\":\"Martin Luther Evangelical Church Toronto\",\"url\":\"https:\\\/\\\/martinluther.ca\\\/de\\\/\",\"logo\":{\"@type\":\"ImageObject\",\"inLanguage\":\"de\",\"@id\":\"https:\\\/\\\/martinluther.ca\\\/de\\\/#\\\/schema\\\/logo\\\/image\\\/\",\"url\":\"https:\\\/\\\/martinluther.ca\\\/wp-content\\\/uploads\\\/2016\\\/12\\\/ml-logo-300.png\",\"contentUrl\":\"https:\\\/\\\/martinluther.ca\\\/wp-content\\\/uploads\\\/2016\\\/12\\\/ml-logo-300.png\",\"width\":300,\"height\":150,\"caption\":\"Martin Luther Evangelical Church Toronto\"},\"image\":{\"@id\":\"https:\\\/\\\/martinluther.ca\\\/de\\\/#\\\/schema\\\/logo\\\/image\\\/\"},\"sameAs\":[\"https:\\\/\\\/www.facebook.com\\\/martinlutherchurchtoronto\",\"https:\\\/\\\/www.instagram.com\\\/lutheransbythelake\\\/\",\"https:\\\/\\\/www.youtube.com\\\/MartinLutherChurchToronto\"]},{\"@type\":\"Person\",\"@id\":\"https:\\\/\\\/martinluther.ca\\\/de\\\/#\\\/schema\\\/person\\\/815c51710f70b050f0476f18da6b0c8f\",\"name\":\"Mona Kakoschke Frantzke\",\"image\":{\"@type\":\"ImageObject\",\"inLanguage\":\"de\",\"@id\":\"https:\\\/\\\/secure.gravatar.com\\\/avatar\\\/0deb16854ca545cd2e9fc8001ca110d262b80d5c8317b38dc542265fbea0ed19?s=96&d=mm&r=g\",\"url\":\"https:\\\/\\\/secure.gravatar.com\\\/avatar\\\/0deb16854ca545cd2e9fc8001ca110d262b80d5c8317b38dc542265fbea0ed19?s=96&d=mm&r=g\",\"contentUrl\":\"https:\\\/\\\/secure.gravatar.com\\\/avatar\\\/0deb16854ca545cd2e9fc8001ca110d262b80d5c8317b38dc542265fbea0ed19?s=96&d=mm&r=g\",\"caption\":\"Mona Kakoschke Frantzke\"},\"url\":false}]}<\/script>\n<!-- \/ Yoast SEO plugin. -->","yoast_head_json":{"title":"Wir beten f\u00fcr die Wiederer\u04e7ffnung und Pastorin Klapperts sichere Ankunft -Nachricht von Iris, Pr\u00e4sidentin des Kirchenvorstands - Martin Luther Evangelische Kirche Toronto","robots":{"index":"index","follow":"follow","max-snippet":"max-snippet:-1","max-image-preview":"max-image-preview:large","max-video-preview":"max-video-preview:-1"},"canonical":"https:\/\/martinluther.ca\/de\/2021\/09\/wir-beten-fuer-die-wiederer\u04e7ffnung-und-pastorin-klapperts-sichere-ankunft\/","og_locale":"de_DE","og_type":"article","og_title":"Wir beten f\u00fcr die Wiederer\u04e7ffnung und Pastorin Klapperts sichere Ankunft -Nachricht von Iris, Pr\u00e4sidentin des Kirchenvorstands - Martin Luther Evangelische Kirche Toronto","og_description":"Halleluja! Ein wahrhaftiges Halleluja! &#8230; wir haben Grund zum Feiern! Der Visumsantrag f\u00fcr Pastorin Annika Klappert und ihren Ehemann Tim war erfolgreich. Sie werden mit dem ersten verf\u00fcgbaren Flug ankommen, am 8. September 2021. Dies ist das gro\u00dfe H\u00e4kchen auf unserer To-do-Liste. Wir k\u00e4mpfen uns immer noch durch unsere Umleitung, und das nicht wegen der&hellip;","og_url":"https:\/\/martinluther.ca\/de\/2021\/09\/wir-beten-fuer-die-wiederer\u04e7ffnung-und-pastorin-klapperts-sichere-ankunft\/","og_site_name":"Martin Luther Evangelische Kirche Toronto","article_publisher":"https:\/\/www.facebook.com\/martinlutherchurchtoronto","article_published_time":"2021-09-07T06:21:57+00:00","article_modified_time":"2021-09-18T17:02:02+00:00","og_image":[{"width":1280,"height":720,"url":"https:\/\/martinluther.ca\/wp-content\/uploads\/2021\/09\/2021-Pray-for-open-doors-and-arrival-02.jpg","type":"image\/jpeg"}],"author":"Mona Kakoschke Frantzke","twitter_card":"summary_large_image","twitter_misc":{"Verfasst von":"Mona Kakoschke Frantzke","Gesch\u00e4tzte Lesezeit":"3\u00a0Minuten"},"schema":{"@context":"https:\/\/schema.org","@graph":[{"@type":"Article","@id":"https:\/\/martinluther.ca\/de\/2021\/09\/wir-beten-fuer-die-wiederer%d3%a7ffnung-und-pastorin-klapperts-sichere-ankunft\/#article","isPartOf":{"@id":"https:\/\/martinluther.ca\/de\/2021\/09\/wir-beten-fuer-die-wiederer%d3%a7ffnung-und-pastorin-klapperts-sichere-ankunft\/"},"author":{"name":"Mona Kakoschke Frantzke","@id":"https:\/\/martinluther.ca\/de\/#\/schema\/person\/815c51710f70b050f0476f18da6b0c8f"},"headline":"Wir beten f\u00fcr die Wiederer\u04e7ffnung und Pastorin Klapperts sichere Ankunft -Nachricht von Iris, Pr\u00e4sidentin des Kirchenvorstands","datePublished":"2021-09-07T06:21:57+00:00","dateModified":"2021-09-18T17:02:02+00:00","mainEntityOfPage":{"@id":"https:\/\/martinluther.ca\/de\/2021\/09\/wir-beten-fuer-die-wiederer%d3%a7ffnung-und-pastorin-klapperts-sichere-ankunft\/"},"wordCount":597,"publisher":{"@id":"https:\/\/martinluther.ca\/de\/#organization"},"image":{"@id":"https:\/\/martinluther.ca\/de\/2021\/09\/wir-beten-fuer-die-wiederer%d3%a7ffnung-und-pastorin-klapperts-sichere-ankunft\/#primaryimage"},"thumbnailUrl":"https:\/\/martinluther.ca\/wp-content\/uploads\/2021\/09\/2021-Pray-for-open-doors-and-arrival-02.jpg","articleSection":["News Blog - German"],"inLanguage":"de"},{"@type":"WebPage","@id":"https:\/\/martinluther.ca\/de\/2021\/09\/wir-beten-fuer-die-wiederer%d3%a7ffnung-und-pastorin-klapperts-sichere-ankunft\/","url":"https:\/\/martinluther.ca\/de\/2021\/09\/wir-beten-fuer-die-wiederer%d3%a7ffnung-und-pastorin-klapperts-sichere-ankunft\/","name":"Wir beten f\u00fcr die Wiederer\u04e7ffnung und Pastorin Klapperts sichere Ankunft -Nachricht von Iris, Pr\u00e4sidentin des Kirchenvorstands - Martin Luther Evangelische Kirche Toronto","isPartOf":{"@id":"https:\/\/martinluther.ca\/de\/#website"},"primaryImageOfPage":{"@id":"https:\/\/martinluther.ca\/de\/2021\/09\/wir-beten-fuer-die-wiederer%d3%a7ffnung-und-pastorin-klapperts-sichere-ankunft\/#primaryimage"},"image":{"@id":"https:\/\/martinluther.ca\/de\/2021\/09\/wir-beten-fuer-die-wiederer%d3%a7ffnung-und-pastorin-klapperts-sichere-ankunft\/#primaryimage"},"thumbnailUrl":"https:\/\/martinluther.ca\/wp-content\/uploads\/2021\/09\/2021-Pray-for-open-doors-and-arrival-02.jpg","datePublished":"2021-09-07T06:21:57+00:00","dateModified":"2021-09-18T17:02:02+00:00","breadcrumb":{"@id":"https:\/\/martinluther.ca\/de\/2021\/09\/wir-beten-fuer-die-wiederer%d3%a7ffnung-und-pastorin-klapperts-sichere-ankunft\/#breadcrumb"},"inLanguage":"de","potentialAction":[{"@type":"ReadAction","target":["https:\/\/martinluther.ca\/de\/2021\/09\/wir-beten-fuer-die-wiederer%d3%a7ffnung-und-pastorin-klapperts-sichere-ankunft\/"]}]},{"@type":"ImageObject","inLanguage":"de","@id":"https:\/\/martinluther.ca\/de\/2021\/09\/wir-beten-fuer-die-wiederer%d3%a7ffnung-und-pastorin-klapperts-sichere-ankunft\/#primaryimage","url":"https:\/\/martinluther.ca\/wp-content\/uploads\/2021\/09\/2021-Pray-for-open-doors-and-arrival-02.jpg","contentUrl":"https:\/\/martinluther.ca\/wp-content\/uploads\/2021\/09\/2021-Pray-for-open-doors-and-arrival-02.jpg","width":1280,"height":720,"caption":"2021 Sept church open doors"},{"@type":"BreadcrumbList","@id":"https:\/\/martinluther.ca\/de\/2021\/09\/wir-beten-fuer-die-wiederer%d3%a7ffnung-und-pastorin-klapperts-sichere-ankunft\/#breadcrumb","itemListElement":[{"@type":"ListItem","position":1,"name":"Home","item":"https:\/\/martinluther.ca\/de\/"},{"@type":"ListItem","position":2,"name":"Wir beten f\u00fcr die Wiederer\u04e7ffnung und Pastorin Klapperts sichere Ankunft -Nachricht von Iris, Pr\u00e4sidentin des Kirchenvorstands"}]},{"@type":"WebSite","@id":"https:\/\/martinluther.ca\/de\/#website","url":"https:\/\/martinluther.ca\/de\/","name":"Martin Luther Evangelical Church Toronto","description":"Deutsch &amp; Englisch","publisher":{"@id":"https:\/\/martinluther.ca\/de\/#organization"},"potentialAction":[{"@type":"SearchAction","target":{"@type":"EntryPoint","urlTemplate":"https:\/\/martinluther.ca\/de\/?s={search_term_string}"},"query-input":{"@type":"PropertyValueSpecification","valueRequired":true,"valueName":"search_term_string"}}],"inLanguage":"de"},{"@type":"Organization","@id":"https:\/\/martinluther.ca\/de\/#organization","name":"Martin Luther Evangelical Church Toronto","url":"https:\/\/martinluther.ca\/de\/","logo":{"@type":"ImageObject","inLanguage":"de","@id":"https:\/\/martinluther.ca\/de\/#\/schema\/logo\/image\/","url":"https:\/\/martinluther.ca\/wp-content\/uploads\/2016\/12\/ml-logo-300.png","contentUrl":"https:\/\/martinluther.ca\/wp-content\/uploads\/2016\/12\/ml-logo-300.png","width":300,"height":150,"caption":"Martin Luther Evangelical Church Toronto"},"image":{"@id":"https:\/\/martinluther.ca\/de\/#\/schema\/logo\/image\/"},"sameAs":["https:\/\/www.facebook.com\/martinlutherchurchtoronto","https:\/\/www.instagram.com\/lutheransbythelake\/","https:\/\/www.youtube.com\/MartinLutherChurchToronto"]},{"@type":"Person","@id":"https:\/\/martinluther.ca\/de\/#\/schema\/person\/815c51710f70b050f0476f18da6b0c8f","name":"Mona Kakoschke Frantzke","image":{"@type":"ImageObject","inLanguage":"de","@id":"https:\/\/secure.gravatar.com\/avatar\/0deb16854ca545cd2e9fc8001ca110d262b80d5c8317b38dc542265fbea0ed19?s=96&d=mm&r=g","url":"https:\/\/secure.gravatar.com\/avatar\/0deb16854ca545cd2e9fc8001ca110d262b80d5c8317b38dc542265fbea0ed19?s=96&d=mm&r=g","contentUrl":"https:\/\/secure.gravatar.com\/avatar\/0deb16854ca545cd2e9fc8001ca110d262b80d5c8317b38dc542265fbea0ed19?s=96&d=mm&r=g","caption":"Mona Kakoschke Frantzke"},"url":false}]}},"_links":{"self":[{"href":"https:\/\/martinluther.ca\/de\/wp-json\/wp\/v2\/posts\/38905","targetHints":{"allow":["GET"]}}],"collection":[{"href":"https:\/\/martinluther.ca\/de\/wp-json\/wp\/v2\/posts"}],"about":[{"href":"https:\/\/martinluther.ca\/de\/wp-json\/wp\/v2\/types\/post"}],"author":[{"embeddable":true,"href":"https:\/\/martinluther.ca\/de\/wp-json\/wp\/v2\/users\/9"}],"replies":[{"embeddable":true,"href":"https:\/\/martinluther.ca\/de\/wp-json\/wp\/v2\/comments?post=38905"}],"version-history":[{"count":6,"href":"https:\/\/martinluther.ca\/de\/wp-json\/wp\/v2\/posts\/38905\/revisions"}],"predecessor-version":[{"id":39103,"href":"https:\/\/martinluther.ca\/de\/wp-json\/wp\/v2\/posts\/38905\/revisions\/39103"}],"wp:featuredmedia":[{"embeddable":true,"href":"https:\/\/martinluther.ca\/de\/wp-json\/wp\/v2\/media\/38902"}],"wp:attachment":[{"href":"https:\/\/martinluther.ca\/de\/wp-json\/wp\/v2\/media?parent=38905"}],"wp:term":[{"taxonomy":"category","embeddable":true,"href":"https:\/\/martinluther.ca\/de\/wp-json\/wp\/v2\/categories?post=38905"},{"taxonomy":"post_tag","embeddable":true,"href":"https:\/\/martinluther.ca\/de\/wp-json\/wp\/v2\/tags?post=38905"},{"taxonomy":"post_series","embeddable":true,"href":"https:\/\/martinluther.ca\/de\/wp-json\/wp\/v2\/post_series?post=38905"}],"curies":[{"name":"wp","href":"https:\/\/api.w.org\/{rel}","templated":true}]}}