{"id":39065,"date":"2021-09-18T10:39:09","date_gmt":"2021-09-18T14:39:09","guid":{"rendered":"https:\/\/martinluther.ca\/?p=39065"},"modified":"2021-10-19T19:26:16","modified_gmt":"2021-10-19T23:26:16","slug":"pastorin-annika-klappert-stellt-sich-vor","status":"publish","type":"post","link":"https:\/\/martinluther.ca\/de\/2021\/09\/pastorin-annika-klappert-stellt-sich-vor\/","title":{"rendered":"Pastorin Annika Klappert stellt sich vor"},"content":{"rendered":"<figure id=\"attachment_39050\" aria-describedby=\"caption-attachment-39050\" style=\"width: 300px\" class=\"wp-caption alignright\"><img loading=\"lazy\" decoding=\"async\" class=\"wp-image-39050 size-medium\" src=\"https:\/\/martinluther.ca\/wp-content\/uploads\/2021\/09\/Annika-Klappert-with-Martin-Luther-statue-Sep-2021-in-foyer-4x3-1-300x225.jpg\" alt=\"Annika Klappert with Martin Luther statue Sep 2021 in foyer\" width=\"300\" height=\"225\" srcset=\"https:\/\/martinluther.ca\/wp-content\/uploads\/2021\/09\/Annika-Klappert-with-Martin-Luther-statue-Sep-2021-in-foyer-4x3-1-300x225.jpg 300w, https:\/\/martinluther.ca\/wp-content\/uploads\/2021\/09\/Annika-Klappert-with-Martin-Luther-statue-Sep-2021-in-foyer-4x3-1-768x576.jpg 768w, https:\/\/martinluther.ca\/wp-content\/uploads\/2021\/09\/Annika-Klappert-with-Martin-Luther-statue-Sep-2021-in-foyer-4x3-1.jpg 898w\" sizes=\"auto, (max-width: 300px) 100vw, 300px\" \/><figcaption id=\"caption-attachment-39050\" class=\"wp-caption-text\">Pastor Annika Klappert, serving August 1, 2021-<\/figcaption><\/figure>\n<p>Ich bin Pastorin Annika Klappert und seit dem 1. August 2021 arbeite ich offiziell f\u00fcr diese wundervolle Gemeinde. Nach einigen Problemen im Einwanderungsprozess aufgrund von Corona-pandemie bin ich am 8. September 2021 in Toronto angekommen. Ich bin so gl\u00fccklich, endlich hier zu sein! Da ich ganz neu in der Martin Luther Gemeinde bin, m\u00f6chten Sie vielleicht ein wenig \u00fcber mich und meinen Hintergrund wissen, also \u2013 los geht&#8217;s:<\/p>\n<p>Mein Theologiestudium habe ich in M\u00fcnster und Berlin absolviert, anschliessend folgte mein Vikariat in Hamm in Westfalen. In meinen ersten Jahren als Pfarrerin habe ich alle Bereiche der pastoralen Arbeit in drei verschiedenen Gemeinden intensiv kennengelernt. Daneben konnte ich eigene Schwerpunkte setzen, einerseits in der Kinder- und Jugendarbeit, unter anderem bei der Organisation und Gestaltung von Kinderbibelwochen und erlebnisorientierter Konfirmationsarbeit. Andererseits hat es mir aber auch sehr viel Spa\u00df gemacht, Senioren zu begleiten, zum Beispiel regelm\u00e4\u00dfig Nachmittage in Frauengruppen und Seniorenkreisen zu gestalten sowie spezielle Projekte wie die Pilgerfahrt f\u00fcr Gehhilfen zu organisieren.<\/p>\n<p>Durch meine Arbeit mit jungen Erwachsenen im Alter von 20-35 Jahren in der M\u00fcnsteraner Studierendengemeinde bringe ich zudem die Perspektive der n\u00e4chsten Generation von Kirchenmitgliedern mit, auf die wir h\u00f6ren sollten, damit die Kirche als Ort der Gemeinschaft und des Glaubens eine Zukunft hat.<\/p>\n<figure id=\"attachment_39068\" aria-describedby=\"caption-attachment-39068\" style=\"width: 225px\" class=\"wp-caption alignleft\"><img loading=\"lazy\" decoding=\"async\" class=\"wp-image-39068 size-medium\" src=\"https:\/\/martinluther.ca\/wp-content\/uploads\/2021\/09\/2021-09-12-1st-Worship-Service-with-Pastor-Klappert2-lighter-225x300.jpg\" alt=\"Sep 12, 2021 - 1st Worship Service with Pastor Annika Klappert\" width=\"225\" height=\"300\" srcset=\"https:\/\/martinluther.ca\/wp-content\/uploads\/2021\/09\/2021-09-12-1st-Worship-Service-with-Pastor-Klappert2-lighter-225x300.jpg 225w, https:\/\/martinluther.ca\/wp-content\/uploads\/2021\/09\/2021-09-12-1st-Worship-Service-with-Pastor-Klappert2-lighter-768x1024.jpg 768w, https:\/\/martinluther.ca\/wp-content\/uploads\/2021\/09\/2021-09-12-1st-Worship-Service-with-Pastor-Klappert2-lighter-1152x1536.jpg 1152w, https:\/\/martinluther.ca\/wp-content\/uploads\/2021\/09\/2021-09-12-1st-Worship-Service-with-Pastor-Klappert2-lighter-rotated.jpg 1254w\" sizes=\"auto, (max-width: 225px) 100vw, 225px\" \/><figcaption id=\"caption-attachment-39068\" class=\"wp-caption-text\">Sep 12, 2021 -1st Worship Service with Pastor Annika Klappert in-person. Standing with congregational members Gisela W. and Kai H.<\/figcaption><\/figure>\n<p>Ich empfinde es als Privileg, dass ich in meinem Beruf st\u00e4ndig Menschen in unterschiedlichen Lebenssituationen kennenlerne! Es bewegt mich, wenn ich in einem Gespr\u00e4ch erlebe, wie sich ein Mensch \u00f6ffnet, mich an seiner Geschichte teilhaben l\u00e4sst, die Gedanken und Gef\u00fchle teilt, die gerade da sind. Andere bis zu einem gewissen Grad begleiten zu k\u00f6nnen, sei es in gl\u00fccklichen Momenten wie bei einer Hochzeit oder Taufe oder in einer Trauer- oder Krankheitsphase, empfinde ich als sinnstiftend fuer mein Leben. Ich freue mich, wenn ich als Pastorin durch Zuh\u00f6ren, Schweigen, Beten oder einen Segen dabei sein kann.<\/p>\n<p>Ich f\u00fchle mich sehr gesegnet, dass mich die Martin-Luther-Kirchengemeinde zu ihrer n\u00e4chsten Pfarrerin gew\u00e4hlt hat. Hier finde ich eine unglaublich vielf\u00e4ltige und lebendige Gemeinschaft vor mit vielen interessanten Gruppen und Projekten! Ich bin auch beeindruckt von den starken sozialen Anliegen, welche die MLK auszeichnen.<\/p>\n<p>Ich glaube, dass zum christlichen Glauben neben dem gemeinsamen Beten und dem Bibelstudium auch der Blick auf den N\u00e4chsten au\u00dferhalb der eigenen Kirchenmauern geh\u00f6rt. Ich freue mich sehr, gemeinsam mit Ihnen herauszufinden, wie wir f\u00fcr Gott in den n\u00e4chsten Jahren Kirche sein k\u00f6nnen \u2013 hoffentlich mit viel Musik, denn ich liebe es zu singen, Gitarre und Klavier zu spielen!<\/p>\n<p>&#8211; Pastorin Annika Klappert, September 17, 2021<\/p>\n","protected":false},"excerpt":{"rendered":"<p>Ich bin Pastorin Annika Klappert und seit dem 1. August 2021 arbeite ich offiziell f\u00fcr diese wundervolle Gemeinde. Nach einigen Problemen im Einwanderungsprozess aufgrund von Corona-pandemie bin ich am 8. September 2021 in Toronto angekommen. Ich bin so gl\u00fccklich, endlich hier zu sein! Da ich ganz neu in der Martin Luther Gemeinde bin, m\u00f6chten Sie&hellip;<\/p>\n","protected":false},"author":9,"featured_media":39048,"comment_status":"closed","ping_status":"closed","sticky":false,"template":"","format":"standard","meta":{"footnotes":""},"categories":[69],"tags":[],"post_series":[],"class_list":["post-39065","post","type-post","status-publish","format-standard","has-post-thumbnail","hentry","category-news-blog-german","entry","has-media"],"yoast_head":"<!-- This site is optimized with the Yoast SEO plugin v27.5 - https:\/\/yoast.com\/product\/yoast-seo-wordpress\/ -->\n<title>Pastorin Annika Klappert stellt sich vor - Martin Luther Evangelische Kirche Toronto<\/title>\n<meta name=\"robots\" content=\"index, follow, max-snippet:-1, max-image-preview:large, max-video-preview:-1\" \/>\n<link rel=\"canonical\" href=\"https:\/\/martinluther.ca\/de\/2021\/09\/pastorin-annika-klappert-stellt-sich-vor\/\" \/>\n<meta property=\"og:locale\" content=\"de_DE\" \/>\n<meta property=\"og:type\" content=\"article\" \/>\n<meta property=\"og:title\" content=\"Pastorin Annika Klappert stellt sich vor - Martin Luther Evangelische Kirche Toronto\" \/>\n<meta property=\"og:description\" content=\"Ich bin Pastorin Annika Klappert und seit dem 1. August 2021 arbeite ich offiziell f\u00fcr diese wundervolle Gemeinde. Nach einigen Problemen im Einwanderungsprozess aufgrund von Corona-pandemie bin ich am 8. September 2021 in Toronto angekommen. Ich bin so gl\u00fccklich, endlich hier zu sein! Da ich ganz neu in der Martin Luther Gemeinde bin, m\u00f6chten Sie&hellip;\" \/>\n<meta property=\"og:url\" content=\"https:\/\/martinluther.ca\/de\/2021\/09\/pastorin-annika-klappert-stellt-sich-vor\/\" \/>\n<meta property=\"og:site_name\" content=\"Martin Luther Evangelische Kirche Toronto\" \/>\n<meta property=\"article:publisher\" content=\"https:\/\/www.facebook.com\/martinlutherchurchtoronto\" \/>\n<meta property=\"article:published_time\" content=\"2021-09-18T14:39:09+00:00\" \/>\n<meta property=\"article:modified_time\" content=\"2021-10-19T23:26:16+00:00\" \/>\n<meta property=\"og:image\" content=\"https:\/\/martinluther.ca\/wp-content\/uploads\/2021\/09\/2021-09-12-1st-Worship-Service-with-Pastor-Klappert-2.jpg\" \/>\n\t<meta property=\"og:image:width\" content=\"1493\" \/>\n\t<meta property=\"og:image:height\" content=\"1493\" \/>\n\t<meta property=\"og:image:type\" content=\"image\/jpeg\" \/>\n<meta name=\"author\" content=\"Mona Kakoschke Frantzke\" \/>\n<meta name=\"twitter:card\" content=\"summary_large_image\" \/>\n<meta name=\"twitter:label1\" content=\"Verfasst von\" \/>\n\t<meta name=\"twitter:data1\" content=\"Mona Kakoschke Frantzke\" \/>\n\t<meta name=\"twitter:label2\" content=\"Gesch\u00e4tzte Lesezeit\" \/>\n\t<meta name=\"twitter:data2\" content=\"3\u00a0Minuten\" \/>\n<script type=\"application\/ld+json\" class=\"yoast-schema-graph\">{\"@context\":\"https:\\\/\\\/schema.org\",\"@graph\":[{\"@type\":\"Article\",\"@id\":\"https:\\\/\\\/martinluther.ca\\\/de\\\/2021\\\/09\\\/pastorin-annika-klappert-stellt-sich-vor\\\/#article\",\"isPartOf\":{\"@id\":\"https:\\\/\\\/martinluther.ca\\\/de\\\/2021\\\/09\\\/pastorin-annika-klappert-stellt-sich-vor\\\/\"},\"author\":{\"name\":\"Mona Kakoschke Frantzke\",\"@id\":\"https:\\\/\\\/martinluther.ca\\\/de\\\/#\\\/schema\\\/person\\\/815c51710f70b050f0476f18da6b0c8f\"},\"headline\":\"Pastorin Annika Klappert stellt sich vor\",\"datePublished\":\"2021-09-18T14:39:09+00:00\",\"dateModified\":\"2021-10-19T23:26:16+00:00\",\"mainEntityOfPage\":{\"@id\":\"https:\\\/\\\/martinluther.ca\\\/de\\\/2021\\\/09\\\/pastorin-annika-klappert-stellt-sich-vor\\\/\"},\"wordCount\":474,\"publisher\":{\"@id\":\"https:\\\/\\\/martinluther.ca\\\/de\\\/#organization\"},\"image\":{\"@id\":\"https:\\\/\\\/martinluther.ca\\\/de\\\/2021\\\/09\\\/pastorin-annika-klappert-stellt-sich-vor\\\/#primaryimage\"},\"thumbnailUrl\":\"https:\\\/\\\/martinluther.ca\\\/wp-content\\\/uploads\\\/2021\\\/09\\\/2021-09-12-1st-Worship-Service-with-Pastor-Klappert-2.jpg\",\"articleSection\":[\"News Blog - German\"],\"inLanguage\":\"de\"},{\"@type\":\"WebPage\",\"@id\":\"https:\\\/\\\/martinluther.ca\\\/de\\\/2021\\\/09\\\/pastorin-annika-klappert-stellt-sich-vor\\\/\",\"url\":\"https:\\\/\\\/martinluther.ca\\\/de\\\/2021\\\/09\\\/pastorin-annika-klappert-stellt-sich-vor\\\/\",\"name\":\"Pastorin Annika Klappert stellt sich vor - Martin Luther Evangelische Kirche Toronto\",\"isPartOf\":{\"@id\":\"https:\\\/\\\/martinluther.ca\\\/de\\\/#website\"},\"primaryImageOfPage\":{\"@id\":\"https:\\\/\\\/martinluther.ca\\\/de\\\/2021\\\/09\\\/pastorin-annika-klappert-stellt-sich-vor\\\/#primaryimage\"},\"image\":{\"@id\":\"https:\\\/\\\/martinluther.ca\\\/de\\\/2021\\\/09\\\/pastorin-annika-klappert-stellt-sich-vor\\\/#primaryimage\"},\"thumbnailUrl\":\"https:\\\/\\\/martinluther.ca\\\/wp-content\\\/uploads\\\/2021\\\/09\\\/2021-09-12-1st-Worship-Service-with-Pastor-Klappert-2.jpg\",\"datePublished\":\"2021-09-18T14:39:09+00:00\",\"dateModified\":\"2021-10-19T23:26:16+00:00\",\"breadcrumb\":{\"@id\":\"https:\\\/\\\/martinluther.ca\\\/de\\\/2021\\\/09\\\/pastorin-annika-klappert-stellt-sich-vor\\\/#breadcrumb\"},\"inLanguage\":\"de\",\"potentialAction\":[{\"@type\":\"ReadAction\",\"target\":[\"https:\\\/\\\/martinluther.ca\\\/de\\\/2021\\\/09\\\/pastorin-annika-klappert-stellt-sich-vor\\\/\"]}]},{\"@type\":\"ImageObject\",\"inLanguage\":\"de\",\"@id\":\"https:\\\/\\\/martinluther.ca\\\/de\\\/2021\\\/09\\\/pastorin-annika-klappert-stellt-sich-vor\\\/#primaryimage\",\"url\":\"https:\\\/\\\/martinluther.ca\\\/wp-content\\\/uploads\\\/2021\\\/09\\\/2021-09-12-1st-Worship-Service-with-Pastor-Klappert-2.jpg\",\"contentUrl\":\"https:\\\/\\\/martinluther.ca\\\/wp-content\\\/uploads\\\/2021\\\/09\\\/2021-09-12-1st-Worship-Service-with-Pastor-Klappert-2.jpg\",\"width\":1493,\"height\":1493,\"caption\":\"Pastor Annika Klappert amtiert seit 2021\"},{\"@type\":\"BreadcrumbList\",\"@id\":\"https:\\\/\\\/martinluther.ca\\\/de\\\/2021\\\/09\\\/pastorin-annika-klappert-stellt-sich-vor\\\/#breadcrumb\",\"itemListElement\":[{\"@type\":\"ListItem\",\"position\":1,\"name\":\"Home\",\"item\":\"https:\\\/\\\/martinluther.ca\\\/de\\\/\"},{\"@type\":\"ListItem\",\"position\":2,\"name\":\"Pastorin Annika Klappert stellt sich vor\"}]},{\"@type\":\"WebSite\",\"@id\":\"https:\\\/\\\/martinluther.ca\\\/de\\\/#website\",\"url\":\"https:\\\/\\\/martinluther.ca\\\/de\\\/\",\"name\":\"Martin Luther Evangelical Church Toronto\",\"description\":\"Deutsch &amp; Englisch\",\"publisher\":{\"@id\":\"https:\\\/\\\/martinluther.ca\\\/de\\\/#organization\"},\"potentialAction\":[{\"@type\":\"SearchAction\",\"target\":{\"@type\":\"EntryPoint\",\"urlTemplate\":\"https:\\\/\\\/martinluther.ca\\\/de\\\/?s={search_term_string}\"},\"query-input\":{\"@type\":\"PropertyValueSpecification\",\"valueRequired\":true,\"valueName\":\"search_term_string\"}}],\"inLanguage\":\"de\"},{\"@type\":\"Organization\",\"@id\":\"https:\\\/\\\/martinluther.ca\\\/de\\\/#organization\",\"name\":\"Martin Luther Evangelical Church Toronto\",\"url\":\"https:\\\/\\\/martinluther.ca\\\/de\\\/\",\"logo\":{\"@type\":\"ImageObject\",\"inLanguage\":\"de\",\"@id\":\"https:\\\/\\\/martinluther.ca\\\/de\\\/#\\\/schema\\\/logo\\\/image\\\/\",\"url\":\"https:\\\/\\\/martinluther.ca\\\/wp-content\\\/uploads\\\/2016\\\/12\\\/ml-logo-300.png\",\"contentUrl\":\"https:\\\/\\\/martinluther.ca\\\/wp-content\\\/uploads\\\/2016\\\/12\\\/ml-logo-300.png\",\"width\":300,\"height\":150,\"caption\":\"Martin Luther Evangelical Church Toronto\"},\"image\":{\"@id\":\"https:\\\/\\\/martinluther.ca\\\/de\\\/#\\\/schema\\\/logo\\\/image\\\/\"},\"sameAs\":[\"https:\\\/\\\/www.facebook.com\\\/martinlutherchurchtoronto\",\"https:\\\/\\\/www.instagram.com\\\/lutheransbythelake\\\/\",\"https:\\\/\\\/www.youtube.com\\\/MartinLutherChurchToronto\"]},{\"@type\":\"Person\",\"@id\":\"https:\\\/\\\/martinluther.ca\\\/de\\\/#\\\/schema\\\/person\\\/815c51710f70b050f0476f18da6b0c8f\",\"name\":\"Mona Kakoschke Frantzke\",\"image\":{\"@type\":\"ImageObject\",\"inLanguage\":\"de\",\"@id\":\"https:\\\/\\\/secure.gravatar.com\\\/avatar\\\/0deb16854ca545cd2e9fc8001ca110d262b80d5c8317b38dc542265fbea0ed19?s=96&d=mm&r=g\",\"url\":\"https:\\\/\\\/secure.gravatar.com\\\/avatar\\\/0deb16854ca545cd2e9fc8001ca110d262b80d5c8317b38dc542265fbea0ed19?s=96&d=mm&r=g\",\"contentUrl\":\"https:\\\/\\\/secure.gravatar.com\\\/avatar\\\/0deb16854ca545cd2e9fc8001ca110d262b80d5c8317b38dc542265fbea0ed19?s=96&d=mm&r=g\",\"caption\":\"Mona Kakoschke Frantzke\"},\"url\":false}]}<\/script>\n<!-- \/ Yoast SEO plugin. -->","yoast_head_json":{"title":"Pastorin Annika Klappert stellt sich vor - Martin Luther Evangelische Kirche Toronto","robots":{"index":"index","follow":"follow","max-snippet":"max-snippet:-1","max-image-preview":"max-image-preview:large","max-video-preview":"max-video-preview:-1"},"canonical":"https:\/\/martinluther.ca\/de\/2021\/09\/pastorin-annika-klappert-stellt-sich-vor\/","og_locale":"de_DE","og_type":"article","og_title":"Pastorin Annika Klappert stellt sich vor - Martin Luther Evangelische Kirche Toronto","og_description":"Ich bin Pastorin Annika Klappert und seit dem 1. August 2021 arbeite ich offiziell f\u00fcr diese wundervolle Gemeinde. Nach einigen Problemen im Einwanderungsprozess aufgrund von Corona-pandemie bin ich am 8. September 2021 in Toronto angekommen. Ich bin so gl\u00fccklich, endlich hier zu sein! Da ich ganz neu in der Martin Luther Gemeinde bin, m\u00f6chten Sie&hellip;","og_url":"https:\/\/martinluther.ca\/de\/2021\/09\/pastorin-annika-klappert-stellt-sich-vor\/","og_site_name":"Martin Luther Evangelische Kirche Toronto","article_publisher":"https:\/\/www.facebook.com\/martinlutherchurchtoronto","article_published_time":"2021-09-18T14:39:09+00:00","article_modified_time":"2021-10-19T23:26:16+00:00","og_image":[{"width":1493,"height":1493,"url":"https:\/\/martinluther.ca\/wp-content\/uploads\/2021\/09\/2021-09-12-1st-Worship-Service-with-Pastor-Klappert-2.jpg","type":"image\/jpeg"}],"author":"Mona Kakoschke Frantzke","twitter_card":"summary_large_image","twitter_misc":{"Verfasst von":"Mona Kakoschke Frantzke","Gesch\u00e4tzte Lesezeit":"3\u00a0Minuten"},"schema":{"@context":"https:\/\/schema.org","@graph":[{"@type":"Article","@id":"https:\/\/martinluther.ca\/de\/2021\/09\/pastorin-annika-klappert-stellt-sich-vor\/#article","isPartOf":{"@id":"https:\/\/martinluther.ca\/de\/2021\/09\/pastorin-annika-klappert-stellt-sich-vor\/"},"author":{"name":"Mona Kakoschke Frantzke","@id":"https:\/\/martinluther.ca\/de\/#\/schema\/person\/815c51710f70b050f0476f18da6b0c8f"},"headline":"Pastorin Annika Klappert stellt sich vor","datePublished":"2021-09-18T14:39:09+00:00","dateModified":"2021-10-19T23:26:16+00:00","mainEntityOfPage":{"@id":"https:\/\/martinluther.ca\/de\/2021\/09\/pastorin-annika-klappert-stellt-sich-vor\/"},"wordCount":474,"publisher":{"@id":"https:\/\/martinluther.ca\/de\/#organization"},"image":{"@id":"https:\/\/martinluther.ca\/de\/2021\/09\/pastorin-annika-klappert-stellt-sich-vor\/#primaryimage"},"thumbnailUrl":"https:\/\/martinluther.ca\/wp-content\/uploads\/2021\/09\/2021-09-12-1st-Worship-Service-with-Pastor-Klappert-2.jpg","articleSection":["News Blog - German"],"inLanguage":"de"},{"@type":"WebPage","@id":"https:\/\/martinluther.ca\/de\/2021\/09\/pastorin-annika-klappert-stellt-sich-vor\/","url":"https:\/\/martinluther.ca\/de\/2021\/09\/pastorin-annika-klappert-stellt-sich-vor\/","name":"Pastorin Annika Klappert stellt sich vor - Martin Luther Evangelische Kirche Toronto","isPartOf":{"@id":"https:\/\/martinluther.ca\/de\/#website"},"primaryImageOfPage":{"@id":"https:\/\/martinluther.ca\/de\/2021\/09\/pastorin-annika-klappert-stellt-sich-vor\/#primaryimage"},"image":{"@id":"https:\/\/martinluther.ca\/de\/2021\/09\/pastorin-annika-klappert-stellt-sich-vor\/#primaryimage"},"thumbnailUrl":"https:\/\/martinluther.ca\/wp-content\/uploads\/2021\/09\/2021-09-12-1st-Worship-Service-with-Pastor-Klappert-2.jpg","datePublished":"2021-09-18T14:39:09+00:00","dateModified":"2021-10-19T23:26:16+00:00","breadcrumb":{"@id":"https:\/\/martinluther.ca\/de\/2021\/09\/pastorin-annika-klappert-stellt-sich-vor\/#breadcrumb"},"inLanguage":"de","potentialAction":[{"@type":"ReadAction","target":["https:\/\/martinluther.ca\/de\/2021\/09\/pastorin-annika-klappert-stellt-sich-vor\/"]}]},{"@type":"ImageObject","inLanguage":"de","@id":"https:\/\/martinluther.ca\/de\/2021\/09\/pastorin-annika-klappert-stellt-sich-vor\/#primaryimage","url":"https:\/\/martinluther.ca\/wp-content\/uploads\/2021\/09\/2021-09-12-1st-Worship-Service-with-Pastor-Klappert-2.jpg","contentUrl":"https:\/\/martinluther.ca\/wp-content\/uploads\/2021\/09\/2021-09-12-1st-Worship-Service-with-Pastor-Klappert-2.jpg","width":1493,"height":1493,"caption":"Pastor Annika Klappert amtiert seit 2021"},{"@type":"BreadcrumbList","@id":"https:\/\/martinluther.ca\/de\/2021\/09\/pastorin-annika-klappert-stellt-sich-vor\/#breadcrumb","itemListElement":[{"@type":"ListItem","position":1,"name":"Home","item":"https:\/\/martinluther.ca\/de\/"},{"@type":"ListItem","position":2,"name":"Pastorin Annika Klappert stellt sich vor"}]},{"@type":"WebSite","@id":"https:\/\/martinluther.ca\/de\/#website","url":"https:\/\/martinluther.ca\/de\/","name":"Martin Luther Evangelical Church Toronto","description":"Deutsch &amp; Englisch","publisher":{"@id":"https:\/\/martinluther.ca\/de\/#organization"},"potentialAction":[{"@type":"SearchAction","target":{"@type":"EntryPoint","urlTemplate":"https:\/\/martinluther.ca\/de\/?s={search_term_string}"},"query-input":{"@type":"PropertyValueSpecification","valueRequired":true,"valueName":"search_term_string"}}],"inLanguage":"de"},{"@type":"Organization","@id":"https:\/\/martinluther.ca\/de\/#organization","name":"Martin Luther Evangelical Church Toronto","url":"https:\/\/martinluther.ca\/de\/","logo":{"@type":"ImageObject","inLanguage":"de","@id":"https:\/\/martinluther.ca\/de\/#\/schema\/logo\/image\/","url":"https:\/\/martinluther.ca\/wp-content\/uploads\/2016\/12\/ml-logo-300.png","contentUrl":"https:\/\/martinluther.ca\/wp-content\/uploads\/2016\/12\/ml-logo-300.png","width":300,"height":150,"caption":"Martin Luther Evangelical Church Toronto"},"image":{"@id":"https:\/\/martinluther.ca\/de\/#\/schema\/logo\/image\/"},"sameAs":["https:\/\/www.facebook.com\/martinlutherchurchtoronto","https:\/\/www.instagram.com\/lutheransbythelake\/","https:\/\/www.youtube.com\/MartinLutherChurchToronto"]},{"@type":"Person","@id":"https:\/\/martinluther.ca\/de\/#\/schema\/person\/815c51710f70b050f0476f18da6b0c8f","name":"Mona Kakoschke Frantzke","image":{"@type":"ImageObject","inLanguage":"de","@id":"https:\/\/secure.gravatar.com\/avatar\/0deb16854ca545cd2e9fc8001ca110d262b80d5c8317b38dc542265fbea0ed19?s=96&d=mm&r=g","url":"https:\/\/secure.gravatar.com\/avatar\/0deb16854ca545cd2e9fc8001ca110d262b80d5c8317b38dc542265fbea0ed19?s=96&d=mm&r=g","contentUrl":"https:\/\/secure.gravatar.com\/avatar\/0deb16854ca545cd2e9fc8001ca110d262b80d5c8317b38dc542265fbea0ed19?s=96&d=mm&r=g","caption":"Mona Kakoschke Frantzke"},"url":false}]}},"_links":{"self":[{"href":"https:\/\/martinluther.ca\/de\/wp-json\/wp\/v2\/posts\/39065","targetHints":{"allow":["GET"]}}],"collection":[{"href":"https:\/\/martinluther.ca\/de\/wp-json\/wp\/v2\/posts"}],"about":[{"href":"https:\/\/martinluther.ca\/de\/wp-json\/wp\/v2\/types\/post"}],"author":[{"embeddable":true,"href":"https:\/\/martinluther.ca\/de\/wp-json\/wp\/v2\/users\/9"}],"replies":[{"embeddable":true,"href":"https:\/\/martinluther.ca\/de\/wp-json\/wp\/v2\/comments?post=39065"}],"version-history":[{"count":7,"href":"https:\/\/martinluther.ca\/de\/wp-json\/wp\/v2\/posts\/39065\/revisions"}],"predecessor-version":[{"id":39114,"href":"https:\/\/martinluther.ca\/de\/wp-json\/wp\/v2\/posts\/39065\/revisions\/39114"}],"wp:featuredmedia":[{"embeddable":true,"href":"https:\/\/martinluther.ca\/de\/wp-json\/wp\/v2\/media\/39048"}],"wp:attachment":[{"href":"https:\/\/martinluther.ca\/de\/wp-json\/wp\/v2\/media?parent=39065"}],"wp:term":[{"taxonomy":"category","embeddable":true,"href":"https:\/\/martinluther.ca\/de\/wp-json\/wp\/v2\/categories?post=39065"},{"taxonomy":"post_tag","embeddable":true,"href":"https:\/\/martinluther.ca\/de\/wp-json\/wp\/v2\/tags?post=39065"},{"taxonomy":"post_series","embeddable":true,"href":"https:\/\/martinluther.ca\/de\/wp-json\/wp\/v2\/post_series?post=39065"}],"curies":[{"name":"wp","href":"https:\/\/api.w.org\/{rel}","templated":true}]}}