{"id":39194,"date":"2021-09-30T16:31:55","date_gmt":"2021-09-30T20:31:55","guid":{"rendered":"https:\/\/martinluther.ca\/?p=39194"},"modified":"2021-10-01T20:06:33","modified_gmt":"2021-10-02T00:06:33","slug":"viele-moeglichkeiten-zu-teilen-zum-erntedank-2021","status":"publish","type":"post","link":"https:\/\/martinluther.ca\/de\/2021\/09\/viele-moeglichkeiten-zu-teilen-zum-erntedank-2021\/","title":{"rendered":"Viele M\u00f6glichkeiten zu teilen zum Erntedank 2021"},"content":{"rendered":"<p><a href=\"https:\/\/martinluther.ca\/wp-content\/uploads\/2021\/09\/MLC-Thanksgiving-Food-Drive-simple-1.jpg\"><img loading=\"lazy\" decoding=\"async\" class=\"alignright wp-image-39218\" src=\"https:\/\/martinluther.ca\/wp-content\/uploads\/2021\/09\/MLC-Thanksgiving-Food-Drive-simple-1-300x232.jpg\" alt=\"\" width=\"500\" height=\"386\" srcset=\"https:\/\/martinluther.ca\/wp-content\/uploads\/2021\/09\/MLC-Thanksgiving-Food-Drive-simple-1-300x232.jpg 300w, https:\/\/martinluther.ca\/wp-content\/uploads\/2021\/09\/MLC-Thanksgiving-Food-Drive-simple-1-1024x791.jpg 1024w, https:\/\/martinluther.ca\/wp-content\/uploads\/2021\/09\/MLC-Thanksgiving-Food-Drive-simple-1-768x593.jpg 768w, https:\/\/martinluther.ca\/wp-content\/uploads\/2021\/09\/MLC-Thanksgiving-Food-Drive-simple-1-1536x1187.jpg 1536w, https:\/\/martinluther.ca\/wp-content\/uploads\/2021\/09\/MLC-Thanksgiving-Food-Drive-simple-1.jpg 2000w\" sizes=\"auto, (max-width: 500px) 100vw, 500px\" \/><\/a>Bitte Spenden Sie haltbare Lebensmittel, und\/ oder Hygieneartikel (z.B. M\u00fcsli, Konserven mit Suppe oder Gem\u00fcse, Fleisch- oder Fischkonserven, Pasta und Pastasaucen, Mac and Cheese, Erdnussbutter, Saftkartons, Cracker, Kaffee und Tee, Reis, Zucker, Toilettenpapier, Waschmittel, Seifenst\u00fccke, Shampoos in Reisegr\u00f6\u00dfe, Zahnb\u00fcrsten und Zahnpasta) f\u00fcr die Lebensmittelsammlung zum Erntedank zur Unterst\u00fctzung von unseren &#8222;<a href=\"https:\/\/martinluther.ca\/de\/2021\/08\/unser-community-pantry-steht-jetzt-links-neben-dem-kircheneingang-zur-verfuegung\/\">Community Pantry<\/a>&#8220; und &#8222;Wesley Mimico United Church (WMUC) Food Bank&#8220; (lesen Sie mehr im Artikel <a href=\"https:\/\/martinluther.ca\/de\/2018\/09\/lebensmittelsammlung-zum-erntedankfest-2018\/\">Lebensmittelsammlung zum Erntedankfest 2018<\/a>).<\/p>\n<p>Geldspenden zur Unterst\u00fctzung unseres Lebensmitteldienstes sind auch wilkommen.<\/p>\n<p>Suppe\/Getr\u00e4nke und Segen geht weiter und wir k\u00f6nnen alle mitmachen in dem wir Suppe kochen oder vor der Kirche anbieten.<\/p>\n<p>Unsere Altar-Gilde-Leiterin Annette R. teilt unsere Gaben und schm\u00fcckt unseren Altar.<\/p>\n<p><a href=\"https:\/\/martinluther.ca\/wp-content\/uploads\/2021\/09\/2020-Thanksgiving-scaled.jpg\"><img loading=\"lazy\" decoding=\"async\" class=\"alignleft wp-image-39188\" src=\"https:\/\/martinluther.ca\/wp-content\/uploads\/2021\/09\/2020-Thanksgiving-300x169.jpg\" alt=\"\" width=\"500\" height=\"281\" srcset=\"https:\/\/martinluther.ca\/wp-content\/uploads\/2021\/09\/2020-Thanksgiving-300x169.jpg 300w, https:\/\/martinluther.ca\/wp-content\/uploads\/2021\/09\/2020-Thanksgiving-1024x576.jpg 1024w, https:\/\/martinluther.ca\/wp-content\/uploads\/2021\/09\/2020-Thanksgiving-768x432.jpg 768w, https:\/\/martinluther.ca\/wp-content\/uploads\/2021\/09\/2020-Thanksgiving-1536x864.jpg 1536w, https:\/\/martinluther.ca\/wp-content\/uploads\/2021\/09\/2020-Thanksgiving-2048x1152.jpg 2048w\" sizes=\"auto, (max-width: 500px) 100vw, 500px\" \/><\/a><\/p>\n","protected":false},"excerpt":{"rendered":"<p>Bitte Spenden Sie haltbare Lebensmittel, und\/ oder Hygieneartikel (z.B. M\u00fcsli, Konserven mit Suppe oder Gem\u00fcse, Fleisch- oder Fischkonserven, Pasta und Pastasaucen, Mac and Cheese, Erdnussbutter, Saftkartons, Cracker, Kaffee und Tee, Reis, Zucker, Toilettenpapier, Waschmittel, Seifenst\u00fccke, Shampoos in Reisegr\u00f6\u00dfe, Zahnb\u00fcrsten und Zahnpasta) f\u00fcr die Lebensmittelsammlung zum Erntedank zur Unterst\u00fctzung von unseren &#8222;Community Pantry&#8220; und &#8222;Wesley Mimico&hellip;<\/p>\n","protected":false},"author":8,"featured_media":39216,"comment_status":"closed","ping_status":"closed","sticky":false,"template":"","format":"standard","meta":{"footnotes":""},"categories":[69],"tags":[],"post_series":[],"class_list":["post-39194","post","type-post","status-publish","format-standard","has-post-thumbnail","hentry","category-news-blog-german","entry","has-media"],"yoast_head":"<!-- This site is optimized with the Yoast SEO plugin v27.5 - https:\/\/yoast.com\/product\/yoast-seo-wordpress\/ -->\n<title>Viele M\u00f6glichkeiten zu teilen zum Erntedank 2021 - Martin Luther Evangelische Kirche Toronto<\/title>\n<meta name=\"robots\" content=\"index, follow, max-snippet:-1, max-image-preview:large, max-video-preview:-1\" \/>\n<link rel=\"canonical\" href=\"https:\/\/martinluther.ca\/de\/2021\/09\/viele-moeglichkeiten-zu-teilen-zum-erntedank-2021\/\" \/>\n<meta property=\"og:locale\" content=\"de_DE\" \/>\n<meta property=\"og:type\" content=\"article\" \/>\n<meta property=\"og:title\" content=\"Viele M\u00f6glichkeiten zu teilen zum Erntedank 2021 - Martin Luther Evangelische Kirche Toronto\" \/>\n<meta property=\"og:description\" content=\"Bitte Spenden Sie haltbare Lebensmittel, und\/ oder Hygieneartikel (z.B. M\u00fcsli, Konserven mit Suppe oder Gem\u00fcse, Fleisch- oder Fischkonserven, Pasta und Pastasaucen, Mac and Cheese, Erdnussbutter, Saftkartons, Cracker, Kaffee und Tee, Reis, Zucker, Toilettenpapier, Waschmittel, Seifenst\u00fccke, Shampoos in Reisegr\u00f6\u00dfe, Zahnb\u00fcrsten und Zahnpasta) f\u00fcr die Lebensmittelsammlung zum Erntedank zur Unterst\u00fctzung von unseren &#8222;Community Pantry&#8220; und &#8222;Wesley Mimico&hellip;\" \/>\n<meta property=\"og:url\" content=\"https:\/\/martinluther.ca\/de\/2021\/09\/viele-moeglichkeiten-zu-teilen-zum-erntedank-2021\/\" \/>\n<meta property=\"og:site_name\" content=\"Martin Luther Evangelische Kirche Toronto\" \/>\n<meta property=\"article:publisher\" content=\"https:\/\/www.facebook.com\/martinlutherchurchtoronto\" \/>\n<meta property=\"article:published_time\" content=\"2021-09-30T20:31:55+00:00\" \/>\n<meta property=\"article:modified_time\" content=\"2021-10-02T00:06:33+00:00\" \/>\n<meta property=\"og:image\" content=\"https:\/\/martinluther.ca\/wp-content\/uploads\/2021\/09\/MLC-Thanksgiving-Food-Drive-simple.jpg\" \/>\n\t<meta property=\"og:image:width\" content=\"2000\" \/>\n\t<meta property=\"og:image:height\" content=\"1545\" \/>\n\t<meta property=\"og:image:type\" content=\"image\/jpeg\" \/>\n<meta name=\"author\" content=\"Marlena Muller\" \/>\n<meta name=\"twitter:card\" content=\"summary_large_image\" \/>\n<meta name=\"twitter:label1\" content=\"Verfasst von\" \/>\n\t<meta name=\"twitter:data1\" content=\"Marlena Muller\" \/>\n\t<meta name=\"twitter:label2\" content=\"Gesch\u00e4tzte Lesezeit\" \/>\n\t<meta name=\"twitter:data2\" content=\"1\u00a0Minute\" \/>\n<script type=\"application\/ld+json\" class=\"yoast-schema-graph\">{\"@context\":\"https:\\\/\\\/schema.org\",\"@graph\":[{\"@type\":\"Article\",\"@id\":\"https:\\\/\\\/martinluther.ca\\\/de\\\/2021\\\/09\\\/viele-moeglichkeiten-zu-teilen-zum-erntedank-2021\\\/#article\",\"isPartOf\":{\"@id\":\"https:\\\/\\\/martinluther.ca\\\/de\\\/2021\\\/09\\\/viele-moeglichkeiten-zu-teilen-zum-erntedank-2021\\\/\"},\"author\":{\"name\":\"Marlena Muller\",\"@id\":\"https:\\\/\\\/martinluther.ca\\\/de\\\/#\\\/schema\\\/person\\\/ef4e825f5d9d6fd740bbd7813710e15d\"},\"headline\":\"Viele M\u00f6glichkeiten zu teilen zum Erntedank 2021\",\"datePublished\":\"2021-09-30T20:31:55+00:00\",\"dateModified\":\"2021-10-02T00:06:33+00:00\",\"mainEntityOfPage\":{\"@id\":\"https:\\\/\\\/martinluther.ca\\\/de\\\/2021\\\/09\\\/viele-moeglichkeiten-zu-teilen-zum-erntedank-2021\\\/\"},\"wordCount\":127,\"publisher\":{\"@id\":\"https:\\\/\\\/martinluther.ca\\\/de\\\/#organization\"},\"image\":{\"@id\":\"https:\\\/\\\/martinluther.ca\\\/de\\\/2021\\\/09\\\/viele-moeglichkeiten-zu-teilen-zum-erntedank-2021\\\/#primaryimage\"},\"thumbnailUrl\":\"https:\\\/\\\/martinluther.ca\\\/wp-content\\\/uploads\\\/2021\\\/09\\\/MLC-Thanksgiving-Food-Drive-simple.jpg\",\"articleSection\":[\"News Blog - German\"],\"inLanguage\":\"de\"},{\"@type\":\"WebPage\",\"@id\":\"https:\\\/\\\/martinluther.ca\\\/de\\\/2021\\\/09\\\/viele-moeglichkeiten-zu-teilen-zum-erntedank-2021\\\/\",\"url\":\"https:\\\/\\\/martinluther.ca\\\/de\\\/2021\\\/09\\\/viele-moeglichkeiten-zu-teilen-zum-erntedank-2021\\\/\",\"name\":\"Viele M\u00f6glichkeiten zu teilen zum Erntedank 2021 - Martin Luther Evangelische Kirche Toronto\",\"isPartOf\":{\"@id\":\"https:\\\/\\\/martinluther.ca\\\/de\\\/#website\"},\"primaryImageOfPage\":{\"@id\":\"https:\\\/\\\/martinluther.ca\\\/de\\\/2021\\\/09\\\/viele-moeglichkeiten-zu-teilen-zum-erntedank-2021\\\/#primaryimage\"},\"image\":{\"@id\":\"https:\\\/\\\/martinluther.ca\\\/de\\\/2021\\\/09\\\/viele-moeglichkeiten-zu-teilen-zum-erntedank-2021\\\/#primaryimage\"},\"thumbnailUrl\":\"https:\\\/\\\/martinluther.ca\\\/wp-content\\\/uploads\\\/2021\\\/09\\\/MLC-Thanksgiving-Food-Drive-simple.jpg\",\"datePublished\":\"2021-09-30T20:31:55+00:00\",\"dateModified\":\"2021-10-02T00:06:33+00:00\",\"breadcrumb\":{\"@id\":\"https:\\\/\\\/martinluther.ca\\\/de\\\/2021\\\/09\\\/viele-moeglichkeiten-zu-teilen-zum-erntedank-2021\\\/#breadcrumb\"},\"inLanguage\":\"de\",\"potentialAction\":[{\"@type\":\"ReadAction\",\"target\":[\"https:\\\/\\\/martinluther.ca\\\/de\\\/2021\\\/09\\\/viele-moeglichkeiten-zu-teilen-zum-erntedank-2021\\\/\"]}]},{\"@type\":\"ImageObject\",\"inLanguage\":\"de\",\"@id\":\"https:\\\/\\\/martinluther.ca\\\/de\\\/2021\\\/09\\\/viele-moeglichkeiten-zu-teilen-zum-erntedank-2021\\\/#primaryimage\",\"url\":\"https:\\\/\\\/martinluther.ca\\\/wp-content\\\/uploads\\\/2021\\\/09\\\/MLC-Thanksgiving-Food-Drive-simple.jpg\",\"contentUrl\":\"https:\\\/\\\/martinluther.ca\\\/wp-content\\\/uploads\\\/2021\\\/09\\\/MLC-Thanksgiving-Food-Drive-simple.jpg\",\"width\":2000,\"height\":1545},{\"@type\":\"BreadcrumbList\",\"@id\":\"https:\\\/\\\/martinluther.ca\\\/de\\\/2021\\\/09\\\/viele-moeglichkeiten-zu-teilen-zum-erntedank-2021\\\/#breadcrumb\",\"itemListElement\":[{\"@type\":\"ListItem\",\"position\":1,\"name\":\"Home\",\"item\":\"https:\\\/\\\/martinluther.ca\\\/de\\\/\"},{\"@type\":\"ListItem\",\"position\":2,\"name\":\"Viele M\u00f6glichkeiten zu teilen zum Erntedank 2021\"}]},{\"@type\":\"WebSite\",\"@id\":\"https:\\\/\\\/martinluther.ca\\\/de\\\/#website\",\"url\":\"https:\\\/\\\/martinluther.ca\\\/de\\\/\",\"name\":\"Martin Luther Evangelical Church Toronto\",\"description\":\"Deutsch &amp; Englisch\",\"publisher\":{\"@id\":\"https:\\\/\\\/martinluther.ca\\\/de\\\/#organization\"},\"potentialAction\":[{\"@type\":\"SearchAction\",\"target\":{\"@type\":\"EntryPoint\",\"urlTemplate\":\"https:\\\/\\\/martinluther.ca\\\/de\\\/?s={search_term_string}\"},\"query-input\":{\"@type\":\"PropertyValueSpecification\",\"valueRequired\":true,\"valueName\":\"search_term_string\"}}],\"inLanguage\":\"de\"},{\"@type\":\"Organization\",\"@id\":\"https:\\\/\\\/martinluther.ca\\\/de\\\/#organization\",\"name\":\"Martin Luther Evangelical Church Toronto\",\"url\":\"https:\\\/\\\/martinluther.ca\\\/de\\\/\",\"logo\":{\"@type\":\"ImageObject\",\"inLanguage\":\"de\",\"@id\":\"https:\\\/\\\/martinluther.ca\\\/de\\\/#\\\/schema\\\/logo\\\/image\\\/\",\"url\":\"https:\\\/\\\/martinluther.ca\\\/wp-content\\\/uploads\\\/2016\\\/12\\\/ml-logo-300.png\",\"contentUrl\":\"https:\\\/\\\/martinluther.ca\\\/wp-content\\\/uploads\\\/2016\\\/12\\\/ml-logo-300.png\",\"width\":300,\"height\":150,\"caption\":\"Martin Luther Evangelical Church Toronto\"},\"image\":{\"@id\":\"https:\\\/\\\/martinluther.ca\\\/de\\\/#\\\/schema\\\/logo\\\/image\\\/\"},\"sameAs\":[\"https:\\\/\\\/www.facebook.com\\\/martinlutherchurchtoronto\",\"https:\\\/\\\/www.instagram.com\\\/lutheransbythelake\\\/\",\"https:\\\/\\\/www.youtube.com\\\/MartinLutherChurchToronto\"]},{\"@type\":\"Person\",\"@id\":\"https:\\\/\\\/martinluther.ca\\\/de\\\/#\\\/schema\\\/person\\\/ef4e825f5d9d6fd740bbd7813710e15d\",\"name\":\"Marlena Muller\",\"image\":{\"@type\":\"ImageObject\",\"inLanguage\":\"de\",\"@id\":\"https:\\\/\\\/secure.gravatar.com\\\/avatar\\\/fe840ff753768b839caa2dd522d4797f19f7e22fa2da83388e0fbfc570b65a37?s=96&d=mm&r=g\",\"url\":\"https:\\\/\\\/secure.gravatar.com\\\/avatar\\\/fe840ff753768b839caa2dd522d4797f19f7e22fa2da83388e0fbfc570b65a37?s=96&d=mm&r=g\",\"contentUrl\":\"https:\\\/\\\/secure.gravatar.com\\\/avatar\\\/fe840ff753768b839caa2dd522d4797f19f7e22fa2da83388e0fbfc570b65a37?s=96&d=mm&r=g\",\"caption\":\"Marlena Muller\"},\"url\":false}]}<\/script>\n<!-- \/ Yoast SEO plugin. -->","yoast_head_json":{"title":"Viele M\u00f6glichkeiten zu teilen zum Erntedank 2021 - Martin Luther Evangelische Kirche Toronto","robots":{"index":"index","follow":"follow","max-snippet":"max-snippet:-1","max-image-preview":"max-image-preview:large","max-video-preview":"max-video-preview:-1"},"canonical":"https:\/\/martinluther.ca\/de\/2021\/09\/viele-moeglichkeiten-zu-teilen-zum-erntedank-2021\/","og_locale":"de_DE","og_type":"article","og_title":"Viele M\u00f6glichkeiten zu teilen zum Erntedank 2021 - Martin Luther Evangelische Kirche Toronto","og_description":"Bitte Spenden Sie haltbare Lebensmittel, und\/ oder Hygieneartikel (z.B. M\u00fcsli, Konserven mit Suppe oder Gem\u00fcse, Fleisch- oder Fischkonserven, Pasta und Pastasaucen, Mac and Cheese, Erdnussbutter, Saftkartons, Cracker, Kaffee und Tee, Reis, Zucker, Toilettenpapier, Waschmittel, Seifenst\u00fccke, Shampoos in Reisegr\u00f6\u00dfe, Zahnb\u00fcrsten und Zahnpasta) f\u00fcr die Lebensmittelsammlung zum Erntedank zur Unterst\u00fctzung von unseren &#8222;Community Pantry&#8220; und &#8222;Wesley Mimico&hellip;","og_url":"https:\/\/martinluther.ca\/de\/2021\/09\/viele-moeglichkeiten-zu-teilen-zum-erntedank-2021\/","og_site_name":"Martin Luther Evangelische Kirche Toronto","article_publisher":"https:\/\/www.facebook.com\/martinlutherchurchtoronto","article_published_time":"2021-09-30T20:31:55+00:00","article_modified_time":"2021-10-02T00:06:33+00:00","og_image":[{"width":2000,"height":1545,"url":"https:\/\/martinluther.ca\/wp-content\/uploads\/2021\/09\/MLC-Thanksgiving-Food-Drive-simple.jpg","type":"image\/jpeg"}],"author":"Marlena Muller","twitter_card":"summary_large_image","twitter_misc":{"Verfasst von":"Marlena Muller","Gesch\u00e4tzte Lesezeit":"1\u00a0Minute"},"schema":{"@context":"https:\/\/schema.org","@graph":[{"@type":"Article","@id":"https:\/\/martinluther.ca\/de\/2021\/09\/viele-moeglichkeiten-zu-teilen-zum-erntedank-2021\/#article","isPartOf":{"@id":"https:\/\/martinluther.ca\/de\/2021\/09\/viele-moeglichkeiten-zu-teilen-zum-erntedank-2021\/"},"author":{"name":"Marlena Muller","@id":"https:\/\/martinluther.ca\/de\/#\/schema\/person\/ef4e825f5d9d6fd740bbd7813710e15d"},"headline":"Viele M\u00f6glichkeiten zu teilen zum Erntedank 2021","datePublished":"2021-09-30T20:31:55+00:00","dateModified":"2021-10-02T00:06:33+00:00","mainEntityOfPage":{"@id":"https:\/\/martinluther.ca\/de\/2021\/09\/viele-moeglichkeiten-zu-teilen-zum-erntedank-2021\/"},"wordCount":127,"publisher":{"@id":"https:\/\/martinluther.ca\/de\/#organization"},"image":{"@id":"https:\/\/martinluther.ca\/de\/2021\/09\/viele-moeglichkeiten-zu-teilen-zum-erntedank-2021\/#primaryimage"},"thumbnailUrl":"https:\/\/martinluther.ca\/wp-content\/uploads\/2021\/09\/MLC-Thanksgiving-Food-Drive-simple.jpg","articleSection":["News Blog - German"],"inLanguage":"de"},{"@type":"WebPage","@id":"https:\/\/martinluther.ca\/de\/2021\/09\/viele-moeglichkeiten-zu-teilen-zum-erntedank-2021\/","url":"https:\/\/martinluther.ca\/de\/2021\/09\/viele-moeglichkeiten-zu-teilen-zum-erntedank-2021\/","name":"Viele M\u00f6glichkeiten zu teilen zum Erntedank 2021 - Martin Luther Evangelische Kirche Toronto","isPartOf":{"@id":"https:\/\/martinluther.ca\/de\/#website"},"primaryImageOfPage":{"@id":"https:\/\/martinluther.ca\/de\/2021\/09\/viele-moeglichkeiten-zu-teilen-zum-erntedank-2021\/#primaryimage"},"image":{"@id":"https:\/\/martinluther.ca\/de\/2021\/09\/viele-moeglichkeiten-zu-teilen-zum-erntedank-2021\/#primaryimage"},"thumbnailUrl":"https:\/\/martinluther.ca\/wp-content\/uploads\/2021\/09\/MLC-Thanksgiving-Food-Drive-simple.jpg","datePublished":"2021-09-30T20:31:55+00:00","dateModified":"2021-10-02T00:06:33+00:00","breadcrumb":{"@id":"https:\/\/martinluther.ca\/de\/2021\/09\/viele-moeglichkeiten-zu-teilen-zum-erntedank-2021\/#breadcrumb"},"inLanguage":"de","potentialAction":[{"@type":"ReadAction","target":["https:\/\/martinluther.ca\/de\/2021\/09\/viele-moeglichkeiten-zu-teilen-zum-erntedank-2021\/"]}]},{"@type":"ImageObject","inLanguage":"de","@id":"https:\/\/martinluther.ca\/de\/2021\/09\/viele-moeglichkeiten-zu-teilen-zum-erntedank-2021\/#primaryimage","url":"https:\/\/martinluther.ca\/wp-content\/uploads\/2021\/09\/MLC-Thanksgiving-Food-Drive-simple.jpg","contentUrl":"https:\/\/martinluther.ca\/wp-content\/uploads\/2021\/09\/MLC-Thanksgiving-Food-Drive-simple.jpg","width":2000,"height":1545},{"@type":"BreadcrumbList","@id":"https:\/\/martinluther.ca\/de\/2021\/09\/viele-moeglichkeiten-zu-teilen-zum-erntedank-2021\/#breadcrumb","itemListElement":[{"@type":"ListItem","position":1,"name":"Home","item":"https:\/\/martinluther.ca\/de\/"},{"@type":"ListItem","position":2,"name":"Viele M\u00f6glichkeiten zu teilen zum Erntedank 2021"}]},{"@type":"WebSite","@id":"https:\/\/martinluther.ca\/de\/#website","url":"https:\/\/martinluther.ca\/de\/","name":"Martin Luther Evangelical Church Toronto","description":"Deutsch &amp; Englisch","publisher":{"@id":"https:\/\/martinluther.ca\/de\/#organization"},"potentialAction":[{"@type":"SearchAction","target":{"@type":"EntryPoint","urlTemplate":"https:\/\/martinluther.ca\/de\/?s={search_term_string}"},"query-input":{"@type":"PropertyValueSpecification","valueRequired":true,"valueName":"search_term_string"}}],"inLanguage":"de"},{"@type":"Organization","@id":"https:\/\/martinluther.ca\/de\/#organization","name":"Martin Luther Evangelical Church Toronto","url":"https:\/\/martinluther.ca\/de\/","logo":{"@type":"ImageObject","inLanguage":"de","@id":"https:\/\/martinluther.ca\/de\/#\/schema\/logo\/image\/","url":"https:\/\/martinluther.ca\/wp-content\/uploads\/2016\/12\/ml-logo-300.png","contentUrl":"https:\/\/martinluther.ca\/wp-content\/uploads\/2016\/12\/ml-logo-300.png","width":300,"height":150,"caption":"Martin Luther Evangelical Church Toronto"},"image":{"@id":"https:\/\/martinluther.ca\/de\/#\/schema\/logo\/image\/"},"sameAs":["https:\/\/www.facebook.com\/martinlutherchurchtoronto","https:\/\/www.instagram.com\/lutheransbythelake\/","https:\/\/www.youtube.com\/MartinLutherChurchToronto"]},{"@type":"Person","@id":"https:\/\/martinluther.ca\/de\/#\/schema\/person\/ef4e825f5d9d6fd740bbd7813710e15d","name":"Marlena Muller","image":{"@type":"ImageObject","inLanguage":"de","@id":"https:\/\/secure.gravatar.com\/avatar\/fe840ff753768b839caa2dd522d4797f19f7e22fa2da83388e0fbfc570b65a37?s=96&d=mm&r=g","url":"https:\/\/secure.gravatar.com\/avatar\/fe840ff753768b839caa2dd522d4797f19f7e22fa2da83388e0fbfc570b65a37?s=96&d=mm&r=g","contentUrl":"https:\/\/secure.gravatar.com\/avatar\/fe840ff753768b839caa2dd522d4797f19f7e22fa2da83388e0fbfc570b65a37?s=96&d=mm&r=g","caption":"Marlena Muller"},"url":false}]}},"_links":{"self":[{"href":"https:\/\/martinluther.ca\/de\/wp-json\/wp\/v2\/posts\/39194","targetHints":{"allow":["GET"]}}],"collection":[{"href":"https:\/\/martinluther.ca\/de\/wp-json\/wp\/v2\/posts"}],"about":[{"href":"https:\/\/martinluther.ca\/de\/wp-json\/wp\/v2\/types\/post"}],"author":[{"embeddable":true,"href":"https:\/\/martinluther.ca\/de\/wp-json\/wp\/v2\/users\/8"}],"replies":[{"embeddable":true,"href":"https:\/\/martinluther.ca\/de\/wp-json\/wp\/v2\/comments?post=39194"}],"version-history":[{"count":6,"href":"https:\/\/martinluther.ca\/de\/wp-json\/wp\/v2\/posts\/39194\/revisions"}],"predecessor-version":[{"id":39221,"href":"https:\/\/martinluther.ca\/de\/wp-json\/wp\/v2\/posts\/39194\/revisions\/39221"}],"wp:featuredmedia":[{"embeddable":true,"href":"https:\/\/martinluther.ca\/de\/wp-json\/wp\/v2\/media\/39216"}],"wp:attachment":[{"href":"https:\/\/martinluther.ca\/de\/wp-json\/wp\/v2\/media?parent=39194"}],"wp:term":[{"taxonomy":"category","embeddable":true,"href":"https:\/\/martinluther.ca\/de\/wp-json\/wp\/v2\/categories?post=39194"},{"taxonomy":"post_tag","embeddable":true,"href":"https:\/\/martinluther.ca\/de\/wp-json\/wp\/v2\/tags?post=39194"},{"taxonomy":"post_series","embeddable":true,"href":"https:\/\/martinluther.ca\/de\/wp-json\/wp\/v2\/post_series?post=39194"}],"curies":[{"name":"wp","href":"https:\/\/api.w.org\/{rel}","templated":true}]}}