{"id":39425,"date":"2021-10-28T16:28:58","date_gmt":"2021-10-28T20:28:58","guid":{"rendered":"https:\/\/martinluther.ca\/?p=39425"},"modified":"2023-12-08T14:00:17","modified_gmt":"2023-12-08T19:00:17","slug":"einfuehrungsgottesdienst-fuer-pastorin-annika-klappert-am-17-oktober-2021","status":"publish","type":"post","link":"https:\/\/martinluther.ca\/de\/2021\/10\/einfuehrungsgottesdienst-fuer-pastorin-annika-klappert-am-17-oktober-2021\/","title":{"rendered":"Einf\u00fchrungsgottesdienst f\u00fcr Pastorin Annika Klappert am 17. Oktober 2021"},"content":{"rendered":"<p><img loading=\"lazy\" decoding=\"async\" class=\"alignright size-medium wp-image-39445\" src=\"https:\/\/martinluther.ca\/wp-content\/uploads\/2021\/10\/2021-Installation-of-Pastor-Klappert-38-4x3-2-300x225.jpg\" alt=\"2021 Installation of Pastor Klappert congregation\" width=\"300\" height=\"225\" srcset=\"https:\/\/martinluther.ca\/wp-content\/uploads\/2021\/10\/2021-Installation-of-Pastor-Klappert-38-4x3-2-300x225.jpg 300w, https:\/\/martinluther.ca\/wp-content\/uploads\/2021\/10\/2021-Installation-of-Pastor-Klappert-38-4x3-2-1024x768.jpg 1024w, https:\/\/martinluther.ca\/wp-content\/uploads\/2021\/10\/2021-Installation-of-Pastor-Klappert-38-4x3-2-768x576.jpg 768w, https:\/\/martinluther.ca\/wp-content\/uploads\/2021\/10\/2021-Installation-of-Pastor-Klappert-38-4x3-2.jpg 1473w\" sizes=\"auto, (max-width: 300px) 100vw, 300px\" \/>An einem herrlichen Tag in Toronto und zum Gl\u00fcck hat alles super geklappt &#8230; Einf\u00fchrungsgottesdienst f\u00fcr Pastorin Annika Klappert am 17. Oktober 2021 in der Martin Luther Kirche, geleitet von Pastor David Tin (Dean of the Central Toronto ministry area, Eastern Synod of the ELCIC) und unserer Pastorin Annika Klappert mit Ehrengast Oberkirchenrat Pastor Marcus Garras aus Deutschland (EKD). F\u00fcrbitten von Pastorin Katharina Moeller (St. George&#8217;s Lutheran Church) und unserem Vikar Adam McComb. Musik von Organistin: Linda Marcinkus, Kantorin: Tanya Zielke, Trompete: Sylvia Kunde. Kirchenvorstand: Peter Kearns, Kai Herrmann, Andrea und Pr\u00e4sidentin Iris Schweiger. Fotografie von Mona Frantzke und Marlena M\u00fcller.<\/p>\n<p>Normalerweise w\u00fcrden wir alle Gemeindemitglieder aus nah und fern in die Kirche einladen, sowie alle Freunde der Gemeinde, u.a. Politiker, deutsches Konsularpersonal, und nat\u00fcrlich alle uns bekannten PastorInnen. Leider mussten wir uns auf einen kleinen Kreis von ungef\u00e4hr 47 Personen beschr\u00e4nken. Wer gerne unsere neue Pastorin, Annika Klappert, begl\u00fcckw\u00fcnschen m\u00f6chte, wird gebeten dieses per Brief oder E-Mail an das Kirchenb\u00fcro zu tun.<\/p>\n<p>Aus dem\u00a0 Gottesdienstblatt <a href=\"https:\/\/martinluther.ca\/wp-content\/uploads\/2021\/10\/2021-10-17_Service-sheet-Pastor-Klapperts-Installation-21st-Sunday-after-Pentecost-E-portrait.pdf\" target=\"_blank\" rel=\"noopener\">PDF<\/a>:<\/p>\n<p><strong>Pastor David Tin (Dean of the Central Toronto ministry area, Eastern Synod of the ELCIC) :<\/strong> People of God, will you receive Pastor Annika Klappert as a messenger of Jesus Christ sent to serve all people with the gospel of hope and salvation? Will you regard her as a servant of Christ and a steward of the mysteries of God?<br \/>\n<strong>A: We will, and we ask God to help us.<\/strong><br \/>\nPastor Tin: Will you pray for her, help and honor her for her work\u2019s sake, and in all things strive to live together in the peace and unity of Christ?<br \/>\n<strong>A: We will, and we ask God to help us.<\/strong><br \/>\nPastor Tin: Annika Klappert, the office of pastor is now committed to you in the name of the Father, and of the Son, and of the Holy Spirit.<br \/>\n<strong>A: Amen.<\/strong><\/p>\n<p><strong>Ansprache von Oberkirchenrat Pastor Marcus Garras (EKD, Hannover, Deutschland) zur Einf\u00fchrung von Pfarrerin Annika Klappert in die Martin-Luther-Gemeinde in Toronto am 17.10.2021<\/strong><br \/>\nLosungswort vom Tag der Ankunft in Kanada:<br \/>\nSei getrost, alles Volk im Lande, spricht der HERR, und arbeitet! Denn ich bin mit euch. (Haggai 2,4)<\/p>\n<p>Liebe Pastorin Annika Klappert, lieber Herr B\u00fcchner, liebe Gemeinde,<br \/>\nverschwitzt und ersch\u00f6pft sehen Sie beide aus \u2013 auf dem Foto, das Iris Schweiger uns am Tag Ihrer Ankunft in Toronto per E-Mail nach Hannover ins Kirchenamt geschickt hat. Verschwitzt und ersch\u00f6pft\u2026ja.. aber vor allem erleichtert und auch gl\u00fccklich\u2026endlich sind wir da!<\/p>\n<p>Denn Ihr Start zum Leben und Dienst hier in der Martin-Luther-Gemeinde in Toronto war ja wirklich alles andere als reibungslos verlaufen.<\/p>\n<p>Zun\u00e4chst verlief alles nach Plan:<br \/>\nDa war der Abschied aus Ihrer Arbeit als Studierendenpfarrerin in M\u00fcnster, der Ausreisekurs der EKD in Berlin dann im Juli, das Packen f\u00fcr den Umzug und die sicher nicht leichten Abschiede von den Menschen, die Ihnen besonders nahestehen: den Freundinnen und Freunden und nat\u00fcrlich von der Familie \u2013 und das alles in diesen Zeiten von Corona, wo wir nicht mit gleicher Leichtigkeit wie bisher verl\u00e4sslich Besuche im jeweils anderen Land planen k\u00f6nnen, wo mit Covid eine neue Unsicherheit noch zus\u00e4tzlich mitschwingt.<br \/>\nUnd dann mit diesen gemischten Gef\u00fchlen zum Flughafen: Abschiedsschmerz einerseits und Vorfreude auf das, was kommt. Tja und dann wenig sp\u00e4ter die \u201ekalte Dusche\u201c der Einsicht: Das klappt heute nicht. Das wird nichts mit unserem Abflug. Wir k\u00f6nnen umkehren und m\u00fcssen noch einmal mit dem Kirchenvorstand der Gemeinde in Kanada und der EKD v\u00f6llig neu ansetzen und schauen, wie wir \u00fcberhaupt ins Land einreisen k\u00f6nnen. Und wer wei\u00df, ob und wenn ja, wann jetzt eine Ausreise nach Kanada \u00fcberhaupt stattfinden kann.<\/p>\n<p>Verschwitzt und ersch\u00f6pft sehen Sie beide aus \u2013 auf dem Foto, das Iris Schweiger uns am Tag Ihrer Ankunft in Toronto per E-Mail nach Hannover ins Kirchenamt geschickt hat. Verschwitzt und ersch\u00f6pft\u2026ja.. aber vor allem erleichtert und auch gl\u00fccklich\u2026endlich sind wir da!<\/p>\n<p>Liebe Pastorin Klappert,<br \/>\ndas Losungswort f\u00fcr den Tag Ihrer Ankunft in Kanada steht beim Propheten Haggai Kapitel 2, V.4 und lautet:<\/p>\n<p>Sei getrost, alles Volk im Lande, spricht der HERR, und arbeitet! Denn ich bin mit euch. (Haggai 2,4)<\/p>\n<p>Was f\u00fcr ein sch\u00f6nes und passendes Wort f\u00fcr diesen \u00dcbergang, f\u00fcr dieses neue Lebenskapitel, das Sie nun in diesen Wochen aufschlagen und beginnen d\u00fcrfen.<br \/>\nUnd neue Kapitel gibt es in Ihrem Leben ja derzeit einige: Nach den zwei Jahren Vikariat in Hamm und den Jahren als Studierendenpfarrerin in M\u00fcnster nun erstmals unterwegs als Gemeindepfarrerin. Nach den Auslandserfahrungen in Studium und Vikariat in Irland und Israel nun die neue Erfahrung eines mehrj\u00e4hrigen Dienstes in Kanada. Und schlie\u00dflich das neue Lebenskapitel der Ehe, die Sie vor wenigen Monaten mit Ihrem Mann Tim geschlossen haben.<\/p>\n<p><img loading=\"lazy\" decoding=\"async\" class=\"alignleft size-medium wp-image-39416\" src=\"https:\/\/martinluther.ca\/wp-content\/uploads\/2021\/10\/2021-Installation-of-Pastor-Klappert-20-4x3-1-300x225.jpg\" alt=\"2021 Installation of Pastor Klappert -Marcus\" width=\"300\" height=\"225\" srcset=\"https:\/\/martinluther.ca\/wp-content\/uploads\/2021\/10\/2021-Installation-of-Pastor-Klappert-20-4x3-1-300x225.jpg 300w, https:\/\/martinluther.ca\/wp-content\/uploads\/2021\/10\/2021-Installation-of-Pastor-Klappert-20-4x3-1-1024x768.jpg 1024w, https:\/\/martinluther.ca\/wp-content\/uploads\/2021\/10\/2021-Installation-of-Pastor-Klappert-20-4x3-1-768x576.jpg 768w, https:\/\/martinluther.ca\/wp-content\/uploads\/2021\/10\/2021-Installation-of-Pastor-Klappert-20-4x3-1-1536x1152.jpg 1536w, https:\/\/martinluther.ca\/wp-content\/uploads\/2021\/10\/2021-Installation-of-Pastor-Klappert-20-4x3-1-2048x1536.jpg 2048w\" sizes=\"auto, (max-width: 300px) 100vw, 300px\" \/>Viel Neues mit ganz viel Potenzial und sicher ganz vielen Sch\u00e4tzen, die da auf dem vor Ihnen liegenden Wegst\u00fcck gehoben werden wollen, erwartet Sie. Und trotz Ihres jungen Alters gehen Sie nicht unvorbereitet auf diesen Weg. Im Gegenteil, Sie bringen Vieles an Knowhow und Erfahrung mit:<br \/>\nDa sind zum einen nat\u00fcrlich Ihre Erfahrungen im Bereich von Gemeinde und hier insbesondere die Erfahrungen mit junger, studentischer und multikultureller Gemeinde und den damit verbundenen Chancen und Herausforderungen im Zusammenleben und Zusammenarbeiten. Mich hat Ihre innovative und zugleich missionarische Haltung beeindruckt, die in Ihrer Bewerbung zum Ausdruck kommt, wenn Sie im R\u00fcckblick auf Ihrer T\u00e4tigkeit als Studierendenpfarrerin in M\u00fcnster schreiben: \u201eAuf die Stelle als Studierendenpfarrerin \u2026 habe ich mich deshalb beworben, weil gerade die jungen Erwachsenen in der \u201enormalen&#8220; Gemeindearbeit nicht auftauchen. Ich wollte mit dieser f\u00fcr die Zukunft der Kirche so wichtigen Zielgruppe in Kontakt kommen, gemeinsam mit Studierenden aller Fachrichtungen neue geistliche Angebote entwickeln und ausprobieren, wie Kirche im 21. Jahrhundert aussehen kann.<\/p>\n<p>Mutige Schritte tun auf dem Weg und dieser Frage nachsp\u00fcren, wie Kirche Jesu Christi im 21. Jahrhundert aussehen kann. Mein Eindruck ist, dass Sie, Pastorin Klappert und die Gemeinde Martin Luther in dieser multikulturellen und modernen Metropole, die Toronto darstellt es gut miteinander getroffen haben und dass Sie diesen Weg guter Weise miteinander werden gehen k\u00f6nnen.<\/p>\n<p>Und sicher wird Ihnen Ihre Erfahrungen aus dem Bereich von Haushalt und Finanzen, wo Sie in den letzten Jahren f\u00fcr das Managen und Controlling von Haushalten im h\u00f6heren sechsstelligen Eurobereich zust\u00e4ndig waren ebenso n\u00fctzlich sein, wie Ihre Erfahrungen aus dem Bereich von Sozialberatung und Seelsorge.<\/p>\n<p>Liebe Pastorin Klappert, Viele Herausforderungen und Chancen liegen vor Ihnen auf diesem Weg, der mit Ihrer Einf\u00fchrung als Pastorin der Martin-Luther-Gemeinde in Toronto heute offiziell beginnt. Vieles bringen Sie mit, das Ihnen auf diesem Weg helfen wird \u2013 einiges davon habe ich eben erw\u00e4hnt.<\/p>\n<p>UND: Sie gehen diesen Weg nicht allein, weder privat, wo Ihnen Ihr Mann zur Seite steht, wof\u00fcr ich Ihnen an dieser Stelle ganz herzlich danken m\u00f6chte, Herr B\u00fcchner, noch dienstlich, wo Sie zusammenarbeiten mit Menschen, die mit Ihnen auf der Suche danach sind, wie Kirche Jesu Christi im 21. Jahrhundert hier in Toronto am Ontariosee geglaubt und gelebt werden kann.<\/p>\n<p>Und schlie\u00dflich gehen Sie diesen Weg nicht allein, weil Sie sich geborgen wissen d\u00fcrfen von der Zusage Gottes, die in dem Losungswort f\u00fcr den Tag Ihrer Ankunft in Toronto so sch\u00f6n sicht- und h\u00f6rbar wird:<\/p>\n<p>Sei getrost, alles Volk im Lande, spricht der HERR, und arbeitet! Denn ich bin mit euch. (Haggai 2,4)<\/p>\n<p>Zuversichtlich zu sein in der Arbeit &#8211; und zu wissen Gott ist dabei.<\/p>\n<p>M\u00f6ge diese Zusage Gottes \u00fcber Ihrem Dienst und \u00fcber Ihrer Zeit hier in Kanada stehen.<br \/>\nAmen!<\/p>\n<div id=\"gallery-1\" class=\"wpex-gallery wpex-grid wpex-grid-cols-4 wpex-gap-20 wpex-lightbox-group wpex-mb-20\"><figure class=\"gallery-item\"><a href=\"https:\/\/martinluther.ca\/wp-content\/uploads\/2021\/10\/2021-Installation-of-Pastor-Klappert-92B-4x3-1-scaled.jpg\" class=\"wpex-lightbox-group-item\" data-title=\"2021 Installation of Pastor Klappert -Annika and Tim\"><img loading=\"lazy\" alt=\"2021 Installation Of Pastor Klappert -Annika And Tim\" decoding=\"async\" src=\"https:\/\/martinluther.ca\/wp-content\/uploads\/2021\/10\/2021-Installation-of-Pastor-Klappert-92B-4x3-1-scaled-1024x768.jpg\" srcset=\"https:\/\/martinluther.ca\/wp-content\/uploads\/2021\/10\/2021-Installation-of-Pastor-Klappert-92B-4x3-1-scaled-1024x768.jpg 1024w, https:\/\/martinluther.ca\/wp-content\/uploads\/2021\/10\/2021-Installation-of-Pastor-Klappert-92B-4x3-1-300x225.jpg 300w, https:\/\/martinluther.ca\/wp-content\/uploads\/2021\/10\/2021-Installation-of-Pastor-Klappert-92B-4x3-1-768x576.jpg 768w, https:\/\/martinluther.ca\/wp-content\/uploads\/2021\/10\/2021-Installation-of-Pastor-Klappert-92B-4x3-1-1536x1152.jpg 1536w, https:\/\/martinluther.ca\/wp-content\/uploads\/2021\/10\/2021-Installation-of-Pastor-Klappert-92B-4x3-1-2048x1536.jpg 2048w\" width=\"1024\" height=\"768\"><\/a><\/figure><figure class=\"gallery-item\"><a href=\"https:\/\/martinluther.ca\/wp-content\/uploads\/2021\/10\/2021-Installation-of-Pastor-Klappert-28b-sq.jpg\" class=\"wpex-lightbox-group-item\"><img loading=\"lazy\" decoding=\"async\" src=\"https:\/\/martinluther.ca\/wp-content\/uploads\/2021\/10\/2021-Installation-of-Pastor-Klappert-28b-sq-1024x1024.jpg\" alt=\"\" srcset=\"https:\/\/martinluther.ca\/wp-content\/uploads\/2021\/10\/2021-Installation-of-Pastor-Klappert-28b-sq-1024x1024.jpg 1024w, https:\/\/martinluther.ca\/wp-content\/uploads\/2021\/10\/2021-Installation-of-Pastor-Klappert-28b-sq-300x300.jpg 300w, https:\/\/martinluther.ca\/wp-content\/uploads\/2021\/10\/2021-Installation-of-Pastor-Klappert-28b-sq-150x150.jpg 150w, https:\/\/martinluther.ca\/wp-content\/uploads\/2021\/10\/2021-Installation-of-Pastor-Klappert-28b-sq-768x768.jpg 768w, https:\/\/martinluther.ca\/wp-content\/uploads\/2021\/10\/2021-Installation-of-Pastor-Klappert-28b-sq-1536x1536.jpg 1536w, https:\/\/martinluther.ca\/wp-content\/uploads\/2021\/10\/2021-Installation-of-Pastor-Klappert-28b-sq-2048x2048.jpg 2048w\" width=\"1024\" height=\"1024\"><\/a><\/figure><figure class=\"gallery-item\"><a href=\"https:\/\/martinluther.ca\/wp-content\/uploads\/2021\/10\/2021-Installation-of-Pastor-Klappert-20-4x3-1.jpg\" class=\"wpex-lightbox-group-item\" data-title=\"2021 Installation of Pastor Klappert -Marcus\"><img loading=\"lazy\" alt=\"2021 Installation Of Pastor Klappert -Marcus\" decoding=\"async\" src=\"https:\/\/martinluther.ca\/wp-content\/uploads\/2021\/10\/2021-Installation-of-Pastor-Klappert-20-4x3-1-1024x768.jpg\" srcset=\"https:\/\/martinluther.ca\/wp-content\/uploads\/2021\/10\/2021-Installation-of-Pastor-Klappert-20-4x3-1-1024x768.jpg 1024w, https:\/\/martinluther.ca\/wp-content\/uploads\/2021\/10\/2021-Installation-of-Pastor-Klappert-20-4x3-1-300x225.jpg 300w, https:\/\/martinluther.ca\/wp-content\/uploads\/2021\/10\/2021-Installation-of-Pastor-Klappert-20-4x3-1-768x576.jpg 768w, https:\/\/martinluther.ca\/wp-content\/uploads\/2021\/10\/2021-Installation-of-Pastor-Klappert-20-4x3-1-1536x1152.jpg 1536w, https:\/\/martinluther.ca\/wp-content\/uploads\/2021\/10\/2021-Installation-of-Pastor-Klappert-20-4x3-1-2048x1536.jpg 2048w\" width=\"1024\" height=\"768\"><\/a><\/figure><figure class=\"gallery-item\"><a href=\"https:\/\/martinluther.ca\/wp-content\/uploads\/2021\/10\/2021-Installation-of-Pastor-Klappert-77-4x3lighter.jpg\" class=\"wpex-lightbox-group-item\"><img loading=\"lazy\" decoding=\"async\" src=\"https:\/\/martinluther.ca\/wp-content\/uploads\/2021\/10\/2021-Installation-of-Pastor-Klappert-77-4x3lighter-1024x768.jpg\" alt=\"\" srcset=\"https:\/\/martinluther.ca\/wp-content\/uploads\/2021\/10\/2021-Installation-of-Pastor-Klappert-77-4x3lighter-1024x768.jpg 1024w, https:\/\/martinluther.ca\/wp-content\/uploads\/2021\/10\/2021-Installation-of-Pastor-Klappert-77-4x3lighter-300x225.jpg 300w, https:\/\/martinluther.ca\/wp-content\/uploads\/2021\/10\/2021-Installation-of-Pastor-Klappert-77-4x3lighter-768x576.jpg 768w, https:\/\/martinluther.ca\/wp-content\/uploads\/2021\/10\/2021-Installation-of-Pastor-Klappert-77-4x3lighter-1536x1152.jpg 1536w, https:\/\/martinluther.ca\/wp-content\/uploads\/2021\/10\/2021-Installation-of-Pastor-Klappert-77-4x3lighter-2048x1536.jpg 2048w\" width=\"1024\" height=\"768\"><\/a><\/figure><figure class=\"gallery-item\"><a href=\"https:\/\/martinluther.ca\/wp-content\/uploads\/2021\/10\/2021-Installation-of-Pastor-Klappert-75-4x3lighter.jpg\" class=\"wpex-lightbox-group-item\"><img loading=\"lazy\" decoding=\"async\" src=\"https:\/\/martinluther.ca\/wp-content\/uploads\/2021\/10\/2021-Installation-of-Pastor-Klappert-75-4x3lighter-1024x768.jpg\" alt=\"\" srcset=\"https:\/\/martinluther.ca\/wp-content\/uploads\/2021\/10\/2021-Installation-of-Pastor-Klappert-75-4x3lighter-1024x768.jpg 1024w, https:\/\/martinluther.ca\/wp-content\/uploads\/2021\/10\/2021-Installation-of-Pastor-Klappert-75-4x3lighter-300x225.jpg 300w, https:\/\/martinluther.ca\/wp-content\/uploads\/2021\/10\/2021-Installation-of-Pastor-Klappert-75-4x3lighter-768x576.jpg 768w, https:\/\/martinluther.ca\/wp-content\/uploads\/2021\/10\/2021-Installation-of-Pastor-Klappert-75-4x3lighter-1536x1152.jpg 1536w, https:\/\/martinluther.ca\/wp-content\/uploads\/2021\/10\/2021-Installation-of-Pastor-Klappert-75-4x3lighter-2048x1536.jpg 2048w\" width=\"1024\" height=\"768\"><\/a><\/figure><figure class=\"gallery-item\"><a href=\"https:\/\/martinluther.ca\/wp-content\/uploads\/2021\/10\/2021-Installation-of-Pastor-Klappert-74-4x3-verticallighter-rotated.jpg\" class=\"wpex-lightbox-group-item\"><img loading=\"lazy\" decoding=\"async\" src=\"https:\/\/martinluther.ca\/wp-content\/uploads\/2021\/10\/2021-Installation-of-Pastor-Klappert-74-4x3-verticallighter-rotated-768x1024.jpg\" alt=\"\" srcset=\"https:\/\/martinluther.ca\/wp-content\/uploads\/2021\/10\/2021-Installation-of-Pastor-Klappert-74-4x3-verticallighter-768x1024.jpg 768w, https:\/\/martinluther.ca\/wp-content\/uploads\/2021\/10\/2021-Installation-of-Pastor-Klappert-74-4x3-verticallighter-225x300.jpg 225w, https:\/\/martinluther.ca\/wp-content\/uploads\/2021\/10\/2021-Installation-of-Pastor-Klappert-74-4x3-verticallighter-1152x1536.jpg 1152w, https:\/\/martinluther.ca\/wp-content\/uploads\/2021\/10\/2021-Installation-of-Pastor-Klappert-74-4x3-verticallighter-1536x2048.jpg 1536w, https:\/\/martinluther.ca\/wp-content\/uploads\/2021\/10\/2021-Installation-of-Pastor-Klappert-74-4x3-verticallighter-rotated.jpg 1773w\" width=\"768\" height=\"1024\"><\/a><\/figure><figure class=\"gallery-item\"><a href=\"https:\/\/martinluther.ca\/wp-content\/uploads\/2021\/10\/2021-Installation-of-Pastor-Klappert-73-4x3-verticallighter-rotated.jpg\" class=\"wpex-lightbox-group-item\"><img loading=\"lazy\" decoding=\"async\" src=\"https:\/\/martinluther.ca\/wp-content\/uploads\/2021\/10\/2021-Installation-of-Pastor-Klappert-73-4x3-verticallighter-rotated-768x1024.jpg\" alt=\"\" srcset=\"https:\/\/martinluther.ca\/wp-content\/uploads\/2021\/10\/2021-Installation-of-Pastor-Klappert-73-4x3-verticallighter-768x1024.jpg 768w, https:\/\/martinluther.ca\/wp-content\/uploads\/2021\/10\/2021-Installation-of-Pastor-Klappert-73-4x3-verticallighter-225x300.jpg 225w, https:\/\/martinluther.ca\/wp-content\/uploads\/2021\/10\/2021-Installation-of-Pastor-Klappert-73-4x3-verticallighter-1152x1536.jpg 1152w, https:\/\/martinluther.ca\/wp-content\/uploads\/2021\/10\/2021-Installation-of-Pastor-Klappert-73-4x3-verticallighter-1536x2048.jpg 1536w, https:\/\/martinluther.ca\/wp-content\/uploads\/2021\/10\/2021-Installation-of-Pastor-Klappert-73-4x3-verticallighter-rotated.jpg 1773w\" width=\"768\" height=\"1024\"><\/a><\/figure><figure class=\"gallery-item\"><a href=\"https:\/\/martinluther.ca\/wp-content\/uploads\/2021\/10\/2021-Installation-of-Pastor-Klappert-64-sqlighter.jpg\" class=\"wpex-lightbox-group-item\"><img loading=\"lazy\" decoding=\"async\" src=\"https:\/\/martinluther.ca\/wp-content\/uploads\/2021\/10\/2021-Installation-of-Pastor-Klappert-64-sqlighter-1024x1024.jpg\" alt=\"\" srcset=\"https:\/\/martinluther.ca\/wp-content\/uploads\/2021\/10\/2021-Installation-of-Pastor-Klappert-64-sqlighter-1024x1024.jpg 1024w, https:\/\/martinluther.ca\/wp-content\/uploads\/2021\/10\/2021-Installation-of-Pastor-Klappert-64-sqlighter-300x300.jpg 300w, https:\/\/martinluther.ca\/wp-content\/uploads\/2021\/10\/2021-Installation-of-Pastor-Klappert-64-sqlighter-150x150.jpg 150w, https:\/\/martinluther.ca\/wp-content\/uploads\/2021\/10\/2021-Installation-of-Pastor-Klappert-64-sqlighter-768x768.jpg 768w, https:\/\/martinluther.ca\/wp-content\/uploads\/2021\/10\/2021-Installation-of-Pastor-Klappert-64-sqlighter-1536x1536.jpg 1536w, https:\/\/martinluther.ca\/wp-content\/uploads\/2021\/10\/2021-Installation-of-Pastor-Klappert-64-sqlighter.jpg 2048w\" width=\"1024\" height=\"1024\"><\/a><\/figure><figure class=\"gallery-item\"><a href=\"https:\/\/martinluther.ca\/wp-content\/uploads\/2021\/10\/2021-Installation-of-Pastor-Klappert-52-4x3lighter.jpg\" class=\"wpex-lightbox-group-item\"><img loading=\"lazy\" decoding=\"async\" src=\"https:\/\/martinluther.ca\/wp-content\/uploads\/2021\/10\/2021-Installation-of-Pastor-Klappert-52-4x3lighter-1024x768.jpg\" alt=\"\" srcset=\"https:\/\/martinluther.ca\/wp-content\/uploads\/2021\/10\/2021-Installation-of-Pastor-Klappert-52-4x3lighter-1024x768.jpg 1024w, https:\/\/martinluther.ca\/wp-content\/uploads\/2021\/10\/2021-Installation-of-Pastor-Klappert-52-4x3lighter-300x225.jpg 300w, https:\/\/martinluther.ca\/wp-content\/uploads\/2021\/10\/2021-Installation-of-Pastor-Klappert-52-4x3lighter-768x576.jpg 768w, https:\/\/martinluther.ca\/wp-content\/uploads\/2021\/10\/2021-Installation-of-Pastor-Klappert-52-4x3lighter-1536x1152.jpg 1536w, https:\/\/martinluther.ca\/wp-content\/uploads\/2021\/10\/2021-Installation-of-Pastor-Klappert-52-4x3lighter-2048x1536.jpg 2048w\" width=\"1024\" height=\"768\"><\/a><\/figure><figure class=\"gallery-item\"><a href=\"https:\/\/martinluther.ca\/wp-content\/uploads\/2021\/10\/2021-Installation-of-Pastor-Klappert-50-4x3lighter.jpg\" class=\"wpex-lightbox-group-item\" data-title=\"2021 Installation of Pastor Klappert\"><img loading=\"lazy\" alt=\"2021 Installation Of Pastor Klappert\" decoding=\"async\" src=\"https:\/\/martinluther.ca\/wp-content\/uploads\/2021\/10\/2021-Installation-of-Pastor-Klappert-50-4x3lighter-1024x768.jpg\" srcset=\"https:\/\/martinluther.ca\/wp-content\/uploads\/2021\/10\/2021-Installation-of-Pastor-Klappert-50-4x3lighter-1024x768.jpg 1024w, https:\/\/martinluther.ca\/wp-content\/uploads\/2021\/10\/2021-Installation-of-Pastor-Klappert-50-4x3lighter-300x225.jpg 300w, https:\/\/martinluther.ca\/wp-content\/uploads\/2021\/10\/2021-Installation-of-Pastor-Klappert-50-4x3lighter-768x576.jpg 768w, https:\/\/martinluther.ca\/wp-content\/uploads\/2021\/10\/2021-Installation-of-Pastor-Klappert-50-4x3lighter-1536x1152.jpg 1536w, https:\/\/martinluther.ca\/wp-content\/uploads\/2021\/10\/2021-Installation-of-Pastor-Klappert-50-4x3lighter-2048x1536.jpg 2048w\" width=\"1024\" height=\"768\"><\/a><\/figure><figure class=\"gallery-item\"><a href=\"https:\/\/martinluther.ca\/wp-content\/uploads\/2021\/10\/2021-Installation-of-Pastor-Klappert-47-4x3lighter.jpg\" class=\"wpex-lightbox-group-item\"><img loading=\"lazy\" decoding=\"async\" src=\"https:\/\/martinluther.ca\/wp-content\/uploads\/2021\/10\/2021-Installation-of-Pastor-Klappert-47-4x3lighter-1024x768.jpg\" alt=\"\" srcset=\"https:\/\/martinluther.ca\/wp-content\/uploads\/2021\/10\/2021-Installation-of-Pastor-Klappert-47-4x3lighter-1024x768.jpg 1024w, https:\/\/martinluther.ca\/wp-content\/uploads\/2021\/10\/2021-Installation-of-Pastor-Klappert-47-4x3lighter-300x225.jpg 300w, https:\/\/martinluther.ca\/wp-content\/uploads\/2021\/10\/2021-Installation-of-Pastor-Klappert-47-4x3lighter-768x576.jpg 768w, https:\/\/martinluther.ca\/wp-content\/uploads\/2021\/10\/2021-Installation-of-Pastor-Klappert-47-4x3lighter-1536x1152.jpg 1536w, https:\/\/martinluther.ca\/wp-content\/uploads\/2021\/10\/2021-Installation-of-Pastor-Klappert-47-4x3lighter-2048x1536.jpg 2048w\" width=\"1024\" height=\"768\"><\/a><\/figure><figure class=\"gallery-item\"><a href=\"https:\/\/martinluther.ca\/wp-content\/uploads\/2021\/10\/2021-Installation-of-Pastor-Klappert-46-4x3lighter.jpg\" class=\"wpex-lightbox-group-item\"><img loading=\"lazy\" decoding=\"async\" src=\"https:\/\/martinluther.ca\/wp-content\/uploads\/2021\/10\/2021-Installation-of-Pastor-Klappert-46-4x3lighter-1024x768.jpg\" alt=\"\" srcset=\"https:\/\/martinluther.ca\/wp-content\/uploads\/2021\/10\/2021-Installation-of-Pastor-Klappert-46-4x3lighter-1024x768.jpg 1024w, https:\/\/martinluther.ca\/wp-content\/uploads\/2021\/10\/2021-Installation-of-Pastor-Klappert-46-4x3lighter-300x225.jpg 300w, https:\/\/martinluther.ca\/wp-content\/uploads\/2021\/10\/2021-Installation-of-Pastor-Klappert-46-4x3lighter-768x576.jpg 768w, https:\/\/martinluther.ca\/wp-content\/uploads\/2021\/10\/2021-Installation-of-Pastor-Klappert-46-4x3lighter-1536x1152.jpg 1536w, https:\/\/martinluther.ca\/wp-content\/uploads\/2021\/10\/2021-Installation-of-Pastor-Klappert-46-4x3lighter-2048x1536.jpg 2048w\" width=\"1024\" height=\"768\"><\/a><\/figure><figure class=\"gallery-item\"><a href=\"https:\/\/martinluther.ca\/wp-content\/uploads\/2021\/10\/2021-Installation-of-Pastor-Klappert-39-4x3lighter-scaled.jpg\" class=\"wpex-lightbox-group-item\"><img loading=\"lazy\" decoding=\"async\" src=\"https:\/\/martinluther.ca\/wp-content\/uploads\/2021\/10\/2021-Installation-of-Pastor-Klappert-39-4x3lighter-scaled-1024x576.jpg\" alt=\"\" srcset=\"https:\/\/martinluther.ca\/wp-content\/uploads\/2021\/10\/2021-Installation-of-Pastor-Klappert-39-4x3lighter-scaled-1024x576.jpg 1024w, https:\/\/martinluther.ca\/wp-content\/uploads\/2021\/10\/2021-Installation-of-Pastor-Klappert-39-4x3lighter-300x169.jpg 300w, https:\/\/martinluther.ca\/wp-content\/uploads\/2021\/10\/2021-Installation-of-Pastor-Klappert-39-4x3lighter-768x432.jpg 768w, https:\/\/martinluther.ca\/wp-content\/uploads\/2021\/10\/2021-Installation-of-Pastor-Klappert-39-4x3lighter-1536x864.jpg 1536w, https:\/\/martinluther.ca\/wp-content\/uploads\/2021\/10\/2021-Installation-of-Pastor-Klappert-39-4x3lighter-2048x1152.jpg 2048w\" width=\"1024\" height=\"576\"><\/a><\/figure><figure class=\"gallery-item\"><a href=\"https:\/\/martinluther.ca\/wp-content\/uploads\/2021\/10\/2021-Installation-of-Pastor-Klappert-34-4x3-verticallighter-rotated.jpg\" class=\"wpex-lightbox-group-item\" data-title=\"2021 Installation of Pastor Klappert -Blessing\"><img loading=\"lazy\" alt=\"2021 Installation Of Pastor Klappert -Blessing\" decoding=\"async\" src=\"https:\/\/martinluther.ca\/wp-content\/uploads\/2021\/10\/2021-Installation-of-Pastor-Klappert-34-4x3-verticallighter-rotated-768x1024.jpg\" srcset=\"https:\/\/martinluther.ca\/wp-content\/uploads\/2021\/10\/2021-Installation-of-Pastor-Klappert-34-4x3-verticallighter-768x1024.jpg 768w, https:\/\/martinluther.ca\/wp-content\/uploads\/2021\/10\/2021-Installation-of-Pastor-Klappert-34-4x3-verticallighter-225x300.jpg 225w, https:\/\/martinluther.ca\/wp-content\/uploads\/2021\/10\/2021-Installation-of-Pastor-Klappert-34-4x3-verticallighter-1152x1536.jpg 1152w, https:\/\/martinluther.ca\/wp-content\/uploads\/2021\/10\/2021-Installation-of-Pastor-Klappert-34-4x3-verticallighter-1536x2048.jpg 1536w, https:\/\/martinluther.ca\/wp-content\/uploads\/2021\/10\/2021-Installation-of-Pastor-Klappert-34-4x3-verticallighter-rotated.jpg 1773w\" width=\"768\" height=\"1024\"><\/a><\/figure><figure class=\"gallery-item\"><a href=\"https:\/\/martinluther.ca\/wp-content\/uploads\/2021\/10\/2021-Installation-of-Pastor-Klappert-04-4x3-verticallighter-rotated.jpg\" class=\"wpex-lightbox-group-item\"><img loading=\"lazy\" decoding=\"async\" src=\"https:\/\/martinluther.ca\/wp-content\/uploads\/2021\/10\/2021-Installation-of-Pastor-Klappert-04-4x3-verticallighter-rotated-768x1024.jpg\" alt=\"\" srcset=\"https:\/\/martinluther.ca\/wp-content\/uploads\/2021\/10\/2021-Installation-of-Pastor-Klappert-04-4x3-verticallighter-768x1024.jpg 768w, https:\/\/martinluther.ca\/wp-content\/uploads\/2021\/10\/2021-Installation-of-Pastor-Klappert-04-4x3-verticallighter-225x300.jpg 225w, https:\/\/martinluther.ca\/wp-content\/uploads\/2021\/10\/2021-Installation-of-Pastor-Klappert-04-4x3-verticallighter-1152x1536.jpg 1152w, https:\/\/martinluther.ca\/wp-content\/uploads\/2021\/10\/2021-Installation-of-Pastor-Klappert-04-4x3-verticallighter-1536x2048.jpg 1536w, https:\/\/martinluther.ca\/wp-content\/uploads\/2021\/10\/2021-Installation-of-Pastor-Klappert-04-4x3-verticallighter-rotated.jpg 1773w\" width=\"768\" height=\"1024\"><\/a><\/figure><figure class=\"gallery-item\"><a href=\"https:\/\/martinluther.ca\/wp-content\/uploads\/2021\/10\/2021-Installation-of-Pastor-Klappert-03-4x3lighter.jpg\" class=\"wpex-lightbox-group-item\"><img loading=\"lazy\" decoding=\"async\" src=\"https:\/\/martinluther.ca\/wp-content\/uploads\/2021\/10\/2021-Installation-of-Pastor-Klappert-03-4x3lighter-1024x768.jpg\" alt=\"\" srcset=\"https:\/\/martinluther.ca\/wp-content\/uploads\/2021\/10\/2021-Installation-of-Pastor-Klappert-03-4x3lighter-1024x768.jpg 1024w, https:\/\/martinluther.ca\/wp-content\/uploads\/2021\/10\/2021-Installation-of-Pastor-Klappert-03-4x3lighter-300x225.jpg 300w, https:\/\/martinluther.ca\/wp-content\/uploads\/2021\/10\/2021-Installation-of-Pastor-Klappert-03-4x3lighter-768x576.jpg 768w, https:\/\/martinluther.ca\/wp-content\/uploads\/2021\/10\/2021-Installation-of-Pastor-Klappert-03-4x3lighter-1536x1152.jpg 1536w, https:\/\/martinluther.ca\/wp-content\/uploads\/2021\/10\/2021-Installation-of-Pastor-Klappert-03-4x3lighter-2048x1536.jpg 2048w\" width=\"1024\" height=\"768\"><\/a><\/figure><figure class=\"gallery-item\"><a href=\"https:\/\/martinluther.ca\/wp-content\/uploads\/2021\/10\/2021-Installation-of-Pastor-Klappert-02-4x3lighter.jpg\" class=\"wpex-lightbox-group-item\"><img loading=\"lazy\" decoding=\"async\" src=\"https:\/\/martinluther.ca\/wp-content\/uploads\/2021\/10\/2021-Installation-of-Pastor-Klappert-02-4x3lighter-1024x768.jpg\" alt=\"\" srcset=\"https:\/\/martinluther.ca\/wp-content\/uploads\/2021\/10\/2021-Installation-of-Pastor-Klappert-02-4x3lighter-1024x768.jpg 1024w, https:\/\/martinluther.ca\/wp-content\/uploads\/2021\/10\/2021-Installation-of-Pastor-Klappert-02-4x3lighter-300x225.jpg 300w, https:\/\/martinluther.ca\/wp-content\/uploads\/2021\/10\/2021-Installation-of-Pastor-Klappert-02-4x3lighter-768x576.jpg 768w, https:\/\/martinluther.ca\/wp-content\/uploads\/2021\/10\/2021-Installation-of-Pastor-Klappert-02-4x3lighter-1536x1152.jpg 1536w, https:\/\/martinluther.ca\/wp-content\/uploads\/2021\/10\/2021-Installation-of-Pastor-Klappert-02-4x3lighter-2048x1536.jpg 2048w\" width=\"1024\" height=\"768\"><\/a><\/figure><figure class=\"gallery-item\"><a href=\"https:\/\/martinluther.ca\/wp-content\/uploads\/2021\/10\/2021-Installation-of-Pastor-Klappert-01-4x3lighter.jpg\" class=\"wpex-lightbox-group-item\"><img loading=\"lazy\" decoding=\"async\" src=\"https:\/\/martinluther.ca\/wp-content\/uploads\/2021\/10\/2021-Installation-of-Pastor-Klappert-01-4x3lighter-1024x768.jpg\" alt=\"\" srcset=\"https:\/\/martinluther.ca\/wp-content\/uploads\/2021\/10\/2021-Installation-of-Pastor-Klappert-01-4x3lighter-1024x768.jpg 1024w, https:\/\/martinluther.ca\/wp-content\/uploads\/2021\/10\/2021-Installation-of-Pastor-Klappert-01-4x3lighter-300x225.jpg 300w, https:\/\/martinluther.ca\/wp-content\/uploads\/2021\/10\/2021-Installation-of-Pastor-Klappert-01-4x3lighter-768x576.jpg 768w, https:\/\/martinluther.ca\/wp-content\/uploads\/2021\/10\/2021-Installation-of-Pastor-Klappert-01-4x3lighter-1536x1152.jpg 1536w, https:\/\/martinluther.ca\/wp-content\/uploads\/2021\/10\/2021-Installation-of-Pastor-Klappert-01-4x3lighter-2048x1535.jpg 2048w\" width=\"1024\" height=\"768\"><\/a><\/figure><\/div>\n\n<p><img loading=\"lazy\" decoding=\"async\" class=\"alignleft size-full wp-image-39391\" src=\"https:\/\/martinluther.ca\/wp-content\/uploads\/2021\/10\/2021-Installation-of-Pastor-Klappert-09-wide-lighter-scaled.jpg\" alt=\"2021 Installation of Pastor Klappert -organ loft\" width=\"2560\" height=\"1440\" srcset=\"https:\/\/martinluther.ca\/wp-content\/uploads\/2021\/10\/2021-Installation-of-Pastor-Klappert-09-wide-lighter-scaled.jpg 2560w, https:\/\/martinluther.ca\/wp-content\/uploads\/2021\/10\/2021-Installation-of-Pastor-Klappert-09-wide-lighter-300x169.jpg 300w, https:\/\/martinluther.ca\/wp-content\/uploads\/2021\/10\/2021-Installation-of-Pastor-Klappert-09-wide-lighter-1024x576.jpg 1024w, https:\/\/martinluther.ca\/wp-content\/uploads\/2021\/10\/2021-Installation-of-Pastor-Klappert-09-wide-lighter-768x432.jpg 768w, https:\/\/martinluther.ca\/wp-content\/uploads\/2021\/10\/2021-Installation-of-Pastor-Klappert-09-wide-lighter-1536x864.jpg 1536w, https:\/\/martinluther.ca\/wp-content\/uploads\/2021\/10\/2021-Installation-of-Pastor-Klappert-09-wide-lighter-2048x1152.jpg 2048w\" sizes=\"auto, (max-width: 2560px) 100vw, 2560px\" \/><\/p>\n<p><img loading=\"lazy\" decoding=\"async\" class=\"alignleft size-full wp-image-39419\" src=\"https:\/\/martinluther.ca\/wp-content\/uploads\/2021\/10\/2021-Installation-of-Pastor-Klappert-87-3-scaled.jpg\" alt=\"2021 Installation of Pastor Klappert pastors in front wide\" width=\"2560\" height=\"815\" srcset=\"https:\/\/martinluther.ca\/wp-content\/uploads\/2021\/10\/2021-Installation-of-Pastor-Klappert-87-3-scaled.jpg 2560w, https:\/\/martinluther.ca\/wp-content\/uploads\/2021\/10\/2021-Installation-of-Pastor-Klappert-87-3-300x96.jpg 300w, https:\/\/martinluther.ca\/wp-content\/uploads\/2021\/10\/2021-Installation-of-Pastor-Klappert-87-3-1024x326.jpg 1024w, https:\/\/martinluther.ca\/wp-content\/uploads\/2021\/10\/2021-Installation-of-Pastor-Klappert-87-3-768x245.jpg 768w, https:\/\/martinluther.ca\/wp-content\/uploads\/2021\/10\/2021-Installation-of-Pastor-Klappert-87-3-1536x489.jpg 1536w, https:\/\/martinluther.ca\/wp-content\/uploads\/2021\/10\/2021-Installation-of-Pastor-Klappert-87-3-2048x652.jpg 2048w\" sizes=\"auto, (max-width: 2560px) 100vw, 2560px\" \/><\/p>\n","protected":false},"excerpt":{"rendered":"<p>An einem herrlichen Tag in Toronto und zum Gl\u00fcck hat alles super geklappt &#8230; Einf\u00fchrungsgottesdienst f\u00fcr Pastorin Annika Klappert am 17. Oktober 2021 in der Martin Luther Kirche, geleitet von Pastor David Tin (Dean of the Central Toronto ministry area, Eastern Synod of the ELCIC) und unserer Pastorin Annika Klappert mit Ehrengast Oberkirchenrat Pastor Marcus&hellip;<\/p>\n","protected":false},"author":9,"featured_media":39394,"comment_status":"closed","ping_status":"closed","sticky":false,"template":"","format":"standard","meta":{"footnotes":""},"categories":[69],"tags":[],"post_series":[],"class_list":["post-39425","post","type-post","status-publish","format-standard","has-post-thumbnail","hentry","category-news-blog-german","entry","has-media"],"yoast_head":"<!-- This site is optimized with the Yoast SEO plugin v27.5 - https:\/\/yoast.com\/product\/yoast-seo-wordpress\/ -->\n<title>Einf\u00fchrungsgottesdienst f\u00fcr Pastorin Annika Klappert am 17. Oktober 2021 - Martin Luther Evangelische Kirche Toronto<\/title>\n<meta name=\"robots\" content=\"index, follow, max-snippet:-1, max-image-preview:large, max-video-preview:-1\" \/>\n<link rel=\"canonical\" href=\"https:\/\/martinluther.ca\/de\/2021\/10\/einfuehrungsgottesdienst-fuer-pastorin-annika-klappert-am-17-oktober-2021\/\" \/>\n<meta property=\"og:locale\" content=\"de_DE\" \/>\n<meta property=\"og:type\" content=\"article\" \/>\n<meta property=\"og:title\" content=\"Einf\u00fchrungsgottesdienst f\u00fcr Pastorin Annika Klappert am 17. Oktober 2021 - Martin Luther Evangelische Kirche Toronto\" \/>\n<meta property=\"og:description\" content=\"An einem herrlichen Tag in Toronto und zum Gl\u00fcck hat alles super geklappt &#8230; Einf\u00fchrungsgottesdienst f\u00fcr Pastorin Annika Klappert am 17. Oktober 2021 in der Martin Luther Kirche, geleitet von Pastor David Tin (Dean of the Central Toronto ministry area, Eastern Synod of the ELCIC) und unserer Pastorin Annika Klappert mit Ehrengast Oberkirchenrat Pastor Marcus&hellip;\" \/>\n<meta property=\"og:url\" content=\"https:\/\/martinluther.ca\/de\/2021\/10\/einfuehrungsgottesdienst-fuer-pastorin-annika-klappert-am-17-oktober-2021\/\" \/>\n<meta property=\"og:site_name\" content=\"Martin Luther Evangelische Kirche Toronto\" \/>\n<meta property=\"article:publisher\" content=\"https:\/\/www.facebook.com\/martinlutherchurchtoronto\" \/>\n<meta property=\"article:published_time\" content=\"2021-10-28T20:28:58+00:00\" \/>\n<meta property=\"article:modified_time\" content=\"2023-12-08T19:00:17+00:00\" \/>\n<meta property=\"og:image\" content=\"https:\/\/martinluther.ca\/wp-content\/uploads\/2021\/10\/2021-Installation-of-Pastor-Klappert-34-4x3-verticallighter-rotated.jpg\" \/>\n\t<meta property=\"og:image:width\" content=\"1773\" \/>\n\t<meta property=\"og:image:height\" content=\"2364\" \/>\n\t<meta property=\"og:image:type\" content=\"image\/jpeg\" \/>\n<meta name=\"author\" content=\"Mona Kakoschke Frantzke\" \/>\n<meta name=\"twitter:card\" content=\"summary_large_image\" \/>\n<meta name=\"twitter:label1\" content=\"Verfasst von\" \/>\n\t<meta name=\"twitter:data1\" content=\"Mona Kakoschke Frantzke\" \/>\n\t<meta name=\"twitter:label2\" content=\"Gesch\u00e4tzte Lesezeit\" \/>\n\t<meta name=\"twitter:data2\" content=\"7\u00a0Minuten\" \/>\n<script type=\"application\/ld+json\" class=\"yoast-schema-graph\">{\"@context\":\"https:\\\/\\\/schema.org\",\"@graph\":[{\"@type\":\"Article\",\"@id\":\"https:\\\/\\\/martinluther.ca\\\/de\\\/2021\\\/10\\\/einfuehrungsgottesdienst-fuer-pastorin-annika-klappert-am-17-oktober-2021\\\/#article\",\"isPartOf\":{\"@id\":\"https:\\\/\\\/martinluther.ca\\\/de\\\/2021\\\/10\\\/einfuehrungsgottesdienst-fuer-pastorin-annika-klappert-am-17-oktober-2021\\\/\"},\"author\":{\"name\":\"Mona Kakoschke Frantzke\",\"@id\":\"https:\\\/\\\/martinluther.ca\\\/de\\\/#\\\/schema\\\/person\\\/815c51710f70b050f0476f18da6b0c8f\"},\"headline\":\"Einf\u00fchrungsgottesdienst f\u00fcr Pastorin Annika Klappert am 17. Oktober 2021\",\"datePublished\":\"2021-10-28T20:28:58+00:00\",\"dateModified\":\"2023-12-08T19:00:17+00:00\",\"mainEntityOfPage\":{\"@id\":\"https:\\\/\\\/martinluther.ca\\\/de\\\/2021\\\/10\\\/einfuehrungsgottesdienst-fuer-pastorin-annika-klappert-am-17-oktober-2021\\\/\"},\"wordCount\":1284,\"publisher\":{\"@id\":\"https:\\\/\\\/martinluther.ca\\\/de\\\/#organization\"},\"image\":{\"@id\":\"https:\\\/\\\/martinluther.ca\\\/de\\\/2021\\\/10\\\/einfuehrungsgottesdienst-fuer-pastorin-annika-klappert-am-17-oktober-2021\\\/#primaryimage\"},\"thumbnailUrl\":\"https:\\\/\\\/martinluther.ca\\\/wp-content\\\/uploads\\\/2021\\\/10\\\/2021-Installation-of-Pastor-Klappert-34-4x3-verticallighter-rotated.jpg\",\"articleSection\":[\"News Blog - German\"],\"inLanguage\":\"de\"},{\"@type\":\"WebPage\",\"@id\":\"https:\\\/\\\/martinluther.ca\\\/de\\\/2021\\\/10\\\/einfuehrungsgottesdienst-fuer-pastorin-annika-klappert-am-17-oktober-2021\\\/\",\"url\":\"https:\\\/\\\/martinluther.ca\\\/de\\\/2021\\\/10\\\/einfuehrungsgottesdienst-fuer-pastorin-annika-klappert-am-17-oktober-2021\\\/\",\"name\":\"Einf\u00fchrungsgottesdienst f\u00fcr Pastorin Annika Klappert am 17. Oktober 2021 - Martin Luther Evangelische Kirche Toronto\",\"isPartOf\":{\"@id\":\"https:\\\/\\\/martinluther.ca\\\/de\\\/#website\"},\"primaryImageOfPage\":{\"@id\":\"https:\\\/\\\/martinluther.ca\\\/de\\\/2021\\\/10\\\/einfuehrungsgottesdienst-fuer-pastorin-annika-klappert-am-17-oktober-2021\\\/#primaryimage\"},\"image\":{\"@id\":\"https:\\\/\\\/martinluther.ca\\\/de\\\/2021\\\/10\\\/einfuehrungsgottesdienst-fuer-pastorin-annika-klappert-am-17-oktober-2021\\\/#primaryimage\"},\"thumbnailUrl\":\"https:\\\/\\\/martinluther.ca\\\/wp-content\\\/uploads\\\/2021\\\/10\\\/2021-Installation-of-Pastor-Klappert-34-4x3-verticallighter-rotated.jpg\",\"datePublished\":\"2021-10-28T20:28:58+00:00\",\"dateModified\":\"2023-12-08T19:00:17+00:00\",\"breadcrumb\":{\"@id\":\"https:\\\/\\\/martinluther.ca\\\/de\\\/2021\\\/10\\\/einfuehrungsgottesdienst-fuer-pastorin-annika-klappert-am-17-oktober-2021\\\/#breadcrumb\"},\"inLanguage\":\"de\",\"potentialAction\":[{\"@type\":\"ReadAction\",\"target\":[\"https:\\\/\\\/martinluther.ca\\\/de\\\/2021\\\/10\\\/einfuehrungsgottesdienst-fuer-pastorin-annika-klappert-am-17-oktober-2021\\\/\"]}]},{\"@type\":\"ImageObject\",\"inLanguage\":\"de\",\"@id\":\"https:\\\/\\\/martinluther.ca\\\/de\\\/2021\\\/10\\\/einfuehrungsgottesdienst-fuer-pastorin-annika-klappert-am-17-oktober-2021\\\/#primaryimage\",\"url\":\"https:\\\/\\\/martinluther.ca\\\/wp-content\\\/uploads\\\/2021\\\/10\\\/2021-Installation-of-Pastor-Klappert-34-4x3-verticallighter-rotated.jpg\",\"contentUrl\":\"https:\\\/\\\/martinluther.ca\\\/wp-content\\\/uploads\\\/2021\\\/10\\\/2021-Installation-of-Pastor-Klappert-34-4x3-verticallighter-rotated.jpg\",\"width\":1773,\"height\":2364,\"caption\":\"2021 Installation of Pastor Klappert -Blessing\"},{\"@type\":\"BreadcrumbList\",\"@id\":\"https:\\\/\\\/martinluther.ca\\\/de\\\/2021\\\/10\\\/einfuehrungsgottesdienst-fuer-pastorin-annika-klappert-am-17-oktober-2021\\\/#breadcrumb\",\"itemListElement\":[{\"@type\":\"ListItem\",\"position\":1,\"name\":\"Home\",\"item\":\"https:\\\/\\\/martinluther.ca\\\/de\\\/\"},{\"@type\":\"ListItem\",\"position\":2,\"name\":\"Einf\u00fchrungsgottesdienst f\u00fcr Pastorin Annika Klappert am 17. Oktober 2021\"}]},{\"@type\":\"WebSite\",\"@id\":\"https:\\\/\\\/martinluther.ca\\\/de\\\/#website\",\"url\":\"https:\\\/\\\/martinluther.ca\\\/de\\\/\",\"name\":\"Martin Luther Evangelical Church Toronto\",\"description\":\"Deutsch &amp; Englisch\",\"publisher\":{\"@id\":\"https:\\\/\\\/martinluther.ca\\\/de\\\/#organization\"},\"potentialAction\":[{\"@type\":\"SearchAction\",\"target\":{\"@type\":\"EntryPoint\",\"urlTemplate\":\"https:\\\/\\\/martinluther.ca\\\/de\\\/?s={search_term_string}\"},\"query-input\":{\"@type\":\"PropertyValueSpecification\",\"valueRequired\":true,\"valueName\":\"search_term_string\"}}],\"inLanguage\":\"de\"},{\"@type\":\"Organization\",\"@id\":\"https:\\\/\\\/martinluther.ca\\\/de\\\/#organization\",\"name\":\"Martin Luther Evangelical Church Toronto\",\"url\":\"https:\\\/\\\/martinluther.ca\\\/de\\\/\",\"logo\":{\"@type\":\"ImageObject\",\"inLanguage\":\"de\",\"@id\":\"https:\\\/\\\/martinluther.ca\\\/de\\\/#\\\/schema\\\/logo\\\/image\\\/\",\"url\":\"https:\\\/\\\/martinluther.ca\\\/wp-content\\\/uploads\\\/2016\\\/12\\\/ml-logo-300.png\",\"contentUrl\":\"https:\\\/\\\/martinluther.ca\\\/wp-content\\\/uploads\\\/2016\\\/12\\\/ml-logo-300.png\",\"width\":300,\"height\":150,\"caption\":\"Martin Luther Evangelical Church Toronto\"},\"image\":{\"@id\":\"https:\\\/\\\/martinluther.ca\\\/de\\\/#\\\/schema\\\/logo\\\/image\\\/\"},\"sameAs\":[\"https:\\\/\\\/www.facebook.com\\\/martinlutherchurchtoronto\",\"https:\\\/\\\/www.instagram.com\\\/lutheransbythelake\\\/\",\"https:\\\/\\\/www.youtube.com\\\/MartinLutherChurchToronto\"]},{\"@type\":\"Person\",\"@id\":\"https:\\\/\\\/martinluther.ca\\\/de\\\/#\\\/schema\\\/person\\\/815c51710f70b050f0476f18da6b0c8f\",\"name\":\"Mona Kakoschke Frantzke\",\"image\":{\"@type\":\"ImageObject\",\"inLanguage\":\"de\",\"@id\":\"https:\\\/\\\/secure.gravatar.com\\\/avatar\\\/0deb16854ca545cd2e9fc8001ca110d262b80d5c8317b38dc542265fbea0ed19?s=96&d=mm&r=g\",\"url\":\"https:\\\/\\\/secure.gravatar.com\\\/avatar\\\/0deb16854ca545cd2e9fc8001ca110d262b80d5c8317b38dc542265fbea0ed19?s=96&d=mm&r=g\",\"contentUrl\":\"https:\\\/\\\/secure.gravatar.com\\\/avatar\\\/0deb16854ca545cd2e9fc8001ca110d262b80d5c8317b38dc542265fbea0ed19?s=96&d=mm&r=g\",\"caption\":\"Mona Kakoschke Frantzke\"},\"url\":false}]}<\/script>\n<!-- \/ Yoast SEO plugin. -->","yoast_head_json":{"title":"Einf\u00fchrungsgottesdienst f\u00fcr Pastorin Annika Klappert am 17. Oktober 2021 - Martin Luther Evangelische Kirche Toronto","robots":{"index":"index","follow":"follow","max-snippet":"max-snippet:-1","max-image-preview":"max-image-preview:large","max-video-preview":"max-video-preview:-1"},"canonical":"https:\/\/martinluther.ca\/de\/2021\/10\/einfuehrungsgottesdienst-fuer-pastorin-annika-klappert-am-17-oktober-2021\/","og_locale":"de_DE","og_type":"article","og_title":"Einf\u00fchrungsgottesdienst f\u00fcr Pastorin Annika Klappert am 17. Oktober 2021 - Martin Luther Evangelische Kirche Toronto","og_description":"An einem herrlichen Tag in Toronto und zum Gl\u00fcck hat alles super geklappt &#8230; Einf\u00fchrungsgottesdienst f\u00fcr Pastorin Annika Klappert am 17. Oktober 2021 in der Martin Luther Kirche, geleitet von Pastor David Tin (Dean of the Central Toronto ministry area, Eastern Synod of the ELCIC) und unserer Pastorin Annika Klappert mit Ehrengast Oberkirchenrat Pastor Marcus&hellip;","og_url":"https:\/\/martinluther.ca\/de\/2021\/10\/einfuehrungsgottesdienst-fuer-pastorin-annika-klappert-am-17-oktober-2021\/","og_site_name":"Martin Luther Evangelische Kirche Toronto","article_publisher":"https:\/\/www.facebook.com\/martinlutherchurchtoronto","article_published_time":"2021-10-28T20:28:58+00:00","article_modified_time":"2023-12-08T19:00:17+00:00","og_image":[{"width":1773,"height":2364,"url":"https:\/\/martinluther.ca\/wp-content\/uploads\/2021\/10\/2021-Installation-of-Pastor-Klappert-34-4x3-verticallighter-rotated.jpg","type":"image\/jpeg"}],"author":"Mona Kakoschke Frantzke","twitter_card":"summary_large_image","twitter_misc":{"Verfasst von":"Mona Kakoschke Frantzke","Gesch\u00e4tzte Lesezeit":"7\u00a0Minuten"},"schema":{"@context":"https:\/\/schema.org","@graph":[{"@type":"Article","@id":"https:\/\/martinluther.ca\/de\/2021\/10\/einfuehrungsgottesdienst-fuer-pastorin-annika-klappert-am-17-oktober-2021\/#article","isPartOf":{"@id":"https:\/\/martinluther.ca\/de\/2021\/10\/einfuehrungsgottesdienst-fuer-pastorin-annika-klappert-am-17-oktober-2021\/"},"author":{"name":"Mona Kakoschke Frantzke","@id":"https:\/\/martinluther.ca\/de\/#\/schema\/person\/815c51710f70b050f0476f18da6b0c8f"},"headline":"Einf\u00fchrungsgottesdienst f\u00fcr Pastorin Annika Klappert am 17. Oktober 2021","datePublished":"2021-10-28T20:28:58+00:00","dateModified":"2023-12-08T19:00:17+00:00","mainEntityOfPage":{"@id":"https:\/\/martinluther.ca\/de\/2021\/10\/einfuehrungsgottesdienst-fuer-pastorin-annika-klappert-am-17-oktober-2021\/"},"wordCount":1284,"publisher":{"@id":"https:\/\/martinluther.ca\/de\/#organization"},"image":{"@id":"https:\/\/martinluther.ca\/de\/2021\/10\/einfuehrungsgottesdienst-fuer-pastorin-annika-klappert-am-17-oktober-2021\/#primaryimage"},"thumbnailUrl":"https:\/\/martinluther.ca\/wp-content\/uploads\/2021\/10\/2021-Installation-of-Pastor-Klappert-34-4x3-verticallighter-rotated.jpg","articleSection":["News Blog - German"],"inLanguage":"de"},{"@type":"WebPage","@id":"https:\/\/martinluther.ca\/de\/2021\/10\/einfuehrungsgottesdienst-fuer-pastorin-annika-klappert-am-17-oktober-2021\/","url":"https:\/\/martinluther.ca\/de\/2021\/10\/einfuehrungsgottesdienst-fuer-pastorin-annika-klappert-am-17-oktober-2021\/","name":"Einf\u00fchrungsgottesdienst f\u00fcr Pastorin Annika Klappert am 17. Oktober 2021 - Martin Luther Evangelische Kirche Toronto","isPartOf":{"@id":"https:\/\/martinluther.ca\/de\/#website"},"primaryImageOfPage":{"@id":"https:\/\/martinluther.ca\/de\/2021\/10\/einfuehrungsgottesdienst-fuer-pastorin-annika-klappert-am-17-oktober-2021\/#primaryimage"},"image":{"@id":"https:\/\/martinluther.ca\/de\/2021\/10\/einfuehrungsgottesdienst-fuer-pastorin-annika-klappert-am-17-oktober-2021\/#primaryimage"},"thumbnailUrl":"https:\/\/martinluther.ca\/wp-content\/uploads\/2021\/10\/2021-Installation-of-Pastor-Klappert-34-4x3-verticallighter-rotated.jpg","datePublished":"2021-10-28T20:28:58+00:00","dateModified":"2023-12-08T19:00:17+00:00","breadcrumb":{"@id":"https:\/\/martinluther.ca\/de\/2021\/10\/einfuehrungsgottesdienst-fuer-pastorin-annika-klappert-am-17-oktober-2021\/#breadcrumb"},"inLanguage":"de","potentialAction":[{"@type":"ReadAction","target":["https:\/\/martinluther.ca\/de\/2021\/10\/einfuehrungsgottesdienst-fuer-pastorin-annika-klappert-am-17-oktober-2021\/"]}]},{"@type":"ImageObject","inLanguage":"de","@id":"https:\/\/martinluther.ca\/de\/2021\/10\/einfuehrungsgottesdienst-fuer-pastorin-annika-klappert-am-17-oktober-2021\/#primaryimage","url":"https:\/\/martinluther.ca\/wp-content\/uploads\/2021\/10\/2021-Installation-of-Pastor-Klappert-34-4x3-verticallighter-rotated.jpg","contentUrl":"https:\/\/martinluther.ca\/wp-content\/uploads\/2021\/10\/2021-Installation-of-Pastor-Klappert-34-4x3-verticallighter-rotated.jpg","width":1773,"height":2364,"caption":"2021 Installation of Pastor Klappert -Blessing"},{"@type":"BreadcrumbList","@id":"https:\/\/martinluther.ca\/de\/2021\/10\/einfuehrungsgottesdienst-fuer-pastorin-annika-klappert-am-17-oktober-2021\/#breadcrumb","itemListElement":[{"@type":"ListItem","position":1,"name":"Home","item":"https:\/\/martinluther.ca\/de\/"},{"@type":"ListItem","position":2,"name":"Einf\u00fchrungsgottesdienst f\u00fcr Pastorin Annika Klappert am 17. Oktober 2021"}]},{"@type":"WebSite","@id":"https:\/\/martinluther.ca\/de\/#website","url":"https:\/\/martinluther.ca\/de\/","name":"Martin Luther Evangelical Church Toronto","description":"Deutsch &amp; Englisch","publisher":{"@id":"https:\/\/martinluther.ca\/de\/#organization"},"potentialAction":[{"@type":"SearchAction","target":{"@type":"EntryPoint","urlTemplate":"https:\/\/martinluther.ca\/de\/?s={search_term_string}"},"query-input":{"@type":"PropertyValueSpecification","valueRequired":true,"valueName":"search_term_string"}}],"inLanguage":"de"},{"@type":"Organization","@id":"https:\/\/martinluther.ca\/de\/#organization","name":"Martin Luther Evangelical Church Toronto","url":"https:\/\/martinluther.ca\/de\/","logo":{"@type":"ImageObject","inLanguage":"de","@id":"https:\/\/martinluther.ca\/de\/#\/schema\/logo\/image\/","url":"https:\/\/martinluther.ca\/wp-content\/uploads\/2016\/12\/ml-logo-300.png","contentUrl":"https:\/\/martinluther.ca\/wp-content\/uploads\/2016\/12\/ml-logo-300.png","width":300,"height":150,"caption":"Martin Luther Evangelical Church Toronto"},"image":{"@id":"https:\/\/martinluther.ca\/de\/#\/schema\/logo\/image\/"},"sameAs":["https:\/\/www.facebook.com\/martinlutherchurchtoronto","https:\/\/www.instagram.com\/lutheransbythelake\/","https:\/\/www.youtube.com\/MartinLutherChurchToronto"]},{"@type":"Person","@id":"https:\/\/martinluther.ca\/de\/#\/schema\/person\/815c51710f70b050f0476f18da6b0c8f","name":"Mona Kakoschke Frantzke","image":{"@type":"ImageObject","inLanguage":"de","@id":"https:\/\/secure.gravatar.com\/avatar\/0deb16854ca545cd2e9fc8001ca110d262b80d5c8317b38dc542265fbea0ed19?s=96&d=mm&r=g","url":"https:\/\/secure.gravatar.com\/avatar\/0deb16854ca545cd2e9fc8001ca110d262b80d5c8317b38dc542265fbea0ed19?s=96&d=mm&r=g","contentUrl":"https:\/\/secure.gravatar.com\/avatar\/0deb16854ca545cd2e9fc8001ca110d262b80d5c8317b38dc542265fbea0ed19?s=96&d=mm&r=g","caption":"Mona Kakoschke Frantzke"},"url":false}]}},"_links":{"self":[{"href":"https:\/\/martinluther.ca\/de\/wp-json\/wp\/v2\/posts\/39425","targetHints":{"allow":["GET"]}}],"collection":[{"href":"https:\/\/martinluther.ca\/de\/wp-json\/wp\/v2\/posts"}],"about":[{"href":"https:\/\/martinluther.ca\/de\/wp-json\/wp\/v2\/types\/post"}],"author":[{"embeddable":true,"href":"https:\/\/martinluther.ca\/de\/wp-json\/wp\/v2\/users\/9"}],"replies":[{"embeddable":true,"href":"https:\/\/martinluther.ca\/de\/wp-json\/wp\/v2\/comments?post=39425"}],"version-history":[{"count":7,"href":"https:\/\/martinluther.ca\/de\/wp-json\/wp\/v2\/posts\/39425\/revisions"}],"predecessor-version":[{"id":47175,"href":"https:\/\/martinluther.ca\/de\/wp-json\/wp\/v2\/posts\/39425\/revisions\/47175"}],"wp:featuredmedia":[{"embeddable":true,"href":"https:\/\/martinluther.ca\/de\/wp-json\/wp\/v2\/media\/39394"}],"wp:attachment":[{"href":"https:\/\/martinluther.ca\/de\/wp-json\/wp\/v2\/media?parent=39425"}],"wp:term":[{"taxonomy":"category","embeddable":true,"href":"https:\/\/martinluther.ca\/de\/wp-json\/wp\/v2\/categories?post=39425"},{"taxonomy":"post_tag","embeddable":true,"href":"https:\/\/martinluther.ca\/de\/wp-json\/wp\/v2\/tags?post=39425"},{"taxonomy":"post_series","embeddable":true,"href":"https:\/\/martinluther.ca\/de\/wp-json\/wp\/v2\/post_series?post=39425"}],"curies":[{"name":"wp","href":"https:\/\/api.w.org\/{rel}","templated":true}]}}