{"id":39566,"date":"2021-11-10T08:36:46","date_gmt":"2021-11-10T13:36:46","guid":{"rendered":"https:\/\/martinluther.ca\/?p=39566"},"modified":"2021-11-12T10:33:03","modified_gmt":"2021-11-12T15:33:03","slug":"o-du-froehliche-deutschsprachige-gemeinden-nordamerika-schliessen-sich-zu-einem-weihnachtsprojekt-zusammen","status":"publish","type":"post","link":"https:\/\/martinluther.ca\/de\/2021\/11\/o-du-froehliche-deutschsprachige-gemeinden-nordamerika-schliessen-sich-zu-einem-weihnachtsprojekt-zusammen\/","title":{"rendered":"\u201cO du fr\u00f6hliche\u201d deutschsprachige Gemeinden Nordamerika schlie\u00dfen sich zu einem Weihnachtsprojekt zusammen"},"content":{"rendered":"<p>Die Idee ist f\u00fcr Weihnachten ein gemeinsames Lied aufzunehmen. Es ist &#8222;<strong>O du fr\u00f6hliche&#8220; &#8211; 4 stimmig<\/strong>. Noten, Anleitung und die Musikbeispiele sind angehangen. Bei Fragen fragt einfach Pastorin Annika Klappert! (416) 567-2487 <a href=\"mailto:pastor@martinluther.ca\">pastor@martinluther.ca<\/a><\/p>\n<p><strong>EINSENDESCHLUSS f\u00fcr die Aufzeichnung ist der 30. November 2021.<\/strong><\/p>\n<p>Jede Datei f\u00e4ngt mit einem vollen Takt des Anfangstones an, im zweiten Takt ist nur das Metronom zu h\u00f6ren und dann geht es im dritten Takt los.<\/p>\n<p>Bei der Aufnahme darauf achten, dass man bis zum Ende des Klicktons freundlich in die Kamera schaut. Am Ende der dritten Strophe ist ein Ritardando. Also alles vor der Aufnahme gut anh\u00f6ren!<\/p>\n<p><strong>\u201cO du fr\u00f6hliche\u201d<br \/>\n<\/strong><strong>SOPRAN<\/strong><\/p>\n<audio class=\"wp-audio-shortcode\" id=\"audio-39566-1\" preload=\"none\" style=\"width: 100%;\" controls=\"controls\"><source type=\"audio\/mpeg\" src=\"https:\/\/martinluther.ca\/wp-content\/uploads\/2021\/11\/O-du-frohliche_Sopran.mp3?_=1\" \/><a href=\"https:\/\/martinluther.ca\/wp-content\/uploads\/2021\/11\/O-du-frohliche_Sopran.mp3\">https:\/\/martinluther.ca\/wp-content\/uploads\/2021\/11\/O-du-frohliche_Sopran.mp3<\/a><\/audio>\n<p><strong>ALT<\/strong><\/p>\n<audio class=\"wp-audio-shortcode\" id=\"audio-39566-2\" preload=\"none\" style=\"width: 100%;\" controls=\"controls\"><source type=\"audio\/mpeg\" src=\"https:\/\/martinluther.ca\/wp-content\/uploads\/2021\/11\/O-du-frohliche_Alt.mp3?_=2\" \/><a href=\"https:\/\/martinluther.ca\/wp-content\/uploads\/2021\/11\/O-du-frohliche_Alt.mp3\">https:\/\/martinluther.ca\/wp-content\/uploads\/2021\/11\/O-du-frohliche_Alt.mp3<\/a><\/audio>\n<p><strong>TENOR<\/strong><\/p>\n<audio class=\"wp-audio-shortcode\" id=\"audio-39566-3\" preload=\"none\" style=\"width: 100%;\" controls=\"controls\"><source type=\"audio\/mpeg\" src=\"https:\/\/martinluther.ca\/wp-content\/uploads\/2021\/11\/O-du-frohliche_Tenor.mp3?_=3\" \/><a href=\"https:\/\/martinluther.ca\/wp-content\/uploads\/2021\/11\/O-du-frohliche_Tenor.mp3\">https:\/\/martinluther.ca\/wp-content\/uploads\/2021\/11\/O-du-frohliche_Tenor.mp3<\/a><\/audio>\n<p><strong>BASS<\/strong><\/p>\n<audio class=\"wp-audio-shortcode\" id=\"audio-39566-4\" preload=\"none\" style=\"width: 100%;\" controls=\"controls\"><source type=\"audio\/mpeg\" src=\"https:\/\/martinluther.ca\/wp-content\/uploads\/2021\/11\/O-du-frohliche_Bass.mp3?_=4\" \/><a href=\"https:\/\/martinluther.ca\/wp-content\/uploads\/2021\/11\/O-du-frohliche_Bass.mp3\">https:\/\/martinluther.ca\/wp-content\/uploads\/2021\/11\/O-du-frohliche_Bass.mp3<\/a><\/audio>\n<p>Nehmen Sie Video und Audio gleichzeitig mit Ihrem Handy oder Computer auf. H\u00f6ren Sie sich zuerst den Master-Track an. Starten Sie dann die Videofunktion und singen Sie zum Mastertrack \u00fcber Kopfh\u00f6rer Ihren Gesangspart ein. Stellen Sie sicher, dass die Fenster geschlossen sind, um zu verhindern, dass Stra\u00dfenl\u00e4rm auf der Aufnahme zu h\u00f6ren ist. Klopfen Sie nicht den Takt mit dem Fu\u00df.<\/p>\n<p>Die Aufnahme kann an Pastorin Judith Kierschke von der Martin Luther Kirche Ottawa\u00a0 per SMS oder WhatsApp (613-552-9587) oder hier hochgeladen werden:<\/p>\n<p><a href=\"https:\/\/fidelitasit.sharepoint.com\/:f:\/s\/Quodlibet\/ElAxVo4osdFNn8H1NKtfuXwBnfEmP7eCsbocBem-FmArDw?e=eGdNJq\" target=\"_blank\" rel=\"noopener\">https:\/\/fidelitasit.sharepoint.com\/:f:\/s\/Quodlibet\/ElAxVo4osdFNn8H1NKtfuXwBnfEmP7eCsbocBem-FmArDw?e=eGdNJq<\/a><\/p>\n<p>Bitte den Namen und den Namen der Kirchengemeinde in den Dateinamen einbauen.<\/p>\n<p><img loading=\"lazy\" decoding=\"async\" class=\"alignleft size-full wp-image-39538\" src=\"https:\/\/martinluther.ca\/wp-content\/uploads\/2021\/11\/2021-O-du-frohliche-German-Congregations-Project.png\" alt=\"2021 O-du-frohliche-German-Congregations-Project flyer\" width=\"1690\" height=\"950\" srcset=\"https:\/\/martinluther.ca\/wp-content\/uploads\/2021\/11\/2021-O-du-frohliche-German-Congregations-Project.png 1690w, https:\/\/martinluther.ca\/wp-content\/uploads\/2021\/11\/2021-O-du-frohliche-German-Congregations-Project-300x169.png 300w, https:\/\/martinluther.ca\/wp-content\/uploads\/2021\/11\/2021-O-du-frohliche-German-Congregations-Project-1024x576.png 1024w, https:\/\/martinluther.ca\/wp-content\/uploads\/2021\/11\/2021-O-du-frohliche-German-Congregations-Project-768x432.png 768w, https:\/\/martinluther.ca\/wp-content\/uploads\/2021\/11\/2021-O-du-frohliche-German-Congregations-Project-1536x863.png 1536w\" sizes=\"auto, (max-width: 1690px) 100vw, 1690px\" \/><\/p>\n<p><img loading=\"lazy\" decoding=\"async\" class=\"alignleft size-full wp-image-39540\" src=\"https:\/\/martinluther.ca\/wp-content\/uploads\/2021\/11\/O-du-frohliche-Sheet-Music.jpg\" alt=\"O du fr\u00f6hliche Sheet Music\" width=\"654\" height=\"846\" srcset=\"https:\/\/martinluther.ca\/wp-content\/uploads\/2021\/11\/O-du-frohliche-Sheet-Music.jpg 654w, https:\/\/martinluther.ca\/wp-content\/uploads\/2021\/11\/O-du-frohliche-Sheet-Music-232x300.jpg 232w\" sizes=\"auto, (max-width: 654px) 100vw, 654px\" \/><\/p>\n","protected":false},"excerpt":{"rendered":"<p>Die Idee ist f\u00fcr Weihnachten ein gemeinsames Lied aufzunehmen. Es ist &#8222;O du fr\u00f6hliche&#8220; &#8211; 4 stimmig. Noten, Anleitung und die Musikbeispiele sind angehangen. Bei Fragen fragt einfach Pastorin Annika Klappert! (416) 567-2487 pastor@martinluther.ca EINSENDESCHLUSS f\u00fcr die Aufzeichnung ist der 30. November 2021. Jede Datei f\u00e4ngt mit einem vollen Takt des Anfangstones an, im zweiten&hellip;<\/p>\n","protected":false},"author":9,"featured_media":39538,"comment_status":"closed","ping_status":"closed","sticky":false,"template":"","format":"standard","meta":{"footnotes":""},"categories":[69],"tags":[],"post_series":[],"class_list":["post-39566","post","type-post","status-publish","format-standard","has-post-thumbnail","hentry","category-news-blog-german","entry","has-media"],"yoast_head":"<!-- This site is optimized with the Yoast SEO plugin v27.5 - https:\/\/yoast.com\/product\/yoast-seo-wordpress\/ -->\n<title>\u201cO du fr\u00f6hliche\u201d deutschsprachige Gemeinden Nordamerika schlie\u00dfen sich zu einem Weihnachtsprojekt zusammen - Martin Luther Evangelische Kirche Toronto<\/title>\n<meta name=\"robots\" content=\"index, follow, max-snippet:-1, max-image-preview:large, max-video-preview:-1\" \/>\n<link rel=\"canonical\" href=\"https:\/\/martinluther.ca\/de\/2021\/11\/o-du-froehliche-deutschsprachige-gemeinden-nordamerika-schliessen-sich-zu-einem-weihnachtsprojekt-zusammen\/\" \/>\n<meta property=\"og:locale\" content=\"de_DE\" \/>\n<meta property=\"og:type\" content=\"article\" \/>\n<meta property=\"og:title\" content=\"\u201cO du fr\u00f6hliche\u201d deutschsprachige Gemeinden Nordamerika schlie\u00dfen sich zu einem Weihnachtsprojekt zusammen - Martin Luther Evangelische Kirche Toronto\" \/>\n<meta property=\"og:description\" content=\"Die Idee ist f\u00fcr Weihnachten ein gemeinsames Lied aufzunehmen. Es ist &#8222;O du fr\u00f6hliche&#8220; &#8211; 4 stimmig. Noten, Anleitung und die Musikbeispiele sind angehangen. Bei Fragen fragt einfach Pastorin Annika Klappert! (416) 567-2487 pastor@martinluther.ca EINSENDESCHLUSS f\u00fcr die Aufzeichnung ist der 30. November 2021. Jede Datei f\u00e4ngt mit einem vollen Takt des Anfangstones an, im zweiten&hellip;\" \/>\n<meta property=\"og:url\" content=\"https:\/\/martinluther.ca\/de\/2021\/11\/o-du-froehliche-deutschsprachige-gemeinden-nordamerika-schliessen-sich-zu-einem-weihnachtsprojekt-zusammen\/\" \/>\n<meta property=\"og:site_name\" content=\"Martin Luther Evangelische Kirche Toronto\" \/>\n<meta property=\"article:publisher\" content=\"https:\/\/www.facebook.com\/martinlutherchurchtoronto\" \/>\n<meta property=\"article:published_time\" content=\"2021-11-10T13:36:46+00:00\" \/>\n<meta property=\"article:modified_time\" content=\"2021-11-12T15:33:03+00:00\" \/>\n<meta property=\"og:image\" content=\"https:\/\/martinluther.ca\/wp-content\/uploads\/2021\/11\/2021-O-du-frohliche-German-Congregations-Project.png\" \/>\n\t<meta property=\"og:image:width\" content=\"1690\" \/>\n\t<meta property=\"og:image:height\" content=\"950\" \/>\n\t<meta property=\"og:image:type\" content=\"image\/png\" \/>\n<meta name=\"author\" content=\"Mona Kakoschke Frantzke\" \/>\n<meta name=\"twitter:card\" content=\"summary_large_image\" \/>\n<meta name=\"twitter:label1\" content=\"Verfasst von\" \/>\n\t<meta name=\"twitter:data1\" content=\"Mona Kakoschke Frantzke\" \/>\n\t<meta name=\"twitter:label2\" content=\"Gesch\u00e4tzte Lesezeit\" \/>\n\t<meta name=\"twitter:data2\" content=\"2\u00a0Minuten\" \/>\n<script type=\"application\/ld+json\" class=\"yoast-schema-graph\">{\"@context\":\"https:\\\/\\\/schema.org\",\"@graph\":[{\"@type\":\"Article\",\"@id\":\"https:\\\/\\\/martinluther.ca\\\/de\\\/2021\\\/11\\\/o-du-froehliche-deutschsprachige-gemeinden-nordamerika-schliessen-sich-zu-einem-weihnachtsprojekt-zusammen\\\/#article\",\"isPartOf\":{\"@id\":\"https:\\\/\\\/martinluther.ca\\\/de\\\/2021\\\/11\\\/o-du-froehliche-deutschsprachige-gemeinden-nordamerika-schliessen-sich-zu-einem-weihnachtsprojekt-zusammen\\\/\"},\"author\":{\"name\":\"Mona Kakoschke Frantzke\",\"@id\":\"https:\\\/\\\/martinluther.ca\\\/de\\\/#\\\/schema\\\/person\\\/815c51710f70b050f0476f18da6b0c8f\"},\"headline\":\"\u201cO du fr\u00f6hliche\u201d deutschsprachige Gemeinden Nordamerika schlie\u00dfen sich zu einem Weihnachtsprojekt zusammen\",\"datePublished\":\"2021-11-10T13:36:46+00:00\",\"dateModified\":\"2021-11-12T15:33:03+00:00\",\"mainEntityOfPage\":{\"@id\":\"https:\\\/\\\/martinluther.ca\\\/de\\\/2021\\\/11\\\/o-du-froehliche-deutschsprachige-gemeinden-nordamerika-schliessen-sich-zu-einem-weihnachtsprojekt-zusammen\\\/\"},\"wordCount\":287,\"publisher\":{\"@id\":\"https:\\\/\\\/martinluther.ca\\\/de\\\/#organization\"},\"image\":{\"@id\":\"https:\\\/\\\/martinluther.ca\\\/de\\\/2021\\\/11\\\/o-du-froehliche-deutschsprachige-gemeinden-nordamerika-schliessen-sich-zu-einem-weihnachtsprojekt-zusammen\\\/#primaryimage\"},\"thumbnailUrl\":\"https:\\\/\\\/martinluther.ca\\\/wp-content\\\/uploads\\\/2021\\\/11\\\/2021-O-du-frohliche-German-Congregations-Project.png\",\"articleSection\":[\"News Blog - German\"],\"inLanguage\":\"de\"},{\"@type\":\"WebPage\",\"@id\":\"https:\\\/\\\/martinluther.ca\\\/de\\\/2021\\\/11\\\/o-du-froehliche-deutschsprachige-gemeinden-nordamerika-schliessen-sich-zu-einem-weihnachtsprojekt-zusammen\\\/\",\"url\":\"https:\\\/\\\/martinluther.ca\\\/de\\\/2021\\\/11\\\/o-du-froehliche-deutschsprachige-gemeinden-nordamerika-schliessen-sich-zu-einem-weihnachtsprojekt-zusammen\\\/\",\"name\":\"\u201cO du fr\u00f6hliche\u201d deutschsprachige Gemeinden Nordamerika schlie\u00dfen sich zu einem Weihnachtsprojekt zusammen - Martin Luther Evangelische Kirche Toronto\",\"isPartOf\":{\"@id\":\"https:\\\/\\\/martinluther.ca\\\/de\\\/#website\"},\"primaryImageOfPage\":{\"@id\":\"https:\\\/\\\/martinluther.ca\\\/de\\\/2021\\\/11\\\/o-du-froehliche-deutschsprachige-gemeinden-nordamerika-schliessen-sich-zu-einem-weihnachtsprojekt-zusammen\\\/#primaryimage\"},\"image\":{\"@id\":\"https:\\\/\\\/martinluther.ca\\\/de\\\/2021\\\/11\\\/o-du-froehliche-deutschsprachige-gemeinden-nordamerika-schliessen-sich-zu-einem-weihnachtsprojekt-zusammen\\\/#primaryimage\"},\"thumbnailUrl\":\"https:\\\/\\\/martinluther.ca\\\/wp-content\\\/uploads\\\/2021\\\/11\\\/2021-O-du-frohliche-German-Congregations-Project.png\",\"datePublished\":\"2021-11-10T13:36:46+00:00\",\"dateModified\":\"2021-11-12T15:33:03+00:00\",\"breadcrumb\":{\"@id\":\"https:\\\/\\\/martinluther.ca\\\/de\\\/2021\\\/11\\\/o-du-froehliche-deutschsprachige-gemeinden-nordamerika-schliessen-sich-zu-einem-weihnachtsprojekt-zusammen\\\/#breadcrumb\"},\"inLanguage\":\"de\",\"potentialAction\":[{\"@type\":\"ReadAction\",\"target\":[\"https:\\\/\\\/martinluther.ca\\\/de\\\/2021\\\/11\\\/o-du-froehliche-deutschsprachige-gemeinden-nordamerika-schliessen-sich-zu-einem-weihnachtsprojekt-zusammen\\\/\"]}]},{\"@type\":\"ImageObject\",\"inLanguage\":\"de\",\"@id\":\"https:\\\/\\\/martinluther.ca\\\/de\\\/2021\\\/11\\\/o-du-froehliche-deutschsprachige-gemeinden-nordamerika-schliessen-sich-zu-einem-weihnachtsprojekt-zusammen\\\/#primaryimage\",\"url\":\"https:\\\/\\\/martinluther.ca\\\/wp-content\\\/uploads\\\/2021\\\/11\\\/2021-O-du-frohliche-German-Congregations-Project.png\",\"contentUrl\":\"https:\\\/\\\/martinluther.ca\\\/wp-content\\\/uploads\\\/2021\\\/11\\\/2021-O-du-frohliche-German-Congregations-Project.png\",\"width\":1690,\"height\":950,\"caption\":\"2021 O-du-frohliche-German-Congregations-Project flyer\"},{\"@type\":\"BreadcrumbList\",\"@id\":\"https:\\\/\\\/martinluther.ca\\\/de\\\/2021\\\/11\\\/o-du-froehliche-deutschsprachige-gemeinden-nordamerika-schliessen-sich-zu-einem-weihnachtsprojekt-zusammen\\\/#breadcrumb\",\"itemListElement\":[{\"@type\":\"ListItem\",\"position\":1,\"name\":\"Home\",\"item\":\"https:\\\/\\\/martinluther.ca\\\/de\\\/\"},{\"@type\":\"ListItem\",\"position\":2,\"name\":\"\u201cO du fr\u00f6hliche\u201d deutschsprachige Gemeinden Nordamerika schlie\u00dfen sich zu einem Weihnachtsprojekt zusammen\"}]},{\"@type\":\"WebSite\",\"@id\":\"https:\\\/\\\/martinluther.ca\\\/de\\\/#website\",\"url\":\"https:\\\/\\\/martinluther.ca\\\/de\\\/\",\"name\":\"Martin Luther Evangelical Church Toronto\",\"description\":\"Deutsch &amp; Englisch\",\"publisher\":{\"@id\":\"https:\\\/\\\/martinluther.ca\\\/de\\\/#organization\"},\"potentialAction\":[{\"@type\":\"SearchAction\",\"target\":{\"@type\":\"EntryPoint\",\"urlTemplate\":\"https:\\\/\\\/martinluther.ca\\\/de\\\/?s={search_term_string}\"},\"query-input\":{\"@type\":\"PropertyValueSpecification\",\"valueRequired\":true,\"valueName\":\"search_term_string\"}}],\"inLanguage\":\"de\"},{\"@type\":\"Organization\",\"@id\":\"https:\\\/\\\/martinluther.ca\\\/de\\\/#organization\",\"name\":\"Martin Luther Evangelical Church Toronto\",\"url\":\"https:\\\/\\\/martinluther.ca\\\/de\\\/\",\"logo\":{\"@type\":\"ImageObject\",\"inLanguage\":\"de\",\"@id\":\"https:\\\/\\\/martinluther.ca\\\/de\\\/#\\\/schema\\\/logo\\\/image\\\/\",\"url\":\"https:\\\/\\\/martinluther.ca\\\/wp-content\\\/uploads\\\/2016\\\/12\\\/ml-logo-300.png\",\"contentUrl\":\"https:\\\/\\\/martinluther.ca\\\/wp-content\\\/uploads\\\/2016\\\/12\\\/ml-logo-300.png\",\"width\":300,\"height\":150,\"caption\":\"Martin Luther Evangelical Church Toronto\"},\"image\":{\"@id\":\"https:\\\/\\\/martinluther.ca\\\/de\\\/#\\\/schema\\\/logo\\\/image\\\/\"},\"sameAs\":[\"https:\\\/\\\/www.facebook.com\\\/martinlutherchurchtoronto\",\"https:\\\/\\\/www.instagram.com\\\/lutheransbythelake\\\/\",\"https:\\\/\\\/www.youtube.com\\\/MartinLutherChurchToronto\"]},{\"@type\":\"Person\",\"@id\":\"https:\\\/\\\/martinluther.ca\\\/de\\\/#\\\/schema\\\/person\\\/815c51710f70b050f0476f18da6b0c8f\",\"name\":\"Mona Kakoschke Frantzke\",\"image\":{\"@type\":\"ImageObject\",\"inLanguage\":\"de\",\"@id\":\"https:\\\/\\\/secure.gravatar.com\\\/avatar\\\/0deb16854ca545cd2e9fc8001ca110d262b80d5c8317b38dc542265fbea0ed19?s=96&d=mm&r=g\",\"url\":\"https:\\\/\\\/secure.gravatar.com\\\/avatar\\\/0deb16854ca545cd2e9fc8001ca110d262b80d5c8317b38dc542265fbea0ed19?s=96&d=mm&r=g\",\"contentUrl\":\"https:\\\/\\\/secure.gravatar.com\\\/avatar\\\/0deb16854ca545cd2e9fc8001ca110d262b80d5c8317b38dc542265fbea0ed19?s=96&d=mm&r=g\",\"caption\":\"Mona Kakoschke Frantzke\"},\"url\":false}]}<\/script>\n<!-- \/ Yoast SEO plugin. -->","yoast_head_json":{"title":"\u201cO du fr\u00f6hliche\u201d deutschsprachige Gemeinden Nordamerika schlie\u00dfen sich zu einem Weihnachtsprojekt zusammen - Martin Luther Evangelische Kirche Toronto","robots":{"index":"index","follow":"follow","max-snippet":"max-snippet:-1","max-image-preview":"max-image-preview:large","max-video-preview":"max-video-preview:-1"},"canonical":"https:\/\/martinluther.ca\/de\/2021\/11\/o-du-froehliche-deutschsprachige-gemeinden-nordamerika-schliessen-sich-zu-einem-weihnachtsprojekt-zusammen\/","og_locale":"de_DE","og_type":"article","og_title":"\u201cO du fr\u00f6hliche\u201d deutschsprachige Gemeinden Nordamerika schlie\u00dfen sich zu einem Weihnachtsprojekt zusammen - Martin Luther Evangelische Kirche Toronto","og_description":"Die Idee ist f\u00fcr Weihnachten ein gemeinsames Lied aufzunehmen. Es ist &#8222;O du fr\u00f6hliche&#8220; &#8211; 4 stimmig. Noten, Anleitung und die Musikbeispiele sind angehangen. Bei Fragen fragt einfach Pastorin Annika Klappert! (416) 567-2487 pastor@martinluther.ca EINSENDESCHLUSS f\u00fcr die Aufzeichnung ist der 30. November 2021. Jede Datei f\u00e4ngt mit einem vollen Takt des Anfangstones an, im zweiten&hellip;","og_url":"https:\/\/martinluther.ca\/de\/2021\/11\/o-du-froehliche-deutschsprachige-gemeinden-nordamerika-schliessen-sich-zu-einem-weihnachtsprojekt-zusammen\/","og_site_name":"Martin Luther Evangelische Kirche Toronto","article_publisher":"https:\/\/www.facebook.com\/martinlutherchurchtoronto","article_published_time":"2021-11-10T13:36:46+00:00","article_modified_time":"2021-11-12T15:33:03+00:00","og_image":[{"width":1690,"height":950,"url":"https:\/\/martinluther.ca\/wp-content\/uploads\/2021\/11\/2021-O-du-frohliche-German-Congregations-Project.png","type":"image\/png"}],"author":"Mona Kakoschke Frantzke","twitter_card":"summary_large_image","twitter_misc":{"Verfasst von":"Mona Kakoschke Frantzke","Gesch\u00e4tzte Lesezeit":"2\u00a0Minuten"},"schema":{"@context":"https:\/\/schema.org","@graph":[{"@type":"Article","@id":"https:\/\/martinluther.ca\/de\/2021\/11\/o-du-froehliche-deutschsprachige-gemeinden-nordamerika-schliessen-sich-zu-einem-weihnachtsprojekt-zusammen\/#article","isPartOf":{"@id":"https:\/\/martinluther.ca\/de\/2021\/11\/o-du-froehliche-deutschsprachige-gemeinden-nordamerika-schliessen-sich-zu-einem-weihnachtsprojekt-zusammen\/"},"author":{"name":"Mona Kakoschke Frantzke","@id":"https:\/\/martinluther.ca\/de\/#\/schema\/person\/815c51710f70b050f0476f18da6b0c8f"},"headline":"\u201cO du fr\u00f6hliche\u201d deutschsprachige Gemeinden Nordamerika schlie\u00dfen sich zu einem Weihnachtsprojekt zusammen","datePublished":"2021-11-10T13:36:46+00:00","dateModified":"2021-11-12T15:33:03+00:00","mainEntityOfPage":{"@id":"https:\/\/martinluther.ca\/de\/2021\/11\/o-du-froehliche-deutschsprachige-gemeinden-nordamerika-schliessen-sich-zu-einem-weihnachtsprojekt-zusammen\/"},"wordCount":287,"publisher":{"@id":"https:\/\/martinluther.ca\/de\/#organization"},"image":{"@id":"https:\/\/martinluther.ca\/de\/2021\/11\/o-du-froehliche-deutschsprachige-gemeinden-nordamerika-schliessen-sich-zu-einem-weihnachtsprojekt-zusammen\/#primaryimage"},"thumbnailUrl":"https:\/\/martinluther.ca\/wp-content\/uploads\/2021\/11\/2021-O-du-frohliche-German-Congregations-Project.png","articleSection":["News Blog - German"],"inLanguage":"de"},{"@type":"WebPage","@id":"https:\/\/martinluther.ca\/de\/2021\/11\/o-du-froehliche-deutschsprachige-gemeinden-nordamerika-schliessen-sich-zu-einem-weihnachtsprojekt-zusammen\/","url":"https:\/\/martinluther.ca\/de\/2021\/11\/o-du-froehliche-deutschsprachige-gemeinden-nordamerika-schliessen-sich-zu-einem-weihnachtsprojekt-zusammen\/","name":"\u201cO du fr\u00f6hliche\u201d deutschsprachige Gemeinden Nordamerika schlie\u00dfen sich zu einem Weihnachtsprojekt zusammen - Martin Luther Evangelische Kirche Toronto","isPartOf":{"@id":"https:\/\/martinluther.ca\/de\/#website"},"primaryImageOfPage":{"@id":"https:\/\/martinluther.ca\/de\/2021\/11\/o-du-froehliche-deutschsprachige-gemeinden-nordamerika-schliessen-sich-zu-einem-weihnachtsprojekt-zusammen\/#primaryimage"},"image":{"@id":"https:\/\/martinluther.ca\/de\/2021\/11\/o-du-froehliche-deutschsprachige-gemeinden-nordamerika-schliessen-sich-zu-einem-weihnachtsprojekt-zusammen\/#primaryimage"},"thumbnailUrl":"https:\/\/martinluther.ca\/wp-content\/uploads\/2021\/11\/2021-O-du-frohliche-German-Congregations-Project.png","datePublished":"2021-11-10T13:36:46+00:00","dateModified":"2021-11-12T15:33:03+00:00","breadcrumb":{"@id":"https:\/\/martinluther.ca\/de\/2021\/11\/o-du-froehliche-deutschsprachige-gemeinden-nordamerika-schliessen-sich-zu-einem-weihnachtsprojekt-zusammen\/#breadcrumb"},"inLanguage":"de","potentialAction":[{"@type":"ReadAction","target":["https:\/\/martinluther.ca\/de\/2021\/11\/o-du-froehliche-deutschsprachige-gemeinden-nordamerika-schliessen-sich-zu-einem-weihnachtsprojekt-zusammen\/"]}]},{"@type":"ImageObject","inLanguage":"de","@id":"https:\/\/martinluther.ca\/de\/2021\/11\/o-du-froehliche-deutschsprachige-gemeinden-nordamerika-schliessen-sich-zu-einem-weihnachtsprojekt-zusammen\/#primaryimage","url":"https:\/\/martinluther.ca\/wp-content\/uploads\/2021\/11\/2021-O-du-frohliche-German-Congregations-Project.png","contentUrl":"https:\/\/martinluther.ca\/wp-content\/uploads\/2021\/11\/2021-O-du-frohliche-German-Congregations-Project.png","width":1690,"height":950,"caption":"2021 O-du-frohliche-German-Congregations-Project flyer"},{"@type":"BreadcrumbList","@id":"https:\/\/martinluther.ca\/de\/2021\/11\/o-du-froehliche-deutschsprachige-gemeinden-nordamerika-schliessen-sich-zu-einem-weihnachtsprojekt-zusammen\/#breadcrumb","itemListElement":[{"@type":"ListItem","position":1,"name":"Home","item":"https:\/\/martinluther.ca\/de\/"},{"@type":"ListItem","position":2,"name":"\u201cO du fr\u00f6hliche\u201d deutschsprachige Gemeinden Nordamerika schlie\u00dfen sich zu einem Weihnachtsprojekt zusammen"}]},{"@type":"WebSite","@id":"https:\/\/martinluther.ca\/de\/#website","url":"https:\/\/martinluther.ca\/de\/","name":"Martin Luther Evangelical Church Toronto","description":"Deutsch &amp; Englisch","publisher":{"@id":"https:\/\/martinluther.ca\/de\/#organization"},"potentialAction":[{"@type":"SearchAction","target":{"@type":"EntryPoint","urlTemplate":"https:\/\/martinluther.ca\/de\/?s={search_term_string}"},"query-input":{"@type":"PropertyValueSpecification","valueRequired":true,"valueName":"search_term_string"}}],"inLanguage":"de"},{"@type":"Organization","@id":"https:\/\/martinluther.ca\/de\/#organization","name":"Martin Luther Evangelical Church Toronto","url":"https:\/\/martinluther.ca\/de\/","logo":{"@type":"ImageObject","inLanguage":"de","@id":"https:\/\/martinluther.ca\/de\/#\/schema\/logo\/image\/","url":"https:\/\/martinluther.ca\/wp-content\/uploads\/2016\/12\/ml-logo-300.png","contentUrl":"https:\/\/martinluther.ca\/wp-content\/uploads\/2016\/12\/ml-logo-300.png","width":300,"height":150,"caption":"Martin Luther Evangelical Church Toronto"},"image":{"@id":"https:\/\/martinluther.ca\/de\/#\/schema\/logo\/image\/"},"sameAs":["https:\/\/www.facebook.com\/martinlutherchurchtoronto","https:\/\/www.instagram.com\/lutheransbythelake\/","https:\/\/www.youtube.com\/MartinLutherChurchToronto"]},{"@type":"Person","@id":"https:\/\/martinluther.ca\/de\/#\/schema\/person\/815c51710f70b050f0476f18da6b0c8f","name":"Mona Kakoschke Frantzke","image":{"@type":"ImageObject","inLanguage":"de","@id":"https:\/\/secure.gravatar.com\/avatar\/0deb16854ca545cd2e9fc8001ca110d262b80d5c8317b38dc542265fbea0ed19?s=96&d=mm&r=g","url":"https:\/\/secure.gravatar.com\/avatar\/0deb16854ca545cd2e9fc8001ca110d262b80d5c8317b38dc542265fbea0ed19?s=96&d=mm&r=g","contentUrl":"https:\/\/secure.gravatar.com\/avatar\/0deb16854ca545cd2e9fc8001ca110d262b80d5c8317b38dc542265fbea0ed19?s=96&d=mm&r=g","caption":"Mona Kakoschke Frantzke"},"url":false}]}},"_links":{"self":[{"href":"https:\/\/martinluther.ca\/de\/wp-json\/wp\/v2\/posts\/39566","targetHints":{"allow":["GET"]}}],"collection":[{"href":"https:\/\/martinluther.ca\/de\/wp-json\/wp\/v2\/posts"}],"about":[{"href":"https:\/\/martinluther.ca\/de\/wp-json\/wp\/v2\/types\/post"}],"author":[{"embeddable":true,"href":"https:\/\/martinluther.ca\/de\/wp-json\/wp\/v2\/users\/9"}],"replies":[{"embeddable":true,"href":"https:\/\/martinluther.ca\/de\/wp-json\/wp\/v2\/comments?post=39566"}],"version-history":[{"count":10,"href":"https:\/\/martinluther.ca\/de\/wp-json\/wp\/v2\/posts\/39566\/revisions"}],"predecessor-version":[{"id":39620,"href":"https:\/\/martinluther.ca\/de\/wp-json\/wp\/v2\/posts\/39566\/revisions\/39620"}],"wp:featuredmedia":[{"embeddable":true,"href":"https:\/\/martinluther.ca\/de\/wp-json\/wp\/v2\/media\/39538"}],"wp:attachment":[{"href":"https:\/\/martinluther.ca\/de\/wp-json\/wp\/v2\/media?parent=39566"}],"wp:term":[{"taxonomy":"category","embeddable":true,"href":"https:\/\/martinluther.ca\/de\/wp-json\/wp\/v2\/categories?post=39566"},{"taxonomy":"post_tag","embeddable":true,"href":"https:\/\/martinluther.ca\/de\/wp-json\/wp\/v2\/tags?post=39566"},{"taxonomy":"post_series","embeddable":true,"href":"https:\/\/martinluther.ca\/de\/wp-json\/wp\/v2\/post_series?post=39566"}],"curies":[{"name":"wp","href":"https:\/\/api.w.org\/{rel}","templated":true}]}}