{"id":39922,"date":"2021-11-29T10:57:26","date_gmt":"2021-11-29T15:57:26","guid":{"rendered":"https:\/\/martinluther.ca\/?p=39922"},"modified":"2021-12-04T12:51:46","modified_gmt":"2021-12-04T17:51:46","slug":"weihnachts-online-basar-montag-6-dez-bis-freitag-10-dez-2021","status":"publish","type":"post","link":"https:\/\/martinluther.ca\/de\/2021\/11\/weihnachts-online-basar-montag-6-dez-bis-freitag-10-dez-2021\/","title":{"rendered":"Weihnachts-Online-Basar, Montag, 6. Dez bis Freitag, 10. Dez 2021"},"content":{"rendered":"<p><img loading=\"lazy\" decoding=\"async\" class=\"alignright size-medium wp-image-40011\" src=\"https:\/\/martinluther.ca\/wp-content\/uploads\/2021\/12\/MLC_ChristmasBazaar_2021_INSTA_Insta-AD-300x300.jpg\" alt=\"MLC_ChristmasBazaar_2021\" width=\"300\" height=\"300\" srcset=\"https:\/\/martinluther.ca\/wp-content\/uploads\/2021\/12\/MLC_ChristmasBazaar_2021_INSTA_Insta-AD-300x300.jpg 300w, https:\/\/martinluther.ca\/wp-content\/uploads\/2021\/12\/MLC_ChristmasBazaar_2021_INSTA_Insta-AD-150x150.jpg 150w, https:\/\/martinluther.ca\/wp-content\/uploads\/2021\/12\/MLC_ChristmasBazaar_2021_INSTA_Insta-AD-768x768.jpg 768w, https:\/\/martinluther.ca\/wp-content\/uploads\/2021\/12\/MLC_ChristmasBazaar_2021_INSTA_Insta-AD-125x125.jpg 125w, https:\/\/martinluther.ca\/wp-content\/uploads\/2021\/12\/MLC_ChristmasBazaar_2021_INSTA_Insta-AD.jpg 937w\" sizes=\"auto, (max-width: 300px) 100vw, 300px\" \/>Die Begeisterung f\u00fcr Online-Shopping kommt in die Martin-Luther-Kirche! Markieren Sie Ihren Kalender f\u00fcr unseren Weihnachts-Online-Basar 2021.<\/p>\n<p>Die Website ist <strong>nur 5 Tage lang<\/strong> zum Durchsuchen und Online-Bestellungen ge\u00f6ffnet, von <strong>Montag, 6. Dezember bis Freitag, 10. Dezember 2021<\/strong>. Die Website <a href=\"https:\/\/www.mlcbazaar.ca\" target=\"_blank\" rel=\"noopener\">https:\/\/www.mlcbazaar.ca<\/a> schlie\u00dft am Dezember um Mitternacht 10, 2021. Die Mengen sind begrenzt. F\u00fcllen Sie also Ihre Online-K\u00f6rbe mit tollen handgemachten Geschenken und hausgemachten Leckereien zu Weihnachten.<\/p>\n<p>Danke f\u00fcr unsere Handwerker, wir werden einen Weihnachts-Online-Basar genie\u00dfen k\u00f6nnen. Die Eink\u00e4ufe werden am <strong>Sonntag, 12. Dezember 2021, nach dem Mitmach-Krippenspiel um 11:00 Uhr abgeholt.<\/strong><\/p>\n<p>Es ist noch nicht zu sp\u00e4t, Ihr Talent und Ihre Sch\u00e4tze einzubringen! Kontaktieren Sie Leanne unter <a href=\"mailto:bazaar@martinluther.ca\">bazaar@martinluther.ca<\/a>, um <strong>eine Beschreibung und Fotos Ihres Angebots bis Freitag, den 3. Dezember, zu senden<\/strong>. Sie k\u00f6nnen sich auch als Freiwilliger bei der Sammlung und Verteilung der Produkte f\u00fcr den Basar anmelden. Bitte lassen Sie Leanne so schnell wie m\u00f6glich wissen, wenn Sie Zeit haben und daran interessiert sind, zu helfen. Vielen Dank an alle, die sich bereits angemeldet haben, um einen Beitrag zu leisten, ohne Sie k\u00f6nnten wir es nicht schaffen!<\/p>\n<div class=\"FFpbKc\"><\/div>\n<p><img loading=\"lazy\" decoding=\"async\" class=\"alignleft size-full wp-image-39936\" src=\"https:\/\/martinluther.ca\/wp-content\/uploads\/2021\/11\/MLC_ChristmasBazaar_Online_banner_2021_wide-2.jpg\" alt=\"MLC_ChristmasBazaar_Online_banner_2021_wide\" width=\"1650\" height=\"375\" srcset=\"https:\/\/martinluther.ca\/wp-content\/uploads\/2021\/11\/MLC_ChristmasBazaar_Online_banner_2021_wide-2.jpg 1650w, https:\/\/martinluther.ca\/wp-content\/uploads\/2021\/11\/MLC_ChristmasBazaar_Online_banner_2021_wide-2-300x68.jpg 300w, https:\/\/martinluther.ca\/wp-content\/uploads\/2021\/11\/MLC_ChristmasBazaar_Online_banner_2021_wide-2-1024x233.jpg 1024w, https:\/\/martinluther.ca\/wp-content\/uploads\/2021\/11\/MLC_ChristmasBazaar_Online_banner_2021_wide-2-768x175.jpg 768w, https:\/\/martinluther.ca\/wp-content\/uploads\/2021\/11\/MLC_ChristmasBazaar_Online_banner_2021_wide-2-1536x349.jpg 1536w\" sizes=\"auto, (max-width: 1650px) 100vw, 1650px\" \/><\/p>\n","protected":false},"excerpt":{"rendered":"<p>Die Begeisterung f\u00fcr Online-Shopping kommt in die Martin-Luther-Kirche! Markieren Sie Ihren Kalender f\u00fcr unseren Weihnachts-Online-Basar 2021. Die Website ist nur 5 Tage lang zum Durchsuchen und Online-Bestellungen ge\u00f6ffnet, von Montag, 6. Dezember bis Freitag, 10. Dezember 2021. Die Website https:\/\/www.mlcbazaar.ca schlie\u00dft am Dezember um Mitternacht 10, 2021. Die Mengen sind begrenzt. F\u00fcllen Sie also Ihre&hellip;<\/p>\n","protected":false},"author":9,"featured_media":40011,"comment_status":"closed","ping_status":"closed","sticky":false,"template":"","format":"standard","meta":{"footnotes":""},"categories":[69],"tags":[],"post_series":[],"class_list":["post-39922","post","type-post","status-publish","format-standard","has-post-thumbnail","hentry","category-news-blog-german","entry","has-media"],"yoast_head":"<!-- This site is optimized with the Yoast SEO plugin v27.5 - https:\/\/yoast.com\/product\/yoast-seo-wordpress\/ -->\n<title>Weihnachts-Online-Basar, Montag, 6. Dez bis Freitag, 10. Dez 2021 - Martin Luther Evangelische Kirche Toronto<\/title>\n<meta name=\"robots\" content=\"index, follow, max-snippet:-1, max-image-preview:large, max-video-preview:-1\" \/>\n<link rel=\"canonical\" href=\"https:\/\/martinluther.ca\/de\/2021\/11\/weihnachts-online-basar-montag-6-dez-bis-freitag-10-dez-2021\/\" \/>\n<meta property=\"og:locale\" content=\"de_DE\" \/>\n<meta property=\"og:type\" content=\"article\" \/>\n<meta property=\"og:title\" content=\"Weihnachts-Online-Basar, Montag, 6. Dez bis Freitag, 10. Dez 2021 - Martin Luther Evangelische Kirche Toronto\" \/>\n<meta property=\"og:description\" content=\"Die Begeisterung f\u00fcr Online-Shopping kommt in die Martin-Luther-Kirche! Markieren Sie Ihren Kalender f\u00fcr unseren Weihnachts-Online-Basar 2021. Die Website ist nur 5 Tage lang zum Durchsuchen und Online-Bestellungen ge\u00f6ffnet, von Montag, 6. Dezember bis Freitag, 10. Dezember 2021. Die Website https:\/\/www.mlcbazaar.ca schlie\u00dft am Dezember um Mitternacht 10, 2021. Die Mengen sind begrenzt. F\u00fcllen Sie also Ihre&hellip;\" \/>\n<meta property=\"og:url\" content=\"https:\/\/martinluther.ca\/de\/2021\/11\/weihnachts-online-basar-montag-6-dez-bis-freitag-10-dez-2021\/\" \/>\n<meta property=\"og:site_name\" content=\"Martin Luther Evangelische Kirche Toronto\" \/>\n<meta property=\"article:publisher\" content=\"https:\/\/www.facebook.com\/martinlutherchurchtoronto\" \/>\n<meta property=\"article:published_time\" content=\"2021-11-29T15:57:26+00:00\" \/>\n<meta property=\"article:modified_time\" content=\"2021-12-04T17:51:46+00:00\" \/>\n<meta property=\"og:image\" content=\"https:\/\/martinluther.ca\/wp-content\/uploads\/2021\/12\/MLC_ChristmasBazaar_2021_INSTA_Insta-AD.jpg\" \/>\n\t<meta property=\"og:image:width\" content=\"937\" \/>\n\t<meta property=\"og:image:height\" content=\"937\" \/>\n\t<meta property=\"og:image:type\" content=\"image\/jpeg\" \/>\n<meta name=\"author\" content=\"Mona Kakoschke Frantzke\" \/>\n<meta name=\"twitter:card\" content=\"summary_large_image\" \/>\n<meta name=\"twitter:label1\" content=\"Verfasst von\" \/>\n\t<meta name=\"twitter:data1\" content=\"Mona Kakoschke Frantzke\" \/>\n\t<meta name=\"twitter:label2\" content=\"Gesch\u00e4tzte Lesezeit\" \/>\n\t<meta name=\"twitter:data2\" content=\"2\u00a0Minuten\" \/>\n<script type=\"application\/ld+json\" class=\"yoast-schema-graph\">{\"@context\":\"https:\\\/\\\/schema.org\",\"@graph\":[{\"@type\":\"Article\",\"@id\":\"https:\\\/\\\/martinluther.ca\\\/de\\\/2021\\\/11\\\/weihnachts-online-basar-montag-6-dez-bis-freitag-10-dez-2021\\\/#article\",\"isPartOf\":{\"@id\":\"https:\\\/\\\/martinluther.ca\\\/de\\\/2021\\\/11\\\/weihnachts-online-basar-montag-6-dez-bis-freitag-10-dez-2021\\\/\"},\"author\":{\"name\":\"Mona Kakoschke Frantzke\",\"@id\":\"https:\\\/\\\/martinluther.ca\\\/de\\\/#\\\/schema\\\/person\\\/815c51710f70b050f0476f18da6b0c8f\"},\"headline\":\"Weihnachts-Online-Basar, Montag, 6. Dez bis Freitag, 10. Dez 2021\",\"datePublished\":\"2021-11-29T15:57:26+00:00\",\"dateModified\":\"2021-12-04T17:51:46+00:00\",\"mainEntityOfPage\":{\"@id\":\"https:\\\/\\\/martinluther.ca\\\/de\\\/2021\\\/11\\\/weihnachts-online-basar-montag-6-dez-bis-freitag-10-dez-2021\\\/\"},\"wordCount\":194,\"publisher\":{\"@id\":\"https:\\\/\\\/martinluther.ca\\\/de\\\/#organization\"},\"image\":{\"@id\":\"https:\\\/\\\/martinluther.ca\\\/de\\\/2021\\\/11\\\/weihnachts-online-basar-montag-6-dez-bis-freitag-10-dez-2021\\\/#primaryimage\"},\"thumbnailUrl\":\"https:\\\/\\\/martinluther.ca\\\/wp-content\\\/uploads\\\/2021\\\/12\\\/MLC_ChristmasBazaar_2021_INSTA_Insta-AD.jpg\",\"articleSection\":[\"News Blog - German\"],\"inLanguage\":\"de\"},{\"@type\":\"WebPage\",\"@id\":\"https:\\\/\\\/martinluther.ca\\\/de\\\/2021\\\/11\\\/weihnachts-online-basar-montag-6-dez-bis-freitag-10-dez-2021\\\/\",\"url\":\"https:\\\/\\\/martinluther.ca\\\/de\\\/2021\\\/11\\\/weihnachts-online-basar-montag-6-dez-bis-freitag-10-dez-2021\\\/\",\"name\":\"Weihnachts-Online-Basar, Montag, 6. Dez bis Freitag, 10. Dez 2021 - Martin Luther Evangelische Kirche Toronto\",\"isPartOf\":{\"@id\":\"https:\\\/\\\/martinluther.ca\\\/de\\\/#website\"},\"primaryImageOfPage\":{\"@id\":\"https:\\\/\\\/martinluther.ca\\\/de\\\/2021\\\/11\\\/weihnachts-online-basar-montag-6-dez-bis-freitag-10-dez-2021\\\/#primaryimage\"},\"image\":{\"@id\":\"https:\\\/\\\/martinluther.ca\\\/de\\\/2021\\\/11\\\/weihnachts-online-basar-montag-6-dez-bis-freitag-10-dez-2021\\\/#primaryimage\"},\"thumbnailUrl\":\"https:\\\/\\\/martinluther.ca\\\/wp-content\\\/uploads\\\/2021\\\/12\\\/MLC_ChristmasBazaar_2021_INSTA_Insta-AD.jpg\",\"datePublished\":\"2021-11-29T15:57:26+00:00\",\"dateModified\":\"2021-12-04T17:51:46+00:00\",\"breadcrumb\":{\"@id\":\"https:\\\/\\\/martinluther.ca\\\/de\\\/2021\\\/11\\\/weihnachts-online-basar-montag-6-dez-bis-freitag-10-dez-2021\\\/#breadcrumb\"},\"inLanguage\":\"de\",\"potentialAction\":[{\"@type\":\"ReadAction\",\"target\":[\"https:\\\/\\\/martinluther.ca\\\/de\\\/2021\\\/11\\\/weihnachts-online-basar-montag-6-dez-bis-freitag-10-dez-2021\\\/\"]}]},{\"@type\":\"ImageObject\",\"inLanguage\":\"de\",\"@id\":\"https:\\\/\\\/martinluther.ca\\\/de\\\/2021\\\/11\\\/weihnachts-online-basar-montag-6-dez-bis-freitag-10-dez-2021\\\/#primaryimage\",\"url\":\"https:\\\/\\\/martinluther.ca\\\/wp-content\\\/uploads\\\/2021\\\/12\\\/MLC_ChristmasBazaar_2021_INSTA_Insta-AD.jpg\",\"contentUrl\":\"https:\\\/\\\/martinluther.ca\\\/wp-content\\\/uploads\\\/2021\\\/12\\\/MLC_ChristmasBazaar_2021_INSTA_Insta-AD.jpg\",\"width\":937,\"height\":937,\"caption\":\"MLC_ChristmasBazaar_2021\"},{\"@type\":\"BreadcrumbList\",\"@id\":\"https:\\\/\\\/martinluther.ca\\\/de\\\/2021\\\/11\\\/weihnachts-online-basar-montag-6-dez-bis-freitag-10-dez-2021\\\/#breadcrumb\",\"itemListElement\":[{\"@type\":\"ListItem\",\"position\":1,\"name\":\"Home\",\"item\":\"https:\\\/\\\/martinluther.ca\\\/de\\\/\"},{\"@type\":\"ListItem\",\"position\":2,\"name\":\"Weihnachts-Online-Basar, Montag, 6. Dez bis Freitag, 10. Dez 2021\"}]},{\"@type\":\"WebSite\",\"@id\":\"https:\\\/\\\/martinluther.ca\\\/de\\\/#website\",\"url\":\"https:\\\/\\\/martinluther.ca\\\/de\\\/\",\"name\":\"Martin Luther Evangelical Church Toronto\",\"description\":\"Deutsch &amp; Englisch\",\"publisher\":{\"@id\":\"https:\\\/\\\/martinluther.ca\\\/de\\\/#organization\"},\"potentialAction\":[{\"@type\":\"SearchAction\",\"target\":{\"@type\":\"EntryPoint\",\"urlTemplate\":\"https:\\\/\\\/martinluther.ca\\\/de\\\/?s={search_term_string}\"},\"query-input\":{\"@type\":\"PropertyValueSpecification\",\"valueRequired\":true,\"valueName\":\"search_term_string\"}}],\"inLanguage\":\"de\"},{\"@type\":\"Organization\",\"@id\":\"https:\\\/\\\/martinluther.ca\\\/de\\\/#organization\",\"name\":\"Martin Luther Evangelical Church Toronto\",\"url\":\"https:\\\/\\\/martinluther.ca\\\/de\\\/\",\"logo\":{\"@type\":\"ImageObject\",\"inLanguage\":\"de\",\"@id\":\"https:\\\/\\\/martinluther.ca\\\/de\\\/#\\\/schema\\\/logo\\\/image\\\/\",\"url\":\"https:\\\/\\\/martinluther.ca\\\/wp-content\\\/uploads\\\/2016\\\/12\\\/ml-logo-300.png\",\"contentUrl\":\"https:\\\/\\\/martinluther.ca\\\/wp-content\\\/uploads\\\/2016\\\/12\\\/ml-logo-300.png\",\"width\":300,\"height\":150,\"caption\":\"Martin Luther Evangelical Church Toronto\"},\"image\":{\"@id\":\"https:\\\/\\\/martinluther.ca\\\/de\\\/#\\\/schema\\\/logo\\\/image\\\/\"},\"sameAs\":[\"https:\\\/\\\/www.facebook.com\\\/martinlutherchurchtoronto\",\"https:\\\/\\\/www.instagram.com\\\/lutheransbythelake\\\/\",\"https:\\\/\\\/www.youtube.com\\\/MartinLutherChurchToronto\"]},{\"@type\":\"Person\",\"@id\":\"https:\\\/\\\/martinluther.ca\\\/de\\\/#\\\/schema\\\/person\\\/815c51710f70b050f0476f18da6b0c8f\",\"name\":\"Mona Kakoschke Frantzke\",\"image\":{\"@type\":\"ImageObject\",\"inLanguage\":\"de\",\"@id\":\"https:\\\/\\\/secure.gravatar.com\\\/avatar\\\/0deb16854ca545cd2e9fc8001ca110d262b80d5c8317b38dc542265fbea0ed19?s=96&d=mm&r=g\",\"url\":\"https:\\\/\\\/secure.gravatar.com\\\/avatar\\\/0deb16854ca545cd2e9fc8001ca110d262b80d5c8317b38dc542265fbea0ed19?s=96&d=mm&r=g\",\"contentUrl\":\"https:\\\/\\\/secure.gravatar.com\\\/avatar\\\/0deb16854ca545cd2e9fc8001ca110d262b80d5c8317b38dc542265fbea0ed19?s=96&d=mm&r=g\",\"caption\":\"Mona Kakoschke Frantzke\"},\"url\":false}]}<\/script>\n<!-- \/ Yoast SEO plugin. -->","yoast_head_json":{"title":"Weihnachts-Online-Basar, Montag, 6. Dez bis Freitag, 10. Dez 2021 - Martin Luther Evangelische Kirche Toronto","robots":{"index":"index","follow":"follow","max-snippet":"max-snippet:-1","max-image-preview":"max-image-preview:large","max-video-preview":"max-video-preview:-1"},"canonical":"https:\/\/martinluther.ca\/de\/2021\/11\/weihnachts-online-basar-montag-6-dez-bis-freitag-10-dez-2021\/","og_locale":"de_DE","og_type":"article","og_title":"Weihnachts-Online-Basar, Montag, 6. Dez bis Freitag, 10. Dez 2021 - Martin Luther Evangelische Kirche Toronto","og_description":"Die Begeisterung f\u00fcr Online-Shopping kommt in die Martin-Luther-Kirche! Markieren Sie Ihren Kalender f\u00fcr unseren Weihnachts-Online-Basar 2021. Die Website ist nur 5 Tage lang zum Durchsuchen und Online-Bestellungen ge\u00f6ffnet, von Montag, 6. Dezember bis Freitag, 10. Dezember 2021. Die Website https:\/\/www.mlcbazaar.ca schlie\u00dft am Dezember um Mitternacht 10, 2021. Die Mengen sind begrenzt. F\u00fcllen Sie also Ihre&hellip;","og_url":"https:\/\/martinluther.ca\/de\/2021\/11\/weihnachts-online-basar-montag-6-dez-bis-freitag-10-dez-2021\/","og_site_name":"Martin Luther Evangelische Kirche Toronto","article_publisher":"https:\/\/www.facebook.com\/martinlutherchurchtoronto","article_published_time":"2021-11-29T15:57:26+00:00","article_modified_time":"2021-12-04T17:51:46+00:00","og_image":[{"width":937,"height":937,"url":"https:\/\/martinluther.ca\/wp-content\/uploads\/2021\/12\/MLC_ChristmasBazaar_2021_INSTA_Insta-AD.jpg","type":"image\/jpeg"}],"author":"Mona Kakoschke Frantzke","twitter_card":"summary_large_image","twitter_misc":{"Verfasst von":"Mona Kakoschke Frantzke","Gesch\u00e4tzte Lesezeit":"2\u00a0Minuten"},"schema":{"@context":"https:\/\/schema.org","@graph":[{"@type":"Article","@id":"https:\/\/martinluther.ca\/de\/2021\/11\/weihnachts-online-basar-montag-6-dez-bis-freitag-10-dez-2021\/#article","isPartOf":{"@id":"https:\/\/martinluther.ca\/de\/2021\/11\/weihnachts-online-basar-montag-6-dez-bis-freitag-10-dez-2021\/"},"author":{"name":"Mona Kakoschke Frantzke","@id":"https:\/\/martinluther.ca\/de\/#\/schema\/person\/815c51710f70b050f0476f18da6b0c8f"},"headline":"Weihnachts-Online-Basar, Montag, 6. Dez bis Freitag, 10. Dez 2021","datePublished":"2021-11-29T15:57:26+00:00","dateModified":"2021-12-04T17:51:46+00:00","mainEntityOfPage":{"@id":"https:\/\/martinluther.ca\/de\/2021\/11\/weihnachts-online-basar-montag-6-dez-bis-freitag-10-dez-2021\/"},"wordCount":194,"publisher":{"@id":"https:\/\/martinluther.ca\/de\/#organization"},"image":{"@id":"https:\/\/martinluther.ca\/de\/2021\/11\/weihnachts-online-basar-montag-6-dez-bis-freitag-10-dez-2021\/#primaryimage"},"thumbnailUrl":"https:\/\/martinluther.ca\/wp-content\/uploads\/2021\/12\/MLC_ChristmasBazaar_2021_INSTA_Insta-AD.jpg","articleSection":["News Blog - German"],"inLanguage":"de"},{"@type":"WebPage","@id":"https:\/\/martinluther.ca\/de\/2021\/11\/weihnachts-online-basar-montag-6-dez-bis-freitag-10-dez-2021\/","url":"https:\/\/martinluther.ca\/de\/2021\/11\/weihnachts-online-basar-montag-6-dez-bis-freitag-10-dez-2021\/","name":"Weihnachts-Online-Basar, Montag, 6. Dez bis Freitag, 10. Dez 2021 - Martin Luther Evangelische Kirche Toronto","isPartOf":{"@id":"https:\/\/martinluther.ca\/de\/#website"},"primaryImageOfPage":{"@id":"https:\/\/martinluther.ca\/de\/2021\/11\/weihnachts-online-basar-montag-6-dez-bis-freitag-10-dez-2021\/#primaryimage"},"image":{"@id":"https:\/\/martinluther.ca\/de\/2021\/11\/weihnachts-online-basar-montag-6-dez-bis-freitag-10-dez-2021\/#primaryimage"},"thumbnailUrl":"https:\/\/martinluther.ca\/wp-content\/uploads\/2021\/12\/MLC_ChristmasBazaar_2021_INSTA_Insta-AD.jpg","datePublished":"2021-11-29T15:57:26+00:00","dateModified":"2021-12-04T17:51:46+00:00","breadcrumb":{"@id":"https:\/\/martinluther.ca\/de\/2021\/11\/weihnachts-online-basar-montag-6-dez-bis-freitag-10-dez-2021\/#breadcrumb"},"inLanguage":"de","potentialAction":[{"@type":"ReadAction","target":["https:\/\/martinluther.ca\/de\/2021\/11\/weihnachts-online-basar-montag-6-dez-bis-freitag-10-dez-2021\/"]}]},{"@type":"ImageObject","inLanguage":"de","@id":"https:\/\/martinluther.ca\/de\/2021\/11\/weihnachts-online-basar-montag-6-dez-bis-freitag-10-dez-2021\/#primaryimage","url":"https:\/\/martinluther.ca\/wp-content\/uploads\/2021\/12\/MLC_ChristmasBazaar_2021_INSTA_Insta-AD.jpg","contentUrl":"https:\/\/martinluther.ca\/wp-content\/uploads\/2021\/12\/MLC_ChristmasBazaar_2021_INSTA_Insta-AD.jpg","width":937,"height":937,"caption":"MLC_ChristmasBazaar_2021"},{"@type":"BreadcrumbList","@id":"https:\/\/martinluther.ca\/de\/2021\/11\/weihnachts-online-basar-montag-6-dez-bis-freitag-10-dez-2021\/#breadcrumb","itemListElement":[{"@type":"ListItem","position":1,"name":"Home","item":"https:\/\/martinluther.ca\/de\/"},{"@type":"ListItem","position":2,"name":"Weihnachts-Online-Basar, Montag, 6. Dez bis Freitag, 10. Dez 2021"}]},{"@type":"WebSite","@id":"https:\/\/martinluther.ca\/de\/#website","url":"https:\/\/martinluther.ca\/de\/","name":"Martin Luther Evangelical Church Toronto","description":"Deutsch &amp; Englisch","publisher":{"@id":"https:\/\/martinluther.ca\/de\/#organization"},"potentialAction":[{"@type":"SearchAction","target":{"@type":"EntryPoint","urlTemplate":"https:\/\/martinluther.ca\/de\/?s={search_term_string}"},"query-input":{"@type":"PropertyValueSpecification","valueRequired":true,"valueName":"search_term_string"}}],"inLanguage":"de"},{"@type":"Organization","@id":"https:\/\/martinluther.ca\/de\/#organization","name":"Martin Luther Evangelical Church Toronto","url":"https:\/\/martinluther.ca\/de\/","logo":{"@type":"ImageObject","inLanguage":"de","@id":"https:\/\/martinluther.ca\/de\/#\/schema\/logo\/image\/","url":"https:\/\/martinluther.ca\/wp-content\/uploads\/2016\/12\/ml-logo-300.png","contentUrl":"https:\/\/martinluther.ca\/wp-content\/uploads\/2016\/12\/ml-logo-300.png","width":300,"height":150,"caption":"Martin Luther Evangelical Church Toronto"},"image":{"@id":"https:\/\/martinluther.ca\/de\/#\/schema\/logo\/image\/"},"sameAs":["https:\/\/www.facebook.com\/martinlutherchurchtoronto","https:\/\/www.instagram.com\/lutheransbythelake\/","https:\/\/www.youtube.com\/MartinLutherChurchToronto"]},{"@type":"Person","@id":"https:\/\/martinluther.ca\/de\/#\/schema\/person\/815c51710f70b050f0476f18da6b0c8f","name":"Mona Kakoschke Frantzke","image":{"@type":"ImageObject","inLanguage":"de","@id":"https:\/\/secure.gravatar.com\/avatar\/0deb16854ca545cd2e9fc8001ca110d262b80d5c8317b38dc542265fbea0ed19?s=96&d=mm&r=g","url":"https:\/\/secure.gravatar.com\/avatar\/0deb16854ca545cd2e9fc8001ca110d262b80d5c8317b38dc542265fbea0ed19?s=96&d=mm&r=g","contentUrl":"https:\/\/secure.gravatar.com\/avatar\/0deb16854ca545cd2e9fc8001ca110d262b80d5c8317b38dc542265fbea0ed19?s=96&d=mm&r=g","caption":"Mona Kakoschke Frantzke"},"url":false}]}},"_links":{"self":[{"href":"https:\/\/martinluther.ca\/de\/wp-json\/wp\/v2\/posts\/39922","targetHints":{"allow":["GET"]}}],"collection":[{"href":"https:\/\/martinluther.ca\/de\/wp-json\/wp\/v2\/posts"}],"about":[{"href":"https:\/\/martinluther.ca\/de\/wp-json\/wp\/v2\/types\/post"}],"author":[{"embeddable":true,"href":"https:\/\/martinluther.ca\/de\/wp-json\/wp\/v2\/users\/9"}],"replies":[{"embeddable":true,"href":"https:\/\/martinluther.ca\/de\/wp-json\/wp\/v2\/comments?post=39922"}],"version-history":[{"count":5,"href":"https:\/\/martinluther.ca\/de\/wp-json\/wp\/v2\/posts\/39922\/revisions"}],"predecessor-version":[{"id":40014,"href":"https:\/\/martinluther.ca\/de\/wp-json\/wp\/v2\/posts\/39922\/revisions\/40014"}],"wp:featuredmedia":[{"embeddable":true,"href":"https:\/\/martinluther.ca\/de\/wp-json\/wp\/v2\/media\/40011"}],"wp:attachment":[{"href":"https:\/\/martinluther.ca\/de\/wp-json\/wp\/v2\/media?parent=39922"}],"wp:term":[{"taxonomy":"category","embeddable":true,"href":"https:\/\/martinluther.ca\/de\/wp-json\/wp\/v2\/categories?post=39922"},{"taxonomy":"post_tag","embeddable":true,"href":"https:\/\/martinluther.ca\/de\/wp-json\/wp\/v2\/tags?post=39922"},{"taxonomy":"post_series","embeddable":true,"href":"https:\/\/martinluther.ca\/de\/wp-json\/wp\/v2\/post_series?post=39922"}],"curies":[{"name":"wp","href":"https:\/\/api.w.org\/{rel}","templated":true}]}}