{"id":39966,"date":"2021-12-02T09:32:55","date_gmt":"2021-12-02T14:32:55","guid":{"rendered":"https:\/\/martinluther.ca\/?p=39966"},"modified":"2021-12-06T18:17:59","modified_gmt":"2021-12-06T23:17:59","slug":"unser-gemeindebrief-fuer-weihnachten-2021","status":"publish","type":"post","link":"https:\/\/martinluther.ca\/de\/2021\/12\/unser-gemeindebrief-fuer-weihnachten-2021\/","title":{"rendered":"Unser Gemeindebrief f\u00fcr Weihnachten 2021"},"content":{"rendered":"<p><a href=\"https:\/\/martinluther.ca\/wp-content\/uploads\/2021\/12\/2021_Winter_MLK-Gemeindebrief-v2_compressed.pdf\" target=\"_blank\" rel=\"noopener\"><img loading=\"lazy\" decoding=\"async\" class=\"alignright wp-image-39984 size-medium\" src=\"https:\/\/martinluther.ca\/wp-content\/uploads\/2021\/12\/2021-Winter-Gemeindebrief-full-blog2-230x300.jpg\" alt=\"2021 Winter Gemeindebrief -full blog(2)\" width=\"230\" height=\"300\" srcset=\"https:\/\/martinluther.ca\/wp-content\/uploads\/2021\/12\/2021-Winter-Gemeindebrief-full-blog2-230x300.jpg 230w, https:\/\/martinluther.ca\/wp-content\/uploads\/2021\/12\/2021-Winter-Gemeindebrief-full-blog2.jpg 547w\" sizes=\"auto, (max-width: 230px) 100vw, 230px\" \/><\/a>&#8230; ist Fertig zum <a href=\"https:\/\/martinluther.ca\/wp-content\/uploads\/2021\/12\/2021_Winter_MLK-Gemeindebrief-v2_compressed.pdf\" target=\"_blank\" rel=\"noopener\">herunterladen<\/a> und lesen. Frohe Weignachten!<\/p>\n<p>Pastorin Annika Klappert&#8217;s Advent 2021 Andacht &#8222;Geschenkte Freude&#8220;.<\/p>\n<p><strong>In dieser Ausgabe:<\/strong><br \/>\n\u2022 Bericht des Fl\u00fcchtlingshilfe-Teams<br \/>\n\u2022 Advent- und Weihnachtsgottesdienste<br \/>\n\u2022 Konfirmationswochenende<br \/>\n\u2022 Wir heissen neue freiwilige Mitarbeiter*innen wilkommen<\/p>\n<p>Ein Archiv aller unserer Gemeindebriefe ist auch auf unserer Gemeindebrief Webseite verf\u00fcgbar auf <a href=\"https:\/\/martinluther.ca\/de\/gemeindebriefe\/\" target=\"_blank\" rel=\"noopener\">https:\/\/martinluther.ca\/de\/gemeindebriefe\/<\/a><\/p>\n<p>Viele von Ihnen fragen sich vielleicht, wie unsere Gemeinde die diesj\u00e4hrige Advents- und Weihnachtszeit angehen wird und welche Ma\u00dfnahmen bez\u00fcglich COVID-19 ergriffen werden, um uns alle gleichzeitig verbunden und sicher zu halten. Nach langem \u00dcberlegen und unter Ber\u00fccksichtigung der Stimmen unserer Mitglieder in den letzten Wochen hat der Kirchenrat beschlossen, eine Impfschutzrichtlinie f\u00fcr unsere Martin-Luther-Kirche Toronto einzuf\u00fchren. Gleichzeitig versprechen wir, f\u00fcr diejenigen, die aus verschiedenen Gr\u00fcnden z\u00f6gern, sich impfen zu lassen, ansprechbar zu bleiben und allen zu helfen, die eine Impfung ben\u00f6tigen.<\/p>\n<p><strong>Martin Luther Church Toronto <a href=\"https:\/\/martinluther.ca\/wp-content\/uploads\/2021\/12\/MLC-COVID-19-Vaccine-Policy-as-of-Nov-30-2021-2.pdf\" target=\"_blank\" rel=\"noopener\">COVID-19 Vaccine Policy effective December 15, 2021<\/a><\/strong><\/p>\n<p><strong>Dezember 2021 Gottesdienstplan<\/strong><\/p>\n<p><strong>Sonntag, 19. Dezember 2021, 4. Adventssonntag<\/strong><br \/>\n(Bitte beachten Sie, dass kein Morgengottesdienst stattfindet!)<br \/>\n19:00 Uhr Kerzenscheinservice Candlelight Service in englischer Sprache Vort Ort in der Kirche<\/p>\n<p><strong>Freitag, 24. Dezember 2021, Heiligabend<\/strong><br \/>\nGottesdienste Vor Ort in der Kirche und per Livestream auf YouTube. Mit unserem Kirchenchor:<br \/>\n16:30 Uhr auf Deutsch<br \/>\n18:30 Uhr auf Englisch<br \/>\n<strong>Registrierung ben\u00f6tigt !!<\/strong><\/p>\n<p><strong>Samstag, 25. Dezember 2021, 1. Christfest<\/strong><br \/>\n11:00 Uhr Gottesdienst in Englisch und Deutsch<\/p>\n","protected":false},"excerpt":{"rendered":"<p>&#8230; ist Fertig zum herunterladen und lesen. Frohe Weignachten! Pastorin Annika Klappert&#8217;s Advent 2021 Andacht &#8222;Geschenkte Freude&#8220;. In dieser Ausgabe: \u2022 Bericht des Fl\u00fcchtlingshilfe-Teams \u2022 Advent- und Weihnachtsgottesdienste \u2022 Konfirmationswochenende \u2022 Wir heissen neue freiwilige Mitarbeiter*innen wilkommen Ein Archiv aller unserer Gemeindebriefe ist auch auf unserer Gemeindebrief Webseite verf\u00fcgbar auf https:\/\/martinluther.ca\/de\/gemeindebriefe\/ Viele von Ihnen fragen&hellip;<\/p>\n","protected":false},"author":9,"featured_media":39982,"comment_status":"closed","ping_status":"closed","sticky":false,"template":"","format":"standard","meta":{"footnotes":""},"categories":[69],"tags":[],"post_series":[],"class_list":["post-39966","post","type-post","status-publish","format-standard","has-post-thumbnail","hentry","category-news-blog-german","entry","has-media"],"yoast_head":"<!-- This site is optimized with the Yoast SEO plugin v27.5 - https:\/\/yoast.com\/product\/yoast-seo-wordpress\/ -->\n<title>Unser Gemeindebrief f\u00fcr Weihnachten 2021 - Martin Luther Evangelische Kirche Toronto<\/title>\n<meta name=\"robots\" content=\"index, follow, max-snippet:-1, max-image-preview:large, max-video-preview:-1\" \/>\n<link rel=\"canonical\" href=\"https:\/\/martinluther.ca\/de\/2021\/12\/unser-gemeindebrief-fuer-weihnachten-2021\/\" \/>\n<meta property=\"og:locale\" content=\"de_DE\" \/>\n<meta property=\"og:type\" content=\"article\" \/>\n<meta property=\"og:title\" content=\"Unser Gemeindebrief f\u00fcr Weihnachten 2021 - Martin Luther Evangelische Kirche Toronto\" \/>\n<meta property=\"og:description\" content=\"&#8230; ist Fertig zum herunterladen und lesen. Frohe Weignachten! Pastorin Annika Klappert&#8217;s Advent 2021 Andacht &#8222;Geschenkte Freude&#8220;. In dieser Ausgabe: \u2022 Bericht des Fl\u00fcchtlingshilfe-Teams \u2022 Advent- und Weihnachtsgottesdienste \u2022 Konfirmationswochenende \u2022 Wir heissen neue freiwilige Mitarbeiter*innen wilkommen Ein Archiv aller unserer Gemeindebriefe ist auch auf unserer Gemeindebrief Webseite verf\u00fcgbar auf https:\/\/martinluther.ca\/de\/gemeindebriefe\/ Viele von Ihnen fragen&hellip;\" \/>\n<meta property=\"og:url\" content=\"https:\/\/martinluther.ca\/de\/2021\/12\/unser-gemeindebrief-fuer-weihnachten-2021\/\" \/>\n<meta property=\"og:site_name\" content=\"Martin Luther Evangelische Kirche Toronto\" \/>\n<meta property=\"article:publisher\" content=\"https:\/\/www.facebook.com\/martinlutherchurchtoronto\" \/>\n<meta property=\"article:published_time\" content=\"2021-12-02T14:32:55+00:00\" \/>\n<meta property=\"article:modified_time\" content=\"2021-12-06T23:17:59+00:00\" \/>\n<meta property=\"og:image\" content=\"https:\/\/martinluther.ca\/wp-content\/uploads\/2021\/12\/2021-Winter-Gemeindebrief-4x3-blog2.jpg\" \/>\n\t<meta property=\"og:image:width\" content=\"1047\" \/>\n\t<meta property=\"og:image:height\" content=\"829\" \/>\n\t<meta property=\"og:image:type\" content=\"image\/jpeg\" \/>\n<meta name=\"author\" content=\"Mona Kakoschke Frantzke\" \/>\n<meta name=\"twitter:card\" content=\"summary_large_image\" \/>\n<meta name=\"twitter:label1\" content=\"Verfasst von\" \/>\n\t<meta name=\"twitter:data1\" content=\"Mona Kakoschke Frantzke\" \/>\n\t<meta name=\"twitter:label2\" content=\"Gesch\u00e4tzte Lesezeit\" \/>\n\t<meta name=\"twitter:data2\" content=\"2\u00a0Minuten\" \/>\n<script type=\"application\/ld+json\" class=\"yoast-schema-graph\">{\"@context\":\"https:\\\/\\\/schema.org\",\"@graph\":[{\"@type\":\"Article\",\"@id\":\"https:\\\/\\\/martinluther.ca\\\/de\\\/2021\\\/12\\\/unser-gemeindebrief-fuer-weihnachten-2021\\\/#article\",\"isPartOf\":{\"@id\":\"https:\\\/\\\/martinluther.ca\\\/de\\\/2021\\\/12\\\/unser-gemeindebrief-fuer-weihnachten-2021\\\/\"},\"author\":{\"name\":\"Mona Kakoschke Frantzke\",\"@id\":\"https:\\\/\\\/martinluther.ca\\\/de\\\/#\\\/schema\\\/person\\\/815c51710f70b050f0476f18da6b0c8f\"},\"headline\":\"Unser Gemeindebrief f\u00fcr Weihnachten 2021\",\"datePublished\":\"2021-12-02T14:32:55+00:00\",\"dateModified\":\"2021-12-06T23:17:59+00:00\",\"mainEntityOfPage\":{\"@id\":\"https:\\\/\\\/martinluther.ca\\\/de\\\/2021\\\/12\\\/unser-gemeindebrief-fuer-weihnachten-2021\\\/\"},\"wordCount\":218,\"publisher\":{\"@id\":\"https:\\\/\\\/martinluther.ca\\\/de\\\/#organization\"},\"image\":{\"@id\":\"https:\\\/\\\/martinluther.ca\\\/de\\\/2021\\\/12\\\/unser-gemeindebrief-fuer-weihnachten-2021\\\/#primaryimage\"},\"thumbnailUrl\":\"https:\\\/\\\/martinluther.ca\\\/wp-content\\\/uploads\\\/2021\\\/12\\\/2021-Winter-Gemeindebrief-4x3-blog2.jpg\",\"articleSection\":[\"News Blog - German\"],\"inLanguage\":\"de\"},{\"@type\":\"WebPage\",\"@id\":\"https:\\\/\\\/martinluther.ca\\\/de\\\/2021\\\/12\\\/unser-gemeindebrief-fuer-weihnachten-2021\\\/\",\"url\":\"https:\\\/\\\/martinluther.ca\\\/de\\\/2021\\\/12\\\/unser-gemeindebrief-fuer-weihnachten-2021\\\/\",\"name\":\"Unser Gemeindebrief f\u00fcr Weihnachten 2021 - Martin Luther Evangelische Kirche Toronto\",\"isPartOf\":{\"@id\":\"https:\\\/\\\/martinluther.ca\\\/de\\\/#website\"},\"primaryImageOfPage\":{\"@id\":\"https:\\\/\\\/martinluther.ca\\\/de\\\/2021\\\/12\\\/unser-gemeindebrief-fuer-weihnachten-2021\\\/#primaryimage\"},\"image\":{\"@id\":\"https:\\\/\\\/martinluther.ca\\\/de\\\/2021\\\/12\\\/unser-gemeindebrief-fuer-weihnachten-2021\\\/#primaryimage\"},\"thumbnailUrl\":\"https:\\\/\\\/martinluther.ca\\\/wp-content\\\/uploads\\\/2021\\\/12\\\/2021-Winter-Gemeindebrief-4x3-blog2.jpg\",\"datePublished\":\"2021-12-02T14:32:55+00:00\",\"dateModified\":\"2021-12-06T23:17:59+00:00\",\"breadcrumb\":{\"@id\":\"https:\\\/\\\/martinluther.ca\\\/de\\\/2021\\\/12\\\/unser-gemeindebrief-fuer-weihnachten-2021\\\/#breadcrumb\"},\"inLanguage\":\"de\",\"potentialAction\":[{\"@type\":\"ReadAction\",\"target\":[\"https:\\\/\\\/martinluther.ca\\\/de\\\/2021\\\/12\\\/unser-gemeindebrief-fuer-weihnachten-2021\\\/\"]}]},{\"@type\":\"ImageObject\",\"inLanguage\":\"de\",\"@id\":\"https:\\\/\\\/martinluther.ca\\\/de\\\/2021\\\/12\\\/unser-gemeindebrief-fuer-weihnachten-2021\\\/#primaryimage\",\"url\":\"https:\\\/\\\/martinluther.ca\\\/wp-content\\\/uploads\\\/2021\\\/12\\\/2021-Winter-Gemeindebrief-4x3-blog2.jpg\",\"contentUrl\":\"https:\\\/\\\/martinluther.ca\\\/wp-content\\\/uploads\\\/2021\\\/12\\\/2021-Winter-Gemeindebrief-4x3-blog2.jpg\",\"width\":1047,\"height\":829,\"caption\":\"2021 Winter Gemeindebrief -4x3 blog(2)\"},{\"@type\":\"BreadcrumbList\",\"@id\":\"https:\\\/\\\/martinluther.ca\\\/de\\\/2021\\\/12\\\/unser-gemeindebrief-fuer-weihnachten-2021\\\/#breadcrumb\",\"itemListElement\":[{\"@type\":\"ListItem\",\"position\":1,\"name\":\"Home\",\"item\":\"https:\\\/\\\/martinluther.ca\\\/de\\\/\"},{\"@type\":\"ListItem\",\"position\":2,\"name\":\"Unser Gemeindebrief f\u00fcr Weihnachten 2021\"}]},{\"@type\":\"WebSite\",\"@id\":\"https:\\\/\\\/martinluther.ca\\\/de\\\/#website\",\"url\":\"https:\\\/\\\/martinluther.ca\\\/de\\\/\",\"name\":\"Martin Luther Evangelical Church Toronto\",\"description\":\"Deutsch &amp; Englisch\",\"publisher\":{\"@id\":\"https:\\\/\\\/martinluther.ca\\\/de\\\/#organization\"},\"potentialAction\":[{\"@type\":\"SearchAction\",\"target\":{\"@type\":\"EntryPoint\",\"urlTemplate\":\"https:\\\/\\\/martinluther.ca\\\/de\\\/?s={search_term_string}\"},\"query-input\":{\"@type\":\"PropertyValueSpecification\",\"valueRequired\":true,\"valueName\":\"search_term_string\"}}],\"inLanguage\":\"de\"},{\"@type\":\"Organization\",\"@id\":\"https:\\\/\\\/martinluther.ca\\\/de\\\/#organization\",\"name\":\"Martin Luther Evangelical Church Toronto\",\"url\":\"https:\\\/\\\/martinluther.ca\\\/de\\\/\",\"logo\":{\"@type\":\"ImageObject\",\"inLanguage\":\"de\",\"@id\":\"https:\\\/\\\/martinluther.ca\\\/de\\\/#\\\/schema\\\/logo\\\/image\\\/\",\"url\":\"https:\\\/\\\/martinluther.ca\\\/wp-content\\\/uploads\\\/2016\\\/12\\\/ml-logo-300.png\",\"contentUrl\":\"https:\\\/\\\/martinluther.ca\\\/wp-content\\\/uploads\\\/2016\\\/12\\\/ml-logo-300.png\",\"width\":300,\"height\":150,\"caption\":\"Martin Luther Evangelical Church Toronto\"},\"image\":{\"@id\":\"https:\\\/\\\/martinluther.ca\\\/de\\\/#\\\/schema\\\/logo\\\/image\\\/\"},\"sameAs\":[\"https:\\\/\\\/www.facebook.com\\\/martinlutherchurchtoronto\",\"https:\\\/\\\/www.instagram.com\\\/lutheransbythelake\\\/\",\"https:\\\/\\\/www.youtube.com\\\/MartinLutherChurchToronto\"]},{\"@type\":\"Person\",\"@id\":\"https:\\\/\\\/martinluther.ca\\\/de\\\/#\\\/schema\\\/person\\\/815c51710f70b050f0476f18da6b0c8f\",\"name\":\"Mona Kakoschke Frantzke\",\"image\":{\"@type\":\"ImageObject\",\"inLanguage\":\"de\",\"@id\":\"https:\\\/\\\/secure.gravatar.com\\\/avatar\\\/0deb16854ca545cd2e9fc8001ca110d262b80d5c8317b38dc542265fbea0ed19?s=96&d=mm&r=g\",\"url\":\"https:\\\/\\\/secure.gravatar.com\\\/avatar\\\/0deb16854ca545cd2e9fc8001ca110d262b80d5c8317b38dc542265fbea0ed19?s=96&d=mm&r=g\",\"contentUrl\":\"https:\\\/\\\/secure.gravatar.com\\\/avatar\\\/0deb16854ca545cd2e9fc8001ca110d262b80d5c8317b38dc542265fbea0ed19?s=96&d=mm&r=g\",\"caption\":\"Mona Kakoschke Frantzke\"},\"url\":false}]}<\/script>\n<!-- \/ Yoast SEO plugin. -->","yoast_head_json":{"title":"Unser Gemeindebrief f\u00fcr Weihnachten 2021 - Martin Luther Evangelische Kirche Toronto","robots":{"index":"index","follow":"follow","max-snippet":"max-snippet:-1","max-image-preview":"max-image-preview:large","max-video-preview":"max-video-preview:-1"},"canonical":"https:\/\/martinluther.ca\/de\/2021\/12\/unser-gemeindebrief-fuer-weihnachten-2021\/","og_locale":"de_DE","og_type":"article","og_title":"Unser Gemeindebrief f\u00fcr Weihnachten 2021 - Martin Luther Evangelische Kirche Toronto","og_description":"&#8230; ist Fertig zum herunterladen und lesen. Frohe Weignachten! Pastorin Annika Klappert&#8217;s Advent 2021 Andacht &#8222;Geschenkte Freude&#8220;. In dieser Ausgabe: \u2022 Bericht des Fl\u00fcchtlingshilfe-Teams \u2022 Advent- und Weihnachtsgottesdienste \u2022 Konfirmationswochenende \u2022 Wir heissen neue freiwilige Mitarbeiter*innen wilkommen Ein Archiv aller unserer Gemeindebriefe ist auch auf unserer Gemeindebrief Webseite verf\u00fcgbar auf https:\/\/martinluther.ca\/de\/gemeindebriefe\/ Viele von Ihnen fragen&hellip;","og_url":"https:\/\/martinluther.ca\/de\/2021\/12\/unser-gemeindebrief-fuer-weihnachten-2021\/","og_site_name":"Martin Luther Evangelische Kirche Toronto","article_publisher":"https:\/\/www.facebook.com\/martinlutherchurchtoronto","article_published_time":"2021-12-02T14:32:55+00:00","article_modified_time":"2021-12-06T23:17:59+00:00","og_image":[{"width":1047,"height":829,"url":"https:\/\/martinluther.ca\/wp-content\/uploads\/2021\/12\/2021-Winter-Gemeindebrief-4x3-blog2.jpg","type":"image\/jpeg"}],"author":"Mona Kakoschke Frantzke","twitter_card":"summary_large_image","twitter_misc":{"Verfasst von":"Mona Kakoschke Frantzke","Gesch\u00e4tzte Lesezeit":"2\u00a0Minuten"},"schema":{"@context":"https:\/\/schema.org","@graph":[{"@type":"Article","@id":"https:\/\/martinluther.ca\/de\/2021\/12\/unser-gemeindebrief-fuer-weihnachten-2021\/#article","isPartOf":{"@id":"https:\/\/martinluther.ca\/de\/2021\/12\/unser-gemeindebrief-fuer-weihnachten-2021\/"},"author":{"name":"Mona Kakoschke Frantzke","@id":"https:\/\/martinluther.ca\/de\/#\/schema\/person\/815c51710f70b050f0476f18da6b0c8f"},"headline":"Unser Gemeindebrief f\u00fcr Weihnachten 2021","datePublished":"2021-12-02T14:32:55+00:00","dateModified":"2021-12-06T23:17:59+00:00","mainEntityOfPage":{"@id":"https:\/\/martinluther.ca\/de\/2021\/12\/unser-gemeindebrief-fuer-weihnachten-2021\/"},"wordCount":218,"publisher":{"@id":"https:\/\/martinluther.ca\/de\/#organization"},"image":{"@id":"https:\/\/martinluther.ca\/de\/2021\/12\/unser-gemeindebrief-fuer-weihnachten-2021\/#primaryimage"},"thumbnailUrl":"https:\/\/martinluther.ca\/wp-content\/uploads\/2021\/12\/2021-Winter-Gemeindebrief-4x3-blog2.jpg","articleSection":["News Blog - German"],"inLanguage":"de"},{"@type":"WebPage","@id":"https:\/\/martinluther.ca\/de\/2021\/12\/unser-gemeindebrief-fuer-weihnachten-2021\/","url":"https:\/\/martinluther.ca\/de\/2021\/12\/unser-gemeindebrief-fuer-weihnachten-2021\/","name":"Unser Gemeindebrief f\u00fcr Weihnachten 2021 - Martin Luther Evangelische Kirche Toronto","isPartOf":{"@id":"https:\/\/martinluther.ca\/de\/#website"},"primaryImageOfPage":{"@id":"https:\/\/martinluther.ca\/de\/2021\/12\/unser-gemeindebrief-fuer-weihnachten-2021\/#primaryimage"},"image":{"@id":"https:\/\/martinluther.ca\/de\/2021\/12\/unser-gemeindebrief-fuer-weihnachten-2021\/#primaryimage"},"thumbnailUrl":"https:\/\/martinluther.ca\/wp-content\/uploads\/2021\/12\/2021-Winter-Gemeindebrief-4x3-blog2.jpg","datePublished":"2021-12-02T14:32:55+00:00","dateModified":"2021-12-06T23:17:59+00:00","breadcrumb":{"@id":"https:\/\/martinluther.ca\/de\/2021\/12\/unser-gemeindebrief-fuer-weihnachten-2021\/#breadcrumb"},"inLanguage":"de","potentialAction":[{"@type":"ReadAction","target":["https:\/\/martinluther.ca\/de\/2021\/12\/unser-gemeindebrief-fuer-weihnachten-2021\/"]}]},{"@type":"ImageObject","inLanguage":"de","@id":"https:\/\/martinluther.ca\/de\/2021\/12\/unser-gemeindebrief-fuer-weihnachten-2021\/#primaryimage","url":"https:\/\/martinluther.ca\/wp-content\/uploads\/2021\/12\/2021-Winter-Gemeindebrief-4x3-blog2.jpg","contentUrl":"https:\/\/martinluther.ca\/wp-content\/uploads\/2021\/12\/2021-Winter-Gemeindebrief-4x3-blog2.jpg","width":1047,"height":829,"caption":"2021 Winter Gemeindebrief -4x3 blog(2)"},{"@type":"BreadcrumbList","@id":"https:\/\/martinluther.ca\/de\/2021\/12\/unser-gemeindebrief-fuer-weihnachten-2021\/#breadcrumb","itemListElement":[{"@type":"ListItem","position":1,"name":"Home","item":"https:\/\/martinluther.ca\/de\/"},{"@type":"ListItem","position":2,"name":"Unser Gemeindebrief f\u00fcr Weihnachten 2021"}]},{"@type":"WebSite","@id":"https:\/\/martinluther.ca\/de\/#website","url":"https:\/\/martinluther.ca\/de\/","name":"Martin Luther Evangelical Church Toronto","description":"Deutsch &amp; Englisch","publisher":{"@id":"https:\/\/martinluther.ca\/de\/#organization"},"potentialAction":[{"@type":"SearchAction","target":{"@type":"EntryPoint","urlTemplate":"https:\/\/martinluther.ca\/de\/?s={search_term_string}"},"query-input":{"@type":"PropertyValueSpecification","valueRequired":true,"valueName":"search_term_string"}}],"inLanguage":"de"},{"@type":"Organization","@id":"https:\/\/martinluther.ca\/de\/#organization","name":"Martin Luther Evangelical Church Toronto","url":"https:\/\/martinluther.ca\/de\/","logo":{"@type":"ImageObject","inLanguage":"de","@id":"https:\/\/martinluther.ca\/de\/#\/schema\/logo\/image\/","url":"https:\/\/martinluther.ca\/wp-content\/uploads\/2016\/12\/ml-logo-300.png","contentUrl":"https:\/\/martinluther.ca\/wp-content\/uploads\/2016\/12\/ml-logo-300.png","width":300,"height":150,"caption":"Martin Luther Evangelical Church Toronto"},"image":{"@id":"https:\/\/martinluther.ca\/de\/#\/schema\/logo\/image\/"},"sameAs":["https:\/\/www.facebook.com\/martinlutherchurchtoronto","https:\/\/www.instagram.com\/lutheransbythelake\/","https:\/\/www.youtube.com\/MartinLutherChurchToronto"]},{"@type":"Person","@id":"https:\/\/martinluther.ca\/de\/#\/schema\/person\/815c51710f70b050f0476f18da6b0c8f","name":"Mona Kakoschke Frantzke","image":{"@type":"ImageObject","inLanguage":"de","@id":"https:\/\/secure.gravatar.com\/avatar\/0deb16854ca545cd2e9fc8001ca110d262b80d5c8317b38dc542265fbea0ed19?s=96&d=mm&r=g","url":"https:\/\/secure.gravatar.com\/avatar\/0deb16854ca545cd2e9fc8001ca110d262b80d5c8317b38dc542265fbea0ed19?s=96&d=mm&r=g","contentUrl":"https:\/\/secure.gravatar.com\/avatar\/0deb16854ca545cd2e9fc8001ca110d262b80d5c8317b38dc542265fbea0ed19?s=96&d=mm&r=g","caption":"Mona Kakoschke Frantzke"},"url":false}]}},"_links":{"self":[{"href":"https:\/\/martinluther.ca\/de\/wp-json\/wp\/v2\/posts\/39966","targetHints":{"allow":["GET"]}}],"collection":[{"href":"https:\/\/martinluther.ca\/de\/wp-json\/wp\/v2\/posts"}],"about":[{"href":"https:\/\/martinluther.ca\/de\/wp-json\/wp\/v2\/types\/post"}],"author":[{"embeddable":true,"href":"https:\/\/martinluther.ca\/de\/wp-json\/wp\/v2\/users\/9"}],"replies":[{"embeddable":true,"href":"https:\/\/martinluther.ca\/de\/wp-json\/wp\/v2\/comments?post=39966"}],"version-history":[{"count":9,"href":"https:\/\/martinluther.ca\/de\/wp-json\/wp\/v2\/posts\/39966\/revisions"}],"predecessor-version":[{"id":40029,"href":"https:\/\/martinluther.ca\/de\/wp-json\/wp\/v2\/posts\/39966\/revisions\/40029"}],"wp:featuredmedia":[{"embeddable":true,"href":"https:\/\/martinluther.ca\/de\/wp-json\/wp\/v2\/media\/39982"}],"wp:attachment":[{"href":"https:\/\/martinluther.ca\/de\/wp-json\/wp\/v2\/media?parent=39966"}],"wp:term":[{"taxonomy":"category","embeddable":true,"href":"https:\/\/martinluther.ca\/de\/wp-json\/wp\/v2\/categories?post=39966"},{"taxonomy":"post_tag","embeddable":true,"href":"https:\/\/martinluther.ca\/de\/wp-json\/wp\/v2\/tags?post=39966"},{"taxonomy":"post_series","embeddable":true,"href":"https:\/\/martinluther.ca\/de\/wp-json\/wp\/v2\/post_series?post=39966"}],"curies":[{"name":"wp","href":"https:\/\/api.w.org\/{rel}","templated":true}]}}