{"id":40100,"date":"2021-12-16T12:59:31","date_gmt":"2021-12-16T17:59:31","guid":{"rendered":"https:\/\/martinluther.ca\/?p=40100"},"modified":"2021-12-16T13:02:26","modified_gmt":"2021-12-16T18:02:26","slug":"feiern-sie-mit-uns-den-erfolg-unseres-fluechtlingshilfeteams","status":"publish","type":"post","link":"https:\/\/martinluther.ca\/de\/2021\/12\/feiern-sie-mit-uns-den-erfolg-unseres-fluechtlingshilfeteams\/","title":{"rendered":"Feiern Sie mit uns den Erfolg unseres Fl\u00fcchtlingshilfeteams"},"content":{"rendered":"<figure id=\"attachment_40103\" aria-describedby=\"caption-attachment-40103\" style=\"width: 225px\" class=\"wp-caption alignright\"><img loading=\"lazy\" decoding=\"async\" class=\"size-medium wp-image-40103\" src=\"https:\/\/martinluther.ca\/wp-content\/uploads\/2021\/12\/2021-11-12-Mary-Rosto-Wedding2-lighter-225x300.jpg\" alt=\"Mary Rosto Wedding\" width=\"225\" height=\"300\" srcset=\"https:\/\/martinluther.ca\/wp-content\/uploads\/2021\/12\/2021-11-12-Mary-Rosto-Wedding2-lighter-225x300.jpg 225w, https:\/\/martinluther.ca\/wp-content\/uploads\/2021\/12\/2021-11-12-Mary-Rosto-Wedding2-lighter-768x1024.jpg 768w, https:\/\/martinluther.ca\/wp-content\/uploads\/2021\/12\/2021-11-12-Mary-Rosto-Wedding2-lighter-1152x1536.jpg 1152w, https:\/\/martinluther.ca\/wp-content\/uploads\/2021\/12\/2021-11-12-Mary-Rosto-Wedding2-lighter-1536x2048.jpg 1536w, https:\/\/martinluther.ca\/wp-content\/uploads\/2021\/12\/2021-11-12-Mary-Rosto-Wedding2-lighter-rotated.jpg 1773w\" sizes=\"auto, (max-width: 225px) 100vw, 225px\" \/><figcaption id=\"caption-attachment-40103\" class=\"wp-caption-text\">Mary Rosto married Victor Tamras on November 12, 2021 at a lovely ceremony held at The Cathedral Church of Saint Mary (Assyrian Church of the East) in Toronto.<\/figcaption><\/figure>\n<p>Es ist dem Fl\u00fcchtlingshilfe-Team eine Freude, die Gemeinde \u00fcber die vielen Erfolge der Fl\u00fcchtlingsfamilien, die wir unterst\u00fctzt haben (bisher f\u00fcnf Familien!), zu berichten. Wir sind unserer Gemeinde f\u00fcr die fortw\u00e4hrende praktische und finanzielle Unterst\u00fctzung all dieser unter genannten Familien sehr dankbar.<\/p>\n<p>&#8211; Anneli and Greg AndreBarrett f\u00fcr das MLK Fl\u00fcchtlingshilfe-Team<\/p>\n<p><strong>Wir gratulieren Mary Rosto, Ritta Resto und ihren Familien!<\/strong> Sowohl Mary Rosto als auch ihre Cousine Ritta Rosto haben ihr Studium am Community College erfolgreich abgeschlossen. Mehrere Mitglieder ihrer beiden Familien sind Kanadier geworden. Mary arbeitet mit Erfolg als Kundenbetreuerin bei der TD Bank. Wir gratulieren Mary Rosto und Victor Tamras anl\u00e4sslich ihrer Hochzeit am 12. November 2021!<\/p>\n<p><strong>Ein neues Heim f\u00fcr Familie Barsoum<\/strong><br \/>\nNach ihrer Ankunft in Kanada im August 2020 sind Ritta Nissans Eltern Lahdo und Nayl und Bruder Fadi in ihre eigene Wohnung in der N\u00e4he der Familie ihrer Tochter gezogen.<\/p>\n<p><strong><img loading=\"lazy\" decoding=\"async\" class=\"alignleft size-medium wp-image-40093\" src=\"https:\/\/martinluther.ca\/wp-content\/uploads\/2021\/12\/20201029_153220_Younes-269x300.jpg\" alt=\"Refugee arrival in Canada\" width=\"269\" height=\"300\" srcset=\"https:\/\/martinluther.ca\/wp-content\/uploads\/2021\/12\/20201029_153220_Younes-269x300.jpg 269w, https:\/\/martinluther.ca\/wp-content\/uploads\/2021\/12\/20201029_153220_Younes-918x1024.jpg 918w, https:\/\/martinluther.ca\/wp-content\/uploads\/2021\/12\/20201029_153220_Younes-768x857.jpg 768w, https:\/\/martinluther.ca\/wp-content\/uploads\/2021\/12\/20201029_153220_Younes-1376x1536.jpg 1376w, https:\/\/martinluther.ca\/wp-content\/uploads\/2021\/12\/20201029_153220_Younes.jpg 1699w\" sizes=\"auto, (max-width: 269px) 100vw, 269px\" \/>Fortschritte von Familie Younes<\/strong><br \/>\nAm 28. Oktober 2021 feierte die sechsk\u00f6pfige Familie ihren einj\u00e4hrigen Aufenthalt in Kanada. Vater Ibrahim unterrichtet Kinder online in Arabisch und hofft, bald eine Anstellung zu bekommen. Er hat seinen F\u00fchrerschein gemacht und ein Auto gekauft. Seine Frau Deena ist im Fr\u00fchp\u00e4dagogikprogamm des Sheridan College immatrikuliert. Ihr \u00e4ltester Sohn studiert Mikrobiologie an der Universit\u00e4t Guelph, und Omar geht in die 12. Klasse und n\u00e4chstes Jahr zur Universit\u00e4t. Die zwei J\u00fcngeren lieben die Schule und sprechen schon flie\u00dfendes Englisch. Sie sind alle so dankbar, in Kanada zu sein!<\/p>\n<p>&nbsp;<\/p>\n<p><strong>Die Kifles sind angekommen!<\/strong><br \/>\nEndlich sind die Familie Kifle am 18. November 2021 im kriegszerrissenen \u00c4thiopien in Kanada angekommen. Obwohl sie sich jetzt in Kitchener-Waterloo in der N\u00e4he ihres Bruders Tewelde niederlassen werden, wird das gemeinsame Fl\u00fcchtling hilfe Team der Martin-Luther-Kirche und der Christ Church St. James Anglican weiterhin soweit wie m\u00f6glich Wohnungs- und finanzielle Unterst\u00fctzung leisten. Wir freuen uns auch sehr \u00fcber die Hilfszusage vor Ort seitens Pastor Heike Toeller von der St. Luke\u2019s Evangelical Church in Kitchener. Die Familie ist weiter dankbar f\u00fcr die betr\u00e4chtliche Summe, welche die MartinLuther-Kirche in 2019 aufgebracht hat. Die Familie wird damit ihren Lebensunterhalt w\u00e4hrend des ersten Jahres in Kanada bestreiten.<\/p>\n<p><strong><img loading=\"lazy\" decoding=\"async\" class=\"alignright wp-image-40097 size-medium\" src=\"https:\/\/martinluther.ca\/wp-content\/uploads\/2021\/12\/2021-11-18-Kifle-Familys-Arrival-in-Canada-lighter-300x225.jpg\" alt=\" Arrival in Canada\" width=\"300\" height=\"225\" srcset=\"https:\/\/martinluther.ca\/wp-content\/uploads\/2021\/12\/2021-11-18-Kifle-Familys-Arrival-in-Canada-lighter-300x225.jpg 300w, https:\/\/martinluther.ca\/wp-content\/uploads\/2021\/12\/2021-11-18-Kifle-Familys-Arrival-in-Canada-lighter-1024x768.jpg 1024w, https:\/\/martinluther.ca\/wp-content\/uploads\/2021\/12\/2021-11-18-Kifle-Familys-Arrival-in-Canada-lighter-768x576.jpg 768w, https:\/\/martinluther.ca\/wp-content\/uploads\/2021\/12\/2021-11-18-Kifle-Familys-Arrival-in-Canada-lighter-1536x1152.jpg 1536w, https:\/\/martinluther.ca\/wp-content\/uploads\/2021\/12\/2021-11-18-Kifle-Familys-Arrival-in-Canada-lighter-2048x1536.jpg 2048w\" sizes=\"auto, (max-width: 300px) 100vw, 300px\" \/>Fl\u00fcchtlingsantr\u00e4ge in Vorbereitung<\/strong><br \/>\nZusammen mit dem Lutherischen Weltbund helfen wir den folgenden Privatsponsoren bei Vorbereitung von Fl\u00fcchtlingsantr\u00e4gen f\u00fcr ihre Verwandten. Bei diesen Fl\u00fcchtlingen tragen wir nicht die Verantwortung f\u00fcr ihre zw\u00f6lfmonatige finanzielle Unterst\u00fctzung. Aber wenn sie ankommen, helfen wir ihnen gerne mit praktischerAnsiedlungshilfe (Ausbildung, Englischlernen, Kleidung- und M\u00f6belspenden, Arbeitssuche usw.)<\/p>\n<p><strong>Luwam Kiflom Gebremichael<\/strong><br \/>\nEritreischer Fl\u00fcchtling, jetzt in \u00c4thiopien. Sponsoren sind Million Tesfay und Hanna Tesfay. Der Antrag wurde genehmigt.<\/p>\n<p><strong>Die f\u00fcnfk\u00f6pfige Familie Gebrekidan<\/strong><br \/>\nEritreische Fl\u00fcchtlinge, jetzt im Sudan. Sponsor ist Melat Beyene. Der Antrag l\u00e4uft.<\/p>\n<p><strong>Die vierk\u00f6pfige Familie Harmoush<\/strong><br \/>\nSyrische Fl\u00fcchtlinge, jetzt in Kuwait. Sponsoren sind Riyad Younis und Ibrahim Younes. Der Antrag l\u00e4uft.<\/p>\n<p>&nbsp;<\/p>\n","protected":false},"excerpt":{"rendered":"<p>Es ist dem Fl\u00fcchtlingshilfe-Team eine Freude, die Gemeinde \u00fcber die vielen Erfolge der Fl\u00fcchtlingsfamilien, die wir unterst\u00fctzt haben (bisher f\u00fcnf Familien!), zu berichten. Wir sind unserer Gemeinde f\u00fcr die fortw\u00e4hrende praktische und finanzielle Unterst\u00fctzung all dieser unter genannten Familien sehr dankbar. &#8211; Anneli and Greg AndreBarrett f\u00fcr das MLK Fl\u00fcchtlingshilfe-Team Wir gratulieren Mary Rosto, Ritta&hellip;<\/p>\n","protected":false},"author":9,"featured_media":40093,"comment_status":"closed","ping_status":"closed","sticky":false,"template":"","format":"standard","meta":{"footnotes":""},"categories":[69],"tags":[],"post_series":[],"class_list":["post-40100","post","type-post","status-publish","format-standard","has-post-thumbnail","hentry","category-news-blog-german","entry","has-media"],"yoast_head":"<!-- This site is optimized with the Yoast SEO plugin v27.5 - https:\/\/yoast.com\/product\/yoast-seo-wordpress\/ -->\n<title>Feiern Sie mit uns den Erfolg unseres Fl\u00fcchtlingshilfeteams - Martin Luther Evangelische Kirche Toronto<\/title>\n<meta name=\"robots\" content=\"index, follow, max-snippet:-1, max-image-preview:large, max-video-preview:-1\" \/>\n<link rel=\"canonical\" href=\"https:\/\/martinluther.ca\/de\/2021\/12\/feiern-sie-mit-uns-den-erfolg-unseres-fluechtlingshilfeteams\/\" \/>\n<meta property=\"og:locale\" content=\"de_DE\" \/>\n<meta property=\"og:type\" content=\"article\" \/>\n<meta property=\"og:title\" content=\"Feiern Sie mit uns den Erfolg unseres Fl\u00fcchtlingshilfeteams - Martin Luther Evangelische Kirche Toronto\" \/>\n<meta property=\"og:description\" content=\"Es ist dem Fl\u00fcchtlingshilfe-Team eine Freude, die Gemeinde \u00fcber die vielen Erfolge der Fl\u00fcchtlingsfamilien, die wir unterst\u00fctzt haben (bisher f\u00fcnf Familien!), zu berichten. Wir sind unserer Gemeinde f\u00fcr die fortw\u00e4hrende praktische und finanzielle Unterst\u00fctzung all dieser unter genannten Familien sehr dankbar. &#8211; Anneli and Greg AndreBarrett f\u00fcr das MLK Fl\u00fcchtlingshilfe-Team Wir gratulieren Mary Rosto, Ritta&hellip;\" \/>\n<meta property=\"og:url\" content=\"https:\/\/martinluther.ca\/de\/2021\/12\/feiern-sie-mit-uns-den-erfolg-unseres-fluechtlingshilfeteams\/\" \/>\n<meta property=\"og:site_name\" content=\"Martin Luther Evangelische Kirche Toronto\" \/>\n<meta property=\"article:publisher\" content=\"https:\/\/www.facebook.com\/martinlutherchurchtoronto\" \/>\n<meta property=\"article:published_time\" content=\"2021-12-16T17:59:31+00:00\" \/>\n<meta property=\"article:modified_time\" content=\"2021-12-16T18:02:26+00:00\" \/>\n<meta property=\"og:image\" content=\"https:\/\/martinluther.ca\/wp-content\/uploads\/2021\/12\/20201029_153220_Younes.jpg\" \/>\n\t<meta property=\"og:image:width\" content=\"1699\" \/>\n\t<meta property=\"og:image:height\" content=\"1896\" \/>\n\t<meta property=\"og:image:type\" content=\"image\/jpeg\" \/>\n<meta name=\"author\" content=\"Mona Kakoschke Frantzke\" \/>\n<meta name=\"twitter:card\" content=\"summary_large_image\" \/>\n<meta name=\"twitter:label1\" content=\"Verfasst von\" \/>\n\t<meta name=\"twitter:data1\" content=\"Mona Kakoschke Frantzke\" \/>\n\t<meta name=\"twitter:label2\" content=\"Gesch\u00e4tzte Lesezeit\" \/>\n\t<meta name=\"twitter:data2\" content=\"3\u00a0Minuten\" \/>\n<script type=\"application\/ld+json\" class=\"yoast-schema-graph\">{\"@context\":\"https:\\\/\\\/schema.org\",\"@graph\":[{\"@type\":\"Article\",\"@id\":\"https:\\\/\\\/martinluther.ca\\\/de\\\/2021\\\/12\\\/feiern-sie-mit-uns-den-erfolg-unseres-fluechtlingshilfeteams\\\/#article\",\"isPartOf\":{\"@id\":\"https:\\\/\\\/martinluther.ca\\\/de\\\/2021\\\/12\\\/feiern-sie-mit-uns-den-erfolg-unseres-fluechtlingshilfeteams\\\/\"},\"author\":{\"name\":\"Mona Kakoschke Frantzke\",\"@id\":\"https:\\\/\\\/martinluther.ca\\\/de\\\/#\\\/schema\\\/person\\\/815c51710f70b050f0476f18da6b0c8f\"},\"headline\":\"Feiern Sie mit uns den Erfolg unseres Fl\u00fcchtlingshilfeteams\",\"datePublished\":\"2021-12-16T17:59:31+00:00\",\"dateModified\":\"2021-12-16T18:02:26+00:00\",\"mainEntityOfPage\":{\"@id\":\"https:\\\/\\\/martinluther.ca\\\/de\\\/2021\\\/12\\\/feiern-sie-mit-uns-den-erfolg-unseres-fluechtlingshilfeteams\\\/\"},\"wordCount\":530,\"publisher\":{\"@id\":\"https:\\\/\\\/martinluther.ca\\\/de\\\/#organization\"},\"image\":{\"@id\":\"https:\\\/\\\/martinluther.ca\\\/de\\\/2021\\\/12\\\/feiern-sie-mit-uns-den-erfolg-unseres-fluechtlingshilfeteams\\\/#primaryimage\"},\"thumbnailUrl\":\"https:\\\/\\\/martinluther.ca\\\/wp-content\\\/uploads\\\/2021\\\/12\\\/20201029_153220_Younes.jpg\",\"articleSection\":[\"News Blog - German\"],\"inLanguage\":\"de\"},{\"@type\":\"WebPage\",\"@id\":\"https:\\\/\\\/martinluther.ca\\\/de\\\/2021\\\/12\\\/feiern-sie-mit-uns-den-erfolg-unseres-fluechtlingshilfeteams\\\/\",\"url\":\"https:\\\/\\\/martinluther.ca\\\/de\\\/2021\\\/12\\\/feiern-sie-mit-uns-den-erfolg-unseres-fluechtlingshilfeteams\\\/\",\"name\":\"Feiern Sie mit uns den Erfolg unseres Fl\u00fcchtlingshilfeteams - Martin Luther Evangelische Kirche Toronto\",\"isPartOf\":{\"@id\":\"https:\\\/\\\/martinluther.ca\\\/de\\\/#website\"},\"primaryImageOfPage\":{\"@id\":\"https:\\\/\\\/martinluther.ca\\\/de\\\/2021\\\/12\\\/feiern-sie-mit-uns-den-erfolg-unseres-fluechtlingshilfeteams\\\/#primaryimage\"},\"image\":{\"@id\":\"https:\\\/\\\/martinluther.ca\\\/de\\\/2021\\\/12\\\/feiern-sie-mit-uns-den-erfolg-unseres-fluechtlingshilfeteams\\\/#primaryimage\"},\"thumbnailUrl\":\"https:\\\/\\\/martinluther.ca\\\/wp-content\\\/uploads\\\/2021\\\/12\\\/20201029_153220_Younes.jpg\",\"datePublished\":\"2021-12-16T17:59:31+00:00\",\"dateModified\":\"2021-12-16T18:02:26+00:00\",\"breadcrumb\":{\"@id\":\"https:\\\/\\\/martinluther.ca\\\/de\\\/2021\\\/12\\\/feiern-sie-mit-uns-den-erfolg-unseres-fluechtlingshilfeteams\\\/#breadcrumb\"},\"inLanguage\":\"de\",\"potentialAction\":[{\"@type\":\"ReadAction\",\"target\":[\"https:\\\/\\\/martinluther.ca\\\/de\\\/2021\\\/12\\\/feiern-sie-mit-uns-den-erfolg-unseres-fluechtlingshilfeteams\\\/\"]}]},{\"@type\":\"ImageObject\",\"inLanguage\":\"de\",\"@id\":\"https:\\\/\\\/martinluther.ca\\\/de\\\/2021\\\/12\\\/feiern-sie-mit-uns-den-erfolg-unseres-fluechtlingshilfeteams\\\/#primaryimage\",\"url\":\"https:\\\/\\\/martinluther.ca\\\/wp-content\\\/uploads\\\/2021\\\/12\\\/20201029_153220_Younes.jpg\",\"contentUrl\":\"https:\\\/\\\/martinluther.ca\\\/wp-content\\\/uploads\\\/2021\\\/12\\\/20201029_153220_Younes.jpg\",\"width\":1699,\"height\":1896,\"caption\":\"Refugee arrival in Canada\"},{\"@type\":\"BreadcrumbList\",\"@id\":\"https:\\\/\\\/martinluther.ca\\\/de\\\/2021\\\/12\\\/feiern-sie-mit-uns-den-erfolg-unseres-fluechtlingshilfeteams\\\/#breadcrumb\",\"itemListElement\":[{\"@type\":\"ListItem\",\"position\":1,\"name\":\"Home\",\"item\":\"https:\\\/\\\/martinluther.ca\\\/de\\\/\"},{\"@type\":\"ListItem\",\"position\":2,\"name\":\"Feiern Sie mit uns den Erfolg unseres Fl\u00fcchtlingshilfeteams\"}]},{\"@type\":\"WebSite\",\"@id\":\"https:\\\/\\\/martinluther.ca\\\/de\\\/#website\",\"url\":\"https:\\\/\\\/martinluther.ca\\\/de\\\/\",\"name\":\"Martin Luther Evangelical Church Toronto\",\"description\":\"Deutsch &amp; Englisch\",\"publisher\":{\"@id\":\"https:\\\/\\\/martinluther.ca\\\/de\\\/#organization\"},\"potentialAction\":[{\"@type\":\"SearchAction\",\"target\":{\"@type\":\"EntryPoint\",\"urlTemplate\":\"https:\\\/\\\/martinluther.ca\\\/de\\\/?s={search_term_string}\"},\"query-input\":{\"@type\":\"PropertyValueSpecification\",\"valueRequired\":true,\"valueName\":\"search_term_string\"}}],\"inLanguage\":\"de\"},{\"@type\":\"Organization\",\"@id\":\"https:\\\/\\\/martinluther.ca\\\/de\\\/#organization\",\"name\":\"Martin Luther Evangelical Church Toronto\",\"url\":\"https:\\\/\\\/martinluther.ca\\\/de\\\/\",\"logo\":{\"@type\":\"ImageObject\",\"inLanguage\":\"de\",\"@id\":\"https:\\\/\\\/martinluther.ca\\\/de\\\/#\\\/schema\\\/logo\\\/image\\\/\",\"url\":\"https:\\\/\\\/martinluther.ca\\\/wp-content\\\/uploads\\\/2016\\\/12\\\/ml-logo-300.png\",\"contentUrl\":\"https:\\\/\\\/martinluther.ca\\\/wp-content\\\/uploads\\\/2016\\\/12\\\/ml-logo-300.png\",\"width\":300,\"height\":150,\"caption\":\"Martin Luther Evangelical Church Toronto\"},\"image\":{\"@id\":\"https:\\\/\\\/martinluther.ca\\\/de\\\/#\\\/schema\\\/logo\\\/image\\\/\"},\"sameAs\":[\"https:\\\/\\\/www.facebook.com\\\/martinlutherchurchtoronto\",\"https:\\\/\\\/www.instagram.com\\\/lutheransbythelake\\\/\",\"https:\\\/\\\/www.youtube.com\\\/MartinLutherChurchToronto\"]},{\"@type\":\"Person\",\"@id\":\"https:\\\/\\\/martinluther.ca\\\/de\\\/#\\\/schema\\\/person\\\/815c51710f70b050f0476f18da6b0c8f\",\"name\":\"Mona Kakoschke Frantzke\",\"image\":{\"@type\":\"ImageObject\",\"inLanguage\":\"de\",\"@id\":\"https:\\\/\\\/secure.gravatar.com\\\/avatar\\\/0deb16854ca545cd2e9fc8001ca110d262b80d5c8317b38dc542265fbea0ed19?s=96&d=mm&r=g\",\"url\":\"https:\\\/\\\/secure.gravatar.com\\\/avatar\\\/0deb16854ca545cd2e9fc8001ca110d262b80d5c8317b38dc542265fbea0ed19?s=96&d=mm&r=g\",\"contentUrl\":\"https:\\\/\\\/secure.gravatar.com\\\/avatar\\\/0deb16854ca545cd2e9fc8001ca110d262b80d5c8317b38dc542265fbea0ed19?s=96&d=mm&r=g\",\"caption\":\"Mona Kakoschke Frantzke\"},\"url\":false}]}<\/script>\n<!-- \/ Yoast SEO plugin. -->","yoast_head_json":{"title":"Feiern Sie mit uns den Erfolg unseres Fl\u00fcchtlingshilfeteams - Martin Luther Evangelische Kirche Toronto","robots":{"index":"index","follow":"follow","max-snippet":"max-snippet:-1","max-image-preview":"max-image-preview:large","max-video-preview":"max-video-preview:-1"},"canonical":"https:\/\/martinluther.ca\/de\/2021\/12\/feiern-sie-mit-uns-den-erfolg-unseres-fluechtlingshilfeteams\/","og_locale":"de_DE","og_type":"article","og_title":"Feiern Sie mit uns den Erfolg unseres Fl\u00fcchtlingshilfeteams - Martin Luther Evangelische Kirche Toronto","og_description":"Es ist dem Fl\u00fcchtlingshilfe-Team eine Freude, die Gemeinde \u00fcber die vielen Erfolge der Fl\u00fcchtlingsfamilien, die wir unterst\u00fctzt haben (bisher f\u00fcnf Familien!), zu berichten. Wir sind unserer Gemeinde f\u00fcr die fortw\u00e4hrende praktische und finanzielle Unterst\u00fctzung all dieser unter genannten Familien sehr dankbar. &#8211; Anneli and Greg AndreBarrett f\u00fcr das MLK Fl\u00fcchtlingshilfe-Team Wir gratulieren Mary Rosto, Ritta&hellip;","og_url":"https:\/\/martinluther.ca\/de\/2021\/12\/feiern-sie-mit-uns-den-erfolg-unseres-fluechtlingshilfeteams\/","og_site_name":"Martin Luther Evangelische Kirche Toronto","article_publisher":"https:\/\/www.facebook.com\/martinlutherchurchtoronto","article_published_time":"2021-12-16T17:59:31+00:00","article_modified_time":"2021-12-16T18:02:26+00:00","og_image":[{"width":1699,"height":1896,"url":"https:\/\/martinluther.ca\/wp-content\/uploads\/2021\/12\/20201029_153220_Younes.jpg","type":"image\/jpeg"}],"author":"Mona Kakoschke Frantzke","twitter_card":"summary_large_image","twitter_misc":{"Verfasst von":"Mona Kakoschke Frantzke","Gesch\u00e4tzte Lesezeit":"3\u00a0Minuten"},"schema":{"@context":"https:\/\/schema.org","@graph":[{"@type":"Article","@id":"https:\/\/martinluther.ca\/de\/2021\/12\/feiern-sie-mit-uns-den-erfolg-unseres-fluechtlingshilfeteams\/#article","isPartOf":{"@id":"https:\/\/martinluther.ca\/de\/2021\/12\/feiern-sie-mit-uns-den-erfolg-unseres-fluechtlingshilfeteams\/"},"author":{"name":"Mona Kakoschke Frantzke","@id":"https:\/\/martinluther.ca\/de\/#\/schema\/person\/815c51710f70b050f0476f18da6b0c8f"},"headline":"Feiern Sie mit uns den Erfolg unseres Fl\u00fcchtlingshilfeteams","datePublished":"2021-12-16T17:59:31+00:00","dateModified":"2021-12-16T18:02:26+00:00","mainEntityOfPage":{"@id":"https:\/\/martinluther.ca\/de\/2021\/12\/feiern-sie-mit-uns-den-erfolg-unseres-fluechtlingshilfeteams\/"},"wordCount":530,"publisher":{"@id":"https:\/\/martinluther.ca\/de\/#organization"},"image":{"@id":"https:\/\/martinluther.ca\/de\/2021\/12\/feiern-sie-mit-uns-den-erfolg-unseres-fluechtlingshilfeteams\/#primaryimage"},"thumbnailUrl":"https:\/\/martinluther.ca\/wp-content\/uploads\/2021\/12\/20201029_153220_Younes.jpg","articleSection":["News Blog - German"],"inLanguage":"de"},{"@type":"WebPage","@id":"https:\/\/martinluther.ca\/de\/2021\/12\/feiern-sie-mit-uns-den-erfolg-unseres-fluechtlingshilfeteams\/","url":"https:\/\/martinluther.ca\/de\/2021\/12\/feiern-sie-mit-uns-den-erfolg-unseres-fluechtlingshilfeteams\/","name":"Feiern Sie mit uns den Erfolg unseres Fl\u00fcchtlingshilfeteams - Martin Luther Evangelische Kirche Toronto","isPartOf":{"@id":"https:\/\/martinluther.ca\/de\/#website"},"primaryImageOfPage":{"@id":"https:\/\/martinluther.ca\/de\/2021\/12\/feiern-sie-mit-uns-den-erfolg-unseres-fluechtlingshilfeteams\/#primaryimage"},"image":{"@id":"https:\/\/martinluther.ca\/de\/2021\/12\/feiern-sie-mit-uns-den-erfolg-unseres-fluechtlingshilfeteams\/#primaryimage"},"thumbnailUrl":"https:\/\/martinluther.ca\/wp-content\/uploads\/2021\/12\/20201029_153220_Younes.jpg","datePublished":"2021-12-16T17:59:31+00:00","dateModified":"2021-12-16T18:02:26+00:00","breadcrumb":{"@id":"https:\/\/martinluther.ca\/de\/2021\/12\/feiern-sie-mit-uns-den-erfolg-unseres-fluechtlingshilfeteams\/#breadcrumb"},"inLanguage":"de","potentialAction":[{"@type":"ReadAction","target":["https:\/\/martinluther.ca\/de\/2021\/12\/feiern-sie-mit-uns-den-erfolg-unseres-fluechtlingshilfeteams\/"]}]},{"@type":"ImageObject","inLanguage":"de","@id":"https:\/\/martinluther.ca\/de\/2021\/12\/feiern-sie-mit-uns-den-erfolg-unseres-fluechtlingshilfeteams\/#primaryimage","url":"https:\/\/martinluther.ca\/wp-content\/uploads\/2021\/12\/20201029_153220_Younes.jpg","contentUrl":"https:\/\/martinluther.ca\/wp-content\/uploads\/2021\/12\/20201029_153220_Younes.jpg","width":1699,"height":1896,"caption":"Refugee arrival in Canada"},{"@type":"BreadcrumbList","@id":"https:\/\/martinluther.ca\/de\/2021\/12\/feiern-sie-mit-uns-den-erfolg-unseres-fluechtlingshilfeteams\/#breadcrumb","itemListElement":[{"@type":"ListItem","position":1,"name":"Home","item":"https:\/\/martinluther.ca\/de\/"},{"@type":"ListItem","position":2,"name":"Feiern Sie mit uns den Erfolg unseres Fl\u00fcchtlingshilfeteams"}]},{"@type":"WebSite","@id":"https:\/\/martinluther.ca\/de\/#website","url":"https:\/\/martinluther.ca\/de\/","name":"Martin Luther Evangelical Church Toronto","description":"Deutsch &amp; Englisch","publisher":{"@id":"https:\/\/martinluther.ca\/de\/#organization"},"potentialAction":[{"@type":"SearchAction","target":{"@type":"EntryPoint","urlTemplate":"https:\/\/martinluther.ca\/de\/?s={search_term_string}"},"query-input":{"@type":"PropertyValueSpecification","valueRequired":true,"valueName":"search_term_string"}}],"inLanguage":"de"},{"@type":"Organization","@id":"https:\/\/martinluther.ca\/de\/#organization","name":"Martin Luther Evangelical Church Toronto","url":"https:\/\/martinluther.ca\/de\/","logo":{"@type":"ImageObject","inLanguage":"de","@id":"https:\/\/martinluther.ca\/de\/#\/schema\/logo\/image\/","url":"https:\/\/martinluther.ca\/wp-content\/uploads\/2016\/12\/ml-logo-300.png","contentUrl":"https:\/\/martinluther.ca\/wp-content\/uploads\/2016\/12\/ml-logo-300.png","width":300,"height":150,"caption":"Martin Luther Evangelical Church Toronto"},"image":{"@id":"https:\/\/martinluther.ca\/de\/#\/schema\/logo\/image\/"},"sameAs":["https:\/\/www.facebook.com\/martinlutherchurchtoronto","https:\/\/www.instagram.com\/lutheransbythelake\/","https:\/\/www.youtube.com\/MartinLutherChurchToronto"]},{"@type":"Person","@id":"https:\/\/martinluther.ca\/de\/#\/schema\/person\/815c51710f70b050f0476f18da6b0c8f","name":"Mona Kakoschke Frantzke","image":{"@type":"ImageObject","inLanguage":"de","@id":"https:\/\/secure.gravatar.com\/avatar\/0deb16854ca545cd2e9fc8001ca110d262b80d5c8317b38dc542265fbea0ed19?s=96&d=mm&r=g","url":"https:\/\/secure.gravatar.com\/avatar\/0deb16854ca545cd2e9fc8001ca110d262b80d5c8317b38dc542265fbea0ed19?s=96&d=mm&r=g","contentUrl":"https:\/\/secure.gravatar.com\/avatar\/0deb16854ca545cd2e9fc8001ca110d262b80d5c8317b38dc542265fbea0ed19?s=96&d=mm&r=g","caption":"Mona Kakoschke Frantzke"},"url":false}]}},"_links":{"self":[{"href":"https:\/\/martinluther.ca\/de\/wp-json\/wp\/v2\/posts\/40100","targetHints":{"allow":["GET"]}}],"collection":[{"href":"https:\/\/martinluther.ca\/de\/wp-json\/wp\/v2\/posts"}],"about":[{"href":"https:\/\/martinluther.ca\/de\/wp-json\/wp\/v2\/types\/post"}],"author":[{"embeddable":true,"href":"https:\/\/martinluther.ca\/de\/wp-json\/wp\/v2\/users\/9"}],"replies":[{"embeddable":true,"href":"https:\/\/martinluther.ca\/de\/wp-json\/wp\/v2\/comments?post=40100"}],"version-history":[{"count":2,"href":"https:\/\/martinluther.ca\/de\/wp-json\/wp\/v2\/posts\/40100\/revisions"}],"predecessor-version":[{"id":40105,"href":"https:\/\/martinluther.ca\/de\/wp-json\/wp\/v2\/posts\/40100\/revisions\/40105"}],"wp:featuredmedia":[{"embeddable":true,"href":"https:\/\/martinluther.ca\/de\/wp-json\/wp\/v2\/media\/40093"}],"wp:attachment":[{"href":"https:\/\/martinluther.ca\/de\/wp-json\/wp\/v2\/media?parent=40100"}],"wp:term":[{"taxonomy":"category","embeddable":true,"href":"https:\/\/martinluther.ca\/de\/wp-json\/wp\/v2\/categories?post=40100"},{"taxonomy":"post_tag","embeddable":true,"href":"https:\/\/martinluther.ca\/de\/wp-json\/wp\/v2\/tags?post=40100"},{"taxonomy":"post_series","embeddable":true,"href":"https:\/\/martinluther.ca\/de\/wp-json\/wp\/v2\/post_series?post=40100"}],"curies":[{"name":"wp","href":"https:\/\/api.w.org\/{rel}","templated":true}]}}