{"id":40379,"date":"2022-01-28T12:51:02","date_gmt":"2022-01-28T17:51:02","guid":{"rendered":"https:\/\/martinluther.ca\/?p=40379"},"modified":"2022-02-23T17:16:42","modified_gmt":"2022-02-23T22:16:42","slug":"pastorin-annika-klapperts-andacht-fuer-januar-2022","status":"publish","type":"post","link":"https:\/\/martinluther.ca\/de\/2022\/01\/pastorin-annika-klapperts-andacht-fuer-januar-2022\/","title":{"rendered":"Pastorin Annika Klapperts Andacht f\u00fcr Januar 2022"},"content":{"rendered":"<p>Das Motiv von Eberhard M\u00fcnch zur Jahreslosung 2022, Johannes 6, 37, hat mich ber\u00fchrt. In der Mitte, \u00fcberstrahlt vom Licht, steht eine Figur mit ausgebreiteten Armen, vom Licht fast \u00fcberstrahlt und doch deutlich zu erkennen.<\/p>\n<p>Um sie herum nehme ich schemenhaft verschiedene Menschen war, manche sind sehr nah, sie k\u00f6nnen die Person in der Mitte fast ber\u00fchren, andere stehen weiter entfernt, allein oder in Gruppen. Und ganz au\u00dfen am Rand sind es nur noch schemenhafte Linien, Striche, die aber irgendwie auch noch dazugeh\u00f6ren.<\/p>\n<p>Im warmen Orange gehalten liegt ein breiter, durchl\u00e4ssiger Kreis \u00fcber der Szene, an drei Stellen und in der Mitte vom Licht durchbrochen &#8211; ein angedeutetes Kreuz. In der rechten unteren Ecke des Bildes ist dieser warme Schleier gel\u00fcftet, so dass man die Menschen besser erkennen kann, die dort stehen. Sie erscheinen in bunten Farben und werfen Schatten, die aber durch das Licht, das von der Mitte ausgeht hinter sie fallen.<\/p>\n<p>F\u00fcr mich wird in diesem Bild deutlich: Jeder Mensch, egal ob jung oder alt, reich oder arm, gl\u00e4ubig oder zweifelnd, wissend oder suchend, ist hier willkommen. Wir sind eingeladen, uns vertrauensvoll dem Geheimnis zu n\u00e4hern, dass wir Gott nennen und uns seiner Liebe anzuvertrauen. Wir sind willkommen mit unseren Licht- und unseren Schattenseiten und d\u00fcrfen jederzeit unsere Freuden, Sorgen, und N\u00f6te vor ihn bringen. Die Jahreslosung ist aber nicht nur eine Aussage, die Jesus \u00fcber sich macht, ich lese sie auch als Auftrag f\u00fcr unsere Kirchengemeinde: Seid offen, schlie\u00dft eure Reihen nicht, sondern lasst euer Licht nach au\u00dfen leuchten! Hei\u00dft jeden willkommen, der sich eurer Gemeinschaft n\u00e4hert und Fragen hat, an oder \u00fcber Gott, vielleicht auch einfach eine tiefe Sehnsucht, dazuzugeh\u00f6ren.<\/p>\n<p>Ich bete um Kraft und Weisheit f\u00fcr uns alle, wenn wir in diesem Jahr ganz bewusst versuchen, etwas von der Willkommenskultur Gottes weiterzutragen zu den Menschen, denen wir begegnen, die wir in und vor unserer Kirche treffen, die an unser Herz anklopfen. Amen.<\/p>\n<p>-Pastorin Annika Klappert Cell 416-567-2487 <a href=\"mailto:pastor@martinluther.ca\" target=\"_blank\" rel=\"noopener\">pastor@martinluther.ca<\/a><\/p>\n<p>&nbsp;<\/p>\n<div id=\"gallery-1\" class=\"wpex-gallery wpex-grid wpex-grid-cols-4 wpex-gap-20 wpex-lightbox-group wpex-mb-20\"><figure class=\"gallery-item\"><a href=\"https:\/\/martinluther.ca\/wp-content\/uploads\/2021\/09\/2021-09-12-1st-Worship-Service-with-Pastor-Klappert2-lighter-rotated.jpg\" class=\"wpex-lightbox-group-item\" data-title=\"Sep 12, 2021 - 1st Worship Service with Pastor Annika Klappert\"><img loading=\"lazy\" alt=\"Sep 12, 2021 - 1st Worship Service With Pastor Annika Klappert\" decoding=\"async\" src=\"https:\/\/martinluther.ca\/wp-content\/uploads\/2021\/09\/2021-09-12-1st-Worship-Service-with-Pastor-Klappert2-lighter-rotated-768x1024.jpg\" srcset=\"https:\/\/martinluther.ca\/wp-content\/uploads\/2021\/09\/2021-09-12-1st-Worship-Service-with-Pastor-Klappert2-lighter-768x1024.jpg 768w, https:\/\/martinluther.ca\/wp-content\/uploads\/2021\/09\/2021-09-12-1st-Worship-Service-with-Pastor-Klappert2-lighter-225x300.jpg 225w, https:\/\/martinluther.ca\/wp-content\/uploads\/2021\/09\/2021-09-12-1st-Worship-Service-with-Pastor-Klappert2-lighter-1152x1536.jpg 1152w, https:\/\/martinluther.ca\/wp-content\/uploads\/2021\/09\/2021-09-12-1st-Worship-Service-with-Pastor-Klappert2-lighter-rotated.jpg 1254w\" width=\"768\" height=\"1024\"><\/a><\/figure><figure class=\"gallery-item\"><a href=\"https:\/\/martinluther.ca\/wp-content\/uploads\/2021\/09\/Annika-Klappert-with-Martin-Luther-statue-Sep-2021-in-foyer-4x3-1.jpg\" class=\"wpex-lightbox-group-item\" data-title=\"Annika Klappert with Martin Luther statue Sep 2021 in foyer\"><img loading=\"lazy\" alt=\"Annika Klappert With Martin Luther Statue Sep 2021 In Foyer\" decoding=\"async\" src=\"https:\/\/martinluther.ca\/wp-content\/uploads\/2021\/09\/Annika-Klappert-with-Martin-Luther-statue-Sep-2021-in-foyer-4x3-1.jpg\" srcset=\"https:\/\/martinluther.ca\/wp-content\/uploads\/2021\/09\/Annika-Klappert-with-Martin-Luther-statue-Sep-2021-in-foyer-4x3-1.jpg 898w, https:\/\/martinluther.ca\/wp-content\/uploads\/2021\/09\/Annika-Klappert-with-Martin-Luther-statue-Sep-2021-in-foyer-4x3-1-300x225.jpg 300w, https:\/\/martinluther.ca\/wp-content\/uploads\/2021\/09\/Annika-Klappert-with-Martin-Luther-statue-Sep-2021-in-foyer-4x3-1-768x576.jpg 768w\" width=\"898\" height=\"674\"><\/a><\/figure><figure class=\"gallery-item\"><a href=\"https:\/\/martinluther.ca\/wp-content\/uploads\/2021\/10\/2021-Installation-of-Pastor-Klappert-92B-4x3-1-scaled.jpg\" class=\"wpex-lightbox-group-item\" data-title=\"2021 Installation of Pastor Klappert -Annika and Tim\"><img loading=\"lazy\" alt=\"2021 Installation Of Pastor Klappert -Annika And Tim\" decoding=\"async\" src=\"https:\/\/martinluther.ca\/wp-content\/uploads\/2021\/10\/2021-Installation-of-Pastor-Klappert-92B-4x3-1-scaled-1024x768.jpg\" srcset=\"https:\/\/martinluther.ca\/wp-content\/uploads\/2021\/10\/2021-Installation-of-Pastor-Klappert-92B-4x3-1-scaled-1024x768.jpg 1024w, https:\/\/martinluther.ca\/wp-content\/uploads\/2021\/10\/2021-Installation-of-Pastor-Klappert-92B-4x3-1-300x225.jpg 300w, https:\/\/martinluther.ca\/wp-content\/uploads\/2021\/10\/2021-Installation-of-Pastor-Klappert-92B-4x3-1-768x576.jpg 768w, https:\/\/martinluther.ca\/wp-content\/uploads\/2021\/10\/2021-Installation-of-Pastor-Klappert-92B-4x3-1-1536x1152.jpg 1536w, https:\/\/martinluther.ca\/wp-content\/uploads\/2021\/10\/2021-Installation-of-Pastor-Klappert-92B-4x3-1-2048x1536.jpg 2048w\" width=\"1024\" height=\"768\"><\/a><\/figure><figure class=\"gallery-item\"><a href=\"https:\/\/martinluther.ca\/wp-content\/uploads\/2021\/10\/2021-Installation-of-Pastor-Klappert-46-4x3lighter.jpg\" class=\"wpex-lightbox-group-item\"><img loading=\"lazy\" decoding=\"async\" src=\"https:\/\/martinluther.ca\/wp-content\/uploads\/2021\/10\/2021-Installation-of-Pastor-Klappert-46-4x3lighter-1024x768.jpg\" alt=\"\" srcset=\"https:\/\/martinluther.ca\/wp-content\/uploads\/2021\/10\/2021-Installation-of-Pastor-Klappert-46-4x3lighter-1024x768.jpg 1024w, https:\/\/martinluther.ca\/wp-content\/uploads\/2021\/10\/2021-Installation-of-Pastor-Klappert-46-4x3lighter-300x225.jpg 300w, https:\/\/martinluther.ca\/wp-content\/uploads\/2021\/10\/2021-Installation-of-Pastor-Klappert-46-4x3lighter-768x576.jpg 768w, https:\/\/martinluther.ca\/wp-content\/uploads\/2021\/10\/2021-Installation-of-Pastor-Klappert-46-4x3lighter-1536x1152.jpg 1536w, https:\/\/martinluther.ca\/wp-content\/uploads\/2021\/10\/2021-Installation-of-Pastor-Klappert-46-4x3lighter-2048x1536.jpg 2048w\" width=\"1024\" height=\"768\"><\/a><\/figure><figure class=\"gallery-item\"><a href=\"https:\/\/martinluther.ca\/wp-content\/uploads\/2021\/10\/2021-Installation-of-Pastor-Klappert-02-4x3lighter.jpg\" class=\"wpex-lightbox-group-item\"><img loading=\"lazy\" decoding=\"async\" src=\"https:\/\/martinluther.ca\/wp-content\/uploads\/2021\/10\/2021-Installation-of-Pastor-Klappert-02-4x3lighter-1024x768.jpg\" alt=\"\" srcset=\"https:\/\/martinluther.ca\/wp-content\/uploads\/2021\/10\/2021-Installation-of-Pastor-Klappert-02-4x3lighter-1024x768.jpg 1024w, https:\/\/martinluther.ca\/wp-content\/uploads\/2021\/10\/2021-Installation-of-Pastor-Klappert-02-4x3lighter-300x225.jpg 300w, https:\/\/martinluther.ca\/wp-content\/uploads\/2021\/10\/2021-Installation-of-Pastor-Klappert-02-4x3lighter-768x576.jpg 768w, https:\/\/martinluther.ca\/wp-content\/uploads\/2021\/10\/2021-Installation-of-Pastor-Klappert-02-4x3lighter-1536x1152.jpg 1536w, https:\/\/martinluther.ca\/wp-content\/uploads\/2021\/10\/2021-Installation-of-Pastor-Klappert-02-4x3lighter-2048x1536.jpg 2048w\" width=\"1024\" height=\"768\"><\/a><\/figure><figure class=\"gallery-item\"><a href=\"https:\/\/martinluther.ca\/wp-content\/uploads\/2021\/10\/2021-Installation-of-Pastor-Klappert-77-4x3lighter.jpg\" class=\"wpex-lightbox-group-item\"><img loading=\"lazy\" decoding=\"async\" src=\"https:\/\/martinluther.ca\/wp-content\/uploads\/2021\/10\/2021-Installation-of-Pastor-Klappert-77-4x3lighter-1024x768.jpg\" alt=\"\" srcset=\"https:\/\/martinluther.ca\/wp-content\/uploads\/2021\/10\/2021-Installation-of-Pastor-Klappert-77-4x3lighter-1024x768.jpg 1024w, https:\/\/martinluther.ca\/wp-content\/uploads\/2021\/10\/2021-Installation-of-Pastor-Klappert-77-4x3lighter-300x225.jpg 300w, https:\/\/martinluther.ca\/wp-content\/uploads\/2021\/10\/2021-Installation-of-Pastor-Klappert-77-4x3lighter-768x576.jpg 768w, https:\/\/martinluther.ca\/wp-content\/uploads\/2021\/10\/2021-Installation-of-Pastor-Klappert-77-4x3lighter-1536x1152.jpg 1536w, https:\/\/martinluther.ca\/wp-content\/uploads\/2021\/10\/2021-Installation-of-Pastor-Klappert-77-4x3lighter-2048x1536.jpg 2048w\" width=\"1024\" height=\"768\"><\/a><\/figure><figure class=\"gallery-item\"><a href=\"https:\/\/martinluther.ca\/wp-content\/uploads\/2021\/10\/2021-Installation-of-Pastor-Klappert-67-2.jpg\" class=\"wpex-lightbox-group-item\"><img loading=\"lazy\" decoding=\"async\" src=\"https:\/\/martinluther.ca\/wp-content\/uploads\/2021\/10\/2021-Installation-of-Pastor-Klappert-67-2-768x1024.jpg\" alt=\"\" srcset=\"https:\/\/martinluther.ca\/wp-content\/uploads\/2021\/10\/2021-Installation-of-Pastor-Klappert-67-2-768x1024.jpg 768w, https:\/\/martinluther.ca\/wp-content\/uploads\/2021\/10\/2021-Installation-of-Pastor-Klappert-67-2-225x300.jpg 225w, https:\/\/martinluther.ca\/wp-content\/uploads\/2021\/10\/2021-Installation-of-Pastor-Klappert-67-2.jpg 1083w\" width=\"768\" height=\"1024\"><\/a><\/figure><figure class=\"gallery-item\"><a href=\"https:\/\/martinluther.ca\/wp-content\/uploads\/2021\/10\/2021-Installation-of-Pastor-Klappert-39-4x3lighter-scaled.jpg\" class=\"wpex-lightbox-group-item\"><img loading=\"lazy\" decoding=\"async\" src=\"https:\/\/martinluther.ca\/wp-content\/uploads\/2021\/10\/2021-Installation-of-Pastor-Klappert-39-4x3lighter-scaled-1024x576.jpg\" alt=\"\" srcset=\"https:\/\/martinluther.ca\/wp-content\/uploads\/2021\/10\/2021-Installation-of-Pastor-Klappert-39-4x3lighter-scaled-1024x576.jpg 1024w, https:\/\/martinluther.ca\/wp-content\/uploads\/2021\/10\/2021-Installation-of-Pastor-Klappert-39-4x3lighter-300x169.jpg 300w, https:\/\/martinluther.ca\/wp-content\/uploads\/2021\/10\/2021-Installation-of-Pastor-Klappert-39-4x3lighter-768x432.jpg 768w, https:\/\/martinluther.ca\/wp-content\/uploads\/2021\/10\/2021-Installation-of-Pastor-Klappert-39-4x3lighter-1536x864.jpg 1536w, https:\/\/martinluther.ca\/wp-content\/uploads\/2021\/10\/2021-Installation-of-Pastor-Klappert-39-4x3lighter-2048x1152.jpg 2048w\" width=\"1024\" height=\"576\"><\/a><\/figure><\/div>\n\n","protected":false},"excerpt":{"rendered":"<p>Das Motiv von Eberhard M\u00fcnch zur Jahreslosung 2022, Johannes 6, 37, hat mich ber\u00fchrt. In der Mitte, \u00fcberstrahlt vom Licht, steht eine Figur mit ausgebreiteten Armen, vom Licht fast \u00fcberstrahlt und doch deutlich zu erkennen. Um sie herum nehme ich schemenhaft verschiedene Menschen war, manche sind sehr nah, sie k\u00f6nnen die Person in der Mitte&hellip;<\/p>\n","protected":false},"author":8,"featured_media":40374,"comment_status":"closed","ping_status":"closed","sticky":false,"template":"","format":"standard","meta":{"footnotes":""},"categories":[69],"tags":[],"post_series":[],"class_list":["post-40379","post","type-post","status-publish","format-standard","has-post-thumbnail","hentry","category-news-blog-german","entry","has-media"],"yoast_head":"<!-- This site is optimized with the Yoast SEO plugin v27.5 - https:\/\/yoast.com\/product\/yoast-seo-wordpress\/ -->\n<title>Pastorin Annika Klapperts Andacht f\u00fcr Januar 2022 - Martin Luther Evangelische Kirche Toronto<\/title>\n<meta name=\"robots\" content=\"index, follow, max-snippet:-1, max-image-preview:large, max-video-preview:-1\" \/>\n<link rel=\"canonical\" href=\"https:\/\/martinluther.ca\/de\/2022\/01\/pastorin-annika-klapperts-andacht-fuer-januar-2022\/\" \/>\n<meta property=\"og:locale\" content=\"de_DE\" \/>\n<meta property=\"og:type\" content=\"article\" \/>\n<meta property=\"og:title\" content=\"Pastorin Annika Klapperts Andacht f\u00fcr Januar 2022 - Martin Luther Evangelische Kirche Toronto\" \/>\n<meta property=\"og:description\" content=\"Das Motiv von Eberhard M\u00fcnch zur Jahreslosung 2022, Johannes 6, 37, hat mich ber\u00fchrt. In der Mitte, \u00fcberstrahlt vom Licht, steht eine Figur mit ausgebreiteten Armen, vom Licht fast \u00fcberstrahlt und doch deutlich zu erkennen. Um sie herum nehme ich schemenhaft verschiedene Menschen war, manche sind sehr nah, sie k\u00f6nnen die Person in der Mitte&hellip;\" \/>\n<meta property=\"og:url\" content=\"https:\/\/martinluther.ca\/de\/2022\/01\/pastorin-annika-klapperts-andacht-fuer-januar-2022\/\" \/>\n<meta property=\"og:site_name\" content=\"Martin Luther Evangelische Kirche Toronto\" \/>\n<meta property=\"article:publisher\" content=\"https:\/\/www.facebook.com\/martinlutherchurchtoronto\" \/>\n<meta property=\"article:published_time\" content=\"2022-01-28T17:51:02+00:00\" \/>\n<meta property=\"article:modified_time\" content=\"2022-02-23T22:16:42+00:00\" \/>\n<meta property=\"og:image\" content=\"https:\/\/martinluther.ca\/wp-content\/uploads\/2022\/01\/2022-Jahreslosung.jpg\" \/>\n\t<meta property=\"og:image:width\" content=\"600\" \/>\n\t<meta property=\"og:image:height\" content=\"450\" \/>\n\t<meta property=\"og:image:type\" content=\"image\/jpeg\" \/>\n<meta name=\"author\" content=\"Marlena Muller\" \/>\n<meta name=\"twitter:card\" content=\"summary_large_image\" \/>\n<meta name=\"twitter:label1\" content=\"Verfasst von\" \/>\n\t<meta name=\"twitter:data1\" content=\"Marlena Muller\" \/>\n\t<meta name=\"twitter:label2\" content=\"Gesch\u00e4tzte Lesezeit\" \/>\n\t<meta name=\"twitter:data2\" content=\"2\u00a0Minuten\" \/>\n<script type=\"application\/ld+json\" class=\"yoast-schema-graph\">{\"@context\":\"https:\\\/\\\/schema.org\",\"@graph\":[{\"@type\":\"Article\",\"@id\":\"https:\\\/\\\/martinluther.ca\\\/de\\\/2022\\\/01\\\/pastorin-annika-klapperts-andacht-fuer-januar-2022\\\/#article\",\"isPartOf\":{\"@id\":\"https:\\\/\\\/martinluther.ca\\\/de\\\/2022\\\/01\\\/pastorin-annika-klapperts-andacht-fuer-januar-2022\\\/\"},\"author\":{\"name\":\"Marlena Muller\",\"@id\":\"https:\\\/\\\/martinluther.ca\\\/de\\\/#\\\/schema\\\/person\\\/ef4e825f5d9d6fd740bbd7813710e15d\"},\"headline\":\"Pastorin Annika Klapperts Andacht f\u00fcr Januar 2022\",\"datePublished\":\"2022-01-28T17:51:02+00:00\",\"dateModified\":\"2022-02-23T22:16:42+00:00\",\"mainEntityOfPage\":{\"@id\":\"https:\\\/\\\/martinluther.ca\\\/de\\\/2022\\\/01\\\/pastorin-annika-klapperts-andacht-fuer-januar-2022\\\/\"},\"wordCount\":354,\"publisher\":{\"@id\":\"https:\\\/\\\/martinluther.ca\\\/de\\\/#organization\"},\"image\":{\"@id\":\"https:\\\/\\\/martinluther.ca\\\/de\\\/2022\\\/01\\\/pastorin-annika-klapperts-andacht-fuer-januar-2022\\\/#primaryimage\"},\"thumbnailUrl\":\"https:\\\/\\\/martinluther.ca\\\/wp-content\\\/uploads\\\/2022\\\/01\\\/2022-Jahreslosung.jpg\",\"articleSection\":[\"News Blog - German\"],\"inLanguage\":\"de\"},{\"@type\":\"WebPage\",\"@id\":\"https:\\\/\\\/martinluther.ca\\\/de\\\/2022\\\/01\\\/pastorin-annika-klapperts-andacht-fuer-januar-2022\\\/\",\"url\":\"https:\\\/\\\/martinluther.ca\\\/de\\\/2022\\\/01\\\/pastorin-annika-klapperts-andacht-fuer-januar-2022\\\/\",\"name\":\"Pastorin Annika Klapperts Andacht f\u00fcr Januar 2022 - Martin Luther Evangelische Kirche Toronto\",\"isPartOf\":{\"@id\":\"https:\\\/\\\/martinluther.ca\\\/de\\\/#website\"},\"primaryImageOfPage\":{\"@id\":\"https:\\\/\\\/martinluther.ca\\\/de\\\/2022\\\/01\\\/pastorin-annika-klapperts-andacht-fuer-januar-2022\\\/#primaryimage\"},\"image\":{\"@id\":\"https:\\\/\\\/martinluther.ca\\\/de\\\/2022\\\/01\\\/pastorin-annika-klapperts-andacht-fuer-januar-2022\\\/#primaryimage\"},\"thumbnailUrl\":\"https:\\\/\\\/martinluther.ca\\\/wp-content\\\/uploads\\\/2022\\\/01\\\/2022-Jahreslosung.jpg\",\"datePublished\":\"2022-01-28T17:51:02+00:00\",\"dateModified\":\"2022-02-23T22:16:42+00:00\",\"breadcrumb\":{\"@id\":\"https:\\\/\\\/martinluther.ca\\\/de\\\/2022\\\/01\\\/pastorin-annika-klapperts-andacht-fuer-januar-2022\\\/#breadcrumb\"},\"inLanguage\":\"de\",\"potentialAction\":[{\"@type\":\"ReadAction\",\"target\":[\"https:\\\/\\\/martinluther.ca\\\/de\\\/2022\\\/01\\\/pastorin-annika-klapperts-andacht-fuer-januar-2022\\\/\"]}]},{\"@type\":\"ImageObject\",\"inLanguage\":\"de\",\"@id\":\"https:\\\/\\\/martinluther.ca\\\/de\\\/2022\\\/01\\\/pastorin-annika-klapperts-andacht-fuer-januar-2022\\\/#primaryimage\",\"url\":\"https:\\\/\\\/martinluther.ca\\\/wp-content\\\/uploads\\\/2022\\\/01\\\/2022-Jahreslosung.jpg\",\"contentUrl\":\"https:\\\/\\\/martinluther.ca\\\/wp-content\\\/uploads\\\/2022\\\/01\\\/2022-Jahreslosung.jpg\",\"width\":600,\"height\":450},{\"@type\":\"BreadcrumbList\",\"@id\":\"https:\\\/\\\/martinluther.ca\\\/de\\\/2022\\\/01\\\/pastorin-annika-klapperts-andacht-fuer-januar-2022\\\/#breadcrumb\",\"itemListElement\":[{\"@type\":\"ListItem\",\"position\":1,\"name\":\"Home\",\"item\":\"https:\\\/\\\/martinluther.ca\\\/de\\\/\"},{\"@type\":\"ListItem\",\"position\":2,\"name\":\"Pastorin Annika Klapperts Andacht f\u00fcr Januar 2022\"}]},{\"@type\":\"WebSite\",\"@id\":\"https:\\\/\\\/martinluther.ca\\\/de\\\/#website\",\"url\":\"https:\\\/\\\/martinluther.ca\\\/de\\\/\",\"name\":\"Martin Luther Evangelical Church Toronto\",\"description\":\"Deutsch &amp; Englisch\",\"publisher\":{\"@id\":\"https:\\\/\\\/martinluther.ca\\\/de\\\/#organization\"},\"potentialAction\":[{\"@type\":\"SearchAction\",\"target\":{\"@type\":\"EntryPoint\",\"urlTemplate\":\"https:\\\/\\\/martinluther.ca\\\/de\\\/?s={search_term_string}\"},\"query-input\":{\"@type\":\"PropertyValueSpecification\",\"valueRequired\":true,\"valueName\":\"search_term_string\"}}],\"inLanguage\":\"de\"},{\"@type\":\"Organization\",\"@id\":\"https:\\\/\\\/martinluther.ca\\\/de\\\/#organization\",\"name\":\"Martin Luther Evangelical Church Toronto\",\"url\":\"https:\\\/\\\/martinluther.ca\\\/de\\\/\",\"logo\":{\"@type\":\"ImageObject\",\"inLanguage\":\"de\",\"@id\":\"https:\\\/\\\/martinluther.ca\\\/de\\\/#\\\/schema\\\/logo\\\/image\\\/\",\"url\":\"https:\\\/\\\/martinluther.ca\\\/wp-content\\\/uploads\\\/2016\\\/12\\\/ml-logo-300.png\",\"contentUrl\":\"https:\\\/\\\/martinluther.ca\\\/wp-content\\\/uploads\\\/2016\\\/12\\\/ml-logo-300.png\",\"width\":300,\"height\":150,\"caption\":\"Martin Luther Evangelical Church Toronto\"},\"image\":{\"@id\":\"https:\\\/\\\/martinluther.ca\\\/de\\\/#\\\/schema\\\/logo\\\/image\\\/\"},\"sameAs\":[\"https:\\\/\\\/www.facebook.com\\\/martinlutherchurchtoronto\",\"https:\\\/\\\/www.instagram.com\\\/lutheransbythelake\\\/\",\"https:\\\/\\\/www.youtube.com\\\/MartinLutherChurchToronto\"]},{\"@type\":\"Person\",\"@id\":\"https:\\\/\\\/martinluther.ca\\\/de\\\/#\\\/schema\\\/person\\\/ef4e825f5d9d6fd740bbd7813710e15d\",\"name\":\"Marlena Muller\",\"image\":{\"@type\":\"ImageObject\",\"inLanguage\":\"de\",\"@id\":\"https:\\\/\\\/secure.gravatar.com\\\/avatar\\\/fe840ff753768b839caa2dd522d4797f19f7e22fa2da83388e0fbfc570b65a37?s=96&d=mm&r=g\",\"url\":\"https:\\\/\\\/secure.gravatar.com\\\/avatar\\\/fe840ff753768b839caa2dd522d4797f19f7e22fa2da83388e0fbfc570b65a37?s=96&d=mm&r=g\",\"contentUrl\":\"https:\\\/\\\/secure.gravatar.com\\\/avatar\\\/fe840ff753768b839caa2dd522d4797f19f7e22fa2da83388e0fbfc570b65a37?s=96&d=mm&r=g\",\"caption\":\"Marlena Muller\"},\"url\":false}]}<\/script>\n<!-- \/ Yoast SEO plugin. -->","yoast_head_json":{"title":"Pastorin Annika Klapperts Andacht f\u00fcr Januar 2022 - Martin Luther Evangelische Kirche Toronto","robots":{"index":"index","follow":"follow","max-snippet":"max-snippet:-1","max-image-preview":"max-image-preview:large","max-video-preview":"max-video-preview:-1"},"canonical":"https:\/\/martinluther.ca\/de\/2022\/01\/pastorin-annika-klapperts-andacht-fuer-januar-2022\/","og_locale":"de_DE","og_type":"article","og_title":"Pastorin Annika Klapperts Andacht f\u00fcr Januar 2022 - Martin Luther Evangelische Kirche Toronto","og_description":"Das Motiv von Eberhard M\u00fcnch zur Jahreslosung 2022, Johannes 6, 37, hat mich ber\u00fchrt. In der Mitte, \u00fcberstrahlt vom Licht, steht eine Figur mit ausgebreiteten Armen, vom Licht fast \u00fcberstrahlt und doch deutlich zu erkennen. Um sie herum nehme ich schemenhaft verschiedene Menschen war, manche sind sehr nah, sie k\u00f6nnen die Person in der Mitte&hellip;","og_url":"https:\/\/martinluther.ca\/de\/2022\/01\/pastorin-annika-klapperts-andacht-fuer-januar-2022\/","og_site_name":"Martin Luther Evangelische Kirche Toronto","article_publisher":"https:\/\/www.facebook.com\/martinlutherchurchtoronto","article_published_time":"2022-01-28T17:51:02+00:00","article_modified_time":"2022-02-23T22:16:42+00:00","og_image":[{"width":600,"height":450,"url":"https:\/\/martinluther.ca\/wp-content\/uploads\/2022\/01\/2022-Jahreslosung.jpg","type":"image\/jpeg"}],"author":"Marlena Muller","twitter_card":"summary_large_image","twitter_misc":{"Verfasst von":"Marlena Muller","Gesch\u00e4tzte Lesezeit":"2\u00a0Minuten"},"schema":{"@context":"https:\/\/schema.org","@graph":[{"@type":"Article","@id":"https:\/\/martinluther.ca\/de\/2022\/01\/pastorin-annika-klapperts-andacht-fuer-januar-2022\/#article","isPartOf":{"@id":"https:\/\/martinluther.ca\/de\/2022\/01\/pastorin-annika-klapperts-andacht-fuer-januar-2022\/"},"author":{"name":"Marlena Muller","@id":"https:\/\/martinluther.ca\/de\/#\/schema\/person\/ef4e825f5d9d6fd740bbd7813710e15d"},"headline":"Pastorin Annika Klapperts Andacht f\u00fcr Januar 2022","datePublished":"2022-01-28T17:51:02+00:00","dateModified":"2022-02-23T22:16:42+00:00","mainEntityOfPage":{"@id":"https:\/\/martinluther.ca\/de\/2022\/01\/pastorin-annika-klapperts-andacht-fuer-januar-2022\/"},"wordCount":354,"publisher":{"@id":"https:\/\/martinluther.ca\/de\/#organization"},"image":{"@id":"https:\/\/martinluther.ca\/de\/2022\/01\/pastorin-annika-klapperts-andacht-fuer-januar-2022\/#primaryimage"},"thumbnailUrl":"https:\/\/martinluther.ca\/wp-content\/uploads\/2022\/01\/2022-Jahreslosung.jpg","articleSection":["News Blog - German"],"inLanguage":"de"},{"@type":"WebPage","@id":"https:\/\/martinluther.ca\/de\/2022\/01\/pastorin-annika-klapperts-andacht-fuer-januar-2022\/","url":"https:\/\/martinluther.ca\/de\/2022\/01\/pastorin-annika-klapperts-andacht-fuer-januar-2022\/","name":"Pastorin Annika Klapperts Andacht f\u00fcr Januar 2022 - Martin Luther Evangelische Kirche Toronto","isPartOf":{"@id":"https:\/\/martinluther.ca\/de\/#website"},"primaryImageOfPage":{"@id":"https:\/\/martinluther.ca\/de\/2022\/01\/pastorin-annika-klapperts-andacht-fuer-januar-2022\/#primaryimage"},"image":{"@id":"https:\/\/martinluther.ca\/de\/2022\/01\/pastorin-annika-klapperts-andacht-fuer-januar-2022\/#primaryimage"},"thumbnailUrl":"https:\/\/martinluther.ca\/wp-content\/uploads\/2022\/01\/2022-Jahreslosung.jpg","datePublished":"2022-01-28T17:51:02+00:00","dateModified":"2022-02-23T22:16:42+00:00","breadcrumb":{"@id":"https:\/\/martinluther.ca\/de\/2022\/01\/pastorin-annika-klapperts-andacht-fuer-januar-2022\/#breadcrumb"},"inLanguage":"de","potentialAction":[{"@type":"ReadAction","target":["https:\/\/martinluther.ca\/de\/2022\/01\/pastorin-annika-klapperts-andacht-fuer-januar-2022\/"]}]},{"@type":"ImageObject","inLanguage":"de","@id":"https:\/\/martinluther.ca\/de\/2022\/01\/pastorin-annika-klapperts-andacht-fuer-januar-2022\/#primaryimage","url":"https:\/\/martinluther.ca\/wp-content\/uploads\/2022\/01\/2022-Jahreslosung.jpg","contentUrl":"https:\/\/martinluther.ca\/wp-content\/uploads\/2022\/01\/2022-Jahreslosung.jpg","width":600,"height":450},{"@type":"BreadcrumbList","@id":"https:\/\/martinluther.ca\/de\/2022\/01\/pastorin-annika-klapperts-andacht-fuer-januar-2022\/#breadcrumb","itemListElement":[{"@type":"ListItem","position":1,"name":"Home","item":"https:\/\/martinluther.ca\/de\/"},{"@type":"ListItem","position":2,"name":"Pastorin Annika Klapperts Andacht f\u00fcr Januar 2022"}]},{"@type":"WebSite","@id":"https:\/\/martinluther.ca\/de\/#website","url":"https:\/\/martinluther.ca\/de\/","name":"Martin Luther Evangelical Church Toronto","description":"Deutsch &amp; Englisch","publisher":{"@id":"https:\/\/martinluther.ca\/de\/#organization"},"potentialAction":[{"@type":"SearchAction","target":{"@type":"EntryPoint","urlTemplate":"https:\/\/martinluther.ca\/de\/?s={search_term_string}"},"query-input":{"@type":"PropertyValueSpecification","valueRequired":true,"valueName":"search_term_string"}}],"inLanguage":"de"},{"@type":"Organization","@id":"https:\/\/martinluther.ca\/de\/#organization","name":"Martin Luther Evangelical Church Toronto","url":"https:\/\/martinluther.ca\/de\/","logo":{"@type":"ImageObject","inLanguage":"de","@id":"https:\/\/martinluther.ca\/de\/#\/schema\/logo\/image\/","url":"https:\/\/martinluther.ca\/wp-content\/uploads\/2016\/12\/ml-logo-300.png","contentUrl":"https:\/\/martinluther.ca\/wp-content\/uploads\/2016\/12\/ml-logo-300.png","width":300,"height":150,"caption":"Martin Luther Evangelical Church Toronto"},"image":{"@id":"https:\/\/martinluther.ca\/de\/#\/schema\/logo\/image\/"},"sameAs":["https:\/\/www.facebook.com\/martinlutherchurchtoronto","https:\/\/www.instagram.com\/lutheransbythelake\/","https:\/\/www.youtube.com\/MartinLutherChurchToronto"]},{"@type":"Person","@id":"https:\/\/martinluther.ca\/de\/#\/schema\/person\/ef4e825f5d9d6fd740bbd7813710e15d","name":"Marlena Muller","image":{"@type":"ImageObject","inLanguage":"de","@id":"https:\/\/secure.gravatar.com\/avatar\/fe840ff753768b839caa2dd522d4797f19f7e22fa2da83388e0fbfc570b65a37?s=96&d=mm&r=g","url":"https:\/\/secure.gravatar.com\/avatar\/fe840ff753768b839caa2dd522d4797f19f7e22fa2da83388e0fbfc570b65a37?s=96&d=mm&r=g","contentUrl":"https:\/\/secure.gravatar.com\/avatar\/fe840ff753768b839caa2dd522d4797f19f7e22fa2da83388e0fbfc570b65a37?s=96&d=mm&r=g","caption":"Marlena Muller"},"url":false}]}},"_links":{"self":[{"href":"https:\/\/martinluther.ca\/de\/wp-json\/wp\/v2\/posts\/40379","targetHints":{"allow":["GET"]}}],"collection":[{"href":"https:\/\/martinluther.ca\/de\/wp-json\/wp\/v2\/posts"}],"about":[{"href":"https:\/\/martinluther.ca\/de\/wp-json\/wp\/v2\/types\/post"}],"author":[{"embeddable":true,"href":"https:\/\/martinluther.ca\/de\/wp-json\/wp\/v2\/users\/8"}],"replies":[{"embeddable":true,"href":"https:\/\/martinluther.ca\/de\/wp-json\/wp\/v2\/comments?post=40379"}],"version-history":[{"count":3,"href":"https:\/\/martinluther.ca\/de\/wp-json\/wp\/v2\/posts\/40379\/revisions"}],"predecessor-version":[{"id":40566,"href":"https:\/\/martinluther.ca\/de\/wp-json\/wp\/v2\/posts\/40379\/revisions\/40566"}],"wp:featuredmedia":[{"embeddable":true,"href":"https:\/\/martinluther.ca\/de\/wp-json\/wp\/v2\/media\/40374"}],"wp:attachment":[{"href":"https:\/\/martinluther.ca\/de\/wp-json\/wp\/v2\/media?parent=40379"}],"wp:term":[{"taxonomy":"category","embeddable":true,"href":"https:\/\/martinluther.ca\/de\/wp-json\/wp\/v2\/categories?post=40379"},{"taxonomy":"post_tag","embeddable":true,"href":"https:\/\/martinluther.ca\/de\/wp-json\/wp\/v2\/tags?post=40379"},{"taxonomy":"post_series","embeddable":true,"href":"https:\/\/martinluther.ca\/de\/wp-json\/wp\/v2\/post_series?post=40379"}],"curies":[{"name":"wp","href":"https:\/\/api.w.org\/{rel}","templated":true}]}}