{"id":40518,"date":"2022-02-21T12:27:15","date_gmt":"2022-02-21T17:27:15","guid":{"rendered":"https:\/\/martinluther.ca\/?p=40518"},"modified":"2022-02-21T12:28:28","modified_gmt":"2022-02-21T17:28:28","slug":"weltgebetstag-der-frauen-england-wales-und-nordirland-4-maerz-2022-um-11-00-uhr-auf-zoom","status":"publish","type":"post","link":"https:\/\/martinluther.ca\/de\/2022\/02\/weltgebetstag-der-frauen-england-wales-und-nordirland-4-maerz-2022-um-11-00-uhr-auf-zoom\/","title":{"rendered":"Weltgebetstag der Frauen- England, Wales und Nordirland, 4. M\u00e4rz 2022 um 11.00 Uhr auf Zoom"},"content":{"rendered":"<p><img loading=\"lazy\" decoding=\"async\" class=\"alignright size-medium wp-image-40514\" src=\"https:\/\/martinluther.ca\/wp-content\/uploads\/2022\/02\/2022-Weltgebetstag-banner-sq-300x300.jpg\" alt=\"2022 Weltgebetstag banner sq\" width=\"300\" height=\"300\" srcset=\"https:\/\/martinluther.ca\/wp-content\/uploads\/2022\/02\/2022-Weltgebetstag-banner-sq-300x300.jpg 300w, https:\/\/martinluther.ca\/wp-content\/uploads\/2022\/02\/2022-Weltgebetstag-banner-sq-1024x1024.jpg 1024w, https:\/\/martinluther.ca\/wp-content\/uploads\/2022\/02\/2022-Weltgebetstag-banner-sq-150x150.jpg 150w, https:\/\/martinluther.ca\/wp-content\/uploads\/2022\/02\/2022-Weltgebetstag-banner-sq-768x768.jpg 768w, https:\/\/martinluther.ca\/wp-content\/uploads\/2022\/02\/2022-Weltgebetstag-banner-sq-1536x1536.jpg 1536w, https:\/\/martinluther.ca\/wp-content\/uploads\/2022\/02\/2022-Weltgebetstag-banner-sq-125x125.jpg 125w, https:\/\/martinluther.ca\/wp-content\/uploads\/2022\/02\/2022-Weltgebetstag-banner-sq.jpg 1772w\" sizes=\"auto, (max-width: 300px) 100vw, 300px\" \/><\/p>\n<p>Bitte nehmen Sie an unserem Weltgebetstag der Frauen am<strong> Freitag, dem 4. M\u00e4rz 2022<\/strong> teil, einer Gebetsbewegung, die uns dazu einl\u00e4dt, unseren Glauben um die Erfahrungen von Christen in anderen L\u00e4ndern und Kulturen zu bereichern und <strong>Frauen Hoffnung zu bringen, die unter Unrecht leiden.<\/strong><\/p>\n<p>Wir wollen wir zum Gebet zusammenkommen. Wir widmen uns dem Thema:<\/p>\n<p><strong>Ich kenne meine Pl\u00e4ne, die ich f\u00fcr euch habe (Jeremia 29,11)<\/strong><\/p>\n<p>Der Gottesdienst wurde vom Weltgebetstags-Komitee in England, Wales und Nordirland konzipiert und enth\u00e4lt eine sehr gute Botschaft f\u00fcr schwierige Zeiten. Eingeladen sind alle!<\/p>\n<p>&nbsp;<\/p>\n<figure id=\"attachment_40510\" aria-describedby=\"caption-attachment-40510\" style=\"width: 300px\" class=\"wp-caption alignleft\"><img loading=\"lazy\" decoding=\"async\" class=\"wp-image-40510 size-medium\" src=\"https:\/\/martinluther.ca\/wp-content\/uploads\/2022\/02\/2022-World-Day-of-Prayer-with-art-and-theme-300x229.jpg\" alt=\"2022 World Day of Prayer with art and theme\" width=\"300\" height=\"229\" srcset=\"https:\/\/martinluther.ca\/wp-content\/uploads\/2022\/02\/2022-World-Day-of-Prayer-with-art-and-theme-300x229.jpg 300w, https:\/\/martinluther.ca\/wp-content\/uploads\/2022\/02\/2022-World-Day-of-Prayer-with-art-and-theme-768x586.jpg 768w, https:\/\/martinluther.ca\/wp-content\/uploads\/2022\/02\/2022-World-Day-of-Prayer-with-art-and-theme.jpg 837w\" sizes=\"auto, (max-width: 300px) 100vw, 300px\" \/><figcaption id=\"caption-attachment-40510\" class=\"wp-caption-text\">2022 Weltgebetstag der Frauen Kunstwerk von Angie Fox (K\u00fcnstlerin) &#8211; Erl\u00e4uterung &#8211; Freiheit: offene T\u00fcr zu einem Pfad \u00fcber eine endlose offene Aussicht. Gerechtigkeit: gebrochene Ketten Gottes. Frieden und Vergebung: Die Friedenstaube und eine Friedenslilie, die durch das Pflaster brechen. Liebe: Regenbogen, ein Symbol der allumfassenden Liebe Gottes.<\/figcaption><\/figure>\n<p><strong>11.00 Uhr Englischer Online-Gottesdienst f\u00fcr Lakeshore\/Mimico<\/strong>, veranstaltet von der Mimico Presbyterian Church. Der Inhalt wurde koordiniert vom Women\u2019s Inter-Church Council of Canada (WICC).<\/p>\n<p><strong>11.00 Uhr Deutscher Gottesdienst mit den deutschsprachigen Kirchen im Gro\u00dfraum Toronto<\/strong> in der Ersten Lutherischen Kirche Vor Ort in der Kirche und auf Zoom.<\/p>\n<p>Kontaktieren Sie das Kirchenb\u00fcro f\u00fcr den Zoom-Link.<\/p>\n<p><strong>13.00 Uhr Deutscher Online-Gottesdienst<\/strong> auf <a href=\"https:\/\/www.weltgebetstag.de\" target=\"_blank\" rel=\"noopener\">https:\/\/www.weltgebetstag.de<\/a>, koordiniert vom Internationalen Kommitee des Weltgebetstags<\/p>\n<p><strong>Programm <\/strong>geschrieben vom World Day of Prayer Committee of England, Wales &amp; Nordirland\u00a0 unter Verwendung von Jeremia 29:1-14. Inmitten all der Unsicherheiten, unter denen wir aufgrund der COVID-19-Pandemie leben, taucht das Thema 2022 wie ein Balsam der Zuversicht auf. Es ist eine Einladung, in Zeiten des Leidens unser Vertrauen auf Gott zu setzen.<\/p>\n<p><img loading=\"lazy\" decoding=\"async\" class=\"alignright size-medium wp-image-40512\" src=\"https:\/\/martinluther.ca\/wp-content\/uploads\/2022\/02\/2022-Weltgebetstag-Map-of-Northern-Ireland-email-212x300.jpg\" alt=\"2022 Weltgebetstag -Map of Northern Ireland \" width=\"212\" height=\"300\" srcset=\"https:\/\/martinluther.ca\/wp-content\/uploads\/2022\/02\/2022-Weltgebetstag-Map-of-Northern-Ireland-email-212x300.jpg 212w, https:\/\/martinluther.ca\/wp-content\/uploads\/2022\/02\/2022-Weltgebetstag-Map-of-Northern-Ireland-email-724x1024.jpg 724w, https:\/\/martinluther.ca\/wp-content\/uploads\/2022\/02\/2022-Weltgebetstag-Map-of-Northern-Ireland-email-768x1087.jpg 768w, https:\/\/martinluther.ca\/wp-content\/uploads\/2022\/02\/2022-Weltgebetstag-Map-of-Northern-Ireland-email-1086x1536.jpg 1086w, https:\/\/martinluther.ca\/wp-content\/uploads\/2022\/02\/2022-Weltgebetstag-Map-of-Northern-Ireland-email.jpg 1217w\" sizes=\"auto, (max-width: 212px) 100vw, 212px\" \/>Das Programm basiert auf dem Brief, den der Prophet Jeremia an die Verbannten in Babylonien schrieb. Die Verbannten befanden sich in einem Kontext von Leiden, Unsicherheit und gegens\u00e4tzlichen Ansichten dar\u00fcber, wie sie auf den Moment reagieren sollten. Heute kommen wir zusammen, um die Geschichten von Frauen zu h\u00f6ren, die sich ausgeschlossen f\u00fchlen, h\u00f6ren uns die Angst eines Fl\u00fcchtlingskindes an und lernen, den Kontext einer multiethnischen, multikulturellen und multireligi\u00f6sen Gesellschaft in England, Wales und Nordirland (EWNI). F\u00fcr Jeremia war Gottes Plan klar und wir teilen diese Gewissheit, indem wir ihn singen. Was ist Ihre WDP-Hoffnung? Lassen Sie sich bei Ihrer Reaktion von den Kindern und Jugendlichen leiten. Kommen Sie dann, um die Hoffnung zu feiern, indem Sie im Namen der sieben Regionen der Welt eine Kerze anz\u00fcnden, in dem Wissen, dass unser betendes Handeln die Verhei\u00dfungen Gottes zum Leben erwecken kann, der sich wie eine Mutter und ein Vater um uns alle k\u00fcmmert. Wir erhalten einen Samen der Hoffnung, um dar\u00fcber nachzudenken, wo er in unserem Leben und in unseren Gemeinschaften gepflanzt werden muss. Nutzen Sie diese Gelegenheit, um das Bewusstsein f\u00fcr die Bed\u00fcrfnisse Ihrer Gemeinde zu sch\u00e4rfen und bieten Sie die Gaben des Gebets und des Engagements an. Ein Same, gen\u00e4hrt von F\u00fcrbittengebeten und Taten der Liebe, verbindet uns auf der ganzen Welt.<\/p>\n<p>Zusammen mit unseren Schwestern aus England, Wales und Nordirland z\u00fcnden wir die Kerze an und <strong>beten<\/strong>: \u200bGott, unsere Mutter und unser Vater, Wir z\u00fcnden eine Kerze der Hoffnung an um mit all deinen Leuten zu feiern w\u00e4hrend wir beobachten und darauf warten, dass Ihre Pl\u00e4ne und Versprechungen erf\u00fcllt werden.\u200b &#8211; Laurence Gangloff, World Day of Prayer International Committee-Vorsitzende<\/p>\n<p><strong>Spenden<\/strong> Sie an den Women&#8217;s Inter-Church Council of Canada, indem Sie Schecks an 47 Queen&#8217;s Park Crescent East, Toronto, ON M5S 2C3 senden oder die Spendenschaltfl\u00e4che auf ihrer Website verwenden, <a href=\"https:\/\/wicc.org\/donations\/\" target=\"_blank\" rel=\"noopener\">https:\/\/wicc.org\/donations\/<\/a><\/p>\n<p><strong>World Day of Prayer 2022 Virtual Service produced by Women&#8217;s Inter-Church Council of Canada: <\/strong><a href=\"https:\/\/youtu.be\/lqO16Otsd6A\" target=\"_blank\" rel=\"noopener\">https:\/\/youtu.be\/lqO16Otsd6A<\/a><\/p>\n<p>A 55 minute video of the World Day of Prayer 2022 service, featuring women and men from across Canada, has been created to view at home and churches. It is based on the worship bulletin prepared by the women of England, Wales and Northern Ireland (EWNI), and then presented by the Women\u2019s Inter-Church Council of Canada.<\/p>\n<p>The video includes:<\/p>\n<p>A message from EWNI WDP Committee Members.<br \/>\nA devotional message from Rev. Jennifer Goddard-Sheppard.<br \/>\nBackground content on England, Wales and Northern Ireland.<br \/>\nPrayers, stories from women, and a Bible study based on Jeremiah 29: 1 \u2013 14.<br \/>\nTwo familiar hymns performed by a wonderful choir from Moncton, New Brunswick, especially recorded for WDP 2022.<br \/>\nA children\u2019s story and song performed by Linnea Good from B.C.<br \/>\nA liturgical dance to a beloved Irish hymn.<br \/>\nAn opportunity to reflect.<br \/>\nAn opportunity to donate.<br \/>\nPictures from 2021 WDP services and celebrations across Canada.<\/p>\n","protected":false},"excerpt":{"rendered":"<p>Bitte nehmen Sie an unserem Weltgebetstag der Frauen am Freitag, dem 4. M\u00e4rz 2022 teil, einer Gebetsbewegung, die uns dazu einl\u00e4dt, unseren Glauben um die Erfahrungen von Christen in anderen L\u00e4ndern und Kulturen zu bereichern und Frauen Hoffnung zu bringen, die unter Unrecht leiden. Wir wollen wir zum Gebet zusammenkommen. Wir widmen uns dem Thema:&hellip;<\/p>\n","protected":false},"author":9,"featured_media":40514,"comment_status":"closed","ping_status":"closed","sticky":false,"template":"","format":"standard","meta":{"footnotes":""},"categories":[69],"tags":[],"post_series":[],"class_list":["post-40518","post","type-post","status-publish","format-standard","has-post-thumbnail","hentry","category-news-blog-german","entry","has-media"],"yoast_head":"<!-- This site is optimized with the Yoast SEO plugin v27.5 - https:\/\/yoast.com\/product\/yoast-seo-wordpress\/ -->\n<title>Weltgebetstag der Frauen- England, Wales und Nordirland, 4. M\u00e4rz 2022 um 11.00 Uhr auf Zoom - Martin Luther Evangelische Kirche Toronto<\/title>\n<meta name=\"robots\" content=\"index, follow, max-snippet:-1, max-image-preview:large, max-video-preview:-1\" \/>\n<link rel=\"canonical\" href=\"https:\/\/martinluther.ca\/2022\/02\/world-day-of-prayer-england-wales-and-northern-ireland-friday-march-4-at-1100-am-on-zoom\/\" \/>\n<meta property=\"og:locale\" content=\"de_DE\" \/>\n<meta property=\"og:type\" content=\"article\" \/>\n<meta property=\"og:title\" content=\"Weltgebetstag der Frauen- England, Wales und Nordirland, 4. M\u00e4rz 2022 um 11.00 Uhr auf Zoom - Martin Luther Evangelische Kirche Toronto\" \/>\n<meta property=\"og:description\" content=\"Bitte nehmen Sie an unserem Weltgebetstag der Frauen am Freitag, dem 4. M\u00e4rz 2022 teil, einer Gebetsbewegung, die uns dazu einl\u00e4dt, unseren Glauben um die Erfahrungen von Christen in anderen L\u00e4ndern und Kulturen zu bereichern und Frauen Hoffnung zu bringen, die unter Unrecht leiden. Wir wollen wir zum Gebet zusammenkommen. Wir widmen uns dem Thema:&hellip;\" \/>\n<meta property=\"og:url\" content=\"https:\/\/martinluther.ca\/2022\/02\/world-day-of-prayer-england-wales-and-northern-ireland-friday-march-4-at-1100-am-on-zoom\/\" \/>\n<meta property=\"og:site_name\" content=\"Martin Luther Evangelische Kirche Toronto\" \/>\n<meta property=\"article:publisher\" content=\"https:\/\/www.facebook.com\/martinlutherchurchtoronto\" \/>\n<meta property=\"article:published_time\" content=\"2022-02-21T17:27:15+00:00\" \/>\n<meta property=\"article:modified_time\" content=\"2022-02-21T17:28:28+00:00\" \/>\n<meta property=\"og:image\" content=\"https:\/\/martinluther.ca\/wp-content\/uploads\/2022\/02\/2022-Weltgebetstag-banner-sq.jpg\" \/>\n\t<meta property=\"og:image:width\" content=\"1772\" \/>\n\t<meta property=\"og:image:height\" content=\"1772\" \/>\n\t<meta property=\"og:image:type\" content=\"image\/jpeg\" \/>\n<meta name=\"author\" content=\"Mona Kakoschke Frantzke\" \/>\n<meta name=\"twitter:card\" content=\"summary_large_image\" \/>\n<meta name=\"twitter:label1\" content=\"Verfasst von\" \/>\n\t<meta name=\"twitter:data1\" content=\"Mona Kakoschke Frantzke\" \/>\n\t<meta name=\"twitter:label2\" content=\"Gesch\u00e4tzte Lesezeit\" \/>\n\t<meta name=\"twitter:data2\" content=\"4\u00a0Minuten\" \/>\n<script type=\"application\/ld+json\" class=\"yoast-schema-graph\">{\"@context\":\"https:\\\/\\\/schema.org\",\"@graph\":[{\"@type\":\"Article\",\"@id\":\"https:\\\/\\\/martinluther.ca\\\/2022\\\/02\\\/world-day-of-prayer-england-wales-and-northern-ireland-friday-march-4-at-1100-am-on-zoom\\\/#article\",\"isPartOf\":{\"@id\":\"https:\\\/\\\/martinluther.ca\\\/2022\\\/02\\\/world-day-of-prayer-england-wales-and-northern-ireland-friday-march-4-at-1100-am-on-zoom\\\/\"},\"author\":{\"name\":\"Mona Kakoschke Frantzke\",\"@id\":\"https:\\\/\\\/martinluther.ca\\\/de\\\/#\\\/schema\\\/person\\\/815c51710f70b050f0476f18da6b0c8f\"},\"headline\":\"Weltgebetstag der Frauen- England, Wales und Nordirland, 4. M\u00e4rz 2022 um 11.00 Uhr auf Zoom\",\"datePublished\":\"2022-02-21T17:27:15+00:00\",\"dateModified\":\"2022-02-21T17:28:28+00:00\",\"mainEntityOfPage\":{\"@id\":\"https:\\\/\\\/martinluther.ca\\\/2022\\\/02\\\/world-day-of-prayer-england-wales-and-northern-ireland-friday-march-4-at-1100-am-on-zoom\\\/\"},\"wordCount\":783,\"publisher\":{\"@id\":\"https:\\\/\\\/martinluther.ca\\\/de\\\/#organization\"},\"image\":{\"@id\":\"https:\\\/\\\/martinluther.ca\\\/2022\\\/02\\\/world-day-of-prayer-england-wales-and-northern-ireland-friday-march-4-at-1100-am-on-zoom\\\/#primaryimage\"},\"thumbnailUrl\":\"https:\\\/\\\/martinluther.ca\\\/wp-content\\\/uploads\\\/2022\\\/02\\\/2022-Weltgebetstag-banner-sq.jpg\",\"articleSection\":[\"News Blog - German\"],\"inLanguage\":\"de\"},{\"@type\":\"WebPage\",\"@id\":\"https:\\\/\\\/martinluther.ca\\\/2022\\\/02\\\/world-day-of-prayer-england-wales-and-northern-ireland-friday-march-4-at-1100-am-on-zoom\\\/\",\"url\":\"https:\\\/\\\/martinluther.ca\\\/2022\\\/02\\\/world-day-of-prayer-england-wales-and-northern-ireland-friday-march-4-at-1100-am-on-zoom\\\/\",\"name\":\"Weltgebetstag der Frauen- England, Wales und Nordirland, 4. M\u00e4rz 2022 um 11.00 Uhr auf Zoom - Martin Luther Evangelische Kirche Toronto\",\"isPartOf\":{\"@id\":\"https:\\\/\\\/martinluther.ca\\\/de\\\/#website\"},\"primaryImageOfPage\":{\"@id\":\"https:\\\/\\\/martinluther.ca\\\/2022\\\/02\\\/world-day-of-prayer-england-wales-and-northern-ireland-friday-march-4-at-1100-am-on-zoom\\\/#primaryimage\"},\"image\":{\"@id\":\"https:\\\/\\\/martinluther.ca\\\/2022\\\/02\\\/world-day-of-prayer-england-wales-and-northern-ireland-friday-march-4-at-1100-am-on-zoom\\\/#primaryimage\"},\"thumbnailUrl\":\"https:\\\/\\\/martinluther.ca\\\/wp-content\\\/uploads\\\/2022\\\/02\\\/2022-Weltgebetstag-banner-sq.jpg\",\"datePublished\":\"2022-02-21T17:27:15+00:00\",\"dateModified\":\"2022-02-21T17:28:28+00:00\",\"breadcrumb\":{\"@id\":\"https:\\\/\\\/martinluther.ca\\\/2022\\\/02\\\/world-day-of-prayer-england-wales-and-northern-ireland-friday-march-4-at-1100-am-on-zoom\\\/#breadcrumb\"},\"inLanguage\":\"de\",\"potentialAction\":[{\"@type\":\"ReadAction\",\"target\":[\"https:\\\/\\\/martinluther.ca\\\/2022\\\/02\\\/world-day-of-prayer-england-wales-and-northern-ireland-friday-march-4-at-1100-am-on-zoom\\\/\"]}]},{\"@type\":\"ImageObject\",\"inLanguage\":\"de\",\"@id\":\"https:\\\/\\\/martinluther.ca\\\/2022\\\/02\\\/world-day-of-prayer-england-wales-and-northern-ireland-friday-march-4-at-1100-am-on-zoom\\\/#primaryimage\",\"url\":\"https:\\\/\\\/martinluther.ca\\\/wp-content\\\/uploads\\\/2022\\\/02\\\/2022-Weltgebetstag-banner-sq.jpg\",\"contentUrl\":\"https:\\\/\\\/martinluther.ca\\\/wp-content\\\/uploads\\\/2022\\\/02\\\/2022-Weltgebetstag-banner-sq.jpg\",\"width\":1772,\"height\":1772,\"caption\":\"2022 Weltgebetstag banner sq\"},{\"@type\":\"BreadcrumbList\",\"@id\":\"https:\\\/\\\/martinluther.ca\\\/2022\\\/02\\\/world-day-of-prayer-england-wales-and-northern-ireland-friday-march-4-at-1100-am-on-zoom\\\/#breadcrumb\",\"itemListElement\":[{\"@type\":\"ListItem\",\"position\":1,\"name\":\"Home\",\"item\":\"https:\\\/\\\/martinluther.ca\\\/de\\\/\"},{\"@type\":\"ListItem\",\"position\":2,\"name\":\"Weltgebetstag der Frauen- England, Wales und Nordirland, 4. M\u00e4rz 2022 um 11.00 Uhr auf Zoom\"}]},{\"@type\":\"WebSite\",\"@id\":\"https:\\\/\\\/martinluther.ca\\\/de\\\/#website\",\"url\":\"https:\\\/\\\/martinluther.ca\\\/de\\\/\",\"name\":\"Martin Luther Evangelical Church Toronto\",\"description\":\"Deutsch &amp; Englisch\",\"publisher\":{\"@id\":\"https:\\\/\\\/martinluther.ca\\\/de\\\/#organization\"},\"potentialAction\":[{\"@type\":\"SearchAction\",\"target\":{\"@type\":\"EntryPoint\",\"urlTemplate\":\"https:\\\/\\\/martinluther.ca\\\/de\\\/?s={search_term_string}\"},\"query-input\":{\"@type\":\"PropertyValueSpecification\",\"valueRequired\":true,\"valueName\":\"search_term_string\"}}],\"inLanguage\":\"de\"},{\"@type\":\"Organization\",\"@id\":\"https:\\\/\\\/martinluther.ca\\\/de\\\/#organization\",\"name\":\"Martin Luther Evangelical Church Toronto\",\"url\":\"https:\\\/\\\/martinluther.ca\\\/de\\\/\",\"logo\":{\"@type\":\"ImageObject\",\"inLanguage\":\"de\",\"@id\":\"https:\\\/\\\/martinluther.ca\\\/de\\\/#\\\/schema\\\/logo\\\/image\\\/\",\"url\":\"https:\\\/\\\/martinluther.ca\\\/wp-content\\\/uploads\\\/2016\\\/12\\\/ml-logo-300.png\",\"contentUrl\":\"https:\\\/\\\/martinluther.ca\\\/wp-content\\\/uploads\\\/2016\\\/12\\\/ml-logo-300.png\",\"width\":300,\"height\":150,\"caption\":\"Martin Luther Evangelical Church Toronto\"},\"image\":{\"@id\":\"https:\\\/\\\/martinluther.ca\\\/de\\\/#\\\/schema\\\/logo\\\/image\\\/\"},\"sameAs\":[\"https:\\\/\\\/www.facebook.com\\\/martinlutherchurchtoronto\",\"https:\\\/\\\/www.instagram.com\\\/lutheransbythelake\\\/\",\"https:\\\/\\\/www.youtube.com\\\/MartinLutherChurchToronto\"]},{\"@type\":\"Person\",\"@id\":\"https:\\\/\\\/martinluther.ca\\\/de\\\/#\\\/schema\\\/person\\\/815c51710f70b050f0476f18da6b0c8f\",\"name\":\"Mona Kakoschke Frantzke\",\"image\":{\"@type\":\"ImageObject\",\"inLanguage\":\"de\",\"@id\":\"https:\\\/\\\/secure.gravatar.com\\\/avatar\\\/0deb16854ca545cd2e9fc8001ca110d262b80d5c8317b38dc542265fbea0ed19?s=96&d=mm&r=g\",\"url\":\"https:\\\/\\\/secure.gravatar.com\\\/avatar\\\/0deb16854ca545cd2e9fc8001ca110d262b80d5c8317b38dc542265fbea0ed19?s=96&d=mm&r=g\",\"contentUrl\":\"https:\\\/\\\/secure.gravatar.com\\\/avatar\\\/0deb16854ca545cd2e9fc8001ca110d262b80d5c8317b38dc542265fbea0ed19?s=96&d=mm&r=g\",\"caption\":\"Mona Kakoschke Frantzke\"},\"url\":false}]}<\/script>\n<!-- \/ Yoast SEO plugin. -->","yoast_head_json":{"title":"Weltgebetstag der Frauen- England, Wales und Nordirland, 4. M\u00e4rz 2022 um 11.00 Uhr auf Zoom - Martin Luther Evangelische Kirche Toronto","robots":{"index":"index","follow":"follow","max-snippet":"max-snippet:-1","max-image-preview":"max-image-preview:large","max-video-preview":"max-video-preview:-1"},"canonical":"https:\/\/martinluther.ca\/2022\/02\/world-day-of-prayer-england-wales-and-northern-ireland-friday-march-4-at-1100-am-on-zoom\/","og_locale":"de_DE","og_type":"article","og_title":"Weltgebetstag der Frauen- England, Wales und Nordirland, 4. M\u00e4rz 2022 um 11.00 Uhr auf Zoom - Martin Luther Evangelische Kirche Toronto","og_description":"Bitte nehmen Sie an unserem Weltgebetstag der Frauen am Freitag, dem 4. M\u00e4rz 2022 teil, einer Gebetsbewegung, die uns dazu einl\u00e4dt, unseren Glauben um die Erfahrungen von Christen in anderen L\u00e4ndern und Kulturen zu bereichern und Frauen Hoffnung zu bringen, die unter Unrecht leiden. Wir wollen wir zum Gebet zusammenkommen. Wir widmen uns dem Thema:&hellip;","og_url":"https:\/\/martinluther.ca\/2022\/02\/world-day-of-prayer-england-wales-and-northern-ireland-friday-march-4-at-1100-am-on-zoom\/","og_site_name":"Martin Luther Evangelische Kirche Toronto","article_publisher":"https:\/\/www.facebook.com\/martinlutherchurchtoronto","article_published_time":"2022-02-21T17:27:15+00:00","article_modified_time":"2022-02-21T17:28:28+00:00","og_image":[{"width":1772,"height":1772,"url":"https:\/\/martinluther.ca\/wp-content\/uploads\/2022\/02\/2022-Weltgebetstag-banner-sq.jpg","type":"image\/jpeg"}],"author":"Mona Kakoschke Frantzke","twitter_card":"summary_large_image","twitter_misc":{"Verfasst von":"Mona Kakoschke Frantzke","Gesch\u00e4tzte Lesezeit":"4\u00a0Minuten"},"schema":{"@context":"https:\/\/schema.org","@graph":[{"@type":"Article","@id":"https:\/\/martinluther.ca\/2022\/02\/world-day-of-prayer-england-wales-and-northern-ireland-friday-march-4-at-1100-am-on-zoom\/#article","isPartOf":{"@id":"https:\/\/martinluther.ca\/2022\/02\/world-day-of-prayer-england-wales-and-northern-ireland-friday-march-4-at-1100-am-on-zoom\/"},"author":{"name":"Mona Kakoschke Frantzke","@id":"https:\/\/martinluther.ca\/de\/#\/schema\/person\/815c51710f70b050f0476f18da6b0c8f"},"headline":"Weltgebetstag der Frauen- England, Wales und Nordirland, 4. M\u00e4rz 2022 um 11.00 Uhr auf Zoom","datePublished":"2022-02-21T17:27:15+00:00","dateModified":"2022-02-21T17:28:28+00:00","mainEntityOfPage":{"@id":"https:\/\/martinluther.ca\/2022\/02\/world-day-of-prayer-england-wales-and-northern-ireland-friday-march-4-at-1100-am-on-zoom\/"},"wordCount":783,"publisher":{"@id":"https:\/\/martinluther.ca\/de\/#organization"},"image":{"@id":"https:\/\/martinluther.ca\/2022\/02\/world-day-of-prayer-england-wales-and-northern-ireland-friday-march-4-at-1100-am-on-zoom\/#primaryimage"},"thumbnailUrl":"https:\/\/martinluther.ca\/wp-content\/uploads\/2022\/02\/2022-Weltgebetstag-banner-sq.jpg","articleSection":["News Blog - German"],"inLanguage":"de"},{"@type":"WebPage","@id":"https:\/\/martinluther.ca\/2022\/02\/world-day-of-prayer-england-wales-and-northern-ireland-friday-march-4-at-1100-am-on-zoom\/","url":"https:\/\/martinluther.ca\/2022\/02\/world-day-of-prayer-england-wales-and-northern-ireland-friday-march-4-at-1100-am-on-zoom\/","name":"Weltgebetstag der Frauen- England, Wales und Nordirland, 4. M\u00e4rz 2022 um 11.00 Uhr auf Zoom - Martin Luther Evangelische Kirche Toronto","isPartOf":{"@id":"https:\/\/martinluther.ca\/de\/#website"},"primaryImageOfPage":{"@id":"https:\/\/martinluther.ca\/2022\/02\/world-day-of-prayer-england-wales-and-northern-ireland-friday-march-4-at-1100-am-on-zoom\/#primaryimage"},"image":{"@id":"https:\/\/martinluther.ca\/2022\/02\/world-day-of-prayer-england-wales-and-northern-ireland-friday-march-4-at-1100-am-on-zoom\/#primaryimage"},"thumbnailUrl":"https:\/\/martinluther.ca\/wp-content\/uploads\/2022\/02\/2022-Weltgebetstag-banner-sq.jpg","datePublished":"2022-02-21T17:27:15+00:00","dateModified":"2022-02-21T17:28:28+00:00","breadcrumb":{"@id":"https:\/\/martinluther.ca\/2022\/02\/world-day-of-prayer-england-wales-and-northern-ireland-friday-march-4-at-1100-am-on-zoom\/#breadcrumb"},"inLanguage":"de","potentialAction":[{"@type":"ReadAction","target":["https:\/\/martinluther.ca\/2022\/02\/world-day-of-prayer-england-wales-and-northern-ireland-friday-march-4-at-1100-am-on-zoom\/"]}]},{"@type":"ImageObject","inLanguage":"de","@id":"https:\/\/martinluther.ca\/2022\/02\/world-day-of-prayer-england-wales-and-northern-ireland-friday-march-4-at-1100-am-on-zoom\/#primaryimage","url":"https:\/\/martinluther.ca\/wp-content\/uploads\/2022\/02\/2022-Weltgebetstag-banner-sq.jpg","contentUrl":"https:\/\/martinluther.ca\/wp-content\/uploads\/2022\/02\/2022-Weltgebetstag-banner-sq.jpg","width":1772,"height":1772,"caption":"2022 Weltgebetstag banner sq"},{"@type":"BreadcrumbList","@id":"https:\/\/martinluther.ca\/2022\/02\/world-day-of-prayer-england-wales-and-northern-ireland-friday-march-4-at-1100-am-on-zoom\/#breadcrumb","itemListElement":[{"@type":"ListItem","position":1,"name":"Home","item":"https:\/\/martinluther.ca\/de\/"},{"@type":"ListItem","position":2,"name":"Weltgebetstag der Frauen- England, Wales und Nordirland, 4. M\u00e4rz 2022 um 11.00 Uhr auf Zoom"}]},{"@type":"WebSite","@id":"https:\/\/martinluther.ca\/de\/#website","url":"https:\/\/martinluther.ca\/de\/","name":"Martin Luther Evangelical Church Toronto","description":"Deutsch &amp; Englisch","publisher":{"@id":"https:\/\/martinluther.ca\/de\/#organization"},"potentialAction":[{"@type":"SearchAction","target":{"@type":"EntryPoint","urlTemplate":"https:\/\/martinluther.ca\/de\/?s={search_term_string}"},"query-input":{"@type":"PropertyValueSpecification","valueRequired":true,"valueName":"search_term_string"}}],"inLanguage":"de"},{"@type":"Organization","@id":"https:\/\/martinluther.ca\/de\/#organization","name":"Martin Luther Evangelical Church Toronto","url":"https:\/\/martinluther.ca\/de\/","logo":{"@type":"ImageObject","inLanguage":"de","@id":"https:\/\/martinluther.ca\/de\/#\/schema\/logo\/image\/","url":"https:\/\/martinluther.ca\/wp-content\/uploads\/2016\/12\/ml-logo-300.png","contentUrl":"https:\/\/martinluther.ca\/wp-content\/uploads\/2016\/12\/ml-logo-300.png","width":300,"height":150,"caption":"Martin Luther Evangelical Church Toronto"},"image":{"@id":"https:\/\/martinluther.ca\/de\/#\/schema\/logo\/image\/"},"sameAs":["https:\/\/www.facebook.com\/martinlutherchurchtoronto","https:\/\/www.instagram.com\/lutheransbythelake\/","https:\/\/www.youtube.com\/MartinLutherChurchToronto"]},{"@type":"Person","@id":"https:\/\/martinluther.ca\/de\/#\/schema\/person\/815c51710f70b050f0476f18da6b0c8f","name":"Mona Kakoschke Frantzke","image":{"@type":"ImageObject","inLanguage":"de","@id":"https:\/\/secure.gravatar.com\/avatar\/0deb16854ca545cd2e9fc8001ca110d262b80d5c8317b38dc542265fbea0ed19?s=96&d=mm&r=g","url":"https:\/\/secure.gravatar.com\/avatar\/0deb16854ca545cd2e9fc8001ca110d262b80d5c8317b38dc542265fbea0ed19?s=96&d=mm&r=g","contentUrl":"https:\/\/secure.gravatar.com\/avatar\/0deb16854ca545cd2e9fc8001ca110d262b80d5c8317b38dc542265fbea0ed19?s=96&d=mm&r=g","caption":"Mona Kakoschke Frantzke"},"url":false}]}},"_links":{"self":[{"href":"https:\/\/martinluther.ca\/de\/wp-json\/wp\/v2\/posts\/40518","targetHints":{"allow":["GET"]}}],"collection":[{"href":"https:\/\/martinluther.ca\/de\/wp-json\/wp\/v2\/posts"}],"about":[{"href":"https:\/\/martinluther.ca\/de\/wp-json\/wp\/v2\/types\/post"}],"author":[{"embeddable":true,"href":"https:\/\/martinluther.ca\/de\/wp-json\/wp\/v2\/users\/9"}],"replies":[{"embeddable":true,"href":"https:\/\/martinluther.ca\/de\/wp-json\/wp\/v2\/comments?post=40518"}],"version-history":[{"count":7,"href":"https:\/\/martinluther.ca\/de\/wp-json\/wp\/v2\/posts\/40518\/revisions"}],"predecessor-version":[{"id":40564,"href":"https:\/\/martinluther.ca\/de\/wp-json\/wp\/v2\/posts\/40518\/revisions\/40564"}],"wp:featuredmedia":[{"embeddable":true,"href":"https:\/\/martinluther.ca\/de\/wp-json\/wp\/v2\/media\/40514"}],"wp:attachment":[{"href":"https:\/\/martinluther.ca\/de\/wp-json\/wp\/v2\/media?parent=40518"}],"wp:term":[{"taxonomy":"category","embeddable":true,"href":"https:\/\/martinluther.ca\/de\/wp-json\/wp\/v2\/categories?post=40518"},{"taxonomy":"post_tag","embeddable":true,"href":"https:\/\/martinluther.ca\/de\/wp-json\/wp\/v2\/tags?post=40518"},{"taxonomy":"post_series","embeddable":true,"href":"https:\/\/martinluther.ca\/de\/wp-json\/wp\/v2\/post_series?post=40518"}],"curies":[{"name":"wp","href":"https:\/\/api.w.org\/{rel}","templated":true}]}}