{"id":40571,"date":"2022-02-23T17:31:54","date_gmt":"2022-02-23T22:31:54","guid":{"rendered":"https:\/\/martinluther.ca\/?p=40571"},"modified":"2022-02-23T17:32:25","modified_gmt":"2022-02-23T22:32:25","slug":"pastorin-klapperts-von-der-bibelstunde-inspirierte-andacht","status":"publish","type":"post","link":"https:\/\/martinluther.ca\/de\/2022\/02\/pastorin-klapperts-von-der-bibelstunde-inspirierte-andacht\/","title":{"rendered":"Pastorin Klapperts von der Bibelstunde inspirierte Andacht"},"content":{"rendered":"<p>Wie haben Sie die ersten zwei Monate des neuen Jahres erlebt? In Gespr\u00e4chen h\u00f6rte ich in letzter Zeit oft, dass Menschen m\u00fcde sind und im Halb-Lockdown nach Weihnachten Motivationsschwierigkeiten hatten \u2013 mir ging es auch nicht anders, als ich nach meiner Coviderkrankung (die zum Gl\u00fcck milde verlief) im Januar wieder in den Dienst zur\u00fcckgekehrt bin. Was mir gerade gut tut, ist in der Bibelstunde \u00fcber Zoom mit anderen zusammen \u00fcber die Predigttexte der Woche zu sprechen und zu schauen, welche Nachricht f\u00fcr uns pers\u00f6nlich und f\u00fcr uns als Gemeinde darin enthalten ist.<\/p>\n<p>Da ist zum Beispiel in der ersten Predigt Jesu in einer Synagoge seiner Heimatstadt, die er als gl\u00e4ubiger Jude regelm\u00e4\u00dfig besuchte. Er bezieht eine alte Prophezeihung des Jesaja auf sich selbst (Lk 4,18-19):<br \/>\n\u00bbDer Geist des Herrn ist auf mir, weil er mich gesalbt hat und gesandt, zu verk\u00fcndigen das Evangelium den Armen, zu predigen den Gefangenen, dass sie frei sein sollen, und den Blinden, dass sie sehen sollen, und die Zerschlagenen zu entlassen in die Freiheit und zu verk\u00fcndigen das Gnadenjahr des Herrn.\u00ab<\/p>\n<p>Auch in seinen weiteren Reden und den Begegnungen und Wundern, die ihnen folgen, macht er seinen Auftrag unmissverst\u00e4ndlich klar: Bei ihm und denen, die ihm nachfolgen sollen, die im Fokus stehen, denen es nicht gut geht, die sozial benachteiligt sind, die leiden unter dem Machtmissbrauch und der Unterdr\u00fcckung durch andere.<\/p>\n<p>Die Reaktionen darauf reichen bei den Zuh\u00f6renden von Verwunderung und Begeisterung bis hin zur Irritation und Zorn. Jesus l\u00e4sst sich trotzdem nicht von seiner Mission abhalten und fordert auch seine eigenen Leute heraus, zum Beispiel den Fischer Petrus, wenn er sagt:<br \/>\nFahre hinaus, wo es tief ist, und werft eure Netze zum Fang aus! Und Simon antwortete und sprach: Meister, wir haben die ganze Nacht gearbeitet und nichts gefangen; aber auf dein Wort hin will ich die Netze auswerfen (Lk 5,4-5).<\/p>\n<p><a href=\"https:\/\/martinluther.ca\/wp-content\/uploads\/2022\/02\/Catching-fish.jpg\"><img loading=\"lazy\" decoding=\"async\" class=\"alignright size-medium wp-image-40569\" src=\"https:\/\/martinluther.ca\/wp-content\/uploads\/2022\/02\/Catching-fish-300x200.jpg\" alt=\"\" width=\"300\" height=\"200\" srcset=\"https:\/\/martinluther.ca\/wp-content\/uploads\/2022\/02\/Catching-fish-300x200.jpg 300w, https:\/\/martinluther.ca\/wp-content\/uploads\/2022\/02\/Catching-fish-1024x683.jpg 1024w, https:\/\/martinluther.ca\/wp-content\/uploads\/2022\/02\/Catching-fish-768x512.jpg 768w, https:\/\/martinluther.ca\/wp-content\/uploads\/2022\/02\/Catching-fish-1536x1024.jpg 1536w, https:\/\/martinluther.ca\/wp-content\/uploads\/2022\/02\/Catching-fish.jpg 1920w\" sizes=\"auto, (max-width: 300px) 100vw, 300px\" \/><\/a>Das Ende der Szene steht ihnen vermutlich bildreich vor Augen, die fast berstenden Netze, die vielen H\u00e4nde und anderen Boote, die es braucht, um diesen enormen Fang einzuholen gekoppelt mit der Zusage Jesu an Petrus: Von nun an sollst du Menschen fischen! (Lk 5, 10)<\/p>\n<p>Ein solches Bild scheint f\u00fcr uns derzeit fast utopisch, die Menge der Fische als Symbol f\u00fcr die vielen Menschen, die das Evangelium erreichen wird. Unsere Erfahrung aus einer Situation der andauernden Einschr\u00e4nkungen und reduzierten Kontaktm\u00f6glichkeiten sagt uns gerade vielleicht etwas anderes. Ich hoffe, dass wir trotz des Gef\u00fchls von Frust und vergebener Anstrengung, das uns in dieser Pandemie zum Begleiter geworden ist, den Mut finden zu sagen \u201eauf dein Wort hin\u201d werfe ich meine Netze noch einmal aus, scheue die Tiefen nicht, suche abseits meiner Erfahrung und Expertise nach heilsamen Erlebnissen f\u00fcr mich und andere. M\u00f6gen wir auch als Gemeinde vertrauensvoll zu dieser Haltung finden, um durch die Pandemie hindurch unsere Gemeinschaft zu st\u00e4rken. Damit auch wir reichen Fang machen k\u00f6nnen in unseren Herzen, wenn wir die frohe Botschaft in Wort und Tat weitertragen auf Weisen, die wir jetzt noch nicht kennen: Selig seid ihr Armen; denn das Reich Gottes ist euer. Selig seid ihr, die ihr jetzt hungert; denn ihr sollt satt werden. Selig seid ihr, die ihr jetzt weint; denn ihr werdet lachen (Lk 6,20-21).<\/p>\n<p>Ihre Pastorin Annika Klappert<\/p>\n","protected":false},"excerpt":{"rendered":"<p>Wie haben Sie die ersten zwei Monate des neuen Jahres erlebt? In Gespr\u00e4chen h\u00f6rte ich in letzter Zeit oft, dass Menschen m\u00fcde sind und im Halb-Lockdown nach Weihnachten Motivationsschwierigkeiten hatten \u2013 mir ging es auch nicht anders, als ich nach meiner Coviderkrankung (die zum Gl\u00fcck milde verlief) im Januar wieder in den Dienst zur\u00fcckgekehrt bin.&hellip;<\/p>\n","protected":false},"author":8,"featured_media":40569,"comment_status":"closed","ping_status":"closed","sticky":false,"template":"","format":"standard","meta":{"footnotes":""},"categories":[69],"tags":[],"post_series":[],"class_list":["post-40571","post","type-post","status-publish","format-standard","has-post-thumbnail","hentry","category-news-blog-german","entry","has-media"],"yoast_head":"<!-- This site is optimized with the Yoast SEO plugin v27.5 - https:\/\/yoast.com\/product\/yoast-seo-wordpress\/ -->\n<title>Pastorin Klapperts von der Bibelstunde inspirierte Andacht - Martin Luther Evangelische Kirche Toronto<\/title>\n<meta name=\"robots\" content=\"index, follow, max-snippet:-1, max-image-preview:large, max-video-preview:-1\" \/>\n<link rel=\"canonical\" href=\"https:\/\/martinluther.ca\/de\/2022\/02\/pastorin-klapperts-von-der-bibelstunde-inspirierte-andacht\/\" \/>\n<meta property=\"og:locale\" content=\"de_DE\" \/>\n<meta property=\"og:type\" content=\"article\" \/>\n<meta property=\"og:title\" content=\"Pastorin Klapperts von der Bibelstunde inspirierte Andacht - Martin Luther Evangelische Kirche Toronto\" \/>\n<meta property=\"og:description\" content=\"Wie haben Sie die ersten zwei Monate des neuen Jahres erlebt? In Gespr\u00e4chen h\u00f6rte ich in letzter Zeit oft, dass Menschen m\u00fcde sind und im Halb-Lockdown nach Weihnachten Motivationsschwierigkeiten hatten \u2013 mir ging es auch nicht anders, als ich nach meiner Coviderkrankung (die zum Gl\u00fcck milde verlief) im Januar wieder in den Dienst zur\u00fcckgekehrt bin.&hellip;\" \/>\n<meta property=\"og:url\" content=\"https:\/\/martinluther.ca\/de\/2022\/02\/pastorin-klapperts-von-der-bibelstunde-inspirierte-andacht\/\" \/>\n<meta property=\"og:site_name\" content=\"Martin Luther Evangelische Kirche Toronto\" \/>\n<meta property=\"article:publisher\" content=\"https:\/\/www.facebook.com\/martinlutherchurchtoronto\" \/>\n<meta property=\"article:published_time\" content=\"2022-02-23T22:31:54+00:00\" \/>\n<meta property=\"article:modified_time\" content=\"2022-02-23T22:32:25+00:00\" \/>\n<meta property=\"og:image\" content=\"https:\/\/martinluther.ca\/wp-content\/uploads\/2022\/02\/Catching-fish.jpg\" \/>\n\t<meta property=\"og:image:width\" content=\"1920\" \/>\n\t<meta property=\"og:image:height\" content=\"1280\" \/>\n\t<meta property=\"og:image:type\" content=\"image\/jpeg\" \/>\n<meta name=\"author\" content=\"Marlena Muller\" \/>\n<meta name=\"twitter:card\" content=\"summary_large_image\" \/>\n<meta name=\"twitter:label1\" content=\"Verfasst von\" \/>\n\t<meta name=\"twitter:data1\" content=\"Marlena Muller\" \/>\n\t<meta name=\"twitter:label2\" content=\"Gesch\u00e4tzte Lesezeit\" \/>\n\t<meta name=\"twitter:data2\" content=\"3\u00a0Minuten\" \/>\n<script type=\"application\/ld+json\" class=\"yoast-schema-graph\">{\"@context\":\"https:\\\/\\\/schema.org\",\"@graph\":[{\"@type\":\"Article\",\"@id\":\"https:\\\/\\\/martinluther.ca\\\/de\\\/2022\\\/02\\\/pastorin-klapperts-von-der-bibelstunde-inspirierte-andacht\\\/#article\",\"isPartOf\":{\"@id\":\"https:\\\/\\\/martinluther.ca\\\/de\\\/2022\\\/02\\\/pastorin-klapperts-von-der-bibelstunde-inspirierte-andacht\\\/\"},\"author\":{\"name\":\"Marlena Muller\",\"@id\":\"https:\\\/\\\/martinluther.ca\\\/de\\\/#\\\/schema\\\/person\\\/ef4e825f5d9d6fd740bbd7813710e15d\"},\"headline\":\"Pastorin Klapperts von der Bibelstunde inspirierte Andacht\",\"datePublished\":\"2022-02-23T22:31:54+00:00\",\"dateModified\":\"2022-02-23T22:32:25+00:00\",\"mainEntityOfPage\":{\"@id\":\"https:\\\/\\\/martinluther.ca\\\/de\\\/2022\\\/02\\\/pastorin-klapperts-von-der-bibelstunde-inspirierte-andacht\\\/\"},\"wordCount\":563,\"publisher\":{\"@id\":\"https:\\\/\\\/martinluther.ca\\\/de\\\/#organization\"},\"image\":{\"@id\":\"https:\\\/\\\/martinluther.ca\\\/de\\\/2022\\\/02\\\/pastorin-klapperts-von-der-bibelstunde-inspirierte-andacht\\\/#primaryimage\"},\"thumbnailUrl\":\"https:\\\/\\\/martinluther.ca\\\/wp-content\\\/uploads\\\/2022\\\/02\\\/Catching-fish.jpg\",\"articleSection\":[\"News Blog - German\"],\"inLanguage\":\"de\"},{\"@type\":\"WebPage\",\"@id\":\"https:\\\/\\\/martinluther.ca\\\/de\\\/2022\\\/02\\\/pastorin-klapperts-von-der-bibelstunde-inspirierte-andacht\\\/\",\"url\":\"https:\\\/\\\/martinluther.ca\\\/de\\\/2022\\\/02\\\/pastorin-klapperts-von-der-bibelstunde-inspirierte-andacht\\\/\",\"name\":\"Pastorin Klapperts von der Bibelstunde inspirierte Andacht - Martin Luther Evangelische Kirche Toronto\",\"isPartOf\":{\"@id\":\"https:\\\/\\\/martinluther.ca\\\/de\\\/#website\"},\"primaryImageOfPage\":{\"@id\":\"https:\\\/\\\/martinluther.ca\\\/de\\\/2022\\\/02\\\/pastorin-klapperts-von-der-bibelstunde-inspirierte-andacht\\\/#primaryimage\"},\"image\":{\"@id\":\"https:\\\/\\\/martinluther.ca\\\/de\\\/2022\\\/02\\\/pastorin-klapperts-von-der-bibelstunde-inspirierte-andacht\\\/#primaryimage\"},\"thumbnailUrl\":\"https:\\\/\\\/martinluther.ca\\\/wp-content\\\/uploads\\\/2022\\\/02\\\/Catching-fish.jpg\",\"datePublished\":\"2022-02-23T22:31:54+00:00\",\"dateModified\":\"2022-02-23T22:32:25+00:00\",\"breadcrumb\":{\"@id\":\"https:\\\/\\\/martinluther.ca\\\/de\\\/2022\\\/02\\\/pastorin-klapperts-von-der-bibelstunde-inspirierte-andacht\\\/#breadcrumb\"},\"inLanguage\":\"de\",\"potentialAction\":[{\"@type\":\"ReadAction\",\"target\":[\"https:\\\/\\\/martinluther.ca\\\/de\\\/2022\\\/02\\\/pastorin-klapperts-von-der-bibelstunde-inspirierte-andacht\\\/\"]}]},{\"@type\":\"ImageObject\",\"inLanguage\":\"de\",\"@id\":\"https:\\\/\\\/martinluther.ca\\\/de\\\/2022\\\/02\\\/pastorin-klapperts-von-der-bibelstunde-inspirierte-andacht\\\/#primaryimage\",\"url\":\"https:\\\/\\\/martinluther.ca\\\/wp-content\\\/uploads\\\/2022\\\/02\\\/Catching-fish.jpg\",\"contentUrl\":\"https:\\\/\\\/martinluther.ca\\\/wp-content\\\/uploads\\\/2022\\\/02\\\/Catching-fish.jpg\",\"width\":1920,\"height\":1280},{\"@type\":\"BreadcrumbList\",\"@id\":\"https:\\\/\\\/martinluther.ca\\\/de\\\/2022\\\/02\\\/pastorin-klapperts-von-der-bibelstunde-inspirierte-andacht\\\/#breadcrumb\",\"itemListElement\":[{\"@type\":\"ListItem\",\"position\":1,\"name\":\"Home\",\"item\":\"https:\\\/\\\/martinluther.ca\\\/de\\\/\"},{\"@type\":\"ListItem\",\"position\":2,\"name\":\"Pastorin Klapperts von der Bibelstunde inspirierte Andacht\"}]},{\"@type\":\"WebSite\",\"@id\":\"https:\\\/\\\/martinluther.ca\\\/de\\\/#website\",\"url\":\"https:\\\/\\\/martinluther.ca\\\/de\\\/\",\"name\":\"Martin Luther Evangelical Church Toronto\",\"description\":\"Deutsch &amp; Englisch\",\"publisher\":{\"@id\":\"https:\\\/\\\/martinluther.ca\\\/de\\\/#organization\"},\"potentialAction\":[{\"@type\":\"SearchAction\",\"target\":{\"@type\":\"EntryPoint\",\"urlTemplate\":\"https:\\\/\\\/martinluther.ca\\\/de\\\/?s={search_term_string}\"},\"query-input\":{\"@type\":\"PropertyValueSpecification\",\"valueRequired\":true,\"valueName\":\"search_term_string\"}}],\"inLanguage\":\"de\"},{\"@type\":\"Organization\",\"@id\":\"https:\\\/\\\/martinluther.ca\\\/de\\\/#organization\",\"name\":\"Martin Luther Evangelical Church Toronto\",\"url\":\"https:\\\/\\\/martinluther.ca\\\/de\\\/\",\"logo\":{\"@type\":\"ImageObject\",\"inLanguage\":\"de\",\"@id\":\"https:\\\/\\\/martinluther.ca\\\/de\\\/#\\\/schema\\\/logo\\\/image\\\/\",\"url\":\"https:\\\/\\\/martinluther.ca\\\/wp-content\\\/uploads\\\/2016\\\/12\\\/ml-logo-300.png\",\"contentUrl\":\"https:\\\/\\\/martinluther.ca\\\/wp-content\\\/uploads\\\/2016\\\/12\\\/ml-logo-300.png\",\"width\":300,\"height\":150,\"caption\":\"Martin Luther Evangelical Church Toronto\"},\"image\":{\"@id\":\"https:\\\/\\\/martinluther.ca\\\/de\\\/#\\\/schema\\\/logo\\\/image\\\/\"},\"sameAs\":[\"https:\\\/\\\/www.facebook.com\\\/martinlutherchurchtoronto\",\"https:\\\/\\\/www.instagram.com\\\/lutheransbythelake\\\/\",\"https:\\\/\\\/www.youtube.com\\\/MartinLutherChurchToronto\"]},{\"@type\":\"Person\",\"@id\":\"https:\\\/\\\/martinluther.ca\\\/de\\\/#\\\/schema\\\/person\\\/ef4e825f5d9d6fd740bbd7813710e15d\",\"name\":\"Marlena Muller\",\"image\":{\"@type\":\"ImageObject\",\"inLanguage\":\"de\",\"@id\":\"https:\\\/\\\/secure.gravatar.com\\\/avatar\\\/fe840ff753768b839caa2dd522d4797f19f7e22fa2da83388e0fbfc570b65a37?s=96&d=mm&r=g\",\"url\":\"https:\\\/\\\/secure.gravatar.com\\\/avatar\\\/fe840ff753768b839caa2dd522d4797f19f7e22fa2da83388e0fbfc570b65a37?s=96&d=mm&r=g\",\"contentUrl\":\"https:\\\/\\\/secure.gravatar.com\\\/avatar\\\/fe840ff753768b839caa2dd522d4797f19f7e22fa2da83388e0fbfc570b65a37?s=96&d=mm&r=g\",\"caption\":\"Marlena Muller\"},\"url\":false}]}<\/script>\n<!-- \/ Yoast SEO plugin. -->","yoast_head_json":{"title":"Pastorin Klapperts von der Bibelstunde inspirierte Andacht - Martin Luther Evangelische Kirche Toronto","robots":{"index":"index","follow":"follow","max-snippet":"max-snippet:-1","max-image-preview":"max-image-preview:large","max-video-preview":"max-video-preview:-1"},"canonical":"https:\/\/martinluther.ca\/de\/2022\/02\/pastorin-klapperts-von-der-bibelstunde-inspirierte-andacht\/","og_locale":"de_DE","og_type":"article","og_title":"Pastorin Klapperts von der Bibelstunde inspirierte Andacht - Martin Luther Evangelische Kirche Toronto","og_description":"Wie haben Sie die ersten zwei Monate des neuen Jahres erlebt? In Gespr\u00e4chen h\u00f6rte ich in letzter Zeit oft, dass Menschen m\u00fcde sind und im Halb-Lockdown nach Weihnachten Motivationsschwierigkeiten hatten \u2013 mir ging es auch nicht anders, als ich nach meiner Coviderkrankung (die zum Gl\u00fcck milde verlief) im Januar wieder in den Dienst zur\u00fcckgekehrt bin.&hellip;","og_url":"https:\/\/martinluther.ca\/de\/2022\/02\/pastorin-klapperts-von-der-bibelstunde-inspirierte-andacht\/","og_site_name":"Martin Luther Evangelische Kirche Toronto","article_publisher":"https:\/\/www.facebook.com\/martinlutherchurchtoronto","article_published_time":"2022-02-23T22:31:54+00:00","article_modified_time":"2022-02-23T22:32:25+00:00","og_image":[{"width":1920,"height":1280,"url":"https:\/\/martinluther.ca\/wp-content\/uploads\/2022\/02\/Catching-fish.jpg","type":"image\/jpeg"}],"author":"Marlena Muller","twitter_card":"summary_large_image","twitter_misc":{"Verfasst von":"Marlena Muller","Gesch\u00e4tzte Lesezeit":"3\u00a0Minuten"},"schema":{"@context":"https:\/\/schema.org","@graph":[{"@type":"Article","@id":"https:\/\/martinluther.ca\/de\/2022\/02\/pastorin-klapperts-von-der-bibelstunde-inspirierte-andacht\/#article","isPartOf":{"@id":"https:\/\/martinluther.ca\/de\/2022\/02\/pastorin-klapperts-von-der-bibelstunde-inspirierte-andacht\/"},"author":{"name":"Marlena Muller","@id":"https:\/\/martinluther.ca\/de\/#\/schema\/person\/ef4e825f5d9d6fd740bbd7813710e15d"},"headline":"Pastorin Klapperts von der Bibelstunde inspirierte Andacht","datePublished":"2022-02-23T22:31:54+00:00","dateModified":"2022-02-23T22:32:25+00:00","mainEntityOfPage":{"@id":"https:\/\/martinluther.ca\/de\/2022\/02\/pastorin-klapperts-von-der-bibelstunde-inspirierte-andacht\/"},"wordCount":563,"publisher":{"@id":"https:\/\/martinluther.ca\/de\/#organization"},"image":{"@id":"https:\/\/martinluther.ca\/de\/2022\/02\/pastorin-klapperts-von-der-bibelstunde-inspirierte-andacht\/#primaryimage"},"thumbnailUrl":"https:\/\/martinluther.ca\/wp-content\/uploads\/2022\/02\/Catching-fish.jpg","articleSection":["News Blog - German"],"inLanguage":"de"},{"@type":"WebPage","@id":"https:\/\/martinluther.ca\/de\/2022\/02\/pastorin-klapperts-von-der-bibelstunde-inspirierte-andacht\/","url":"https:\/\/martinluther.ca\/de\/2022\/02\/pastorin-klapperts-von-der-bibelstunde-inspirierte-andacht\/","name":"Pastorin Klapperts von der Bibelstunde inspirierte Andacht - Martin Luther Evangelische Kirche Toronto","isPartOf":{"@id":"https:\/\/martinluther.ca\/de\/#website"},"primaryImageOfPage":{"@id":"https:\/\/martinluther.ca\/de\/2022\/02\/pastorin-klapperts-von-der-bibelstunde-inspirierte-andacht\/#primaryimage"},"image":{"@id":"https:\/\/martinluther.ca\/de\/2022\/02\/pastorin-klapperts-von-der-bibelstunde-inspirierte-andacht\/#primaryimage"},"thumbnailUrl":"https:\/\/martinluther.ca\/wp-content\/uploads\/2022\/02\/Catching-fish.jpg","datePublished":"2022-02-23T22:31:54+00:00","dateModified":"2022-02-23T22:32:25+00:00","breadcrumb":{"@id":"https:\/\/martinluther.ca\/de\/2022\/02\/pastorin-klapperts-von-der-bibelstunde-inspirierte-andacht\/#breadcrumb"},"inLanguage":"de","potentialAction":[{"@type":"ReadAction","target":["https:\/\/martinluther.ca\/de\/2022\/02\/pastorin-klapperts-von-der-bibelstunde-inspirierte-andacht\/"]}]},{"@type":"ImageObject","inLanguage":"de","@id":"https:\/\/martinluther.ca\/de\/2022\/02\/pastorin-klapperts-von-der-bibelstunde-inspirierte-andacht\/#primaryimage","url":"https:\/\/martinluther.ca\/wp-content\/uploads\/2022\/02\/Catching-fish.jpg","contentUrl":"https:\/\/martinluther.ca\/wp-content\/uploads\/2022\/02\/Catching-fish.jpg","width":1920,"height":1280},{"@type":"BreadcrumbList","@id":"https:\/\/martinluther.ca\/de\/2022\/02\/pastorin-klapperts-von-der-bibelstunde-inspirierte-andacht\/#breadcrumb","itemListElement":[{"@type":"ListItem","position":1,"name":"Home","item":"https:\/\/martinluther.ca\/de\/"},{"@type":"ListItem","position":2,"name":"Pastorin Klapperts von der Bibelstunde inspirierte Andacht"}]},{"@type":"WebSite","@id":"https:\/\/martinluther.ca\/de\/#website","url":"https:\/\/martinluther.ca\/de\/","name":"Martin Luther Evangelical Church Toronto","description":"Deutsch &amp; Englisch","publisher":{"@id":"https:\/\/martinluther.ca\/de\/#organization"},"potentialAction":[{"@type":"SearchAction","target":{"@type":"EntryPoint","urlTemplate":"https:\/\/martinluther.ca\/de\/?s={search_term_string}"},"query-input":{"@type":"PropertyValueSpecification","valueRequired":true,"valueName":"search_term_string"}}],"inLanguage":"de"},{"@type":"Organization","@id":"https:\/\/martinluther.ca\/de\/#organization","name":"Martin Luther Evangelical Church Toronto","url":"https:\/\/martinluther.ca\/de\/","logo":{"@type":"ImageObject","inLanguage":"de","@id":"https:\/\/martinluther.ca\/de\/#\/schema\/logo\/image\/","url":"https:\/\/martinluther.ca\/wp-content\/uploads\/2016\/12\/ml-logo-300.png","contentUrl":"https:\/\/martinluther.ca\/wp-content\/uploads\/2016\/12\/ml-logo-300.png","width":300,"height":150,"caption":"Martin Luther Evangelical Church Toronto"},"image":{"@id":"https:\/\/martinluther.ca\/de\/#\/schema\/logo\/image\/"},"sameAs":["https:\/\/www.facebook.com\/martinlutherchurchtoronto","https:\/\/www.instagram.com\/lutheransbythelake\/","https:\/\/www.youtube.com\/MartinLutherChurchToronto"]},{"@type":"Person","@id":"https:\/\/martinluther.ca\/de\/#\/schema\/person\/ef4e825f5d9d6fd740bbd7813710e15d","name":"Marlena Muller","image":{"@type":"ImageObject","inLanguage":"de","@id":"https:\/\/secure.gravatar.com\/avatar\/fe840ff753768b839caa2dd522d4797f19f7e22fa2da83388e0fbfc570b65a37?s=96&d=mm&r=g","url":"https:\/\/secure.gravatar.com\/avatar\/fe840ff753768b839caa2dd522d4797f19f7e22fa2da83388e0fbfc570b65a37?s=96&d=mm&r=g","contentUrl":"https:\/\/secure.gravatar.com\/avatar\/fe840ff753768b839caa2dd522d4797f19f7e22fa2da83388e0fbfc570b65a37?s=96&d=mm&r=g","caption":"Marlena Muller"},"url":false}]}},"_links":{"self":[{"href":"https:\/\/martinluther.ca\/de\/wp-json\/wp\/v2\/posts\/40571","targetHints":{"allow":["GET"]}}],"collection":[{"href":"https:\/\/martinluther.ca\/de\/wp-json\/wp\/v2\/posts"}],"about":[{"href":"https:\/\/martinluther.ca\/de\/wp-json\/wp\/v2\/types\/post"}],"author":[{"embeddable":true,"href":"https:\/\/martinluther.ca\/de\/wp-json\/wp\/v2\/users\/8"}],"replies":[{"embeddable":true,"href":"https:\/\/martinluther.ca\/de\/wp-json\/wp\/v2\/comments?post=40571"}],"version-history":[{"count":1,"href":"https:\/\/martinluther.ca\/de\/wp-json\/wp\/v2\/posts\/40571\/revisions"}],"predecessor-version":[{"id":40572,"href":"https:\/\/martinluther.ca\/de\/wp-json\/wp\/v2\/posts\/40571\/revisions\/40572"}],"wp:featuredmedia":[{"embeddable":true,"href":"https:\/\/martinluther.ca\/de\/wp-json\/wp\/v2\/media\/40569"}],"wp:attachment":[{"href":"https:\/\/martinluther.ca\/de\/wp-json\/wp\/v2\/media?parent=40571"}],"wp:term":[{"taxonomy":"category","embeddable":true,"href":"https:\/\/martinluther.ca\/de\/wp-json\/wp\/v2\/categories?post=40571"},{"taxonomy":"post_tag","embeddable":true,"href":"https:\/\/martinluther.ca\/de\/wp-json\/wp\/v2\/tags?post=40571"},{"taxonomy":"post_series","embeddable":true,"href":"https:\/\/martinluther.ca\/de\/wp-json\/wp\/v2\/post_series?post=40571"}],"curies":[{"name":"wp","href":"https:\/\/api.w.org\/{rel}","templated":true}]}}