{"id":40583,"date":"2022-02-25T18:06:02","date_gmt":"2022-02-25T23:06:02","guid":{"rendered":"https:\/\/martinluther.ca\/?p=40583"},"modified":"2022-02-25T18:06:29","modified_gmt":"2022-02-25T23:06:29","slug":"machen-sie-bei-gottesdienste-vor-ort-in-der-kirche-ab-den-6-maerz-mit","status":"publish","type":"post","link":"https:\/\/martinluther.ca\/de\/2022\/02\/machen-sie-bei-gottesdienste-vor-ort-in-der-kirche-ab-den-6-maerz-mit\/","title":{"rendered":"Machen Sie bei Gottesdienste vor Ort in der Kirche ab den 6. M\u00e4rz mit"},"content":{"rendered":"<figure id=\"attachment_40581\" aria-describedby=\"caption-attachment-40581\" style=\"width: 300px\" class=\"wp-caption alignright\"><a href=\"https:\/\/martinluther.ca\/wp-content\/uploads\/2022\/02\/2022-02-Daffodil-Photo-by-\u041c\u0438\u0445\u0430\u0438\u043b-\u041f\u0430\u0432\u043b\u0435\u043d\u043a\u043e-on-Unsplash-scaled.jpg\"><img loading=\"lazy\" decoding=\"async\" class=\"size-medium wp-image-40581\" src=\"https:\/\/martinluther.ca\/wp-content\/uploads\/2022\/02\/2022-02-Daffodil-Photo-by-\u041c\u0438\u0445\u0430\u0438\u043b-\u041f\u0430\u0432\u043b\u0435\u043d\u043a\u043e-on-Unsplash-300x200.jpg\" alt=\"\" width=\"300\" height=\"200\" srcset=\"https:\/\/martinluther.ca\/wp-content\/uploads\/2022\/02\/2022-02-Daffodil-Photo-by-\u041c\u0438\u0445\u0430\u0438\u043b-\u041f\u0430\u0432\u043b\u0435\u043d\u043a\u043e-on-Unsplash-300x200.jpg 300w, https:\/\/martinluther.ca\/wp-content\/uploads\/2022\/02\/2022-02-Daffodil-Photo-by-\u041c\u0438\u0445\u0430\u0438\u043b-\u041f\u0430\u0432\u043b\u0435\u043d\u043a\u043e-on-Unsplash-1024x683.jpg 1024w, https:\/\/martinluther.ca\/wp-content\/uploads\/2022\/02\/2022-02-Daffodil-Photo-by-\u041c\u0438\u0445\u0430\u0438\u043b-\u041f\u0430\u0432\u043b\u0435\u043d\u043a\u043e-on-Unsplash-768x512.jpg 768w, https:\/\/martinluther.ca\/wp-content\/uploads\/2022\/02\/2022-02-Daffodil-Photo-by-\u041c\u0438\u0445\u0430\u0438\u043b-\u041f\u0430\u0432\u043b\u0435\u043d\u043a\u043e-on-Unsplash-1536x1024.jpg 1536w, https:\/\/martinluther.ca\/wp-content\/uploads\/2022\/02\/2022-02-Daffodil-Photo-by-\u041c\u0438\u0445\u0430\u0438\u043b-\u041f\u0430\u0432\u043b\u0435\u043d\u043a\u043e-on-Unsplash-2048x1365.jpg 2048w\" sizes=\"auto, (max-width: 300px) 100vw, 300px\" \/><\/a><figcaption id=\"caption-attachment-40581\" class=\"wp-caption-text\">Egal, was Sie von der Narzisse verlangen,<br \/>sie wird bis zum Fr\u00fchjahr warten, um zu bl\u00fchen.<br \/>Daraus habe ich gelernt, dass wir uns alle \u00f6ffnen<br \/>wenn die Zeit reif ist.<br \/>&#8211; Rudy Francisco<\/figcaption><\/figure>\n<p>Die <strong>Wiederer\u00f6ffnung<\/strong> der Kirche in Person ist am <strong>6. M\u00e4rz<\/strong> geplant. Bei unserem ersten Gottesdienst in der Kirche feiern wir eine Taufe!<\/p>\n<p>Sie sind eingeladen, die Gottesdienste zu besuchen, wenn Sie sich gesund f\u00fchlen und f\u00fcr den Gottesdienstbesuch bereit sind. Eine Anmeldung ist nicht Pflicht, aber wir wissen sie zu sch\u00e4tzen. Bitte rufen Sie dazu das Kirchenb\u00fcro an oder melden Sie sich <a href=\"https:\/\/www.eventbrite.ca\/o\/martin-luther-church-29420523077\" target=\"_blank\" rel=\"noopener\">online \u00fcber Eventbrite<\/a> an. Bitte f\u00fchren Sie Ihr eigenes <a href=\"https:\/\/www.toronto.ca\/wp-content\/uploads\/2020\/05\/95ea-Screening-poster-retail-entrance-TPH.pdf\" target=\"_blank\" rel=\"noopener\">COVID-Screening<\/a> durch, tragen Sie eine Maske, und halten Sie Abstand. Eine Impfbest\u00e4tigung ist nicht mehr Pflicht. W\u00e4hrend des Gottesdienstes sollte jeder selbst entscheiden, die Lieder nur im Herzen oder laut mitzusingen.<\/p>\n<p>Wir werden auch Veranstaltungen und geselliges Beisammensein in Person wieder erm\u00f6glichen, allerdings erst einmal au\u00dferhalb der Betriebszeiten der Kindertagesst\u00e4tte. Wenn Sie sich also abends oder an den Wochenenden treffen m\u00f6chten, wenden Sie sich bitte ans Kirchenb\u00fcro. Bitte beachten Sie, dass unsere <strong>Jahreshauptversammlung<\/strong> auf den <strong>15. Mai 2022<\/strong> verschoben wurde, wenn die Chancen, sich pers\u00f6nlich in der Kirche zu treffen, noch besser sind.<\/p>\n<p><strong>Vorl\u00e4ufiger Wiederer\u00f6ffnungsplan in der Martin Luther Kirche<\/strong><\/p>\n<p>Sonntag, 6. M\u00e4rz 2022, 1. So. in der Passionszeit<br \/>\n11.00 Uhr Deutsch-Englischer Gottesdienst vor Ort mit Taufe<\/p>\n<p>Sonntag, 13. M\u00e4rz 2022, 2. So. in der Passionszeit<br \/>\n11.00 Uhr Deutscher Gottesdienst vor Ort mit Hl. Abendmahl<\/p>\n<p>Sonntag, 20. M\u00e4rz 2022, 3. So. in der Passionszeit<br \/>\n11.00 Uhr Englischer Gottesdienst vor Ort mit Hl. Abendmahl<\/p>\n<p>Sonntag, 27. M\u00e4rz 2022, 4. So. in der Passionszeit<br \/>\n11.00 Uhr Deutsch-Englischer Gottesdienst vor Ort mit unseren Konfirmand*innen<\/p>\n","protected":false},"excerpt":{"rendered":"<p>Die Wiederer\u00f6ffnung der Kirche in Person ist am 6. M\u00e4rz geplant. Bei unserem ersten Gottesdienst in der Kirche feiern wir eine Taufe! Sie sind eingeladen, die Gottesdienste zu besuchen, wenn Sie sich gesund f\u00fchlen und f\u00fcr den Gottesdienstbesuch bereit sind. Eine Anmeldung ist nicht Pflicht, aber wir wissen sie zu sch\u00e4tzen. Bitte rufen Sie dazu&hellip;<\/p>\n","protected":false},"author":8,"featured_media":40581,"comment_status":"closed","ping_status":"closed","sticky":false,"template":"","format":"standard","meta":{"footnotes":""},"categories":[69],"tags":[],"post_series":[],"class_list":["post-40583","post","type-post","status-publish","format-standard","has-post-thumbnail","hentry","category-news-blog-german","entry","has-media"],"yoast_head":"<!-- This site is optimized with the Yoast SEO plugin v27.5 - https:\/\/yoast.com\/product\/yoast-seo-wordpress\/ -->\n<title>Machen Sie bei Gottesdienste vor Ort in der Kirche ab den 6. M\u00e4rz mit - Martin Luther Evangelische Kirche Toronto<\/title>\n<meta name=\"robots\" content=\"index, follow, max-snippet:-1, max-image-preview:large, max-video-preview:-1\" \/>\n<link rel=\"canonical\" href=\"https:\/\/martinluther.ca\/de\/2022\/02\/machen-sie-bei-gottesdienste-vor-ort-in-der-kirche-ab-den-6-maerz-mit\/\" \/>\n<meta property=\"og:locale\" content=\"de_DE\" \/>\n<meta property=\"og:type\" content=\"article\" \/>\n<meta property=\"og:title\" content=\"Machen Sie bei Gottesdienste vor Ort in der Kirche ab den 6. M\u00e4rz mit - Martin Luther Evangelische Kirche Toronto\" \/>\n<meta property=\"og:description\" content=\"Die Wiederer\u00f6ffnung der Kirche in Person ist am 6. M\u00e4rz geplant. Bei unserem ersten Gottesdienst in der Kirche feiern wir eine Taufe! Sie sind eingeladen, die Gottesdienste zu besuchen, wenn Sie sich gesund f\u00fchlen und f\u00fcr den Gottesdienstbesuch bereit sind. Eine Anmeldung ist nicht Pflicht, aber wir wissen sie zu sch\u00e4tzen. Bitte rufen Sie dazu&hellip;\" \/>\n<meta property=\"og:url\" content=\"https:\/\/martinluther.ca\/de\/2022\/02\/machen-sie-bei-gottesdienste-vor-ort-in-der-kirche-ab-den-6-maerz-mit\/\" \/>\n<meta property=\"og:site_name\" content=\"Martin Luther Evangelische Kirche Toronto\" \/>\n<meta property=\"article:publisher\" content=\"https:\/\/www.facebook.com\/martinlutherchurchtoronto\" \/>\n<meta property=\"article:published_time\" content=\"2022-02-25T23:06:02+00:00\" \/>\n<meta property=\"article:modified_time\" content=\"2022-02-25T23:06:29+00:00\" \/>\n<meta property=\"og:image\" content=\"https:\/\/martinluther.ca\/wp-content\/uploads\/2022\/02\/2022-02-Daffodil-Photo-by-\u041c\u0438\u0445\u0430\u0438\u043b-\u041f\u0430\u0432\u043b\u0435\u043d\u043a\u043e-on-Unsplash-scaled.jpg\" \/>\n\t<meta property=\"og:image:width\" content=\"2560\" \/>\n\t<meta property=\"og:image:height\" content=\"1707\" \/>\n\t<meta property=\"og:image:type\" content=\"image\/jpeg\" \/>\n<meta name=\"author\" content=\"Marlena Muller\" \/>\n<meta name=\"twitter:card\" content=\"summary_large_image\" \/>\n<meta name=\"twitter:label1\" content=\"Verfasst von\" \/>\n\t<meta name=\"twitter:data1\" content=\"Marlena Muller\" \/>\n\t<meta name=\"twitter:label2\" content=\"Gesch\u00e4tzte Lesezeit\" \/>\n\t<meta name=\"twitter:data2\" content=\"2\u00a0Minuten\" \/>\n<script type=\"application\/ld+json\" class=\"yoast-schema-graph\">{\"@context\":\"https:\\\/\\\/schema.org\",\"@graph\":[{\"@type\":\"Article\",\"@id\":\"https:\\\/\\\/martinluther.ca\\\/de\\\/2022\\\/02\\\/machen-sie-bei-gottesdienste-vor-ort-in-der-kirche-ab-den-6-maerz-mit\\\/#article\",\"isPartOf\":{\"@id\":\"https:\\\/\\\/martinluther.ca\\\/de\\\/2022\\\/02\\\/machen-sie-bei-gottesdienste-vor-ort-in-der-kirche-ab-den-6-maerz-mit\\\/\"},\"author\":{\"name\":\"Marlena Muller\",\"@id\":\"https:\\\/\\\/martinluther.ca\\\/de\\\/#\\\/schema\\\/person\\\/ef4e825f5d9d6fd740bbd7813710e15d\"},\"headline\":\"Machen Sie bei Gottesdienste vor Ort in der Kirche ab den 6. M\u00e4rz mit\",\"datePublished\":\"2022-02-25T23:06:02+00:00\",\"dateModified\":\"2022-02-25T23:06:29+00:00\",\"mainEntityOfPage\":{\"@id\":\"https:\\\/\\\/martinluther.ca\\\/de\\\/2022\\\/02\\\/machen-sie-bei-gottesdienste-vor-ort-in-der-kirche-ab-den-6-maerz-mit\\\/\"},\"wordCount\":300,\"publisher\":{\"@id\":\"https:\\\/\\\/martinluther.ca\\\/de\\\/#organization\"},\"image\":{\"@id\":\"https:\\\/\\\/martinluther.ca\\\/de\\\/2022\\\/02\\\/machen-sie-bei-gottesdienste-vor-ort-in-der-kirche-ab-den-6-maerz-mit\\\/#primaryimage\"},\"thumbnailUrl\":\"https:\\\/\\\/martinluther.ca\\\/wp-content\\\/uploads\\\/2022\\\/02\\\/2022-02-Daffodil-Photo-by-\u041c\u0438\u0445\u0430\u0438\u043b-\u041f\u0430\u0432\u043b\u0435\u043d\u043a\u043e-on-Unsplash-scaled.jpg\",\"articleSection\":[\"News Blog - German\"],\"inLanguage\":\"de\"},{\"@type\":\"WebPage\",\"@id\":\"https:\\\/\\\/martinluther.ca\\\/de\\\/2022\\\/02\\\/machen-sie-bei-gottesdienste-vor-ort-in-der-kirche-ab-den-6-maerz-mit\\\/\",\"url\":\"https:\\\/\\\/martinluther.ca\\\/de\\\/2022\\\/02\\\/machen-sie-bei-gottesdienste-vor-ort-in-der-kirche-ab-den-6-maerz-mit\\\/\",\"name\":\"Machen Sie bei Gottesdienste vor Ort in der Kirche ab den 6. M\u00e4rz mit - Martin Luther Evangelische Kirche Toronto\",\"isPartOf\":{\"@id\":\"https:\\\/\\\/martinluther.ca\\\/de\\\/#website\"},\"primaryImageOfPage\":{\"@id\":\"https:\\\/\\\/martinluther.ca\\\/de\\\/2022\\\/02\\\/machen-sie-bei-gottesdienste-vor-ort-in-der-kirche-ab-den-6-maerz-mit\\\/#primaryimage\"},\"image\":{\"@id\":\"https:\\\/\\\/martinluther.ca\\\/de\\\/2022\\\/02\\\/machen-sie-bei-gottesdienste-vor-ort-in-der-kirche-ab-den-6-maerz-mit\\\/#primaryimage\"},\"thumbnailUrl\":\"https:\\\/\\\/martinluther.ca\\\/wp-content\\\/uploads\\\/2022\\\/02\\\/2022-02-Daffodil-Photo-by-\u041c\u0438\u0445\u0430\u0438\u043b-\u041f\u0430\u0432\u043b\u0435\u043d\u043a\u043e-on-Unsplash-scaled.jpg\",\"datePublished\":\"2022-02-25T23:06:02+00:00\",\"dateModified\":\"2022-02-25T23:06:29+00:00\",\"breadcrumb\":{\"@id\":\"https:\\\/\\\/martinluther.ca\\\/de\\\/2022\\\/02\\\/machen-sie-bei-gottesdienste-vor-ort-in-der-kirche-ab-den-6-maerz-mit\\\/#breadcrumb\"},\"inLanguage\":\"de\",\"potentialAction\":[{\"@type\":\"ReadAction\",\"target\":[\"https:\\\/\\\/martinluther.ca\\\/de\\\/2022\\\/02\\\/machen-sie-bei-gottesdienste-vor-ort-in-der-kirche-ab-den-6-maerz-mit\\\/\"]}]},{\"@type\":\"ImageObject\",\"inLanguage\":\"de\",\"@id\":\"https:\\\/\\\/martinluther.ca\\\/de\\\/2022\\\/02\\\/machen-sie-bei-gottesdienste-vor-ort-in-der-kirche-ab-den-6-maerz-mit\\\/#primaryimage\",\"url\":\"https:\\\/\\\/martinluther.ca\\\/wp-content\\\/uploads\\\/2022\\\/02\\\/2022-02-Daffodil-Photo-by-\u041c\u0438\u0445\u0430\u0438\u043b-\u041f\u0430\u0432\u043b\u0435\u043d\u043a\u043e-on-Unsplash-scaled.jpg\",\"contentUrl\":\"https:\\\/\\\/martinluther.ca\\\/wp-content\\\/uploads\\\/2022\\\/02\\\/2022-02-Daffodil-Photo-by-\u041c\u0438\u0445\u0430\u0438\u043b-\u041f\u0430\u0432\u043b\u0435\u043d\u043a\u043e-on-Unsplash-scaled.jpg\",\"width\":2560,\"height\":1707,\"caption\":\"Egal, was Sie von der Narzisse verlangen, sie wird bis zum Fr\u00fchjahr warten, um zu bl\u00fchen. Daraus habe ich gelernt, dass wir uns alle \u00f6ffnen wenn die Zeit reif ist. - Rudy Francisco\"},{\"@type\":\"BreadcrumbList\",\"@id\":\"https:\\\/\\\/martinluther.ca\\\/de\\\/2022\\\/02\\\/machen-sie-bei-gottesdienste-vor-ort-in-der-kirche-ab-den-6-maerz-mit\\\/#breadcrumb\",\"itemListElement\":[{\"@type\":\"ListItem\",\"position\":1,\"name\":\"Home\",\"item\":\"https:\\\/\\\/martinluther.ca\\\/de\\\/\"},{\"@type\":\"ListItem\",\"position\":2,\"name\":\"Machen Sie bei Gottesdienste vor Ort in der Kirche ab den 6. M\u00e4rz mit\"}]},{\"@type\":\"WebSite\",\"@id\":\"https:\\\/\\\/martinluther.ca\\\/de\\\/#website\",\"url\":\"https:\\\/\\\/martinluther.ca\\\/de\\\/\",\"name\":\"Martin Luther Evangelical Church Toronto\",\"description\":\"Deutsch &amp; Englisch\",\"publisher\":{\"@id\":\"https:\\\/\\\/martinluther.ca\\\/de\\\/#organization\"},\"potentialAction\":[{\"@type\":\"SearchAction\",\"target\":{\"@type\":\"EntryPoint\",\"urlTemplate\":\"https:\\\/\\\/martinluther.ca\\\/de\\\/?s={search_term_string}\"},\"query-input\":{\"@type\":\"PropertyValueSpecification\",\"valueRequired\":true,\"valueName\":\"search_term_string\"}}],\"inLanguage\":\"de\"},{\"@type\":\"Organization\",\"@id\":\"https:\\\/\\\/martinluther.ca\\\/de\\\/#organization\",\"name\":\"Martin Luther Evangelical Church Toronto\",\"url\":\"https:\\\/\\\/martinluther.ca\\\/de\\\/\",\"logo\":{\"@type\":\"ImageObject\",\"inLanguage\":\"de\",\"@id\":\"https:\\\/\\\/martinluther.ca\\\/de\\\/#\\\/schema\\\/logo\\\/image\\\/\",\"url\":\"https:\\\/\\\/martinluther.ca\\\/wp-content\\\/uploads\\\/2016\\\/12\\\/ml-logo-300.png\",\"contentUrl\":\"https:\\\/\\\/martinluther.ca\\\/wp-content\\\/uploads\\\/2016\\\/12\\\/ml-logo-300.png\",\"width\":300,\"height\":150,\"caption\":\"Martin Luther Evangelical Church Toronto\"},\"image\":{\"@id\":\"https:\\\/\\\/martinluther.ca\\\/de\\\/#\\\/schema\\\/logo\\\/image\\\/\"},\"sameAs\":[\"https:\\\/\\\/www.facebook.com\\\/martinlutherchurchtoronto\",\"https:\\\/\\\/www.instagram.com\\\/lutheransbythelake\\\/\",\"https:\\\/\\\/www.youtube.com\\\/MartinLutherChurchToronto\"]},{\"@type\":\"Person\",\"@id\":\"https:\\\/\\\/martinluther.ca\\\/de\\\/#\\\/schema\\\/person\\\/ef4e825f5d9d6fd740bbd7813710e15d\",\"name\":\"Marlena Muller\",\"image\":{\"@type\":\"ImageObject\",\"inLanguage\":\"de\",\"@id\":\"https:\\\/\\\/secure.gravatar.com\\\/avatar\\\/fe840ff753768b839caa2dd522d4797f19f7e22fa2da83388e0fbfc570b65a37?s=96&d=mm&r=g\",\"url\":\"https:\\\/\\\/secure.gravatar.com\\\/avatar\\\/fe840ff753768b839caa2dd522d4797f19f7e22fa2da83388e0fbfc570b65a37?s=96&d=mm&r=g\",\"contentUrl\":\"https:\\\/\\\/secure.gravatar.com\\\/avatar\\\/fe840ff753768b839caa2dd522d4797f19f7e22fa2da83388e0fbfc570b65a37?s=96&d=mm&r=g\",\"caption\":\"Marlena Muller\"},\"url\":false}]}<\/script>\n<!-- \/ Yoast SEO plugin. -->","yoast_head_json":{"title":"Machen Sie bei Gottesdienste vor Ort in der Kirche ab den 6. M\u00e4rz mit - Martin Luther Evangelische Kirche Toronto","robots":{"index":"index","follow":"follow","max-snippet":"max-snippet:-1","max-image-preview":"max-image-preview:large","max-video-preview":"max-video-preview:-1"},"canonical":"https:\/\/martinluther.ca\/de\/2022\/02\/machen-sie-bei-gottesdienste-vor-ort-in-der-kirche-ab-den-6-maerz-mit\/","og_locale":"de_DE","og_type":"article","og_title":"Machen Sie bei Gottesdienste vor Ort in der Kirche ab den 6. M\u00e4rz mit - Martin Luther Evangelische Kirche Toronto","og_description":"Die Wiederer\u00f6ffnung der Kirche in Person ist am 6. M\u00e4rz geplant. Bei unserem ersten Gottesdienst in der Kirche feiern wir eine Taufe! Sie sind eingeladen, die Gottesdienste zu besuchen, wenn Sie sich gesund f\u00fchlen und f\u00fcr den Gottesdienstbesuch bereit sind. Eine Anmeldung ist nicht Pflicht, aber wir wissen sie zu sch\u00e4tzen. Bitte rufen Sie dazu&hellip;","og_url":"https:\/\/martinluther.ca\/de\/2022\/02\/machen-sie-bei-gottesdienste-vor-ort-in-der-kirche-ab-den-6-maerz-mit\/","og_site_name":"Martin Luther Evangelische Kirche Toronto","article_publisher":"https:\/\/www.facebook.com\/martinlutherchurchtoronto","article_published_time":"2022-02-25T23:06:02+00:00","article_modified_time":"2022-02-25T23:06:29+00:00","og_image":[{"width":2560,"height":1707,"url":"https:\/\/martinluther.ca\/wp-content\/uploads\/2022\/02\/2022-02-Daffodil-Photo-by-\u041c\u0438\u0445\u0430\u0438\u043b-\u041f\u0430\u0432\u043b\u0435\u043d\u043a\u043e-on-Unsplash-scaled.jpg","type":"image\/jpeg"}],"author":"Marlena Muller","twitter_card":"summary_large_image","twitter_misc":{"Verfasst von":"Marlena Muller","Gesch\u00e4tzte Lesezeit":"2\u00a0Minuten"},"schema":{"@context":"https:\/\/schema.org","@graph":[{"@type":"Article","@id":"https:\/\/martinluther.ca\/de\/2022\/02\/machen-sie-bei-gottesdienste-vor-ort-in-der-kirche-ab-den-6-maerz-mit\/#article","isPartOf":{"@id":"https:\/\/martinluther.ca\/de\/2022\/02\/machen-sie-bei-gottesdienste-vor-ort-in-der-kirche-ab-den-6-maerz-mit\/"},"author":{"name":"Marlena Muller","@id":"https:\/\/martinluther.ca\/de\/#\/schema\/person\/ef4e825f5d9d6fd740bbd7813710e15d"},"headline":"Machen Sie bei Gottesdienste vor Ort in der Kirche ab den 6. M\u00e4rz mit","datePublished":"2022-02-25T23:06:02+00:00","dateModified":"2022-02-25T23:06:29+00:00","mainEntityOfPage":{"@id":"https:\/\/martinluther.ca\/de\/2022\/02\/machen-sie-bei-gottesdienste-vor-ort-in-der-kirche-ab-den-6-maerz-mit\/"},"wordCount":300,"publisher":{"@id":"https:\/\/martinluther.ca\/de\/#organization"},"image":{"@id":"https:\/\/martinluther.ca\/de\/2022\/02\/machen-sie-bei-gottesdienste-vor-ort-in-der-kirche-ab-den-6-maerz-mit\/#primaryimage"},"thumbnailUrl":"https:\/\/martinluther.ca\/wp-content\/uploads\/2022\/02\/2022-02-Daffodil-Photo-by-\u041c\u0438\u0445\u0430\u0438\u043b-\u041f\u0430\u0432\u043b\u0435\u043d\u043a\u043e-on-Unsplash-scaled.jpg","articleSection":["News Blog - German"],"inLanguage":"de"},{"@type":"WebPage","@id":"https:\/\/martinluther.ca\/de\/2022\/02\/machen-sie-bei-gottesdienste-vor-ort-in-der-kirche-ab-den-6-maerz-mit\/","url":"https:\/\/martinluther.ca\/de\/2022\/02\/machen-sie-bei-gottesdienste-vor-ort-in-der-kirche-ab-den-6-maerz-mit\/","name":"Machen Sie bei Gottesdienste vor Ort in der Kirche ab den 6. M\u00e4rz mit - Martin Luther Evangelische Kirche Toronto","isPartOf":{"@id":"https:\/\/martinluther.ca\/de\/#website"},"primaryImageOfPage":{"@id":"https:\/\/martinluther.ca\/de\/2022\/02\/machen-sie-bei-gottesdienste-vor-ort-in-der-kirche-ab-den-6-maerz-mit\/#primaryimage"},"image":{"@id":"https:\/\/martinluther.ca\/de\/2022\/02\/machen-sie-bei-gottesdienste-vor-ort-in-der-kirche-ab-den-6-maerz-mit\/#primaryimage"},"thumbnailUrl":"https:\/\/martinluther.ca\/wp-content\/uploads\/2022\/02\/2022-02-Daffodil-Photo-by-\u041c\u0438\u0445\u0430\u0438\u043b-\u041f\u0430\u0432\u043b\u0435\u043d\u043a\u043e-on-Unsplash-scaled.jpg","datePublished":"2022-02-25T23:06:02+00:00","dateModified":"2022-02-25T23:06:29+00:00","breadcrumb":{"@id":"https:\/\/martinluther.ca\/de\/2022\/02\/machen-sie-bei-gottesdienste-vor-ort-in-der-kirche-ab-den-6-maerz-mit\/#breadcrumb"},"inLanguage":"de","potentialAction":[{"@type":"ReadAction","target":["https:\/\/martinluther.ca\/de\/2022\/02\/machen-sie-bei-gottesdienste-vor-ort-in-der-kirche-ab-den-6-maerz-mit\/"]}]},{"@type":"ImageObject","inLanguage":"de","@id":"https:\/\/martinluther.ca\/de\/2022\/02\/machen-sie-bei-gottesdienste-vor-ort-in-der-kirche-ab-den-6-maerz-mit\/#primaryimage","url":"https:\/\/martinluther.ca\/wp-content\/uploads\/2022\/02\/2022-02-Daffodil-Photo-by-\u041c\u0438\u0445\u0430\u0438\u043b-\u041f\u0430\u0432\u043b\u0435\u043d\u043a\u043e-on-Unsplash-scaled.jpg","contentUrl":"https:\/\/martinluther.ca\/wp-content\/uploads\/2022\/02\/2022-02-Daffodil-Photo-by-\u041c\u0438\u0445\u0430\u0438\u043b-\u041f\u0430\u0432\u043b\u0435\u043d\u043a\u043e-on-Unsplash-scaled.jpg","width":2560,"height":1707,"caption":"Egal, was Sie von der Narzisse verlangen, sie wird bis zum Fr\u00fchjahr warten, um zu bl\u00fchen. Daraus habe ich gelernt, dass wir uns alle \u00f6ffnen wenn die Zeit reif ist. - Rudy Francisco"},{"@type":"BreadcrumbList","@id":"https:\/\/martinluther.ca\/de\/2022\/02\/machen-sie-bei-gottesdienste-vor-ort-in-der-kirche-ab-den-6-maerz-mit\/#breadcrumb","itemListElement":[{"@type":"ListItem","position":1,"name":"Home","item":"https:\/\/martinluther.ca\/de\/"},{"@type":"ListItem","position":2,"name":"Machen Sie bei Gottesdienste vor Ort in der Kirche ab den 6. M\u00e4rz mit"}]},{"@type":"WebSite","@id":"https:\/\/martinluther.ca\/de\/#website","url":"https:\/\/martinluther.ca\/de\/","name":"Martin Luther Evangelical Church Toronto","description":"Deutsch &amp; Englisch","publisher":{"@id":"https:\/\/martinluther.ca\/de\/#organization"},"potentialAction":[{"@type":"SearchAction","target":{"@type":"EntryPoint","urlTemplate":"https:\/\/martinluther.ca\/de\/?s={search_term_string}"},"query-input":{"@type":"PropertyValueSpecification","valueRequired":true,"valueName":"search_term_string"}}],"inLanguage":"de"},{"@type":"Organization","@id":"https:\/\/martinluther.ca\/de\/#organization","name":"Martin Luther Evangelical Church Toronto","url":"https:\/\/martinluther.ca\/de\/","logo":{"@type":"ImageObject","inLanguage":"de","@id":"https:\/\/martinluther.ca\/de\/#\/schema\/logo\/image\/","url":"https:\/\/martinluther.ca\/wp-content\/uploads\/2016\/12\/ml-logo-300.png","contentUrl":"https:\/\/martinluther.ca\/wp-content\/uploads\/2016\/12\/ml-logo-300.png","width":300,"height":150,"caption":"Martin Luther Evangelical Church Toronto"},"image":{"@id":"https:\/\/martinluther.ca\/de\/#\/schema\/logo\/image\/"},"sameAs":["https:\/\/www.facebook.com\/martinlutherchurchtoronto","https:\/\/www.instagram.com\/lutheransbythelake\/","https:\/\/www.youtube.com\/MartinLutherChurchToronto"]},{"@type":"Person","@id":"https:\/\/martinluther.ca\/de\/#\/schema\/person\/ef4e825f5d9d6fd740bbd7813710e15d","name":"Marlena Muller","image":{"@type":"ImageObject","inLanguage":"de","@id":"https:\/\/secure.gravatar.com\/avatar\/fe840ff753768b839caa2dd522d4797f19f7e22fa2da83388e0fbfc570b65a37?s=96&d=mm&r=g","url":"https:\/\/secure.gravatar.com\/avatar\/fe840ff753768b839caa2dd522d4797f19f7e22fa2da83388e0fbfc570b65a37?s=96&d=mm&r=g","contentUrl":"https:\/\/secure.gravatar.com\/avatar\/fe840ff753768b839caa2dd522d4797f19f7e22fa2da83388e0fbfc570b65a37?s=96&d=mm&r=g","caption":"Marlena Muller"},"url":false}]}},"_links":{"self":[{"href":"https:\/\/martinluther.ca\/de\/wp-json\/wp\/v2\/posts\/40583","targetHints":{"allow":["GET"]}}],"collection":[{"href":"https:\/\/martinluther.ca\/de\/wp-json\/wp\/v2\/posts"}],"about":[{"href":"https:\/\/martinluther.ca\/de\/wp-json\/wp\/v2\/types\/post"}],"author":[{"embeddable":true,"href":"https:\/\/martinluther.ca\/de\/wp-json\/wp\/v2\/users\/8"}],"replies":[{"embeddable":true,"href":"https:\/\/martinluther.ca\/de\/wp-json\/wp\/v2\/comments?post=40583"}],"version-history":[{"count":1,"href":"https:\/\/martinluther.ca\/de\/wp-json\/wp\/v2\/posts\/40583\/revisions"}],"predecessor-version":[{"id":40584,"href":"https:\/\/martinluther.ca\/de\/wp-json\/wp\/v2\/posts\/40583\/revisions\/40584"}],"wp:featuredmedia":[{"embeddable":true,"href":"https:\/\/martinluther.ca\/de\/wp-json\/wp\/v2\/media\/40581"}],"wp:attachment":[{"href":"https:\/\/martinluther.ca\/de\/wp-json\/wp\/v2\/media?parent=40583"}],"wp:term":[{"taxonomy":"category","embeddable":true,"href":"https:\/\/martinluther.ca\/de\/wp-json\/wp\/v2\/categories?post=40583"},{"taxonomy":"post_tag","embeddable":true,"href":"https:\/\/martinluther.ca\/de\/wp-json\/wp\/v2\/tags?post=40583"},{"taxonomy":"post_series","embeddable":true,"href":"https:\/\/martinluther.ca\/de\/wp-json\/wp\/v2\/post_series?post=40583"}],"curies":[{"name":"wp","href":"https:\/\/api.w.org\/{rel}","templated":true}]}}