{"id":40618,"date":"2022-03-07T11:56:43","date_gmt":"2022-03-07T16:56:43","guid":{"rendered":"https:\/\/martinluther.ca\/?p=40618"},"modified":"2022-03-30T18:40:44","modified_gmt":"2022-03-30T22:40:44","slug":"lasst-uns-mit-der-kreativitaet-beginnen-fuer-den-fruehlingsbasar","status":"publish","type":"post","link":"https:\/\/martinluther.ca\/de\/2022\/03\/lasst-uns-mit-der-kreativitaet-beginnen-fuer-den-fruehlingsbasar\/","title":{"rendered":"Lasst uns mit der Kreativit\u00e4t beginnen! &#8230; f\u00fcr den Fr\u00fchlingsbasar"},"content":{"rendered":"<p><img loading=\"lazy\" decoding=\"async\" class=\"alignright size-medium wp-image-40697\" src=\"https:\/\/martinluther.ca\/wp-content\/uploads\/2022\/03\/MLC_SpringBazaar2022_VolunteersNeeded_SM_web-232x300.jpg\" alt=\"MLC_SpringBazaar2022_VolunteersNeeded_web\" width=\"232\" height=\"300\" srcset=\"https:\/\/martinluther.ca\/wp-content\/uploads\/2022\/03\/MLC_SpringBazaar2022_VolunteersNeeded_SM_web-232x300.jpg 232w, https:\/\/martinluther.ca\/wp-content\/uploads\/2022\/03\/MLC_SpringBazaar2022_VolunteersNeeded_SM_web.jpg 695w\" sizes=\"auto, (max-width: 232px) 100vw, 232px\" \/><strong>Online Verkaufsdaten: Mittwoch, 27. April \u2013 Freitag, 6. Mai 2022 <\/strong><strong>Abholtag: Sonntag, 8. Mai an der Kirche.<\/strong><\/p>\n<p>Die Zeit f\u00fcr unseren zweiten MLK-Fr\u00fchlingsbasar ist gekommen! Gerade rechtzeitig zum Muttertag am Sonntag, den 8. Mai. Wir rufen alle cleveren Sch\u00f6pfer*innen dazu auf, ihre Produkte f\u00fcr das Angebot auf dem Fr\u00fchlingsbasar beizusteuern. Ich bin auf der Suche nach freiwilligen Mitarbeiter*innen, die dazu beitragen, indem sie etwas backen, n\u00e4hen, schnitzen, stricken, zeichnen, malen oder sonst etwas Tolles herstellen.<\/p>\n<p>Bei unserem Fr\u00fchlingsbasar im letzten Jahr gab es einige patente und sehr erfolgreiche Angebote wie zum Beispiel Fahrradtouren und Gutscheine f\u00fcr frisch gebackenes Brot. Also strengt Eure Fantasie an und \u00fcberlegt, was Ihr beitragen k\u00f6nntet. Weitere Ideen w\u00e4ren vielleicht Kunstgewerbliches, Backwaren, Marmeladen\/Gelees\/Brotaufstriche, selbstgebackenes Brot oder Br\u00f6tchen, Gartenutensilien, junge Saatpflanzen, Holzdekorationen, Perlenschmuck oder Geschenkgutscheine. Die Liste hat kein Ende. Denkt einfach an Dinge, die n\u00fctzlich und umweltfreundlich sind (indem sie aus recyceltem Material hergestellt werden oder aus Dingen, die sonst weggeworfen werden, wie z. B. Stoffreste) und die sich nach dem Kauf gut an der Kirche abholen lassen.<\/p>\n<p>Um die Schaffensfreude anzuregen, habe ich eine Pinterest-Seite angefertigt, die Ihr Euch hier anschauen k\u00f6nnt: <a href=\"https:\/\/pin.it\/5KZeVPc\" target=\"_blank\" rel=\"noopener\">https:\/\/pin.it\/5KZeVPc<\/a><\/p>\n<p>Der Verkauf wird 10 Tage live online stattfinden und endet um Mitternacht am Freitag, 6. Mai 2022. Die Bestellungen werden am Samstag, 7. Mai, verpackt, und der Abholtag ist an der Kirche am Sonntag, 8. Mai 2022, anschlie\u00dfend an den Muttertagsgottesdienst zum Abholen frei Bordsteinkante.<\/p>\n<p>Bitte antwortet bis zum 31. M\u00e4rz 2022 und sagt Eure Teilnahme zu. Fotos werden zu diesem Zeitpunkt nicht ben\u00f6tigt, nur Eure Zusage. Wenn Ihr erst einmal Euer Mitmachen best\u00e4tigt habt, m\u00fcsste ich Folgendes wissen:<\/p>\n<p>&#8211; Was Euer Beitrag ist<br \/>\n&#8211; Wieviele Artikel Ihr beitragt -Ich m\u00f6chte Euch freundlich bitten, m\u00f6glicherweise mehrere Exemplare einer Kreation anzufertigen. Das macht sich gut bei einem Online-Verkauf (z.B. 6 Gl\u00e4ser Marmelade oder 5 Dutzend Pl\u00e4tzchen oder 8 Topfpflanzen &#8230;. nur als M\u00f6glichkeit).<br \/>\n&#8211; Den vorgeschlagenen Preis des Produkts und eine detaillierte Beschreibung (ein kurzer Abschnitt mit einer lobenden Beschreibung Eurer Kreation)<br \/>\n&#8211; 2 oder 3 Fotos des Gegenstands vor einem schlichten Hintergrund, individuell und aus verschiedenen Blickwinkeln<\/p>\n<p>Ich ben\u00f6tige die Fotos und die Beschreibung zu Anfang der ersten Aprilwoche und NICHT SP\u00c4TER als Samstag, den 16. April. Ich muss n\u00e4mlich noch die Website mit den neuen Produkten f\u00fcr den Fr\u00fchling aktualisieren.<\/p>\n<p>Ich bin au\u00dferdem auf der Suche nach zwei bis drei kreativen freiwilligen Helfer*innen, die mir beim Zusammenstellen und Verteilen der Produkte f\u00fcr den Basar am Samstag, den 7. Mai 2022, helfen k\u00f6nnen. Bitte lasst mich so bald wie m\u00f6glich unter <a href=\"mailto:bazaar@martinluther.ca\" target=\"_blank\" rel=\"noopener\">bazaar@martinluther.ca<\/a> wissen, ob Uhr Zeit habt und dann helfen k\u00f6nnt.<br \/>\nMit herzlichen, ideenreichen Gr\u00fc\u00dfen<br \/>\nLeanne<\/p>\n<p>Es ist eine Aktion, die Spa\u00df macht und unsere \u201eOutreach\u201c-Programme unterst\u00fctzt: die Speisekammer vor der Kirche, das G\u00e4rtnern in den Hochbeeten, die Kindertagesst\u00e4tte der Martin-Luther-Kirche, sowie die Unterst\u00fctzung von Fl\u00fcchtlingen und die Suppenk\u00fcche.<\/p>\n<p>Wir brauchen au\u00dferdem Freiwillige zum Verteilen dieses Flyers: <a href=\"https:\/\/martinluther.ca\/wp-content\/uploads\/2022\/03\/MLC_SpringBazaar2022_VolunteersNeeded_web.pdf\" target=\"_blank\" rel=\"noopener\">flyer PDF<\/a><\/p>\n","protected":false},"excerpt":{"rendered":"<p>Online Verkaufsdaten: Mittwoch, 27. April \u2013 Freitag, 6. Mai 2022 Abholtag: Sonntag, 8. Mai an der Kirche. Die Zeit f\u00fcr unseren zweiten MLK-Fr\u00fchlingsbasar ist gekommen! Gerade rechtzeitig zum Muttertag am Sonntag, den 8. Mai. Wir rufen alle cleveren Sch\u00f6pfer*innen dazu auf, ihre Produkte f\u00fcr das Angebot auf dem Fr\u00fchlingsbasar beizusteuern. Ich bin auf der Suche&hellip;<\/p>\n","protected":false},"author":9,"featured_media":40697,"comment_status":"closed","ping_status":"closed","sticky":false,"template":"","format":"standard","meta":{"footnotes":""},"categories":[69],"tags":[],"post_series":[],"class_list":["post-40618","post","type-post","status-publish","format-standard","has-post-thumbnail","hentry","category-news-blog-german","entry","has-media"],"yoast_head":"<!-- This site is optimized with the Yoast SEO plugin v27.5 - https:\/\/yoast.com\/product\/yoast-seo-wordpress\/ -->\n<title>Lasst uns mit der Kreativit\u00e4t beginnen! ... f\u00fcr den Fr\u00fchlingsbasar - Martin Luther Evangelische Kirche Toronto<\/title>\n<meta name=\"robots\" content=\"index, follow, max-snippet:-1, max-image-preview:large, max-video-preview:-1\" \/>\n<link rel=\"canonical\" href=\"https:\/\/martinluther.ca\/2022\/03\/let-the-creating-begin-for-our-spring-bazaar\/\" \/>\n<meta property=\"og:locale\" content=\"de_DE\" \/>\n<meta property=\"og:type\" content=\"article\" \/>\n<meta property=\"og:title\" content=\"Lasst uns mit der Kreativit\u00e4t beginnen! ... f\u00fcr den Fr\u00fchlingsbasar - Martin Luther Evangelische Kirche Toronto\" \/>\n<meta property=\"og:description\" content=\"Online Verkaufsdaten: Mittwoch, 27. April \u2013 Freitag, 6. Mai 2022 Abholtag: Sonntag, 8. Mai an der Kirche. Die Zeit f\u00fcr unseren zweiten MLK-Fr\u00fchlingsbasar ist gekommen! Gerade rechtzeitig zum Muttertag am Sonntag, den 8. Mai. Wir rufen alle cleveren Sch\u00f6pfer*innen dazu auf, ihre Produkte f\u00fcr das Angebot auf dem Fr\u00fchlingsbasar beizusteuern. Ich bin auf der Suche&hellip;\" \/>\n<meta property=\"og:url\" content=\"https:\/\/martinluther.ca\/2022\/03\/let-the-creating-begin-for-our-spring-bazaar\/\" \/>\n<meta property=\"og:site_name\" content=\"Martin Luther Evangelische Kirche Toronto\" \/>\n<meta property=\"article:publisher\" content=\"https:\/\/www.facebook.com\/martinlutherchurchtoronto\" \/>\n<meta property=\"article:published_time\" content=\"2022-03-07T16:56:43+00:00\" \/>\n<meta property=\"article:modified_time\" content=\"2022-03-30T22:40:44+00:00\" \/>\n<meta property=\"og:image\" content=\"https:\/\/martinluther.ca\/wp-content\/uploads\/2022\/03\/MLC_SpringBazaar2022_VolunteersNeeded_SM_web.jpg\" \/>\n\t<meta property=\"og:image:width\" content=\"695\" \/>\n\t<meta property=\"og:image:height\" content=\"900\" \/>\n\t<meta property=\"og:image:type\" content=\"image\/jpeg\" \/>\n<meta name=\"author\" content=\"Mona Kakoschke Frantzke\" \/>\n<meta name=\"twitter:card\" content=\"summary_large_image\" \/>\n<meta name=\"twitter:label1\" content=\"Verfasst von\" \/>\n\t<meta name=\"twitter:data1\" content=\"Mona Kakoschke Frantzke\" \/>\n\t<meta name=\"twitter:label2\" content=\"Gesch\u00e4tzte Lesezeit\" \/>\n\t<meta name=\"twitter:data2\" content=\"3\u00a0Minuten\" \/>\n<script type=\"application\/ld+json\" class=\"yoast-schema-graph\">{\"@context\":\"https:\\\/\\\/schema.org\",\"@graph\":[{\"@type\":\"Article\",\"@id\":\"https:\\\/\\\/martinluther.ca\\\/2022\\\/03\\\/let-the-creating-begin-for-our-spring-bazaar\\\/#article\",\"isPartOf\":{\"@id\":\"https:\\\/\\\/martinluther.ca\\\/2022\\\/03\\\/let-the-creating-begin-for-our-spring-bazaar\\\/\"},\"author\":{\"name\":\"Mona Kakoschke Frantzke\",\"@id\":\"https:\\\/\\\/martinluther.ca\\\/de\\\/#\\\/schema\\\/person\\\/815c51710f70b050f0476f18da6b0c8f\"},\"headline\":\"Lasst uns mit der Kreativit\u00e4t beginnen! &#8230; f\u00fcr den Fr\u00fchlingsbasar\",\"datePublished\":\"2022-03-07T16:56:43+00:00\",\"dateModified\":\"2022-03-30T22:40:44+00:00\",\"mainEntityOfPage\":{\"@id\":\"https:\\\/\\\/martinluther.ca\\\/2022\\\/03\\\/let-the-creating-begin-for-our-spring-bazaar\\\/\"},\"wordCount\":519,\"publisher\":{\"@id\":\"https:\\\/\\\/martinluther.ca\\\/de\\\/#organization\"},\"image\":{\"@id\":\"https:\\\/\\\/martinluther.ca\\\/2022\\\/03\\\/let-the-creating-begin-for-our-spring-bazaar\\\/#primaryimage\"},\"thumbnailUrl\":\"https:\\\/\\\/martinluther.ca\\\/wp-content\\\/uploads\\\/2022\\\/03\\\/MLC_SpringBazaar2022_VolunteersNeeded_SM_web.jpg\",\"articleSection\":[\"News Blog - German\"],\"inLanguage\":\"de\"},{\"@type\":\"WebPage\",\"@id\":\"https:\\\/\\\/martinluther.ca\\\/2022\\\/03\\\/let-the-creating-begin-for-our-spring-bazaar\\\/\",\"url\":\"https:\\\/\\\/martinluther.ca\\\/2022\\\/03\\\/let-the-creating-begin-for-our-spring-bazaar\\\/\",\"name\":\"Lasst uns mit der Kreativit\u00e4t beginnen! ... f\u00fcr den Fr\u00fchlingsbasar - Martin Luther Evangelische Kirche Toronto\",\"isPartOf\":{\"@id\":\"https:\\\/\\\/martinluther.ca\\\/de\\\/#website\"},\"primaryImageOfPage\":{\"@id\":\"https:\\\/\\\/martinluther.ca\\\/2022\\\/03\\\/let-the-creating-begin-for-our-spring-bazaar\\\/#primaryimage\"},\"image\":{\"@id\":\"https:\\\/\\\/martinluther.ca\\\/2022\\\/03\\\/let-the-creating-begin-for-our-spring-bazaar\\\/#primaryimage\"},\"thumbnailUrl\":\"https:\\\/\\\/martinluther.ca\\\/wp-content\\\/uploads\\\/2022\\\/03\\\/MLC_SpringBazaar2022_VolunteersNeeded_SM_web.jpg\",\"datePublished\":\"2022-03-07T16:56:43+00:00\",\"dateModified\":\"2022-03-30T22:40:44+00:00\",\"breadcrumb\":{\"@id\":\"https:\\\/\\\/martinluther.ca\\\/2022\\\/03\\\/let-the-creating-begin-for-our-spring-bazaar\\\/#breadcrumb\"},\"inLanguage\":\"de\",\"potentialAction\":[{\"@type\":\"ReadAction\",\"target\":[\"https:\\\/\\\/martinluther.ca\\\/2022\\\/03\\\/let-the-creating-begin-for-our-spring-bazaar\\\/\"]}]},{\"@type\":\"ImageObject\",\"inLanguage\":\"de\",\"@id\":\"https:\\\/\\\/martinluther.ca\\\/2022\\\/03\\\/let-the-creating-begin-for-our-spring-bazaar\\\/#primaryimage\",\"url\":\"https:\\\/\\\/martinluther.ca\\\/wp-content\\\/uploads\\\/2022\\\/03\\\/MLC_SpringBazaar2022_VolunteersNeeded_SM_web.jpg\",\"contentUrl\":\"https:\\\/\\\/martinluther.ca\\\/wp-content\\\/uploads\\\/2022\\\/03\\\/MLC_SpringBazaar2022_VolunteersNeeded_SM_web.jpg\",\"width\":695,\"height\":900,\"caption\":\"MLC_SpringBazaar2022_VolunteersNeeded_web\"},{\"@type\":\"BreadcrumbList\",\"@id\":\"https:\\\/\\\/martinluther.ca\\\/2022\\\/03\\\/let-the-creating-begin-for-our-spring-bazaar\\\/#breadcrumb\",\"itemListElement\":[{\"@type\":\"ListItem\",\"position\":1,\"name\":\"Home\",\"item\":\"https:\\\/\\\/martinluther.ca\\\/de\\\/\"},{\"@type\":\"ListItem\",\"position\":2,\"name\":\"Lasst uns mit der Kreativit\u00e4t beginnen! &#8230; f\u00fcr den Fr\u00fchlingsbasar\"}]},{\"@type\":\"WebSite\",\"@id\":\"https:\\\/\\\/martinluther.ca\\\/de\\\/#website\",\"url\":\"https:\\\/\\\/martinluther.ca\\\/de\\\/\",\"name\":\"Martin Luther Evangelical Church Toronto\",\"description\":\"Deutsch &amp; Englisch\",\"publisher\":{\"@id\":\"https:\\\/\\\/martinluther.ca\\\/de\\\/#organization\"},\"potentialAction\":[{\"@type\":\"SearchAction\",\"target\":{\"@type\":\"EntryPoint\",\"urlTemplate\":\"https:\\\/\\\/martinluther.ca\\\/de\\\/?s={search_term_string}\"},\"query-input\":{\"@type\":\"PropertyValueSpecification\",\"valueRequired\":true,\"valueName\":\"search_term_string\"}}],\"inLanguage\":\"de\"},{\"@type\":\"Organization\",\"@id\":\"https:\\\/\\\/martinluther.ca\\\/de\\\/#organization\",\"name\":\"Martin Luther Evangelical Church Toronto\",\"url\":\"https:\\\/\\\/martinluther.ca\\\/de\\\/\",\"logo\":{\"@type\":\"ImageObject\",\"inLanguage\":\"de\",\"@id\":\"https:\\\/\\\/martinluther.ca\\\/de\\\/#\\\/schema\\\/logo\\\/image\\\/\",\"url\":\"https:\\\/\\\/martinluther.ca\\\/wp-content\\\/uploads\\\/2016\\\/12\\\/ml-logo-300.png\",\"contentUrl\":\"https:\\\/\\\/martinluther.ca\\\/wp-content\\\/uploads\\\/2016\\\/12\\\/ml-logo-300.png\",\"width\":300,\"height\":150,\"caption\":\"Martin Luther Evangelical Church Toronto\"},\"image\":{\"@id\":\"https:\\\/\\\/martinluther.ca\\\/de\\\/#\\\/schema\\\/logo\\\/image\\\/\"},\"sameAs\":[\"https:\\\/\\\/www.facebook.com\\\/martinlutherchurchtoronto\",\"https:\\\/\\\/www.instagram.com\\\/lutheransbythelake\\\/\",\"https:\\\/\\\/www.youtube.com\\\/MartinLutherChurchToronto\"]},{\"@type\":\"Person\",\"@id\":\"https:\\\/\\\/martinluther.ca\\\/de\\\/#\\\/schema\\\/person\\\/815c51710f70b050f0476f18da6b0c8f\",\"name\":\"Mona Kakoschke Frantzke\",\"image\":{\"@type\":\"ImageObject\",\"inLanguage\":\"de\",\"@id\":\"https:\\\/\\\/secure.gravatar.com\\\/avatar\\\/0deb16854ca545cd2e9fc8001ca110d262b80d5c8317b38dc542265fbea0ed19?s=96&d=mm&r=g\",\"url\":\"https:\\\/\\\/secure.gravatar.com\\\/avatar\\\/0deb16854ca545cd2e9fc8001ca110d262b80d5c8317b38dc542265fbea0ed19?s=96&d=mm&r=g\",\"contentUrl\":\"https:\\\/\\\/secure.gravatar.com\\\/avatar\\\/0deb16854ca545cd2e9fc8001ca110d262b80d5c8317b38dc542265fbea0ed19?s=96&d=mm&r=g\",\"caption\":\"Mona Kakoschke Frantzke\"},\"url\":false}]}<\/script>\n<!-- \/ Yoast SEO plugin. -->","yoast_head_json":{"title":"Lasst uns mit der Kreativit\u00e4t beginnen! ... f\u00fcr den Fr\u00fchlingsbasar - Martin Luther Evangelische Kirche Toronto","robots":{"index":"index","follow":"follow","max-snippet":"max-snippet:-1","max-image-preview":"max-image-preview:large","max-video-preview":"max-video-preview:-1"},"canonical":"https:\/\/martinluther.ca\/2022\/03\/let-the-creating-begin-for-our-spring-bazaar\/","og_locale":"de_DE","og_type":"article","og_title":"Lasst uns mit der Kreativit\u00e4t beginnen! ... f\u00fcr den Fr\u00fchlingsbasar - Martin Luther Evangelische Kirche Toronto","og_description":"Online Verkaufsdaten: Mittwoch, 27. April \u2013 Freitag, 6. Mai 2022 Abholtag: Sonntag, 8. Mai an der Kirche. Die Zeit f\u00fcr unseren zweiten MLK-Fr\u00fchlingsbasar ist gekommen! Gerade rechtzeitig zum Muttertag am Sonntag, den 8. Mai. Wir rufen alle cleveren Sch\u00f6pfer*innen dazu auf, ihre Produkte f\u00fcr das Angebot auf dem Fr\u00fchlingsbasar beizusteuern. Ich bin auf der Suche&hellip;","og_url":"https:\/\/martinluther.ca\/2022\/03\/let-the-creating-begin-for-our-spring-bazaar\/","og_site_name":"Martin Luther Evangelische Kirche Toronto","article_publisher":"https:\/\/www.facebook.com\/martinlutherchurchtoronto","article_published_time":"2022-03-07T16:56:43+00:00","article_modified_time":"2022-03-30T22:40:44+00:00","og_image":[{"width":695,"height":900,"url":"https:\/\/martinluther.ca\/wp-content\/uploads\/2022\/03\/MLC_SpringBazaar2022_VolunteersNeeded_SM_web.jpg","type":"image\/jpeg"}],"author":"Mona Kakoschke Frantzke","twitter_card":"summary_large_image","twitter_misc":{"Verfasst von":"Mona Kakoschke Frantzke","Gesch\u00e4tzte Lesezeit":"3\u00a0Minuten"},"schema":{"@context":"https:\/\/schema.org","@graph":[{"@type":"Article","@id":"https:\/\/martinluther.ca\/2022\/03\/let-the-creating-begin-for-our-spring-bazaar\/#article","isPartOf":{"@id":"https:\/\/martinluther.ca\/2022\/03\/let-the-creating-begin-for-our-spring-bazaar\/"},"author":{"name":"Mona Kakoschke Frantzke","@id":"https:\/\/martinluther.ca\/de\/#\/schema\/person\/815c51710f70b050f0476f18da6b0c8f"},"headline":"Lasst uns mit der Kreativit\u00e4t beginnen! &#8230; f\u00fcr den Fr\u00fchlingsbasar","datePublished":"2022-03-07T16:56:43+00:00","dateModified":"2022-03-30T22:40:44+00:00","mainEntityOfPage":{"@id":"https:\/\/martinluther.ca\/2022\/03\/let-the-creating-begin-for-our-spring-bazaar\/"},"wordCount":519,"publisher":{"@id":"https:\/\/martinluther.ca\/de\/#organization"},"image":{"@id":"https:\/\/martinluther.ca\/2022\/03\/let-the-creating-begin-for-our-spring-bazaar\/#primaryimage"},"thumbnailUrl":"https:\/\/martinluther.ca\/wp-content\/uploads\/2022\/03\/MLC_SpringBazaar2022_VolunteersNeeded_SM_web.jpg","articleSection":["News Blog - German"],"inLanguage":"de"},{"@type":"WebPage","@id":"https:\/\/martinluther.ca\/2022\/03\/let-the-creating-begin-for-our-spring-bazaar\/","url":"https:\/\/martinluther.ca\/2022\/03\/let-the-creating-begin-for-our-spring-bazaar\/","name":"Lasst uns mit der Kreativit\u00e4t beginnen! ... f\u00fcr den Fr\u00fchlingsbasar - Martin Luther Evangelische Kirche Toronto","isPartOf":{"@id":"https:\/\/martinluther.ca\/de\/#website"},"primaryImageOfPage":{"@id":"https:\/\/martinluther.ca\/2022\/03\/let-the-creating-begin-for-our-spring-bazaar\/#primaryimage"},"image":{"@id":"https:\/\/martinluther.ca\/2022\/03\/let-the-creating-begin-for-our-spring-bazaar\/#primaryimage"},"thumbnailUrl":"https:\/\/martinluther.ca\/wp-content\/uploads\/2022\/03\/MLC_SpringBazaar2022_VolunteersNeeded_SM_web.jpg","datePublished":"2022-03-07T16:56:43+00:00","dateModified":"2022-03-30T22:40:44+00:00","breadcrumb":{"@id":"https:\/\/martinluther.ca\/2022\/03\/let-the-creating-begin-for-our-spring-bazaar\/#breadcrumb"},"inLanguage":"de","potentialAction":[{"@type":"ReadAction","target":["https:\/\/martinluther.ca\/2022\/03\/let-the-creating-begin-for-our-spring-bazaar\/"]}]},{"@type":"ImageObject","inLanguage":"de","@id":"https:\/\/martinluther.ca\/2022\/03\/let-the-creating-begin-for-our-spring-bazaar\/#primaryimage","url":"https:\/\/martinluther.ca\/wp-content\/uploads\/2022\/03\/MLC_SpringBazaar2022_VolunteersNeeded_SM_web.jpg","contentUrl":"https:\/\/martinluther.ca\/wp-content\/uploads\/2022\/03\/MLC_SpringBazaar2022_VolunteersNeeded_SM_web.jpg","width":695,"height":900,"caption":"MLC_SpringBazaar2022_VolunteersNeeded_web"},{"@type":"BreadcrumbList","@id":"https:\/\/martinluther.ca\/2022\/03\/let-the-creating-begin-for-our-spring-bazaar\/#breadcrumb","itemListElement":[{"@type":"ListItem","position":1,"name":"Home","item":"https:\/\/martinluther.ca\/de\/"},{"@type":"ListItem","position":2,"name":"Lasst uns mit der Kreativit\u00e4t beginnen! &#8230; f\u00fcr den Fr\u00fchlingsbasar"}]},{"@type":"WebSite","@id":"https:\/\/martinluther.ca\/de\/#website","url":"https:\/\/martinluther.ca\/de\/","name":"Martin Luther Evangelical Church Toronto","description":"Deutsch &amp; Englisch","publisher":{"@id":"https:\/\/martinluther.ca\/de\/#organization"},"potentialAction":[{"@type":"SearchAction","target":{"@type":"EntryPoint","urlTemplate":"https:\/\/martinluther.ca\/de\/?s={search_term_string}"},"query-input":{"@type":"PropertyValueSpecification","valueRequired":true,"valueName":"search_term_string"}}],"inLanguage":"de"},{"@type":"Organization","@id":"https:\/\/martinluther.ca\/de\/#organization","name":"Martin Luther Evangelical Church Toronto","url":"https:\/\/martinluther.ca\/de\/","logo":{"@type":"ImageObject","inLanguage":"de","@id":"https:\/\/martinluther.ca\/de\/#\/schema\/logo\/image\/","url":"https:\/\/martinluther.ca\/wp-content\/uploads\/2016\/12\/ml-logo-300.png","contentUrl":"https:\/\/martinluther.ca\/wp-content\/uploads\/2016\/12\/ml-logo-300.png","width":300,"height":150,"caption":"Martin Luther Evangelical Church Toronto"},"image":{"@id":"https:\/\/martinluther.ca\/de\/#\/schema\/logo\/image\/"},"sameAs":["https:\/\/www.facebook.com\/martinlutherchurchtoronto","https:\/\/www.instagram.com\/lutheransbythelake\/","https:\/\/www.youtube.com\/MartinLutherChurchToronto"]},{"@type":"Person","@id":"https:\/\/martinluther.ca\/de\/#\/schema\/person\/815c51710f70b050f0476f18da6b0c8f","name":"Mona Kakoschke Frantzke","image":{"@type":"ImageObject","inLanguage":"de","@id":"https:\/\/secure.gravatar.com\/avatar\/0deb16854ca545cd2e9fc8001ca110d262b80d5c8317b38dc542265fbea0ed19?s=96&d=mm&r=g","url":"https:\/\/secure.gravatar.com\/avatar\/0deb16854ca545cd2e9fc8001ca110d262b80d5c8317b38dc542265fbea0ed19?s=96&d=mm&r=g","contentUrl":"https:\/\/secure.gravatar.com\/avatar\/0deb16854ca545cd2e9fc8001ca110d262b80d5c8317b38dc542265fbea0ed19?s=96&d=mm&r=g","caption":"Mona Kakoschke Frantzke"},"url":false}]}},"_links":{"self":[{"href":"https:\/\/martinluther.ca\/de\/wp-json\/wp\/v2\/posts\/40618","targetHints":{"allow":["GET"]}}],"collection":[{"href":"https:\/\/martinluther.ca\/de\/wp-json\/wp\/v2\/posts"}],"about":[{"href":"https:\/\/martinluther.ca\/de\/wp-json\/wp\/v2\/types\/post"}],"author":[{"embeddable":true,"href":"https:\/\/martinluther.ca\/de\/wp-json\/wp\/v2\/users\/9"}],"replies":[{"embeddable":true,"href":"https:\/\/martinluther.ca\/de\/wp-json\/wp\/v2\/comments?post=40618"}],"version-history":[{"count":8,"href":"https:\/\/martinluther.ca\/de\/wp-json\/wp\/v2\/posts\/40618\/revisions"}],"predecessor-version":[{"id":40698,"href":"https:\/\/martinluther.ca\/de\/wp-json\/wp\/v2\/posts\/40618\/revisions\/40698"}],"wp:featuredmedia":[{"embeddable":true,"href":"https:\/\/martinluther.ca\/de\/wp-json\/wp\/v2\/media\/40697"}],"wp:attachment":[{"href":"https:\/\/martinluther.ca\/de\/wp-json\/wp\/v2\/media?parent=40618"}],"wp:term":[{"taxonomy":"category","embeddable":true,"href":"https:\/\/martinluther.ca\/de\/wp-json\/wp\/v2\/categories?post=40618"},{"taxonomy":"post_tag","embeddable":true,"href":"https:\/\/martinluther.ca\/de\/wp-json\/wp\/v2\/tags?post=40618"},{"taxonomy":"post_series","embeddable":true,"href":"https:\/\/martinluther.ca\/de\/wp-json\/wp\/v2\/post_series?post=40618"}],"curies":[{"name":"wp","href":"https:\/\/api.w.org\/{rel}","templated":true}]}}