{"id":40734,"date":"2022-03-25T14:15:05","date_gmt":"2022-03-25T18:15:05","guid":{"rendered":"https:\/\/martinluther.ca\/?p=40734"},"modified":"2022-05-12T17:39:47","modified_gmt":"2022-05-12T21:39:47","slug":"anmeldung-fuer-das-sommer-camp-1-7-august-2022","status":"publish","type":"post","link":"https:\/\/martinluther.ca\/de\/2022\/03\/anmeldung-fuer-das-sommer-camp-1-7-august-2022\/","title":{"rendered":"ABGESAGT &#8211; Anmeldung f\u00fcr das Sommer-Camp, 1.-7. August 2022"},"content":{"rendered":"<p><img loading=\"lazy\" decoding=\"async\" class=\"alignright size-medium wp-image-40730\" src=\"https:\/\/martinluther.ca\/wp-content\/uploads\/2022\/03\/2022-Camp-Lutherlyn-flyer-300x232.jpg\" alt=\"2022 Camp Lutherlyn -flyer\" width=\"300\" height=\"232\" srcset=\"https:\/\/martinluther.ca\/wp-content\/uploads\/2022\/03\/2022-Camp-Lutherlyn-flyer-300x232.jpg 300w, https:\/\/martinluther.ca\/wp-content\/uploads\/2022\/03\/2022-Camp-Lutherlyn-flyer-1024x791.jpg 1024w, https:\/\/martinluther.ca\/wp-content\/uploads\/2022\/03\/2022-Camp-Lutherlyn-flyer-768x593.jpg 768w, https:\/\/martinluther.ca\/wp-content\/uploads\/2022\/03\/2022-Camp-Lutherlyn-flyer.jpg 1200w\" sizes=\"auto, (max-width: 300px) 100vw, 300px\" \/><\/p>\n<p>ABGESAGT wegen zu geringer Teilnahme. Wir werden nach anderen Gelegenheiten suchen, uns diesen Sommer zu treffen.<\/p>\n<p>March 25, 2022 &#8211;<\/p>\n<p>Es f\u00e4llt uns in dieser kalten Jahreszeit sicherlich schwer zu glauben, aber der Sommer kommt bestimmt. Mit gro\u00dfer Freude k\u00f6nnen wir unsere R\u00fcckkehr ins Camp Lutherlyn bekanntgeben.<\/p>\n<p><strong>Montag, 1. August bis Sonntag, 7. August 2022.<\/strong><\/p>\n<p>Notieren Sie es auf Ihrem Kalender und freuen Sie sich auf eine Woche voller Ferienspass vom 1. bis 7. August 2022. Wir hoffen dieses Jahr wieder viele von Ihnen im Ferienlager begr\u00fc\u00dfen zu k\u00f6nnen. Ab geht es in den Norden, wo zusammen mit dem Camp-Lutherlyn-Team alle unsere Lieblingsaktivit\u00e4ten und -programme \u2014aber auch viel Gelegenheit f\u00fcr innere Einkehr und Reflexion\u2014 auf uns warten.<\/p>\n<p>Dieses Jahr wurde f\u00fcr alle Altersgruppen und Entwicklungsstufen ein Ferienlager gestaltet, bei dem sich alle Teilnehmer*in ein eigenes Abenteuer aussuchten k\u00f6nnen. Zu bestimmten Tageszeiten werden unsere Lieblingsprogramme von einem Team aus der Martin-Luther-Kirche ausgerichtet, und die restliche Zeit machen wir an Stationen mit, die vom Lutherlyn-Aktivit\u00e4ten-Team bzw., unseren neuen Lagerfreunden, organisiert werden. Bis Ostern werden wir unsere Teilnehmerzahlen bei der Camp- Lutherlyn-Verwaltung best\u00e4tigen m\u00fcssen.<\/p>\n<p>FInteressiert? Noch Fragen? Zur Anmeldung bereit? Geben Sie uns Bescheid, um alle ben\u00f6tigten Informationen u. Unterlagen zu erhalten und im Sommer abfahrtbereit zu sein! Kontaktieren Sie bitte das B\u00fcro der Martin-Luther-Kirche: <a href=\"mailto:churchoffice@martinluther.ca\" target=\"_blank\" rel=\"noopener\">churchoffice@martinluther.ca<\/a> Telefon: (416) 251-8293.<\/p>\n<p>Lassen Sie es uns <strong>bis zum 17. April (Ostersonntag)<\/strong>, wissen, damit wir sicherstellen k\u00f6nnen, dass Sie alles n\u00f6tige wissen, und sich vorbereiten k\u00f6nnen!<\/p>\n<p>Wir k\u00f6nnen immer Freiwillige, die dem Sommercamp-Planungsteam helfen m\u00f6chten, gut gebrauchen. Bitte kontaktieren Sie: <a href=\"mailto:campdirector@martinluther.ca\" target=\"_blank\" rel=\"noopener\">campdirector@martinluther.ca<\/a><\/p>\n<p><img loading=\"lazy\" decoding=\"async\" class=\"alignright wp-image-39873\" src=\"https:\/\/martinluther.ca\/wp-content\/uploads\/2021\/11\/camp-lutherlyn-round-logo-2021-300x300.png\" alt=\"camp lutherlyn round logo 2021\" width=\"190\" height=\"190\" srcset=\"https:\/\/martinluther.ca\/wp-content\/uploads\/2021\/11\/camp-lutherlyn-round-logo-2021-300x300.png 300w, https:\/\/martinluther.ca\/wp-content\/uploads\/2021\/11\/camp-lutherlyn-round-logo-2021-150x150.png 150w, https:\/\/martinluther.ca\/wp-content\/uploads\/2021\/11\/camp-lutherlyn-round-logo-2021.png 569w\" sizes=\"auto, (max-width: 190px) 100vw, 190px\" \/><\/p>\n<p>Camp Lutherlyn ist ein Freiluftprogramm der \u00d6stlichen Synode der Evangelisch-Lutherischen Kirche in Kanada. <a href=\"https:\/\/www.lutherlyncamp.ca\/\" target=\"_blank\" rel=\"noopener\">https:\/\/www.lutherlyncamp.ca\/<\/a>\u00a0Hoch ragende Kiefern, gesaftige Wiesen, und Sandstr\u00e4nde in der wundersch\u00f6nen Umgebung des Golden Lake: Camp Lutherlyn ist ein idealer Zufluchtsort f\u00fcr Erholung, Erneuerung und Lernen.<\/p>\n<p>Vier Jahrzehnte lang \u2014ausgenommen die letzten zwei Jahre in der Pandemie\u2014 gehen unsere Martin-Luther-Kirch-Familien und Jugendlichen jeden Sommer zum Sommerlager im Camp Lutherlyn. Schauen Sie sich unsere vergangenen Camps auf unserer <a href=\"https:\/\/martinluther.ca\/de\/sommercamp\/\" target=\"_blank\" rel=\"noopener\">Sommercamp-Webseite<\/a> an, wo Sie Fotos von unvergesslichen Erinnerungen ansehen k\u00f6nnen!<\/p>\n<p><strong>Anmeldeformular f\u00fcr das Sommercamp_2022 [PDF] <\/strong>&#8211; kommt bald<\/p>\n<p><strong>MLC (2022) Sommercamp-Flyer [PDF] <\/strong>&#8211; kommt bald<\/p>\n<p><strong>Wegbeschreibung zum Camp Lutherlyn [PDF]<\/strong> &#8211; kommt bald<\/p>\n<p><strong>Preise und Anfahrtm\u00f6glichkeiten:<\/strong> noch festzulegen.<\/p>\n","protected":false},"excerpt":{"rendered":"<p>ABGESAGT wegen zu geringer Teilnahme. Wir werden nach anderen Gelegenheiten suchen, uns diesen Sommer zu treffen. March 25, 2022 &#8211; Es f\u00e4llt uns in dieser kalten Jahreszeit sicherlich schwer zu glauben, aber der Sommer kommt bestimmt. Mit gro\u00dfer Freude k\u00f6nnen wir unsere R\u00fcckkehr ins Camp Lutherlyn bekanntgeben. Montag, 1. August bis Sonntag, 7. August 2022.&hellip;<\/p>\n","protected":false},"author":9,"featured_media":40730,"comment_status":"closed","ping_status":"closed","sticky":false,"template":"","format":"standard","meta":{"footnotes":""},"categories":[69],"tags":[],"post_series":[],"class_list":["post-40734","post","type-post","status-publish","format-standard","has-post-thumbnail","hentry","category-news-blog-german","entry","has-media"],"yoast_head":"<!-- This site is optimized with the Yoast SEO plugin v27.5 - https:\/\/yoast.com\/product\/yoast-seo-wordpress\/ -->\n<title>ABGESAGT - Anmeldung f\u00fcr das Sommer-Camp, 1.-7. August 2022 - Martin Luther Evangelische Kirche Toronto<\/title>\n<meta name=\"robots\" content=\"index, follow, max-snippet:-1, max-image-preview:large, max-video-preview:-1\" \/>\n<link rel=\"canonical\" href=\"https:\/\/martinluther.ca\/de\/2022\/03\/anmeldung-fuer-das-sommer-camp-1-7-august-2022\/\" \/>\n<meta property=\"og:locale\" content=\"de_DE\" \/>\n<meta property=\"og:type\" content=\"article\" \/>\n<meta property=\"og:title\" content=\"ABGESAGT - Anmeldung f\u00fcr das Sommer-Camp, 1.-7. August 2022 - Martin Luther Evangelische Kirche Toronto\" \/>\n<meta property=\"og:description\" content=\"ABGESAGT wegen zu geringer Teilnahme. Wir werden nach anderen Gelegenheiten suchen, uns diesen Sommer zu treffen. March 25, 2022 &#8211; Es f\u00e4llt uns in dieser kalten Jahreszeit sicherlich schwer zu glauben, aber der Sommer kommt bestimmt. Mit gro\u00dfer Freude k\u00f6nnen wir unsere R\u00fcckkehr ins Camp Lutherlyn bekanntgeben. Montag, 1. August bis Sonntag, 7. August 2022.&hellip;\" \/>\n<meta property=\"og:url\" content=\"https:\/\/martinluther.ca\/de\/2022\/03\/anmeldung-fuer-das-sommer-camp-1-7-august-2022\/\" \/>\n<meta property=\"og:site_name\" content=\"Martin Luther Evangelische Kirche Toronto\" \/>\n<meta property=\"article:publisher\" content=\"https:\/\/www.facebook.com\/martinlutherchurchtoronto\" \/>\n<meta property=\"article:published_time\" content=\"2022-03-25T18:15:05+00:00\" \/>\n<meta property=\"article:modified_time\" content=\"2022-05-12T21:39:47+00:00\" \/>\n<meta property=\"og:image\" content=\"https:\/\/martinluther.ca\/wp-content\/uploads\/2022\/03\/2022-Camp-Lutherlyn-flyer.jpg\" \/>\n\t<meta property=\"og:image:width\" content=\"1200\" \/>\n\t<meta property=\"og:image:height\" content=\"927\" \/>\n\t<meta property=\"og:image:type\" content=\"image\/jpeg\" \/>\n<meta name=\"author\" content=\"Mona Kakoschke Frantzke\" \/>\n<meta name=\"twitter:card\" content=\"summary_large_image\" \/>\n<meta name=\"twitter:label1\" content=\"Verfasst von\" \/>\n\t<meta name=\"twitter:data1\" content=\"Mona Kakoschke Frantzke\" \/>\n\t<meta name=\"twitter:label2\" content=\"Gesch\u00e4tzte Lesezeit\" \/>\n\t<meta name=\"twitter:data2\" content=\"2\u00a0Minuten\" \/>\n<script type=\"application\/ld+json\" class=\"yoast-schema-graph\">{\"@context\":\"https:\\\/\\\/schema.org\",\"@graph\":[{\"@type\":\"Article\",\"@id\":\"https:\\\/\\\/martinluther.ca\\\/de\\\/2022\\\/03\\\/anmeldung-fuer-das-sommer-camp-1-7-august-2022\\\/#article\",\"isPartOf\":{\"@id\":\"https:\\\/\\\/martinluther.ca\\\/de\\\/2022\\\/03\\\/anmeldung-fuer-das-sommer-camp-1-7-august-2022\\\/\"},\"author\":{\"name\":\"Mona Kakoschke Frantzke\",\"@id\":\"https:\\\/\\\/martinluther.ca\\\/de\\\/#\\\/schema\\\/person\\\/815c51710f70b050f0476f18da6b0c8f\"},\"headline\":\"ABGESAGT &#8211; Anmeldung f\u00fcr das Sommer-Camp, 1.-7. August 2022\",\"datePublished\":\"2022-03-25T18:15:05+00:00\",\"dateModified\":\"2022-05-12T21:39:47+00:00\",\"mainEntityOfPage\":{\"@id\":\"https:\\\/\\\/martinluther.ca\\\/de\\\/2022\\\/03\\\/anmeldung-fuer-das-sommer-camp-1-7-august-2022\\\/\"},\"wordCount\":394,\"publisher\":{\"@id\":\"https:\\\/\\\/martinluther.ca\\\/de\\\/#organization\"},\"image\":{\"@id\":\"https:\\\/\\\/martinluther.ca\\\/de\\\/2022\\\/03\\\/anmeldung-fuer-das-sommer-camp-1-7-august-2022\\\/#primaryimage\"},\"thumbnailUrl\":\"https:\\\/\\\/martinluther.ca\\\/wp-content\\\/uploads\\\/2022\\\/03\\\/2022-Camp-Lutherlyn-flyer.jpg\",\"articleSection\":[\"News Blog - German\"],\"inLanguage\":\"de\"},{\"@type\":\"WebPage\",\"@id\":\"https:\\\/\\\/martinluther.ca\\\/de\\\/2022\\\/03\\\/anmeldung-fuer-das-sommer-camp-1-7-august-2022\\\/\",\"url\":\"https:\\\/\\\/martinluther.ca\\\/de\\\/2022\\\/03\\\/anmeldung-fuer-das-sommer-camp-1-7-august-2022\\\/\",\"name\":\"ABGESAGT - Anmeldung f\u00fcr das Sommer-Camp, 1.-7. August 2022 - Martin Luther Evangelische Kirche Toronto\",\"isPartOf\":{\"@id\":\"https:\\\/\\\/martinluther.ca\\\/de\\\/#website\"},\"primaryImageOfPage\":{\"@id\":\"https:\\\/\\\/martinluther.ca\\\/de\\\/2022\\\/03\\\/anmeldung-fuer-das-sommer-camp-1-7-august-2022\\\/#primaryimage\"},\"image\":{\"@id\":\"https:\\\/\\\/martinluther.ca\\\/de\\\/2022\\\/03\\\/anmeldung-fuer-das-sommer-camp-1-7-august-2022\\\/#primaryimage\"},\"thumbnailUrl\":\"https:\\\/\\\/martinluther.ca\\\/wp-content\\\/uploads\\\/2022\\\/03\\\/2022-Camp-Lutherlyn-flyer.jpg\",\"datePublished\":\"2022-03-25T18:15:05+00:00\",\"dateModified\":\"2022-05-12T21:39:47+00:00\",\"breadcrumb\":{\"@id\":\"https:\\\/\\\/martinluther.ca\\\/de\\\/2022\\\/03\\\/anmeldung-fuer-das-sommer-camp-1-7-august-2022\\\/#breadcrumb\"},\"inLanguage\":\"de\",\"potentialAction\":[{\"@type\":\"ReadAction\",\"target\":[\"https:\\\/\\\/martinluther.ca\\\/de\\\/2022\\\/03\\\/anmeldung-fuer-das-sommer-camp-1-7-august-2022\\\/\"]}]},{\"@type\":\"ImageObject\",\"inLanguage\":\"de\",\"@id\":\"https:\\\/\\\/martinluther.ca\\\/de\\\/2022\\\/03\\\/anmeldung-fuer-das-sommer-camp-1-7-august-2022\\\/#primaryimage\",\"url\":\"https:\\\/\\\/martinluther.ca\\\/wp-content\\\/uploads\\\/2022\\\/03\\\/2022-Camp-Lutherlyn-flyer.jpg\",\"contentUrl\":\"https:\\\/\\\/martinluther.ca\\\/wp-content\\\/uploads\\\/2022\\\/03\\\/2022-Camp-Lutherlyn-flyer.jpg\",\"width\":1200,\"height\":927,\"caption\":\"2022 Camp Lutherlyn -flyer\"},{\"@type\":\"BreadcrumbList\",\"@id\":\"https:\\\/\\\/martinluther.ca\\\/de\\\/2022\\\/03\\\/anmeldung-fuer-das-sommer-camp-1-7-august-2022\\\/#breadcrumb\",\"itemListElement\":[{\"@type\":\"ListItem\",\"position\":1,\"name\":\"Home\",\"item\":\"https:\\\/\\\/martinluther.ca\\\/de\\\/\"},{\"@type\":\"ListItem\",\"position\":2,\"name\":\"ABGESAGT &#8211; Anmeldung f\u00fcr das Sommer-Camp, 1.-7. August 2022\"}]},{\"@type\":\"WebSite\",\"@id\":\"https:\\\/\\\/martinluther.ca\\\/de\\\/#website\",\"url\":\"https:\\\/\\\/martinluther.ca\\\/de\\\/\",\"name\":\"Martin Luther Evangelical Church Toronto\",\"description\":\"Deutsch &amp; Englisch\",\"publisher\":{\"@id\":\"https:\\\/\\\/martinluther.ca\\\/de\\\/#organization\"},\"potentialAction\":[{\"@type\":\"SearchAction\",\"target\":{\"@type\":\"EntryPoint\",\"urlTemplate\":\"https:\\\/\\\/martinluther.ca\\\/de\\\/?s={search_term_string}\"},\"query-input\":{\"@type\":\"PropertyValueSpecification\",\"valueRequired\":true,\"valueName\":\"search_term_string\"}}],\"inLanguage\":\"de\"},{\"@type\":\"Organization\",\"@id\":\"https:\\\/\\\/martinluther.ca\\\/de\\\/#organization\",\"name\":\"Martin Luther Evangelical Church Toronto\",\"url\":\"https:\\\/\\\/martinluther.ca\\\/de\\\/\",\"logo\":{\"@type\":\"ImageObject\",\"inLanguage\":\"de\",\"@id\":\"https:\\\/\\\/martinluther.ca\\\/de\\\/#\\\/schema\\\/logo\\\/image\\\/\",\"url\":\"https:\\\/\\\/martinluther.ca\\\/wp-content\\\/uploads\\\/2016\\\/12\\\/ml-logo-300.png\",\"contentUrl\":\"https:\\\/\\\/martinluther.ca\\\/wp-content\\\/uploads\\\/2016\\\/12\\\/ml-logo-300.png\",\"width\":300,\"height\":150,\"caption\":\"Martin Luther Evangelical Church Toronto\"},\"image\":{\"@id\":\"https:\\\/\\\/martinluther.ca\\\/de\\\/#\\\/schema\\\/logo\\\/image\\\/\"},\"sameAs\":[\"https:\\\/\\\/www.facebook.com\\\/martinlutherchurchtoronto\",\"https:\\\/\\\/www.instagram.com\\\/lutheransbythelake\\\/\",\"https:\\\/\\\/www.youtube.com\\\/MartinLutherChurchToronto\"]},{\"@type\":\"Person\",\"@id\":\"https:\\\/\\\/martinluther.ca\\\/de\\\/#\\\/schema\\\/person\\\/815c51710f70b050f0476f18da6b0c8f\",\"name\":\"Mona Kakoschke Frantzke\",\"image\":{\"@type\":\"ImageObject\",\"inLanguage\":\"de\",\"@id\":\"https:\\\/\\\/secure.gravatar.com\\\/avatar\\\/0deb16854ca545cd2e9fc8001ca110d262b80d5c8317b38dc542265fbea0ed19?s=96&d=mm&r=g\",\"url\":\"https:\\\/\\\/secure.gravatar.com\\\/avatar\\\/0deb16854ca545cd2e9fc8001ca110d262b80d5c8317b38dc542265fbea0ed19?s=96&d=mm&r=g\",\"contentUrl\":\"https:\\\/\\\/secure.gravatar.com\\\/avatar\\\/0deb16854ca545cd2e9fc8001ca110d262b80d5c8317b38dc542265fbea0ed19?s=96&d=mm&r=g\",\"caption\":\"Mona Kakoschke Frantzke\"},\"url\":false}]}<\/script>\n<!-- \/ Yoast SEO plugin. -->","yoast_head_json":{"title":"ABGESAGT - Anmeldung f\u00fcr das Sommer-Camp, 1.-7. August 2022 - Martin Luther Evangelische Kirche Toronto","robots":{"index":"index","follow":"follow","max-snippet":"max-snippet:-1","max-image-preview":"max-image-preview:large","max-video-preview":"max-video-preview:-1"},"canonical":"https:\/\/martinluther.ca\/de\/2022\/03\/anmeldung-fuer-das-sommer-camp-1-7-august-2022\/","og_locale":"de_DE","og_type":"article","og_title":"ABGESAGT - Anmeldung f\u00fcr das Sommer-Camp, 1.-7. August 2022 - Martin Luther Evangelische Kirche Toronto","og_description":"ABGESAGT wegen zu geringer Teilnahme. Wir werden nach anderen Gelegenheiten suchen, uns diesen Sommer zu treffen. March 25, 2022 &#8211; Es f\u00e4llt uns in dieser kalten Jahreszeit sicherlich schwer zu glauben, aber der Sommer kommt bestimmt. Mit gro\u00dfer Freude k\u00f6nnen wir unsere R\u00fcckkehr ins Camp Lutherlyn bekanntgeben. Montag, 1. August bis Sonntag, 7. August 2022.&hellip;","og_url":"https:\/\/martinluther.ca\/de\/2022\/03\/anmeldung-fuer-das-sommer-camp-1-7-august-2022\/","og_site_name":"Martin Luther Evangelische Kirche Toronto","article_publisher":"https:\/\/www.facebook.com\/martinlutherchurchtoronto","article_published_time":"2022-03-25T18:15:05+00:00","article_modified_time":"2022-05-12T21:39:47+00:00","og_image":[{"width":1200,"height":927,"url":"https:\/\/martinluther.ca\/wp-content\/uploads\/2022\/03\/2022-Camp-Lutherlyn-flyer.jpg","type":"image\/jpeg"}],"author":"Mona Kakoschke Frantzke","twitter_card":"summary_large_image","twitter_misc":{"Verfasst von":"Mona Kakoschke Frantzke","Gesch\u00e4tzte Lesezeit":"2\u00a0Minuten"},"schema":{"@context":"https:\/\/schema.org","@graph":[{"@type":"Article","@id":"https:\/\/martinluther.ca\/de\/2022\/03\/anmeldung-fuer-das-sommer-camp-1-7-august-2022\/#article","isPartOf":{"@id":"https:\/\/martinluther.ca\/de\/2022\/03\/anmeldung-fuer-das-sommer-camp-1-7-august-2022\/"},"author":{"name":"Mona Kakoschke Frantzke","@id":"https:\/\/martinluther.ca\/de\/#\/schema\/person\/815c51710f70b050f0476f18da6b0c8f"},"headline":"ABGESAGT &#8211; Anmeldung f\u00fcr das Sommer-Camp, 1.-7. August 2022","datePublished":"2022-03-25T18:15:05+00:00","dateModified":"2022-05-12T21:39:47+00:00","mainEntityOfPage":{"@id":"https:\/\/martinluther.ca\/de\/2022\/03\/anmeldung-fuer-das-sommer-camp-1-7-august-2022\/"},"wordCount":394,"publisher":{"@id":"https:\/\/martinluther.ca\/de\/#organization"},"image":{"@id":"https:\/\/martinluther.ca\/de\/2022\/03\/anmeldung-fuer-das-sommer-camp-1-7-august-2022\/#primaryimage"},"thumbnailUrl":"https:\/\/martinluther.ca\/wp-content\/uploads\/2022\/03\/2022-Camp-Lutherlyn-flyer.jpg","articleSection":["News Blog - German"],"inLanguage":"de"},{"@type":"WebPage","@id":"https:\/\/martinluther.ca\/de\/2022\/03\/anmeldung-fuer-das-sommer-camp-1-7-august-2022\/","url":"https:\/\/martinluther.ca\/de\/2022\/03\/anmeldung-fuer-das-sommer-camp-1-7-august-2022\/","name":"ABGESAGT - Anmeldung f\u00fcr das Sommer-Camp, 1.-7. August 2022 - Martin Luther Evangelische Kirche Toronto","isPartOf":{"@id":"https:\/\/martinluther.ca\/de\/#website"},"primaryImageOfPage":{"@id":"https:\/\/martinluther.ca\/de\/2022\/03\/anmeldung-fuer-das-sommer-camp-1-7-august-2022\/#primaryimage"},"image":{"@id":"https:\/\/martinluther.ca\/de\/2022\/03\/anmeldung-fuer-das-sommer-camp-1-7-august-2022\/#primaryimage"},"thumbnailUrl":"https:\/\/martinluther.ca\/wp-content\/uploads\/2022\/03\/2022-Camp-Lutherlyn-flyer.jpg","datePublished":"2022-03-25T18:15:05+00:00","dateModified":"2022-05-12T21:39:47+00:00","breadcrumb":{"@id":"https:\/\/martinluther.ca\/de\/2022\/03\/anmeldung-fuer-das-sommer-camp-1-7-august-2022\/#breadcrumb"},"inLanguage":"de","potentialAction":[{"@type":"ReadAction","target":["https:\/\/martinluther.ca\/de\/2022\/03\/anmeldung-fuer-das-sommer-camp-1-7-august-2022\/"]}]},{"@type":"ImageObject","inLanguage":"de","@id":"https:\/\/martinluther.ca\/de\/2022\/03\/anmeldung-fuer-das-sommer-camp-1-7-august-2022\/#primaryimage","url":"https:\/\/martinluther.ca\/wp-content\/uploads\/2022\/03\/2022-Camp-Lutherlyn-flyer.jpg","contentUrl":"https:\/\/martinluther.ca\/wp-content\/uploads\/2022\/03\/2022-Camp-Lutherlyn-flyer.jpg","width":1200,"height":927,"caption":"2022 Camp Lutherlyn -flyer"},{"@type":"BreadcrumbList","@id":"https:\/\/martinluther.ca\/de\/2022\/03\/anmeldung-fuer-das-sommer-camp-1-7-august-2022\/#breadcrumb","itemListElement":[{"@type":"ListItem","position":1,"name":"Home","item":"https:\/\/martinluther.ca\/de\/"},{"@type":"ListItem","position":2,"name":"ABGESAGT &#8211; Anmeldung f\u00fcr das Sommer-Camp, 1.-7. August 2022"}]},{"@type":"WebSite","@id":"https:\/\/martinluther.ca\/de\/#website","url":"https:\/\/martinluther.ca\/de\/","name":"Martin Luther Evangelical Church Toronto","description":"Deutsch &amp; Englisch","publisher":{"@id":"https:\/\/martinluther.ca\/de\/#organization"},"potentialAction":[{"@type":"SearchAction","target":{"@type":"EntryPoint","urlTemplate":"https:\/\/martinluther.ca\/de\/?s={search_term_string}"},"query-input":{"@type":"PropertyValueSpecification","valueRequired":true,"valueName":"search_term_string"}}],"inLanguage":"de"},{"@type":"Organization","@id":"https:\/\/martinluther.ca\/de\/#organization","name":"Martin Luther Evangelical Church Toronto","url":"https:\/\/martinluther.ca\/de\/","logo":{"@type":"ImageObject","inLanguage":"de","@id":"https:\/\/martinluther.ca\/de\/#\/schema\/logo\/image\/","url":"https:\/\/martinluther.ca\/wp-content\/uploads\/2016\/12\/ml-logo-300.png","contentUrl":"https:\/\/martinluther.ca\/wp-content\/uploads\/2016\/12\/ml-logo-300.png","width":300,"height":150,"caption":"Martin Luther Evangelical Church Toronto"},"image":{"@id":"https:\/\/martinluther.ca\/de\/#\/schema\/logo\/image\/"},"sameAs":["https:\/\/www.facebook.com\/martinlutherchurchtoronto","https:\/\/www.instagram.com\/lutheransbythelake\/","https:\/\/www.youtube.com\/MartinLutherChurchToronto"]},{"@type":"Person","@id":"https:\/\/martinluther.ca\/de\/#\/schema\/person\/815c51710f70b050f0476f18da6b0c8f","name":"Mona Kakoschke Frantzke","image":{"@type":"ImageObject","inLanguage":"de","@id":"https:\/\/secure.gravatar.com\/avatar\/0deb16854ca545cd2e9fc8001ca110d262b80d5c8317b38dc542265fbea0ed19?s=96&d=mm&r=g","url":"https:\/\/secure.gravatar.com\/avatar\/0deb16854ca545cd2e9fc8001ca110d262b80d5c8317b38dc542265fbea0ed19?s=96&d=mm&r=g","contentUrl":"https:\/\/secure.gravatar.com\/avatar\/0deb16854ca545cd2e9fc8001ca110d262b80d5c8317b38dc542265fbea0ed19?s=96&d=mm&r=g","caption":"Mona Kakoschke Frantzke"},"url":false}]}},"_links":{"self":[{"href":"https:\/\/martinluther.ca\/de\/wp-json\/wp\/v2\/posts\/40734","targetHints":{"allow":["GET"]}}],"collection":[{"href":"https:\/\/martinluther.ca\/de\/wp-json\/wp\/v2\/posts"}],"about":[{"href":"https:\/\/martinluther.ca\/de\/wp-json\/wp\/v2\/types\/post"}],"author":[{"embeddable":true,"href":"https:\/\/martinluther.ca\/de\/wp-json\/wp\/v2\/users\/9"}],"replies":[{"embeddable":true,"href":"https:\/\/martinluther.ca\/de\/wp-json\/wp\/v2\/comments?post=40734"}],"version-history":[{"count":7,"href":"https:\/\/martinluther.ca\/de\/wp-json\/wp\/v2\/posts\/40734\/revisions"}],"predecessor-version":[{"id":41082,"href":"https:\/\/martinluther.ca\/de\/wp-json\/wp\/v2\/posts\/40734\/revisions\/41082"}],"wp:featuredmedia":[{"embeddable":true,"href":"https:\/\/martinluther.ca\/de\/wp-json\/wp\/v2\/media\/40730"}],"wp:attachment":[{"href":"https:\/\/martinluther.ca\/de\/wp-json\/wp\/v2\/media?parent=40734"}],"wp:term":[{"taxonomy":"category","embeddable":true,"href":"https:\/\/martinluther.ca\/de\/wp-json\/wp\/v2\/categories?post=40734"},{"taxonomy":"post_tag","embeddable":true,"href":"https:\/\/martinluther.ca\/de\/wp-json\/wp\/v2\/tags?post=40734"},{"taxonomy":"post_series","embeddable":true,"href":"https:\/\/martinluther.ca\/de\/wp-json\/wp\/v2\/post_series?post=40734"}],"curies":[{"name":"wp","href":"https:\/\/api.w.org\/{rel}","templated":true}]}}