{"id":41045,"date":"2022-05-06T10:33:47","date_gmt":"2022-05-06T14:33:47","guid":{"rendered":"https:\/\/martinluther.ca\/?p=41045"},"modified":"2022-05-13T11:11:48","modified_gmt":"2022-05-13T15:11:48","slug":"muttertag-ist-abholtag-des-online-fruehlingsbasars-2022-8-mai-11-13-uhr","status":"publish","type":"post","link":"https:\/\/martinluther.ca\/de\/2022\/05\/muttertag-ist-abholtag-des-online-fruehlingsbasars-2022-8-mai-11-13-uhr\/","title":{"rendered":"Muttertag ist Abholtag des Online-Fr\u00fchlingsbasars 2022 8. Mai 11-13 Uhr"},"content":{"rendered":"<p>UPDATE: Unser zweiter Online-Fr\u00fchlingsbasar endete am Sonntag, den 8. Mai 2022, dem letzten Abhol-Tag und somit die letzte Gelegenheit, die restlichen Artikel direkt in der Kirche zu kaufen. Alles war wundersch\u00f6n vorbereitet und pr\u00e4sentiert. Besonderer Dank geht an Leanne f\u00fcr die Koordinierung unserer diversen durchaus talentierten und gro\u00dfz\u00fcgigen Freiwilligen sowie die eifrigen K\u00e4ufer.<\/p>\n<p><img loading=\"lazy\" decoding=\"async\" class=\"alignleft size-full wp-image-41113\" src=\"https:\/\/martinluther.ca\/wp-content\/uploads\/2022\/05\/2022-Spring-Bazaar-Pickup-May8-13-Annette-and-Leannelighter.jpg\" alt=\"2022 Spring Bazaar Pickup May8 \" width=\"1930\" height=\"1086\" srcset=\"https:\/\/martinluther.ca\/wp-content\/uploads\/2022\/05\/2022-Spring-Bazaar-Pickup-May8-13-Annette-and-Leannelighter.jpg 1930w, https:\/\/martinluther.ca\/wp-content\/uploads\/2022\/05\/2022-Spring-Bazaar-Pickup-May8-13-Annette-and-Leannelighter-300x169.jpg 300w, https:\/\/martinluther.ca\/wp-content\/uploads\/2022\/05\/2022-Spring-Bazaar-Pickup-May8-13-Annette-and-Leannelighter-1024x576.jpg 1024w, https:\/\/martinluther.ca\/wp-content\/uploads\/2022\/05\/2022-Spring-Bazaar-Pickup-May8-13-Annette-and-Leannelighter-768x432.jpg 768w, https:\/\/martinluther.ca\/wp-content\/uploads\/2022\/05\/2022-Spring-Bazaar-Pickup-May8-13-Annette-and-Leannelighter-1536x864.jpg 1536w\" sizes=\"auto, (max-width: 1930px) 100vw, 1930px\" \/><\/p>\n<p><img loading=\"lazy\" decoding=\"async\" class=\"alignleft size-full wp-image-41111\" src=\"https:\/\/martinluther.ca\/wp-content\/uploads\/2022\/05\/2022-Spring-Bazaar-Pickup-May8-03lighter-Gisela-Erich.jpg\" alt=\"2022 Spring Bazaar Pickup May8 -03\" width=\"1930\" height=\"1086\" srcset=\"https:\/\/martinluther.ca\/wp-content\/uploads\/2022\/05\/2022-Spring-Bazaar-Pickup-May8-03lighter-Gisela-Erich.jpg 1930w, https:\/\/martinluther.ca\/wp-content\/uploads\/2022\/05\/2022-Spring-Bazaar-Pickup-May8-03lighter-Gisela-Erich-300x169.jpg 300w, https:\/\/martinluther.ca\/wp-content\/uploads\/2022\/05\/2022-Spring-Bazaar-Pickup-May8-03lighter-Gisela-Erich-1024x576.jpg 1024w, https:\/\/martinluther.ca\/wp-content\/uploads\/2022\/05\/2022-Spring-Bazaar-Pickup-May8-03lighter-Gisela-Erich-768x432.jpg 768w, https:\/\/martinluther.ca\/wp-content\/uploads\/2022\/05\/2022-Spring-Bazaar-Pickup-May8-03lighter-Gisela-Erich-1536x864.jpg 1536w\" sizes=\"auto, (max-width: 1930px) 100vw, 1930px\" \/>May 6, 2022 &#8211;<\/p>\n<p>Letzte Chance zum Online-Shopping auf dem MLC Spring Bazaar 2022 <a href=\"https:\/\/mlcbazaar.ca\" target=\"_blank\" rel=\"noopener\">https:\/\/mlcbazaar.ca<\/a> . Der Verkauf endet am Freitag, den 6. Mai, um Mitternacht.<\/p>\n<p>Online-Bestellungen liegen am Sonntag von 11:00 bis 13:00 Uhr zur Abholung bereit, vielen Dank an alle, die mitgemacht haben!<\/p>\n<p>Wenn Sie lieber Last-Minute-einkaufen m\u00f6chten, dann kommen Sie doch am Sonntag, den 8. Mai, zum Muttertagsgottesdienst in die Kirche und sehen Sie sich alle verbleibenden Waren pers\u00f6nlich an. Bitte Bargeld mitbringen und direkt einkaufen, Restposten bieten wir nach dem Gottesdienst bis 13:00 Uhr im Kirchenfoyer an.<\/p>\n<p>Wir haben noch ein paar Hostas und andere mehrj\u00e4hrige Pflanzen, Ziegenmilchseife, Karotten-Cupcakes, Aprikosenstreusel, gestrickte Handytaschen, Strickjacken, Reisekulturbeutel, Hipstertaschen, Radtour-Gutscheine und andere handgemachte K\u00f6stlichkeiten!<\/p>\n<p>Flyer <a href=\"https:\/\/martinluther.ca\/wp-content\/uploads\/2022\/05\/2022-MLC_SpringBazaar_IN-PERSONon-SundayMay8.pdf\" target=\"_blank\" rel=\"noopener\">[PDF]<\/a><\/p>\n<p>Der Erl\u00f6s unterst\u00fctzt unsere kirchlichen Hilfsprogramme.<\/p>\n<p>&#8211; Leanne, Basar-Koordinatorin <a href=\"mailto:bazaar@martinluther.ca\" target=\"_blank\" rel=\"noopener\">bazaar@martinluther.ca<\/a><\/p>\n<p><img loading=\"lazy\" decoding=\"async\" class=\"alignleft size-full wp-image-41041\" src=\"https:\/\/martinluther.ca\/wp-content\/uploads\/2022\/05\/2022-MLC_SpringBazaar_IN-PERSONon-SundayMay8.jpg\" alt=\"MLC_SpringBazaar on Sunday\" width=\"612\" height=\"792\" srcset=\"https:\/\/martinluther.ca\/wp-content\/uploads\/2022\/05\/2022-MLC_SpringBazaar_IN-PERSONon-SundayMay8.jpg 612w, https:\/\/martinluther.ca\/wp-content\/uploads\/2022\/05\/2022-MLC_SpringBazaar_IN-PERSONon-SundayMay8-232x300.jpg 232w\" sizes=\"auto, (max-width: 612px) 100vw, 612px\" \/><\/p>\n<p>&nbsp;<\/p>\n","protected":false},"excerpt":{"rendered":"<p>UPDATE: Unser zweiter Online-Fr\u00fchlingsbasar endete am Sonntag, den 8. Mai 2022, dem letzten Abhol-Tag und somit die letzte Gelegenheit, die restlichen Artikel direkt in der Kirche zu kaufen. Alles war wundersch\u00f6n vorbereitet und pr\u00e4sentiert. Besonderer Dank geht an Leanne f\u00fcr die Koordinierung unserer diversen durchaus talentierten und gro\u00dfz\u00fcgigen Freiwilligen sowie die eifrigen K\u00e4ufer. May 6,&hellip;<\/p>\n","protected":false},"author":9,"featured_media":41041,"comment_status":"closed","ping_status":"closed","sticky":false,"template":"","format":"standard","meta":{"footnotes":""},"categories":[69],"tags":[],"post_series":[],"class_list":["post-41045","post","type-post","status-publish","format-standard","has-post-thumbnail","hentry","category-news-blog-german","entry","has-media"],"yoast_head":"<!-- This site is optimized with the Yoast SEO plugin v27.5 - https:\/\/yoast.com\/product\/yoast-seo-wordpress\/ -->\n<title>Muttertag ist Abholtag des Online-Fr\u00fchlingsbasars 2022 8. Mai 11-13 Uhr - Martin Luther Evangelische Kirche Toronto<\/title>\n<meta name=\"robots\" content=\"index, follow, max-snippet:-1, max-image-preview:large, max-video-preview:-1\" \/>\n<link rel=\"canonical\" href=\"https:\/\/martinluther.ca\/de\/2022\/05\/muttertag-ist-abholtag-des-online-fruehlingsbasars-2022-8-mai-11-13-uhr\/\" \/>\n<meta property=\"og:locale\" content=\"de_DE\" \/>\n<meta property=\"og:type\" content=\"article\" \/>\n<meta property=\"og:title\" content=\"Muttertag ist Abholtag des Online-Fr\u00fchlingsbasars 2022 8. Mai 11-13 Uhr - Martin Luther Evangelische Kirche Toronto\" \/>\n<meta property=\"og:description\" content=\"UPDATE: Unser zweiter Online-Fr\u00fchlingsbasar endete am Sonntag, den 8. Mai 2022, dem letzten Abhol-Tag und somit die letzte Gelegenheit, die restlichen Artikel direkt in der Kirche zu kaufen. Alles war wundersch\u00f6n vorbereitet und pr\u00e4sentiert. Besonderer Dank geht an Leanne f\u00fcr die Koordinierung unserer diversen durchaus talentierten und gro\u00dfz\u00fcgigen Freiwilligen sowie die eifrigen K\u00e4ufer. May 6,&hellip;\" \/>\n<meta property=\"og:url\" content=\"https:\/\/martinluther.ca\/de\/2022\/05\/muttertag-ist-abholtag-des-online-fruehlingsbasars-2022-8-mai-11-13-uhr\/\" \/>\n<meta property=\"og:site_name\" content=\"Martin Luther Evangelische Kirche Toronto\" \/>\n<meta property=\"article:publisher\" content=\"https:\/\/www.facebook.com\/martinlutherchurchtoronto\" \/>\n<meta property=\"article:published_time\" content=\"2022-05-06T14:33:47+00:00\" \/>\n<meta property=\"article:modified_time\" content=\"2022-05-13T15:11:48+00:00\" \/>\n<meta property=\"og:image\" content=\"https:\/\/martinluther.ca\/wp-content\/uploads\/2022\/05\/2022-MLC_SpringBazaar_IN-PERSONon-SundayMay8.jpg\" \/>\n\t<meta property=\"og:image:width\" content=\"612\" \/>\n\t<meta property=\"og:image:height\" content=\"792\" \/>\n\t<meta property=\"og:image:type\" content=\"image\/jpeg\" \/>\n<meta name=\"author\" content=\"Mona Kakoschke Frantzke\" \/>\n<meta name=\"twitter:card\" content=\"summary_large_image\" \/>\n<meta name=\"twitter:label1\" content=\"Verfasst von\" \/>\n\t<meta name=\"twitter:data1\" content=\"Mona Kakoschke Frantzke\" \/>\n\t<meta name=\"twitter:label2\" content=\"Gesch\u00e4tzte Lesezeit\" \/>\n\t<meta name=\"twitter:data2\" content=\"2\u00a0Minuten\" \/>\n<script type=\"application\/ld+json\" class=\"yoast-schema-graph\">{\"@context\":\"https:\\\/\\\/schema.org\",\"@graph\":[{\"@type\":\"Article\",\"@id\":\"https:\\\/\\\/martinluther.ca\\\/de\\\/2022\\\/05\\\/muttertag-ist-abholtag-des-online-fruehlingsbasars-2022-8-mai-11-13-uhr\\\/#article\",\"isPartOf\":{\"@id\":\"https:\\\/\\\/martinluther.ca\\\/de\\\/2022\\\/05\\\/muttertag-ist-abholtag-des-online-fruehlingsbasars-2022-8-mai-11-13-uhr\\\/\"},\"author\":{\"name\":\"Mona Kakoschke Frantzke\",\"@id\":\"https:\\\/\\\/martinluther.ca\\\/de\\\/#\\\/schema\\\/person\\\/815c51710f70b050f0476f18da6b0c8f\"},\"headline\":\"Muttertag ist Abholtag des Online-Fr\u00fchlingsbasars 2022 8. Mai 11-13 Uhr\",\"datePublished\":\"2022-05-06T14:33:47+00:00\",\"dateModified\":\"2022-05-13T15:11:48+00:00\",\"mainEntityOfPage\":{\"@id\":\"https:\\\/\\\/martinluther.ca\\\/de\\\/2022\\\/05\\\/muttertag-ist-abholtag-des-online-fruehlingsbasars-2022-8-mai-11-13-uhr\\\/\"},\"wordCount\":195,\"publisher\":{\"@id\":\"https:\\\/\\\/martinluther.ca\\\/de\\\/#organization\"},\"image\":{\"@id\":\"https:\\\/\\\/martinluther.ca\\\/de\\\/2022\\\/05\\\/muttertag-ist-abholtag-des-online-fruehlingsbasars-2022-8-mai-11-13-uhr\\\/#primaryimage\"},\"thumbnailUrl\":\"https:\\\/\\\/martinluther.ca\\\/wp-content\\\/uploads\\\/2022\\\/05\\\/2022-MLC_SpringBazaar_IN-PERSONon-SundayMay8.jpg\",\"articleSection\":[\"News Blog - German\"],\"inLanguage\":\"de\"},{\"@type\":\"WebPage\",\"@id\":\"https:\\\/\\\/martinluther.ca\\\/de\\\/2022\\\/05\\\/muttertag-ist-abholtag-des-online-fruehlingsbasars-2022-8-mai-11-13-uhr\\\/\",\"url\":\"https:\\\/\\\/martinluther.ca\\\/de\\\/2022\\\/05\\\/muttertag-ist-abholtag-des-online-fruehlingsbasars-2022-8-mai-11-13-uhr\\\/\",\"name\":\"Muttertag ist Abholtag des Online-Fr\u00fchlingsbasars 2022 8. Mai 11-13 Uhr - Martin Luther Evangelische Kirche Toronto\",\"isPartOf\":{\"@id\":\"https:\\\/\\\/martinluther.ca\\\/de\\\/#website\"},\"primaryImageOfPage\":{\"@id\":\"https:\\\/\\\/martinluther.ca\\\/de\\\/2022\\\/05\\\/muttertag-ist-abholtag-des-online-fruehlingsbasars-2022-8-mai-11-13-uhr\\\/#primaryimage\"},\"image\":{\"@id\":\"https:\\\/\\\/martinluther.ca\\\/de\\\/2022\\\/05\\\/muttertag-ist-abholtag-des-online-fruehlingsbasars-2022-8-mai-11-13-uhr\\\/#primaryimage\"},\"thumbnailUrl\":\"https:\\\/\\\/martinluther.ca\\\/wp-content\\\/uploads\\\/2022\\\/05\\\/2022-MLC_SpringBazaar_IN-PERSONon-SundayMay8.jpg\",\"datePublished\":\"2022-05-06T14:33:47+00:00\",\"dateModified\":\"2022-05-13T15:11:48+00:00\",\"breadcrumb\":{\"@id\":\"https:\\\/\\\/martinluther.ca\\\/de\\\/2022\\\/05\\\/muttertag-ist-abholtag-des-online-fruehlingsbasars-2022-8-mai-11-13-uhr\\\/#breadcrumb\"},\"inLanguage\":\"de\",\"potentialAction\":[{\"@type\":\"ReadAction\",\"target\":[\"https:\\\/\\\/martinluther.ca\\\/de\\\/2022\\\/05\\\/muttertag-ist-abholtag-des-online-fruehlingsbasars-2022-8-mai-11-13-uhr\\\/\"]}]},{\"@type\":\"ImageObject\",\"inLanguage\":\"de\",\"@id\":\"https:\\\/\\\/martinluther.ca\\\/de\\\/2022\\\/05\\\/muttertag-ist-abholtag-des-online-fruehlingsbasars-2022-8-mai-11-13-uhr\\\/#primaryimage\",\"url\":\"https:\\\/\\\/martinluther.ca\\\/wp-content\\\/uploads\\\/2022\\\/05\\\/2022-MLC_SpringBazaar_IN-PERSONon-SundayMay8.jpg\",\"contentUrl\":\"https:\\\/\\\/martinluther.ca\\\/wp-content\\\/uploads\\\/2022\\\/05\\\/2022-MLC_SpringBazaar_IN-PERSONon-SundayMay8.jpg\",\"width\":612,\"height\":792,\"caption\":\"MLC_SpringBazaar on Sunday\"},{\"@type\":\"BreadcrumbList\",\"@id\":\"https:\\\/\\\/martinluther.ca\\\/de\\\/2022\\\/05\\\/muttertag-ist-abholtag-des-online-fruehlingsbasars-2022-8-mai-11-13-uhr\\\/#breadcrumb\",\"itemListElement\":[{\"@type\":\"ListItem\",\"position\":1,\"name\":\"Home\",\"item\":\"https:\\\/\\\/martinluther.ca\\\/de\\\/\"},{\"@type\":\"ListItem\",\"position\":2,\"name\":\"Muttertag ist Abholtag des Online-Fr\u00fchlingsbasars 2022 8. Mai 11-13 Uhr\"}]},{\"@type\":\"WebSite\",\"@id\":\"https:\\\/\\\/martinluther.ca\\\/de\\\/#website\",\"url\":\"https:\\\/\\\/martinluther.ca\\\/de\\\/\",\"name\":\"Martin Luther Evangelical Church Toronto\",\"description\":\"Deutsch &amp; Englisch\",\"publisher\":{\"@id\":\"https:\\\/\\\/martinluther.ca\\\/de\\\/#organization\"},\"potentialAction\":[{\"@type\":\"SearchAction\",\"target\":{\"@type\":\"EntryPoint\",\"urlTemplate\":\"https:\\\/\\\/martinluther.ca\\\/de\\\/?s={search_term_string}\"},\"query-input\":{\"@type\":\"PropertyValueSpecification\",\"valueRequired\":true,\"valueName\":\"search_term_string\"}}],\"inLanguage\":\"de\"},{\"@type\":\"Organization\",\"@id\":\"https:\\\/\\\/martinluther.ca\\\/de\\\/#organization\",\"name\":\"Martin Luther Evangelical Church Toronto\",\"url\":\"https:\\\/\\\/martinluther.ca\\\/de\\\/\",\"logo\":{\"@type\":\"ImageObject\",\"inLanguage\":\"de\",\"@id\":\"https:\\\/\\\/martinluther.ca\\\/de\\\/#\\\/schema\\\/logo\\\/image\\\/\",\"url\":\"https:\\\/\\\/martinluther.ca\\\/wp-content\\\/uploads\\\/2016\\\/12\\\/ml-logo-300.png\",\"contentUrl\":\"https:\\\/\\\/martinluther.ca\\\/wp-content\\\/uploads\\\/2016\\\/12\\\/ml-logo-300.png\",\"width\":300,\"height\":150,\"caption\":\"Martin Luther Evangelical Church Toronto\"},\"image\":{\"@id\":\"https:\\\/\\\/martinluther.ca\\\/de\\\/#\\\/schema\\\/logo\\\/image\\\/\"},\"sameAs\":[\"https:\\\/\\\/www.facebook.com\\\/martinlutherchurchtoronto\",\"https:\\\/\\\/www.instagram.com\\\/lutheransbythelake\\\/\",\"https:\\\/\\\/www.youtube.com\\\/MartinLutherChurchToronto\"]},{\"@type\":\"Person\",\"@id\":\"https:\\\/\\\/martinluther.ca\\\/de\\\/#\\\/schema\\\/person\\\/815c51710f70b050f0476f18da6b0c8f\",\"name\":\"Mona Kakoschke Frantzke\",\"image\":{\"@type\":\"ImageObject\",\"inLanguage\":\"de\",\"@id\":\"https:\\\/\\\/secure.gravatar.com\\\/avatar\\\/0deb16854ca545cd2e9fc8001ca110d262b80d5c8317b38dc542265fbea0ed19?s=96&d=mm&r=g\",\"url\":\"https:\\\/\\\/secure.gravatar.com\\\/avatar\\\/0deb16854ca545cd2e9fc8001ca110d262b80d5c8317b38dc542265fbea0ed19?s=96&d=mm&r=g\",\"contentUrl\":\"https:\\\/\\\/secure.gravatar.com\\\/avatar\\\/0deb16854ca545cd2e9fc8001ca110d262b80d5c8317b38dc542265fbea0ed19?s=96&d=mm&r=g\",\"caption\":\"Mona Kakoschke Frantzke\"},\"url\":false}]}<\/script>\n<!-- \/ Yoast SEO plugin. -->","yoast_head_json":{"title":"Muttertag ist Abholtag des Online-Fr\u00fchlingsbasars 2022 8. Mai 11-13 Uhr - Martin Luther Evangelische Kirche Toronto","robots":{"index":"index","follow":"follow","max-snippet":"max-snippet:-1","max-image-preview":"max-image-preview:large","max-video-preview":"max-video-preview:-1"},"canonical":"https:\/\/martinluther.ca\/de\/2022\/05\/muttertag-ist-abholtag-des-online-fruehlingsbasars-2022-8-mai-11-13-uhr\/","og_locale":"de_DE","og_type":"article","og_title":"Muttertag ist Abholtag des Online-Fr\u00fchlingsbasars 2022 8. Mai 11-13 Uhr - Martin Luther Evangelische Kirche Toronto","og_description":"UPDATE: Unser zweiter Online-Fr\u00fchlingsbasar endete am Sonntag, den 8. Mai 2022, dem letzten Abhol-Tag und somit die letzte Gelegenheit, die restlichen Artikel direkt in der Kirche zu kaufen. Alles war wundersch\u00f6n vorbereitet und pr\u00e4sentiert. Besonderer Dank geht an Leanne f\u00fcr die Koordinierung unserer diversen durchaus talentierten und gro\u00dfz\u00fcgigen Freiwilligen sowie die eifrigen K\u00e4ufer. May 6,&hellip;","og_url":"https:\/\/martinluther.ca\/de\/2022\/05\/muttertag-ist-abholtag-des-online-fruehlingsbasars-2022-8-mai-11-13-uhr\/","og_site_name":"Martin Luther Evangelische Kirche Toronto","article_publisher":"https:\/\/www.facebook.com\/martinlutherchurchtoronto","article_published_time":"2022-05-06T14:33:47+00:00","article_modified_time":"2022-05-13T15:11:48+00:00","og_image":[{"width":612,"height":792,"url":"https:\/\/martinluther.ca\/wp-content\/uploads\/2022\/05\/2022-MLC_SpringBazaar_IN-PERSONon-SundayMay8.jpg","type":"image\/jpeg"}],"author":"Mona Kakoschke Frantzke","twitter_card":"summary_large_image","twitter_misc":{"Verfasst von":"Mona Kakoschke Frantzke","Gesch\u00e4tzte Lesezeit":"2\u00a0Minuten"},"schema":{"@context":"https:\/\/schema.org","@graph":[{"@type":"Article","@id":"https:\/\/martinluther.ca\/de\/2022\/05\/muttertag-ist-abholtag-des-online-fruehlingsbasars-2022-8-mai-11-13-uhr\/#article","isPartOf":{"@id":"https:\/\/martinluther.ca\/de\/2022\/05\/muttertag-ist-abholtag-des-online-fruehlingsbasars-2022-8-mai-11-13-uhr\/"},"author":{"name":"Mona Kakoschke Frantzke","@id":"https:\/\/martinluther.ca\/de\/#\/schema\/person\/815c51710f70b050f0476f18da6b0c8f"},"headline":"Muttertag ist Abholtag des Online-Fr\u00fchlingsbasars 2022 8. Mai 11-13 Uhr","datePublished":"2022-05-06T14:33:47+00:00","dateModified":"2022-05-13T15:11:48+00:00","mainEntityOfPage":{"@id":"https:\/\/martinluther.ca\/de\/2022\/05\/muttertag-ist-abholtag-des-online-fruehlingsbasars-2022-8-mai-11-13-uhr\/"},"wordCount":195,"publisher":{"@id":"https:\/\/martinluther.ca\/de\/#organization"},"image":{"@id":"https:\/\/martinluther.ca\/de\/2022\/05\/muttertag-ist-abholtag-des-online-fruehlingsbasars-2022-8-mai-11-13-uhr\/#primaryimage"},"thumbnailUrl":"https:\/\/martinluther.ca\/wp-content\/uploads\/2022\/05\/2022-MLC_SpringBazaar_IN-PERSONon-SundayMay8.jpg","articleSection":["News Blog - German"],"inLanguage":"de"},{"@type":"WebPage","@id":"https:\/\/martinluther.ca\/de\/2022\/05\/muttertag-ist-abholtag-des-online-fruehlingsbasars-2022-8-mai-11-13-uhr\/","url":"https:\/\/martinluther.ca\/de\/2022\/05\/muttertag-ist-abholtag-des-online-fruehlingsbasars-2022-8-mai-11-13-uhr\/","name":"Muttertag ist Abholtag des Online-Fr\u00fchlingsbasars 2022 8. Mai 11-13 Uhr - Martin Luther Evangelische Kirche Toronto","isPartOf":{"@id":"https:\/\/martinluther.ca\/de\/#website"},"primaryImageOfPage":{"@id":"https:\/\/martinluther.ca\/de\/2022\/05\/muttertag-ist-abholtag-des-online-fruehlingsbasars-2022-8-mai-11-13-uhr\/#primaryimage"},"image":{"@id":"https:\/\/martinluther.ca\/de\/2022\/05\/muttertag-ist-abholtag-des-online-fruehlingsbasars-2022-8-mai-11-13-uhr\/#primaryimage"},"thumbnailUrl":"https:\/\/martinluther.ca\/wp-content\/uploads\/2022\/05\/2022-MLC_SpringBazaar_IN-PERSONon-SundayMay8.jpg","datePublished":"2022-05-06T14:33:47+00:00","dateModified":"2022-05-13T15:11:48+00:00","breadcrumb":{"@id":"https:\/\/martinluther.ca\/de\/2022\/05\/muttertag-ist-abholtag-des-online-fruehlingsbasars-2022-8-mai-11-13-uhr\/#breadcrumb"},"inLanguage":"de","potentialAction":[{"@type":"ReadAction","target":["https:\/\/martinluther.ca\/de\/2022\/05\/muttertag-ist-abholtag-des-online-fruehlingsbasars-2022-8-mai-11-13-uhr\/"]}]},{"@type":"ImageObject","inLanguage":"de","@id":"https:\/\/martinluther.ca\/de\/2022\/05\/muttertag-ist-abholtag-des-online-fruehlingsbasars-2022-8-mai-11-13-uhr\/#primaryimage","url":"https:\/\/martinluther.ca\/wp-content\/uploads\/2022\/05\/2022-MLC_SpringBazaar_IN-PERSONon-SundayMay8.jpg","contentUrl":"https:\/\/martinluther.ca\/wp-content\/uploads\/2022\/05\/2022-MLC_SpringBazaar_IN-PERSONon-SundayMay8.jpg","width":612,"height":792,"caption":"MLC_SpringBazaar on Sunday"},{"@type":"BreadcrumbList","@id":"https:\/\/martinluther.ca\/de\/2022\/05\/muttertag-ist-abholtag-des-online-fruehlingsbasars-2022-8-mai-11-13-uhr\/#breadcrumb","itemListElement":[{"@type":"ListItem","position":1,"name":"Home","item":"https:\/\/martinluther.ca\/de\/"},{"@type":"ListItem","position":2,"name":"Muttertag ist Abholtag des Online-Fr\u00fchlingsbasars 2022 8. Mai 11-13 Uhr"}]},{"@type":"WebSite","@id":"https:\/\/martinluther.ca\/de\/#website","url":"https:\/\/martinluther.ca\/de\/","name":"Martin Luther Evangelical Church Toronto","description":"Deutsch &amp; Englisch","publisher":{"@id":"https:\/\/martinluther.ca\/de\/#organization"},"potentialAction":[{"@type":"SearchAction","target":{"@type":"EntryPoint","urlTemplate":"https:\/\/martinluther.ca\/de\/?s={search_term_string}"},"query-input":{"@type":"PropertyValueSpecification","valueRequired":true,"valueName":"search_term_string"}}],"inLanguage":"de"},{"@type":"Organization","@id":"https:\/\/martinluther.ca\/de\/#organization","name":"Martin Luther Evangelical Church Toronto","url":"https:\/\/martinluther.ca\/de\/","logo":{"@type":"ImageObject","inLanguage":"de","@id":"https:\/\/martinluther.ca\/de\/#\/schema\/logo\/image\/","url":"https:\/\/martinluther.ca\/wp-content\/uploads\/2016\/12\/ml-logo-300.png","contentUrl":"https:\/\/martinluther.ca\/wp-content\/uploads\/2016\/12\/ml-logo-300.png","width":300,"height":150,"caption":"Martin Luther Evangelical Church Toronto"},"image":{"@id":"https:\/\/martinluther.ca\/de\/#\/schema\/logo\/image\/"},"sameAs":["https:\/\/www.facebook.com\/martinlutherchurchtoronto","https:\/\/www.instagram.com\/lutheransbythelake\/","https:\/\/www.youtube.com\/MartinLutherChurchToronto"]},{"@type":"Person","@id":"https:\/\/martinluther.ca\/de\/#\/schema\/person\/815c51710f70b050f0476f18da6b0c8f","name":"Mona Kakoschke Frantzke","image":{"@type":"ImageObject","inLanguage":"de","@id":"https:\/\/secure.gravatar.com\/avatar\/0deb16854ca545cd2e9fc8001ca110d262b80d5c8317b38dc542265fbea0ed19?s=96&d=mm&r=g","url":"https:\/\/secure.gravatar.com\/avatar\/0deb16854ca545cd2e9fc8001ca110d262b80d5c8317b38dc542265fbea0ed19?s=96&d=mm&r=g","contentUrl":"https:\/\/secure.gravatar.com\/avatar\/0deb16854ca545cd2e9fc8001ca110d262b80d5c8317b38dc542265fbea0ed19?s=96&d=mm&r=g","caption":"Mona Kakoschke Frantzke"},"url":false}]}},"_links":{"self":[{"href":"https:\/\/martinluther.ca\/de\/wp-json\/wp\/v2\/posts\/41045","targetHints":{"allow":["GET"]}}],"collection":[{"href":"https:\/\/martinluther.ca\/de\/wp-json\/wp\/v2\/posts"}],"about":[{"href":"https:\/\/martinluther.ca\/de\/wp-json\/wp\/v2\/types\/post"}],"author":[{"embeddable":true,"href":"https:\/\/martinluther.ca\/de\/wp-json\/wp\/v2\/users\/9"}],"replies":[{"embeddable":true,"href":"https:\/\/martinluther.ca\/de\/wp-json\/wp\/v2\/comments?post=41045"}],"version-history":[{"count":9,"href":"https:\/\/martinluther.ca\/de\/wp-json\/wp\/v2\/posts\/41045\/revisions"}],"predecessor-version":[{"id":41117,"href":"https:\/\/martinluther.ca\/de\/wp-json\/wp\/v2\/posts\/41045\/revisions\/41117"}],"wp:featuredmedia":[{"embeddable":true,"href":"https:\/\/martinluther.ca\/de\/wp-json\/wp\/v2\/media\/41041"}],"wp:attachment":[{"href":"https:\/\/martinluther.ca\/de\/wp-json\/wp\/v2\/media?parent=41045"}],"wp:term":[{"taxonomy":"category","embeddable":true,"href":"https:\/\/martinluther.ca\/de\/wp-json\/wp\/v2\/categories?post=41045"},{"taxonomy":"post_tag","embeddable":true,"href":"https:\/\/martinluther.ca\/de\/wp-json\/wp\/v2\/tags?post=41045"},{"taxonomy":"post_series","embeddable":true,"href":"https:\/\/martinluther.ca\/de\/wp-json\/wp\/v2\/post_series?post=41045"}],"curies":[{"name":"wp","href":"https:\/\/api.w.org\/{rel}","templated":true}]}}