{"id":41149,"date":"2022-05-14T17:39:24","date_gmt":"2022-05-14T21:39:24","guid":{"rendered":"https:\/\/martinluther.ca\/?p=41149"},"modified":"2022-05-18T17:04:12","modified_gmt":"2022-05-18T21:04:12","slug":"willkommen-nefeli-unsere-neue-praktikantin-fuer-mai-juni-2022","status":"publish","type":"post","link":"https:\/\/martinluther.ca\/de\/2022\/05\/willkommen-nefeli-unsere-neue-praktikantin-fuer-mai-juni-2022\/","title":{"rendered":"Willkommen Nefeli, unsere neue Praktikantin f\u00fcr Mai &#8211; Juni 2022"},"content":{"rendered":"<figure id=\"attachment_41312\" aria-describedby=\"caption-attachment-41312\" style=\"width: 300px\" class=\"wp-caption alignright\"><img loading=\"lazy\" decoding=\"async\" class=\"wp-image-41312 size-medium\" src=\"https:\/\/martinluther.ca\/wp-content\/uploads\/2022\/05\/2022-Nefeli-at-MLC-Annual-General-Meeting-04lighter-300x225.jpg\" alt=\"Nefeli Xiggos \" width=\"300\" height=\"225\" srcset=\"https:\/\/martinluther.ca\/wp-content\/uploads\/2022\/05\/2022-Nefeli-at-MLC-Annual-General-Meeting-04lighter-300x225.jpg 300w, https:\/\/martinluther.ca\/wp-content\/uploads\/2022\/05\/2022-Nefeli-at-MLC-Annual-General-Meeting-04lighter-1024x768.jpg 1024w, https:\/\/martinluther.ca\/wp-content\/uploads\/2022\/05\/2022-Nefeli-at-MLC-Annual-General-Meeting-04lighter-768x576.jpg 768w, https:\/\/martinluther.ca\/wp-content\/uploads\/2022\/05\/2022-Nefeli-at-MLC-Annual-General-Meeting-04lighter-1536x1152.jpg 1536w, https:\/\/martinluther.ca\/wp-content\/uploads\/2022\/05\/2022-Nefeli-at-MLC-Annual-General-Meeting-04lighter.jpg 1672w\" sizes=\"auto, (max-width: 300px) 100vw, 300px\" \/><figcaption id=\"caption-attachment-41312\" class=\"wp-caption-text\">Nefeli Xiggos, Praktikantin der Martin-Luther-Kirche, auf der Jahresversammlung am 15. Mai 2022<\/figcaption><\/figure>\n<p>Begr\u00fc\u00dfen Sie mit uns Nefeli Xiggos, die vom 13. Mai 2022 bis Ende Juni unsere Praktikantin in der Martin Luther Church Toronto sein wird. Schauen Sie sich ihre Geschichten auf unserem Instagram #lutheransbythelake an<\/p>\n<p>Hallo zusammen,<br \/>\nMein Name ist Nefeli, ich bin 22 Jahre alt und komme aus Obermichelbach, einem kleinen Dorf in Nordbayern. Aktuell studiere ich Theologie in Erlangen im 9. Semester, was bedeutet, dass ich langsam zum Ende meines Studiums komme.<\/p>\n<p>In den letzten 15 Jahren habe ich an jeder Ecke meiner Gemeinde mitgeholfen. Am meisten habe ich mit Kindern und sp\u00e4ter auch mit Jugendlichen gearbeitet und sie auf ihrem Weg zur Konfirmation begleitet. Eine meiner Lieblingsbesch\u00e4ftigungen war es in der Jungschar einmal die Woche Kindern spielerisch Gott n\u00e4her zu bringen. Nach meinem Abitur beschloss ich in meiner eigenen Gemeinde ein Freiwilliges Schuljahr (FSJ) abzuleisten. Nach dieser Zeit wusste ich, dass ich bereit war zu studieren und fing an mich nach verschiedenen Optionen umzusehen. Tats\u00e4chlich ist Theologie nicht meine erste Wahl gewesen. Nach einem Schnupperwochenende an einer theologischen Fakult\u00e4t wurde mir aber bewusst, dass es genau das ist was ich tun m\u00f6chte. Theologie ist etwas, dass mich begeistert und etwas, worin ich mich gesehen habe. Am meisten liebe ich daran, Menschen an ihrem eigenen Lebensstandpunkt abzuholen, sie eine zeitlang auf ihrem Weg zu begleiten und mit ihnen gemeinsam eine Beziehung zu Gott aufzubauen oder zu verst\u00e4rken.<\/p>\n<figure id=\"attachment_41142\" aria-describedby=\"caption-attachment-41142\" style=\"width: 300px\" class=\"wp-caption alignleft\"><img loading=\"lazy\" decoding=\"async\" class=\"wp-image-41142 size-medium\" src=\"https:\/\/martinluther.ca\/wp-content\/uploads\/2022\/05\/2022-Nefeli-at-MLC-Bowls-and-Blessings-May-13-day-one-2-300x225.jpg\" alt=\"2022 Nefeli at MLC Bowls and Blessings May 13 -day one (2)\" width=\"300\" height=\"225\" srcset=\"https:\/\/martinluther.ca\/wp-content\/uploads\/2022\/05\/2022-Nefeli-at-MLC-Bowls-and-Blessings-May-13-day-one-2-300x225.jpg 300w, https:\/\/martinluther.ca\/wp-content\/uploads\/2022\/05\/2022-Nefeli-at-MLC-Bowls-and-Blessings-May-13-day-one-2.jpg 422w\" sizes=\"auto, (max-width: 300px) 100vw, 300px\" \/><figcaption id=\"caption-attachment-41142\" class=\"wp-caption-text\">Nefeli Xiggos, Praktikantin Martin-Luther-Kirche, bei Suppe und Segen am 13. Mai 2022<\/figcaption><\/figure>\n<p>Neben meinem Studium, habe ich an einigen Projekten mitgearbeitet. So habe ich das Tutorium f\u00fcr den Hebr\u00e4ischkurs am Fachbereich geleitet oder Erstsemester in ihren ersten Wochen an der Uni begleitet. Aktuell leite ich die Pforte des Fachbereichs mit einem Team von 15 anderen Studierenden. Au\u00dferdem habe ich in den letzten zwei Jahren ein Gottesdienstprojekt w\u00e4hrend Covid gegr\u00fcndet und geleitet, was \u00bbHoly Days United\u00ab hei\u00dft. Wie man also sehen kann, genie\u00dfe ich es von Leuten umgeben zu sein und an allem zu arbeiten, was interessant scheint.<\/p>\n<p>Nun zum wichtigsten Punkt: Als ich mich nach einer Stelle f\u00fcr mein Handlungsfeldpraktikum umgesehen habe, wusste ich sofort, dass ich gern nach Kanada gehen w\u00fcrde. Also habe ich mir alle Gemeinden der Evangelische Kirche Deutschland (EKD) in Kanada angeschaut. Vom ersten Moment an, als ich mir die Website angeschaut habe, wusste ich, dass ich hier gern eine zeitlang mitarbeiten m\u00f6chte. Das Logo der Kirche wirkt einfach so lebendig und hat mich sehr angesprochen. Also habe ich noch weiter auf der Seite herumgeschnuppert und war begeistert von den Menschen, die dort vorgestellt wurden. Ich wusste jetzt mit Sicherheit, dass ich hier her m\u00f6chte. Ich freue mich darauf, euch \u00fcberall zu unterst\u00fctzen, wo ihr mich brauchen k\u00f6nntet und ich freue mich darauf, eine Kanadisch-Deutsche Gemeinde in ihrer Arbeit und im Glauben zu sehen und erleben. Ich hoffe nat\u00fcrlich auch mit meinen F\u00e4higkeiten etwas beitragen zu k\u00f6nnen.Ich fiebere schon flei\u00dfig daraufhin, dass es endlich losgeht und freue mich schon sehr!<br \/>\nLiebe Gr\u00fc\u00dfe, Nefeli Xiggos<\/p>\n<p>Schauen Sie sich ihre Geschichten auf unserem Instagram: <a href=\"https:\/\/www.instagram.com\/lutheransbythelake\" target=\"_blank\" rel=\"noopener\">https:\/\/www.instagram.com\/lutheransbythelake<\/a><\/p>\n<div id=\"gallery-1\" class=\"wpex-gallery wpex-grid wpex-grid-cols-9 wpex-gap-20 wpex-lightbox-group wpex-mb-20\"><figure class=\"gallery-item\"><a href=\"https:\/\/martinluther.ca\/wp-content\/uploads\/2022\/05\/2022-Nefeli-reeling-Confi-Weekend-04-Instagram-2.jpg\" class=\"wpex-lightbox-group-item\"><img loading=\"lazy\" decoding=\"async\" src=\"https:\/\/martinluther.ca\/wp-content\/uploads\/2022\/05\/2022-Nefeli-reeling-Confi-Weekend-04-Instagram-2-638x1024.jpg\" alt=\"\" srcset=\"https:\/\/martinluther.ca\/wp-content\/uploads\/2022\/05\/2022-Nefeli-reeling-Confi-Weekend-04-Instagram-2-638x1024.jpg 638w, https:\/\/martinluther.ca\/wp-content\/uploads\/2022\/05\/2022-Nefeli-reeling-Confi-Weekend-04-Instagram-2-187x300.jpg 187w, https:\/\/martinluther.ca\/wp-content\/uploads\/2022\/05\/2022-Nefeli-reeling-Confi-Weekend-04-Instagram-2-768x1233.jpg 768w, https:\/\/martinluther.ca\/wp-content\/uploads\/2022\/05\/2022-Nefeli-reeling-Confi-Weekend-04-Instagram-2-957x1536.jpg 957w, https:\/\/martinluther.ca\/wp-content\/uploads\/2022\/05\/2022-Nefeli-reeling-Confi-Weekend-04-Instagram-2.jpg 1070w\" width=\"638\" height=\"1024\"><\/a><\/figure><figure class=\"gallery-item\"><a href=\"https:\/\/martinluther.ca\/wp-content\/uploads\/2022\/05\/2022-Nefeli-reeling-Confi-Weekend-03.jpg\" class=\"wpex-lightbox-group-item\"><img loading=\"lazy\" decoding=\"async\" src=\"https:\/\/martinluther.ca\/wp-content\/uploads\/2022\/05\/2022-Nefeli-reeling-Confi-Weekend-03-636x1024.jpg\" alt=\"\" srcset=\"https:\/\/martinluther.ca\/wp-content\/uploads\/2022\/05\/2022-Nefeli-reeling-Confi-Weekend-03-636x1024.jpg 636w, https:\/\/martinluther.ca\/wp-content\/uploads\/2022\/05\/2022-Nefeli-reeling-Confi-Weekend-03-186x300.jpg 186w, https:\/\/martinluther.ca\/wp-content\/uploads\/2022\/05\/2022-Nefeli-reeling-Confi-Weekend-03-768x1236.jpg 768w, https:\/\/martinluther.ca\/wp-content\/uploads\/2022\/05\/2022-Nefeli-reeling-Confi-Weekend-03-955x1536.jpg 955w, https:\/\/martinluther.ca\/wp-content\/uploads\/2022\/05\/2022-Nefeli-reeling-Confi-Weekend-03.jpg 1079w\" width=\"636\" height=\"1024\"><\/a><\/figure><figure class=\"gallery-item\"><a href=\"https:\/\/martinluther.ca\/wp-content\/uploads\/2022\/05\/2022-Nefeli-reeling-Confi-Weekend-01-Instagram-2.jpg\" class=\"wpex-lightbox-group-item\"><img loading=\"lazy\" decoding=\"async\" src=\"https:\/\/martinluther.ca\/wp-content\/uploads\/2022\/05\/2022-Nefeli-reeling-Confi-Weekend-01-Instagram-2-671x1024.jpg\" alt=\"\" srcset=\"https:\/\/martinluther.ca\/wp-content\/uploads\/2022\/05\/2022-Nefeli-reeling-Confi-Weekend-01-Instagram-2-671x1024.jpg 671w, https:\/\/martinluther.ca\/wp-content\/uploads\/2022\/05\/2022-Nefeli-reeling-Confi-Weekend-01-Instagram-2-197x300.jpg 197w, https:\/\/martinluther.ca\/wp-content\/uploads\/2022\/05\/2022-Nefeli-reeling-Confi-Weekend-01-Instagram-2-768x1172.jpg 768w, https:\/\/martinluther.ca\/wp-content\/uploads\/2022\/05\/2022-Nefeli-reeling-Confi-Weekend-01-Instagram-2-1006x1536.jpg 1006w, https:\/\/martinluther.ca\/wp-content\/uploads\/2022\/05\/2022-Nefeli-reeling-Confi-Weekend-01-Instagram-2.jpg 1079w\" width=\"671\" height=\"1024\"><\/a><\/figure><figure class=\"gallery-item\"><a href=\"https:\/\/martinluther.ca\/wp-content\/uploads\/2022\/05\/2022-Nefeli-at-MLC-Konfiweekend-May-013.jpg\" class=\"wpex-lightbox-group-item\"><img loading=\"lazy\" decoding=\"async\" src=\"https:\/\/martinluther.ca\/wp-content\/uploads\/2022\/05\/2022-Nefeli-at-MLC-Konfiweekend-May-013-704x1024.jpg\" alt=\"\" srcset=\"https:\/\/martinluther.ca\/wp-content\/uploads\/2022\/05\/2022-Nefeli-at-MLC-Konfiweekend-May-013-704x1024.jpg 704w, https:\/\/martinluther.ca\/wp-content\/uploads\/2022\/05\/2022-Nefeli-at-MLC-Konfiweekend-May-013-206x300.jpg 206w, https:\/\/martinluther.ca\/wp-content\/uploads\/2022\/05\/2022-Nefeli-at-MLC-Konfiweekend-May-013-768x1117.jpg 768w, https:\/\/martinluther.ca\/wp-content\/uploads\/2022\/05\/2022-Nefeli-at-MLC-Konfiweekend-May-013-1056x1536.jpg 1056w, https:\/\/martinluther.ca\/wp-content\/uploads\/2022\/05\/2022-Nefeli-at-MLC-Konfiweekend-May-013.jpg 1079w\" width=\"704\" height=\"1024\"><\/a><\/figure><figure class=\"gallery-item\"><a href=\"https:\/\/martinluther.ca\/wp-content\/uploads\/2022\/05\/2022-Nefeli-at-MLC-Council-Meeting-May-17-2.jpg\" class=\"wpex-lightbox-group-item\"><img loading=\"lazy\" decoding=\"async\" src=\"https:\/\/martinluther.ca\/wp-content\/uploads\/2022\/05\/2022-Nefeli-at-MLC-Council-Meeting-May-17-2-593x1024.jpg\" alt=\"\" srcset=\"https:\/\/martinluther.ca\/wp-content\/uploads\/2022\/05\/2022-Nefeli-at-MLC-Council-Meeting-May-17-2-593x1024.jpg 593w, https:\/\/martinluther.ca\/wp-content\/uploads\/2022\/05\/2022-Nefeli-at-MLC-Council-Meeting-May-17-2-174x300.jpg 174w, https:\/\/martinluther.ca\/wp-content\/uploads\/2022\/05\/2022-Nefeli-at-MLC-Council-Meeting-May-17-2-768x1326.jpg 768w, https:\/\/martinluther.ca\/wp-content\/uploads\/2022\/05\/2022-Nefeli-at-MLC-Council-Meeting-May-17-2-889x1536.jpg 889w, https:\/\/martinluther.ca\/wp-content\/uploads\/2022\/05\/2022-Nefeli-at-MLC-Council-Meeting-May-17-2.jpg 1080w\" width=\"593\" height=\"1024\"><\/a><\/figure><figure class=\"gallery-item\"><a href=\"https:\/\/martinluther.ca\/wp-content\/uploads\/2022\/05\/2022-Nefeli-at-MLC-Konfiweekend-May-02-2.jpg\" class=\"wpex-lightbox-group-item\"><img loading=\"lazy\" decoding=\"async\" src=\"https:\/\/martinluther.ca\/wp-content\/uploads\/2022\/05\/2022-Nefeli-at-MLC-Konfiweekend-May-02-2-685x1024.jpg\" alt=\"\" srcset=\"https:\/\/martinluther.ca\/wp-content\/uploads\/2022\/05\/2022-Nefeli-at-MLC-Konfiweekend-May-02-2-685x1024.jpg 685w, https:\/\/martinluther.ca\/wp-content\/uploads\/2022\/05\/2022-Nefeli-at-MLC-Konfiweekend-May-02-2-201x300.jpg 201w, https:\/\/martinluther.ca\/wp-content\/uploads\/2022\/05\/2022-Nefeli-at-MLC-Konfiweekend-May-02-2-768x1148.jpg 768w, https:\/\/martinluther.ca\/wp-content\/uploads\/2022\/05\/2022-Nefeli-at-MLC-Konfiweekend-May-02-2-1028x1536.jpg 1028w, https:\/\/martinluther.ca\/wp-content\/uploads\/2022\/05\/2022-Nefeli-at-MLC-Konfiweekend-May-02-2.jpg 1080w\" width=\"685\" height=\"1024\"><\/a><\/figure><figure class=\"gallery-item\"><a href=\"https:\/\/martinluther.ca\/wp-content\/uploads\/2022\/05\/2022-Nefeli-taking-over-MLC-Instagram-day-two-04.jpg\" class=\"wpex-lightbox-group-item\" data-title=\"2022 Nefeli taking over MLC Instagram -day two -04\"><img loading=\"lazy\" alt=\"2022 Nefeli Taking Over MLC Instagram -day Two -04\" decoding=\"async\" src=\"https:\/\/martinluther.ca\/wp-content\/uploads\/2022\/05\/2022-Nefeli-taking-over-MLC-Instagram-day-two-04-649x1024.jpg\" srcset=\"https:\/\/martinluther.ca\/wp-content\/uploads\/2022\/05\/2022-Nefeli-taking-over-MLC-Instagram-day-two-04-649x1024.jpg 649w, https:\/\/martinluther.ca\/wp-content\/uploads\/2022\/05\/2022-Nefeli-taking-over-MLC-Instagram-day-two-04-190x300.jpg 190w, https:\/\/martinluther.ca\/wp-content\/uploads\/2022\/05\/2022-Nefeli-taking-over-MLC-Instagram-day-two-04-768x1212.jpg 768w, https:\/\/martinluther.ca\/wp-content\/uploads\/2022\/05\/2022-Nefeli-taking-over-MLC-Instagram-day-two-04-974x1536.jpg 974w, https:\/\/martinluther.ca\/wp-content\/uploads\/2022\/05\/2022-Nefeli-taking-over-MLC-Instagram-day-two-04.jpg 1080w\" width=\"649\" height=\"1024\"><\/a><\/figure><figure class=\"gallery-item\"><a href=\"https:\/\/martinluther.ca\/wp-content\/uploads\/2022\/05\/2022-Nefeli-taking-over-MLC-Instagram-day-two-01.jpg\" class=\"wpex-lightbox-group-item\" data-title=\"2022 Nefeli taking over MLC Instagram -day two -01\"><img loading=\"lazy\" alt=\"2022 Nefeli Taking Over MLC Instagram -day Two -01\" decoding=\"async\" src=\"https:\/\/martinluther.ca\/wp-content\/uploads\/2022\/05\/2022-Nefeli-taking-over-MLC-Instagram-day-two-01-643x1024.jpg\" srcset=\"https:\/\/martinluther.ca\/wp-content\/uploads\/2022\/05\/2022-Nefeli-taking-over-MLC-Instagram-day-two-01-643x1024.jpg 643w, https:\/\/martinluther.ca\/wp-content\/uploads\/2022\/05\/2022-Nefeli-taking-over-MLC-Instagram-day-two-01-188x300.jpg 188w, https:\/\/martinluther.ca\/wp-content\/uploads\/2022\/05\/2022-Nefeli-taking-over-MLC-Instagram-day-two-01-768x1222.jpg 768w, https:\/\/martinluther.ca\/wp-content\/uploads\/2022\/05\/2022-Nefeli-taking-over-MLC-Instagram-day-two-01-965x1536.jpg 965w, https:\/\/martinluther.ca\/wp-content\/uploads\/2022\/05\/2022-Nefeli-taking-over-MLC-Instagram-day-two-01.jpg 1080w\" width=\"643\" height=\"1024\"><\/a><\/figure><\/div>\n\n<p>&nbsp;<\/p>\n<p>&nbsp;<\/p>\n","protected":false},"excerpt":{"rendered":"<p>Begr\u00fc\u00dfen Sie mit uns Nefeli Xiggos, die vom 13. Mai 2022 bis Ende Juni unsere Praktikantin in der Martin Luther Church Toronto sein wird. Schauen Sie sich ihre Geschichten auf unserem Instagram #lutheransbythelake an Hallo zusammen, Mein Name ist Nefeli, ich bin 22 Jahre alt und komme aus Obermichelbach, einem kleinen Dorf in Nordbayern. Aktuell&hellip;<\/p>\n","protected":false},"author":9,"featured_media":41312,"comment_status":"closed","ping_status":"closed","sticky":false,"template":"","format":"standard","meta":{"footnotes":""},"categories":[69],"tags":[],"post_series":[],"class_list":["post-41149","post","type-post","status-publish","format-standard","has-post-thumbnail","hentry","category-news-blog-german","entry","has-media"],"yoast_head":"<!-- This site is optimized with the Yoast SEO plugin v27.5 - https:\/\/yoast.com\/product\/yoast-seo-wordpress\/ -->\n<title>Willkommen Nefeli, unsere neue Praktikantin f\u00fcr Mai - Juni 2022 - Martin Luther Evangelische Kirche Toronto<\/title>\n<meta name=\"robots\" content=\"index, follow, max-snippet:-1, max-image-preview:large, max-video-preview:-1\" \/>\n<link rel=\"canonical\" href=\"https:\/\/martinluther.ca\/de\/2022\/05\/willkommen-nefeli-unsere-neue-praktikantin-fuer-mai-juni-2022\/\" \/>\n<meta property=\"og:locale\" content=\"de_DE\" \/>\n<meta property=\"og:type\" content=\"article\" \/>\n<meta property=\"og:title\" content=\"Willkommen Nefeli, unsere neue Praktikantin f\u00fcr Mai - Juni 2022 - Martin Luther Evangelische Kirche Toronto\" \/>\n<meta property=\"og:description\" content=\"Begr\u00fc\u00dfen Sie mit uns Nefeli Xiggos, die vom 13. Mai 2022 bis Ende Juni unsere Praktikantin in der Martin Luther Church Toronto sein wird. Schauen Sie sich ihre Geschichten auf unserem Instagram #lutheransbythelake an Hallo zusammen, Mein Name ist Nefeli, ich bin 22 Jahre alt und komme aus Obermichelbach, einem kleinen Dorf in Nordbayern. Aktuell&hellip;\" \/>\n<meta property=\"og:url\" content=\"https:\/\/martinluther.ca\/de\/2022\/05\/willkommen-nefeli-unsere-neue-praktikantin-fuer-mai-juni-2022\/\" \/>\n<meta property=\"og:site_name\" content=\"Martin Luther Evangelische Kirche Toronto\" \/>\n<meta property=\"article:publisher\" content=\"https:\/\/www.facebook.com\/martinlutherchurchtoronto\" \/>\n<meta property=\"article:published_time\" content=\"2022-05-14T21:39:24+00:00\" \/>\n<meta property=\"article:modified_time\" content=\"2022-05-18T21:04:12+00:00\" \/>\n<meta property=\"og:image\" content=\"https:\/\/martinluther.ca\/wp-content\/uploads\/2022\/05\/2022-Nefeli-at-MLC-Annual-General-Meeting-04lighter.jpg\" \/>\n\t<meta property=\"og:image:width\" content=\"1672\" \/>\n\t<meta property=\"og:image:height\" content=\"1254\" \/>\n\t<meta property=\"og:image:type\" content=\"image\/jpeg\" \/>\n<meta name=\"author\" content=\"Mona Kakoschke Frantzke\" \/>\n<meta name=\"twitter:card\" content=\"summary_large_image\" \/>\n<meta name=\"twitter:label1\" content=\"Verfasst von\" \/>\n\t<meta name=\"twitter:data1\" content=\"Mona Kakoschke Frantzke\" \/>\n\t<meta name=\"twitter:label2\" content=\"Gesch\u00e4tzte Lesezeit\" \/>\n\t<meta name=\"twitter:data2\" content=\"3\u00a0Minuten\" \/>\n<script type=\"application\/ld+json\" class=\"yoast-schema-graph\">{\"@context\":\"https:\\\/\\\/schema.org\",\"@graph\":[{\"@type\":\"Article\",\"@id\":\"https:\\\/\\\/martinluther.ca\\\/de\\\/2022\\\/05\\\/willkommen-nefeli-unsere-neue-praktikantin-fuer-mai-juni-2022\\\/#article\",\"isPartOf\":{\"@id\":\"https:\\\/\\\/martinluther.ca\\\/de\\\/2022\\\/05\\\/willkommen-nefeli-unsere-neue-praktikantin-fuer-mai-juni-2022\\\/\"},\"author\":{\"name\":\"Mona Kakoschke Frantzke\",\"@id\":\"https:\\\/\\\/martinluther.ca\\\/de\\\/#\\\/schema\\\/person\\\/815c51710f70b050f0476f18da6b0c8f\"},\"headline\":\"Willkommen Nefeli, unsere neue Praktikantin f\u00fcr Mai &#8211; Juni 2022\",\"datePublished\":\"2022-05-14T21:39:24+00:00\",\"dateModified\":\"2022-05-18T21:04:12+00:00\",\"mainEntityOfPage\":{\"@id\":\"https:\\\/\\\/martinluther.ca\\\/de\\\/2022\\\/05\\\/willkommen-nefeli-unsere-neue-praktikantin-fuer-mai-juni-2022\\\/\"},\"wordCount\":557,\"publisher\":{\"@id\":\"https:\\\/\\\/martinluther.ca\\\/de\\\/#organization\"},\"image\":{\"@id\":\"https:\\\/\\\/martinluther.ca\\\/de\\\/2022\\\/05\\\/willkommen-nefeli-unsere-neue-praktikantin-fuer-mai-juni-2022\\\/#primaryimage\"},\"thumbnailUrl\":\"https:\\\/\\\/martinluther.ca\\\/wp-content\\\/uploads\\\/2022\\\/05\\\/2022-Nefeli-at-MLC-Annual-General-Meeting-04lighter.jpg\",\"articleSection\":[\"News Blog - German\"],\"inLanguage\":\"de\"},{\"@type\":\"WebPage\",\"@id\":\"https:\\\/\\\/martinluther.ca\\\/de\\\/2022\\\/05\\\/willkommen-nefeli-unsere-neue-praktikantin-fuer-mai-juni-2022\\\/\",\"url\":\"https:\\\/\\\/martinluther.ca\\\/de\\\/2022\\\/05\\\/willkommen-nefeli-unsere-neue-praktikantin-fuer-mai-juni-2022\\\/\",\"name\":\"Willkommen Nefeli, unsere neue Praktikantin f\u00fcr Mai - Juni 2022 - Martin Luther Evangelische Kirche Toronto\",\"isPartOf\":{\"@id\":\"https:\\\/\\\/martinluther.ca\\\/de\\\/#website\"},\"primaryImageOfPage\":{\"@id\":\"https:\\\/\\\/martinluther.ca\\\/de\\\/2022\\\/05\\\/willkommen-nefeli-unsere-neue-praktikantin-fuer-mai-juni-2022\\\/#primaryimage\"},\"image\":{\"@id\":\"https:\\\/\\\/martinluther.ca\\\/de\\\/2022\\\/05\\\/willkommen-nefeli-unsere-neue-praktikantin-fuer-mai-juni-2022\\\/#primaryimage\"},\"thumbnailUrl\":\"https:\\\/\\\/martinluther.ca\\\/wp-content\\\/uploads\\\/2022\\\/05\\\/2022-Nefeli-at-MLC-Annual-General-Meeting-04lighter.jpg\",\"datePublished\":\"2022-05-14T21:39:24+00:00\",\"dateModified\":\"2022-05-18T21:04:12+00:00\",\"breadcrumb\":{\"@id\":\"https:\\\/\\\/martinluther.ca\\\/de\\\/2022\\\/05\\\/willkommen-nefeli-unsere-neue-praktikantin-fuer-mai-juni-2022\\\/#breadcrumb\"},\"inLanguage\":\"de\",\"potentialAction\":[{\"@type\":\"ReadAction\",\"target\":[\"https:\\\/\\\/martinluther.ca\\\/de\\\/2022\\\/05\\\/willkommen-nefeli-unsere-neue-praktikantin-fuer-mai-juni-2022\\\/\"]}]},{\"@type\":\"ImageObject\",\"inLanguage\":\"de\",\"@id\":\"https:\\\/\\\/martinluther.ca\\\/de\\\/2022\\\/05\\\/willkommen-nefeli-unsere-neue-praktikantin-fuer-mai-juni-2022\\\/#primaryimage\",\"url\":\"https:\\\/\\\/martinluther.ca\\\/wp-content\\\/uploads\\\/2022\\\/05\\\/2022-Nefeli-at-MLC-Annual-General-Meeting-04lighter.jpg\",\"contentUrl\":\"https:\\\/\\\/martinluther.ca\\\/wp-content\\\/uploads\\\/2022\\\/05\\\/2022-Nefeli-at-MLC-Annual-General-Meeting-04lighter.jpg\",\"width\":1672,\"height\":1254,\"caption\":\"Nefeli Xiggos\"},{\"@type\":\"BreadcrumbList\",\"@id\":\"https:\\\/\\\/martinluther.ca\\\/de\\\/2022\\\/05\\\/willkommen-nefeli-unsere-neue-praktikantin-fuer-mai-juni-2022\\\/#breadcrumb\",\"itemListElement\":[{\"@type\":\"ListItem\",\"position\":1,\"name\":\"Home\",\"item\":\"https:\\\/\\\/martinluther.ca\\\/de\\\/\"},{\"@type\":\"ListItem\",\"position\":2,\"name\":\"Willkommen Nefeli, unsere neue Praktikantin f\u00fcr Mai &#8211; Juni 2022\"}]},{\"@type\":\"WebSite\",\"@id\":\"https:\\\/\\\/martinluther.ca\\\/de\\\/#website\",\"url\":\"https:\\\/\\\/martinluther.ca\\\/de\\\/\",\"name\":\"Martin Luther Evangelical Church Toronto\",\"description\":\"Deutsch &amp; Englisch\",\"publisher\":{\"@id\":\"https:\\\/\\\/martinluther.ca\\\/de\\\/#organization\"},\"potentialAction\":[{\"@type\":\"SearchAction\",\"target\":{\"@type\":\"EntryPoint\",\"urlTemplate\":\"https:\\\/\\\/martinluther.ca\\\/de\\\/?s={search_term_string}\"},\"query-input\":{\"@type\":\"PropertyValueSpecification\",\"valueRequired\":true,\"valueName\":\"search_term_string\"}}],\"inLanguage\":\"de\"},{\"@type\":\"Organization\",\"@id\":\"https:\\\/\\\/martinluther.ca\\\/de\\\/#organization\",\"name\":\"Martin Luther Evangelical Church Toronto\",\"url\":\"https:\\\/\\\/martinluther.ca\\\/de\\\/\",\"logo\":{\"@type\":\"ImageObject\",\"inLanguage\":\"de\",\"@id\":\"https:\\\/\\\/martinluther.ca\\\/de\\\/#\\\/schema\\\/logo\\\/image\\\/\",\"url\":\"https:\\\/\\\/martinluther.ca\\\/wp-content\\\/uploads\\\/2016\\\/12\\\/ml-logo-300.png\",\"contentUrl\":\"https:\\\/\\\/martinluther.ca\\\/wp-content\\\/uploads\\\/2016\\\/12\\\/ml-logo-300.png\",\"width\":300,\"height\":150,\"caption\":\"Martin Luther Evangelical Church Toronto\"},\"image\":{\"@id\":\"https:\\\/\\\/martinluther.ca\\\/de\\\/#\\\/schema\\\/logo\\\/image\\\/\"},\"sameAs\":[\"https:\\\/\\\/www.facebook.com\\\/martinlutherchurchtoronto\",\"https:\\\/\\\/www.instagram.com\\\/lutheransbythelake\\\/\",\"https:\\\/\\\/www.youtube.com\\\/MartinLutherChurchToronto\"]},{\"@type\":\"Person\",\"@id\":\"https:\\\/\\\/martinluther.ca\\\/de\\\/#\\\/schema\\\/person\\\/815c51710f70b050f0476f18da6b0c8f\",\"name\":\"Mona Kakoschke Frantzke\",\"image\":{\"@type\":\"ImageObject\",\"inLanguage\":\"de\",\"@id\":\"https:\\\/\\\/secure.gravatar.com\\\/avatar\\\/0deb16854ca545cd2e9fc8001ca110d262b80d5c8317b38dc542265fbea0ed19?s=96&d=mm&r=g\",\"url\":\"https:\\\/\\\/secure.gravatar.com\\\/avatar\\\/0deb16854ca545cd2e9fc8001ca110d262b80d5c8317b38dc542265fbea0ed19?s=96&d=mm&r=g\",\"contentUrl\":\"https:\\\/\\\/secure.gravatar.com\\\/avatar\\\/0deb16854ca545cd2e9fc8001ca110d262b80d5c8317b38dc542265fbea0ed19?s=96&d=mm&r=g\",\"caption\":\"Mona Kakoschke Frantzke\"},\"url\":false}]}<\/script>\n<!-- \/ Yoast SEO plugin. -->","yoast_head_json":{"title":"Willkommen Nefeli, unsere neue Praktikantin f\u00fcr Mai - Juni 2022 - Martin Luther Evangelische Kirche Toronto","robots":{"index":"index","follow":"follow","max-snippet":"max-snippet:-1","max-image-preview":"max-image-preview:large","max-video-preview":"max-video-preview:-1"},"canonical":"https:\/\/martinluther.ca\/de\/2022\/05\/willkommen-nefeli-unsere-neue-praktikantin-fuer-mai-juni-2022\/","og_locale":"de_DE","og_type":"article","og_title":"Willkommen Nefeli, unsere neue Praktikantin f\u00fcr Mai - Juni 2022 - Martin Luther Evangelische Kirche Toronto","og_description":"Begr\u00fc\u00dfen Sie mit uns Nefeli Xiggos, die vom 13. Mai 2022 bis Ende Juni unsere Praktikantin in der Martin Luther Church Toronto sein wird. Schauen Sie sich ihre Geschichten auf unserem Instagram #lutheransbythelake an Hallo zusammen, Mein Name ist Nefeli, ich bin 22 Jahre alt und komme aus Obermichelbach, einem kleinen Dorf in Nordbayern. Aktuell&hellip;","og_url":"https:\/\/martinluther.ca\/de\/2022\/05\/willkommen-nefeli-unsere-neue-praktikantin-fuer-mai-juni-2022\/","og_site_name":"Martin Luther Evangelische Kirche Toronto","article_publisher":"https:\/\/www.facebook.com\/martinlutherchurchtoronto","article_published_time":"2022-05-14T21:39:24+00:00","article_modified_time":"2022-05-18T21:04:12+00:00","og_image":[{"width":1672,"height":1254,"url":"https:\/\/martinluther.ca\/wp-content\/uploads\/2022\/05\/2022-Nefeli-at-MLC-Annual-General-Meeting-04lighter.jpg","type":"image\/jpeg"}],"author":"Mona Kakoschke Frantzke","twitter_card":"summary_large_image","twitter_misc":{"Verfasst von":"Mona Kakoschke Frantzke","Gesch\u00e4tzte Lesezeit":"3\u00a0Minuten"},"schema":{"@context":"https:\/\/schema.org","@graph":[{"@type":"Article","@id":"https:\/\/martinluther.ca\/de\/2022\/05\/willkommen-nefeli-unsere-neue-praktikantin-fuer-mai-juni-2022\/#article","isPartOf":{"@id":"https:\/\/martinluther.ca\/de\/2022\/05\/willkommen-nefeli-unsere-neue-praktikantin-fuer-mai-juni-2022\/"},"author":{"name":"Mona Kakoschke Frantzke","@id":"https:\/\/martinluther.ca\/de\/#\/schema\/person\/815c51710f70b050f0476f18da6b0c8f"},"headline":"Willkommen Nefeli, unsere neue Praktikantin f\u00fcr Mai &#8211; Juni 2022","datePublished":"2022-05-14T21:39:24+00:00","dateModified":"2022-05-18T21:04:12+00:00","mainEntityOfPage":{"@id":"https:\/\/martinluther.ca\/de\/2022\/05\/willkommen-nefeli-unsere-neue-praktikantin-fuer-mai-juni-2022\/"},"wordCount":557,"publisher":{"@id":"https:\/\/martinluther.ca\/de\/#organization"},"image":{"@id":"https:\/\/martinluther.ca\/de\/2022\/05\/willkommen-nefeli-unsere-neue-praktikantin-fuer-mai-juni-2022\/#primaryimage"},"thumbnailUrl":"https:\/\/martinluther.ca\/wp-content\/uploads\/2022\/05\/2022-Nefeli-at-MLC-Annual-General-Meeting-04lighter.jpg","articleSection":["News Blog - German"],"inLanguage":"de"},{"@type":"WebPage","@id":"https:\/\/martinluther.ca\/de\/2022\/05\/willkommen-nefeli-unsere-neue-praktikantin-fuer-mai-juni-2022\/","url":"https:\/\/martinluther.ca\/de\/2022\/05\/willkommen-nefeli-unsere-neue-praktikantin-fuer-mai-juni-2022\/","name":"Willkommen Nefeli, unsere neue Praktikantin f\u00fcr Mai - Juni 2022 - Martin Luther Evangelische Kirche Toronto","isPartOf":{"@id":"https:\/\/martinluther.ca\/de\/#website"},"primaryImageOfPage":{"@id":"https:\/\/martinluther.ca\/de\/2022\/05\/willkommen-nefeli-unsere-neue-praktikantin-fuer-mai-juni-2022\/#primaryimage"},"image":{"@id":"https:\/\/martinluther.ca\/de\/2022\/05\/willkommen-nefeli-unsere-neue-praktikantin-fuer-mai-juni-2022\/#primaryimage"},"thumbnailUrl":"https:\/\/martinluther.ca\/wp-content\/uploads\/2022\/05\/2022-Nefeli-at-MLC-Annual-General-Meeting-04lighter.jpg","datePublished":"2022-05-14T21:39:24+00:00","dateModified":"2022-05-18T21:04:12+00:00","breadcrumb":{"@id":"https:\/\/martinluther.ca\/de\/2022\/05\/willkommen-nefeli-unsere-neue-praktikantin-fuer-mai-juni-2022\/#breadcrumb"},"inLanguage":"de","potentialAction":[{"@type":"ReadAction","target":["https:\/\/martinluther.ca\/de\/2022\/05\/willkommen-nefeli-unsere-neue-praktikantin-fuer-mai-juni-2022\/"]}]},{"@type":"ImageObject","inLanguage":"de","@id":"https:\/\/martinluther.ca\/de\/2022\/05\/willkommen-nefeli-unsere-neue-praktikantin-fuer-mai-juni-2022\/#primaryimage","url":"https:\/\/martinluther.ca\/wp-content\/uploads\/2022\/05\/2022-Nefeli-at-MLC-Annual-General-Meeting-04lighter.jpg","contentUrl":"https:\/\/martinluther.ca\/wp-content\/uploads\/2022\/05\/2022-Nefeli-at-MLC-Annual-General-Meeting-04lighter.jpg","width":1672,"height":1254,"caption":"Nefeli Xiggos"},{"@type":"BreadcrumbList","@id":"https:\/\/martinluther.ca\/de\/2022\/05\/willkommen-nefeli-unsere-neue-praktikantin-fuer-mai-juni-2022\/#breadcrumb","itemListElement":[{"@type":"ListItem","position":1,"name":"Home","item":"https:\/\/martinluther.ca\/de\/"},{"@type":"ListItem","position":2,"name":"Willkommen Nefeli, unsere neue Praktikantin f\u00fcr Mai &#8211; Juni 2022"}]},{"@type":"WebSite","@id":"https:\/\/martinluther.ca\/de\/#website","url":"https:\/\/martinluther.ca\/de\/","name":"Martin Luther Evangelical Church Toronto","description":"Deutsch &amp; Englisch","publisher":{"@id":"https:\/\/martinluther.ca\/de\/#organization"},"potentialAction":[{"@type":"SearchAction","target":{"@type":"EntryPoint","urlTemplate":"https:\/\/martinluther.ca\/de\/?s={search_term_string}"},"query-input":{"@type":"PropertyValueSpecification","valueRequired":true,"valueName":"search_term_string"}}],"inLanguage":"de"},{"@type":"Organization","@id":"https:\/\/martinluther.ca\/de\/#organization","name":"Martin Luther Evangelical Church Toronto","url":"https:\/\/martinluther.ca\/de\/","logo":{"@type":"ImageObject","inLanguage":"de","@id":"https:\/\/martinluther.ca\/de\/#\/schema\/logo\/image\/","url":"https:\/\/martinluther.ca\/wp-content\/uploads\/2016\/12\/ml-logo-300.png","contentUrl":"https:\/\/martinluther.ca\/wp-content\/uploads\/2016\/12\/ml-logo-300.png","width":300,"height":150,"caption":"Martin Luther Evangelical Church Toronto"},"image":{"@id":"https:\/\/martinluther.ca\/de\/#\/schema\/logo\/image\/"},"sameAs":["https:\/\/www.facebook.com\/martinlutherchurchtoronto","https:\/\/www.instagram.com\/lutheransbythelake\/","https:\/\/www.youtube.com\/MartinLutherChurchToronto"]},{"@type":"Person","@id":"https:\/\/martinluther.ca\/de\/#\/schema\/person\/815c51710f70b050f0476f18da6b0c8f","name":"Mona Kakoschke Frantzke","image":{"@type":"ImageObject","inLanguage":"de","@id":"https:\/\/secure.gravatar.com\/avatar\/0deb16854ca545cd2e9fc8001ca110d262b80d5c8317b38dc542265fbea0ed19?s=96&d=mm&r=g","url":"https:\/\/secure.gravatar.com\/avatar\/0deb16854ca545cd2e9fc8001ca110d262b80d5c8317b38dc542265fbea0ed19?s=96&d=mm&r=g","contentUrl":"https:\/\/secure.gravatar.com\/avatar\/0deb16854ca545cd2e9fc8001ca110d262b80d5c8317b38dc542265fbea0ed19?s=96&d=mm&r=g","caption":"Mona Kakoschke Frantzke"},"url":false}]}},"_links":{"self":[{"href":"https:\/\/martinluther.ca\/de\/wp-json\/wp\/v2\/posts\/41149","targetHints":{"allow":["GET"]}}],"collection":[{"href":"https:\/\/martinluther.ca\/de\/wp-json\/wp\/v2\/posts"}],"about":[{"href":"https:\/\/martinluther.ca\/de\/wp-json\/wp\/v2\/types\/post"}],"author":[{"embeddable":true,"href":"https:\/\/martinluther.ca\/de\/wp-json\/wp\/v2\/users\/9"}],"replies":[{"embeddable":true,"href":"https:\/\/martinluther.ca\/de\/wp-json\/wp\/v2\/comments?post=41149"}],"version-history":[{"count":6,"href":"https:\/\/martinluther.ca\/de\/wp-json\/wp\/v2\/posts\/41149\/revisions"}],"predecessor-version":[{"id":41325,"href":"https:\/\/martinluther.ca\/de\/wp-json\/wp\/v2\/posts\/41149\/revisions\/41325"}],"wp:featuredmedia":[{"embeddable":true,"href":"https:\/\/martinluther.ca\/de\/wp-json\/wp\/v2\/media\/41312"}],"wp:attachment":[{"href":"https:\/\/martinluther.ca\/de\/wp-json\/wp\/v2\/media?parent=41149"}],"wp:term":[{"taxonomy":"category","embeddable":true,"href":"https:\/\/martinluther.ca\/de\/wp-json\/wp\/v2\/categories?post=41149"},{"taxonomy":"post_tag","embeddable":true,"href":"https:\/\/martinluther.ca\/de\/wp-json\/wp\/v2\/tags?post=41149"},{"taxonomy":"post_series","embeddable":true,"href":"https:\/\/martinluther.ca\/de\/wp-json\/wp\/v2\/post_series?post=41149"}],"curies":[{"name":"wp","href":"https:\/\/api.w.org\/{rel}","templated":true}]}}