{"id":41492,"date":"2022-06-03T13:58:02","date_gmt":"2022-06-03T17:58:02","guid":{"rendered":"https:\/\/martinluther.ca\/?p=41492"},"modified":"2022-06-04T15:28:51","modified_gmt":"2022-06-04T19:28:51","slug":"lesen-sie-die-pfingstandacht-und-nehmen-sie-am-konfirmationsgottesdienst-teil","status":"publish","type":"post","link":"https:\/\/martinluther.ca\/de\/2022\/06\/lesen-sie-die-pfingstandacht-und-nehmen-sie-am-konfirmationsgottesdienst-teil\/","title":{"rendered":"Lesen Sie die Pfingstandacht und nehmen Sie am Konfirmationsgottesdienst teil"},"content":{"rendered":"<figure id=\"attachment_41489\" aria-describedby=\"caption-attachment-41489\" style=\"width: 300px\" class=\"wp-caption alignright\"><img loading=\"lazy\" decoding=\"async\" class=\"wp-image-41489 size-medium\" src=\"https:\/\/martinluther.ca\/wp-content\/uploads\/2022\/06\/2022-Image-for-Annika-Pentecost-blog-Salt-abstract-4x3-1-300x225.jpg\" alt=\"2022 Image for Annika Pentecost blog -Salt abstract (4x3)\" width=\"300\" height=\"225\" srcset=\"https:\/\/martinluther.ca\/wp-content\/uploads\/2022\/06\/2022-Image-for-Annika-Pentecost-blog-Salt-abstract-4x3-1-300x225.jpg 300w, https:\/\/martinluther.ca\/wp-content\/uploads\/2022\/06\/2022-Image-for-Annika-Pentecost-blog-Salt-abstract-4x3-1-1024x768.jpg 1024w, https:\/\/martinluther.ca\/wp-content\/uploads\/2022\/06\/2022-Image-for-Annika-Pentecost-blog-Salt-abstract-4x3-1-768x576.jpg 768w, https:\/\/martinluther.ca\/wp-content\/uploads\/2022\/06\/2022-Image-for-Annika-Pentecost-blog-Salt-abstract-4x3-1-1536x1152.jpg 1536w, https:\/\/martinluther.ca\/wp-content\/uploads\/2022\/06\/2022-Image-for-Annika-Pentecost-blog-Salt-abstract-4x3-1-2048x1536.jpg 2048w\" sizes=\"auto, (max-width: 300px) 100vw, 300px\" \/><figcaption id=\"caption-attachment-41489\" class=\"wp-caption-text\">Ihr seid das Salz der Erde! (Mt 5,13-16)<\/figcaption><\/figure>\n<p>diesen <strong>Sonntag, 5. Juni 2022 um 11:00 Uhr<\/strong>. Pastorin Annika Klappert hat eine Andacht geschrieben, der Kirchenchor hat zwei Lieder ge\u00fcbt (aufgenommen, siehe unten) und unsere Praktikantin Nefeli Xiggos hat ein tolles Instagram-Story produziert (live, ebenfalls unten).<\/p>\n<p>Die diesj\u00e4hrigen Konfirmanden sind: Olivia, Max, Evan, Frederica, Annalia und Maya.<\/p>\n<p>Nach den Sommerferien beginnen u<strong>nsere neuen Konfirmandenkurse<\/strong>. Der Kurs dauert ein Jahr und endet mit der Konfirmation an Pfingsten 2023. Er richtet sich an Jugendliche, die nach den Sommerferien in die 7. Klasse kommen oder 12 bis 15 Jahre alt sind. Sehen Sie sich an, wie der diesj\u00e4hrige Konfirmationsgottesdienst an diesem Sonntag aussehen wird, und melden Sie sich dann an!<\/p>\n<p><strong>Pfingstandacht 2022<br \/>\n-Pastorin Annika Klappert<\/strong><\/p>\n<p>Wir feiern in den kommenden Tagen Pfingsten: Gott sendet uns seinen Heiligen Geist, damit wir sein Wort in die Welt tragen und in seiner Nachfolge wachsen k\u00f6nnen. Jesus sagte einmal zu seinen Freunden: Ihr seid das Salz der Erde, ihr seid das Licht der Welt. Was f\u00fcr ein immenser Zuspruch und welches Vertrauen liegt in diesem einen Satz!<\/p>\n<p>Ihr seid das Salz \u2013 ich finde es toll, dass hier einer ganzen Gruppe diese Ermutigung zugesagt wird. Nicht einer allein ist also Salz der Erde und Licht der Welt, sondern alle, die sich an Gott halten. Keiner kann von sich behaupten, er allein sei ausreichend, um das Reich Gottes zu bauen. Das sollen wir mit vereinten Kr\u00e4ften gemeinsam tun. Jede und Jeder auf seine Weise.<\/p>\n<p>Ihr seid das Salz \u2013 wir haben es nicht, das Salz, sondern wir sind es. Wie schnell k\u00f6nnen wir alles verlieren, was wir haben, Geld, Gesundheit, Macht oder Beliebtheit. Was wir sind, das bleibt vor Gott f\u00fcr immer bestehen, das kann uns niemand wegnehmen. Wir alle sind einmalige Menschen, von Gott selbst ausgedacht. Wir sind das Salz, und weil wir es sind, sollen wir wirken in dieser Welt \u2013 f\u00fcr uns selbst und f\u00fcr andere Menschen. Unser Leben als Christinnen und Christen vor Gott ist eine Chance, die Welt zum Guten zu ver\u00e4ndern. Hier, in diesem irdischen Leben, sollen wir unsere Talente und F\u00e4higkeiten einsetzen, f\u00fcreinander und miteinander. Die Erde, die Gott uns Menschen zum Bebauen und Bewahren anvertraut hat, sollen wir mit seinem Geist w\u00fcrzen und salzen. Nicht irgendwann einmal, sondern hier und jetzt.<\/p>\n<p>Wir als Martin Luther Kirchengemeinde versuchen genau das zu tun \u2013 in Wort und Tat. An dieser Stelle m\u00f6chten wir uns bedanken f\u00fcr all die Hilfe, mit der Sie zu unserer Gemeinde beigetragen haben. Und wir m\u00f6chten Sie bitten, auch weiterhin mit ihrem Salz unsere Suppe zu w\u00fcrzen, sei es mit finanziellen Hilfen oder Ihren Ideen, Ihrer Zeit, Ihren Talenten und Gebeten.<\/p>\n<p>Wir brauchen Sie, um auch weiterhin als Kirche am Lakeshore leuchten zu k\u00f6nnen!<\/p>\n<p>Es ist eine gro\u00dfe Aufgabe, die Jesus uns gegeben hat. Wir wissen, dass wir dem nicht<br \/>\nimmer gerecht werden k\u00f6nnen. Doch er traut es uns immer wieder aufs Neue zu. Ist das nicht gro\u00dfartig? Gott z\u00e4hlt auf uns. Das gibt uns den n\u00f6tigen Schwung, damit wir es wagen, Salz und Licht zu sein in dieser Welt. Gottes Heiliger Geist schenke uns dazu Mut und Kraft!<br \/>\nAmen.<\/p>\n<p><strong>Intern Nefeli Xiggos&#8216; <a href=\"https:\/\/www.instagram.com\/s\/aGlnaGxpZ2h0OjE3OTcyNzgxNjA0NTcwNjYx?story_media_id=2852468683940659006_11078268858&amp;igshid=MDJmNzVkMjY=\" target=\"_blank\" rel=\"noopener\">Instagram reel on June 3, 2022<\/a><\/strong><\/p>\n<p><strong>Der Kirchenchor singt<br \/>\n&#8211;Organistin and Chorleiterin Linda Marcinkus<br \/>\n<\/strong><\/p>\n<audio class=\"wp-audio-shortcode\" id=\"audio-41492-1\" preload=\"none\" style=\"width: 100%;\" controls=\"controls\"><source type=\"audio\/mpeg\" src=\"https:\/\/martinluther.ca\/wp-content\/uploads\/2022\/06\/2022_Pentecost_Jun5_churchchoirsings-KommHeilgerGeist.mp3?_=1\" \/><a href=\"https:\/\/martinluther.ca\/wp-content\/uploads\/2022\/06\/2022_Pentecost_Jun5_churchchoirsings-KommHeilgerGeist.mp3\">https:\/\/martinluther.ca\/wp-content\/uploads\/2022\/06\/2022_Pentecost_Jun5_churchchoirsings-KommHeilgerGeist.mp3<\/a><\/audio>\n<p><strong>Komm, Gott Sch\u04e7pfer, Heilger Geist<\/strong><br \/>\nKomm, Gott Sch\u04e7pfer Heil&#8217;ger Geist, besuch das Herz der Menschen dein, mit Gnaden sie f\u00fcll, Denn du weisst, dass sie dein gesch\u04e7pfe sein.\u00a0Text: Martin Luther (1524) nach dem Hymnus Veni creator spiritus<br \/>\nMusik: Marty Haugen (1987)<\/p>\n<p><strong>\u00d6ffne Uns die Ohren Herr<\/strong><\/p>\n<p>1. \u00d6ffne uns die Ohren, Herr, damit wir h\u04e7ren, was du uns zu sagen hast. Rede du zu uns, durch dein Wort, das die Wahrheit ist.<br \/>\n2. \u00d6ffne uns die Augen, Herr, damit wir sehen, welchem Weg zum Ziel uns f\u00fchrt. Weise uns den Weg, durch dein Wort, das die Wahrheit ist.<br \/>\n3. \u00d6ffne uns die Lippen, Herr, damit wir sagen, was der Welt zum Besten dient. Schenke uns die Kraft, durch dein Wort, das die Wahrheit ist.<br \/>\n4. \u00d6ffne uns die Herzen, Herr, damit wir das tun, was dein Wille f\u00fcr uns ist. Halte uns bei dir und dein Wort das die Wahrheit ist. Text und Musik: Klaus Heizmann<\/p>\n<p>*****************<\/p>\n<audio class=\"wp-audio-shortcode\" id=\"audio-41492-2\" preload=\"none\" style=\"width: 100%;\" controls=\"controls\"><source type=\"audio\/mpeg\" src=\"https:\/\/martinluther.ca\/wp-content\/uploads\/2022\/06\/2022_Pentecost_Jun5_churchchoirsings-LordWhenYouCameToTheLakeshore-forConfirmation.mp3?_=2\" \/><a href=\"https:\/\/martinluther.ca\/wp-content\/uploads\/2022\/06\/2022_Pentecost_Jun5_churchchoirsings-LordWhenYouCameToTheLakeshore-forConfirmation.mp3\">https:\/\/martinluther.ca\/wp-content\/uploads\/2022\/06\/2022_Pentecost_Jun5_churchchoirsings-LordWhenYouCameToTheLakeshore-forConfirmation.mp3<\/a><\/audio>\n<p><strong>Lord, when you came to the Lakeshore<\/strong><br \/>\n1. Lord, when you came to the Lakeshore You weren&#8217;t seeking the wise or the wealthy, But only asking that I might follow.<br \/>\nRefrain: O Lord, in my eyes you were gazing, Kindly smiling, my name you were saying: Here I stand Lord, willing always to follow; Close to you, I will seek to endure.<br \/>\n2. O Lord have you need of my labour, Hands for service, a heart made for loving, My arms for lifting the poor and broken? Refrain.<br \/>\n3. Lord, send me where you would have me, To a village, or heart of the city; I will remember that you are with me. Refrain.<\/p>\n<p>Interlude segment: &#8222;We are the dwelling of God, fragile and seeking his grace. Lord be our light and guide now, holding us strong in your love.&#8220; &#8211; Quotation of a segment from an arrangement by Kevin Keil<\/p>\n<p>Text (Prescador de Hombres) and Tune: Cesare Gabarain. Piano accompanied arranged by Diana Kodner. English translation from Spanish by William Francis Jabusch.\u00a0Adaptation to text and refrain harmonization by Linda Marcinkus<\/p>\n<p>*********************************<br \/>\nH\u00f6ren Sie unsere deutsche Radioandachten, die jeden Sonntag um 9.30 Uhr auf CHLO Radio AM 530 live gesendet werden und sp\u00e4ter als Podcast-Aufzeichnung auf unserer <a href=\"https:\/\/martinluther.ca\/de\/gottesdienste\/radiosendung\/\" target=\"_blank\" rel=\"noopener\">Radioandacht<\/a>-Webseite archiviert.<\/p>\n<p>Neuigkeiten finden Sie unter: <a href=\"https:\/\/martinluther.ca\/de\/news-der-gemeinde\/\" target=\"_blank\" rel=\"noopener\">https:\/\/martinluther.ca\/de\/news-der-gemeinde\/<\/a><\/p>\n<p>**********************************<br \/>\nMartin Luther Evangelical Lutheran Church<br \/>\n2379 Lake Shore Blvd West, Toronto, Ontario, Canada M8V 1B7<br \/>\nTel.: (416) 251-8293 <a href=\"mailto:churchoffice@martinluther.ca\" target=\"_blank\" rel=\"noopener\">churchoffice@martinluther.ca<\/a><\/p>\n<p>Folgen Sie der Martin-Luther-Kirche Toronto in den sozialen Medien:<br \/>\nFacebook: <a href=\"https:\/\/www.facebook.com\/martinlutherchurchtoronto\" target=\"_blank\" rel=\"noopener\">https:\/\/www.facebook.com\/martinlutherchurchtoronto<\/a><br \/>\nInstagram: <a href=\"https:\/\/www.instagram.com\/lutheransbythelake\" target=\"_blank\" rel=\"noopener\">https:\/\/www.instagram.com\/lutheransbythelake<\/a><br \/>\nTwitter: <a href=\"https:\/\/twitter.com\/Lutheransbylake\" target=\"_blank\" rel=\"noopener\">https:\/\/twitter.com\/Lutheransbylake<\/a><\/p>\n<p>Abonnieren Sie unseren YouTube-Kanal unter: <a href=\"https:\/\/www.youtube.com\/user\/martinlutherchurchtoronto\" target=\"_blank\" rel=\"noopener\">https:\/\/www.youtube.com\/user\/martinlutherchurchtoronto<\/a><\/p>\n","protected":false},"excerpt":{"rendered":"<p>diesen Sonntag, 5. Juni 2022 um 11:00 Uhr. Pastorin Annika Klappert hat eine Andacht geschrieben, der Kirchenchor hat zwei Lieder ge\u00fcbt (aufgenommen, siehe unten) und unsere Praktikantin Nefeli Xiggos hat ein tolles Instagram-Story produziert (live, ebenfalls unten). Die diesj\u00e4hrigen Konfirmanden sind: Olivia, Max, Evan, Frederica, Annalia und Maya. Nach den Sommerferien beginnen unsere neuen Konfirmandenkurse.&hellip;<\/p>\n","protected":false},"author":9,"featured_media":41489,"comment_status":"closed","ping_status":"closed","sticky":false,"template":"","format":"standard","meta":{"footnotes":""},"categories":[69],"tags":[],"post_series":[],"class_list":["post-41492","post","type-post","status-publish","format-standard","has-post-thumbnail","hentry","category-news-blog-german","entry","has-media"],"yoast_head":"<!-- This site is optimized with the Yoast SEO plugin v27.5 - https:\/\/yoast.com\/product\/yoast-seo-wordpress\/ -->\n<title>Lesen Sie die Pfingstandacht und nehmen Sie am Konfirmationsgottesdienst teil - Martin Luther Evangelische Kirche Toronto<\/title>\n<meta name=\"robots\" content=\"index, follow, max-snippet:-1, max-image-preview:large, max-video-preview:-1\" \/>\n<link rel=\"canonical\" href=\"https:\/\/martinluther.ca\/2022\/06\/read-the-pentecost-devotion-and-join-the-confirmation-service\/\" \/>\n<meta property=\"og:locale\" content=\"de_DE\" \/>\n<meta property=\"og:type\" content=\"article\" \/>\n<meta property=\"og:title\" content=\"Lesen Sie die Pfingstandacht und nehmen Sie am Konfirmationsgottesdienst teil - Martin Luther Evangelische Kirche Toronto\" \/>\n<meta property=\"og:description\" content=\"diesen Sonntag, 5. Juni 2022 um 11:00 Uhr. Pastorin Annika Klappert hat eine Andacht geschrieben, der Kirchenchor hat zwei Lieder ge\u00fcbt (aufgenommen, siehe unten) und unsere Praktikantin Nefeli Xiggos hat ein tolles Instagram-Story produziert (live, ebenfalls unten). Die diesj\u00e4hrigen Konfirmanden sind: Olivia, Max, Evan, Frederica, Annalia und Maya. Nach den Sommerferien beginnen unsere neuen Konfirmandenkurse.&hellip;\" \/>\n<meta property=\"og:url\" content=\"https:\/\/martinluther.ca\/2022\/06\/read-the-pentecost-devotion-and-join-the-confirmation-service\/\" \/>\n<meta property=\"og:site_name\" content=\"Martin Luther Evangelische Kirche Toronto\" \/>\n<meta property=\"article:publisher\" content=\"https:\/\/www.facebook.com\/martinlutherchurchtoronto\" \/>\n<meta property=\"article:published_time\" content=\"2022-06-03T17:58:02+00:00\" \/>\n<meta property=\"article:modified_time\" content=\"2022-06-04T19:28:51+00:00\" \/>\n<meta property=\"og:image\" content=\"https:\/\/martinluther.ca\/wp-content\/uploads\/2022\/06\/2022-Image-for-Annika-Pentecost-blog-Salt-abstract-4x3-1.jpg\" \/>\n\t<meta property=\"og:image:width\" content=\"2312\" \/>\n\t<meta property=\"og:image:height\" content=\"1734\" \/>\n\t<meta property=\"og:image:type\" content=\"image\/jpeg\" \/>\n<meta name=\"author\" content=\"Mona Kakoschke Frantzke\" \/>\n<meta name=\"twitter:card\" content=\"summary_large_image\" \/>\n<meta name=\"twitter:label1\" content=\"Verfasst von\" \/>\n\t<meta name=\"twitter:data1\" content=\"Mona Kakoschke Frantzke\" \/>\n\t<meta name=\"twitter:label2\" content=\"Gesch\u00e4tzte Lesezeit\" \/>\n\t<meta name=\"twitter:data2\" content=\"5\u00a0Minuten\" \/>\n<script type=\"application\/ld+json\" class=\"yoast-schema-graph\">{\"@context\":\"https:\\\/\\\/schema.org\",\"@graph\":[{\"@type\":\"Article\",\"@id\":\"https:\\\/\\\/martinluther.ca\\\/2022\\\/06\\\/read-the-pentecost-devotion-and-join-the-confirmation-service\\\/#article\",\"isPartOf\":{\"@id\":\"https:\\\/\\\/martinluther.ca\\\/2022\\\/06\\\/read-the-pentecost-devotion-and-join-the-confirmation-service\\\/\"},\"author\":{\"name\":\"Mona Kakoschke Frantzke\",\"@id\":\"https:\\\/\\\/martinluther.ca\\\/de\\\/#\\\/schema\\\/person\\\/815c51710f70b050f0476f18da6b0c8f\"},\"headline\":\"Lesen Sie die Pfingstandacht und nehmen Sie am Konfirmationsgottesdienst teil\",\"datePublished\":\"2022-06-03T17:58:02+00:00\",\"dateModified\":\"2022-06-04T19:28:51+00:00\",\"mainEntityOfPage\":{\"@id\":\"https:\\\/\\\/martinluther.ca\\\/2022\\\/06\\\/read-the-pentecost-devotion-and-join-the-confirmation-service\\\/\"},\"wordCount\":1021,\"publisher\":{\"@id\":\"https:\\\/\\\/martinluther.ca\\\/de\\\/#organization\"},\"image\":{\"@id\":\"https:\\\/\\\/martinluther.ca\\\/2022\\\/06\\\/read-the-pentecost-devotion-and-join-the-confirmation-service\\\/#primaryimage\"},\"thumbnailUrl\":\"https:\\\/\\\/martinluther.ca\\\/wp-content\\\/uploads\\\/2022\\\/06\\\/2022-Image-for-Annika-Pentecost-blog-Salt-abstract-4x3-1.jpg\",\"articleSection\":[\"News Blog - German\"],\"inLanguage\":\"de\"},{\"@type\":\"WebPage\",\"@id\":\"https:\\\/\\\/martinluther.ca\\\/2022\\\/06\\\/read-the-pentecost-devotion-and-join-the-confirmation-service\\\/\",\"url\":\"https:\\\/\\\/martinluther.ca\\\/2022\\\/06\\\/read-the-pentecost-devotion-and-join-the-confirmation-service\\\/\",\"name\":\"Lesen Sie die Pfingstandacht und nehmen Sie am Konfirmationsgottesdienst teil - Martin Luther Evangelische Kirche Toronto\",\"isPartOf\":{\"@id\":\"https:\\\/\\\/martinluther.ca\\\/de\\\/#website\"},\"primaryImageOfPage\":{\"@id\":\"https:\\\/\\\/martinluther.ca\\\/2022\\\/06\\\/read-the-pentecost-devotion-and-join-the-confirmation-service\\\/#primaryimage\"},\"image\":{\"@id\":\"https:\\\/\\\/martinluther.ca\\\/2022\\\/06\\\/read-the-pentecost-devotion-and-join-the-confirmation-service\\\/#primaryimage\"},\"thumbnailUrl\":\"https:\\\/\\\/martinluther.ca\\\/wp-content\\\/uploads\\\/2022\\\/06\\\/2022-Image-for-Annika-Pentecost-blog-Salt-abstract-4x3-1.jpg\",\"datePublished\":\"2022-06-03T17:58:02+00:00\",\"dateModified\":\"2022-06-04T19:28:51+00:00\",\"breadcrumb\":{\"@id\":\"https:\\\/\\\/martinluther.ca\\\/2022\\\/06\\\/read-the-pentecost-devotion-and-join-the-confirmation-service\\\/#breadcrumb\"},\"inLanguage\":\"de\",\"potentialAction\":[{\"@type\":\"ReadAction\",\"target\":[\"https:\\\/\\\/martinluther.ca\\\/2022\\\/06\\\/read-the-pentecost-devotion-and-join-the-confirmation-service\\\/\"]}]},{\"@type\":\"ImageObject\",\"inLanguage\":\"de\",\"@id\":\"https:\\\/\\\/martinluther.ca\\\/2022\\\/06\\\/read-the-pentecost-devotion-and-join-the-confirmation-service\\\/#primaryimage\",\"url\":\"https:\\\/\\\/martinluther.ca\\\/wp-content\\\/uploads\\\/2022\\\/06\\\/2022-Image-for-Annika-Pentecost-blog-Salt-abstract-4x3-1.jpg\",\"contentUrl\":\"https:\\\/\\\/martinluther.ca\\\/wp-content\\\/uploads\\\/2022\\\/06\\\/2022-Image-for-Annika-Pentecost-blog-Salt-abstract-4x3-1.jpg\",\"width\":2312,\"height\":1734,\"caption\":\"2022 Image for Annika Pentecost blog -Salt abstract (4x3)\"},{\"@type\":\"BreadcrumbList\",\"@id\":\"https:\\\/\\\/martinluther.ca\\\/2022\\\/06\\\/read-the-pentecost-devotion-and-join-the-confirmation-service\\\/#breadcrumb\",\"itemListElement\":[{\"@type\":\"ListItem\",\"position\":1,\"name\":\"Home\",\"item\":\"https:\\\/\\\/martinluther.ca\\\/de\\\/\"},{\"@type\":\"ListItem\",\"position\":2,\"name\":\"Lesen Sie die Pfingstandacht und nehmen Sie am Konfirmationsgottesdienst teil\"}]},{\"@type\":\"WebSite\",\"@id\":\"https:\\\/\\\/martinluther.ca\\\/de\\\/#website\",\"url\":\"https:\\\/\\\/martinluther.ca\\\/de\\\/\",\"name\":\"Martin Luther Evangelical Church Toronto\",\"description\":\"Deutsch &amp; Englisch\",\"publisher\":{\"@id\":\"https:\\\/\\\/martinluther.ca\\\/de\\\/#organization\"},\"potentialAction\":[{\"@type\":\"SearchAction\",\"target\":{\"@type\":\"EntryPoint\",\"urlTemplate\":\"https:\\\/\\\/martinluther.ca\\\/de\\\/?s={search_term_string}\"},\"query-input\":{\"@type\":\"PropertyValueSpecification\",\"valueRequired\":true,\"valueName\":\"search_term_string\"}}],\"inLanguage\":\"de\"},{\"@type\":\"Organization\",\"@id\":\"https:\\\/\\\/martinluther.ca\\\/de\\\/#organization\",\"name\":\"Martin Luther Evangelical Church Toronto\",\"url\":\"https:\\\/\\\/martinluther.ca\\\/de\\\/\",\"logo\":{\"@type\":\"ImageObject\",\"inLanguage\":\"de\",\"@id\":\"https:\\\/\\\/martinluther.ca\\\/de\\\/#\\\/schema\\\/logo\\\/image\\\/\",\"url\":\"https:\\\/\\\/martinluther.ca\\\/wp-content\\\/uploads\\\/2016\\\/12\\\/ml-logo-300.png\",\"contentUrl\":\"https:\\\/\\\/martinluther.ca\\\/wp-content\\\/uploads\\\/2016\\\/12\\\/ml-logo-300.png\",\"width\":300,\"height\":150,\"caption\":\"Martin Luther Evangelical Church Toronto\"},\"image\":{\"@id\":\"https:\\\/\\\/martinluther.ca\\\/de\\\/#\\\/schema\\\/logo\\\/image\\\/\"},\"sameAs\":[\"https:\\\/\\\/www.facebook.com\\\/martinlutherchurchtoronto\",\"https:\\\/\\\/www.instagram.com\\\/lutheransbythelake\\\/\",\"https:\\\/\\\/www.youtube.com\\\/MartinLutherChurchToronto\"]},{\"@type\":\"Person\",\"@id\":\"https:\\\/\\\/martinluther.ca\\\/de\\\/#\\\/schema\\\/person\\\/815c51710f70b050f0476f18da6b0c8f\",\"name\":\"Mona Kakoschke Frantzke\",\"image\":{\"@type\":\"ImageObject\",\"inLanguage\":\"de\",\"@id\":\"https:\\\/\\\/secure.gravatar.com\\\/avatar\\\/0deb16854ca545cd2e9fc8001ca110d262b80d5c8317b38dc542265fbea0ed19?s=96&d=mm&r=g\",\"url\":\"https:\\\/\\\/secure.gravatar.com\\\/avatar\\\/0deb16854ca545cd2e9fc8001ca110d262b80d5c8317b38dc542265fbea0ed19?s=96&d=mm&r=g\",\"contentUrl\":\"https:\\\/\\\/secure.gravatar.com\\\/avatar\\\/0deb16854ca545cd2e9fc8001ca110d262b80d5c8317b38dc542265fbea0ed19?s=96&d=mm&r=g\",\"caption\":\"Mona Kakoschke Frantzke\"},\"url\":false}]}<\/script>\n<!-- \/ Yoast SEO plugin. -->","yoast_head_json":{"title":"Lesen Sie die Pfingstandacht und nehmen Sie am Konfirmationsgottesdienst teil - Martin Luther Evangelische Kirche Toronto","robots":{"index":"index","follow":"follow","max-snippet":"max-snippet:-1","max-image-preview":"max-image-preview:large","max-video-preview":"max-video-preview:-1"},"canonical":"https:\/\/martinluther.ca\/2022\/06\/read-the-pentecost-devotion-and-join-the-confirmation-service\/","og_locale":"de_DE","og_type":"article","og_title":"Lesen Sie die Pfingstandacht und nehmen Sie am Konfirmationsgottesdienst teil - Martin Luther Evangelische Kirche Toronto","og_description":"diesen Sonntag, 5. Juni 2022 um 11:00 Uhr. Pastorin Annika Klappert hat eine Andacht geschrieben, der Kirchenchor hat zwei Lieder ge\u00fcbt (aufgenommen, siehe unten) und unsere Praktikantin Nefeli Xiggos hat ein tolles Instagram-Story produziert (live, ebenfalls unten). Die diesj\u00e4hrigen Konfirmanden sind: Olivia, Max, Evan, Frederica, Annalia und Maya. Nach den Sommerferien beginnen unsere neuen Konfirmandenkurse.&hellip;","og_url":"https:\/\/martinluther.ca\/2022\/06\/read-the-pentecost-devotion-and-join-the-confirmation-service\/","og_site_name":"Martin Luther Evangelische Kirche Toronto","article_publisher":"https:\/\/www.facebook.com\/martinlutherchurchtoronto","article_published_time":"2022-06-03T17:58:02+00:00","article_modified_time":"2022-06-04T19:28:51+00:00","og_image":[{"width":2312,"height":1734,"url":"https:\/\/martinluther.ca\/wp-content\/uploads\/2022\/06\/2022-Image-for-Annika-Pentecost-blog-Salt-abstract-4x3-1.jpg","type":"image\/jpeg"}],"author":"Mona Kakoschke Frantzke","twitter_card":"summary_large_image","twitter_misc":{"Verfasst von":"Mona Kakoschke Frantzke","Gesch\u00e4tzte Lesezeit":"5\u00a0Minuten"},"schema":{"@context":"https:\/\/schema.org","@graph":[{"@type":"Article","@id":"https:\/\/martinluther.ca\/2022\/06\/read-the-pentecost-devotion-and-join-the-confirmation-service\/#article","isPartOf":{"@id":"https:\/\/martinluther.ca\/2022\/06\/read-the-pentecost-devotion-and-join-the-confirmation-service\/"},"author":{"name":"Mona Kakoschke Frantzke","@id":"https:\/\/martinluther.ca\/de\/#\/schema\/person\/815c51710f70b050f0476f18da6b0c8f"},"headline":"Lesen Sie die Pfingstandacht und nehmen Sie am Konfirmationsgottesdienst teil","datePublished":"2022-06-03T17:58:02+00:00","dateModified":"2022-06-04T19:28:51+00:00","mainEntityOfPage":{"@id":"https:\/\/martinluther.ca\/2022\/06\/read-the-pentecost-devotion-and-join-the-confirmation-service\/"},"wordCount":1021,"publisher":{"@id":"https:\/\/martinluther.ca\/de\/#organization"},"image":{"@id":"https:\/\/martinluther.ca\/2022\/06\/read-the-pentecost-devotion-and-join-the-confirmation-service\/#primaryimage"},"thumbnailUrl":"https:\/\/martinluther.ca\/wp-content\/uploads\/2022\/06\/2022-Image-for-Annika-Pentecost-blog-Salt-abstract-4x3-1.jpg","articleSection":["News Blog - German"],"inLanguage":"de"},{"@type":"WebPage","@id":"https:\/\/martinluther.ca\/2022\/06\/read-the-pentecost-devotion-and-join-the-confirmation-service\/","url":"https:\/\/martinluther.ca\/2022\/06\/read-the-pentecost-devotion-and-join-the-confirmation-service\/","name":"Lesen Sie die Pfingstandacht und nehmen Sie am Konfirmationsgottesdienst teil - Martin Luther Evangelische Kirche Toronto","isPartOf":{"@id":"https:\/\/martinluther.ca\/de\/#website"},"primaryImageOfPage":{"@id":"https:\/\/martinluther.ca\/2022\/06\/read-the-pentecost-devotion-and-join-the-confirmation-service\/#primaryimage"},"image":{"@id":"https:\/\/martinluther.ca\/2022\/06\/read-the-pentecost-devotion-and-join-the-confirmation-service\/#primaryimage"},"thumbnailUrl":"https:\/\/martinluther.ca\/wp-content\/uploads\/2022\/06\/2022-Image-for-Annika-Pentecost-blog-Salt-abstract-4x3-1.jpg","datePublished":"2022-06-03T17:58:02+00:00","dateModified":"2022-06-04T19:28:51+00:00","breadcrumb":{"@id":"https:\/\/martinluther.ca\/2022\/06\/read-the-pentecost-devotion-and-join-the-confirmation-service\/#breadcrumb"},"inLanguage":"de","potentialAction":[{"@type":"ReadAction","target":["https:\/\/martinluther.ca\/2022\/06\/read-the-pentecost-devotion-and-join-the-confirmation-service\/"]}]},{"@type":"ImageObject","inLanguage":"de","@id":"https:\/\/martinluther.ca\/2022\/06\/read-the-pentecost-devotion-and-join-the-confirmation-service\/#primaryimage","url":"https:\/\/martinluther.ca\/wp-content\/uploads\/2022\/06\/2022-Image-for-Annika-Pentecost-blog-Salt-abstract-4x3-1.jpg","contentUrl":"https:\/\/martinluther.ca\/wp-content\/uploads\/2022\/06\/2022-Image-for-Annika-Pentecost-blog-Salt-abstract-4x3-1.jpg","width":2312,"height":1734,"caption":"2022 Image for Annika Pentecost blog -Salt abstract (4x3)"},{"@type":"BreadcrumbList","@id":"https:\/\/martinluther.ca\/2022\/06\/read-the-pentecost-devotion-and-join-the-confirmation-service\/#breadcrumb","itemListElement":[{"@type":"ListItem","position":1,"name":"Home","item":"https:\/\/martinluther.ca\/de\/"},{"@type":"ListItem","position":2,"name":"Lesen Sie die Pfingstandacht und nehmen Sie am Konfirmationsgottesdienst teil"}]},{"@type":"WebSite","@id":"https:\/\/martinluther.ca\/de\/#website","url":"https:\/\/martinluther.ca\/de\/","name":"Martin Luther Evangelical Church Toronto","description":"Deutsch &amp; Englisch","publisher":{"@id":"https:\/\/martinluther.ca\/de\/#organization"},"potentialAction":[{"@type":"SearchAction","target":{"@type":"EntryPoint","urlTemplate":"https:\/\/martinluther.ca\/de\/?s={search_term_string}"},"query-input":{"@type":"PropertyValueSpecification","valueRequired":true,"valueName":"search_term_string"}}],"inLanguage":"de"},{"@type":"Organization","@id":"https:\/\/martinluther.ca\/de\/#organization","name":"Martin Luther Evangelical Church Toronto","url":"https:\/\/martinluther.ca\/de\/","logo":{"@type":"ImageObject","inLanguage":"de","@id":"https:\/\/martinluther.ca\/de\/#\/schema\/logo\/image\/","url":"https:\/\/martinluther.ca\/wp-content\/uploads\/2016\/12\/ml-logo-300.png","contentUrl":"https:\/\/martinluther.ca\/wp-content\/uploads\/2016\/12\/ml-logo-300.png","width":300,"height":150,"caption":"Martin Luther Evangelical Church Toronto"},"image":{"@id":"https:\/\/martinluther.ca\/de\/#\/schema\/logo\/image\/"},"sameAs":["https:\/\/www.facebook.com\/martinlutherchurchtoronto","https:\/\/www.instagram.com\/lutheransbythelake\/","https:\/\/www.youtube.com\/MartinLutherChurchToronto"]},{"@type":"Person","@id":"https:\/\/martinluther.ca\/de\/#\/schema\/person\/815c51710f70b050f0476f18da6b0c8f","name":"Mona Kakoschke Frantzke","image":{"@type":"ImageObject","inLanguage":"de","@id":"https:\/\/secure.gravatar.com\/avatar\/0deb16854ca545cd2e9fc8001ca110d262b80d5c8317b38dc542265fbea0ed19?s=96&d=mm&r=g","url":"https:\/\/secure.gravatar.com\/avatar\/0deb16854ca545cd2e9fc8001ca110d262b80d5c8317b38dc542265fbea0ed19?s=96&d=mm&r=g","contentUrl":"https:\/\/secure.gravatar.com\/avatar\/0deb16854ca545cd2e9fc8001ca110d262b80d5c8317b38dc542265fbea0ed19?s=96&d=mm&r=g","caption":"Mona Kakoschke Frantzke"},"url":false}]}},"_links":{"self":[{"href":"https:\/\/martinluther.ca\/de\/wp-json\/wp\/v2\/posts\/41492","targetHints":{"allow":["GET"]}}],"collection":[{"href":"https:\/\/martinluther.ca\/de\/wp-json\/wp\/v2\/posts"}],"about":[{"href":"https:\/\/martinluther.ca\/de\/wp-json\/wp\/v2\/types\/post"}],"author":[{"embeddable":true,"href":"https:\/\/martinluther.ca\/de\/wp-json\/wp\/v2\/users\/9"}],"replies":[{"embeddable":true,"href":"https:\/\/martinluther.ca\/de\/wp-json\/wp\/v2\/comments?post=41492"}],"version-history":[{"count":6,"href":"https:\/\/martinluther.ca\/de\/wp-json\/wp\/v2\/posts\/41492\/revisions"}],"predecessor-version":[{"id":41508,"href":"https:\/\/martinluther.ca\/de\/wp-json\/wp\/v2\/posts\/41492\/revisions\/41508"}],"wp:featuredmedia":[{"embeddable":true,"href":"https:\/\/martinluther.ca\/de\/wp-json\/wp\/v2\/media\/41489"}],"wp:attachment":[{"href":"https:\/\/martinluther.ca\/de\/wp-json\/wp\/v2\/media?parent=41492"}],"wp:term":[{"taxonomy":"category","embeddable":true,"href":"https:\/\/martinluther.ca\/de\/wp-json\/wp\/v2\/categories?post=41492"},{"taxonomy":"post_tag","embeddable":true,"href":"https:\/\/martinluther.ca\/de\/wp-json\/wp\/v2\/tags?post=41492"},{"taxonomy":"post_series","embeddable":true,"href":"https:\/\/martinluther.ca\/de\/wp-json\/wp\/v2\/post_series?post=41492"}],"curies":[{"name":"wp","href":"https:\/\/api.w.org\/{rel}","templated":true}]}}