{"id":42161,"date":"2022-07-11T13:39:28","date_gmt":"2022-07-11T17:39:28","guid":{"rendered":"https:\/\/martinluther.ca\/?p=42161"},"modified":"2022-07-18T10:06:51","modified_gmt":"2022-07-18T14:06:51","slug":"danke-und-auf-wiedersehen-praktikantin-nefeli","status":"publish","type":"post","link":"https:\/\/martinluther.ca\/de\/2022\/07\/danke-und-auf-wiedersehen-praktikantin-nefeli\/","title":{"rendered":"Danke und auf Wiedersehen, Praktikantin Nefeli"},"content":{"rendered":"<p><em><a href=\"https:\/\/martinluther.ca\/wp-content\/uploads\/2022\/07\/2022-Intern-Nefei-Xiggos-in-robe-scaled.jpg\"><img loading=\"lazy\" decoding=\"async\" class=\"alignright size-medium wp-image-42154\" src=\"https:\/\/martinluther.ca\/wp-content\/uploads\/2022\/07\/2022-Intern-Nefei-Xiggos-in-robe-225x300.jpg\" alt=\"\" width=\"225\" height=\"300\" srcset=\"https:\/\/martinluther.ca\/wp-content\/uploads\/2022\/07\/2022-Intern-Nefei-Xiggos-in-robe-225x300.jpg 225w, https:\/\/martinluther.ca\/wp-content\/uploads\/2022\/07\/2022-Intern-Nefei-Xiggos-in-robe-768x1024.jpg 768w, https:\/\/martinluther.ca\/wp-content\/uploads\/2022\/07\/2022-Intern-Nefei-Xiggos-in-robe-1152x1536.jpg 1152w, https:\/\/martinluther.ca\/wp-content\/uploads\/2022\/07\/2022-Intern-Nefei-Xiggos-in-robe-1537x2048.jpg 1537w, https:\/\/martinluther.ca\/wp-content\/uploads\/2022\/07\/2022-Intern-Nefei-Xiggos-in-robe-scaled.jpg 1921w\" sizes=\"auto, (max-width: 225px) 100vw, 225px\" \/><\/a><\/em><\/p>\n<p><em>Text adaptiert aus dem Godspeed f\u00fcr unsere Praktikantin Nefeli Xiggos w\u00e4hrend des Gottesdienstes am 26. Juni 2022:<\/em><\/p>\n<p>Dann h\u00f6rte ich die Stimme des Herrn sagen: \u201eWen soll ich senden? Und wer wird f\u00fcr uns gehen?\u201c Und ich sagte: \u201eHier bin ich. Sende mich!\u201c (Jesaja 6:8)<\/p>\n<p>Diese Worte wurden als Schriftstelle in der Dinner Church by the Lake im Mai 2022 verwendet und wir glauben, dass sie beschreiben, wie wir Nefeli w\u00e4hrend ihrer Zeit bei uns von Mai bis Juni 2022 kennengelernt haben. Von dem Moment an, als sie diese Kirche betrat, war es so : &#8222;Hier bin ich. Was kann ich machen?&#8220; Sie war bereit, nicht nur zuzuschauen, sondern sich an allem zu beteiligen, was hier vor sich geht. Seit ihrem Beginn mit unsere Konfirmanden Immersion hat sie alle m\u00f6glichen Aufgaben und Herausforderungen gemeistert: Sei es ihre erste Beerdigung, der Kampf gegen unsere technischen Probleme im B\u00fcro, Treffen mit unseren Senioren oder das Erkunden der indigenen Kultur und Geschichte auf unterschiedliche Weise und das Lernen \u00fcber unsere Rolle als Kirchen im Prozess der Vers\u00f6hnung. Sie gab auch ihre Worte des Glaubens in Radioandachten und -gottesdiensten ab, die sie mit gro\u00dfem Erfolg geplant und geleitet hatte.<\/p>\n<p>Wir haben ihre positive Einstellung, Ehrlichkeit und Bereitschaft, mit Fachwissen zu helfen, wo immer es gebraucht wird, sowie ihren Humor und ihre Flexibilit\u00e4t in der Zusammenarbeit mit uns als Team sehr gesch\u00e4tzt. Wir hoffen sehr, dass diese Erfahrung ihr Selbstvertrauen und Freude gibt, das Ziel zu verfolgen, eines Tages selbst Pastorin zu werden.<\/p>\n","protected":false},"excerpt":{"rendered":"<p>Text adaptiert aus dem Godspeed f\u00fcr unsere Praktikantin Nefeli Xiggos w\u00e4hrend des Gottesdienstes am 26. Juni 2022: Dann h\u00f6rte ich die Stimme des Herrn sagen: \u201eWen soll ich senden? Und wer wird f\u00fcr uns gehen?\u201c Und ich sagte: \u201eHier bin ich. Sende mich!\u201c (Jesaja 6:8) Diese Worte wurden als Schriftstelle in der Dinner Church by&hellip;<\/p>\n","protected":false},"author":8,"featured_media":42157,"comment_status":"closed","ping_status":"closed","sticky":false,"template":"","format":"standard","meta":{"footnotes":""},"categories":[69],"tags":[],"post_series":[],"class_list":["post-42161","post","type-post","status-publish","format-standard","has-post-thumbnail","hentry","category-news-blog-german","entry","has-media"],"yoast_head":"<!-- This site is optimized with the Yoast SEO plugin v27.5 - https:\/\/yoast.com\/product\/yoast-seo-wordpress\/ -->\n<title>Danke und auf Wiedersehen, Praktikantin Nefeli - Martin Luther Evangelische Kirche Toronto<\/title>\n<meta name=\"robots\" content=\"index, follow, max-snippet:-1, max-image-preview:large, max-video-preview:-1\" \/>\n<link rel=\"canonical\" href=\"https:\/\/martinluther.ca\/de\/2022\/07\/danke-und-auf-wiedersehen-praktikantin-nefeli\/\" \/>\n<meta property=\"og:locale\" content=\"de_DE\" \/>\n<meta property=\"og:type\" content=\"article\" \/>\n<meta property=\"og:title\" content=\"Danke und auf Wiedersehen, Praktikantin Nefeli - Martin Luther Evangelische Kirche Toronto\" \/>\n<meta property=\"og:description\" content=\"Text adaptiert aus dem Godspeed f\u00fcr unsere Praktikantin Nefeli Xiggos w\u00e4hrend des Gottesdienstes am 26. Juni 2022: Dann h\u00f6rte ich die Stimme des Herrn sagen: \u201eWen soll ich senden? Und wer wird f\u00fcr uns gehen?\u201c Und ich sagte: \u201eHier bin ich. Sende mich!\u201c (Jesaja 6:8) Diese Worte wurden als Schriftstelle in der Dinner Church by&hellip;\" \/>\n<meta property=\"og:url\" content=\"https:\/\/martinluther.ca\/de\/2022\/07\/danke-und-auf-wiedersehen-praktikantin-nefeli\/\" \/>\n<meta property=\"og:site_name\" content=\"Martin Luther Evangelische Kirche Toronto\" \/>\n<meta property=\"article:publisher\" content=\"https:\/\/www.facebook.com\/martinlutherchurchtoronto\" \/>\n<meta property=\"article:published_time\" content=\"2022-07-11T17:39:28+00:00\" \/>\n<meta property=\"article:modified_time\" content=\"2022-07-18T14:06:51+00:00\" \/>\n<meta property=\"og:image\" content=\"https:\/\/martinluther.ca\/wp-content\/uploads\/2022\/07\/2022-06-26-Service-with-Intern-Nefeli-Xiggos-Credit-Andy-Boettcher.jpg\" \/>\n\t<meta property=\"og:image:width\" content=\"1629\" \/>\n\t<meta property=\"og:image:height\" content=\"1222\" \/>\n\t<meta property=\"og:image:type\" content=\"image\/jpeg\" \/>\n<meta name=\"author\" content=\"Marlena Muller\" \/>\n<meta name=\"twitter:card\" content=\"summary_large_image\" \/>\n<meta name=\"twitter:label1\" content=\"Verfasst von\" \/>\n\t<meta name=\"twitter:data1\" content=\"Marlena Muller\" \/>\n\t<meta name=\"twitter:label2\" content=\"Gesch\u00e4tzte Lesezeit\" \/>\n\t<meta name=\"twitter:data2\" content=\"2\u00a0Minuten\" \/>\n<script type=\"application\/ld+json\" class=\"yoast-schema-graph\">{\"@context\":\"https:\\\/\\\/schema.org\",\"@graph\":[{\"@type\":\"Article\",\"@id\":\"https:\\\/\\\/martinluther.ca\\\/de\\\/2022\\\/07\\\/danke-und-auf-wiedersehen-praktikantin-nefeli\\\/#article\",\"isPartOf\":{\"@id\":\"https:\\\/\\\/martinluther.ca\\\/de\\\/2022\\\/07\\\/danke-und-auf-wiedersehen-praktikantin-nefeli\\\/\"},\"author\":{\"name\":\"Marlena Muller\",\"@id\":\"https:\\\/\\\/martinluther.ca\\\/de\\\/#\\\/schema\\\/person\\\/ef4e825f5d9d6fd740bbd7813710e15d\"},\"headline\":\"Danke und auf Wiedersehen, Praktikantin Nefeli\",\"datePublished\":\"2022-07-11T17:39:28+00:00\",\"dateModified\":\"2022-07-18T14:06:51+00:00\",\"mainEntityOfPage\":{\"@id\":\"https:\\\/\\\/martinluther.ca\\\/de\\\/2022\\\/07\\\/danke-und-auf-wiedersehen-praktikantin-nefeli\\\/\"},\"wordCount\":259,\"publisher\":{\"@id\":\"https:\\\/\\\/martinluther.ca\\\/de\\\/#organization\"},\"image\":{\"@id\":\"https:\\\/\\\/martinluther.ca\\\/de\\\/2022\\\/07\\\/danke-und-auf-wiedersehen-praktikantin-nefeli\\\/#primaryimage\"},\"thumbnailUrl\":\"https:\\\/\\\/martinluther.ca\\\/wp-content\\\/uploads\\\/2022\\\/07\\\/2022-06-26-Service-with-Intern-Nefeli-Xiggos-Credit-Andy-Boettcher.jpg\",\"articleSection\":[\"News Blog - German\"],\"inLanguage\":\"de\"},{\"@type\":\"WebPage\",\"@id\":\"https:\\\/\\\/martinluther.ca\\\/de\\\/2022\\\/07\\\/danke-und-auf-wiedersehen-praktikantin-nefeli\\\/\",\"url\":\"https:\\\/\\\/martinluther.ca\\\/de\\\/2022\\\/07\\\/danke-und-auf-wiedersehen-praktikantin-nefeli\\\/\",\"name\":\"Danke und auf Wiedersehen, Praktikantin Nefeli - Martin Luther Evangelische Kirche Toronto\",\"isPartOf\":{\"@id\":\"https:\\\/\\\/martinluther.ca\\\/de\\\/#website\"},\"primaryImageOfPage\":{\"@id\":\"https:\\\/\\\/martinluther.ca\\\/de\\\/2022\\\/07\\\/danke-und-auf-wiedersehen-praktikantin-nefeli\\\/#primaryimage\"},\"image\":{\"@id\":\"https:\\\/\\\/martinluther.ca\\\/de\\\/2022\\\/07\\\/danke-und-auf-wiedersehen-praktikantin-nefeli\\\/#primaryimage\"},\"thumbnailUrl\":\"https:\\\/\\\/martinluther.ca\\\/wp-content\\\/uploads\\\/2022\\\/07\\\/2022-06-26-Service-with-Intern-Nefeli-Xiggos-Credit-Andy-Boettcher.jpg\",\"datePublished\":\"2022-07-11T17:39:28+00:00\",\"dateModified\":\"2022-07-18T14:06:51+00:00\",\"breadcrumb\":{\"@id\":\"https:\\\/\\\/martinluther.ca\\\/de\\\/2022\\\/07\\\/danke-und-auf-wiedersehen-praktikantin-nefeli\\\/#breadcrumb\"},\"inLanguage\":\"de\",\"potentialAction\":[{\"@type\":\"ReadAction\",\"target\":[\"https:\\\/\\\/martinluther.ca\\\/de\\\/2022\\\/07\\\/danke-und-auf-wiedersehen-praktikantin-nefeli\\\/\"]}]},{\"@type\":\"ImageObject\",\"inLanguage\":\"de\",\"@id\":\"https:\\\/\\\/martinluther.ca\\\/de\\\/2022\\\/07\\\/danke-und-auf-wiedersehen-praktikantin-nefeli\\\/#primaryimage\",\"url\":\"https:\\\/\\\/martinluther.ca\\\/wp-content\\\/uploads\\\/2022\\\/07\\\/2022-06-26-Service-with-Intern-Nefeli-Xiggos-Credit-Andy-Boettcher.jpg\",\"contentUrl\":\"https:\\\/\\\/martinluther.ca\\\/wp-content\\\/uploads\\\/2022\\\/07\\\/2022-06-26-Service-with-Intern-Nefeli-Xiggos-Credit-Andy-Boettcher.jpg\",\"width\":1629,\"height\":1222},{\"@type\":\"BreadcrumbList\",\"@id\":\"https:\\\/\\\/martinluther.ca\\\/de\\\/2022\\\/07\\\/danke-und-auf-wiedersehen-praktikantin-nefeli\\\/#breadcrumb\",\"itemListElement\":[{\"@type\":\"ListItem\",\"position\":1,\"name\":\"Home\",\"item\":\"https:\\\/\\\/martinluther.ca\\\/de\\\/\"},{\"@type\":\"ListItem\",\"position\":2,\"name\":\"Danke und auf Wiedersehen, Praktikantin Nefeli\"}]},{\"@type\":\"WebSite\",\"@id\":\"https:\\\/\\\/martinluther.ca\\\/de\\\/#website\",\"url\":\"https:\\\/\\\/martinluther.ca\\\/de\\\/\",\"name\":\"Martin Luther Evangelical Church Toronto\",\"description\":\"Deutsch &amp; Englisch\",\"publisher\":{\"@id\":\"https:\\\/\\\/martinluther.ca\\\/de\\\/#organization\"},\"potentialAction\":[{\"@type\":\"SearchAction\",\"target\":{\"@type\":\"EntryPoint\",\"urlTemplate\":\"https:\\\/\\\/martinluther.ca\\\/de\\\/?s={search_term_string}\"},\"query-input\":{\"@type\":\"PropertyValueSpecification\",\"valueRequired\":true,\"valueName\":\"search_term_string\"}}],\"inLanguage\":\"de\"},{\"@type\":\"Organization\",\"@id\":\"https:\\\/\\\/martinluther.ca\\\/de\\\/#organization\",\"name\":\"Martin Luther Evangelical Church Toronto\",\"url\":\"https:\\\/\\\/martinluther.ca\\\/de\\\/\",\"logo\":{\"@type\":\"ImageObject\",\"inLanguage\":\"de\",\"@id\":\"https:\\\/\\\/martinluther.ca\\\/de\\\/#\\\/schema\\\/logo\\\/image\\\/\",\"url\":\"https:\\\/\\\/martinluther.ca\\\/wp-content\\\/uploads\\\/2016\\\/12\\\/ml-logo-300.png\",\"contentUrl\":\"https:\\\/\\\/martinluther.ca\\\/wp-content\\\/uploads\\\/2016\\\/12\\\/ml-logo-300.png\",\"width\":300,\"height\":150,\"caption\":\"Martin Luther Evangelical Church Toronto\"},\"image\":{\"@id\":\"https:\\\/\\\/martinluther.ca\\\/de\\\/#\\\/schema\\\/logo\\\/image\\\/\"},\"sameAs\":[\"https:\\\/\\\/www.facebook.com\\\/martinlutherchurchtoronto\",\"https:\\\/\\\/www.instagram.com\\\/lutheransbythelake\\\/\",\"https:\\\/\\\/www.youtube.com\\\/MartinLutherChurchToronto\"]},{\"@type\":\"Person\",\"@id\":\"https:\\\/\\\/martinluther.ca\\\/de\\\/#\\\/schema\\\/person\\\/ef4e825f5d9d6fd740bbd7813710e15d\",\"name\":\"Marlena Muller\",\"image\":{\"@type\":\"ImageObject\",\"inLanguage\":\"de\",\"@id\":\"https:\\\/\\\/secure.gravatar.com\\\/avatar\\\/fe840ff753768b839caa2dd522d4797f19f7e22fa2da83388e0fbfc570b65a37?s=96&d=mm&r=g\",\"url\":\"https:\\\/\\\/secure.gravatar.com\\\/avatar\\\/fe840ff753768b839caa2dd522d4797f19f7e22fa2da83388e0fbfc570b65a37?s=96&d=mm&r=g\",\"contentUrl\":\"https:\\\/\\\/secure.gravatar.com\\\/avatar\\\/fe840ff753768b839caa2dd522d4797f19f7e22fa2da83388e0fbfc570b65a37?s=96&d=mm&r=g\",\"caption\":\"Marlena Muller\"},\"url\":false}]}<\/script>\n<!-- \/ Yoast SEO plugin. -->","yoast_head_json":{"title":"Danke und auf Wiedersehen, Praktikantin Nefeli - Martin Luther Evangelische Kirche Toronto","robots":{"index":"index","follow":"follow","max-snippet":"max-snippet:-1","max-image-preview":"max-image-preview:large","max-video-preview":"max-video-preview:-1"},"canonical":"https:\/\/martinluther.ca\/de\/2022\/07\/danke-und-auf-wiedersehen-praktikantin-nefeli\/","og_locale":"de_DE","og_type":"article","og_title":"Danke und auf Wiedersehen, Praktikantin Nefeli - Martin Luther Evangelische Kirche Toronto","og_description":"Text adaptiert aus dem Godspeed f\u00fcr unsere Praktikantin Nefeli Xiggos w\u00e4hrend des Gottesdienstes am 26. Juni 2022: Dann h\u00f6rte ich die Stimme des Herrn sagen: \u201eWen soll ich senden? Und wer wird f\u00fcr uns gehen?\u201c Und ich sagte: \u201eHier bin ich. Sende mich!\u201c (Jesaja 6:8) Diese Worte wurden als Schriftstelle in der Dinner Church by&hellip;","og_url":"https:\/\/martinluther.ca\/de\/2022\/07\/danke-und-auf-wiedersehen-praktikantin-nefeli\/","og_site_name":"Martin Luther Evangelische Kirche Toronto","article_publisher":"https:\/\/www.facebook.com\/martinlutherchurchtoronto","article_published_time":"2022-07-11T17:39:28+00:00","article_modified_time":"2022-07-18T14:06:51+00:00","og_image":[{"width":1629,"height":1222,"url":"https:\/\/martinluther.ca\/wp-content\/uploads\/2022\/07\/2022-06-26-Service-with-Intern-Nefeli-Xiggos-Credit-Andy-Boettcher.jpg","type":"image\/jpeg"}],"author":"Marlena Muller","twitter_card":"summary_large_image","twitter_misc":{"Verfasst von":"Marlena Muller","Gesch\u00e4tzte Lesezeit":"2\u00a0Minuten"},"schema":{"@context":"https:\/\/schema.org","@graph":[{"@type":"Article","@id":"https:\/\/martinluther.ca\/de\/2022\/07\/danke-und-auf-wiedersehen-praktikantin-nefeli\/#article","isPartOf":{"@id":"https:\/\/martinluther.ca\/de\/2022\/07\/danke-und-auf-wiedersehen-praktikantin-nefeli\/"},"author":{"name":"Marlena Muller","@id":"https:\/\/martinluther.ca\/de\/#\/schema\/person\/ef4e825f5d9d6fd740bbd7813710e15d"},"headline":"Danke und auf Wiedersehen, Praktikantin Nefeli","datePublished":"2022-07-11T17:39:28+00:00","dateModified":"2022-07-18T14:06:51+00:00","mainEntityOfPage":{"@id":"https:\/\/martinluther.ca\/de\/2022\/07\/danke-und-auf-wiedersehen-praktikantin-nefeli\/"},"wordCount":259,"publisher":{"@id":"https:\/\/martinluther.ca\/de\/#organization"},"image":{"@id":"https:\/\/martinluther.ca\/de\/2022\/07\/danke-und-auf-wiedersehen-praktikantin-nefeli\/#primaryimage"},"thumbnailUrl":"https:\/\/martinluther.ca\/wp-content\/uploads\/2022\/07\/2022-06-26-Service-with-Intern-Nefeli-Xiggos-Credit-Andy-Boettcher.jpg","articleSection":["News Blog - German"],"inLanguage":"de"},{"@type":"WebPage","@id":"https:\/\/martinluther.ca\/de\/2022\/07\/danke-und-auf-wiedersehen-praktikantin-nefeli\/","url":"https:\/\/martinluther.ca\/de\/2022\/07\/danke-und-auf-wiedersehen-praktikantin-nefeli\/","name":"Danke und auf Wiedersehen, Praktikantin Nefeli - Martin Luther Evangelische Kirche Toronto","isPartOf":{"@id":"https:\/\/martinluther.ca\/de\/#website"},"primaryImageOfPage":{"@id":"https:\/\/martinluther.ca\/de\/2022\/07\/danke-und-auf-wiedersehen-praktikantin-nefeli\/#primaryimage"},"image":{"@id":"https:\/\/martinluther.ca\/de\/2022\/07\/danke-und-auf-wiedersehen-praktikantin-nefeli\/#primaryimage"},"thumbnailUrl":"https:\/\/martinluther.ca\/wp-content\/uploads\/2022\/07\/2022-06-26-Service-with-Intern-Nefeli-Xiggos-Credit-Andy-Boettcher.jpg","datePublished":"2022-07-11T17:39:28+00:00","dateModified":"2022-07-18T14:06:51+00:00","breadcrumb":{"@id":"https:\/\/martinluther.ca\/de\/2022\/07\/danke-und-auf-wiedersehen-praktikantin-nefeli\/#breadcrumb"},"inLanguage":"de","potentialAction":[{"@type":"ReadAction","target":["https:\/\/martinluther.ca\/de\/2022\/07\/danke-und-auf-wiedersehen-praktikantin-nefeli\/"]}]},{"@type":"ImageObject","inLanguage":"de","@id":"https:\/\/martinluther.ca\/de\/2022\/07\/danke-und-auf-wiedersehen-praktikantin-nefeli\/#primaryimage","url":"https:\/\/martinluther.ca\/wp-content\/uploads\/2022\/07\/2022-06-26-Service-with-Intern-Nefeli-Xiggos-Credit-Andy-Boettcher.jpg","contentUrl":"https:\/\/martinluther.ca\/wp-content\/uploads\/2022\/07\/2022-06-26-Service-with-Intern-Nefeli-Xiggos-Credit-Andy-Boettcher.jpg","width":1629,"height":1222},{"@type":"BreadcrumbList","@id":"https:\/\/martinluther.ca\/de\/2022\/07\/danke-und-auf-wiedersehen-praktikantin-nefeli\/#breadcrumb","itemListElement":[{"@type":"ListItem","position":1,"name":"Home","item":"https:\/\/martinluther.ca\/de\/"},{"@type":"ListItem","position":2,"name":"Danke und auf Wiedersehen, Praktikantin Nefeli"}]},{"@type":"WebSite","@id":"https:\/\/martinluther.ca\/de\/#website","url":"https:\/\/martinluther.ca\/de\/","name":"Martin Luther Evangelical Church Toronto","description":"Deutsch &amp; Englisch","publisher":{"@id":"https:\/\/martinluther.ca\/de\/#organization"},"potentialAction":[{"@type":"SearchAction","target":{"@type":"EntryPoint","urlTemplate":"https:\/\/martinluther.ca\/de\/?s={search_term_string}"},"query-input":{"@type":"PropertyValueSpecification","valueRequired":true,"valueName":"search_term_string"}}],"inLanguage":"de"},{"@type":"Organization","@id":"https:\/\/martinluther.ca\/de\/#organization","name":"Martin Luther Evangelical Church Toronto","url":"https:\/\/martinluther.ca\/de\/","logo":{"@type":"ImageObject","inLanguage":"de","@id":"https:\/\/martinluther.ca\/de\/#\/schema\/logo\/image\/","url":"https:\/\/martinluther.ca\/wp-content\/uploads\/2016\/12\/ml-logo-300.png","contentUrl":"https:\/\/martinluther.ca\/wp-content\/uploads\/2016\/12\/ml-logo-300.png","width":300,"height":150,"caption":"Martin Luther Evangelical Church Toronto"},"image":{"@id":"https:\/\/martinluther.ca\/de\/#\/schema\/logo\/image\/"},"sameAs":["https:\/\/www.facebook.com\/martinlutherchurchtoronto","https:\/\/www.instagram.com\/lutheransbythelake\/","https:\/\/www.youtube.com\/MartinLutherChurchToronto"]},{"@type":"Person","@id":"https:\/\/martinluther.ca\/de\/#\/schema\/person\/ef4e825f5d9d6fd740bbd7813710e15d","name":"Marlena Muller","image":{"@type":"ImageObject","inLanguage":"de","@id":"https:\/\/secure.gravatar.com\/avatar\/fe840ff753768b839caa2dd522d4797f19f7e22fa2da83388e0fbfc570b65a37?s=96&d=mm&r=g","url":"https:\/\/secure.gravatar.com\/avatar\/fe840ff753768b839caa2dd522d4797f19f7e22fa2da83388e0fbfc570b65a37?s=96&d=mm&r=g","contentUrl":"https:\/\/secure.gravatar.com\/avatar\/fe840ff753768b839caa2dd522d4797f19f7e22fa2da83388e0fbfc570b65a37?s=96&d=mm&r=g","caption":"Marlena Muller"},"url":false}]}},"_links":{"self":[{"href":"https:\/\/martinluther.ca\/de\/wp-json\/wp\/v2\/posts\/42161","targetHints":{"allow":["GET"]}}],"collection":[{"href":"https:\/\/martinluther.ca\/de\/wp-json\/wp\/v2\/posts"}],"about":[{"href":"https:\/\/martinluther.ca\/de\/wp-json\/wp\/v2\/types\/post"}],"author":[{"embeddable":true,"href":"https:\/\/martinluther.ca\/de\/wp-json\/wp\/v2\/users\/8"}],"replies":[{"embeddable":true,"href":"https:\/\/martinluther.ca\/de\/wp-json\/wp\/v2\/comments?post=42161"}],"version-history":[{"count":5,"href":"https:\/\/martinluther.ca\/de\/wp-json\/wp\/v2\/posts\/42161\/revisions"}],"predecessor-version":[{"id":42208,"href":"https:\/\/martinluther.ca\/de\/wp-json\/wp\/v2\/posts\/42161\/revisions\/42208"}],"wp:featuredmedia":[{"embeddable":true,"href":"https:\/\/martinluther.ca\/de\/wp-json\/wp\/v2\/media\/42157"}],"wp:attachment":[{"href":"https:\/\/martinluther.ca\/de\/wp-json\/wp\/v2\/media?parent=42161"}],"wp:term":[{"taxonomy":"category","embeddable":true,"href":"https:\/\/martinluther.ca\/de\/wp-json\/wp\/v2\/categories?post=42161"},{"taxonomy":"post_tag","embeddable":true,"href":"https:\/\/martinluther.ca\/de\/wp-json\/wp\/v2\/tags?post=42161"},{"taxonomy":"post_series","embeddable":true,"href":"https:\/\/martinluther.ca\/de\/wp-json\/wp\/v2\/post_series?post=42161"}],"curies":[{"name":"wp","href":"https:\/\/api.w.org\/{rel}","templated":true}]}}