{"id":42172,"date":"2022-07-11T13:56:11","date_gmt":"2022-07-11T17:56:11","guid":{"rendered":"https:\/\/martinluther.ca\/?p=42172"},"modified":"2022-07-25T19:37:19","modified_gmt":"2022-07-25T23:37:19","slug":"experience-summer-at-church","status":"publish","type":"post","link":"https:\/\/martinluther.ca\/de\/2022\/07\/experience-summer-at-church\/","title":{"rendered":"Sommer in der Kirche"},"content":{"rendered":"<p><a href=\"https:\/\/martinluther.ca\/wp-content\/uploads\/2022\/07\/2022-Summer-at-MLC-Featured-Image-4x3-1.png\"><img loading=\"lazy\" decoding=\"async\" class=\"alignright wp-image-42140\" src=\"https:\/\/martinluther.ca\/wp-content\/uploads\/2022\/07\/2022-Summer-at-MLC-Featured-Image-4x3-1-300x225.png\" alt=\"\" width=\"400\" height=\"300\" srcset=\"https:\/\/martinluther.ca\/wp-content\/uploads\/2022\/07\/2022-Summer-at-MLC-Featured-Image-4x3-1-300x225.png 300w, https:\/\/martinluther.ca\/wp-content\/uploads\/2022\/07\/2022-Summer-at-MLC-Featured-Image-4x3-1-1024x768.png 1024w, https:\/\/martinluther.ca\/wp-content\/uploads\/2022\/07\/2022-Summer-at-MLC-Featured-Image-4x3-1-768x576.png 768w, https:\/\/martinluther.ca\/wp-content\/uploads\/2022\/07\/2022-Summer-at-MLC-Featured-Image-4x3-1.png 1200w\" sizes=\"auto, (max-width: 400px) 100vw, 400px\" \/><\/a><\/p>\n<p>In diesem Sommer ist in unserer Martin-Luther-Kirche viel los!<\/p>\n<p><strong>Sonntagsgottesdienst:<\/strong><br \/>\nPr\u00e4senz-Gottesdienst um 11:00 Uhr und danach auf unserem YouTube-Kanal. Den vollst\u00e4ndigen Zeitplan finden Sie unten.<\/p>\n<p><strong>Suppe und Segen Food Ministry:<\/strong><br \/>\nLeckereien und Gespr\u00e4che, Dienstags und Freitags um 12:00 Uhr<\/p>\n<p><strong>Dinner Church by the Lake:<\/strong><br \/>\nMittwoch, 20. Juli um 19:00 Uhr<\/p>\n<p><strong>Community Pantry:<\/strong><br \/>\nNimm etwas, gib etwas<\/p>\n<p><strong>Kostenlose Kleinbibliothek (&#8222;Free Little Library):<\/strong><br \/>\nDemn\u00e4chst vor der Kirche (neben der Community Pantry)!<\/p>\n<p><strong><a href=\"https:\/\/martinluther.ca\/wp-content\/uploads\/2022\/07\/2022-07-08-Lake-Shore-Construction.jpg\"><img loading=\"lazy\" decoding=\"async\" class=\"alignright size-medium wp-image-42170\" src=\"https:\/\/martinluther.ca\/wp-content\/uploads\/2022\/07\/2022-07-08-Lake-Shore-Construction-300x169.jpg\" alt=\"\" width=\"300\" height=\"169\" srcset=\"https:\/\/martinluther.ca\/wp-content\/uploads\/2022\/07\/2022-07-08-Lake-Shore-Construction-300x169.jpg 300w, https:\/\/martinluther.ca\/wp-content\/uploads\/2022\/07\/2022-07-08-Lake-Shore-Construction-1024x576.jpg 1024w, https:\/\/martinluther.ca\/wp-content\/uploads\/2022\/07\/2022-07-08-Lake-Shore-Construction-768x432.jpg 768w, https:\/\/martinluther.ca\/wp-content\/uploads\/2022\/07\/2022-07-08-Lake-Shore-Construction-1536x864.jpg 1536w, https:\/\/martinluther.ca\/wp-content\/uploads\/2022\/07\/2022-07-08-Lake-Shore-Construction-2048x1152.jpg 2048w\" sizes=\"auto, (max-width: 300px) 100vw, 300px\" \/><\/a>Verkehrshinweis:<\/strong><br \/>\nBitte beachten Sie, dass es auf dem Lake Shore Blvd. W vor der Kirche keine Parkpl\u00e4tze gibt, da der Verkehr wegen der TTC Strassenbahn-Umbauarbeiten auf eine Spur in jede Richtung reduziert wird. Wir haben uns mit der Stadt \u00fcber die Umz\u00e4unung entlang des B\u00fcrgersteigs in Verbindung gesetzt, die auch das Ein- u. Aussteigen f\u00fcr unsere Kirchg\u00e4nger mit Mobilit\u00e4ts Problemen erschwert. Die Superior Ave s\u00fcdlich von Lake Shore kann nur von Fahrzeugen in Richtung Westen erreicht werden. Planen Sie zus\u00e4tzliche Zeit f\u00fcr den Zugang zur Kirche ein.<\/p>\n<p>Bitte beachten Sie, dass Pastorin Annika Klappert ab Mittwoch, den 10. August, nicht mehr im B\u00fcro sein wird. Sie wird ab Dienstag, den 13. September zur\u00fcck sein.<\/p>\n<p><strong>Terminplan f\u00fcr den Sommergottesdienst:<\/strong><\/p>\n<p><strong>5. Sonntag nach Pfingsten, 10. Juli 2022:<\/strong><br \/>\n11:00 Uhr Abendmahlsgottesdienst (deutsch) unter der Leitung von Pastorin Klappert<br \/>\nWir laden Sie ein, nach dem Gottesdienst gemeinsam mit Experten von Bees for Peace zu g\u00e4rtnern.<\/p>\n<p><strong>6. Sonntag nach Pfingsten, 17. Juli 2022:<\/strong><br \/>\n11:00 Uhr Gottesdienst in Englisch und Deutsch unter der Leitung von Pastorin Klappert<\/p>\n<p><strong>7. Sonntag nach Pfingsten, 24. Juli 2022:<\/strong><br \/>\n11:00 Uhr Gottesdienst in Deutsch unter der Leitung von Pastorin Klappert<\/p>\n<p><strong><a href=\"https:\/\/martinluther.ca\/wp-content\/uploads\/2022\/07\/2022-07-31-Godspeed-Vicar-Adam-and-Tanya-1.png\"><img loading=\"lazy\" decoding=\"async\" class=\"alignright wp-image-42166\" src=\"https:\/\/martinluther.ca\/wp-content\/uploads\/2022\/07\/2022-07-31-Godspeed-Vicar-Adam-and-Tanya-1-300x225.png\" alt=\"\" width=\"400\" height=\"300\" srcset=\"https:\/\/martinluther.ca\/wp-content\/uploads\/2022\/07\/2022-07-31-Godspeed-Vicar-Adam-and-Tanya-1-300x225.png 300w, https:\/\/martinluther.ca\/wp-content\/uploads\/2022\/07\/2022-07-31-Godspeed-Vicar-Adam-and-Tanya-1-1024x768.png 1024w, https:\/\/martinluther.ca\/wp-content\/uploads\/2022\/07\/2022-07-31-Godspeed-Vicar-Adam-and-Tanya-1-768x576.png 768w, https:\/\/martinluther.ca\/wp-content\/uploads\/2022\/07\/2022-07-31-Godspeed-Vicar-Adam-and-Tanya-1.png 1200w\" sizes=\"auto, (max-width: 400px) 100vw, 400px\" \/><\/a>8. Sonntag nach Pfingsten, 31. Juli 2022:<\/strong><br \/>\n11:00 Uhr Abschieds-Gottesdienst (Englisch) f\u00fcr Vikar McComb und Tanya Zielke<\/p>\n<p><strong>9. Sonntag nach Pfingsten, 7. August 2022:<\/strong><br \/>\n11:00 Uhr Gottesdienst in Englisch und Deutsch unter der Leitung von Pastorin Annika Klappert und Gastpastorin Iris Junge<\/p>\n<p><strong>10. Sonntag nach Pfingsten, 14. August 2022:<\/strong><br \/>\n11:00 Uhr Gottesdienst in deutscher Sprache unter der Leitung von Pastorin Iris Junge<\/p>\n<p><strong>11. Sonntag nach Pfingsten, 21. August 2022:<\/strong><br \/>\n11:00 Uhr Gottesdienst in Englisch und Deutsch unter der Leitung von Laienpredigerin\u00a0 Sara<\/p>\n<p><strong>12. Sonntag nach Pfingsten, 28. August 2022:<\/strong><br \/>\n11:00 Uhr Gottesdienst in englischer Sprache unter der Leitung von Pr\u00e4dikantin Iris Schweiger und Pastorin Catharina Klein<\/p>\n<p><strong>13. Sonntag nach Pfingsten, 4. September 2022:<\/strong><br \/>\n11:00 Uhr Gottesdienst in deutscher Sprache unter der Leitung von Pastorin Iris Junge<\/p>\n","protected":false},"excerpt":{"rendered":"<p>In diesem Sommer ist in unserer Martin-Luther-Kirche viel los! Sonntagsgottesdienst: Pr\u00e4senz-Gottesdienst um 11:00 Uhr und danach auf unserem YouTube-Kanal. Den vollst\u00e4ndigen Zeitplan finden Sie unten. Suppe und Segen Food Ministry: Leckereien und Gespr\u00e4che, Dienstags und Freitags um 12:00 Uhr Dinner Church by the Lake: Mittwoch, 20. Juli um 19:00 Uhr Community Pantry: Nimm etwas, gib&hellip;<\/p>\n","protected":false},"author":8,"featured_media":42141,"comment_status":"closed","ping_status":"closed","sticky":false,"template":"","format":"standard","meta":{"footnotes":""},"categories":[69],"tags":[],"post_series":[],"class_list":["post-42172","post","type-post","status-publish","format-standard","has-post-thumbnail","hentry","category-news-blog-german","entry","has-media"],"yoast_head":"<!-- This site is optimized with the Yoast SEO plugin v27.5 - https:\/\/yoast.com\/product\/yoast-seo-wordpress\/ -->\n<title>Sommer in der Kirche - Martin Luther Evangelische Kirche Toronto<\/title>\n<meta name=\"robots\" content=\"index, follow, max-snippet:-1, max-image-preview:large, max-video-preview:-1\" \/>\n<link rel=\"canonical\" href=\"https:\/\/martinluther.ca\/de\/2022\/07\/experience-summer-at-church\/\" \/>\n<meta property=\"og:locale\" content=\"de_DE\" \/>\n<meta property=\"og:type\" content=\"article\" \/>\n<meta property=\"og:title\" content=\"Sommer in der Kirche - Martin Luther Evangelische Kirche Toronto\" \/>\n<meta property=\"og:description\" content=\"In diesem Sommer ist in unserer Martin-Luther-Kirche viel los! Sonntagsgottesdienst: Pr\u00e4senz-Gottesdienst um 11:00 Uhr und danach auf unserem YouTube-Kanal. Den vollst\u00e4ndigen Zeitplan finden Sie unten. Suppe und Segen Food Ministry: Leckereien und Gespr\u00e4che, Dienstags und Freitags um 12:00 Uhr Dinner Church by the Lake: Mittwoch, 20. Juli um 19:00 Uhr Community Pantry: Nimm etwas, gib&hellip;\" \/>\n<meta property=\"og:url\" content=\"https:\/\/martinluther.ca\/de\/2022\/07\/experience-summer-at-church\/\" \/>\n<meta property=\"og:site_name\" content=\"Martin Luther Evangelische Kirche Toronto\" \/>\n<meta property=\"article:publisher\" content=\"https:\/\/www.facebook.com\/martinlutherchurchtoronto\" \/>\n<meta property=\"article:published_time\" content=\"2022-07-11T17:56:11+00:00\" \/>\n<meta property=\"article:modified_time\" content=\"2022-07-25T23:37:19+00:00\" \/>\n<meta property=\"og:image\" content=\"https:\/\/martinluther.ca\/wp-content\/uploads\/2022\/07\/2022-Summer-at-MLC-Featured-Image-4x3-1.png\" \/>\n\t<meta property=\"og:image:width\" content=\"1200\" \/>\n\t<meta property=\"og:image:height\" content=\"900\" \/>\n\t<meta property=\"og:image:type\" content=\"image\/png\" \/>\n<meta name=\"author\" content=\"Marlena Muller\" \/>\n<meta name=\"twitter:card\" content=\"summary_large_image\" \/>\n<meta name=\"twitter:label1\" content=\"Verfasst von\" \/>\n\t<meta name=\"twitter:data1\" content=\"Marlena Muller\" \/>\n\t<meta name=\"twitter:label2\" content=\"Gesch\u00e4tzte Lesezeit\" \/>\n\t<meta name=\"twitter:data2\" content=\"3\u00a0Minuten\" \/>\n<script type=\"application\/ld+json\" class=\"yoast-schema-graph\">{\"@context\":\"https:\\\/\\\/schema.org\",\"@graph\":[{\"@type\":\"Article\",\"@id\":\"https:\\\/\\\/martinluther.ca\\\/de\\\/2022\\\/07\\\/experience-summer-at-church\\\/#article\",\"isPartOf\":{\"@id\":\"https:\\\/\\\/martinluther.ca\\\/de\\\/2022\\\/07\\\/experience-summer-at-church\\\/\"},\"author\":{\"name\":\"Marlena Muller\",\"@id\":\"https:\\\/\\\/martinluther.ca\\\/de\\\/#\\\/schema\\\/person\\\/ef4e825f5d9d6fd740bbd7813710e15d\"},\"headline\":\"Sommer in der Kirche\",\"datePublished\":\"2022-07-11T17:56:11+00:00\",\"dateModified\":\"2022-07-25T23:37:19+00:00\",\"mainEntityOfPage\":{\"@id\":\"https:\\\/\\\/martinluther.ca\\\/de\\\/2022\\\/07\\\/experience-summer-at-church\\\/\"},\"wordCount\":365,\"publisher\":{\"@id\":\"https:\\\/\\\/martinluther.ca\\\/de\\\/#organization\"},\"image\":{\"@id\":\"https:\\\/\\\/martinluther.ca\\\/de\\\/2022\\\/07\\\/experience-summer-at-church\\\/#primaryimage\"},\"thumbnailUrl\":\"https:\\\/\\\/martinluther.ca\\\/wp-content\\\/uploads\\\/2022\\\/07\\\/2022-Summer-at-MLC-Featured-Image-4x3-1.png\",\"articleSection\":[\"News Blog - German\"],\"inLanguage\":\"de\"},{\"@type\":\"WebPage\",\"@id\":\"https:\\\/\\\/martinluther.ca\\\/de\\\/2022\\\/07\\\/experience-summer-at-church\\\/\",\"url\":\"https:\\\/\\\/martinluther.ca\\\/de\\\/2022\\\/07\\\/experience-summer-at-church\\\/\",\"name\":\"Sommer in der Kirche - Martin Luther Evangelische Kirche Toronto\",\"isPartOf\":{\"@id\":\"https:\\\/\\\/martinluther.ca\\\/de\\\/#website\"},\"primaryImageOfPage\":{\"@id\":\"https:\\\/\\\/martinluther.ca\\\/de\\\/2022\\\/07\\\/experience-summer-at-church\\\/#primaryimage\"},\"image\":{\"@id\":\"https:\\\/\\\/martinluther.ca\\\/de\\\/2022\\\/07\\\/experience-summer-at-church\\\/#primaryimage\"},\"thumbnailUrl\":\"https:\\\/\\\/martinluther.ca\\\/wp-content\\\/uploads\\\/2022\\\/07\\\/2022-Summer-at-MLC-Featured-Image-4x3-1.png\",\"datePublished\":\"2022-07-11T17:56:11+00:00\",\"dateModified\":\"2022-07-25T23:37:19+00:00\",\"breadcrumb\":{\"@id\":\"https:\\\/\\\/martinluther.ca\\\/de\\\/2022\\\/07\\\/experience-summer-at-church\\\/#breadcrumb\"},\"inLanguage\":\"de\",\"potentialAction\":[{\"@type\":\"ReadAction\",\"target\":[\"https:\\\/\\\/martinluther.ca\\\/de\\\/2022\\\/07\\\/experience-summer-at-church\\\/\"]}]},{\"@type\":\"ImageObject\",\"inLanguage\":\"de\",\"@id\":\"https:\\\/\\\/martinluther.ca\\\/de\\\/2022\\\/07\\\/experience-summer-at-church\\\/#primaryimage\",\"url\":\"https:\\\/\\\/martinluther.ca\\\/wp-content\\\/uploads\\\/2022\\\/07\\\/2022-Summer-at-MLC-Featured-Image-4x3-1.png\",\"contentUrl\":\"https:\\\/\\\/martinluther.ca\\\/wp-content\\\/uploads\\\/2022\\\/07\\\/2022-Summer-at-MLC-Featured-Image-4x3-1.png\",\"width\":1200,\"height\":900},{\"@type\":\"BreadcrumbList\",\"@id\":\"https:\\\/\\\/martinluther.ca\\\/de\\\/2022\\\/07\\\/experience-summer-at-church\\\/#breadcrumb\",\"itemListElement\":[{\"@type\":\"ListItem\",\"position\":1,\"name\":\"Home\",\"item\":\"https:\\\/\\\/martinluther.ca\\\/de\\\/\"},{\"@type\":\"ListItem\",\"position\":2,\"name\":\"Sommer in der Kirche\"}]},{\"@type\":\"WebSite\",\"@id\":\"https:\\\/\\\/martinluther.ca\\\/de\\\/#website\",\"url\":\"https:\\\/\\\/martinluther.ca\\\/de\\\/\",\"name\":\"Martin Luther Evangelical Church Toronto\",\"description\":\"Deutsch &amp; Englisch\",\"publisher\":{\"@id\":\"https:\\\/\\\/martinluther.ca\\\/de\\\/#organization\"},\"potentialAction\":[{\"@type\":\"SearchAction\",\"target\":{\"@type\":\"EntryPoint\",\"urlTemplate\":\"https:\\\/\\\/martinluther.ca\\\/de\\\/?s={search_term_string}\"},\"query-input\":{\"@type\":\"PropertyValueSpecification\",\"valueRequired\":true,\"valueName\":\"search_term_string\"}}],\"inLanguage\":\"de\"},{\"@type\":\"Organization\",\"@id\":\"https:\\\/\\\/martinluther.ca\\\/de\\\/#organization\",\"name\":\"Martin Luther Evangelical Church Toronto\",\"url\":\"https:\\\/\\\/martinluther.ca\\\/de\\\/\",\"logo\":{\"@type\":\"ImageObject\",\"inLanguage\":\"de\",\"@id\":\"https:\\\/\\\/martinluther.ca\\\/de\\\/#\\\/schema\\\/logo\\\/image\\\/\",\"url\":\"https:\\\/\\\/martinluther.ca\\\/wp-content\\\/uploads\\\/2016\\\/12\\\/ml-logo-300.png\",\"contentUrl\":\"https:\\\/\\\/martinluther.ca\\\/wp-content\\\/uploads\\\/2016\\\/12\\\/ml-logo-300.png\",\"width\":300,\"height\":150,\"caption\":\"Martin Luther Evangelical Church Toronto\"},\"image\":{\"@id\":\"https:\\\/\\\/martinluther.ca\\\/de\\\/#\\\/schema\\\/logo\\\/image\\\/\"},\"sameAs\":[\"https:\\\/\\\/www.facebook.com\\\/martinlutherchurchtoronto\",\"https:\\\/\\\/www.instagram.com\\\/lutheransbythelake\\\/\",\"https:\\\/\\\/www.youtube.com\\\/MartinLutherChurchToronto\"]},{\"@type\":\"Person\",\"@id\":\"https:\\\/\\\/martinluther.ca\\\/de\\\/#\\\/schema\\\/person\\\/ef4e825f5d9d6fd740bbd7813710e15d\",\"name\":\"Marlena Muller\",\"image\":{\"@type\":\"ImageObject\",\"inLanguage\":\"de\",\"@id\":\"https:\\\/\\\/secure.gravatar.com\\\/avatar\\\/fe840ff753768b839caa2dd522d4797f19f7e22fa2da83388e0fbfc570b65a37?s=96&d=mm&r=g\",\"url\":\"https:\\\/\\\/secure.gravatar.com\\\/avatar\\\/fe840ff753768b839caa2dd522d4797f19f7e22fa2da83388e0fbfc570b65a37?s=96&d=mm&r=g\",\"contentUrl\":\"https:\\\/\\\/secure.gravatar.com\\\/avatar\\\/fe840ff753768b839caa2dd522d4797f19f7e22fa2da83388e0fbfc570b65a37?s=96&d=mm&r=g\",\"caption\":\"Marlena Muller\"},\"url\":false}]}<\/script>\n<!-- \/ Yoast SEO plugin. -->","yoast_head_json":{"title":"Sommer in der Kirche - Martin Luther Evangelische Kirche Toronto","robots":{"index":"index","follow":"follow","max-snippet":"max-snippet:-1","max-image-preview":"max-image-preview:large","max-video-preview":"max-video-preview:-1"},"canonical":"https:\/\/martinluther.ca\/de\/2022\/07\/experience-summer-at-church\/","og_locale":"de_DE","og_type":"article","og_title":"Sommer in der Kirche - Martin Luther Evangelische Kirche Toronto","og_description":"In diesem Sommer ist in unserer Martin-Luther-Kirche viel los! Sonntagsgottesdienst: Pr\u00e4senz-Gottesdienst um 11:00 Uhr und danach auf unserem YouTube-Kanal. Den vollst\u00e4ndigen Zeitplan finden Sie unten. Suppe und Segen Food Ministry: Leckereien und Gespr\u00e4che, Dienstags und Freitags um 12:00 Uhr Dinner Church by the Lake: Mittwoch, 20. Juli um 19:00 Uhr Community Pantry: Nimm etwas, gib&hellip;","og_url":"https:\/\/martinluther.ca\/de\/2022\/07\/experience-summer-at-church\/","og_site_name":"Martin Luther Evangelische Kirche Toronto","article_publisher":"https:\/\/www.facebook.com\/martinlutherchurchtoronto","article_published_time":"2022-07-11T17:56:11+00:00","article_modified_time":"2022-07-25T23:37:19+00:00","og_image":[{"width":1200,"height":900,"url":"https:\/\/martinluther.ca\/wp-content\/uploads\/2022\/07\/2022-Summer-at-MLC-Featured-Image-4x3-1.png","type":"image\/png"}],"author":"Marlena Muller","twitter_card":"summary_large_image","twitter_misc":{"Verfasst von":"Marlena Muller","Gesch\u00e4tzte Lesezeit":"3\u00a0Minuten"},"schema":{"@context":"https:\/\/schema.org","@graph":[{"@type":"Article","@id":"https:\/\/martinluther.ca\/de\/2022\/07\/experience-summer-at-church\/#article","isPartOf":{"@id":"https:\/\/martinluther.ca\/de\/2022\/07\/experience-summer-at-church\/"},"author":{"name":"Marlena Muller","@id":"https:\/\/martinluther.ca\/de\/#\/schema\/person\/ef4e825f5d9d6fd740bbd7813710e15d"},"headline":"Sommer in der Kirche","datePublished":"2022-07-11T17:56:11+00:00","dateModified":"2022-07-25T23:37:19+00:00","mainEntityOfPage":{"@id":"https:\/\/martinluther.ca\/de\/2022\/07\/experience-summer-at-church\/"},"wordCount":365,"publisher":{"@id":"https:\/\/martinluther.ca\/de\/#organization"},"image":{"@id":"https:\/\/martinluther.ca\/de\/2022\/07\/experience-summer-at-church\/#primaryimage"},"thumbnailUrl":"https:\/\/martinluther.ca\/wp-content\/uploads\/2022\/07\/2022-Summer-at-MLC-Featured-Image-4x3-1.png","articleSection":["News Blog - German"],"inLanguage":"de"},{"@type":"WebPage","@id":"https:\/\/martinluther.ca\/de\/2022\/07\/experience-summer-at-church\/","url":"https:\/\/martinluther.ca\/de\/2022\/07\/experience-summer-at-church\/","name":"Sommer in der Kirche - Martin Luther Evangelische Kirche Toronto","isPartOf":{"@id":"https:\/\/martinluther.ca\/de\/#website"},"primaryImageOfPage":{"@id":"https:\/\/martinluther.ca\/de\/2022\/07\/experience-summer-at-church\/#primaryimage"},"image":{"@id":"https:\/\/martinluther.ca\/de\/2022\/07\/experience-summer-at-church\/#primaryimage"},"thumbnailUrl":"https:\/\/martinluther.ca\/wp-content\/uploads\/2022\/07\/2022-Summer-at-MLC-Featured-Image-4x3-1.png","datePublished":"2022-07-11T17:56:11+00:00","dateModified":"2022-07-25T23:37:19+00:00","breadcrumb":{"@id":"https:\/\/martinluther.ca\/de\/2022\/07\/experience-summer-at-church\/#breadcrumb"},"inLanguage":"de","potentialAction":[{"@type":"ReadAction","target":["https:\/\/martinluther.ca\/de\/2022\/07\/experience-summer-at-church\/"]}]},{"@type":"ImageObject","inLanguage":"de","@id":"https:\/\/martinluther.ca\/de\/2022\/07\/experience-summer-at-church\/#primaryimage","url":"https:\/\/martinluther.ca\/wp-content\/uploads\/2022\/07\/2022-Summer-at-MLC-Featured-Image-4x3-1.png","contentUrl":"https:\/\/martinluther.ca\/wp-content\/uploads\/2022\/07\/2022-Summer-at-MLC-Featured-Image-4x3-1.png","width":1200,"height":900},{"@type":"BreadcrumbList","@id":"https:\/\/martinluther.ca\/de\/2022\/07\/experience-summer-at-church\/#breadcrumb","itemListElement":[{"@type":"ListItem","position":1,"name":"Home","item":"https:\/\/martinluther.ca\/de\/"},{"@type":"ListItem","position":2,"name":"Sommer in der Kirche"}]},{"@type":"WebSite","@id":"https:\/\/martinluther.ca\/de\/#website","url":"https:\/\/martinluther.ca\/de\/","name":"Martin Luther Evangelical Church Toronto","description":"Deutsch &amp; Englisch","publisher":{"@id":"https:\/\/martinluther.ca\/de\/#organization"},"potentialAction":[{"@type":"SearchAction","target":{"@type":"EntryPoint","urlTemplate":"https:\/\/martinluther.ca\/de\/?s={search_term_string}"},"query-input":{"@type":"PropertyValueSpecification","valueRequired":true,"valueName":"search_term_string"}}],"inLanguage":"de"},{"@type":"Organization","@id":"https:\/\/martinluther.ca\/de\/#organization","name":"Martin Luther Evangelical Church Toronto","url":"https:\/\/martinluther.ca\/de\/","logo":{"@type":"ImageObject","inLanguage":"de","@id":"https:\/\/martinluther.ca\/de\/#\/schema\/logo\/image\/","url":"https:\/\/martinluther.ca\/wp-content\/uploads\/2016\/12\/ml-logo-300.png","contentUrl":"https:\/\/martinluther.ca\/wp-content\/uploads\/2016\/12\/ml-logo-300.png","width":300,"height":150,"caption":"Martin Luther Evangelical Church Toronto"},"image":{"@id":"https:\/\/martinluther.ca\/de\/#\/schema\/logo\/image\/"},"sameAs":["https:\/\/www.facebook.com\/martinlutherchurchtoronto","https:\/\/www.instagram.com\/lutheransbythelake\/","https:\/\/www.youtube.com\/MartinLutherChurchToronto"]},{"@type":"Person","@id":"https:\/\/martinluther.ca\/de\/#\/schema\/person\/ef4e825f5d9d6fd740bbd7813710e15d","name":"Marlena Muller","image":{"@type":"ImageObject","inLanguage":"de","@id":"https:\/\/secure.gravatar.com\/avatar\/fe840ff753768b839caa2dd522d4797f19f7e22fa2da83388e0fbfc570b65a37?s=96&d=mm&r=g","url":"https:\/\/secure.gravatar.com\/avatar\/fe840ff753768b839caa2dd522d4797f19f7e22fa2da83388e0fbfc570b65a37?s=96&d=mm&r=g","contentUrl":"https:\/\/secure.gravatar.com\/avatar\/fe840ff753768b839caa2dd522d4797f19f7e22fa2da83388e0fbfc570b65a37?s=96&d=mm&r=g","caption":"Marlena Muller"},"url":false}]}},"_links":{"self":[{"href":"https:\/\/martinluther.ca\/de\/wp-json\/wp\/v2\/posts\/42172","targetHints":{"allow":["GET"]}}],"collection":[{"href":"https:\/\/martinluther.ca\/de\/wp-json\/wp\/v2\/posts"}],"about":[{"href":"https:\/\/martinluther.ca\/de\/wp-json\/wp\/v2\/types\/post"}],"author":[{"embeddable":true,"href":"https:\/\/martinluther.ca\/de\/wp-json\/wp\/v2\/users\/8"}],"replies":[{"embeddable":true,"href":"https:\/\/martinluther.ca\/de\/wp-json\/wp\/v2\/comments?post=42172"}],"version-history":[{"count":4,"href":"https:\/\/martinluther.ca\/de\/wp-json\/wp\/v2\/posts\/42172\/revisions"}],"predecessor-version":[{"id":42291,"href":"https:\/\/martinluther.ca\/de\/wp-json\/wp\/v2\/posts\/42172\/revisions\/42291"}],"wp:featuredmedia":[{"embeddable":true,"href":"https:\/\/martinluther.ca\/de\/wp-json\/wp\/v2\/media\/42141"}],"wp:attachment":[{"href":"https:\/\/martinluther.ca\/de\/wp-json\/wp\/v2\/media?parent=42172"}],"wp:term":[{"taxonomy":"category","embeddable":true,"href":"https:\/\/martinluther.ca\/de\/wp-json\/wp\/v2\/categories?post=42172"},{"taxonomy":"post_tag","embeddable":true,"href":"https:\/\/martinluther.ca\/de\/wp-json\/wp\/v2\/tags?post=42172"},{"taxonomy":"post_series","embeddable":true,"href":"https:\/\/martinluther.ca\/de\/wp-json\/wp\/v2\/post_series?post=42172"}],"curies":[{"name":"wp","href":"https:\/\/api.w.org\/{rel}","templated":true}]}}