{"id":42423,"date":"2022-07-29T15:13:34","date_gmt":"2022-07-29T19:13:34","guid":{"rendered":"https:\/\/martinluther.ca\/?p=42423"},"modified":"2022-08-19T11:44:37","modified_gmt":"2022-08-19T15:44:37","slug":"vikar-adams-geschichten-das-mlk-kapitel","status":"publish","type":"post","link":"https:\/\/martinluther.ca\/de\/2022\/07\/vikar-adams-geschichten-das-mlk-kapitel\/","title":{"rendered":"Vikar Adam\u2019s Geschichten: Das MLK Kapitel"},"content":{"rendered":"<p>UPDATE: Am Sonntag, den 31. Juli 2022 feierten wir einen Godspeed-Gottesdienst und einen Abschiedsempfang f\u00fcr Vikar Adam McComb und Tanya Zielke. Unsere ehemaligen Vikaren, Pastor Jordan Smith und Pastor Caroline Raddatz, nahmen an diesem besonderen Tag teil.<\/p>\n<p>Hier eine Fotogalerie vom Gottesdienst und anschlie\u00dfendem Empfang im Hinterhof.<\/p>\n<div id=\"gallery-1\" class=\"wpex-gallery wpex-grid wpex-grid-cols-6 wpex-gap-20 wpex-lightbox-group wpex-mb-20\"><figure class=\"gallery-item\"><a href=\"https:\/\/martinluther.ca\/wp-content\/uploads\/2022\/08\/2022-Godspeed-to-Adam-and-Tanya-Jul31-33.jpg\" class=\"wpex-lightbox-group-item\"><img loading=\"lazy\" decoding=\"async\" src=\"https:\/\/martinluther.ca\/wp-content\/uploads\/2022\/08\/2022-Godspeed-to-Adam-and-Tanya-Jul31-33-1024x768.jpg\" alt=\"\" srcset=\"https:\/\/martinluther.ca\/wp-content\/uploads\/2022\/08\/2022-Godspeed-to-Adam-and-Tanya-Jul31-33-1024x768.jpg 1024w, https:\/\/martinluther.ca\/wp-content\/uploads\/2022\/08\/2022-Godspeed-to-Adam-and-Tanya-Jul31-33-300x225.jpg 300w, https:\/\/martinluther.ca\/wp-content\/uploads\/2022\/08\/2022-Godspeed-to-Adam-and-Tanya-Jul31-33-768x576.jpg 768w, https:\/\/martinluther.ca\/wp-content\/uploads\/2022\/08\/2022-Godspeed-to-Adam-and-Tanya-Jul31-33-1536x1152.jpg 1536w, https:\/\/martinluther.ca\/wp-content\/uploads\/2022\/08\/2022-Godspeed-to-Adam-and-Tanya-Jul31-33.jpg 2016w\" width=\"1024\" height=\"768\"><\/a><\/figure><figure class=\"gallery-item\"><a href=\"https:\/\/martinluther.ca\/wp-content\/uploads\/2022\/08\/2022-Godspeed-to-Adam-and-Tanya-Jul31-29-Tanya-blessing-2.jpg\" class=\"wpex-lightbox-group-item\"><img loading=\"lazy\" decoding=\"async\" src=\"https:\/\/martinluther.ca\/wp-content\/uploads\/2022\/08\/2022-Godspeed-to-Adam-and-Tanya-Jul31-29-Tanya-blessing-2-1024x1024.jpg\" alt=\"\" srcset=\"https:\/\/martinluther.ca\/wp-content\/uploads\/2022\/08\/2022-Godspeed-to-Adam-and-Tanya-Jul31-29-Tanya-blessing-2-1024x1024.jpg 1024w, https:\/\/martinluther.ca\/wp-content\/uploads\/2022\/08\/2022-Godspeed-to-Adam-and-Tanya-Jul31-29-Tanya-blessing-2-300x300.jpg 300w, https:\/\/martinluther.ca\/wp-content\/uploads\/2022\/08\/2022-Godspeed-to-Adam-and-Tanya-Jul31-29-Tanya-blessing-2-150x150.jpg 150w, https:\/\/martinluther.ca\/wp-content\/uploads\/2022\/08\/2022-Godspeed-to-Adam-and-Tanya-Jul31-29-Tanya-blessing-2-768x768.jpg 768w, https:\/\/martinluther.ca\/wp-content\/uploads\/2022\/08\/2022-Godspeed-to-Adam-and-Tanya-Jul31-29-Tanya-blessing-2-1536x1536.jpg 1536w, https:\/\/martinluther.ca\/wp-content\/uploads\/2022\/08\/2022-Godspeed-to-Adam-and-Tanya-Jul31-29-Tanya-blessing-2.jpg 1829w\" width=\"1024\" height=\"1024\"><\/a><\/figure><figure class=\"gallery-item\"><a href=\"https:\/\/martinluther.ca\/wp-content\/uploads\/2022\/08\/2022-Godspeed-to-Adam-and-Tanya-Jul31-27-Vicar-Adam-blessing-2.jpg\" class=\"wpex-lightbox-group-item\"><img loading=\"lazy\" decoding=\"async\" src=\"https:\/\/martinluther.ca\/wp-content\/uploads\/2022\/08\/2022-Godspeed-to-Adam-and-Tanya-Jul31-27-Vicar-Adam-blessing-2-1024x1024.jpg\" alt=\"\" srcset=\"https:\/\/martinluther.ca\/wp-content\/uploads\/2022\/08\/2022-Godspeed-to-Adam-and-Tanya-Jul31-27-Vicar-Adam-blessing-2-1024x1024.jpg 1024w, https:\/\/martinluther.ca\/wp-content\/uploads\/2022\/08\/2022-Godspeed-to-Adam-and-Tanya-Jul31-27-Vicar-Adam-blessing-2-300x300.jpg 300w, https:\/\/martinluther.ca\/wp-content\/uploads\/2022\/08\/2022-Godspeed-to-Adam-and-Tanya-Jul31-27-Vicar-Adam-blessing-2-150x150.jpg 150w, https:\/\/martinluther.ca\/wp-content\/uploads\/2022\/08\/2022-Godspeed-to-Adam-and-Tanya-Jul31-27-Vicar-Adam-blessing-2-768x768.jpg 768w, https:\/\/martinluther.ca\/wp-content\/uploads\/2022\/08\/2022-Godspeed-to-Adam-and-Tanya-Jul31-27-Vicar-Adam-blessing-2.jpg 1229w\" width=\"1024\" height=\"1024\"><\/a><\/figure><figure class=\"gallery-item\"><a href=\"https:\/\/martinluther.ca\/wp-content\/uploads\/2022\/08\/2022-Godspeed-to-Adam-and-Tanya-Jul31-19-the-four-2.jpg\" class=\"wpex-lightbox-group-item\"><img loading=\"lazy\" decoding=\"async\" src=\"https:\/\/martinluther.ca\/wp-content\/uploads\/2022\/08\/2022-Godspeed-to-Adam-and-Tanya-Jul31-19-the-four-2-1024x1024.jpg\" alt=\"\" srcset=\"https:\/\/martinluther.ca\/wp-content\/uploads\/2022\/08\/2022-Godspeed-to-Adam-and-Tanya-Jul31-19-the-four-2-1024x1024.jpg 1024w, https:\/\/martinluther.ca\/wp-content\/uploads\/2022\/08\/2022-Godspeed-to-Adam-and-Tanya-Jul31-19-the-four-2-300x300.jpg 300w, https:\/\/martinluther.ca\/wp-content\/uploads\/2022\/08\/2022-Godspeed-to-Adam-and-Tanya-Jul31-19-the-four-2-150x150.jpg 150w, https:\/\/martinluther.ca\/wp-content\/uploads\/2022\/08\/2022-Godspeed-to-Adam-and-Tanya-Jul31-19-the-four-2-768x768.jpg 768w, https:\/\/martinluther.ca\/wp-content\/uploads\/2022\/08\/2022-Godspeed-to-Adam-and-Tanya-Jul31-19-the-four-2-1536x1536.jpg 1536w, https:\/\/martinluther.ca\/wp-content\/uploads\/2022\/08\/2022-Godspeed-to-Adam-and-Tanya-Jul31-19-the-four-2-2048x2048.jpg 2048w\" width=\"1024\" height=\"1024\"><\/a><\/figure><figure class=\"gallery-item\"><a href=\"https:\/\/martinluther.ca\/wp-content\/uploads\/2022\/08\/2022-Godspeed-to-Adam-and-Tanya-Jul31-25-Iris-and-Annika-3.jpg\" class=\"wpex-lightbox-group-item\"><img loading=\"lazy\" decoding=\"async\" src=\"https:\/\/martinluther.ca\/wp-content\/uploads\/2022\/08\/2022-Godspeed-to-Adam-and-Tanya-Jul31-25-Iris-and-Annika-3-1024x1024.jpg\" alt=\"\" srcset=\"https:\/\/martinluther.ca\/wp-content\/uploads\/2022\/08\/2022-Godspeed-to-Adam-and-Tanya-Jul31-25-Iris-and-Annika-3-1024x1024.jpg 1024w, https:\/\/martinluther.ca\/wp-content\/uploads\/2022\/08\/2022-Godspeed-to-Adam-and-Tanya-Jul31-25-Iris-and-Annika-3-300x300.jpg 300w, https:\/\/martinluther.ca\/wp-content\/uploads\/2022\/08\/2022-Godspeed-to-Adam-and-Tanya-Jul31-25-Iris-and-Annika-3-150x150.jpg 150w, https:\/\/martinluther.ca\/wp-content\/uploads\/2022\/08\/2022-Godspeed-to-Adam-and-Tanya-Jul31-25-Iris-and-Annika-3-768x769.jpg 768w, https:\/\/martinluther.ca\/wp-content\/uploads\/2022\/08\/2022-Godspeed-to-Adam-and-Tanya-Jul31-25-Iris-and-Annika-3.jpg 1387w\" width=\"1024\" height=\"1024\"><\/a><\/figure><figure class=\"gallery-item\"><a href=\"https:\/\/martinluther.ca\/wp-content\/uploads\/2022\/08\/2022-Godspeed-to-Adam-and-Tanya-Jul31-24-Annika-blessing-us-2.jpg\" class=\"wpex-lightbox-group-item\"><img loading=\"lazy\" decoding=\"async\" src=\"https:\/\/martinluther.ca\/wp-content\/uploads\/2022\/08\/2022-Godspeed-to-Adam-and-Tanya-Jul31-24-Annika-blessing-us-2.jpg\" alt=\"\" srcset=\"https:\/\/martinluther.ca\/wp-content\/uploads\/2022\/08\/2022-Godspeed-to-Adam-and-Tanya-Jul31-24-Annika-blessing-us-2.jpg 605w, https:\/\/martinluther.ca\/wp-content\/uploads\/2022\/08\/2022-Godspeed-to-Adam-and-Tanya-Jul31-24-Annika-blessing-us-2-300x300.jpg 300w, https:\/\/martinluther.ca\/wp-content\/uploads\/2022\/08\/2022-Godspeed-to-Adam-and-Tanya-Jul31-24-Annika-blessing-us-2-150x150.jpg 150w\" width=\"605\" height=\"605\"><\/a><\/figure><figure class=\"gallery-item\"><a href=\"https:\/\/martinluther.ca\/wp-content\/uploads\/2022\/08\/2022-Godspeed-to-Adam-and-Tanya-Jul31-30-2.jpg\" class=\"wpex-lightbox-group-item\"><img loading=\"lazy\" decoding=\"async\" src=\"https:\/\/martinluther.ca\/wp-content\/uploads\/2022\/08\/2022-Godspeed-to-Adam-and-Tanya-Jul31-30-2-1024x1024.jpg\" alt=\"\" srcset=\"https:\/\/martinluther.ca\/wp-content\/uploads\/2022\/08\/2022-Godspeed-to-Adam-and-Tanya-Jul31-30-2-1024x1024.jpg 1024w, https:\/\/martinluther.ca\/wp-content\/uploads\/2022\/08\/2022-Godspeed-to-Adam-and-Tanya-Jul31-30-2-300x300.jpg 300w, https:\/\/martinluther.ca\/wp-content\/uploads\/2022\/08\/2022-Godspeed-to-Adam-and-Tanya-Jul31-30-2-150x150.jpg 150w, https:\/\/martinluther.ca\/wp-content\/uploads\/2022\/08\/2022-Godspeed-to-Adam-and-Tanya-Jul31-30-2-768x768.jpg 768w, https:\/\/martinluther.ca\/wp-content\/uploads\/2022\/08\/2022-Godspeed-to-Adam-and-Tanya-Jul31-30-2.jpg 1512w\" width=\"1024\" height=\"1024\"><\/a><\/figure><figure class=\"gallery-item\"><a href=\"https:\/\/martinluther.ca\/wp-content\/uploads\/2022\/08\/2022-Godspeed-to-Adam-and-Tanya-Jul31-13-socializing-2.jpg\" class=\"wpex-lightbox-group-item\"><img loading=\"lazy\" decoding=\"async\" src=\"https:\/\/martinluther.ca\/wp-content\/uploads\/2022\/08\/2022-Godspeed-to-Adam-and-Tanya-Jul31-13-socializing-2-1024x1024.jpg\" alt=\"\" srcset=\"https:\/\/martinluther.ca\/wp-content\/uploads\/2022\/08\/2022-Godspeed-to-Adam-and-Tanya-Jul31-13-socializing-2-1024x1024.jpg 1024w, https:\/\/martinluther.ca\/wp-content\/uploads\/2022\/08\/2022-Godspeed-to-Adam-and-Tanya-Jul31-13-socializing-2-300x300.jpg 300w, https:\/\/martinluther.ca\/wp-content\/uploads\/2022\/08\/2022-Godspeed-to-Adam-and-Tanya-Jul31-13-socializing-2-150x150.jpg 150w, https:\/\/martinluther.ca\/wp-content\/uploads\/2022\/08\/2022-Godspeed-to-Adam-and-Tanya-Jul31-13-socializing-2-768x767.jpg 768w, https:\/\/martinluther.ca\/wp-content\/uploads\/2022\/08\/2022-Godspeed-to-Adam-and-Tanya-Jul31-13-socializing-2.jpg 1509w\" width=\"1024\" height=\"1024\"><\/a><\/figure><figure class=\"gallery-item\"><a href=\"https:\/\/martinluther.ca\/wp-content\/uploads\/2022\/08\/2022-Godspeed-to-Adam-and-Tanya-Jul31-05-Iris-2.jpg\" class=\"wpex-lightbox-group-item\"><img loading=\"lazy\" decoding=\"async\" src=\"https:\/\/martinluther.ca\/wp-content\/uploads\/2022\/08\/2022-Godspeed-to-Adam-and-Tanya-Jul31-05-Iris-2-1024x1024.jpg\" alt=\"\" srcset=\"https:\/\/martinluther.ca\/wp-content\/uploads\/2022\/08\/2022-Godspeed-to-Adam-and-Tanya-Jul31-05-Iris-2-1024x1024.jpg 1024w, https:\/\/martinluther.ca\/wp-content\/uploads\/2022\/08\/2022-Godspeed-to-Adam-and-Tanya-Jul31-05-Iris-2-300x300.jpg 300w, https:\/\/martinluther.ca\/wp-content\/uploads\/2022\/08\/2022-Godspeed-to-Adam-and-Tanya-Jul31-05-Iris-2-150x150.jpg 150w, https:\/\/martinluther.ca\/wp-content\/uploads\/2022\/08\/2022-Godspeed-to-Adam-and-Tanya-Jul31-05-Iris-2-768x768.jpg 768w, https:\/\/martinluther.ca\/wp-content\/uploads\/2022\/08\/2022-Godspeed-to-Adam-and-Tanya-Jul31-05-Iris-2.jpg 1512w\" width=\"1024\" height=\"1024\"><\/a><\/figure><figure class=\"gallery-item\"><a href=\"https:\/\/martinluther.ca\/wp-content\/uploads\/2022\/08\/2022-Godspeed-to-Adam-and-Tanya-Jul31-09-the-three-2.jpg\" class=\"wpex-lightbox-group-item\"><img loading=\"lazy\" decoding=\"async\" src=\"https:\/\/martinluther.ca\/wp-content\/uploads\/2022\/08\/2022-Godspeed-to-Adam-and-Tanya-Jul31-09-the-three-2-1024x1024.jpg\" alt=\"\" srcset=\"https:\/\/martinluther.ca\/wp-content\/uploads\/2022\/08\/2022-Godspeed-to-Adam-and-Tanya-Jul31-09-the-three-2-1024x1024.jpg 1024w, https:\/\/martinluther.ca\/wp-content\/uploads\/2022\/08\/2022-Godspeed-to-Adam-and-Tanya-Jul31-09-the-three-2-300x300.jpg 300w, https:\/\/martinluther.ca\/wp-content\/uploads\/2022\/08\/2022-Godspeed-to-Adam-and-Tanya-Jul31-09-the-three-2-150x150.jpg 150w, https:\/\/martinluther.ca\/wp-content\/uploads\/2022\/08\/2022-Godspeed-to-Adam-and-Tanya-Jul31-09-the-three-2-768x768.jpg 768w, https:\/\/martinluther.ca\/wp-content\/uploads\/2022\/08\/2022-Godspeed-to-Adam-and-Tanya-Jul31-09-the-three-2.jpg 1508w\" width=\"1024\" height=\"1024\"><\/a><\/figure><figure class=\"gallery-item\"><a href=\"https:\/\/martinluther.ca\/wp-content\/uploads\/2022\/08\/2022-Godspeed-to-Adam-and-tanya-Jul31-36-backyard-2.jpg\" class=\"wpex-lightbox-group-item\"><img loading=\"lazy\" decoding=\"async\" src=\"https:\/\/martinluther.ca\/wp-content\/uploads\/2022\/08\/2022-Godspeed-to-Adam-and-tanya-Jul31-36-backyard-2-1024x1024.jpg\" alt=\"\" srcset=\"https:\/\/martinluther.ca\/wp-content\/uploads\/2022\/08\/2022-Godspeed-to-Adam-and-tanya-Jul31-36-backyard-2-1024x1024.jpg 1024w, https:\/\/martinluther.ca\/wp-content\/uploads\/2022\/08\/2022-Godspeed-to-Adam-and-tanya-Jul31-36-backyard-2-300x300.jpg 300w, https:\/\/martinluther.ca\/wp-content\/uploads\/2022\/08\/2022-Godspeed-to-Adam-and-tanya-Jul31-36-backyard-2-150x150.jpg 150w, https:\/\/martinluther.ca\/wp-content\/uploads\/2022\/08\/2022-Godspeed-to-Adam-and-tanya-Jul31-36-backyard-2-768x768.jpg 768w, https:\/\/martinluther.ca\/wp-content\/uploads\/2022\/08\/2022-Godspeed-to-Adam-and-tanya-Jul31-36-backyard-2-1536x1536.jpg 1536w, https:\/\/martinluther.ca\/wp-content\/uploads\/2022\/08\/2022-Godspeed-to-Adam-and-tanya-Jul31-36-backyard-2-2048x2048.jpg 2048w\" width=\"1024\" height=\"1024\"><\/a><\/figure><figure class=\"gallery-item\"><a href=\"https:\/\/martinluther.ca\/wp-content\/uploads\/2022\/08\/2022-Godspeed-to-Adam-and-Tanya-Jul31-40-Tanya-blessing-2.jpg\" class=\"wpex-lightbox-group-item\" data-title=\"2022- Godspeed to Adam and Tanya Jul31 -bakyard\"><img loading=\"lazy\" alt=\"2022- Godspeed To Adam And Tanya Jul31 -bakyard\" decoding=\"async\" src=\"https:\/\/martinluther.ca\/wp-content\/uploads\/2022\/08\/2022-Godspeed-to-Adam-and-Tanya-Jul31-40-Tanya-blessing-2-1024x573.jpg\" srcset=\"https:\/\/martinluther.ca\/wp-content\/uploads\/2022\/08\/2022-Godspeed-to-Adam-and-Tanya-Jul31-40-Tanya-blessing-2-1024x573.jpg 1024w, https:\/\/martinluther.ca\/wp-content\/uploads\/2022\/08\/2022-Godspeed-to-Adam-and-Tanya-Jul31-40-Tanya-blessing-2-300x168.jpg 300w, https:\/\/martinluther.ca\/wp-content\/uploads\/2022\/08\/2022-Godspeed-to-Adam-and-Tanya-Jul31-40-Tanya-blessing-2-768x430.jpg 768w, https:\/\/martinluther.ca\/wp-content\/uploads\/2022\/08\/2022-Godspeed-to-Adam-and-Tanya-Jul31-40-Tanya-blessing-2.jpg 1075w\" width=\"1024\" height=\"573\"><\/a><\/figure><\/div>\n\n<p>Posted July 29, 2022<\/p>\n<p><img loading=\"lazy\" decoding=\"async\" class=\"alignright size-medium wp-image-42419\" src=\"https:\/\/martinluther.ca\/wp-content\/uploads\/2022\/07\/Vicar-Adam-McComb-139x300.jpeg\" alt=\"Vicar Adam McComb\" width=\"139\" height=\"300\" srcset=\"https:\/\/martinluther.ca\/wp-content\/uploads\/2022\/07\/Vicar-Adam-McComb-139x300.jpeg 139w, https:\/\/martinluther.ca\/wp-content\/uploads\/2022\/07\/Vicar-Adam-McComb-475x1024.jpeg 475w, https:\/\/martinluther.ca\/wp-content\/uploads\/2022\/07\/Vicar-Adam-McComb.jpeg 661w\" sizes=\"auto, (max-width: 139px) 100vw, 139px\" \/>Mit viel Humor und nah am Leben sog Adam McComb uns von Anfang an in seine Bibelerz\u00e4hlungen und Alltagsgeschichten mit Gott ein. Jede seiner Geschichten hinterl\u00e4sst Spuren, regt zum Nachdenken und Weitererz\u00e4hlen an. Ich bin zutiefst dankbar, dass Vicar Adam, trotz seiner intensiven Studienzeit, seinen Vertrag mit der Martin Luther Kirche immer wieder verl\u00e4ngerte! Erst sollte es ja nur ein Jahr gemeinsam mit vier anderen Vikaren werden. Doch dann wurde alles ziemlich turbulent: Erst ging Pastor Christian Ceconi, dann kam der Coronavirus und mit ihm virtuelle Gottesdienste, Verk\u00fcndigung des Reich Gottes vor den T\u00fcren unserer Kirche, Einzug in das Pfarrhaus, Ankunft, Zusammenarbeit und Abschied von Pastor Gerhard Hille, Versch\u00f6nerung, Vorbereitung und \u00dcbergabe des Pfarrhauses, Einf\u00fchrung und Einarbeitung von Pastorin Klappert, Begleitung von zwei Konfirmandengruppen. \u00dcberall war Vikar Adam nicht nur dabei, sondern mittendrin. Am 31. Juli geht seine Vertragsgeschichte mit einem Abschiedsgottesdienst als Mitarbeiter der Martin Luther Kirche zu Ende. Mit Gottes unendlich reichem Segen schicken wir Vikar Adam in den n\u00e4chsten Abschnitt seines Lebens.<\/p>\n<p>Auf Wiedersehen Vikar Adam McComb.<\/p>\n<p>Alles Gute w\u00fcnscht Iris Schweiger, Pr\u00e4sident Kirchenvorstand<\/p>\n<p>Dies gerade eingetroffen: Adam wurde von der Ostsynode als Kandidat f\u00fcr den Berufung zum Pastor auf der Liste best\u00e4tigt. Sein Weg zum ordinierten Amt in unserer Evangelisch-Lutherischen Kirche in Kanada geht weiter mit einem Clinical Pastoral Education-Programm. Wir beten, dass er bald beginnen kann.<\/p>\n","protected":false},"excerpt":{"rendered":"<p>UPDATE: Am Sonntag, den 31. Juli 2022 feierten wir einen Godspeed-Gottesdienst und einen Abschiedsempfang f\u00fcr Vikar Adam McComb und Tanya Zielke. Unsere ehemaligen Vikaren, Pastor Jordan Smith und Pastor Caroline Raddatz, nahmen an diesem besonderen Tag teil. Hier eine Fotogalerie vom Gottesdienst und anschlie\u00dfendem Empfang im Hinterhof. Posted July 29, 2022 Mit viel Humor und&hellip;<\/p>\n","protected":false},"author":8,"featured_media":42421,"comment_status":"closed","ping_status":"closed","sticky":false,"template":"","format":"standard","meta":{"footnotes":""},"categories":[69],"tags":[],"post_series":[],"class_list":["post-42423","post","type-post","status-publish","format-standard","has-post-thumbnail","hentry","category-news-blog-german","entry","has-media"],"yoast_head":"<!-- This site is optimized with the Yoast SEO plugin v27.5 - https:\/\/yoast.com\/product\/yoast-seo-wordpress\/ -->\n<title>Vikar Adam\u2019s Geschichten: Das MLK Kapitel - Martin Luther Evangelische Kirche Toronto<\/title>\n<meta name=\"robots\" content=\"index, follow, max-snippet:-1, max-image-preview:large, max-video-preview:-1\" \/>\n<link rel=\"canonical\" href=\"https:\/\/martinluther.ca\/de\/2022\/07\/vikar-adams-geschichten-das-mlk-kapitel\/\" \/>\n<meta property=\"og:locale\" content=\"de_DE\" \/>\n<meta property=\"og:type\" content=\"article\" \/>\n<meta property=\"og:title\" content=\"Vikar Adam\u2019s Geschichten: Das MLK Kapitel - Martin Luther Evangelische Kirche Toronto\" \/>\n<meta property=\"og:description\" content=\"UPDATE: Am Sonntag, den 31. Juli 2022 feierten wir einen Godspeed-Gottesdienst und einen Abschiedsempfang f\u00fcr Vikar Adam McComb und Tanya Zielke. Unsere ehemaligen Vikaren, Pastor Jordan Smith und Pastor Caroline Raddatz, nahmen an diesem besonderen Tag teil. Hier eine Fotogalerie vom Gottesdienst und anschlie\u00dfendem Empfang im Hinterhof. Posted July 29, 2022 Mit viel Humor und&hellip;\" \/>\n<meta property=\"og:url\" content=\"https:\/\/martinluther.ca\/de\/2022\/07\/vikar-adams-geschichten-das-mlk-kapitel\/\" \/>\n<meta property=\"og:site_name\" content=\"Martin Luther Evangelische Kirche Toronto\" \/>\n<meta property=\"article:publisher\" content=\"https:\/\/www.facebook.com\/martinlutherchurchtoronto\" \/>\n<meta property=\"article:published_time\" content=\"2022-07-29T19:13:34+00:00\" \/>\n<meta property=\"article:modified_time\" content=\"2022-08-19T15:44:37+00:00\" \/>\n<meta property=\"og:image\" content=\"https:\/\/martinluther.ca\/wp-content\/uploads\/2022\/07\/Vicar-Adam-McComb-1.jpeg\" \/>\n\t<meta property=\"og:image:width\" content=\"659\" \/>\n\t<meta property=\"og:image:height\" content=\"495\" \/>\n\t<meta property=\"og:image:type\" content=\"image\/jpeg\" \/>\n<meta name=\"author\" content=\"Marlena Muller\" \/>\n<meta name=\"twitter:card\" content=\"summary_large_image\" \/>\n<meta name=\"twitter:label1\" content=\"Verfasst von\" \/>\n\t<meta name=\"twitter:data1\" content=\"Marlena Muller\" \/>\n\t<meta name=\"twitter:label2\" content=\"Gesch\u00e4tzte Lesezeit\" \/>\n\t<meta name=\"twitter:data2\" content=\"2\u00a0Minuten\" \/>\n<script type=\"application\/ld+json\" class=\"yoast-schema-graph\">{\"@context\":\"https:\\\/\\\/schema.org\",\"@graph\":[{\"@type\":\"Article\",\"@id\":\"https:\\\/\\\/martinluther.ca\\\/de\\\/2022\\\/07\\\/vikar-adams-geschichten-das-mlk-kapitel\\\/#article\",\"isPartOf\":{\"@id\":\"https:\\\/\\\/martinluther.ca\\\/de\\\/2022\\\/07\\\/vikar-adams-geschichten-das-mlk-kapitel\\\/\"},\"author\":{\"name\":\"Marlena Muller\",\"@id\":\"https:\\\/\\\/martinluther.ca\\\/de\\\/#\\\/schema\\\/person\\\/ef4e825f5d9d6fd740bbd7813710e15d\"},\"headline\":\"Vikar Adam\u2019s Geschichten: Das MLK Kapitel\",\"datePublished\":\"2022-07-29T19:13:34+00:00\",\"dateModified\":\"2022-08-19T15:44:37+00:00\",\"mainEntityOfPage\":{\"@id\":\"https:\\\/\\\/martinluther.ca\\\/de\\\/2022\\\/07\\\/vikar-adams-geschichten-das-mlk-kapitel\\\/\"},\"wordCount\":292,\"publisher\":{\"@id\":\"https:\\\/\\\/martinluther.ca\\\/de\\\/#organization\"},\"image\":{\"@id\":\"https:\\\/\\\/martinluther.ca\\\/de\\\/2022\\\/07\\\/vikar-adams-geschichten-das-mlk-kapitel\\\/#primaryimage\"},\"thumbnailUrl\":\"https:\\\/\\\/martinluther.ca\\\/wp-content\\\/uploads\\\/2022\\\/07\\\/Vicar-Adam-McComb-1.jpeg\",\"articleSection\":[\"News Blog - German\"],\"inLanguage\":\"de\"},{\"@type\":\"WebPage\",\"@id\":\"https:\\\/\\\/martinluther.ca\\\/de\\\/2022\\\/07\\\/vikar-adams-geschichten-das-mlk-kapitel\\\/\",\"url\":\"https:\\\/\\\/martinluther.ca\\\/de\\\/2022\\\/07\\\/vikar-adams-geschichten-das-mlk-kapitel\\\/\",\"name\":\"Vikar Adam\u2019s Geschichten: Das MLK Kapitel - Martin Luther Evangelische Kirche Toronto\",\"isPartOf\":{\"@id\":\"https:\\\/\\\/martinluther.ca\\\/de\\\/#website\"},\"primaryImageOfPage\":{\"@id\":\"https:\\\/\\\/martinluther.ca\\\/de\\\/2022\\\/07\\\/vikar-adams-geschichten-das-mlk-kapitel\\\/#primaryimage\"},\"image\":{\"@id\":\"https:\\\/\\\/martinluther.ca\\\/de\\\/2022\\\/07\\\/vikar-adams-geschichten-das-mlk-kapitel\\\/#primaryimage\"},\"thumbnailUrl\":\"https:\\\/\\\/martinluther.ca\\\/wp-content\\\/uploads\\\/2022\\\/07\\\/Vicar-Adam-McComb-1.jpeg\",\"datePublished\":\"2022-07-29T19:13:34+00:00\",\"dateModified\":\"2022-08-19T15:44:37+00:00\",\"breadcrumb\":{\"@id\":\"https:\\\/\\\/martinluther.ca\\\/de\\\/2022\\\/07\\\/vikar-adams-geschichten-das-mlk-kapitel\\\/#breadcrumb\"},\"inLanguage\":\"de\",\"potentialAction\":[{\"@type\":\"ReadAction\",\"target\":[\"https:\\\/\\\/martinluther.ca\\\/de\\\/2022\\\/07\\\/vikar-adams-geschichten-das-mlk-kapitel\\\/\"]}]},{\"@type\":\"ImageObject\",\"inLanguage\":\"de\",\"@id\":\"https:\\\/\\\/martinluther.ca\\\/de\\\/2022\\\/07\\\/vikar-adams-geschichten-das-mlk-kapitel\\\/#primaryimage\",\"url\":\"https:\\\/\\\/martinluther.ca\\\/wp-content\\\/uploads\\\/2022\\\/07\\\/Vicar-Adam-McComb-1.jpeg\",\"contentUrl\":\"https:\\\/\\\/martinluther.ca\\\/wp-content\\\/uploads\\\/2022\\\/07\\\/Vicar-Adam-McComb-1.jpeg\",\"width\":659,\"height\":495},{\"@type\":\"BreadcrumbList\",\"@id\":\"https:\\\/\\\/martinluther.ca\\\/de\\\/2022\\\/07\\\/vikar-adams-geschichten-das-mlk-kapitel\\\/#breadcrumb\",\"itemListElement\":[{\"@type\":\"ListItem\",\"position\":1,\"name\":\"Home\",\"item\":\"https:\\\/\\\/martinluther.ca\\\/de\\\/\"},{\"@type\":\"ListItem\",\"position\":2,\"name\":\"Vikar Adam\u2019s Geschichten: Das MLK Kapitel\"}]},{\"@type\":\"WebSite\",\"@id\":\"https:\\\/\\\/martinluther.ca\\\/de\\\/#website\",\"url\":\"https:\\\/\\\/martinluther.ca\\\/de\\\/\",\"name\":\"Martin Luther Evangelical Church Toronto\",\"description\":\"Deutsch &amp; Englisch\",\"publisher\":{\"@id\":\"https:\\\/\\\/martinluther.ca\\\/de\\\/#organization\"},\"potentialAction\":[{\"@type\":\"SearchAction\",\"target\":{\"@type\":\"EntryPoint\",\"urlTemplate\":\"https:\\\/\\\/martinluther.ca\\\/de\\\/?s={search_term_string}\"},\"query-input\":{\"@type\":\"PropertyValueSpecification\",\"valueRequired\":true,\"valueName\":\"search_term_string\"}}],\"inLanguage\":\"de\"},{\"@type\":\"Organization\",\"@id\":\"https:\\\/\\\/martinluther.ca\\\/de\\\/#organization\",\"name\":\"Martin Luther Evangelical Church Toronto\",\"url\":\"https:\\\/\\\/martinluther.ca\\\/de\\\/\",\"logo\":{\"@type\":\"ImageObject\",\"inLanguage\":\"de\",\"@id\":\"https:\\\/\\\/martinluther.ca\\\/de\\\/#\\\/schema\\\/logo\\\/image\\\/\",\"url\":\"https:\\\/\\\/martinluther.ca\\\/wp-content\\\/uploads\\\/2016\\\/12\\\/ml-logo-300.png\",\"contentUrl\":\"https:\\\/\\\/martinluther.ca\\\/wp-content\\\/uploads\\\/2016\\\/12\\\/ml-logo-300.png\",\"width\":300,\"height\":150,\"caption\":\"Martin Luther Evangelical Church Toronto\"},\"image\":{\"@id\":\"https:\\\/\\\/martinluther.ca\\\/de\\\/#\\\/schema\\\/logo\\\/image\\\/\"},\"sameAs\":[\"https:\\\/\\\/www.facebook.com\\\/martinlutherchurchtoronto\",\"https:\\\/\\\/www.instagram.com\\\/lutheransbythelake\\\/\",\"https:\\\/\\\/www.youtube.com\\\/MartinLutherChurchToronto\"]},{\"@type\":\"Person\",\"@id\":\"https:\\\/\\\/martinluther.ca\\\/de\\\/#\\\/schema\\\/person\\\/ef4e825f5d9d6fd740bbd7813710e15d\",\"name\":\"Marlena Muller\",\"image\":{\"@type\":\"ImageObject\",\"inLanguage\":\"de\",\"@id\":\"https:\\\/\\\/secure.gravatar.com\\\/avatar\\\/fe840ff753768b839caa2dd522d4797f19f7e22fa2da83388e0fbfc570b65a37?s=96&d=mm&r=g\",\"url\":\"https:\\\/\\\/secure.gravatar.com\\\/avatar\\\/fe840ff753768b839caa2dd522d4797f19f7e22fa2da83388e0fbfc570b65a37?s=96&d=mm&r=g\",\"contentUrl\":\"https:\\\/\\\/secure.gravatar.com\\\/avatar\\\/fe840ff753768b839caa2dd522d4797f19f7e22fa2da83388e0fbfc570b65a37?s=96&d=mm&r=g\",\"caption\":\"Marlena Muller\"},\"url\":false}]}<\/script>\n<!-- \/ Yoast SEO plugin. -->","yoast_head_json":{"title":"Vikar Adam\u2019s Geschichten: Das MLK Kapitel - Martin Luther Evangelische Kirche Toronto","robots":{"index":"index","follow":"follow","max-snippet":"max-snippet:-1","max-image-preview":"max-image-preview:large","max-video-preview":"max-video-preview:-1"},"canonical":"https:\/\/martinluther.ca\/de\/2022\/07\/vikar-adams-geschichten-das-mlk-kapitel\/","og_locale":"de_DE","og_type":"article","og_title":"Vikar Adam\u2019s Geschichten: Das MLK Kapitel - Martin Luther Evangelische Kirche Toronto","og_description":"UPDATE: Am Sonntag, den 31. Juli 2022 feierten wir einen Godspeed-Gottesdienst und einen Abschiedsempfang f\u00fcr Vikar Adam McComb und Tanya Zielke. Unsere ehemaligen Vikaren, Pastor Jordan Smith und Pastor Caroline Raddatz, nahmen an diesem besonderen Tag teil. Hier eine Fotogalerie vom Gottesdienst und anschlie\u00dfendem Empfang im Hinterhof. Posted July 29, 2022 Mit viel Humor und&hellip;","og_url":"https:\/\/martinluther.ca\/de\/2022\/07\/vikar-adams-geschichten-das-mlk-kapitel\/","og_site_name":"Martin Luther Evangelische Kirche Toronto","article_publisher":"https:\/\/www.facebook.com\/martinlutherchurchtoronto","article_published_time":"2022-07-29T19:13:34+00:00","article_modified_time":"2022-08-19T15:44:37+00:00","og_image":[{"width":659,"height":495,"url":"https:\/\/martinluther.ca\/wp-content\/uploads\/2022\/07\/Vicar-Adam-McComb-1.jpeg","type":"image\/jpeg"}],"author":"Marlena Muller","twitter_card":"summary_large_image","twitter_misc":{"Verfasst von":"Marlena Muller","Gesch\u00e4tzte Lesezeit":"2\u00a0Minuten"},"schema":{"@context":"https:\/\/schema.org","@graph":[{"@type":"Article","@id":"https:\/\/martinluther.ca\/de\/2022\/07\/vikar-adams-geschichten-das-mlk-kapitel\/#article","isPartOf":{"@id":"https:\/\/martinluther.ca\/de\/2022\/07\/vikar-adams-geschichten-das-mlk-kapitel\/"},"author":{"name":"Marlena Muller","@id":"https:\/\/martinluther.ca\/de\/#\/schema\/person\/ef4e825f5d9d6fd740bbd7813710e15d"},"headline":"Vikar Adam\u2019s Geschichten: Das MLK Kapitel","datePublished":"2022-07-29T19:13:34+00:00","dateModified":"2022-08-19T15:44:37+00:00","mainEntityOfPage":{"@id":"https:\/\/martinluther.ca\/de\/2022\/07\/vikar-adams-geschichten-das-mlk-kapitel\/"},"wordCount":292,"publisher":{"@id":"https:\/\/martinluther.ca\/de\/#organization"},"image":{"@id":"https:\/\/martinluther.ca\/de\/2022\/07\/vikar-adams-geschichten-das-mlk-kapitel\/#primaryimage"},"thumbnailUrl":"https:\/\/martinluther.ca\/wp-content\/uploads\/2022\/07\/Vicar-Adam-McComb-1.jpeg","articleSection":["News Blog - German"],"inLanguage":"de"},{"@type":"WebPage","@id":"https:\/\/martinluther.ca\/de\/2022\/07\/vikar-adams-geschichten-das-mlk-kapitel\/","url":"https:\/\/martinluther.ca\/de\/2022\/07\/vikar-adams-geschichten-das-mlk-kapitel\/","name":"Vikar Adam\u2019s Geschichten: Das MLK Kapitel - Martin Luther Evangelische Kirche Toronto","isPartOf":{"@id":"https:\/\/martinluther.ca\/de\/#website"},"primaryImageOfPage":{"@id":"https:\/\/martinluther.ca\/de\/2022\/07\/vikar-adams-geschichten-das-mlk-kapitel\/#primaryimage"},"image":{"@id":"https:\/\/martinluther.ca\/de\/2022\/07\/vikar-adams-geschichten-das-mlk-kapitel\/#primaryimage"},"thumbnailUrl":"https:\/\/martinluther.ca\/wp-content\/uploads\/2022\/07\/Vicar-Adam-McComb-1.jpeg","datePublished":"2022-07-29T19:13:34+00:00","dateModified":"2022-08-19T15:44:37+00:00","breadcrumb":{"@id":"https:\/\/martinluther.ca\/de\/2022\/07\/vikar-adams-geschichten-das-mlk-kapitel\/#breadcrumb"},"inLanguage":"de","potentialAction":[{"@type":"ReadAction","target":["https:\/\/martinluther.ca\/de\/2022\/07\/vikar-adams-geschichten-das-mlk-kapitel\/"]}]},{"@type":"ImageObject","inLanguage":"de","@id":"https:\/\/martinluther.ca\/de\/2022\/07\/vikar-adams-geschichten-das-mlk-kapitel\/#primaryimage","url":"https:\/\/martinluther.ca\/wp-content\/uploads\/2022\/07\/Vicar-Adam-McComb-1.jpeg","contentUrl":"https:\/\/martinluther.ca\/wp-content\/uploads\/2022\/07\/Vicar-Adam-McComb-1.jpeg","width":659,"height":495},{"@type":"BreadcrumbList","@id":"https:\/\/martinluther.ca\/de\/2022\/07\/vikar-adams-geschichten-das-mlk-kapitel\/#breadcrumb","itemListElement":[{"@type":"ListItem","position":1,"name":"Home","item":"https:\/\/martinluther.ca\/de\/"},{"@type":"ListItem","position":2,"name":"Vikar Adam\u2019s Geschichten: Das MLK Kapitel"}]},{"@type":"WebSite","@id":"https:\/\/martinluther.ca\/de\/#website","url":"https:\/\/martinluther.ca\/de\/","name":"Martin Luther Evangelical Church Toronto","description":"Deutsch &amp; Englisch","publisher":{"@id":"https:\/\/martinluther.ca\/de\/#organization"},"potentialAction":[{"@type":"SearchAction","target":{"@type":"EntryPoint","urlTemplate":"https:\/\/martinluther.ca\/de\/?s={search_term_string}"},"query-input":{"@type":"PropertyValueSpecification","valueRequired":true,"valueName":"search_term_string"}}],"inLanguage":"de"},{"@type":"Organization","@id":"https:\/\/martinluther.ca\/de\/#organization","name":"Martin Luther Evangelical Church Toronto","url":"https:\/\/martinluther.ca\/de\/","logo":{"@type":"ImageObject","inLanguage":"de","@id":"https:\/\/martinluther.ca\/de\/#\/schema\/logo\/image\/","url":"https:\/\/martinluther.ca\/wp-content\/uploads\/2016\/12\/ml-logo-300.png","contentUrl":"https:\/\/martinluther.ca\/wp-content\/uploads\/2016\/12\/ml-logo-300.png","width":300,"height":150,"caption":"Martin Luther Evangelical Church Toronto"},"image":{"@id":"https:\/\/martinluther.ca\/de\/#\/schema\/logo\/image\/"},"sameAs":["https:\/\/www.facebook.com\/martinlutherchurchtoronto","https:\/\/www.instagram.com\/lutheransbythelake\/","https:\/\/www.youtube.com\/MartinLutherChurchToronto"]},{"@type":"Person","@id":"https:\/\/martinluther.ca\/de\/#\/schema\/person\/ef4e825f5d9d6fd740bbd7813710e15d","name":"Marlena Muller","image":{"@type":"ImageObject","inLanguage":"de","@id":"https:\/\/secure.gravatar.com\/avatar\/fe840ff753768b839caa2dd522d4797f19f7e22fa2da83388e0fbfc570b65a37?s=96&d=mm&r=g","url":"https:\/\/secure.gravatar.com\/avatar\/fe840ff753768b839caa2dd522d4797f19f7e22fa2da83388e0fbfc570b65a37?s=96&d=mm&r=g","contentUrl":"https:\/\/secure.gravatar.com\/avatar\/fe840ff753768b839caa2dd522d4797f19f7e22fa2da83388e0fbfc570b65a37?s=96&d=mm&r=g","caption":"Marlena Muller"},"url":false}]}},"_links":{"self":[{"href":"https:\/\/martinluther.ca\/de\/wp-json\/wp\/v2\/posts\/42423","targetHints":{"allow":["GET"]}}],"collection":[{"href":"https:\/\/martinluther.ca\/de\/wp-json\/wp\/v2\/posts"}],"about":[{"href":"https:\/\/martinluther.ca\/de\/wp-json\/wp\/v2\/types\/post"}],"author":[{"embeddable":true,"href":"https:\/\/martinluther.ca\/de\/wp-json\/wp\/v2\/users\/8"}],"replies":[{"embeddable":true,"href":"https:\/\/martinluther.ca\/de\/wp-json\/wp\/v2\/comments?post=42423"}],"version-history":[{"count":6,"href":"https:\/\/martinluther.ca\/de\/wp-json\/wp\/v2\/posts\/42423\/revisions"}],"predecessor-version":[{"id":42625,"href":"https:\/\/martinluther.ca\/de\/wp-json\/wp\/v2\/posts\/42423\/revisions\/42625"}],"wp:featuredmedia":[{"embeddable":true,"href":"https:\/\/martinluther.ca\/de\/wp-json\/wp\/v2\/media\/42421"}],"wp:attachment":[{"href":"https:\/\/martinluther.ca\/de\/wp-json\/wp\/v2\/media?parent=42423"}],"wp:term":[{"taxonomy":"category","embeddable":true,"href":"https:\/\/martinluther.ca\/de\/wp-json\/wp\/v2\/categories?post=42423"},{"taxonomy":"post_tag","embeddable":true,"href":"https:\/\/martinluther.ca\/de\/wp-json\/wp\/v2\/tags?post=42423"},{"taxonomy":"post_series","embeddable":true,"href":"https:\/\/martinluther.ca\/de\/wp-json\/wp\/v2\/post_series?post=42423"}],"curies":[{"name":"wp","href":"https:\/\/api.w.org\/{rel}","templated":true}]}}