{"id":42498,"date":"2022-08-04T14:23:12","date_gmt":"2022-08-04T18:23:12","guid":{"rendered":"https:\/\/martinluther.ca\/?p=42498"},"modified":"2022-08-04T14:24:01","modified_gmt":"2022-08-04T18:24:01","slug":"lernen-sie-gastpastorin-iris-junge-kennen","status":"publish","type":"post","link":"https:\/\/martinluther.ca\/de\/2022\/08\/lernen-sie-gastpastorin-iris-junge-kennen\/","title":{"rendered":"Lernen Sie Gastpastorin Iris Junge kennen"},"content":{"rendered":"<figure id=\"attachment_42500\" aria-describedby=\"caption-attachment-42500\" style=\"width: 261px\" class=\"wp-caption alignright\"><a href=\"https:\/\/martinluther.ca\/wp-content\/uploads\/2022\/08\/Iris-Junge-scaled.jpg\"><img loading=\"lazy\" decoding=\"async\" class=\"size-medium wp-image-42500\" src=\"https:\/\/martinluther.ca\/wp-content\/uploads\/2022\/08\/Iris-Junge-261x300.jpg\" alt=\"\" width=\"261\" height=\"300\" srcset=\"https:\/\/martinluther.ca\/wp-content\/uploads\/2022\/08\/Iris-Junge-261x300.jpg 261w, https:\/\/martinluther.ca\/wp-content\/uploads\/2022\/08\/Iris-Junge-891x1024.jpg 891w, https:\/\/martinluther.ca\/wp-content\/uploads\/2022\/08\/Iris-Junge-768x882.jpg 768w, https:\/\/martinluther.ca\/wp-content\/uploads\/2022\/08\/Iris-Junge-1337x1536.jpg 1337w, https:\/\/martinluther.ca\/wp-content\/uploads\/2022\/08\/Iris-Junge-1783x2048.jpg 1783w\" sizes=\"auto, (max-width: 261px) 100vw, 261px\" \/><\/a><figcaption id=\"caption-attachment-42500\" class=\"wp-caption-text\">Pastorin Iris Junge<\/figcaption><\/figure>\n<p>Pastorin Iris Junge wird am 7. August 2022 mit Pastorin Annika Klappert im Deutsch-Englischen Gottesdienst predigen. Die deutsche Gottesdienste am 14. August und 4. September werden auch von Pastorin Iris geleitet. Sie stellt sich vor:<\/p>\n<p><em><strong>\u201eWem Gott will rechte Gunst erweisen, den schickt er in die weite Welt\u201c<\/strong><\/em><\/p>\n<p>Diese Zeile aus dem gleichnamigen, deutschen Volkslied passt. Denn mit gro\u00dfer Aufregung, Freude und Dankbarkeit sehe ich meiner Reise <em>\u201ein die weite Welt\u201c<\/em> entgegen. Ende Juli ist es so weit. Dann werde ich drei Monate in Ost- und West-Kanada verbringen, um deutsche und kanadische Kirchengemeinden kennenzulernen. Und mein erster Weg f\u00fchrt mich direkt zu Ihnen in Ihre Martin Luther Gemeinde. Doch bevor es so weit ist und wir uns kennenlernen, hier schon mal ein kleiner Vorgeschmack.<\/p>\n<p>Ich hei\u00dfe Iris Junge und bin Pastorin in der Evangelisch-lutherischen Kirchengemeinde St. Marien Uelzen, einer Kleinstadt zwischen Hamburg und Hannover. Zur Kirchengemeinde geh\u00f6ren ungef\u00e4hr 3800 Gemeindeglieder, die in der Stadt als auch in den umliegenden D\u00f6rfern wohnen. Mittlerweile bin ich \u00fcber 22 Jahre Pastorin und ich bin es immer noch gern! Die vielf\u00e4ltigen Aufgaben, die abwechslungsreichen Kontakte und vertrauensvollen Begegnungen in Freud und Leid wei\u00df ich nach wie vor sehr zu sch\u00e4tzen.<\/p>\n<p>Aufgewachsen bin ich auf einem Bauernhof an der Nordseek\u00fcste in einer kleinen Dorfgemeinde. Nach der Schulzeit und einem Auslandsjahr in der deutschen Gemeinde in Oslo (Norwegen) habe ich in Berlin und Heidelberg studiert. Im Anschluss an mein Vikariat habe ich eine Ausbildung als Rundfunkredakteurin gemacht. Vier Jahre lang moderierte ich kirchliche Radiosendungen und erstellte Rundfunkbeitr\u00e4ge und -interviews. Es war eine sehr lehrreiche Zeit, insbesondere f\u00fcr meine anschlie\u00dfende T\u00e4tigkeit als Pastorin.<\/p>\n<p>Ich selbst habe vier erwachsene Kinder und Stiefkinder, bin schon zweimal Oma \u2013 mit jungen 56 Jahren &#8211; und bin seit einiger Zeit geschieden. Die Kinder sind aus dem Haus, so dass ich wieder Zeit f\u00fcr meine Hobbies habe. Ich singe im Chor, fahre gerne Fahrrad, habe einen gro\u00dfen Garten mit Arbeit und Freude, bin gerne Gastgeberin f\u00fcr Freunde und Familie und vor allem verreise ich gerne.<\/p>\n<p>Umso mehr freue ich mich, wenn ich nun zu Ihnen reise und Gott mir die Gunst erweist, mich \u201ein die weite Welt\u201c zu schicken.<br \/>\nIch freue mich, Sie bald kennenzulernen.<\/p>\n<p>Gott segne Sie! Ihre Pastorin Iris Junge<\/p>\n","protected":false},"excerpt":{"rendered":"<p>Pastorin Iris Junge wird am 7. August 2022 mit Pastorin Annika Klappert im Deutsch-Englischen Gottesdienst predigen. Die deutsche Gottesdienste am 14. August und 4. September werden auch von Pastorin Iris geleitet. Sie stellt sich vor: \u201eWem Gott will rechte Gunst erweisen, den schickt er in die weite Welt\u201c Diese Zeile aus dem gleichnamigen, deutschen Volkslied&hellip;<\/p>\n","protected":false},"author":8,"featured_media":42500,"comment_status":"closed","ping_status":"closed","sticky":false,"template":"","format":"standard","meta":{"footnotes":""},"categories":[69],"tags":[],"post_series":[],"class_list":["post-42498","post","type-post","status-publish","format-standard","has-post-thumbnail","hentry","category-news-blog-german","entry","has-media"],"yoast_head":"<!-- This site is optimized with the Yoast SEO plugin v27.5 - https:\/\/yoast.com\/product\/yoast-seo-wordpress\/ -->\n<title>Lernen Sie Gastpastorin Iris Junge kennen - Martin Luther Evangelische Kirche Toronto<\/title>\n<meta name=\"robots\" content=\"index, follow, max-snippet:-1, max-image-preview:large, max-video-preview:-1\" \/>\n<link rel=\"canonical\" href=\"https:\/\/martinluther.ca\/de\/2022\/08\/lernen-sie-gastpastorin-iris-junge-kennen\/\" \/>\n<meta property=\"og:locale\" content=\"de_DE\" \/>\n<meta property=\"og:type\" content=\"article\" \/>\n<meta property=\"og:title\" content=\"Lernen Sie Gastpastorin Iris Junge kennen - Martin Luther Evangelische Kirche Toronto\" \/>\n<meta property=\"og:description\" content=\"Pastorin Iris Junge wird am 7. August 2022 mit Pastorin Annika Klappert im Deutsch-Englischen Gottesdienst predigen. Die deutsche Gottesdienste am 14. August und 4. September werden auch von Pastorin Iris geleitet. Sie stellt sich vor: \u201eWem Gott will rechte Gunst erweisen, den schickt er in die weite Welt\u201c Diese Zeile aus dem gleichnamigen, deutschen Volkslied&hellip;\" \/>\n<meta property=\"og:url\" content=\"https:\/\/martinluther.ca\/de\/2022\/08\/lernen-sie-gastpastorin-iris-junge-kennen\/\" \/>\n<meta property=\"og:site_name\" content=\"Martin Luther Evangelische Kirche Toronto\" \/>\n<meta property=\"article:publisher\" content=\"https:\/\/www.facebook.com\/martinlutherchurchtoronto\" \/>\n<meta property=\"article:published_time\" content=\"2022-08-04T18:23:12+00:00\" \/>\n<meta property=\"article:modified_time\" content=\"2022-08-04T18:24:01+00:00\" \/>\n<meta property=\"og:image\" content=\"https:\/\/martinluther.ca\/wp-content\/uploads\/2022\/08\/Iris-Junge-scaled.jpg\" \/>\n\t<meta property=\"og:image:width\" content=\"2228\" \/>\n\t<meta property=\"og:image:height\" content=\"2560\" \/>\n\t<meta property=\"og:image:type\" content=\"image\/jpeg\" \/>\n<meta name=\"author\" content=\"Marlena Muller\" \/>\n<meta name=\"twitter:card\" content=\"summary_large_image\" \/>\n<meta name=\"twitter:label1\" content=\"Verfasst von\" \/>\n\t<meta name=\"twitter:data1\" content=\"Marlena Muller\" \/>\n\t<meta name=\"twitter:label2\" content=\"Gesch\u00e4tzte Lesezeit\" \/>\n\t<meta name=\"twitter:data2\" content=\"2\u00a0Minuten\" \/>\n<script type=\"application\/ld+json\" class=\"yoast-schema-graph\">{\"@context\":\"https:\\\/\\\/schema.org\",\"@graph\":[{\"@type\":\"Article\",\"@id\":\"https:\\\/\\\/martinluther.ca\\\/de\\\/2022\\\/08\\\/lernen-sie-gastpastorin-iris-junge-kennen\\\/#article\",\"isPartOf\":{\"@id\":\"https:\\\/\\\/martinluther.ca\\\/de\\\/2022\\\/08\\\/lernen-sie-gastpastorin-iris-junge-kennen\\\/\"},\"author\":{\"name\":\"Marlena Muller\",\"@id\":\"https:\\\/\\\/martinluther.ca\\\/de\\\/#\\\/schema\\\/person\\\/ef4e825f5d9d6fd740bbd7813710e15d\"},\"headline\":\"Lernen Sie Gastpastorin Iris Junge kennen\",\"datePublished\":\"2022-08-04T18:23:12+00:00\",\"dateModified\":\"2022-08-04T18:24:01+00:00\",\"mainEntityOfPage\":{\"@id\":\"https:\\\/\\\/martinluther.ca\\\/de\\\/2022\\\/08\\\/lernen-sie-gastpastorin-iris-junge-kennen\\\/\"},\"wordCount\":394,\"publisher\":{\"@id\":\"https:\\\/\\\/martinluther.ca\\\/de\\\/#organization\"},\"image\":{\"@id\":\"https:\\\/\\\/martinluther.ca\\\/de\\\/2022\\\/08\\\/lernen-sie-gastpastorin-iris-junge-kennen\\\/#primaryimage\"},\"thumbnailUrl\":\"https:\\\/\\\/martinluther.ca\\\/wp-content\\\/uploads\\\/2022\\\/08\\\/Iris-Junge-scaled.jpg\",\"articleSection\":[\"News Blog - German\"],\"inLanguage\":\"de\"},{\"@type\":\"WebPage\",\"@id\":\"https:\\\/\\\/martinluther.ca\\\/de\\\/2022\\\/08\\\/lernen-sie-gastpastorin-iris-junge-kennen\\\/\",\"url\":\"https:\\\/\\\/martinluther.ca\\\/de\\\/2022\\\/08\\\/lernen-sie-gastpastorin-iris-junge-kennen\\\/\",\"name\":\"Lernen Sie Gastpastorin Iris Junge kennen - Martin Luther Evangelische Kirche Toronto\",\"isPartOf\":{\"@id\":\"https:\\\/\\\/martinluther.ca\\\/de\\\/#website\"},\"primaryImageOfPage\":{\"@id\":\"https:\\\/\\\/martinluther.ca\\\/de\\\/2022\\\/08\\\/lernen-sie-gastpastorin-iris-junge-kennen\\\/#primaryimage\"},\"image\":{\"@id\":\"https:\\\/\\\/martinluther.ca\\\/de\\\/2022\\\/08\\\/lernen-sie-gastpastorin-iris-junge-kennen\\\/#primaryimage\"},\"thumbnailUrl\":\"https:\\\/\\\/martinluther.ca\\\/wp-content\\\/uploads\\\/2022\\\/08\\\/Iris-Junge-scaled.jpg\",\"datePublished\":\"2022-08-04T18:23:12+00:00\",\"dateModified\":\"2022-08-04T18:24:01+00:00\",\"breadcrumb\":{\"@id\":\"https:\\\/\\\/martinluther.ca\\\/de\\\/2022\\\/08\\\/lernen-sie-gastpastorin-iris-junge-kennen\\\/#breadcrumb\"},\"inLanguage\":\"de\",\"potentialAction\":[{\"@type\":\"ReadAction\",\"target\":[\"https:\\\/\\\/martinluther.ca\\\/de\\\/2022\\\/08\\\/lernen-sie-gastpastorin-iris-junge-kennen\\\/\"]}]},{\"@type\":\"ImageObject\",\"inLanguage\":\"de\",\"@id\":\"https:\\\/\\\/martinluther.ca\\\/de\\\/2022\\\/08\\\/lernen-sie-gastpastorin-iris-junge-kennen\\\/#primaryimage\",\"url\":\"https:\\\/\\\/martinluther.ca\\\/wp-content\\\/uploads\\\/2022\\\/08\\\/Iris-Junge-scaled.jpg\",\"contentUrl\":\"https:\\\/\\\/martinluther.ca\\\/wp-content\\\/uploads\\\/2022\\\/08\\\/Iris-Junge-scaled.jpg\",\"width\":2228,\"height\":2560,\"caption\":\"Pastorin Iris Junge\"},{\"@type\":\"BreadcrumbList\",\"@id\":\"https:\\\/\\\/martinluther.ca\\\/de\\\/2022\\\/08\\\/lernen-sie-gastpastorin-iris-junge-kennen\\\/#breadcrumb\",\"itemListElement\":[{\"@type\":\"ListItem\",\"position\":1,\"name\":\"Home\",\"item\":\"https:\\\/\\\/martinluther.ca\\\/de\\\/\"},{\"@type\":\"ListItem\",\"position\":2,\"name\":\"Lernen Sie Gastpastorin Iris Junge kennen\"}]},{\"@type\":\"WebSite\",\"@id\":\"https:\\\/\\\/martinluther.ca\\\/de\\\/#website\",\"url\":\"https:\\\/\\\/martinluther.ca\\\/de\\\/\",\"name\":\"Martin Luther Evangelical Church Toronto\",\"description\":\"Deutsch &amp; Englisch\",\"publisher\":{\"@id\":\"https:\\\/\\\/martinluther.ca\\\/de\\\/#organization\"},\"potentialAction\":[{\"@type\":\"SearchAction\",\"target\":{\"@type\":\"EntryPoint\",\"urlTemplate\":\"https:\\\/\\\/martinluther.ca\\\/de\\\/?s={search_term_string}\"},\"query-input\":{\"@type\":\"PropertyValueSpecification\",\"valueRequired\":true,\"valueName\":\"search_term_string\"}}],\"inLanguage\":\"de\"},{\"@type\":\"Organization\",\"@id\":\"https:\\\/\\\/martinluther.ca\\\/de\\\/#organization\",\"name\":\"Martin Luther Evangelical Church Toronto\",\"url\":\"https:\\\/\\\/martinluther.ca\\\/de\\\/\",\"logo\":{\"@type\":\"ImageObject\",\"inLanguage\":\"de\",\"@id\":\"https:\\\/\\\/martinluther.ca\\\/de\\\/#\\\/schema\\\/logo\\\/image\\\/\",\"url\":\"https:\\\/\\\/martinluther.ca\\\/wp-content\\\/uploads\\\/2016\\\/12\\\/ml-logo-300.png\",\"contentUrl\":\"https:\\\/\\\/martinluther.ca\\\/wp-content\\\/uploads\\\/2016\\\/12\\\/ml-logo-300.png\",\"width\":300,\"height\":150,\"caption\":\"Martin Luther Evangelical Church Toronto\"},\"image\":{\"@id\":\"https:\\\/\\\/martinluther.ca\\\/de\\\/#\\\/schema\\\/logo\\\/image\\\/\"},\"sameAs\":[\"https:\\\/\\\/www.facebook.com\\\/martinlutherchurchtoronto\",\"https:\\\/\\\/www.instagram.com\\\/lutheransbythelake\\\/\",\"https:\\\/\\\/www.youtube.com\\\/MartinLutherChurchToronto\"]},{\"@type\":\"Person\",\"@id\":\"https:\\\/\\\/martinluther.ca\\\/de\\\/#\\\/schema\\\/person\\\/ef4e825f5d9d6fd740bbd7813710e15d\",\"name\":\"Marlena Muller\",\"image\":{\"@type\":\"ImageObject\",\"inLanguage\":\"de\",\"@id\":\"https:\\\/\\\/secure.gravatar.com\\\/avatar\\\/fe840ff753768b839caa2dd522d4797f19f7e22fa2da83388e0fbfc570b65a37?s=96&d=mm&r=g\",\"url\":\"https:\\\/\\\/secure.gravatar.com\\\/avatar\\\/fe840ff753768b839caa2dd522d4797f19f7e22fa2da83388e0fbfc570b65a37?s=96&d=mm&r=g\",\"contentUrl\":\"https:\\\/\\\/secure.gravatar.com\\\/avatar\\\/fe840ff753768b839caa2dd522d4797f19f7e22fa2da83388e0fbfc570b65a37?s=96&d=mm&r=g\",\"caption\":\"Marlena Muller\"},\"url\":false}]}<\/script>\n<!-- \/ Yoast SEO plugin. -->","yoast_head_json":{"title":"Lernen Sie Gastpastorin Iris Junge kennen - Martin Luther Evangelische Kirche Toronto","robots":{"index":"index","follow":"follow","max-snippet":"max-snippet:-1","max-image-preview":"max-image-preview:large","max-video-preview":"max-video-preview:-1"},"canonical":"https:\/\/martinluther.ca\/de\/2022\/08\/lernen-sie-gastpastorin-iris-junge-kennen\/","og_locale":"de_DE","og_type":"article","og_title":"Lernen Sie Gastpastorin Iris Junge kennen - Martin Luther Evangelische Kirche Toronto","og_description":"Pastorin Iris Junge wird am 7. August 2022 mit Pastorin Annika Klappert im Deutsch-Englischen Gottesdienst predigen. Die deutsche Gottesdienste am 14. August und 4. September werden auch von Pastorin Iris geleitet. Sie stellt sich vor: \u201eWem Gott will rechte Gunst erweisen, den schickt er in die weite Welt\u201c Diese Zeile aus dem gleichnamigen, deutschen Volkslied&hellip;","og_url":"https:\/\/martinluther.ca\/de\/2022\/08\/lernen-sie-gastpastorin-iris-junge-kennen\/","og_site_name":"Martin Luther Evangelische Kirche Toronto","article_publisher":"https:\/\/www.facebook.com\/martinlutherchurchtoronto","article_published_time":"2022-08-04T18:23:12+00:00","article_modified_time":"2022-08-04T18:24:01+00:00","og_image":[{"width":2228,"height":2560,"url":"https:\/\/martinluther.ca\/wp-content\/uploads\/2022\/08\/Iris-Junge-scaled.jpg","type":"image\/jpeg"}],"author":"Marlena Muller","twitter_card":"summary_large_image","twitter_misc":{"Verfasst von":"Marlena Muller","Gesch\u00e4tzte Lesezeit":"2\u00a0Minuten"},"schema":{"@context":"https:\/\/schema.org","@graph":[{"@type":"Article","@id":"https:\/\/martinluther.ca\/de\/2022\/08\/lernen-sie-gastpastorin-iris-junge-kennen\/#article","isPartOf":{"@id":"https:\/\/martinluther.ca\/de\/2022\/08\/lernen-sie-gastpastorin-iris-junge-kennen\/"},"author":{"name":"Marlena Muller","@id":"https:\/\/martinluther.ca\/de\/#\/schema\/person\/ef4e825f5d9d6fd740bbd7813710e15d"},"headline":"Lernen Sie Gastpastorin Iris Junge kennen","datePublished":"2022-08-04T18:23:12+00:00","dateModified":"2022-08-04T18:24:01+00:00","mainEntityOfPage":{"@id":"https:\/\/martinluther.ca\/de\/2022\/08\/lernen-sie-gastpastorin-iris-junge-kennen\/"},"wordCount":394,"publisher":{"@id":"https:\/\/martinluther.ca\/de\/#organization"},"image":{"@id":"https:\/\/martinluther.ca\/de\/2022\/08\/lernen-sie-gastpastorin-iris-junge-kennen\/#primaryimage"},"thumbnailUrl":"https:\/\/martinluther.ca\/wp-content\/uploads\/2022\/08\/Iris-Junge-scaled.jpg","articleSection":["News Blog - German"],"inLanguage":"de"},{"@type":"WebPage","@id":"https:\/\/martinluther.ca\/de\/2022\/08\/lernen-sie-gastpastorin-iris-junge-kennen\/","url":"https:\/\/martinluther.ca\/de\/2022\/08\/lernen-sie-gastpastorin-iris-junge-kennen\/","name":"Lernen Sie Gastpastorin Iris Junge kennen - Martin Luther Evangelische Kirche Toronto","isPartOf":{"@id":"https:\/\/martinluther.ca\/de\/#website"},"primaryImageOfPage":{"@id":"https:\/\/martinluther.ca\/de\/2022\/08\/lernen-sie-gastpastorin-iris-junge-kennen\/#primaryimage"},"image":{"@id":"https:\/\/martinluther.ca\/de\/2022\/08\/lernen-sie-gastpastorin-iris-junge-kennen\/#primaryimage"},"thumbnailUrl":"https:\/\/martinluther.ca\/wp-content\/uploads\/2022\/08\/Iris-Junge-scaled.jpg","datePublished":"2022-08-04T18:23:12+00:00","dateModified":"2022-08-04T18:24:01+00:00","breadcrumb":{"@id":"https:\/\/martinluther.ca\/de\/2022\/08\/lernen-sie-gastpastorin-iris-junge-kennen\/#breadcrumb"},"inLanguage":"de","potentialAction":[{"@type":"ReadAction","target":["https:\/\/martinluther.ca\/de\/2022\/08\/lernen-sie-gastpastorin-iris-junge-kennen\/"]}]},{"@type":"ImageObject","inLanguage":"de","@id":"https:\/\/martinluther.ca\/de\/2022\/08\/lernen-sie-gastpastorin-iris-junge-kennen\/#primaryimage","url":"https:\/\/martinluther.ca\/wp-content\/uploads\/2022\/08\/Iris-Junge-scaled.jpg","contentUrl":"https:\/\/martinluther.ca\/wp-content\/uploads\/2022\/08\/Iris-Junge-scaled.jpg","width":2228,"height":2560,"caption":"Pastorin Iris Junge"},{"@type":"BreadcrumbList","@id":"https:\/\/martinluther.ca\/de\/2022\/08\/lernen-sie-gastpastorin-iris-junge-kennen\/#breadcrumb","itemListElement":[{"@type":"ListItem","position":1,"name":"Home","item":"https:\/\/martinluther.ca\/de\/"},{"@type":"ListItem","position":2,"name":"Lernen Sie Gastpastorin Iris Junge kennen"}]},{"@type":"WebSite","@id":"https:\/\/martinluther.ca\/de\/#website","url":"https:\/\/martinluther.ca\/de\/","name":"Martin Luther Evangelical Church Toronto","description":"Deutsch &amp; Englisch","publisher":{"@id":"https:\/\/martinluther.ca\/de\/#organization"},"potentialAction":[{"@type":"SearchAction","target":{"@type":"EntryPoint","urlTemplate":"https:\/\/martinluther.ca\/de\/?s={search_term_string}"},"query-input":{"@type":"PropertyValueSpecification","valueRequired":true,"valueName":"search_term_string"}}],"inLanguage":"de"},{"@type":"Organization","@id":"https:\/\/martinluther.ca\/de\/#organization","name":"Martin Luther Evangelical Church Toronto","url":"https:\/\/martinluther.ca\/de\/","logo":{"@type":"ImageObject","inLanguage":"de","@id":"https:\/\/martinluther.ca\/de\/#\/schema\/logo\/image\/","url":"https:\/\/martinluther.ca\/wp-content\/uploads\/2016\/12\/ml-logo-300.png","contentUrl":"https:\/\/martinluther.ca\/wp-content\/uploads\/2016\/12\/ml-logo-300.png","width":300,"height":150,"caption":"Martin Luther Evangelical Church Toronto"},"image":{"@id":"https:\/\/martinluther.ca\/de\/#\/schema\/logo\/image\/"},"sameAs":["https:\/\/www.facebook.com\/martinlutherchurchtoronto","https:\/\/www.instagram.com\/lutheransbythelake\/","https:\/\/www.youtube.com\/MartinLutherChurchToronto"]},{"@type":"Person","@id":"https:\/\/martinluther.ca\/de\/#\/schema\/person\/ef4e825f5d9d6fd740bbd7813710e15d","name":"Marlena Muller","image":{"@type":"ImageObject","inLanguage":"de","@id":"https:\/\/secure.gravatar.com\/avatar\/fe840ff753768b839caa2dd522d4797f19f7e22fa2da83388e0fbfc570b65a37?s=96&d=mm&r=g","url":"https:\/\/secure.gravatar.com\/avatar\/fe840ff753768b839caa2dd522d4797f19f7e22fa2da83388e0fbfc570b65a37?s=96&d=mm&r=g","contentUrl":"https:\/\/secure.gravatar.com\/avatar\/fe840ff753768b839caa2dd522d4797f19f7e22fa2da83388e0fbfc570b65a37?s=96&d=mm&r=g","caption":"Marlena Muller"},"url":false}]}},"_links":{"self":[{"href":"https:\/\/martinluther.ca\/de\/wp-json\/wp\/v2\/posts\/42498","targetHints":{"allow":["GET"]}}],"collection":[{"href":"https:\/\/martinluther.ca\/de\/wp-json\/wp\/v2\/posts"}],"about":[{"href":"https:\/\/martinluther.ca\/de\/wp-json\/wp\/v2\/types\/post"}],"author":[{"embeddable":true,"href":"https:\/\/martinluther.ca\/de\/wp-json\/wp\/v2\/users\/8"}],"replies":[{"embeddable":true,"href":"https:\/\/martinluther.ca\/de\/wp-json\/wp\/v2\/comments?post=42498"}],"version-history":[{"count":2,"href":"https:\/\/martinluther.ca\/de\/wp-json\/wp\/v2\/posts\/42498\/revisions"}],"predecessor-version":[{"id":42505,"href":"https:\/\/martinluther.ca\/de\/wp-json\/wp\/v2\/posts\/42498\/revisions\/42505"}],"wp:featuredmedia":[{"embeddable":true,"href":"https:\/\/martinluther.ca\/de\/wp-json\/wp\/v2\/media\/42500"}],"wp:attachment":[{"href":"https:\/\/martinluther.ca\/de\/wp-json\/wp\/v2\/media?parent=42498"}],"wp:term":[{"taxonomy":"category","embeddable":true,"href":"https:\/\/martinluther.ca\/de\/wp-json\/wp\/v2\/categories?post=42498"},{"taxonomy":"post_tag","embeddable":true,"href":"https:\/\/martinluther.ca\/de\/wp-json\/wp\/v2\/tags?post=42498"},{"taxonomy":"post_series","embeddable":true,"href":"https:\/\/martinluther.ca\/de\/wp-json\/wp\/v2\/post_series?post=42498"}],"curies":[{"name":"wp","href":"https:\/\/api.w.org\/{rel}","templated":true}]}}